{"id":35703,"date":"2017-04-27T01:53:45","date_gmt":"2017-04-27T04:53:45","guid":{"rendered":"http:\/\/blogdoprosperi.com\/?p=35703"},"modified":"2017-04-27T03:04:22","modified_gmt":"2017-04-27T06:04:22","slug":"quem-tem-felipe-melo-corre-risco-de-colher-tempestades","status":"publish","type":"post","link":"https:\/\/blogdoprosperi.com\/?p=35703","title":{"rendered":"Quem tem Felipe Melo corre risco de colher tempestades"},"content":{"rendered":"<p>Quem tem um jogador da estirpe de Felipe Melo sabe que n\u00e3o vai navegar a vida inteira em \u00e1guas calmas. \u00c9 preciso acompanhar seus movimentos com o cuidado que se anda em uma loja de cristais. Um leve esbarr\u00e3o pode provocar um enorme preju\u00edzo. Depois, nem tem como recolher os cacos. Desde sempre ele tem sido assim.<!--more--><\/p>\n<p>N\u00e3o poderia ser diferente ao vestir camisa do Palmeiras e assumir de vez que \u00e9 um dos condutores dessa nau. Na noite fria da quarta-feira (26\/4) em Montevid\u00e9u, Felipe Melo sabia que ao final do jogo contra o Pe\u00f1arol sofreria uma persegui\u00e7\u00e3o como um pre\u00e1 pelos falc\u00f5es. Ou virava um le\u00e3o e encarava os predadores ou sua fama de destemido se espatifaria.<\/p>\n<div class=\"post-content\">\n<p style=\"text-align:justify;\">Por isso ele se matou em campo para o Palmeiras vencer duas batalhas em Montevid\u00e9u na Copa Libertadores. A primeira vit\u00f3ria, de virada, foi em cima do Pe\u00f1arol no seu novo est\u00e1dio Campeon del Siglo por 3 a 2. E a segunda, no confronto com jogadores e profissionais ligados ao clube uruguaio.<\/p>\n<p style=\"text-align:justify;\">A confus\u00e3o come\u00e7ou ao final da partida quando ele, Felipe Melo, aquele que falou que se preciso fosse daria tapa na cara de uruguaio, virou alvo de persegui\u00e7\u00e3o dos atletas advers\u00e1rios. Correria, brigas, cenas de pugilato e total falta de seguran\u00e7a por parte do policiamento e dos organizadores do jogo. Como se o Palmeiras estivesse metido numa emboscada. As coisas s\u00f3 voltaram ao lugar por a\u00e7\u00e3o efetiva de seguran\u00e7as do clube brasileiro, que conseguiram levar os atletas aos vesti\u00e1rios e dali sair quando a temperatura abaixou.<\/p>\n<p style=\"text-align:justify;\">As consequ\u00eancias da \u201cguerra\u201d s\u00f3 a Confedera\u00e7\u00e3o Sul-Americana de Futebol (Conmebol) pode esclarecer. Do lado do Palmeiras, Felipe Melo corre risco de ser punido com suspens\u00e3o de alguns jogos. Do lado do Pe\u00f1arol, j\u00e1 eliminado da Libertadores, seu est\u00e1dio deve ser interditado \u2013 port\u00f5es de acesso ao vesti\u00e1rio do time brasileiro foram fechados e os jogadores impedidos de entrar. Como a Conmebol n\u00e3o prima pela coer\u00eancia, as puni\u00e7\u00f5es s\u00e3o imprevis\u00edveis.<\/p>\n<p style=\"text-align:justify;\"><span class=\"alignnone\"><img data-recalc-dims=\"1\" loading=\"lazy\" decoding=\"async\" data-attachment-id=\"35715\" data-permalink=\"https:\/\/blogdoprosperi.com\/?attachment_id=35715\" data-orig-file=\"https:\/\/i0.wp.com\/blogdoprosperi.com\/wp-content\/uploads\/2017\/04\/felipe-melo-acerta-soco-em-jogador-do-penarol-apos-a-partida-1493262228237_615x300.jpg?fit=615%2C300&amp;ssl=1\" data-orig-size=\"615,300\" data-comments-opened=\"1\" data-image-meta=\"{&quot;aperture&quot;:&quot;0&quot;,&quot;credit&quot;:&quot;&quot;,&quot;camera&quot;:&quot;&quot;,&quot;caption&quot;:&quot;&quot;,&quot;created_timestamp&quot;:&quot;0&quot;,&quot;copyright&quot;:&quot;&quot;,&quot;focal_length&quot;:&quot;0&quot;,&quot;iso&quot;:&quot;0&quot;,&quot;shutter_speed&quot;:&quot;0&quot;,&quot;title&quot;:&quot;&quot;,&quot;orientation&quot;:&quot;0&quot;}\" data-image-title=\"felipe-melo-acerta-soco-em-jogador-do-penarol-apos-a-partida-1493262228237_615x300\" data-image-description=\"\" data-image-caption=\"\" data-large-file=\"https:\/\/i0.wp.com\/blogdoprosperi.com\/wp-content\/uploads\/2017\/04\/felipe-melo-acerta-soco-em-jogador-do-penarol-apos-a-partida-1493262228237_615x300.jpg?fit=615%2C300&amp;ssl=1\" class=\"alignnone size-full wp-image-35715\" src=\"https:\/\/i0.wp.com\/blogdoprosperi.com\/wp-content\/uploads\/2017\/04\/felipe-melo-acerta-soco-em-jogador-do-penarol-apos-a-partida-1493262228237_615x300.jpg?resize=615%2C300&#038;ssl=1\" alt=\"felipe-melo-acerta-soco-em-jogador-do-penarol-apos-a-partida-1493262228237_615x300\" width=\"615\" height=\"300\" \/><\/span><\/p>\n<p style=\"text-align:justify;\"><strong>Primeira batalha<\/strong><\/p>\n<p style=\"text-align:justify;\">No jogo, a op\u00e7\u00e3o de Eduardo Baptista por tr\u00eas zagueiros n\u00e3o funcionou no primeiro tempo. Palmeiras nem se defendeu pelo alto, como pretendia o treinador, nem no ch\u00e3o. Descoordenado, sem a menor sintonia, se amontoou entre as imedia\u00e7\u00f5es da grande \u00e1rea e n\u00e3o conseguiu trocar tr\u00eas passes em progress\u00e3o ao ataque.<\/p>\n<p style=\"text-align:justify;\">Borja, sozinho no deserto, n\u00e3o recebeu uma bola limpa. Todas que foram em sua dire\u00e7\u00e3o sa\u00edram de chut\u00f5es da zaga.<\/p>\n<p style=\"text-align:justify;\">Laterais Jean e Egidio, que poderiam desfrutar da zaga de tr\u00eas, nem foram ao ataque nem defenderam. Com a bola nos p\u00e9s, erraram um passe atr\u00e1s do outro. Guerra e Michel Bastos, encarregados de dar sa\u00edda ao jogo, jogaram com a d\u00favida entre marcar e articular. Foram presas f\u00e1ceis.<\/p>\n<p style=\"text-align:justify;\">Quando o Palmeiras sofreu o gol, como 15 minutos, j\u00e1 estava claro que o esquema idealizado por Baptista estava falido. De bra\u00e7os cruzados \u00e0 beira do campo, o treinador parecia t\u00e3o atordoado como seus jogadores. Pagou para ver e levou o segundo gol em outra boa trama dos uruguaios no setor esquerdo em cima de Egidio e Vitor Hugo \u2013 lado mais vulner\u00e1vel do time.<\/p>\n<p style=\"text-align:justify;\">Em 45 minutos, seu time n\u00e3o deu um m\u00edsero chute a gol. Conseguiu apenas um escanteio e fez dois cruzamentos, facilmente neutralizados pelos homens de defesa do Pe\u00f1arol.<\/p>\n<p style=\"text-align:justify;\">Apaga tudo isso no segundo tempo. Baptista voltou com William no lugar de Egidio e Tch\u00ea Tch\u00ea na vaga de Vitor Hugo. Recolocou a casa em ordem. Michel Bastos saiu do meio e virou lateral. Tch\u00ea Tch\u00ea deu vida ao meio-campo com suporte a Guerra na sa\u00edda e Felipe Melo na marca\u00e7\u00e3o. Agora era um time com come\u00e7o, meio e fim.<\/p>\n<p style=\"text-align:justify;\">Jean ganhou confian\u00e7a para atuar como um lateral de verdade. Percebeu que havia espa\u00e7o para mergulhar na ponta direita. William e Borja trocavam de fun\u00e7\u00e3o, um pelo outro no papel do camisa 9. Com 17 minutos, e o Palmeiras havia empatado. Dois cruzamentos de Jean e gols de William e Mina.<\/p>\n<p style=\"text-align:justify;\">Ao levar o empate, o Pe\u00f1arol perdeu o equil\u00edbrio mental e t\u00e9cnico. N\u00e3o conseguia marcar, muito menos atacar. Em p\u00e2nico, levou a virada. Mais uma vez Jean cruzou e William completou ao gol, antes dos 30 minutos.<\/p>\n<p style=\"text-align:justify;\">Seguro com a vit\u00f3ria, o time brasileiro continuou na sua toada, com troca de passes e senhor \u00a0absoluto da situa\u00e7\u00e3o. Os uruguaios ainda tentaram uma \u00faltima cartada em dois escanteios, em v\u00e3o. E ainda provocaram os brasileiros querendo confus\u00e3o. A busca era por Felipe Melo.<\/p>\n<p style=\"text-align:justify;\"><img data-recalc-dims=\"1\" loading=\"lazy\" decoding=\"async\" class=\"size-full wp-image-7892     lazyloaded\" src=\"https:\/\/i0.wp.com\/cdn01.chuteirafc.cartacapital.com.br\/wp-content\/uploads\/2017\/04\/27003949\/willian-bigode-penarol-palmeiras-libertadores-26042017_13huxdq38w5p515q5htjnwvzjc.jpg?resize=620%2C430\" alt=\"\" width=\"620\" height=\"430\" \/><\/p>\n<p style=\"text-align:justify;\"><strong>Segunda batalha<\/strong><\/p>\n<p style=\"text-align:justify;\">Ao apito final come\u00e7ou outra batalha. Dessa vez campal. Jogadores do Pe\u00f1arol cercaram os do Palmeiras. O alvo deles era mesmo Felipe Melo. Correria, tentativas de agress\u00e3o. Felipe se defendeu, acertou alguns socos em um jogador uruguaio que o perseguia, at\u00e9 chegar os port\u00f5es de acesso aos vesti\u00e1rios.<\/p>\n<p style=\"text-align:justify;\">Acontece que os port\u00f5es foram fechados e os palmeirenses n\u00e3o tinham como deixar o campo. Foram encantoados. Pelo menos sete brutamontes, dos 20 do corpo de seguran\u00e7a do time brasileiro, conseguiram abrir o port\u00e3o e levar os atletas at\u00e9 o vesti\u00e1rio. Empurra-empurra. Uma nova confus\u00e3o se estabeleceu, dessa vez nas arquibancadas envolvendo torcedores do Palmeiras e do Pe\u00f1arol.<\/p>\n<p style=\"text-align:justify;\">A batalha se estendeu por mais de 35 minutos, at\u00e9 a calma se estabelecer nos subterr\u00e2neos do est\u00e1dio. Quando tudo parecia mais acomodado no seu lugar, foi a vez de Eduardo Baptista desabafar aos gritos contra setores da imprensa que disseram que ele era um treinador male\u00e1vel ao n\u00e3o escalar William no jogo contra a Ponte Preta por ordem de dirigentes e empres\u00e1rios. Aos berros, falou grosso e disse que era tudo mentira. Evocou a elei\u00e7\u00e3o de Donald Trump nos Estados Unidos, que, segundo ele, foi eleito em cima de mentiras da imprensa. Deu um murro na mesa. Respondeu duas a tr\u00eas perguntas e foi embora quase sem voz.<\/p>\n<p style=\"text-align:justify;\">Na lideran\u00e7a do Grupo, o Palmeiras avan\u00e7a \u00e0 segunda fase da Copa Libertadores. A previs\u00e3o \u00e9 de novas tempestades.<\/p>\n<div class=\"jetpack-video-wrapper\"><span class=\"embed-youtube\" style=\"text-align:center; display: block;\"><iframe loading=\"lazy\" class=\"youtube-player\" width=\"940\" height=\"529\" src=\"https:\/\/www.youtube.com\/embed\/EGIdSjatIJ4?version=3&#038;rel=1&#038;showsearch=0&#038;showinfo=1&#038;iv_load_policy=1&#038;fs=1&#038;hl=pt-BR&#038;autohide=2&#038;wmode=transparent\" allowfullscreen=\"true\" style=\"border:0;\" sandbox=\"allow-scripts allow-same-origin allow-popups allow-presentation allow-popups-to-escape-sandbox\"><\/iframe><\/span><\/div>\n<\/div>\n<p style=\"text-align:justify;\"><a href=\"http:\/\/chuteirafc.cartacapital.com.br\">(texto publicado no CHUTEIRA FC)<\/a><\/p>\n<div class=\"fusion-meta-info\" style=\"text-align:justify;\"><\/div>\n","protected":false},"excerpt":{"rendered":"<p>Quem tem um jogador da estirpe de Felipe Melo sabe que n\u00e3o vai navegar a vida inteira em [&hellip;]<\/p>\n","protected":false},"author":102107496,"featured_media":35712,"comment_status":"open","ping_status":"open","sticky":false,"template":"","format":"standard","meta":{"_coblocks_attr":"","_coblocks_dimensions":"","_coblocks_responsive_height":"","_coblocks_accordion_ie_support":"","_jetpack_newsletter_access":"","_jetpack_dont_email_post_to_subs":false,"_jetpack_newsletter_tier_id":0,"_jetpack_memberships_contains_paywalled_content":false,"_wpcom_ai_launchpad_first_post":false,"_jetpack_feature_clip_id":0,"_jetpack_memberships_contains_paid_content":false,"footnotes":"","jetpack_publicize_message":"","jetpack_publicize_feature_enabled":true,"jetpack_social_post_already_shared":false,"jetpack_social_options":{"image_generator_settings":{"template":"highway","default_image_id":0,"font":"","enabled":false},"version":2},"jetpack_post_was_ever_published":false},"categories":[270704,53870],"tags":[413544154,5430725,789560560,1480591,287104,1313926],"class_list":["post-35703","post","type-post","status-publish","format-standard","has-post-thumbnail","hentry","category-copa-libertadores","category-futebol","tag-copa-libertadores-2017","tag-felipe-melo","tag-futebol","tag-montevideu","tag-palmeiras","tag-penarol"],"yoast_head":"<!-- This site is optimized with the Yoast SEO plugin v28.3 - https:\/\/yoast.com\/product\/yoast-seo-wordpress\/ -->\n<title>Quem tem Felipe Melo corre risco de colher tempestades - PR\u00d3SPERI NEWS<\/title>\n<meta name=\"robots\" content=\"index, follow, max-snippet:-1, max-image-preview:large, max-video-preview:-1\" \/>\n<link rel=\"canonical\" href=\"https:\/\/blogdoprosperi.com\/?p=35703\" \/>\n<meta property=\"og:locale\" content=\"pt_BR\" \/>\n<meta property=\"og:type\" content=\"article\" \/>\n<meta property=\"og:title\" content=\"Quem tem Felipe Melo corre risco de colher tempestades - PR\u00d3SPERI NEWS\" \/>\n<meta property=\"og:description\" content=\"Quem tem um jogador da estirpe de Felipe Melo sabe que n\u00e3o vai navegar a vida inteira em [&hellip;]\" \/>\n<meta property=\"og:url\" content=\"https:\/\/blogdoprosperi.com\/?p=35703\" \/>\n<meta property=\"og:site_name\" content=\"PR\u00d3SPERI NEWS\" \/>\n<meta property=\"article:publisher\" content=\"Luiz Pr\u00f3speri\" \/>\n<meta property=\"article:author\" content=\"Luiz Pr\u00f3speri\" \/>\n<meta property=\"article:published_time\" content=\"2017-04-27T04:53:45+00:00\" \/>\n<meta property=\"article:modified_time\" content=\"2017-04-27T06:04:22+00:00\" \/>\n<meta property=\"og:image\" content=\"https:\/\/i0.wp.com\/blogdoprosperi.com\/wp-content\/uploads\/2017\/04\/58c9ff88d056c.jpeg?fit=622%2C350&ssl=1\" \/>\n\t<meta property=\"og:image:width\" content=\"622\" \/>\n\t<meta property=\"og:image:height\" content=\"350\" \/>\n\t<meta property=\"og:image:type\" content=\"image\/jpeg\" \/>\n<meta name=\"author\" content=\"Luiz Ant\u00f4nio Pr\u00f3speri\" \/>\n<meta name=\"twitter:card\" content=\"summary_large_image\" \/>\n<meta name=\"twitter:creator\" content=\"@Luizprosperi\" \/>\n<meta name=\"twitter:site\" content=\"@Luizprosperi\" \/>\n<meta name=\"twitter:label1\" content=\"Escrito por\" \/>\n\t<meta name=\"twitter:data1\" content=\"Luiz Ant\u00f4nio Pr\u00f3speri\" \/>\n\t<meta name=\"twitter:label2\" content=\"Est. tempo de leitura\" \/>\n\t<meta name=\"twitter:data2\" content=\"5 minutos\" \/>\n<script type=\"application\/ld+json\" class=\"yoast-schema-graph\">{\"@context\":\"https:\\\/\\\/schema.org\",\"@graph\":[{\"@type\":\"Article\",\"@id\":\"https:\\\/\\\/blogdoprosperi.com\\\/?p=35703#article\",\"isPartOf\":{\"@id\":\"https:\\\/\\\/blogdoprosperi.com\\\/?p=35703\"},\"author\":{\"name\":\"Luiz Ant\u00f4nio Pr\u00f3speri\",\"@id\":\"https:\\\/\\\/blogdoprosperi.com\\\/#\\\/schema\\\/person\\\/38100755ce3601861ee4fab9b5aa78e9\"},\"headline\":\"Quem tem Felipe Melo corre risco de colher tempestades\",\"datePublished\":\"2017-04-27T04:53:45+00:00\",\"dateModified\":\"2017-04-27T06:04:22+00:00\",\"mainEntityOfPage\":{\"@id\":\"https:\\\/\\\/blogdoprosperi.com\\\/?p=35703\"},\"wordCount\":1067,\"commentCount\":0,\"publisher\":{\"@id\":\"https:\\\/\\\/blogdoprosperi.com\\\/#\\\/schema\\\/person\\\/38100755ce3601861ee4fab9b5aa78e9\"},\"image\":{\"@id\":\"https:\\\/\\\/blogdoprosperi.com\\\/?p=35703#primaryimage\"},\"thumbnailUrl\":\"https:\\\/\\\/i0.wp.com\\\/blogdoprosperi.com\\\/wp-content\\\/uploads\\\/2017\\\/04\\\/58c9ff88d056c.jpeg?fit=622%2C350&ssl=1\",\"keywords\":[\"Copa Libertadores 2017\",\"Felipe Melo\",\"futebol\",\"Montevid\u00e9u\",\"Palmeiras\",\"Pe\u00f1arol\"],\"articleSection\":[\"Copa Libertadores\",\"futebol\"],\"inLanguage\":\"pt-BR\",\"potentialAction\":[{\"@type\":\"CommentAction\",\"name\":\"Comment\",\"target\":[\"https:\\\/\\\/blogdoprosperi.com\\\/?p=35703#respond\"]}]},{\"@type\":\"WebPage\",\"@id\":\"https:\\\/\\\/blogdoprosperi.com\\\/?p=35703\",\"url\":\"https:\\\/\\\/blogdoprosperi.com\\\/?p=35703\",\"name\":\"Quem tem Felipe Melo corre risco de colher tempestades - PR\u00d3SPERI NEWS\",\"isPartOf\":{\"@id\":\"https:\\\/\\\/blogdoprosperi.com\\\/#website\"},\"primaryImageOfPage\":{\"@id\":\"https:\\\/\\\/blogdoprosperi.com\\\/?p=35703#primaryimage\"},\"image\":{\"@id\":\"https:\\\/\\\/blogdoprosperi.com\\\/?p=35703#primaryimage\"},\"thumbnailUrl\":\"https:\\\/\\\/i0.wp.com\\\/blogdoprosperi.com\\\/wp-content\\\/uploads\\\/2017\\\/04\\\/58c9ff88d056c.jpeg?fit=622%2C350&ssl=1\",\"datePublished\":\"2017-04-27T04:53:45+00:00\",\"dateModified\":\"2017-04-27T06:04:22+00:00\",\"breadcrumb\":{\"@id\":\"https:\\\/\\\/blogdoprosperi.com\\\/?p=35703#breadcrumb\"},\"inLanguage\":\"pt-BR\",\"potentialAction\":[{\"@type\":\"ReadAction\",\"target\":[\"https:\\\/\\\/blogdoprosperi.com\\\/?p=35703\"]}]},{\"@type\":\"ImageObject\",\"inLanguage\":\"pt-BR\",\"@id\":\"https:\\\/\\\/blogdoprosperi.com\\\/?p=35703#primaryimage\",\"url\":\"https:\\\/\\\/i0.wp.com\\\/blogdoprosperi.com\\\/wp-content\\\/uploads\\\/2017\\\/04\\\/58c9ff88d056c.jpeg?fit=622%2C350&ssl=1\",\"contentUrl\":\"https:\\\/\\\/i0.wp.com\\\/blogdoprosperi.com\\\/wp-content\\\/uploads\\\/2017\\\/04\\\/58c9ff88d056c.jpeg?fit=622%2C350&ssl=1\",\"width\":622,\"height\":350},{\"@type\":\"BreadcrumbList\",\"@id\":\"https:\\\/\\\/blogdoprosperi.com\\\/?p=35703#breadcrumb\",\"itemListElement\":[{\"@type\":\"ListItem\",\"position\":1,\"name\":\"In\u00edcio\",\"item\":\"https:\\\/\\\/blogdoprosperi.com\\\/\"},{\"@type\":\"ListItem\",\"position\":2,\"name\":\"Quem tem Felipe Melo corre risco de colher tempestades\"}]},{\"@type\":\"WebSite\",\"@id\":\"https:\\\/\\\/blogdoprosperi.com\\\/#website\",\"url\":\"https:\\\/\\\/blogdoprosperi.com\\\/\",\"name\":\"PR\u00d3SPERI NEWS\",\"description\":\"TUDO \u00c9  FUTEBOL\",\"publisher\":{\"@id\":\"https:\\\/\\\/blogdoprosperi.com\\\/#\\\/schema\\\/person\\\/38100755ce3601861ee4fab9b5aa78e9\"},\"alternateName\":\"blogdoprosperi.com\",\"potentialAction\":[{\"@type\":\"SearchAction\",\"target\":{\"@type\":\"EntryPoint\",\"urlTemplate\":\"https:\\\/\\\/blogdoprosperi.com\\\/?s={search_term_string}\"},\"query-input\":{\"@type\":\"PropertyValueSpecification\",\"valueRequired\":true,\"valueName\":\"search_term_string\"}}],\"inLanguage\":\"pt-BR\"},{\"@type\":[\"Person\",\"Organization\"],\"@id\":\"https:\\\/\\\/blogdoprosperi.com\\\/#\\\/schema\\\/person\\\/38100755ce3601861ee4fab9b5aa78e9\",\"name\":\"Luiz Ant\u00f4nio Pr\u00f3speri\",\"pronouns\":\"ele\",\"image\":{\"@type\":\"ImageObject\",\"inLanguage\":\"pt-BR\",\"@id\":\"https:\\\/\\\/i0.wp.com\\\/blogdoprosperi.com\\\/wp-content\\\/uploads\\\/2026\\\/05\\\/cropped-8059e613-6002-42fa-961e-8e275f575d71-2-5.jpg?fit=1360%2C931&ssl=1\",\"url\":\"https:\\\/\\\/i0.wp.com\\\/blogdoprosperi.com\\\/wp-content\\\/uploads\\\/2026\\\/05\\\/cropped-8059e613-6002-42fa-961e-8e275f575d71-2-5.jpg?fit=1360%2C931&ssl=1\",\"contentUrl\":\"https:\\\/\\\/i0.wp.com\\\/blogdoprosperi.com\\\/wp-content\\\/uploads\\\/2026\\\/05\\\/cropped-8059e613-6002-42fa-961e-8e275f575d71-2-5.jpg?fit=1360%2C931&ssl=1\",\"width\":1360,\"height\":931,\"caption\":\"Luiz Ant\u00f4nio Pr\u00f3speri\"},\"logo\":{\"@id\":\"https:\\\/\\\/i0.wp.com\\\/blogdoprosperi.com\\\/wp-content\\\/uploads\\\/2026\\\/05\\\/cropped-8059e613-6002-42fa-961e-8e275f575d71-2-5.jpg?fit=1360%2C931&ssl=1\"},\"description\":\"Jornalista com carreira dedicada ao esporte. Cobriu 9 Copas do Mundo in loco, 1990 na It\u00e1lia, 1994 nos EUA, 1998 na Fran\u00e7a, 2002 na Coreia do Sul e Jap\u00e3o, 2006 na Alemanha, 2010 na \u00c1frica do Sul, 2014 no Brasil, 2018 na R\u00fassia e 2022 no Qatar. Eurocopas, 1992 na Su\u00e9cia e 1996 na Inglaterra. Copa das Confedera\u00e7\u00f5es de 2005 na Alemanha e 2009 na \u00c1frica do Sul. Rep\u00f3rter e Editor, trabalhou no Jornal da Tarde e Estad\u00e3o, de 1984 a fevereiro de 2016. Colunista, blogueiro. E comentarista de futebol na R\u00e1dio Estad\u00e3o, de 2013 a fevereiro de 2016. Jornalista respons\u00e1vel do \\\"Pr\u00f3speri News\\\" (blogdoprosperi.com).\",\"sameAs\":[\"http:\\\/\\\/blogdoprosperi.com\",\"Luiz Pr\u00f3speri\",\"@luiz_prosperi\",\"https:\\\/\\\/x.com\\\/Luizprosperi\",\"@prosperinacopa\",\"luiz.prosperi@icloud.com\"],\"url\":\"https:\\\/\\\/blogdoprosperi.com\\\/?author=102107496\"}]}<\/script>\n<!-- \/ Yoast SEO plugin. -->","yoast_head_json":{"title":"Quem tem Felipe Melo corre risco de colher tempestades - PR\u00d3SPERI NEWS","robots":{"index":"index","follow":"follow","max-snippet":"max-snippet:-1","max-image-preview":"max-image-preview:large","max-video-preview":"max-video-preview:-1"},"canonical":"https:\/\/blogdoprosperi.com\/?p=35703","og_locale":"pt_BR","og_type":"article","og_title":"Quem tem Felipe Melo corre risco de colher tempestades - PR\u00d3SPERI NEWS","og_description":"Quem tem um jogador da estirpe de Felipe Melo sabe que n\u00e3o vai navegar a vida inteira em [&hellip;]","og_url":"https:\/\/blogdoprosperi.com\/?p=35703","og_site_name":"PR\u00d3SPERI NEWS","article_publisher":"Luiz Pr\u00f3speri","article_author":"Luiz Pr\u00f3speri","article_published_time":"2017-04-27T04:53:45+00:00","article_modified_time":"2017-04-27T06:04:22+00:00","og_image":[{"width":622,"height":350,"url":"https:\/\/i0.wp.com\/blogdoprosperi.com\/wp-content\/uploads\/2017\/04\/58c9ff88d056c.jpeg?fit=622%2C350&ssl=1","type":"image\/jpeg"}],"author":"Luiz Ant\u00f4nio Pr\u00f3speri","twitter_card":"summary_large_image","twitter_creator":"@Luizprosperi","twitter_site":"@Luizprosperi","twitter_misc":{"Escrito por":"Luiz Ant\u00f4nio Pr\u00f3speri","Est. tempo de leitura":"5 minutos"},"schema":{"@context":"https:\/\/schema.org","@graph":[{"@type":"Article","@id":"https:\/\/blogdoprosperi.com\/?p=35703#article","isPartOf":{"@id":"https:\/\/blogdoprosperi.com\/?p=35703"},"author":{"name":"Luiz Ant\u00f4nio Pr\u00f3speri","@id":"https:\/\/blogdoprosperi.com\/#\/schema\/person\/38100755ce3601861ee4fab9b5aa78e9"},"headline":"Quem tem Felipe Melo corre risco de colher tempestades","datePublished":"2017-04-27T04:53:45+00:00","dateModified":"2017-04-27T06:04:22+00:00","mainEntityOfPage":{"@id":"https:\/\/blogdoprosperi.com\/?p=35703"},"wordCount":1067,"commentCount":0,"publisher":{"@id":"https:\/\/blogdoprosperi.com\/#\/schema\/person\/38100755ce3601861ee4fab9b5aa78e9"},"image":{"@id":"https:\/\/blogdoprosperi.com\/?p=35703#primaryimage"},"thumbnailUrl":"https:\/\/i0.wp.com\/blogdoprosperi.com\/wp-content\/uploads\/2017\/04\/58c9ff88d056c.jpeg?fit=622%2C350&ssl=1","keywords":["Copa Libertadores 2017","Felipe Melo","futebol","Montevid\u00e9u","Palmeiras","Pe\u00f1arol"],"articleSection":["Copa Libertadores","futebol"],"inLanguage":"pt-BR","potentialAction":[{"@type":"CommentAction","name":"Comment","target":["https:\/\/blogdoprosperi.com\/?p=35703#respond"]}]},{"@type":"WebPage","@id":"https:\/\/blogdoprosperi.com\/?p=35703","url":"https:\/\/blogdoprosperi.com\/?p=35703","name":"Quem tem Felipe Melo corre risco de colher tempestades - PR\u00d3SPERI NEWS","isPartOf":{"@id":"https:\/\/blogdoprosperi.com\/#website"},"primaryImageOfPage":{"@id":"https:\/\/blogdoprosperi.com\/?p=35703#primaryimage"},"image":{"@id":"https:\/\/blogdoprosperi.com\/?p=35703#primaryimage"},"thumbnailUrl":"https:\/\/i0.wp.com\/blogdoprosperi.com\/wp-content\/uploads\/2017\/04\/58c9ff88d056c.jpeg?fit=622%2C350&ssl=1","datePublished":"2017-04-27T04:53:45+00:00","dateModified":"2017-04-27T06:04:22+00:00","breadcrumb":{"@id":"https:\/\/blogdoprosperi.com\/?p=35703#breadcrumb"},"inLanguage":"pt-BR","potentialAction":[{"@type":"ReadAction","target":["https:\/\/blogdoprosperi.com\/?p=35703"]}]},{"@type":"ImageObject","inLanguage":"pt-BR","@id":"https:\/\/blogdoprosperi.com\/?p=35703#primaryimage","url":"https:\/\/i0.wp.com\/blogdoprosperi.com\/wp-content\/uploads\/2017\/04\/58c9ff88d056c.jpeg?fit=622%2C350&ssl=1","contentUrl":"https:\/\/i0.wp.com\/blogdoprosperi.com\/wp-content\/uploads\/2017\/04\/58c9ff88d056c.jpeg?fit=622%2C350&ssl=1","width":622,"height":350},{"@type":"BreadcrumbList","@id":"https:\/\/blogdoprosperi.com\/?p=35703#breadcrumb","itemListElement":[{"@type":"ListItem","position":1,"name":"In\u00edcio","item":"https:\/\/blogdoprosperi.com\/"},{"@type":"ListItem","position":2,"name":"Quem tem Felipe Melo corre risco de colher tempestades"}]},{"@type":"WebSite","@id":"https:\/\/blogdoprosperi.com\/#website","url":"https:\/\/blogdoprosperi.com\/","name":"PR\u00d3SPERI NEWS","description":"TUDO \u00c9  FUTEBOL","publisher":{"@id":"https:\/\/blogdoprosperi.com\/#\/schema\/person\/38100755ce3601861ee4fab9b5aa78e9"},"alternateName":"blogdoprosperi.com","potentialAction":[{"@type":"SearchAction","target":{"@type":"EntryPoint","urlTemplate":"https:\/\/blogdoprosperi.com\/?s={search_term_string}"},"query-input":{"@type":"PropertyValueSpecification","valueRequired":true,"valueName":"search_term_string"}}],"inLanguage":"pt-BR"},{"@type":["Person","Organization"],"@id":"https:\/\/blogdoprosperi.com\/#\/schema\/person\/38100755ce3601861ee4fab9b5aa78e9","name":"Luiz Ant\u00f4nio Pr\u00f3speri","pronouns":"ele","image":{"@type":"ImageObject","inLanguage":"pt-BR","@id":"https:\/\/i0.wp.com\/blogdoprosperi.com\/wp-content\/uploads\/2026\/05\/cropped-8059e613-6002-42fa-961e-8e275f575d71-2-5.jpg?fit=1360%2C931&ssl=1","url":"https:\/\/i0.wp.com\/blogdoprosperi.com\/wp-content\/uploads\/2026\/05\/cropped-8059e613-6002-42fa-961e-8e275f575d71-2-5.jpg?fit=1360%2C931&ssl=1","contentUrl":"https:\/\/i0.wp.com\/blogdoprosperi.com\/wp-content\/uploads\/2026\/05\/cropped-8059e613-6002-42fa-961e-8e275f575d71-2-5.jpg?fit=1360%2C931&ssl=1","width":1360,"height":931,"caption":"Luiz Ant\u00f4nio Pr\u00f3speri"},"logo":{"@id":"https:\/\/i0.wp.com\/blogdoprosperi.com\/wp-content\/uploads\/2026\/05\/cropped-8059e613-6002-42fa-961e-8e275f575d71-2-5.jpg?fit=1360%2C931&ssl=1"},"description":"Jornalista com carreira dedicada ao esporte. Cobriu 9 Copas do Mundo in loco, 1990 na It\u00e1lia, 1994 nos EUA, 1998 na Fran\u00e7a, 2002 na Coreia do Sul e Jap\u00e3o, 2006 na Alemanha, 2010 na \u00c1frica do Sul, 2014 no Brasil, 2018 na R\u00fassia e 2022 no Qatar. Eurocopas, 1992 na Su\u00e9cia e 1996 na Inglaterra. Copa das Confedera\u00e7\u00f5es de 2005 na Alemanha e 2009 na \u00c1frica do Sul. Rep\u00f3rter e Editor, trabalhou no Jornal da Tarde e Estad\u00e3o, de 1984 a fevereiro de 2016. Colunista, blogueiro. E comentarista de futebol na R\u00e1dio Estad\u00e3o, de 2013 a fevereiro de 2016. Jornalista respons\u00e1vel do \"Pr\u00f3speri News\" (blogdoprosperi.com).","sameAs":["http:\/\/blogdoprosperi.com","Luiz Pr\u00f3speri","@luiz_prosperi","https:\/\/x.com\/Luizprosperi","@prosperinacopa","luiz.prosperi@icloud.com"],"url":"https:\/\/blogdoprosperi.com\/?author=102107496"}]}},"jetpack_publicize_connections":[],"jetpack_likes_enabled":false,"jetpack_sharing_enabled":true,"jetpack_shortlink":"https:\/\/wp.me\/p7jvdk-9hR","jetpack-related-posts":[{"id":36584,"url":"https:\/\/blogdoprosperi.com\/?p=36584","url_meta":{"origin":35703,"position":0},"title":"Felipe Melo fora da curva","author":"Luiz Ant\u00f4nio Pr\u00f3speri","date":"11 de agosto de 2017","format":false,"excerpt":"Palmeiras e patrocinadora torraram R$ 115 milh\u00f5es em contrata\u00e7\u00f5es de jogadores porque tinham dinheiro para gastar. Cuca, desde seu in\u00edcio de carreira de treinador, carrega suas mandingas e cren\u00e7as por onde passa. Ajoelhado ou n\u00e3o. De cal\u00e7a vinho ou n\u00e3o.\u00a0Borja e Guerra, apontados como os principais destaques da Libertadores de\u2026","rel":"","context":"Em &quot;Copa Libertadores&quot;","block_context":{"text":"Copa Libertadores","link":"https:\/\/blogdoprosperi.com\/?cat=270704"},"img":{"alt_text":"","src":"https:\/\/i0.wp.com\/blogdoprosperi.com\/wp-content\/uploads\/2017\/08\/34637391310_c47717dd3c_o.jpg?fit=1000%2C611&ssl=1&resize=350%2C200","width":350,"height":200,"srcset":"https:\/\/i0.wp.com\/blogdoprosperi.com\/wp-content\/uploads\/2017\/08\/34637391310_c47717dd3c_o.jpg?fit=1000%2C611&ssl=1&resize=350%2C200 1x, https:\/\/i0.wp.com\/blogdoprosperi.com\/wp-content\/uploads\/2017\/08\/34637391310_c47717dd3c_o.jpg?fit=1000%2C611&ssl=1&resize=525%2C300 1.5x, https:\/\/i0.wp.com\/blogdoprosperi.com\/wp-content\/uploads\/2017\/08\/34637391310_c47717dd3c_o.jpg?fit=1000%2C611&ssl=1&resize=700%2C400 2x"},"classes":[]},{"id":35890,"url":"https:\/\/blogdoprosperi.com\/?p=35890","url_meta":{"origin":35703,"position":1},"title":"CBF se omite e Palmeiras \u00e9 castigado pela Conmebol na Copa Libertadores","author":"Luiz Ant\u00f4nio Pr\u00f3speri","date":"20 de maio de 2017","format":false,"excerpt":"CBF n\u00e3o defendeu o Palmeiras no Comit\u00ea Disciplinar da Confedera\u00e7\u00e3o Sul-Americana de Futebol (Conmebol) e o clube paulista sofreu uma puni\u00e7\u00e3o mais pesada que o Pe\u00f1arol nos incidentes da batalha campal em Montevid\u00e9u. A senten\u00e7a determina que o Palmeiras n\u00e3o poder\u00e1 contar com seus torcedores em tr\u00eas jogos como visitante\u2026","rel":"","context":"Em &quot;Copa Libertadores&quot;","block_context":{"text":"Copa Libertadores","link":"https:\/\/blogdoprosperi.com\/?cat=270704"},"img":{"alt_text":"","src":"https:\/\/i0.wp.com\/blogdoprosperi.com\/wp-content\/uploads\/2017\/05\/pelea-penarol-palmeiras-copa-libertadores-sf-reuters-3-copia.jpg?fit=1200%2C851&ssl=1&resize=350%2C200","width":350,"height":200,"srcset":"https:\/\/i0.wp.com\/blogdoprosperi.com\/wp-content\/uploads\/2017\/05\/pelea-penarol-palmeiras-copa-libertadores-sf-reuters-3-copia.jpg?fit=1200%2C851&ssl=1&resize=350%2C200 1x, https:\/\/i0.wp.com\/blogdoprosperi.com\/wp-content\/uploads\/2017\/05\/pelea-penarol-palmeiras-copa-libertadores-sf-reuters-3-copia.jpg?fit=1200%2C851&ssl=1&resize=525%2C300 1.5x, https:\/\/i0.wp.com\/blogdoprosperi.com\/wp-content\/uploads\/2017\/05\/pelea-penarol-palmeiras-copa-libertadores-sf-reuters-3-copia.jpg?fit=1200%2C851&ssl=1&resize=700%2C400 2x, https:\/\/i0.wp.com\/blogdoprosperi.com\/wp-content\/uploads\/2017\/05\/pelea-penarol-palmeiras-copa-libertadores-sf-reuters-3-copia.jpg?fit=1200%2C851&ssl=1&resize=1050%2C600 3x"},"classes":[]},{"id":35527,"url":"https:\/\/blogdoprosperi.com\/?p=35527","url_meta":{"origin":35703,"position":2},"title":"Palmeiras n\u00e3o vai longe se insistir que Libertadores \u00e9 guerra","author":"Luiz Ant\u00f4nio Pr\u00f3speri","date":"13 de abril de 2017","format":false,"excerpt":"Palmeiras comete um erro quando aceita a premissa de que Copa Libertadores \u00e9 tradu\u00e7\u00e3o perfeita de guerra. Ao admitir esse conceito, faz de seus jogos batalhas desnecess\u00e1rias. Usa a for\u00e7a, ansiedade e muito suor quando poderia se impor pela t\u00e9cnica e alta qualidade de seus jogadores, sem se deixar levar\u2026","rel":"","context":"Em &quot;Copa Libertadores&quot;","block_context":{"text":"Copa Libertadores","link":"https:\/\/blogdoprosperi.com\/?cat=270704"},"img":{"alt_text":"","src":"https:\/\/i0.wp.com\/blogdoprosperi.com\/wp-content\/uploads\/2017\/04\/33875543401_944fbe30e7_o2.jpg?resize=350%2C200","width":350,"height":200,"srcset":"https:\/\/i0.wp.com\/blogdoprosperi.com\/wp-content\/uploads\/2017\/04\/33875543401_944fbe30e7_o2.jpg?resize=350%2C200 1x, https:\/\/i0.wp.com\/blogdoprosperi.com\/wp-content\/uploads\/2017\/04\/33875543401_944fbe30e7_o2.jpg?resize=525%2C300 1.5x, https:\/\/i0.wp.com\/blogdoprosperi.com\/wp-content\/uploads\/2017\/04\/33875543401_944fbe30e7_o2.jpg?resize=700%2C400 2x"},"classes":[]},{"id":35930,"url":"https:\/\/blogdoprosperi.com\/?p=35930","url_meta":{"origin":35703,"position":3},"title":"Palmeiras se encorpa com Cuca e avan\u00e7a \u00e0s oitavas da Libertadores. Flamengo fica pelo caminho","author":"Luiz Ant\u00f4nio Pr\u00f3speri","date":"25 de maio de 2017","format":false,"excerpt":"Palmeiras avan\u00e7a \u00e0s oitavas de final da Copa Libertadores 2017 e se junta a Santos, Atl\u00e9tico-MG, Atl\u00e9tico-PR, Botafogo e Gr\u00eamio, representantes do futebol brasileiro tamb\u00e9m classificados. Flamengo e Chapecoense ficaram no meio do caminho \u2013 clube catarinense ainda tenta recuperar a vaga na Corte Disciplinar da Conmebol. Derrota imposta ao\u2026","rel":"","context":"Em &quot;Copa Libertadores&quot;","block_context":{"text":"Copa Libertadores","link":"https:\/\/blogdoprosperi.com\/?cat=270704"},"img":{"alt_text":"","src":"https:\/\/i0.wp.com\/blogdoprosperi.com\/wp-content\/uploads\/2017\/05\/34032457084_b60b749025_o.jpg?fit=1000%2C604&ssl=1&resize=350%2C200","width":350,"height":200,"srcset":"https:\/\/i0.wp.com\/blogdoprosperi.com\/wp-content\/uploads\/2017\/05\/34032457084_b60b749025_o.jpg?fit=1000%2C604&ssl=1&resize=350%2C200 1x, https:\/\/i0.wp.com\/blogdoprosperi.com\/wp-content\/uploads\/2017\/05\/34032457084_b60b749025_o.jpg?fit=1000%2C604&ssl=1&resize=525%2C300 1.5x, https:\/\/i0.wp.com\/blogdoprosperi.com\/wp-content\/uploads\/2017\/05\/34032457084_b60b749025_o.jpg?fit=1000%2C604&ssl=1&resize=700%2C400 2x"},"classes":[]},{"id":34371,"url":"https:\/\/blogdoprosperi.com\/?p=34371","url_meta":{"origin":35703,"position":4},"title":"Palmeiras muda de perfil em busca da Libertadores 2017","author":"Luiz Ant\u00f4nio Pr\u00f3speri","date":"27 de dezembro de 2016","format":false,"excerpt":"Palmeiras vai mudar seu perfil na pr\u00f3xima temporada. Aquele time campe\u00e3o brasileiro, moldado a trocar passes e fazer do ataque uma avalanche, deve ser mais conservador. Vai perder leveza. A mudan\u00e7a \u00e9 em fun\u00e7\u00e3o da Copa Libertadores, principal meta do clube em 2017. Contrata\u00e7\u00f5es do porte de Felipe Melo, Guerra\u2026","rel":"","context":"Em &quot;futebol&quot;","block_context":{"text":"futebol","link":"https:\/\/blogdoprosperi.com\/?cat=53870"},"img":{"alt_text":"","src":"https:\/\/i0.wp.com\/blogdoprosperi.com\/wp-content\/uploads\/2016\/12\/qw28opg.jpg?resize=350%2C200","width":350,"height":200,"srcset":"https:\/\/i0.wp.com\/blogdoprosperi.com\/wp-content\/uploads\/2016\/12\/qw28opg.jpg?resize=350%2C200 1x, https:\/\/i0.wp.com\/blogdoprosperi.com\/wp-content\/uploads\/2016\/12\/qw28opg.jpg?resize=525%2C300 1.5x"},"classes":[]},{"id":38294,"url":"https:\/\/blogdoprosperi.com\/?p=38294","url_meta":{"origin":35703,"position":5},"title":"Dona da Crefisa vai assumir comando do Palmeiras em dezembro 2021","author":"Luiz Ant\u00f4nio Pr\u00f3speri","date":"10 de mar\u00e7o de 2021","format":false,"excerpt":"Desde domingo (07\/3), ap\u00f3s Felipe Melo erguer a ta\u00e7a da Copa do Brasil 2021, Leila repete aos ve\u00edculos de imprensa sua disposi\u00e7\u00e3o em ser a nova presidenta do Palmeiras","rel":"","context":"Em &quot;futebol&quot;","block_context":{"text":"futebol","link":"https:\/\/blogdoprosperi.com\/?cat=53870"},"img":{"alt_text":"","src":"https:\/\/i0.wp.com\/blogdoprosperi.com\/wp-content\/uploads\/2021\/03\/dxm1s5jwoaaj1kc.jpg?fit=1024%2C576&ssl=1&resize=350%2C200","width":350,"height":200,"srcset":"https:\/\/i0.wp.com\/blogdoprosperi.com\/wp-content\/uploads\/2021\/03\/dxm1s5jwoaaj1kc.jpg?fit=1024%2C576&ssl=1&resize=350%2C200 1x, https:\/\/i0.wp.com\/blogdoprosperi.com\/wp-content\/uploads\/2021\/03\/dxm1s5jwoaaj1kc.jpg?fit=1024%2C576&ssl=1&resize=525%2C300 1.5x, https:\/\/i0.wp.com\/blogdoprosperi.com\/wp-content\/uploads\/2021\/03\/dxm1s5jwoaaj1kc.jpg?fit=1024%2C576&ssl=1&resize=700%2C400 2x"},"classes":[]}],"jetpack_featured_media_url":"https:\/\/i0.wp.com\/blogdoprosperi.com\/wp-content\/uploads\/2017\/04\/58c9ff88d056c.jpeg?fit=622%2C350&ssl=1","_links":{"self":[{"href":"https:\/\/blogdoprosperi.com\/index.php?rest_route=\/wp\/v2\/posts\/35703","targetHints":{"allow":["GET"]}}],"collection":[{"href":"https:\/\/blogdoprosperi.com\/index.php?rest_route=\/wp\/v2\/posts"}],"about":[{"href":"https:\/\/blogdoprosperi.com\/index.php?rest_route=\/wp\/v2\/types\/post"}],"author":[{"embeddable":true,"href":"https:\/\/blogdoprosperi.com\/index.php?rest_route=\/wp\/v2\/users\/102107496"}],"replies":[{"embeddable":true,"href":"https:\/\/blogdoprosperi.com\/index.php?rest_route=%2Fwp%2Fv2%2Fcomments&post=35703"}],"version-history":[{"count":12,"href":"https:\/\/blogdoprosperi.com\/index.php?rest_route=\/wp\/v2\/posts\/35703\/revisions"}],"predecessor-version":[{"id":35711,"href":"https:\/\/blogdoprosperi.com\/index.php?rest_route=\/wp\/v2\/posts\/35703\/revisions\/35711"}],"wp:featuredmedia":[{"embeddable":true,"href":"https:\/\/blogdoprosperi.com\/index.php?rest_route=\/wp\/v2\/media\/35712"}],"wp:attachment":[{"href":"https:\/\/blogdoprosperi.com\/index.php?rest_route=%2Fwp%2Fv2%2Fmedia&parent=35703"}],"wp:term":[{"taxonomy":"category","embeddable":true,"href":"https:\/\/blogdoprosperi.com\/index.php?rest_route=%2Fwp%2Fv2%2Fcategories&post=35703"},{"taxonomy":"post_tag","embeddable":true,"href":"https:\/\/blogdoprosperi.com\/index.php?rest_route=%2Fwp%2Fv2%2Ftags&post=35703"}],"curies":[{"name":"wp","href":"https:\/\/api.w.org\/{rel}","templated":true}]}}