{"id":35749,"date":"2017-05-04T01:17:20","date_gmt":"2017-05-04T04:17:20","guid":{"rendered":"http:\/\/blogdoprosperi.com\/?p=35749"},"modified":"2017-05-04T01:17:20","modified_gmt":"2017-05-04T04:17:20","slug":"palmeiras-em-transe-eduardo-baptista-se-equilibra-no-fio-da-navalha","status":"publish","type":"post","link":"https:\/\/blogdoprosperi.com\/?p=35749","title":{"rendered":"Palmeiras em transe, Eduardo Baptista se equilibra no fio da navalha"},"content":{"rendered":"<p>&#8220;Tivemos muitas dificuldades para jogar em decorr\u00eancia do campo. O Palmeiras \u00e9 um time muito t\u00e9cnico e tivemos muitas dificuldades. Fizemos um bom primeiro tempo at\u00e9 tomarmos dois gols. Depois, quando quisemos jogar, fomos muito atrapalhados pelo campo. Acredito que o campo foi a grande dificuldade. Perdemos muitas bolas e demos o contra-ataque.&#8221;<!--more--><\/p>\n<p>O discurso \u00e9 de <a href=\"http:\/\/blogdoprosperi.com\/2017\/02\/23\/eduardo-baptista-entra-na-encruzilhada-dos-aflitos\/\">Eduardo Baptista, t\u00e9cnico do Palmeiras,<\/a> ap\u00f3s a derrota por 3 a 2 para o Jorge Wilstermann em Cochabamba na Bol\u00edvia nesta quarta-feira, pen\u00faltimo jogo da fase de grupos da Copa Libertadores.<\/p>\n<p>Observa\u00e7\u00e3o: o Palmeiras levou tr\u00eas gols, nenhum de contra-ataque. E o campo era o mesmo quando o time jogou bem, como disse o treinador, nos dez minutos iniciais.<\/p>\n<p>&#8220;Temos que buscar a vit\u00f3ria no jogo (<em>contra o Atl\u00e9tico T\u00facuman<\/em>) que temos em casa para confirmar a classifica\u00e7\u00e3o e tentar fazer o m\u00e1ximo de pontos para terminar bem na classifica\u00e7\u00e3o geral&#8221;, prosseguiu Baptista.<\/p>\n<p>Quando um treinador fala que o campo \u00e9 ruim, prejudicou o time mais t\u00e9cnico, que alguns jogadores perderam o tempo de bola, que tem o pr\u00f3ximo jogo para garantir a classifica\u00e7\u00e3o \u00e9 porque j\u00e1 n\u00e3o consegue entender o que se passa ao seu lado. Discurso de quem est\u00e1 de sa\u00edda.<\/p>\n<p>Quando um treinador n\u00e3o consegue enxergar os equ\u00edvocos que cometeu nas escolhas e na op\u00e7\u00e3o de jogo que adotou, \u00e9 t\u00edpico de quem perdeu a no\u00e7\u00e3o do tempo e espa\u00e7o no comando de um grupo.<\/p>\n<p><span class=\"alignnone\"><img data-recalc-dims=\"1\" loading=\"lazy\" decoding=\"async\" data-attachment-id=\"35789\" data-permalink=\"https:\/\/blogdoprosperi.com\/?attachment_id=35789\" data-orig-file=\"https:\/\/i0.wp.com\/blogdoprosperi.com\/wp-content\/uploads\/2017\/05\/34398767546_c95f9bce9f_z.jpg?fit=640%2C386&amp;ssl=1\" data-orig-size=\"640,386\" data-comments-opened=\"1\" data-image-meta=\"{&quot;aperture&quot;:&quot;0&quot;,&quot;credit&quot;:&quot;&quot;,&quot;camera&quot;:&quot;&quot;,&quot;caption&quot;:&quot;&quot;,&quot;created_timestamp&quot;:&quot;0&quot;,&quot;copyright&quot;:&quot;&quot;,&quot;focal_length&quot;:&quot;0&quot;,&quot;iso&quot;:&quot;0&quot;,&quot;shutter_speed&quot;:&quot;0&quot;,&quot;title&quot;:&quot;&quot;,&quot;orientation&quot;:&quot;0&quot;}\" data-image-title=\"34398767546_c95f9bce9f_z\" data-image-description=\"\" data-image-caption=\"\" data-large-file=\"https:\/\/i0.wp.com\/blogdoprosperi.com\/wp-content\/uploads\/2017\/05\/34398767546_c95f9bce9f_z.jpg?fit=640%2C386&amp;ssl=1\" class=\"alignnone size-full wp-image-35789\" src=\"https:\/\/i0.wp.com\/blogdoprosperi.com\/wp-content\/uploads\/2017\/05\/34398767546_c95f9bce9f_z.jpg?resize=640%2C386&#038;ssl=1\" alt=\"34398767546_c95f9bce9f_z\" width=\"640\" height=\"386\" \/><\/span><\/p>\n<p>\u00c9 derrotado e joga a batata quente nas m\u00e3os do primeiro escal\u00e3o do clube. Primeiro, queima a pele do diretor de futebol, no caso Alexandre Mattos. Segundo, fere o presidente, no caso Mauricio Galiotte. E, por fim, cria bolhas em que investiu pesado \u2013 perto de R$ 100 milh\u00f5es entre patroc\u00ednios e contrata\u00e7\u00f5es \u2013, evidente, nos dedos finos de Leila Pereira, a dona da Crefisa.<\/p>\n<p>Palmeiras tem 11 dias sem nenhum jogo at\u00e9 entrar na maratona da estreia no Brasileir\u00e3o 2017, oitavas de final da Copa do Brasil contra o Inter de Porto Alegre e a decis\u00e3o contra o T\u00facuman por uma vaga na fase de mata-mata da Copa Libertadores \u2013 s\u00e3o sete partidas em menos de um m\u00eas.<\/p>\n<p>\u201cOs torcedores podem esperar da Crefisa, da Faculdade das Am\u00e9ricas e da Leila Pereira, \u00e9 que n\u00f3s mediremos esfor\u00e7os para conquistarmos a Libertadores. Eu quero ver o Palmeiras campe\u00e3o Mundial. \u00c9 isso que a torcida pode esperar do patrocinador\u201d, disse a dona da Crefisa, em dezembro de 2016.<\/p>\n<p>E Leila Pereira emendou em mar\u00e7o de 2017:<\/p>\n<p>&#8220;Estou muito confiante. O time \u00e9 de primeira linha, a gente tem que dar um tempo para o Eduardo (<em>Baptista<\/em>)&#8221;.<\/p>\n<p>N\u00e3o \u00e9 dif\u00edcil concluir que depois de pouco mais de quatro meses no comando do time, Eduardo Baptista est\u00e1 por um fio no Palmeiras. No fio da navalha. A conferir.<\/p>\n<p><span class=\"alignnone\"><img data-recalc-dims=\"1\" loading=\"lazy\" decoding=\"async\" data-attachment-id=\"35790\" data-permalink=\"https:\/\/blogdoprosperi.com\/?attachment_id=35790\" data-orig-file=\"https:\/\/i0.wp.com\/blogdoprosperi.com\/wp-content\/uploads\/2017\/05\/33630180213_835fed925d_z.jpg?fit=500%2C640&amp;ssl=1\" data-orig-size=\"500,640\" data-comments-opened=\"1\" data-image-meta=\"{&quot;aperture&quot;:&quot;0&quot;,&quot;credit&quot;:&quot;&quot;,&quot;camera&quot;:&quot;&quot;,&quot;caption&quot;:&quot;&quot;,&quot;created_timestamp&quot;:&quot;0&quot;,&quot;copyright&quot;:&quot;&quot;,&quot;focal_length&quot;:&quot;0&quot;,&quot;iso&quot;:&quot;0&quot;,&quot;shutter_speed&quot;:&quot;0&quot;,&quot;title&quot;:&quot;&quot;,&quot;orientation&quot;:&quot;0&quot;}\" data-image-title=\"33630180213_835fed925d_z\" data-image-description=\"\" data-image-caption=\"\" data-large-file=\"https:\/\/i0.wp.com\/blogdoprosperi.com\/wp-content\/uploads\/2017\/05\/33630180213_835fed925d_z.jpg?fit=500%2C640&amp;ssl=1\" class=\"alignnone size-full wp-image-35790\" src=\"https:\/\/i0.wp.com\/blogdoprosperi.com\/wp-content\/uploads\/2017\/05\/33630180213_835fed925d_z.jpg?resize=500%2C640&#038;ssl=1\" alt=\"33630180213_835fed925d_z\" width=\"500\" height=\"640\" \/><\/span><\/p>\n","protected":false},"excerpt":{"rendered":"<p>&#8220;Tivemos muitas dificuldades para jogar em decorr\u00eancia do campo. O Palmeiras \u00e9 um time muito t\u00e9cnico e tivemos [&hellip;]<\/p>\n","protected":false},"author":102107496,"featured_media":35791,"comment_status":"open","ping_status":"open","sticky":false,"template":"","format":"standard","meta":{"_coblocks_attr":"","_coblocks_dimensions":"","_coblocks_responsive_height":"","_coblocks_accordion_ie_support":"","_jetpack_newsletter_access":"","_jetpack_dont_email_post_to_subs":false,"_jetpack_newsletter_tier_id":0,"_jetpack_memberships_contains_paywalled_content":false,"_wpcom_ai_launchpad_first_post":false,"_jetpack_feature_clip_id":0,"_jetpack_memberships_contains_paid_content":false,"footnotes":"","jetpack_publicize_message":"","jetpack_publicize_feature_enabled":true,"jetpack_social_post_already_shared":false,"jetpack_social_options":{"image_generator_settings":{"template":"highway","default_image_id":0,"font":"","enabled":false},"version":2},"jetpack_post_was_ever_published":false},"categories":[53870],"tags":[27625301,413544154,19506041,11006842,789560560,96188173,287104],"class_list":["post-35749","post","type-post","status-publish","format-standard","has-post-thumbnail","hentry","category-futebol","tag-alexandre-mattos","tag-copa-libertadores-2017","tag-crefisa","tag-eduardo-baptista","tag-futebol","tag-galiotte","tag-palmeiras"],"yoast_head":"<!-- This site is optimized with the Yoast SEO plugin v28.3 - https:\/\/yoast.com\/product\/yoast-seo-wordpress\/ -->\n<title>Palmeiras em transe, Eduardo Baptista se equilibra no fio da navalha - PR\u00d3SPERI NEWS<\/title>\n<meta name=\"robots\" content=\"index, follow, max-snippet:-1, max-image-preview:large, max-video-preview:-1\" \/>\n<link rel=\"canonical\" href=\"https:\/\/blogdoprosperi.com\/?p=35749\" \/>\n<meta property=\"og:locale\" content=\"pt_BR\" \/>\n<meta property=\"og:type\" content=\"article\" \/>\n<meta property=\"og:title\" content=\"Palmeiras em transe, Eduardo Baptista se equilibra no fio da navalha - PR\u00d3SPERI NEWS\" \/>\n<meta property=\"og:description\" content=\"&#8220;Tivemos muitas dificuldades para jogar em decorr\u00eancia do campo. O Palmeiras \u00e9 um time muito t\u00e9cnico e tivemos [&hellip;]\" \/>\n<meta property=\"og:url\" content=\"https:\/\/blogdoprosperi.com\/?p=35749\" \/>\n<meta property=\"og:site_name\" content=\"PR\u00d3SPERI NEWS\" \/>\n<meta property=\"article:publisher\" content=\"Luiz Pr\u00f3speri\" \/>\n<meta property=\"article:author\" content=\"Luiz Pr\u00f3speri\" \/>\n<meta property=\"article:published_time\" content=\"2017-05-04T04:17:20+00:00\" \/>\n<meta property=\"og:image\" content=\"https:\/\/i0.wp.com\/blogdoprosperi.com\/wp-content\/uploads\/2017\/05\/33630179513_5bbc2753b1_z.jpg?fit=640%2C410&ssl=1\" \/>\n\t<meta property=\"og:image:width\" content=\"640\" \/>\n\t<meta property=\"og:image:height\" content=\"410\" \/>\n\t<meta property=\"og:image:type\" content=\"image\/jpeg\" \/>\n<meta name=\"author\" content=\"Luiz Ant\u00f4nio Pr\u00f3speri\" \/>\n<meta name=\"twitter:card\" content=\"summary_large_image\" \/>\n<meta name=\"twitter:creator\" content=\"@Luizprosperi\" \/>\n<meta name=\"twitter:site\" content=\"@Luizprosperi\" \/>\n<meta name=\"twitter:label1\" content=\"Escrito por\" \/>\n\t<meta name=\"twitter:data1\" content=\"Luiz Ant\u00f4nio Pr\u00f3speri\" \/>\n\t<meta name=\"twitter:label2\" content=\"Est. tempo de leitura\" \/>\n\t<meta name=\"twitter:data2\" content=\"2 minutos\" \/>\n<script type=\"application\/ld+json\" class=\"yoast-schema-graph\">{\"@context\":\"https:\\\/\\\/schema.org\",\"@graph\":[{\"@type\":\"Article\",\"@id\":\"https:\\\/\\\/blogdoprosperi.com\\\/?p=35749#article\",\"isPartOf\":{\"@id\":\"https:\\\/\\\/blogdoprosperi.com\\\/?p=35749\"},\"author\":{\"name\":\"Luiz Ant\u00f4nio Pr\u00f3speri\",\"@id\":\"https:\\\/\\\/blogdoprosperi.com\\\/#\\\/schema\\\/person\\\/38100755ce3601861ee4fab9b5aa78e9\"},\"headline\":\"Palmeiras em transe, Eduardo Baptista se equilibra no fio da navalha\",\"datePublished\":\"2017-05-04T04:17:20+00:00\",\"mainEntityOfPage\":{\"@id\":\"https:\\\/\\\/blogdoprosperi.com\\\/?p=35749\"},\"wordCount\":493,\"commentCount\":2,\"publisher\":{\"@id\":\"https:\\\/\\\/blogdoprosperi.com\\\/#\\\/schema\\\/person\\\/38100755ce3601861ee4fab9b5aa78e9\"},\"image\":{\"@id\":\"https:\\\/\\\/blogdoprosperi.com\\\/?p=35749#primaryimage\"},\"thumbnailUrl\":\"https:\\\/\\\/i0.wp.com\\\/blogdoprosperi.com\\\/wp-content\\\/uploads\\\/2017\\\/05\\\/33630179513_5bbc2753b1_z.jpg?fit=640%2C410&ssl=1\",\"keywords\":[\"Alexandre Mattos\",\"Copa Libertadores 2017\",\"Crefisa\",\"Eduardo Baptista\",\"futebol\",\"Galiotte\",\"Palmeiras\"],\"articleSection\":[\"futebol\"],\"inLanguage\":\"pt-BR\",\"potentialAction\":[{\"@type\":\"CommentAction\",\"name\":\"Comment\",\"target\":[\"https:\\\/\\\/blogdoprosperi.com\\\/?p=35749#respond\"]}]},{\"@type\":\"WebPage\",\"@id\":\"https:\\\/\\\/blogdoprosperi.com\\\/?p=35749\",\"url\":\"https:\\\/\\\/blogdoprosperi.com\\\/?p=35749\",\"name\":\"Palmeiras em transe, Eduardo Baptista se equilibra no fio da navalha - PR\u00d3SPERI NEWS\",\"isPartOf\":{\"@id\":\"https:\\\/\\\/blogdoprosperi.com\\\/#website\"},\"primaryImageOfPage\":{\"@id\":\"https:\\\/\\\/blogdoprosperi.com\\\/?p=35749#primaryimage\"},\"image\":{\"@id\":\"https:\\\/\\\/blogdoprosperi.com\\\/?p=35749#primaryimage\"},\"thumbnailUrl\":\"https:\\\/\\\/i0.wp.com\\\/blogdoprosperi.com\\\/wp-content\\\/uploads\\\/2017\\\/05\\\/33630179513_5bbc2753b1_z.jpg?fit=640%2C410&ssl=1\",\"datePublished\":\"2017-05-04T04:17:20+00:00\",\"breadcrumb\":{\"@id\":\"https:\\\/\\\/blogdoprosperi.com\\\/?p=35749#breadcrumb\"},\"inLanguage\":\"pt-BR\",\"potentialAction\":[{\"@type\":\"ReadAction\",\"target\":[\"https:\\\/\\\/blogdoprosperi.com\\\/?p=35749\"]}]},{\"@type\":\"ImageObject\",\"inLanguage\":\"pt-BR\",\"@id\":\"https:\\\/\\\/blogdoprosperi.com\\\/?p=35749#primaryimage\",\"url\":\"https:\\\/\\\/i0.wp.com\\\/blogdoprosperi.com\\\/wp-content\\\/uploads\\\/2017\\\/05\\\/33630179513_5bbc2753b1_z.jpg?fit=640%2C410&ssl=1\",\"contentUrl\":\"https:\\\/\\\/i0.wp.com\\\/blogdoprosperi.com\\\/wp-content\\\/uploads\\\/2017\\\/05\\\/33630179513_5bbc2753b1_z.jpg?fit=640%2C410&ssl=1\",\"width\":640,\"height\":410},{\"@type\":\"BreadcrumbList\",\"@id\":\"https:\\\/\\\/blogdoprosperi.com\\\/?p=35749#breadcrumb\",\"itemListElement\":[{\"@type\":\"ListItem\",\"position\":1,\"name\":\"In\u00edcio\",\"item\":\"https:\\\/\\\/blogdoprosperi.com\\\/\"},{\"@type\":\"ListItem\",\"position\":2,\"name\":\"Palmeiras em transe, Eduardo Baptista se equilibra no fio da navalha\"}]},{\"@type\":\"WebSite\",\"@id\":\"https:\\\/\\\/blogdoprosperi.com\\\/#website\",\"url\":\"https:\\\/\\\/blogdoprosperi.com\\\/\",\"name\":\"PR\u00d3SPERI NEWS\",\"description\":\"TUDO \u00c9  FUTEBOL\",\"publisher\":{\"@id\":\"https:\\\/\\\/blogdoprosperi.com\\\/#\\\/schema\\\/person\\\/38100755ce3601861ee4fab9b5aa78e9\"},\"alternateName\":\"blogdoprosperi.com\",\"potentialAction\":[{\"@type\":\"SearchAction\",\"target\":{\"@type\":\"EntryPoint\",\"urlTemplate\":\"https:\\\/\\\/blogdoprosperi.com\\\/?s={search_term_string}\"},\"query-input\":{\"@type\":\"PropertyValueSpecification\",\"valueRequired\":true,\"valueName\":\"search_term_string\"}}],\"inLanguage\":\"pt-BR\"},{\"@type\":[\"Person\",\"Organization\"],\"@id\":\"https:\\\/\\\/blogdoprosperi.com\\\/#\\\/schema\\\/person\\\/38100755ce3601861ee4fab9b5aa78e9\",\"name\":\"Luiz Ant\u00f4nio Pr\u00f3speri\",\"pronouns\":\"ele\",\"image\":{\"@type\":\"ImageObject\",\"inLanguage\":\"pt-BR\",\"@id\":\"https:\\\/\\\/i0.wp.com\\\/blogdoprosperi.com\\\/wp-content\\\/uploads\\\/2026\\\/05\\\/cropped-8059e613-6002-42fa-961e-8e275f575d71-2-5.jpg?fit=1360%2C931&ssl=1\",\"url\":\"https:\\\/\\\/i0.wp.com\\\/blogdoprosperi.com\\\/wp-content\\\/uploads\\\/2026\\\/05\\\/cropped-8059e613-6002-42fa-961e-8e275f575d71-2-5.jpg?fit=1360%2C931&ssl=1\",\"contentUrl\":\"https:\\\/\\\/i0.wp.com\\\/blogdoprosperi.com\\\/wp-content\\\/uploads\\\/2026\\\/05\\\/cropped-8059e613-6002-42fa-961e-8e275f575d71-2-5.jpg?fit=1360%2C931&ssl=1\",\"width\":1360,\"height\":931,\"caption\":\"Luiz Ant\u00f4nio Pr\u00f3speri\"},\"logo\":{\"@id\":\"https:\\\/\\\/i0.wp.com\\\/blogdoprosperi.com\\\/wp-content\\\/uploads\\\/2026\\\/05\\\/cropped-8059e613-6002-42fa-961e-8e275f575d71-2-5.jpg?fit=1360%2C931&ssl=1\"},\"description\":\"Jornalista com carreira dedicada ao esporte. Cobriu 9 Copas do Mundo in loco, 1990 na It\u00e1lia, 1994 nos EUA, 1998 na Fran\u00e7a, 2002 na Coreia do Sul e Jap\u00e3o, 2006 na Alemanha, 2010 na \u00c1frica do Sul, 2014 no Brasil, 2018 na R\u00fassia e 2022 no Qatar. Eurocopas, 1992 na Su\u00e9cia e 1996 na Inglaterra. Copa das Confedera\u00e7\u00f5es de 2005 na Alemanha e 2009 na \u00c1frica do Sul. Rep\u00f3rter e Editor, trabalhou no Jornal da Tarde e Estad\u00e3o, de 1984 a fevereiro de 2016. Colunista, blogueiro. E comentarista de futebol na R\u00e1dio Estad\u00e3o, de 2013 a fevereiro de 2016. Jornalista respons\u00e1vel do \\\"Pr\u00f3speri News\\\" (blogdoprosperi.com).\",\"sameAs\":[\"http:\\\/\\\/blogdoprosperi.com\",\"Luiz Pr\u00f3speri\",\"@luiz_prosperi\",\"https:\\\/\\\/x.com\\\/Luizprosperi\",\"@prosperinacopa\",\"luiz.prosperi@icloud.com\"],\"url\":\"https:\\\/\\\/blogdoprosperi.com\\\/?author=102107496\"}]}<\/script>\n<!-- \/ Yoast SEO plugin. -->","yoast_head_json":{"title":"Palmeiras em transe, Eduardo Baptista se equilibra no fio da navalha - PR\u00d3SPERI NEWS","robots":{"index":"index","follow":"follow","max-snippet":"max-snippet:-1","max-image-preview":"max-image-preview:large","max-video-preview":"max-video-preview:-1"},"canonical":"https:\/\/blogdoprosperi.com\/?p=35749","og_locale":"pt_BR","og_type":"article","og_title":"Palmeiras em transe, Eduardo Baptista se equilibra no fio da navalha - PR\u00d3SPERI NEWS","og_description":"&#8220;Tivemos muitas dificuldades para jogar em decorr\u00eancia do campo. O Palmeiras \u00e9 um time muito t\u00e9cnico e tivemos [&hellip;]","og_url":"https:\/\/blogdoprosperi.com\/?p=35749","og_site_name":"PR\u00d3SPERI NEWS","article_publisher":"Luiz Pr\u00f3speri","article_author":"Luiz Pr\u00f3speri","article_published_time":"2017-05-04T04:17:20+00:00","og_image":[{"width":640,"height":410,"url":"https:\/\/i0.wp.com\/blogdoprosperi.com\/wp-content\/uploads\/2017\/05\/33630179513_5bbc2753b1_z.jpg?fit=640%2C410&ssl=1","type":"image\/jpeg"}],"author":"Luiz Ant\u00f4nio Pr\u00f3speri","twitter_card":"summary_large_image","twitter_creator":"@Luizprosperi","twitter_site":"@Luizprosperi","twitter_misc":{"Escrito por":"Luiz Ant\u00f4nio Pr\u00f3speri","Est. tempo de leitura":"2 minutos"},"schema":{"@context":"https:\/\/schema.org","@graph":[{"@type":"Article","@id":"https:\/\/blogdoprosperi.com\/?p=35749#article","isPartOf":{"@id":"https:\/\/blogdoprosperi.com\/?p=35749"},"author":{"name":"Luiz Ant\u00f4nio Pr\u00f3speri","@id":"https:\/\/blogdoprosperi.com\/#\/schema\/person\/38100755ce3601861ee4fab9b5aa78e9"},"headline":"Palmeiras em transe, Eduardo Baptista se equilibra no fio da navalha","datePublished":"2017-05-04T04:17:20+00:00","mainEntityOfPage":{"@id":"https:\/\/blogdoprosperi.com\/?p=35749"},"wordCount":493,"commentCount":2,"publisher":{"@id":"https:\/\/blogdoprosperi.com\/#\/schema\/person\/38100755ce3601861ee4fab9b5aa78e9"},"image":{"@id":"https:\/\/blogdoprosperi.com\/?p=35749#primaryimage"},"thumbnailUrl":"https:\/\/i0.wp.com\/blogdoprosperi.com\/wp-content\/uploads\/2017\/05\/33630179513_5bbc2753b1_z.jpg?fit=640%2C410&ssl=1","keywords":["Alexandre Mattos","Copa Libertadores 2017","Crefisa","Eduardo Baptista","futebol","Galiotte","Palmeiras"],"articleSection":["futebol"],"inLanguage":"pt-BR","potentialAction":[{"@type":"CommentAction","name":"Comment","target":["https:\/\/blogdoprosperi.com\/?p=35749#respond"]}]},{"@type":"WebPage","@id":"https:\/\/blogdoprosperi.com\/?p=35749","url":"https:\/\/blogdoprosperi.com\/?p=35749","name":"Palmeiras em transe, Eduardo Baptista se equilibra no fio da navalha - PR\u00d3SPERI NEWS","isPartOf":{"@id":"https:\/\/blogdoprosperi.com\/#website"},"primaryImageOfPage":{"@id":"https:\/\/blogdoprosperi.com\/?p=35749#primaryimage"},"image":{"@id":"https:\/\/blogdoprosperi.com\/?p=35749#primaryimage"},"thumbnailUrl":"https:\/\/i0.wp.com\/blogdoprosperi.com\/wp-content\/uploads\/2017\/05\/33630179513_5bbc2753b1_z.jpg?fit=640%2C410&ssl=1","datePublished":"2017-05-04T04:17:20+00:00","breadcrumb":{"@id":"https:\/\/blogdoprosperi.com\/?p=35749#breadcrumb"},"inLanguage":"pt-BR","potentialAction":[{"@type":"ReadAction","target":["https:\/\/blogdoprosperi.com\/?p=35749"]}]},{"@type":"ImageObject","inLanguage":"pt-BR","@id":"https:\/\/blogdoprosperi.com\/?p=35749#primaryimage","url":"https:\/\/i0.wp.com\/blogdoprosperi.com\/wp-content\/uploads\/2017\/05\/33630179513_5bbc2753b1_z.jpg?fit=640%2C410&ssl=1","contentUrl":"https:\/\/i0.wp.com\/blogdoprosperi.com\/wp-content\/uploads\/2017\/05\/33630179513_5bbc2753b1_z.jpg?fit=640%2C410&ssl=1","width":640,"height":410},{"@type":"BreadcrumbList","@id":"https:\/\/blogdoprosperi.com\/?p=35749#breadcrumb","itemListElement":[{"@type":"ListItem","position":1,"name":"In\u00edcio","item":"https:\/\/blogdoprosperi.com\/"},{"@type":"ListItem","position":2,"name":"Palmeiras em transe, Eduardo Baptista se equilibra no fio da navalha"}]},{"@type":"WebSite","@id":"https:\/\/blogdoprosperi.com\/#website","url":"https:\/\/blogdoprosperi.com\/","name":"PR\u00d3SPERI NEWS","description":"TUDO \u00c9  FUTEBOL","publisher":{"@id":"https:\/\/blogdoprosperi.com\/#\/schema\/person\/38100755ce3601861ee4fab9b5aa78e9"},"alternateName":"blogdoprosperi.com","potentialAction":[{"@type":"SearchAction","target":{"@type":"EntryPoint","urlTemplate":"https:\/\/blogdoprosperi.com\/?s={search_term_string}"},"query-input":{"@type":"PropertyValueSpecification","valueRequired":true,"valueName":"search_term_string"}}],"inLanguage":"pt-BR"},{"@type":["Person","Organization"],"@id":"https:\/\/blogdoprosperi.com\/#\/schema\/person\/38100755ce3601861ee4fab9b5aa78e9","name":"Luiz Ant\u00f4nio Pr\u00f3speri","pronouns":"ele","image":{"@type":"ImageObject","inLanguage":"pt-BR","@id":"https:\/\/i0.wp.com\/blogdoprosperi.com\/wp-content\/uploads\/2026\/05\/cropped-8059e613-6002-42fa-961e-8e275f575d71-2-5.jpg?fit=1360%2C931&ssl=1","url":"https:\/\/i0.wp.com\/blogdoprosperi.com\/wp-content\/uploads\/2026\/05\/cropped-8059e613-6002-42fa-961e-8e275f575d71-2-5.jpg?fit=1360%2C931&ssl=1","contentUrl":"https:\/\/i0.wp.com\/blogdoprosperi.com\/wp-content\/uploads\/2026\/05\/cropped-8059e613-6002-42fa-961e-8e275f575d71-2-5.jpg?fit=1360%2C931&ssl=1","width":1360,"height":931,"caption":"Luiz Ant\u00f4nio Pr\u00f3speri"},"logo":{"@id":"https:\/\/i0.wp.com\/blogdoprosperi.com\/wp-content\/uploads\/2026\/05\/cropped-8059e613-6002-42fa-961e-8e275f575d71-2-5.jpg?fit=1360%2C931&ssl=1"},"description":"Jornalista com carreira dedicada ao esporte. Cobriu 9 Copas do Mundo in loco, 1990 na It\u00e1lia, 1994 nos EUA, 1998 na Fran\u00e7a, 2002 na Coreia do Sul e Jap\u00e3o, 2006 na Alemanha, 2010 na \u00c1frica do Sul, 2014 no Brasil, 2018 na R\u00fassia e 2022 no Qatar. Eurocopas, 1992 na Su\u00e9cia e 1996 na Inglaterra. Copa das Confedera\u00e7\u00f5es de 2005 na Alemanha e 2009 na \u00c1frica do Sul. Rep\u00f3rter e Editor, trabalhou no Jornal da Tarde e Estad\u00e3o, de 1984 a fevereiro de 2016. Colunista, blogueiro. E comentarista de futebol na R\u00e1dio Estad\u00e3o, de 2013 a fevereiro de 2016. Jornalista respons\u00e1vel do \"Pr\u00f3speri News\" (blogdoprosperi.com).","sameAs":["http:\/\/blogdoprosperi.com","Luiz Pr\u00f3speri","@luiz_prosperi","https:\/\/x.com\/Luizprosperi","@prosperinacopa","luiz.prosperi@icloud.com"],"url":"https:\/\/blogdoprosperi.com\/?author=102107496"}]}},"jetpack_publicize_connections":[],"jetpack_likes_enabled":false,"jetpack_sharing_enabled":true,"jetpack_shortlink":"https:\/\/wp.me\/p7jvdk-9iB","jetpack-related-posts":[{"id":35198,"url":"https:\/\/blogdoprosperi.com\/?p=35198","url_meta":{"origin":35749,"position":0},"title":"Palmeiras de Eduardo Baptista troca bola pela for\u00e7a na Copa Libertadores","author":"Luiz Ant\u00f4nio Pr\u00f3speri","date":"9 de mar\u00e7o de 2017","format":false,"excerpt":"Palmeiras quis guerra quando era necess\u00e1rio jogar bola na estreia na Copa Libertadores. Nada mais question\u00e1vel do que encarar a competi\u00e7\u00e3o continental como algo diferente, de que o jogo f\u00edsico deve ser valorizado mais do que a t\u00e9cnica. Ao partir para o confronto corpo a corpo contra o modest\u00edssimo Atl\u00e9tico\u2026","rel":"","context":"Em &quot;Copa Libertadores&quot;","block_context":{"text":"Copa Libertadores","link":"https:\/\/blogdoprosperi.com\/?cat=270704"},"img":{"alt_text":"","src":"https:\/\/i0.wp.com\/blogdoprosperi.com\/wp-content\/uploads\/2017\/03\/miguel-borja-atletico-tucuman-palmeiras-libertadores-08032017_p28wsh9ohbjb1dbxuhh80akdv.jpg?resize=350%2C200&ssl=1","width":350,"height":200,"srcset":"https:\/\/i0.wp.com\/blogdoprosperi.com\/wp-content\/uploads\/2017\/03\/miguel-borja-atletico-tucuman-palmeiras-libertadores-08032017_p28wsh9ohbjb1dbxuhh80akdv.jpg?resize=350%2C200&ssl=1 1x, https:\/\/i0.wp.com\/blogdoprosperi.com\/wp-content\/uploads\/2017\/03\/miguel-borja-atletico-tucuman-palmeiras-libertadores-08032017_p28wsh9ohbjb1dbxuhh80akdv.jpg?resize=525%2C300&ssl=1 1.5x, https:\/\/i0.wp.com\/blogdoprosperi.com\/wp-content\/uploads\/2017\/03\/miguel-borja-atletico-tucuman-palmeiras-libertadores-08032017_p28wsh9ohbjb1dbxuhh80akdv.jpg?resize=700%2C400&ssl=1 2x, https:\/\/i0.wp.com\/blogdoprosperi.com\/wp-content\/uploads\/2017\/03\/miguel-borja-atletico-tucuman-palmeiras-libertadores-08032017_p28wsh9ohbjb1dbxuhh80akdv.jpg?resize=1050%2C600&ssl=1 3x, https:\/\/i0.wp.com\/blogdoprosperi.com\/wp-content\/uploads\/2017\/03\/miguel-borja-atletico-tucuman-palmeiras-libertadores-08032017_p28wsh9ohbjb1dbxuhh80akdv.jpg?resize=1400%2C800&ssl=1 4x"},"classes":[]},{"id":34837,"url":"https:\/\/blogdoprosperi.com\/?p=34837","url_meta":{"origin":35749,"position":1},"title":"Palmeiras precisa de encontrar um goleador","author":"Luiz Ant\u00f4nio Pr\u00f3speri","date":"29 de janeiro de 2017","format":false,"excerpt":"A uma semana da estreia no Campeonato Paulista, o Palmeiras deixa claro sua enorme dificuldade para fazer gols. No amistoso contra a Ponte Preta, \u00faltimo ensaio da pr\u00e9-temporada, empatou por 1 a 1 no Allianz Parque com direito a desperd\u00edcio de uma quantidade consider\u00e1vel de gols, em especial no primeiro\u2026","rel":"","context":"Em &quot;futebol&quot;","block_context":{"text":"futebol","link":"https:\/\/blogdoprosperi.com\/?cat=53870"},"img":{"alt_text":"","src":"https:\/\/i0.wp.com\/blogdoprosperi.com\/wp-content\/uploads\/2017\/01\/32597807695_91ab5a1075_o.jpg?resize=350%2C200&ssl=1","width":350,"height":200,"srcset":"https:\/\/i0.wp.com\/blogdoprosperi.com\/wp-content\/uploads\/2017\/01\/32597807695_91ab5a1075_o.jpg?resize=350%2C200&ssl=1 1x, https:\/\/i0.wp.com\/blogdoprosperi.com\/wp-content\/uploads\/2017\/01\/32597807695_91ab5a1075_o.jpg?resize=525%2C300&ssl=1 1.5x, https:\/\/i0.wp.com\/blogdoprosperi.com\/wp-content\/uploads\/2017\/01\/32597807695_91ab5a1075_o.jpg?resize=700%2C400&ssl=1 2x"},"classes":[]},{"id":35645,"url":"https:\/\/blogdoprosperi.com\/?p=35645","url_meta":{"origin":35749,"position":2},"title":"Ponte Preta se fortalece e enche Palmeiras de d\u00favidas","author":"Luiz Ant\u00f4nio Pr\u00f3speri","date":"23 de abril de 2017","format":false,"excerpt":"Primeiro, derrubou o Santos. Depois, o Palmeiras. A Ponte Preta chega \u00e0 final do Paulist\u00e3o 2017 muito mais forte do que se imaginava. A prova definitiva se deu no Allianz Parque com 40 mil torcedores e tendo como advers\u00e1rio um time de m\u00faltiplos recursos. N\u00e3o se apequenou em nenhum momento,\u2026","rel":"","context":"Em &quot;futebol&quot;","block_context":{"text":"futebol","link":"https:\/\/blogdoprosperi.com\/?cat=53870"},"img":{"alt_text":"","src":"https:\/\/i0.wp.com\/blogdoprosperi.com\/wp-content\/uploads\/2017\/04\/pro14.jpg?fit=1200%2C800&ssl=1&resize=350%2C200","width":350,"height":200,"srcset":"https:\/\/i0.wp.com\/blogdoprosperi.com\/wp-content\/uploads\/2017\/04\/pro14.jpg?fit=1200%2C800&ssl=1&resize=350%2C200 1x, https:\/\/i0.wp.com\/blogdoprosperi.com\/wp-content\/uploads\/2017\/04\/pro14.jpg?fit=1200%2C800&ssl=1&resize=525%2C300 1.5x, https:\/\/i0.wp.com\/blogdoprosperi.com\/wp-content\/uploads\/2017\/04\/pro14.jpg?fit=1200%2C800&ssl=1&resize=700%2C400 2x, https:\/\/i0.wp.com\/blogdoprosperi.com\/wp-content\/uploads\/2017\/04\/pro14.jpg?fit=1200%2C800&ssl=1&resize=1050%2C600 3x"},"classes":[]},{"id":35930,"url":"https:\/\/blogdoprosperi.com\/?p=35930","url_meta":{"origin":35749,"position":3},"title":"Palmeiras se encorpa com Cuca e avan\u00e7a \u00e0s oitavas da Libertadores. Flamengo fica pelo caminho","author":"Luiz Ant\u00f4nio Pr\u00f3speri","date":"25 de maio de 2017","format":false,"excerpt":"Palmeiras avan\u00e7a \u00e0s oitavas de final da Copa Libertadores 2017 e se junta a Santos, Atl\u00e9tico-MG, Atl\u00e9tico-PR, Botafogo e Gr\u00eamio, representantes do futebol brasileiro tamb\u00e9m classificados. Flamengo e Chapecoense ficaram no meio do caminho \u2013 clube catarinense ainda tenta recuperar a vaga na Corte Disciplinar da Conmebol. Derrota imposta ao\u2026","rel":"","context":"Em &quot;Copa Libertadores&quot;","block_context":{"text":"Copa Libertadores","link":"https:\/\/blogdoprosperi.com\/?cat=270704"},"img":{"alt_text":"","src":"https:\/\/i0.wp.com\/blogdoprosperi.com\/wp-content\/uploads\/2017\/05\/34032457084_b60b749025_o.jpg?fit=1000%2C604&ssl=1&resize=350%2C200","width":350,"height":200,"srcset":"https:\/\/i0.wp.com\/blogdoprosperi.com\/wp-content\/uploads\/2017\/05\/34032457084_b60b749025_o.jpg?fit=1000%2C604&ssl=1&resize=350%2C200 1x, https:\/\/i0.wp.com\/blogdoprosperi.com\/wp-content\/uploads\/2017\/05\/34032457084_b60b749025_o.jpg?fit=1000%2C604&ssl=1&resize=525%2C300 1.5x, https:\/\/i0.wp.com\/blogdoprosperi.com\/wp-content\/uploads\/2017\/05\/34032457084_b60b749025_o.jpg?fit=1000%2C604&ssl=1&resize=700%2C400 2x"},"classes":[]},{"id":35703,"url":"https:\/\/blogdoprosperi.com\/?p=35703","url_meta":{"origin":35749,"position":4},"title":"Quem tem Felipe Melo corre risco de colher tempestades","author":"Luiz Ant\u00f4nio Pr\u00f3speri","date":"27 de abril de 2017","format":false,"excerpt":"Quem tem um jogador da estirpe de Felipe Melo sabe que n\u00e3o vai navegar a vida inteira em \u00e1guas calmas. \u00c9 preciso acompanhar seus movimentos com o cuidado que se anda em uma loja de cristais. Um leve esbarr\u00e3o pode provocar um enorme preju\u00edzo. Depois, nem tem como recolher os\u2026","rel":"","context":"Em &quot;Copa Libertadores&quot;","block_context":{"text":"Copa Libertadores","link":"https:\/\/blogdoprosperi.com\/?cat=270704"},"img":{"alt_text":"","src":"https:\/\/i0.wp.com\/blogdoprosperi.com\/wp-content\/uploads\/2017\/04\/58c9ff88d056c.jpeg?fit=622%2C350&ssl=1&resize=350%2C200","width":350,"height":200,"srcset":"https:\/\/i0.wp.com\/blogdoprosperi.com\/wp-content\/uploads\/2017\/04\/58c9ff88d056c.jpeg?fit=622%2C350&ssl=1&resize=350%2C200 1x, https:\/\/i0.wp.com\/blogdoprosperi.com\/wp-content\/uploads\/2017\/04\/58c9ff88d056c.jpeg?fit=622%2C350&ssl=1&resize=525%2C300 1.5x"},"classes":[]},{"id":33527,"url":"https:\/\/blogdoprosperi.com\/?p=33527","url_meta":{"origin":35749,"position":5},"title":"Palmeiras arrisca ao eleger Eduardo Baptista sucessor de Cuca no comando do time campe\u00e3o","author":"Luiz Ant\u00f4nio Pr\u00f3speri","date":"1 de dezembro de 2016","format":false,"excerpt":"Palmeiras come\u00e7a errado seu planejamento para 2017. Dirigentes n\u00e3o pensaram em um treinador, mesmo informados de que Cuca n\u00e3o renovaria contrato. Imaginaram, em cima do sucesso do time campe\u00e3o brasileiro e do cofre cheio de dinheiro, que treinadores bateriam \u00e0 porta do clube se oferecendo para dirigir o time. N\u00e3o\u2026","rel":"","context":"Em &quot;futebol&quot;","block_context":{"text":"futebol","link":"https:\/\/blogdoprosperi.com\/?cat=53870"},"img":{"alt_text":"","src":"https:\/\/i0.wp.com\/blogdoprosperi.com\/wp-content\/uploads\/2016\/12\/edubap1.jpg?resize=350%2C200&ssl=1","width":350,"height":200,"srcset":"https:\/\/i0.wp.com\/blogdoprosperi.com\/wp-content\/uploads\/2016\/12\/edubap1.jpg?resize=350%2C200&ssl=1 1x, https:\/\/i0.wp.com\/blogdoprosperi.com\/wp-content\/uploads\/2016\/12\/edubap1.jpg?resize=525%2C300&ssl=1 1.5x"},"classes":[]}],"jetpack_featured_media_url":"https:\/\/i0.wp.com\/blogdoprosperi.com\/wp-content\/uploads\/2017\/05\/33630179513_5bbc2753b1_z.jpg?fit=640%2C410&ssl=1","_links":{"self":[{"href":"https:\/\/blogdoprosperi.com\/index.php?rest_route=\/wp\/v2\/posts\/35749","targetHints":{"allow":["GET"]}}],"collection":[{"href":"https:\/\/blogdoprosperi.com\/index.php?rest_route=\/wp\/v2\/posts"}],"about":[{"href":"https:\/\/blogdoprosperi.com\/index.php?rest_route=\/wp\/v2\/types\/post"}],"author":[{"embeddable":true,"href":"https:\/\/blogdoprosperi.com\/index.php?rest_route=\/wp\/v2\/users\/102107496"}],"replies":[{"embeddable":true,"href":"https:\/\/blogdoprosperi.com\/index.php?rest_route=%2Fwp%2Fv2%2Fcomments&post=35749"}],"version-history":[{"count":25,"href":"https:\/\/blogdoprosperi.com\/index.php?rest_route=\/wp\/v2\/posts\/35749\/revisions"}],"predecessor-version":[{"id":35795,"href":"https:\/\/blogdoprosperi.com\/index.php?rest_route=\/wp\/v2\/posts\/35749\/revisions\/35795"}],"wp:featuredmedia":[{"embeddable":true,"href":"https:\/\/blogdoprosperi.com\/index.php?rest_route=\/wp\/v2\/media\/35791"}],"wp:attachment":[{"href":"https:\/\/blogdoprosperi.com\/index.php?rest_route=%2Fwp%2Fv2%2Fmedia&parent=35749"}],"wp:term":[{"taxonomy":"category","embeddable":true,"href":"https:\/\/blogdoprosperi.com\/index.php?rest_route=%2Fwp%2Fv2%2Fcategories&post=35749"},{"taxonomy":"post_tag","embeddable":true,"href":"https:\/\/blogdoprosperi.com\/index.php?rest_route=%2Fwp%2Fv2%2Ftags&post=35749"}],"curies":[{"name":"wp","href":"https:\/\/api.w.org\/{rel}","templated":true}]}}