{"id":35796,"date":"2017-05-06T20:30:05","date_gmt":"2017-05-06T23:30:05","guid":{"rendered":"http:\/\/blogdoprosperi.com\/?p=35796"},"modified":"2017-05-06T20:35:11","modified_gmt":"2017-05-06T23:35:11","slug":"cuca-volta-ao-palmeiras-e-treinadores-se-mobilizam-contra-demissao-de-baptista","status":"publish","type":"post","link":"https:\/\/blogdoprosperi.com\/?p=35796","title":{"rendered":"Cuca volta ao Palmeiras e treinadores se mobilizam contra demiss\u00e3o de Baptista"},"content":{"rendered":"<div class=\"post-content\">\n<p>Cuca reassumiu o comando do Palmeiras, ap\u00f3s cinco meses de sua sa\u00edda. Volta para ocupar o lugar que era de Eduardo Baptista, demitido na quinta-feira. A queda de Baptista provocou a mobiliza\u00e7\u00e3o de importantes treinadores em rep\u00fadio \u00e0 demiss\u00e3o de um jovem profissional que estava apenas h\u00e1 cinco meses no clube. Por meio do grupo que eles t\u00eam no Whatsapp, trocaram mensagens e combinaram de se manifestar contra a decis\u00e3o do Palmeiras.<\/p>\n<p>O tom dos protestos sugere que os t\u00e9cnicos est\u00e3o preocupados em defender a classe, at\u00e9 ent\u00e3o muito desunida e sem for\u00e7a nas institui\u00e7\u00f5es que comandam o futebol brasileiro. At\u00e9 Felip\u00e3o mandou seu recado l\u00e1 da China.<\/p>\n<p>\u201cUm absurdo a demiss\u00e3o dele (<em>Eduardo Baptista<\/em>). Est\u00e1 na hora de os t\u00e9cnicos se manifestarem para acabarmos com este tipo de situa\u00e7\u00e3o\u201d, disse Felip\u00e3o. O treinador j\u00e1 havia se manifestado aqui no\u00a0<strong>Chuteira FC<\/strong>\u00a0sua\u00a0<a href=\"http:\/\/chuteirafc.cartacapital.com.br\/felipao\/\">indigna\u00e7\u00e3o como os t\u00e9cnicos s\u00e3o tratados no Brasil<\/a>. Pediu uni\u00e3o dos treinadores e defesa da classe.<\/p>\n<p>A atitude de Felip\u00e3o foi acompanhada por boa parte de comandantes de clubes da S\u00e9rie A. Abel Braga (Fluminense), Rogerio Ceni (S\u00e3o Paulo), Fabio Carille (Corinthians) e Z\u00e9 Ricardo (Flamengo) se manifestaram nas coletivas de imprensa tamb\u00e9m em tom cr\u00edtico \u00e0 decis\u00e3o do Palmeiras. E devem aparecer em mais declara\u00e7\u00f5es neste fim de semana. O rep\u00fadio n\u00e3o se deu apenas pela demiss\u00e3o em si de Baptista, mas tamb\u00e9m por interven\u00e7\u00e3o direta de dirigentes no trabalho do treinador.<\/p>\n<p>Muitos desses treinadores foram informados de alguns acontecimentos nos bastidores do jogo que culminaram com a queda do t\u00e9cnico. A hist\u00f3ria que chegou at\u00e9 eles foi de que na \u00faltima prele\u00e7\u00e3o de Baptista, antes do jogo contra o Jorge Wilstermann, quando ele anunciou que William seria titular e Borja (atacante contratado por R$ 35 milh\u00f5es) ficaria no banco, o diretor executivo de futebol Alexandre Mattos teria ficado furioso, saiu cuspindo marimbondos da sala de prele\u00e7\u00e3o e teria se recusado a seguir no \u00f4nibus com a delega\u00e7\u00e3o do Palmeiras at\u00e9 o est\u00e1dio do time boliviano. Essa atitude de Mattos tamb\u00e9m provocou ainda mais a revolta geral entre os treinadores.<\/p>\n<p><span class=\"alignnone\"><img data-recalc-dims=\"1\" loading=\"lazy\" decoding=\"async\" data-attachment-id=\"34851\" data-permalink=\"https:\/\/blogdoprosperi.com\/?attachment_id=34851\" data-orig-file=\"https:\/\/i0.wp.com\/blogdoprosperi.com\/wp-content\/uploads\/2017\/01\/31754087634_24058aacac_o.jpg?fit=1000%2C641&amp;ssl=1\" data-orig-size=\"1000,641\" data-comments-opened=\"1\" data-image-meta=\"{&quot;aperture&quot;:&quot;3.2&quot;,&quot;credit&quot;:&quot;(5) Cesar Greco \/ Fotoarena&quot;,&quot;camera&quot;:&quot;Canon EOS-1D X&quot;,&quot;caption&quot;:&quot;O t\\u00e9cnico Eduardo Baptista, da SE Palmeiras, em jogo contra a equipe da AA Ponte Preta, durante partida amistosa, na Arena Allianz Parque.&quot;,&quot;created_timestamp&quot;:&quot;1485715530&quot;,&quot;copyright&quot;:&quot;Cesar Greco&quot;,&quot;focal_length&quot;:&quot;400&quot;,&quot;iso&quot;:&quot;800&quot;,&quot;shutter_speed&quot;:&quot;0.00125&quot;,&quot;title&quot;:&quot;&quot;,&quot;orientation&quot;:&quot;0&quot;}\" data-image-title=\"31754087634_24058aacac_o\" data-image-description=\"\" data-image-caption=\"&lt;p&gt;O t\u00e9cnico Eduardo Baptista, da SE Palmeiras, em jogo contra a equipe da AA Ponte Preta, durante partida amistosa, na Arena Allianz Parque.&lt;\/p&gt;\n\" data-large-file=\"https:\/\/i0.wp.com\/blogdoprosperi.com\/wp-content\/uploads\/2017\/01\/31754087634_24058aacac_o.jpg?fit=940%2C603&amp;ssl=1\" class=\"alignnone size-full wp-image-34851\" src=\"https:\/\/i0.wp.com\/blogdoprosperi.com\/wp-content\/uploads\/2017\/01\/31754087634_24058aacac_o.jpg?resize=940%2C603&#038;ssl=1\" alt=\"31754087634_24058aacac_o\" width=\"940\" height=\"603\" \/><\/span>&nbsp;<\/p>\n<p>Veja o que disseram alguns t\u00e9cnicos a respeito da demiss\u00e3o de Eduardo Baptista:<\/p>\n<p><strong>Abel Braga<\/strong><\/p>\n<p>\u201cQuero quebrar o protocolo. Cada vez ficamos mais sem entender as coisas como treinador. J\u00e1 n\u00e3o entendi a demiss\u00e3o do Marcelo Oliveira (Atl\u00e9tico-MG) no meio de duas finais. Agora vai come\u00e7ar o Brasileiro, todo time quer chegar na Libertadores. O Eduardo Baptista est\u00e1 em primeiro do seu grupo e \u00e9 demitido. Qual o projeto?\u201d, questionou Braga, treinador do Fluminense. \u201c\u00c9 um t\u00e9cnico jovem, como todos querem, um cara s\u00e9rio e \u00f3timo treinador.\u00a0\u00c9 uma marca negativa do nosso sindicato, da nossa associa\u00e7\u00e3o. Vamos falar de coisa boa, porque s\u00f3 se conta hist\u00f3ria triste sobre os treinadores\u201d.<\/p>\n<p><strong>Felip\u00e3o<\/strong><\/p>\n<p>\u201cUm absurdo a demiss\u00e3o dele. Ele est\u00e1 na lideran\u00e7a do seu grupo na Libertadores e praticamente classificado. Tem s\u00f3 quatro meses de trabalho. \u00c9 um t\u00e9cnico jovem e quando se aposta assim tem que dar respaldo e tempo para o crescimento do trabalho. A culpa n\u00e3o \u00e9 s\u00f3 do t\u00e9cnico, tem que se observar outros fatores e setores do clube que determinam um momento irregular de uma equipe\u201d, bateu Felip\u00e3o.<\/p>\n<div class=\"perform\">\n<p>\u201cNo caso do Eduardo Baptista ainda teve uma parcela de responsabilidade de parte da imprensa que fez uma press\u00e3o para sua sa\u00edda. Ele \u00e9 uma v\u00edtima. Gostaria de estar a\u00ed para dar um abra\u00e7o nele neste momento. Est\u00e1 na hora dos t\u00e9cnicos se manifestarem para acabarmos com este tipo de situa\u00e7\u00e3o\u201d, insistiu Felip\u00e3o, direto da China.<\/p>\n<p><strong>Rogerio Ceni<\/strong><\/p>\n<p>\u201cLeio muito pouco e n\u00e3o me sinto pressionado. Vejo muita gente que n\u00e3o entende de futebol dando opini\u00f5es. A tend\u00eancia da imprensa \u00e9 sempre apimentar. Lamento a sa\u00edda do Eduardo porque acho que vinha fazendo um \u00f3timo trabalho. Tinha 67% de aproveitamento. Caiu de maneira inesperada na semifinal para a Ponte Preta, mas tinha totais condi\u00e7\u00f5es de levar o Palmeiras longe nas pr\u00f3ximas competi\u00e7\u00f5es. Honestamente n\u00e3o perderia meu tempo brigando com voc\u00eas\u00a0<em>(imprensa<\/em>), n\u00e3o ganharia nada com isso. Mas veja o jogo com o Pe\u00f1arol. Voc\u00ea vira perdendo de 2 a 0, vai para 3 a 2, acontece tudo que aconteceu. Voc\u00ea tem uma vit\u00f3ria \u00e9pica e \u00e9 normal que tenha um desabafo (<em>de Eduardo Baptista<\/em>). Aqui, antes de um treino, a rea\u00e7\u00e3o seria completamente diferente\u201d, critica o t\u00e9cnico do S\u00e3o Paulo.<\/p>\n<p><strong>Fabio Carille<\/strong><\/p>\n<p>\u201cO que se passou l\u00e1 dentro (<em>do Palmeiras<\/em>) s\u00f3 o presidente, o diretor e ele (<em>Baptista<\/em>) sabem. De qualquer forma n\u00e3o se levou em conta o trabalho e sim o resultado. Um resultado ruim num mata-mata (<em>derrota para a Ponte Preta na semifinais do Paulist\u00e3o<\/em>) n\u00e3o pode levar \u00e0 sa\u00edda do profissional. No mata-mata, \u00e0s vezes voc\u00ea n\u00e3o est\u00e1 num bom dia, as coisas n\u00e3o se encaixam, e voc\u00ea perde. Repito, \u00e9 triste. Mas o que realmente aconteceu s\u00f3 eles l\u00e1 dentro \u00e9 que podem falar\u201d, disse Carille ao ser questionado sobre a demiss\u00e3o de Baptista.<\/p>\n<p>&nbsp;<\/p>\n<\/div>\n<\/div>\n<p><a href=\"http:\/\/chuteirafc.cartacapital.com.br\">(texto publicado no CHUTEIRA FC)<\/a><\/p>\n","protected":false},"excerpt":{"rendered":"<p>Cuca reassumiu o comando do Palmeiras, ap\u00f3s cinco meses de sua sa\u00edda. Volta para ocupar o lugar que [&hellip;]<\/p>\n","protected":false},"author":102107496,"featured_media":34099,"comment_status":"open","ping_status":"open","sticky":false,"template":"","format":"standard","meta":{"_coblocks_attr":"","_coblocks_dimensions":"","_coblocks_responsive_height":"","_coblocks_accordion_ie_support":"","_jetpack_newsletter_access":"","_jetpack_dont_email_post_to_subs":false,"_jetpack_newsletter_tier_id":0,"_jetpack_memberships_contains_paywalled_content":false,"_wpcom_ai_launchpad_first_post":false,"_jetpack_feature_clip_id":0,"_jetpack_memberships_contains_paid_content":false,"footnotes":"","jetpack_publicize_message":"","jetpack_publicize_feature_enabled":true,"jetpack_social_post_already_shared":false,"jetpack_social_options":{"image_generator_settings":{"template":"highway","default_image_id":0,"font":"","enabled":false},"version":2},"jetpack_post_was_ever_published":false},"categories":[53870],"tags":[1058714,177066,471113831,11006842,44145107,104071,789560560,287104,1181872,1114917],"class_list":["post-35796","post","type-post","status-publish","format-standard","has-post-thumbnail","hentry","category-futebol","tag-abel-braga","tag-corinthians","tag-cuca-palmeiras","tag-eduardo-baptista","tag-fabio-carille","tag-felipao","tag-futebol","tag-palmeiras","tag-rogerio-ceni","tag-spfc"],"yoast_head":"<!-- This site is optimized with the Yoast SEO plugin v28.3 - https:\/\/yoast.com\/product\/yoast-seo-wordpress\/ -->\n<title>Cuca volta ao Palmeiras e treinadores se mobilizam contra demiss\u00e3o de Baptista - PR\u00d3SPERI NEWS<\/title>\n<meta name=\"robots\" content=\"index, follow, max-snippet:-1, max-image-preview:large, max-video-preview:-1\" \/>\n<link rel=\"canonical\" href=\"https:\/\/blogdoprosperi.com\/?p=35796\" \/>\n<meta property=\"og:locale\" content=\"pt_BR\" \/>\n<meta property=\"og:type\" content=\"article\" \/>\n<meta property=\"og:title\" content=\"Cuca volta ao Palmeiras e treinadores se mobilizam contra demiss\u00e3o de Baptista - PR\u00d3SPERI NEWS\" \/>\n<meta property=\"og:description\" content=\"Cuca reassumiu o comando do Palmeiras, ap\u00f3s cinco meses de sua sa\u00edda. Volta para ocupar o lugar que [&hellip;]\" \/>\n<meta property=\"og:url\" content=\"https:\/\/blogdoprosperi.com\/?p=35796\" \/>\n<meta property=\"og:site_name\" content=\"PR\u00d3SPERI NEWS\" \/>\n<meta property=\"article:publisher\" content=\"Luiz Pr\u00f3speri\" \/>\n<meta property=\"article:author\" content=\"Luiz Pr\u00f3speri\" \/>\n<meta property=\"article:published_time\" content=\"2017-05-06T23:30:05+00:00\" \/>\n<meta property=\"article:modified_time\" content=\"2017-05-06T23:35:11+00:00\" \/>\n<meta property=\"og:image\" content=\"https:\/\/i0.wp.com\/blogdoprosperi.com\/wp-content\/uploads\/2016\/12\/cuca8.jpg?fit=683%2C1024&ssl=1\" \/>\n\t<meta property=\"og:image:width\" content=\"683\" \/>\n\t<meta property=\"og:image:height\" content=\"1024\" \/>\n\t<meta property=\"og:image:type\" content=\"image\/jpeg\" \/>\n<meta name=\"author\" content=\"Luiz Ant\u00f4nio Pr\u00f3speri\" \/>\n<meta name=\"twitter:card\" content=\"summary_large_image\" \/>\n<meta name=\"twitter:creator\" content=\"@Luizprosperi\" \/>\n<meta name=\"twitter:site\" content=\"@Luizprosperi\" \/>\n<meta name=\"twitter:label1\" content=\"Escrito por\" \/>\n\t<meta name=\"twitter:data1\" content=\"Luiz Ant\u00f4nio Pr\u00f3speri\" \/>\n\t<meta name=\"twitter:label2\" content=\"Est. tempo de leitura\" \/>\n\t<meta name=\"twitter:data2\" content=\"4 minutos\" \/>\n<script type=\"application\/ld+json\" class=\"yoast-schema-graph\">{\"@context\":\"https:\\\/\\\/schema.org\",\"@graph\":[{\"@type\":\"Article\",\"@id\":\"https:\\\/\\\/blogdoprosperi.com\\\/?p=35796#article\",\"isPartOf\":{\"@id\":\"https:\\\/\\\/blogdoprosperi.com\\\/?p=35796\"},\"author\":{\"name\":\"Luiz Ant\u00f4nio Pr\u00f3speri\",\"@id\":\"https:\\\/\\\/blogdoprosperi.com\\\/#\\\/schema\\\/person\\\/38100755ce3601861ee4fab9b5aa78e9\"},\"headline\":\"Cuca volta ao Palmeiras e treinadores se mobilizam contra demiss\u00e3o de Baptista\",\"datePublished\":\"2017-05-06T23:30:05+00:00\",\"dateModified\":\"2017-05-06T23:35:11+00:00\",\"mainEntityOfPage\":{\"@id\":\"https:\\\/\\\/blogdoprosperi.com\\\/?p=35796\"},\"wordCount\":903,\"commentCount\":2,\"publisher\":{\"@id\":\"https:\\\/\\\/blogdoprosperi.com\\\/#\\\/schema\\\/person\\\/38100755ce3601861ee4fab9b5aa78e9\"},\"image\":{\"@id\":\"https:\\\/\\\/blogdoprosperi.com\\\/?p=35796#primaryimage\"},\"thumbnailUrl\":\"https:\\\/\\\/i0.wp.com\\\/blogdoprosperi.com\\\/wp-content\\\/uploads\\\/2016\\\/12\\\/cuca8.jpg?fit=1844%2C2766&ssl=1\",\"keywords\":[\"Abel Braga\",\"Corinthians\",\"Cuca Palmeiras\",\"Eduardo Baptista\",\"Fabio Carille\",\"Felip\u00e3o\",\"futebol\",\"Palmeiras\",\"Rog\u00e9rio Ceni\",\"SPFC\"],\"articleSection\":[\"futebol\"],\"inLanguage\":\"pt-BR\",\"potentialAction\":[{\"@type\":\"CommentAction\",\"name\":\"Comment\",\"target\":[\"https:\\\/\\\/blogdoprosperi.com\\\/?p=35796#respond\"]}]},{\"@type\":\"WebPage\",\"@id\":\"https:\\\/\\\/blogdoprosperi.com\\\/?p=35796\",\"url\":\"https:\\\/\\\/blogdoprosperi.com\\\/?p=35796\",\"name\":\"Cuca volta ao Palmeiras e treinadores se mobilizam contra demiss\u00e3o de Baptista - PR\u00d3SPERI NEWS\",\"isPartOf\":{\"@id\":\"https:\\\/\\\/blogdoprosperi.com\\\/#website\"},\"primaryImageOfPage\":{\"@id\":\"https:\\\/\\\/blogdoprosperi.com\\\/?p=35796#primaryimage\"},\"image\":{\"@id\":\"https:\\\/\\\/blogdoprosperi.com\\\/?p=35796#primaryimage\"},\"thumbnailUrl\":\"https:\\\/\\\/i0.wp.com\\\/blogdoprosperi.com\\\/wp-content\\\/uploads\\\/2016\\\/12\\\/cuca8.jpg?fit=1844%2C2766&ssl=1\",\"datePublished\":\"2017-05-06T23:30:05+00:00\",\"dateModified\":\"2017-05-06T23:35:11+00:00\",\"breadcrumb\":{\"@id\":\"https:\\\/\\\/blogdoprosperi.com\\\/?p=35796#breadcrumb\"},\"inLanguage\":\"pt-BR\",\"potentialAction\":[{\"@type\":\"ReadAction\",\"target\":[\"https:\\\/\\\/blogdoprosperi.com\\\/?p=35796\"]}]},{\"@type\":\"ImageObject\",\"inLanguage\":\"pt-BR\",\"@id\":\"https:\\\/\\\/blogdoprosperi.com\\\/?p=35796#primaryimage\",\"url\":\"https:\\\/\\\/i0.wp.com\\\/blogdoprosperi.com\\\/wp-content\\\/uploads\\\/2016\\\/12\\\/cuca8.jpg?fit=1844%2C2766&ssl=1\",\"contentUrl\":\"https:\\\/\\\/i0.wp.com\\\/blogdoprosperi.com\\\/wp-content\\\/uploads\\\/2016\\\/12\\\/cuca8.jpg?fit=1844%2C2766&ssl=1\",\"width\":1844,\"height\":2766},{\"@type\":\"BreadcrumbList\",\"@id\":\"https:\\\/\\\/blogdoprosperi.com\\\/?p=35796#breadcrumb\",\"itemListElement\":[{\"@type\":\"ListItem\",\"position\":1,\"name\":\"In\u00edcio\",\"item\":\"https:\\\/\\\/blogdoprosperi.com\\\/\"},{\"@type\":\"ListItem\",\"position\":2,\"name\":\"Cuca volta ao Palmeiras e treinadores se mobilizam contra demiss\u00e3o de Baptista\"}]},{\"@type\":\"WebSite\",\"@id\":\"https:\\\/\\\/blogdoprosperi.com\\\/#website\",\"url\":\"https:\\\/\\\/blogdoprosperi.com\\\/\",\"name\":\"PR\u00d3SPERI NEWS\",\"description\":\"TUDO \u00c9  FUTEBOL\",\"publisher\":{\"@id\":\"https:\\\/\\\/blogdoprosperi.com\\\/#\\\/schema\\\/person\\\/38100755ce3601861ee4fab9b5aa78e9\"},\"alternateName\":\"blogdoprosperi.com\",\"potentialAction\":[{\"@type\":\"SearchAction\",\"target\":{\"@type\":\"EntryPoint\",\"urlTemplate\":\"https:\\\/\\\/blogdoprosperi.com\\\/?s={search_term_string}\"},\"query-input\":{\"@type\":\"PropertyValueSpecification\",\"valueRequired\":true,\"valueName\":\"search_term_string\"}}],\"inLanguage\":\"pt-BR\"},{\"@type\":[\"Person\",\"Organization\"],\"@id\":\"https:\\\/\\\/blogdoprosperi.com\\\/#\\\/schema\\\/person\\\/38100755ce3601861ee4fab9b5aa78e9\",\"name\":\"Luiz Ant\u00f4nio Pr\u00f3speri\",\"pronouns\":\"ele\",\"image\":{\"@type\":\"ImageObject\",\"inLanguage\":\"pt-BR\",\"@id\":\"https:\\\/\\\/i0.wp.com\\\/blogdoprosperi.com\\\/wp-content\\\/uploads\\\/2026\\\/05\\\/cropped-8059e613-6002-42fa-961e-8e275f575d71-2-5.jpg?fit=1360%2C931&ssl=1\",\"url\":\"https:\\\/\\\/i0.wp.com\\\/blogdoprosperi.com\\\/wp-content\\\/uploads\\\/2026\\\/05\\\/cropped-8059e613-6002-42fa-961e-8e275f575d71-2-5.jpg?fit=1360%2C931&ssl=1\",\"contentUrl\":\"https:\\\/\\\/i0.wp.com\\\/blogdoprosperi.com\\\/wp-content\\\/uploads\\\/2026\\\/05\\\/cropped-8059e613-6002-42fa-961e-8e275f575d71-2-5.jpg?fit=1360%2C931&ssl=1\",\"width\":1360,\"height\":931,\"caption\":\"Luiz Ant\u00f4nio Pr\u00f3speri\"},\"logo\":{\"@id\":\"https:\\\/\\\/i0.wp.com\\\/blogdoprosperi.com\\\/wp-content\\\/uploads\\\/2026\\\/05\\\/cropped-8059e613-6002-42fa-961e-8e275f575d71-2-5.jpg?fit=1360%2C931&ssl=1\"},\"description\":\"Jornalista com carreira dedicada ao esporte. Cobriu 9 Copas do Mundo in loco, 1990 na It\u00e1lia, 1994 nos EUA, 1998 na Fran\u00e7a, 2002 na Coreia do Sul e Jap\u00e3o, 2006 na Alemanha, 2010 na \u00c1frica do Sul, 2014 no Brasil, 2018 na R\u00fassia e 2022 no Qatar. Eurocopas, 1992 na Su\u00e9cia e 1996 na Inglaterra. Copa das Confedera\u00e7\u00f5es de 2005 na Alemanha e 2009 na \u00c1frica do Sul. Rep\u00f3rter e Editor, trabalhou no Jornal da Tarde e Estad\u00e3o, de 1984 a fevereiro de 2016. Colunista, blogueiro. E comentarista de futebol na R\u00e1dio Estad\u00e3o, de 2013 a fevereiro de 2016. Jornalista respons\u00e1vel do \\\"Pr\u00f3speri News\\\" (blogdoprosperi.com).\",\"sameAs\":[\"http:\\\/\\\/blogdoprosperi.com\",\"Luiz Pr\u00f3speri\",\"@luiz_prosperi\",\"https:\\\/\\\/x.com\\\/Luizprosperi\",\"@prosperinacopa\",\"luiz.prosperi@icloud.com\"],\"url\":\"https:\\\/\\\/blogdoprosperi.com\\\/?author=102107496\"}]}<\/script>\n<!-- \/ Yoast SEO plugin. -->","yoast_head_json":{"title":"Cuca volta ao Palmeiras e treinadores se mobilizam contra demiss\u00e3o de Baptista - PR\u00d3SPERI NEWS","robots":{"index":"index","follow":"follow","max-snippet":"max-snippet:-1","max-image-preview":"max-image-preview:large","max-video-preview":"max-video-preview:-1"},"canonical":"https:\/\/blogdoprosperi.com\/?p=35796","og_locale":"pt_BR","og_type":"article","og_title":"Cuca volta ao Palmeiras e treinadores se mobilizam contra demiss\u00e3o de Baptista - PR\u00d3SPERI NEWS","og_description":"Cuca reassumiu o comando do Palmeiras, ap\u00f3s cinco meses de sua sa\u00edda. Volta para ocupar o lugar que [&hellip;]","og_url":"https:\/\/blogdoprosperi.com\/?p=35796","og_site_name":"PR\u00d3SPERI NEWS","article_publisher":"Luiz Pr\u00f3speri","article_author":"Luiz Pr\u00f3speri","article_published_time":"2017-05-06T23:30:05+00:00","article_modified_time":"2017-05-06T23:35:11+00:00","og_image":[{"url":"https:\/\/i0.wp.com\/blogdoprosperi.com\/wp-content\/uploads\/2016\/12\/cuca8.jpg?fit=683%2C1024&ssl=1","width":683,"height":1024,"type":"image\/jpeg"}],"author":"Luiz Ant\u00f4nio Pr\u00f3speri","twitter_card":"summary_large_image","twitter_creator":"@Luizprosperi","twitter_site":"@Luizprosperi","twitter_misc":{"Escrito por":"Luiz Ant\u00f4nio Pr\u00f3speri","Est. tempo de leitura":"4 minutos"},"schema":{"@context":"https:\/\/schema.org","@graph":[{"@type":"Article","@id":"https:\/\/blogdoprosperi.com\/?p=35796#article","isPartOf":{"@id":"https:\/\/blogdoprosperi.com\/?p=35796"},"author":{"name":"Luiz Ant\u00f4nio Pr\u00f3speri","@id":"https:\/\/blogdoprosperi.com\/#\/schema\/person\/38100755ce3601861ee4fab9b5aa78e9"},"headline":"Cuca volta ao Palmeiras e treinadores se mobilizam contra demiss\u00e3o de Baptista","datePublished":"2017-05-06T23:30:05+00:00","dateModified":"2017-05-06T23:35:11+00:00","mainEntityOfPage":{"@id":"https:\/\/blogdoprosperi.com\/?p=35796"},"wordCount":903,"commentCount":2,"publisher":{"@id":"https:\/\/blogdoprosperi.com\/#\/schema\/person\/38100755ce3601861ee4fab9b5aa78e9"},"image":{"@id":"https:\/\/blogdoprosperi.com\/?p=35796#primaryimage"},"thumbnailUrl":"https:\/\/i0.wp.com\/blogdoprosperi.com\/wp-content\/uploads\/2016\/12\/cuca8.jpg?fit=1844%2C2766&ssl=1","keywords":["Abel Braga","Corinthians","Cuca Palmeiras","Eduardo Baptista","Fabio Carille","Felip\u00e3o","futebol","Palmeiras","Rog\u00e9rio Ceni","SPFC"],"articleSection":["futebol"],"inLanguage":"pt-BR","potentialAction":[{"@type":"CommentAction","name":"Comment","target":["https:\/\/blogdoprosperi.com\/?p=35796#respond"]}]},{"@type":"WebPage","@id":"https:\/\/blogdoprosperi.com\/?p=35796","url":"https:\/\/blogdoprosperi.com\/?p=35796","name":"Cuca volta ao Palmeiras e treinadores se mobilizam contra demiss\u00e3o de Baptista - PR\u00d3SPERI NEWS","isPartOf":{"@id":"https:\/\/blogdoprosperi.com\/#website"},"primaryImageOfPage":{"@id":"https:\/\/blogdoprosperi.com\/?p=35796#primaryimage"},"image":{"@id":"https:\/\/blogdoprosperi.com\/?p=35796#primaryimage"},"thumbnailUrl":"https:\/\/i0.wp.com\/blogdoprosperi.com\/wp-content\/uploads\/2016\/12\/cuca8.jpg?fit=1844%2C2766&ssl=1","datePublished":"2017-05-06T23:30:05+00:00","dateModified":"2017-05-06T23:35:11+00:00","breadcrumb":{"@id":"https:\/\/blogdoprosperi.com\/?p=35796#breadcrumb"},"inLanguage":"pt-BR","potentialAction":[{"@type":"ReadAction","target":["https:\/\/blogdoprosperi.com\/?p=35796"]}]},{"@type":"ImageObject","inLanguage":"pt-BR","@id":"https:\/\/blogdoprosperi.com\/?p=35796#primaryimage","url":"https:\/\/i0.wp.com\/blogdoprosperi.com\/wp-content\/uploads\/2016\/12\/cuca8.jpg?fit=1844%2C2766&ssl=1","contentUrl":"https:\/\/i0.wp.com\/blogdoprosperi.com\/wp-content\/uploads\/2016\/12\/cuca8.jpg?fit=1844%2C2766&ssl=1","width":1844,"height":2766},{"@type":"BreadcrumbList","@id":"https:\/\/blogdoprosperi.com\/?p=35796#breadcrumb","itemListElement":[{"@type":"ListItem","position":1,"name":"In\u00edcio","item":"https:\/\/blogdoprosperi.com\/"},{"@type":"ListItem","position":2,"name":"Cuca volta ao Palmeiras e treinadores se mobilizam contra demiss\u00e3o de Baptista"}]},{"@type":"WebSite","@id":"https:\/\/blogdoprosperi.com\/#website","url":"https:\/\/blogdoprosperi.com\/","name":"PR\u00d3SPERI NEWS","description":"TUDO \u00c9  FUTEBOL","publisher":{"@id":"https:\/\/blogdoprosperi.com\/#\/schema\/person\/38100755ce3601861ee4fab9b5aa78e9"},"alternateName":"blogdoprosperi.com","potentialAction":[{"@type":"SearchAction","target":{"@type":"EntryPoint","urlTemplate":"https:\/\/blogdoprosperi.com\/?s={search_term_string}"},"query-input":{"@type":"PropertyValueSpecification","valueRequired":true,"valueName":"search_term_string"}}],"inLanguage":"pt-BR"},{"@type":["Person","Organization"],"@id":"https:\/\/blogdoprosperi.com\/#\/schema\/person\/38100755ce3601861ee4fab9b5aa78e9","name":"Luiz Ant\u00f4nio Pr\u00f3speri","pronouns":"ele","image":{"@type":"ImageObject","inLanguage":"pt-BR","@id":"https:\/\/i0.wp.com\/blogdoprosperi.com\/wp-content\/uploads\/2026\/05\/cropped-8059e613-6002-42fa-961e-8e275f575d71-2-5.jpg?fit=1360%2C931&ssl=1","url":"https:\/\/i0.wp.com\/blogdoprosperi.com\/wp-content\/uploads\/2026\/05\/cropped-8059e613-6002-42fa-961e-8e275f575d71-2-5.jpg?fit=1360%2C931&ssl=1","contentUrl":"https:\/\/i0.wp.com\/blogdoprosperi.com\/wp-content\/uploads\/2026\/05\/cropped-8059e613-6002-42fa-961e-8e275f575d71-2-5.jpg?fit=1360%2C931&ssl=1","width":1360,"height":931,"caption":"Luiz Ant\u00f4nio Pr\u00f3speri"},"logo":{"@id":"https:\/\/i0.wp.com\/blogdoprosperi.com\/wp-content\/uploads\/2026\/05\/cropped-8059e613-6002-42fa-961e-8e275f575d71-2-5.jpg?fit=1360%2C931&ssl=1"},"description":"Jornalista com carreira dedicada ao esporte. Cobriu 9 Copas do Mundo in loco, 1990 na It\u00e1lia, 1994 nos EUA, 1998 na Fran\u00e7a, 2002 na Coreia do Sul e Jap\u00e3o, 2006 na Alemanha, 2010 na \u00c1frica do Sul, 2014 no Brasil, 2018 na R\u00fassia e 2022 no Qatar. Eurocopas, 1992 na Su\u00e9cia e 1996 na Inglaterra. Copa das Confedera\u00e7\u00f5es de 2005 na Alemanha e 2009 na \u00c1frica do Sul. Rep\u00f3rter e Editor, trabalhou no Jornal da Tarde e Estad\u00e3o, de 1984 a fevereiro de 2016. Colunista, blogueiro. E comentarista de futebol na R\u00e1dio Estad\u00e3o, de 2013 a fevereiro de 2016. Jornalista respons\u00e1vel do \"Pr\u00f3speri News\" (blogdoprosperi.com).","sameAs":["http:\/\/blogdoprosperi.com","Luiz Pr\u00f3speri","@luiz_prosperi","https:\/\/x.com\/Luizprosperi","@prosperinacopa","luiz.prosperi@icloud.com"],"url":"https:\/\/blogdoprosperi.com\/?author=102107496"}]}},"jetpack_publicize_connections":[],"jetpack_likes_enabled":false,"jetpack_sharing_enabled":true,"jetpack_shortlink":"https:\/\/wp.me\/p7jvdk-9jm","jetpack-related-posts":[{"id":33527,"url":"https:\/\/blogdoprosperi.com\/?p=33527","url_meta":{"origin":35796,"position":0},"title":"Palmeiras arrisca ao eleger Eduardo Baptista sucessor de Cuca no comando do time campe\u00e3o","author":"Luiz Ant\u00f4nio Pr\u00f3speri","date":"1 de dezembro de 2016","format":false,"excerpt":"Palmeiras come\u00e7a errado seu planejamento para 2017. Dirigentes n\u00e3o pensaram em um treinador, mesmo informados de que Cuca n\u00e3o renovaria contrato. Imaginaram, em cima do sucesso do time campe\u00e3o brasileiro e do cofre cheio de dinheiro, que treinadores bateriam \u00e0 porta do clube se oferecendo para dirigir o time. N\u00e3o\u2026","rel":"","context":"Em &quot;futebol&quot;","block_context":{"text":"futebol","link":"https:\/\/blogdoprosperi.com\/?cat=53870"},"img":{"alt_text":"","src":"https:\/\/i0.wp.com\/blogdoprosperi.com\/wp-content\/uploads\/2016\/12\/edubap1.jpg?resize=350%2C200&ssl=1","width":350,"height":200,"srcset":"https:\/\/i0.wp.com\/blogdoprosperi.com\/wp-content\/uploads\/2016\/12\/edubap1.jpg?resize=350%2C200&ssl=1 1x, https:\/\/i0.wp.com\/blogdoprosperi.com\/wp-content\/uploads\/2016\/12\/edubap1.jpg?resize=525%2C300&ssl=1 1.5x"},"classes":[]},{"id":35102,"url":"https:\/\/blogdoprosperi.com\/?p=35102","url_meta":{"origin":35796,"position":1},"title":"Eduardo Baptista entra na encruzilhada dos aflitos","author":"Luiz Ant\u00f4nio Pr\u00f3speri","date":"23 de fevereiro de 2017","format":false,"excerpt":"Eduardo Baptista n\u00e3o criou empatia com o Palmeiras e sua torcida. Desde o an\u00fancio da sua contrata\u00e7\u00e3o, no in\u00edcio de dezembro passado, se percebe a m\u00e1 vontade da maioria dos torcedores com seu estilo de trabalho. Uma espiadela nas redes sociais e se tem a dimens\u00e3o do estrago. Um pouco\u2026","rel":"","context":"Em &quot;futebol&quot;","block_context":{"text":"futebol","link":"https:\/\/blogdoprosperi.com\/?cat=53870"},"img":{"alt_text":"","src":"https:\/\/i0.wp.com\/blogdoprosperi.com\/wp-content\/uploads\/2017\/02\/cuca-tecnico-do-palmeiras-observa-o-classico-paulista-1474145215624_615x300.jpg?resize=350%2C200&ssl=1","width":350,"height":200,"srcset":"https:\/\/i0.wp.com\/blogdoprosperi.com\/wp-content\/uploads\/2017\/02\/cuca-tecnico-do-palmeiras-observa-o-classico-paulista-1474145215624_615x300.jpg?resize=350%2C200&ssl=1 1x, https:\/\/i0.wp.com\/blogdoprosperi.com\/wp-content\/uploads\/2017\/02\/cuca-tecnico-do-palmeiras-observa-o-classico-paulista-1474145215624_615x300.jpg?resize=525%2C300&ssl=1 1.5x"},"classes":[]},{"id":35198,"url":"https:\/\/blogdoprosperi.com\/?p=35198","url_meta":{"origin":35796,"position":2},"title":"Palmeiras de Eduardo Baptista troca bola pela for\u00e7a na Copa Libertadores","author":"Luiz Ant\u00f4nio Pr\u00f3speri","date":"9 de mar\u00e7o de 2017","format":false,"excerpt":"Palmeiras quis guerra quando era necess\u00e1rio jogar bola na estreia na Copa Libertadores. Nada mais question\u00e1vel do que encarar a competi\u00e7\u00e3o continental como algo diferente, de que o jogo f\u00edsico deve ser valorizado mais do que a t\u00e9cnica. Ao partir para o confronto corpo a corpo contra o modest\u00edssimo Atl\u00e9tico\u2026","rel":"","context":"Em &quot;Copa Libertadores&quot;","block_context":{"text":"Copa Libertadores","link":"https:\/\/blogdoprosperi.com\/?cat=270704"},"img":{"alt_text":"","src":"https:\/\/i0.wp.com\/blogdoprosperi.com\/wp-content\/uploads\/2017\/03\/miguel-borja-atletico-tucuman-palmeiras-libertadores-08032017_p28wsh9ohbjb1dbxuhh80akdv.jpg?resize=350%2C200&ssl=1","width":350,"height":200,"srcset":"https:\/\/i0.wp.com\/blogdoprosperi.com\/wp-content\/uploads\/2017\/03\/miguel-borja-atletico-tucuman-palmeiras-libertadores-08032017_p28wsh9ohbjb1dbxuhh80akdv.jpg?resize=350%2C200&ssl=1 1x, https:\/\/i0.wp.com\/blogdoprosperi.com\/wp-content\/uploads\/2017\/03\/miguel-borja-atletico-tucuman-palmeiras-libertadores-08032017_p28wsh9ohbjb1dbxuhh80akdv.jpg?resize=525%2C300&ssl=1 1.5x, https:\/\/i0.wp.com\/blogdoprosperi.com\/wp-content\/uploads\/2017\/03\/miguel-borja-atletico-tucuman-palmeiras-libertadores-08032017_p28wsh9ohbjb1dbxuhh80akdv.jpg?resize=700%2C400&ssl=1 2x, https:\/\/i0.wp.com\/blogdoprosperi.com\/wp-content\/uploads\/2017\/03\/miguel-borja-atletico-tucuman-palmeiras-libertadores-08032017_p28wsh9ohbjb1dbxuhh80akdv.jpg?resize=1050%2C600&ssl=1 3x, https:\/\/i0.wp.com\/blogdoprosperi.com\/wp-content\/uploads\/2017\/03\/miguel-borja-atletico-tucuman-palmeiras-libertadores-08032017_p28wsh9ohbjb1dbxuhh80akdv.jpg?resize=1400%2C800&ssl=1 4x"},"classes":[]},{"id":35749,"url":"https:\/\/blogdoprosperi.com\/?p=35749","url_meta":{"origin":35796,"position":3},"title":"Palmeiras em transe, Eduardo Baptista se equilibra no fio da navalha","author":"Luiz Ant\u00f4nio Pr\u00f3speri","date":"4 de maio de 2017","format":false,"excerpt":"\"Tivemos muitas dificuldades para jogar em decorr\u00eancia do campo. O Palmeiras \u00e9 um time muito t\u00e9cnico e tivemos muitas dificuldades. Fizemos um bom primeiro tempo at\u00e9 tomarmos dois gols. Depois, quando quisemos jogar, fomos muito atrapalhados pelo campo. Acredito que o campo foi a grande dificuldade. Perdemos muitas bolas e\u2026","rel":"","context":"Em &quot;futebol&quot;","block_context":{"text":"futebol","link":"https:\/\/blogdoprosperi.com\/?cat=53870"},"img":{"alt_text":"","src":"https:\/\/i0.wp.com\/blogdoprosperi.com\/wp-content\/uploads\/2017\/05\/33630179513_5bbc2753b1_z.jpg?fit=640%2C410&ssl=1&resize=350%2C200","width":350,"height":200,"srcset":"https:\/\/i0.wp.com\/blogdoprosperi.com\/wp-content\/uploads\/2017\/05\/33630179513_5bbc2753b1_z.jpg?fit=640%2C410&ssl=1&resize=350%2C200 1x, https:\/\/i0.wp.com\/blogdoprosperi.com\/wp-content\/uploads\/2017\/05\/33630179513_5bbc2753b1_z.jpg?fit=640%2C410&ssl=1&resize=525%2C300 1.5x"},"classes":[]},{"id":34837,"url":"https:\/\/blogdoprosperi.com\/?p=34837","url_meta":{"origin":35796,"position":4},"title":"Palmeiras precisa de encontrar um goleador","author":"Luiz Ant\u00f4nio Pr\u00f3speri","date":"29 de janeiro de 2017","format":false,"excerpt":"A uma semana da estreia no Campeonato Paulista, o Palmeiras deixa claro sua enorme dificuldade para fazer gols. No amistoso contra a Ponte Preta, \u00faltimo ensaio da pr\u00e9-temporada, empatou por 1 a 1 no Allianz Parque com direito a desperd\u00edcio de uma quantidade consider\u00e1vel de gols, em especial no primeiro\u2026","rel":"","context":"Em &quot;futebol&quot;","block_context":{"text":"futebol","link":"https:\/\/blogdoprosperi.com\/?cat=53870"},"img":{"alt_text":"","src":"https:\/\/i0.wp.com\/blogdoprosperi.com\/wp-content\/uploads\/2017\/01\/32597807695_91ab5a1075_o.jpg?resize=350%2C200&ssl=1","width":350,"height":200,"srcset":"https:\/\/i0.wp.com\/blogdoprosperi.com\/wp-content\/uploads\/2017\/01\/32597807695_91ab5a1075_o.jpg?resize=350%2C200&ssl=1 1x, https:\/\/i0.wp.com\/blogdoprosperi.com\/wp-content\/uploads\/2017\/01\/32597807695_91ab5a1075_o.jpg?resize=525%2C300&ssl=1 1.5x, https:\/\/i0.wp.com\/blogdoprosperi.com\/wp-content\/uploads\/2017\/01\/32597807695_91ab5a1075_o.jpg?resize=700%2C400&ssl=1 2x"},"classes":[]},{"id":35930,"url":"https:\/\/blogdoprosperi.com\/?p=35930","url_meta":{"origin":35796,"position":5},"title":"Palmeiras se encorpa com Cuca e avan\u00e7a \u00e0s oitavas da Libertadores. Flamengo fica pelo caminho","author":"Luiz Ant\u00f4nio Pr\u00f3speri","date":"25 de maio de 2017","format":false,"excerpt":"Palmeiras avan\u00e7a \u00e0s oitavas de final da Copa Libertadores 2017 e se junta a Santos, Atl\u00e9tico-MG, Atl\u00e9tico-PR, Botafogo e Gr\u00eamio, representantes do futebol brasileiro tamb\u00e9m classificados. Flamengo e Chapecoense ficaram no meio do caminho \u2013 clube catarinense ainda tenta recuperar a vaga na Corte Disciplinar da Conmebol. Derrota imposta ao\u2026","rel":"","context":"Em &quot;Copa Libertadores&quot;","block_context":{"text":"Copa Libertadores","link":"https:\/\/blogdoprosperi.com\/?cat=270704"},"img":{"alt_text":"","src":"https:\/\/i0.wp.com\/blogdoprosperi.com\/wp-content\/uploads\/2017\/05\/34032457084_b60b749025_o.jpg?fit=1000%2C604&ssl=1&resize=350%2C200","width":350,"height":200,"srcset":"https:\/\/i0.wp.com\/blogdoprosperi.com\/wp-content\/uploads\/2017\/05\/34032457084_b60b749025_o.jpg?fit=1000%2C604&ssl=1&resize=350%2C200 1x, https:\/\/i0.wp.com\/blogdoprosperi.com\/wp-content\/uploads\/2017\/05\/34032457084_b60b749025_o.jpg?fit=1000%2C604&ssl=1&resize=525%2C300 1.5x, https:\/\/i0.wp.com\/blogdoprosperi.com\/wp-content\/uploads\/2017\/05\/34032457084_b60b749025_o.jpg?fit=1000%2C604&ssl=1&resize=700%2C400 2x"},"classes":[]}],"jetpack_featured_media_url":"https:\/\/i0.wp.com\/blogdoprosperi.com\/wp-content\/uploads\/2016\/12\/cuca8.jpg?fit=1844%2C2766&ssl=1","_links":{"self":[{"href":"https:\/\/blogdoprosperi.com\/index.php?rest_route=\/wp\/v2\/posts\/35796","targetHints":{"allow":["GET"]}}],"collection":[{"href":"https:\/\/blogdoprosperi.com\/index.php?rest_route=\/wp\/v2\/posts"}],"about":[{"href":"https:\/\/blogdoprosperi.com\/index.php?rest_route=\/wp\/v2\/types\/post"}],"author":[{"embeddable":true,"href":"https:\/\/blogdoprosperi.com\/index.php?rest_route=\/wp\/v2\/users\/102107496"}],"replies":[{"embeddable":true,"href":"https:\/\/blogdoprosperi.com\/index.php?rest_route=%2Fwp%2Fv2%2Fcomments&post=35796"}],"version-history":[{"count":12,"href":"https:\/\/blogdoprosperi.com\/index.php?rest_route=\/wp\/v2\/posts\/35796\/revisions"}],"predecessor-version":[{"id":35808,"href":"https:\/\/blogdoprosperi.com\/index.php?rest_route=\/wp\/v2\/posts\/35796\/revisions\/35808"}],"wp:attachment":[{"href":"https:\/\/blogdoprosperi.com\/index.php?rest_route=%2Fwp%2Fv2%2Fmedia&parent=35796"}],"wp:term":[{"taxonomy":"category","embeddable":true,"href":"https:\/\/blogdoprosperi.com\/index.php?rest_route=%2Fwp%2Fv2%2Fcategories&post=35796"},{"taxonomy":"post_tag","embeddable":true,"href":"https:\/\/blogdoprosperi.com\/index.php?rest_route=%2Fwp%2Fv2%2Ftags&post=35796"}],"curies":[{"name":"wp","href":"https:\/\/api.w.org\/{rel}","templated":true}]}}