{"id":35867,"date":"2017-05-16T21:04:42","date_gmt":"2017-05-17T00:04:42","guid":{"rendered":"http:\/\/blogdoprosperi.com\/?p=35867"},"modified":"2017-05-16T21:04:42","modified_gmt":"2017-05-17T00:04:42","slug":"cbf-proibe-comemoracao-de-gols-dos-jogadores-com-os-torcedores","status":"publish","type":"post","link":"https:\/\/blogdoprosperi.com\/?p=35867","title":{"rendered":"CBF pro\u00edbe comemora\u00e7\u00e3o de gols dos jogadores com os torcedores"},"content":{"rendered":"<p>Rivaldo n\u00e3o teria vida f\u00e1cil se ainda jogasse futebol em algum clube brasileiro nessa temporada de 2017. A cada comemora\u00e7\u00e3o de um gol, com aquele seu gesto caracter\u00edstico de cobrir a cabe\u00e7a com a camisa, seria punido com o cart\u00e3o amarelo. Essa advert\u00eancia, entre outras pol\u00eamicas, faz parte das \u201cnovas normas de padr\u00e3o da arbitragem\u201d divulgadas pela CBF, no dia 11 de maio, em seu site oficial e repassadas a todos \u00e1rbitros que apitam nas S\u00e9ries A, B, C e D do Campeonato Brasileiro e na Copa do Brasil.<!--more--><\/p>\n<p>Veja um trecho do documento publicado pela CBF:<\/p>\n<p><em>Os jogadores podem comemorar gol, por\u00e9m as comemora\u00e7\u00f5es n\u00e3o podem ser excessivas. N\u00e3o ser\u00e1 admitida, em hip\u00f3tese alguma, comemora\u00e7\u00e3o na <strong>arquibancada, <\/strong>no<strong> alambrado <\/strong>ou nas<strong> escadas<\/strong>, visto que este tipo de comemora\u00e7\u00e3o coloca em risco a integridade f\u00edsica do jogador e do torcedor.<\/em><\/p>\n<p><em>Conforme texto da regra do jogo 2017\/2018, um jogador deve ser advertido com cart\u00e3o amarelo por:<\/em><\/p>\n<ul>\n<li><strong><em>subir nos equipamentos de prote\u00e7\u00e3o do campo;<\/em><\/strong><\/li>\n<li><strong><em>fazer gestos provocativos, debochados ou inflamat\u00f3rios;<\/em><\/strong><\/li>\n<li><strong><em>cobrir a cabe\u00e7a ou rosto com m\u00e1scara ou artigos semelhantes;<\/em><\/strong><\/li>\n<li><strong><em>tirar a camisa ou cobrir a cabe\u00e7a com a camisa.<\/em><\/strong><\/li>\n<\/ul>\n<p>Um dos respons\u00e1veis, o mais graduado, por essa nova recomenda\u00e7\u00e3o aos \u00e1rbitros \u00e9 o coronel Marcos Cabral Marinho de Moura, presidente da Comiss\u00e3o Nacional de Arbitragem da <a href=\"http:\/\/chuteirafc.cartacapital.com.br\/veja-os-favoritos-ao-brasileirao-2017\/\">CBF.<\/a> Por ser um militar de carreira, o dirigente se atenta aos \u00edtens de seguran\u00e7a em um jogo de futebol e, com base em novas mudan\u00e7as de regras determinadas pela\u00a0International Football Association Board (IFAB), em mar\u00e7o de 2017, resolveu vetar eventuais excessos nas comemora\u00e7\u00f5es dos gols.<\/p>\n<p>Veja um dos \u00edtens da nova regra determinada pela IFAB que levou o coronel Marinho a coibir as celebra\u00e7\u00f5es do gol:<\/p>\n<p><img data-recalc-dims=\"1\" loading=\"lazy\" decoding=\"async\" class=\"wp-image-8956 size-large\" src=\"https:\/\/i0.wp.com\/chuteirafc.cartacapital.com.br\/wp-content\/uploads\/2017\/05\/Captura-de-Tela-2017-05-16-%C3%A0s-13.07.20.png?resize=669%2C230\" alt=\"\" width=\"669\" height=\"230\" \/><\/p>\n<p>Na \u201cRegra 12 \u2013 Faltas e Incorre\u00e7\u00f5es\u201d, um t\u00f3pico fala que \u201cas celebra\u00e7\u00f5es de gol que causem problema de seguran\u00e7a devem ser punidas com CA (cart\u00e3o amarelo)\u201d. Com base nessa recomenda\u00e7\u00e3o, a CBF atendeu \u00e0s decis\u00f5es do coronel e resolveu regulamentar e coibir algumas comemora\u00e7\u00f5es de gols.<\/p>\n<p>O coronel Marinho, como \u00e9 conhecido no meio do futebol, chegou \u00e0 CBF nomeado pelo presidente <a href=\"http:\/\/chuteirafc.cartacapital.com.br\/cbf-aumenta-sua-receita-com-dinheiro-de-patrocinio\/\">Marco Polo Del Nero<\/a> em setembro do ano passado para chefiar a Comiss\u00e3o de Arbitragem. Substituiu Sergio Corr\u00eaa, ent\u00e3o presidente da comiss\u00e3o, destitu\u00eddo do cargo por press\u00e3o dos clubes, que se sentiram prejudicados pelos \u00e1rbitros no Brasileir\u00e3o de 2016.<\/p>\n<p>Del Nero recorreu ao coronel e, de pronto, conquistou apoio dos clubes e das federa\u00e7\u00f5es estaduais. Coronel Marinho \u00e9 um velho conhecido do presidente da CBF. A hist\u00f3ria remonta aos anos de 1980.<\/p>\n<p>Formado na Academia Barro Branco da Pol\u00edcia Militar de S\u00e3o Paulo, Marcos Marinho serviu ao corpo de seguran\u00e7as dos governos estaduais Franco Montoro e Orestes Qu\u00e9rcia at\u00e9 ingressar no 2.\u00ba Batalh\u00e3o de Choque da PM, divis\u00e3o encarregada da seguran\u00e7a em pra\u00e7as esportivas.<\/p>\n<p>Passou 17 anos lidando com a seguran\u00e7a e repress\u00e3o nos est\u00e1dios e a\u00e7\u00f5es contra torcidas organizadas. Segundo dados n\u00e3o oficiais, nesse per\u00edodo n\u00e3o tem um registro de morte por a\u00e7\u00e3o de seu batalh\u00e3o e nenhum soldado morto em confrontos relacionados ao futebol.<\/p>\n<p>Veja v\u00eddeo do coronel Marinho quando era major da PM e lidava com torcidas organizadas:<\/p>\n<div class=\"jetpack-video-wrapper\"><span class=\"embed-youtube\" style=\"text-align:center; display: block;\"><iframe loading=\"lazy\" class=\"youtube-player\" width=\"940\" height=\"529\" src=\"https:\/\/www.youtube.com\/embed\/KYTpJTnD7M4?version=3&#038;rel=1&#038;showsearch=0&#038;showinfo=1&#038;iv_load_policy=1&#038;fs=1&#038;hl=pt-BR&#038;autohide=2&#038;wmode=transparent\" allowfullscreen=\"true\" style=\"border:0;\" sandbox=\"allow-scripts allow-same-origin allow-popups allow-presentation allow-popups-to-escape-sandbox\"><\/iframe><\/span><\/div>\n<p>v\u00eddeo\u00a0https:\/\/youtu.be\/KYTpJTnD7M4<\/p>\n<p>Por conviver diretamente com dirigentes de futebol, em especial na Federa\u00e7\u00e3o Paulista de Futebol (FPF), na \u00e9poca comandada por Eduardo Jos\u00e9 Farah e depois por Marco Polo Del Nero, o coronel Marinho se aproximou dos cartolas.<\/p>\n<p>Em 2005 recebeu o convite de Del Nero para assumir a Comiss\u00e3o de Arbitragem da FPF. \u201cFui convidado pelo presidente Del Nero para chefiar a comiss\u00e3o em raz\u00e3o do epis\u00f3dio de \u00e1rbitros envolvidos com casa de apostas\u201d, disse Marinho em entrevista na \u00e9poca.<\/p>\n<p>O caso a que se referiu foi o esc\u00e2ndalo da \u201cM\u00e1fia do Apito\u201d, quando a Pol\u00edcia Federal descobriu que resultados de jogos de futebol eram manipulados por \u00e1rbitros em acordo com uma quadrilha de apostadores.<\/p>\n<p>Coronel Marinho j\u00e1 estava lotado na FPF \u00e0 frente do Departamento de Seguran\u00e7a e Preven\u00e7\u00e3o, um \u00f3rg\u00e3o criado na entidade para cuidar da seguran\u00e7a nos est\u00e1dios no momento cr\u00edtico que crescia o n\u00famero de mortes de torcedores e de confrontos de torcidas organizadas.<\/p>\n<p>Na tentativa de \u201cmoralizar\u201d a arbitragem do futebol paulista, Del Nero se socorreu ao coronel Marinho. Em 2012, Del Nero trocou a FPF pela CBF, como vice do presidente Jos\u00e9 Maria Marin. E, em 2015, se elegeu presidente da CBF.<\/p>\n<p><img data-recalc-dims=\"1\" loading=\"lazy\" decoding=\"async\" class=\"size-full wp-image-8974\" src=\"https:\/\/i0.wp.com\/chuteirafc.cartacapital.com.br\/wp-content\/uploads\/2017\/05\/coronel-marcos-marinho-chefe-de-arbitragem-da-federacao-paulista-de-futebol-durante-reuniao-com-capitaes-de-clubes-07092007-1304022301985_956x500.jpg?resize=940%2C492\" alt=\"\" width=\"940\" height=\"492\" \/><\/p>\n<p>O reinado do coronel Marinho na chefia dos \u00e1rbitros paulistas se estendeu de 2005 at\u00e9 janeiro de 2016, quando foi afastado da fun\u00e7\u00e3o na FPF por ter escalado um \u00e1rbitro irregular em um jogo da Copa S\u00e3o Paulo de Juniores.<\/p>\n<p>Fora da Comiss\u00e3o de Arbitragem, o coronel voltou \u00e0 fun\u00e7\u00e3o no Departamento de Seguran\u00e7a da FPF at\u00e9 ser puxado novamente por Del Nero, agora para \u201cmoralizar\u201d a arbitragem nacional com o comando da comiss\u00e3o da CBF.<\/p>\n<p>Como o leitor percebe, o coronel nunca apitou um jogo em car\u00e1ter oficial e muito menos jogou futebol.<\/p>\n<p>Sua especialidade \u00e9 seguran\u00e7a, como atesta sua forma\u00e7\u00e3o de militar. At\u00e9 por isso, aproveitou a brecha nas novas regras impostas pela International Football Association Board (IFAB), que fala dos eventuais excessos na celebra\u00e7\u00e3o do gol, para coibir as comemora\u00e7\u00f5es dos jogadores.<\/p>\n<p>Ali\u00e1s, as costumeiras invas\u00f5es \u00e0 beira de campo dos jogadores reservas para comemorar o gol com os que est\u00e3o jogando tamb\u00e9m est\u00e3o vetadas. De repente, na vis\u00e3o da CBF, o gol \u00e9 o momento de alta periculosidade no est\u00e1dio de futebol e ningu\u00e9m sabia ou atentou para esse detalhe.<\/p>\n<p><strong>Veja as comemora\u00e7\u00f5es dos gols de Rivaldo:<\/strong><\/p>\n<div class=\"jetpack-video-wrapper\"><span class=\"embed-youtube\" style=\"text-align:center; display: block;\"><iframe loading=\"lazy\" class=\"youtube-player\" width=\"940\" height=\"529\" src=\"https:\/\/www.youtube.com\/embed\/BPr3YBkT6L0?version=3&#038;rel=1&#038;showsearch=0&#038;showinfo=1&#038;iv_load_policy=1&#038;fs=1&#038;hl=pt-BR&#038;autohide=2&#038;wmode=transparent\" allowfullscreen=\"true\" style=\"border:0;\" sandbox=\"allow-scripts allow-same-origin allow-popups allow-presentation allow-popups-to-escape-sandbox\"><\/iframe><\/span><\/div>\n<p><strong><em>V<\/em>eja outras determina\u00e7\u00f5es da Comiss\u00e3o de Arbitragem (<a href=\"http:\/\/www.cbf.com.br\/arbitragem\/aplicacao-regra-padrao-arbitragem#.WRsstFLOo8Y\">clique aqui<\/a>).<\/strong><\/p>\n<p><a href=\"http:\/\/chuteirafc.cartacapital.com.br\">(texto publicado no CHUTEIRA FC &#8211; leia mais not\u00edcias de futebol)<\/a><\/p>\n","protected":false},"excerpt":{"rendered":"<p>Rivaldo n\u00e3o teria vida f\u00e1cil se ainda jogasse futebol em algum clube brasileiro nessa temporada de 2017. A [&hellip;]<\/p>\n","protected":false},"author":102107496,"featured_media":35874,"comment_status":"open","ping_status":"open","sticky":false,"template":"","format":"standard","meta":{"_coblocks_attr":"","_coblocks_dimensions":"","_coblocks_responsive_height":"","_coblocks_accordion_ie_support":"","_jetpack_newsletter_access":"","_jetpack_dont_email_post_to_subs":false,"_jetpack_newsletter_tier_id":0,"_jetpack_memberships_contains_paywalled_content":false,"_wpcom_ai_launchpad_first_post":false,"_jetpack_feature_clip_id":0,"_jetpack_memberships_contains_paid_content":false,"footnotes":"","jetpack_publicize_message":"","jetpack_publicize_feature_enabled":true,"jetpack_social_post_already_shared":false,"jetpack_social_options":{"image_generator_settings":{"template":"highway","default_image_id":0,"font":"","enabled":false},"version":2},"jetpack_post_was_ever_published":false},"categories":[355071,53870],"tags":[789560569,13443399,84357585,789560560,4029902,8622348],"class_list":["post-35867","post","type-post","status-publish","format-standard","has-post-thumbnail","hentry","category-campeonato-brasileiro","category-futebol","tag-cbf","tag-comissao-de-arbitragem","tag-coronel-marcos-marinho","tag-futebol","tag-marco-polo-del-nero","tag-regras-de-futebol"],"yoast_head":"<!-- This site is optimized with the Yoast SEO plugin v28.3 - https:\/\/yoast.com\/product\/yoast-seo-wordpress\/ -->\n<title>CBF pro\u00edbe comemora\u00e7\u00e3o de gols dos jogadores com os torcedores - PR\u00d3SPERI NEWS<\/title>\n<meta name=\"robots\" content=\"index, follow, max-snippet:-1, max-image-preview:large, max-video-preview:-1\" \/>\n<link rel=\"canonical\" href=\"https:\/\/blogdoprosperi.com\/?p=35867\" \/>\n<meta property=\"og:locale\" content=\"pt_BR\" \/>\n<meta property=\"og:type\" content=\"article\" \/>\n<meta property=\"og:title\" content=\"CBF pro\u00edbe comemora\u00e7\u00e3o de gols dos jogadores com os torcedores - PR\u00d3SPERI NEWS\" \/>\n<meta property=\"og:description\" content=\"Rivaldo n\u00e3o teria vida f\u00e1cil se ainda jogasse futebol em algum clube brasileiro nessa temporada de 2017. A [&hellip;]\" \/>\n<meta property=\"og:url\" content=\"https:\/\/blogdoprosperi.com\/?p=35867\" \/>\n<meta property=\"og:site_name\" content=\"PR\u00d3SPERI NEWS\" \/>\n<meta property=\"article:publisher\" content=\"Luiz Pr\u00f3speri\" \/>\n<meta property=\"article:author\" content=\"Luiz Pr\u00f3speri\" \/>\n<meta property=\"article:published_time\" content=\"2017-05-17T00:04:42+00:00\" \/>\n<meta property=\"og:image\" content=\"https:\/\/i0.wp.com\/blogdoprosperi.com\/wp-content\/uploads\/2017\/05\/vasco19415hnova.jpg?fit=720%2C413&ssl=1\" \/>\n\t<meta property=\"og:image:width\" content=\"720\" \/>\n\t<meta property=\"og:image:height\" content=\"413\" \/>\n\t<meta property=\"og:image:type\" content=\"image\/jpeg\" \/>\n<meta name=\"author\" content=\"Luiz Ant\u00f4nio Pr\u00f3speri\" \/>\n<meta name=\"twitter:card\" content=\"summary_large_image\" \/>\n<meta name=\"twitter:creator\" content=\"@Luizprosperi\" \/>\n<meta name=\"twitter:site\" content=\"@Luizprosperi\" \/>\n<meta name=\"twitter:label1\" content=\"Escrito por\" \/>\n\t<meta name=\"twitter:data1\" content=\"Luiz Ant\u00f4nio Pr\u00f3speri\" \/>\n\t<meta name=\"twitter:label2\" content=\"Est. tempo de leitura\" \/>\n\t<meta name=\"twitter:data2\" content=\"5 minutos\" \/>\n<script type=\"application\/ld+json\" class=\"yoast-schema-graph\">{\"@context\":\"https:\\\/\\\/schema.org\",\"@graph\":[{\"@type\":\"Article\",\"@id\":\"https:\\\/\\\/blogdoprosperi.com\\\/?p=35867#article\",\"isPartOf\":{\"@id\":\"https:\\\/\\\/blogdoprosperi.com\\\/?p=35867\"},\"author\":{\"name\":\"Luiz Ant\u00f4nio Pr\u00f3speri\",\"@id\":\"https:\\\/\\\/blogdoprosperi.com\\\/#\\\/schema\\\/person\\\/38100755ce3601861ee4fab9b5aa78e9\"},\"headline\":\"CBF pro\u00edbe comemora\u00e7\u00e3o de gols dos jogadores com os torcedores\",\"datePublished\":\"2017-05-17T00:04:42+00:00\",\"mainEntityOfPage\":{\"@id\":\"https:\\\/\\\/blogdoprosperi.com\\\/?p=35867\"},\"wordCount\":1053,\"commentCount\":0,\"publisher\":{\"@id\":\"https:\\\/\\\/blogdoprosperi.com\\\/#\\\/schema\\\/person\\\/38100755ce3601861ee4fab9b5aa78e9\"},\"image\":{\"@id\":\"https:\\\/\\\/blogdoprosperi.com\\\/?p=35867#primaryimage\"},\"thumbnailUrl\":\"https:\\\/\\\/i0.wp.com\\\/blogdoprosperi.com\\\/wp-content\\\/uploads\\\/2017\\\/05\\\/vasco19415hnova.jpg?fit=720%2C413&ssl=1\",\"keywords\":[\"CBF\",\"Comiss\u00e3o de Arbitragem\",\"Coronel Marcos Marinho\",\"futebol\",\"Marco Polo Del Nero\",\"regras de futebol\"],\"articleSection\":[\"Campeonato Brasileiro\",\"futebol\"],\"inLanguage\":\"pt-BR\",\"potentialAction\":[{\"@type\":\"CommentAction\",\"name\":\"Comment\",\"target\":[\"https:\\\/\\\/blogdoprosperi.com\\\/?p=35867#respond\"]}]},{\"@type\":\"WebPage\",\"@id\":\"https:\\\/\\\/blogdoprosperi.com\\\/?p=35867\",\"url\":\"https:\\\/\\\/blogdoprosperi.com\\\/?p=35867\",\"name\":\"CBF pro\u00edbe comemora\u00e7\u00e3o de gols dos jogadores com os torcedores - PR\u00d3SPERI NEWS\",\"isPartOf\":{\"@id\":\"https:\\\/\\\/blogdoprosperi.com\\\/#website\"},\"primaryImageOfPage\":{\"@id\":\"https:\\\/\\\/blogdoprosperi.com\\\/?p=35867#primaryimage\"},\"image\":{\"@id\":\"https:\\\/\\\/blogdoprosperi.com\\\/?p=35867#primaryimage\"},\"thumbnailUrl\":\"https:\\\/\\\/i0.wp.com\\\/blogdoprosperi.com\\\/wp-content\\\/uploads\\\/2017\\\/05\\\/vasco19415hnova.jpg?fit=720%2C413&ssl=1\",\"datePublished\":\"2017-05-17T00:04:42+00:00\",\"breadcrumb\":{\"@id\":\"https:\\\/\\\/blogdoprosperi.com\\\/?p=35867#breadcrumb\"},\"inLanguage\":\"pt-BR\",\"potentialAction\":[{\"@type\":\"ReadAction\",\"target\":[\"https:\\\/\\\/blogdoprosperi.com\\\/?p=35867\"]}]},{\"@type\":\"ImageObject\",\"inLanguage\":\"pt-BR\",\"@id\":\"https:\\\/\\\/blogdoprosperi.com\\\/?p=35867#primaryimage\",\"url\":\"https:\\\/\\\/i0.wp.com\\\/blogdoprosperi.com\\\/wp-content\\\/uploads\\\/2017\\\/05\\\/vasco19415hnova.jpg?fit=720%2C413&ssl=1\",\"contentUrl\":\"https:\\\/\\\/i0.wp.com\\\/blogdoprosperi.com\\\/wp-content\\\/uploads\\\/2017\\\/05\\\/vasco19415hnova.jpg?fit=720%2C413&ssl=1\",\"width\":720,\"height\":413},{\"@type\":\"BreadcrumbList\",\"@id\":\"https:\\\/\\\/blogdoprosperi.com\\\/?p=35867#breadcrumb\",\"itemListElement\":[{\"@type\":\"ListItem\",\"position\":1,\"name\":\"In\u00edcio\",\"item\":\"https:\\\/\\\/blogdoprosperi.com\\\/\"},{\"@type\":\"ListItem\",\"position\":2,\"name\":\"CBF pro\u00edbe comemora\u00e7\u00e3o de gols dos jogadores com os torcedores\"}]},{\"@type\":\"WebSite\",\"@id\":\"https:\\\/\\\/blogdoprosperi.com\\\/#website\",\"url\":\"https:\\\/\\\/blogdoprosperi.com\\\/\",\"name\":\"PR\u00d3SPERI NEWS\",\"description\":\"TUDO \u00c9  FUTEBOL\",\"publisher\":{\"@id\":\"https:\\\/\\\/blogdoprosperi.com\\\/#\\\/schema\\\/person\\\/38100755ce3601861ee4fab9b5aa78e9\"},\"alternateName\":\"blogdoprosperi.com\",\"potentialAction\":[{\"@type\":\"SearchAction\",\"target\":{\"@type\":\"EntryPoint\",\"urlTemplate\":\"https:\\\/\\\/blogdoprosperi.com\\\/?s={search_term_string}\"},\"query-input\":{\"@type\":\"PropertyValueSpecification\",\"valueRequired\":true,\"valueName\":\"search_term_string\"}}],\"inLanguage\":\"pt-BR\"},{\"@type\":[\"Person\",\"Organization\"],\"@id\":\"https:\\\/\\\/blogdoprosperi.com\\\/#\\\/schema\\\/person\\\/38100755ce3601861ee4fab9b5aa78e9\",\"name\":\"Luiz Ant\u00f4nio Pr\u00f3speri\",\"pronouns\":\"ele\",\"image\":{\"@type\":\"ImageObject\",\"inLanguage\":\"pt-BR\",\"@id\":\"https:\\\/\\\/i0.wp.com\\\/blogdoprosperi.com\\\/wp-content\\\/uploads\\\/2026\\\/05\\\/cropped-8059e613-6002-42fa-961e-8e275f575d71-2-5.jpg?fit=1360%2C931&ssl=1\",\"url\":\"https:\\\/\\\/i0.wp.com\\\/blogdoprosperi.com\\\/wp-content\\\/uploads\\\/2026\\\/05\\\/cropped-8059e613-6002-42fa-961e-8e275f575d71-2-5.jpg?fit=1360%2C931&ssl=1\",\"contentUrl\":\"https:\\\/\\\/i0.wp.com\\\/blogdoprosperi.com\\\/wp-content\\\/uploads\\\/2026\\\/05\\\/cropped-8059e613-6002-42fa-961e-8e275f575d71-2-5.jpg?fit=1360%2C931&ssl=1\",\"width\":1360,\"height\":931,\"caption\":\"Luiz Ant\u00f4nio Pr\u00f3speri\"},\"logo\":{\"@id\":\"https:\\\/\\\/i0.wp.com\\\/blogdoprosperi.com\\\/wp-content\\\/uploads\\\/2026\\\/05\\\/cropped-8059e613-6002-42fa-961e-8e275f575d71-2-5.jpg?fit=1360%2C931&ssl=1\"},\"description\":\"Jornalista com carreira dedicada ao esporte. Cobriu 9 Copas do Mundo in loco, 1990 na It\u00e1lia, 1994 nos EUA, 1998 na Fran\u00e7a, 2002 na Coreia do Sul e Jap\u00e3o, 2006 na Alemanha, 2010 na \u00c1frica do Sul, 2014 no Brasil, 2018 na R\u00fassia e 2022 no Qatar. Eurocopas, 1992 na Su\u00e9cia e 1996 na Inglaterra. Copa das Confedera\u00e7\u00f5es de 2005 na Alemanha e 2009 na \u00c1frica do Sul. Rep\u00f3rter e Editor, trabalhou no Jornal da Tarde e Estad\u00e3o, de 1984 a fevereiro de 2016. Colunista, blogueiro. E comentarista de futebol na R\u00e1dio Estad\u00e3o, de 2013 a fevereiro de 2016. Jornalista respons\u00e1vel do \\\"Pr\u00f3speri News\\\" (blogdoprosperi.com).\",\"sameAs\":[\"http:\\\/\\\/blogdoprosperi.com\",\"Luiz Pr\u00f3speri\",\"@luiz_prosperi\",\"https:\\\/\\\/x.com\\\/Luizprosperi\",\"@prosperinacopa\",\"luiz.prosperi@icloud.com\"],\"url\":\"https:\\\/\\\/blogdoprosperi.com\\\/?author=102107496\"}]}<\/script>\n<!-- \/ Yoast SEO plugin. -->","yoast_head_json":{"title":"CBF pro\u00edbe comemora\u00e7\u00e3o de gols dos jogadores com os torcedores - PR\u00d3SPERI NEWS","robots":{"index":"index","follow":"follow","max-snippet":"max-snippet:-1","max-image-preview":"max-image-preview:large","max-video-preview":"max-video-preview:-1"},"canonical":"https:\/\/blogdoprosperi.com\/?p=35867","og_locale":"pt_BR","og_type":"article","og_title":"CBF pro\u00edbe comemora\u00e7\u00e3o de gols dos jogadores com os torcedores - PR\u00d3SPERI NEWS","og_description":"Rivaldo n\u00e3o teria vida f\u00e1cil se ainda jogasse futebol em algum clube brasileiro nessa temporada de 2017. A [&hellip;]","og_url":"https:\/\/blogdoprosperi.com\/?p=35867","og_site_name":"PR\u00d3SPERI NEWS","article_publisher":"Luiz Pr\u00f3speri","article_author":"Luiz Pr\u00f3speri","article_published_time":"2017-05-17T00:04:42+00:00","og_image":[{"width":720,"height":413,"url":"https:\/\/i0.wp.com\/blogdoprosperi.com\/wp-content\/uploads\/2017\/05\/vasco19415hnova.jpg?fit=720%2C413&ssl=1","type":"image\/jpeg"}],"author":"Luiz Ant\u00f4nio Pr\u00f3speri","twitter_card":"summary_large_image","twitter_creator":"@Luizprosperi","twitter_site":"@Luizprosperi","twitter_misc":{"Escrito por":"Luiz Ant\u00f4nio Pr\u00f3speri","Est. tempo de leitura":"5 minutos"},"schema":{"@context":"https:\/\/schema.org","@graph":[{"@type":"Article","@id":"https:\/\/blogdoprosperi.com\/?p=35867#article","isPartOf":{"@id":"https:\/\/blogdoprosperi.com\/?p=35867"},"author":{"name":"Luiz Ant\u00f4nio Pr\u00f3speri","@id":"https:\/\/blogdoprosperi.com\/#\/schema\/person\/38100755ce3601861ee4fab9b5aa78e9"},"headline":"CBF pro\u00edbe comemora\u00e7\u00e3o de gols dos jogadores com os torcedores","datePublished":"2017-05-17T00:04:42+00:00","mainEntityOfPage":{"@id":"https:\/\/blogdoprosperi.com\/?p=35867"},"wordCount":1053,"commentCount":0,"publisher":{"@id":"https:\/\/blogdoprosperi.com\/#\/schema\/person\/38100755ce3601861ee4fab9b5aa78e9"},"image":{"@id":"https:\/\/blogdoprosperi.com\/?p=35867#primaryimage"},"thumbnailUrl":"https:\/\/i0.wp.com\/blogdoprosperi.com\/wp-content\/uploads\/2017\/05\/vasco19415hnova.jpg?fit=720%2C413&ssl=1","keywords":["CBF","Comiss\u00e3o de Arbitragem","Coronel Marcos Marinho","futebol","Marco Polo Del Nero","regras de futebol"],"articleSection":["Campeonato Brasileiro","futebol"],"inLanguage":"pt-BR","potentialAction":[{"@type":"CommentAction","name":"Comment","target":["https:\/\/blogdoprosperi.com\/?p=35867#respond"]}]},{"@type":"WebPage","@id":"https:\/\/blogdoprosperi.com\/?p=35867","url":"https:\/\/blogdoprosperi.com\/?p=35867","name":"CBF pro\u00edbe comemora\u00e7\u00e3o de gols dos jogadores com os torcedores - PR\u00d3SPERI NEWS","isPartOf":{"@id":"https:\/\/blogdoprosperi.com\/#website"},"primaryImageOfPage":{"@id":"https:\/\/blogdoprosperi.com\/?p=35867#primaryimage"},"image":{"@id":"https:\/\/blogdoprosperi.com\/?p=35867#primaryimage"},"thumbnailUrl":"https:\/\/i0.wp.com\/blogdoprosperi.com\/wp-content\/uploads\/2017\/05\/vasco19415hnova.jpg?fit=720%2C413&ssl=1","datePublished":"2017-05-17T00:04:42+00:00","breadcrumb":{"@id":"https:\/\/blogdoprosperi.com\/?p=35867#breadcrumb"},"inLanguage":"pt-BR","potentialAction":[{"@type":"ReadAction","target":["https:\/\/blogdoprosperi.com\/?p=35867"]}]},{"@type":"ImageObject","inLanguage":"pt-BR","@id":"https:\/\/blogdoprosperi.com\/?p=35867#primaryimage","url":"https:\/\/i0.wp.com\/blogdoprosperi.com\/wp-content\/uploads\/2017\/05\/vasco19415hnova.jpg?fit=720%2C413&ssl=1","contentUrl":"https:\/\/i0.wp.com\/blogdoprosperi.com\/wp-content\/uploads\/2017\/05\/vasco19415hnova.jpg?fit=720%2C413&ssl=1","width":720,"height":413},{"@type":"BreadcrumbList","@id":"https:\/\/blogdoprosperi.com\/?p=35867#breadcrumb","itemListElement":[{"@type":"ListItem","position":1,"name":"In\u00edcio","item":"https:\/\/blogdoprosperi.com\/"},{"@type":"ListItem","position":2,"name":"CBF pro\u00edbe comemora\u00e7\u00e3o de gols dos jogadores com os torcedores"}]},{"@type":"WebSite","@id":"https:\/\/blogdoprosperi.com\/#website","url":"https:\/\/blogdoprosperi.com\/","name":"PR\u00d3SPERI NEWS","description":"TUDO \u00c9  FUTEBOL","publisher":{"@id":"https:\/\/blogdoprosperi.com\/#\/schema\/person\/38100755ce3601861ee4fab9b5aa78e9"},"alternateName":"blogdoprosperi.com","potentialAction":[{"@type":"SearchAction","target":{"@type":"EntryPoint","urlTemplate":"https:\/\/blogdoprosperi.com\/?s={search_term_string}"},"query-input":{"@type":"PropertyValueSpecification","valueRequired":true,"valueName":"search_term_string"}}],"inLanguage":"pt-BR"},{"@type":["Person","Organization"],"@id":"https:\/\/blogdoprosperi.com\/#\/schema\/person\/38100755ce3601861ee4fab9b5aa78e9","name":"Luiz Ant\u00f4nio Pr\u00f3speri","pronouns":"ele","image":{"@type":"ImageObject","inLanguage":"pt-BR","@id":"https:\/\/i0.wp.com\/blogdoprosperi.com\/wp-content\/uploads\/2026\/05\/cropped-8059e613-6002-42fa-961e-8e275f575d71-2-5.jpg?fit=1360%2C931&ssl=1","url":"https:\/\/i0.wp.com\/blogdoprosperi.com\/wp-content\/uploads\/2026\/05\/cropped-8059e613-6002-42fa-961e-8e275f575d71-2-5.jpg?fit=1360%2C931&ssl=1","contentUrl":"https:\/\/i0.wp.com\/blogdoprosperi.com\/wp-content\/uploads\/2026\/05\/cropped-8059e613-6002-42fa-961e-8e275f575d71-2-5.jpg?fit=1360%2C931&ssl=1","width":1360,"height":931,"caption":"Luiz Ant\u00f4nio Pr\u00f3speri"},"logo":{"@id":"https:\/\/i0.wp.com\/blogdoprosperi.com\/wp-content\/uploads\/2026\/05\/cropped-8059e613-6002-42fa-961e-8e275f575d71-2-5.jpg?fit=1360%2C931&ssl=1"},"description":"Jornalista com carreira dedicada ao esporte. Cobriu 9 Copas do Mundo in loco, 1990 na It\u00e1lia, 1994 nos EUA, 1998 na Fran\u00e7a, 2002 na Coreia do Sul e Jap\u00e3o, 2006 na Alemanha, 2010 na \u00c1frica do Sul, 2014 no Brasil, 2018 na R\u00fassia e 2022 no Qatar. Eurocopas, 1992 na Su\u00e9cia e 1996 na Inglaterra. Copa das Confedera\u00e7\u00f5es de 2005 na Alemanha e 2009 na \u00c1frica do Sul. Rep\u00f3rter e Editor, trabalhou no Jornal da Tarde e Estad\u00e3o, de 1984 a fevereiro de 2016. Colunista, blogueiro. E comentarista de futebol na R\u00e1dio Estad\u00e3o, de 2013 a fevereiro de 2016. Jornalista respons\u00e1vel do \"Pr\u00f3speri News\" (blogdoprosperi.com).","sameAs":["http:\/\/blogdoprosperi.com","Luiz Pr\u00f3speri","@luiz_prosperi","https:\/\/x.com\/Luizprosperi","@prosperinacopa","luiz.prosperi@icloud.com"],"url":"https:\/\/blogdoprosperi.com\/?author=102107496"}]}},"jetpack_publicize_connections":[],"jetpack_likes_enabled":false,"jetpack_sharing_enabled":true,"jetpack_shortlink":"https:\/\/wp.me\/p7jvdk-9kv","jetpack-related-posts":[{"id":28715,"url":"https:\/\/blogdoprosperi.com\/?p=28715","url_meta":{"origin":35867,"position":0},"title":"TV Globo, se quiser, pode amenizar crise na arbitragem do Brasileir\u00e3o","author":"Luiz Ant\u00f4nio Pr\u00f3speri","date":"15 de outubro de 2016","format":false,"excerpt":"TV Globo, CBF e clubes t\u00eam uma chance de amenizar a crise da arbitragem no Brasileir\u00e3o 2016. Basta convocar uma reuni\u00e3o de emerg\u00eancia e, por meio de um decreto assinado por todas as partes, vetar a exibi\u00e7\u00e3o de tira-teima ou replay de um lance pol\u00eamico durante os jogos antes de\u2026","rel":"","context":"Em &quot;Campeonato Brasileiro&quot;","block_context":{"text":"Campeonato Brasileiro","link":"https:\/\/blogdoprosperi.com\/?cat=355071"},"img":{"alt_text":"","src":"https:\/\/i0.wp.com\/blogdoprosperi.com\/wp-content\/uploads\/2016\/10\/1972743944-arbitro-brasil-x-peru-agencia-efe.jpg?resize=350%2C200&ssl=1","width":350,"height":200,"srcset":"https:\/\/i0.wp.com\/blogdoprosperi.com\/wp-content\/uploads\/2016\/10\/1972743944-arbitro-brasil-x-peru-agencia-efe.jpg?resize=350%2C200&ssl=1 1x, https:\/\/i0.wp.com\/blogdoprosperi.com\/wp-content\/uploads\/2016\/10\/1972743944-arbitro-brasil-x-peru-agencia-efe.jpg?resize=525%2C300&ssl=1 1.5x"},"classes":[]},{"id":44486,"url":"https:\/\/blogdoprosperi.com\/?p=44486","url_meta":{"origin":35867,"position":1},"title":"Paralisar o Brasileir\u00e3o 2024, \u00fanica sa\u00edda aos clubes contra suspeitas de ladr\u00f5es do apito e VAR","author":"Luiz Ant\u00f4nio Pr\u00f3speri","date":"26 de julho de 2024","format":false,"excerpt":"Luiz Ant\u00f4nio Pr\u00f3speri - 26 julho (10h58) Clubes da S\u00e9rie A do Brasileir\u00e3o 2024 est\u00e3o em uma enrascada por culpa pr\u00f3pria nesse in\u00edcio de segundo turno do campeonato. V\u00edtimas de erros do VAR e da arbitragem de campo, clubes se revoltam e notificam a CBF a cada derrota ou derrapada\u2026","rel":"","context":"Em &quot;futebol&quot;","block_context":{"text":"futebol","link":"https:\/\/blogdoprosperi.com\/?cat=53870"},"img":{"alt_text":"","src":"https:\/\/i0.wp.com\/blogdoprosperi.com\/wp-content\/uploads\/2024\/07\/img_6228-1.jpg?fit=795%2C448&ssl=1&resize=350%2C200","width":350,"height":200,"srcset":"https:\/\/i0.wp.com\/blogdoprosperi.com\/wp-content\/uploads\/2024\/07\/img_6228-1.jpg?fit=795%2C448&ssl=1&resize=350%2C200 1x, https:\/\/i0.wp.com\/blogdoprosperi.com\/wp-content\/uploads\/2024\/07\/img_6228-1.jpg?fit=795%2C448&ssl=1&resize=525%2C300 1.5x, https:\/\/i0.wp.com\/blogdoprosperi.com\/wp-content\/uploads\/2024\/07\/img_6228-1.jpg?fit=795%2C448&ssl=1&resize=700%2C400 2x"},"classes":[]},{"id":43889,"url":"https:\/\/blogdoprosperi.com\/?p=43889","url_meta":{"origin":35867,"position":2},"title":"Futebol brasileiro muito al\u00e9m dos &#8220;\u00edndios&#8221; de Abel Ferreira","author":"Luiz Ant\u00f4nio Pr\u00f3speri","date":"12 de julho de 2024","format":false,"excerpt":"Policial armado atira no goleiro Ramon, do Gr\u00eamio An\u00e1polis (GO), quase \u00e0 queima-roupa. A bala de borracha atinge a coxa do jogador e abre um buraco nos m\u00fasculos da perna. Tudo isso dentro de campo, ap\u00f3s confus\u00e3o no jogo Gr\u00eamio An\u00e1polis x Centro Oeste, quarta-feira (10\/7), na 12.a rodada da\u2026","rel":"","context":"Em &quot;Campeonato Brasileiro&quot;","block_context":{"text":"Campeonato Brasileiro","link":"https:\/\/blogdoprosperi.com\/?cat=355071"},"img":{"alt_text":"","src":"https:\/\/i0.wp.com\/blogdoprosperi.com\/wp-content\/uploads\/2024\/07\/zubeldia-sao-paulo-x-talleres-libertadores-scaled-aspect-ratio-512-320.webp?fit=1200%2C750&ssl=1&resize=350%2C200","width":350,"height":200,"srcset":"https:\/\/i0.wp.com\/blogdoprosperi.com\/wp-content\/uploads\/2024\/07\/zubeldia-sao-paulo-x-talleres-libertadores-scaled-aspect-ratio-512-320.webp?fit=1200%2C750&ssl=1&resize=350%2C200 1x, https:\/\/i0.wp.com\/blogdoprosperi.com\/wp-content\/uploads\/2024\/07\/zubeldia-sao-paulo-x-talleres-libertadores-scaled-aspect-ratio-512-320.webp?fit=1200%2C750&ssl=1&resize=525%2C300 1.5x, https:\/\/i0.wp.com\/blogdoprosperi.com\/wp-content\/uploads\/2024\/07\/zubeldia-sao-paulo-x-talleres-libertadores-scaled-aspect-ratio-512-320.webp?fit=1200%2C750&ssl=1&resize=700%2C400 2x, https:\/\/i0.wp.com\/blogdoprosperi.com\/wp-content\/uploads\/2024\/07\/zubeldia-sao-paulo-x-talleres-libertadores-scaled-aspect-ratio-512-320.webp?fit=1200%2C750&ssl=1&resize=1050%2C600 3x"},"classes":[]},{"id":30141,"url":"https:\/\/blogdoprosperi.com\/?p=30141","url_meta":{"origin":35867,"position":3},"title":"Podres poderes do futebol brasileiro","author":"Luiz Ant\u00f4nio Pr\u00f3speri","date":"28 de outubro de 2016","format":false,"excerpt":"Presidentes de clubes cobram a CBF apenas em dois casos. Primeiro, quando v\u00e3o dividir a grana e, segundo, ao se sentirem prejudicados por erros de arbitragem. De resto, alisam as mangas do palet\u00f3 do presidente para tirar um fiapinho de sujeira e, depois, um beijo na face para selar um\u2026","rel":"","context":"Em &quot;Campeonato Brasileiro&quot;","block_context":{"text":"Campeonato Brasileiro","link":"https:\/\/blogdoprosperi.com\/?cat=355071"},"img":{"alt_text":"","src":"https:\/\/i0.wp.com\/blogdoprosperi.com\/wp-content\/uploads\/2016\/10\/e6c161_dd3a09aaf02d4d9aa5a87c53f3f92fb2.jpg?resize=350%2C200&ssl=1","width":350,"height":200,"srcset":"https:\/\/i0.wp.com\/blogdoprosperi.com\/wp-content\/uploads\/2016\/10\/e6c161_dd3a09aaf02d4d9aa5a87c53f3f92fb2.jpg?resize=350%2C200&ssl=1 1x, https:\/\/i0.wp.com\/blogdoprosperi.com\/wp-content\/uploads\/2016\/10\/e6c161_dd3a09aaf02d4d9aa5a87c53f3f92fb2.jpg?resize=525%2C300&ssl=1 1.5x"},"classes":[]},{"id":24809,"url":"https:\/\/blogdoprosperi.com\/?p=24809","url_meta":{"origin":35867,"position":4},"title":"Campeonato Brasileiro est\u00e1 manchado e CBF manipula arbitragem, diz presidente do Santos","author":"Luiz Ant\u00f4nio Pr\u00f3speri","date":"9 de setembro de 2016","format":false,"excerpt":"Presidente Modesto Roma J\u00fanior disse que a arbitragem do jogo Internacional 2 x 1 Santos, nesta quinta-feira (08\/9), \"foi uma vagabundagem\" e a favoreceu aos quatro clubes que brigam pelo t\u00edtulo e aos que lutam contra o rebaixamento. E falou grosso: \"Campeonato Brasileiro est\u00e1 manchado\". Neste jogo no Beira-Rio, o\u2026","rel":"","context":"Em &quot;Campeonato Brasileiro&quot;","block_context":{"text":"Campeonato Brasileiro","link":"https:\/\/blogdoprosperi.com\/?cat=355071"},"img":{"alt_text":"","src":"https:\/\/i0.wp.com\/blogdoprosperi.com\/wp-content\/uploads\/2016\/09\/5292622_640x360.jpg?resize=350%2C200&ssl=1","width":350,"height":200,"srcset":"https:\/\/i0.wp.com\/blogdoprosperi.com\/wp-content\/uploads\/2016\/09\/5292622_640x360.jpg?resize=350%2C200&ssl=1 1x, https:\/\/i0.wp.com\/blogdoprosperi.com\/wp-content\/uploads\/2016\/09\/5292622_640x360.jpg?resize=525%2C300&ssl=1 1.5x"},"classes":[]},{"id":55286,"url":"https:\/\/blogdoprosperi.com\/?p=55286","url_meta":{"origin":35867,"position":5},"title":"ARBITRAGEM SUSPEITA | O RETROCESSO DO RETROCESSO","author":"Luiz Ant\u00f4nio Pr\u00f3speri","date":"6 de outubro de 2025","format":false,"excerpt":"Luiz Ant\u00f4nio Pr\u00f3speri \u2013 6 outubro 2025 (18h05) \u2013 Futebol brasileiro volta ao esgoto depois da rodada do Brasileir\u00e3o nesse fim de semana (04 e 05\/10). Arbitragens ruins, uma patente do campeonato nacional n\u00e3o \u00e9 de hoje, inflamam debates na m\u00eddia esportiva, botecos e at\u00e9 na granfinagem de dirigentes de\u2026","rel":"","context":"Em &quot;brasileir\u00e3o 2025&quot;","block_context":{"text":"brasileir\u00e3o 2025","link":"https:\/\/blogdoprosperi.com\/?cat=775970846"},"img":{"alt_text":"Arbitragem no Brasil, o retrocesso do retrocesso","src":"https:\/\/i0.wp.com\/blogdoprosperi.com\/wp-content\/uploads\/2025\/10\/g2hs3qzwiaa982f.jpeg?fit=438%2C547&ssl=1&resize=350%2C200","width":350,"height":200},"classes":[]}],"jetpack_featured_media_url":"https:\/\/i0.wp.com\/blogdoprosperi.com\/wp-content\/uploads\/2017\/05\/vasco19415hnova.jpg?fit=720%2C413&ssl=1","_links":{"self":[{"href":"https:\/\/blogdoprosperi.com\/index.php?rest_route=\/wp\/v2\/posts\/35867","targetHints":{"allow":["GET"]}}],"collection":[{"href":"https:\/\/blogdoprosperi.com\/index.php?rest_route=\/wp\/v2\/posts"}],"about":[{"href":"https:\/\/blogdoprosperi.com\/index.php?rest_route=\/wp\/v2\/types\/post"}],"author":[{"embeddable":true,"href":"https:\/\/blogdoprosperi.com\/index.php?rest_route=\/wp\/v2\/users\/102107496"}],"replies":[{"embeddable":true,"href":"https:\/\/blogdoprosperi.com\/index.php?rest_route=%2Fwp%2Fv2%2Fcomments&post=35867"}],"version-history":[{"count":10,"href":"https:\/\/blogdoprosperi.com\/index.php?rest_route=\/wp\/v2\/posts\/35867\/revisions"}],"predecessor-version":[{"id":35878,"href":"https:\/\/blogdoprosperi.com\/index.php?rest_route=\/wp\/v2\/posts\/35867\/revisions\/35878"}],"wp:featuredmedia":[{"embeddable":true,"href":"https:\/\/blogdoprosperi.com\/index.php?rest_route=\/wp\/v2\/media\/35874"}],"wp:attachment":[{"href":"https:\/\/blogdoprosperi.com\/index.php?rest_route=%2Fwp%2Fv2%2Fmedia&parent=35867"}],"wp:term":[{"taxonomy":"category","embeddable":true,"href":"https:\/\/blogdoprosperi.com\/index.php?rest_route=%2Fwp%2Fv2%2Fcategories&post=35867"},{"taxonomy":"post_tag","embeddable":true,"href":"https:\/\/blogdoprosperi.com\/index.php?rest_route=%2Fwp%2Fv2%2Ftags&post=35867"}],"curies":[{"name":"wp","href":"https:\/\/api.w.org\/{rel}","templated":true}]}}