{"id":3587,"date":"2016-05-05T15:46:51","date_gmt":"2016-05-05T15:46:51","guid":{"rendered":"https:\/\/blogdoprosperi.com\/?p=3587"},"modified":"2016-05-05T15:58:15","modified_gmt":"2016-05-05T15:58:15","slug":"dunga-convoca-selecao-brasileira-de-olho-na-olimpiada-do-rio","status":"publish","type":"post","link":"https:\/\/blogdoprosperi.com\/?p=3587","title":{"rendered":"Dunga convoca sele\u00e7\u00e3o brasileira de olho na Olimp\u00edada do Rio"},"content":{"rendered":"<p>Criticado pela med\u00edocre campanha do Brasil nas Eliminat\u00f3rias da Copa de 2018, treinador prioriza os Jogos Ol\u00edmpicos na convoca\u00e7\u00e3o da Copa Am\u00e9rica Centen\u00e1rio<\/p>\n<figure id=\"attachment_3603\" aria-describedby=\"caption-attachment-3603\" style=\"width: 4129px\" class=\"wp-caption alignnone\"><img data-recalc-dims=\"1\" loading=\"lazy\" decoding=\"async\" data-attachment-id=\"3603\" data-permalink=\"https:\/\/blogdoprosperi.com\/?attachment_id=3603\" data-orig-file=\"https:\/\/i0.wp.com\/blogdoprosperi.com\/wp-content\/uploads\/2016\/05\/cbf_dunga_convoc_17092015_225.jpeg?fit=4129%2C2605&amp;ssl=1\" data-orig-size=\"4129,2605\" data-comments-opened=\"1\" data-image-meta=\"{&quot;aperture&quot;:&quot;5.6&quot;,&quot;credit&quot;:&quot;Rafael Ribeiro&quot;,&quot;camera&quot;:&quot;Canon EOS 5D Mark III&quot;,&quot;caption&quot;:&quot;&quot;,&quot;created_timestamp&quot;:&quot;1442487593&quot;,&quot;copyright&quot;:&quot;Rafael Ribeiro&quot;,&quot;focal_length&quot;:&quot;200&quot;,&quot;iso&quot;:&quot;1250&quot;,&quot;shutter_speed&quot;:&quot;0.008&quot;,&quot;title&quot;:&quot;&quot;,&quot;orientation&quot;:&quot;1&quot;}\" data-image-title=\"cbf_dunga_convoc_17092015_225\" data-image-description=\"\" data-image-caption=\"\" data-large-file=\"https:\/\/i0.wp.com\/blogdoprosperi.com\/wp-content\/uploads\/2016\/05\/cbf_dunga_convoc_17092015_225.jpeg?fit=940%2C593&amp;ssl=1\" class=\"alignnone size-full wp-image-3603\" src=\"https:\/\/i0.wp.com\/blogdoprosperi.com\/wp-content\/uploads\/2016\/05\/cbf_dunga_convoc_17092015_225.jpeg?resize=940%2C593&#038;ssl=1\" alt=\"cbf_dunga_convoc_17092015_225\" width=\"940\" height=\"593\" \/><figcaption id=\"caption-attachment-3603\" class=\"wp-caption-text\">Dunga apresenta a lista dos 23 da Copa Am\u00e9rica<\/figcaption><\/figure>\n<p>Dunga, com aval da CBF, deu prioridade \u00e0 Olimp\u00edada do Rio na convoca\u00e7\u00e3o dos 23 nomes para disputar a Copa Am\u00e9rica Centen\u00e1rio, em junho, nos Estados Unidos, ao incluir na lista sete jogadores da sele\u00e7\u00e3o ol\u00edmpica. Evidente que esses sete ser\u00e3o titulares nos Jogos do Rio em agosto e mais Neymar, preservado na chamada desta quinta-feira cumprindo acordo feito pela Sele\u00e7\u00e3o Brasileira com o Barcelona.<\/p>\n<p>A op\u00e7\u00e3o em usar a Copa Am\u00e9rica como uma prepara\u00e7\u00e3o de luxo \u00e0 Olimp\u00edada \u00e9 um claro ind\u00edcio de que, mesmo com uma eventual derrota nos Estados Unidos, <a href=\"https:\/\/blogdoprosperi.com\/2016\/04\/09\/selecao-brasileira-esta-sem-rumo\/\">Dunga <\/a>n\u00e3o ser\u00e1 demitido do comando da Sele\u00e7\u00e3o.<\/p>\n<p>&#8220;O foco \u00e9 a Copa Am\u00e9rica, que \u00e9 a primeira competi\u00e7\u00e3o. Mas a gente tem que aproveitar todo instante. N\u00e3o tem muito tempo de treinamento. O foco principal \u00e9 a Copa do Mundo, mas, antes disso, temos a Copa Am\u00e9rica, a Eliminat\u00f3ria e a Olimp\u00edada. Temos que viver o primeiro momento, da Copa Am\u00e9rica, intensamente. Temos que ir para competir&#8221;, comentou Dunga.<\/p>\n<p>N\u00e3o custa refrescar a mem\u00f3ria sobre o desempenho do time de Dunga nas Eliminat\u00f3rias e as severas cr\u00edticas que recebeu de todos os lados, incluindo a\u00ed o comando da CBF. O Brasil \u00e9 o sexto colocado nas seletivas da Copa do Mundo de 2018, com uma campanha muito ruim e neste momento fora do Mundial da R\u00fassia. A cabe\u00e7a do treinador foi colocada na bandeja.<\/p>\n<p>Em mar\u00e7o <a href=\"https:\/\/blogdoprosperi.com\/2016\/04\/07\/a-solidao-de-romario\/\">Marco Polo Del Nero<\/a> reassumiu a CBF, ap\u00f3s uma licen\u00e7a de tr\u00eas meses, se reuniu com Dunga e o coordenador Gilmar Rinaldi. Cobrou resultados, mas n\u00e3o deu um ultimato ao treinador exigindo o t\u00edtulo de campe\u00e3o da Copa Am\u00e9rica Centen\u00e1rio nos EUA. E a lista dos 23 convocados, com os sete com idade ol\u00edmpica, apresenta essa evid\u00eancia.<\/p>\n<p>Ederson (goleiro), Fabinho e Douglas Santos (laterais), Marquinhos e Rodrigo Caio (zagueiros), Gabriel (atacante) e Rafinha (volante) s\u00e3o os jogadores da sele\u00e7\u00e3o ol\u00edmpica convocados por Dunga<\/p>\n<p>&#8220;Eles (<em>com idade ol\u00edmpica<\/em>) est\u00e3o aqui na Copa Am\u00e9rica e n\u00e3o na Olimp\u00edada. Est\u00e3o aqui para dar o primeiro passo e depois pensar no segundo passo. A realidade deles \u00e9 o presente e o futuro depende do presente&#8221;, disse Dunga, na sede da CBF.<\/p>\n<figure id=\"attachment_3600\" aria-describedby=\"caption-attachment-3600\" style=\"width: 690px\" class=\"wp-caption alignnone\"><img data-recalc-dims=\"1\" loading=\"lazy\" decoding=\"async\" data-attachment-id=\"3600\" data-permalink=\"https:\/\/blogdoprosperi.com\/?attachment_id=3600\" data-orig-file=\"https:\/\/i0.wp.com\/blogdoprosperi.com\/wp-content\/uploads\/2016\/05\/alx_rodrigo_original.jpeg?fit=690%2C517&amp;ssl=1\" data-orig-size=\"690,517\" data-comments-opened=\"1\" data-image-meta=\"{&quot;aperture&quot;:&quot;0&quot;,&quot;credit&quot;:&quot;&quot;,&quot;camera&quot;:&quot;&quot;,&quot;caption&quot;:&quot;&quot;,&quot;created_timestamp&quot;:&quot;0&quot;,&quot;copyright&quot;:&quot;&quot;,&quot;focal_length&quot;:&quot;0&quot;,&quot;iso&quot;:&quot;0&quot;,&quot;shutter_speed&quot;:&quot;0&quot;,&quot;title&quot;:&quot;&quot;,&quot;orientation&quot;:&quot;0&quot;}\" data-image-title=\"alx_rodrigo_original\" data-image-description=\"\" data-image-caption=\"\" data-large-file=\"https:\/\/i0.wp.com\/blogdoprosperi.com\/wp-content\/uploads\/2016\/05\/alx_rodrigo_original.jpeg?fit=690%2C517&amp;ssl=1\" class=\"alignnone size-full wp-image-3600\" src=\"https:\/\/i0.wp.com\/blogdoprosperi.com\/wp-content\/uploads\/2016\/05\/alx_rodrigo_original.jpeg?resize=690%2C517&#038;ssl=1\" alt=\"alx_rodrigo_original\" width=\"690\" height=\"517\" \/><figcaption id=\"caption-attachment-3600\" class=\"wp-caption-text\">Rodrigo Caio vira &#8220;polivalente&#8221; com Dunga<\/figcaption><\/figure>\n<p>Na lista dos 23 alguns jogadores, que tinham cadeira quase cativa com Dunga, n\u00e3o apareceram. Casos de Fernandinho, Oscar, Firmino, Danilo e o goleiro Marcelo Grohe. Relacionado na pr\u00e9-lista de 40 nomes, o meia <a href=\"https:\/\/blogdoprosperi.com\/2016\/04\/29\/sao-paulo-apresenta-suas-credenciais-na-libertadores\/\">Paulo Henrique Ganso<\/a> n\u00e3o foi convocado.<\/p>\n<p>&#8220;Eu acho que o Ganso estar na lista dos 40 refor\u00e7a o nosso centro de intelig\u00eancia (<em>grupo de observa\u00e7\u00e3o da CBF para acompanhar jogadores selecion\u00e1veis<\/em>). Agrade\u00e7o aos nossos colaboradores. \u00c9 meritocracia. Os n\u00fameros referendam essa situa\u00e7\u00e3o. Os jogadores t\u00eam que saber que estamos observando, em todos os aspectos. Isso tudo est\u00e1 sendo observado&#8221;, disse Dunga, sem muitas explica\u00e7\u00f5es sobre a aus\u00eancia de Ganso na lista.<\/p>\n<p>As brilhantes atua\u00e7\u00f5es de Ganso regendo a arrancada do S\u00e3o Paulo na Libertadores, parece, n\u00e3o convenceram Dunga. Em contrapartida, os elogios exagerados \u00e0s exibi\u00e7\u00f5es burocr\u00e1ticas de Casemiro no Real Madrid contagiaram o treinador da Sele\u00e7\u00e3o. Casemiro vem a\u00ed para ocupar a vaga que seria de Fernandinho.<\/p>\n<figure id=\"attachment_3605\" aria-describedby=\"caption-attachment-3605\" style=\"width: 1500px\" class=\"wp-caption alignnone\"><img data-recalc-dims=\"1\" loading=\"lazy\" decoding=\"async\" data-attachment-id=\"3605\" data-permalink=\"https:\/\/blogdoprosperi.com\/?attachment_id=3605\" data-orig-file=\"https:\/\/i0.wp.com\/blogdoprosperi.com\/wp-content\/uploads\/2016\/05\/casemiro03_afp_15.jpg?fit=1500%2C948&amp;ssl=1\" data-orig-size=\"1500,948\" data-comments-opened=\"1\" data-image-meta=\"{&quot;aperture&quot;:&quot;0&quot;,&quot;credit&quot;:&quot;&quot;,&quot;camera&quot;:&quot;&quot;,&quot;caption&quot;:&quot;&quot;,&quot;created_timestamp&quot;:&quot;0&quot;,&quot;copyright&quot;:&quot;AFP ImageForum&quot;,&quot;focal_length&quot;:&quot;0&quot;,&quot;iso&quot;:&quot;0&quot;,&quot;shutter_speed&quot;:&quot;0&quot;,&quot;title&quot;:&quot;&quot;,&quot;orientation&quot;:&quot;0&quot;}\" data-image-title=\"casemiro03_afp_15\" data-image-description=\"\" data-image-caption=\"\" data-large-file=\"https:\/\/i0.wp.com\/blogdoprosperi.com\/wp-content\/uploads\/2016\/05\/casemiro03_afp_15.jpg?fit=940%2C594&amp;ssl=1\" class=\"alignnone size-full wp-image-3605\" src=\"https:\/\/i0.wp.com\/blogdoprosperi.com\/wp-content\/uploads\/2016\/05\/casemiro03_afp_15.jpg?resize=940%2C594&#038;ssl=1\" alt=\"casemiro03_afp_15\" width=\"940\" height=\"594\" \/><figcaption id=\"caption-attachment-3605\" class=\"wp-caption-text\">Valorizado por Zidane no Real, Casemiro \u00e9 lembrado por Dunga na Sele\u00e7\u00e3o<\/figcaption><\/figure>\n<p>Chama aten\u00e7\u00e3o tamb\u00e9m a aus\u00eancia do zagueiro <a href=\"https:\/\/blogdoprosperi.com\/2016\/05\/02\/de-ganso-a-thiago-silva-as-incoerencias-de-dunga\/\">Thiago Silva<\/a>, fora desde a pr\u00e9-lista dos 40 nomes anunciados por Dunga h\u00e1 uma semana. Nenhum observador mais atento do futebol entenderia a convoca\u00e7\u00e3o de Rodrigo Caio no lugar que seria de Thiago Silva<\/p>\n<p>Outro ausente da convoca\u00e7\u00e3o \u00e9 Neymar. Por um acordo da CBF com o Barcelona, que n\u00e3o liberaria o craque para a Copa Am\u00e9rica e tamb\u00e9m a Olimp\u00edada no Rio &#8211; era uma ou outra -, o atacante n\u00e3o foi chamado. Abrindo assim espa\u00e7o para outros jogadores ocuparem esse v\u00e1cuo na Sele\u00e7\u00e3o. Dunga deu a letra na coletiva desta quinta-feira:<\/p>\n<p>&#8220;N\u00e3o precisa falar muito do Neymar, todo mundo sabe o jogador que ele \u00e9. Mas temos outros jogadores competitivos, que j\u00e1 mostraram valor na sele\u00e7\u00e3o. J\u00e1 jogamos outros jogos sem o Neymar, mas temos reservas que podem dar a resposta que queremos. A Sele\u00e7\u00e3o tem que ser uma equipe competitiva, em busca da vit\u00f3ria, e, principalmente, usar o talento. Temos que ter jogadores que driblam, buscam o gol e, principalmente, se divertir. \u00c9 um momento \u00fanico. Quando voc\u00ea pisca o olho, acabam os quatro anos&#8221;.<\/p>\n<p>Sem Neymar, o treinador deixa claro que Gabriel, atacante do Santos pode ser uma boa op\u00e7\u00e3o n\u00e3o s\u00f3 agora como no futuro da Sele\u00e7\u00e3o. &#8220;Ele faz bem a diagonal (<em>como Neymar<\/em>) e no um a um deixa o marcador para tr\u00e1s&#8221;, disse Dunga sobre as caracter\u00edsticas de Gabriel.<\/p>\n<figure id=\"attachment_3602\" aria-describedby=\"caption-attachment-3602\" style=\"width: 953px\" class=\"wp-caption alignnone\"><img data-recalc-dims=\"1\" loading=\"lazy\" decoding=\"async\" data-attachment-id=\"3602\" data-permalink=\"https:\/\/blogdoprosperi.com\/?attachment_id=3602\" data-orig-file=\"https:\/\/i0.wp.com\/blogdoprosperi.com\/wp-content\/uploads\/2016\/05\/gabigol.jpg?fit=953%2C587&amp;ssl=1\" data-orig-size=\"953,587\" data-comments-opened=\"1\" data-image-meta=\"{&quot;aperture&quot;:&quot;0&quot;,&quot;credit&quot;:&quot;&quot;,&quot;camera&quot;:&quot;&quot;,&quot;caption&quot;:&quot;&quot;,&quot;created_timestamp&quot;:&quot;0&quot;,&quot;copyright&quot;:&quot;&quot;,&quot;focal_length&quot;:&quot;0&quot;,&quot;iso&quot;:&quot;0&quot;,&quot;shutter_speed&quot;:&quot;0&quot;,&quot;title&quot;:&quot;&quot;,&quot;orientation&quot;:&quot;0&quot;}\" data-image-title=\"gabigol\" data-image-description=\"\" data-image-caption=\"\" data-large-file=\"https:\/\/i0.wp.com\/blogdoprosperi.com\/wp-content\/uploads\/2016\/05\/gabigol.jpg?fit=940%2C579&amp;ssl=1\" class=\"alignnone size-full wp-image-3602\" src=\"https:\/\/i0.wp.com\/blogdoprosperi.com\/wp-content\/uploads\/2016\/05\/gabigol.jpg?resize=940%2C579&#038;ssl=1\" alt=\"gabigol\" width=\"940\" height=\"579\" \/><figcaption id=\"caption-attachment-3602\" class=\"wp-caption-text\">Gabriel pede passagem na Sele\u00e7\u00e3o Brasileira<\/figcaption><\/figure>\n<p>Gabriel de imediato n\u00e3o ser\u00e1 titular da Sele\u00e7\u00e3o na Copa Am\u00e9rica. \u00c9 aposta na Olimp\u00edada, assim como os outros seis da sele\u00e7\u00e3o ol\u00edmpica que ele convocou para a Copa Am\u00e9rica. E com essa op\u00e7\u00e3o fica bem cristalino que a CBF tem como prioridade a medalha de ouro nos Jogos do Rio, conquista que, na vis\u00e3o alta c\u00fapula da entidade, aliviaria as cr\u00edticas a Dunga e daria mais for\u00e7a ao presidente Marco Polo Del Nero.<\/p>\n<p>Veja a lista dos 23 jogadores convocados por Dunga para Copa Am\u00e9rica Centen\u00e1rio:<\/p>\n<p><strong>Goleiros:\u00a0<\/strong>Alisson (Internacional) &#8211; 23 anos<br \/>\nDiego Alves (Valencia) &#8211; 30 anos<br \/>\nEderson (Benfica) &#8211; 22 anos<\/p>\n<p><strong>Laterais:\u00a0<\/strong>Daniel Alves (Barcelona) &#8211; 32 anos<br \/>\nFabinho (M\u00f4naco) &#8211; 22 anos<br \/>\nFilipe Luis (Atl\u00e9tico de Madrid) &#8211; 30 anos<br \/>\nDouglas Santos (Atl\u00e9tico-MG) &#8211; 22 anos<\/p>\n<div id=\"_dynad_c_I5550001450_1462457713053\"><\/div>\n<p><strong>Zagueiros:\u00a0<\/strong>Miranda (Inter de Mil\u00e3o) &#8211; 31 anos<br \/>\nGil (Shandong Luneng-CHN) &#8211; 28 anos<br \/>\nMarquinhos(PSG) &#8211; 21 anos<br \/>\nRodrigo Caio (S\u00e3o Paulo) &#8211; 22 anos<\/p>\n<p><strong>Volantes:\u00a0<\/strong>Luiz Gustavo (Wolfsburg) &#8211; 28 anos<br \/>\nElias (Corinthians) &#8211; 30 anos<br \/>\nCasemiro (Real Madrid) &#8211; 24 anos<br \/>\nRafinha Alc\u00e2ntara (Barcelona) &#8211; 23 anos<\/p>\n<p><strong>Meias:\u00a0<\/strong>Renato Augusto (Beijing Guoan-CHN) &#8211; 28 anos<br \/>\nPhilippe Coutinho (Liverpool) &#8211; 23 anos<br \/>\nLucas Lima (Santos) &#8211; 25 anos<br \/>\nWillian (Chelsea) &#8211; 27 anos<\/p>\n<p><strong>Atacantes:\u00a0<\/strong>Douglas Costa (Bayern Munique) -25 anos<br \/>\nHulk (Zenit) &#8211; 29 anos<br \/>\nRicardo Oliveira (Santos) &#8211; 35 anos<br \/>\nGabriel (Santos) &#8211; 19 anos<\/p>\n","protected":false},"excerpt":{"rendered":"<p>Criticado pela med\u00edocre campanha do Brasil nas Eliminat\u00f3rias da Copa de 2018, treinador prioriza os Jogos Ol\u00edmpicos na [&hellip;]<\/p>\n","protected":false},"author":102107496,"featured_media":0,"comment_status":"open","ping_status":"open","sticky":false,"template":"","format":"standard","meta":{"_coblocks_attr":"","_coblocks_dimensions":"","_coblocks_responsive_height":"","_coblocks_accordion_ie_support":"","_jetpack_newsletter_access":"","_jetpack_dont_email_post_to_subs":false,"_jetpack_newsletter_tier_id":0,"_jetpack_memberships_contains_paywalled_content":false,"_wpcom_ai_launchpad_first_post":false,"_jetpack_feature_clip_id":0,"_jetpack_memberships_contains_paid_content":false,"footnotes":"","jetpack_publicize_message":"","jetpack_publicize_feature_enabled":true,"jetpack_social_post_already_shared":false,"jetpack_social_options":{"image_generator_settings":{"template":"highway","default_image_id":0,"font":"","enabled":false},"version":2},"jetpack_post_was_ever_published":false},"categories":[53870],"tags":[789560569,120302849,865952,789560560,4029902,25933280,789560562],"class_list":["post-3587","post","type-post","status-publish","format-standard","hentry","category-futebol","tag-cbf","tag-copa-america-centenario","tag-dunga","tag-futebol","tag-marco-polo-del-nero","tag-olimpiada-rio-2016","tag-selecao-brasileira"],"yoast_head":"<!-- This site is optimized with the Yoast SEO plugin v28.4 - https:\/\/yoast.com\/product\/yoast-seo-wordpress\/ -->\n<title>Dunga convoca sele\u00e7\u00e3o brasileira de olho na Olimp\u00edada do Rio - PR\u00d3SPERI NEWS<\/title>\n<meta name=\"robots\" content=\"index, follow, max-snippet:-1, max-image-preview:large, max-video-preview:-1\" \/>\n<link rel=\"canonical\" href=\"https:\/\/blogdoprosperi.com\/?p=3587\" \/>\n<meta property=\"og:locale\" content=\"pt_BR\" \/>\n<meta property=\"og:type\" content=\"article\" \/>\n<meta property=\"og:title\" content=\"Dunga convoca sele\u00e7\u00e3o brasileira de olho na Olimp\u00edada do Rio - PR\u00d3SPERI NEWS\" \/>\n<meta property=\"og:description\" content=\"Criticado pela med\u00edocre campanha do Brasil nas Eliminat\u00f3rias da Copa de 2018, treinador prioriza os Jogos Ol\u00edmpicos na [&hellip;]\" \/>\n<meta property=\"og:url\" content=\"https:\/\/blogdoprosperi.com\/?p=3587\" \/>\n<meta property=\"og:site_name\" content=\"PR\u00d3SPERI NEWS\" \/>\n<meta property=\"article:publisher\" content=\"Luiz Pr\u00f3speri\" \/>\n<meta property=\"article:author\" content=\"Luiz Pr\u00f3speri\" \/>\n<meta property=\"article:published_time\" content=\"2016-05-05T15:46:51+00:00\" \/>\n<meta property=\"article:modified_time\" content=\"2016-05-05T15:58:15+00:00\" \/>\n<meta property=\"og:image\" content=\"https:\/\/blogdoprosperi.com\/wp-content\/uploads\/2016\/05\/cbf_dunga_convoc_17092015_225.jpeg\" \/>\n<meta name=\"author\" content=\"Luiz Ant\u00f4nio Pr\u00f3speri\" \/>\n<meta name=\"twitter:card\" content=\"summary_large_image\" \/>\n<meta name=\"twitter:creator\" content=\"@Luizprosperi\" \/>\n<meta name=\"twitter:site\" content=\"@Luizprosperi\" \/>\n<meta name=\"twitter:label1\" content=\"Escrito por\" \/>\n\t<meta name=\"twitter:data1\" content=\"Luiz Ant\u00f4nio Pr\u00f3speri\" \/>\n\t<meta name=\"twitter:label2\" content=\"Est. tempo de leitura\" \/>\n\t<meta name=\"twitter:data2\" content=\"6 minutos\" \/>\n<script type=\"application\/ld+json\" class=\"yoast-schema-graph\">{\"@context\":\"https:\\\/\\\/schema.org\",\"@graph\":[{\"@type\":\"Article\",\"@id\":\"https:\\\/\\\/blogdoprosperi.com\\\/?p=3587#article\",\"isPartOf\":{\"@id\":\"https:\\\/\\\/blogdoprosperi.com\\\/?p=3587\"},\"author\":{\"name\":\"Luiz Ant\u00f4nio Pr\u00f3speri\",\"@id\":\"https:\\\/\\\/blogdoprosperi.com\\\/#\\\/schema\\\/person\\\/38100755ce3601861ee4fab9b5aa78e9\"},\"headline\":\"Dunga convoca sele\u00e7\u00e3o brasileira de olho na Olimp\u00edada do Rio\",\"datePublished\":\"2016-05-05T15:46:51+00:00\",\"dateModified\":\"2016-05-05T15:58:15+00:00\",\"mainEntityOfPage\":{\"@id\":\"https:\\\/\\\/blogdoprosperi.com\\\/?p=3587\"},\"wordCount\":1138,\"commentCount\":3,\"publisher\":{\"@id\":\"https:\\\/\\\/blogdoprosperi.com\\\/#\\\/schema\\\/person\\\/38100755ce3601861ee4fab9b5aa78e9\"},\"image\":{\"@id\":\"https:\\\/\\\/blogdoprosperi.com\\\/?p=3587#primaryimage\"},\"thumbnailUrl\":\"https:\\\/\\\/blogdoprosperi.com\\\/wp-content\\\/uploads\\\/2016\\\/05\\\/cbf_dunga_convoc_17092015_225.jpeg\",\"keywords\":[\"CBF\",\"Copa Am\u00e9rica Centen\u00e1rio\",\"Dunga\",\"futebol\",\"Marco Polo Del Nero\",\"Olimp\u00edada Rio-2016\",\"Sele\u00e7\u00e3o Brasileira\"],\"articleSection\":[\"futebol\"],\"inLanguage\":\"pt-BR\",\"potentialAction\":[{\"@type\":\"CommentAction\",\"name\":\"Comment\",\"target\":[\"https:\\\/\\\/blogdoprosperi.com\\\/?p=3587#respond\"]}]},{\"@type\":\"WebPage\",\"@id\":\"https:\\\/\\\/blogdoprosperi.com\\\/?p=3587\",\"url\":\"https:\\\/\\\/blogdoprosperi.com\\\/?p=3587\",\"name\":\"Dunga convoca sele\u00e7\u00e3o brasileira de olho na Olimp\u00edada do Rio - PR\u00d3SPERI NEWS\",\"isPartOf\":{\"@id\":\"https:\\\/\\\/blogdoprosperi.com\\\/#website\"},\"primaryImageOfPage\":{\"@id\":\"https:\\\/\\\/blogdoprosperi.com\\\/?p=3587#primaryimage\"},\"image\":{\"@id\":\"https:\\\/\\\/blogdoprosperi.com\\\/?p=3587#primaryimage\"},\"thumbnailUrl\":\"https:\\\/\\\/blogdoprosperi.com\\\/wp-content\\\/uploads\\\/2016\\\/05\\\/cbf_dunga_convoc_17092015_225.jpeg\",\"datePublished\":\"2016-05-05T15:46:51+00:00\",\"dateModified\":\"2016-05-05T15:58:15+00:00\",\"breadcrumb\":{\"@id\":\"https:\\\/\\\/blogdoprosperi.com\\\/?p=3587#breadcrumb\"},\"inLanguage\":\"pt-BR\",\"potentialAction\":[{\"@type\":\"ReadAction\",\"target\":[\"https:\\\/\\\/blogdoprosperi.com\\\/?p=3587\"]}]},{\"@type\":\"ImageObject\",\"inLanguage\":\"pt-BR\",\"@id\":\"https:\\\/\\\/blogdoprosperi.com\\\/?p=3587#primaryimage\",\"url\":\"https:\\\/\\\/i0.wp.com\\\/blogdoprosperi.com\\\/wp-content\\\/uploads\\\/2016\\\/05\\\/cbf_dunga_convoc_17092015_225.jpeg?fit=4129%2C2605&ssl=1\",\"contentUrl\":\"https:\\\/\\\/i0.wp.com\\\/blogdoprosperi.com\\\/wp-content\\\/uploads\\\/2016\\\/05\\\/cbf_dunga_convoc_17092015_225.jpeg?fit=4129%2C2605&ssl=1\",\"width\":4129,\"height\":2605},{\"@type\":\"BreadcrumbList\",\"@id\":\"https:\\\/\\\/blogdoprosperi.com\\\/?p=3587#breadcrumb\",\"itemListElement\":[{\"@type\":\"ListItem\",\"position\":1,\"name\":\"In\u00edcio\",\"item\":\"https:\\\/\\\/blogdoprosperi.com\\\/\"},{\"@type\":\"ListItem\",\"position\":2,\"name\":\"Dunga convoca sele\u00e7\u00e3o brasileira de olho na Olimp\u00edada do Rio\"}]},{\"@type\":\"WebSite\",\"@id\":\"https:\\\/\\\/blogdoprosperi.com\\\/#website\",\"url\":\"https:\\\/\\\/blogdoprosperi.com\\\/\",\"name\":\"PR\u00d3SPERI NEWS\",\"description\":\"TUDO \u00c9  FUTEBOL\",\"publisher\":{\"@id\":\"https:\\\/\\\/blogdoprosperi.com\\\/#\\\/schema\\\/person\\\/38100755ce3601861ee4fab9b5aa78e9\"},\"alternateName\":\"blogdoprosperi.com\",\"potentialAction\":[{\"@type\":\"SearchAction\",\"target\":{\"@type\":\"EntryPoint\",\"urlTemplate\":\"https:\\\/\\\/blogdoprosperi.com\\\/?s={search_term_string}\"},\"query-input\":{\"@type\":\"PropertyValueSpecification\",\"valueRequired\":true,\"valueName\":\"search_term_string\"}}],\"inLanguage\":\"pt-BR\"},{\"@type\":[\"Person\",\"Organization\"],\"@id\":\"https:\\\/\\\/blogdoprosperi.com\\\/#\\\/schema\\\/person\\\/38100755ce3601861ee4fab9b5aa78e9\",\"name\":\"Luiz Ant\u00f4nio Pr\u00f3speri\",\"pronouns\":\"ele\",\"image\":{\"@type\":\"ImageObject\",\"inLanguage\":\"pt-BR\",\"@id\":\"https:\\\/\\\/i0.wp.com\\\/blogdoprosperi.com\\\/wp-content\\\/uploads\\\/2026\\\/05\\\/cropped-8059e613-6002-42fa-961e-8e275f575d71-2-5.jpg?fit=1360%2C931&ssl=1\",\"url\":\"https:\\\/\\\/i0.wp.com\\\/blogdoprosperi.com\\\/wp-content\\\/uploads\\\/2026\\\/05\\\/cropped-8059e613-6002-42fa-961e-8e275f575d71-2-5.jpg?fit=1360%2C931&ssl=1\",\"contentUrl\":\"https:\\\/\\\/i0.wp.com\\\/blogdoprosperi.com\\\/wp-content\\\/uploads\\\/2026\\\/05\\\/cropped-8059e613-6002-42fa-961e-8e275f575d71-2-5.jpg?fit=1360%2C931&ssl=1\",\"width\":1360,\"height\":931,\"caption\":\"Luiz Ant\u00f4nio Pr\u00f3speri\"},\"logo\":{\"@id\":\"https:\\\/\\\/i0.wp.com\\\/blogdoprosperi.com\\\/wp-content\\\/uploads\\\/2026\\\/05\\\/cropped-8059e613-6002-42fa-961e-8e275f575d71-2-5.jpg?fit=1360%2C931&ssl=1\"},\"description\":\"Jornalista com carreira dedicada ao esporte. Cobriu 9 Copas do Mundo in loco, 1990 na It\u00e1lia, 1994 nos EUA, 1998 na Fran\u00e7a, 2002 na Coreia do Sul e Jap\u00e3o, 2006 na Alemanha, 2010 na \u00c1frica do Sul, 2014 no Brasil, 2018 na R\u00fassia e 2022 no Qatar. Eurocopas, 1992 na Su\u00e9cia e 1996 na Inglaterra. Copa das Confedera\u00e7\u00f5es de 2005 na Alemanha e 2009 na \u00c1frica do Sul. Rep\u00f3rter e Editor, trabalhou no Jornal da Tarde e Estad\u00e3o, de 1984 a fevereiro de 2016. Colunista, blogueiro. E comentarista de futebol na R\u00e1dio Estad\u00e3o, de 2013 a fevereiro de 2016. Jornalista respons\u00e1vel do \\\"Pr\u00f3speri News\\\" (blogdoprosperi.com).\",\"sameAs\":[\"http:\\\/\\\/blogdoprosperi.com\",\"Luiz Pr\u00f3speri\",\"@luiz_prosperi\",\"https:\\\/\\\/x.com\\\/Luizprosperi\",\"@prosperinacopa\",\"luiz.prosperi@icloud.com\"],\"url\":\"https:\\\/\\\/blogdoprosperi.com\\\/?author=102107496\"}]}<\/script>\n<!-- \/ Yoast SEO plugin. -->","yoast_head_json":{"title":"Dunga convoca sele\u00e7\u00e3o brasileira de olho na Olimp\u00edada do Rio - PR\u00d3SPERI NEWS","robots":{"index":"index","follow":"follow","max-snippet":"max-snippet:-1","max-image-preview":"max-image-preview:large","max-video-preview":"max-video-preview:-1"},"canonical":"https:\/\/blogdoprosperi.com\/?p=3587","og_locale":"pt_BR","og_type":"article","og_title":"Dunga convoca sele\u00e7\u00e3o brasileira de olho na Olimp\u00edada do Rio - PR\u00d3SPERI NEWS","og_description":"Criticado pela med\u00edocre campanha do Brasil nas Eliminat\u00f3rias da Copa de 2018, treinador prioriza os Jogos Ol\u00edmpicos na [&hellip;]","og_url":"https:\/\/blogdoprosperi.com\/?p=3587","og_site_name":"PR\u00d3SPERI NEWS","article_publisher":"Luiz Pr\u00f3speri","article_author":"Luiz Pr\u00f3speri","article_published_time":"2016-05-05T15:46:51+00:00","article_modified_time":"2016-05-05T15:58:15+00:00","og_image":[{"url":"https:\/\/blogdoprosperi.com\/wp-content\/uploads\/2016\/05\/cbf_dunga_convoc_17092015_225.jpeg","type":"","width":"","height":""}],"author":"Luiz Ant\u00f4nio Pr\u00f3speri","twitter_card":"summary_large_image","twitter_creator":"@Luizprosperi","twitter_site":"@Luizprosperi","twitter_misc":{"Escrito por":"Luiz Ant\u00f4nio Pr\u00f3speri","Est. tempo de leitura":"6 minutos"},"schema":{"@context":"https:\/\/schema.org","@graph":[{"@type":"Article","@id":"https:\/\/blogdoprosperi.com\/?p=3587#article","isPartOf":{"@id":"https:\/\/blogdoprosperi.com\/?p=3587"},"author":{"name":"Luiz Ant\u00f4nio Pr\u00f3speri","@id":"https:\/\/blogdoprosperi.com\/#\/schema\/person\/38100755ce3601861ee4fab9b5aa78e9"},"headline":"Dunga convoca sele\u00e7\u00e3o brasileira de olho na Olimp\u00edada do Rio","datePublished":"2016-05-05T15:46:51+00:00","dateModified":"2016-05-05T15:58:15+00:00","mainEntityOfPage":{"@id":"https:\/\/blogdoprosperi.com\/?p=3587"},"wordCount":1138,"commentCount":3,"publisher":{"@id":"https:\/\/blogdoprosperi.com\/#\/schema\/person\/38100755ce3601861ee4fab9b5aa78e9"},"image":{"@id":"https:\/\/blogdoprosperi.com\/?p=3587#primaryimage"},"thumbnailUrl":"https:\/\/blogdoprosperi.com\/wp-content\/uploads\/2016\/05\/cbf_dunga_convoc_17092015_225.jpeg","keywords":["CBF","Copa Am\u00e9rica Centen\u00e1rio","Dunga","futebol","Marco Polo Del Nero","Olimp\u00edada Rio-2016","Sele\u00e7\u00e3o Brasileira"],"articleSection":["futebol"],"inLanguage":"pt-BR","potentialAction":[{"@type":"CommentAction","name":"Comment","target":["https:\/\/blogdoprosperi.com\/?p=3587#respond"]}]},{"@type":"WebPage","@id":"https:\/\/blogdoprosperi.com\/?p=3587","url":"https:\/\/blogdoprosperi.com\/?p=3587","name":"Dunga convoca sele\u00e7\u00e3o brasileira de olho na Olimp\u00edada do Rio - PR\u00d3SPERI NEWS","isPartOf":{"@id":"https:\/\/blogdoprosperi.com\/#website"},"primaryImageOfPage":{"@id":"https:\/\/blogdoprosperi.com\/?p=3587#primaryimage"},"image":{"@id":"https:\/\/blogdoprosperi.com\/?p=3587#primaryimage"},"thumbnailUrl":"https:\/\/blogdoprosperi.com\/wp-content\/uploads\/2016\/05\/cbf_dunga_convoc_17092015_225.jpeg","datePublished":"2016-05-05T15:46:51+00:00","dateModified":"2016-05-05T15:58:15+00:00","breadcrumb":{"@id":"https:\/\/blogdoprosperi.com\/?p=3587#breadcrumb"},"inLanguage":"pt-BR","potentialAction":[{"@type":"ReadAction","target":["https:\/\/blogdoprosperi.com\/?p=3587"]}]},{"@type":"ImageObject","inLanguage":"pt-BR","@id":"https:\/\/blogdoprosperi.com\/?p=3587#primaryimage","url":"https:\/\/i0.wp.com\/blogdoprosperi.com\/wp-content\/uploads\/2016\/05\/cbf_dunga_convoc_17092015_225.jpeg?fit=4129%2C2605&ssl=1","contentUrl":"https:\/\/i0.wp.com\/blogdoprosperi.com\/wp-content\/uploads\/2016\/05\/cbf_dunga_convoc_17092015_225.jpeg?fit=4129%2C2605&ssl=1","width":4129,"height":2605},{"@type":"BreadcrumbList","@id":"https:\/\/blogdoprosperi.com\/?p=3587#breadcrumb","itemListElement":[{"@type":"ListItem","position":1,"name":"In\u00edcio","item":"https:\/\/blogdoprosperi.com\/"},{"@type":"ListItem","position":2,"name":"Dunga convoca sele\u00e7\u00e3o brasileira de olho na Olimp\u00edada do Rio"}]},{"@type":"WebSite","@id":"https:\/\/blogdoprosperi.com\/#website","url":"https:\/\/blogdoprosperi.com\/","name":"PR\u00d3SPERI NEWS","description":"TUDO \u00c9  FUTEBOL","publisher":{"@id":"https:\/\/blogdoprosperi.com\/#\/schema\/person\/38100755ce3601861ee4fab9b5aa78e9"},"alternateName":"blogdoprosperi.com","potentialAction":[{"@type":"SearchAction","target":{"@type":"EntryPoint","urlTemplate":"https:\/\/blogdoprosperi.com\/?s={search_term_string}"},"query-input":{"@type":"PropertyValueSpecification","valueRequired":true,"valueName":"search_term_string"}}],"inLanguage":"pt-BR"},{"@type":["Person","Organization"],"@id":"https:\/\/blogdoprosperi.com\/#\/schema\/person\/38100755ce3601861ee4fab9b5aa78e9","name":"Luiz Ant\u00f4nio Pr\u00f3speri","pronouns":"ele","image":{"@type":"ImageObject","inLanguage":"pt-BR","@id":"https:\/\/i0.wp.com\/blogdoprosperi.com\/wp-content\/uploads\/2026\/05\/cropped-8059e613-6002-42fa-961e-8e275f575d71-2-5.jpg?fit=1360%2C931&ssl=1","url":"https:\/\/i0.wp.com\/blogdoprosperi.com\/wp-content\/uploads\/2026\/05\/cropped-8059e613-6002-42fa-961e-8e275f575d71-2-5.jpg?fit=1360%2C931&ssl=1","contentUrl":"https:\/\/i0.wp.com\/blogdoprosperi.com\/wp-content\/uploads\/2026\/05\/cropped-8059e613-6002-42fa-961e-8e275f575d71-2-5.jpg?fit=1360%2C931&ssl=1","width":1360,"height":931,"caption":"Luiz Ant\u00f4nio Pr\u00f3speri"},"logo":{"@id":"https:\/\/i0.wp.com\/blogdoprosperi.com\/wp-content\/uploads\/2026\/05\/cropped-8059e613-6002-42fa-961e-8e275f575d71-2-5.jpg?fit=1360%2C931&ssl=1"},"description":"Jornalista com carreira dedicada ao esporte. Cobriu 9 Copas do Mundo in loco, 1990 na It\u00e1lia, 1994 nos EUA, 1998 na Fran\u00e7a, 2002 na Coreia do Sul e Jap\u00e3o, 2006 na Alemanha, 2010 na \u00c1frica do Sul, 2014 no Brasil, 2018 na R\u00fassia e 2022 no Qatar. Eurocopas, 1992 na Su\u00e9cia e 1996 na Inglaterra. Copa das Confedera\u00e7\u00f5es de 2005 na Alemanha e 2009 na \u00c1frica do Sul. Rep\u00f3rter e Editor, trabalhou no Jornal da Tarde e Estad\u00e3o, de 1984 a fevereiro de 2016. Colunista, blogueiro. E comentarista de futebol na R\u00e1dio Estad\u00e3o, de 2013 a fevereiro de 2016. Jornalista respons\u00e1vel do \"Pr\u00f3speri News\" (blogdoprosperi.com).","sameAs":["http:\/\/blogdoprosperi.com","Luiz Pr\u00f3speri","@luiz_prosperi","https:\/\/x.com\/Luizprosperi","@prosperinacopa","luiz.prosperi@icloud.com"],"url":"https:\/\/blogdoprosperi.com\/?author=102107496"}]}},"jetpack_publicize_connections":[],"jetpack_likes_enabled":false,"jetpack_sharing_enabled":true,"jetpack_shortlink":"https:\/\/wp.me\/p7jvdk-VR","jetpack-related-posts":[{"id":21208,"url":"https:\/\/blogdoprosperi.com\/?p=21208","url_meta":{"origin":3587,"position":0},"title":"Tite convoca a sele\u00e7\u00e3o e esconde lista dos garotos do time ol\u00edmpico","author":"Luiz Ant\u00f4nio Pr\u00f3speri","date":"15 de agosto de 2016","format":false,"excerpt":"\u00a0 Tite n\u00e3o queria provocar euforia e tristeza entre os garotos da Sele\u00e7\u00e3o Ol\u00edmpica, concentrados em Teres\u00f3polis para enfrentar Honduras nas semifinais dos Jogos do Rio. Por isso acertou com a CBF o sigilo absoluto na divulga\u00e7\u00e3o da lista dos 23 jogadores convocados para os jogos contra Equador e Col\u00f4mbia,\u2026","rel":"","context":"Em &quot;futebol&quot;","block_context":{"text":"futebol","link":"https:\/\/blogdoprosperi.com\/?cat=53870"},"img":{"alt_text":"","src":"https:\/\/i0.wp.com\/blogdoprosperi.com\/wp-content\/uploads\/2016\/08\/pro-14.jpg?resize=350%2C200","width":350,"height":200,"srcset":"https:\/\/i0.wp.com\/blogdoprosperi.com\/wp-content\/uploads\/2016\/08\/pro-14.jpg?resize=350%2C200 1x, https:\/\/i0.wp.com\/blogdoprosperi.com\/wp-content\/uploads\/2016\/08\/pro-14.jpg?resize=525%2C300 1.5x, https:\/\/i0.wp.com\/blogdoprosperi.com\/wp-content\/uploads\/2016\/08\/pro-14.jpg?resize=700%2C400 2x, https:\/\/i0.wp.com\/blogdoprosperi.com\/wp-content\/uploads\/2016\/08\/pro-14.jpg?resize=1050%2C600 3x, https:\/\/i0.wp.com\/blogdoprosperi.com\/wp-content\/uploads\/2016\/08\/pro-14.jpg?resize=1400%2C800 4x"},"classes":[]},{"id":7808,"url":"https:\/\/blogdoprosperi.com\/?p=7808","url_meta":{"origin":3587,"position":1},"title":"Palmeiras e Gabriel Jesus batem cabe\u00e7a e garoto fica fora da Sele\u00e7\u00e3o Brasileira","author":"Luiz Ant\u00f4nio Pr\u00f3speri","date":"31 de maio de 2016","format":false,"excerpt":"\u00a0 Gabriel Jesus estava convocado por Dunga na vaga de Rafinha, meia do Barcelona, para disputar a Copa Am\u00e9rica Centen\u00e1rio, nos Estados Unidos. Faltava apenas a confirma\u00e7\u00e3o do Palmeiras sobre o visto do jogador para viajar aos EUA. Como o clube demorou a providenciar a documenta\u00e7\u00e3o, o treinador desistiu de\u2026","rel":"","context":"Em &quot;Campeonato Brasileiro&quot;","block_context":{"text":"Campeonato Brasileiro","link":"https:\/\/blogdoprosperi.com\/?cat=355071"},"img":{"alt_text":"622_ae5174ba-5d8a-3e57-8174-0f9646fe4844","src":"https:\/\/i0.wp.com\/blogdoprosperi.com\/wp-content\/uploads\/2016\/05\/622_ae5174ba-5d8a-3e57-8174-0f9646fe4844.jpg?resize=350%2C200&ssl=1","width":350,"height":200,"srcset":"https:\/\/i0.wp.com\/blogdoprosperi.com\/wp-content\/uploads\/2016\/05\/622_ae5174ba-5d8a-3e57-8174-0f9646fe4844.jpg?resize=350%2C200&ssl=1 1x, https:\/\/i0.wp.com\/blogdoprosperi.com\/wp-content\/uploads\/2016\/05\/622_ae5174ba-5d8a-3e57-8174-0f9646fe4844.jpg?resize=525%2C300&ssl=1 1.5x"},"classes":[]},{"id":8113,"url":"https:\/\/blogdoprosperi.com\/?p=8113","url_meta":{"origin":3587,"position":2},"title":"Centro de Intelig\u00eancia da Sele\u00e7\u00e3o falha e Dunga corta seis jogadores","author":"Luiz Ant\u00f4nio Pr\u00f3speri","date":"2 de junho de 2016","format":false,"excerpt":"Dunga perdeu seis jogadores em dez dias de treinamentos da Sele\u00e7\u00e3o Brasileira nos Estados Unidos. Cinco machucados e um por dispensa. A dois dias da estreia na Copa Am\u00e9rica Centen\u00e1rio - contra o Equador neste s\u00e1bado (04\/6) -, o chefe do escrete n\u00e3o teve todo o grupo de jogadores \u00e0\u2026","rel":"","context":"Em &quot;futebol&quot;","block_context":{"text":"futebol","link":"https:\/\/blogdoprosperi.com\/?cat=53870"},"img":{"alt_text":"","src":"https:\/\/i0.wp.com\/blogdoprosperi.com\/wp-content\/uploads\/2016\/06\/20160602030032_2.jpeg?resize=350%2C200&ssl=1","width":350,"height":200,"srcset":"https:\/\/i0.wp.com\/blogdoprosperi.com\/wp-content\/uploads\/2016\/06\/20160602030032_2.jpeg?resize=350%2C200&ssl=1 1x, https:\/\/i0.wp.com\/blogdoprosperi.com\/wp-content\/uploads\/2016\/06\/20160602030032_2.jpeg?resize=525%2C300&ssl=1 1.5x, https:\/\/i0.wp.com\/blogdoprosperi.com\/wp-content\/uploads\/2016\/06\/20160602030032_2.jpeg?resize=700%2C400&ssl=1 2x"},"classes":[]},{"id":22443,"url":"https:\/\/blogdoprosperi.com\/?p=22443","url_meta":{"origin":3587,"position":3},"title":"Veja an\u00e1lise dos 23 jogadores da primeira convoca\u00e7\u00e3o de Tite","author":"Luiz Ant\u00f4nio Pr\u00f3speri","date":"22 de agosto de 2016","format":false,"excerpt":"Tite surpreendeu em pelo menos tr\u00eas nomes na sua primeira convoca\u00e7\u00e3o da Sele\u00e7\u00e3o Brasileira. Os mais destacados foram Taison, atacante do Shakhtar Donestk (Ucr\u00e2nia), o meia Giuliano, ex-Gr\u00eamio e hoje no Zenit (R\u00fassia), e Paulinho, ex-Corinthians e h\u00e1 oito meses no Guangzhou (China). O treinador recorreu ainda \u00e0 base dos\u2026","rel":"","context":"Em &quot;futebol&quot;","block_context":{"text":"futebol","link":"https:\/\/blogdoprosperi.com\/?cat=53870"},"img":{"alt_text":"","src":"https:\/\/i0.wp.com\/blogdoprosperi.com\/wp-content\/uploads\/2016\/08\/pro-16.jpg?resize=350%2C200","width":350,"height":200,"srcset":"https:\/\/i0.wp.com\/blogdoprosperi.com\/wp-content\/uploads\/2016\/08\/pro-16.jpg?resize=350%2C200 1x, https:\/\/i0.wp.com\/blogdoprosperi.com\/wp-content\/uploads\/2016\/08\/pro-16.jpg?resize=525%2C300 1.5x, https:\/\/i0.wp.com\/blogdoprosperi.com\/wp-content\/uploads\/2016\/08\/pro-16.jpg?resize=700%2C400 2x, https:\/\/i0.wp.com\/blogdoprosperi.com\/wp-content\/uploads\/2016\/08\/pro-16.jpg?resize=1050%2C600 3x, https:\/\/i0.wp.com\/blogdoprosperi.com\/wp-content\/uploads\/2016\/08\/pro-16.jpg?resize=1400%2C800 4x"},"classes":[]},{"id":5986,"url":"https:\/\/blogdoprosperi.com\/?p=5986","url_meta":{"origin":3587,"position":4},"title":"Neymar desiste de concorrer a melhor do mundo em 2016","author":"Luiz Ant\u00f4nio Pr\u00f3speri","date":"17 de maio de 2016","format":false,"excerpt":"\u00a0 Craque sai de cena em junho, ao aceitar pedido da CBF para disputar a Olimp\u00edada do Rio, e v\u00ea distante projeto de ser eleito o Bola de Ouro da Fifa no fim do ano Neymar desistiu de se credenciar a melhor jogador do mundo nesta temporada de 2016, na\u2026","rel":"","context":"Em &quot;futebol&quot;","block_context":{"text":"futebol","link":"https:\/\/blogdoprosperi.com\/?cat=53870"},"img":{"alt_text":"","src":"https:\/\/i0.wp.com\/blogdoprosperi.com\/wp-content\/uploads\/2016\/05\/16085103.jpeg?resize=350%2C200&ssl=1","width":350,"height":200,"srcset":"https:\/\/i0.wp.com\/blogdoprosperi.com\/wp-content\/uploads\/2016\/05\/16085103.jpeg?resize=350%2C200&ssl=1 1x, https:\/\/i0.wp.com\/blogdoprosperi.com\/wp-content\/uploads\/2016\/05\/16085103.jpeg?resize=525%2C300&ssl=1 1.5x"},"classes":[]},{"id":802,"url":"https:\/\/blogdoprosperi.com\/?p=802","url_meta":{"origin":3587,"position":5},"title":"Sele\u00e7\u00e3o Brasileira est\u00e1 sem rumo","author":"Luiz Ant\u00f4nio Pr\u00f3speri","date":"9 de abril de 2016","format":false,"excerpt":"Gilmar Rinaldi e Dunga, felizes da vida no comando da Sele\u00e7\u00e3o \u2013 \u00a0Foto Mowa Press\u00a0 Barcelona n\u00e3o cede Neymar para a Copa Am\u00e9rica Centen\u00e1rio nos Estados Unidos,\u00a0Tite diz n\u00e3o \u00e0 CBF e Dunga e Gilmar Rinaldi desprezam cria\u00e7\u00e3o de academias de futebol que revolucionaram o futebol na Alemanha. Estacionada na\u2026","rel":"","context":"Em &quot;futebol&quot;","block_context":{"text":"futebol","link":"https:\/\/blogdoprosperi.com\/?cat=53870"},"img":{"alt_text":"dunga-gilmarrinaldi-mowa","src":"https:\/\/i0.wp.com\/blogdoprosperi.com\/wp-content\/uploads\/2016\/03\/dunga-gilmarrinaldi-mowa.jpg?resize=350%2C200&ssl=1","width":350,"height":200,"srcset":"https:\/\/i0.wp.com\/blogdoprosperi.com\/wp-content\/uploads\/2016\/03\/dunga-gilmarrinaldi-mowa.jpg?resize=350%2C200&ssl=1 1x, https:\/\/i0.wp.com\/blogdoprosperi.com\/wp-content\/uploads\/2016\/03\/dunga-gilmarrinaldi-mowa.jpg?resize=525%2C300&ssl=1 1.5x"},"classes":[]}],"jetpack_featured_media_url":"","_links":{"self":[{"href":"https:\/\/blogdoprosperi.com\/index.php?rest_route=\/wp\/v2\/posts\/3587","targetHints":{"allow":["GET"]}}],"collection":[{"href":"https:\/\/blogdoprosperi.com\/index.php?rest_route=\/wp\/v2\/posts"}],"about":[{"href":"https:\/\/blogdoprosperi.com\/index.php?rest_route=\/wp\/v2\/types\/post"}],"author":[{"embeddable":true,"href":"https:\/\/blogdoprosperi.com\/index.php?rest_route=\/wp\/v2\/users\/102107496"}],"replies":[{"embeddable":true,"href":"https:\/\/blogdoprosperi.com\/index.php?rest_route=%2Fwp%2Fv2%2Fcomments&post=3587"}],"version-history":[{"count":25,"href":"https:\/\/blogdoprosperi.com\/index.php?rest_route=\/wp\/v2\/posts\/3587\/revisions"}],"predecessor-version":[{"id":3707,"href":"https:\/\/blogdoprosperi.com\/index.php?rest_route=\/wp\/v2\/posts\/3587\/revisions\/3707"}],"wp:attachment":[{"href":"https:\/\/blogdoprosperi.com\/index.php?rest_route=%2Fwp%2Fv2%2Fmedia&parent=3587"}],"wp:term":[{"taxonomy":"category","embeddable":true,"href":"https:\/\/blogdoprosperi.com\/index.php?rest_route=%2Fwp%2Fv2%2Fcategories&post=3587"},{"taxonomy":"post_tag","embeddable":true,"href":"https:\/\/blogdoprosperi.com\/index.php?rest_route=%2Fwp%2Fv2%2Ftags&post=3587"}],"curies":[{"name":"wp","href":"https:\/\/api.w.org\/{rel}","templated":true}]}}