{"id":35879,"date":"2017-05-18T12:42:32","date_gmt":"2017-05-18T15:42:32","guid":{"rendered":"http:\/\/blogdoprosperi.com\/?p=35879"},"modified":"2017-05-18T12:44:48","modified_gmt":"2017-05-18T15:44:48","slug":"flamengo-erra-ao-insistir-em-ze-ricardo-e-cai-fora-com-vexame-da-libertadores","status":"publish","type":"post","link":"https:\/\/blogdoprosperi.com\/?p=35879","title":{"rendered":"Flamengo erra ao insistir em Z\u00e9 Ricardo e cai fora, com vexame, da Libertadores"},"content":{"rendered":"<p>Queda na fase de grupos da Copa Libertadores tira do Flamengo a possibilidade de faturar R$ 24,5 milh\u00f5es ao final da competi\u00e7\u00e3o. Essa seria a premia\u00e7\u00e3o paga pela Conmebol que o time carioca teria direito se fosse o campe\u00e3o, acumulando cotas das oitavas de final at\u00e9 a decis\u00e3o do t\u00edtulo. Como caiu eliminado com a derrota (2 a 1) para o San Lorenzo, da Argentina, na quarta-feira (17\/5), vai levar apenas R$ 5,7 milh\u00f5es pelos tr\u00eas jogos que atuou como mandante nessa fase de grupo. Preju\u00edzo financeiro e um desastre assustador do ponto de vista t\u00e9cnico.<!--more--><\/p>\n<p>Por azar do Flamengo, os outros clubes brasileiros continuam bem vivos na Libertadores. Atl\u00e9tico-MG, Santos e Atl\u00e9tico-PR carimbaram a vaga \u00e0s oitavas de final nesta rodada de ter\u00e7a e quarta-feiras. Palmeiras, Gr\u00eamio, Botafogo e at\u00e9 a Chapecoense, a mais amea\u00e7ada de todos, t\u00eam \u00f3timas perspectivas de avan\u00e7arem na competi\u00e7\u00e3o.<\/p>\n<p>Fora da Libertadores, o clube carioca ter\u00e1 o Brasileir\u00e3o, Copa do Brasil e a Copa Sul-Americana para repor as perdas do cofre e recuperar a autoestima abalada com a sa\u00edda precoce da competi\u00e7\u00e3o internacional.<\/p>\n<p>Evidente que o dinheiro pesa nesse momento de lam\u00farias, mesmo com o or\u00e7amento do clube batendo alto na casa dos R$ 450 milh\u00f5es \u2013 com cerca de R$ 215 milh\u00f5es destinados aos futebol \u2013 na temporada 2017. Diante desse aporte financeiro, ficar sem os R$ 24,5 milh\u00f5es de premia\u00e7\u00e3o da Conmebol n\u00e3o chega a ser uma trag\u00e9dia absurda. Duro mesmo \u00e9 explicar ao torcedor os motivos que levaram o time a deixar a cobi\u00e7ada\u00a0Libertadores t\u00e3o cedo.<\/p>\n<p>Havia um forte entusiasmo entre os flamenguistas desde meados de 2016 quando o clube brigou na ponta com Palmeiras, Atl\u00e9tico-MG e Santos pelo t\u00edtulo do Brasileir\u00e3o. Tudo indicava que em 2017 seria o ano da reden\u00e7\u00e3o.<\/p>\n<p>Somando os investimentos em contrata\u00e7\u00f5es da temporada passada, cerca de R$ 67,7 milh\u00f5es, mais os R$ 15 milh\u00f5es gastos at\u00e9 agora, o clube despejou pouco mais mais de R$ 80 milh\u00f5es em atletas do porte de Diego Ribas, Berr\u00edo, R\u00f4mulo, Trauco, Conca, entre outros.<\/p>\n<p>Fortaleceu o time e insistiu com o aprendiz de treinador, Z\u00e9 Ricardo, at\u00e9 ent\u00e3o um t\u00e9cnico de curr\u00edculo inexpressivo formado na pr\u00f3pria categoria de base do clube. Talvez esse tenha sido o erro mais grave da dire\u00e7\u00e3o.<\/p>\n<p>Z\u00e9 Ricardo ganhou status no Flamengo ao substituir Muricy Ramalho, afastado por problemas de sa\u00fade, em julho do ano passado. Na condi\u00e7\u00e3o de interino comandou o time em 11 jogos e chamou aten\u00e7\u00e3o dos dirigentes a ponto de ser efetivado no cargo. Como conseguiu bons resultados e inebriou a torcida com a possibilidade de ser campe\u00e3o do Brasileir\u00e3o, o treinador conquistou definitivamente a alta c\u00fapula do clube. Ao final, acabou no terceiro lugar do campeonato nacional.<\/p>\n<p><img data-recalc-dims=\"1\" loading=\"lazy\" decoding=\"async\" class=\"size-full wp-image-9087\" src=\"https:\/\/i0.wp.com\/chuteirafc.cartacapital.com.br\/wp-content\/uploads\/2017\/05\/Webp.net-resizeimage-20.jpg?resize=940%2C489\" alt=\"\" width=\"940\" height=\"489\" \/><\/p>\n<p>Todo o projeto de 2017, com alto investimento e proje\u00e7\u00e3o de ser campe\u00e3o da Copa Libertadores e embicar a disputa do Mundial de Clubes em Abu Dhabi no fim deste ano, foi montado em cima de Z\u00e9 Ricardo.<\/p>\n<p>N\u00e3o passava pela cabe\u00e7a dos cartolas de que Z\u00e9 Ricardo n\u00e3o teria estofo para levar o time em \u00e1guas calmas, pelo menos na primeira fase da Libertadores. Quando foram prestar aten\u00e7\u00e3o, o time carioca n\u00e3o havia vencido nenhuma das duas partidas fora de casa e culminou com a terceira derrota longe do Rio nesta quarta-feira diante do San Lorenzo.<\/p>\n<p>Uma campanha sem brilho, sem convencer e, agora, irremedi\u00e1vel. Ainda no clima da elimina\u00e7\u00e3o e do p\u00e2nico geral, o presidente Eduardo Bandeira de Melo, muito irritado, disse na sa\u00edda do Est\u00e1dio do Gas\u00f4metro, em Buenos Aires, que Z\u00e9 Ricardo tem a sua confian\u00e7a e n\u00e3o ser\u00e1 demitido.<\/p>\n<p>\u201cSe algu\u00e9m est\u00e1 pensando que cabe\u00e7as rolar\u00e3o, se algu\u00e9m est\u00e1 pensando em ca\u00e7a \u00e0s bruxas, pode tirar o cavalo da chuva que n\u00e3o vai acontecer. Se algu\u00e9m est\u00e1 comemorando nossa derrota, parab\u00e9ns, mas vamos continuar nosso trabalho para melhorar.\u00a0A avalia\u00e7\u00e3o e a cobran\u00e7a s\u00e3o feitas permanentemente. E v\u00e3o continuar. Agora temos uma ferida para cicatrizar e s\u00f3 vai melhorar com muito trabalho. Sei que tem falsos rubro-negros, que sempre torceram contra, que j\u00e1 est\u00e3o comemorando\u201d, disse Bandeira de Melo.<\/p>\n<p>Sem ca\u00e7a \u00e0s bruxas, o presidente tem de prestar aten\u00e7\u00e3o no trabalho de Z\u00e9 Ricardo, um treinador blas\u00e9, de curr\u00edculo que cabe no verso de uma folha A4, sem aquela chama que incendeia os flamenguistas, e de pouco conhecimento. Preju\u00edzos financeiros s\u00e3o f\u00e1ceis de se recuperar, ganhar jogos \u00e9 outra hist\u00f3ria.<\/p>\n<p><a href=\"http:\/\/chuteirafc.cartacapital.com.br\">(texto publicado no CHUTEIRA FC &#8211; leia mais not\u00edcias e opini\u00e3o de futebol)<\/a><\/p>\n<div class=\"jetpack-video-wrapper\"><span class=\"embed-youtube\" style=\"text-align:center; display: block;\"><iframe loading=\"lazy\" class=\"youtube-player\" width=\"940\" height=\"529\" src=\"https:\/\/www.youtube.com\/embed\/x_JpGF-yMdA?version=3&#038;rel=1&#038;showsearch=0&#038;showinfo=1&#038;iv_load_policy=1&#038;fs=1&#038;hl=pt-BR&#038;autohide=2&#038;wmode=transparent\" allowfullscreen=\"true\" style=\"border:0;\" sandbox=\"allow-scripts allow-same-origin allow-popups allow-presentation allow-popups-to-escape-sandbox\"><\/iframe><\/span><\/div>\n","protected":false},"excerpt":{"rendered":"<p>Queda na fase de grupos da Copa Libertadores tira do Flamengo a possibilidade de faturar R$ 24,5 milh\u00f5es [&hellip;]<\/p>\n","protected":false},"author":102107496,"featured_media":35889,"comment_status":"open","ping_status":"open","sticky":false,"template":"","format":"standard","meta":{"_coblocks_attr":"","_coblocks_dimensions":"","_coblocks_responsive_height":"","_coblocks_accordion_ie_support":"","_jetpack_newsletter_access":"","_jetpack_dont_email_post_to_subs":false,"_jetpack_newsletter_tier_id":0,"_jetpack_memberships_contains_paywalled_content":false,"_wpcom_ai_launchpad_first_post":false,"_jetpack_feature_clip_id":0,"_jetpack_memberships_contains_paid_content":false,"footnotes":"","jetpack_publicize_message":"","jetpack_publicize_feature_enabled":true,"jetpack_social_post_already_shared":false,"jetpack_social_options":{"image_generator_settings":{"template":"highway","default_image_id":0,"font":"","enabled":false},"version":2},"jetpack_post_was_ever_published":false},"categories":[270704,53870],"tags":[413544154,3020742,789560560,697180,4558380,20791146],"class_list":["post-35879","post","type-post","status-publish","format-standard","has-post-thumbnail","hentry","category-copa-libertadores","category-futebol","tag-copa-libertadores-2017","tag-cr-flamengo","tag-futebol","tag-san-lorenzo","tag-se-palmeiras","tag-ze-ricardo"],"yoast_head":"<!-- This site is optimized with the Yoast SEO plugin v28.3 - https:\/\/yoast.com\/product\/yoast-seo-wordpress\/ -->\n<title>Flamengo erra ao insistir em Z\u00e9 Ricardo e cai fora, com vexame, da Libertadores - PR\u00d3SPERI NEWS<\/title>\n<meta name=\"robots\" content=\"index, follow, max-snippet:-1, max-image-preview:large, max-video-preview:-1\" \/>\n<link rel=\"canonical\" href=\"https:\/\/blogdoprosperi.com\/?p=35879\" \/>\n<meta property=\"og:locale\" content=\"pt_BR\" \/>\n<meta property=\"og:type\" content=\"article\" \/>\n<meta property=\"og:title\" content=\"Flamengo erra ao insistir em Z\u00e9 Ricardo e cai fora, com vexame, da Libertadores - PR\u00d3SPERI NEWS\" \/>\n<meta property=\"og:description\" content=\"Queda na fase de grupos da Copa Libertadores tira do Flamengo a possibilidade de faturar R$ 24,5 milh\u00f5es [&hellip;]\" \/>\n<meta property=\"og:url\" content=\"https:\/\/blogdoprosperi.com\/?p=35879\" \/>\n<meta property=\"og:site_name\" content=\"PR\u00d3SPERI NEWS\" \/>\n<meta property=\"article:publisher\" content=\"Luiz Pr\u00f3speri\" \/>\n<meta property=\"article:author\" content=\"Luiz Pr\u00f3speri\" \/>\n<meta property=\"article:published_time\" content=\"2017-05-18T15:42:32+00:00\" \/>\n<meta property=\"article:modified_time\" content=\"2017-05-18T15:44:48+00:00\" \/>\n<meta property=\"og:image\" content=\"https:\/\/i0.wp.com\/blogdoprosperi.com\/wp-content\/uploads\/2017\/05\/000_oj1nt-e1495122289533.jpg?fit=940%2C650&ssl=1\" \/>\n\t<meta property=\"og:image:width\" content=\"940\" \/>\n\t<meta property=\"og:image:height\" content=\"650\" \/>\n\t<meta property=\"og:image:type\" content=\"image\/jpeg\" \/>\n<meta name=\"author\" content=\"Luiz Ant\u00f4nio Pr\u00f3speri\" \/>\n<meta name=\"twitter:card\" content=\"summary_large_image\" \/>\n<meta name=\"twitter:creator\" content=\"@Luizprosperi\" \/>\n<meta name=\"twitter:site\" content=\"@Luizprosperi\" \/>\n<meta name=\"twitter:label1\" content=\"Escrito por\" \/>\n\t<meta name=\"twitter:data1\" content=\"Luiz Ant\u00f4nio Pr\u00f3speri\" \/>\n\t<meta name=\"twitter:label2\" content=\"Est. tempo de leitura\" \/>\n\t<meta name=\"twitter:data2\" content=\"4 minutos\" \/>\n<script type=\"application\/ld+json\" class=\"yoast-schema-graph\">{\"@context\":\"https:\\\/\\\/schema.org\",\"@graph\":[{\"@type\":\"Article\",\"@id\":\"https:\\\/\\\/blogdoprosperi.com\\\/?p=35879#article\",\"isPartOf\":{\"@id\":\"https:\\\/\\\/blogdoprosperi.com\\\/?p=35879\"},\"author\":{\"name\":\"Luiz Ant\u00f4nio Pr\u00f3speri\",\"@id\":\"https:\\\/\\\/blogdoprosperi.com\\\/#\\\/schema\\\/person\\\/38100755ce3601861ee4fab9b5aa78e9\"},\"headline\":\"Flamengo erra ao insistir em Z\u00e9 Ricardo e cai fora, com vexame, da Libertadores\",\"datePublished\":\"2017-05-18T15:42:32+00:00\",\"dateModified\":\"2017-05-18T15:44:48+00:00\",\"mainEntityOfPage\":{\"@id\":\"https:\\\/\\\/blogdoprosperi.com\\\/?p=35879\"},\"wordCount\":833,\"commentCount\":0,\"publisher\":{\"@id\":\"https:\\\/\\\/blogdoprosperi.com\\\/#\\\/schema\\\/person\\\/38100755ce3601861ee4fab9b5aa78e9\"},\"image\":{\"@id\":\"https:\\\/\\\/blogdoprosperi.com\\\/?p=35879#primaryimage\"},\"thumbnailUrl\":\"https:\\\/\\\/i0.wp.com\\\/blogdoprosperi.com\\\/wp-content\\\/uploads\\\/2017\\\/05\\\/000_oj1nt-e1495122289533.jpg?fit=3102%2C2145&ssl=1\",\"keywords\":[\"Copa Libertadores 2017\",\"CR Flamengo\",\"futebol\",\"San Lorenzo\",\"SE Palmeiras\",\"Z\u00e9 Ricardo\"],\"articleSection\":[\"Copa Libertadores\",\"futebol\"],\"inLanguage\":\"pt-BR\",\"potentialAction\":[{\"@type\":\"CommentAction\",\"name\":\"Comment\",\"target\":[\"https:\\\/\\\/blogdoprosperi.com\\\/?p=35879#respond\"]}]},{\"@type\":\"WebPage\",\"@id\":\"https:\\\/\\\/blogdoprosperi.com\\\/?p=35879\",\"url\":\"https:\\\/\\\/blogdoprosperi.com\\\/?p=35879\",\"name\":\"Flamengo erra ao insistir em Z\u00e9 Ricardo e cai fora, com vexame, da Libertadores - PR\u00d3SPERI NEWS\",\"isPartOf\":{\"@id\":\"https:\\\/\\\/blogdoprosperi.com\\\/#website\"},\"primaryImageOfPage\":{\"@id\":\"https:\\\/\\\/blogdoprosperi.com\\\/?p=35879#primaryimage\"},\"image\":{\"@id\":\"https:\\\/\\\/blogdoprosperi.com\\\/?p=35879#primaryimage\"},\"thumbnailUrl\":\"https:\\\/\\\/i0.wp.com\\\/blogdoprosperi.com\\\/wp-content\\\/uploads\\\/2017\\\/05\\\/000_oj1nt-e1495122289533.jpg?fit=3102%2C2145&ssl=1\",\"datePublished\":\"2017-05-18T15:42:32+00:00\",\"dateModified\":\"2017-05-18T15:44:48+00:00\",\"breadcrumb\":{\"@id\":\"https:\\\/\\\/blogdoprosperi.com\\\/?p=35879#breadcrumb\"},\"inLanguage\":\"pt-BR\",\"potentialAction\":[{\"@type\":\"ReadAction\",\"target\":[\"https:\\\/\\\/blogdoprosperi.com\\\/?p=35879\"]}]},{\"@type\":\"ImageObject\",\"inLanguage\":\"pt-BR\",\"@id\":\"https:\\\/\\\/blogdoprosperi.com\\\/?p=35879#primaryimage\",\"url\":\"https:\\\/\\\/i0.wp.com\\\/blogdoprosperi.com\\\/wp-content\\\/uploads\\\/2017\\\/05\\\/000_oj1nt-e1495122289533.jpg?fit=3102%2C2145&ssl=1\",\"contentUrl\":\"https:\\\/\\\/i0.wp.com\\\/blogdoprosperi.com\\\/wp-content\\\/uploads\\\/2017\\\/05\\\/000_oj1nt-e1495122289533.jpg?fit=3102%2C2145&ssl=1\",\"width\":3102,\"height\":2145,\"caption\":\"William Ar\u00e3o, volante do Flamengo, desiludido - foto: AFP\"},{\"@type\":\"BreadcrumbList\",\"@id\":\"https:\\\/\\\/blogdoprosperi.com\\\/?p=35879#breadcrumb\",\"itemListElement\":[{\"@type\":\"ListItem\",\"position\":1,\"name\":\"In\u00edcio\",\"item\":\"https:\\\/\\\/blogdoprosperi.com\\\/\"},{\"@type\":\"ListItem\",\"position\":2,\"name\":\"Flamengo erra ao insistir em Z\u00e9 Ricardo e cai fora, com vexame, da Libertadores\"}]},{\"@type\":\"WebSite\",\"@id\":\"https:\\\/\\\/blogdoprosperi.com\\\/#website\",\"url\":\"https:\\\/\\\/blogdoprosperi.com\\\/\",\"name\":\"PR\u00d3SPERI NEWS\",\"description\":\"TUDO \u00c9  FUTEBOL\",\"publisher\":{\"@id\":\"https:\\\/\\\/blogdoprosperi.com\\\/#\\\/schema\\\/person\\\/38100755ce3601861ee4fab9b5aa78e9\"},\"alternateName\":\"blogdoprosperi.com\",\"potentialAction\":[{\"@type\":\"SearchAction\",\"target\":{\"@type\":\"EntryPoint\",\"urlTemplate\":\"https:\\\/\\\/blogdoprosperi.com\\\/?s={search_term_string}\"},\"query-input\":{\"@type\":\"PropertyValueSpecification\",\"valueRequired\":true,\"valueName\":\"search_term_string\"}}],\"inLanguage\":\"pt-BR\"},{\"@type\":[\"Person\",\"Organization\"],\"@id\":\"https:\\\/\\\/blogdoprosperi.com\\\/#\\\/schema\\\/person\\\/38100755ce3601861ee4fab9b5aa78e9\",\"name\":\"Luiz Ant\u00f4nio Pr\u00f3speri\",\"pronouns\":\"ele\",\"image\":{\"@type\":\"ImageObject\",\"inLanguage\":\"pt-BR\",\"@id\":\"https:\\\/\\\/i0.wp.com\\\/blogdoprosperi.com\\\/wp-content\\\/uploads\\\/2026\\\/05\\\/cropped-8059e613-6002-42fa-961e-8e275f575d71-2-5.jpg?fit=1360%2C931&ssl=1\",\"url\":\"https:\\\/\\\/i0.wp.com\\\/blogdoprosperi.com\\\/wp-content\\\/uploads\\\/2026\\\/05\\\/cropped-8059e613-6002-42fa-961e-8e275f575d71-2-5.jpg?fit=1360%2C931&ssl=1\",\"contentUrl\":\"https:\\\/\\\/i0.wp.com\\\/blogdoprosperi.com\\\/wp-content\\\/uploads\\\/2026\\\/05\\\/cropped-8059e613-6002-42fa-961e-8e275f575d71-2-5.jpg?fit=1360%2C931&ssl=1\",\"width\":1360,\"height\":931,\"caption\":\"Luiz Ant\u00f4nio Pr\u00f3speri\"},\"logo\":{\"@id\":\"https:\\\/\\\/i0.wp.com\\\/blogdoprosperi.com\\\/wp-content\\\/uploads\\\/2026\\\/05\\\/cropped-8059e613-6002-42fa-961e-8e275f575d71-2-5.jpg?fit=1360%2C931&ssl=1\"},\"description\":\"Jornalista com carreira dedicada ao esporte. Cobriu 9 Copas do Mundo in loco, 1990 na It\u00e1lia, 1994 nos EUA, 1998 na Fran\u00e7a, 2002 na Coreia do Sul e Jap\u00e3o, 2006 na Alemanha, 2010 na \u00c1frica do Sul, 2014 no Brasil, 2018 na R\u00fassia e 2022 no Qatar. Eurocopas, 1992 na Su\u00e9cia e 1996 na Inglaterra. Copa das Confedera\u00e7\u00f5es de 2005 na Alemanha e 2009 na \u00c1frica do Sul. Rep\u00f3rter e Editor, trabalhou no Jornal da Tarde e Estad\u00e3o, de 1984 a fevereiro de 2016. Colunista, blogueiro. E comentarista de futebol na R\u00e1dio Estad\u00e3o, de 2013 a fevereiro de 2016. Jornalista respons\u00e1vel do \\\"Pr\u00f3speri News\\\" (blogdoprosperi.com).\",\"sameAs\":[\"http:\\\/\\\/blogdoprosperi.com\",\"Luiz Pr\u00f3speri\",\"@luiz_prosperi\",\"https:\\\/\\\/x.com\\\/Luizprosperi\",\"@prosperinacopa\",\"luiz.prosperi@icloud.com\"],\"url\":\"https:\\\/\\\/blogdoprosperi.com\\\/?author=102107496\"}]}<\/script>\n<!-- \/ Yoast SEO plugin. -->","yoast_head_json":{"title":"Flamengo erra ao insistir em Z\u00e9 Ricardo e cai fora, com vexame, da Libertadores - PR\u00d3SPERI NEWS","robots":{"index":"index","follow":"follow","max-snippet":"max-snippet:-1","max-image-preview":"max-image-preview:large","max-video-preview":"max-video-preview:-1"},"canonical":"https:\/\/blogdoprosperi.com\/?p=35879","og_locale":"pt_BR","og_type":"article","og_title":"Flamengo erra ao insistir em Z\u00e9 Ricardo e cai fora, com vexame, da Libertadores - PR\u00d3SPERI NEWS","og_description":"Queda na fase de grupos da Copa Libertadores tira do Flamengo a possibilidade de faturar R$ 24,5 milh\u00f5es [&hellip;]","og_url":"https:\/\/blogdoprosperi.com\/?p=35879","og_site_name":"PR\u00d3SPERI NEWS","article_publisher":"Luiz Pr\u00f3speri","article_author":"Luiz Pr\u00f3speri","article_published_time":"2017-05-18T15:42:32+00:00","article_modified_time":"2017-05-18T15:44:48+00:00","og_image":[{"url":"https:\/\/i0.wp.com\/blogdoprosperi.com\/wp-content\/uploads\/2017\/05\/000_oj1nt-e1495122289533.jpg?fit=940%2C650&ssl=1","width":940,"height":650,"type":"image\/jpeg"}],"author":"Luiz Ant\u00f4nio Pr\u00f3speri","twitter_card":"summary_large_image","twitter_creator":"@Luizprosperi","twitter_site":"@Luizprosperi","twitter_misc":{"Escrito por":"Luiz Ant\u00f4nio Pr\u00f3speri","Est. tempo de leitura":"4 minutos"},"schema":{"@context":"https:\/\/schema.org","@graph":[{"@type":"Article","@id":"https:\/\/blogdoprosperi.com\/?p=35879#article","isPartOf":{"@id":"https:\/\/blogdoprosperi.com\/?p=35879"},"author":{"name":"Luiz Ant\u00f4nio Pr\u00f3speri","@id":"https:\/\/blogdoprosperi.com\/#\/schema\/person\/38100755ce3601861ee4fab9b5aa78e9"},"headline":"Flamengo erra ao insistir em Z\u00e9 Ricardo e cai fora, com vexame, da Libertadores","datePublished":"2017-05-18T15:42:32+00:00","dateModified":"2017-05-18T15:44:48+00:00","mainEntityOfPage":{"@id":"https:\/\/blogdoprosperi.com\/?p=35879"},"wordCount":833,"commentCount":0,"publisher":{"@id":"https:\/\/blogdoprosperi.com\/#\/schema\/person\/38100755ce3601861ee4fab9b5aa78e9"},"image":{"@id":"https:\/\/blogdoprosperi.com\/?p=35879#primaryimage"},"thumbnailUrl":"https:\/\/i0.wp.com\/blogdoprosperi.com\/wp-content\/uploads\/2017\/05\/000_oj1nt-e1495122289533.jpg?fit=3102%2C2145&ssl=1","keywords":["Copa Libertadores 2017","CR Flamengo","futebol","San Lorenzo","SE Palmeiras","Z\u00e9 Ricardo"],"articleSection":["Copa Libertadores","futebol"],"inLanguage":"pt-BR","potentialAction":[{"@type":"CommentAction","name":"Comment","target":["https:\/\/blogdoprosperi.com\/?p=35879#respond"]}]},{"@type":"WebPage","@id":"https:\/\/blogdoprosperi.com\/?p=35879","url":"https:\/\/blogdoprosperi.com\/?p=35879","name":"Flamengo erra ao insistir em Z\u00e9 Ricardo e cai fora, com vexame, da Libertadores - PR\u00d3SPERI NEWS","isPartOf":{"@id":"https:\/\/blogdoprosperi.com\/#website"},"primaryImageOfPage":{"@id":"https:\/\/blogdoprosperi.com\/?p=35879#primaryimage"},"image":{"@id":"https:\/\/blogdoprosperi.com\/?p=35879#primaryimage"},"thumbnailUrl":"https:\/\/i0.wp.com\/blogdoprosperi.com\/wp-content\/uploads\/2017\/05\/000_oj1nt-e1495122289533.jpg?fit=3102%2C2145&ssl=1","datePublished":"2017-05-18T15:42:32+00:00","dateModified":"2017-05-18T15:44:48+00:00","breadcrumb":{"@id":"https:\/\/blogdoprosperi.com\/?p=35879#breadcrumb"},"inLanguage":"pt-BR","potentialAction":[{"@type":"ReadAction","target":["https:\/\/blogdoprosperi.com\/?p=35879"]}]},{"@type":"ImageObject","inLanguage":"pt-BR","@id":"https:\/\/blogdoprosperi.com\/?p=35879#primaryimage","url":"https:\/\/i0.wp.com\/blogdoprosperi.com\/wp-content\/uploads\/2017\/05\/000_oj1nt-e1495122289533.jpg?fit=3102%2C2145&ssl=1","contentUrl":"https:\/\/i0.wp.com\/blogdoprosperi.com\/wp-content\/uploads\/2017\/05\/000_oj1nt-e1495122289533.jpg?fit=3102%2C2145&ssl=1","width":3102,"height":2145,"caption":"William Ar\u00e3o, volante do Flamengo, desiludido - foto: AFP"},{"@type":"BreadcrumbList","@id":"https:\/\/blogdoprosperi.com\/?p=35879#breadcrumb","itemListElement":[{"@type":"ListItem","position":1,"name":"In\u00edcio","item":"https:\/\/blogdoprosperi.com\/"},{"@type":"ListItem","position":2,"name":"Flamengo erra ao insistir em Z\u00e9 Ricardo e cai fora, com vexame, da Libertadores"}]},{"@type":"WebSite","@id":"https:\/\/blogdoprosperi.com\/#website","url":"https:\/\/blogdoprosperi.com\/","name":"PR\u00d3SPERI NEWS","description":"TUDO \u00c9  FUTEBOL","publisher":{"@id":"https:\/\/blogdoprosperi.com\/#\/schema\/person\/38100755ce3601861ee4fab9b5aa78e9"},"alternateName":"blogdoprosperi.com","potentialAction":[{"@type":"SearchAction","target":{"@type":"EntryPoint","urlTemplate":"https:\/\/blogdoprosperi.com\/?s={search_term_string}"},"query-input":{"@type":"PropertyValueSpecification","valueRequired":true,"valueName":"search_term_string"}}],"inLanguage":"pt-BR"},{"@type":["Person","Organization"],"@id":"https:\/\/blogdoprosperi.com\/#\/schema\/person\/38100755ce3601861ee4fab9b5aa78e9","name":"Luiz Ant\u00f4nio Pr\u00f3speri","pronouns":"ele","image":{"@type":"ImageObject","inLanguage":"pt-BR","@id":"https:\/\/i0.wp.com\/blogdoprosperi.com\/wp-content\/uploads\/2026\/05\/cropped-8059e613-6002-42fa-961e-8e275f575d71-2-5.jpg?fit=1360%2C931&ssl=1","url":"https:\/\/i0.wp.com\/blogdoprosperi.com\/wp-content\/uploads\/2026\/05\/cropped-8059e613-6002-42fa-961e-8e275f575d71-2-5.jpg?fit=1360%2C931&ssl=1","contentUrl":"https:\/\/i0.wp.com\/blogdoprosperi.com\/wp-content\/uploads\/2026\/05\/cropped-8059e613-6002-42fa-961e-8e275f575d71-2-5.jpg?fit=1360%2C931&ssl=1","width":1360,"height":931,"caption":"Luiz Ant\u00f4nio Pr\u00f3speri"},"logo":{"@id":"https:\/\/i0.wp.com\/blogdoprosperi.com\/wp-content\/uploads\/2026\/05\/cropped-8059e613-6002-42fa-961e-8e275f575d71-2-5.jpg?fit=1360%2C931&ssl=1"},"description":"Jornalista com carreira dedicada ao esporte. Cobriu 9 Copas do Mundo in loco, 1990 na It\u00e1lia, 1994 nos EUA, 1998 na Fran\u00e7a, 2002 na Coreia do Sul e Jap\u00e3o, 2006 na Alemanha, 2010 na \u00c1frica do Sul, 2014 no Brasil, 2018 na R\u00fassia e 2022 no Qatar. Eurocopas, 1992 na Su\u00e9cia e 1996 na Inglaterra. Copa das Confedera\u00e7\u00f5es de 2005 na Alemanha e 2009 na \u00c1frica do Sul. Rep\u00f3rter e Editor, trabalhou no Jornal da Tarde e Estad\u00e3o, de 1984 a fevereiro de 2016. Colunista, blogueiro. E comentarista de futebol na R\u00e1dio Estad\u00e3o, de 2013 a fevereiro de 2016. Jornalista respons\u00e1vel do \"Pr\u00f3speri News\" (blogdoprosperi.com).","sameAs":["http:\/\/blogdoprosperi.com","Luiz Pr\u00f3speri","@luiz_prosperi","https:\/\/x.com\/Luizprosperi","@prosperinacopa","luiz.prosperi@icloud.com"],"url":"https:\/\/blogdoprosperi.com\/?author=102107496"}]}},"jetpack_publicize_connections":[],"jetpack_likes_enabled":false,"jetpack_sharing_enabled":true,"jetpack_shortlink":"https:\/\/wp.me\/p7jvdk-9kH","jetpack-related-posts":[{"id":44333,"url":"https:\/\/blogdoprosperi.com\/?p=44333","url_meta":{"origin":35879,"position":0},"title":"Copa do Brasil \u2013 Flamengo x Palmeiras: a dura caminhada de Abel Ferreira at\u00e9 o topo da montanha","author":"Luiz Ant\u00f4nio Pr\u00f3speri","date":"18 de julho de 2024","format":false,"excerpt":"Sorteio da Copa do Brasil tem confronto Palmeiras x Flamengo nas oitavas de final. Um deles, apontados como os mais poderosos clubes brasileiros, vai ficar no meio do caminho. E perder a oportunidade de embolsar cerca de 94 milh\u00f5es na soma da premia\u00e7\u00e3o total da CB. Palmeiras decide a vaga\u2026","rel":"","context":"Em &quot;futebol&quot;","block_context":{"text":"futebol","link":"https:\/\/blogdoprosperi.com\/?cat=53870"},"img":{"alt_text":"","src":"https:\/\/i0.wp.com\/blogdoprosperi.com\/wp-content\/uploads\/2024\/07\/zyqmery5.jpeg?fit=600%2C375&ssl=1&resize=350%2C200","width":350,"height":200,"srcset":"https:\/\/i0.wp.com\/blogdoprosperi.com\/wp-content\/uploads\/2024\/07\/zyqmery5.jpeg?fit=600%2C375&ssl=1&resize=350%2C200 1x, https:\/\/i0.wp.com\/blogdoprosperi.com\/wp-content\/uploads\/2024\/07\/zyqmery5.jpeg?fit=600%2C375&ssl=1&resize=525%2C300 1.5x"},"classes":[]},{"id":6350,"url":"https:\/\/blogdoprosperi.com\/?p=6350","url_meta":{"origin":35879,"position":1},"title":"Flamengo e Atl\u00e9tico-MG, dois gigantes nas cordas","author":"Luiz Ant\u00f4nio Pr\u00f3speri","date":"19 de maio de 2016","format":false,"excerpt":"\u00a0 Flamengo e Atl\u00e9tico-MG t\u00eam pouco tempo para se reinventar, sob pena de jogar fora a temporada de 2016 antes mesmo de encerrar o primeiro semestre. A queda do time mineiro na Copa Libertadores custou a sa\u00edda do t\u00e9cnico Diego Aguirre e a elimina\u00e7\u00e3o do Flamengo na Copa do Brasil,\u2026","rel":"","context":"Em &quot;Campeonato Brasileiro&quot;","block_context":{"text":"Campeonato Brasileiro","link":"https:\/\/blogdoprosperi.com\/?cat=355071"},"img":{"alt_text":"","src":"https:\/\/i0.wp.com\/blogdoprosperi.com\/wp-content\/uploads\/2016\/05\/27114817065_0657eff2bf_o-600x400.jpg?resize=350%2C200&ssl=1","width":350,"height":200,"srcset":"https:\/\/i0.wp.com\/blogdoprosperi.com\/wp-content\/uploads\/2016\/05\/27114817065_0657eff2bf_o-600x400.jpg?resize=350%2C200&ssl=1 1x, https:\/\/i0.wp.com\/blogdoprosperi.com\/wp-content\/uploads\/2016\/05\/27114817065_0657eff2bf_o-600x400.jpg?resize=525%2C300&ssl=1 1.5x"},"classes":[]},{"id":35930,"url":"https:\/\/blogdoprosperi.com\/?p=35930","url_meta":{"origin":35879,"position":2},"title":"Palmeiras se encorpa com Cuca e avan\u00e7a \u00e0s oitavas da Libertadores. Flamengo fica pelo caminho","author":"Luiz Ant\u00f4nio Pr\u00f3speri","date":"25 de maio de 2017","format":false,"excerpt":"Palmeiras avan\u00e7a \u00e0s oitavas de final da Copa Libertadores 2017 e se junta a Santos, Atl\u00e9tico-MG, Atl\u00e9tico-PR, Botafogo e Gr\u00eamio, representantes do futebol brasileiro tamb\u00e9m classificados. Flamengo e Chapecoense ficaram no meio do caminho \u2013 clube catarinense ainda tenta recuperar a vaga na Corte Disciplinar da Conmebol. Derrota imposta ao\u2026","rel":"","context":"Em &quot;Copa Libertadores&quot;","block_context":{"text":"Copa Libertadores","link":"https:\/\/blogdoprosperi.com\/?cat=270704"},"img":{"alt_text":"","src":"https:\/\/i0.wp.com\/blogdoprosperi.com\/wp-content\/uploads\/2017\/05\/34032457084_b60b749025_o.jpg?fit=1000%2C604&ssl=1&resize=350%2C200","width":350,"height":200,"srcset":"https:\/\/i0.wp.com\/blogdoprosperi.com\/wp-content\/uploads\/2017\/05\/34032457084_b60b749025_o.jpg?fit=1000%2C604&ssl=1&resize=350%2C200 1x, https:\/\/i0.wp.com\/blogdoprosperi.com\/wp-content\/uploads\/2017\/05\/34032457084_b60b749025_o.jpg?fit=1000%2C604&ssl=1&resize=525%2C300 1.5x, https:\/\/i0.wp.com\/blogdoprosperi.com\/wp-content\/uploads\/2017\/05\/34032457084_b60b749025_o.jpg?fit=1000%2C604&ssl=1&resize=700%2C400 2x"},"classes":[]},{"id":49439,"url":"https:\/\/blogdoprosperi.com\/?p=49439","url_meta":{"origin":35879,"position":3},"title":"Libertadores 2025 | Campe\u00e3o Leva R$ 136 milh\u00f5es de Premia\u00e7\u00e3o \u2013 Confira Transmiss\u00e3o da Primeira Rodada na TV","author":"Luiz Ant\u00f4nio Pr\u00f3speri","date":"1 de abril de 2025","format":false,"excerpt":"Luiz Ant\u00f4nio Pr\u00f3speri \u2013 1 abril (19h15) \u2013 Libertadores 2025 come\u00e7a nesta ter\u00e7a-feira (01\/4) prometendo pagar ao campe\u00e3o US$ 24 milh\u00f5es (R$ 136 milh\u00f5es). Trata-se de uma luta de clubes de nove pa\u00edses sul-americanos contra hegemonia dos times do Brasil. A ta\u00e7a est\u00e1 em posse de clubes brasileiros de 2019\u2026","rel":"","context":"Em &quot;futebol&quot;","block_context":{"text":"futebol","link":"https:\/\/blogdoprosperi.com\/?cat=53870"},"img":{"alt_text":"Libertadores 2026","src":"https:\/\/i0.wp.com\/blogdoprosperi.com\/wp-content\/uploads\/2023\/03\/fsrk8i2waaabn_f.jpeg?fit=678%2C452&ssl=1&resize=350%2C200","width":350,"height":200,"srcset":"https:\/\/i0.wp.com\/blogdoprosperi.com\/wp-content\/uploads\/2023\/03\/fsrk8i2waaabn_f.jpeg?fit=678%2C452&ssl=1&resize=350%2C200 1x, https:\/\/i0.wp.com\/blogdoprosperi.com\/wp-content\/uploads\/2023\/03\/fsrk8i2waaabn_f.jpeg?fit=678%2C452&ssl=1&resize=525%2C300 1.5x"},"classes":[]},{"id":59008,"url":"https:\/\/blogdoprosperi.com\/?p=59008","url_meta":{"origin":35879,"position":4},"title":"Onde Assistir Ao Vivo sorteio dos confrontos das oitavas de final da Libertadores","author":"Luiz Ant\u00f4nio Pr\u00f3speri","date":"29 de maio de 2026","format":false,"excerpt":"A Copa Libertadores 2026 conhece hoje (29\/5) os confrontos das oitavas de final em sorteio na sede da Confedera\u00e7\u00e3o Sul-Americana de Futebol (Conmebol), em Luque, Paraguai. Flamengo e Corinthians est\u00e3o no Pote 1 por ter melhor campanha na fase de grupos. Palmeiras, Cruzeiro, Fluminense e Mirassol entram no Pote 2\u2026","rel":"","context":"Em &quot;futebol&quot;","block_context":{"text":"futebol","link":"https:\/\/blogdoprosperi.com\/?cat=53870"},"img":{"alt_text":"Libertadores 2026","src":"https:\/\/i0.wp.com\/blogdoprosperi.com\/wp-content\/uploads\/2023\/03\/fsrk8i2waaabn_f.jpeg?fit=678%2C452&ssl=1&resize=350%2C200","width":350,"height":200,"srcset":"https:\/\/i0.wp.com\/blogdoprosperi.com\/wp-content\/uploads\/2023\/03\/fsrk8i2waaabn_f.jpeg?fit=678%2C452&ssl=1&resize=350%2C200 1x, https:\/\/i0.wp.com\/blogdoprosperi.com\/wp-content\/uploads\/2023\/03\/fsrk8i2waaabn_f.jpeg?fit=678%2C452&ssl=1&resize=525%2C300 1.5x"},"classes":[]},{"id":37677,"url":"https:\/\/blogdoprosperi.com\/?p=37677","url_meta":{"origin":35879,"position":5},"title":"Copa do Brasil \/ sorteio: Corinthians e Flamengo abrem oitavas de final, campe\u00e3o pode levar R$ 70 milh\u00f5es","author":"Luiz Ant\u00f4nio Pr\u00f3speri","date":"3 de maio de 2019","format":false,"excerpt":"Copa do Brasil 2019 ter\u00e1 confronto Corinthians x Flamengo nas oitavas de final e mais dois cl\u00e1ssicos nacionais entre Atl\u00e9tico-MG x Santos, e Cruzeiro x Fluminense, de acordo com sorteio realizado nesta quinta-feira (02\/5) na CBF. Esta fase vale R$ 2,5 milh\u00f5es ao clube que se classificar. E a cota\u2026","rel":"","context":"Em &quot;futebol&quot;","block_context":{"text":"futebol","link":"https:\/\/blogdoprosperi.com\/?cat=53870"},"img":{"alt_text":"","src":"https:\/\/i0.wp.com\/blogdoprosperi.com\/wp-content\/uploads\/2019\/05\/d5lpl7tw4autxlf.jpg?fit=1200%2C799&ssl=1&resize=350%2C200","width":350,"height":200,"srcset":"https:\/\/i0.wp.com\/blogdoprosperi.com\/wp-content\/uploads\/2019\/05\/d5lpl7tw4autxlf.jpg?fit=1200%2C799&ssl=1&resize=350%2C200 1x, https:\/\/i0.wp.com\/blogdoprosperi.com\/wp-content\/uploads\/2019\/05\/d5lpl7tw4autxlf.jpg?fit=1200%2C799&ssl=1&resize=525%2C300 1.5x, https:\/\/i0.wp.com\/blogdoprosperi.com\/wp-content\/uploads\/2019\/05\/d5lpl7tw4autxlf.jpg?fit=1200%2C799&ssl=1&resize=700%2C400 2x, https:\/\/i0.wp.com\/blogdoprosperi.com\/wp-content\/uploads\/2019\/05\/d5lpl7tw4autxlf.jpg?fit=1200%2C799&ssl=1&resize=1050%2C600 3x"},"classes":[]}],"jetpack_featured_media_url":"https:\/\/i0.wp.com\/blogdoprosperi.com\/wp-content\/uploads\/2017\/05\/000_oj1nt-e1495122289533.jpg?fit=3102%2C2145&ssl=1","_links":{"self":[{"href":"https:\/\/blogdoprosperi.com\/index.php?rest_route=\/wp\/v2\/posts\/35879","targetHints":{"allow":["GET"]}}],"collection":[{"href":"https:\/\/blogdoprosperi.com\/index.php?rest_route=\/wp\/v2\/posts"}],"about":[{"href":"https:\/\/blogdoprosperi.com\/index.php?rest_route=\/wp\/v2\/types\/post"}],"author":[{"embeddable":true,"href":"https:\/\/blogdoprosperi.com\/index.php?rest_route=\/wp\/v2\/users\/102107496"}],"replies":[{"embeddable":true,"href":"https:\/\/blogdoprosperi.com\/index.php?rest_route=%2Fwp%2Fv2%2Fcomments&post=35879"}],"version-history":[{"count":9,"href":"https:\/\/blogdoprosperi.com\/index.php?rest_route=\/wp\/v2\/posts\/35879\/revisions"}],"predecessor-version":[{"id":35888,"href":"https:\/\/blogdoprosperi.com\/index.php?rest_route=\/wp\/v2\/posts\/35879\/revisions\/35888"}],"wp:featuredmedia":[{"embeddable":true,"href":"https:\/\/blogdoprosperi.com\/index.php?rest_route=\/wp\/v2\/media\/35889"}],"wp:attachment":[{"href":"https:\/\/blogdoprosperi.com\/index.php?rest_route=%2Fwp%2Fv2%2Fmedia&parent=35879"}],"wp:term":[{"taxonomy":"category","embeddable":true,"href":"https:\/\/blogdoprosperi.com\/index.php?rest_route=%2Fwp%2Fv2%2Fcategories&post=35879"},{"taxonomy":"post_tag","embeddable":true,"href":"https:\/\/blogdoprosperi.com\/index.php?rest_route=%2Fwp%2Fv2%2Ftags&post=35879"}],"curies":[{"name":"wp","href":"https:\/\/api.w.org\/{rel}","templated":true}]}}