{"id":35890,"date":"2017-05-20T17:11:29","date_gmt":"2017-05-20T20:11:29","guid":{"rendered":"http:\/\/blogdoprosperi.com\/?p=35890"},"modified":"2017-05-20T17:11:29","modified_gmt":"2017-05-20T20:11:29","slug":"cbf-se-omite-e-palmeiras-e-castigado-pela-conmebol-na-copa-libertadores","status":"publish","type":"post","link":"https:\/\/blogdoprosperi.com\/?p=35890","title":{"rendered":"CBF se omite e Palmeiras \u00e9 castigado pela Conmebol na Copa Libertadores"},"content":{"rendered":"<p>CBF n\u00e3o defendeu o Palmeiras no Comit\u00ea Disciplinar da Confedera\u00e7\u00e3o Sul-Americana de Futebol (Conmebol) e o clube paulista sofreu uma puni\u00e7\u00e3o mais pesada que o Pe\u00f1arol nos incidentes da batalha campal em Montevid\u00e9u. A senten\u00e7a determina que o Palmeiras n\u00e3o poder\u00e1 contar com seus torcedores em tr\u00eas jogos como visitante (oitavas de final, quartas e semifinal) na Copa Libertadores e ainda deve pagar uma multa de US$ 80 mil. Dono do est\u00e1dio e acusado de promover uma emboscada contra o time brasileiro, o Pe\u00f1arol foi punido apenas com uma partida com port\u00f5es fechados e\u00a0multa de US$ 150 mil.<!--more--><\/p>\n<p>De acordo com essa decis\u00e3o do Comit\u00ea Disciplinar, o <a href=\"http:\/\/chuteirafc.cartacapital.com.br\/palmeiras-espera-punicao-pesada-ao-penarol\/\">Palmeiras saiu perdendo em rela\u00e7\u00e3o ao clube uruguaio<\/a>. Outra derrota: <a href=\"http:\/\/chuteirafc.cartacapital.com.br\/analise-felipe-melo-declara-apoio-a-bolsonaro\/\">Felipe Melo,<\/a> um dos envolvidos na confus\u00e3o, pegou um gancho de seis jogos de suspens\u00e3o e multa de US$ 10 mil. Lucas Hern\u00e1ndez, Nahitan N\u00e1ndez e Mat\u00edas Mier, jogadores do Pe\u00f1arol flagrados nas agress\u00f5es, foram suspensos por cinco jogos.<\/p>\n<p>A rea\u00e7\u00e3o do Palmeiras, diante da omiss\u00e3o da CBF, foi emitir uma nota oficial de rep\u00fadio \u00e0 puni\u00e7\u00e3o determinada pelo Comit\u00ea Disciplinar da Conmebol. \u201cBeira o esc\u00e1rnio\u201d, diz a nota (<em>leia \u00edntegra do comunicado abaixo no post<\/em>).<\/p>\n<p>Evidente a derrota do <a href=\"http:\/\/chuteirafc.cartacapital.com.br\/veja-video-que-palmeiras-vai-usar-na-defesa\/\">Palmeiras no julgamento <\/a>e a falta de for\u00e7a da CBF nos bastidores da Conmebol.<\/p>\n<p>Desde o in\u00edcio do processo, o clube paulista recorreu ao presidente da Federa\u00e7\u00e3o Paulista de Futebol (FPF), Reinaldo Carneiro Bastos, no encaminhamento de sua defesa na Conmebol, que, por sua vez, levou a defesa \u00e0 CBF.<\/p>\n<p>Palmeiras nada mais fez do que seguir o caminho protocolar. O problema \u00e9 que a CBF est\u00e1 enfraquecida na Conmebol, a ponto de seu representante na confedera\u00e7\u00e3o ser nada mais nada menos que Reinaldo Carneiro Bastos, o presidente da FPF, a pedido de\u00a0Marco Polo Del Nero, presidente da CBF.<\/p>\n<p>Del Nero, como medo de ser preso, n\u00e3o arreda p\u00e9 do Brasil. N\u00e3o participa de nenhum congresso ou reuni\u00e3o da Conmebol. E sempre \u00e9 representado por Reinaldo Bastos.<\/p>\n<p>Teme que possa ser detido como foram os \u00faltimos tr\u00eas presidentes da confedera\u00e7\u00e3o, os senhores\u00a0Nicol\u00e1s Leoz, Juan \u00c1ngel Napout, e Eugenio Figueredo,\u00a0extraditado em maio de 2015 para os EU, todos detidos por esc\u00e2ndalos de corrup\u00e7\u00e3o.<\/p>\n<p><img data-recalc-dims=\"1\" loading=\"lazy\" decoding=\"async\" class=\"size-full wp-image-9228\" src=\"https:\/\/i0.wp.com\/chuteirafc.cartacapital.com.br\/wp-content\/uploads\/2017\/05\/whatsapp_image_2017-04-26_at_23.42.52.jpeg?resize=640%2C360\" alt=\"\" width=\"640\" height=\"360\" \/><\/p>\n<p>A \u00fanica influ\u00eancia vis\u00edvel de Del Nero na Conmebol foi emplacar o ex-\u00e1rbitro paulista Wilson Seneme no comando da Comiss\u00e3o de Arbitragem. Seneme era do quadro de \u00e1rbitros da FPF e subordinado de Del Nero h\u00e1 mais dez anos.<\/p>\n<p>\u201cEu sei que meus \u00e1rbitros s\u00e3o honestos\u201d, disse Del Nero, ao comentar a nomea\u00e7\u00e3o de Seneme na Conmebol.<\/p>\n<p>O presidente da CBF, mesmo \u00e0 dist\u00e2ncia, apoia a gest\u00e3o de Alejandro Dom\u00ednguez, eleito presidente da Conmebol, que assumiu o cargo ap\u00f3s a pris\u00e3o de Juan \u00c1ngel Napout no ano passado.<\/p>\n<p>\u201cHoje estamos vendo uma Conmebol diferente. A cada dia que passa est\u00e1 melhor\u201d, disse o presidente da CBF, bem antes de o Palmeiras sofrer a dura derrota nos tribunais depois da batalha no est\u00e1dio do Pe\u00f1arol.<\/p>\n<p>Sem a\u00e7\u00e3o efetiva da CBF, o Palmeiras ficou \u00f3rf\u00e3o na sua defesa na Conmebol, o que provocou forte indigna\u00e7\u00e3o no clube paulista. O presidente Mauricio Galiotte disse que vai recorrer contra a puni\u00e7\u00e3o e considerou um absurdo o tratamento dado aos dois clubes no julgamento.<\/p>\n<p>Para n\u00e3o ficar mal com o Palmeiras, Marco Polo Del Nero convidou Galiotte para chefiar a delega\u00e7\u00e3o da Sele\u00e7\u00e3o Brasileira nos amistosos com Austr\u00e1lia e Argentina, em Melbourne, em junho. E Galiotte aceitou.<\/p>\n<p><strong>Veja a nota oficial do Palmeiras contra a puni\u00e7\u00e3o da Conmebol:<\/strong><\/p>\n<p><em>Tendo em vista a defini\u00e7\u00e3o e divulga\u00e7\u00e3o dos julgamentos da Conmebol sobre os incidentes relacionados \u00e0 partida contra o Pe\u00f1arol, a Sociedade Esportiva Palmeiras vem a p\u00fablico esclarecer que:<\/em><\/p>\n<p><em>1 \u2013 O sentimento \u00e9 de total indigna\u00e7\u00e3o e revolta com a falta de crit\u00e9rio adotada pela Conmebol em rela\u00e7\u00e3o \u00e0s puni\u00e7\u00f5es aplicadas para os dois clubes e seus atletas.<\/em><\/p>\n<p><em>2 \u2013 Beira o esc\u00e1rnio o entendimento que o Pe\u00f1arol, clube respons\u00e1vel pela seguran\u00e7a da partida e que n\u00e3o cumpriu com sua fun\u00e7\u00e3o, receba uma pena menor do que a do Palmeiras, cujo time e torcida foram v\u00edtimas de uma clara e evidente emboscada, al\u00e9m de outros crimes. Vale lembrar que, a despeito do clima tenso, a seguran\u00e7a feita no Allianz Parque por quase 600 profissionais foi capaz de zerar qualquer tipo de incidente no jogo de ida contra o Pe\u00f1arol, ao contr\u00e1rio dos \u00ednfimos e despreparados 60 seguran\u00e7as particulares contratados pelo clube uruguaio para o jogo de volta.<\/em><\/p>\n<p><em>3 \u2013 O Comit\u00ea Disciplinar da Conmebol, de maneira m\u00edope, preferiu apontar sua avalia\u00e7\u00e3o baseada nas consequ\u00eancias e n\u00e3o nas causas dos acontecimentos.<\/em><\/p>\n<p><em>4 \u2013 O Palmeiras reitera o que tem afirmado desde o primeiro momento ainda no est\u00e1dio em Montevid\u00e9u: o clube e seus jogadores s\u00e3o v\u00edtimas e n\u00e3o causadores dos incidentes ap\u00f3s a partida. Provamos para a Conmebol, atrav\u00e9s de um vasto conjunto de v\u00eddeos, fotos e depoimentos, o que realmente aconteceu naquele jogo. Pelo resultado do julgamento, parece que crit\u00e9rios t\u00e9cnicos n\u00e3o foram levados em considera\u00e7\u00e3o, o que \u00e9 completamente inadmiss\u00edvel e incoerente. \u00c9 inaceit\u00e1vel que um atleta do Palmeiras seja punido por ter se defendido de uma tentativa clara de agress\u00e3o e que sua torcida, que foi claramente acuada, agredida e alvo de manifesta\u00e7\u00f5es racistas, seja impedida de acompanhar o time na competi\u00e7\u00e3o.<\/em><\/p>\n<p><em>5 \u2013 O Departamento Jur\u00eddico do Palmeiras est\u00e1 preparando recursos contestando as puni\u00e7\u00f5es aplicadas ao jogador Felipe Melo e ao clube e os apresentar\u00e1 \u00e0 Conmebol no in\u00edcio da pr\u00f3pria semana.<\/em><\/p>\n<p><em>6 \u2013 A Sociedade Esportiva Palmeiras vai buscar fazer justi\u00e7a. O clube n\u00e3o admite outro posicionamento do Comit\u00ea Disciplinar da Conmebol que n\u00e3o seja a revis\u00e3o de sua decis\u00e3o e o julgamento do assunto levando em considera\u00e7\u00e3o apenas crit\u00e9rios t\u00e9cnicos.<\/em><\/p>\n<p><img data-recalc-dims=\"1\" loading=\"lazy\" decoding=\"async\" class=\"size-full wp-image-9231\" src=\"https:\/\/i0.wp.com\/chuteirafc.cartacapital.com.br\/wp-content\/uploads\/2017\/05\/1cbf.jpeg?resize=599%2C350\" alt=\"\" width=\"599\" height=\"350\" \/><\/p>\n<p><strong>Poder na Conmebol<\/strong><\/p>\n<p>Alejandro Dom\u00ednguez Wilson-Smith, natural de Assun\u00e7\u00e3o, Paraguai, \u00e9 economista formado\u00a0na Universidade do Kansas, nos Estados Unidos, em 1995. Come\u00e7ou no futebol\u00a0como membro da diretoria do Olimpia em 1995. Em 2007, virou vice-presidente da Confedera\u00e7\u00e3o Paraguaia de Futebol at\u00e9 assumir a presid\u00eancia em agosto de 2014. E se elegeu presidente da Conmebol em 2016, com a pris\u00e3o de Juan Napout.<\/p>\n<p>No Paraguai, Dom\u00ednguez n\u00e3o \u00e9 unanimidade. Um dos maiores \u00eddolos do futebol paraguaio, o ex-goleiro Jos\u00e9 Luis Chilavert, faz duras cr\u00edticas ao presidente da Conmebol.<\/p>\n<p>\u201cDom\u00ednguez n\u00e3o pode ser presidente, ele devastou o futebol paraguaio. \u00c9 incompetente para exercer suas fun\u00e7\u00f5es. H\u00e1 pessoas capazes, honestas. Os que o apoiam s\u00e3o os que t\u00eam lucrado sempre. N\u00e3o se pode mudar o futebol com estes dirigentes nefastos. Dom\u00ednguez \u00e9 um paraquedista que n\u00e3o sabe nada, \u00e9 c\u00famplice de Napout e \u00e9 preciso investig\u00e1-lo. Trata-se da nova cara da corrup\u00e7\u00e3o. Seguem matando o futebol\u201d, disse Chilavert.<\/p>\n<p><b>Influ\u00eancia de Brasil e Argentina<\/b><\/p>\n<p>Entre os presidentes da Conmebol, o paraguaio Nicol\u00e1s Leoz foi o mais longevo dirigente. Comandou a entidade por 27 anos, entre 1986 e 2013, per\u00edodo em que cumpria as ordens de Julio Grondona, presidente da Associa\u00e7\u00e3o Argentina de Futebol (AFA) e Ricardo Teixeira, presidente da CBF (de 1989 a 2012).<\/p>\n<p><em>Veja os dirigentes da hist\u00f3ria da Conmebol:<\/em><\/p>\n<p>H\u00e9ctor Rivadavia G\u00f3mez (Uruguai) \u2014 1916 a 1926<\/p>\n<p>Luis Salesi (Argentina) \u2014 1926 a 1939<\/p>\n<p>Luis Valenzuela (Chile) \u2014 1939 a 1955<\/p>\n<p>Carlos Dittborn (Chile) \u2014 1955 a 1957<\/p>\n<p>Jos\u00e9 Ramos de Freitas (Brasil) \u2014 1957 a 1959<\/p>\n<p>Ferm\u00edn Sorhueta (Uruguai) \u2014 1959 a 1961<\/p>\n<p>Ra\u00fal Colombo (Argentina) \u2014 1961 a 1966<\/p>\n<p>Te\u00f3filo Salinas (Peru) \u2014 1966 a 1986<\/p>\n<p>Nicol\u00e1s Leoz (Paraguai) \u2014 1986 a 2013<\/p>\n<p>Eugenio Figueredo (Uruguai) \u2014 2013 a 2014<\/p>\n<p>Juan \u00c1ngel Napout (Paraguai) \u2014 2014 a 2015<\/p>\n<p>Wilmar Valdez (Uruguai) \u2014 2015 a 2016<\/p>\n<p><a href=\"http:\/\/chuteirafc.cartacapital.com.br\">(texto publicado no CHUTEIRA FC \u2013 leia mais not\u00edcias e opini\u00e3o de futebol)<\/a><\/p>\n","protected":false},"excerpt":{"rendered":"<p>CBF n\u00e3o defendeu o Palmeiras no Comit\u00ea Disciplinar da Confedera\u00e7\u00e3o Sul-Americana de Futebol (Conmebol) e o clube paulista [&hellip;]<\/p>\n","protected":false},"author":102107496,"featured_media":35895,"comment_status":"open","ping_status":"open","sticky":false,"template":"","format":"standard","meta":{"_coblocks_attr":"","_coblocks_dimensions":"","_coblocks_responsive_height":"","_coblocks_accordion_ie_support":"","_jetpack_newsletter_access":"","_jetpack_dont_email_post_to_subs":false,"_jetpack_newsletter_tier_id":0,"_jetpack_memberships_contains_paywalled_content":false,"_wpcom_ai_launchpad_first_post":false,"_jetpack_feature_clip_id":0,"_jetpack_memberships_contains_paid_content":false,"footnotes":"","jetpack_publicize_message":"","jetpack_publicize_feature_enabled":true,"jetpack_social_post_already_shared":false,"jetpack_social_options":{"image_generator_settings":{"template":"highway","default_image_id":0,"font":"","enabled":false},"version":2},"jetpack_post_was_ever_published":false},"categories":[270704,53870],"tags":[789560569,535722,413544154,5430725,789560560,4029902,4558380],"class_list":["post-35890","post","type-post","status-publish","format-standard","has-post-thumbnail","hentry","category-copa-libertadores","category-futebol","tag-cbf","tag-conmebol","tag-copa-libertadores-2017","tag-felipe-melo","tag-futebol","tag-marco-polo-del-nero","tag-se-palmeiras"],"yoast_head":"<!-- This site is optimized with the Yoast SEO plugin v28.3 - https:\/\/yoast.com\/product\/yoast-seo-wordpress\/ -->\n<title>CBF se omite e Palmeiras \u00e9 castigado pela Conmebol na Copa Libertadores - PR\u00d3SPERI NEWS<\/title>\n<meta name=\"robots\" content=\"index, follow, max-snippet:-1, max-image-preview:large, max-video-preview:-1\" \/>\n<link rel=\"canonical\" href=\"https:\/\/blogdoprosperi.com\/?p=35890\" \/>\n<meta property=\"og:locale\" content=\"pt_BR\" \/>\n<meta property=\"og:type\" content=\"article\" \/>\n<meta property=\"og:title\" content=\"CBF se omite e Palmeiras \u00e9 castigado pela Conmebol na Copa Libertadores - PR\u00d3SPERI NEWS\" \/>\n<meta property=\"og:description\" content=\"CBF n\u00e3o defendeu o Palmeiras no Comit\u00ea Disciplinar da Confedera\u00e7\u00e3o Sul-Americana de Futebol (Conmebol) e o clube paulista [&hellip;]\" \/>\n<meta property=\"og:url\" content=\"https:\/\/blogdoprosperi.com\/?p=35890\" \/>\n<meta property=\"og:site_name\" content=\"PR\u00d3SPERI NEWS\" \/>\n<meta property=\"article:publisher\" content=\"Luiz Pr\u00f3speri\" \/>\n<meta property=\"article:author\" content=\"Luiz Pr\u00f3speri\" \/>\n<meta property=\"article:published_time\" content=\"2017-05-20T20:11:29+00:00\" \/>\n<meta property=\"og:image\" content=\"https:\/\/i0.wp.com\/blogdoprosperi.com\/wp-content\/uploads\/2017\/05\/pelea-penarol-palmeiras-copa-libertadores-sf-reuters-3-copia.jpg?fit=1920%2C1361&ssl=1\" \/>\n\t<meta property=\"og:image:width\" content=\"1920\" \/>\n\t<meta property=\"og:image:height\" content=\"1361\" \/>\n\t<meta property=\"og:image:type\" content=\"image\/jpeg\" \/>\n<meta name=\"author\" content=\"Luiz Ant\u00f4nio Pr\u00f3speri\" \/>\n<meta name=\"twitter:card\" content=\"summary_large_image\" \/>\n<meta name=\"twitter:creator\" content=\"@Luizprosperi\" \/>\n<meta name=\"twitter:site\" content=\"@Luizprosperi\" \/>\n<meta name=\"twitter:label1\" content=\"Escrito por\" \/>\n\t<meta name=\"twitter:data1\" content=\"Luiz Ant\u00f4nio Pr\u00f3speri\" \/>\n\t<meta name=\"twitter:label2\" content=\"Est. tempo de leitura\" \/>\n\t<meta name=\"twitter:data2\" content=\"7 minutos\" \/>\n<script type=\"application\/ld+json\" class=\"yoast-schema-graph\">{\"@context\":\"https:\\\/\\\/schema.org\",\"@graph\":[{\"@type\":\"Article\",\"@id\":\"https:\\\/\\\/blogdoprosperi.com\\\/?p=35890#article\",\"isPartOf\":{\"@id\":\"https:\\\/\\\/blogdoprosperi.com\\\/?p=35890\"},\"author\":{\"name\":\"Luiz Ant\u00f4nio Pr\u00f3speri\",\"@id\":\"https:\\\/\\\/blogdoprosperi.com\\\/#\\\/schema\\\/person\\\/38100755ce3601861ee4fab9b5aa78e9\"},\"headline\":\"CBF se omite e Palmeiras \u00e9 castigado pela Conmebol na Copa Libertadores\",\"datePublished\":\"2017-05-20T20:11:29+00:00\",\"mainEntityOfPage\":{\"@id\":\"https:\\\/\\\/blogdoprosperi.com\\\/?p=35890\"},\"wordCount\":1337,\"commentCount\":0,\"publisher\":{\"@id\":\"https:\\\/\\\/blogdoprosperi.com\\\/#\\\/schema\\\/person\\\/38100755ce3601861ee4fab9b5aa78e9\"},\"image\":{\"@id\":\"https:\\\/\\\/blogdoprosperi.com\\\/?p=35890#primaryimage\"},\"thumbnailUrl\":\"https:\\\/\\\/i0.wp.com\\\/blogdoprosperi.com\\\/wp-content\\\/uploads\\\/2017\\\/05\\\/pelea-penarol-palmeiras-copa-libertadores-sf-reuters-3-copia.jpg?fit=1920%2C1361&ssl=1\",\"keywords\":[\"CBF\",\"Conmebol\",\"Copa Libertadores 2017\",\"Felipe Melo\",\"futebol\",\"Marco Polo Del Nero\",\"SE Palmeiras\"],\"articleSection\":[\"Copa Libertadores\",\"futebol\"],\"inLanguage\":\"pt-BR\",\"potentialAction\":[{\"@type\":\"CommentAction\",\"name\":\"Comment\",\"target\":[\"https:\\\/\\\/blogdoprosperi.com\\\/?p=35890#respond\"]}]},{\"@type\":\"WebPage\",\"@id\":\"https:\\\/\\\/blogdoprosperi.com\\\/?p=35890\",\"url\":\"https:\\\/\\\/blogdoprosperi.com\\\/?p=35890\",\"name\":\"CBF se omite e Palmeiras \u00e9 castigado pela Conmebol na Copa Libertadores - PR\u00d3SPERI NEWS\",\"isPartOf\":{\"@id\":\"https:\\\/\\\/blogdoprosperi.com\\\/#website\"},\"primaryImageOfPage\":{\"@id\":\"https:\\\/\\\/blogdoprosperi.com\\\/?p=35890#primaryimage\"},\"image\":{\"@id\":\"https:\\\/\\\/blogdoprosperi.com\\\/?p=35890#primaryimage\"},\"thumbnailUrl\":\"https:\\\/\\\/i0.wp.com\\\/blogdoprosperi.com\\\/wp-content\\\/uploads\\\/2017\\\/05\\\/pelea-penarol-palmeiras-copa-libertadores-sf-reuters-3-copia.jpg?fit=1920%2C1361&ssl=1\",\"datePublished\":\"2017-05-20T20:11:29+00:00\",\"breadcrumb\":{\"@id\":\"https:\\\/\\\/blogdoprosperi.com\\\/?p=35890#breadcrumb\"},\"inLanguage\":\"pt-BR\",\"potentialAction\":[{\"@type\":\"ReadAction\",\"target\":[\"https:\\\/\\\/blogdoprosperi.com\\\/?p=35890\"]}]},{\"@type\":\"ImageObject\",\"inLanguage\":\"pt-BR\",\"@id\":\"https:\\\/\\\/blogdoprosperi.com\\\/?p=35890#primaryimage\",\"url\":\"https:\\\/\\\/i0.wp.com\\\/blogdoprosperi.com\\\/wp-content\\\/uploads\\\/2017\\\/05\\\/pelea-penarol-palmeiras-copa-libertadores-sf-reuters-3-copia.jpg?fit=1920%2C1361&ssl=1\",\"contentUrl\":\"https:\\\/\\\/i0.wp.com\\\/blogdoprosperi.com\\\/wp-content\\\/uploads\\\/2017\\\/05\\\/pelea-penarol-palmeiras-copa-libertadores-sf-reuters-3-copia.jpg?fit=1920%2C1361&ssl=1\",\"width\":1920,\"height\":1361},{\"@type\":\"BreadcrumbList\",\"@id\":\"https:\\\/\\\/blogdoprosperi.com\\\/?p=35890#breadcrumb\",\"itemListElement\":[{\"@type\":\"ListItem\",\"position\":1,\"name\":\"In\u00edcio\",\"item\":\"https:\\\/\\\/blogdoprosperi.com\\\/\"},{\"@type\":\"ListItem\",\"position\":2,\"name\":\"CBF se omite e Palmeiras \u00e9 castigado pela Conmebol na Copa Libertadores\"}]},{\"@type\":\"WebSite\",\"@id\":\"https:\\\/\\\/blogdoprosperi.com\\\/#website\",\"url\":\"https:\\\/\\\/blogdoprosperi.com\\\/\",\"name\":\"PR\u00d3SPERI NEWS\",\"description\":\"TUDO \u00c9  FUTEBOL\",\"publisher\":{\"@id\":\"https:\\\/\\\/blogdoprosperi.com\\\/#\\\/schema\\\/person\\\/38100755ce3601861ee4fab9b5aa78e9\"},\"alternateName\":\"blogdoprosperi.com\",\"potentialAction\":[{\"@type\":\"SearchAction\",\"target\":{\"@type\":\"EntryPoint\",\"urlTemplate\":\"https:\\\/\\\/blogdoprosperi.com\\\/?s={search_term_string}\"},\"query-input\":{\"@type\":\"PropertyValueSpecification\",\"valueRequired\":true,\"valueName\":\"search_term_string\"}}],\"inLanguage\":\"pt-BR\"},{\"@type\":[\"Person\",\"Organization\"],\"@id\":\"https:\\\/\\\/blogdoprosperi.com\\\/#\\\/schema\\\/person\\\/38100755ce3601861ee4fab9b5aa78e9\",\"name\":\"Luiz Ant\u00f4nio Pr\u00f3speri\",\"pronouns\":\"ele\",\"image\":{\"@type\":\"ImageObject\",\"inLanguage\":\"pt-BR\",\"@id\":\"https:\\\/\\\/i0.wp.com\\\/blogdoprosperi.com\\\/wp-content\\\/uploads\\\/2026\\\/05\\\/cropped-8059e613-6002-42fa-961e-8e275f575d71-2-5.jpg?fit=1360%2C931&ssl=1\",\"url\":\"https:\\\/\\\/i0.wp.com\\\/blogdoprosperi.com\\\/wp-content\\\/uploads\\\/2026\\\/05\\\/cropped-8059e613-6002-42fa-961e-8e275f575d71-2-5.jpg?fit=1360%2C931&ssl=1\",\"contentUrl\":\"https:\\\/\\\/i0.wp.com\\\/blogdoprosperi.com\\\/wp-content\\\/uploads\\\/2026\\\/05\\\/cropped-8059e613-6002-42fa-961e-8e275f575d71-2-5.jpg?fit=1360%2C931&ssl=1\",\"width\":1360,\"height\":931,\"caption\":\"Luiz Ant\u00f4nio Pr\u00f3speri\"},\"logo\":{\"@id\":\"https:\\\/\\\/i0.wp.com\\\/blogdoprosperi.com\\\/wp-content\\\/uploads\\\/2026\\\/05\\\/cropped-8059e613-6002-42fa-961e-8e275f575d71-2-5.jpg?fit=1360%2C931&ssl=1\"},\"description\":\"Jornalista com carreira dedicada ao esporte. Cobriu 9 Copas do Mundo in loco, 1990 na It\u00e1lia, 1994 nos EUA, 1998 na Fran\u00e7a, 2002 na Coreia do Sul e Jap\u00e3o, 2006 na Alemanha, 2010 na \u00c1frica do Sul, 2014 no Brasil, 2018 na R\u00fassia e 2022 no Qatar. Eurocopas, 1992 na Su\u00e9cia e 1996 na Inglaterra. Copa das Confedera\u00e7\u00f5es de 2005 na Alemanha e 2009 na \u00c1frica do Sul. Rep\u00f3rter e Editor, trabalhou no Jornal da Tarde e Estad\u00e3o, de 1984 a fevereiro de 2016. Colunista, blogueiro. E comentarista de futebol na R\u00e1dio Estad\u00e3o, de 2013 a fevereiro de 2016. Jornalista respons\u00e1vel do \\\"Pr\u00f3speri News\\\" (blogdoprosperi.com).\",\"sameAs\":[\"http:\\\/\\\/blogdoprosperi.com\",\"Luiz Pr\u00f3speri\",\"@luiz_prosperi\",\"https:\\\/\\\/x.com\\\/Luizprosperi\",\"@prosperinacopa\",\"luiz.prosperi@icloud.com\"],\"url\":\"https:\\\/\\\/blogdoprosperi.com\\\/?author=102107496\"}]}<\/script>\n<!-- \/ Yoast SEO plugin. -->","yoast_head_json":{"title":"CBF se omite e Palmeiras \u00e9 castigado pela Conmebol na Copa Libertadores - PR\u00d3SPERI NEWS","robots":{"index":"index","follow":"follow","max-snippet":"max-snippet:-1","max-image-preview":"max-image-preview:large","max-video-preview":"max-video-preview:-1"},"canonical":"https:\/\/blogdoprosperi.com\/?p=35890","og_locale":"pt_BR","og_type":"article","og_title":"CBF se omite e Palmeiras \u00e9 castigado pela Conmebol na Copa Libertadores - PR\u00d3SPERI NEWS","og_description":"CBF n\u00e3o defendeu o Palmeiras no Comit\u00ea Disciplinar da Confedera\u00e7\u00e3o Sul-Americana de Futebol (Conmebol) e o clube paulista [&hellip;]","og_url":"https:\/\/blogdoprosperi.com\/?p=35890","og_site_name":"PR\u00d3SPERI NEWS","article_publisher":"Luiz Pr\u00f3speri","article_author":"Luiz Pr\u00f3speri","article_published_time":"2017-05-20T20:11:29+00:00","og_image":[{"width":1920,"height":1361,"url":"https:\/\/i0.wp.com\/blogdoprosperi.com\/wp-content\/uploads\/2017\/05\/pelea-penarol-palmeiras-copa-libertadores-sf-reuters-3-copia.jpg?fit=1920%2C1361&ssl=1","type":"image\/jpeg"}],"author":"Luiz Ant\u00f4nio Pr\u00f3speri","twitter_card":"summary_large_image","twitter_creator":"@Luizprosperi","twitter_site":"@Luizprosperi","twitter_misc":{"Escrito por":"Luiz Ant\u00f4nio Pr\u00f3speri","Est. tempo de leitura":"7 minutos"},"schema":{"@context":"https:\/\/schema.org","@graph":[{"@type":"Article","@id":"https:\/\/blogdoprosperi.com\/?p=35890#article","isPartOf":{"@id":"https:\/\/blogdoprosperi.com\/?p=35890"},"author":{"name":"Luiz Ant\u00f4nio Pr\u00f3speri","@id":"https:\/\/blogdoprosperi.com\/#\/schema\/person\/38100755ce3601861ee4fab9b5aa78e9"},"headline":"CBF se omite e Palmeiras \u00e9 castigado pela Conmebol na Copa Libertadores","datePublished":"2017-05-20T20:11:29+00:00","mainEntityOfPage":{"@id":"https:\/\/blogdoprosperi.com\/?p=35890"},"wordCount":1337,"commentCount":0,"publisher":{"@id":"https:\/\/blogdoprosperi.com\/#\/schema\/person\/38100755ce3601861ee4fab9b5aa78e9"},"image":{"@id":"https:\/\/blogdoprosperi.com\/?p=35890#primaryimage"},"thumbnailUrl":"https:\/\/i0.wp.com\/blogdoprosperi.com\/wp-content\/uploads\/2017\/05\/pelea-penarol-palmeiras-copa-libertadores-sf-reuters-3-copia.jpg?fit=1920%2C1361&ssl=1","keywords":["CBF","Conmebol","Copa Libertadores 2017","Felipe Melo","futebol","Marco Polo Del Nero","SE Palmeiras"],"articleSection":["Copa Libertadores","futebol"],"inLanguage":"pt-BR","potentialAction":[{"@type":"CommentAction","name":"Comment","target":["https:\/\/blogdoprosperi.com\/?p=35890#respond"]}]},{"@type":"WebPage","@id":"https:\/\/blogdoprosperi.com\/?p=35890","url":"https:\/\/blogdoprosperi.com\/?p=35890","name":"CBF se omite e Palmeiras \u00e9 castigado pela Conmebol na Copa Libertadores - PR\u00d3SPERI NEWS","isPartOf":{"@id":"https:\/\/blogdoprosperi.com\/#website"},"primaryImageOfPage":{"@id":"https:\/\/blogdoprosperi.com\/?p=35890#primaryimage"},"image":{"@id":"https:\/\/blogdoprosperi.com\/?p=35890#primaryimage"},"thumbnailUrl":"https:\/\/i0.wp.com\/blogdoprosperi.com\/wp-content\/uploads\/2017\/05\/pelea-penarol-palmeiras-copa-libertadores-sf-reuters-3-copia.jpg?fit=1920%2C1361&ssl=1","datePublished":"2017-05-20T20:11:29+00:00","breadcrumb":{"@id":"https:\/\/blogdoprosperi.com\/?p=35890#breadcrumb"},"inLanguage":"pt-BR","potentialAction":[{"@type":"ReadAction","target":["https:\/\/blogdoprosperi.com\/?p=35890"]}]},{"@type":"ImageObject","inLanguage":"pt-BR","@id":"https:\/\/blogdoprosperi.com\/?p=35890#primaryimage","url":"https:\/\/i0.wp.com\/blogdoprosperi.com\/wp-content\/uploads\/2017\/05\/pelea-penarol-palmeiras-copa-libertadores-sf-reuters-3-copia.jpg?fit=1920%2C1361&ssl=1","contentUrl":"https:\/\/i0.wp.com\/blogdoprosperi.com\/wp-content\/uploads\/2017\/05\/pelea-penarol-palmeiras-copa-libertadores-sf-reuters-3-copia.jpg?fit=1920%2C1361&ssl=1","width":1920,"height":1361},{"@type":"BreadcrumbList","@id":"https:\/\/blogdoprosperi.com\/?p=35890#breadcrumb","itemListElement":[{"@type":"ListItem","position":1,"name":"In\u00edcio","item":"https:\/\/blogdoprosperi.com\/"},{"@type":"ListItem","position":2,"name":"CBF se omite e Palmeiras \u00e9 castigado pela Conmebol na Copa Libertadores"}]},{"@type":"WebSite","@id":"https:\/\/blogdoprosperi.com\/#website","url":"https:\/\/blogdoprosperi.com\/","name":"PR\u00d3SPERI NEWS","description":"TUDO \u00c9  FUTEBOL","publisher":{"@id":"https:\/\/blogdoprosperi.com\/#\/schema\/person\/38100755ce3601861ee4fab9b5aa78e9"},"alternateName":"blogdoprosperi.com","potentialAction":[{"@type":"SearchAction","target":{"@type":"EntryPoint","urlTemplate":"https:\/\/blogdoprosperi.com\/?s={search_term_string}"},"query-input":{"@type":"PropertyValueSpecification","valueRequired":true,"valueName":"search_term_string"}}],"inLanguage":"pt-BR"},{"@type":["Person","Organization"],"@id":"https:\/\/blogdoprosperi.com\/#\/schema\/person\/38100755ce3601861ee4fab9b5aa78e9","name":"Luiz Ant\u00f4nio Pr\u00f3speri","pronouns":"ele","image":{"@type":"ImageObject","inLanguage":"pt-BR","@id":"https:\/\/i0.wp.com\/blogdoprosperi.com\/wp-content\/uploads\/2026\/05\/cropped-8059e613-6002-42fa-961e-8e275f575d71-2-5.jpg?fit=1360%2C931&ssl=1","url":"https:\/\/i0.wp.com\/blogdoprosperi.com\/wp-content\/uploads\/2026\/05\/cropped-8059e613-6002-42fa-961e-8e275f575d71-2-5.jpg?fit=1360%2C931&ssl=1","contentUrl":"https:\/\/i0.wp.com\/blogdoprosperi.com\/wp-content\/uploads\/2026\/05\/cropped-8059e613-6002-42fa-961e-8e275f575d71-2-5.jpg?fit=1360%2C931&ssl=1","width":1360,"height":931,"caption":"Luiz Ant\u00f4nio Pr\u00f3speri"},"logo":{"@id":"https:\/\/i0.wp.com\/blogdoprosperi.com\/wp-content\/uploads\/2026\/05\/cropped-8059e613-6002-42fa-961e-8e275f575d71-2-5.jpg?fit=1360%2C931&ssl=1"},"description":"Jornalista com carreira dedicada ao esporte. Cobriu 9 Copas do Mundo in loco, 1990 na It\u00e1lia, 1994 nos EUA, 1998 na Fran\u00e7a, 2002 na Coreia do Sul e Jap\u00e3o, 2006 na Alemanha, 2010 na \u00c1frica do Sul, 2014 no Brasil, 2018 na R\u00fassia e 2022 no Qatar. Eurocopas, 1992 na Su\u00e9cia e 1996 na Inglaterra. Copa das Confedera\u00e7\u00f5es de 2005 na Alemanha e 2009 na \u00c1frica do Sul. Rep\u00f3rter e Editor, trabalhou no Jornal da Tarde e Estad\u00e3o, de 1984 a fevereiro de 2016. Colunista, blogueiro. E comentarista de futebol na R\u00e1dio Estad\u00e3o, de 2013 a fevereiro de 2016. Jornalista respons\u00e1vel do \"Pr\u00f3speri News\" (blogdoprosperi.com).","sameAs":["http:\/\/blogdoprosperi.com","Luiz Pr\u00f3speri","@luiz_prosperi","https:\/\/x.com\/Luizprosperi","@prosperinacopa","luiz.prosperi@icloud.com"],"url":"https:\/\/blogdoprosperi.com\/?author=102107496"}]}},"jetpack_publicize_connections":[],"jetpack_likes_enabled":false,"jetpack_sharing_enabled":true,"jetpack_shortlink":"https:\/\/wp.me\/p7jvdk-9kS","jetpack-related-posts":[{"id":35930,"url":"https:\/\/blogdoprosperi.com\/?p=35930","url_meta":{"origin":35890,"position":0},"title":"Palmeiras se encorpa com Cuca e avan\u00e7a \u00e0s oitavas da Libertadores. Flamengo fica pelo caminho","author":"Luiz Ant\u00f4nio Pr\u00f3speri","date":"25 de maio de 2017","format":false,"excerpt":"Palmeiras avan\u00e7a \u00e0s oitavas de final da Copa Libertadores 2017 e se junta a Santos, Atl\u00e9tico-MG, Atl\u00e9tico-PR, Botafogo e Gr\u00eamio, representantes do futebol brasileiro tamb\u00e9m classificados. Flamengo e Chapecoense ficaram no meio do caminho \u2013 clube catarinense ainda tenta recuperar a vaga na Corte Disciplinar da Conmebol. Derrota imposta ao\u2026","rel":"","context":"Em &quot;Copa Libertadores&quot;","block_context":{"text":"Copa Libertadores","link":"https:\/\/blogdoprosperi.com\/?cat=270704"},"img":{"alt_text":"","src":"https:\/\/i0.wp.com\/blogdoprosperi.com\/wp-content\/uploads\/2017\/05\/34032457084_b60b749025_o.jpg?fit=1000%2C604&ssl=1&resize=350%2C200","width":350,"height":200,"srcset":"https:\/\/i0.wp.com\/blogdoprosperi.com\/wp-content\/uploads\/2017\/05\/34032457084_b60b749025_o.jpg?fit=1000%2C604&ssl=1&resize=350%2C200 1x, https:\/\/i0.wp.com\/blogdoprosperi.com\/wp-content\/uploads\/2017\/05\/34032457084_b60b749025_o.jpg?fit=1000%2C604&ssl=1&resize=525%2C300 1.5x, https:\/\/i0.wp.com\/blogdoprosperi.com\/wp-content\/uploads\/2017\/05\/34032457084_b60b749025_o.jpg?fit=1000%2C604&ssl=1&resize=700%2C400 2x"},"classes":[]},{"id":48991,"url":"https:\/\/blogdoprosperi.com\/?p=48991","url_meta":{"origin":35890,"position":1},"title":"Racismo | Conmebol: &#8220;Libertadores Sem Brasileiros \u00e9 Tarzan Sem a Chita&#8221;","author":"Luiz Ant\u00f4nio Pr\u00f3speri","date":"18 de mar\u00e7o de 2025","format":false,"excerpt":"Presidente da Conmebol diz que a entidade faz tudo o que est\u00e1 a seu alcance para estancar o racismo em jogos de torneios de sua responsabilidade Libertadores sem clubes brasileiros \u00e9 como \"Tarzan sem a Chita\" Luiz Ant\u00f4nio Pr\u00f3speri \u2013 18 mar\u00e7o (11h05) \u2013 Conmebol aponta com toda transpar\u00eancia e\u2026","rel":"","context":"Em &quot;futebol&quot;","block_context":{"text":"futebol","link":"https:\/\/blogdoprosperi.com\/?cat=53870"},"img":{"alt_text":"Conmebol diz que faz tudo que est\u00e1 a seu alcance contra racismo","src":"https:\/\/i0.wp.com\/blogdoprosperi.com\/wp-content\/uploads\/2025\/03\/captura-de-tela-2025-03-18-as-11.22.36.png?fit=1200%2C731&ssl=1&resize=350%2C200","width":350,"height":200,"srcset":"https:\/\/i0.wp.com\/blogdoprosperi.com\/wp-content\/uploads\/2025\/03\/captura-de-tela-2025-03-18-as-11.22.36.png?fit=1200%2C731&ssl=1&resize=350%2C200 1x, https:\/\/i0.wp.com\/blogdoprosperi.com\/wp-content\/uploads\/2025\/03\/captura-de-tela-2025-03-18-as-11.22.36.png?fit=1200%2C731&ssl=1&resize=525%2C300 1.5x, https:\/\/i0.wp.com\/blogdoprosperi.com\/wp-content\/uploads\/2025\/03\/captura-de-tela-2025-03-18-as-11.22.36.png?fit=1200%2C731&ssl=1&resize=700%2C400 2x, https:\/\/i0.wp.com\/blogdoprosperi.com\/wp-content\/uploads\/2025\/03\/captura-de-tela-2025-03-18-as-11.22.36.png?fit=1200%2C731&ssl=1&resize=1050%2C600 3x"},"classes":[]},{"id":45964,"url":"https:\/\/blogdoprosperi.com\/?p=45964","url_meta":{"origin":35890,"position":2},"title":"Mundial de Clubes, Libertadores e Brasileir\u00e3o | A Hora da Conspira\u00e7\u00e3o","author":"Luiz Ant\u00f4nio Pr\u00f3speri","date":"21 de outubro de 2024","format":false,"excerpt":"Luiz Ant\u00f4nio Pr\u00f3speri \u2013 21 outubro (10h55) Aten\u00e7\u00e3o torcedores de Botafogo e Atl\u00e9tico-MG: est\u00e1 no ar a fase de conspira\u00e7\u00e3o na Libertadores e, por tabela, no Mundial de Clubes Fifa 2025. A \u00faltima vaga sul-americana \u00e9 do campe\u00e3o da Libertadores, desde que n\u00e3o seja o River Plate. Se o clube\u2026","rel":"","context":"Em &quot;futebol&quot;","block_context":{"text":"futebol","link":"https:\/\/blogdoprosperi.com\/?cat=53870"},"img":{"alt_text":"Libertadores na hora da Conspira\u00e7\u00e3o","src":"https:\/\/i0.wp.com\/blogdoprosperi.com\/wp-content\/uploads\/2024\/10\/54078177127_713286b899_k.jpg?fit=1200%2C800&ssl=1&resize=350%2C200","width":350,"height":200,"srcset":"https:\/\/i0.wp.com\/blogdoprosperi.com\/wp-content\/uploads\/2024\/10\/54078177127_713286b899_k.jpg?fit=1200%2C800&ssl=1&resize=350%2C200 1x, https:\/\/i0.wp.com\/blogdoprosperi.com\/wp-content\/uploads\/2024\/10\/54078177127_713286b899_k.jpg?fit=1200%2C800&ssl=1&resize=525%2C300 1.5x, https:\/\/i0.wp.com\/blogdoprosperi.com\/wp-content\/uploads\/2024\/10\/54078177127_713286b899_k.jpg?fit=1200%2C800&ssl=1&resize=700%2C400 2x, https:\/\/i0.wp.com\/blogdoprosperi.com\/wp-content\/uploads\/2024\/10\/54078177127_713286b899_k.jpg?fit=1200%2C800&ssl=1&resize=1050%2C600 3x"},"classes":[]},{"id":48733,"url":"https:\/\/blogdoprosperi.com\/?p=48733","url_meta":{"origin":35890,"position":3},"title":"Luighi Corre Risco de Sofrer Novo Crime Racista Ap\u00f3s Puni\u00e7\u00e3o Branda da Conmebol ao Cerro Porte\u00f1o","author":"Luiz Ant\u00f4nio Pr\u00f3speri","date":"9 de mar\u00e7o de 2025","format":false,"excerpt":"Conmebol, com rid\u00edcula puni\u00e7\u00e3o ao Cerro Porte\u00f1o, antecipa salvo-conduto a criminosos racistas no Paraguai Palmeiras anuncia que vai recorrer \u00e0 Fifa pedindo san\u00e7\u00e3o mais severa ao Cerro Porte\u00f1o Luiz Ant\u00f4nio Pr\u00f3speri \u2013 9 de mar\u00e7o (16h48) \u2013 Cerro Porte\u00f1o \u00e9 multado em 50 mil d\u00f3lares (R$ 288 mil) \u2013 a\u2026","rel":"","context":"Em &quot;futebol&quot;","block_context":{"text":"futebol","link":"https:\/\/blogdoprosperi.com\/?cat=53870"},"img":{"alt_text":"Luighi corre risco de sofrer novo ataque racista","src":"https:\/\/i0.wp.com\/blogdoprosperi.com\/wp-content\/uploads\/2025\/03\/54373123004_8e077ded43_c.jpg?fit=800%2C617&ssl=1&resize=350%2C200","width":350,"height":200,"srcset":"https:\/\/i0.wp.com\/blogdoprosperi.com\/wp-content\/uploads\/2025\/03\/54373123004_8e077ded43_c.jpg?fit=800%2C617&ssl=1&resize=350%2C200 1x, https:\/\/i0.wp.com\/blogdoprosperi.com\/wp-content\/uploads\/2025\/03\/54373123004_8e077ded43_c.jpg?fit=800%2C617&ssl=1&resize=525%2C300 1.5x, https:\/\/i0.wp.com\/blogdoprosperi.com\/wp-content\/uploads\/2025\/03\/54373123004_8e077ded43_c.jpg?fit=800%2C617&ssl=1&resize=700%2C400 2x"},"classes":[]},{"id":49061,"url":"https:\/\/blogdoprosperi.com\/?p=49061","url_meta":{"origin":35890,"position":4},"title":"Libertadores: Racismo e Xenofobia | Vem A\u00ed a Batalha entre Brasileiros e Vizinhos de Am\u00e9rica do Sul","author":"Luiz Ant\u00f4nio Pr\u00f3speri","date":"19 de mar\u00e7o de 2025","format":false,"excerpt":"O que acontece \u00e9 que eles (os brasileiros) te matam, espancam, fazem o que querem, a\u00ed um torcedor faz gesto racista, o que \u00e9 errado, e vira um drama Presidenta do Palmeiras sugere que clubes brasileiros deixem a Conmebol e se filiem \u00e0 Concacaf Luiz Ant\u00f4nio Pr\u00f3speri \u2013 19 mar\u00e7o\u2026","rel":"","context":"Em &quot;futebol&quot;","block_context":{"text":"futebol","link":"https:\/\/blogdoprosperi.com\/?cat=53870"},"img":{"alt_text":"racismo vs xenofobia no futebol da Am\u00e9rica do Sul","src":"https:\/\/i0.wp.com\/blogdoprosperi.com\/wp-content\/uploads\/2025\/03\/captura-de-tela-2025-03-19-as-11.52.32.png?fit=1200%2C940&ssl=1&resize=350%2C200","width":350,"height":200,"srcset":"https:\/\/i0.wp.com\/blogdoprosperi.com\/wp-content\/uploads\/2025\/03\/captura-de-tela-2025-03-19-as-11.52.32.png?fit=1200%2C940&ssl=1&resize=350%2C200 1x, https:\/\/i0.wp.com\/blogdoprosperi.com\/wp-content\/uploads\/2025\/03\/captura-de-tela-2025-03-19-as-11.52.32.png?fit=1200%2C940&ssl=1&resize=525%2C300 1.5x, https:\/\/i0.wp.com\/blogdoprosperi.com\/wp-content\/uploads\/2025\/03\/captura-de-tela-2025-03-19-as-11.52.32.png?fit=1200%2C940&ssl=1&resize=700%2C400 2x, https:\/\/i0.wp.com\/blogdoprosperi.com\/wp-content\/uploads\/2025\/03\/captura-de-tela-2025-03-19-as-11.52.32.png?fit=1200%2C940&ssl=1&resize=1050%2C600 3x"},"classes":[]},{"id":46158,"url":"https:\/\/blogdoprosperi.com\/?p=46158","url_meta":{"origin":35890,"position":5},"title":"Libertadores 2024 | Botafogo e Atl\u00e9tico-MG na Final Enquanto Torcedores Rivais de Brasileiros Imitam Macacos","author":"Luiz Ant\u00f4nio Pr\u00f3speri","date":"31 de outubro de 2024","format":false,"excerpt":"Luiz Ant\u00f4nio Pr\u00f3speri \u2013 31 outubro (9h45) Botafogo e Atl\u00e9tico-MG se credenciam \u00e0 final da Libertadores 2024. Fato consumado ap\u00f3s as vit\u00f3rias em casa por 5 a 0 e 3 a 0 contra Pe\u00f1arol e River Plate e resultados protocolares nos jogos de volta. Tudo normal. Poder financeiro dos clubes\u2026","rel":"","context":"Em &quot;futebol&quot;","block_context":{"text":"futebol","link":"https:\/\/blogdoprosperi.com\/?cat=53870"},"img":{"alt_text":"Botafogo x Atl\u00e9tico-MG, hegemonia do Brasil na Libertadores","src":"https:\/\/i0.wp.com\/blogdoprosperi.com\/wp-content\/uploads\/2024\/10\/gbl9py7wiaagn01.jpeg?fit=1200%2C799&ssl=1&resize=350%2C200","width":350,"height":200,"srcset":"https:\/\/i0.wp.com\/blogdoprosperi.com\/wp-content\/uploads\/2024\/10\/gbl9py7wiaagn01.jpeg?fit=1200%2C799&ssl=1&resize=350%2C200 1x, https:\/\/i0.wp.com\/blogdoprosperi.com\/wp-content\/uploads\/2024\/10\/gbl9py7wiaagn01.jpeg?fit=1200%2C799&ssl=1&resize=525%2C300 1.5x, https:\/\/i0.wp.com\/blogdoprosperi.com\/wp-content\/uploads\/2024\/10\/gbl9py7wiaagn01.jpeg?fit=1200%2C799&ssl=1&resize=700%2C400 2x, https:\/\/i0.wp.com\/blogdoprosperi.com\/wp-content\/uploads\/2024\/10\/gbl9py7wiaagn01.jpeg?fit=1200%2C799&ssl=1&resize=1050%2C600 3x"},"classes":[]}],"jetpack_featured_media_url":"https:\/\/i0.wp.com\/blogdoprosperi.com\/wp-content\/uploads\/2017\/05\/pelea-penarol-palmeiras-copa-libertadores-sf-reuters-3-copia.jpg?fit=1920%2C1361&ssl=1","_links":{"self":[{"href":"https:\/\/blogdoprosperi.com\/index.php?rest_route=\/wp\/v2\/posts\/35890","targetHints":{"allow":["GET"]}}],"collection":[{"href":"https:\/\/blogdoprosperi.com\/index.php?rest_route=\/wp\/v2\/posts"}],"about":[{"href":"https:\/\/blogdoprosperi.com\/index.php?rest_route=\/wp\/v2\/types\/post"}],"author":[{"embeddable":true,"href":"https:\/\/blogdoprosperi.com\/index.php?rest_route=\/wp\/v2\/users\/102107496"}],"replies":[{"embeddable":true,"href":"https:\/\/blogdoprosperi.com\/index.php?rest_route=%2Fwp%2Fv2%2Fcomments&post=35890"}],"version-history":[{"count":5,"href":"https:\/\/blogdoprosperi.com\/index.php?rest_route=\/wp\/v2\/posts\/35890\/revisions"}],"predecessor-version":[{"id":35896,"href":"https:\/\/blogdoprosperi.com\/index.php?rest_route=\/wp\/v2\/posts\/35890\/revisions\/35896"}],"wp:featuredmedia":[{"embeddable":true,"href":"https:\/\/blogdoprosperi.com\/index.php?rest_route=\/wp\/v2\/media\/35895"}],"wp:attachment":[{"href":"https:\/\/blogdoprosperi.com\/index.php?rest_route=%2Fwp%2Fv2%2Fmedia&parent=35890"}],"wp:term":[{"taxonomy":"category","embeddable":true,"href":"https:\/\/blogdoprosperi.com\/index.php?rest_route=%2Fwp%2Fv2%2Fcategories&post=35890"},{"taxonomy":"post_tag","embeddable":true,"href":"https:\/\/blogdoprosperi.com\/index.php?rest_route=%2Fwp%2Fv2%2Ftags&post=35890"}],"curies":[{"name":"wp","href":"https:\/\/api.w.org\/{rel}","templated":true}]}}