{"id":35909,"date":"2017-05-23T21:06:37","date_gmt":"2017-05-24T00:06:37","guid":{"rendered":"http:\/\/blogdoprosperi.com\/?p=35909"},"modified":"2017-05-23T21:06:37","modified_gmt":"2017-05-24T00:06:37","slug":"rogerio-ceni-rebate-criterios-de-tite-na-convocacao-de-rodrigo-caio","status":"publish","type":"post","link":"https:\/\/blogdoprosperi.com\/?p=35909","title":{"rendered":"Rogerio Ceni rebate crit\u00e9rios de Tite na convoca\u00e7\u00e3o de Rodrigo Caio"},"content":{"rendered":"<p>Rogerio Ceni insinua que Tite teria convocado Rodrigo Caio para amistosos da Sele\u00e7\u00e3o Brasileira \u2013 contra Austr\u00e1lia e Argentina, em junho \u2013 por causa da honestidade demonstrada pelo jogador no caso do cart\u00e3o amarelo na pol\u00eamica com J\u00f4, do Corinthians. O t\u00e9cnico do S\u00e3o Paulo disse ainda que convocaria Rodrigo Caio por seu futebol e n\u00e3o por um gesto de fair-play. Tite n\u00e3o respondeu a Ceni.<!--more--><\/p>\n<p>\u201c\u00c9 muito f\u00e1cil falar de um treinador que tem oito jogos na Sele\u00e7\u00e3o com oito vit\u00f3rias. Agora, me desculpe, se eu fosse treinador da Sele\u00e7\u00e3o Brasileira, eu o\u00a0levaria (<em>Rodrigo Caio)<\/em>\u00a0para a Sele\u00e7\u00e3o, mas pelo futebol que joga, n\u00e3o pela atitude do cart\u00e3o. Sen\u00e3o, daqui a pouco, cada um que acusar um cart\u00e3o amarelo tem que ser convocado para a Sele\u00e7\u00e3o\u201d, disse Ceni no programa Bem Amigos, do SporTV, logo ap\u00f3s a vit\u00f3ria (2 a 0) do S\u00e3o Paulo contra o Ava\u00ed pelo Brasileir\u00e3o, nesta segunda-feira (22\/5).<\/p>\n<p>Para quem n\u00e3o se lembra da pol\u00eamica, no cl\u00e1ssico Corinthians 1 x 0 S\u00e3o Paulo, o \u00e1rbitro Luiz Fl\u00e1vio de Oliveira deu um cart\u00e3o amarelo a J\u00f4 por ter entender que o atacante havia pisado no p\u00e9 do goleiro Renan Ribeiro.<a href=\"http:\/\/chuteirafc.cartacapital.com.br\/rodrigo-caio-de-jogador-de-condominio-a-exemplo-do-futebol-brasileiro\/\"> Rodrigo Caio se apressou a dizer que ele foi quem pisou no goleiro.<\/a> O \u00e1rbitro ent\u00e3o retirou o cart\u00e3o de J\u00f4 \u2013 se o atacante fosse punido com o amarelo, ficaria fora do jogo de volta contra o S\u00e3o Paulo nas semifinais do Campeonato Paulista.<\/p>\n<p>\u201cEm rela\u00e7\u00e3o ao ato do Rodrigo Caio, quando ele falou para mim que fez a men\u00e7\u00e3o do n\u00e3o cart\u00e3o, at\u00e9 discordei. O J\u00f4 empurrou o Rodrigo Caio e poderia ser punido com um cart\u00e3o amarelo. Cobro todos os jogadores e, no dia do jogo, perguntei se ele sabia que o J\u00f4 tinha dois cart\u00f5es.\u00a0Agora n\u00e3o confundam o ato de um cart\u00e3o amarelo com a pol\u00edtica, seria injusto, tanto com ele quanto comigo\u201d, insistiu Ceni.<\/p>\n<p>E emendou com outra declara\u00e7\u00e3o forte:<\/p>\n<blockquote>\n<h2>\u201cTalvez o Rodrigo Caio e o Tite sejam pessoas melhores do que eu, talvez seja isso, mas, no calor do jogo, o objetivo \u00e9 sempre o da vit\u00f3ria. Minha posi\u00e7\u00e3o n\u00e3o \u00e9 tomada frente \u00e0s c\u00e2meras, depois de analisar toda a situa\u00e7\u00e3o, no ar condicionado. \u00c9 tomada no campo de jogo\u201d<\/h2>\n<\/blockquote>\n<p><img data-recalc-dims=\"1\" loading=\"lazy\" decoding=\"async\" class=\" wp-image-9393\" src=\"https:\/\/i0.wp.com\/chuteirafc.cartacapital.com.br\/wp-content\/uploads\/2017\/05\/rodrigo-caio-brazil_15yt2znhizlb218d6tlfigsbmg.jpg?resize=701%2C486\" alt=\"\" width=\"701\" height=\"486\" \/><\/p>\n<p>Rodrigo Caio, piv\u00f4 da pol\u00eamica, disse que n\u00e3o se arrepende de nada e aprovou os elogios recebidos de Tite.<\/p>\n<p>\u201cFico feliz com as palavras do treinador da Sele\u00e7\u00e3o. Orgulho ser elogiado por ele, pessoa que todos admiram. Sobre o que aconteceu, faz parte do passado. N\u00e3o me arrependo do que fiz, o que foi ali foi no momento, fiz algo que foi normal, n\u00e3o pensava que ia dar essa repercuss\u00e3o toda. Faz parte do passado e n\u00e3o deixou mal estar nenhum. Cada jogador tem uma opini\u00e3o e a gente tem que ser a favor disso, cada um pensar de uma forma. Bola para frente, cada um com sua consci\u00eancia e a minha ficou muito tranquila.\u201d<\/p>\n<p>N<a href=\"http:\/\/chuteirafc.cartacapital.com.br\/tite-peco-que-nao-brinquem-com-esse-negocio-de-eu-ser-presidente\/\">o ato da convoca\u00e7\u00e3o da Sele\u00e7\u00e3o Brasileira, na sexta-feira (19\/5), Tite foi questionado se Rodrigo Caio <\/a>havia sido convocado como um pr\u00eamio por sua demonstra\u00e7\u00e3o de honestidade na pol\u00eamica com J\u00f4. Veja a resposta do treinador:<\/p>\n<p>\u201cHonestidade \u00e9 importante em qualquer setor da vida. S\u00e3o as duas coisas que pesaram (<em>a convoca\u00e7\u00e3o<\/em>): a conduta e o desempenho t\u00e9cnico. Fez grande Olimp\u00edada e contra a Col\u00f4mbia (<em>amistoso<\/em>), entre os tr\u00eas destaques, est\u00e1 Rodrigo Caio. Desempenho t\u00e9cnico e conduta\u201d, disse Tite.<\/p>\n<p>O t\u00e9cnico da Sele\u00e7\u00e3o n\u00e3o havia se manifestado sobre as insinua\u00e7\u00f5es de Rogerio Ceni at\u00e9 a tarde desta ter\u00e7a-feira.<\/p>\n<p><a href=\"http:\/\/chuteirafc.cartacapital.com.br\">(post publicado no CHUTEIRA FC &#8211; leia mais not\u00edcias e opini\u00e3o de futebol)<\/a><\/p>\n","protected":false},"excerpt":{"rendered":"<p>Rogerio Ceni insinua que Tite teria convocado Rodrigo Caio para amistosos da Sele\u00e7\u00e3o Brasileira \u2013 contra Austr\u00e1lia e [&hellip;]<\/p>\n","protected":false},"author":102107496,"featured_media":35912,"comment_status":"open","ping_status":"open","sticky":false,"template":"","format":"standard","meta":{"_coblocks_attr":"","_coblocks_dimensions":"","_coblocks_responsive_height":"","_coblocks_accordion_ie_support":"","_jetpack_newsletter_access":"","_jetpack_dont_email_post_to_subs":false,"_jetpack_newsletter_tier_id":0,"_jetpack_memberships_contains_paywalled_content":false,"_wpcom_ai_launchpad_first_post":false,"_jetpack_feature_clip_id":0,"_jetpack_memberships_contains_paid_content":false,"footnotes":"","jetpack_publicize_message":"","jetpack_publicize_feature_enabled":true,"jetpack_social_post_already_shared":false,"jetpack_social_options":{"image_generator_settings":{"template":"highway","default_image_id":0,"font":"","enabled":false},"version":2},"jetpack_post_was_ever_published":false},"categories":[53870],"tags":[789560569,789560560,57801963,1181872,14323657,1114917,1814220],"class_list":["post-35909","post","type-post","status-publish","format-standard","has-post-thumbnail","hentry","category-futebol","tag-cbf","tag-futebol","tag-rodrigo-caio","tag-rogerio-ceni","tag-selecao-brasileira-feminina","tag-spfc","tag-tite"],"yoast_head":"<!-- This site is optimized with the Yoast SEO plugin v28.3 - https:\/\/yoast.com\/product\/yoast-seo-wordpress\/ -->\n<title>Rogerio Ceni rebate crit\u00e9rios de Tite na convoca\u00e7\u00e3o de Rodrigo Caio - PR\u00d3SPERI NEWS<\/title>\n<meta name=\"robots\" content=\"index, follow, max-snippet:-1, max-image-preview:large, max-video-preview:-1\" \/>\n<link rel=\"canonical\" href=\"https:\/\/blogdoprosperi.com\/?p=35909\" \/>\n<meta property=\"og:locale\" content=\"pt_BR\" \/>\n<meta property=\"og:type\" content=\"article\" \/>\n<meta property=\"og:title\" content=\"Rogerio Ceni rebate crit\u00e9rios de Tite na convoca\u00e7\u00e3o de Rodrigo Caio - PR\u00d3SPERI NEWS\" \/>\n<meta property=\"og:description\" content=\"Rogerio Ceni insinua que Tite teria convocado Rodrigo Caio para amistosos da Sele\u00e7\u00e3o Brasileira \u2013 contra Austr\u00e1lia e [&hellip;]\" \/>\n<meta property=\"og:url\" content=\"https:\/\/blogdoprosperi.com\/?p=35909\" \/>\n<meta property=\"og:site_name\" content=\"PR\u00d3SPERI NEWS\" \/>\n<meta property=\"article:publisher\" content=\"Luiz Pr\u00f3speri\" \/>\n<meta property=\"article:author\" content=\"Luiz Pr\u00f3speri\" \/>\n<meta property=\"article:published_time\" content=\"2017-05-24T00:06:37+00:00\" \/>\n<meta property=\"og:image\" content=\"https:\/\/i0.wp.com\/blogdoprosperi.com\/wp-content\/uploads\/2017\/05\/pro5-3.jpg?fit=3186%2C2130&ssl=1\" \/>\n\t<meta property=\"og:image:width\" content=\"3186\" \/>\n\t<meta property=\"og:image:height\" content=\"2130\" \/>\n\t<meta property=\"og:image:type\" content=\"image\/jpeg\" \/>\n<meta name=\"author\" content=\"Luiz Ant\u00f4nio Pr\u00f3speri\" \/>\n<meta name=\"twitter:card\" content=\"summary_large_image\" \/>\n<meta name=\"twitter:creator\" content=\"@Luizprosperi\" \/>\n<meta name=\"twitter:site\" content=\"@Luizprosperi\" \/>\n<meta name=\"twitter:label1\" content=\"Escrito por\" \/>\n\t<meta name=\"twitter:data1\" content=\"Luiz Ant\u00f4nio Pr\u00f3speri\" \/>\n\t<meta name=\"twitter:label2\" content=\"Est. tempo de leitura\" \/>\n\t<meta name=\"twitter:data2\" content=\"3 minutos\" \/>\n<script type=\"application\/ld+json\" class=\"yoast-schema-graph\">{\"@context\":\"https:\\\/\\\/schema.org\",\"@graph\":[{\"@type\":\"Article\",\"@id\":\"https:\\\/\\\/blogdoprosperi.com\\\/?p=35909#article\",\"isPartOf\":{\"@id\":\"https:\\\/\\\/blogdoprosperi.com\\\/?p=35909\"},\"author\":{\"name\":\"Luiz Ant\u00f4nio Pr\u00f3speri\",\"@id\":\"https:\\\/\\\/blogdoprosperi.com\\\/#\\\/schema\\\/person\\\/38100755ce3601861ee4fab9b5aa78e9\"},\"headline\":\"Rogerio Ceni rebate crit\u00e9rios de Tite na convoca\u00e7\u00e3o de Rodrigo Caio\",\"datePublished\":\"2017-05-24T00:06:37+00:00\",\"mainEntityOfPage\":{\"@id\":\"https:\\\/\\\/blogdoprosperi.com\\\/?p=35909\"},\"wordCount\":671,\"commentCount\":0,\"publisher\":{\"@id\":\"https:\\\/\\\/blogdoprosperi.com\\\/#\\\/schema\\\/person\\\/38100755ce3601861ee4fab9b5aa78e9\"},\"image\":{\"@id\":\"https:\\\/\\\/blogdoprosperi.com\\\/?p=35909#primaryimage\"},\"thumbnailUrl\":\"https:\\\/\\\/i0.wp.com\\\/blogdoprosperi.com\\\/wp-content\\\/uploads\\\/2017\\\/05\\\/pro5-3.jpg?fit=3186%2C2130&ssl=1\",\"keywords\":[\"CBF\",\"futebol\",\"Rodrigo Caio\",\"Rog\u00e9rio Ceni\",\"Sele\u00e7\u00e3o Brasileira Feminina\",\"SPFC\",\"Tite\"],\"articleSection\":[\"futebol\"],\"inLanguage\":\"pt-BR\",\"potentialAction\":[{\"@type\":\"CommentAction\",\"name\":\"Comment\",\"target\":[\"https:\\\/\\\/blogdoprosperi.com\\\/?p=35909#respond\"]}]},{\"@type\":\"WebPage\",\"@id\":\"https:\\\/\\\/blogdoprosperi.com\\\/?p=35909\",\"url\":\"https:\\\/\\\/blogdoprosperi.com\\\/?p=35909\",\"name\":\"Rogerio Ceni rebate crit\u00e9rios de Tite na convoca\u00e7\u00e3o de Rodrigo Caio - PR\u00d3SPERI NEWS\",\"isPartOf\":{\"@id\":\"https:\\\/\\\/blogdoprosperi.com\\\/#website\"},\"primaryImageOfPage\":{\"@id\":\"https:\\\/\\\/blogdoprosperi.com\\\/?p=35909#primaryimage\"},\"image\":{\"@id\":\"https:\\\/\\\/blogdoprosperi.com\\\/?p=35909#primaryimage\"},\"thumbnailUrl\":\"https:\\\/\\\/i0.wp.com\\\/blogdoprosperi.com\\\/wp-content\\\/uploads\\\/2017\\\/05\\\/pro5-3.jpg?fit=3186%2C2130&ssl=1\",\"datePublished\":\"2017-05-24T00:06:37+00:00\",\"breadcrumb\":{\"@id\":\"https:\\\/\\\/blogdoprosperi.com\\\/?p=35909#breadcrumb\"},\"inLanguage\":\"pt-BR\",\"potentialAction\":[{\"@type\":\"ReadAction\",\"target\":[\"https:\\\/\\\/blogdoprosperi.com\\\/?p=35909\"]}]},{\"@type\":\"ImageObject\",\"inLanguage\":\"pt-BR\",\"@id\":\"https:\\\/\\\/blogdoprosperi.com\\\/?p=35909#primaryimage\",\"url\":\"https:\\\/\\\/i0.wp.com\\\/blogdoprosperi.com\\\/wp-content\\\/uploads\\\/2017\\\/05\\\/pro5-3.jpg?fit=3186%2C2130&ssl=1\",\"contentUrl\":\"https:\\\/\\\/i0.wp.com\\\/blogdoprosperi.com\\\/wp-content\\\/uploads\\\/2017\\\/05\\\/pro5-3.jpg?fit=3186%2C2130&ssl=1\",\"width\":3186,\"height\":2130,\"caption\":\"Ceni retoma sua carreira de treinador no Fortaleza, depois da breve passagem pelo S\u00e3o Paulo\"},{\"@type\":\"BreadcrumbList\",\"@id\":\"https:\\\/\\\/blogdoprosperi.com\\\/?p=35909#breadcrumb\",\"itemListElement\":[{\"@type\":\"ListItem\",\"position\":1,\"name\":\"In\u00edcio\",\"item\":\"https:\\\/\\\/blogdoprosperi.com\\\/\"},{\"@type\":\"ListItem\",\"position\":2,\"name\":\"Rogerio Ceni rebate crit\u00e9rios de Tite na convoca\u00e7\u00e3o de Rodrigo Caio\"}]},{\"@type\":\"WebSite\",\"@id\":\"https:\\\/\\\/blogdoprosperi.com\\\/#website\",\"url\":\"https:\\\/\\\/blogdoprosperi.com\\\/\",\"name\":\"PR\u00d3SPERI NEWS\",\"description\":\"TUDO \u00c9  FUTEBOL\",\"publisher\":{\"@id\":\"https:\\\/\\\/blogdoprosperi.com\\\/#\\\/schema\\\/person\\\/38100755ce3601861ee4fab9b5aa78e9\"},\"alternateName\":\"blogdoprosperi.com\",\"potentialAction\":[{\"@type\":\"SearchAction\",\"target\":{\"@type\":\"EntryPoint\",\"urlTemplate\":\"https:\\\/\\\/blogdoprosperi.com\\\/?s={search_term_string}\"},\"query-input\":{\"@type\":\"PropertyValueSpecification\",\"valueRequired\":true,\"valueName\":\"search_term_string\"}}],\"inLanguage\":\"pt-BR\"},{\"@type\":[\"Person\",\"Organization\"],\"@id\":\"https:\\\/\\\/blogdoprosperi.com\\\/#\\\/schema\\\/person\\\/38100755ce3601861ee4fab9b5aa78e9\",\"name\":\"Luiz Ant\u00f4nio Pr\u00f3speri\",\"pronouns\":\"ele\",\"image\":{\"@type\":\"ImageObject\",\"inLanguage\":\"pt-BR\",\"@id\":\"https:\\\/\\\/i0.wp.com\\\/blogdoprosperi.com\\\/wp-content\\\/uploads\\\/2026\\\/05\\\/cropped-8059e613-6002-42fa-961e-8e275f575d71-2-5.jpg?fit=1360%2C931&ssl=1\",\"url\":\"https:\\\/\\\/i0.wp.com\\\/blogdoprosperi.com\\\/wp-content\\\/uploads\\\/2026\\\/05\\\/cropped-8059e613-6002-42fa-961e-8e275f575d71-2-5.jpg?fit=1360%2C931&ssl=1\",\"contentUrl\":\"https:\\\/\\\/i0.wp.com\\\/blogdoprosperi.com\\\/wp-content\\\/uploads\\\/2026\\\/05\\\/cropped-8059e613-6002-42fa-961e-8e275f575d71-2-5.jpg?fit=1360%2C931&ssl=1\",\"width\":1360,\"height\":931,\"caption\":\"Luiz Ant\u00f4nio Pr\u00f3speri\"},\"logo\":{\"@id\":\"https:\\\/\\\/i0.wp.com\\\/blogdoprosperi.com\\\/wp-content\\\/uploads\\\/2026\\\/05\\\/cropped-8059e613-6002-42fa-961e-8e275f575d71-2-5.jpg?fit=1360%2C931&ssl=1\"},\"description\":\"Jornalista com carreira dedicada ao esporte. Cobriu 9 Copas do Mundo in loco, 1990 na It\u00e1lia, 1994 nos EUA, 1998 na Fran\u00e7a, 2002 na Coreia do Sul e Jap\u00e3o, 2006 na Alemanha, 2010 na \u00c1frica do Sul, 2014 no Brasil, 2018 na R\u00fassia e 2022 no Qatar. Eurocopas, 1992 na Su\u00e9cia e 1996 na Inglaterra. Copa das Confedera\u00e7\u00f5es de 2005 na Alemanha e 2009 na \u00c1frica do Sul. Rep\u00f3rter e Editor, trabalhou no Jornal da Tarde e Estad\u00e3o, de 1984 a fevereiro de 2016. Colunista, blogueiro. E comentarista de futebol na R\u00e1dio Estad\u00e3o, de 2013 a fevereiro de 2016. Jornalista respons\u00e1vel do \\\"Pr\u00f3speri News\\\" (blogdoprosperi.com).\",\"sameAs\":[\"http:\\\/\\\/blogdoprosperi.com\",\"Luiz Pr\u00f3speri\",\"@luiz_prosperi\",\"https:\\\/\\\/x.com\\\/Luizprosperi\",\"@prosperinacopa\",\"luiz.prosperi@icloud.com\"],\"url\":\"https:\\\/\\\/blogdoprosperi.com\\\/?author=102107496\"}]}<\/script>\n<!-- \/ Yoast SEO plugin. -->","yoast_head_json":{"title":"Rogerio Ceni rebate crit\u00e9rios de Tite na convoca\u00e7\u00e3o de Rodrigo Caio - PR\u00d3SPERI NEWS","robots":{"index":"index","follow":"follow","max-snippet":"max-snippet:-1","max-image-preview":"max-image-preview:large","max-video-preview":"max-video-preview:-1"},"canonical":"https:\/\/blogdoprosperi.com\/?p=35909","og_locale":"pt_BR","og_type":"article","og_title":"Rogerio Ceni rebate crit\u00e9rios de Tite na convoca\u00e7\u00e3o de Rodrigo Caio - PR\u00d3SPERI NEWS","og_description":"Rogerio Ceni insinua que Tite teria convocado Rodrigo Caio para amistosos da Sele\u00e7\u00e3o Brasileira \u2013 contra Austr\u00e1lia e [&hellip;]","og_url":"https:\/\/blogdoprosperi.com\/?p=35909","og_site_name":"PR\u00d3SPERI NEWS","article_publisher":"Luiz Pr\u00f3speri","article_author":"Luiz Pr\u00f3speri","article_published_time":"2017-05-24T00:06:37+00:00","og_image":[{"width":3186,"height":2130,"url":"https:\/\/i0.wp.com\/blogdoprosperi.com\/wp-content\/uploads\/2017\/05\/pro5-3.jpg?fit=3186%2C2130&ssl=1","type":"image\/jpeg"}],"author":"Luiz Ant\u00f4nio Pr\u00f3speri","twitter_card":"summary_large_image","twitter_creator":"@Luizprosperi","twitter_site":"@Luizprosperi","twitter_misc":{"Escrito por":"Luiz Ant\u00f4nio Pr\u00f3speri","Est. tempo de leitura":"3 minutos"},"schema":{"@context":"https:\/\/schema.org","@graph":[{"@type":"Article","@id":"https:\/\/blogdoprosperi.com\/?p=35909#article","isPartOf":{"@id":"https:\/\/blogdoprosperi.com\/?p=35909"},"author":{"name":"Luiz Ant\u00f4nio Pr\u00f3speri","@id":"https:\/\/blogdoprosperi.com\/#\/schema\/person\/38100755ce3601861ee4fab9b5aa78e9"},"headline":"Rogerio Ceni rebate crit\u00e9rios de Tite na convoca\u00e7\u00e3o de Rodrigo Caio","datePublished":"2017-05-24T00:06:37+00:00","mainEntityOfPage":{"@id":"https:\/\/blogdoprosperi.com\/?p=35909"},"wordCount":671,"commentCount":0,"publisher":{"@id":"https:\/\/blogdoprosperi.com\/#\/schema\/person\/38100755ce3601861ee4fab9b5aa78e9"},"image":{"@id":"https:\/\/blogdoprosperi.com\/?p=35909#primaryimage"},"thumbnailUrl":"https:\/\/i0.wp.com\/blogdoprosperi.com\/wp-content\/uploads\/2017\/05\/pro5-3.jpg?fit=3186%2C2130&ssl=1","keywords":["CBF","futebol","Rodrigo Caio","Rog\u00e9rio Ceni","Sele\u00e7\u00e3o Brasileira Feminina","SPFC","Tite"],"articleSection":["futebol"],"inLanguage":"pt-BR","potentialAction":[{"@type":"CommentAction","name":"Comment","target":["https:\/\/blogdoprosperi.com\/?p=35909#respond"]}]},{"@type":"WebPage","@id":"https:\/\/blogdoprosperi.com\/?p=35909","url":"https:\/\/blogdoprosperi.com\/?p=35909","name":"Rogerio Ceni rebate crit\u00e9rios de Tite na convoca\u00e7\u00e3o de Rodrigo Caio - PR\u00d3SPERI NEWS","isPartOf":{"@id":"https:\/\/blogdoprosperi.com\/#website"},"primaryImageOfPage":{"@id":"https:\/\/blogdoprosperi.com\/?p=35909#primaryimage"},"image":{"@id":"https:\/\/blogdoprosperi.com\/?p=35909#primaryimage"},"thumbnailUrl":"https:\/\/i0.wp.com\/blogdoprosperi.com\/wp-content\/uploads\/2017\/05\/pro5-3.jpg?fit=3186%2C2130&ssl=1","datePublished":"2017-05-24T00:06:37+00:00","breadcrumb":{"@id":"https:\/\/blogdoprosperi.com\/?p=35909#breadcrumb"},"inLanguage":"pt-BR","potentialAction":[{"@type":"ReadAction","target":["https:\/\/blogdoprosperi.com\/?p=35909"]}]},{"@type":"ImageObject","inLanguage":"pt-BR","@id":"https:\/\/blogdoprosperi.com\/?p=35909#primaryimage","url":"https:\/\/i0.wp.com\/blogdoprosperi.com\/wp-content\/uploads\/2017\/05\/pro5-3.jpg?fit=3186%2C2130&ssl=1","contentUrl":"https:\/\/i0.wp.com\/blogdoprosperi.com\/wp-content\/uploads\/2017\/05\/pro5-3.jpg?fit=3186%2C2130&ssl=1","width":3186,"height":2130,"caption":"Ceni retoma sua carreira de treinador no Fortaleza, depois da breve passagem pelo S\u00e3o Paulo"},{"@type":"BreadcrumbList","@id":"https:\/\/blogdoprosperi.com\/?p=35909#breadcrumb","itemListElement":[{"@type":"ListItem","position":1,"name":"In\u00edcio","item":"https:\/\/blogdoprosperi.com\/"},{"@type":"ListItem","position":2,"name":"Rogerio Ceni rebate crit\u00e9rios de Tite na convoca\u00e7\u00e3o de Rodrigo Caio"}]},{"@type":"WebSite","@id":"https:\/\/blogdoprosperi.com\/#website","url":"https:\/\/blogdoprosperi.com\/","name":"PR\u00d3SPERI NEWS","description":"TUDO \u00c9  FUTEBOL","publisher":{"@id":"https:\/\/blogdoprosperi.com\/#\/schema\/person\/38100755ce3601861ee4fab9b5aa78e9"},"alternateName":"blogdoprosperi.com","potentialAction":[{"@type":"SearchAction","target":{"@type":"EntryPoint","urlTemplate":"https:\/\/blogdoprosperi.com\/?s={search_term_string}"},"query-input":{"@type":"PropertyValueSpecification","valueRequired":true,"valueName":"search_term_string"}}],"inLanguage":"pt-BR"},{"@type":["Person","Organization"],"@id":"https:\/\/blogdoprosperi.com\/#\/schema\/person\/38100755ce3601861ee4fab9b5aa78e9","name":"Luiz Ant\u00f4nio Pr\u00f3speri","pronouns":"ele","image":{"@type":"ImageObject","inLanguage":"pt-BR","@id":"https:\/\/i0.wp.com\/blogdoprosperi.com\/wp-content\/uploads\/2026\/05\/cropped-8059e613-6002-42fa-961e-8e275f575d71-2-5.jpg?fit=1360%2C931&ssl=1","url":"https:\/\/i0.wp.com\/blogdoprosperi.com\/wp-content\/uploads\/2026\/05\/cropped-8059e613-6002-42fa-961e-8e275f575d71-2-5.jpg?fit=1360%2C931&ssl=1","contentUrl":"https:\/\/i0.wp.com\/blogdoprosperi.com\/wp-content\/uploads\/2026\/05\/cropped-8059e613-6002-42fa-961e-8e275f575d71-2-5.jpg?fit=1360%2C931&ssl=1","width":1360,"height":931,"caption":"Luiz Ant\u00f4nio Pr\u00f3speri"},"logo":{"@id":"https:\/\/i0.wp.com\/blogdoprosperi.com\/wp-content\/uploads\/2026\/05\/cropped-8059e613-6002-42fa-961e-8e275f575d71-2-5.jpg?fit=1360%2C931&ssl=1"},"description":"Jornalista com carreira dedicada ao esporte. Cobriu 9 Copas do Mundo in loco, 1990 na It\u00e1lia, 1994 nos EUA, 1998 na Fran\u00e7a, 2002 na Coreia do Sul e Jap\u00e3o, 2006 na Alemanha, 2010 na \u00c1frica do Sul, 2014 no Brasil, 2018 na R\u00fassia e 2022 no Qatar. Eurocopas, 1992 na Su\u00e9cia e 1996 na Inglaterra. Copa das Confedera\u00e7\u00f5es de 2005 na Alemanha e 2009 na \u00c1frica do Sul. Rep\u00f3rter e Editor, trabalhou no Jornal da Tarde e Estad\u00e3o, de 1984 a fevereiro de 2016. Colunista, blogueiro. E comentarista de futebol na R\u00e1dio Estad\u00e3o, de 2013 a fevereiro de 2016. Jornalista respons\u00e1vel do \"Pr\u00f3speri News\" (blogdoprosperi.com).","sameAs":["http:\/\/blogdoprosperi.com","Luiz Pr\u00f3speri","@luiz_prosperi","https:\/\/x.com\/Luizprosperi","@prosperinacopa","luiz.prosperi@icloud.com"],"url":"https:\/\/blogdoprosperi.com\/?author=102107496"}]}},"jetpack_publicize_connections":[],"jetpack_likes_enabled":false,"jetpack_sharing_enabled":true,"jetpack_shortlink":"https:\/\/wp.me\/p7jvdk-9lb","jetpack-related-posts":[{"id":35579,"url":"https:\/\/blogdoprosperi.com\/?p=35579","url_meta":{"origin":35909,"position":0},"title":"Rodrigo Caio vira ref\u00e9m de sua honestidade","author":"Luiz Ant\u00f4nio Pr\u00f3speri","date":"18 de abril de 2017","format":false,"excerpt":"Rodrigo Caio \u00e9 um jogador de condom\u00ednio, disse uma vez um dirigente do S\u00e3o Paulo Futebol Clube. Referia-se ao jogo simples e ao correto comportamento do, na \u00e9poca, volante promovido dos canteiros do clube. Ele nunca foi viril, nem quando atuou ou atua como zagueiro. \u00c9 daqueles que antes mesmo\u2026","rel":"","context":"Em &quot;futebol&quot;","block_context":{"text":"futebol","link":"https:\/\/blogdoprosperi.com\/?cat=53870"},"img":{"alt_text":"","src":"https:\/\/i0.wp.com\/blogdoprosperi.com\/wp-content\/uploads\/2017\/04\/iphmw2pp.jpg?fit=400%2C400&ssl=1&resize=350%2C200","width":350,"height":200},"classes":[]},{"id":29457,"url":"https:\/\/blogdoprosperi.com\/?p=29457","url_meta":{"origin":35909,"position":1},"title":"O que faz Lucas Lima na Sele\u00e7\u00e3o Brasileira?","author":"Luiz Ant\u00f4nio Pr\u00f3speri","date":"21 de outubro de 2016","format":false,"excerpt":"Tite mandou um recado aos jogadores convocados por ele para os dois pr\u00f3ximos jogos da Sele\u00e7\u00e3o Brasileira - contra Argentina, dia 10\/11, e Peru, 15\/11, rodada das Eliminat\u00f3rias da Copa de 2018. \"Arrebentem em seus clubes\", disse o treinador. S\u00f3 assim, jogando muito em seus times, poder\u00e3o se manter no\u2026","rel":"","context":"Em &quot;futebol&quot;","block_context":{"text":"futebol","link":"https:\/\/blogdoprosperi.com\/?cat=53870"},"img":{"alt_text":"","src":"https:\/\/i0.wp.com\/blogdoprosperi.com\/wp-content\/uploads\/2016\/10\/589403158.jpg?resize=350%2C200&ssl=1","width":350,"height":200},"classes":[]},{"id":49330,"url":"https:\/\/blogdoprosperi.com\/?p=49330","url_meta":{"origin":35909,"position":2},"title":"Dorival J\u00fanior Demitido | Sem Atropelos, CBF Corre Atr\u00e1s de Novo Treinador","author":"Luiz Ant\u00f4nio Pr\u00f3speri","date":"28 de mar\u00e7o de 2025","format":false,"excerpt":"Luiz Ant\u00f4nio Pr\u00f3speri \u2013 28 mar\u00e7o (19h05) \u2013 Sele\u00e7\u00e3o Brasileira est\u00e1 sem treinador desde \u00e0s 18h desta sexta-feira (28\/3) quando a CBF anuncia de forma oficial a demiss\u00e3o de Dorival J\u00fanior. Presidente Ednaldo Rodrigues adianta que s\u00f3 agora, com o cargo vago, vai em busca de um novo t\u00e9cnico. Analistas\u2026","rel":"","context":"Em &quot;informa\u00e7\u00e3o&quot;","block_context":{"text":"informa\u00e7\u00e3o","link":"https:\/\/blogdoprosperi.com\/?cat=20384"},"img":{"alt_text":"Jesus e Filipe, juntos na Sele\u00e7\u00e3o ?","src":"https:\/\/i0.wp.com\/blogdoprosperi.com\/wp-content\/uploads\/2025\/03\/captura-de-tela-2025-03-28-as-18.57.54.png?fit=1200%2C642&ssl=1&resize=350%2C200","width":350,"height":200,"srcset":"https:\/\/i0.wp.com\/blogdoprosperi.com\/wp-content\/uploads\/2025\/03\/captura-de-tela-2025-03-28-as-18.57.54.png?fit=1200%2C642&ssl=1&resize=350%2C200 1x, https:\/\/i0.wp.com\/blogdoprosperi.com\/wp-content\/uploads\/2025\/03\/captura-de-tela-2025-03-28-as-18.57.54.png?fit=1200%2C642&ssl=1&resize=525%2C300 1.5x, https:\/\/i0.wp.com\/blogdoprosperi.com\/wp-content\/uploads\/2025\/03\/captura-de-tela-2025-03-28-as-18.57.54.png?fit=1200%2C642&ssl=1&resize=700%2C400 2x, https:\/\/i0.wp.com\/blogdoprosperi.com\/wp-content\/uploads\/2025\/03\/captura-de-tela-2025-03-28-as-18.57.54.png?fit=1200%2C642&ssl=1&resize=1050%2C600 3x"},"classes":[]},{"id":35661,"url":"https:\/\/blogdoprosperi.com\/?p=35661","url_meta":{"origin":35909,"position":3},"title":"J\u00f4 aparece de novo e leva Corinthians a reviver uma hist\u00f3ria de 40 anos","author":"Luiz Ant\u00f4nio Pr\u00f3speri","date":"23 de abril de 2017","format":false,"excerpt":"Futebol \u00e9 carregado de enigmas como nenhum outro esporte. N\u00e3o fosse assim, n\u00e3o ter\u00edamos como contar a hist\u00f3ria dos confrontos entre Corinthians e S\u00e3o Paulo nas semifinais do Paulist\u00e3o 2017. No primeiro jogo, a honestidade de\u00a0Rodrigo Caio permitiu a J\u00f4 disputar o segundo cl\u00e1ssico. O S\u00e3o Paulo perdeu por 2\u2026","rel":"","context":"Em &quot;futebol&quot;","block_context":{"text":"futebol","link":"https:\/\/blogdoprosperi.com\/?cat=53870"},"img":{"alt_text":"","src":"https:\/\/i0.wp.com\/blogdoprosperi.com\/wp-content\/uploads\/2017\/04\/jc3b4-png.jpg?resize=350%2C200&ssl=1","width":350,"height":200},"classes":[]},{"id":32979,"url":"https:\/\/blogdoprosperi.com\/?p=32979","url_meta":{"origin":35909,"position":4},"title":"Entenda como dirigentes t\u00eam mais a ganhar do que Rogerio Ceni no comando do S\u00e3o Paulo","author":"Luiz Ant\u00f4nio Pr\u00f3speri","date":"24 de novembro de 2016","format":false,"excerpt":"S\u00e3o Paulo tem mais a ganhar do que Rogerio Ceni ao anunciar o ex-goleiro como novo t\u00e9cnico do time. Com o \u00eddolo no comando, dirigentes lavam as m\u00e3os e entregam a Ceni, aos 43 anos, a dura miss\u00e3o de reconstruir o futebol do clube, esfarelado h\u00e1 quase uma d\u00e9cada sem\u2026","rel":"","context":"Em &quot;Campeonato Brasileiro&quot;","block_context":{"text":"Campeonato Brasileiro","link":"https:\/\/blogdoprosperi.com\/?cat=355071"},"img":{"alt_text":"bac640c96c6t0005","src":"https:\/\/i0.wp.com\/blogdoprosperi.com\/wp-content\/uploads\/2016\/10\/bac640c96c6t0005.jpg?resize=350%2C200&ssl=1","width":350,"height":200,"srcset":"https:\/\/i0.wp.com\/blogdoprosperi.com\/wp-content\/uploads\/2016\/10\/bac640c96c6t0005.jpg?resize=350%2C200&ssl=1 1x, https:\/\/i0.wp.com\/blogdoprosperi.com\/wp-content\/uploads\/2016\/10\/bac640c96c6t0005.jpg?resize=525%2C300&ssl=1 1.5x, https:\/\/i0.wp.com\/blogdoprosperi.com\/wp-content\/uploads\/2016\/10\/bac640c96c6t0005.jpg?resize=700%2C400&ssl=1 2x"},"classes":[]},{"id":13709,"url":"https:\/\/blogdoprosperi.com\/?p=13709","url_meta":{"origin":35909,"position":5},"title":"Fernando Prass \u00e9 convocado para liderar Sele\u00e7\u00e3o Ol\u00edmpica","author":"Luiz Ant\u00f4nio Pr\u00f3speri","date":"29 de junho de 2016","format":false,"excerpt":"Goleiro do Palmeiras deve ser o capit\u00e3o do time na Olimp\u00edada do Rio e deixar a Neymar a responsabilidade de assombrar os advers\u00e1rios Fernando Prass, aos 38 anos, vai ser o l\u00edder da Sele\u00e7\u00e3o Ol\u00edmpica, na avalia\u00e7\u00e3o da comiss\u00e3o t\u00e9cnica, nos Jogos do Rio. Sem nunca ter sido convocado, seja\u2026","rel":"","context":"Em &quot;futebol&quot;","block_context":{"text":"futebol","link":"https:\/\/blogdoprosperi.com\/?cat=53870"},"img":{"alt_text":"","src":"https:\/\/i0.wp.com\/blogdoprosperi.com\/wp-content\/uploads\/2016\/06\/622_19216806-b202-3213-b154-208be60620e7.jpg?resize=350%2C200&ssl=1","width":350,"height":200,"srcset":"https:\/\/i0.wp.com\/blogdoprosperi.com\/wp-content\/uploads\/2016\/06\/622_19216806-b202-3213-b154-208be60620e7.jpg?resize=350%2C200&ssl=1 1x, https:\/\/i0.wp.com\/blogdoprosperi.com\/wp-content\/uploads\/2016\/06\/622_19216806-b202-3213-b154-208be60620e7.jpg?resize=525%2C300&ssl=1 1.5x"},"classes":[]}],"jetpack_featured_media_url":"https:\/\/i0.wp.com\/blogdoprosperi.com\/wp-content\/uploads\/2017\/05\/pro5-3.jpg?fit=3186%2C2130&ssl=1","_links":{"self":[{"href":"https:\/\/blogdoprosperi.com\/index.php?rest_route=\/wp\/v2\/posts\/35909","targetHints":{"allow":["GET"]}}],"collection":[{"href":"https:\/\/blogdoprosperi.com\/index.php?rest_route=\/wp\/v2\/posts"}],"about":[{"href":"https:\/\/blogdoprosperi.com\/index.php?rest_route=\/wp\/v2\/types\/post"}],"author":[{"embeddable":true,"href":"https:\/\/blogdoprosperi.com\/index.php?rest_route=\/wp\/v2\/users\/102107496"}],"replies":[{"embeddable":true,"href":"https:\/\/blogdoprosperi.com\/index.php?rest_route=%2Fwp%2Fv2%2Fcomments&post=35909"}],"version-history":[{"count":6,"href":"https:\/\/blogdoprosperi.com\/index.php?rest_route=\/wp\/v2\/posts\/35909\/revisions"}],"predecessor-version":[{"id":35916,"href":"https:\/\/blogdoprosperi.com\/index.php?rest_route=\/wp\/v2\/posts\/35909\/revisions\/35916"}],"wp:featuredmedia":[{"embeddable":true,"href":"https:\/\/blogdoprosperi.com\/index.php?rest_route=\/wp\/v2\/media\/35912"}],"wp:attachment":[{"href":"https:\/\/blogdoprosperi.com\/index.php?rest_route=%2Fwp%2Fv2%2Fmedia&parent=35909"}],"wp:term":[{"taxonomy":"category","embeddable":true,"href":"https:\/\/blogdoprosperi.com\/index.php?rest_route=%2Fwp%2Fv2%2Fcategories&post=35909"},{"taxonomy":"post_tag","embeddable":true,"href":"https:\/\/blogdoprosperi.com\/index.php?rest_route=%2Fwp%2Fv2%2Ftags&post=35909"}],"curies":[{"name":"wp","href":"https:\/\/api.w.org\/{rel}","templated":true}]}}