{"id":35981,"date":"2017-05-30T00:54:15","date_gmt":"2017-05-30T03:54:15","guid":{"rendered":"http:\/\/blogdoprosperi.com\/?p=35981"},"modified":"2017-05-30T00:56:23","modified_gmt":"2017-05-30T03:56:23","slug":"eis-o-futebol","status":"publish","type":"post","link":"https:\/\/blogdoprosperi.com\/?p=35981","title":{"rendered":"Eis o futebol"},"content":{"rendered":"<p>Nos paralelep\u00edpedos de uma rua no Jardim Peri, um dos cantos da grande cidade, o menino, ent\u00e3o com 16 anos, pinta a cal\u00e7ada na Copa do Mundo de 2014. Tr\u00eas anos depois, esse garoto Gabriel Jesus \u00e9 o camisa 9 da Sele\u00e7\u00e3o Brasileira e respeitado em todo o mundo.<\/p>\n<p>Jesus joga no Manchester City, entre os clubes mais ricos da Europa, e \u00e9 dirigido por Pep Guardiola, o genial treinador, a pedido do t\u00e9cnico espanhol.<\/p>\n<p>&#8220;Me perguntam de Gabriel. Digo que ele \u00e9 o 9 do Brasil, e isso diz tudo&#8221;, repete Guardiola.<\/p>\n<p>Eis o futebol.<\/p>\n<p>&nbsp;<\/p>\n","protected":false},"excerpt":{"rendered":"<p>Nos paralelep\u00edpedos de uma rua no Jardim Peri, um dos cantos da grande cidade, o menino, ent\u00e3o com [&hellip;]<\/p>\n","protected":false},"author":102107496,"featured_media":35998,"comment_status":"open","ping_status":"open","sticky":false,"template":"","format":"standard","meta":{"_coblocks_attr":"","_coblocks_dimensions":"","_coblocks_responsive_height":"","_coblocks_accordion_ie_support":"","_jetpack_newsletter_access":"","_jetpack_dont_email_post_to_subs":false,"_jetpack_newsletter_tier_id":0,"_jetpack_memberships_contains_paywalled_content":false,"_wpcom_ai_launchpad_first_post":false,"_jetpack_feature_clip_id":0,"_jetpack_memberships_contains_paid_content":false,"footnotes":"","jetpack_publicize_message":"","jetpack_publicize_feature_enabled":true,"jetpack_social_post_already_shared":false,"jetpack_social_options":{"image_generator_settings":{"template":"highway","default_image_id":0,"font":"","enabled":false},"version":2},"jetpack_post_was_ever_published":false},"categories":[53870],"tags":[2425745,789560560,232826435,2313775,21058264],"class_list":["post-35981","post","type-post","status-publish","format-standard","has-post-thumbnail","hentry","category-futebol","tag-copa-de-2014","tag-futebol","tag-gabriel-jesus","tag-guardiola","tag-jardim-peri"],"yoast_head":"<!-- This site is optimized with the Yoast SEO plugin v28.3 - https:\/\/yoast.com\/product\/yoast-seo-wordpress\/ -->\n<title>Eis o futebol - PR\u00d3SPERI NEWS<\/title>\n<meta name=\"robots\" content=\"index, follow, max-snippet:-1, max-image-preview:large, max-video-preview:-1\" \/>\n<link rel=\"canonical\" href=\"https:\/\/blogdoprosperi.com\/?p=35981\" \/>\n<meta property=\"og:locale\" content=\"pt_BR\" \/>\n<meta property=\"og:type\" content=\"article\" \/>\n<meta property=\"og:title\" content=\"Eis o futebol - PR\u00d3SPERI NEWS\" \/>\n<meta property=\"og:description\" content=\"Nos paralelep\u00edpedos de uma rua no Jardim Peri, um dos cantos da grande cidade, o menino, ent\u00e3o com [&hellip;]\" \/>\n<meta property=\"og:url\" content=\"https:\/\/blogdoprosperi.com\/?p=35981\" \/>\n<meta property=\"og:site_name\" content=\"PR\u00d3SPERI NEWS\" \/>\n<meta property=\"article:publisher\" content=\"Luiz Pr\u00f3speri\" \/>\n<meta property=\"article:author\" content=\"Luiz Pr\u00f3speri\" \/>\n<meta property=\"article:published_time\" content=\"2017-05-30T03:54:15+00:00\" \/>\n<meta property=\"article:modified_time\" content=\"2017-05-30T03:56:23+00:00\" \/>\n<meta property=\"og:image\" content=\"https:\/\/i0.wp.com\/blogdoprosperi.com\/wp-content\/uploads\/2017\/05\/dbcjy_cxkaajzhv1.jpg?fit=675%2C1200&ssl=1\" \/>\n\t<meta property=\"og:image:width\" content=\"675\" \/>\n\t<meta property=\"og:image:height\" content=\"1200\" \/>\n\t<meta property=\"og:image:type\" content=\"image\/jpeg\" \/>\n<meta name=\"author\" content=\"Luiz Ant\u00f4nio Pr\u00f3speri\" \/>\n<meta name=\"twitter:card\" content=\"summary_large_image\" \/>\n<meta name=\"twitter:creator\" content=\"@Luizprosperi\" \/>\n<meta name=\"twitter:site\" content=\"@Luizprosperi\" \/>\n<meta name=\"twitter:label1\" content=\"Escrito por\" \/>\n\t<meta name=\"twitter:data1\" content=\"Luiz Ant\u00f4nio Pr\u00f3speri\" \/>\n<script type=\"application\/ld+json\" class=\"yoast-schema-graph\">{\"@context\":\"https:\\\/\\\/schema.org\",\"@graph\":[{\"@type\":\"Article\",\"@id\":\"https:\\\/\\\/blogdoprosperi.com\\\/?p=35981#article\",\"isPartOf\":{\"@id\":\"https:\\\/\\\/blogdoprosperi.com\\\/?p=35981\"},\"author\":{\"name\":\"Luiz Ant\u00f4nio Pr\u00f3speri\",\"@id\":\"https:\\\/\\\/blogdoprosperi.com\\\/#\\\/schema\\\/person\\\/38100755ce3601861ee4fab9b5aa78e9\"},\"headline\":\"Eis o futebol\",\"datePublished\":\"2017-05-30T03:54:15+00:00\",\"dateModified\":\"2017-05-30T03:56:23+00:00\",\"mainEntityOfPage\":{\"@id\":\"https:\\\/\\\/blogdoprosperi.com\\\/?p=35981\"},\"wordCount\":99,\"commentCount\":1,\"publisher\":{\"@id\":\"https:\\\/\\\/blogdoprosperi.com\\\/#\\\/schema\\\/person\\\/38100755ce3601861ee4fab9b5aa78e9\"},\"image\":{\"@id\":\"https:\\\/\\\/blogdoprosperi.com\\\/?p=35981#primaryimage\"},\"thumbnailUrl\":\"https:\\\/\\\/i0.wp.com\\\/blogdoprosperi.com\\\/wp-content\\\/uploads\\\/2017\\\/05\\\/dbcjy_cxkaajzhv1.jpg?fit=675%2C1200&ssl=1\",\"keywords\":[\"Copa de 2014\",\"futebol\",\"Gabriel Jesus\",\"Guardiola\",\"Jardim Peri\"],\"articleSection\":[\"futebol\"],\"inLanguage\":\"pt-BR\",\"potentialAction\":[{\"@type\":\"CommentAction\",\"name\":\"Comment\",\"target\":[\"https:\\\/\\\/blogdoprosperi.com\\\/?p=35981#respond\"]}]},{\"@type\":\"WebPage\",\"@id\":\"https:\\\/\\\/blogdoprosperi.com\\\/?p=35981\",\"url\":\"https:\\\/\\\/blogdoprosperi.com\\\/?p=35981\",\"name\":\"Eis o futebol - PR\u00d3SPERI NEWS\",\"isPartOf\":{\"@id\":\"https:\\\/\\\/blogdoprosperi.com\\\/#website\"},\"primaryImageOfPage\":{\"@id\":\"https:\\\/\\\/blogdoprosperi.com\\\/?p=35981#primaryimage\"},\"image\":{\"@id\":\"https:\\\/\\\/blogdoprosperi.com\\\/?p=35981#primaryimage\"},\"thumbnailUrl\":\"https:\\\/\\\/i0.wp.com\\\/blogdoprosperi.com\\\/wp-content\\\/uploads\\\/2017\\\/05\\\/dbcjy_cxkaajzhv1.jpg?fit=675%2C1200&ssl=1\",\"datePublished\":\"2017-05-30T03:54:15+00:00\",\"dateModified\":\"2017-05-30T03:56:23+00:00\",\"breadcrumb\":{\"@id\":\"https:\\\/\\\/blogdoprosperi.com\\\/?p=35981#breadcrumb\"},\"inLanguage\":\"pt-BR\",\"potentialAction\":[{\"@type\":\"ReadAction\",\"target\":[\"https:\\\/\\\/blogdoprosperi.com\\\/?p=35981\"]}]},{\"@type\":\"ImageObject\",\"inLanguage\":\"pt-BR\",\"@id\":\"https:\\\/\\\/blogdoprosperi.com\\\/?p=35981#primaryimage\",\"url\":\"https:\\\/\\\/i0.wp.com\\\/blogdoprosperi.com\\\/wp-content\\\/uploads\\\/2017\\\/05\\\/dbcjy_cxkaajzhv1.jpg?fit=675%2C1200&ssl=1\",\"contentUrl\":\"https:\\\/\\\/i0.wp.com\\\/blogdoprosperi.com\\\/wp-content\\\/uploads\\\/2017\\\/05\\\/dbcjy_cxkaajzhv1.jpg?fit=675%2C1200&ssl=1\",\"width\":675,\"height\":1200},{\"@type\":\"BreadcrumbList\",\"@id\":\"https:\\\/\\\/blogdoprosperi.com\\\/?p=35981#breadcrumb\",\"itemListElement\":[{\"@type\":\"ListItem\",\"position\":1,\"name\":\"In\u00edcio\",\"item\":\"https:\\\/\\\/blogdoprosperi.com\\\/\"},{\"@type\":\"ListItem\",\"position\":2,\"name\":\"Eis o futebol\"}]},{\"@type\":\"WebSite\",\"@id\":\"https:\\\/\\\/blogdoprosperi.com\\\/#website\",\"url\":\"https:\\\/\\\/blogdoprosperi.com\\\/\",\"name\":\"PR\u00d3SPERI NEWS\",\"description\":\"TUDO \u00c9  FUTEBOL\",\"publisher\":{\"@id\":\"https:\\\/\\\/blogdoprosperi.com\\\/#\\\/schema\\\/person\\\/38100755ce3601861ee4fab9b5aa78e9\"},\"alternateName\":\"blogdoprosperi.com\",\"potentialAction\":[{\"@type\":\"SearchAction\",\"target\":{\"@type\":\"EntryPoint\",\"urlTemplate\":\"https:\\\/\\\/blogdoprosperi.com\\\/?s={search_term_string}\"},\"query-input\":{\"@type\":\"PropertyValueSpecification\",\"valueRequired\":true,\"valueName\":\"search_term_string\"}}],\"inLanguage\":\"pt-BR\"},{\"@type\":[\"Person\",\"Organization\"],\"@id\":\"https:\\\/\\\/blogdoprosperi.com\\\/#\\\/schema\\\/person\\\/38100755ce3601861ee4fab9b5aa78e9\",\"name\":\"Luiz Ant\u00f4nio Pr\u00f3speri\",\"pronouns\":\"ele\",\"image\":{\"@type\":\"ImageObject\",\"inLanguage\":\"pt-BR\",\"@id\":\"https:\\\/\\\/i0.wp.com\\\/blogdoprosperi.com\\\/wp-content\\\/uploads\\\/2026\\\/05\\\/cropped-8059e613-6002-42fa-961e-8e275f575d71-2-5.jpg?fit=1360%2C931&ssl=1\",\"url\":\"https:\\\/\\\/i0.wp.com\\\/blogdoprosperi.com\\\/wp-content\\\/uploads\\\/2026\\\/05\\\/cropped-8059e613-6002-42fa-961e-8e275f575d71-2-5.jpg?fit=1360%2C931&ssl=1\",\"contentUrl\":\"https:\\\/\\\/i0.wp.com\\\/blogdoprosperi.com\\\/wp-content\\\/uploads\\\/2026\\\/05\\\/cropped-8059e613-6002-42fa-961e-8e275f575d71-2-5.jpg?fit=1360%2C931&ssl=1\",\"width\":1360,\"height\":931,\"caption\":\"Luiz Ant\u00f4nio Pr\u00f3speri\"},\"logo\":{\"@id\":\"https:\\\/\\\/i0.wp.com\\\/blogdoprosperi.com\\\/wp-content\\\/uploads\\\/2026\\\/05\\\/cropped-8059e613-6002-42fa-961e-8e275f575d71-2-5.jpg?fit=1360%2C931&ssl=1\"},\"description\":\"Jornalista com carreira dedicada ao esporte. Cobriu 9 Copas do Mundo in loco, 1990 na It\u00e1lia, 1994 nos EUA, 1998 na Fran\u00e7a, 2002 na Coreia do Sul e Jap\u00e3o, 2006 na Alemanha, 2010 na \u00c1frica do Sul, 2014 no Brasil, 2018 na R\u00fassia e 2022 no Qatar. Eurocopas, 1992 na Su\u00e9cia e 1996 na Inglaterra. Copa das Confedera\u00e7\u00f5es de 2005 na Alemanha e 2009 na \u00c1frica do Sul. Rep\u00f3rter e Editor, trabalhou no Jornal da Tarde e Estad\u00e3o, de 1984 a fevereiro de 2016. Colunista, blogueiro. E comentarista de futebol na R\u00e1dio Estad\u00e3o, de 2013 a fevereiro de 2016. Jornalista respons\u00e1vel do \\\"Pr\u00f3speri News\\\" (blogdoprosperi.com).\",\"sameAs\":[\"http:\\\/\\\/blogdoprosperi.com\",\"Luiz Pr\u00f3speri\",\"@luiz_prosperi\",\"https:\\\/\\\/x.com\\\/Luizprosperi\",\"@prosperinacopa\",\"luiz.prosperi@icloud.com\"],\"url\":\"https:\\\/\\\/blogdoprosperi.com\\\/?author=102107496\"}]}<\/script>\n<!-- \/ Yoast SEO plugin. -->","yoast_head_json":{"title":"Eis o futebol - PR\u00d3SPERI NEWS","robots":{"index":"index","follow":"follow","max-snippet":"max-snippet:-1","max-image-preview":"max-image-preview:large","max-video-preview":"max-video-preview:-1"},"canonical":"https:\/\/blogdoprosperi.com\/?p=35981","og_locale":"pt_BR","og_type":"article","og_title":"Eis o futebol - PR\u00d3SPERI NEWS","og_description":"Nos paralelep\u00edpedos de uma rua no Jardim Peri, um dos cantos da grande cidade, o menino, ent\u00e3o com [&hellip;]","og_url":"https:\/\/blogdoprosperi.com\/?p=35981","og_site_name":"PR\u00d3SPERI NEWS","article_publisher":"Luiz Pr\u00f3speri","article_author":"Luiz Pr\u00f3speri","article_published_time":"2017-05-30T03:54:15+00:00","article_modified_time":"2017-05-30T03:56:23+00:00","og_image":[{"width":675,"height":1200,"url":"https:\/\/i0.wp.com\/blogdoprosperi.com\/wp-content\/uploads\/2017\/05\/dbcjy_cxkaajzhv1.jpg?fit=675%2C1200&ssl=1","type":"image\/jpeg"}],"author":"Luiz Ant\u00f4nio Pr\u00f3speri","twitter_card":"summary_large_image","twitter_creator":"@Luizprosperi","twitter_site":"@Luizprosperi","twitter_misc":{"Escrito por":"Luiz Ant\u00f4nio Pr\u00f3speri"},"schema":{"@context":"https:\/\/schema.org","@graph":[{"@type":"Article","@id":"https:\/\/blogdoprosperi.com\/?p=35981#article","isPartOf":{"@id":"https:\/\/blogdoprosperi.com\/?p=35981"},"author":{"name":"Luiz Ant\u00f4nio Pr\u00f3speri","@id":"https:\/\/blogdoprosperi.com\/#\/schema\/person\/38100755ce3601861ee4fab9b5aa78e9"},"headline":"Eis o futebol","datePublished":"2017-05-30T03:54:15+00:00","dateModified":"2017-05-30T03:56:23+00:00","mainEntityOfPage":{"@id":"https:\/\/blogdoprosperi.com\/?p=35981"},"wordCount":99,"commentCount":1,"publisher":{"@id":"https:\/\/blogdoprosperi.com\/#\/schema\/person\/38100755ce3601861ee4fab9b5aa78e9"},"image":{"@id":"https:\/\/blogdoprosperi.com\/?p=35981#primaryimage"},"thumbnailUrl":"https:\/\/i0.wp.com\/blogdoprosperi.com\/wp-content\/uploads\/2017\/05\/dbcjy_cxkaajzhv1.jpg?fit=675%2C1200&ssl=1","keywords":["Copa de 2014","futebol","Gabriel Jesus","Guardiola","Jardim Peri"],"articleSection":["futebol"],"inLanguage":"pt-BR","potentialAction":[{"@type":"CommentAction","name":"Comment","target":["https:\/\/blogdoprosperi.com\/?p=35981#respond"]}]},{"@type":"WebPage","@id":"https:\/\/blogdoprosperi.com\/?p=35981","url":"https:\/\/blogdoprosperi.com\/?p=35981","name":"Eis o futebol - PR\u00d3SPERI NEWS","isPartOf":{"@id":"https:\/\/blogdoprosperi.com\/#website"},"primaryImageOfPage":{"@id":"https:\/\/blogdoprosperi.com\/?p=35981#primaryimage"},"image":{"@id":"https:\/\/blogdoprosperi.com\/?p=35981#primaryimage"},"thumbnailUrl":"https:\/\/i0.wp.com\/blogdoprosperi.com\/wp-content\/uploads\/2017\/05\/dbcjy_cxkaajzhv1.jpg?fit=675%2C1200&ssl=1","datePublished":"2017-05-30T03:54:15+00:00","dateModified":"2017-05-30T03:56:23+00:00","breadcrumb":{"@id":"https:\/\/blogdoprosperi.com\/?p=35981#breadcrumb"},"inLanguage":"pt-BR","potentialAction":[{"@type":"ReadAction","target":["https:\/\/blogdoprosperi.com\/?p=35981"]}]},{"@type":"ImageObject","inLanguage":"pt-BR","@id":"https:\/\/blogdoprosperi.com\/?p=35981#primaryimage","url":"https:\/\/i0.wp.com\/blogdoprosperi.com\/wp-content\/uploads\/2017\/05\/dbcjy_cxkaajzhv1.jpg?fit=675%2C1200&ssl=1","contentUrl":"https:\/\/i0.wp.com\/blogdoprosperi.com\/wp-content\/uploads\/2017\/05\/dbcjy_cxkaajzhv1.jpg?fit=675%2C1200&ssl=1","width":675,"height":1200},{"@type":"BreadcrumbList","@id":"https:\/\/blogdoprosperi.com\/?p=35981#breadcrumb","itemListElement":[{"@type":"ListItem","position":1,"name":"In\u00edcio","item":"https:\/\/blogdoprosperi.com\/"},{"@type":"ListItem","position":2,"name":"Eis o futebol"}]},{"@type":"WebSite","@id":"https:\/\/blogdoprosperi.com\/#website","url":"https:\/\/blogdoprosperi.com\/","name":"PR\u00d3SPERI NEWS","description":"TUDO \u00c9  FUTEBOL","publisher":{"@id":"https:\/\/blogdoprosperi.com\/#\/schema\/person\/38100755ce3601861ee4fab9b5aa78e9"},"alternateName":"blogdoprosperi.com","potentialAction":[{"@type":"SearchAction","target":{"@type":"EntryPoint","urlTemplate":"https:\/\/blogdoprosperi.com\/?s={search_term_string}"},"query-input":{"@type":"PropertyValueSpecification","valueRequired":true,"valueName":"search_term_string"}}],"inLanguage":"pt-BR"},{"@type":["Person","Organization"],"@id":"https:\/\/blogdoprosperi.com\/#\/schema\/person\/38100755ce3601861ee4fab9b5aa78e9","name":"Luiz Ant\u00f4nio Pr\u00f3speri","pronouns":"ele","image":{"@type":"ImageObject","inLanguage":"pt-BR","@id":"https:\/\/i0.wp.com\/blogdoprosperi.com\/wp-content\/uploads\/2026\/05\/cropped-8059e613-6002-42fa-961e-8e275f575d71-2-5.jpg?fit=1360%2C931&ssl=1","url":"https:\/\/i0.wp.com\/blogdoprosperi.com\/wp-content\/uploads\/2026\/05\/cropped-8059e613-6002-42fa-961e-8e275f575d71-2-5.jpg?fit=1360%2C931&ssl=1","contentUrl":"https:\/\/i0.wp.com\/blogdoprosperi.com\/wp-content\/uploads\/2026\/05\/cropped-8059e613-6002-42fa-961e-8e275f575d71-2-5.jpg?fit=1360%2C931&ssl=1","width":1360,"height":931,"caption":"Luiz Ant\u00f4nio Pr\u00f3speri"},"logo":{"@id":"https:\/\/i0.wp.com\/blogdoprosperi.com\/wp-content\/uploads\/2026\/05\/cropped-8059e613-6002-42fa-961e-8e275f575d71-2-5.jpg?fit=1360%2C931&ssl=1"},"description":"Jornalista com carreira dedicada ao esporte. Cobriu 9 Copas do Mundo in loco, 1990 na It\u00e1lia, 1994 nos EUA, 1998 na Fran\u00e7a, 2002 na Coreia do Sul e Jap\u00e3o, 2006 na Alemanha, 2010 na \u00c1frica do Sul, 2014 no Brasil, 2018 na R\u00fassia e 2022 no Qatar. Eurocopas, 1992 na Su\u00e9cia e 1996 na Inglaterra. Copa das Confedera\u00e7\u00f5es de 2005 na Alemanha e 2009 na \u00c1frica do Sul. Rep\u00f3rter e Editor, trabalhou no Jornal da Tarde e Estad\u00e3o, de 1984 a fevereiro de 2016. Colunista, blogueiro. E comentarista de futebol na R\u00e1dio Estad\u00e3o, de 2013 a fevereiro de 2016. Jornalista respons\u00e1vel do \"Pr\u00f3speri News\" (blogdoprosperi.com).","sameAs":["http:\/\/blogdoprosperi.com","Luiz Pr\u00f3speri","@luiz_prosperi","https:\/\/x.com\/Luizprosperi","@prosperinacopa","luiz.prosperi@icloud.com"],"url":"https:\/\/blogdoprosperi.com\/?author=102107496"}]}},"jetpack_publicize_connections":[],"jetpack_likes_enabled":false,"jetpack_sharing_enabled":true,"jetpack_shortlink":"https:\/\/wp.me\/p7jvdk-9ml","jetpack-related-posts":[{"id":34865,"url":"https:\/\/blogdoprosperi.com\/?p=34865","url_meta":{"origin":35981,"position":0},"title":"Gabriel Jesus n\u00e3o precisa do tempo","author":"Luiz Ant\u00f4nio Pr\u00f3speri","date":"1 de fevereiro de 2017","format":false,"excerpt":"Gabriel Jesus n\u00e3o precisa do tempo. O tempo \u00e9 que precisa de Gabriel Jesus. Ligeiro, determinado, pulveriza seus marcadores com um piscar d'olhos. Fulmina goleiros com extrema desenvoltura como se manobrasse um brinquedo. N\u00e3o treme e faz tremer zagueiros, sejam eles dur\u00f5es ingleses constitu\u00eddos de uma muralha de m\u00fasculos. Quem\u2026","rel":"","context":"Em &quot;futebol&quot;","block_context":{"text":"futebol","link":"https:\/\/blogdoprosperi.com\/?cat=53870"},"img":{"alt_text":"","src":"https:\/\/i0.wp.com\/blogdoprosperi.com\/wp-content\/uploads\/2017\/02\/jesus-solo-cele.jpg?resize=350%2C200&ssl=1","width":350,"height":200,"srcset":"https:\/\/i0.wp.com\/blogdoprosperi.com\/wp-content\/uploads\/2017\/02\/jesus-solo-cele.jpg?resize=350%2C200&ssl=1 1x, https:\/\/i0.wp.com\/blogdoprosperi.com\/wp-content\/uploads\/2017\/02\/jesus-solo-cele.jpg?resize=525%2C300&ssl=1 1.5x, https:\/\/i0.wp.com\/blogdoprosperi.com\/wp-content\/uploads\/2017\/02\/jesus-solo-cele.jpg?resize=700%2C400&ssl=1 2x"},"classes":[]},{"id":35014,"url":"https:\/\/blogdoprosperi.com\/?p=35014","url_meta":{"origin":35981,"position":1},"title":"Gabriel Jesus sai de cena por tr\u00eas meses, Guardiola e Tite sentem o golpe","author":"Luiz Ant\u00f4nio Pr\u00f3speri","date":"14 de fevereiro de 2017","format":false,"excerpt":"Fratura do dedo mindinho do p\u00e9 direito afasta Gabriel Jesus do futebol por at\u00e9 tr\u00eas meses, atestam os m\u00e9dicos do Manchester City. O garoto de 19 anos se machucou no jogo contra o Bournemouth no Campeonato Ingl\u00eas nesta segunda-feira. Aclamado como destaque do time de Pep Guardiola, empurrando o argentino\u2026","rel":"","context":"Em &quot;futebol&quot;","block_context":{"text":"futebol","link":"https:\/\/blogdoprosperi.com\/?cat=53870"},"img":{"alt_text":"ece_02_gabriel_jesus_boot","src":"https:\/\/i0.wp.com\/blogdoprosperi.com\/wp-content\/uploads\/2017\/02\/ece_02_gabriel_jesus_boot.jpg?resize=350%2C200&ssl=1","width":350,"height":200,"srcset":"https:\/\/i0.wp.com\/blogdoprosperi.com\/wp-content\/uploads\/2017\/02\/ece_02_gabriel_jesus_boot.jpg?resize=350%2C200&ssl=1 1x, https:\/\/i0.wp.com\/blogdoprosperi.com\/wp-content\/uploads\/2017\/02\/ece_02_gabriel_jesus_boot.jpg?resize=525%2C300&ssl=1 1.5x"},"classes":[]},{"id":17228,"url":"https:\/\/blogdoprosperi.com\/?p=17228","url_meta":{"origin":35981,"position":2},"title":"Entenda como Gabriel Jesus escolheu Manchester City para jogar na Europa","author":"Luiz Ant\u00f4nio Pr\u00f3speri","date":"22 de julho de 2016","format":false,"excerpt":"Gabriel Jesus era disputado por Barcelona, Real Madrid, Juventus, Inter de Mil\u00e3o, Manchester United e Manchester City. Todos esses gigantes do futebol europeu tinham planos e projetos ao craque do Palmeiras. O garoto decidiu que o City, comandado por Pep Guardiola, era a melhor op\u00e7\u00e3o. E o neg\u00f3cio deve ser\u2026","rel":"","context":"Em &quot;futebol&quot;","block_context":{"text":"futebol","link":"https:\/\/blogdoprosperi.com\/?cat=53870"},"img":{"alt_text":"","src":"https:\/\/i0.wp.com\/blogdoprosperi.com\/wp-content\/uploads\/2016\/07\/452293057.jpg?resize=350%2C200&ssl=1","width":350,"height":200,"srcset":"https:\/\/i0.wp.com\/blogdoprosperi.com\/wp-content\/uploads\/2016\/07\/452293057.jpg?resize=350%2C200&ssl=1 1x, https:\/\/i0.wp.com\/blogdoprosperi.com\/wp-content\/uploads\/2016\/07\/452293057.jpg?resize=525%2C300&ssl=1 1.5x"},"classes":[]},{"id":36125,"url":"https:\/\/blogdoprosperi.com\/?p=36125","url_meta":{"origin":35981,"position":3},"title":"Gabriel Jesus sofre fratura e torcida do City se enfurece contra Otamendi","author":"Luiz Ant\u00f4nio Pr\u00f3speri","date":"10 de junho de 2017","format":false,"excerpt":"Pepe Guardiola j\u00e1 tem um problema complicado para resolver quando voltar de f\u00e9rias do Manchester City. Trata-se da cotovelada que o zagueiro Otamendi atingiu Gabriel Jesus, nos minutos finais do amistoso Argentina 1 x 0 Brasil, realizado na sexta-feira, em Melbourne. Jesus sofreu um fratura na face, foi desconvocado da\u2026","rel":"","context":"Em &quot;futebol&quot;","block_context":{"text":"futebol","link":"https:\/\/blogdoprosperi.com\/?cat=53870"},"img":{"alt_text":"","src":"https:\/\/i0.wp.com\/blogdoprosperi.com\/wp-content\/uploads\/2017\/06\/4148a6b100000578-0-image-a-14_1497045589934.jpg?fit=634%2C369&ssl=1&resize=350%2C200","width":350,"height":200,"srcset":"https:\/\/i0.wp.com\/blogdoprosperi.com\/wp-content\/uploads\/2017\/06\/4148a6b100000578-0-image-a-14_1497045589934.jpg?fit=634%2C369&ssl=1&resize=350%2C200 1x, https:\/\/i0.wp.com\/blogdoprosperi.com\/wp-content\/uploads\/2017\/06\/4148a6b100000578-0-image-a-14_1497045589934.jpg?fit=634%2C369&ssl=1&resize=525%2C300 1.5x"},"classes":[]},{"id":18684,"url":"https:\/\/blogdoprosperi.com\/?p=18684","url_meta":{"origin":35981,"position":4},"title":"Gabriel Jesus assina contrato de cinco anos com Manchester City e leva b\u00f4nus de R$ 17,3 milh\u00f5es","author":"Luiz Ant\u00f4nio Pr\u00f3speri","date":"3 de agosto de 2016","format":false,"excerpt":"Gabriel Jesus assinou contrato de cinco anos com Manchester City e se apresenta ao clube ingl\u00eas em dezembro, ao encerramento do Campeonato Brasileiro. No acordo, o jogador tem direito a um b\u00f4nus de 4,7 milh\u00f5es (R$ 17,3 milh\u00f5es) ao longo do seu contrato que contempla, entre outras conquistas, a Bola\u2026","rel":"","context":"Em &quot;futebol&quot;","block_context":{"text":"futebol","link":"https:\/\/blogdoprosperi.com\/?cat=53870"},"img":{"alt_text":"","src":"","width":0,"height":0},"classes":[]},{"id":33693,"url":"https:\/\/blogdoprosperi.com\/?p=33693","url_meta":{"origin":35981,"position":5},"title":"Gabigol no inferno, Gabriel Jesus no c\u00e9u","author":"Luiz Ant\u00f4nio Pr\u00f3speri","date":"7 de dezembro de 2016","format":false,"excerpt":"Gabriel Jesus se despediu do Palmeiras nesta quarta-feira (07\/12). Vai embora campe\u00e3o brasileiro e ao encontro de Pep Guardiola, um dos treinadores mais badalados do mundo, no Manchester City. Ao mesmo tempo do adeus do menino ao Palestra, na It\u00e1lia a imprensa noticia o prov\u00e1vel empr\u00e9stimo de Gabigol por parte\u2026","rel":"","context":"Em &quot;futebol&quot;","block_context":{"text":"futebol","link":"https:\/\/blogdoprosperi.com\/?cat=53870"},"img":{"alt_text":"","src":"https:\/\/i0.wp.com\/blogdoprosperi.com\/wp-content\/uploads\/2016\/12\/622_c3d4d4f5-d569-3c7a-930c-b9501e809a1b.jpg?resize=350%2C200&ssl=1","width":350,"height":200,"srcset":"https:\/\/i0.wp.com\/blogdoprosperi.com\/wp-content\/uploads\/2016\/12\/622_c3d4d4f5-d569-3c7a-930c-b9501e809a1b.jpg?resize=350%2C200&ssl=1 1x, https:\/\/i0.wp.com\/blogdoprosperi.com\/wp-content\/uploads\/2016\/12\/622_c3d4d4f5-d569-3c7a-930c-b9501e809a1b.jpg?resize=525%2C300&ssl=1 1.5x"},"classes":[]}],"jetpack_featured_media_url":"https:\/\/i0.wp.com\/blogdoprosperi.com\/wp-content\/uploads\/2017\/05\/dbcjy_cxkaajzhv1.jpg?fit=675%2C1200&ssl=1","_links":{"self":[{"href":"https:\/\/blogdoprosperi.com\/index.php?rest_route=\/wp\/v2\/posts\/35981","targetHints":{"allow":["GET"]}}],"collection":[{"href":"https:\/\/blogdoprosperi.com\/index.php?rest_route=\/wp\/v2\/posts"}],"about":[{"href":"https:\/\/blogdoprosperi.com\/index.php?rest_route=\/wp\/v2\/types\/post"}],"author":[{"embeddable":true,"href":"https:\/\/blogdoprosperi.com\/index.php?rest_route=\/wp\/v2\/users\/102107496"}],"replies":[{"embeddable":true,"href":"https:\/\/blogdoprosperi.com\/index.php?rest_route=%2Fwp%2Fv2%2Fcomments&post=35981"}],"version-history":[{"count":18,"href":"https:\/\/blogdoprosperi.com\/index.php?rest_route=\/wp\/v2\/posts\/35981\/revisions"}],"predecessor-version":[{"id":36000,"href":"https:\/\/blogdoprosperi.com\/index.php?rest_route=\/wp\/v2\/posts\/35981\/revisions\/36000"}],"wp:featuredmedia":[{"embeddable":true,"href":"https:\/\/blogdoprosperi.com\/index.php?rest_route=\/wp\/v2\/media\/35998"}],"wp:attachment":[{"href":"https:\/\/blogdoprosperi.com\/index.php?rest_route=%2Fwp%2Fv2%2Fmedia&parent=35981"}],"wp:term":[{"taxonomy":"category","embeddable":true,"href":"https:\/\/blogdoprosperi.com\/index.php?rest_route=%2Fwp%2Fv2%2Fcategories&post=35981"},{"taxonomy":"post_tag","embeddable":true,"href":"https:\/\/blogdoprosperi.com\/index.php?rest_route=%2Fwp%2Fv2%2Ftags&post=35981"}],"curies":[{"name":"wp","href":"https:\/\/api.w.org\/{rel}","templated":true}]}}