{"id":36037,"date":"2017-06-03T10:33:21","date_gmt":"2017-06-03T13:33:21","guid":{"rendered":"http:\/\/blogdoprosperi.com\/?p=36037"},"modified":"2017-06-03T11:25:01","modified_gmt":"2017-06-03T14:25:01","slug":"sao-paulo-produz-jogador-na-base-para-vender-e-nao-servir-ao-time-principal","status":"publish","type":"post","link":"https:\/\/blogdoprosperi.com\/?p=36037","title":{"rendered":"S\u00e3o Paulo produz jogador na base para vender e n\u00e3o servir ao time principal"},"content":{"rendered":"<p style=\"text-align:justify;\">S\u00e3o Paulo n\u00e3o conquista um t\u00edtulo de express\u00e3o h\u00e1 nove anos, quando se consagrou tricampe\u00e3o brasileiro com as ta\u00e7as de 2006, 2007 e 2008. Nesse hiato sem gritar \u201c\u00e9 campe\u00e3o\u201d, liquidou seus garotos da base sem a menor cerim\u00f4nia.<!--more--><\/p>\n<p style=\"text-align:justify;\">Levantamento com dados extraoficiais, baseado em sites especializados em transfer\u00eancias de jogadores, indica que o clube paulista movimentou algo em torno de R$ 430 milh\u00f5es apenas com a venda de meninos revelados nos seus canteiros de Cotia, de 2010 a junho de 2017.<\/p>\n<p style=\"text-align:justify;\">Luiz Ara\u00fajo, de 20 anos, \u00e9 o mais novo nome desse lista desses neg\u00f3cios. Por cerca de R$ 38 milh\u00f5es, o atacante foi vendido ao Lile, da Fran\u00e7a, nesta sexta-feira (02\/6). De janeiro a at\u00e9 maio, o S\u00e3o Paulo havia vendido o atacante David Neres, 20 anos, ao Ajax, da Holanda, por R$ 50,7 milh\u00f5es, o zagueiro Lyanco, 19 anos, ao Torino, da It\u00e1lia, por R$ 20 milh\u00f5es.<\/p>\n<p style=\"text-align:justify;\">Galv\u00e1n, de 17 anos, foi vendido ao Real Madrid por R$ 9,6 milh\u00f5es \u2013 Galv\u00e1n nem jogou no time de Ceni. Atacante Ewandro, com passagem rel\u00e2mpago pelos profissionais, se transferiu para a Udinese por R$ 9 milh\u00f5es. E o lateral-esquerdo Junior Tavares deve ser o pr\u00f3ximo a sair.<\/p>\n<p style=\"text-align:justify;\">Neres, Luiz Ara\u00fajo e Lyanco s\u00e3o da mesma gera\u00e7\u00e3o dos meninos de Cotia e eram esperan\u00e7a do clube em fortalecer o time profissional. Ao lado de Lucas Fernandes, que sofreu grave les\u00e3o ano passado, estavam cotados para abastecer o grupo de Rogerio Ceni em busca de um t\u00edtulo importante na atual temporada. Veja a foto abaixo:<\/p>\n<p style=\"text-align:justify;\"><span class=\"aligncenter\"><img data-recalc-dims=\"1\" loading=\"lazy\" decoding=\"async\" class=\"size-full wp-image-9982 aligncenter\" src=\"https:\/\/i0.wp.com\/chuteirafc.cartacapital.com.br\/wp-content\/uploads\/2017\/06\/16304422.jpeg?resize=620%2C300\" alt=\"\" width=\"620\" height=\"300\" \/><\/span><\/p>\n<p style=\"text-align:justify;\">A sa\u00edda dos meninos indica que o S\u00e3o Paulo investe pesado na base, algo perto de R$ 20 milh\u00f5es por ano, mais para refor\u00e7ar o caixa com as vendas do que fortalecer o time.<\/p>\n<p style=\"text-align:justify;\">Segundo o clube, o CT de Cotia, instalado em uma \u00e1rea de 230 mil metros quadrados, abriga 240 jogadores, sendo 160 alojados, e conta com 175 funcion\u00e1rios. Ainda com informa\u00e7\u00f5es do S\u00e3o Paulo, os times da base conquistaram 12 t\u00edtulos em 2016, teve 22 jogadores convocados para as sele\u00e7\u00f5es da CBF e promoveu 13 garotos ao time profissional.<\/p>\n<p style=\"text-align:justify;\">S\u00e3o n\u00fameros importantes e mostram que o trabalho parece bem feito. Mas n\u00e3o encanta os torcedores. Manifesta\u00e7\u00f5es de s\u00e3o-paulinos nas redes sociais, ap\u00f3s a confirma\u00e7\u00e3o da venda de Luiz Ara\u00fajo, mostram muita insatisfa\u00e7\u00e3o com os neg\u00f3cios.<\/p>\n<p style=\"text-align:center;\"><span class=\"alignnone\"><img data-recalc-dims=\"1\" loading=\"lazy\" decoding=\"async\" class=\"alignnone wp-image-9987\" src=\"https:\/\/i0.wp.com\/chuteirafc.cartacapital.com.br\/wp-content\/uploads\/2017\/06\/Captura-de-Tela-2017-06-02-%C3%A0s-19.33.19.png?resize=464%2C294\" alt=\"\" width=\"464\" height=\"294\" \/> <img data-recalc-dims=\"1\" loading=\"lazy\" decoding=\"async\" class=\"alignnone wp-image-9988\" src=\"https:\/\/i0.wp.com\/chuteirafc.cartacapital.com.br\/wp-content\/uploads\/2017\/06\/Captura-de-Tela-2017-06-02-%C3%A0s-19.34.42.png?resize=463%2C360\" alt=\"\" width=\"463\" height=\"360\" \/><\/span><\/p>\n<p style=\"text-align:justify;\">Se boa parte dos torcedores n\u00e3o aprova a venda incessante de garotos, dirigentes esfregam as m\u00e3os com fluxo de caixa. Dinheiro que a atual diretoria pretende usar para sanear a d\u00edvida do clube, estimada em R$ 385 milh\u00f5es.<\/p>\n<p style=\"text-align:justify;\">Carlos Augusto de Barros e Silva (Leco), eleito presidente do S\u00e3o Paulo em abril \u00faltimo, prometeu aos seus eleitores que a prioridade de sua gest\u00e3o era quitar a d\u00edvida, formar um time forte e brigar por t\u00edtulos de relev\u00e2ncia na temporada de 2018.<\/p>\n<p style=\"text-align:justify;\">Tem sentido, o dif\u00edcil \u00e9 convencer torcedores de que a carestia de ta\u00e7as tem como contrapartida um clube sem d\u00edvidas importantes e de alto vulto.<\/p>\n<p style=\"text-align:justify;\">Quem vai pagar a conta no final do ano vai ser Rogerio Ceni. De nada adianta promover garotos da base se a revoada dos meninos \u00e9 constante. N\u00e3o custa lembrar que a janela do mercado europeu j\u00e1 est\u00e1 aberta e s\u00f3 fecha no fim de agosto.<\/p>\n<p style=\"text-align:justify;\"><strong><em>Veja as maiores vendas de garotos do S\u00e3o Paulo nos \u00faltimos anos, em milh\u00f5es de reais:<\/em><\/strong><\/p>\n<blockquote>\n<h3 style=\"text-align:justify;\"><img data-recalc-dims=\"1\" loading=\"lazy\" decoding=\"async\" class=\"size-full wp-image-9991\" src=\"https:\/\/i0.wp.com\/chuteirafc.cartacapital.com.br\/wp-content\/uploads\/2017\/06\/Lucas_Comemora_05_crop_galeria.jpg?resize=800%2C515\" alt=\"\" width=\"800\" height=\"515\" \/><\/h3>\n<h3 style=\"text-align:justify;\"><strong>Lucas Moura \u2013 130 (PSG)<\/strong><\/h3>\n<h3 style=\"text-align:justify;\"><strong>David Neres \u2013 50,7 (Ajax)<\/strong><\/h3>\n<h3 style=\"text-align:justify;\"><strong>Hernanes \u2013 44,1 (Lazio)<\/strong><\/h3>\n<h3 style=\"text-align:justify;\"><strong>Luiz Ara\u00fajo \u2013 38 (Lile)<\/strong><\/h3>\n<h3 style=\"text-align:justify;\"><strong>Boschilia \u2013 34,7 (Monaco)<\/strong><\/h3>\n<h3 style=\"text-align:justify;\"><strong>Lyanco \u2013 20 (Torino)<\/strong><\/h3>\n<h3 style=\"text-align:justify;\"><strong>Casemiro \u2013 19,6 (Real Madrid)<\/strong><\/h3>\n<h3 style=\"text-align:justify;\"><strong>Oscar \u2013 19,6 (Internacional)<\/strong><\/h3>\n<h3 style=\"text-align:justify;\"><strong>Lucas Piazon \u2013 16,9 (Chelsea)<\/strong><\/h3>\n<\/blockquote>\n<p><a href=\"http:\/\/chuteirafc.cartacapital.com.br\">(post publicado no CHUTEIRA FC &#8211; leia mais not\u00edcias e opini\u00e3o de futebol)<\/a><\/p>\n","protected":false},"excerpt":{"rendered":"<p>S\u00e3o Paulo n\u00e3o conquista um t\u00edtulo de express\u00e3o h\u00e1 nove anos, quando se consagrou tricampe\u00e3o brasileiro com as [&hellip;]<\/p>\n","protected":false},"author":102107496,"featured_media":36041,"comment_status":"open","ping_status":"open","sticky":false,"template":"","format":"standard","meta":{"_coblocks_attr":"","_coblocks_dimensions":"","_coblocks_responsive_height":"","_coblocks_accordion_ie_support":"","_jetpack_newsletter_access":"","_jetpack_dont_email_post_to_subs":false,"_jetpack_newsletter_tier_id":0,"_jetpack_memberships_contains_paywalled_content":false,"_wpcom_ai_launchpad_first_post":false,"_jetpack_feature_clip_id":0,"_jetpack_memberships_contains_paid_content":false,"footnotes":"","jetpack_publicize_message":"","jetpack_publicize_feature_enabled":true,"jetpack_social_post_already_shared":false,"jetpack_social_options":{"image_generator_settings":{"template":"highway","default_image_id":0,"font":"","enabled":false},"version":2},"jetpack_post_was_ever_published":false},"categories":[53870],"tags":[320421410,789560560,73379683,12598333,1181872,972018,1114917],"class_list":["post-36037","post","type-post","status-publish","format-standard","has-post-thumbnail","hentry","category-futebol","tag-david-neres","tag-futebol","tag-junior-tavares","tag-luiz-araujo","tag-rogerio-ceni","tag-sao-paulo-fc","tag-spfc"],"yoast_head":"<!-- This site is optimized with the Yoast SEO plugin v28.3 - https:\/\/yoast.com\/product\/yoast-seo-wordpress\/ -->\n<title>S\u00e3o Paulo produz jogador na base para vender e n\u00e3o servir ao time principal - PR\u00d3SPERI NEWS<\/title>\n<meta name=\"robots\" content=\"index, follow, max-snippet:-1, max-image-preview:large, max-video-preview:-1\" \/>\n<link rel=\"canonical\" href=\"https:\/\/blogdoprosperi.com\/?p=36037\" \/>\n<meta property=\"og:locale\" content=\"pt_BR\" \/>\n<meta property=\"og:type\" content=\"article\" \/>\n<meta property=\"og:title\" content=\"S\u00e3o Paulo produz jogador na base para vender e n\u00e3o servir ao time principal - PR\u00d3SPERI NEWS\" \/>\n<meta property=\"og:description\" content=\"S\u00e3o Paulo n\u00e3o conquista um t\u00edtulo de express\u00e3o h\u00e1 nove anos, quando se consagrou tricampe\u00e3o brasileiro com as [&hellip;]\" \/>\n<meta property=\"og:url\" content=\"https:\/\/blogdoprosperi.com\/?p=36037\" \/>\n<meta property=\"og:site_name\" content=\"PR\u00d3SPERI NEWS\" \/>\n<meta property=\"article:publisher\" content=\"Luiz Pr\u00f3speri\" \/>\n<meta property=\"article:author\" content=\"Luiz Pr\u00f3speri\" \/>\n<meta property=\"article:published_time\" content=\"2017-06-03T13:33:21+00:00\" \/>\n<meta property=\"article:modified_time\" content=\"2017-06-03T14:25:01+00:00\" \/>\n<meta property=\"og:image\" content=\"https:\/\/i0.wp.com\/blogdoprosperi.com\/wp-content\/uploads\/2017\/06\/00905809-1024x681.jpg?fit=1024%2C681&ssl=1\" \/>\n\t<meta property=\"og:image:width\" content=\"1024\" \/>\n\t<meta property=\"og:image:height\" content=\"681\" \/>\n\t<meta property=\"og:image:type\" content=\"image\/jpeg\" \/>\n<meta name=\"author\" content=\"Luiz Ant\u00f4nio Pr\u00f3speri\" \/>\n<meta name=\"twitter:card\" content=\"summary_large_image\" \/>\n<meta name=\"twitter:creator\" content=\"@Luizprosperi\" \/>\n<meta name=\"twitter:site\" content=\"@Luizprosperi\" \/>\n<meta name=\"twitter:label1\" content=\"Escrito por\" \/>\n\t<meta name=\"twitter:data1\" content=\"Luiz Ant\u00f4nio Pr\u00f3speri\" \/>\n\t<meta name=\"twitter:label2\" content=\"Est. tempo de leitura\" \/>\n\t<meta name=\"twitter:data2\" content=\"3 minutos\" \/>\n<script type=\"application\/ld+json\" class=\"yoast-schema-graph\">{\"@context\":\"https:\\\/\\\/schema.org\",\"@graph\":[{\"@type\":\"Article\",\"@id\":\"https:\\\/\\\/blogdoprosperi.com\\\/?p=36037#article\",\"isPartOf\":{\"@id\":\"https:\\\/\\\/blogdoprosperi.com\\\/?p=36037\"},\"author\":{\"name\":\"Luiz Ant\u00f4nio Pr\u00f3speri\",\"@id\":\"https:\\\/\\\/blogdoprosperi.com\\\/#\\\/schema\\\/person\\\/38100755ce3601861ee4fab9b5aa78e9\"},\"headline\":\"S\u00e3o Paulo produz jogador na base para vender e n\u00e3o servir ao time principal\",\"datePublished\":\"2017-06-03T13:33:21+00:00\",\"dateModified\":\"2017-06-03T14:25:01+00:00\",\"mainEntityOfPage\":{\"@id\":\"https:\\\/\\\/blogdoprosperi.com\\\/?p=36037\"},\"wordCount\":637,\"commentCount\":0,\"publisher\":{\"@id\":\"https:\\\/\\\/blogdoprosperi.com\\\/#\\\/schema\\\/person\\\/38100755ce3601861ee4fab9b5aa78e9\"},\"image\":{\"@id\":\"https:\\\/\\\/blogdoprosperi.com\\\/?p=36037#primaryimage\"},\"thumbnailUrl\":\"https:\\\/\\\/i0.wp.com\\\/blogdoprosperi.com\\\/wp-content\\\/uploads\\\/2017\\\/06\\\/00905809-1024x681.jpg?fit=1024%2C681&ssl=1\",\"keywords\":[\"David Neres\",\"futebol\",\"Junior Tavares\",\"Luiz Ara\u00fajo\",\"Rog\u00e9rio Ceni\",\"S\u00e3o Paulo FC\",\"SPFC\"],\"articleSection\":[\"futebol\"],\"inLanguage\":\"pt-BR\",\"potentialAction\":[{\"@type\":\"CommentAction\",\"name\":\"Comment\",\"target\":[\"https:\\\/\\\/blogdoprosperi.com\\\/?p=36037#respond\"]}]},{\"@type\":\"WebPage\",\"@id\":\"https:\\\/\\\/blogdoprosperi.com\\\/?p=36037\",\"url\":\"https:\\\/\\\/blogdoprosperi.com\\\/?p=36037\",\"name\":\"S\u00e3o Paulo produz jogador na base para vender e n\u00e3o servir ao time principal - PR\u00d3SPERI NEWS\",\"isPartOf\":{\"@id\":\"https:\\\/\\\/blogdoprosperi.com\\\/#website\"},\"primaryImageOfPage\":{\"@id\":\"https:\\\/\\\/blogdoprosperi.com\\\/?p=36037#primaryimage\"},\"image\":{\"@id\":\"https:\\\/\\\/blogdoprosperi.com\\\/?p=36037#primaryimage\"},\"thumbnailUrl\":\"https:\\\/\\\/i0.wp.com\\\/blogdoprosperi.com\\\/wp-content\\\/uploads\\\/2017\\\/06\\\/00905809-1024x681.jpg?fit=1024%2C681&ssl=1\",\"datePublished\":\"2017-06-03T13:33:21+00:00\",\"dateModified\":\"2017-06-03T14:25:01+00:00\",\"breadcrumb\":{\"@id\":\"https:\\\/\\\/blogdoprosperi.com\\\/?p=36037#breadcrumb\"},\"inLanguage\":\"pt-BR\",\"potentialAction\":[{\"@type\":\"ReadAction\",\"target\":[\"https:\\\/\\\/blogdoprosperi.com\\\/?p=36037\"]}]},{\"@type\":\"ImageObject\",\"inLanguage\":\"pt-BR\",\"@id\":\"https:\\\/\\\/blogdoprosperi.com\\\/?p=36037#primaryimage\",\"url\":\"https:\\\/\\\/i0.wp.com\\\/blogdoprosperi.com\\\/wp-content\\\/uploads\\\/2017\\\/06\\\/00905809-1024x681.jpg?fit=1024%2C681&ssl=1\",\"contentUrl\":\"https:\\\/\\\/i0.wp.com\\\/blogdoprosperi.com\\\/wp-content\\\/uploads\\\/2017\\\/06\\\/00905809-1024x681.jpg?fit=1024%2C681&ssl=1\",\"width\":1024,\"height\":681},{\"@type\":\"BreadcrumbList\",\"@id\":\"https:\\\/\\\/blogdoprosperi.com\\\/?p=36037#breadcrumb\",\"itemListElement\":[{\"@type\":\"ListItem\",\"position\":1,\"name\":\"In\u00edcio\",\"item\":\"https:\\\/\\\/blogdoprosperi.com\\\/\"},{\"@type\":\"ListItem\",\"position\":2,\"name\":\"S\u00e3o Paulo produz jogador na base para vender e n\u00e3o servir ao time principal\"}]},{\"@type\":\"WebSite\",\"@id\":\"https:\\\/\\\/blogdoprosperi.com\\\/#website\",\"url\":\"https:\\\/\\\/blogdoprosperi.com\\\/\",\"name\":\"PR\u00d3SPERI NEWS\",\"description\":\"TUDO \u00c9  FUTEBOL\",\"publisher\":{\"@id\":\"https:\\\/\\\/blogdoprosperi.com\\\/#\\\/schema\\\/person\\\/38100755ce3601861ee4fab9b5aa78e9\"},\"alternateName\":\"blogdoprosperi.com\",\"potentialAction\":[{\"@type\":\"SearchAction\",\"target\":{\"@type\":\"EntryPoint\",\"urlTemplate\":\"https:\\\/\\\/blogdoprosperi.com\\\/?s={search_term_string}\"},\"query-input\":{\"@type\":\"PropertyValueSpecification\",\"valueRequired\":true,\"valueName\":\"search_term_string\"}}],\"inLanguage\":\"pt-BR\"},{\"@type\":[\"Person\",\"Organization\"],\"@id\":\"https:\\\/\\\/blogdoprosperi.com\\\/#\\\/schema\\\/person\\\/38100755ce3601861ee4fab9b5aa78e9\",\"name\":\"Luiz Ant\u00f4nio Pr\u00f3speri\",\"pronouns\":\"ele\",\"image\":{\"@type\":\"ImageObject\",\"inLanguage\":\"pt-BR\",\"@id\":\"https:\\\/\\\/i0.wp.com\\\/blogdoprosperi.com\\\/wp-content\\\/uploads\\\/2026\\\/05\\\/cropped-8059e613-6002-42fa-961e-8e275f575d71-2-5.jpg?fit=1360%2C931&ssl=1\",\"url\":\"https:\\\/\\\/i0.wp.com\\\/blogdoprosperi.com\\\/wp-content\\\/uploads\\\/2026\\\/05\\\/cropped-8059e613-6002-42fa-961e-8e275f575d71-2-5.jpg?fit=1360%2C931&ssl=1\",\"contentUrl\":\"https:\\\/\\\/i0.wp.com\\\/blogdoprosperi.com\\\/wp-content\\\/uploads\\\/2026\\\/05\\\/cropped-8059e613-6002-42fa-961e-8e275f575d71-2-5.jpg?fit=1360%2C931&ssl=1\",\"width\":1360,\"height\":931,\"caption\":\"Luiz Ant\u00f4nio Pr\u00f3speri\"},\"logo\":{\"@id\":\"https:\\\/\\\/i0.wp.com\\\/blogdoprosperi.com\\\/wp-content\\\/uploads\\\/2026\\\/05\\\/cropped-8059e613-6002-42fa-961e-8e275f575d71-2-5.jpg?fit=1360%2C931&ssl=1\"},\"description\":\"Jornalista com carreira dedicada ao esporte. Cobriu 9 Copas do Mundo in loco, 1990 na It\u00e1lia, 1994 nos EUA, 1998 na Fran\u00e7a, 2002 na Coreia do Sul e Jap\u00e3o, 2006 na Alemanha, 2010 na \u00c1frica do Sul, 2014 no Brasil, 2018 na R\u00fassia e 2022 no Qatar. Eurocopas, 1992 na Su\u00e9cia e 1996 na Inglaterra. Copa das Confedera\u00e7\u00f5es de 2005 na Alemanha e 2009 na \u00c1frica do Sul. Rep\u00f3rter e Editor, trabalhou no Jornal da Tarde e Estad\u00e3o, de 1984 a fevereiro de 2016. Colunista, blogueiro. E comentarista de futebol na R\u00e1dio Estad\u00e3o, de 2013 a fevereiro de 2016. Jornalista respons\u00e1vel do \\\"Pr\u00f3speri News\\\" (blogdoprosperi.com).\",\"sameAs\":[\"http:\\\/\\\/blogdoprosperi.com\",\"Luiz Pr\u00f3speri\",\"@luiz_prosperi\",\"https:\\\/\\\/x.com\\\/Luizprosperi\",\"@prosperinacopa\",\"luiz.prosperi@icloud.com\"],\"url\":\"https:\\\/\\\/blogdoprosperi.com\\\/?author=102107496\"}]}<\/script>\n<!-- \/ Yoast SEO plugin. -->","yoast_head_json":{"title":"S\u00e3o Paulo produz jogador na base para vender e n\u00e3o servir ao time principal - PR\u00d3SPERI NEWS","robots":{"index":"index","follow":"follow","max-snippet":"max-snippet:-1","max-image-preview":"max-image-preview:large","max-video-preview":"max-video-preview:-1"},"canonical":"https:\/\/blogdoprosperi.com\/?p=36037","og_locale":"pt_BR","og_type":"article","og_title":"S\u00e3o Paulo produz jogador na base para vender e n\u00e3o servir ao time principal - PR\u00d3SPERI NEWS","og_description":"S\u00e3o Paulo n\u00e3o conquista um t\u00edtulo de express\u00e3o h\u00e1 nove anos, quando se consagrou tricampe\u00e3o brasileiro com as [&hellip;]","og_url":"https:\/\/blogdoprosperi.com\/?p=36037","og_site_name":"PR\u00d3SPERI NEWS","article_publisher":"Luiz Pr\u00f3speri","article_author":"Luiz Pr\u00f3speri","article_published_time":"2017-06-03T13:33:21+00:00","article_modified_time":"2017-06-03T14:25:01+00:00","og_image":[{"width":1024,"height":681,"url":"https:\/\/i0.wp.com\/blogdoprosperi.com\/wp-content\/uploads\/2017\/06\/00905809-1024x681.jpg?fit=1024%2C681&ssl=1","type":"image\/jpeg"}],"author":"Luiz Ant\u00f4nio Pr\u00f3speri","twitter_card":"summary_large_image","twitter_creator":"@Luizprosperi","twitter_site":"@Luizprosperi","twitter_misc":{"Escrito por":"Luiz Ant\u00f4nio Pr\u00f3speri","Est. tempo de leitura":"3 minutos"},"schema":{"@context":"https:\/\/schema.org","@graph":[{"@type":"Article","@id":"https:\/\/blogdoprosperi.com\/?p=36037#article","isPartOf":{"@id":"https:\/\/blogdoprosperi.com\/?p=36037"},"author":{"name":"Luiz Ant\u00f4nio Pr\u00f3speri","@id":"https:\/\/blogdoprosperi.com\/#\/schema\/person\/38100755ce3601861ee4fab9b5aa78e9"},"headline":"S\u00e3o Paulo produz jogador na base para vender e n\u00e3o servir ao time principal","datePublished":"2017-06-03T13:33:21+00:00","dateModified":"2017-06-03T14:25:01+00:00","mainEntityOfPage":{"@id":"https:\/\/blogdoprosperi.com\/?p=36037"},"wordCount":637,"commentCount":0,"publisher":{"@id":"https:\/\/blogdoprosperi.com\/#\/schema\/person\/38100755ce3601861ee4fab9b5aa78e9"},"image":{"@id":"https:\/\/blogdoprosperi.com\/?p=36037#primaryimage"},"thumbnailUrl":"https:\/\/i0.wp.com\/blogdoprosperi.com\/wp-content\/uploads\/2017\/06\/00905809-1024x681.jpg?fit=1024%2C681&ssl=1","keywords":["David Neres","futebol","Junior Tavares","Luiz Ara\u00fajo","Rog\u00e9rio Ceni","S\u00e3o Paulo FC","SPFC"],"articleSection":["futebol"],"inLanguage":"pt-BR","potentialAction":[{"@type":"CommentAction","name":"Comment","target":["https:\/\/blogdoprosperi.com\/?p=36037#respond"]}]},{"@type":"WebPage","@id":"https:\/\/blogdoprosperi.com\/?p=36037","url":"https:\/\/blogdoprosperi.com\/?p=36037","name":"S\u00e3o Paulo produz jogador na base para vender e n\u00e3o servir ao time principal - PR\u00d3SPERI NEWS","isPartOf":{"@id":"https:\/\/blogdoprosperi.com\/#website"},"primaryImageOfPage":{"@id":"https:\/\/blogdoprosperi.com\/?p=36037#primaryimage"},"image":{"@id":"https:\/\/blogdoprosperi.com\/?p=36037#primaryimage"},"thumbnailUrl":"https:\/\/i0.wp.com\/blogdoprosperi.com\/wp-content\/uploads\/2017\/06\/00905809-1024x681.jpg?fit=1024%2C681&ssl=1","datePublished":"2017-06-03T13:33:21+00:00","dateModified":"2017-06-03T14:25:01+00:00","breadcrumb":{"@id":"https:\/\/blogdoprosperi.com\/?p=36037#breadcrumb"},"inLanguage":"pt-BR","potentialAction":[{"@type":"ReadAction","target":["https:\/\/blogdoprosperi.com\/?p=36037"]}]},{"@type":"ImageObject","inLanguage":"pt-BR","@id":"https:\/\/blogdoprosperi.com\/?p=36037#primaryimage","url":"https:\/\/i0.wp.com\/blogdoprosperi.com\/wp-content\/uploads\/2017\/06\/00905809-1024x681.jpg?fit=1024%2C681&ssl=1","contentUrl":"https:\/\/i0.wp.com\/blogdoprosperi.com\/wp-content\/uploads\/2017\/06\/00905809-1024x681.jpg?fit=1024%2C681&ssl=1","width":1024,"height":681},{"@type":"BreadcrumbList","@id":"https:\/\/blogdoprosperi.com\/?p=36037#breadcrumb","itemListElement":[{"@type":"ListItem","position":1,"name":"In\u00edcio","item":"https:\/\/blogdoprosperi.com\/"},{"@type":"ListItem","position":2,"name":"S\u00e3o Paulo produz jogador na base para vender e n\u00e3o servir ao time principal"}]},{"@type":"WebSite","@id":"https:\/\/blogdoprosperi.com\/#website","url":"https:\/\/blogdoprosperi.com\/","name":"PR\u00d3SPERI NEWS","description":"TUDO \u00c9  FUTEBOL","publisher":{"@id":"https:\/\/blogdoprosperi.com\/#\/schema\/person\/38100755ce3601861ee4fab9b5aa78e9"},"alternateName":"blogdoprosperi.com","potentialAction":[{"@type":"SearchAction","target":{"@type":"EntryPoint","urlTemplate":"https:\/\/blogdoprosperi.com\/?s={search_term_string}"},"query-input":{"@type":"PropertyValueSpecification","valueRequired":true,"valueName":"search_term_string"}}],"inLanguage":"pt-BR"},{"@type":["Person","Organization"],"@id":"https:\/\/blogdoprosperi.com\/#\/schema\/person\/38100755ce3601861ee4fab9b5aa78e9","name":"Luiz Ant\u00f4nio Pr\u00f3speri","pronouns":"ele","image":{"@type":"ImageObject","inLanguage":"pt-BR","@id":"https:\/\/i0.wp.com\/blogdoprosperi.com\/wp-content\/uploads\/2026\/05\/cropped-8059e613-6002-42fa-961e-8e275f575d71-2-5.jpg?fit=1360%2C931&ssl=1","url":"https:\/\/i0.wp.com\/blogdoprosperi.com\/wp-content\/uploads\/2026\/05\/cropped-8059e613-6002-42fa-961e-8e275f575d71-2-5.jpg?fit=1360%2C931&ssl=1","contentUrl":"https:\/\/i0.wp.com\/blogdoprosperi.com\/wp-content\/uploads\/2026\/05\/cropped-8059e613-6002-42fa-961e-8e275f575d71-2-5.jpg?fit=1360%2C931&ssl=1","width":1360,"height":931,"caption":"Luiz Ant\u00f4nio Pr\u00f3speri"},"logo":{"@id":"https:\/\/i0.wp.com\/blogdoprosperi.com\/wp-content\/uploads\/2026\/05\/cropped-8059e613-6002-42fa-961e-8e275f575d71-2-5.jpg?fit=1360%2C931&ssl=1"},"description":"Jornalista com carreira dedicada ao esporte. Cobriu 9 Copas do Mundo in loco, 1990 na It\u00e1lia, 1994 nos EUA, 1998 na Fran\u00e7a, 2002 na Coreia do Sul e Jap\u00e3o, 2006 na Alemanha, 2010 na \u00c1frica do Sul, 2014 no Brasil, 2018 na R\u00fassia e 2022 no Qatar. Eurocopas, 1992 na Su\u00e9cia e 1996 na Inglaterra. Copa das Confedera\u00e7\u00f5es de 2005 na Alemanha e 2009 na \u00c1frica do Sul. Rep\u00f3rter e Editor, trabalhou no Jornal da Tarde e Estad\u00e3o, de 1984 a fevereiro de 2016. Colunista, blogueiro. E comentarista de futebol na R\u00e1dio Estad\u00e3o, de 2013 a fevereiro de 2016. Jornalista respons\u00e1vel do \"Pr\u00f3speri News\" (blogdoprosperi.com).","sameAs":["http:\/\/blogdoprosperi.com","Luiz Pr\u00f3speri","@luiz_prosperi","https:\/\/x.com\/Luizprosperi","@prosperinacopa","luiz.prosperi@icloud.com"],"url":"https:\/\/blogdoprosperi.com\/?author=102107496"}]}},"jetpack_publicize_connections":[],"jetpack_likes_enabled":false,"jetpack_sharing_enabled":true,"jetpack_shortlink":"https:\/\/wp.me\/p7jvdk-9nf","jetpack-related-posts":[{"id":34994,"url":"https:\/\/blogdoprosperi.com\/?p=34994","url_meta":{"origin":36037,"position":0},"title":"S\u00e3o Paulo despeja R$ 40 milh\u00f5es em Lucas Pratto na esperan\u00e7a de gols e votos ao presidente","author":"Luiz Ant\u00f4nio Pr\u00f3speri","date":"9 de fevereiro de 2017","format":false,"excerpt":"S\u00e3o Paulo fechou a contrata\u00e7\u00e3o de Lucas Pratto neste in\u00edcio de noite de quinta-feira (09\/2). Vai pagar cerca de R$ 40 milh\u00f5es ao Atl\u00e9tico-MG por 100% dos direitos do atacante argentino \u2013 65% \u00e0 vista e 35% divididos em tr\u00eas parcelas. O Atl\u00e9tico ter\u00e1 direito ainda a 15% em eventual\u2026","rel":"","context":"Em &quot;futebol&quot;","block_context":{"text":"futebol","link":"https:\/\/blogdoprosperi.com\/?cat=53870"},"img":{"alt_text":"pratto","src":"https:\/\/i0.wp.com\/blogdoprosperi.com\/wp-content\/uploads\/2016\/11\/pratto.jpg?resize=350%2C200&ssl=1","width":350,"height":200,"srcset":"https:\/\/i0.wp.com\/blogdoprosperi.com\/wp-content\/uploads\/2016\/11\/pratto.jpg?resize=350%2C200&ssl=1 1x, https:\/\/i0.wp.com\/blogdoprosperi.com\/wp-content\/uploads\/2016\/11\/pratto.jpg?resize=525%2C300&ssl=1 1.5x, https:\/\/i0.wp.com\/blogdoprosperi.com\/wp-content\/uploads\/2016\/11\/pratto.jpg?resize=700%2C400&ssl=1 2x, https:\/\/i0.wp.com\/blogdoprosperi.com\/wp-content\/uploads\/2016\/11\/pratto.jpg?resize=1050%2C600&ssl=1 3x, https:\/\/i0.wp.com\/blogdoprosperi.com\/wp-content\/uploads\/2016\/11\/pratto.jpg?resize=1400%2C800&ssl=1 4x"},"classes":[]},{"id":30965,"url":"https:\/\/blogdoprosperi.com\/?p=30965","url_meta":{"origin":36037,"position":1},"title":"S\u00e3o Paulo pulveriza Corinthians, ca\u00e7a fantasmas do rebaixamento e afunda rival na crise","author":"Luiz Ant\u00f4nio Pr\u00f3speri","date":"5 de novembro de 2016","format":false,"excerpt":"S\u00e3o Paulo pulverizou Corinthians no Morumbi. Sem susto, com autoridade, venceu por 4 a 0 diante de de quase 54 mil torcedores. Ao esmagar o carrasco das \u00faltimas temporadas, o Tricolor tamb\u00e9m se livra da zona de rebaixamento do Brasileir\u00e3o e ganha tempo para analisar a enorme quantidade de erros\u2026","rel":"","context":"Em &quot;Campeonato Brasileiro&quot;","block_context":{"text":"Campeonato Brasileiro","link":"https:\/\/blogdoprosperi.com\/?cat=355071"},"img":{"alt_text":"","src":"https:\/\/i0.wp.com\/blogdoprosperi.com\/wp-content\/uploads\/2016\/11\/c.jpg?resize=350%2C200&ssl=1","width":350,"height":200,"srcset":"https:\/\/i0.wp.com\/blogdoprosperi.com\/wp-content\/uploads\/2016\/11\/c.jpg?resize=350%2C200&ssl=1 1x, https:\/\/i0.wp.com\/blogdoprosperi.com\/wp-content\/uploads\/2016\/11\/c.jpg?resize=525%2C300&ssl=1 1.5x"},"classes":[]},{"id":16263,"url":"https:\/\/blogdoprosperi.com\/?p=16263","url_meta":{"origin":36037,"position":2},"title":"S\u00e3o Paulo perde jogadores, enfraquece time e abate despesas com Maicon e Cueva","author":"Luiz Ant\u00f4nio Pr\u00f3speri","date":"15 de julho de 2016","format":false,"excerpt":"S\u00e3o Paulo tem baixas importantes. Atl\u00e9tico Nacional \u00e9 alvo de suspeitas de corrup\u00e7\u00e3o","rel":"","context":"Em &quot;futebol&quot;","block_context":{"text":"futebol","link":"https:\/\/blogdoprosperi.com\/?cat=53870"},"img":{"alt_text":"","src":"https:\/\/i0.wp.com\/blogdoprosperi.com\/wp-content\/uploads\/2016\/07\/1398.jpg?resize=350%2C200&ssl=1","width":350,"height":200,"srcset":"https:\/\/i0.wp.com\/blogdoprosperi.com\/wp-content\/uploads\/2016\/07\/1398.jpg?resize=350%2C200&ssl=1 1x, https:\/\/i0.wp.com\/blogdoprosperi.com\/wp-content\/uploads\/2016\/07\/1398.jpg?resize=525%2C300&ssl=1 1.5x"},"classes":[]},{"id":35917,"url":"https:\/\/blogdoprosperi.com\/?p=35917","url_meta":{"origin":36037,"position":3},"title":"Pogba vale mais que Vinicius Jr, Gabriel Jesus e Gabigol","author":"Luiz Ant\u00f4nio Pr\u00f3speri","date":"24 de maio de 2017","format":false,"excerpt":"Real Madrid anunciou a contrata\u00e7\u00e3o de Vinicius Jr, jogador juvenil do Flamengo, de apenas 16 anos. Um dos mais ricos da Europa, o clube espanhol vai desembolsar 45 milh\u00f5es de euros (cerca de R$ 162 milh\u00f5es) para levar o garoto na temporada de 2019. A negocia\u00e7\u00e3o \u00e9 uma das maiores\u2026","rel":"","context":"Em &quot;futebol&quot;","block_context":{"text":"futebol","link":"https:\/\/blogdoprosperi.com\/?cat=53870"},"img":{"alt_text":"","src":"https:\/\/i0.wp.com\/blogdoprosperi.com\/wp-content\/uploads\/2017\/05\/14955552813979.jpg?fit=990%2C557&ssl=1&resize=350%2C200","width":350,"height":200,"srcset":"https:\/\/i0.wp.com\/blogdoprosperi.com\/wp-content\/uploads\/2017\/05\/14955552813979.jpg?fit=990%2C557&ssl=1&resize=350%2C200 1x, https:\/\/i0.wp.com\/blogdoprosperi.com\/wp-content\/uploads\/2017\/05\/14955552813979.jpg?fit=990%2C557&ssl=1&resize=525%2C300 1.5x, https:\/\/i0.wp.com\/blogdoprosperi.com\/wp-content\/uploads\/2017\/05\/14955552813979.jpg?fit=990%2C557&ssl=1&resize=700%2C400 2x"},"classes":[]},{"id":30471,"url":"https:\/\/blogdoprosperi.com\/?p=30471","url_meta":{"origin":36037,"position":4},"title":"S\u00e3o Paulo perde do lanterna e  ainda n\u00e3o fecha conta na corrida contra rebaixamento","author":"Luiz Ant\u00f4nio Pr\u00f3speri","date":"31 de outubro de 2016","format":false,"excerpt":"S\u00e3o Paulo ainda n\u00e3o fechou a matem\u00e1tica contra o rebaixamento. Diante do Am\u00e9rica-MG, at\u00e9 ent\u00e3o na lanterna do Brasileir\u00e3o, o Tricolor perdeu por 1 a 0 - 13.\u00aa derrota no campeonato em 33 jogos - e deixou de somar os tr\u00eas pontos preciosos que poderiam acabar com a ansiedade e\u2026","rel":"","context":"Em &quot;Campeonato Brasileiro&quot;","block_context":{"text":"Campeonato Brasileiro","link":"https:\/\/blogdoprosperi.com\/?cat=355071"},"img":{"alt_text":"","src":"https:\/\/i0.wp.com\/blogdoprosperi.com\/wp-content\/uploads\/2016\/10\/image-1.jpg?resize=350%2C200&ssl=1","width":350,"height":200},"classes":[]},{"id":29624,"url":"https:\/\/blogdoprosperi.com\/?p=29624","url_meta":{"origin":36037,"position":5},"title":"S\u00e3o Paulo segue cartilha dos que lutam contra rebaixamento e vence a Ponte Preta","author":"Luiz Ant\u00f4nio Pr\u00f3speri","date":"22 de outubro de 2016","format":false,"excerpt":"S\u00e3o Paulo seguiu muito bem o roteiro de um time que luta contra o rebaixamento. Reduziu pre\u00e7o do ingresso, chamou sua torcida ao Morumbi a embalar o time contra a Ponte Preta e n\u00e3o se entregou do come\u00e7o ao fim em busca dos preciosos tr\u00eas pontos. Ao final da partida,\u2026","rel":"","context":"Em &quot;Campeonato Brasileiro&quot;","block_context":{"text":"Campeonato Brasileiro","link":"https:\/\/blogdoprosperi.com\/?cat=355071"},"img":{"alt_text":"","src":"https:\/\/i0.wp.com\/blogdoprosperi.com\/wp-content\/uploads\/2016\/10\/pro9-9.jpg?resize=350%2C200","width":350,"height":200,"srcset":"https:\/\/i0.wp.com\/blogdoprosperi.com\/wp-content\/uploads\/2016\/10\/pro9-9.jpg?resize=350%2C200 1x, https:\/\/i0.wp.com\/blogdoprosperi.com\/wp-content\/uploads\/2016\/10\/pro9-9.jpg?resize=525%2C300 1.5x, https:\/\/i0.wp.com\/blogdoprosperi.com\/wp-content\/uploads\/2016\/10\/pro9-9.jpg?resize=700%2C400 2x, https:\/\/i0.wp.com\/blogdoprosperi.com\/wp-content\/uploads\/2016\/10\/pro9-9.jpg?resize=1050%2C600 3x, https:\/\/i0.wp.com\/blogdoprosperi.com\/wp-content\/uploads\/2016\/10\/pro9-9.jpg?resize=1400%2C800 4x"},"classes":[]}],"jetpack_featured_media_url":"https:\/\/i0.wp.com\/blogdoprosperi.com\/wp-content\/uploads\/2017\/06\/00905809-1024x681.jpg?fit=1024%2C681&ssl=1","_links":{"self":[{"href":"https:\/\/blogdoprosperi.com\/index.php?rest_route=\/wp\/v2\/posts\/36037","targetHints":{"allow":["GET"]}}],"collection":[{"href":"https:\/\/blogdoprosperi.com\/index.php?rest_route=\/wp\/v2\/posts"}],"about":[{"href":"https:\/\/blogdoprosperi.com\/index.php?rest_route=\/wp\/v2\/types\/post"}],"author":[{"embeddable":true,"href":"https:\/\/blogdoprosperi.com\/index.php?rest_route=\/wp\/v2\/users\/102107496"}],"replies":[{"embeddable":true,"href":"https:\/\/blogdoprosperi.com\/index.php?rest_route=%2Fwp%2Fv2%2Fcomments&post=36037"}],"version-history":[{"count":16,"href":"https:\/\/blogdoprosperi.com\/index.php?rest_route=\/wp\/v2\/posts\/36037\/revisions"}],"predecessor-version":[{"id":36049,"href":"https:\/\/blogdoprosperi.com\/index.php?rest_route=\/wp\/v2\/posts\/36037\/revisions\/36049"}],"wp:featuredmedia":[{"embeddable":true,"href":"https:\/\/blogdoprosperi.com\/index.php?rest_route=\/wp\/v2\/media\/36041"}],"wp:attachment":[{"href":"https:\/\/blogdoprosperi.com\/index.php?rest_route=%2Fwp%2Fv2%2Fmedia&parent=36037"}],"wp:term":[{"taxonomy":"category","embeddable":true,"href":"https:\/\/blogdoprosperi.com\/index.php?rest_route=%2Fwp%2Fv2%2Fcategories&post=36037"},{"taxonomy":"post_tag","embeddable":true,"href":"https:\/\/blogdoprosperi.com\/index.php?rest_route=%2Fwp%2Fv2%2Ftags&post=36037"}],"curies":[{"name":"wp","href":"https:\/\/api.w.org\/{rel}","templated":true}]}}