{"id":36058,"date":"2017-06-05T11:58:55","date_gmt":"2017-06-05T14:58:55","guid":{"rendered":"http:\/\/blogdoprosperi.com\/?p=36058"},"modified":"2017-06-05T11:58:55","modified_gmt":"2017-06-05T14:58:55","slug":"chape-enquadra-os-grandes-no-brasileirao","status":"publish","type":"post","link":"https:\/\/blogdoprosperi.com\/?p=36058","title":{"rendered":"Chape enquadra os grandes no Brasileir\u00e3o"},"content":{"rendered":"<p>Brasileir\u00e3o 2017 fecha a quarta rodada com a surpreendente Chapecoense na lideran\u00e7a. Escancara a press\u00e3o em treinadores, como Z\u00e9 Ricardo no Flamengo, sem bons resultados. Aumenta a interroga\u00e7\u00e3o em cima de Palmeiras e Atl\u00e9tico-MG, dois candidatos ao t\u00edtulo. E refor\u00e7a o bom momento de Gr\u00eamio e Corinthians.<!--more--><\/p>\n<p><strong>FORCA CHAPE<\/strong><\/p>\n<p>Dizimada na trag\u00e9dia de Medell\u00edn em dezembro, a Chape assume a ponta do campeonato com um futebol no m\u00ednimo honesto. N\u00e3o assombra, mas n\u00e3o se apequena. Diante do Cruzeiro no Mineir\u00e3o venceu por 2 a 0 e n\u00e3o sofreu nenhum susto. Chama aten\u00e7\u00e3o como que em t\u00e3o pouco tempo <a href=\"http:\/\/chuteirafc.cartacapital.com.br\/entrevista-vagner-mancini-caio-junior-sera-homenageado-com-uma-lei-com-seu-nome\/\">Vagner Mancini conseguiu encaixar as pe\u00e7as.<\/a> Chegaram jogadores de todos os lados e, um a um, ele foi montando o time como se fosse um joguinho de Lego. \u00c9 uma equipe s\u00f3lida na defesa, com laterais (Apodi e Reinaldo) de muita velocidade, dois atacantes r\u00e1pidos (Rossi e Artur Ca\u00edque) e volantes que sabem sair (Luiz Ant\u00f4nio e Andrei Girotto). E, o mais dif\u00edcil, um time de personalidade. Pode sonhar alto.<\/p>\n<p><strong>PANELA DE PRESS\u00c3O<\/strong><\/p>\n<p><img data-recalc-dims=\"1\" loading=\"lazy\" decoding=\"async\" class=\"size-full wp-image-10094\" src=\"https:\/\/i0.wp.com\/chuteirafc.cartacapital.com.br\/wp-content\/uploads\/2017\/06\/ze_ricardo_flamengo_atlego.jpg?resize=620%2C381\" alt=\"\" width=\"620\" height=\"381\" \/><\/p>\n<p>A rea\u00e7\u00e3o dos torcedores do Flamengo, ap\u00f3s o empate sem gols no cl\u00e1ssico contra o Botafogo, deixa o t\u00e9cnico Z\u00e9 Ricardo em situa\u00e7\u00e3o desconfort\u00e1vel. Ns redes sociais, ele foi acusado de \u201cpaneleiro\u201d, aquele treinador que privilegia alguns jogadores, mesmo quando n\u00e3o est\u00e3o em um bom momento. Muitos flamenguistas pedem a cabe\u00e7a de Z\u00e9 Ricardo, associando a irregularidade nesse in\u00edcio do Brasileir\u00e3o \u00e0 elimina\u00e7\u00e3o precoce na Copa Libertadores. Uma derrota que seja na pr\u00f3xima rodada, e a press\u00e3o ser\u00e1 insuport\u00e1vel. Boa not\u00edcia ao Flamengo foi a volta de Diego Ribas e, enfim, uma boa partida do menino Vinicius Jr.<\/p>\n<p><strong>ESTACIOANDOS<\/strong><\/p>\n<p><img data-recalc-dims=\"1\" loading=\"lazy\" decoding=\"async\" class=\"size-full wp-image-10095\" src=\"https:\/\/i0.wp.com\/chuteirafc.cartacapital.com.br\/wp-content\/uploads\/2017\/06\/34247964803_041135847e_z.jpg?resize=640%2C397\" alt=\"\" width=\"640\" height=\"397\" \/><\/p>\n<p>De Palmeias e Atl\u00e9tico-MG se esperava muito ou ainda se espera neste campeonato. Cantados como os dois com os melhores elencos entre os 20 clubes da S\u00e9rie A, n\u00e3o deram boas respostas em quatro rodadas. Neste domingo, eles mediram for\u00e7as no Allianz Parque e depositaram em suas contas um empate sem gols. Ao Palmeiras n\u00e3o faltou entrega, faltou sim ideia. \u00c9 um time que n\u00e3o tem clareza de racioc\u00ednio, joga sem paci\u00eancia. E se complica quando tem de fazer gol. O Atl\u00e9tico, nem isso tem. Faz do jogo um esfor\u00e7o para provar que \u00e9 superior aos outros, mas n\u00e3o sai do lugar. Seus baluartes Fred e Robinho, parece, acusam fadiga de material.<\/p>\n<p><strong>RAMPA DE LAN\u00c7AMENTO<\/strong><\/p>\n<p><img data-recalc-dims=\"1\" loading=\"lazy\" decoding=\"async\" class=\"size-full wp-image-10096\" src=\"https:\/\/i0.wp.com\/chuteirafc.cartacapital.com.br\/wp-content\/uploads\/2017\/06\/jo-corinthians-luverdense-copa-do-brasil-16032017_xck515xp8tdq1x9m7w0pa4vzw.jpg?resize=620%2C430\" alt=\"\" width=\"620\" height=\"430\" \/><\/p>\n<p>Corinthians e Gr\u00eamio est\u00e3o prontos para voar. Fiel ao estilo de n\u00e3o perder nunca o controle da situa\u00e7\u00e3o e letal no ataque, em especial na combina\u00e7\u00e3o de, quem diria, J\u00f4 e Romero, abastecidos por Rodriguinho e Jadson, o Corinthians de Carille ensaia um belo campeonato. Despachou o Santos em casa por 2 a 0, sem se preocupar \u2013 <a href=\"http:\/\/chuteirafc.cartacapital.com.br\/opiniao-dorival-junior-santos\/\">resultado que provocou a queda de Dorival J\u00fanior no Santos<\/a> \u2013, e pode aumentar sua ambi\u00e7\u00e3o. \u00c9 o mesmo caso do Gr\u00eamio. Se bem que o time ga\u00facho tem alguns predicados a mais. Como esse genial Luan. Campe\u00e3o ol\u00edmpico ao lado de Neymar e Gabriel Jesus, esse garoto quer virar gente grande. N\u00e3o vai demorar se continuar nesse n\u00edvel de apresenta\u00e7\u00e3o, como mostrou na vit\u00f3ria (2 a 0) em cima do Vasco.<\/p>\n<p><strong>DAN\u00c7A DAS CADEIRAS<\/strong><\/p>\n<p>Em quatro rodadas do Brasileir\u00e3o, Vit\u00f3ria, Sport, Atl\u00e9tico-PR, Bahia e Santos j\u00e1 trocaram de treinadores. No Vit\u00f3ria, o diretor e t\u00e9cnico ao mesmo tempo, Petikovic, deixou o comando do time e contratou Alexandre Gallo. Sport despachou Ney Franco e <a href=\"http:\/\/chuteirafc.cartacapital.com.br\/opiniao-alex\/\">resgatou Vanderlei Luxemburgo, recordista de t\u00edtulos do Brasileir\u00e3o<\/a>, que voltou ao campeonato neste domingo com derrota (1 a 0) para o Ava\u00ed fora de casa. O Atl\u00e9tico-PR fez o inverso do Vit\u00f3ria. Paulo Autuori deixou de ser t\u00e9cnico e passou a executivo de futebol do clube paranaense. Seu primeiro ato foi trazer Eduardo Baptista, rec\u00e9m demitido do Palmeiras. No Bahia, Guto Ferreira pediu as contas e pulou para o Internacional na S\u00e9rie B. Seu sucessor no Bahia \u00e9 Jorginho, ex-Vasco. E o Santos anunciou a sa\u00edda de Dorival J\u00fanior.<\/p>\n<p>(<a href=\"http:\/\/chuteirafc.cartacapital.com.br\">texto publicado no CHUTEIRA FC \u2013 leia mais not\u00edcia e opini\u00e3o de futebol<\/a>)<\/p>\n<p><a href=\"http:\/\/www.cbf.com.br\/noticias\/campeonato-brasileiro-serie-a\/videos-dos-gols-da-quarta-rodada-do-brasileirao?ref=more#.WTS84FLOo8Y\">Veja os gols da rodada na edi\u00e7\u00e3o da TV CBF:<\/a><\/p>\n","protected":false},"excerpt":{"rendered":"<p>Brasileir\u00e3o 2017 fecha a quarta rodada com a surpreendente Chapecoense na lideran\u00e7a. Escancara a press\u00e3o em treinadores, como [&hellip;]<\/p>\n","protected":false},"author":102107496,"featured_media":36064,"comment_status":"open","ping_status":"open","sticky":false,"template":"","format":"standard","meta":{"_coblocks_attr":"","_coblocks_dimensions":"","_coblocks_responsive_height":"","_coblocks_accordion_ie_support":"","_jetpack_newsletter_access":"","_jetpack_dont_email_post_to_subs":false,"_jetpack_newsletter_tier_id":0,"_jetpack_memberships_contains_paywalled_content":false,"_wpcom_ai_launchpad_first_post":false,"_jetpack_feature_clip_id":0,"_jetpack_memberships_contains_paid_content":false,"footnotes":"","jetpack_publicize_message":"","jetpack_publicize_feature_enabled":true,"jetpack_social_post_already_shared":false,"jetpack_social_options":{"image_generator_settings":{"template":"highway","default_image_id":0,"font":"","enabled":false},"version":2},"jetpack_post_was_ever_published":false},"categories":[355071,53870],"tags":[366291,177066,3066303,549818717,789560560,4558380],"class_list":["post-36058","post","type-post","status-publish","format-standard","has-post-thumbnail","hentry","category-campeonato-brasileiro","category-futebol","tag-atletico-mg","tag-corinthians","tag-dorival-junior","tag-forca-chape","tag-futebol","tag-se-palmeiras"],"yoast_head":"<!-- This site is optimized with the Yoast SEO plugin v28.3 - https:\/\/yoast.com\/product\/yoast-seo-wordpress\/ -->\n<title>Chape enquadra os grandes no Brasileir\u00e3o - PR\u00d3SPERI NEWS<\/title>\n<meta name=\"robots\" content=\"index, follow, max-snippet:-1, max-image-preview:large, max-video-preview:-1\" \/>\n<link rel=\"canonical\" href=\"https:\/\/blogdoprosperi.com\/?p=36058\" \/>\n<meta property=\"og:locale\" content=\"pt_BR\" \/>\n<meta property=\"og:type\" content=\"article\" \/>\n<meta property=\"og:title\" content=\"Chape enquadra os grandes no Brasileir\u00e3o - PR\u00d3SPERI NEWS\" \/>\n<meta property=\"og:description\" content=\"Brasileir\u00e3o 2017 fecha a quarta rodada com a surpreendente Chapecoense na lideran\u00e7a. Escancara a press\u00e3o em treinadores, como [&hellip;]\" \/>\n<meta property=\"og:url\" content=\"https:\/\/blogdoprosperi.com\/?p=36058\" \/>\n<meta property=\"og:site_name\" content=\"PR\u00d3SPERI NEWS\" \/>\n<meta property=\"article:publisher\" content=\"Luiz Pr\u00f3speri\" \/>\n<meta property=\"article:author\" content=\"Luiz Pr\u00f3speri\" \/>\n<meta property=\"article:published_time\" content=\"2017-06-05T14:58:55+00:00\" \/>\n<meta property=\"og:image\" content=\"https:\/\/i0.wp.com\/blogdoprosperi.com\/wp-content\/uploads\/2017\/06\/chapecoense_x_cruzeiro.jpg?fit=500%2C333&ssl=1\" \/>\n\t<meta property=\"og:image:width\" content=\"500\" \/>\n\t<meta property=\"og:image:height\" content=\"333\" \/>\n\t<meta property=\"og:image:type\" content=\"image\/jpeg\" \/>\n<meta name=\"author\" content=\"Luiz Ant\u00f4nio Pr\u00f3speri\" \/>\n<meta name=\"twitter:card\" content=\"summary_large_image\" \/>\n<meta name=\"twitter:creator\" content=\"@Luizprosperi\" \/>\n<meta name=\"twitter:site\" content=\"@Luizprosperi\" \/>\n<meta name=\"twitter:label1\" content=\"Escrito por\" \/>\n\t<meta name=\"twitter:data1\" content=\"Luiz Ant\u00f4nio Pr\u00f3speri\" \/>\n\t<meta name=\"twitter:label2\" content=\"Est. tempo de leitura\" \/>\n\t<meta name=\"twitter:data2\" content=\"4 minutos\" \/>\n<script type=\"application\/ld+json\" class=\"yoast-schema-graph\">{\"@context\":\"https:\\\/\\\/schema.org\",\"@graph\":[{\"@type\":\"Article\",\"@id\":\"https:\\\/\\\/blogdoprosperi.com\\\/?p=36058#article\",\"isPartOf\":{\"@id\":\"https:\\\/\\\/blogdoprosperi.com\\\/?p=36058\"},\"author\":{\"name\":\"Luiz Ant\u00f4nio Pr\u00f3speri\",\"@id\":\"https:\\\/\\\/blogdoprosperi.com\\\/#\\\/schema\\\/person\\\/38100755ce3601861ee4fab9b5aa78e9\"},\"headline\":\"Chape enquadra os grandes no Brasileir\u00e3o\",\"datePublished\":\"2017-06-05T14:58:55+00:00\",\"mainEntityOfPage\":{\"@id\":\"https:\\\/\\\/blogdoprosperi.com\\\/?p=36058\"},\"wordCount\":742,\"commentCount\":0,\"publisher\":{\"@id\":\"https:\\\/\\\/blogdoprosperi.com\\\/#\\\/schema\\\/person\\\/38100755ce3601861ee4fab9b5aa78e9\"},\"image\":{\"@id\":\"https:\\\/\\\/blogdoprosperi.com\\\/?p=36058#primaryimage\"},\"thumbnailUrl\":\"https:\\\/\\\/i0.wp.com\\\/blogdoprosperi.com\\\/wp-content\\\/uploads\\\/2017\\\/06\\\/chapecoense_x_cruzeiro.jpg?fit=500%2C333&ssl=1\",\"keywords\":[\"Atl\u00e9tico-MG\",\"Corinthians\",\"Dorival J\u00fanior\",\"For\u00e7a Chape\",\"futebol\",\"SE Palmeiras\"],\"articleSection\":[\"Campeonato Brasileiro\",\"futebol\"],\"inLanguage\":\"pt-BR\",\"potentialAction\":[{\"@type\":\"CommentAction\",\"name\":\"Comment\",\"target\":[\"https:\\\/\\\/blogdoprosperi.com\\\/?p=36058#respond\"]}]},{\"@type\":\"WebPage\",\"@id\":\"https:\\\/\\\/blogdoprosperi.com\\\/?p=36058\",\"url\":\"https:\\\/\\\/blogdoprosperi.com\\\/?p=36058\",\"name\":\"Chape enquadra os grandes no Brasileir\u00e3o - PR\u00d3SPERI NEWS\",\"isPartOf\":{\"@id\":\"https:\\\/\\\/blogdoprosperi.com\\\/#website\"},\"primaryImageOfPage\":{\"@id\":\"https:\\\/\\\/blogdoprosperi.com\\\/?p=36058#primaryimage\"},\"image\":{\"@id\":\"https:\\\/\\\/blogdoprosperi.com\\\/?p=36058#primaryimage\"},\"thumbnailUrl\":\"https:\\\/\\\/i0.wp.com\\\/blogdoprosperi.com\\\/wp-content\\\/uploads\\\/2017\\\/06\\\/chapecoense_x_cruzeiro.jpg?fit=500%2C333&ssl=1\",\"datePublished\":\"2017-06-05T14:58:55+00:00\",\"breadcrumb\":{\"@id\":\"https:\\\/\\\/blogdoprosperi.com\\\/?p=36058#breadcrumb\"},\"inLanguage\":\"pt-BR\",\"potentialAction\":[{\"@type\":\"ReadAction\",\"target\":[\"https:\\\/\\\/blogdoprosperi.com\\\/?p=36058\"]}]},{\"@type\":\"ImageObject\",\"inLanguage\":\"pt-BR\",\"@id\":\"https:\\\/\\\/blogdoprosperi.com\\\/?p=36058#primaryimage\",\"url\":\"https:\\\/\\\/i0.wp.com\\\/blogdoprosperi.com\\\/wp-content\\\/uploads\\\/2017\\\/06\\\/chapecoense_x_cruzeiro.jpg?fit=500%2C333&ssl=1\",\"contentUrl\":\"https:\\\/\\\/i0.wp.com\\\/blogdoprosperi.com\\\/wp-content\\\/uploads\\\/2017\\\/06\\\/chapecoense_x_cruzeiro.jpg?fit=500%2C333&ssl=1\",\"width\":500,\"height\":333,\"caption\":\"BELO HORIZONTE,MG,04.06.2017:CRUZEIRO-CHAPECOENSE - O jogador Douglas Grolli da Chapecoense comemoram gol durante a partida entre Cruzeiro e Chapecoense, v\u00e1lida pela S\u00e9rie A do Campeonato Brasileiro 2017, no Est\u00e1dio do Mineir\u00e3o em Belo Horizonte (MG), neste domingo (04). (Foto: Cristiane Mattos\\\/Futura Press\\\/Folhapress)\"},{\"@type\":\"BreadcrumbList\",\"@id\":\"https:\\\/\\\/blogdoprosperi.com\\\/?p=36058#breadcrumb\",\"itemListElement\":[{\"@type\":\"ListItem\",\"position\":1,\"name\":\"In\u00edcio\",\"item\":\"https:\\\/\\\/blogdoprosperi.com\\\/\"},{\"@type\":\"ListItem\",\"position\":2,\"name\":\"Chape enquadra os grandes no Brasileir\u00e3o\"}]},{\"@type\":\"WebSite\",\"@id\":\"https:\\\/\\\/blogdoprosperi.com\\\/#website\",\"url\":\"https:\\\/\\\/blogdoprosperi.com\\\/\",\"name\":\"PR\u00d3SPERI NEWS\",\"description\":\"TUDO \u00c9  FUTEBOL\",\"publisher\":{\"@id\":\"https:\\\/\\\/blogdoprosperi.com\\\/#\\\/schema\\\/person\\\/38100755ce3601861ee4fab9b5aa78e9\"},\"alternateName\":\"blogdoprosperi.com\",\"potentialAction\":[{\"@type\":\"SearchAction\",\"target\":{\"@type\":\"EntryPoint\",\"urlTemplate\":\"https:\\\/\\\/blogdoprosperi.com\\\/?s={search_term_string}\"},\"query-input\":{\"@type\":\"PropertyValueSpecification\",\"valueRequired\":true,\"valueName\":\"search_term_string\"}}],\"inLanguage\":\"pt-BR\"},{\"@type\":[\"Person\",\"Organization\"],\"@id\":\"https:\\\/\\\/blogdoprosperi.com\\\/#\\\/schema\\\/person\\\/38100755ce3601861ee4fab9b5aa78e9\",\"name\":\"Luiz Ant\u00f4nio Pr\u00f3speri\",\"pronouns\":\"ele\",\"image\":{\"@type\":\"ImageObject\",\"inLanguage\":\"pt-BR\",\"@id\":\"https:\\\/\\\/i0.wp.com\\\/blogdoprosperi.com\\\/wp-content\\\/uploads\\\/2026\\\/05\\\/cropped-8059e613-6002-42fa-961e-8e275f575d71-2-5.jpg?fit=1360%2C931&ssl=1\",\"url\":\"https:\\\/\\\/i0.wp.com\\\/blogdoprosperi.com\\\/wp-content\\\/uploads\\\/2026\\\/05\\\/cropped-8059e613-6002-42fa-961e-8e275f575d71-2-5.jpg?fit=1360%2C931&ssl=1\",\"contentUrl\":\"https:\\\/\\\/i0.wp.com\\\/blogdoprosperi.com\\\/wp-content\\\/uploads\\\/2026\\\/05\\\/cropped-8059e613-6002-42fa-961e-8e275f575d71-2-5.jpg?fit=1360%2C931&ssl=1\",\"width\":1360,\"height\":931,\"caption\":\"Luiz Ant\u00f4nio Pr\u00f3speri\"},\"logo\":{\"@id\":\"https:\\\/\\\/i0.wp.com\\\/blogdoprosperi.com\\\/wp-content\\\/uploads\\\/2026\\\/05\\\/cropped-8059e613-6002-42fa-961e-8e275f575d71-2-5.jpg?fit=1360%2C931&ssl=1\"},\"description\":\"Jornalista com carreira dedicada ao esporte. Cobriu 9 Copas do Mundo in loco, 1990 na It\u00e1lia, 1994 nos EUA, 1998 na Fran\u00e7a, 2002 na Coreia do Sul e Jap\u00e3o, 2006 na Alemanha, 2010 na \u00c1frica do Sul, 2014 no Brasil, 2018 na R\u00fassia e 2022 no Qatar. Eurocopas, 1992 na Su\u00e9cia e 1996 na Inglaterra. Copa das Confedera\u00e7\u00f5es de 2005 na Alemanha e 2009 na \u00c1frica do Sul. Rep\u00f3rter e Editor, trabalhou no Jornal da Tarde e Estad\u00e3o, de 1984 a fevereiro de 2016. Colunista, blogueiro. E comentarista de futebol na R\u00e1dio Estad\u00e3o, de 2013 a fevereiro de 2016. Jornalista respons\u00e1vel do \\\"Pr\u00f3speri News\\\" (blogdoprosperi.com).\",\"sameAs\":[\"http:\\\/\\\/blogdoprosperi.com\",\"Luiz Pr\u00f3speri\",\"@luiz_prosperi\",\"https:\\\/\\\/x.com\\\/Luizprosperi\",\"@prosperinacopa\",\"luiz.prosperi@icloud.com\"],\"url\":\"https:\\\/\\\/blogdoprosperi.com\\\/?author=102107496\"}]}<\/script>\n<!-- \/ Yoast SEO plugin. -->","yoast_head_json":{"title":"Chape enquadra os grandes no Brasileir\u00e3o - PR\u00d3SPERI NEWS","robots":{"index":"index","follow":"follow","max-snippet":"max-snippet:-1","max-image-preview":"max-image-preview:large","max-video-preview":"max-video-preview:-1"},"canonical":"https:\/\/blogdoprosperi.com\/?p=36058","og_locale":"pt_BR","og_type":"article","og_title":"Chape enquadra os grandes no Brasileir\u00e3o - PR\u00d3SPERI NEWS","og_description":"Brasileir\u00e3o 2017 fecha a quarta rodada com a surpreendente Chapecoense na lideran\u00e7a. Escancara a press\u00e3o em treinadores, como [&hellip;]","og_url":"https:\/\/blogdoprosperi.com\/?p=36058","og_site_name":"PR\u00d3SPERI NEWS","article_publisher":"Luiz Pr\u00f3speri","article_author":"Luiz Pr\u00f3speri","article_published_time":"2017-06-05T14:58:55+00:00","og_image":[{"width":500,"height":333,"url":"https:\/\/i0.wp.com\/blogdoprosperi.com\/wp-content\/uploads\/2017\/06\/chapecoense_x_cruzeiro.jpg?fit=500%2C333&ssl=1","type":"image\/jpeg"}],"author":"Luiz Ant\u00f4nio Pr\u00f3speri","twitter_card":"summary_large_image","twitter_creator":"@Luizprosperi","twitter_site":"@Luizprosperi","twitter_misc":{"Escrito por":"Luiz Ant\u00f4nio Pr\u00f3speri","Est. tempo de leitura":"4 minutos"},"schema":{"@context":"https:\/\/schema.org","@graph":[{"@type":"Article","@id":"https:\/\/blogdoprosperi.com\/?p=36058#article","isPartOf":{"@id":"https:\/\/blogdoprosperi.com\/?p=36058"},"author":{"name":"Luiz Ant\u00f4nio Pr\u00f3speri","@id":"https:\/\/blogdoprosperi.com\/#\/schema\/person\/38100755ce3601861ee4fab9b5aa78e9"},"headline":"Chape enquadra os grandes no Brasileir\u00e3o","datePublished":"2017-06-05T14:58:55+00:00","mainEntityOfPage":{"@id":"https:\/\/blogdoprosperi.com\/?p=36058"},"wordCount":742,"commentCount":0,"publisher":{"@id":"https:\/\/blogdoprosperi.com\/#\/schema\/person\/38100755ce3601861ee4fab9b5aa78e9"},"image":{"@id":"https:\/\/blogdoprosperi.com\/?p=36058#primaryimage"},"thumbnailUrl":"https:\/\/i0.wp.com\/blogdoprosperi.com\/wp-content\/uploads\/2017\/06\/chapecoense_x_cruzeiro.jpg?fit=500%2C333&ssl=1","keywords":["Atl\u00e9tico-MG","Corinthians","Dorival J\u00fanior","For\u00e7a Chape","futebol","SE Palmeiras"],"articleSection":["Campeonato Brasileiro","futebol"],"inLanguage":"pt-BR","potentialAction":[{"@type":"CommentAction","name":"Comment","target":["https:\/\/blogdoprosperi.com\/?p=36058#respond"]}]},{"@type":"WebPage","@id":"https:\/\/blogdoprosperi.com\/?p=36058","url":"https:\/\/blogdoprosperi.com\/?p=36058","name":"Chape enquadra os grandes no Brasileir\u00e3o - PR\u00d3SPERI NEWS","isPartOf":{"@id":"https:\/\/blogdoprosperi.com\/#website"},"primaryImageOfPage":{"@id":"https:\/\/blogdoprosperi.com\/?p=36058#primaryimage"},"image":{"@id":"https:\/\/blogdoprosperi.com\/?p=36058#primaryimage"},"thumbnailUrl":"https:\/\/i0.wp.com\/blogdoprosperi.com\/wp-content\/uploads\/2017\/06\/chapecoense_x_cruzeiro.jpg?fit=500%2C333&ssl=1","datePublished":"2017-06-05T14:58:55+00:00","breadcrumb":{"@id":"https:\/\/blogdoprosperi.com\/?p=36058#breadcrumb"},"inLanguage":"pt-BR","potentialAction":[{"@type":"ReadAction","target":["https:\/\/blogdoprosperi.com\/?p=36058"]}]},{"@type":"ImageObject","inLanguage":"pt-BR","@id":"https:\/\/blogdoprosperi.com\/?p=36058#primaryimage","url":"https:\/\/i0.wp.com\/blogdoprosperi.com\/wp-content\/uploads\/2017\/06\/chapecoense_x_cruzeiro.jpg?fit=500%2C333&ssl=1","contentUrl":"https:\/\/i0.wp.com\/blogdoprosperi.com\/wp-content\/uploads\/2017\/06\/chapecoense_x_cruzeiro.jpg?fit=500%2C333&ssl=1","width":500,"height":333,"caption":"BELO HORIZONTE,MG,04.06.2017:CRUZEIRO-CHAPECOENSE - O jogador Douglas Grolli da Chapecoense comemoram gol durante a partida entre Cruzeiro e Chapecoense, v\u00e1lida pela S\u00e9rie A do Campeonato Brasileiro 2017, no Est\u00e1dio do Mineir\u00e3o em Belo Horizonte (MG), neste domingo (04). (Foto: Cristiane Mattos\/Futura Press\/Folhapress)"},{"@type":"BreadcrumbList","@id":"https:\/\/blogdoprosperi.com\/?p=36058#breadcrumb","itemListElement":[{"@type":"ListItem","position":1,"name":"In\u00edcio","item":"https:\/\/blogdoprosperi.com\/"},{"@type":"ListItem","position":2,"name":"Chape enquadra os grandes no Brasileir\u00e3o"}]},{"@type":"WebSite","@id":"https:\/\/blogdoprosperi.com\/#website","url":"https:\/\/blogdoprosperi.com\/","name":"PR\u00d3SPERI NEWS","description":"TUDO \u00c9  FUTEBOL","publisher":{"@id":"https:\/\/blogdoprosperi.com\/#\/schema\/person\/38100755ce3601861ee4fab9b5aa78e9"},"alternateName":"blogdoprosperi.com","potentialAction":[{"@type":"SearchAction","target":{"@type":"EntryPoint","urlTemplate":"https:\/\/blogdoprosperi.com\/?s={search_term_string}"},"query-input":{"@type":"PropertyValueSpecification","valueRequired":true,"valueName":"search_term_string"}}],"inLanguage":"pt-BR"},{"@type":["Person","Organization"],"@id":"https:\/\/blogdoprosperi.com\/#\/schema\/person\/38100755ce3601861ee4fab9b5aa78e9","name":"Luiz Ant\u00f4nio Pr\u00f3speri","pronouns":"ele","image":{"@type":"ImageObject","inLanguage":"pt-BR","@id":"https:\/\/i0.wp.com\/blogdoprosperi.com\/wp-content\/uploads\/2026\/05\/cropped-8059e613-6002-42fa-961e-8e275f575d71-2-5.jpg?fit=1360%2C931&ssl=1","url":"https:\/\/i0.wp.com\/blogdoprosperi.com\/wp-content\/uploads\/2026\/05\/cropped-8059e613-6002-42fa-961e-8e275f575d71-2-5.jpg?fit=1360%2C931&ssl=1","contentUrl":"https:\/\/i0.wp.com\/blogdoprosperi.com\/wp-content\/uploads\/2026\/05\/cropped-8059e613-6002-42fa-961e-8e275f575d71-2-5.jpg?fit=1360%2C931&ssl=1","width":1360,"height":931,"caption":"Luiz Ant\u00f4nio Pr\u00f3speri"},"logo":{"@id":"https:\/\/i0.wp.com\/blogdoprosperi.com\/wp-content\/uploads\/2026\/05\/cropped-8059e613-6002-42fa-961e-8e275f575d71-2-5.jpg?fit=1360%2C931&ssl=1"},"description":"Jornalista com carreira dedicada ao esporte. Cobriu 9 Copas do Mundo in loco, 1990 na It\u00e1lia, 1994 nos EUA, 1998 na Fran\u00e7a, 2002 na Coreia do Sul e Jap\u00e3o, 2006 na Alemanha, 2010 na \u00c1frica do Sul, 2014 no Brasil, 2018 na R\u00fassia e 2022 no Qatar. Eurocopas, 1992 na Su\u00e9cia e 1996 na Inglaterra. Copa das Confedera\u00e7\u00f5es de 2005 na Alemanha e 2009 na \u00c1frica do Sul. Rep\u00f3rter e Editor, trabalhou no Jornal da Tarde e Estad\u00e3o, de 1984 a fevereiro de 2016. Colunista, blogueiro. E comentarista de futebol na R\u00e1dio Estad\u00e3o, de 2013 a fevereiro de 2016. Jornalista respons\u00e1vel do \"Pr\u00f3speri News\" (blogdoprosperi.com).","sameAs":["http:\/\/blogdoprosperi.com","Luiz Pr\u00f3speri","@luiz_prosperi","https:\/\/x.com\/Luizprosperi","@prosperinacopa","luiz.prosperi@icloud.com"],"url":"https:\/\/blogdoprosperi.com\/?author=102107496"}]}},"jetpack_publicize_connections":[],"jetpack_likes_enabled":false,"jetpack_sharing_enabled":true,"jetpack_shortlink":"https:\/\/wp.me\/p7jvdk-9nA","jetpack-related-posts":[{"id":33921,"url":"https:\/\/blogdoprosperi.com\/?p=33921","url_meta":{"origin":36058,"position":0},"title":"Corinthians paga por sua incompet\u00eancia e fica fora da Libertadores; Inter \u00e9 rebaixado e \u00e1rbitro preenche a s\u00famula mais triste do futebol na Arena Cond\u00e1","author":"Luiz Ant\u00f4nio Pr\u00f3speri","date":"11 de dezembro de 2016","format":false,"excerpt":"Brasileir\u00e3o 2016 chega ao fim com o Corinthians fora da Copa Libertadores e o Internacional rebaixado pela primeira vez \u00e0 S\u00e9rie B. Homenagens \u00e0 Chapecoense, algumas de muita emo\u00e7\u00e3o, tomaram conta da \u00faltima rodada neste domingo (11\/12). Fora da Libertadores, Corinthians vai perder or\u00e7amento na temporada de 2017 e, como\u2026","rel":"","context":"Em &quot;Campeonato Brasileiro&quot;","block_context":{"text":"Campeonato Brasileiro","link":"https:\/\/blogdoprosperi.com\/?cat=355071"},"img":{"alt_text":"","src":"https:\/\/i0.wp.com\/blogdoprosperi.com\/wp-content\/uploads\/2016\/12\/622_d5d5b987-b486-3603-b996-a2dd444d6823.jpg?resize=350%2C200&ssl=1","width":350,"height":200,"srcset":"https:\/\/i0.wp.com\/blogdoprosperi.com\/wp-content\/uploads\/2016\/12\/622_d5d5b987-b486-3603-b996-a2dd444d6823.jpg?resize=350%2C200&ssl=1 1x, https:\/\/i0.wp.com\/blogdoprosperi.com\/wp-content\/uploads\/2016\/12\/622_d5d5b987-b486-3603-b996-a2dd444d6823.jpg?resize=525%2C300&ssl=1 1.5x"},"classes":[]},{"id":35897,"url":"https:\/\/blogdoprosperi.com\/?p=35897","url_meta":{"origin":36058,"position":1},"title":"Brasileir\u00e3o 2017 \/ an\u00e1lise da rodada: Fluminense e Gr\u00eamio al\u00e7am voo","author":"Luiz Ant\u00f4nio Pr\u00f3speri","date":"21 de maio de 2017","format":false,"excerpt":"Segunda rodada do Brasileir\u00e3o 2017 aponta o restabelecimento de algumas hierarquias. Corinthians, por exemplo, volta a se impor com aquele estilo de vit\u00f3rias econ\u00f4micas e muita seguran\u00e7a. Gr\u00eamio contundente, como aprecia Renato Ga\u00facho. Santos, mesmo nos bra\u00e7os do goleiro Vanderlei, forte na Vila Belmiro. Fluminense sem medo de ser feliz.\u2026","rel":"","context":"Em &quot;Campeonato Brasileiro&quot;","block_context":{"text":"Campeonato Brasileiro","link":"https:\/\/blogdoprosperi.com\/?cat=355071"},"img":{"alt_text":"","src":"https:\/\/i0.wp.com\/blogdoprosperi.com\/wp-content\/uploads\/2017\/05\/atleticoxflumi05.jpg?fit=1200%2C704&ssl=1&resize=350%2C200","width":350,"height":200,"srcset":"https:\/\/i0.wp.com\/blogdoprosperi.com\/wp-content\/uploads\/2017\/05\/atleticoxflumi05.jpg?fit=1200%2C704&ssl=1&resize=350%2C200 1x, https:\/\/i0.wp.com\/blogdoprosperi.com\/wp-content\/uploads\/2017\/05\/atleticoxflumi05.jpg?fit=1200%2C704&ssl=1&resize=525%2C300 1.5x, https:\/\/i0.wp.com\/blogdoprosperi.com\/wp-content\/uploads\/2017\/05\/atleticoxflumi05.jpg?fit=1200%2C704&ssl=1&resize=700%2C400 2x, https:\/\/i0.wp.com\/blogdoprosperi.com\/wp-content\/uploads\/2017\/05\/atleticoxflumi05.jpg?fit=1200%2C704&ssl=1&resize=1050%2C600 3x"},"classes":[]},{"id":33606,"url":"https:\/\/blogdoprosperi.com\/?p=33606","url_meta":{"origin":36058,"position":2},"title":"Internacional se esfarela na sua mediocridade ao se aproveitar da trag\u00e9dia da Chapecoense\u00a0","author":"Luiz Ant\u00f4nio Pr\u00f3speri","date":"2 de dezembro de 2016","format":false,"excerpt":"Primeiro me aparece esse tal de Fernando Carvalho, que, dizem, um \u00edcone do futebol ga\u00facho, com a hist\u00f3ria da trag\u00e9dia do Internacional \u00e0 beira do rebaixamento. Argumenta que a parada do Brasileir\u00e3o, por causa das mortes da Chape, prejudicaria seu time \u00e0 beira do cadafalso, uma trag\u00e9dia pessoal. Depois o\u2026","rel":"","context":"Em &quot;futebol&quot;","block_context":{"text":"futebol","link":"https:\/\/blogdoprosperi.com\/?cat=53870"},"img":{"alt_text":"622_d2361929-f01d-35df-8a22-cbc805b94b2b","src":"https:\/\/i0.wp.com\/blogdoprosperi.com\/wp-content\/uploads\/2016\/09\/622_d2361929-f01d-35df-8a22-cbc805b94b2b.jpg?resize=350%2C200&ssl=1","width":350,"height":200,"srcset":"https:\/\/i0.wp.com\/blogdoprosperi.com\/wp-content\/uploads\/2016\/09\/622_d2361929-f01d-35df-8a22-cbc805b94b2b.jpg?resize=350%2C200&ssl=1 1x, https:\/\/i0.wp.com\/blogdoprosperi.com\/wp-content\/uploads\/2016\/09\/622_d2361929-f01d-35df-8a22-cbc805b94b2b.jpg?resize=525%2C300&ssl=1 1.5x"},"classes":[]},{"id":35846,"url":"https:\/\/blogdoprosperi.com\/?p=35846","url_meta":{"origin":36058,"position":3},"title":"Brasileir\u00e3o: Bahia show, Palmeiras sobra e S\u00e3o Paulo entra no labirinto","author":"Luiz Ant\u00f4nio Pr\u00f3speri","date":"15 de maio de 2017","format":false,"excerpt":"Brasileir\u00e3o 2017 come\u00e7a com uma boa m\u00e9dia de tr\u00eas gols por jogo, uma chacoalhada do Bahia para cima do Atl\u00e9tico-PR, a for\u00e7a do campe\u00e3o Palmeiras na volta de Cuca e incertezas quanto ao futuro do S\u00e3o Paulo de Rogerio Ceni, Corinthians, Santos e, em especial, do Vasco. Acompanhe an\u00e1lise da\u2026","rel":"","context":"Em &quot;futebol&quot;","block_context":{"text":"futebol","link":"https:\/\/blogdoprosperi.com\/?cat=53870"},"img":{"alt_text":"","src":"https:\/\/i0.wp.com\/blogdoprosperi.com\/wp-content\/uploads\/2017\/05\/bahia-x-atlc3a9tico-pr-1.jpg?fit=960%2C640&ssl=1&resize=350%2C200","width":350,"height":200,"srcset":"https:\/\/i0.wp.com\/blogdoprosperi.com\/wp-content\/uploads\/2017\/05\/bahia-x-atlc3a9tico-pr-1.jpg?fit=960%2C640&ssl=1&resize=350%2C200 1x, https:\/\/i0.wp.com\/blogdoprosperi.com\/wp-content\/uploads\/2017\/05\/bahia-x-atlc3a9tico-pr-1.jpg?fit=960%2C640&ssl=1&resize=525%2C300 1.5x, https:\/\/i0.wp.com\/blogdoprosperi.com\/wp-content\/uploads\/2017\/05\/bahia-x-atlc3a9tico-pr-1.jpg?fit=960%2C640&ssl=1&resize=700%2C400 2x"},"classes":[]},{"id":33407,"url":"https:\/\/blogdoprosperi.com\/?p=33407","url_meta":{"origin":36058,"position":4},"title":"Trag\u00e9dia da Chapecoense exp\u00f5e a falta de car\u00e1ter de alguns dirigentes do futebol brasileiro","author":"Luiz Ant\u00f4nio Pr\u00f3speri","date":"30 de novembro de 2016","format":false,"excerpt":"(atualizado em 1\u00ba\/12 - 17h35) Fernando Carvalho, ex-presidente do Internacional e atual diretor de futebol, disse assim nesta quarta-feira (30\/11) a respeito da \u00faltima rodada do Brasileir\u00e3o, adiada por causa da trag\u00e9dia da Chapecoense: \"Temos nossa trag\u00e9dia particular, que \u00e9 fugir do rebaixamento. A pausa vai ser prejudicial.\" A rodada\u2026","rel":"","context":"Em &quot;futebol&quot;","block_context":{"text":"futebol","link":"https:\/\/blogdoprosperi.com\/?cat=53870"},"img":{"alt_text":"","src":"https:\/\/i0.wp.com\/blogdoprosperi.com\/wp-content\/uploads\/2016\/11\/garoto-lamenta-o-acidente-com-o-time-da-chapecoense-em-homenagem-na-arena-conda-em-chapeco-1480440429678_844x559.png?resize=350%2C200&ssl=1","width":350,"height":200,"srcset":"https:\/\/i0.wp.com\/blogdoprosperi.com\/wp-content\/uploads\/2016\/11\/garoto-lamenta-o-acidente-com-o-time-da-chapecoense-em-homenagem-na-arena-conda-em-chapeco-1480440429678_844x559.png?resize=350%2C200&ssl=1 1x, https:\/\/i0.wp.com\/blogdoprosperi.com\/wp-content\/uploads\/2016\/11\/garoto-lamenta-o-acidente-com-o-time-da-chapecoense-em-homenagem-na-arena-conda-em-chapeco-1480440429678_844x559.png?resize=525%2C300&ssl=1 1.5x, https:\/\/i0.wp.com\/blogdoprosperi.com\/wp-content\/uploads\/2016\/11\/garoto-lamenta-o-acidente-com-o-time-da-chapecoense-em-homenagem-na-arena-conda-em-chapeco-1480440429678_844x559.png?resize=700%2C400&ssl=1 2x"},"classes":[]},{"id":33879,"url":"https:\/\/blogdoprosperi.com\/?p=33879","url_meta":{"origin":36058,"position":5},"title":"De luto, futebol brasileiro se despede de 2016 com cenas pat\u00e9ticas na \u00faltima semana da temporada","author":"Luiz Ant\u00f4nio Pr\u00f3speri","date":"10 de dezembro de 2016","format":false,"excerpt":"Futebol brasileiro se despede da temporada 2016 neste domingo. Nas \u00faltimas semanas, escancarou nossas mazelas e premiou quem teve mais ousadia. E se fechou em luto e reflex\u00e3o com a trag\u00e9dia da Chapecoense. Em 2017, quando completaremos tr\u00eas anos do 7 a 1, se espera uma reflex\u00e3o mais profunda a\u2026","rel":"","context":"Em &quot;Campeonato Brasileiro&quot;","block_context":{"text":"Campeonato Brasileiro","link":"https:\/\/blogdoprosperi.com\/?cat=355071"},"img":{"alt_text":"","src":"https:\/\/i0.wp.com\/blogdoprosperi.com\/wp-content\/uploads\/2016\/11\/chapecoense_escudo.jpg?resize=350%2C200","width":350,"height":200,"srcset":"https:\/\/i0.wp.com\/blogdoprosperi.com\/wp-content\/uploads\/2016\/11\/chapecoense_escudo.jpg?resize=350%2C200 1x, https:\/\/i0.wp.com\/blogdoprosperi.com\/wp-content\/uploads\/2016\/11\/chapecoense_escudo.jpg?resize=525%2C300 1.5x"},"classes":[]}],"jetpack_featured_media_url":"https:\/\/i0.wp.com\/blogdoprosperi.com\/wp-content\/uploads\/2017\/06\/chapecoense_x_cruzeiro.jpg?fit=500%2C333&ssl=1","_links":{"self":[{"href":"https:\/\/blogdoprosperi.com\/index.php?rest_route=\/wp\/v2\/posts\/36058","targetHints":{"allow":["GET"]}}],"collection":[{"href":"https:\/\/blogdoprosperi.com\/index.php?rest_route=\/wp\/v2\/posts"}],"about":[{"href":"https:\/\/blogdoprosperi.com\/index.php?rest_route=\/wp\/v2\/types\/post"}],"author":[{"embeddable":true,"href":"https:\/\/blogdoprosperi.com\/index.php?rest_route=\/wp\/v2\/users\/102107496"}],"replies":[{"embeddable":true,"href":"https:\/\/blogdoprosperi.com\/index.php?rest_route=%2Fwp%2Fv2%2Fcomments&post=36058"}],"version-history":[{"count":6,"href":"https:\/\/blogdoprosperi.com\/index.php?rest_route=\/wp\/v2\/posts\/36058\/revisions"}],"predecessor-version":[{"id":36065,"href":"https:\/\/blogdoprosperi.com\/index.php?rest_route=\/wp\/v2\/posts\/36058\/revisions\/36065"}],"wp:featuredmedia":[{"embeddable":true,"href":"https:\/\/blogdoprosperi.com\/index.php?rest_route=\/wp\/v2\/media\/36064"}],"wp:attachment":[{"href":"https:\/\/blogdoprosperi.com\/index.php?rest_route=%2Fwp%2Fv2%2Fmedia&parent=36058"}],"wp:term":[{"taxonomy":"category","embeddable":true,"href":"https:\/\/blogdoprosperi.com\/index.php?rest_route=%2Fwp%2Fv2%2Fcategories&post=36058"},{"taxonomy":"post_tag","embeddable":true,"href":"https:\/\/blogdoprosperi.com\/index.php?rest_route=%2Fwp%2Fv2%2Ftags&post=36058"}],"curies":[{"name":"wp","href":"https:\/\/api.w.org\/{rel}","templated":true}]}}