{"id":36427,"date":"2017-07-13T19:16:11","date_gmt":"2017-07-13T22:16:11","guid":{"rendered":"http:\/\/blogdoprosperi.com\/?p=36427"},"modified":"2017-07-13T19:16:11","modified_gmt":"2017-07-13T22:16:11","slug":"corinthians-entra-no-tunel-e-ve-luz-da-taca-logo-ali","status":"publish","type":"post","link":"https:\/\/blogdoprosperi.com\/?p=36427","title":{"rendered":"Corinthians entra no t\u00fanel e v\u00ea luz da ta\u00e7a logo ali"},"content":{"rendered":"<p>Corinthians \u00e9 um time sem segredo. Se defende com min\u00facias, cada setor tem marca\u00e7\u00e3o dobrada. Avan\u00e7a em triangula\u00e7\u00f5es nos dois lados do campo, simples. E ferroa no ataque como um escorpi\u00e3o, letal. N\u00e3o \u00e9 um modelo inusitado, nem dif\u00edcil de ser esmiu\u00e7ado. O problema \u00e9 como demolir a fortaleza e n\u00e3o levar as picadas.<!--more--><\/p>\n<p>Cuca, por exemplo, tinha tudo isso decorado na cabe\u00e7a. Mas n\u00e3o conseguiu iludir o l\u00edder. Resultado: o seu Palmeiras perdeu por 2 a 0, nesta quarta-feira, no Allianz Parque, e viu a dist\u00e2ncia do Corinthians pular para 16 pontos, em apenas 13 rodadas. N\u00fameros que levam a constata\u00e7\u00e3o de que o campe\u00e3o de 2016 n\u00e3o briga mais pela ta\u00e7a de 2017.<\/p>\n<p><span class=\"alignnone\"><img data-recalc-dims=\"1\" loading=\"lazy\" decoding=\"async\" data-attachment-id=\"36448\" data-permalink=\"https:\/\/blogdoprosperi.com\/?attachment_id=36448\" data-orig-file=\"https:\/\/i0.wp.com\/blogdoprosperi.com\/wp-content\/uploads\/2017\/07\/pro3-4.jpg?fit=5184%2C3456&amp;ssl=1\" data-orig-size=\"5184,3456\" data-comments-opened=\"1\" data-image-meta=\"{&quot;aperture&quot;:&quot;3.2&quot;,&quot;credit&quot;:&quot;&quot;,&quot;camera&quot;:&quot;Canon EOS-1D X&quot;,&quot;caption&quot;:&quot;&quot;,&quot;created_timestamp&quot;:&quot;1499898053&quot;,&quot;copyright&quot;:&quot;ALEX SILVA\/ESTADAO&quot;,&quot;focal_length&quot;:&quot;400&quot;,&quot;iso&quot;:&quot;1600&quot;,&quot;shutter_speed&quot;:&quot;0.001&quot;,&quot;title&quot;:&quot;&quot;,&quot;orientation&quot;:&quot;1&quot;}\" data-image-title=\"PRO3 (4)\" data-image-description=\"\" data-image-caption=\"\" data-large-file=\"https:\/\/i0.wp.com\/blogdoprosperi.com\/wp-content\/uploads\/2017\/07\/pro3-4.jpg?fit=940%2C627&amp;ssl=1\" class=\"alignnone size-full wp-image-36448\" src=\"https:\/\/i0.wp.com\/blogdoprosperi.com\/wp-content\/uploads\/2017\/07\/pro3-4.jpg?resize=940%2C627&#038;ssl=1\" alt=\"PRO3 (4)\" width=\"940\" height=\"627\" \/><\/span><\/p>\n<p>Se voc\u00ea tem alguma d\u00favida dessa evid\u00eancia, por favor, \u00e9 s\u00f3 prestar aten\u00e7\u00e3o no que disseram os dois treinadores ap\u00f3s o cl\u00e1ssico.<\/p>\n<p>Cuca deixou claro que desistiu do Brasileir\u00e3o. \u201cNossa meta agora \u00e9 ficar entre os seis primeiros, na zona de classifica\u00e7\u00e3o da Libertadores, ou, de prefer\u00eancia, entre os quatro primeiros colocados\u201d.<\/p>\n<p>Fabio Carille, um tanto assustado com o extraordin\u00e1rio desempenho de seu time, espera que essa toada s\u00f3 acabe em dezembro ao encerramento do campeonato.<\/p>\n<p>\u201cTaticamente \u00e9 um time muito bem organizado, os jogadores s\u00e3o de uma entrega fora do normal, uma equipe de homens, que sabe o que quer. Quem pode nos parar?\u00a0Espero que ningu\u00e9m at\u00e9 dia 13 de dezembro. Quem sabe? Minha ideia \u00e9 trabalhar jogo a jogo. Agora \u00e9 foco no Atl\u00e9tico-PR, outro jogo muito importante, que vale os mesmos tr\u00eas pontos de hoje\u201d.<\/p>\n<p>No cl\u00e1ssico, o Palmeiras n\u00e3o conseguiu ultrapassar as linhas armadas por Carille. Perdeu tempo com cruzamentos quando percebeu que n\u00e3o teria espa\u00e7o para entrar pelo meio. Cuca revirou seu time de ponta cabe\u00e7a. Roger Guedes atuou segundo tempo na lateral, Z\u00e9 Roberto entrou de zagueiro, Mina passou de defensor a centroavante\u2026 Mas n\u00e3o ultrapassou os limites do muro.<\/p>\n<p><span class=\"alignnone\"><img data-recalc-dims=\"1\" loading=\"lazy\" decoding=\"async\" data-attachment-id=\"36447\" data-permalink=\"https:\/\/blogdoprosperi.com\/?attachment_id=36447\" data-orig-file=\"https:\/\/i0.wp.com\/blogdoprosperi.com\/wp-content\/uploads\/2017\/07\/35849784696_b4fc3197e9_o.jpg?fit=1000%2C576&amp;ssl=1\" data-orig-size=\"1000,576\" data-comments-opened=\"1\" data-image-meta=\"{&quot;aperture&quot;:&quot;3.2&quot;,&quot;credit&quot;:&quot;(5) Cesar Greco \/ Fotoarena&quot;,&quot;camera&quot;:&quot;Canon EOS-1D X&quot;,&quot;caption&quot;:&quot;O jogador Mina, da SE Palmeiras, em jogo contra a equipe do SC Corinthians P, durante partida v\\u00e1lida pela d\\u00e9cima terceira rodada, do Campeonato Brasileiro, S\\u00e9rie A, na Arena Allianz Parque.&quot;,&quot;created_timestamp&quot;:&quot;1499900078&quot;,&quot;copyright&quot;:&quot;Cesar Greco&quot;,&quot;focal_length&quot;:&quot;400&quot;,&quot;iso&quot;:&quot;1250&quot;,&quot;shutter_speed&quot;:&quot;0.00125&quot;,&quot;title&quot;:&quot;&quot;,&quot;orientation&quot;:&quot;0&quot;}\" data-image-title=\"35849784696_b4fc3197e9_o\" data-image-description=\"\" data-image-caption=\"&lt;p&gt;O jogador Mina, da SE Palmeiras, em jogo contra a equipe do SC Corinthians P, durante partida v\u00e1lida pela d\u00e9cima terceira rodada, do Campeonato Brasileiro, S\u00e9rie A, na Arena Allianz Parque.&lt;\/p&gt;\n\" data-large-file=\"https:\/\/i0.wp.com\/blogdoprosperi.com\/wp-content\/uploads\/2017\/07\/35849784696_b4fc3197e9_o.jpg?fit=940%2C541&amp;ssl=1\" class=\"alignnone size-full wp-image-36447\" src=\"https:\/\/i0.wp.com\/blogdoprosperi.com\/wp-content\/uploads\/2017\/07\/35849784696_b4fc3197e9_o.jpg?resize=940%2C541&#038;ssl=1\" alt=\"35849784696_b4fc3197e9_o\" width=\"940\" height=\"541\" \/><\/span><\/p>\n<p>Aplicado, obediente, solid\u00e1rio, o Corinthians quase n\u00e3o ficou com a bola. Nos poucos ou raros momentos em que teve sua posse, construiu dois gols \u2013 um de p\u00eanalti e outro em contra-ataque. Seguiu seu ritual de levar pancadas, proteger o f\u00edgado e n\u00e3o expor o queixo. E impactante como uma marreta na hora de definir o jogo.<\/p>\n<p>Ao tirar o Palmeiras de sua frente, o time de Carille tem no seu encal\u00e7o Flamengo e Gr\u00eamio, que se enfrentam nesta quinta-feira, e o Santos, com nuances de que pode voar mais alto depois de derrotar (1 a 0) o Atl\u00e9tico-MG fora de casa nesta quarta-feira. O resto n\u00e3o conta, por enquanto. Se n\u00e3o perder jogadores importantes, por les\u00e3o ou no mercado, Corinthians dificilmente deixar\u00e1 de levantar a ta\u00e7a em dezembro.<\/p>\n<p><span class=\"alignnone\"><img data-recalc-dims=\"1\" loading=\"lazy\" decoding=\"async\" data-attachment-id=\"36445\" data-permalink=\"https:\/\/blogdoprosperi.com\/?attachment_id=36445\" data-orig-file=\"https:\/\/i0.wp.com\/blogdoprosperi.com\/wp-content\/uploads\/2017\/07\/35849784906_fa75c7f2eb_z.jpg?fit=640%2C379&amp;ssl=1\" data-orig-size=\"640,379\" data-comments-opened=\"1\" data-image-meta=\"{&quot;aperture&quot;:&quot;0&quot;,&quot;credit&quot;:&quot;&quot;,&quot;camera&quot;:&quot;&quot;,&quot;caption&quot;:&quot;&quot;,&quot;created_timestamp&quot;:&quot;0&quot;,&quot;copyright&quot;:&quot;&quot;,&quot;focal_length&quot;:&quot;0&quot;,&quot;iso&quot;:&quot;0&quot;,&quot;shutter_speed&quot;:&quot;0&quot;,&quot;title&quot;:&quot;&quot;,&quot;orientation&quot;:&quot;0&quot;}\" data-image-title=\"35849784906_fa75c7f2eb_z\" data-image-description=\"\" data-image-caption=\"\" data-large-file=\"https:\/\/i0.wp.com\/blogdoprosperi.com\/wp-content\/uploads\/2017\/07\/35849784906_fa75c7f2eb_z.jpg?fit=640%2C379&amp;ssl=1\" class=\"alignnone size-full wp-image-36445\" src=\"https:\/\/i0.wp.com\/blogdoprosperi.com\/wp-content\/uploads\/2017\/07\/35849784906_fa75c7f2eb_z.jpg?resize=640%2C379&#038;ssl=1\" alt=\"35849784906_fa75c7f2eb_z\" width=\"640\" height=\"379\" \/><\/span><\/p>\n<p><strong>Problemas de Cuca<\/strong><\/p>\n<p>Encontrar um time em duas semanas at\u00e9 o confronto decisivo contra o Barcelona do Equador nas oitavas de final da Copa do Brasil. Parada dura.<\/p>\n<p>Prass, Jean, Mina, Dracena e Michel Bastos; Felipe Melo, Tch\u00ea Tch\u00ea (Bruno Henrique) e Guerra; Roger Guedes, Deyverson e Dudu. Essa escala\u00e7\u00e3o est\u00e1 na cabe\u00e7a de Cuca, sem trocadilhos, para avan\u00e7ar na Libertadores.<\/p>\n<p><strong>Problemas de Carille<\/strong><\/p>\n<p>Por enquanto, nenhum. Apenas manter a concentra\u00e7\u00e3o e aplica\u00e7\u00e3o dos jogadores. De prefer\u00eancia, sem intromiss\u00e3o dos dirigentes \u2013 at\u00e9 aqui sem cr\u00edticas.<\/p>\n<p><a href=\"http:\/\/chuteirafc.cartacapital.com.br\">(Leia not\u00edcias e an\u00e1lises de futebol no CHUTEIRA FC)<\/a><\/p>\n<p>&nbsp;<\/p>\n","protected":false},"excerpt":{"rendered":"<p>Corinthians \u00e9 um time sem segredo. Se defende com min\u00facias, cada setor tem marca\u00e7\u00e3o dobrada. Avan\u00e7a em triangula\u00e7\u00f5es [&hellip;]<\/p>\n","protected":false},"author":102107496,"featured_media":36444,"comment_status":"open","ping_status":"open","sticky":false,"template":"","format":"standard","meta":{"_coblocks_attr":"","_coblocks_dimensions":"","_coblocks_responsive_height":"","_coblocks_accordion_ie_support":"","_jetpack_newsletter_access":"","_jetpack_dont_email_post_to_subs":false,"_jetpack_newsletter_tier_id":0,"_jetpack_memberships_contains_paywalled_content":false,"_wpcom_ai_launchpad_first_post":false,"_jetpack_feature_clip_id":0,"_jetpack_memberships_contains_paid_content":false,"footnotes":"","jetpack_publicize_message":"","jetpack_publicize_feature_enabled":true,"jetpack_social_post_already_shared":false,"jetpack_social_options":{"image_generator_settings":{"template":"highway","default_image_id":0,"font":"","enabled":false},"version":2},"jetpack_post_was_ever_published":false},"categories":[355071,53870],"tags":[125019449,177066,85954,5430725,789560560,4558380],"class_list":["post-36427","post","type-post","status-publish","format-standard","has-post-thumbnail","hentry","category-campeonato-brasileiro","category-futebol","tag-carille","tag-corinthians","tag-cuca","tag-felipe-melo","tag-futebol","tag-se-palmeiras"],"yoast_head":"<!-- This site is optimized with the Yoast SEO plugin v28.4 - https:\/\/yoast.com\/product\/yoast-seo-wordpress\/ -->\n<title>Corinthians entra no t\u00fanel e v\u00ea luz da ta\u00e7a logo ali - PR\u00d3SPERI NEWS<\/title>\n<meta name=\"robots\" content=\"index, follow, max-snippet:-1, max-image-preview:large, max-video-preview:-1\" \/>\n<link rel=\"canonical\" href=\"https:\/\/blogdoprosperi.com\/?p=36427\" \/>\n<meta property=\"og:locale\" content=\"pt_BR\" \/>\n<meta property=\"og:type\" content=\"article\" \/>\n<meta property=\"og:title\" content=\"Corinthians entra no t\u00fanel e v\u00ea luz da ta\u00e7a logo ali - PR\u00d3SPERI NEWS\" \/>\n<meta property=\"og:description\" content=\"Corinthians \u00e9 um time sem segredo. Se defende com min\u00facias, cada setor tem marca\u00e7\u00e3o dobrada. Avan\u00e7a em triangula\u00e7\u00f5es [&hellip;]\" \/>\n<meta property=\"og:url\" content=\"https:\/\/blogdoprosperi.com\/?p=36427\" \/>\n<meta property=\"og:site_name\" content=\"PR\u00d3SPERI NEWS\" \/>\n<meta property=\"article:publisher\" content=\"Luiz Pr\u00f3speri\" \/>\n<meta property=\"article:author\" content=\"Luiz Pr\u00f3speri\" \/>\n<meta property=\"article:published_time\" content=\"2017-07-13T22:16:11+00:00\" \/>\n<meta property=\"og:image\" content=\"https:\/\/i0.wp.com\/blogdoprosperi.com\/wp-content\/uploads\/2017\/07\/pro-7.jpg?fit=5184%2C3456&ssl=1\" \/>\n\t<meta property=\"og:image:width\" content=\"5184\" \/>\n\t<meta property=\"og:image:height\" content=\"3456\" \/>\n\t<meta property=\"og:image:type\" content=\"image\/jpeg\" \/>\n<meta name=\"author\" content=\"Luiz Ant\u00f4nio Pr\u00f3speri\" \/>\n<meta name=\"twitter:card\" content=\"summary_large_image\" \/>\n<meta name=\"twitter:creator\" content=\"@Luizprosperi\" \/>\n<meta name=\"twitter:site\" content=\"@Luizprosperi\" \/>\n<meta name=\"twitter:label1\" content=\"Escrito por\" \/>\n\t<meta name=\"twitter:data1\" content=\"Luiz Ant\u00f4nio Pr\u00f3speri\" \/>\n\t<meta name=\"twitter:label2\" content=\"Est. tempo de leitura\" \/>\n\t<meta name=\"twitter:data2\" content=\"3 minutos\" \/>\n<script type=\"application\/ld+json\" class=\"yoast-schema-graph\">{\"@context\":\"https:\\\/\\\/schema.org\",\"@graph\":[{\"@type\":\"Article\",\"@id\":\"https:\\\/\\\/blogdoprosperi.com\\\/?p=36427#article\",\"isPartOf\":{\"@id\":\"https:\\\/\\\/blogdoprosperi.com\\\/?p=36427\"},\"author\":{\"name\":\"Luiz Ant\u00f4nio Pr\u00f3speri\",\"@id\":\"https:\\\/\\\/blogdoprosperi.com\\\/#\\\/schema\\\/person\\\/38100755ce3601861ee4fab9b5aa78e9\"},\"headline\":\"Corinthians entra no t\u00fanel e v\u00ea luz da ta\u00e7a logo ali\",\"datePublished\":\"2017-07-13T22:16:11+00:00\",\"mainEntityOfPage\":{\"@id\":\"https:\\\/\\\/blogdoprosperi.com\\\/?p=36427\"},\"wordCount\":590,\"commentCount\":0,\"publisher\":{\"@id\":\"https:\\\/\\\/blogdoprosperi.com\\\/#\\\/schema\\\/person\\\/38100755ce3601861ee4fab9b5aa78e9\"},\"image\":{\"@id\":\"https:\\\/\\\/blogdoprosperi.com\\\/?p=36427#primaryimage\"},\"thumbnailUrl\":\"https:\\\/\\\/i0.wp.com\\\/blogdoprosperi.com\\\/wp-content\\\/uploads\\\/2017\\\/07\\\/pro-7.jpg?fit=5184%2C3456&ssl=1\",\"keywords\":[\"Carille\",\"Corinthians\",\"Cuca\",\"Felipe Melo\",\"futebol\",\"SE Palmeiras\"],\"articleSection\":[\"Campeonato Brasileiro\",\"futebol\"],\"inLanguage\":\"pt-BR\",\"potentialAction\":[{\"@type\":\"CommentAction\",\"name\":\"Comment\",\"target\":[\"https:\\\/\\\/blogdoprosperi.com\\\/?p=36427#respond\"]}]},{\"@type\":\"WebPage\",\"@id\":\"https:\\\/\\\/blogdoprosperi.com\\\/?p=36427\",\"url\":\"https:\\\/\\\/blogdoprosperi.com\\\/?p=36427\",\"name\":\"Corinthians entra no t\u00fanel e v\u00ea luz da ta\u00e7a logo ali - PR\u00d3SPERI NEWS\",\"isPartOf\":{\"@id\":\"https:\\\/\\\/blogdoprosperi.com\\\/#website\"},\"primaryImageOfPage\":{\"@id\":\"https:\\\/\\\/blogdoprosperi.com\\\/?p=36427#primaryimage\"},\"image\":{\"@id\":\"https:\\\/\\\/blogdoprosperi.com\\\/?p=36427#primaryimage\"},\"thumbnailUrl\":\"https:\\\/\\\/i0.wp.com\\\/blogdoprosperi.com\\\/wp-content\\\/uploads\\\/2017\\\/07\\\/pro-7.jpg?fit=5184%2C3456&ssl=1\",\"datePublished\":\"2017-07-13T22:16:11+00:00\",\"breadcrumb\":{\"@id\":\"https:\\\/\\\/blogdoprosperi.com\\\/?p=36427#breadcrumb\"},\"inLanguage\":\"pt-BR\",\"potentialAction\":[{\"@type\":\"ReadAction\",\"target\":[\"https:\\\/\\\/blogdoprosperi.com\\\/?p=36427\"]}]},{\"@type\":\"ImageObject\",\"inLanguage\":\"pt-BR\",\"@id\":\"https:\\\/\\\/blogdoprosperi.com\\\/?p=36427#primaryimage\",\"url\":\"https:\\\/\\\/i0.wp.com\\\/blogdoprosperi.com\\\/wp-content\\\/uploads\\\/2017\\\/07\\\/pro-7.jpg?fit=5184%2C3456&ssl=1\",\"contentUrl\":\"https:\\\/\\\/i0.wp.com\\\/blogdoprosperi.com\\\/wp-content\\\/uploads\\\/2017\\\/07\\\/pro-7.jpg?fit=5184%2C3456&ssl=1\",\"width\":5184,\"height\":3456},{\"@type\":\"BreadcrumbList\",\"@id\":\"https:\\\/\\\/blogdoprosperi.com\\\/?p=36427#breadcrumb\",\"itemListElement\":[{\"@type\":\"ListItem\",\"position\":1,\"name\":\"In\u00edcio\",\"item\":\"https:\\\/\\\/blogdoprosperi.com\\\/\"},{\"@type\":\"ListItem\",\"position\":2,\"name\":\"Corinthians entra no t\u00fanel e v\u00ea luz da ta\u00e7a logo ali\"}]},{\"@type\":\"WebSite\",\"@id\":\"https:\\\/\\\/blogdoprosperi.com\\\/#website\",\"url\":\"https:\\\/\\\/blogdoprosperi.com\\\/\",\"name\":\"PR\u00d3SPERI NEWS\",\"description\":\"TUDO \u00c9  FUTEBOL\",\"publisher\":{\"@id\":\"https:\\\/\\\/blogdoprosperi.com\\\/#\\\/schema\\\/person\\\/38100755ce3601861ee4fab9b5aa78e9\"},\"alternateName\":\"blogdoprosperi.com\",\"potentialAction\":[{\"@type\":\"SearchAction\",\"target\":{\"@type\":\"EntryPoint\",\"urlTemplate\":\"https:\\\/\\\/blogdoprosperi.com\\\/?s={search_term_string}\"},\"query-input\":{\"@type\":\"PropertyValueSpecification\",\"valueRequired\":true,\"valueName\":\"search_term_string\"}}],\"inLanguage\":\"pt-BR\"},{\"@type\":[\"Person\",\"Organization\"],\"@id\":\"https:\\\/\\\/blogdoprosperi.com\\\/#\\\/schema\\\/person\\\/38100755ce3601861ee4fab9b5aa78e9\",\"name\":\"Luiz Ant\u00f4nio Pr\u00f3speri\",\"pronouns\":\"ele\",\"image\":{\"@type\":\"ImageObject\",\"inLanguage\":\"pt-BR\",\"@id\":\"https:\\\/\\\/i0.wp.com\\\/blogdoprosperi.com\\\/wp-content\\\/uploads\\\/2026\\\/05\\\/cropped-8059e613-6002-42fa-961e-8e275f575d71-2-5.jpg?fit=1360%2C931&ssl=1\",\"url\":\"https:\\\/\\\/i0.wp.com\\\/blogdoprosperi.com\\\/wp-content\\\/uploads\\\/2026\\\/05\\\/cropped-8059e613-6002-42fa-961e-8e275f575d71-2-5.jpg?fit=1360%2C931&ssl=1\",\"contentUrl\":\"https:\\\/\\\/i0.wp.com\\\/blogdoprosperi.com\\\/wp-content\\\/uploads\\\/2026\\\/05\\\/cropped-8059e613-6002-42fa-961e-8e275f575d71-2-5.jpg?fit=1360%2C931&ssl=1\",\"width\":1360,\"height\":931,\"caption\":\"Luiz Ant\u00f4nio Pr\u00f3speri\"},\"logo\":{\"@id\":\"https:\\\/\\\/i0.wp.com\\\/blogdoprosperi.com\\\/wp-content\\\/uploads\\\/2026\\\/05\\\/cropped-8059e613-6002-42fa-961e-8e275f575d71-2-5.jpg?fit=1360%2C931&ssl=1\"},\"description\":\"Jornalista com carreira dedicada ao esporte. Cobriu 9 Copas do Mundo in loco, 1990 na It\u00e1lia, 1994 nos EUA, 1998 na Fran\u00e7a, 2002 na Coreia do Sul e Jap\u00e3o, 2006 na Alemanha, 2010 na \u00c1frica do Sul, 2014 no Brasil, 2018 na R\u00fassia e 2022 no Qatar. Eurocopas, 1992 na Su\u00e9cia e 1996 na Inglaterra. Copa das Confedera\u00e7\u00f5es de 2005 na Alemanha e 2009 na \u00c1frica do Sul. Rep\u00f3rter e Editor, trabalhou no Jornal da Tarde e Estad\u00e3o, de 1984 a fevereiro de 2016. Colunista, blogueiro. E comentarista de futebol na R\u00e1dio Estad\u00e3o, de 2013 a fevereiro de 2016. Jornalista respons\u00e1vel do \\\"Pr\u00f3speri News\\\" (blogdoprosperi.com).\",\"sameAs\":[\"http:\\\/\\\/blogdoprosperi.com\",\"Luiz Pr\u00f3speri\",\"@luiz_prosperi\",\"https:\\\/\\\/x.com\\\/Luizprosperi\",\"@prosperinacopa\",\"luiz.prosperi@icloud.com\"],\"url\":\"https:\\\/\\\/blogdoprosperi.com\\\/?author=102107496\"}]}<\/script>\n<!-- \/ Yoast SEO plugin. -->","yoast_head_json":{"title":"Corinthians entra no t\u00fanel e v\u00ea luz da ta\u00e7a logo ali - PR\u00d3SPERI NEWS","robots":{"index":"index","follow":"follow","max-snippet":"max-snippet:-1","max-image-preview":"max-image-preview:large","max-video-preview":"max-video-preview:-1"},"canonical":"https:\/\/blogdoprosperi.com\/?p=36427","og_locale":"pt_BR","og_type":"article","og_title":"Corinthians entra no t\u00fanel e v\u00ea luz da ta\u00e7a logo ali - PR\u00d3SPERI NEWS","og_description":"Corinthians \u00e9 um time sem segredo. Se defende com min\u00facias, cada setor tem marca\u00e7\u00e3o dobrada. Avan\u00e7a em triangula\u00e7\u00f5es [&hellip;]","og_url":"https:\/\/blogdoprosperi.com\/?p=36427","og_site_name":"PR\u00d3SPERI NEWS","article_publisher":"Luiz Pr\u00f3speri","article_author":"Luiz Pr\u00f3speri","article_published_time":"2017-07-13T22:16:11+00:00","og_image":[{"width":5184,"height":3456,"url":"https:\/\/i0.wp.com\/blogdoprosperi.com\/wp-content\/uploads\/2017\/07\/pro-7.jpg?fit=5184%2C3456&ssl=1","type":"image\/jpeg"}],"author":"Luiz Ant\u00f4nio Pr\u00f3speri","twitter_card":"summary_large_image","twitter_creator":"@Luizprosperi","twitter_site":"@Luizprosperi","twitter_misc":{"Escrito por":"Luiz Ant\u00f4nio Pr\u00f3speri","Est. tempo de leitura":"3 minutos"},"schema":{"@context":"https:\/\/schema.org","@graph":[{"@type":"Article","@id":"https:\/\/blogdoprosperi.com\/?p=36427#article","isPartOf":{"@id":"https:\/\/blogdoprosperi.com\/?p=36427"},"author":{"name":"Luiz Ant\u00f4nio Pr\u00f3speri","@id":"https:\/\/blogdoprosperi.com\/#\/schema\/person\/38100755ce3601861ee4fab9b5aa78e9"},"headline":"Corinthians entra no t\u00fanel e v\u00ea luz da ta\u00e7a logo ali","datePublished":"2017-07-13T22:16:11+00:00","mainEntityOfPage":{"@id":"https:\/\/blogdoprosperi.com\/?p=36427"},"wordCount":590,"commentCount":0,"publisher":{"@id":"https:\/\/blogdoprosperi.com\/#\/schema\/person\/38100755ce3601861ee4fab9b5aa78e9"},"image":{"@id":"https:\/\/blogdoprosperi.com\/?p=36427#primaryimage"},"thumbnailUrl":"https:\/\/i0.wp.com\/blogdoprosperi.com\/wp-content\/uploads\/2017\/07\/pro-7.jpg?fit=5184%2C3456&ssl=1","keywords":["Carille","Corinthians","Cuca","Felipe Melo","futebol","SE Palmeiras"],"articleSection":["Campeonato Brasileiro","futebol"],"inLanguage":"pt-BR","potentialAction":[{"@type":"CommentAction","name":"Comment","target":["https:\/\/blogdoprosperi.com\/?p=36427#respond"]}]},{"@type":"WebPage","@id":"https:\/\/blogdoprosperi.com\/?p=36427","url":"https:\/\/blogdoprosperi.com\/?p=36427","name":"Corinthians entra no t\u00fanel e v\u00ea luz da ta\u00e7a logo ali - PR\u00d3SPERI NEWS","isPartOf":{"@id":"https:\/\/blogdoprosperi.com\/#website"},"primaryImageOfPage":{"@id":"https:\/\/blogdoprosperi.com\/?p=36427#primaryimage"},"image":{"@id":"https:\/\/blogdoprosperi.com\/?p=36427#primaryimage"},"thumbnailUrl":"https:\/\/i0.wp.com\/blogdoprosperi.com\/wp-content\/uploads\/2017\/07\/pro-7.jpg?fit=5184%2C3456&ssl=1","datePublished":"2017-07-13T22:16:11+00:00","breadcrumb":{"@id":"https:\/\/blogdoprosperi.com\/?p=36427#breadcrumb"},"inLanguage":"pt-BR","potentialAction":[{"@type":"ReadAction","target":["https:\/\/blogdoprosperi.com\/?p=36427"]}]},{"@type":"ImageObject","inLanguage":"pt-BR","@id":"https:\/\/blogdoprosperi.com\/?p=36427#primaryimage","url":"https:\/\/i0.wp.com\/blogdoprosperi.com\/wp-content\/uploads\/2017\/07\/pro-7.jpg?fit=5184%2C3456&ssl=1","contentUrl":"https:\/\/i0.wp.com\/blogdoprosperi.com\/wp-content\/uploads\/2017\/07\/pro-7.jpg?fit=5184%2C3456&ssl=1","width":5184,"height":3456},{"@type":"BreadcrumbList","@id":"https:\/\/blogdoprosperi.com\/?p=36427#breadcrumb","itemListElement":[{"@type":"ListItem","position":1,"name":"In\u00edcio","item":"https:\/\/blogdoprosperi.com\/"},{"@type":"ListItem","position":2,"name":"Corinthians entra no t\u00fanel e v\u00ea luz da ta\u00e7a logo ali"}]},{"@type":"WebSite","@id":"https:\/\/blogdoprosperi.com\/#website","url":"https:\/\/blogdoprosperi.com\/","name":"PR\u00d3SPERI NEWS","description":"TUDO \u00c9  FUTEBOL","publisher":{"@id":"https:\/\/blogdoprosperi.com\/#\/schema\/person\/38100755ce3601861ee4fab9b5aa78e9"},"alternateName":"blogdoprosperi.com","potentialAction":[{"@type":"SearchAction","target":{"@type":"EntryPoint","urlTemplate":"https:\/\/blogdoprosperi.com\/?s={search_term_string}"},"query-input":{"@type":"PropertyValueSpecification","valueRequired":true,"valueName":"search_term_string"}}],"inLanguage":"pt-BR"},{"@type":["Person","Organization"],"@id":"https:\/\/blogdoprosperi.com\/#\/schema\/person\/38100755ce3601861ee4fab9b5aa78e9","name":"Luiz Ant\u00f4nio Pr\u00f3speri","pronouns":"ele","image":{"@type":"ImageObject","inLanguage":"pt-BR","@id":"https:\/\/i0.wp.com\/blogdoprosperi.com\/wp-content\/uploads\/2026\/05\/cropped-8059e613-6002-42fa-961e-8e275f575d71-2-5.jpg?fit=1360%2C931&ssl=1","url":"https:\/\/i0.wp.com\/blogdoprosperi.com\/wp-content\/uploads\/2026\/05\/cropped-8059e613-6002-42fa-961e-8e275f575d71-2-5.jpg?fit=1360%2C931&ssl=1","contentUrl":"https:\/\/i0.wp.com\/blogdoprosperi.com\/wp-content\/uploads\/2026\/05\/cropped-8059e613-6002-42fa-961e-8e275f575d71-2-5.jpg?fit=1360%2C931&ssl=1","width":1360,"height":931,"caption":"Luiz Ant\u00f4nio Pr\u00f3speri"},"logo":{"@id":"https:\/\/i0.wp.com\/blogdoprosperi.com\/wp-content\/uploads\/2026\/05\/cropped-8059e613-6002-42fa-961e-8e275f575d71-2-5.jpg?fit=1360%2C931&ssl=1"},"description":"Jornalista com carreira dedicada ao esporte. Cobriu 9 Copas do Mundo in loco, 1990 na It\u00e1lia, 1994 nos EUA, 1998 na Fran\u00e7a, 2002 na Coreia do Sul e Jap\u00e3o, 2006 na Alemanha, 2010 na \u00c1frica do Sul, 2014 no Brasil, 2018 na R\u00fassia e 2022 no Qatar. Eurocopas, 1992 na Su\u00e9cia e 1996 na Inglaterra. Copa das Confedera\u00e7\u00f5es de 2005 na Alemanha e 2009 na \u00c1frica do Sul. Rep\u00f3rter e Editor, trabalhou no Jornal da Tarde e Estad\u00e3o, de 1984 a fevereiro de 2016. Colunista, blogueiro. E comentarista de futebol na R\u00e1dio Estad\u00e3o, de 2013 a fevereiro de 2016. Jornalista respons\u00e1vel do \"Pr\u00f3speri News\" (blogdoprosperi.com).","sameAs":["http:\/\/blogdoprosperi.com","Luiz Pr\u00f3speri","@luiz_prosperi","https:\/\/x.com\/Luizprosperi","@prosperinacopa","luiz.prosperi@icloud.com"],"url":"https:\/\/blogdoprosperi.com\/?author=102107496"}]}},"jetpack_publicize_connections":[],"jetpack_likes_enabled":false,"jetpack_sharing_enabled":true,"jetpack_shortlink":"https:\/\/wp.me\/p7jvdk-9tx","jetpack-related-posts":[{"id":25986,"url":"https:\/\/blogdoprosperi.com\/?p=25986","url_meta":{"origin":36427,"position":0},"title":"An\u00e1lise da 26\u00aa rodada em 5 temas: Palmeiras e Flamengo n\u00e3o se suportam; Santos n\u00e3o desiste da briga; S\u00e3o Paulo e Corinthians se esfarelam","author":"Luiz Ant\u00f4nio Pr\u00f3speri","date":"18 de setembro de 2016","format":false,"excerpt":"Palmeiras e Flamengo se consolidam como postulantes ao t\u00edtulo e se distanciam, com a bola que t\u00eam jogado, de Atl\u00e9tico-MG e Santos, dois times com um pouco de soberba nos momentos decisivos. Corinthians, em queda livre, parece ter abandonado a peleja ao demitir Crist\u00f3v\u00e3o Borges ap\u00f3s derrota no cl\u00e1ssico no\u2026","rel":"","context":"Em &quot;Campeonato Brasileiro&quot;","block_context":{"text":"Campeonato Brasileiro","link":"https:\/\/blogdoprosperi.com\/?cat=355071"},"img":{"alt_text":"","src":"https:\/\/i0.wp.com\/blogdoprosperi.com\/wp-content\/uploads\/2016\/09\/pro7-15.jpg?resize=350%2C200","width":350,"height":200,"srcset":"https:\/\/i0.wp.com\/blogdoprosperi.com\/wp-content\/uploads\/2016\/09\/pro7-15.jpg?resize=350%2C200 1x, https:\/\/i0.wp.com\/blogdoprosperi.com\/wp-content\/uploads\/2016\/09\/pro7-15.jpg?resize=525%2C300 1.5x, https:\/\/i0.wp.com\/blogdoprosperi.com\/wp-content\/uploads\/2016\/09\/pro7-15.jpg?resize=700%2C400 2x, https:\/\/i0.wp.com\/blogdoprosperi.com\/wp-content\/uploads\/2016\/09\/pro7-15.jpg?resize=1050%2C600 3x, https:\/\/i0.wp.com\/blogdoprosperi.com\/wp-content\/uploads\/2016\/09\/pro7-15.jpg?resize=1400%2C800 4x"},"classes":[]},{"id":25775,"url":"https:\/\/blogdoprosperi.com\/?p=25775","url_meta":{"origin":36427,"position":1},"title":"Palmeiras pulveriza Corinthians no Itaquer\u00e3o e Crist\u00f3v\u00e3o Borges \u00e9 demitido","author":"Luiz Ant\u00f4nio Pr\u00f3speri","date":"17 de setembro de 2016","format":false,"excerpt":"\u00a0 Palmeiras fez um cl\u00e1ssico de quem briga pelo t\u00edtulo e o Corinthians, dos sem ambi\u00e7\u00e3o e sem for\u00e7a. Posturas diferentes e exemplares do destino dos rivais neste Campeonato Brasileiro. N\u00e3o por acaso, torcedores se voltaram contra o presidente Roberto Andrade e assessores nos camarotes. Xingamentos, dedos apontados aos culpados\u2026","rel":"","context":"Em &quot;Campeonato Brasileiro&quot;","block_context":{"text":"Campeonato Brasileiro","link":"https:\/\/blogdoprosperi.com\/?cat=355071"},"img":{"alt_text":"","src":"https:\/\/i0.wp.com\/blogdoprosperi.com\/wp-content\/uploads\/2016\/09\/pro6-16.jpg?resize=350%2C200","width":350,"height":200,"srcset":"https:\/\/i0.wp.com\/blogdoprosperi.com\/wp-content\/uploads\/2016\/09\/pro6-16.jpg?resize=350%2C200 1x, https:\/\/i0.wp.com\/blogdoprosperi.com\/wp-content\/uploads\/2016\/09\/pro6-16.jpg?resize=525%2C300 1.5x, https:\/\/i0.wp.com\/blogdoprosperi.com\/wp-content\/uploads\/2016\/09\/pro6-16.jpg?resize=700%2C400 2x, https:\/\/i0.wp.com\/blogdoprosperi.com\/wp-content\/uploads\/2016\/09\/pro6-16.jpg?resize=1050%2C600 3x, https:\/\/i0.wp.com\/blogdoprosperi.com\/wp-content\/uploads\/2016\/09\/pro6-16.jpg?resize=1400%2C800 4x"},"classes":[]},{"id":31254,"url":"https:\/\/blogdoprosperi.com\/?p=31254","url_meta":{"origin":36427,"position":2},"title":"Entenda como Palmeiras supera concorr\u00eancia na briga pela ta\u00e7a","author":"Luiz Ant\u00f4nio Pr\u00f3speri","date":"7 de novembro de 2016","format":false,"excerpt":"Palmeiras est\u00e1 no centro da discuss\u00e3o nesta reta final do Brasileir\u00e3o. Alvo preferido da pol\u00eamica de que vai ser campe\u00e3o, apesar de n\u00e3o jogar um futebol empolgante, bonito de se ver. Ou n\u00e3o tem sido t\u00e3o brilhante como o Corinthians, dono inconteste da ta\u00e7a em 2015. Alguns colegas jornalistas t\u00eam\u2026","rel":"","context":"Em &quot;Campeonato Brasileiro&quot;","block_context":{"text":"Campeonato Brasileiro","link":"https:\/\/blogdoprosperi.com\/?cat=355071"},"img":{"alt_text":"","src":"https:\/\/i0.wp.com\/blogdoprosperi.com\/wp-content\/uploads\/2016\/11\/26411418633_7a2551a277_o.jpg?resize=350%2C200&ssl=1","width":350,"height":200,"srcset":"https:\/\/i0.wp.com\/blogdoprosperi.com\/wp-content\/uploads\/2016\/11\/26411418633_7a2551a277_o.jpg?resize=350%2C200&ssl=1 1x, https:\/\/i0.wp.com\/blogdoprosperi.com\/wp-content\/uploads\/2016\/11\/26411418633_7a2551a277_o.jpg?resize=525%2C300&ssl=1 1.5x, https:\/\/i0.wp.com\/blogdoprosperi.com\/wp-content\/uploads\/2016\/11\/26411418633_7a2551a277_o.jpg?resize=700%2C400&ssl=1 2x"},"classes":[]},{"id":29743,"url":"https:\/\/blogdoprosperi.com\/?p=29743","url_meta":{"origin":36427,"position":3},"title":"Palmeiras faz sua parte e, com ajuda do Corinthians, abre seis pontos do Flamengo","author":"Luiz Ant\u00f4nio Pr\u00f3speri","date":"23 de outubro de 2016","format":false,"excerpt":"Palmeiras superou seu fraco futebol, o p\u00e9ssimo gramado do Allianz Parque, aus\u00eancia de Gabriel Jesus e a gana do Sport neste domingo (23\/10). Sem brilho e lustro, venceu por 2 a 1 e, com ajuda do Corinthians, abriu seis pontos do vice-l\u00edder Flamengo, a seis rodadas do fim do Campeonato\u2026","rel":"","context":"Em &quot;Campeonato Brasileiro&quot;","block_context":{"text":"Campeonato Brasileiro","link":"https:\/\/blogdoprosperi.com\/?cat=355071"},"img":{"alt_text":"","src":"https:\/\/i0.wp.com\/blogdoprosperi.com\/wp-content\/uploads\/2016\/10\/pro5-242.jpg?resize=350%2C200&ssl=1","width":350,"height":200,"srcset":"https:\/\/i0.wp.com\/blogdoprosperi.com\/wp-content\/uploads\/2016\/10\/pro5-242.jpg?resize=350%2C200&ssl=1 1x, https:\/\/i0.wp.com\/blogdoprosperi.com\/wp-content\/uploads\/2016\/10\/pro5-242.jpg?resize=525%2C300&ssl=1 1.5x, https:\/\/i0.wp.com\/blogdoprosperi.com\/wp-content\/uploads\/2016\/10\/pro5-242.jpg?resize=700%2C400&ssl=1 2x, https:\/\/i0.wp.com\/blogdoprosperi.com\/wp-content\/uploads\/2016\/10\/pro5-242.jpg?resize=1050%2C600&ssl=1 3x, https:\/\/i0.wp.com\/blogdoprosperi.com\/wp-content\/uploads\/2016\/10\/pro5-242.jpg?resize=1400%2C800&ssl=1 4x"},"classes":[]},{"id":9280,"url":"https:\/\/blogdoprosperi.com\/?p=9280","url_meta":{"origin":36427,"position":4},"title":"Cuca est\u00e1 mais preocupado que Tite com a sa\u00edda de jogadores","author":"Luiz Ant\u00f4nio Pr\u00f3speri","date":"8 de junho de 2016","format":false,"excerpt":"\u00a0 Tite n\u00e3o est\u00e1 muito preocupado com o segundo desmanche do Corinthians. Jogadores cotados para para sair nesta janela de transfer\u00eancia n\u00e3o provocariam um estrago consider\u00e1vel no time. N\u00e3o \u00e9 a mesma situa\u00e7\u00e3o de Cuca se o Palmeiras, por exemplo, negociar Gabriel Jesus ao futebol europeu. Dos com sa\u00edda iminente\u2026","rel":"","context":"Em &quot;Campeonato Brasileiro&quot;","block_context":{"text":"Campeonato Brasileiro","link":"https:\/\/blogdoprosperi.com\/?cat=355071"},"img":{"alt_text":"","src":"https:\/\/i0.wp.com\/blogdoprosperi.com\/wp-content\/uploads\/2016\/06\/20859744473_9956252938_o-480.jpg?resize=350%2C200&ssl=1","width":350,"height":200,"srcset":"https:\/\/i0.wp.com\/blogdoprosperi.com\/wp-content\/uploads\/2016\/06\/20859744473_9956252938_o-480.jpg?resize=350%2C200&ssl=1 1x, https:\/\/i0.wp.com\/blogdoprosperi.com\/wp-content\/uploads\/2016\/06\/20859744473_9956252938_o-480.jpg?resize=525%2C300&ssl=1 1.5x"},"classes":[]},{"id":41608,"url":"https:\/\/blogdoprosperi.com\/?p=41608","url_meta":{"origin":36427,"position":5},"title":"S\u00e3o Paulo contrata bombeiro, Corinthians fecha com incendi\u00e1rio","author":"Luiz Ant\u00f4nio Pr\u00f3speri","date":"20 de abril de 2023","format":false,"excerpt":"Dorival Junior no S\u00e3o Paulo e Cuca no Corinthians voltam ao futebol paulista com a dura miss\u00e3o de reerguer dois gigantes.","rel":"","context":"Em &quot;futebol&quot;","block_context":{"text":"futebol","link":"https:\/\/blogdoprosperi.com\/?cat=53870"},"img":{"alt_text":"","src":"https:\/\/i0.wp.com\/blogdoprosperi.com\/wp-content\/uploads\/2023\/04\/fulk2oqxsai4x7e.jpeg?fit=1080%2C1080&ssl=1&resize=350%2C200","width":350,"height":200,"srcset":"https:\/\/i0.wp.com\/blogdoprosperi.com\/wp-content\/uploads\/2023\/04\/fulk2oqxsai4x7e.jpeg?fit=1080%2C1080&ssl=1&resize=350%2C200 1x, https:\/\/i0.wp.com\/blogdoprosperi.com\/wp-content\/uploads\/2023\/04\/fulk2oqxsai4x7e.jpeg?fit=1080%2C1080&ssl=1&resize=525%2C300 1.5x, https:\/\/i0.wp.com\/blogdoprosperi.com\/wp-content\/uploads\/2023\/04\/fulk2oqxsai4x7e.jpeg?fit=1080%2C1080&ssl=1&resize=700%2C400 2x, https:\/\/i0.wp.com\/blogdoprosperi.com\/wp-content\/uploads\/2023\/04\/fulk2oqxsai4x7e.jpeg?fit=1080%2C1080&ssl=1&resize=1050%2C600 3x"},"classes":[]}],"jetpack_featured_media_url":"https:\/\/i0.wp.com\/blogdoprosperi.com\/wp-content\/uploads\/2017\/07\/pro-7.jpg?fit=5184%2C3456&ssl=1","_links":{"self":[{"href":"https:\/\/blogdoprosperi.com\/index.php?rest_route=\/wp\/v2\/posts\/36427","targetHints":{"allow":["GET"]}}],"collection":[{"href":"https:\/\/blogdoprosperi.com\/index.php?rest_route=\/wp\/v2\/posts"}],"about":[{"href":"https:\/\/blogdoprosperi.com\/index.php?rest_route=\/wp\/v2\/types\/post"}],"author":[{"embeddable":true,"href":"https:\/\/blogdoprosperi.com\/index.php?rest_route=\/wp\/v2\/users\/102107496"}],"replies":[{"embeddable":true,"href":"https:\/\/blogdoprosperi.com\/index.php?rest_route=%2Fwp%2Fv2%2Fcomments&post=36427"}],"version-history":[{"count":23,"href":"https:\/\/blogdoprosperi.com\/index.php?rest_route=\/wp\/v2\/posts\/36427\/revisions"}],"predecessor-version":[{"id":36456,"href":"https:\/\/blogdoprosperi.com\/index.php?rest_route=\/wp\/v2\/posts\/36427\/revisions\/36456"}],"wp:featuredmedia":[{"embeddable":true,"href":"https:\/\/blogdoprosperi.com\/index.php?rest_route=\/wp\/v2\/media\/36444"}],"wp:attachment":[{"href":"https:\/\/blogdoprosperi.com\/index.php?rest_route=%2Fwp%2Fv2%2Fmedia&parent=36427"}],"wp:term":[{"taxonomy":"category","embeddable":true,"href":"https:\/\/blogdoprosperi.com\/index.php?rest_route=%2Fwp%2Fv2%2Fcategories&post=36427"},{"taxonomy":"post_tag","embeddable":true,"href":"https:\/\/blogdoprosperi.com\/index.php?rest_route=%2Fwp%2Fv2%2Ftags&post=36427"}],"curies":[{"name":"wp","href":"https:\/\/api.w.org\/{rel}","templated":true}]}}