{"id":36457,"date":"2017-07-27T13:02:30","date_gmt":"2017-07-27T16:02:30","guid":{"rendered":"http:\/\/blogdoprosperi.com\/?p=36457"},"modified":"2017-07-27T13:06:33","modified_gmt":"2017-07-27T16:06:33","slug":"palmeiras-e-a-libertadores-obsessao","status":"publish","type":"post","link":"https:\/\/blogdoprosperi.com\/?p=36457","title":{"rendered":"Palmeiras e a Libertadores obsess\u00e3o"},"content":{"rendered":"<p>Palmeiras e Adidas lan\u00e7aram uma camisa quase retr\u00f4, gola V, escudo enorme, e cor esmeralda, h\u00e1 pouco mais de tr\u00eas meses. Atr\u00e1s da gola est\u00e1 a inscri\u00e7\u00e3o &#8220;obsess\u00e3o&#8221;, uma homenagem aos c\u00e2nticos dos torcedores que entoam &#8220;Libertadores obsess\u00e3o&#8221;, a cada jornada do time. Esse lema ultrapassou a paix\u00e3o da torcida e contagiou dirigentes, comiss\u00e3o t\u00e9cnica, jogadores, roupeiros, cuidadores da grama, a imensa comunidade e, em especial, a patrocinadora do clube que fez um investimento de R$ 115 milh\u00f5es. Todos ca\u00edram na arapuca. E se o Palmeiras n\u00e3o conquistar a Libertadores?<!--more--><\/p>\n<p>A vida continua, poderia responder Cuca. O problema \u00e9 que o treinador n\u00e3o tem esse poder de dizer a vida continua.<\/p>\n<p>O que est\u00e1 em jogo n\u00e3o \u00e9 o alto investimento feito por uma patrocinadora quase sem precedentes no futebol brasileiro. Gasta quem tem, gasta quem pode.<\/p>\n<p>Se a estrat\u00e9gia da patrocinadora passa por conquistas no campo em busca de mais cacife pol\u00edtico no Palmeiras, a encrenca n\u00e3o \u00e9 do clube. Ela que se vire se n\u00e3o alcan\u00e7ar sua meta traduzida na conquista de t\u00edtulos e poder entre conselheiros rotos e novos ricos.<\/p>\n<p>A conversa n\u00e3o tem de ser por esse caminho. Investiu alto, criou expectativas em nome da &#8220;obsess\u00e3o&#8221; , portanto, se n\u00e3o levantar a ta\u00e7a, tudo vai escorrer pelo ralo e provocar uma revolta absurda.<\/p>\n<p>A discuss\u00e3o \u00e9 que n\u00e3o se faz um investimento fora do padr\u00e3o do futebol brasileiro, como fez a Crefisa no Palmeiras, por apenas uma temporada. Ganhou, tudo bem. Perdeu, fora daqui. Dirigentes deveriam ter essa consci\u00eancia na hora de pedir dinheiro \u00e0 parceira.<\/p>\n<p>N\u00e3o \u00e9 assim que se faz futebol, ainda mais em um mercado inst\u00e1vel, sem seguran\u00e7a, e de muitos jogadores de n\u00edvel t\u00e9cnico m\u00e9dio \u2013 \u00e0 disposi\u00e7\u00e3o na prateleira do Brasil e de pa\u00edses vizinhos.<\/p>\n<p>Investimento para valer tem de ser avaliado a longo prazo, rege a cartilha dos grandes clubes europeus. N\u00e3o faz de um t\u00edtulo uma obriga\u00e7\u00e3o a todo custo em uma \u00fanica temporada.<\/p>\n<p>Palmeiras caiu nessa armadilha. Fora da Copa do Brasil, ao ser eliminado pelo Cruzeiro nessa quarta-feira, em situa\u00e7\u00e3o dif\u00edcil no Brasileir\u00e3o na corrida pela ta\u00e7a, resta a Libertadores como a joia da coroa ou o \u00fanico presente ao torcedor no fim do ano. A &#8220;obsess\u00e3o&#8221;.<\/p>\n<p>Desde o in\u00edcio da temporada esse monstro apavorante tem estendido seu manto sobre o clube, Allianz Parque, rua Palestra It\u00e1lia e milh\u00f5es de torcedores. Algu\u00e9m vai ter de excomungar esse dem\u00f4nio. Felipe Melo?<\/p>\n<p>(<a href=\"http:\/\/chuteirafc.cartacapital.com.br\">LEIA MAIS NOT\u00cdCIAS E OPINI\u00c3O DE FUTEBOL NO CHUTEIRA FC<\/a>)<\/p>\n","protected":false},"excerpt":{"rendered":"<p>Palmeiras e Adidas lan\u00e7aram uma camisa quase retr\u00f4, gola V, escudo enorme, e cor esmeralda, h\u00e1 pouco mais [&hellip;]<\/p>\n","protected":false},"author":102107496,"featured_media":36497,"comment_status":"open","ping_status":"open","sticky":false,"template":"","format":"standard","meta":{"_coblocks_attr":"","_coblocks_dimensions":"","_coblocks_responsive_height":"","_coblocks_accordion_ie_support":"","wpai_generated_summary":"","_jetpack_newsletter_access":"","_jetpack_dont_email_post_to_subs":false,"_jetpack_newsletter_tier_id":0,"_jetpack_memberships_contains_paywalled_content":false,"_wpcom_ai_launchpad_first_post":false,"_jetpack_feature_clip_id":0,"_jetpack_memberships_contains_paid_content":false,"footnotes":"","jetpack_publicize_message":"","jetpack_publicize_feature_enabled":true,"jetpack_social_post_already_shared":false,"jetpack_social_options":{"image_generator_settings":{"template":"highway","default_image_id":0,"font":"","enabled":false},"version":2},"jetpack_post_was_ever_published":false},"categories":[53870],"tags":[789560560],"class_list":["post-36457","post","type-post","status-publish","format-standard","has-post-thumbnail","hentry","category-futebol","tag-futebol"],"yoast_head":"<!-- This site is optimized with the Yoast SEO plugin v28.4 - https:\/\/yoast.com\/product\/yoast-seo-wordpress\/ -->\n<title>Palmeiras e a Libertadores obsess\u00e3o - PR\u00d3SPERI NEWS<\/title>\n<meta name=\"robots\" content=\"index, follow, max-snippet:-1, max-image-preview:large, max-video-preview:-1\" \/>\n<link rel=\"canonical\" href=\"https:\/\/blogdoprosperi.com\/?p=36457\" \/>\n<meta property=\"og:locale\" content=\"pt_BR\" \/>\n<meta property=\"og:type\" content=\"article\" \/>\n<meta property=\"og:title\" content=\"Palmeiras e a Libertadores obsess\u00e3o - PR\u00d3SPERI NEWS\" \/>\n<meta property=\"og:description\" content=\"Palmeiras e Adidas lan\u00e7aram uma camisa quase retr\u00f4, gola V, escudo enorme, e cor esmeralda, h\u00e1 pouco mais [&hellip;]\" \/>\n<meta property=\"og:url\" content=\"https:\/\/blogdoprosperi.com\/?p=36457\" \/>\n<meta property=\"og:site_name\" content=\"PR\u00d3SPERI NEWS\" \/>\n<meta property=\"article:publisher\" content=\"Luiz Pr\u00f3speri\" \/>\n<meta property=\"article:author\" content=\"Luiz Pr\u00f3speri\" \/>\n<meta property=\"article:published_time\" content=\"2017-07-27T16:02:30+00:00\" \/>\n<meta property=\"article:modified_time\" content=\"2017-07-27T16:06:33+00:00\" \/>\n<meta property=\"og:image\" content=\"https:\/\/i0.wp.com\/blogdoprosperi.com\/wp-content\/uploads\/2017\/07\/palmeiras-2017-limited-edition-adidas-kit-5.jpg?fit=900%2C841&ssl=1\" \/>\n\t<meta property=\"og:image:width\" content=\"900\" \/>\n\t<meta property=\"og:image:height\" content=\"841\" \/>\n\t<meta property=\"og:image:type\" content=\"image\/jpeg\" \/>\n<meta name=\"author\" content=\"Luiz Ant\u00f4nio Pr\u00f3speri\" \/>\n<meta name=\"twitter:card\" content=\"summary_large_image\" \/>\n<meta name=\"twitter:creator\" content=\"@Luizprosperi\" \/>\n<meta name=\"twitter:site\" content=\"@Luizprosperi\" \/>\n<meta name=\"twitter:label1\" content=\"Escrito por\" \/>\n\t<meta name=\"twitter:data1\" content=\"Luiz Ant\u00f4nio Pr\u00f3speri\" \/>\n\t<meta name=\"twitter:label2\" content=\"Est. tempo de leitura\" \/>\n\t<meta name=\"twitter:data2\" content=\"2 minutos\" \/>\n<script type=\"application\/ld+json\" class=\"yoast-schema-graph\">{\"@context\":\"https:\\\/\\\/schema.org\",\"@graph\":[{\"@type\":\"Article\",\"@id\":\"https:\\\/\\\/blogdoprosperi.com\\\/?p=36457#article\",\"isPartOf\":{\"@id\":\"https:\\\/\\\/blogdoprosperi.com\\\/?p=36457\"},\"author\":{\"name\":\"Luiz Ant\u00f4nio Pr\u00f3speri\",\"@id\":\"https:\\\/\\\/blogdoprosperi.com\\\/#\\\/schema\\\/person\\\/38100755ce3601861ee4fab9b5aa78e9\"},\"headline\":\"Palmeiras e a Libertadores obsess\u00e3o\",\"datePublished\":\"2017-07-27T16:02:30+00:00\",\"dateModified\":\"2017-07-27T16:06:33+00:00\",\"mainEntityOfPage\":{\"@id\":\"https:\\\/\\\/blogdoprosperi.com\\\/?p=36457\"},\"wordCount\":461,\"commentCount\":0,\"publisher\":{\"@id\":\"https:\\\/\\\/blogdoprosperi.com\\\/#\\\/schema\\\/person\\\/38100755ce3601861ee4fab9b5aa78e9\"},\"image\":{\"@id\":\"https:\\\/\\\/blogdoprosperi.com\\\/?p=36457#primaryimage\"},\"thumbnailUrl\":\"https:\\\/\\\/i0.wp.com\\\/blogdoprosperi.com\\\/wp-content\\\/uploads\\\/2017\\\/07\\\/palmeiras-2017-limited-edition-adidas-kit-5.jpg?fit=900%2C841&ssl=1\",\"keywords\":[\"futebol\"],\"articleSection\":[\"futebol\"],\"inLanguage\":\"pt-BR\",\"potentialAction\":[{\"@type\":\"CommentAction\",\"name\":\"Comment\",\"target\":[\"https:\\\/\\\/blogdoprosperi.com\\\/?p=36457#respond\"]}]},{\"@type\":\"WebPage\",\"@id\":\"https:\\\/\\\/blogdoprosperi.com\\\/?p=36457\",\"url\":\"https:\\\/\\\/blogdoprosperi.com\\\/?p=36457\",\"name\":\"Palmeiras e a Libertadores obsess\u00e3o - PR\u00d3SPERI NEWS\",\"isPartOf\":{\"@id\":\"https:\\\/\\\/blogdoprosperi.com\\\/#website\"},\"primaryImageOfPage\":{\"@id\":\"https:\\\/\\\/blogdoprosperi.com\\\/?p=36457#primaryimage\"},\"image\":{\"@id\":\"https:\\\/\\\/blogdoprosperi.com\\\/?p=36457#primaryimage\"},\"thumbnailUrl\":\"https:\\\/\\\/i0.wp.com\\\/blogdoprosperi.com\\\/wp-content\\\/uploads\\\/2017\\\/07\\\/palmeiras-2017-limited-edition-adidas-kit-5.jpg?fit=900%2C841&ssl=1\",\"datePublished\":\"2017-07-27T16:02:30+00:00\",\"dateModified\":\"2017-07-27T16:06:33+00:00\",\"breadcrumb\":{\"@id\":\"https:\\\/\\\/blogdoprosperi.com\\\/?p=36457#breadcrumb\"},\"inLanguage\":\"pt-BR\",\"potentialAction\":[{\"@type\":\"ReadAction\",\"target\":[\"https:\\\/\\\/blogdoprosperi.com\\\/?p=36457\"]}]},{\"@type\":\"ImageObject\",\"inLanguage\":\"pt-BR\",\"@id\":\"https:\\\/\\\/blogdoprosperi.com\\\/?p=36457#primaryimage\",\"url\":\"https:\\\/\\\/i0.wp.com\\\/blogdoprosperi.com\\\/wp-content\\\/uploads\\\/2017\\\/07\\\/palmeiras-2017-limited-edition-adidas-kit-5.jpg?fit=900%2C841&ssl=1\",\"contentUrl\":\"https:\\\/\\\/i0.wp.com\\\/blogdoprosperi.com\\\/wp-content\\\/uploads\\\/2017\\\/07\\\/palmeiras-2017-limited-edition-adidas-kit-5.jpg?fit=900%2C841&ssl=1\",\"width\":900,\"height\":841},{\"@type\":\"BreadcrumbList\",\"@id\":\"https:\\\/\\\/blogdoprosperi.com\\\/?p=36457#breadcrumb\",\"itemListElement\":[{\"@type\":\"ListItem\",\"position\":1,\"name\":\"In\u00edcio\",\"item\":\"https:\\\/\\\/blogdoprosperi.com\\\/\"},{\"@type\":\"ListItem\",\"position\":2,\"name\":\"Palmeiras e a Libertadores obsess\u00e3o\"}]},{\"@type\":\"WebSite\",\"@id\":\"https:\\\/\\\/blogdoprosperi.com\\\/#website\",\"url\":\"https:\\\/\\\/blogdoprosperi.com\\\/\",\"name\":\"PR\u00d3SPERI NEWS\",\"description\":\"TUDO \u00c9  FUTEBOL\",\"publisher\":{\"@id\":\"https:\\\/\\\/blogdoprosperi.com\\\/#\\\/schema\\\/person\\\/38100755ce3601861ee4fab9b5aa78e9\"},\"alternateName\":\"blogdoprosperi.com\",\"potentialAction\":[{\"@type\":\"SearchAction\",\"target\":{\"@type\":\"EntryPoint\",\"urlTemplate\":\"https:\\\/\\\/blogdoprosperi.com\\\/?s={search_term_string}\"},\"query-input\":{\"@type\":\"PropertyValueSpecification\",\"valueRequired\":true,\"valueName\":\"search_term_string\"}}],\"inLanguage\":\"pt-BR\"},{\"@type\":[\"Person\",\"Organization\"],\"@id\":\"https:\\\/\\\/blogdoprosperi.com\\\/#\\\/schema\\\/person\\\/38100755ce3601861ee4fab9b5aa78e9\",\"name\":\"Luiz Ant\u00f4nio Pr\u00f3speri\",\"pronouns\":\"ele\",\"image\":{\"@type\":\"ImageObject\",\"inLanguage\":\"pt-BR\",\"@id\":\"https:\\\/\\\/i0.wp.com\\\/blogdoprosperi.com\\\/wp-content\\\/uploads\\\/2026\\\/05\\\/cropped-8059e613-6002-42fa-961e-8e275f575d71-2-5.jpg?fit=1360%2C931&ssl=1\",\"url\":\"https:\\\/\\\/i0.wp.com\\\/blogdoprosperi.com\\\/wp-content\\\/uploads\\\/2026\\\/05\\\/cropped-8059e613-6002-42fa-961e-8e275f575d71-2-5.jpg?fit=1360%2C931&ssl=1\",\"contentUrl\":\"https:\\\/\\\/i0.wp.com\\\/blogdoprosperi.com\\\/wp-content\\\/uploads\\\/2026\\\/05\\\/cropped-8059e613-6002-42fa-961e-8e275f575d71-2-5.jpg?fit=1360%2C931&ssl=1\",\"width\":1360,\"height\":931,\"caption\":\"Luiz Ant\u00f4nio Pr\u00f3speri\"},\"logo\":{\"@id\":\"https:\\\/\\\/i0.wp.com\\\/blogdoprosperi.com\\\/wp-content\\\/uploads\\\/2026\\\/05\\\/cropped-8059e613-6002-42fa-961e-8e275f575d71-2-5.jpg?fit=1360%2C931&ssl=1\"},\"description\":\"Jornalista com carreira dedicada ao esporte. Cobriu 9 Copas do Mundo in loco, 1990 na It\u00e1lia, 1994 nos EUA, 1998 na Fran\u00e7a, 2002 na Coreia do Sul e Jap\u00e3o, 2006 na Alemanha, 2010 na \u00c1frica do Sul, 2014 no Brasil, 2018 na R\u00fassia e 2022 no Qatar. Eurocopas, 1992 na Su\u00e9cia e 1996 na Inglaterra. Copa das Confedera\u00e7\u00f5es de 2005 na Alemanha e 2009 na \u00c1frica do Sul. Rep\u00f3rter e Editor, trabalhou no Jornal da Tarde e Estad\u00e3o, de 1984 a fevereiro de 2016. Colunista, blogueiro. E comentarista de futebol na R\u00e1dio Estad\u00e3o, de 2013 a fevereiro de 2016. Jornalista respons\u00e1vel do \\\"Pr\u00f3speri News\\\" (blogdoprosperi.com).\",\"sameAs\":[\"http:\\\/\\\/blogdoprosperi.com\",\"Luiz Pr\u00f3speri\",\"@luiz_prosperi\",\"https:\\\/\\\/x.com\\\/Luizprosperi\",\"@prosperinacopa\",\"luiz.prosperi@icloud.com\"],\"url\":\"https:\\\/\\\/blogdoprosperi.com\\\/?author=102107496\"}]}<\/script>\n<!-- \/ Yoast SEO plugin. -->","yoast_head_json":{"title":"Palmeiras e a Libertadores obsess\u00e3o - PR\u00d3SPERI NEWS","robots":{"index":"index","follow":"follow","max-snippet":"max-snippet:-1","max-image-preview":"max-image-preview:large","max-video-preview":"max-video-preview:-1"},"canonical":"https:\/\/blogdoprosperi.com\/?p=36457","og_locale":"pt_BR","og_type":"article","og_title":"Palmeiras e a Libertadores obsess\u00e3o - PR\u00d3SPERI NEWS","og_description":"Palmeiras e Adidas lan\u00e7aram uma camisa quase retr\u00f4, gola V, escudo enorme, e cor esmeralda, h\u00e1 pouco mais [&hellip;]","og_url":"https:\/\/blogdoprosperi.com\/?p=36457","og_site_name":"PR\u00d3SPERI NEWS","article_publisher":"Luiz Pr\u00f3speri","article_author":"Luiz Pr\u00f3speri","article_published_time":"2017-07-27T16:02:30+00:00","article_modified_time":"2017-07-27T16:06:33+00:00","og_image":[{"width":900,"height":841,"url":"https:\/\/i0.wp.com\/blogdoprosperi.com\/wp-content\/uploads\/2017\/07\/palmeiras-2017-limited-edition-adidas-kit-5.jpg?fit=900%2C841&ssl=1","type":"image\/jpeg"}],"author":"Luiz Ant\u00f4nio Pr\u00f3speri","twitter_card":"summary_large_image","twitter_creator":"@Luizprosperi","twitter_site":"@Luizprosperi","twitter_misc":{"Escrito por":"Luiz Ant\u00f4nio Pr\u00f3speri","Est. tempo de leitura":"2 minutos"},"schema":{"@context":"https:\/\/schema.org","@graph":[{"@type":"Article","@id":"https:\/\/blogdoprosperi.com\/?p=36457#article","isPartOf":{"@id":"https:\/\/blogdoprosperi.com\/?p=36457"},"author":{"name":"Luiz Ant\u00f4nio Pr\u00f3speri","@id":"https:\/\/blogdoprosperi.com\/#\/schema\/person\/38100755ce3601861ee4fab9b5aa78e9"},"headline":"Palmeiras e a Libertadores obsess\u00e3o","datePublished":"2017-07-27T16:02:30+00:00","dateModified":"2017-07-27T16:06:33+00:00","mainEntityOfPage":{"@id":"https:\/\/blogdoprosperi.com\/?p=36457"},"wordCount":461,"commentCount":0,"publisher":{"@id":"https:\/\/blogdoprosperi.com\/#\/schema\/person\/38100755ce3601861ee4fab9b5aa78e9"},"image":{"@id":"https:\/\/blogdoprosperi.com\/?p=36457#primaryimage"},"thumbnailUrl":"https:\/\/i0.wp.com\/blogdoprosperi.com\/wp-content\/uploads\/2017\/07\/palmeiras-2017-limited-edition-adidas-kit-5.jpg?fit=900%2C841&ssl=1","keywords":["futebol"],"articleSection":["futebol"],"inLanguage":"pt-BR","potentialAction":[{"@type":"CommentAction","name":"Comment","target":["https:\/\/blogdoprosperi.com\/?p=36457#respond"]}]},{"@type":"WebPage","@id":"https:\/\/blogdoprosperi.com\/?p=36457","url":"https:\/\/blogdoprosperi.com\/?p=36457","name":"Palmeiras e a Libertadores obsess\u00e3o - PR\u00d3SPERI NEWS","isPartOf":{"@id":"https:\/\/blogdoprosperi.com\/#website"},"primaryImageOfPage":{"@id":"https:\/\/blogdoprosperi.com\/?p=36457#primaryimage"},"image":{"@id":"https:\/\/blogdoprosperi.com\/?p=36457#primaryimage"},"thumbnailUrl":"https:\/\/i0.wp.com\/blogdoprosperi.com\/wp-content\/uploads\/2017\/07\/palmeiras-2017-limited-edition-adidas-kit-5.jpg?fit=900%2C841&ssl=1","datePublished":"2017-07-27T16:02:30+00:00","dateModified":"2017-07-27T16:06:33+00:00","breadcrumb":{"@id":"https:\/\/blogdoprosperi.com\/?p=36457#breadcrumb"},"inLanguage":"pt-BR","potentialAction":[{"@type":"ReadAction","target":["https:\/\/blogdoprosperi.com\/?p=36457"]}]},{"@type":"ImageObject","inLanguage":"pt-BR","@id":"https:\/\/blogdoprosperi.com\/?p=36457#primaryimage","url":"https:\/\/i0.wp.com\/blogdoprosperi.com\/wp-content\/uploads\/2017\/07\/palmeiras-2017-limited-edition-adidas-kit-5.jpg?fit=900%2C841&ssl=1","contentUrl":"https:\/\/i0.wp.com\/blogdoprosperi.com\/wp-content\/uploads\/2017\/07\/palmeiras-2017-limited-edition-adidas-kit-5.jpg?fit=900%2C841&ssl=1","width":900,"height":841},{"@type":"BreadcrumbList","@id":"https:\/\/blogdoprosperi.com\/?p=36457#breadcrumb","itemListElement":[{"@type":"ListItem","position":1,"name":"In\u00edcio","item":"https:\/\/blogdoprosperi.com\/"},{"@type":"ListItem","position":2,"name":"Palmeiras e a Libertadores obsess\u00e3o"}]},{"@type":"WebSite","@id":"https:\/\/blogdoprosperi.com\/#website","url":"https:\/\/blogdoprosperi.com\/","name":"PR\u00d3SPERI NEWS","description":"TUDO \u00c9  FUTEBOL","publisher":{"@id":"https:\/\/blogdoprosperi.com\/#\/schema\/person\/38100755ce3601861ee4fab9b5aa78e9"},"alternateName":"blogdoprosperi.com","potentialAction":[{"@type":"SearchAction","target":{"@type":"EntryPoint","urlTemplate":"https:\/\/blogdoprosperi.com\/?s={search_term_string}"},"query-input":{"@type":"PropertyValueSpecification","valueRequired":true,"valueName":"search_term_string"}}],"inLanguage":"pt-BR"},{"@type":["Person","Organization"],"@id":"https:\/\/blogdoprosperi.com\/#\/schema\/person\/38100755ce3601861ee4fab9b5aa78e9","name":"Luiz Ant\u00f4nio Pr\u00f3speri","pronouns":"ele","image":{"@type":"ImageObject","inLanguage":"pt-BR","@id":"https:\/\/i0.wp.com\/blogdoprosperi.com\/wp-content\/uploads\/2026\/05\/cropped-8059e613-6002-42fa-961e-8e275f575d71-2-5.jpg?fit=1360%2C931&ssl=1","url":"https:\/\/i0.wp.com\/blogdoprosperi.com\/wp-content\/uploads\/2026\/05\/cropped-8059e613-6002-42fa-961e-8e275f575d71-2-5.jpg?fit=1360%2C931&ssl=1","contentUrl":"https:\/\/i0.wp.com\/blogdoprosperi.com\/wp-content\/uploads\/2026\/05\/cropped-8059e613-6002-42fa-961e-8e275f575d71-2-5.jpg?fit=1360%2C931&ssl=1","width":1360,"height":931,"caption":"Luiz Ant\u00f4nio Pr\u00f3speri"},"logo":{"@id":"https:\/\/i0.wp.com\/blogdoprosperi.com\/wp-content\/uploads\/2026\/05\/cropped-8059e613-6002-42fa-961e-8e275f575d71-2-5.jpg?fit=1360%2C931&ssl=1"},"description":"Jornalista com carreira dedicada ao esporte. Cobriu 9 Copas do Mundo in loco, 1990 na It\u00e1lia, 1994 nos EUA, 1998 na Fran\u00e7a, 2002 na Coreia do Sul e Jap\u00e3o, 2006 na Alemanha, 2010 na \u00c1frica do Sul, 2014 no Brasil, 2018 na R\u00fassia e 2022 no Qatar. Eurocopas, 1992 na Su\u00e9cia e 1996 na Inglaterra. Copa das Confedera\u00e7\u00f5es de 2005 na Alemanha e 2009 na \u00c1frica do Sul. Rep\u00f3rter e Editor, trabalhou no Jornal da Tarde e Estad\u00e3o, de 1984 a fevereiro de 2016. Colunista, blogueiro. E comentarista de futebol na R\u00e1dio Estad\u00e3o, de 2013 a fevereiro de 2016. Jornalista respons\u00e1vel do \"Pr\u00f3speri News\" (blogdoprosperi.com).","sameAs":["http:\/\/blogdoprosperi.com","Luiz Pr\u00f3speri","@luiz_prosperi","https:\/\/x.com\/Luizprosperi","@prosperinacopa","luiz.prosperi@icloud.com"],"url":"https:\/\/blogdoprosperi.com\/?author=102107496"}]}},"jetpack_publicize_connections":[],"jetpack_likes_enabled":false,"jetpack_sharing_enabled":true,"jetpack_shortlink":"https:\/\/wp.me\/p7jvdk-9u1","jetpack-related-posts":[{"id":38175,"url":"https:\/\/blogdoprosperi.com\/?p=38175","url_meta":{"origin":36457,"position":0},"title":"Palmeiras celebra Breno Lopes","author":"Luiz Ant\u00f4nio Pr\u00f3speri","date":"30 de janeiro de 2021","format":false,"excerpt":"Estava escrito no voo da bola partindo dos p\u00e9s de Rony at\u00e9 a cabe\u00e7a de Breno Lopes: Palmeiras bicampe\u00e3o da Am\u00e9rica. A gl\u00f3ria eterna. Do jogador mais contestado no in\u00edcio da temporada, n\u00e3o pela bola e sim por se medir o futebol no quanto custou, ao famoso her\u00f3i an\u00f4nimo. \u00c9\u2026","rel":"","context":"Em &quot;futebol&quot;","block_context":{"text":"futebol","link":"https:\/\/blogdoprosperi.com\/?cat=53870"},"img":{"alt_text":"","src":"https:\/\/i0.wp.com\/blogdoprosperi.com\/wp-content\/uploads\/2021\/01\/eta6xwmwmam4ubq.jpeg?fit=680%2C453&ssl=1&resize=350%2C200","width":350,"height":200,"srcset":"https:\/\/i0.wp.com\/blogdoprosperi.com\/wp-content\/uploads\/2021\/01\/eta6xwmwmam4ubq.jpeg?fit=680%2C453&ssl=1&resize=350%2C200 1x, https:\/\/i0.wp.com\/blogdoprosperi.com\/wp-content\/uploads\/2021\/01\/eta6xwmwmam4ubq.jpeg?fit=680%2C453&ssl=1&resize=525%2C300 1.5x"},"classes":[]},{"id":37508,"url":"https:\/\/blogdoprosperi.com\/?p=37508","url_meta":{"origin":36457,"position":1},"title":"A Felip\u00e3o o que \u00e9 de Felip\u00e3o","author":"Luiz Ant\u00f4nio Pr\u00f3speri","date":"28 de julho de 2018","format":false,"excerpt":"Felip\u00e3o volta ao futebol brasileiro no clube a que aprendeu amar. Fosse outro a fazer o convite, n\u00e3o o Palmeiras, recusaria de pronto. Por contrato ter\u00e1 dois anos e meio \u2013 at\u00e9 o fim de 2020 \u2013 para desfrutar dessa paix\u00e3o declarada desde em 1997 quando aportou no Palestra It\u00e1lia\u2026","rel":"","context":"Em &quot;futebol&quot;","block_context":{"text":"futebol","link":"https:\/\/blogdoprosperi.com\/?cat=53870"},"img":{"alt_text":"","src":"https:\/\/i0.wp.com\/blogdoprosperi.com\/wp-content\/uploads\/2018\/07\/felipao.jpg?fit=1200%2C675&ssl=1&resize=350%2C200","width":350,"height":200,"srcset":"https:\/\/i0.wp.com\/blogdoprosperi.com\/wp-content\/uploads\/2018\/07\/felipao.jpg?fit=1200%2C675&ssl=1&resize=350%2C200 1x, https:\/\/i0.wp.com\/blogdoprosperi.com\/wp-content\/uploads\/2018\/07\/felipao.jpg?fit=1200%2C675&ssl=1&resize=525%2C300 1.5x, https:\/\/i0.wp.com\/blogdoprosperi.com\/wp-content\/uploads\/2018\/07\/felipao.jpg?fit=1200%2C675&ssl=1&resize=700%2C400 2x, https:\/\/i0.wp.com\/blogdoprosperi.com\/wp-content\/uploads\/2018\/07\/felipao.jpg?fit=1200%2C675&ssl=1&resize=1050%2C600 3x"},"classes":[]},{"id":38294,"url":"https:\/\/blogdoprosperi.com\/?p=38294","url_meta":{"origin":36457,"position":2},"title":"Dona da Crefisa vai assumir comando do Palmeiras em dezembro 2021","author":"Luiz Ant\u00f4nio Pr\u00f3speri","date":"10 de mar\u00e7o de 2021","format":false,"excerpt":"Desde domingo (07\/3), ap\u00f3s Felipe Melo erguer a ta\u00e7a da Copa do Brasil 2021, Leila repete aos ve\u00edculos de imprensa sua disposi\u00e7\u00e3o em ser a nova presidenta do Palmeiras","rel":"","context":"Em &quot;futebol&quot;","block_context":{"text":"futebol","link":"https:\/\/blogdoprosperi.com\/?cat=53870"},"img":{"alt_text":"","src":"https:\/\/i0.wp.com\/blogdoprosperi.com\/wp-content\/uploads\/2021\/03\/dxm1s5jwoaaj1kc.jpg?fit=1024%2C576&ssl=1&resize=350%2C200","width":350,"height":200,"srcset":"https:\/\/i0.wp.com\/blogdoprosperi.com\/wp-content\/uploads\/2021\/03\/dxm1s5jwoaaj1kc.jpg?fit=1024%2C576&ssl=1&resize=350%2C200 1x, https:\/\/i0.wp.com\/blogdoprosperi.com\/wp-content\/uploads\/2021\/03\/dxm1s5jwoaaj1kc.jpg?fit=1024%2C576&ssl=1&resize=525%2C300 1.5x, https:\/\/i0.wp.com\/blogdoprosperi.com\/wp-content\/uploads\/2021\/03\/dxm1s5jwoaaj1kc.jpg?fit=1024%2C576&ssl=1&resize=700%2C400 2x"},"classes":[]},{"id":55449,"url":"https:\/\/blogdoprosperi.com\/?p=55449","url_meta":{"origin":36457,"position":3},"title":"Abel Ferreira | Vale a Pena Estudar Sua Mente, Futebol Brasileiro Agradece","author":"Luiz Ant\u00f4nio Pr\u00f3speri","date":"31 de outubro de 2025","format":false,"excerpt":"Luiz Antonio Pr\u00f3speri \u2013 31 outubro 2025 (12h19) \u2013 Raphael Veiga olha ao c\u00e9u escuro da noite, prende a respira\u00e7\u00e3o e parte em quatro passos r\u00e1pidos at\u00e9 chutar a bola com certo requinte na marca do p\u00eanalti e decretar os 4 a 0 do Palmeiras em cima da LDU. Gol\u2026","rel":"","context":"Em &quot;futebol&quot;","block_context":{"text":"futebol","link":"https:\/\/blogdoprosperi.com\/?cat=53870"},"img":{"alt_text":"Abel Ferreira, desfrutem dessa ideia","src":"https:\/\/i0.wp.com\/blogdoprosperi.com\/wp-content\/uploads\/2025\/10\/captura-de-tela-2025-10-31-as-12.31.49.png?fit=1200%2C676&ssl=1&resize=350%2C200","width":350,"height":200,"srcset":"https:\/\/i0.wp.com\/blogdoprosperi.com\/wp-content\/uploads\/2025\/10\/captura-de-tela-2025-10-31-as-12.31.49.png?fit=1200%2C676&ssl=1&resize=350%2C200 1x, https:\/\/i0.wp.com\/blogdoprosperi.com\/wp-content\/uploads\/2025\/10\/captura-de-tela-2025-10-31-as-12.31.49.png?fit=1200%2C676&ssl=1&resize=525%2C300 1.5x, https:\/\/i0.wp.com\/blogdoprosperi.com\/wp-content\/uploads\/2025\/10\/captura-de-tela-2025-10-31-as-12.31.49.png?fit=1200%2C676&ssl=1&resize=700%2C400 2x, https:\/\/i0.wp.com\/blogdoprosperi.com\/wp-content\/uploads\/2025\/10\/captura-de-tela-2025-10-31-as-12.31.49.png?fit=1200%2C676&ssl=1&resize=1050%2C600 3x"},"classes":[]},{"id":47341,"url":"https:\/\/blogdoprosperi.com\/?p=47341","url_meta":{"origin":36457,"position":4},"title":"Paulistas x Cariocas | Palmeiras Vem Sozinho Contra o Rio","author":"Luiz Ant\u00f4nio Pr\u00f3speri","date":"7 de janeiro de 2025","format":false,"excerpt":"Luiz Ant\u00f4nio Pr\u00f3speri \u2013 7 janeiro (13h35) \u2013 Futebol paulista perde terreno na rivalidade contra os cariocas. A batalha da bola anda desigual. Do lado de S\u00e3o Paulo, apenas o Palmeiras faz frente aos oponentes do Rio. E n\u00e3o ser\u00e1 muito diferente na temporada de 2025. Cabe um alerta: ningu\u00e9m\u2026","rel":"","context":"Em &quot;futebol&quot;","block_context":{"text":"futebol","link":"https:\/\/blogdoprosperi.com\/?cat=53870"},"img":{"alt_text":"Paulistas x Cariocas","src":"https:\/\/i0.wp.com\/blogdoprosperi.com\/wp-content\/uploads\/2025\/01\/captura-de-tela-2025-01-07-as-14.12.26.png?fit=1092%2C828&ssl=1&resize=350%2C200","width":350,"height":200,"srcset":"https:\/\/i0.wp.com\/blogdoprosperi.com\/wp-content\/uploads\/2025\/01\/captura-de-tela-2025-01-07-as-14.12.26.png?fit=1092%2C828&ssl=1&resize=350%2C200 1x, https:\/\/i0.wp.com\/blogdoprosperi.com\/wp-content\/uploads\/2025\/01\/captura-de-tela-2025-01-07-as-14.12.26.png?fit=1092%2C828&ssl=1&resize=525%2C300 1.5x, https:\/\/i0.wp.com\/blogdoprosperi.com\/wp-content\/uploads\/2025\/01\/captura-de-tela-2025-01-07-as-14.12.26.png?fit=1092%2C828&ssl=1&resize=700%2C400 2x, https:\/\/i0.wp.com\/blogdoprosperi.com\/wp-content\/uploads\/2025\/01\/captura-de-tela-2025-01-07-as-14.12.26.png?fit=1092%2C828&ssl=1&resize=1050%2C600 3x"},"classes":[]},{"id":1080,"url":"https:\/\/blogdoprosperi.com\/?p=1080","url_meta":{"origin":36457,"position":5},"title":"Sobrenatural pode salvar o Palmeiras na Libertadores","author":"Luiz Ant\u00f4nio Pr\u00f3speri","date":"14 de abril de 2016","format":false,"excerpt":"Encrencado na Copa Libertadores, o Palmeiras depende do imponder\u00e1vel para avan\u00e7ar \u00e0s oitavas de final. Tem de vencer o modesto River Plate uruguaio e torcer por derrota do Ros\u00e1rio Central diante do Nacional em Montevid\u00e9u nesta quinta-feira \u00e0 noite. Se essa combina\u00e7\u00e3o de resultados n\u00e3o funcionar, o Palmeiras pode ser\u2026","rel":"","context":"Em &quot;futebol&quot;","block_context":{"text":"futebol","link":"https:\/\/blogdoprosperi.com\/?cat=53870"},"img":{"alt_text":"","src":"https:\/\/i0.wp.com\/blogdoprosperi.com\/wp-content\/uploads\/2016\/04\/piscada.jpg?resize=350%2C200&ssl=1","width":350,"height":200,"srcset":"https:\/\/i0.wp.com\/blogdoprosperi.com\/wp-content\/uploads\/2016\/04\/piscada.jpg?resize=350%2C200&ssl=1 1x, https:\/\/i0.wp.com\/blogdoprosperi.com\/wp-content\/uploads\/2016\/04\/piscada.jpg?resize=525%2C300&ssl=1 1.5x"},"classes":[]}],"jetpack_featured_media_url":"https:\/\/i0.wp.com\/blogdoprosperi.com\/wp-content\/uploads\/2017\/07\/palmeiras-2017-limited-edition-adidas-kit-5.jpg?fit=900%2C841&ssl=1","_links":{"self":[{"href":"https:\/\/blogdoprosperi.com\/index.php?rest_route=\/wp\/v2\/posts\/36457","targetHints":{"allow":["GET"]}}],"collection":[{"href":"https:\/\/blogdoprosperi.com\/index.php?rest_route=\/wp\/v2\/posts"}],"about":[{"href":"https:\/\/blogdoprosperi.com\/index.php?rest_route=\/wp\/v2\/types\/post"}],"author":[{"embeddable":true,"href":"https:\/\/blogdoprosperi.com\/index.php?rest_route=\/wp\/v2\/users\/102107496"}],"replies":[{"embeddable":true,"href":"https:\/\/blogdoprosperi.com\/index.php?rest_route=%2Fwp%2Fv2%2Fcomments&post=36457"}],"version-history":[{"count":25,"href":"https:\/\/blogdoprosperi.com\/index.php?rest_route=\/wp\/v2\/posts\/36457\/revisions"}],"predecessor-version":[{"id":36500,"href":"https:\/\/blogdoprosperi.com\/index.php?rest_route=\/wp\/v2\/posts\/36457\/revisions\/36500"}],"wp:featuredmedia":[{"embeddable":true,"href":"https:\/\/blogdoprosperi.com\/index.php?rest_route=\/wp\/v2\/media\/36497"}],"wp:attachment":[{"href":"https:\/\/blogdoprosperi.com\/index.php?rest_route=%2Fwp%2Fv2%2Fmedia&parent=36457"}],"wp:term":[{"taxonomy":"category","embeddable":true,"href":"https:\/\/blogdoprosperi.com\/index.php?rest_route=%2Fwp%2Fv2%2Fcategories&post=36457"},{"taxonomy":"post_tag","embeddable":true,"href":"https:\/\/blogdoprosperi.com\/index.php?rest_route=%2Fwp%2Fv2%2Ftags&post=36457"}],"curies":[{"name":"wp","href":"https:\/\/api.w.org\/{rel}","templated":true}]}}