{"id":36531,"date":"2017-08-03T18:23:29","date_gmt":"2017-08-03T21:23:29","guid":{"rendered":"http:\/\/blogdoprosperi.com\/?p=36531"},"modified":"2017-08-04T01:10:16","modified_gmt":"2017-08-04T04:10:16","slug":"futebol-nao-merecia-a-separacao-de-messi-e-neymar","status":"publish","type":"post","link":"https:\/\/blogdoprosperi.com\/?p=36531","title":{"rendered":"Futebol n\u00e3o merecia a separa\u00e7\u00e3o de Messi e Neymar"},"content":{"rendered":"<p>Futebol tem algo de extraordin\u00e1rio incapaz de ser traduzido aos que n\u00e3o comungam dessa paix\u00e3o. N\u00e3o \u00e9 f\u00e1cil explicar o prazer de um drible. Um gol criado do nada e inimagin\u00e1vel. Uma troca de olhar entre um craque e outro, antes de entregar uma obra-prima aos s\u00faditos e inquisidores das arquibancadas. Nem a manobra dos p\u00e9s na hora de acarinhar a bola e a crueldade do chute com toda for\u00e7a ou leveza.<\/p>\n<p>Futebol \u00e9 mesmo uma ilus\u00e3o. \u00c0s vezes, inebriante. Outras vezes, entediante. Capaz de ser dor e alegria em comunh\u00e3o. N\u00e3o tem meio-termo. Se gosta ou n\u00e3o. Se ama ou se odeia.<\/p>\n<p>Quem n\u00e3o consegue enxergar esse filme, n\u00e3o vai ter prazer nunca. Nem vai se deixar convencer por essa magia. Nem levar a s\u00e9rio os encantadores de serpentes. Muito menos compreender a dimens\u00e3o de um est\u00e1dio. Aquela multid\u00e3o vestida das mesmas cores em busca de um querer ser feliz.<\/p>\n<p>Pois bem, nesse exato momento do dia 3 de agosto de 2017, ah! esse maldito m\u00eas de agosto, o futebol assiste \u00e0 desconstru\u00e7\u00e3o de uma de suas f\u00e1bulas. Messi e Neymar n\u00e3o v\u00e3o mais jogar juntos pelo menos nos pr\u00f3ximos quatro anos.<\/p>\n<p>Barcelona e Paris n\u00e3o s\u00e3o apenas como duas ruas pertinho uma da outra, que, na l\u00f3gica do futebol, poderiam unir seus timinhos de moleques em defesa do bairro. Imposs\u00edvel.<\/p>\n<p>Nem mesmo numa sele\u00e7\u00e3o poder\u00edamos ver os dois juntos novamente. Messi \u00e9 argentino. Neymar, brasileiro. A hist\u00f3ria n\u00e3o permite um reencontro dessa magnitude.<\/p>\n<p>Ent\u00e3o n\u00e3o entre nessa lenda dos milh\u00f5es de euros, dos neg\u00f3cios escusos, da gan\u00e2ncia, dos interesses mercadol\u00f3gicos, dos desafios de cada um, de uma nova vida, da corrida por uma bola de ouro, de entrar no pante\u00e3o dos melhores do mundo. Nada disso tem valor.<\/p>\n<p>Quem gosta de futebol n\u00e3o vai aceitar nunca a separa\u00e7\u00e3o de Messi e Neymar.<\/p>\n<p><span class=\"aligncenter\"><span class=\"alignnone\"><img data-recalc-dims=\"1\" loading=\"lazy\" decoding=\"async\" data-attachment-id=\"36560\" data-permalink=\"https:\/\/blogdoprosperi.com\/?attachment_id=36560\" data-orig-file=\"https:\/\/i0.wp.com\/blogdoprosperi.com\/wp-content\/uploads\/2017\/08\/messi_e_neymar.jpg?fit=500%2C498&amp;ssl=1\" data-orig-size=\"500,498\" data-comments-opened=\"1\" data-image-meta=\"{&quot;aperture&quot;:&quot;0&quot;,&quot;credit&quot;:&quot;&quot;,&quot;camera&quot;:&quot;&quot;,&quot;caption&quot;:&quot;&quot;,&quot;created_timestamp&quot;:&quot;0&quot;,&quot;copyright&quot;:&quot;&quot;,&quot;focal_length&quot;:&quot;0&quot;,&quot;iso&quot;:&quot;0&quot;,&quot;shutter_speed&quot;:&quot;0&quot;,&quot;title&quot;:&quot;&quot;,&quot;orientation&quot;:&quot;0&quot;}\" data-image-title=\"messi_e_neymar\" data-image-description=\"\" data-image-caption=\"\" data-large-file=\"https:\/\/i0.wp.com\/blogdoprosperi.com\/wp-content\/uploads\/2017\/08\/messi_e_neymar.jpg?fit=500%2C498&amp;ssl=1\" class=\"alignnone size-full wp-image-36560 aligncenter\" src=\"https:\/\/i0.wp.com\/blogdoprosperi.com\/wp-content\/uploads\/2017\/08\/messi_e_neymar.jpg?resize=500%2C498&#038;ssl=1\" alt=\"messi_e_neymar\" width=\"500\" height=\"498\" \/><\/span><\/span><\/p>\n<p>&nbsp;<\/p>\n","protected":false},"excerpt":{"rendered":"<p>Futebol tem algo de extraordin\u00e1rio incapaz de ser traduzido aos que n\u00e3o comungam dessa paix\u00e3o. N\u00e3o \u00e9 f\u00e1cil [&hellip;]<\/p>\n","protected":false},"author":102107496,"featured_media":36559,"comment_status":"open","ping_status":"open","sticky":false,"template":"","format":"standard","meta":{"_coblocks_attr":"","_coblocks_dimensions":"","_coblocks_responsive_height":"","_coblocks_accordion_ie_support":"","_jetpack_newsletter_access":"","_jetpack_dont_email_post_to_subs":false,"_jetpack_newsletter_tier_id":0,"_jetpack_memberships_contains_paywalled_content":false,"_wpcom_ai_launchpad_first_post":false,"_jetpack_feature_clip_id":0,"_jetpack_memberships_contains_paid_content":false,"footnotes":"","jetpack_publicize_message":"","jetpack_publicize_feature_enabled":true,"jetpack_social_post_already_shared":false,"jetpack_social_options":{"image_generator_settings":{"template":"highway","default_image_id":0,"font":"","enabled":false},"version":2},"jetpack_post_was_ever_published":false},"categories":[53870],"tags":[50408,789560560,81750,4112146,361092],"class_list":["post-36531","post","type-post","status-publish","format-standard","has-post-thumbnail","hentry","category-futebol","tag-fc-barcelona","tag-futebol","tag-messi","tag-neymar","tag-psg"],"yoast_head":"<!-- This site is optimized with the Yoast SEO plugin v28.4 - https:\/\/yoast.com\/product\/yoast-seo-wordpress\/ -->\n<title>Futebol n\u00e3o merecia a separa\u00e7\u00e3o de Messi e Neymar - PR\u00d3SPERI NEWS<\/title>\n<meta name=\"robots\" content=\"index, follow, max-snippet:-1, max-image-preview:large, max-video-preview:-1\" \/>\n<link rel=\"canonical\" href=\"https:\/\/blogdoprosperi.com\/?p=36531\" \/>\n<meta property=\"og:locale\" content=\"pt_BR\" \/>\n<meta property=\"og:type\" content=\"article\" \/>\n<meta property=\"og:title\" content=\"Futebol n\u00e3o merecia a separa\u00e7\u00e3o de Messi e Neymar - PR\u00d3SPERI NEWS\" \/>\n<meta property=\"og:description\" content=\"Futebol tem algo de extraordin\u00e1rio incapaz de ser traduzido aos que n\u00e3o comungam dessa paix\u00e3o. N\u00e3o \u00e9 f\u00e1cil [&hellip;]\" \/>\n<meta property=\"og:url\" content=\"https:\/\/blogdoprosperi.com\/?p=36531\" \/>\n<meta property=\"og:site_name\" content=\"PR\u00d3SPERI NEWS\" \/>\n<meta property=\"article:publisher\" content=\"Luiz Pr\u00f3speri\" \/>\n<meta property=\"article:author\" content=\"Luiz Pr\u00f3speri\" \/>\n<meta property=\"article:published_time\" content=\"2017-08-03T21:23:29+00:00\" \/>\n<meta property=\"article:modified_time\" content=\"2017-08-04T04:10:16+00:00\" \/>\n<meta property=\"og:image\" content=\"https:\/\/i0.wp.com\/blogdoprosperi.com\/wp-content\/uploads\/2017\/08\/neymarandmessi.jpeg?fit=759%2C506&ssl=1\" \/>\n\t<meta property=\"og:image:width\" content=\"759\" \/>\n\t<meta property=\"og:image:height\" content=\"506\" \/>\n\t<meta property=\"og:image:type\" content=\"image\/jpeg\" \/>\n<meta name=\"author\" content=\"Luiz Ant\u00f4nio Pr\u00f3speri\" \/>\n<meta name=\"twitter:card\" content=\"summary_large_image\" \/>\n<meta name=\"twitter:creator\" content=\"@Luizprosperi\" \/>\n<meta name=\"twitter:site\" content=\"@Luizprosperi\" \/>\n<meta name=\"twitter:label1\" content=\"Escrito por\" \/>\n\t<meta name=\"twitter:data1\" content=\"Luiz Ant\u00f4nio Pr\u00f3speri\" \/>\n\t<meta name=\"twitter:label2\" content=\"Est. tempo de leitura\" \/>\n\t<meta name=\"twitter:data2\" content=\"2 minutos\" \/>\n<script type=\"application\/ld+json\" class=\"yoast-schema-graph\">{\"@context\":\"https:\\\/\\\/schema.org\",\"@graph\":[{\"@type\":\"Article\",\"@id\":\"https:\\\/\\\/blogdoprosperi.com\\\/?p=36531#article\",\"isPartOf\":{\"@id\":\"https:\\\/\\\/blogdoprosperi.com\\\/?p=36531\"},\"author\":{\"name\":\"Luiz Ant\u00f4nio Pr\u00f3speri\",\"@id\":\"https:\\\/\\\/blogdoprosperi.com\\\/#\\\/schema\\\/person\\\/38100755ce3601861ee4fab9b5aa78e9\"},\"headline\":\"Futebol n\u00e3o merecia a separa\u00e7\u00e3o de Messi e Neymar\",\"datePublished\":\"2017-08-03T21:23:29+00:00\",\"dateModified\":\"2017-08-04T04:10:16+00:00\",\"mainEntityOfPage\":{\"@id\":\"https:\\\/\\\/blogdoprosperi.com\\\/?p=36531\"},\"wordCount\":352,\"commentCount\":1,\"publisher\":{\"@id\":\"https:\\\/\\\/blogdoprosperi.com\\\/#\\\/schema\\\/person\\\/38100755ce3601861ee4fab9b5aa78e9\"},\"image\":{\"@id\":\"https:\\\/\\\/blogdoprosperi.com\\\/?p=36531#primaryimage\"},\"thumbnailUrl\":\"https:\\\/\\\/i0.wp.com\\\/blogdoprosperi.com\\\/wp-content\\\/uploads\\\/2017\\\/08\\\/neymarandmessi.jpeg?fit=759%2C506&ssl=1\",\"keywords\":[\"FC Barcelona\",\"futebol\",\"Messi\",\"Neymar\",\"PSG\"],\"articleSection\":[\"futebol\"],\"inLanguage\":\"pt-BR\",\"potentialAction\":[{\"@type\":\"CommentAction\",\"name\":\"Comment\",\"target\":[\"https:\\\/\\\/blogdoprosperi.com\\\/?p=36531#respond\"]}]},{\"@type\":\"WebPage\",\"@id\":\"https:\\\/\\\/blogdoprosperi.com\\\/?p=36531\",\"url\":\"https:\\\/\\\/blogdoprosperi.com\\\/?p=36531\",\"name\":\"Futebol n\u00e3o merecia a separa\u00e7\u00e3o de Messi e Neymar - PR\u00d3SPERI NEWS\",\"isPartOf\":{\"@id\":\"https:\\\/\\\/blogdoprosperi.com\\\/#website\"},\"primaryImageOfPage\":{\"@id\":\"https:\\\/\\\/blogdoprosperi.com\\\/?p=36531#primaryimage\"},\"image\":{\"@id\":\"https:\\\/\\\/blogdoprosperi.com\\\/?p=36531#primaryimage\"},\"thumbnailUrl\":\"https:\\\/\\\/i0.wp.com\\\/blogdoprosperi.com\\\/wp-content\\\/uploads\\\/2017\\\/08\\\/neymarandmessi.jpeg?fit=759%2C506&ssl=1\",\"datePublished\":\"2017-08-03T21:23:29+00:00\",\"dateModified\":\"2017-08-04T04:10:16+00:00\",\"breadcrumb\":{\"@id\":\"https:\\\/\\\/blogdoprosperi.com\\\/?p=36531#breadcrumb\"},\"inLanguage\":\"pt-BR\",\"potentialAction\":[{\"@type\":\"ReadAction\",\"target\":[\"https:\\\/\\\/blogdoprosperi.com\\\/?p=36531\"]}]},{\"@type\":\"ImageObject\",\"inLanguage\":\"pt-BR\",\"@id\":\"https:\\\/\\\/blogdoprosperi.com\\\/?p=36531#primaryimage\",\"url\":\"https:\\\/\\\/i0.wp.com\\\/blogdoprosperi.com\\\/wp-content\\\/uploads\\\/2017\\\/08\\\/neymarandmessi.jpeg?fit=759%2C506&ssl=1\",\"contentUrl\":\"https:\\\/\\\/i0.wp.com\\\/blogdoprosperi.com\\\/wp-content\\\/uploads\\\/2017\\\/08\\\/neymarandmessi.jpeg?fit=759%2C506&ssl=1\",\"width\":759,\"height\":506},{\"@type\":\"BreadcrumbList\",\"@id\":\"https:\\\/\\\/blogdoprosperi.com\\\/?p=36531#breadcrumb\",\"itemListElement\":[{\"@type\":\"ListItem\",\"position\":1,\"name\":\"In\u00edcio\",\"item\":\"https:\\\/\\\/blogdoprosperi.com\\\/\"},{\"@type\":\"ListItem\",\"position\":2,\"name\":\"Futebol n\u00e3o merecia a separa\u00e7\u00e3o de Messi e Neymar\"}]},{\"@type\":\"WebSite\",\"@id\":\"https:\\\/\\\/blogdoprosperi.com\\\/#website\",\"url\":\"https:\\\/\\\/blogdoprosperi.com\\\/\",\"name\":\"PR\u00d3SPERI NEWS\",\"description\":\"TUDO \u00c9  FUTEBOL\",\"publisher\":{\"@id\":\"https:\\\/\\\/blogdoprosperi.com\\\/#\\\/schema\\\/person\\\/38100755ce3601861ee4fab9b5aa78e9\"},\"alternateName\":\"blogdoprosperi.com\",\"potentialAction\":[{\"@type\":\"SearchAction\",\"target\":{\"@type\":\"EntryPoint\",\"urlTemplate\":\"https:\\\/\\\/blogdoprosperi.com\\\/?s={search_term_string}\"},\"query-input\":{\"@type\":\"PropertyValueSpecification\",\"valueRequired\":true,\"valueName\":\"search_term_string\"}}],\"inLanguage\":\"pt-BR\"},{\"@type\":[\"Person\",\"Organization\"],\"@id\":\"https:\\\/\\\/blogdoprosperi.com\\\/#\\\/schema\\\/person\\\/38100755ce3601861ee4fab9b5aa78e9\",\"name\":\"Luiz Ant\u00f4nio Pr\u00f3speri\",\"pronouns\":\"ele\",\"image\":{\"@type\":\"ImageObject\",\"inLanguage\":\"pt-BR\",\"@id\":\"https:\\\/\\\/i0.wp.com\\\/blogdoprosperi.com\\\/wp-content\\\/uploads\\\/2026\\\/05\\\/cropped-8059e613-6002-42fa-961e-8e275f575d71-2-5.jpg?fit=1360%2C931&ssl=1\",\"url\":\"https:\\\/\\\/i0.wp.com\\\/blogdoprosperi.com\\\/wp-content\\\/uploads\\\/2026\\\/05\\\/cropped-8059e613-6002-42fa-961e-8e275f575d71-2-5.jpg?fit=1360%2C931&ssl=1\",\"contentUrl\":\"https:\\\/\\\/i0.wp.com\\\/blogdoprosperi.com\\\/wp-content\\\/uploads\\\/2026\\\/05\\\/cropped-8059e613-6002-42fa-961e-8e275f575d71-2-5.jpg?fit=1360%2C931&ssl=1\",\"width\":1360,\"height\":931,\"caption\":\"Luiz Ant\u00f4nio Pr\u00f3speri\"},\"logo\":{\"@id\":\"https:\\\/\\\/i0.wp.com\\\/blogdoprosperi.com\\\/wp-content\\\/uploads\\\/2026\\\/05\\\/cropped-8059e613-6002-42fa-961e-8e275f575d71-2-5.jpg?fit=1360%2C931&ssl=1\"},\"description\":\"Jornalista com carreira dedicada ao esporte. Cobriu 9 Copas do Mundo in loco, 1990 na It\u00e1lia, 1994 nos EUA, 1998 na Fran\u00e7a, 2002 na Coreia do Sul e Jap\u00e3o, 2006 na Alemanha, 2010 na \u00c1frica do Sul, 2014 no Brasil, 2018 na R\u00fassia e 2022 no Qatar. Eurocopas, 1992 na Su\u00e9cia e 1996 na Inglaterra. Copa das Confedera\u00e7\u00f5es de 2005 na Alemanha e 2009 na \u00c1frica do Sul. Rep\u00f3rter e Editor, trabalhou no Jornal da Tarde e Estad\u00e3o, de 1984 a fevereiro de 2016. Colunista, blogueiro. E comentarista de futebol na R\u00e1dio Estad\u00e3o, de 2013 a fevereiro de 2016. Jornalista respons\u00e1vel do \\\"Pr\u00f3speri News\\\" (blogdoprosperi.com).\",\"sameAs\":[\"http:\\\/\\\/blogdoprosperi.com\",\"Luiz Pr\u00f3speri\",\"@luiz_prosperi\",\"https:\\\/\\\/x.com\\\/Luizprosperi\",\"@prosperinacopa\",\"luiz.prosperi@icloud.com\"],\"url\":\"https:\\\/\\\/blogdoprosperi.com\\\/?author=102107496\"}]}<\/script>\n<!-- \/ Yoast SEO plugin. -->","yoast_head_json":{"title":"Futebol n\u00e3o merecia a separa\u00e7\u00e3o de Messi e Neymar - PR\u00d3SPERI NEWS","robots":{"index":"index","follow":"follow","max-snippet":"max-snippet:-1","max-image-preview":"max-image-preview:large","max-video-preview":"max-video-preview:-1"},"canonical":"https:\/\/blogdoprosperi.com\/?p=36531","og_locale":"pt_BR","og_type":"article","og_title":"Futebol n\u00e3o merecia a separa\u00e7\u00e3o de Messi e Neymar - PR\u00d3SPERI NEWS","og_description":"Futebol tem algo de extraordin\u00e1rio incapaz de ser traduzido aos que n\u00e3o comungam dessa paix\u00e3o. N\u00e3o \u00e9 f\u00e1cil [&hellip;]","og_url":"https:\/\/blogdoprosperi.com\/?p=36531","og_site_name":"PR\u00d3SPERI NEWS","article_publisher":"Luiz Pr\u00f3speri","article_author":"Luiz Pr\u00f3speri","article_published_time":"2017-08-03T21:23:29+00:00","article_modified_time":"2017-08-04T04:10:16+00:00","og_image":[{"width":759,"height":506,"url":"https:\/\/i0.wp.com\/blogdoprosperi.com\/wp-content\/uploads\/2017\/08\/neymarandmessi.jpeg?fit=759%2C506&ssl=1","type":"image\/jpeg"}],"author":"Luiz Ant\u00f4nio Pr\u00f3speri","twitter_card":"summary_large_image","twitter_creator":"@Luizprosperi","twitter_site":"@Luizprosperi","twitter_misc":{"Escrito por":"Luiz Ant\u00f4nio Pr\u00f3speri","Est. tempo de leitura":"2 minutos"},"schema":{"@context":"https:\/\/schema.org","@graph":[{"@type":"Article","@id":"https:\/\/blogdoprosperi.com\/?p=36531#article","isPartOf":{"@id":"https:\/\/blogdoprosperi.com\/?p=36531"},"author":{"name":"Luiz Ant\u00f4nio Pr\u00f3speri","@id":"https:\/\/blogdoprosperi.com\/#\/schema\/person\/38100755ce3601861ee4fab9b5aa78e9"},"headline":"Futebol n\u00e3o merecia a separa\u00e7\u00e3o de Messi e Neymar","datePublished":"2017-08-03T21:23:29+00:00","dateModified":"2017-08-04T04:10:16+00:00","mainEntityOfPage":{"@id":"https:\/\/blogdoprosperi.com\/?p=36531"},"wordCount":352,"commentCount":1,"publisher":{"@id":"https:\/\/blogdoprosperi.com\/#\/schema\/person\/38100755ce3601861ee4fab9b5aa78e9"},"image":{"@id":"https:\/\/blogdoprosperi.com\/?p=36531#primaryimage"},"thumbnailUrl":"https:\/\/i0.wp.com\/blogdoprosperi.com\/wp-content\/uploads\/2017\/08\/neymarandmessi.jpeg?fit=759%2C506&ssl=1","keywords":["FC Barcelona","futebol","Messi","Neymar","PSG"],"articleSection":["futebol"],"inLanguage":"pt-BR","potentialAction":[{"@type":"CommentAction","name":"Comment","target":["https:\/\/blogdoprosperi.com\/?p=36531#respond"]}]},{"@type":"WebPage","@id":"https:\/\/blogdoprosperi.com\/?p=36531","url":"https:\/\/blogdoprosperi.com\/?p=36531","name":"Futebol n\u00e3o merecia a separa\u00e7\u00e3o de Messi e Neymar - PR\u00d3SPERI NEWS","isPartOf":{"@id":"https:\/\/blogdoprosperi.com\/#website"},"primaryImageOfPage":{"@id":"https:\/\/blogdoprosperi.com\/?p=36531#primaryimage"},"image":{"@id":"https:\/\/blogdoprosperi.com\/?p=36531#primaryimage"},"thumbnailUrl":"https:\/\/i0.wp.com\/blogdoprosperi.com\/wp-content\/uploads\/2017\/08\/neymarandmessi.jpeg?fit=759%2C506&ssl=1","datePublished":"2017-08-03T21:23:29+00:00","dateModified":"2017-08-04T04:10:16+00:00","breadcrumb":{"@id":"https:\/\/blogdoprosperi.com\/?p=36531#breadcrumb"},"inLanguage":"pt-BR","potentialAction":[{"@type":"ReadAction","target":["https:\/\/blogdoprosperi.com\/?p=36531"]}]},{"@type":"ImageObject","inLanguage":"pt-BR","@id":"https:\/\/blogdoprosperi.com\/?p=36531#primaryimage","url":"https:\/\/i0.wp.com\/blogdoprosperi.com\/wp-content\/uploads\/2017\/08\/neymarandmessi.jpeg?fit=759%2C506&ssl=1","contentUrl":"https:\/\/i0.wp.com\/blogdoprosperi.com\/wp-content\/uploads\/2017\/08\/neymarandmessi.jpeg?fit=759%2C506&ssl=1","width":759,"height":506},{"@type":"BreadcrumbList","@id":"https:\/\/blogdoprosperi.com\/?p=36531#breadcrumb","itemListElement":[{"@type":"ListItem","position":1,"name":"In\u00edcio","item":"https:\/\/blogdoprosperi.com\/"},{"@type":"ListItem","position":2,"name":"Futebol n\u00e3o merecia a separa\u00e7\u00e3o de Messi e Neymar"}]},{"@type":"WebSite","@id":"https:\/\/blogdoprosperi.com\/#website","url":"https:\/\/blogdoprosperi.com\/","name":"PR\u00d3SPERI NEWS","description":"TUDO \u00c9  FUTEBOL","publisher":{"@id":"https:\/\/blogdoprosperi.com\/#\/schema\/person\/38100755ce3601861ee4fab9b5aa78e9"},"alternateName":"blogdoprosperi.com","potentialAction":[{"@type":"SearchAction","target":{"@type":"EntryPoint","urlTemplate":"https:\/\/blogdoprosperi.com\/?s={search_term_string}"},"query-input":{"@type":"PropertyValueSpecification","valueRequired":true,"valueName":"search_term_string"}}],"inLanguage":"pt-BR"},{"@type":["Person","Organization"],"@id":"https:\/\/blogdoprosperi.com\/#\/schema\/person\/38100755ce3601861ee4fab9b5aa78e9","name":"Luiz Ant\u00f4nio Pr\u00f3speri","pronouns":"ele","image":{"@type":"ImageObject","inLanguage":"pt-BR","@id":"https:\/\/i0.wp.com\/blogdoprosperi.com\/wp-content\/uploads\/2026\/05\/cropped-8059e613-6002-42fa-961e-8e275f575d71-2-5.jpg?fit=1360%2C931&ssl=1","url":"https:\/\/i0.wp.com\/blogdoprosperi.com\/wp-content\/uploads\/2026\/05\/cropped-8059e613-6002-42fa-961e-8e275f575d71-2-5.jpg?fit=1360%2C931&ssl=1","contentUrl":"https:\/\/i0.wp.com\/blogdoprosperi.com\/wp-content\/uploads\/2026\/05\/cropped-8059e613-6002-42fa-961e-8e275f575d71-2-5.jpg?fit=1360%2C931&ssl=1","width":1360,"height":931,"caption":"Luiz Ant\u00f4nio Pr\u00f3speri"},"logo":{"@id":"https:\/\/i0.wp.com\/blogdoprosperi.com\/wp-content\/uploads\/2026\/05\/cropped-8059e613-6002-42fa-961e-8e275f575d71-2-5.jpg?fit=1360%2C931&ssl=1"},"description":"Jornalista com carreira dedicada ao esporte. Cobriu 9 Copas do Mundo in loco, 1990 na It\u00e1lia, 1994 nos EUA, 1998 na Fran\u00e7a, 2002 na Coreia do Sul e Jap\u00e3o, 2006 na Alemanha, 2010 na \u00c1frica do Sul, 2014 no Brasil, 2018 na R\u00fassia e 2022 no Qatar. Eurocopas, 1992 na Su\u00e9cia e 1996 na Inglaterra. Copa das Confedera\u00e7\u00f5es de 2005 na Alemanha e 2009 na \u00c1frica do Sul. Rep\u00f3rter e Editor, trabalhou no Jornal da Tarde e Estad\u00e3o, de 1984 a fevereiro de 2016. Colunista, blogueiro. E comentarista de futebol na R\u00e1dio Estad\u00e3o, de 2013 a fevereiro de 2016. Jornalista respons\u00e1vel do \"Pr\u00f3speri News\" (blogdoprosperi.com).","sameAs":["http:\/\/blogdoprosperi.com","Luiz Pr\u00f3speri","@luiz_prosperi","https:\/\/x.com\/Luizprosperi","@prosperinacopa","luiz.prosperi@icloud.com"],"url":"https:\/\/blogdoprosperi.com\/?author=102107496"}]}},"jetpack_publicize_connections":[],"jetpack_likes_enabled":false,"jetpack_sharing_enabled":true,"jetpack_shortlink":"https:\/\/wp.me\/p7jvdk-9vd","jetpack-related-posts":[{"id":25358,"url":"https:\/\/blogdoprosperi.com\/?p=25358","url_meta":{"origin":36531,"position":0},"title":"Neymar esfarela Celtic no show dos sete gols do Barcelona","author":"Luiz Ant\u00f4nio Pr\u00f3speri","date":"13 de setembro de 2016","format":false,"excerpt":"Barcelona em campo \u00e9 o prazer do futebol. Quando est\u00e1 na Champions League, o prazer aumenta. Parece que os caras se inspiram al\u00e9m da conta. Jogam de smoking. Ao encontrar um advers\u00e1rio que n\u00e3o sabe se fica ou sai, se apenas se defende ou agride, vira covardia. Quer dizer, aula\u2026","rel":"","context":"Em &quot;Champions League&quot;","block_context":{"text":"Champions League","link":"https:\/\/blogdoprosperi.com\/?cat=9107"},"img":{"alt_text":"","src":"https:\/\/i0.wp.com\/blogdoprosperi.com\/wp-content\/uploads\/2016\/09\/3000.jpg?resize=350%2C200","width":350,"height":200,"srcset":"https:\/\/i0.wp.com\/blogdoprosperi.com\/wp-content\/uploads\/2016\/09\/3000.jpg?resize=350%2C200 1x, https:\/\/i0.wp.com\/blogdoprosperi.com\/wp-content\/uploads\/2016\/09\/3000.jpg?resize=525%2C300 1.5x"},"classes":[]},{"id":50533,"url":"https:\/\/blogdoprosperi.com\/?p=50533","url_meta":{"origin":36531,"position":1},"title":"Neymar Deixa Santos na M\u00e3o","author":"Luiz Ant\u00f4nio Pr\u00f3speri","date":"1 de junho de 2025","format":false,"excerpt":"Luiz Ant\u00f4nio Pr\u00f3speri \u2013 1 junho (18h35) \u2013 Neymar tem tanta sede por um gol que n\u00e3o pensa duas vezes e manda a bola \u00e0 rede com a m\u00e3o direita. Gol de m\u00e3o n\u00e3o vale, a n\u00e3o ser que voc\u00ea seja Diego Maradona. \u00c1rbitro percebe a maracutaia do craque, n\u00e3o\u2026","rel":"","context":"Em &quot;futebol&quot;","block_context":{"text":"futebol","link":"https:\/\/blogdoprosperi.com\/?cat=53870"},"img":{"alt_text":"Neymar deixa Santos na m\u00e3o","src":"https:\/\/i0.wp.com\/blogdoprosperi.com\/wp-content\/uploads\/2025\/06\/captura-de-tela-2025-06-01-as-18.38.58.png?fit=1060%2C788&ssl=1&resize=350%2C200","width":350,"height":200,"srcset":"https:\/\/i0.wp.com\/blogdoprosperi.com\/wp-content\/uploads\/2025\/06\/captura-de-tela-2025-06-01-as-18.38.58.png?fit=1060%2C788&ssl=1&resize=350%2C200 1x, https:\/\/i0.wp.com\/blogdoprosperi.com\/wp-content\/uploads\/2025\/06\/captura-de-tela-2025-06-01-as-18.38.58.png?fit=1060%2C788&ssl=1&resize=525%2C300 1.5x, https:\/\/i0.wp.com\/blogdoprosperi.com\/wp-content\/uploads\/2025\/06\/captura-de-tela-2025-06-01-as-18.38.58.png?fit=1060%2C788&ssl=1&resize=700%2C400 2x, https:\/\/i0.wp.com\/blogdoprosperi.com\/wp-content\/uploads\/2025\/06\/captura-de-tela-2025-06-01-as-18.38.58.png?fit=1060%2C788&ssl=1&resize=1050%2C600 3x"},"classes":[]},{"id":41004,"url":"https:\/\/blogdoprosperi.com\/?p=41004","url_meta":{"origin":36531,"position":2},"title":"Sucessor de Pel\u00e9: come\u00e7a eterna ca\u00e7a ao tesouro","author":"Luiz Ant\u00f4nio Pr\u00f3speri","date":"5 de janeiro de 2023","format":false,"excerpt":"Quem ser\u00e1 o sucessor do Rei, se \u00e9 que teremos um herdeiro no futebol brasileiro? Endrick (Palmeiras) trilha caminho que j\u00e1 foi de Neymar, Ronaldinho Ga\u00facho, Messi...","rel":"","context":"Em &quot;futebol&quot;","block_context":{"text":"futebol","link":"https:\/\/blogdoprosperi.com\/?cat=53870"},"img":{"alt_text":"","src":"https:\/\/i0.wp.com\/blogdoprosperi.com\/wp-content\/uploads\/2023\/01\/52473311817_c3cc3a00e3_c.jpg?fit=800%2C450&ssl=1&resize=350%2C200","width":350,"height":200,"srcset":"https:\/\/i0.wp.com\/blogdoprosperi.com\/wp-content\/uploads\/2023\/01\/52473311817_c3cc3a00e3_c.jpg?fit=800%2C450&ssl=1&resize=350%2C200 1x, https:\/\/i0.wp.com\/blogdoprosperi.com\/wp-content\/uploads\/2023\/01\/52473311817_c3cc3a00e3_c.jpg?fit=800%2C450&ssl=1&resize=525%2C300 1.5x, https:\/\/i0.wp.com\/blogdoprosperi.com\/wp-content\/uploads\/2023\/01\/52473311817_c3cc3a00e3_c.jpg?fit=800%2C450&ssl=1&resize=700%2C400 2x"},"classes":[]},{"id":37743,"url":"https:\/\/blogdoprosperi.com\/?p=37743","url_meta":{"origin":36531,"position":3},"title":"Tite n\u00e3o pode nem deve cortar Neymar da Sele\u00e7\u00e3o na Copa Am\u00e9rica","author":"Luiz Ant\u00f4nio Pr\u00f3speri","date":"3 de junho de 2019","format":false,"excerpt":"Tite n\u00e3o pode ser carrasco, nem julgador dos atos de Neymar. Sua miss\u00e3o \u00e9 conduzir a Sele\u00e7\u00e3o Brasileira, para isso \u00e9 pago, e bem, pela CBF. Neste momento quem deve responder por Neymar \u00e9 o pr\u00f3prio jogador, seus pares, a pol\u00edcia, a Justi\u00e7a. N\u00e3o cabe ao treinador da Sele\u00e7\u00e3o punir\u2026","rel":"","context":"Em &quot;futebol&quot;","block_context":{"text":"futebol","link":"https:\/\/blogdoprosperi.com\/?cat=53870"},"img":{"alt_text":"","src":"https:\/\/i0.wp.com\/blogdoprosperi.com\/wp-content\/uploads\/2019\/06\/62b83033fd43a943ad8fd24d4cd460f13268a003.jpg?fit=768%2C512&ssl=1&resize=350%2C200","width":350,"height":200,"srcset":"https:\/\/i0.wp.com\/blogdoprosperi.com\/wp-content\/uploads\/2019\/06\/62b83033fd43a943ad8fd24d4cd460f13268a003.jpg?fit=768%2C512&ssl=1&resize=350%2C200 1x, https:\/\/i0.wp.com\/blogdoprosperi.com\/wp-content\/uploads\/2019\/06\/62b83033fd43a943ad8fd24d4cd460f13268a003.jpg?fit=768%2C512&ssl=1&resize=525%2C300 1.5x, https:\/\/i0.wp.com\/blogdoprosperi.com\/wp-content\/uploads\/2019\/06\/62b83033fd43a943ad8fd24d4cd460f13268a003.jpg?fit=768%2C512&ssl=1&resize=700%2C400 2x"},"classes":[]},{"id":38120,"url":"https:\/\/blogdoprosperi.com\/?p=38120","url_meta":{"origin":36531,"position":4},"title":"Comunidade do futebol europeu n\u00e3o gosta de Neymar","author":"Luiz Ant\u00f4nio Pr\u00f3speri","date":"11 de dezembro de 2020","format":false,"excerpt":"Neymar n\u00e3o \u00e9 bem-visto na comunidade do futebol europeu. Apenas uma vez se deram o respeito ao craque brasileiro. Quando jogava no Barcelona ao lado de Messi. E olha l\u00e1. Por isso n\u00e3o \u00e9 um absurdo Neymar ficar fora do pr\u00eamio \"The Best\" da Fifa, melhor jogador do mundo na\u2026","rel":"","context":"Em &quot;Champions League&quot;","block_context":{"text":"Champions League","link":"https:\/\/blogdoprosperi.com\/?cat=9107"},"img":{"alt_text":"Neymar fora do pr\u00eamio Fifa","src":"https:\/\/i0.wp.com\/blogdoprosperi.com\/wp-content\/uploads\/2020\/12\/neymar-psg-x-bayern-champions-2020-23082020181716143.jpeg?fit=660%2C476&ssl=1&resize=350%2C200","width":350,"height":200,"srcset":"https:\/\/i0.wp.com\/blogdoprosperi.com\/wp-content\/uploads\/2020\/12\/neymar-psg-x-bayern-champions-2020-23082020181716143.jpeg?fit=660%2C476&ssl=1&resize=350%2C200 1x, https:\/\/i0.wp.com\/blogdoprosperi.com\/wp-content\/uploads\/2020\/12\/neymar-psg-x-bayern-champions-2020-23082020181716143.jpeg?fit=660%2C476&ssl=1&resize=525%2C300 1.5x"},"classes":[]},{"id":11067,"url":"https:\/\/blogdoprosperi.com\/?p=11067","url_meta":{"origin":36531,"position":5},"title":"A improv\u00e1vel revolu\u00e7\u00e3o de Tite na Sele\u00e7\u00e3o Brasileira","author":"Luiz Ant\u00f4nio Pr\u00f3speri","date":"16 de junho de 2016","format":false,"excerpt":"Tite n\u00e3o vai revolucionar o futebol da Sele\u00e7\u00e3o Brasileira. Tendo como par\u00e2metro seus conceitos aplicados com sucesso no Corinthians, o escrete vai ter mais a cara dos europeus \u00e0 ess\u00eancia do aut\u00eantico estilo do Brasil. N\u00e3o h\u00e1 ilus\u00e3o. Nem Tite e muito menos a CBF t\u00eam como prioridade resgatar o\u2026","rel":"","context":"Em &quot;futebol&quot;","block_context":{"text":"futebol","link":"https:\/\/blogdoprosperi.com\/?cat=53870"},"img":{"alt_text":"","src":"https:\/\/i0.wp.com\/blogdoprosperi.com\/wp-content\/uploads\/2016\/06\/feola1_09.jpg?resize=350%2C200","width":350,"height":200,"srcset":"https:\/\/i0.wp.com\/blogdoprosperi.com\/wp-content\/uploads\/2016\/06\/feola1_09.jpg?resize=350%2C200 1x, https:\/\/i0.wp.com\/blogdoprosperi.com\/wp-content\/uploads\/2016\/06\/feola1_09.jpg?resize=525%2C300 1.5x"},"classes":[]}],"jetpack_featured_media_url":"https:\/\/i0.wp.com\/blogdoprosperi.com\/wp-content\/uploads\/2017\/08\/neymarandmessi.jpeg?fit=759%2C506&ssl=1","_links":{"self":[{"href":"https:\/\/blogdoprosperi.com\/index.php?rest_route=\/wp\/v2\/posts\/36531","targetHints":{"allow":["GET"]}}],"collection":[{"href":"https:\/\/blogdoprosperi.com\/index.php?rest_route=\/wp\/v2\/posts"}],"about":[{"href":"https:\/\/blogdoprosperi.com\/index.php?rest_route=\/wp\/v2\/types\/post"}],"author":[{"embeddable":true,"href":"https:\/\/blogdoprosperi.com\/index.php?rest_route=\/wp\/v2\/users\/102107496"}],"replies":[{"embeddable":true,"href":"https:\/\/blogdoprosperi.com\/index.php?rest_route=%2Fwp%2Fv2%2Fcomments&post=36531"}],"version-history":[{"count":25,"href":"https:\/\/blogdoprosperi.com\/index.php?rest_route=\/wp\/v2\/posts\/36531\/revisions"}],"predecessor-version":[{"id":36567,"href":"https:\/\/blogdoprosperi.com\/index.php?rest_route=\/wp\/v2\/posts\/36531\/revisions\/36567"}],"wp:featuredmedia":[{"embeddable":true,"href":"https:\/\/blogdoprosperi.com\/index.php?rest_route=\/wp\/v2\/media\/36559"}],"wp:attachment":[{"href":"https:\/\/blogdoprosperi.com\/index.php?rest_route=%2Fwp%2Fv2%2Fmedia&parent=36531"}],"wp:term":[{"taxonomy":"category","embeddable":true,"href":"https:\/\/blogdoprosperi.com\/index.php?rest_route=%2Fwp%2Fv2%2Fcategories&post=36531"},{"taxonomy":"post_tag","embeddable":true,"href":"https:\/\/blogdoprosperi.com\/index.php?rest_route=%2Fwp%2Fv2%2Ftags&post=36531"}],"curies":[{"name":"wp","href":"https:\/\/api.w.org\/{rel}","templated":true}]}}