{"id":36584,"date":"2017-08-11T16:17:47","date_gmt":"2017-08-11T19:17:47","guid":{"rendered":"http:\/\/blogdoprosperi.com\/?p=36584"},"modified":"2017-08-11T16:17:47","modified_gmt":"2017-08-11T19:17:47","slug":"felipe-melo-fora-da-curva","status":"publish","type":"post","link":"https:\/\/blogdoprosperi.com\/?p=36584","title":{"rendered":"Felipe Melo fora da curva"},"content":{"rendered":"<p>Palmeiras e patrocinadora torraram R$ 115 milh\u00f5es em contrata\u00e7\u00f5es de jogadores porque tinham dinheiro para gastar. Cuca, desde seu in\u00edcio de carreira de treinador, carrega suas mandingas e cren\u00e7as por onde passa. Ajoelhado ou n\u00e3o. De cal\u00e7a vinho ou n\u00e3o.\u00a0Borja e Guerra, apontados como os principais destaques da Libertadores de 2016 quando foram campe\u00f5es com o Atl\u00e9tico de Medell\u00edn, eram objeto do desejo da maioria dos clubes envolvidos na atual Libertadores. Keno e Raphael Veiga, brilhantes no Brasileir\u00e3o do ano passado, estavam na mira das principais pot\u00eancias do futebol brasileiro. Mauricio Galiotte, novo presidente do clube, assumiu em novembro e de cara resolveu as pendengas com a WTorre, s\u00f3cio-propriet\u00e1ria do Allianz Parque, e acalmou a f\u00faria da dona da Crefisa, em constante atrito com o ent\u00e3o presidente Paulo Nobre. Alexandre Mattos, tricampe\u00e3o brasileiro, somando os t\u00edtulos de Cruzeiro e Palmeiras, \u00e9 um dos executivos da moda e curr\u00edculo. A \u00fanica pe\u00e7a que n\u00e3o se encaixa, fora da curva, \u00e9 mesmo Felipe Melo. A queda do Palestra na Libertadores e fracassos consecutivos na temporada passam por Felipe Melo.<\/p>\n<p>Antes de arremessar as pedras \u00e9 preciso entender o contexto da culpa de Felipe Melo e seus efeitos na debacle do Palmeiras. N\u00e3o \u00e9 apenas a contrata\u00e7\u00e3o em si do volante, um desses amados malditos do futebol. Quando Alexandre Mattos pensou e correu atr\u00e1s do jogador, na sua cabe\u00e7a passava a ideia de que Libertadores requer jogadores cascudos. Levizinhos como Tch\u00ea Tch\u00ea n\u00e3o dariam conta do recado. Por isso n\u00e3o levou em considera\u00e7\u00e3o o famoso custo benef\u00edcio. Foi l\u00e1, ofereceu uma picape de dinheiro e convenceu Melo a vestir as cores verde e branca. Assim como alguns decadentes no mercado europeu \u00a0\u2013 Diego, Robinho, Hernanes, Jadson, Thiago Neves, entere outros -,\u00a0Felipe Melo voltava ao Brasil.<\/p>\n<p><span class=\"alignnone\"><img data-recalc-dims=\"1\" loading=\"lazy\" decoding=\"async\" data-attachment-id=\"35651\" data-permalink=\"https:\/\/blogdoprosperi.com\/?attachment_id=35651\" data-orig-file=\"https:\/\/i0.wp.com\/blogdoprosperi.com\/wp-content\/uploads\/2017\/04\/pro14.jpg?fit=4036%2C2690&amp;ssl=1\" data-orig-size=\"4036,2690\" data-comments-opened=\"1\" data-image-meta=\"{&quot;aperture&quot;:&quot;2.8&quot;,&quot;credit&quot;:&quot;&quot;,&quot;camera&quot;:&quot;Canon EOS-1D X&quot;,&quot;caption&quot;:&quot;&quot;,&quot;created_timestamp&quot;:&quot;1492894227&quot;,&quot;copyright&quot;:&quot;ALEX SILVA\/ESTADAO&quot;,&quot;focal_length&quot;:&quot;400&quot;,&quot;iso&quot;:&quot;1250&quot;,&quot;shutter_speed&quot;:&quot;0.002&quot;,&quot;title&quot;:&quot;&quot;,&quot;orientation&quot;:&quot;1&quot;}\" data-image-title=\"pro14\" data-image-description=\"\" data-image-caption=\"\" data-large-file=\"https:\/\/i0.wp.com\/blogdoprosperi.com\/wp-content\/uploads\/2017\/04\/pro14.jpg?fit=940%2C627&amp;ssl=1\" class=\"alignnone size-full wp-image-35651\" src=\"https:\/\/i0.wp.com\/blogdoprosperi.com\/wp-content\/uploads\/2017\/04\/pro14.jpg?resize=940%2C627&#038;ssl=1\" alt=\"pro14\" width=\"940\" height=\"627\" \/><\/span><\/p>\n<p>Mattos n\u00e3o raciocinou que ao trazer um jogador com esse perfil viveria dias de muita tempestade e pouca bonan\u00e7a. E, por tabela, quebrou um modelo que havia dado muito certo na campanha do t\u00edtulo brasileiro de 2016. Antes prevalecia solidariedade, nos vesti\u00e1rios e no campo. N\u00e3o havia um astro a fazer o time girar em sua \u00f3rbita. Com Felipe Melo essa norma n\u00e3o poderia ser seguida. Ou se reza na cartilha dele ou nada feito. Todos planetas ao redor de um \u00fanico sol.<\/p>\n<p>Melo encontrou terreno f\u00e9rtil para semear suas ideias. Se deparou com um t\u00e9cnico aprendiz, Eduardo Baptista, pouco acostumado a lidar com personagens de alto quilate como \u00a0ele, Felipe Melo, e tomou conta do terreno. Nesse contexto, se investiu de l\u00edder ofuscando Fernando Prass e Z\u00e9 Roberto, esteios da campanha de 2016, acostumados ao di\u00e1logo. N\u00e3o haveria mais l\u00edderes, e sim um l\u00edder. Com seu poder de convencimento, amealhou alguns menos cotados no grupo de jogadores e se fortaleceu.<\/p>\n<p>Pavio aceso, Melo explodiria mais cedo ou mais tarde. A Batalha de Montevid\u00e9u contra o Pe\u00f1arol deixou claro que o Palmeiras dali para frente seria guerreiro e valente. Melo se encarregou de se defender dos uruguaios com alguns socos de pugilista. Baptista resolveu dar murro na mesa e estufar as veias do pesco\u00e7o dizendo que ningu\u00e9m de fora do Palmeiras passaria por cima dele. Melo pegou um gancho de seis jogos e deu uma enorme dor de cabe\u00e7a ao comando do Palmeiras. Baptista n\u00e3o resistiu e foi demitido.<\/p>\n<p>Fora de campo, Felipe Melo ainda incendiou as redes sociais ao bradar <a href=\"http:\/\/chuteirafc.cartacapital.com.br\/analise-felipe-melo-declara-apoio-a-bolsonaro\/\">\u201cpau nos vagabundos que fazem greve e Bolsonaro neles\u201d<\/a>, em pleno feriado de 1.\u00ba de maio, o Dia do Trabalhador.<\/p>\n<p><img data-recalc-dims=\"1\" loading=\"lazy\" decoding=\"async\" class=\" wp-image-13326     lazyloaded\" src=\"https:\/\/i0.wp.com\/cdn01.chuteirafc.cartacapital.com.br\/wp-content\/uploads\/2017\/08\/10210705\/33960709190_bfea0f98ef_b.jpg?resize=940%2C547\" alt=\"\" width=\"940\" height=\"547\" \/><\/p>\n<p>Alexandre Mattos percebeu que deveria se proteger com um escudo e apressou a trazer Cuca de volta. Mattos sabia que Cuca n\u00e3o concordaria com os m\u00e9todos de Melo. N\u00e3o demorou e os dois se encrencaram no momento mais dif\u00edcil do Palmeiras na temporada. A casa caiu com a elimina\u00e7\u00e3o diante do Cruzeiro na Copa do Brasil. \u201cCom esse n\u00e3o d\u00e1 mais, vou rachar ele no meio, covarde\u201d, disse o jogador a respeito de Cuca.<\/p>\n<p>Felipe Melo foi apartado do ambiente no processo que custou tempo e desaven\u00e7as at\u00e9 o ambiente se acalmar em nome da honra, isto \u00e9, avan\u00e7ar na Libertadores diante do Barcelona de Guayaquil. Entre o fim da tempestade e os dias de sonhada bonan\u00e7a, Palmeiras viveu um drama desnecess\u00e1rio.<\/p>\n<p>Cuca, um tanto preso \u00e0s convic\u00e7\u00f5es de 2016 e atordoado com o desgaste no embate com Melo, n\u00e3o conseguiu reinventar o time. \u201cCheguei ao meu limite\u201d, revelou ap\u00f3s a queda na quarta-feira diante do Barcelona equatoriano. Errou \u00e0 be\u00e7a nas escolhas e solu\u00e7\u00f5es no jogo mais importante do ano. E assistiu ao fim do projeto ajoelhado com sua cal\u00e7a vinho na grama orvalhada e medalha sangrando os dedos no aperto da m\u00e3o.<\/p>\n<p>De volta ao futuro, Mattos entra no pared\u00e3o por ter apostado em Felipe Melo sem pensar nas consequ\u00eancias. Palmeiras foi notificado na Justi\u00e7a por ass\u00e9dio moral ao jogador. Clube, que j\u00e1 investiu quase R$ 5 milh\u00f5es no volante (entre sal\u00e1rios e b\u00f4nus), corre para fazer uma rescis\u00e3o amig\u00e1vel do contrato com o volante.\u00a0Roubando um conceito do nosso colunista Jos\u00e9 Eduardo Carvalho, \u00a0Melo representa o retrocesso do retrocesso.<\/p>\n<p>Na hora de fazer as contas, o pol\u00eamico jogador mais deu preju\u00edzo do que lucro no campo. N\u00e3o decidiu um jogo. Apenas conquistou cora\u00e7\u00f5es de torcedores acostumados a aplaudir guerreiros e condenar os bons mo\u00e7os bons de bola. Futebol tem disso. La Nave Va.<\/p>\n<p>(<a href=\"http:\/\/chuteirafc.cartacapital.com.br\">TEXTO PUBLICADO NO CHUTEIRA FC \u2013 LEIA MAIS NOT\u00cdCIAS E OPINI\u00c3O DE FUTEBOL<\/a>)<\/p>\n","protected":false},"excerpt":{"rendered":"<p>Palmeiras e patrocinadora torraram R$ 115 milh\u00f5es em contrata\u00e7\u00f5es de jogadores porque tinham dinheiro para gastar. Cuca, desde [&hellip;]<\/p>\n","protected":false},"author":102107496,"featured_media":36591,"comment_status":"open","ping_status":"open","sticky":false,"template":"","format":"standard","meta":{"_coblocks_attr":"","_coblocks_dimensions":"","_coblocks_responsive_height":"","_coblocks_accordion_ie_support":"","_jetpack_newsletter_access":"","_jetpack_dont_email_post_to_subs":false,"_jetpack_newsletter_tier_id":0,"_jetpack_memberships_contains_paywalled_content":false,"_wpcom_ai_launchpad_first_post":false,"_jetpack_feature_clip_id":0,"_jetpack_memberships_contains_paid_content":false,"footnotes":"","jetpack_publicize_message":"","jetpack_publicize_feature_enabled":true,"jetpack_social_post_already_shared":false,"jetpack_social_options":{"image_generator_settings":{"template":"highway","default_image_id":0,"font":"","enabled":false},"version":2},"jetpack_post_was_ever_published":false},"categories":[270704,53870],"tags":[413544154,471113831,5430725,789560560,4558380],"class_list":["post-36584","post","type-post","status-publish","format-standard","has-post-thumbnail","hentry","category-copa-libertadores","category-futebol","tag-copa-libertadores-2017","tag-cuca-palmeiras","tag-felipe-melo","tag-futebol","tag-se-palmeiras"],"yoast_head":"<!-- This site is optimized with the Yoast SEO plugin v28.4 - https:\/\/yoast.com\/product\/yoast-seo-wordpress\/ -->\n<title>Felipe Melo fora da curva - PR\u00d3SPERI NEWS<\/title>\n<meta name=\"robots\" content=\"index, follow, max-snippet:-1, max-image-preview:large, max-video-preview:-1\" \/>\n<link rel=\"canonical\" href=\"https:\/\/blogdoprosperi.com\/?p=36584\" \/>\n<meta property=\"og:locale\" content=\"pt_BR\" \/>\n<meta property=\"og:type\" content=\"article\" \/>\n<meta property=\"og:title\" content=\"Felipe Melo fora da curva - PR\u00d3SPERI NEWS\" \/>\n<meta property=\"og:description\" content=\"Palmeiras e patrocinadora torraram R$ 115 milh\u00f5es em contrata\u00e7\u00f5es de jogadores porque tinham dinheiro para gastar. Cuca, desde [&hellip;]\" \/>\n<meta property=\"og:url\" content=\"https:\/\/blogdoprosperi.com\/?p=36584\" \/>\n<meta property=\"og:site_name\" content=\"PR\u00d3SPERI NEWS\" \/>\n<meta property=\"article:publisher\" content=\"Luiz Pr\u00f3speri\" \/>\n<meta property=\"article:author\" content=\"Luiz Pr\u00f3speri\" \/>\n<meta property=\"article:published_time\" content=\"2017-08-11T19:17:47+00:00\" \/>\n<meta property=\"og:image\" content=\"https:\/\/i0.wp.com\/blogdoprosperi.com\/wp-content\/uploads\/2017\/08\/34637391310_c47717dd3c_o.jpg?fit=1000%2C611&ssl=1\" \/>\n\t<meta property=\"og:image:width\" content=\"1000\" \/>\n\t<meta property=\"og:image:height\" content=\"611\" \/>\n\t<meta property=\"og:image:type\" content=\"image\/jpeg\" \/>\n<meta name=\"author\" content=\"Luiz Ant\u00f4nio Pr\u00f3speri\" \/>\n<meta name=\"twitter:card\" content=\"summary_large_image\" \/>\n<meta name=\"twitter:creator\" content=\"@Luizprosperi\" \/>\n<meta name=\"twitter:site\" content=\"@Luizprosperi\" \/>\n<meta name=\"twitter:label1\" content=\"Escrito por\" \/>\n\t<meta name=\"twitter:data1\" content=\"Luiz Ant\u00f4nio Pr\u00f3speri\" \/>\n\t<meta name=\"twitter:label2\" content=\"Est. tempo de leitura\" \/>\n\t<meta name=\"twitter:data2\" content=\"5 minutos\" \/>\n<script type=\"application\/ld+json\" class=\"yoast-schema-graph\">{\"@context\":\"https:\\\/\\\/schema.org\",\"@graph\":[{\"@type\":\"Article\",\"@id\":\"https:\\\/\\\/blogdoprosperi.com\\\/?p=36584#article\",\"isPartOf\":{\"@id\":\"https:\\\/\\\/blogdoprosperi.com\\\/?p=36584\"},\"author\":{\"name\":\"Luiz Ant\u00f4nio Pr\u00f3speri\",\"@id\":\"https:\\\/\\\/blogdoprosperi.com\\\/#\\\/schema\\\/person\\\/38100755ce3601861ee4fab9b5aa78e9\"},\"headline\":\"Felipe Melo fora da curva\",\"datePublished\":\"2017-08-11T19:17:47+00:00\",\"mainEntityOfPage\":{\"@id\":\"https:\\\/\\\/blogdoprosperi.com\\\/?p=36584\"},\"wordCount\":965,\"commentCount\":0,\"publisher\":{\"@id\":\"https:\\\/\\\/blogdoprosperi.com\\\/#\\\/schema\\\/person\\\/38100755ce3601861ee4fab9b5aa78e9\"},\"image\":{\"@id\":\"https:\\\/\\\/blogdoprosperi.com\\\/?p=36584#primaryimage\"},\"thumbnailUrl\":\"https:\\\/\\\/i0.wp.com\\\/blogdoprosperi.com\\\/wp-content\\\/uploads\\\/2017\\\/08\\\/34637391310_c47717dd3c_o.jpg?fit=1000%2C611&ssl=1\",\"keywords\":[\"Copa Libertadores 2017\",\"Cuca Palmeiras\",\"Felipe Melo\",\"futebol\",\"SE Palmeiras\"],\"articleSection\":[\"Copa Libertadores\",\"futebol\"],\"inLanguage\":\"pt-BR\",\"potentialAction\":[{\"@type\":\"CommentAction\",\"name\":\"Comment\",\"target\":[\"https:\\\/\\\/blogdoprosperi.com\\\/?p=36584#respond\"]}]},{\"@type\":\"WebPage\",\"@id\":\"https:\\\/\\\/blogdoprosperi.com\\\/?p=36584\",\"url\":\"https:\\\/\\\/blogdoprosperi.com\\\/?p=36584\",\"name\":\"Felipe Melo fora da curva - PR\u00d3SPERI NEWS\",\"isPartOf\":{\"@id\":\"https:\\\/\\\/blogdoprosperi.com\\\/#website\"},\"primaryImageOfPage\":{\"@id\":\"https:\\\/\\\/blogdoprosperi.com\\\/?p=36584#primaryimage\"},\"image\":{\"@id\":\"https:\\\/\\\/blogdoprosperi.com\\\/?p=36584#primaryimage\"},\"thumbnailUrl\":\"https:\\\/\\\/i0.wp.com\\\/blogdoprosperi.com\\\/wp-content\\\/uploads\\\/2017\\\/08\\\/34637391310_c47717dd3c_o.jpg?fit=1000%2C611&ssl=1\",\"datePublished\":\"2017-08-11T19:17:47+00:00\",\"breadcrumb\":{\"@id\":\"https:\\\/\\\/blogdoprosperi.com\\\/?p=36584#breadcrumb\"},\"inLanguage\":\"pt-BR\",\"potentialAction\":[{\"@type\":\"ReadAction\",\"target\":[\"https:\\\/\\\/blogdoprosperi.com\\\/?p=36584\"]}]},{\"@type\":\"ImageObject\",\"inLanguage\":\"pt-BR\",\"@id\":\"https:\\\/\\\/blogdoprosperi.com\\\/?p=36584#primaryimage\",\"url\":\"https:\\\/\\\/i0.wp.com\\\/blogdoprosperi.com\\\/wp-content\\\/uploads\\\/2017\\\/08\\\/34637391310_c47717dd3c_o.jpg?fit=1000%2C611&ssl=1\",\"contentUrl\":\"https:\\\/\\\/i0.wp.com\\\/blogdoprosperi.com\\\/wp-content\\\/uploads\\\/2017\\\/08\\\/34637391310_c47717dd3c_o.jpg?fit=1000%2C611&ssl=1\",\"width\":1000,\"height\":611},{\"@type\":\"BreadcrumbList\",\"@id\":\"https:\\\/\\\/blogdoprosperi.com\\\/?p=36584#breadcrumb\",\"itemListElement\":[{\"@type\":\"ListItem\",\"position\":1,\"name\":\"In\u00edcio\",\"item\":\"https:\\\/\\\/blogdoprosperi.com\\\/\"},{\"@type\":\"ListItem\",\"position\":2,\"name\":\"Felipe Melo fora da curva\"}]},{\"@type\":\"WebSite\",\"@id\":\"https:\\\/\\\/blogdoprosperi.com\\\/#website\",\"url\":\"https:\\\/\\\/blogdoprosperi.com\\\/\",\"name\":\"PR\u00d3SPERI NEWS\",\"description\":\"TUDO \u00c9  FUTEBOL\",\"publisher\":{\"@id\":\"https:\\\/\\\/blogdoprosperi.com\\\/#\\\/schema\\\/person\\\/38100755ce3601861ee4fab9b5aa78e9\"},\"alternateName\":\"blogdoprosperi.com\",\"potentialAction\":[{\"@type\":\"SearchAction\",\"target\":{\"@type\":\"EntryPoint\",\"urlTemplate\":\"https:\\\/\\\/blogdoprosperi.com\\\/?s={search_term_string}\"},\"query-input\":{\"@type\":\"PropertyValueSpecification\",\"valueRequired\":true,\"valueName\":\"search_term_string\"}}],\"inLanguage\":\"pt-BR\"},{\"@type\":[\"Person\",\"Organization\"],\"@id\":\"https:\\\/\\\/blogdoprosperi.com\\\/#\\\/schema\\\/person\\\/38100755ce3601861ee4fab9b5aa78e9\",\"name\":\"Luiz Ant\u00f4nio Pr\u00f3speri\",\"pronouns\":\"ele\",\"image\":{\"@type\":\"ImageObject\",\"inLanguage\":\"pt-BR\",\"@id\":\"https:\\\/\\\/i0.wp.com\\\/blogdoprosperi.com\\\/wp-content\\\/uploads\\\/2026\\\/05\\\/cropped-8059e613-6002-42fa-961e-8e275f575d71-2-5.jpg?fit=1360%2C931&ssl=1\",\"url\":\"https:\\\/\\\/i0.wp.com\\\/blogdoprosperi.com\\\/wp-content\\\/uploads\\\/2026\\\/05\\\/cropped-8059e613-6002-42fa-961e-8e275f575d71-2-5.jpg?fit=1360%2C931&ssl=1\",\"contentUrl\":\"https:\\\/\\\/i0.wp.com\\\/blogdoprosperi.com\\\/wp-content\\\/uploads\\\/2026\\\/05\\\/cropped-8059e613-6002-42fa-961e-8e275f575d71-2-5.jpg?fit=1360%2C931&ssl=1\",\"width\":1360,\"height\":931,\"caption\":\"Luiz Ant\u00f4nio Pr\u00f3speri\"},\"logo\":{\"@id\":\"https:\\\/\\\/i0.wp.com\\\/blogdoprosperi.com\\\/wp-content\\\/uploads\\\/2026\\\/05\\\/cropped-8059e613-6002-42fa-961e-8e275f575d71-2-5.jpg?fit=1360%2C931&ssl=1\"},\"description\":\"Jornalista com carreira dedicada ao esporte. Cobriu 9 Copas do Mundo in loco, 1990 na It\u00e1lia, 1994 nos EUA, 1998 na Fran\u00e7a, 2002 na Coreia do Sul e Jap\u00e3o, 2006 na Alemanha, 2010 na \u00c1frica do Sul, 2014 no Brasil, 2018 na R\u00fassia e 2022 no Qatar. Eurocopas, 1992 na Su\u00e9cia e 1996 na Inglaterra. Copa das Confedera\u00e7\u00f5es de 2005 na Alemanha e 2009 na \u00c1frica do Sul. Rep\u00f3rter e Editor, trabalhou no Jornal da Tarde e Estad\u00e3o, de 1984 a fevereiro de 2016. Colunista, blogueiro. E comentarista de futebol na R\u00e1dio Estad\u00e3o, de 2013 a fevereiro de 2016. Jornalista respons\u00e1vel do \\\"Pr\u00f3speri News\\\" (blogdoprosperi.com).\",\"sameAs\":[\"http:\\\/\\\/blogdoprosperi.com\",\"Luiz Pr\u00f3speri\",\"@luiz_prosperi\",\"https:\\\/\\\/x.com\\\/Luizprosperi\",\"@prosperinacopa\",\"luiz.prosperi@icloud.com\"],\"url\":\"https:\\\/\\\/blogdoprosperi.com\\\/?author=102107496\"}]}<\/script>\n<!-- \/ Yoast SEO plugin. -->","yoast_head_json":{"title":"Felipe Melo fora da curva - PR\u00d3SPERI NEWS","robots":{"index":"index","follow":"follow","max-snippet":"max-snippet:-1","max-image-preview":"max-image-preview:large","max-video-preview":"max-video-preview:-1"},"canonical":"https:\/\/blogdoprosperi.com\/?p=36584","og_locale":"pt_BR","og_type":"article","og_title":"Felipe Melo fora da curva - PR\u00d3SPERI NEWS","og_description":"Palmeiras e patrocinadora torraram R$ 115 milh\u00f5es em contrata\u00e7\u00f5es de jogadores porque tinham dinheiro para gastar. Cuca, desde [&hellip;]","og_url":"https:\/\/blogdoprosperi.com\/?p=36584","og_site_name":"PR\u00d3SPERI NEWS","article_publisher":"Luiz Pr\u00f3speri","article_author":"Luiz Pr\u00f3speri","article_published_time":"2017-08-11T19:17:47+00:00","og_image":[{"width":1000,"height":611,"url":"https:\/\/i0.wp.com\/blogdoprosperi.com\/wp-content\/uploads\/2017\/08\/34637391310_c47717dd3c_o.jpg?fit=1000%2C611&ssl=1","type":"image\/jpeg"}],"author":"Luiz Ant\u00f4nio Pr\u00f3speri","twitter_card":"summary_large_image","twitter_creator":"@Luizprosperi","twitter_site":"@Luizprosperi","twitter_misc":{"Escrito por":"Luiz Ant\u00f4nio Pr\u00f3speri","Est. tempo de leitura":"5 minutos"},"schema":{"@context":"https:\/\/schema.org","@graph":[{"@type":"Article","@id":"https:\/\/blogdoprosperi.com\/?p=36584#article","isPartOf":{"@id":"https:\/\/blogdoprosperi.com\/?p=36584"},"author":{"name":"Luiz Ant\u00f4nio Pr\u00f3speri","@id":"https:\/\/blogdoprosperi.com\/#\/schema\/person\/38100755ce3601861ee4fab9b5aa78e9"},"headline":"Felipe Melo fora da curva","datePublished":"2017-08-11T19:17:47+00:00","mainEntityOfPage":{"@id":"https:\/\/blogdoprosperi.com\/?p=36584"},"wordCount":965,"commentCount":0,"publisher":{"@id":"https:\/\/blogdoprosperi.com\/#\/schema\/person\/38100755ce3601861ee4fab9b5aa78e9"},"image":{"@id":"https:\/\/blogdoprosperi.com\/?p=36584#primaryimage"},"thumbnailUrl":"https:\/\/i0.wp.com\/blogdoprosperi.com\/wp-content\/uploads\/2017\/08\/34637391310_c47717dd3c_o.jpg?fit=1000%2C611&ssl=1","keywords":["Copa Libertadores 2017","Cuca Palmeiras","Felipe Melo","futebol","SE Palmeiras"],"articleSection":["Copa Libertadores","futebol"],"inLanguage":"pt-BR","potentialAction":[{"@type":"CommentAction","name":"Comment","target":["https:\/\/blogdoprosperi.com\/?p=36584#respond"]}]},{"@type":"WebPage","@id":"https:\/\/blogdoprosperi.com\/?p=36584","url":"https:\/\/blogdoprosperi.com\/?p=36584","name":"Felipe Melo fora da curva - PR\u00d3SPERI NEWS","isPartOf":{"@id":"https:\/\/blogdoprosperi.com\/#website"},"primaryImageOfPage":{"@id":"https:\/\/blogdoprosperi.com\/?p=36584#primaryimage"},"image":{"@id":"https:\/\/blogdoprosperi.com\/?p=36584#primaryimage"},"thumbnailUrl":"https:\/\/i0.wp.com\/blogdoprosperi.com\/wp-content\/uploads\/2017\/08\/34637391310_c47717dd3c_o.jpg?fit=1000%2C611&ssl=1","datePublished":"2017-08-11T19:17:47+00:00","breadcrumb":{"@id":"https:\/\/blogdoprosperi.com\/?p=36584#breadcrumb"},"inLanguage":"pt-BR","potentialAction":[{"@type":"ReadAction","target":["https:\/\/blogdoprosperi.com\/?p=36584"]}]},{"@type":"ImageObject","inLanguage":"pt-BR","@id":"https:\/\/blogdoprosperi.com\/?p=36584#primaryimage","url":"https:\/\/i0.wp.com\/blogdoprosperi.com\/wp-content\/uploads\/2017\/08\/34637391310_c47717dd3c_o.jpg?fit=1000%2C611&ssl=1","contentUrl":"https:\/\/i0.wp.com\/blogdoprosperi.com\/wp-content\/uploads\/2017\/08\/34637391310_c47717dd3c_o.jpg?fit=1000%2C611&ssl=1","width":1000,"height":611},{"@type":"BreadcrumbList","@id":"https:\/\/blogdoprosperi.com\/?p=36584#breadcrumb","itemListElement":[{"@type":"ListItem","position":1,"name":"In\u00edcio","item":"https:\/\/blogdoprosperi.com\/"},{"@type":"ListItem","position":2,"name":"Felipe Melo fora da curva"}]},{"@type":"WebSite","@id":"https:\/\/blogdoprosperi.com\/#website","url":"https:\/\/blogdoprosperi.com\/","name":"PR\u00d3SPERI NEWS","description":"TUDO \u00c9  FUTEBOL","publisher":{"@id":"https:\/\/blogdoprosperi.com\/#\/schema\/person\/38100755ce3601861ee4fab9b5aa78e9"},"alternateName":"blogdoprosperi.com","potentialAction":[{"@type":"SearchAction","target":{"@type":"EntryPoint","urlTemplate":"https:\/\/blogdoprosperi.com\/?s={search_term_string}"},"query-input":{"@type":"PropertyValueSpecification","valueRequired":true,"valueName":"search_term_string"}}],"inLanguage":"pt-BR"},{"@type":["Person","Organization"],"@id":"https:\/\/blogdoprosperi.com\/#\/schema\/person\/38100755ce3601861ee4fab9b5aa78e9","name":"Luiz Ant\u00f4nio Pr\u00f3speri","pronouns":"ele","image":{"@type":"ImageObject","inLanguage":"pt-BR","@id":"https:\/\/i0.wp.com\/blogdoprosperi.com\/wp-content\/uploads\/2026\/05\/cropped-8059e613-6002-42fa-961e-8e275f575d71-2-5.jpg?fit=1360%2C931&ssl=1","url":"https:\/\/i0.wp.com\/blogdoprosperi.com\/wp-content\/uploads\/2026\/05\/cropped-8059e613-6002-42fa-961e-8e275f575d71-2-5.jpg?fit=1360%2C931&ssl=1","contentUrl":"https:\/\/i0.wp.com\/blogdoprosperi.com\/wp-content\/uploads\/2026\/05\/cropped-8059e613-6002-42fa-961e-8e275f575d71-2-5.jpg?fit=1360%2C931&ssl=1","width":1360,"height":931,"caption":"Luiz Ant\u00f4nio Pr\u00f3speri"},"logo":{"@id":"https:\/\/i0.wp.com\/blogdoprosperi.com\/wp-content\/uploads\/2026\/05\/cropped-8059e613-6002-42fa-961e-8e275f575d71-2-5.jpg?fit=1360%2C931&ssl=1"},"description":"Jornalista com carreira dedicada ao esporte. Cobriu 9 Copas do Mundo in loco, 1990 na It\u00e1lia, 1994 nos EUA, 1998 na Fran\u00e7a, 2002 na Coreia do Sul e Jap\u00e3o, 2006 na Alemanha, 2010 na \u00c1frica do Sul, 2014 no Brasil, 2018 na R\u00fassia e 2022 no Qatar. Eurocopas, 1992 na Su\u00e9cia e 1996 na Inglaterra. Copa das Confedera\u00e7\u00f5es de 2005 na Alemanha e 2009 na \u00c1frica do Sul. Rep\u00f3rter e Editor, trabalhou no Jornal da Tarde e Estad\u00e3o, de 1984 a fevereiro de 2016. Colunista, blogueiro. E comentarista de futebol na R\u00e1dio Estad\u00e3o, de 2013 a fevereiro de 2016. Jornalista respons\u00e1vel do \"Pr\u00f3speri News\" (blogdoprosperi.com).","sameAs":["http:\/\/blogdoprosperi.com","Luiz Pr\u00f3speri","@luiz_prosperi","https:\/\/x.com\/Luizprosperi","@prosperinacopa","luiz.prosperi@icloud.com"],"url":"https:\/\/blogdoprosperi.com\/?author=102107496"}]}},"jetpack_publicize_connections":[],"jetpack_likes_enabled":false,"jetpack_sharing_enabled":true,"jetpack_shortlink":"https:\/\/wp.me\/p7jvdk-9w4","jetpack-related-posts":[{"id":34371,"url":"https:\/\/blogdoprosperi.com\/?p=34371","url_meta":{"origin":36584,"position":0},"title":"Palmeiras muda de perfil em busca da Libertadores 2017","author":"Luiz Ant\u00f4nio Pr\u00f3speri","date":"27 de dezembro de 2016","format":false,"excerpt":"Palmeiras vai mudar seu perfil na pr\u00f3xima temporada. Aquele time campe\u00e3o brasileiro, moldado a trocar passes e fazer do ataque uma avalanche, deve ser mais conservador. Vai perder leveza. A mudan\u00e7a \u00e9 em fun\u00e7\u00e3o da Copa Libertadores, principal meta do clube em 2017. Contrata\u00e7\u00f5es do porte de Felipe Melo, Guerra\u2026","rel":"","context":"Em &quot;futebol&quot;","block_context":{"text":"futebol","link":"https:\/\/blogdoprosperi.com\/?cat=53870"},"img":{"alt_text":"","src":"https:\/\/i0.wp.com\/blogdoprosperi.com\/wp-content\/uploads\/2016\/12\/qw28opg.jpg?resize=350%2C200","width":350,"height":200,"srcset":"https:\/\/i0.wp.com\/blogdoprosperi.com\/wp-content\/uploads\/2016\/12\/qw28opg.jpg?resize=350%2C200 1x, https:\/\/i0.wp.com\/blogdoprosperi.com\/wp-content\/uploads\/2016\/12\/qw28opg.jpg?resize=525%2C300 1.5x"},"classes":[]},{"id":35930,"url":"https:\/\/blogdoprosperi.com\/?p=35930","url_meta":{"origin":36584,"position":1},"title":"Palmeiras se encorpa com Cuca e avan\u00e7a \u00e0s oitavas da Libertadores. Flamengo fica pelo caminho","author":"Luiz Ant\u00f4nio Pr\u00f3speri","date":"25 de maio de 2017","format":false,"excerpt":"Palmeiras avan\u00e7a \u00e0s oitavas de final da Copa Libertadores 2017 e se junta a Santos, Atl\u00e9tico-MG, Atl\u00e9tico-PR, Botafogo e Gr\u00eamio, representantes do futebol brasileiro tamb\u00e9m classificados. Flamengo e Chapecoense ficaram no meio do caminho \u2013 clube catarinense ainda tenta recuperar a vaga na Corte Disciplinar da Conmebol. Derrota imposta ao\u2026","rel":"","context":"Em &quot;Copa Libertadores&quot;","block_context":{"text":"Copa Libertadores","link":"https:\/\/blogdoprosperi.com\/?cat=270704"},"img":{"alt_text":"","src":"https:\/\/i0.wp.com\/blogdoprosperi.com\/wp-content\/uploads\/2017\/05\/34032457084_b60b749025_o.jpg?fit=1000%2C604&ssl=1&resize=350%2C200","width":350,"height":200,"srcset":"https:\/\/i0.wp.com\/blogdoprosperi.com\/wp-content\/uploads\/2017\/05\/34032457084_b60b749025_o.jpg?fit=1000%2C604&ssl=1&resize=350%2C200 1x, https:\/\/i0.wp.com\/blogdoprosperi.com\/wp-content\/uploads\/2017\/05\/34032457084_b60b749025_o.jpg?fit=1000%2C604&ssl=1&resize=525%2C300 1.5x, https:\/\/i0.wp.com\/blogdoprosperi.com\/wp-content\/uploads\/2017\/05\/34032457084_b60b749025_o.jpg?fit=1000%2C604&ssl=1&resize=700%2C400 2x"},"classes":[]},{"id":36914,"url":"https:\/\/blogdoprosperi.com\/?p=36914","url_meta":{"origin":36584,"position":2},"title":"Felipe Melo vence Cuca","author":"Luiz Ant\u00f4nio Pr\u00f3speri","date":"13 de outubro de 2017","format":false,"excerpt":"Felipe Melo \u00e9 um jogador de palavras fortes e de imagens sempre com alguma mensagem. N\u00e3o dissimula. Quando entrou no campo no CT do Palmeiras carregando a pilha de coletes a serem distribu\u00eddos aos companheiros no primeiro treinamento, h\u00e1 poucas horas da demiss\u00e3o de Cuca nesta sexta-feira, o recado era\u2026","rel":"","context":"Em &quot;Campeonato Brasileiro&quot;","block_context":{"text":"Campeonato Brasileiro","link":"https:\/\/blogdoprosperi.com\/?cat=355071"},"img":{"alt_text":"Felipe Melo vence Cuca no Palmeiras","src":"https:\/\/i0.wp.com\/blogdoprosperi.com\/wp-content\/uploads\/2017\/10\/34215194990_206eea1c85_b.jpg?fit=1000%2C757&ssl=1&resize=350%2C200","width":350,"height":200,"srcset":"https:\/\/i0.wp.com\/blogdoprosperi.com\/wp-content\/uploads\/2017\/10\/34215194990_206eea1c85_b.jpg?fit=1000%2C757&ssl=1&resize=350%2C200 1x, https:\/\/i0.wp.com\/blogdoprosperi.com\/wp-content\/uploads\/2017\/10\/34215194990_206eea1c85_b.jpg?fit=1000%2C757&ssl=1&resize=525%2C300 1.5x, https:\/\/i0.wp.com\/blogdoprosperi.com\/wp-content\/uploads\/2017\/10\/34215194990_206eea1c85_b.jpg?fit=1000%2C757&ssl=1&resize=700%2C400 2x"},"classes":[]},{"id":36457,"url":"https:\/\/blogdoprosperi.com\/?p=36457","url_meta":{"origin":36584,"position":3},"title":"Palmeiras e a Libertadores obsess\u00e3o","author":"Luiz Ant\u00f4nio Pr\u00f3speri","date":"27 de julho de 2017","format":false,"excerpt":"Palmeiras e Adidas lan\u00e7aram uma camisa quase retr\u00f4, gola V, escudo enorme, e cor esmeralda, h\u00e1 pouco mais de tr\u00eas meses. Atr\u00e1s da gola est\u00e1 a inscri\u00e7\u00e3o \"obsess\u00e3o\", uma homenagem aos c\u00e2nticos dos torcedores que entoam \"Libertadores obsess\u00e3o\", a cada jornada do time. Esse lema ultrapassou a paix\u00e3o da torcida\u2026","rel":"","context":"Em &quot;futebol&quot;","block_context":{"text":"futebol","link":"https:\/\/blogdoprosperi.com\/?cat=53870"},"img":{"alt_text":"","src":"https:\/\/i0.wp.com\/blogdoprosperi.com\/wp-content\/uploads\/2017\/07\/palmeiras-2017-limited-edition-adidas-kit-5.jpg?fit=900%2C841&ssl=1&resize=350%2C200","width":350,"height":200,"srcset":"https:\/\/i0.wp.com\/blogdoprosperi.com\/wp-content\/uploads\/2017\/07\/palmeiras-2017-limited-edition-adidas-kit-5.jpg?fit=900%2C841&ssl=1&resize=350%2C200 1x, https:\/\/i0.wp.com\/blogdoprosperi.com\/wp-content\/uploads\/2017\/07\/palmeiras-2017-limited-edition-adidas-kit-5.jpg?fit=900%2C841&ssl=1&resize=525%2C300 1.5x, https:\/\/i0.wp.com\/blogdoprosperi.com\/wp-content\/uploads\/2017\/07\/palmeiras-2017-limited-edition-adidas-kit-5.jpg?fit=900%2C841&ssl=1&resize=700%2C400 2x"},"classes":[]},{"id":35198,"url":"https:\/\/blogdoprosperi.com\/?p=35198","url_meta":{"origin":36584,"position":4},"title":"Palmeiras de Eduardo Baptista troca bola pela for\u00e7a na Copa Libertadores","author":"Luiz Ant\u00f4nio Pr\u00f3speri","date":"9 de mar\u00e7o de 2017","format":false,"excerpt":"Palmeiras quis guerra quando era necess\u00e1rio jogar bola na estreia na Copa Libertadores. Nada mais question\u00e1vel do que encarar a competi\u00e7\u00e3o continental como algo diferente, de que o jogo f\u00edsico deve ser valorizado mais do que a t\u00e9cnica. Ao partir para o confronto corpo a corpo contra o modest\u00edssimo Atl\u00e9tico\u2026","rel":"","context":"Em &quot;Copa Libertadores&quot;","block_context":{"text":"Copa Libertadores","link":"https:\/\/blogdoprosperi.com\/?cat=270704"},"img":{"alt_text":"","src":"https:\/\/i0.wp.com\/blogdoprosperi.com\/wp-content\/uploads\/2017\/03\/miguel-borja-atletico-tucuman-palmeiras-libertadores-08032017_p28wsh9ohbjb1dbxuhh80akdv.jpg?resize=350%2C200&ssl=1","width":350,"height":200,"srcset":"https:\/\/i0.wp.com\/blogdoprosperi.com\/wp-content\/uploads\/2017\/03\/miguel-borja-atletico-tucuman-palmeiras-libertadores-08032017_p28wsh9ohbjb1dbxuhh80akdv.jpg?resize=350%2C200&ssl=1 1x, https:\/\/i0.wp.com\/blogdoprosperi.com\/wp-content\/uploads\/2017\/03\/miguel-borja-atletico-tucuman-palmeiras-libertadores-08032017_p28wsh9ohbjb1dbxuhh80akdv.jpg?resize=525%2C300&ssl=1 1.5x, https:\/\/i0.wp.com\/blogdoprosperi.com\/wp-content\/uploads\/2017\/03\/miguel-borja-atletico-tucuman-palmeiras-libertadores-08032017_p28wsh9ohbjb1dbxuhh80akdv.jpg?resize=700%2C400&ssl=1 2x, https:\/\/i0.wp.com\/blogdoprosperi.com\/wp-content\/uploads\/2017\/03\/miguel-borja-atletico-tucuman-palmeiras-libertadores-08032017_p28wsh9ohbjb1dbxuhh80akdv.jpg?resize=1050%2C600&ssl=1 3x, https:\/\/i0.wp.com\/blogdoprosperi.com\/wp-content\/uploads\/2017\/03\/miguel-borja-atletico-tucuman-palmeiras-libertadores-08032017_p28wsh9ohbjb1dbxuhh80akdv.jpg?resize=1400%2C800&ssl=1 4x"},"classes":[]},{"id":33314,"url":"https:\/\/blogdoprosperi.com\/?p=33314","url_meta":{"origin":36584,"position":5},"title":"Roger Machado, ex-t\u00e9cnico do Gr\u00eamio e sem curr\u00edculo, vira objeto do desejo no Atl\u00e9tico-MG, Fluminense e Palmeiras","author":"Luiz Ant\u00f4nio Pr\u00f3speri","date":"28 de novembro de 2016","format":false,"excerpt":"Roger Machado apareceu como t\u00e9cnico de time grande no ano passado, ao substituir Felip\u00e3o no Gr\u00eamio na primeira rodada do Brasileir\u00e3o de 2015. Fez um bom campeonato e levou o clube ga\u00facho \u00e0 Copa Libertadores. Na temporada de 2016, n\u00e3o foi campe\u00e3o estadual, vacilou na metade do campeonato nacional e\u2026","rel":"","context":"Em &quot;Campeonato Brasileiro&quot;","block_context":{"text":"Campeonato Brasileiro","link":"https:\/\/blogdoprosperi.com\/?cat=355071"},"img":{"alt_text":"","src":"https:\/\/i0.wp.com\/blogdoprosperi.com\/wp-content\/uploads\/2016\/11\/17424185.jpg?resize=350%2C200&ssl=1","width":350,"height":200,"srcset":"https:\/\/i0.wp.com\/blogdoprosperi.com\/wp-content\/uploads\/2016\/11\/17424185.jpg?resize=350%2C200&ssl=1 1x, https:\/\/i0.wp.com\/blogdoprosperi.com\/wp-content\/uploads\/2016\/11\/17424185.jpg?resize=525%2C300&ssl=1 1.5x"},"classes":[]}],"jetpack_featured_media_url":"https:\/\/i0.wp.com\/blogdoprosperi.com\/wp-content\/uploads\/2017\/08\/34637391310_c47717dd3c_o.jpg?fit=1000%2C611&ssl=1","_links":{"self":[{"href":"https:\/\/blogdoprosperi.com\/index.php?rest_route=\/wp\/v2\/posts\/36584","targetHints":{"allow":["GET"]}}],"collection":[{"href":"https:\/\/blogdoprosperi.com\/index.php?rest_route=\/wp\/v2\/posts"}],"about":[{"href":"https:\/\/blogdoprosperi.com\/index.php?rest_route=\/wp\/v2\/types\/post"}],"author":[{"embeddable":true,"href":"https:\/\/blogdoprosperi.com\/index.php?rest_route=\/wp\/v2\/users\/102107496"}],"replies":[{"embeddable":true,"href":"https:\/\/blogdoprosperi.com\/index.php?rest_route=%2Fwp%2Fv2%2Fcomments&post=36584"}],"version-history":[{"count":9,"href":"https:\/\/blogdoprosperi.com\/index.php?rest_route=\/wp\/v2\/posts\/36584\/revisions"}],"predecessor-version":[{"id":36594,"href":"https:\/\/blogdoprosperi.com\/index.php?rest_route=\/wp\/v2\/posts\/36584\/revisions\/36594"}],"wp:featuredmedia":[{"embeddable":true,"href":"https:\/\/blogdoprosperi.com\/index.php?rest_route=\/wp\/v2\/media\/36591"}],"wp:attachment":[{"href":"https:\/\/blogdoprosperi.com\/index.php?rest_route=%2Fwp%2Fv2%2Fmedia&parent=36584"}],"wp:term":[{"taxonomy":"category","embeddable":true,"href":"https:\/\/blogdoprosperi.com\/index.php?rest_route=%2Fwp%2Fv2%2Fcategories&post=36584"},{"taxonomy":"post_tag","embeddable":true,"href":"https:\/\/blogdoprosperi.com\/index.php?rest_route=%2Fwp%2Fv2%2Ftags&post=36584"}],"curies":[{"name":"wp","href":"https:\/\/api.w.org\/{rel}","templated":true}]}}