{"id":366,"date":"2016-04-05T17:01:06","date_gmt":"2016-04-05T17:01:06","guid":{"rendered":"https:\/\/blogdoprosperi.com\/?p=366"},"modified":"2016-04-05T17:15:16","modified_gmt":"2016-04-05T17:15:16","slug":"torcida-unica-nos-classicos-e-derrota-do-futebol","status":"publish","type":"post","link":"https:\/\/blogdoprosperi.com\/?p=366","title":{"rendered":"Torcida \u00fanica nos cl\u00e1ssicos \u00e9 derrota do futebol"},"content":{"rendered":"<p>&nbsp;<\/p>\n<p><span class=\"alignnone\"><img data-recalc-dims=\"1\" loading=\"lazy\" decoding=\"async\" data-attachment-id=\"428\" data-permalink=\"https:\/\/blogdoprosperi.com\/?attachment_id=428\" data-orig-file=\"https:\/\/i0.wp.com\/blogdoprosperi.com\/wp-content\/uploads\/2016\/04\/v-php.jpeg?fit=955%2C637&amp;ssl=1\" data-orig-size=\"955,637\" data-comments-opened=\"1\" data-image-meta=\"{&quot;aperture&quot;:&quot;3.5&quot;,&quot;credit&quot;:&quot;ALE CABRAL&quot;,&quot;camera&quot;:&quot;Canon EOS 5D Mark III&quot;,&quot;caption&quot;:&quot;CAMPEONATO PAULISTA 2014 - PALMEIRAS X LINENSE - EST\\u00e7DIO PAULO MACHADO DE CARVALHO - PACAEMBU. FOTO: TORCIDA MANCHA VERDE APOIA O TIME NO FIM DO JOGO 2X1 PALMEIRAS&quot;,&quot;created_timestamp&quot;:&quot;1390071190&quot;,&quot;copyright&quot;:&quot;&quot;,&quot;focal_length&quot;:&quot;300&quot;,&quot;iso&quot;:&quot;1000&quot;,&quot;shutter_speed&quot;:&quot;0.000625&quot;,&quot;title&quot;:&quot;CAMPEONATO PAULISTA 2014 - PALMEIRAS X LINENSE - PACAEMBU&quot;,&quot;orientation&quot;:&quot;0&quot;}\" data-image-title=\"CAMPEONATO PAULISTA 2014 &amp;#8211; PALMEIRAS X LINENSE &amp;#8211; PACAEMBU\" data-image-description=\"\" data-image-caption=\"&lt;p&gt;CAMPEONATO PAULISTA 2014 &amp;#8211; PALMEIRAS X LINENSE &amp;#8211; EST\u00e7DIO PAULO MACHADO DE CARVALHO &amp;#8211; PACAEMBU. FOTO: TORCIDA MANCHA VERDE APOIA O TIME NO FIM DO JOGO 2X1 PALMEIRAS&lt;\/p&gt;\n\" data-large-file=\"https:\/\/i0.wp.com\/blogdoprosperi.com\/wp-content\/uploads\/2016\/04\/v-php.jpeg?fit=940%2C627&amp;ssl=1\" class=\"alignnone  wp-image-428\" src=\"https:\/\/i0.wp.com\/blogdoprosperi.com\/wp-content\/uploads\/2016\/04\/v-php.jpeg?resize=678%2C453&#038;ssl=1\" alt=\"CAMPEONATO PAULISTA 2014 - PALMEIRAS X LINENSE - PACAEMBU\" width=\"678\" height=\"453\" \/><\/span><\/p>\n<p><span class=\"alignnone\"><img data-recalc-dims=\"1\" loading=\"lazy\" decoding=\"async\" data-attachment-id=\"426\" data-permalink=\"https:\/\/blogdoprosperi.com\/?attachment_id=426\" data-orig-file=\"https:\/\/i0.wp.com\/blogdoprosperi.com\/wp-content\/uploads\/2016\/04\/56570.jpg?fit=620%2C361&amp;ssl=1\" data-orig-size=\"620,361\" data-comments-opened=\"1\" data-image-meta=\"{&quot;aperture&quot;:&quot;0&quot;,&quot;credit&quot;:&quot;&quot;,&quot;camera&quot;:&quot;&quot;,&quot;caption&quot;:&quot;&quot;,&quot;created_timestamp&quot;:&quot;0&quot;,&quot;copyright&quot;:&quot;&quot;,&quot;focal_length&quot;:&quot;0&quot;,&quot;iso&quot;:&quot;0&quot;,&quot;shutter_speed&quot;:&quot;0&quot;,&quot;title&quot;:&quot;&quot;,&quot;orientation&quot;:&quot;0&quot;}\" data-image-title=\"56570\" data-image-description=\"\" data-image-caption=\"\" data-large-file=\"https:\/\/i0.wp.com\/blogdoprosperi.com\/wp-content\/uploads\/2016\/04\/56570.jpg?fit=620%2C361&amp;ssl=1\" class=\"alignnone  wp-image-426\" src=\"https:\/\/i0.wp.com\/blogdoprosperi.com\/wp-content\/uploads\/2016\/04\/56570.jpg?resize=706%2C411&#038;ssl=1\" alt=\"56570\" width=\"706\" height=\"411\" \/><\/span><\/p>\n<p>A Secretaria de Seguran\u00e7a P\u00fablica do Estado de S\u00e3o Paulo, sem consultar ningu\u00e9m do futebol, determinou com uma canetada a presen\u00e7a de torcida \u00fanica em cl\u00e1ssicos paulistas em todos os campeonatos at\u00e9 31 de dezembro. A ordem partiu do governo do estado ap\u00f3s a s\u00e9rie de confrontos de fac\u00e7\u00f5es organizadas e uma morte, tendo como pano de fundo o jogo Palmeiras 1 x 0 Corinthians, neste domingo, no Pacaembu.<\/p>\n<p>Essa \u00a0\u00e9 a resposta das autoridades para uma guerra entre as fac\u00e7\u00f5es Gavi\u00f5es da Fiel, do Corinthians, e Mancha Alvi-Verde, do Palmeiras, declarada em 2011, veja bem, em 2011.<\/p>\n<p>Experi\u00eancias com torcida \u00fanica em outros estados do Pa\u00eds n\u00e3o resolveram o problema da viol\u00eancia no futebol. At\u00e9 porque a maioria dos confrontos entre os v\u00e2ndalos acontece bem distante dos est\u00e1dios. E na maior cidade do Brasil a situa\u00e7\u00e3o ainda \u00e9 mais complicada, tamanho campo de batalha \u00e0 disposi\u00e7\u00e3o dos v\u00e2ndalos &#8211; o chamado ex\u00e9rcito da morte do futebol.<\/p>\n<p>Em outros pa\u00edses, onde os \u00edndices de viol\u00eancia no futebol tamb\u00e9m s\u00e3o alarmantes, a experi\u00eancia de torcida \u00fanica n\u00e3o tem sido bem-sucedida. Quando os grupos de torcedores decretam guerra, n\u00e3o h\u00e1 limites nem a\u00e7\u00e3o repressora que d\u00ea jeito. \u00c9 quase uma batalha perdida aos que comungam do futebol sem porrada.<\/p>\n<p><span class=\"alignnone\"><img data-recalc-dims=\"1\" loading=\"lazy\" decoding=\"async\" data-attachment-id=\"429\" data-permalink=\"https:\/\/blogdoprosperi.com\/?attachment_id=429\" data-orig-file=\"https:\/\/i0.wp.com\/blogdoprosperi.com\/wp-content\/uploads\/2016\/04\/policia-apreende-objetos-de-briga-entre-torcedores-de-corinthians-e-palmeiras-em-guarulhos-confrontos-resultaram-em-uma-morte-1459702433528_300x200.jpg?fit=300%2C200&amp;ssl=1\" data-orig-size=\"300,200\" data-comments-opened=\"1\" data-image-meta=\"{&quot;aperture&quot;:&quot;0&quot;,&quot;credit&quot;:&quot;&quot;,&quot;camera&quot;:&quot;&quot;,&quot;caption&quot;:&quot;&quot;,&quot;created_timestamp&quot;:&quot;0&quot;,&quot;copyright&quot;:&quot;&quot;,&quot;focal_length&quot;:&quot;0&quot;,&quot;iso&quot;:&quot;0&quot;,&quot;shutter_speed&quot;:&quot;0&quot;,&quot;title&quot;:&quot;&quot;,&quot;orientation&quot;:&quot;0&quot;}\" data-image-title=\"policia-apreende-objetos-de-briga-entre-torcedores-de-corinthians-e-palmeiras-em-guarulhos-confrontos-resultaram-em-uma-morte-1459702433528_300x200\" data-image-description=\"\" data-image-caption=\"\" data-large-file=\"https:\/\/i0.wp.com\/blogdoprosperi.com\/wp-content\/uploads\/2016\/04\/policia-apreende-objetos-de-briga-entre-torcedores-de-corinthians-e-palmeiras-em-guarulhos-confrontos-resultaram-em-uma-morte-1459702433528_300x200.jpg?fit=300%2C200&amp;ssl=1\" class=\"alignnone size-full wp-image-429\" src=\"https:\/\/i0.wp.com\/blogdoprosperi.com\/wp-content\/uploads\/2016\/04\/policia-apreende-objetos-de-briga-entre-torcedores-de-corinthians-e-palmeiras-em-guarulhos-confrontos-resultaram-em-uma-morte-1459702433528_300x200.jpg?resize=300%2C200&#038;ssl=1\" alt=\"policia-apreende-objetos-de-briga-entre-torcedores-de-corinthians-e-palmeiras-em-guarulhos-confrontos-resultaram-em-uma-morte-1459702433528_300x200\" width=\"300\" height=\"200\" \/><\/span><\/p>\n<p>E o que est\u00e1 em curso em S\u00e3o Paulo \u00e9 uma guerra aberta entre Gavi\u00f5es da Fiel e Mancha Alvi-Verde, as maiores fac\u00e7\u00f5es de Corinthians e Palmeiras. Desde que o corpo de um torcedor corintiano, ligado a Gavi\u00f5es, apareceu boiando no rio Tiet\u00ea, em agosto de 2011, a guerra se intensificou.<\/p>\n<p>Este torcedor teria sido morto, 36 horas antes de ser achado no rio, por integrantes da Mancha Alvi-Verde em cum confronto programado pelas duas torcidas. E as autoridades de seguran\u00e7a de S\u00e3o Paulo at\u00e9 hoje (abril de 2016) ainda n\u00e3o chegaram aos respons\u00e1veis pela morte.<\/p>\n<p>Em mar\u00e7o de 2012, menos de um ano depois do corpo no Tiet\u00ea, grupos da Gavi\u00f5es e da Mancha travaram uma batalha na avenida Inajar de Souza, zona norte de S\u00e3o Paulo. Eram cerca de 500 torcedores. Munidos de porretes, peda\u00e7os de cano e rev\u00f3lveres, os v\u00e2ndalos assombraram a cidade. Dois torcedores foram baleados, muitos sofreram ferimentos graves e dois morreram.<\/p>\n<p>Essa talvez tenha sido a mais terr\u00edvel batalha entre Gavi\u00f5es e Mancha. De l\u00e1, 2012, at\u00e9 o \u00faltimo domingo de abril de 2016, os confrontos entre torcedores das duas fac\u00e7\u00f5es se repetem com frequ\u00eancia.<\/p>\n<p>As a\u00e7\u00f5es dos servi\u00e7os de intelig\u00eancia da Pol\u00edcia e, por tabela, da Secretaria de Seguran\u00e7a P\u00fablica, n\u00e3o acontecem. Qualquer torcedor das duas organizadas sabe que a guerra, declarada em 2011, \u00e9 real e n\u00e3o tem prazos nem limite para acabar.<\/p>\n<p>O governo e pol\u00edcia sabem como chegar nos b\u00e1rbaros. Mas por in\u00e9rcia ou incompet\u00eancia n\u00e3o se movem. Preferem tirar o torcedor dos est\u00e1dios.<\/p>\n<p>Por isso a op\u00e7\u00e3o de torcida \u00fanica \u00e9 um golpe duro ao futebol, este sim a maior v\u00edtima da covardia de quem comanda, dirige e fatura rios de dinheiro com o espet\u00e1culo.<\/p>\n<p>&nbsp;<\/p>\n<p>&nbsp;<\/p>\n<p>&nbsp;<\/p>\n","protected":false},"excerpt":{"rendered":"<p>&nbsp; A Secretaria de Seguran\u00e7a P\u00fablica do Estado de S\u00e3o Paulo, sem consultar ningu\u00e9m do futebol, determinou com [&hellip;]<\/p>\n","protected":false},"author":102107496,"featured_media":0,"comment_status":"open","ping_status":"open","sticky":false,"template":"","format":"standard","meta":{"_coblocks_attr":"","_coblocks_dimensions":"","_coblocks_responsive_height":"","_coblocks_accordion_ie_support":"","_jetpack_newsletter_access":"","_jetpack_dont_email_post_to_subs":false,"_jetpack_newsletter_tier_id":0,"_jetpack_memberships_contains_paywalled_content":false,"_wpcom_ai_launchpad_first_post":false,"_jetpack_feature_clip_id":0,"_jetpack_memberships_contains_paid_content":false,"footnotes":"","jetpack_publicize_message":"","jetpack_publicize_feature_enabled":true,"jetpack_social_post_already_shared":false,"jetpack_social_options":{"image_generator_settings":{"template":"highway","default_image_id":0,"font":"","enabled":false},"version":2},"jetpack_post_was_ever_published":false},"categories":[53870],"tags":[32315035,789560560,2609006,12723232,21508132],"class_list":["post-366","post","type-post","status-publish","format-standard","hentry","category-futebol","tag-classicos-paulistas","tag-futebol","tag-gavioes-da-fiel","tag-mancha-alvi-verde","tag-torcida-unica"],"yoast_head":"<!-- This site is optimized with the Yoast SEO plugin v28.3 - https:\/\/yoast.com\/product\/yoast-seo-wordpress\/ -->\n<title>Torcida \u00fanica nos cl\u00e1ssicos \u00e9 derrota do futebol - PR\u00d3SPERI NEWS<\/title>\n<meta name=\"robots\" content=\"index, follow, max-snippet:-1, max-image-preview:large, max-video-preview:-1\" \/>\n<link rel=\"canonical\" href=\"https:\/\/blogdoprosperi.com\/?p=366\" \/>\n<meta property=\"og:locale\" content=\"pt_BR\" \/>\n<meta property=\"og:type\" content=\"article\" \/>\n<meta property=\"og:title\" content=\"Torcida \u00fanica nos cl\u00e1ssicos \u00e9 derrota do futebol - PR\u00d3SPERI NEWS\" \/>\n<meta property=\"og:description\" content=\"&nbsp; A Secretaria de Seguran\u00e7a P\u00fablica do Estado de S\u00e3o Paulo, sem consultar ningu\u00e9m do futebol, determinou com [&hellip;]\" \/>\n<meta property=\"og:url\" content=\"https:\/\/blogdoprosperi.com\/?p=366\" \/>\n<meta property=\"og:site_name\" content=\"PR\u00d3SPERI NEWS\" \/>\n<meta property=\"article:publisher\" content=\"Luiz Pr\u00f3speri\" \/>\n<meta property=\"article:author\" content=\"Luiz Pr\u00f3speri\" \/>\n<meta property=\"article:published_time\" content=\"2016-04-05T17:01:06+00:00\" \/>\n<meta property=\"article:modified_time\" content=\"2016-04-05T17:15:16+00:00\" \/>\n<meta property=\"og:image\" content=\"https:\/\/blogdoprosperi.com\/wp-content\/uploads\/2016\/04\/v-php.jpeg\" \/>\n<meta name=\"author\" content=\"Luiz Ant\u00f4nio Pr\u00f3speri\" \/>\n<meta name=\"twitter:card\" content=\"summary_large_image\" \/>\n<meta name=\"twitter:creator\" content=\"@Luizprosperi\" \/>\n<meta name=\"twitter:site\" content=\"@Luizprosperi\" \/>\n<meta name=\"twitter:label1\" content=\"Escrito por\" \/>\n\t<meta name=\"twitter:data1\" content=\"Luiz Ant\u00f4nio Pr\u00f3speri\" \/>\n\t<meta name=\"twitter:label2\" content=\"Est. tempo de leitura\" \/>\n\t<meta name=\"twitter:data2\" content=\"3 minutos\" \/>\n<script type=\"application\/ld+json\" class=\"yoast-schema-graph\">{\"@context\":\"https:\\\/\\\/schema.org\",\"@graph\":[{\"@type\":\"Article\",\"@id\":\"https:\\\/\\\/blogdoprosperi.com\\\/?p=366#article\",\"isPartOf\":{\"@id\":\"https:\\\/\\\/blogdoprosperi.com\\\/?p=366\"},\"author\":{\"name\":\"Luiz Ant\u00f4nio Pr\u00f3speri\",\"@id\":\"https:\\\/\\\/blogdoprosperi.com\\\/#\\\/schema\\\/person\\\/38100755ce3601861ee4fab9b5aa78e9\"},\"headline\":\"Torcida \u00fanica nos cl\u00e1ssicos \u00e9 derrota do futebol\",\"datePublished\":\"2016-04-05T17:01:06+00:00\",\"dateModified\":\"2016-04-05T17:15:16+00:00\",\"mainEntityOfPage\":{\"@id\":\"https:\\\/\\\/blogdoprosperi.com\\\/?p=366\"},\"wordCount\":549,\"commentCount\":0,\"publisher\":{\"@id\":\"https:\\\/\\\/blogdoprosperi.com\\\/#\\\/schema\\\/person\\\/38100755ce3601861ee4fab9b5aa78e9\"},\"image\":{\"@id\":\"https:\\\/\\\/blogdoprosperi.com\\\/?p=366#primaryimage\"},\"thumbnailUrl\":\"https:\\\/\\\/blogdoprosperi.com\\\/wp-content\\\/uploads\\\/2016\\\/04\\\/v-php.jpeg\",\"keywords\":[\"cl\u00e1ssicos paulistas\",\"futebol\",\"Gavi\u00f5es da Fiel\",\"Mancha Alvi-Verde\",\"torcida \u00fanica\"],\"articleSection\":[\"futebol\"],\"inLanguage\":\"pt-BR\",\"potentialAction\":[{\"@type\":\"CommentAction\",\"name\":\"Comment\",\"target\":[\"https:\\\/\\\/blogdoprosperi.com\\\/?p=366#respond\"]}]},{\"@type\":\"WebPage\",\"@id\":\"https:\\\/\\\/blogdoprosperi.com\\\/?p=366\",\"url\":\"https:\\\/\\\/blogdoprosperi.com\\\/?p=366\",\"name\":\"Torcida \u00fanica nos cl\u00e1ssicos \u00e9 derrota do futebol - PR\u00d3SPERI NEWS\",\"isPartOf\":{\"@id\":\"https:\\\/\\\/blogdoprosperi.com\\\/#website\"},\"primaryImageOfPage\":{\"@id\":\"https:\\\/\\\/blogdoprosperi.com\\\/?p=366#primaryimage\"},\"image\":{\"@id\":\"https:\\\/\\\/blogdoprosperi.com\\\/?p=366#primaryimage\"},\"thumbnailUrl\":\"https:\\\/\\\/blogdoprosperi.com\\\/wp-content\\\/uploads\\\/2016\\\/04\\\/v-php.jpeg\",\"datePublished\":\"2016-04-05T17:01:06+00:00\",\"dateModified\":\"2016-04-05T17:15:16+00:00\",\"breadcrumb\":{\"@id\":\"https:\\\/\\\/blogdoprosperi.com\\\/?p=366#breadcrumb\"},\"inLanguage\":\"pt-BR\",\"potentialAction\":[{\"@type\":\"ReadAction\",\"target\":[\"https:\\\/\\\/blogdoprosperi.com\\\/?p=366\"]}]},{\"@type\":\"ImageObject\",\"inLanguage\":\"pt-BR\",\"@id\":\"https:\\\/\\\/blogdoprosperi.com\\\/?p=366#primaryimage\",\"url\":\"https:\\\/\\\/i0.wp.com\\\/blogdoprosperi.com\\\/wp-content\\\/uploads\\\/2016\\\/04\\\/v-php.jpeg?fit=955%2C637&ssl=1\",\"contentUrl\":\"https:\\\/\\\/i0.wp.com\\\/blogdoprosperi.com\\\/wp-content\\\/uploads\\\/2016\\\/04\\\/v-php.jpeg?fit=955%2C637&ssl=1\",\"width\":955,\"height\":637,\"caption\":\"CAMPEONATO PAULISTA 2014 - PALMEIRAS X LINENSE - EST\u00e7DIO PAULO MACHADO DE CARVALHO - PACAEMBU. FOTO: TORCIDA MANCHA VERDE APOIA O TIME NO FIM DO JOGO 2X1 PALMEIRAS\"},{\"@type\":\"BreadcrumbList\",\"@id\":\"https:\\\/\\\/blogdoprosperi.com\\\/?p=366#breadcrumb\",\"itemListElement\":[{\"@type\":\"ListItem\",\"position\":1,\"name\":\"In\u00edcio\",\"item\":\"https:\\\/\\\/blogdoprosperi.com\\\/\"},{\"@type\":\"ListItem\",\"position\":2,\"name\":\"Torcida \u00fanica nos cl\u00e1ssicos \u00e9 derrota do futebol\"}]},{\"@type\":\"WebSite\",\"@id\":\"https:\\\/\\\/blogdoprosperi.com\\\/#website\",\"url\":\"https:\\\/\\\/blogdoprosperi.com\\\/\",\"name\":\"PR\u00d3SPERI NEWS\",\"description\":\"TUDO \u00c9  FUTEBOL\",\"publisher\":{\"@id\":\"https:\\\/\\\/blogdoprosperi.com\\\/#\\\/schema\\\/person\\\/38100755ce3601861ee4fab9b5aa78e9\"},\"alternateName\":\"blogdoprosperi.com\",\"potentialAction\":[{\"@type\":\"SearchAction\",\"target\":{\"@type\":\"EntryPoint\",\"urlTemplate\":\"https:\\\/\\\/blogdoprosperi.com\\\/?s={search_term_string}\"},\"query-input\":{\"@type\":\"PropertyValueSpecification\",\"valueRequired\":true,\"valueName\":\"search_term_string\"}}],\"inLanguage\":\"pt-BR\"},{\"@type\":[\"Person\",\"Organization\"],\"@id\":\"https:\\\/\\\/blogdoprosperi.com\\\/#\\\/schema\\\/person\\\/38100755ce3601861ee4fab9b5aa78e9\",\"name\":\"Luiz Ant\u00f4nio Pr\u00f3speri\",\"pronouns\":\"ele\",\"image\":{\"@type\":\"ImageObject\",\"inLanguage\":\"pt-BR\",\"@id\":\"https:\\\/\\\/i0.wp.com\\\/blogdoprosperi.com\\\/wp-content\\\/uploads\\\/2026\\\/05\\\/cropped-8059e613-6002-42fa-961e-8e275f575d71-2-5.jpg?fit=1360%2C931&ssl=1\",\"url\":\"https:\\\/\\\/i0.wp.com\\\/blogdoprosperi.com\\\/wp-content\\\/uploads\\\/2026\\\/05\\\/cropped-8059e613-6002-42fa-961e-8e275f575d71-2-5.jpg?fit=1360%2C931&ssl=1\",\"contentUrl\":\"https:\\\/\\\/i0.wp.com\\\/blogdoprosperi.com\\\/wp-content\\\/uploads\\\/2026\\\/05\\\/cropped-8059e613-6002-42fa-961e-8e275f575d71-2-5.jpg?fit=1360%2C931&ssl=1\",\"width\":1360,\"height\":931,\"caption\":\"Luiz Ant\u00f4nio Pr\u00f3speri\"},\"logo\":{\"@id\":\"https:\\\/\\\/i0.wp.com\\\/blogdoprosperi.com\\\/wp-content\\\/uploads\\\/2026\\\/05\\\/cropped-8059e613-6002-42fa-961e-8e275f575d71-2-5.jpg?fit=1360%2C931&ssl=1\"},\"description\":\"Jornalista com carreira dedicada ao esporte. Cobriu 9 Copas do Mundo in loco, 1990 na It\u00e1lia, 1994 nos EUA, 1998 na Fran\u00e7a, 2002 na Coreia do Sul e Jap\u00e3o, 2006 na Alemanha, 2010 na \u00c1frica do Sul, 2014 no Brasil, 2018 na R\u00fassia e 2022 no Qatar. Eurocopas, 1992 na Su\u00e9cia e 1996 na Inglaterra. Copa das Confedera\u00e7\u00f5es de 2005 na Alemanha e 2009 na \u00c1frica do Sul. Rep\u00f3rter e Editor, trabalhou no Jornal da Tarde e Estad\u00e3o, de 1984 a fevereiro de 2016. Colunista, blogueiro. E comentarista de futebol na R\u00e1dio Estad\u00e3o, de 2013 a fevereiro de 2016. Jornalista respons\u00e1vel do \\\"Pr\u00f3speri News\\\" (blogdoprosperi.com).\",\"sameAs\":[\"http:\\\/\\\/blogdoprosperi.com\",\"Luiz Pr\u00f3speri\",\"@luiz_prosperi\",\"https:\\\/\\\/x.com\\\/Luizprosperi\",\"@prosperinacopa\",\"luiz.prosperi@icloud.com\"],\"url\":\"https:\\\/\\\/blogdoprosperi.com\\\/?author=102107496\"}]}<\/script>\n<!-- \/ Yoast SEO plugin. -->","yoast_head_json":{"title":"Torcida \u00fanica nos cl\u00e1ssicos \u00e9 derrota do futebol - PR\u00d3SPERI NEWS","robots":{"index":"index","follow":"follow","max-snippet":"max-snippet:-1","max-image-preview":"max-image-preview:large","max-video-preview":"max-video-preview:-1"},"canonical":"https:\/\/blogdoprosperi.com\/?p=366","og_locale":"pt_BR","og_type":"article","og_title":"Torcida \u00fanica nos cl\u00e1ssicos \u00e9 derrota do futebol - PR\u00d3SPERI NEWS","og_description":"&nbsp; A Secretaria de Seguran\u00e7a P\u00fablica do Estado de S\u00e3o Paulo, sem consultar ningu\u00e9m do futebol, determinou com [&hellip;]","og_url":"https:\/\/blogdoprosperi.com\/?p=366","og_site_name":"PR\u00d3SPERI NEWS","article_publisher":"Luiz Pr\u00f3speri","article_author":"Luiz Pr\u00f3speri","article_published_time":"2016-04-05T17:01:06+00:00","article_modified_time":"2016-04-05T17:15:16+00:00","og_image":[{"url":"https:\/\/blogdoprosperi.com\/wp-content\/uploads\/2016\/04\/v-php.jpeg","type":"","width":"","height":""}],"author":"Luiz Ant\u00f4nio Pr\u00f3speri","twitter_card":"summary_large_image","twitter_creator":"@Luizprosperi","twitter_site":"@Luizprosperi","twitter_misc":{"Escrito por":"Luiz Ant\u00f4nio Pr\u00f3speri","Est. tempo de leitura":"3 minutos"},"schema":{"@context":"https:\/\/schema.org","@graph":[{"@type":"Article","@id":"https:\/\/blogdoprosperi.com\/?p=366#article","isPartOf":{"@id":"https:\/\/blogdoprosperi.com\/?p=366"},"author":{"name":"Luiz Ant\u00f4nio Pr\u00f3speri","@id":"https:\/\/blogdoprosperi.com\/#\/schema\/person\/38100755ce3601861ee4fab9b5aa78e9"},"headline":"Torcida \u00fanica nos cl\u00e1ssicos \u00e9 derrota do futebol","datePublished":"2016-04-05T17:01:06+00:00","dateModified":"2016-04-05T17:15:16+00:00","mainEntityOfPage":{"@id":"https:\/\/blogdoprosperi.com\/?p=366"},"wordCount":549,"commentCount":0,"publisher":{"@id":"https:\/\/blogdoprosperi.com\/#\/schema\/person\/38100755ce3601861ee4fab9b5aa78e9"},"image":{"@id":"https:\/\/blogdoprosperi.com\/?p=366#primaryimage"},"thumbnailUrl":"https:\/\/blogdoprosperi.com\/wp-content\/uploads\/2016\/04\/v-php.jpeg","keywords":["cl\u00e1ssicos paulistas","futebol","Gavi\u00f5es da Fiel","Mancha Alvi-Verde","torcida \u00fanica"],"articleSection":["futebol"],"inLanguage":"pt-BR","potentialAction":[{"@type":"CommentAction","name":"Comment","target":["https:\/\/blogdoprosperi.com\/?p=366#respond"]}]},{"@type":"WebPage","@id":"https:\/\/blogdoprosperi.com\/?p=366","url":"https:\/\/blogdoprosperi.com\/?p=366","name":"Torcida \u00fanica nos cl\u00e1ssicos \u00e9 derrota do futebol - PR\u00d3SPERI NEWS","isPartOf":{"@id":"https:\/\/blogdoprosperi.com\/#website"},"primaryImageOfPage":{"@id":"https:\/\/blogdoprosperi.com\/?p=366#primaryimage"},"image":{"@id":"https:\/\/blogdoprosperi.com\/?p=366#primaryimage"},"thumbnailUrl":"https:\/\/blogdoprosperi.com\/wp-content\/uploads\/2016\/04\/v-php.jpeg","datePublished":"2016-04-05T17:01:06+00:00","dateModified":"2016-04-05T17:15:16+00:00","breadcrumb":{"@id":"https:\/\/blogdoprosperi.com\/?p=366#breadcrumb"},"inLanguage":"pt-BR","potentialAction":[{"@type":"ReadAction","target":["https:\/\/blogdoprosperi.com\/?p=366"]}]},{"@type":"ImageObject","inLanguage":"pt-BR","@id":"https:\/\/blogdoprosperi.com\/?p=366#primaryimage","url":"https:\/\/i0.wp.com\/blogdoprosperi.com\/wp-content\/uploads\/2016\/04\/v-php.jpeg?fit=955%2C637&ssl=1","contentUrl":"https:\/\/i0.wp.com\/blogdoprosperi.com\/wp-content\/uploads\/2016\/04\/v-php.jpeg?fit=955%2C637&ssl=1","width":955,"height":637,"caption":"CAMPEONATO PAULISTA 2014 - PALMEIRAS X LINENSE - EST\u00e7DIO PAULO MACHADO DE CARVALHO - PACAEMBU. FOTO: TORCIDA MANCHA VERDE APOIA O TIME NO FIM DO JOGO 2X1 PALMEIRAS"},{"@type":"BreadcrumbList","@id":"https:\/\/blogdoprosperi.com\/?p=366#breadcrumb","itemListElement":[{"@type":"ListItem","position":1,"name":"In\u00edcio","item":"https:\/\/blogdoprosperi.com\/"},{"@type":"ListItem","position":2,"name":"Torcida \u00fanica nos cl\u00e1ssicos \u00e9 derrota do futebol"}]},{"@type":"WebSite","@id":"https:\/\/blogdoprosperi.com\/#website","url":"https:\/\/blogdoprosperi.com\/","name":"PR\u00d3SPERI NEWS","description":"TUDO \u00c9  FUTEBOL","publisher":{"@id":"https:\/\/blogdoprosperi.com\/#\/schema\/person\/38100755ce3601861ee4fab9b5aa78e9"},"alternateName":"blogdoprosperi.com","potentialAction":[{"@type":"SearchAction","target":{"@type":"EntryPoint","urlTemplate":"https:\/\/blogdoprosperi.com\/?s={search_term_string}"},"query-input":{"@type":"PropertyValueSpecification","valueRequired":true,"valueName":"search_term_string"}}],"inLanguage":"pt-BR"},{"@type":["Person","Organization"],"@id":"https:\/\/blogdoprosperi.com\/#\/schema\/person\/38100755ce3601861ee4fab9b5aa78e9","name":"Luiz Ant\u00f4nio Pr\u00f3speri","pronouns":"ele","image":{"@type":"ImageObject","inLanguage":"pt-BR","@id":"https:\/\/i0.wp.com\/blogdoprosperi.com\/wp-content\/uploads\/2026\/05\/cropped-8059e613-6002-42fa-961e-8e275f575d71-2-5.jpg?fit=1360%2C931&ssl=1","url":"https:\/\/i0.wp.com\/blogdoprosperi.com\/wp-content\/uploads\/2026\/05\/cropped-8059e613-6002-42fa-961e-8e275f575d71-2-5.jpg?fit=1360%2C931&ssl=1","contentUrl":"https:\/\/i0.wp.com\/blogdoprosperi.com\/wp-content\/uploads\/2026\/05\/cropped-8059e613-6002-42fa-961e-8e275f575d71-2-5.jpg?fit=1360%2C931&ssl=1","width":1360,"height":931,"caption":"Luiz Ant\u00f4nio Pr\u00f3speri"},"logo":{"@id":"https:\/\/i0.wp.com\/blogdoprosperi.com\/wp-content\/uploads\/2026\/05\/cropped-8059e613-6002-42fa-961e-8e275f575d71-2-5.jpg?fit=1360%2C931&ssl=1"},"description":"Jornalista com carreira dedicada ao esporte. Cobriu 9 Copas do Mundo in loco, 1990 na It\u00e1lia, 1994 nos EUA, 1998 na Fran\u00e7a, 2002 na Coreia do Sul e Jap\u00e3o, 2006 na Alemanha, 2010 na \u00c1frica do Sul, 2014 no Brasil, 2018 na R\u00fassia e 2022 no Qatar. Eurocopas, 1992 na Su\u00e9cia e 1996 na Inglaterra. Copa das Confedera\u00e7\u00f5es de 2005 na Alemanha e 2009 na \u00c1frica do Sul. Rep\u00f3rter e Editor, trabalhou no Jornal da Tarde e Estad\u00e3o, de 1984 a fevereiro de 2016. Colunista, blogueiro. E comentarista de futebol na R\u00e1dio Estad\u00e3o, de 2013 a fevereiro de 2016. Jornalista respons\u00e1vel do \"Pr\u00f3speri News\" (blogdoprosperi.com).","sameAs":["http:\/\/blogdoprosperi.com","Luiz Pr\u00f3speri","@luiz_prosperi","https:\/\/x.com\/Luizprosperi","@prosperinacopa","luiz.prosperi@icloud.com"],"url":"https:\/\/blogdoprosperi.com\/?author=102107496"}]}},"jetpack_publicize_connections":[],"jetpack_likes_enabled":false,"jetpack_sharing_enabled":true,"jetpack_shortlink":"https:\/\/wp.me\/p7jvdk-5U","jetpack-related-posts":[{"id":1397,"url":"https:\/\/blogdoprosperi.com\/?p=1397","url_meta":{"origin":366,"position":0},"title":"Governo paulista declara guerra \u00e0s torcidas organizadas","author":"Luiz Ant\u00f4nio Pr\u00f3speri","date":"15 de abril de 2016","format":false,"excerpt":"\"N\u00f3s precisamos deixar muito claro para as torcidas organizadas que elas t\u00eam uma escolha: ou elas escolhem o lado da lei, da ordem, da seguran\u00e7a p\u00fablica, do Minist\u00e9rio P\u00fablico, da Justi\u00e7a ou dos torcedores bandidos. N\u00e3o vai ficar mais no meio termo. Se escolherem o nosso lado, muito bom, v\u00e3o\u2026","rel":"","context":"Em &quot;futebol&quot;","block_context":{"text":"futebol","link":"https:\/\/blogdoprosperi.com\/?cat=53870"},"img":{"alt_text":"","src":"https:\/\/i0.wp.com\/blogdoprosperi.com\/wp-content\/uploads\/2016\/04\/captura_de_tela_2016-02-14_as_182924_cn.jpg?resize=350%2C200&ssl=1","width":350,"height":200,"srcset":"https:\/\/i0.wp.com\/blogdoprosperi.com\/wp-content\/uploads\/2016\/04\/captura_de_tela_2016-02-14_as_182924_cn.jpg?resize=350%2C200&ssl=1 1x, https:\/\/i0.wp.com\/blogdoprosperi.com\/wp-content\/uploads\/2016\/04\/captura_de_tela_2016-02-14_as_182924_cn.jpg?resize=525%2C300&ssl=1 1.5x"},"classes":[]},{"id":1452,"url":"https:\/\/blogdoprosperi.com\/?p=1452","url_meta":{"origin":366,"position":1},"title":"Gavi\u00f5es da Fiel n\u00e3o se intimida","author":"Luiz Ant\u00f4nio Pr\u00f3speri","date":"16 de abril de 2016","format":false,"excerpt":"A Gavi\u00f5es da Fiel, torcida organizada do Corinthians, protestou nesta sexta-feira contra a Secretaria de Seguran\u00e7a P\u00fablica de S\u00e3o Paulo (SSPSP), CBF, o deputado Fernando Capez, TV Globo e Federa\u00e7\u00e3o Paulista (FPF). Cerca de 2 mil pessoas participaram da manifesta\u00e7\u00e3o no in\u00edcio da noite no Vale Anhangaba\u00fa. A torcida promete\u2026","rel":"","context":"Em &quot;futebol&quot;","block_context":{"text":"futebol","link":"https:\/\/blogdoprosperi.com\/?cat=53870"},"img":{"alt_text":"","src":"https:\/\/i0.wp.com\/blogdoprosperi.com\/wp-content\/uploads\/2016\/04\/gavioes-02.jpg?resize=350%2C200&ssl=1","width":350,"height":200,"srcset":"https:\/\/i0.wp.com\/blogdoprosperi.com\/wp-content\/uploads\/2016\/04\/gavioes-02.jpg?resize=350%2C200&ssl=1 1x, https:\/\/i0.wp.com\/blogdoprosperi.com\/wp-content\/uploads\/2016\/04\/gavioes-02.jpg?resize=525%2C300&ssl=1 1.5x"},"classes":[]},{"id":14102,"url":"https:\/\/blogdoprosperi.com\/?p=14102","url_meta":{"origin":366,"position":2},"title":"Minist\u00e9rio P\u00fablico amea\u00e7a vetar reduto de palmeirenses ao arredor do Allianz Parque","author":"Luiz Ant\u00f4nio Pr\u00f3speri","date":"30 de junho de 2016","format":false,"excerpt":"Ref\u00e9ns da viol\u00eancia no futebol, governo, pol\u00edcia, Minist\u00e9rio P\u00fablico, gestores de clubes, federa\u00e7\u00f5es e CBF est\u00e3o perdidos. Desde 1995, quando um torcedor foi morto a pauladas no Pacaembu no confronto entre fac\u00e7\u00f5es de S\u00e3o Paulo e Palmeiras, uma s\u00e9rie de provid\u00eancias, leis e repress\u00e3o n\u00e3o tem evitado batalhas e execu\u00e7\u00f5es\u2026","rel":"","context":"Em &quot;futebol&quot;","block_context":{"text":"futebol","link":"https:\/\/blogdoprosperi.com\/?cat=53870"},"img":{"alt_text":"","src":"https:\/\/i0.wp.com\/blogdoprosperi.com\/wp-content\/uploads\/2016\/06\/2k994wjy69_3gkhkru6mx_file.jpeg?resize=350%2C200","width":350,"height":200},"classes":[]},{"id":29720,"url":"https:\/\/blogdoprosperi.com\/?p=29720","url_meta":{"origin":366,"position":3},"title":"Minist\u00e9rio P\u00fablico de S\u00e3o Paulo confirma amea\u00e7a e fecha rua Turiassu, reduto de palmeirenses, com a\u00e7\u00e3o da Pol\u00edcia Militar","author":"Luiz Ant\u00f4nio Pr\u00f3speri","date":"23 de outubro de 2016","format":false,"excerpt":"A\u00e7\u00e3o da Pol\u00edcia Militar neste in\u00edcio de tarde nos arredores do Allianz Parque n\u00e3o \u00e9 uma surpresa a este Blog do Pr\u00f3speri. Em junho, a informa\u00e7\u00e3o estava em um post deste blog, quando o promotor Paulo Castilho, do Minist\u00e9rio P\u00fablico de SP, amea\u00e7ava uma interven\u00e7\u00e3o nas ruas que circundam o\u2026","rel":"","context":"Em &quot;Campeonato Brasileiro&quot;","block_context":{"text":"Campeonato Brasileiro","link":"https:\/\/blogdoprosperi.com\/?cat=355071"},"img":{"alt_text":"","src":"https:\/\/i0.wp.com\/blogdoprosperi.com\/wp-content\/uploads\/2016\/10\/0000030946_0001.jpg?resize=350%2C200","width":350,"height":200,"srcset":"https:\/\/i0.wp.com\/blogdoprosperi.com\/wp-content\/uploads\/2016\/10\/0000030946_0001.jpg?resize=350%2C200 1x, https:\/\/i0.wp.com\/blogdoprosperi.com\/wp-content\/uploads\/2016\/10\/0000030946_0001.jpg?resize=525%2C300 1.5x"},"classes":[]},{"id":35503,"url":"https:\/\/blogdoprosperi.com\/?p=35503","url_meta":{"origin":366,"position":4},"title":"Clubes querem fim da torcida \u00fanica nos cl\u00e1ssicos das semifinais do Paulist\u00e3o","author":"Luiz Ant\u00f4nio Pr\u00f3speri","date":"11 de abril de 2017","format":false,"excerpt":"Campeonato Paulista 2017 chega \u00e0s semifinais com a Federa\u00e7\u00e3o Paulista de Futebol faturando e alto e a maioria dos clubes do interior com baixa arrecada\u00e7\u00e3o. A not\u00edcia mais relevante \u00e9 que os presidentes dos clubes semifinalistas v\u00e3o pedir \u00e0s autoridades ainda nesta ter\u00e7a-feira o fim da torcida \u00fanica nessa fase\u2026","rel":"","context":"Em &quot;futebol&quot;","block_context":{"text":"futebol","link":"https:\/\/blogdoprosperi.com\/?cat=53870"},"img":{"alt_text":"","src":"https:\/\/i0.wp.com\/blogdoprosperi.com\/wp-content\/uploads\/2017\/04\/alex1605.jpg?resize=350%2C200","width":350,"height":200,"srcset":"https:\/\/i0.wp.com\/blogdoprosperi.com\/wp-content\/uploads\/2017\/04\/alex1605.jpg?resize=350%2C200 1x, https:\/\/i0.wp.com\/blogdoprosperi.com\/wp-content\/uploads\/2017\/04\/alex1605.jpg?resize=525%2C300 1.5x, https:\/\/i0.wp.com\/blogdoprosperi.com\/wp-content\/uploads\/2017\/04\/alex1605.jpg?resize=700%2C400 2x, https:\/\/i0.wp.com\/blogdoprosperi.com\/wp-content\/uploads\/2017\/04\/alex1605.jpg?resize=1050%2C600 3x, https:\/\/i0.wp.com\/blogdoprosperi.com\/wp-content\/uploads\/2017\/04\/alex1605.jpg?resize=1400%2C800 4x"},"classes":[]},{"id":46089,"url":"https:\/\/blogdoprosperi.com\/?p=46089","url_meta":{"origin":366,"position":5},"title":"Guerra de Torcidas | Emboscada, Morte, Sangue e Impunidade","author":"Luiz Ant\u00f4nio Pr\u00f3speri","date":"28 de outubro de 2024","format":false,"excerpt":"Luiz Ant\u00f4nio Pr\u00f3speri \u2013 28 outubro (12j010) Mancha Verde se pronuncia na manh\u00e3 dessa segunda-feira (28\/10) e diz que \"vem sendo apontada injustamente, atrav\u00e9s de alguns meios de imprensa e redes sociais, de envolvimento em uma emboscada ocorrida na Rodovia Fern\u00e3o Dias, pr\u00f3ximo ao t\u00fanel de Mairipor\u00e3, na madrugada deste\u2026","rel":"","context":"Em &quot;futebol&quot;","block_context":{"text":"futebol","link":"https:\/\/blogdoprosperi.com\/?cat=53870"},"img":{"alt_text":"Guerra de Torcidas","src":"https:\/\/i0.wp.com\/blogdoprosperi.com\/wp-content\/uploads\/2024\/10\/sp2-4.webp?fit=1064%2C614&ssl=1&resize=350%2C200","width":350,"height":200,"srcset":"https:\/\/i0.wp.com\/blogdoprosperi.com\/wp-content\/uploads\/2024\/10\/sp2-4.webp?fit=1064%2C614&ssl=1&resize=350%2C200 1x, https:\/\/i0.wp.com\/blogdoprosperi.com\/wp-content\/uploads\/2024\/10\/sp2-4.webp?fit=1064%2C614&ssl=1&resize=525%2C300 1.5x, https:\/\/i0.wp.com\/blogdoprosperi.com\/wp-content\/uploads\/2024\/10\/sp2-4.webp?fit=1064%2C614&ssl=1&resize=700%2C400 2x, https:\/\/i0.wp.com\/blogdoprosperi.com\/wp-content\/uploads\/2024\/10\/sp2-4.webp?fit=1064%2C614&ssl=1&resize=1050%2C600 3x"},"classes":[]}],"jetpack_featured_media_url":"","_links":{"self":[{"href":"https:\/\/blogdoprosperi.com\/index.php?rest_route=\/wp\/v2\/posts\/366","targetHints":{"allow":["GET"]}}],"collection":[{"href":"https:\/\/blogdoprosperi.com\/index.php?rest_route=\/wp\/v2\/posts"}],"about":[{"href":"https:\/\/blogdoprosperi.com\/index.php?rest_route=\/wp\/v2\/types\/post"}],"author":[{"embeddable":true,"href":"https:\/\/blogdoprosperi.com\/index.php?rest_route=\/wp\/v2\/users\/102107496"}],"replies":[{"embeddable":true,"href":"https:\/\/blogdoprosperi.com\/index.php?rest_route=%2Fwp%2Fv2%2Fcomments&post=366"}],"version-history":[{"count":25,"href":"https:\/\/blogdoprosperi.com\/index.php?rest_route=\/wp\/v2\/posts\/366\/revisions"}],"predecessor-version":[{"id":445,"href":"https:\/\/blogdoprosperi.com\/index.php?rest_route=\/wp\/v2\/posts\/366\/revisions\/445"}],"wp:attachment":[{"href":"https:\/\/blogdoprosperi.com\/index.php?rest_route=%2Fwp%2Fv2%2Fmedia&parent=366"}],"wp:term":[{"taxonomy":"category","embeddable":true,"href":"https:\/\/blogdoprosperi.com\/index.php?rest_route=%2Fwp%2Fv2%2Fcategories&post=366"},{"taxonomy":"post_tag","embeddable":true,"href":"https:\/\/blogdoprosperi.com\/index.php?rest_route=%2Fwp%2Fv2%2Ftags&post=366"}],"curies":[{"name":"wp","href":"https:\/\/api.w.org\/{rel}","templated":true}]}}