{"id":36667,"date":"2017-09-19T01:00:30","date_gmt":"2017-09-19T04:00:30","guid":{"rendered":"http:\/\/blogdoprosperi.com\/?p=36667"},"modified":"2017-09-19T01:06:43","modified_gmt":"2017-09-19T04:06:43","slug":"36667","status":"publish","type":"post","link":"https:\/\/blogdoprosperi.com\/?p=36667","title":{"rendered":"Palmeiras ainda se ilude"},"content":{"rendered":"<p>Ainda distante 13 pontos do l\u00edder Corinthians, Palmeiras continua na sua toada em busca de um milagre. De acordo com Cuca, o futuro do time no Brasileir\u00e3o depende do desempenho nas pr\u00f3ximas seis rodadas, a contar dessa 25.\u00aa. Se Cuca estiver correto, o campe\u00e3o de 2016 est\u00e1 na briga. Venceu o Coritiba no Pacaembu por 1 a 0 \u2013 gol de Jean, mesmo sem uma brilhante exibi\u00e7\u00e3o<a href=\"http:\/\/bit.ly\/2f30Dqo\">.\u00a0http:\/\/bit.ly\/2f30Dqo<\/a><\/p>\n","protected":false},"excerpt":{"rendered":"<p>Ainda distante 13 pontos do l\u00edder Corinthians, Palmeiras continua na sua toada em busca de um milagre. De [&hellip;]<\/p>\n","protected":false},"author":102107496,"featured_media":36662,"comment_status":"open","ping_status":"open","sticky":false,"template":"","format":"standard","meta":{"_coblocks_attr":"","_coblocks_dimensions":"","_coblocks_responsive_height":"","_coblocks_accordion_ie_support":"","wpai_generated_summary":"","_jetpack_newsletter_access":"","_jetpack_dont_email_post_to_subs":false,"_jetpack_newsletter_tier_id":0,"_jetpack_memberships_contains_paywalled_content":false,"_wpcom_ai_launchpad_first_post":false,"_jetpack_feature_clip_id":0,"_jetpack_memberships_contains_paid_content":false,"footnotes":"","jetpack_publicize_message":"","jetpack_publicize_feature_enabled":true,"jetpack_social_post_already_shared":false,"jetpack_social_options":{"image_generator_settings":{"template":"highway","default_image_id":0,"font":"","enabled":false},"version":2},"jetpack_post_was_ever_published":false},"categories":[355071,53870],"tags":[789560560],"class_list":["post-36667","post","type-post","status-publish","format-standard","has-post-thumbnail","hentry","category-campeonato-brasileiro","category-futebol","tag-futebol"],"yoast_head":"<!-- This site is optimized with the Yoast SEO plugin v28.4 - https:\/\/yoast.com\/product\/yoast-seo-wordpress\/ -->\n<title>Palmeiras ainda se ilude - PR\u00d3SPERI NEWS<\/title>\n<meta name=\"robots\" content=\"index, follow, max-snippet:-1, max-image-preview:large, max-video-preview:-1\" \/>\n<link rel=\"canonical\" href=\"https:\/\/blogdoprosperi.com\/?p=36667\" \/>\n<meta property=\"og:locale\" content=\"pt_BR\" \/>\n<meta property=\"og:type\" content=\"article\" \/>\n<meta property=\"og:title\" content=\"Palmeiras ainda se ilude - PR\u00d3SPERI NEWS\" \/>\n<meta property=\"og:description\" content=\"Ainda distante 13 pontos do l\u00edder Corinthians, Palmeiras continua na sua toada em busca de um milagre. De [&hellip;]\" \/>\n<meta property=\"og:url\" content=\"https:\/\/blogdoprosperi.com\/?p=36667\" \/>\n<meta property=\"og:site_name\" content=\"PR\u00d3SPERI NEWS\" \/>\n<meta property=\"article:publisher\" content=\"Luiz Pr\u00f3speri\" \/>\n<meta property=\"article:author\" content=\"Luiz Pr\u00f3speri\" \/>\n<meta property=\"article:published_time\" content=\"2017-09-19T04:00:30+00:00\" \/>\n<meta property=\"article:modified_time\" content=\"2017-09-19T04:06:43+00:00\" \/>\n<meta property=\"og:image\" content=\"https:\/\/i0.wp.com\/blogdoprosperi.com\/wp-content\/uploads\/2017\/09\/pro1-7.jpg?fit=1882%2C2668&ssl=1\" \/>\n\t<meta property=\"og:image:width\" content=\"1882\" \/>\n\t<meta property=\"og:image:height\" content=\"2668\" \/>\n\t<meta property=\"og:image:type\" content=\"image\/jpeg\" \/>\n<meta name=\"author\" content=\"Luiz Ant\u00f4nio Pr\u00f3speri\" \/>\n<meta name=\"twitter:card\" content=\"summary_large_image\" \/>\n<meta name=\"twitter:creator\" content=\"@Luizprosperi\" \/>\n<meta name=\"twitter:site\" content=\"@Luizprosperi\" \/>\n<meta name=\"twitter:label1\" content=\"Escrito por\" \/>\n\t<meta name=\"twitter:data1\" content=\"Luiz Ant\u00f4nio Pr\u00f3speri\" \/>\n<script type=\"application\/ld+json\" class=\"yoast-schema-graph\">{\"@context\":\"https:\\\/\\\/schema.org\",\"@graph\":[{\"@type\":\"Article\",\"@id\":\"https:\\\/\\\/blogdoprosperi.com\\\/?p=36667#article\",\"isPartOf\":{\"@id\":\"https:\\\/\\\/blogdoprosperi.com\\\/?p=36667\"},\"author\":{\"name\":\"Luiz Ant\u00f4nio Pr\u00f3speri\",\"@id\":\"https:\\\/\\\/blogdoprosperi.com\\\/#\\\/schema\\\/person\\\/38100755ce3601861ee4fab9b5aa78e9\"},\"headline\":\"Palmeiras ainda se ilude\",\"datePublished\":\"2017-09-19T04:00:30+00:00\",\"dateModified\":\"2017-09-19T04:06:43+00:00\",\"mainEntityOfPage\":{\"@id\":\"https:\\\/\\\/blogdoprosperi.com\\\/?p=36667\"},\"wordCount\":75,\"commentCount\":0,\"publisher\":{\"@id\":\"https:\\\/\\\/blogdoprosperi.com\\\/#\\\/schema\\\/person\\\/38100755ce3601861ee4fab9b5aa78e9\"},\"image\":{\"@id\":\"https:\\\/\\\/blogdoprosperi.com\\\/?p=36667#primaryimage\"},\"thumbnailUrl\":\"https:\\\/\\\/i0.wp.com\\\/blogdoprosperi.com\\\/wp-content\\\/uploads\\\/2017\\\/09\\\/pro1-7.jpg?fit=1882%2C2668&ssl=1\",\"keywords\":[\"futebol\"],\"articleSection\":[\"Campeonato Brasileiro\",\"futebol\"],\"inLanguage\":\"pt-BR\",\"potentialAction\":[{\"@type\":\"CommentAction\",\"name\":\"Comment\",\"target\":[\"https:\\\/\\\/blogdoprosperi.com\\\/?p=36667#respond\"]}]},{\"@type\":\"WebPage\",\"@id\":\"https:\\\/\\\/blogdoprosperi.com\\\/?p=36667\",\"url\":\"https:\\\/\\\/blogdoprosperi.com\\\/?p=36667\",\"name\":\"Palmeiras ainda se ilude - PR\u00d3SPERI NEWS\",\"isPartOf\":{\"@id\":\"https:\\\/\\\/blogdoprosperi.com\\\/#website\"},\"primaryImageOfPage\":{\"@id\":\"https:\\\/\\\/blogdoprosperi.com\\\/?p=36667#primaryimage\"},\"image\":{\"@id\":\"https:\\\/\\\/blogdoprosperi.com\\\/?p=36667#primaryimage\"},\"thumbnailUrl\":\"https:\\\/\\\/i0.wp.com\\\/blogdoprosperi.com\\\/wp-content\\\/uploads\\\/2017\\\/09\\\/pro1-7.jpg?fit=1882%2C2668&ssl=1\",\"datePublished\":\"2017-09-19T04:00:30+00:00\",\"dateModified\":\"2017-09-19T04:06:43+00:00\",\"breadcrumb\":{\"@id\":\"https:\\\/\\\/blogdoprosperi.com\\\/?p=36667#breadcrumb\"},\"inLanguage\":\"pt-BR\",\"potentialAction\":[{\"@type\":\"ReadAction\",\"target\":[\"https:\\\/\\\/blogdoprosperi.com\\\/?p=36667\"]}]},{\"@type\":\"ImageObject\",\"inLanguage\":\"pt-BR\",\"@id\":\"https:\\\/\\\/blogdoprosperi.com\\\/?p=36667#primaryimage\",\"url\":\"https:\\\/\\\/i0.wp.com\\\/blogdoprosperi.com\\\/wp-content\\\/uploads\\\/2017\\\/09\\\/pro1-7.jpg?fit=1882%2C2668&ssl=1\",\"contentUrl\":\"https:\\\/\\\/i0.wp.com\\\/blogdoprosperi.com\\\/wp-content\\\/uploads\\\/2017\\\/09\\\/pro1-7.jpg?fit=1882%2C2668&ssl=1\",\"width\":1882,\"height\":2668,\"caption\":\"Jean faz gol na vit\u00f3ria do Palmeiras contra Coritiba e sustenta ilus\u00e3o de t\u00edtulo do Brasileir\u00e3o 2017 - foto: Alex Silva\"},{\"@type\":\"BreadcrumbList\",\"@id\":\"https:\\\/\\\/blogdoprosperi.com\\\/?p=36667#breadcrumb\",\"itemListElement\":[{\"@type\":\"ListItem\",\"position\":1,\"name\":\"In\u00edcio\",\"item\":\"https:\\\/\\\/blogdoprosperi.com\\\/\"},{\"@type\":\"ListItem\",\"position\":2,\"name\":\"Palmeiras ainda se ilude\"}]},{\"@type\":\"WebSite\",\"@id\":\"https:\\\/\\\/blogdoprosperi.com\\\/#website\",\"url\":\"https:\\\/\\\/blogdoprosperi.com\\\/\",\"name\":\"PR\u00d3SPERI NEWS\",\"description\":\"TUDO \u00c9  FUTEBOL\",\"publisher\":{\"@id\":\"https:\\\/\\\/blogdoprosperi.com\\\/#\\\/schema\\\/person\\\/38100755ce3601861ee4fab9b5aa78e9\"},\"alternateName\":\"blogdoprosperi.com\",\"potentialAction\":[{\"@type\":\"SearchAction\",\"target\":{\"@type\":\"EntryPoint\",\"urlTemplate\":\"https:\\\/\\\/blogdoprosperi.com\\\/?s={search_term_string}\"},\"query-input\":{\"@type\":\"PropertyValueSpecification\",\"valueRequired\":true,\"valueName\":\"search_term_string\"}}],\"inLanguage\":\"pt-BR\"},{\"@type\":[\"Person\",\"Organization\"],\"@id\":\"https:\\\/\\\/blogdoprosperi.com\\\/#\\\/schema\\\/person\\\/38100755ce3601861ee4fab9b5aa78e9\",\"name\":\"Luiz Ant\u00f4nio Pr\u00f3speri\",\"pronouns\":\"ele\",\"image\":{\"@type\":\"ImageObject\",\"inLanguage\":\"pt-BR\",\"@id\":\"https:\\\/\\\/i0.wp.com\\\/blogdoprosperi.com\\\/wp-content\\\/uploads\\\/2026\\\/05\\\/cropped-8059e613-6002-42fa-961e-8e275f575d71-2-5.jpg?fit=1360%2C931&ssl=1\",\"url\":\"https:\\\/\\\/i0.wp.com\\\/blogdoprosperi.com\\\/wp-content\\\/uploads\\\/2026\\\/05\\\/cropped-8059e613-6002-42fa-961e-8e275f575d71-2-5.jpg?fit=1360%2C931&ssl=1\",\"contentUrl\":\"https:\\\/\\\/i0.wp.com\\\/blogdoprosperi.com\\\/wp-content\\\/uploads\\\/2026\\\/05\\\/cropped-8059e613-6002-42fa-961e-8e275f575d71-2-5.jpg?fit=1360%2C931&ssl=1\",\"width\":1360,\"height\":931,\"caption\":\"Luiz Ant\u00f4nio Pr\u00f3speri\"},\"logo\":{\"@id\":\"https:\\\/\\\/i0.wp.com\\\/blogdoprosperi.com\\\/wp-content\\\/uploads\\\/2026\\\/05\\\/cropped-8059e613-6002-42fa-961e-8e275f575d71-2-5.jpg?fit=1360%2C931&ssl=1\"},\"description\":\"Jornalista com carreira dedicada ao esporte. Cobriu 9 Copas do Mundo in loco, 1990 na It\u00e1lia, 1994 nos EUA, 1998 na Fran\u00e7a, 2002 na Coreia do Sul e Jap\u00e3o, 2006 na Alemanha, 2010 na \u00c1frica do Sul, 2014 no Brasil, 2018 na R\u00fassia e 2022 no Qatar. Eurocopas, 1992 na Su\u00e9cia e 1996 na Inglaterra. Copa das Confedera\u00e7\u00f5es de 2005 na Alemanha e 2009 na \u00c1frica do Sul. Rep\u00f3rter e Editor, trabalhou no Jornal da Tarde e Estad\u00e3o, de 1984 a fevereiro de 2016. Colunista, blogueiro. E comentarista de futebol na R\u00e1dio Estad\u00e3o, de 2013 a fevereiro de 2016. Jornalista respons\u00e1vel do \\\"Pr\u00f3speri News\\\" (blogdoprosperi.com).\",\"sameAs\":[\"http:\\\/\\\/blogdoprosperi.com\",\"Luiz Pr\u00f3speri\",\"@luiz_prosperi\",\"https:\\\/\\\/x.com\\\/Luizprosperi\",\"@prosperinacopa\",\"luiz.prosperi@icloud.com\"],\"url\":\"https:\\\/\\\/blogdoprosperi.com\\\/?author=102107496\"}]}<\/script>\n<!-- \/ Yoast SEO plugin. -->","yoast_head_json":{"title":"Palmeiras ainda se ilude - PR\u00d3SPERI NEWS","robots":{"index":"index","follow":"follow","max-snippet":"max-snippet:-1","max-image-preview":"max-image-preview:large","max-video-preview":"max-video-preview:-1"},"canonical":"https:\/\/blogdoprosperi.com\/?p=36667","og_locale":"pt_BR","og_type":"article","og_title":"Palmeiras ainda se ilude - PR\u00d3SPERI NEWS","og_description":"Ainda distante 13 pontos do l\u00edder Corinthians, Palmeiras continua na sua toada em busca de um milagre. De [&hellip;]","og_url":"https:\/\/blogdoprosperi.com\/?p=36667","og_site_name":"PR\u00d3SPERI NEWS","article_publisher":"Luiz Pr\u00f3speri","article_author":"Luiz Pr\u00f3speri","article_published_time":"2017-09-19T04:00:30+00:00","article_modified_time":"2017-09-19T04:06:43+00:00","og_image":[{"width":1882,"height":2668,"url":"https:\/\/i0.wp.com\/blogdoprosperi.com\/wp-content\/uploads\/2017\/09\/pro1-7.jpg?fit=1882%2C2668&ssl=1","type":"image\/jpeg"}],"author":"Luiz Ant\u00f4nio Pr\u00f3speri","twitter_card":"summary_large_image","twitter_creator":"@Luizprosperi","twitter_site":"@Luizprosperi","twitter_misc":{"Escrito por":"Luiz Ant\u00f4nio Pr\u00f3speri"},"schema":{"@context":"https:\/\/schema.org","@graph":[{"@type":"Article","@id":"https:\/\/blogdoprosperi.com\/?p=36667#article","isPartOf":{"@id":"https:\/\/blogdoprosperi.com\/?p=36667"},"author":{"name":"Luiz Ant\u00f4nio Pr\u00f3speri","@id":"https:\/\/blogdoprosperi.com\/#\/schema\/person\/38100755ce3601861ee4fab9b5aa78e9"},"headline":"Palmeiras ainda se ilude","datePublished":"2017-09-19T04:00:30+00:00","dateModified":"2017-09-19T04:06:43+00:00","mainEntityOfPage":{"@id":"https:\/\/blogdoprosperi.com\/?p=36667"},"wordCount":75,"commentCount":0,"publisher":{"@id":"https:\/\/blogdoprosperi.com\/#\/schema\/person\/38100755ce3601861ee4fab9b5aa78e9"},"image":{"@id":"https:\/\/blogdoprosperi.com\/?p=36667#primaryimage"},"thumbnailUrl":"https:\/\/i0.wp.com\/blogdoprosperi.com\/wp-content\/uploads\/2017\/09\/pro1-7.jpg?fit=1882%2C2668&ssl=1","keywords":["futebol"],"articleSection":["Campeonato Brasileiro","futebol"],"inLanguage":"pt-BR","potentialAction":[{"@type":"CommentAction","name":"Comment","target":["https:\/\/blogdoprosperi.com\/?p=36667#respond"]}]},{"@type":"WebPage","@id":"https:\/\/blogdoprosperi.com\/?p=36667","url":"https:\/\/blogdoprosperi.com\/?p=36667","name":"Palmeiras ainda se ilude - PR\u00d3SPERI NEWS","isPartOf":{"@id":"https:\/\/blogdoprosperi.com\/#website"},"primaryImageOfPage":{"@id":"https:\/\/blogdoprosperi.com\/?p=36667#primaryimage"},"image":{"@id":"https:\/\/blogdoprosperi.com\/?p=36667#primaryimage"},"thumbnailUrl":"https:\/\/i0.wp.com\/blogdoprosperi.com\/wp-content\/uploads\/2017\/09\/pro1-7.jpg?fit=1882%2C2668&ssl=1","datePublished":"2017-09-19T04:00:30+00:00","dateModified":"2017-09-19T04:06:43+00:00","breadcrumb":{"@id":"https:\/\/blogdoprosperi.com\/?p=36667#breadcrumb"},"inLanguage":"pt-BR","potentialAction":[{"@type":"ReadAction","target":["https:\/\/blogdoprosperi.com\/?p=36667"]}]},{"@type":"ImageObject","inLanguage":"pt-BR","@id":"https:\/\/blogdoprosperi.com\/?p=36667#primaryimage","url":"https:\/\/i0.wp.com\/blogdoprosperi.com\/wp-content\/uploads\/2017\/09\/pro1-7.jpg?fit=1882%2C2668&ssl=1","contentUrl":"https:\/\/i0.wp.com\/blogdoprosperi.com\/wp-content\/uploads\/2017\/09\/pro1-7.jpg?fit=1882%2C2668&ssl=1","width":1882,"height":2668,"caption":"Jean faz gol na vit\u00f3ria do Palmeiras contra Coritiba e sustenta ilus\u00e3o de t\u00edtulo do Brasileir\u00e3o 2017 - foto: Alex Silva"},{"@type":"BreadcrumbList","@id":"https:\/\/blogdoprosperi.com\/?p=36667#breadcrumb","itemListElement":[{"@type":"ListItem","position":1,"name":"In\u00edcio","item":"https:\/\/blogdoprosperi.com\/"},{"@type":"ListItem","position":2,"name":"Palmeiras ainda se ilude"}]},{"@type":"WebSite","@id":"https:\/\/blogdoprosperi.com\/#website","url":"https:\/\/blogdoprosperi.com\/","name":"PR\u00d3SPERI NEWS","description":"TUDO \u00c9  FUTEBOL","publisher":{"@id":"https:\/\/blogdoprosperi.com\/#\/schema\/person\/38100755ce3601861ee4fab9b5aa78e9"},"alternateName":"blogdoprosperi.com","potentialAction":[{"@type":"SearchAction","target":{"@type":"EntryPoint","urlTemplate":"https:\/\/blogdoprosperi.com\/?s={search_term_string}"},"query-input":{"@type":"PropertyValueSpecification","valueRequired":true,"valueName":"search_term_string"}}],"inLanguage":"pt-BR"},{"@type":["Person","Organization"],"@id":"https:\/\/blogdoprosperi.com\/#\/schema\/person\/38100755ce3601861ee4fab9b5aa78e9","name":"Luiz Ant\u00f4nio Pr\u00f3speri","pronouns":"ele","image":{"@type":"ImageObject","inLanguage":"pt-BR","@id":"https:\/\/i0.wp.com\/blogdoprosperi.com\/wp-content\/uploads\/2026\/05\/cropped-8059e613-6002-42fa-961e-8e275f575d71-2-5.jpg?fit=1360%2C931&ssl=1","url":"https:\/\/i0.wp.com\/blogdoprosperi.com\/wp-content\/uploads\/2026\/05\/cropped-8059e613-6002-42fa-961e-8e275f575d71-2-5.jpg?fit=1360%2C931&ssl=1","contentUrl":"https:\/\/i0.wp.com\/blogdoprosperi.com\/wp-content\/uploads\/2026\/05\/cropped-8059e613-6002-42fa-961e-8e275f575d71-2-5.jpg?fit=1360%2C931&ssl=1","width":1360,"height":931,"caption":"Luiz Ant\u00f4nio Pr\u00f3speri"},"logo":{"@id":"https:\/\/i0.wp.com\/blogdoprosperi.com\/wp-content\/uploads\/2026\/05\/cropped-8059e613-6002-42fa-961e-8e275f575d71-2-5.jpg?fit=1360%2C931&ssl=1"},"description":"Jornalista com carreira dedicada ao esporte. Cobriu 9 Copas do Mundo in loco, 1990 na It\u00e1lia, 1994 nos EUA, 1998 na Fran\u00e7a, 2002 na Coreia do Sul e Jap\u00e3o, 2006 na Alemanha, 2010 na \u00c1frica do Sul, 2014 no Brasil, 2018 na R\u00fassia e 2022 no Qatar. Eurocopas, 1992 na Su\u00e9cia e 1996 na Inglaterra. Copa das Confedera\u00e7\u00f5es de 2005 na Alemanha e 2009 na \u00c1frica do Sul. Rep\u00f3rter e Editor, trabalhou no Jornal da Tarde e Estad\u00e3o, de 1984 a fevereiro de 2016. Colunista, blogueiro. E comentarista de futebol na R\u00e1dio Estad\u00e3o, de 2013 a fevereiro de 2016. Jornalista respons\u00e1vel do \"Pr\u00f3speri News\" (blogdoprosperi.com).","sameAs":["http:\/\/blogdoprosperi.com","Luiz Pr\u00f3speri","@luiz_prosperi","https:\/\/x.com\/Luizprosperi","@prosperinacopa","luiz.prosperi@icloud.com"],"url":"https:\/\/blogdoprosperi.com\/?author=102107496"}]}},"jetpack_publicize_connections":[],"jetpack_likes_enabled":false,"jetpack_sharing_enabled":true,"jetpack_shortlink":"https:\/\/wp.me\/s7jvdk-36667","jetpack-related-posts":[{"id":35947,"url":"https:\/\/blogdoprosperi.com\/?p=35947","url_meta":{"origin":36667,"position":0},"title":"Ceni muda de postura e Cuca tem reca\u00edda","author":"Luiz Ant\u00f4nio Pr\u00f3speri","date":"28 de maio de 2017","format":false,"excerpt":"S\u00e3o Paulo sustentou um tabu de n\u00e3o perder para o Palmeiras no Morumbi desde 2002 ao vencer o cl\u00e1ssico por 2 a 0 neste s\u00e1bado (27\/5). Muito da vit\u00f3ria do Tricolor passa pelo acerto na estrat\u00e9gia de Rogerio Ceni e nos equ\u00edvocos de Cuca. E, claro, na precis\u00e3o de Lucas\u2026","rel":"","context":"Em &quot;Campeonato Brasileiro&quot;","block_context":{"text":"Campeonato Brasileiro","link":"https:\/\/blogdoprosperi.com\/?cat=355071"},"img":{"alt_text":"","src":"https:\/\/i0.wp.com\/blogdoprosperi.com\/wp-content\/uploads\/2017\/05\/622_124c1a7c-b4dd-3e4e-85e0-c328eaa5546c.jpg?fit=622%2C350&ssl=1&resize=350%2C200","width":350,"height":200,"srcset":"https:\/\/i0.wp.com\/blogdoprosperi.com\/wp-content\/uploads\/2017\/05\/622_124c1a7c-b4dd-3e4e-85e0-c328eaa5546c.jpg?fit=622%2C350&ssl=1&resize=350%2C200 1x, https:\/\/i0.wp.com\/blogdoprosperi.com\/wp-content\/uploads\/2017\/05\/622_124c1a7c-b4dd-3e4e-85e0-c328eaa5546c.jpg?fit=622%2C350&ssl=1&resize=525%2C300 1.5x"},"classes":[]},{"id":33314,"url":"https:\/\/blogdoprosperi.com\/?p=33314","url_meta":{"origin":36667,"position":1},"title":"Roger Machado, ex-t\u00e9cnico do Gr\u00eamio e sem curr\u00edculo, vira objeto do desejo no Atl\u00e9tico-MG, Fluminense e Palmeiras","author":"Luiz Ant\u00f4nio Pr\u00f3speri","date":"28 de novembro de 2016","format":false,"excerpt":"Roger Machado apareceu como t\u00e9cnico de time grande no ano passado, ao substituir Felip\u00e3o no Gr\u00eamio na primeira rodada do Brasileir\u00e3o de 2015. Fez um bom campeonato e levou o clube ga\u00facho \u00e0 Copa Libertadores. Na temporada de 2016, n\u00e3o foi campe\u00e3o estadual, vacilou na metade do campeonato nacional e\u2026","rel":"","context":"Em &quot;Campeonato Brasileiro&quot;","block_context":{"text":"Campeonato Brasileiro","link":"https:\/\/blogdoprosperi.com\/?cat=355071"},"img":{"alt_text":"","src":"https:\/\/i0.wp.com\/blogdoprosperi.com\/wp-content\/uploads\/2016\/11\/17424185.jpg?resize=350%2C200&ssl=1","width":350,"height":200,"srcset":"https:\/\/i0.wp.com\/blogdoprosperi.com\/wp-content\/uploads\/2016\/11\/17424185.jpg?resize=350%2C200&ssl=1 1x, https:\/\/i0.wp.com\/blogdoprosperi.com\/wp-content\/uploads\/2016\/11\/17424185.jpg?resize=525%2C300&ssl=1 1.5x"},"classes":[]},{"id":26145,"url":"https:\/\/blogdoprosperi.com\/?p=26145","url_meta":{"origin":36667,"position":2},"title":"Reservas do Palmeiras sofrem derrota na Copa do Brasil e tiram sono de Cuca","author":"Luiz Ant\u00f4nio Pr\u00f3speri","date":"21 de setembro de 2016","format":false,"excerpt":"Reservas do Palmeiras deixaram Cuca preocupado com a derrota por 1 a 0 para o Botafogo da Para\u00edba. N\u00e3o pelo resultado em si, at\u00e9 porque a classifica\u00e7\u00e3o \u00e0s quartas de final da Copa do Brasil est\u00e1 garantida. A dor de cabe\u00e7a do treinador se deve ao baixo desempenho de alguns\u2026","rel":"","context":"Em &quot;futebol&quot;","block_context":{"text":"futebol","link":"https:\/\/blogdoprosperi.com\/?cat=53870"},"img":{"alt_text":"","src":"https:\/\/i0.wp.com\/blogdoprosperi.com\/wp-content\/uploads\/2016\/09\/elv20160921023.jpg?resize=350%2C200&ssl=1","width":350,"height":200,"srcset":"https:\/\/i0.wp.com\/blogdoprosperi.com\/wp-content\/uploads\/2016\/09\/elv20160921023.jpg?resize=350%2C200&ssl=1 1x, https:\/\/i0.wp.com\/blogdoprosperi.com\/wp-content\/uploads\/2016\/09\/elv20160921023.jpg?resize=525%2C300&ssl=1 1.5x"},"classes":[]},{"id":8234,"url":"https:\/\/blogdoprosperi.com\/?p=8234","url_meta":{"origin":36667,"position":3},"title":"Ousadia de Cuca funciona na vit\u00f3ria por 4 a 3 contra o Gr\u00eamio","author":"Luiz Ant\u00f4nio Pr\u00f3speri","date":"3 de junho de 2016","format":false,"excerpt":"O Palmeiras n\u00e3o teve limites diante do Gr\u00eamio no Pacaembu. Jogou aos 90 minutos em cima do advers\u00e1rio, marcou todos os palmos do campo e deu uma li\u00e7\u00e3o de obedi\u00eancia t\u00e1tica. Fez quatro gols na defesa que ainda n\u00e3o tinha sido vazada e, por descuidos, sofreu tr\u00eas gols. A vit\u00f3ria\u2026","rel":"","context":"Em &quot;Campeonato Brasileiro&quot;","block_context":{"text":"Campeonato Brasileiro","link":"https:\/\/blogdoprosperi.com\/?cat=355071"},"img":{"alt_text":"","src":"https:\/\/i0.wp.com\/blogdoprosperi.com\/wp-content\/uploads\/2016\/06\/pro1-2.jpg?resize=350%2C200","width":350,"height":200,"srcset":"https:\/\/i0.wp.com\/blogdoprosperi.com\/wp-content\/uploads\/2016\/06\/pro1-2.jpg?resize=350%2C200 1x, https:\/\/i0.wp.com\/blogdoprosperi.com\/wp-content\/uploads\/2016\/06\/pro1-2.jpg?resize=525%2C300 1.5x, https:\/\/i0.wp.com\/blogdoprosperi.com\/wp-content\/uploads\/2016\/06\/pro1-2.jpg?resize=700%2C400 2x, https:\/\/i0.wp.com\/blogdoprosperi.com\/wp-content\/uploads\/2016\/06\/pro1-2.jpg?resize=1050%2C600 3x, https:\/\/i0.wp.com\/blogdoprosperi.com\/wp-content\/uploads\/2016\/06\/pro1-2.jpg?resize=1400%2C800 4x"},"classes":[]},{"id":35930,"url":"https:\/\/blogdoprosperi.com\/?p=35930","url_meta":{"origin":36667,"position":4},"title":"Palmeiras se encorpa com Cuca e avan\u00e7a \u00e0s oitavas da Libertadores. Flamengo fica pelo caminho","author":"Luiz Ant\u00f4nio Pr\u00f3speri","date":"25 de maio de 2017","format":false,"excerpt":"Palmeiras avan\u00e7a \u00e0s oitavas de final da Copa Libertadores 2017 e se junta a Santos, Atl\u00e9tico-MG, Atl\u00e9tico-PR, Botafogo e Gr\u00eamio, representantes do futebol brasileiro tamb\u00e9m classificados. Flamengo e Chapecoense ficaram no meio do caminho \u2013 clube catarinense ainda tenta recuperar a vaga na Corte Disciplinar da Conmebol. Derrota imposta ao\u2026","rel":"","context":"Em &quot;Copa Libertadores&quot;","block_context":{"text":"Copa Libertadores","link":"https:\/\/blogdoprosperi.com\/?cat=270704"},"img":{"alt_text":"","src":"https:\/\/i0.wp.com\/blogdoprosperi.com\/wp-content\/uploads\/2017\/05\/34032457084_b60b749025_o.jpg?fit=1000%2C604&ssl=1&resize=350%2C200","width":350,"height":200,"srcset":"https:\/\/i0.wp.com\/blogdoprosperi.com\/wp-content\/uploads\/2017\/05\/34032457084_b60b749025_o.jpg?fit=1000%2C604&ssl=1&resize=350%2C200 1x, https:\/\/i0.wp.com\/blogdoprosperi.com\/wp-content\/uploads\/2017\/05\/34032457084_b60b749025_o.jpg?fit=1000%2C604&ssl=1&resize=525%2C300 1.5x, https:\/\/i0.wp.com\/blogdoprosperi.com\/wp-content\/uploads\/2017\/05\/34032457084_b60b749025_o.jpg?fit=1000%2C604&ssl=1&resize=700%2C400 2x"},"classes":[]},{"id":12237,"url":"https:\/\/blogdoprosperi.com\/?p=12237","url_meta":{"origin":36667,"position":5},"title":"Gabriel Jesus leva Palmeiras a vencer o Am\u00e9rica-MG e encanta emiss\u00e1rio do Barcelona","author":"Luiz Ant\u00f4nio Pr\u00f3speri","date":"22 de junho de 2016","format":false,"excerpt":"Barcelona e Palmeiras n\u00e3o escondem mais a negocia\u00e7\u00e3o de Gabriel Jesus. O clube espanhol quer o craque do Palmeiras a qualquer pre\u00e7o. N\u00e3o por acaso Raul Sanlleh\u00ed, homem das compras do Bar\u00e7a, se deixou mostrar nos camarotes do Allianz Parque nesta noite de ter\u00e7a-feira (21\/6) durante o jogo em que\u2026","rel":"","context":"Em &quot;Campeonato Brasileiro&quot;","block_context":{"text":"Campeonato Brasileiro","link":"https:\/\/blogdoprosperi.com\/?cat=355071"},"img":{"alt_text":"","src":"https:\/\/i0.wp.com\/blogdoprosperi.com\/wp-content\/uploads\/2016\/06\/roger-guedes-domina-a-bola-durante-a-partida-entre-palmeiras-e-america-mg-1466560880372_615x300-1.jpg?resize=350%2C200&ssl=1","width":350,"height":200,"srcset":"https:\/\/i0.wp.com\/blogdoprosperi.com\/wp-content\/uploads\/2016\/06\/roger-guedes-domina-a-bola-durante-a-partida-entre-palmeiras-e-america-mg-1466560880372_615x300-1.jpg?resize=350%2C200&ssl=1 1x, https:\/\/i0.wp.com\/blogdoprosperi.com\/wp-content\/uploads\/2016\/06\/roger-guedes-domina-a-bola-durante-a-partida-entre-palmeiras-e-america-mg-1466560880372_615x300-1.jpg?resize=525%2C300&ssl=1 1.5x"},"classes":[]}],"jetpack_featured_media_url":"https:\/\/i0.wp.com\/blogdoprosperi.com\/wp-content\/uploads\/2017\/09\/pro1-7.jpg?fit=1882%2C2668&ssl=1","_links":{"self":[{"href":"https:\/\/blogdoprosperi.com\/index.php?rest_route=\/wp\/v2\/posts\/36667","targetHints":{"allow":["GET"]}}],"collection":[{"href":"https:\/\/blogdoprosperi.com\/index.php?rest_route=\/wp\/v2\/posts"}],"about":[{"href":"https:\/\/blogdoprosperi.com\/index.php?rest_route=\/wp\/v2\/types\/post"}],"author":[{"embeddable":true,"href":"https:\/\/blogdoprosperi.com\/index.php?rest_route=\/wp\/v2\/users\/102107496"}],"replies":[{"embeddable":true,"href":"https:\/\/blogdoprosperi.com\/index.php?rest_route=%2Fwp%2Fv2%2Fcomments&post=36667"}],"version-history":[{"count":8,"href":"https:\/\/blogdoprosperi.com\/index.php?rest_route=\/wp\/v2\/posts\/36667\/revisions"}],"predecessor-version":[{"id":36675,"href":"https:\/\/blogdoprosperi.com\/index.php?rest_route=\/wp\/v2\/posts\/36667\/revisions\/36675"}],"wp:featuredmedia":[{"embeddable":true,"href":"https:\/\/blogdoprosperi.com\/index.php?rest_route=\/wp\/v2\/media\/36662"}],"wp:attachment":[{"href":"https:\/\/blogdoprosperi.com\/index.php?rest_route=%2Fwp%2Fv2%2Fmedia&parent=36667"}],"wp:term":[{"taxonomy":"category","embeddable":true,"href":"https:\/\/blogdoprosperi.com\/index.php?rest_route=%2Fwp%2Fv2%2Fcategories&post=36667"},{"taxonomy":"post_tag","embeddable":true,"href":"https:\/\/blogdoprosperi.com\/index.php?rest_route=%2Fwp%2Fv2%2Ftags&post=36667"}],"curies":[{"name":"wp","href":"https:\/\/api.w.org\/{rel}","templated":true}]}}