{"id":36840,"date":"2017-10-05T12:36:19","date_gmt":"2017-10-05T15:36:19","guid":{"rendered":"http:\/\/blogdoprosperi.com\/?p=36840"},"modified":"2017-10-05T12:36:19","modified_gmt":"2017-10-05T15:36:19","slug":"imagem-do-dia-510","status":"publish","type":"post","link":"https:\/\/blogdoprosperi.com\/?p=36840","title":{"rendered":"Imagem do dia \u2013 5\/10"},"content":{"rendered":"<figure id=\"attachment_36832\" aria-describedby=\"caption-attachment-36832\" style=\"width: 1926px\" class=\"wp-caption alignnone\"><img data-recalc-dims=\"1\" loading=\"lazy\" decoding=\"async\" data-attachment-id=\"36832\" data-permalink=\"https:\/\/blogdoprosperi.com\/?attachment_id=36832\" data-orig-file=\"https:\/\/i0.wp.com\/blogdoprosperi.com\/wp-content\/uploads\/2017\/10\/nuzman-preso-ap-photo-silvia-izquierdo.jpg?fit=1926%2C1301&amp;ssl=1\" data-orig-size=\"1926,1301\" data-comments-opened=\"1\" data-image-meta=\"{&quot;aperture&quot;:&quot;3.2&quot;,&quot;credit&quot;:&quot;AP&quot;,&quot;camera&quot;:&quot;Canon EOS-1D X&quot;,&quot;caption&quot;:&quot;Carlos Nuzman, President of the Brazilian Olympic Committee, center, is escorted by federal police officers after being taken into custody at his home, in Rio de Janeiro, Brazil, Thursday, Oct. 5, 2017. The president of the Brazilian Olympic Committee was arrested amid an investigation into a vote-buying scheme to bring the Olympics to Rio de Janeiro last year. (AP Photo\/Silvia Izquierdo)&quot;,&quot;created_timestamp&quot;:&quot;1507206483&quot;,&quot;copyright&quot;:&quot;Copyright 2017 The Associated Press. All rights reserved.&quot;,&quot;focal_length&quot;:&quot;18&quot;,&quot;iso&quot;:&quot;400&quot;,&quot;shutter_speed&quot;:&quot;0.0004&quot;,&quot;title&quot;:&quot;Brazil Nuzman Arrested&quot;,&quot;orientation&quot;:&quot;1&quot;}\" data-image-title=\"Carlos Artur Nuzman preso\" data-image-description=\"&lt;p&gt;Presidente do Comit\u00ea Ol\u00edmpico Brasileiro \u00e9 preso pela PF &amp;#8211; foto: AFP&lt;\/p&gt;\n\" data-image-caption=\"&lt;p&gt;Carlos Artur Nuzman, presidente do Comit\u00ea Ol\u00edmpico do Brasil (COB), \u00e9 preso por corrup\u00e7\u00e3o pela Pol\u00edcia Federal &amp;#8211; foto: AP&lt;\/p&gt;\n\" data-large-file=\"https:\/\/i0.wp.com\/blogdoprosperi.com\/wp-content\/uploads\/2017\/10\/nuzman-preso-ap-photo-silvia-izquierdo.jpg?fit=940%2C635&amp;ssl=1\" class=\"alignnone size-full wp-image-36832\" src=\"https:\/\/i0.wp.com\/blogdoprosperi.com\/wp-content\/uploads\/2017\/10\/nuzman-preso-ap-photo-silvia-izquierdo.jpg?resize=940%2C635&#038;ssl=1\" alt=\"Nuzman \u00e9 preso pela PF\" width=\"940\" height=\"635\" \/><figcaption id=\"caption-attachment-36832\" class=\"wp-caption-text\">Carlos Artur Nuzman, presidente do Comit\u00ea Ol\u00edmpico do Brasil (COB), \u00e9 preso por corrup\u00e7\u00e3o pela Pol\u00edcia Federal &#8211; foto: AP<\/figcaption><\/figure>\n<p>Esse<em> Blog do Pr\u00f3speri<\/em> \u00e9 exclusivo de futebol, mas sempre cabe uma exce\u00e7\u00e3o. Carlos Artur Nuzman, presidente do Comit\u00ea Ol\u00edmpico do Brasil (COB) h\u00e1 d\u00e9cadas, preso pela Pol\u00edcia Federal nesta manh\u00e3 de quinta-feira, merece destaque. Sauda\u00e7\u00e3o especial \u00e0 <em>Sportlight<\/em>, ag\u00eancia de jornalismo investigativo de Lucio Castro, que havia antecipado a corrup\u00e7\u00e3o do cartola\u00e7o Nuzamn @agsportlight.<\/p>\n","protected":false},"excerpt":{"rendered":"<p>Esse Blog do Pr\u00f3speri \u00e9 exclusivo de futebol, mas sempre cabe uma exce\u00e7\u00e3o. Carlos Artur Nuzman, presidente do [&hellip;]<\/p>\n","protected":false},"author":102107496,"featured_media":0,"comment_status":"open","ping_status":"open","sticky":false,"template":"","format":"image","meta":{"_coblocks_attr":"","_coblocks_dimensions":"","_coblocks_responsive_height":"","_coblocks_accordion_ie_support":"","_jetpack_newsletter_access":"","_jetpack_dont_email_post_to_subs":false,"_jetpack_newsletter_tier_id":0,"_jetpack_memberships_contains_paywalled_content":false,"_wpcom_ai_launchpad_first_post":false,"_jetpack_feature_clip_id":0,"_jetpack_memberships_contains_paid_content":false,"footnotes":"","jetpack_publicize_message":"","jetpack_publicize_feature_enabled":true,"jetpack_social_post_already_shared":false,"jetpack_social_options":{"image_generator_settings":{"template":"highway","default_image_id":0,"font":"","enabled":false},"version":2},"jetpack_post_was_ever_published":false},"categories":[53870],"tags":[789560560],"class_list":["post-36840","post","type-post","status-publish","format-image","hentry","category-futebol","tag-futebol","post_format-post-format-image"],"yoast_head":"<!-- This site is optimized with the Yoast SEO plugin v28.3 - https:\/\/yoast.com\/product\/yoast-seo-wordpress\/ -->\n<title>Imagem do dia \u2013 5\/10 - PR\u00d3SPERI NEWS<\/title>\n<meta name=\"robots\" content=\"index, follow, max-snippet:-1, max-image-preview:large, max-video-preview:-1\" \/>\n<link rel=\"canonical\" href=\"https:\/\/blogdoprosperi.com\/?p=36840\" \/>\n<meta property=\"og:locale\" content=\"pt_BR\" \/>\n<meta property=\"og:type\" content=\"article\" \/>\n<meta property=\"og:title\" content=\"Imagem do dia \u2013 5\/10 - PR\u00d3SPERI NEWS\" \/>\n<meta property=\"og:description\" content=\"Esse Blog do Pr\u00f3speri \u00e9 exclusivo de futebol, mas sempre cabe uma exce\u00e7\u00e3o. Carlos Artur Nuzman, presidente do [&hellip;]\" \/>\n<meta property=\"og:url\" content=\"https:\/\/blogdoprosperi.com\/?p=36840\" \/>\n<meta property=\"og:site_name\" content=\"PR\u00d3SPERI NEWS\" \/>\n<meta property=\"article:publisher\" content=\"Luiz Pr\u00f3speri\" \/>\n<meta property=\"article:author\" content=\"Luiz Pr\u00f3speri\" \/>\n<meta property=\"article:published_time\" content=\"2017-10-05T15:36:19+00:00\" \/>\n<meta property=\"og:image\" content=\"https:\/\/blogdoprosperi.com\/wp-content\/uploads\/2017\/10\/nuzman-preso-ap-photo-silvia-izquierdo.jpg\" \/>\n<meta name=\"author\" content=\"Luiz Ant\u00f4nio Pr\u00f3speri\" \/>\n<meta name=\"twitter:card\" content=\"summary_large_image\" \/>\n<meta name=\"twitter:creator\" content=\"@Luizprosperi\" \/>\n<meta name=\"twitter:site\" content=\"@Luizprosperi\" \/>\n<meta name=\"twitter:label1\" content=\"Escrito por\" \/>\n\t<meta name=\"twitter:data1\" content=\"Luiz Ant\u00f4nio Pr\u00f3speri\" \/>\n<script type=\"application\/ld+json\" class=\"yoast-schema-graph\">{\"@context\":\"https:\\\/\\\/schema.org\",\"@graph\":[{\"@type\":\"Article\",\"@id\":\"https:\\\/\\\/blogdoprosperi.com\\\/?p=36840#article\",\"isPartOf\":{\"@id\":\"https:\\\/\\\/blogdoprosperi.com\\\/?p=36840\"},\"author\":{\"name\":\"Luiz Ant\u00f4nio Pr\u00f3speri\",\"@id\":\"https:\\\/\\\/blogdoprosperi.com\\\/#\\\/schema\\\/person\\\/38100755ce3601861ee4fab9b5aa78e9\"},\"headline\":\"Imagem do dia \u2013 5\\\/10\",\"datePublished\":\"2017-10-05T15:36:19+00:00\",\"mainEntityOfPage\":{\"@id\":\"https:\\\/\\\/blogdoprosperi.com\\\/?p=36840\"},\"wordCount\":94,\"commentCount\":0,\"publisher\":{\"@id\":\"https:\\\/\\\/blogdoprosperi.com\\\/#\\\/schema\\\/person\\\/38100755ce3601861ee4fab9b5aa78e9\"},\"image\":{\"@id\":\"https:\\\/\\\/blogdoprosperi.com\\\/?p=36840#primaryimage\"},\"thumbnailUrl\":\"https:\\\/\\\/blogdoprosperi.com\\\/wp-content\\\/uploads\\\/2017\\\/10\\\/nuzman-preso-ap-photo-silvia-izquierdo.jpg\",\"keywords\":[\"futebol\"],\"articleSection\":[\"futebol\"],\"inLanguage\":\"pt-BR\",\"potentialAction\":[{\"@type\":\"CommentAction\",\"name\":\"Comment\",\"target\":[\"https:\\\/\\\/blogdoprosperi.com\\\/?p=36840#respond\"]}]},{\"@type\":\"WebPage\",\"@id\":\"https:\\\/\\\/blogdoprosperi.com\\\/?p=36840\",\"url\":\"https:\\\/\\\/blogdoprosperi.com\\\/?p=36840\",\"name\":\"Imagem do dia \u2013 5\\\/10 - PR\u00d3SPERI NEWS\",\"isPartOf\":{\"@id\":\"https:\\\/\\\/blogdoprosperi.com\\\/#website\"},\"primaryImageOfPage\":{\"@id\":\"https:\\\/\\\/blogdoprosperi.com\\\/?p=36840#primaryimage\"},\"image\":{\"@id\":\"https:\\\/\\\/blogdoprosperi.com\\\/?p=36840#primaryimage\"},\"thumbnailUrl\":\"https:\\\/\\\/blogdoprosperi.com\\\/wp-content\\\/uploads\\\/2017\\\/10\\\/nuzman-preso-ap-photo-silvia-izquierdo.jpg\",\"datePublished\":\"2017-10-05T15:36:19+00:00\",\"breadcrumb\":{\"@id\":\"https:\\\/\\\/blogdoprosperi.com\\\/?p=36840#breadcrumb\"},\"inLanguage\":\"pt-BR\",\"potentialAction\":[{\"@type\":\"ReadAction\",\"target\":[\"https:\\\/\\\/blogdoprosperi.com\\\/?p=36840\"]}]},{\"@type\":\"ImageObject\",\"inLanguage\":\"pt-BR\",\"@id\":\"https:\\\/\\\/blogdoprosperi.com\\\/?p=36840#primaryimage\",\"url\":\"https:\\\/\\\/i0.wp.com\\\/blogdoprosperi.com\\\/wp-content\\\/uploads\\\/2017\\\/10\\\/nuzman-preso-ap-photo-silvia-izquierdo.jpg?fit=1926%2C1301&ssl=1\",\"contentUrl\":\"https:\\\/\\\/i0.wp.com\\\/blogdoprosperi.com\\\/wp-content\\\/uploads\\\/2017\\\/10\\\/nuzman-preso-ap-photo-silvia-izquierdo.jpg?fit=1926%2C1301&ssl=1\",\"width\":1926,\"height\":1301,\"caption\":\"Carlos Artur Nuzman, presidente do Comit\u00ea Ol\u00edmpico do Brasil (COB), \u00e9 preso por corrup\u00e7\u00e3o pela Pol\u00edcia Federal - foto: AP\"},{\"@type\":\"BreadcrumbList\",\"@id\":\"https:\\\/\\\/blogdoprosperi.com\\\/?p=36840#breadcrumb\",\"itemListElement\":[{\"@type\":\"ListItem\",\"position\":1,\"name\":\"In\u00edcio\",\"item\":\"https:\\\/\\\/blogdoprosperi.com\\\/\"},{\"@type\":\"ListItem\",\"position\":2,\"name\":\"Imagem do dia \u2013 5\\\/10\"}]},{\"@type\":\"WebSite\",\"@id\":\"https:\\\/\\\/blogdoprosperi.com\\\/#website\",\"url\":\"https:\\\/\\\/blogdoprosperi.com\\\/\",\"name\":\"PR\u00d3SPERI NEWS\",\"description\":\"TUDO \u00c9  FUTEBOL\",\"publisher\":{\"@id\":\"https:\\\/\\\/blogdoprosperi.com\\\/#\\\/schema\\\/person\\\/38100755ce3601861ee4fab9b5aa78e9\"},\"alternateName\":\"blogdoprosperi.com\",\"potentialAction\":[{\"@type\":\"SearchAction\",\"target\":{\"@type\":\"EntryPoint\",\"urlTemplate\":\"https:\\\/\\\/blogdoprosperi.com\\\/?s={search_term_string}\"},\"query-input\":{\"@type\":\"PropertyValueSpecification\",\"valueRequired\":true,\"valueName\":\"search_term_string\"}}],\"inLanguage\":\"pt-BR\"},{\"@type\":[\"Person\",\"Organization\"],\"@id\":\"https:\\\/\\\/blogdoprosperi.com\\\/#\\\/schema\\\/person\\\/38100755ce3601861ee4fab9b5aa78e9\",\"name\":\"Luiz Ant\u00f4nio Pr\u00f3speri\",\"pronouns\":\"ele\",\"image\":{\"@type\":\"ImageObject\",\"inLanguage\":\"pt-BR\",\"@id\":\"https:\\\/\\\/i0.wp.com\\\/blogdoprosperi.com\\\/wp-content\\\/uploads\\\/2026\\\/05\\\/cropped-8059e613-6002-42fa-961e-8e275f575d71-2-5.jpg?fit=1360%2C931&ssl=1\",\"url\":\"https:\\\/\\\/i0.wp.com\\\/blogdoprosperi.com\\\/wp-content\\\/uploads\\\/2026\\\/05\\\/cropped-8059e613-6002-42fa-961e-8e275f575d71-2-5.jpg?fit=1360%2C931&ssl=1\",\"contentUrl\":\"https:\\\/\\\/i0.wp.com\\\/blogdoprosperi.com\\\/wp-content\\\/uploads\\\/2026\\\/05\\\/cropped-8059e613-6002-42fa-961e-8e275f575d71-2-5.jpg?fit=1360%2C931&ssl=1\",\"width\":1360,\"height\":931,\"caption\":\"Luiz Ant\u00f4nio Pr\u00f3speri\"},\"logo\":{\"@id\":\"https:\\\/\\\/i0.wp.com\\\/blogdoprosperi.com\\\/wp-content\\\/uploads\\\/2026\\\/05\\\/cropped-8059e613-6002-42fa-961e-8e275f575d71-2-5.jpg?fit=1360%2C931&ssl=1\"},\"description\":\"Jornalista com carreira dedicada ao esporte. Cobriu 9 Copas do Mundo in loco, 1990 na It\u00e1lia, 1994 nos EUA, 1998 na Fran\u00e7a, 2002 na Coreia do Sul e Jap\u00e3o, 2006 na Alemanha, 2010 na \u00c1frica do Sul, 2014 no Brasil, 2018 na R\u00fassia e 2022 no Qatar. Eurocopas, 1992 na Su\u00e9cia e 1996 na Inglaterra. Copa das Confedera\u00e7\u00f5es de 2005 na Alemanha e 2009 na \u00c1frica do Sul. Rep\u00f3rter e Editor, trabalhou no Jornal da Tarde e Estad\u00e3o, de 1984 a fevereiro de 2016. Colunista, blogueiro. E comentarista de futebol na R\u00e1dio Estad\u00e3o, de 2013 a fevereiro de 2016. Jornalista respons\u00e1vel do \\\"Pr\u00f3speri News\\\" (blogdoprosperi.com).\",\"sameAs\":[\"http:\\\/\\\/blogdoprosperi.com\",\"Luiz Pr\u00f3speri\",\"@luiz_prosperi\",\"https:\\\/\\\/x.com\\\/Luizprosperi\",\"@prosperinacopa\",\"luiz.prosperi@icloud.com\"],\"url\":\"https:\\\/\\\/blogdoprosperi.com\\\/?author=102107496\"}]}<\/script>\n<!-- \/ Yoast SEO plugin. -->","yoast_head_json":{"title":"Imagem do dia \u2013 5\/10 - PR\u00d3SPERI NEWS","robots":{"index":"index","follow":"follow","max-snippet":"max-snippet:-1","max-image-preview":"max-image-preview:large","max-video-preview":"max-video-preview:-1"},"canonical":"https:\/\/blogdoprosperi.com\/?p=36840","og_locale":"pt_BR","og_type":"article","og_title":"Imagem do dia \u2013 5\/10 - PR\u00d3SPERI NEWS","og_description":"Esse Blog do Pr\u00f3speri \u00e9 exclusivo de futebol, mas sempre cabe uma exce\u00e7\u00e3o. Carlos Artur Nuzman, presidente do [&hellip;]","og_url":"https:\/\/blogdoprosperi.com\/?p=36840","og_site_name":"PR\u00d3SPERI NEWS","article_publisher":"Luiz Pr\u00f3speri","article_author":"Luiz Pr\u00f3speri","article_published_time":"2017-10-05T15:36:19+00:00","og_image":[{"url":"https:\/\/blogdoprosperi.com\/wp-content\/uploads\/2017\/10\/nuzman-preso-ap-photo-silvia-izquierdo.jpg","type":"","width":"","height":""}],"author":"Luiz Ant\u00f4nio Pr\u00f3speri","twitter_card":"summary_large_image","twitter_creator":"@Luizprosperi","twitter_site":"@Luizprosperi","twitter_misc":{"Escrito por":"Luiz Ant\u00f4nio Pr\u00f3speri"},"schema":{"@context":"https:\/\/schema.org","@graph":[{"@type":"Article","@id":"https:\/\/blogdoprosperi.com\/?p=36840#article","isPartOf":{"@id":"https:\/\/blogdoprosperi.com\/?p=36840"},"author":{"name":"Luiz Ant\u00f4nio Pr\u00f3speri","@id":"https:\/\/blogdoprosperi.com\/#\/schema\/person\/38100755ce3601861ee4fab9b5aa78e9"},"headline":"Imagem do dia \u2013 5\/10","datePublished":"2017-10-05T15:36:19+00:00","mainEntityOfPage":{"@id":"https:\/\/blogdoprosperi.com\/?p=36840"},"wordCount":94,"commentCount":0,"publisher":{"@id":"https:\/\/blogdoprosperi.com\/#\/schema\/person\/38100755ce3601861ee4fab9b5aa78e9"},"image":{"@id":"https:\/\/blogdoprosperi.com\/?p=36840#primaryimage"},"thumbnailUrl":"https:\/\/blogdoprosperi.com\/wp-content\/uploads\/2017\/10\/nuzman-preso-ap-photo-silvia-izquierdo.jpg","keywords":["futebol"],"articleSection":["futebol"],"inLanguage":"pt-BR","potentialAction":[{"@type":"CommentAction","name":"Comment","target":["https:\/\/blogdoprosperi.com\/?p=36840#respond"]}]},{"@type":"WebPage","@id":"https:\/\/blogdoprosperi.com\/?p=36840","url":"https:\/\/blogdoprosperi.com\/?p=36840","name":"Imagem do dia \u2013 5\/10 - PR\u00d3SPERI NEWS","isPartOf":{"@id":"https:\/\/blogdoprosperi.com\/#website"},"primaryImageOfPage":{"@id":"https:\/\/blogdoprosperi.com\/?p=36840#primaryimage"},"image":{"@id":"https:\/\/blogdoprosperi.com\/?p=36840#primaryimage"},"thumbnailUrl":"https:\/\/blogdoprosperi.com\/wp-content\/uploads\/2017\/10\/nuzman-preso-ap-photo-silvia-izquierdo.jpg","datePublished":"2017-10-05T15:36:19+00:00","breadcrumb":{"@id":"https:\/\/blogdoprosperi.com\/?p=36840#breadcrumb"},"inLanguage":"pt-BR","potentialAction":[{"@type":"ReadAction","target":["https:\/\/blogdoprosperi.com\/?p=36840"]}]},{"@type":"ImageObject","inLanguage":"pt-BR","@id":"https:\/\/blogdoprosperi.com\/?p=36840#primaryimage","url":"https:\/\/i0.wp.com\/blogdoprosperi.com\/wp-content\/uploads\/2017\/10\/nuzman-preso-ap-photo-silvia-izquierdo.jpg?fit=1926%2C1301&ssl=1","contentUrl":"https:\/\/i0.wp.com\/blogdoprosperi.com\/wp-content\/uploads\/2017\/10\/nuzman-preso-ap-photo-silvia-izquierdo.jpg?fit=1926%2C1301&ssl=1","width":1926,"height":1301,"caption":"Carlos Artur Nuzman, presidente do Comit\u00ea Ol\u00edmpico do Brasil (COB), \u00e9 preso por corrup\u00e7\u00e3o pela Pol\u00edcia Federal - foto: AP"},{"@type":"BreadcrumbList","@id":"https:\/\/blogdoprosperi.com\/?p=36840#breadcrumb","itemListElement":[{"@type":"ListItem","position":1,"name":"In\u00edcio","item":"https:\/\/blogdoprosperi.com\/"},{"@type":"ListItem","position":2,"name":"Imagem do dia \u2013 5\/10"}]},{"@type":"WebSite","@id":"https:\/\/blogdoprosperi.com\/#website","url":"https:\/\/blogdoprosperi.com\/","name":"PR\u00d3SPERI NEWS","description":"TUDO \u00c9  FUTEBOL","publisher":{"@id":"https:\/\/blogdoprosperi.com\/#\/schema\/person\/38100755ce3601861ee4fab9b5aa78e9"},"alternateName":"blogdoprosperi.com","potentialAction":[{"@type":"SearchAction","target":{"@type":"EntryPoint","urlTemplate":"https:\/\/blogdoprosperi.com\/?s={search_term_string}"},"query-input":{"@type":"PropertyValueSpecification","valueRequired":true,"valueName":"search_term_string"}}],"inLanguage":"pt-BR"},{"@type":["Person","Organization"],"@id":"https:\/\/blogdoprosperi.com\/#\/schema\/person\/38100755ce3601861ee4fab9b5aa78e9","name":"Luiz Ant\u00f4nio Pr\u00f3speri","pronouns":"ele","image":{"@type":"ImageObject","inLanguage":"pt-BR","@id":"https:\/\/i0.wp.com\/blogdoprosperi.com\/wp-content\/uploads\/2026\/05\/cropped-8059e613-6002-42fa-961e-8e275f575d71-2-5.jpg?fit=1360%2C931&ssl=1","url":"https:\/\/i0.wp.com\/blogdoprosperi.com\/wp-content\/uploads\/2026\/05\/cropped-8059e613-6002-42fa-961e-8e275f575d71-2-5.jpg?fit=1360%2C931&ssl=1","contentUrl":"https:\/\/i0.wp.com\/blogdoprosperi.com\/wp-content\/uploads\/2026\/05\/cropped-8059e613-6002-42fa-961e-8e275f575d71-2-5.jpg?fit=1360%2C931&ssl=1","width":1360,"height":931,"caption":"Luiz Ant\u00f4nio Pr\u00f3speri"},"logo":{"@id":"https:\/\/i0.wp.com\/blogdoprosperi.com\/wp-content\/uploads\/2026\/05\/cropped-8059e613-6002-42fa-961e-8e275f575d71-2-5.jpg?fit=1360%2C931&ssl=1"},"description":"Jornalista com carreira dedicada ao esporte. Cobriu 9 Copas do Mundo in loco, 1990 na It\u00e1lia, 1994 nos EUA, 1998 na Fran\u00e7a, 2002 na Coreia do Sul e Jap\u00e3o, 2006 na Alemanha, 2010 na \u00c1frica do Sul, 2014 no Brasil, 2018 na R\u00fassia e 2022 no Qatar. Eurocopas, 1992 na Su\u00e9cia e 1996 na Inglaterra. Copa das Confedera\u00e7\u00f5es de 2005 na Alemanha e 2009 na \u00c1frica do Sul. Rep\u00f3rter e Editor, trabalhou no Jornal da Tarde e Estad\u00e3o, de 1984 a fevereiro de 2016. Colunista, blogueiro. E comentarista de futebol na R\u00e1dio Estad\u00e3o, de 2013 a fevereiro de 2016. Jornalista respons\u00e1vel do \"Pr\u00f3speri News\" (blogdoprosperi.com).","sameAs":["http:\/\/blogdoprosperi.com","Luiz Pr\u00f3speri","@luiz_prosperi","https:\/\/x.com\/Luizprosperi","@prosperinacopa","luiz.prosperi@icloud.com"],"url":"https:\/\/blogdoprosperi.com\/?author=102107496"}]}},"jetpack_publicize_connections":[],"jetpack_likes_enabled":false,"jetpack_sharing_enabled":true,"jetpack_shortlink":"https:\/\/wp.me\/p7jvdk-9Ac","jetpack-related-posts":[{"id":35266,"url":"https:\/\/blogdoprosperi.com\/?p=35266","url_meta":{"origin":36840,"position":0},"title":"CBF manobra e tira poder dos clubes","author":"Luiz Ant\u00f4nio Pr\u00f3speri","date":"24 de mar\u00e7o de 2017","format":false,"excerpt":"Clubes brasileiros perderam o pouco poder que tinham nas decis\u00f5es da CBF. Perderam por omiss\u00e3o. Sem a participa\u00e7\u00e3o dos 20 clubes da S\u00e9rie A e com a presen\u00e7a apenas dos presidentes das 27 federa\u00e7\u00f5es estaduais, a entidade presidida por Marco Polo Del Nero mudou seus estatutos e alterou a composi\u00e7\u00e3o\u2026","rel":"","context":"Em &quot;futebol&quot;","block_context":{"text":"futebol","link":"https:\/\/blogdoprosperi.com\/?cat=53870"},"img":{"alt_text":"2015052906003-jpg-gu227kjcd-1","src":"https:\/\/i0.wp.com\/www.chuteirafc.com.br\/wp-content\/uploads\/2017\/03\/2015052906003.jpg-GU227KJCD.1.jpg?resize=350%2C200","width":350,"height":200,"srcset":"https:\/\/i0.wp.com\/www.chuteirafc.com.br\/wp-content\/uploads\/2017\/03\/2015052906003.jpg-GU227KJCD.1.jpg?resize=350%2C200 1x, https:\/\/i0.wp.com\/www.chuteirafc.com.br\/wp-content\/uploads\/2017\/03\/2015052906003.jpg-GU227KJCD.1.jpg?resize=525%2C300 1.5x"},"classes":[]},{"id":35890,"url":"https:\/\/blogdoprosperi.com\/?p=35890","url_meta":{"origin":36840,"position":1},"title":"CBF se omite e Palmeiras \u00e9 castigado pela Conmebol na Copa Libertadores","author":"Luiz Ant\u00f4nio Pr\u00f3speri","date":"20 de maio de 2017","format":false,"excerpt":"CBF n\u00e3o defendeu o Palmeiras no Comit\u00ea Disciplinar da Confedera\u00e7\u00e3o Sul-Americana de Futebol (Conmebol) e o clube paulista sofreu uma puni\u00e7\u00e3o mais pesada que o Pe\u00f1arol nos incidentes da batalha campal em Montevid\u00e9u. A senten\u00e7a determina que o Palmeiras n\u00e3o poder\u00e1 contar com seus torcedores em tr\u00eas jogos como visitante\u2026","rel":"","context":"Em &quot;Copa Libertadores&quot;","block_context":{"text":"Copa Libertadores","link":"https:\/\/blogdoprosperi.com\/?cat=270704"},"img":{"alt_text":"","src":"https:\/\/i0.wp.com\/blogdoprosperi.com\/wp-content\/uploads\/2017\/05\/pelea-penarol-palmeiras-copa-libertadores-sf-reuters-3-copia.jpg?fit=1200%2C851&ssl=1&resize=350%2C200","width":350,"height":200,"srcset":"https:\/\/i0.wp.com\/blogdoprosperi.com\/wp-content\/uploads\/2017\/05\/pelea-penarol-palmeiras-copa-libertadores-sf-reuters-3-copia.jpg?fit=1200%2C851&ssl=1&resize=350%2C200 1x, https:\/\/i0.wp.com\/blogdoprosperi.com\/wp-content\/uploads\/2017\/05\/pelea-penarol-palmeiras-copa-libertadores-sf-reuters-3-copia.jpg?fit=1200%2C851&ssl=1&resize=525%2C300 1.5x, https:\/\/i0.wp.com\/blogdoprosperi.com\/wp-content\/uploads\/2017\/05\/pelea-penarol-palmeiras-copa-libertadores-sf-reuters-3-copia.jpg?fit=1200%2C851&ssl=1&resize=700%2C400 2x, https:\/\/i0.wp.com\/blogdoprosperi.com\/wp-content\/uploads\/2017\/05\/pelea-penarol-palmeiras-copa-libertadores-sf-reuters-3-copia.jpg?fit=1200%2C851&ssl=1&resize=1050%2C600 3x"},"classes":[]},{"id":35955,"url":"https:\/\/blogdoprosperi.com\/?p=35955","url_meta":{"origin":36840,"position":2},"title":"Justi\u00e7a n\u00e3o perdoa celebridades do futebol na Espanha, no Brasil&#8230;","author":"Luiz Ant\u00f4nio Pr\u00f3speri","date":"29 de maio de 2017","format":false,"excerpt":"Sandro Rosell, ex-presidente do Barcelona e ex-diretor da Nike em neg\u00f3cios com a CBF, est\u00e1 preso em Madri desde ter\u00e7a-feira (23\/5) acusado de lavagem de dinheiro. Lionel Messi, sim, o craque dos craques do Bar\u00e7a, e seu pai foram condenados a 21 meses de pris\u00e3o por causa de tr\u00eas crimes\u2026","rel":"","context":"Em &quot;futebol&quot;","block_context":{"text":"futebol","link":"https:\/\/blogdoprosperi.com\/?cat=53870"},"img":{"alt_text":"","src":"https:\/\/i0.wp.com\/blogdoprosperi.com\/wp-content\/uploads\/2017\/05\/lionel-messi-deixa-tribunal-apos-ser-interrogado-sobre-fraude-fiscal-1464875036902_1920x1367.jpg?fit=1200%2C854&ssl=1&resize=350%2C200","width":350,"height":200,"srcset":"https:\/\/i0.wp.com\/blogdoprosperi.com\/wp-content\/uploads\/2017\/05\/lionel-messi-deixa-tribunal-apos-ser-interrogado-sobre-fraude-fiscal-1464875036902_1920x1367.jpg?fit=1200%2C854&ssl=1&resize=350%2C200 1x, https:\/\/i0.wp.com\/blogdoprosperi.com\/wp-content\/uploads\/2017\/05\/lionel-messi-deixa-tribunal-apos-ser-interrogado-sobre-fraude-fiscal-1464875036902_1920x1367.jpg?fit=1200%2C854&ssl=1&resize=525%2C300 1.5x, https:\/\/i0.wp.com\/blogdoprosperi.com\/wp-content\/uploads\/2017\/05\/lionel-messi-deixa-tribunal-apos-ser-interrogado-sobre-fraude-fiscal-1464875036902_1920x1367.jpg?fit=1200%2C854&ssl=1&resize=700%2C400 2x, https:\/\/i0.wp.com\/blogdoprosperi.com\/wp-content\/uploads\/2017\/05\/lionel-messi-deixa-tribunal-apos-ser-interrogado-sobre-fraude-fiscal-1464875036902_1920x1367.jpg?fit=1200%2C854&ssl=1&resize=1050%2C600 3x"},"classes":[]},{"id":37269,"url":"https:\/\/blogdoprosperi.com\/?p=37269","url_meta":{"origin":36840,"position":3},"title":"O rei, o presidente e a Globo","author":"Luiz Ant\u00f4nio Pr\u00f3speri","date":"20 de novembro de 2017","format":false,"excerpt":"Julgamento de Jos\u00e9 Maria Marin, ex-presidente da CBF, e mais dois dirigentes do futebol sul-americano na Corte do Brooklyn, em Nova York, no caso de corrup\u00e7\u00e3o no futebol, o Fifa-gate, exp\u00f4s as v\u00edsceras do poder do futebol brasileiro e seu tent\u00e1culos, nesta primeira semana de depoimentos perante \u00e0 ju\u00edza Pamela\u2026","rel":"","context":"Em &quot;futebol&quot;","block_context":{"text":"futebol","link":"https:\/\/blogdoprosperi.com\/?cat=53870"},"img":{"alt_text":"","src":"https:\/\/i0.wp.com\/blogdoprosperi.com\/wp-content\/uploads\/2016\/08\/joao-havelange-esq-e-ricardo-teixeira-olham-para-copa-do-mundo-1319639845195_615x300.jpg?fit=615%2C300&ssl=1&resize=350%2C200","width":350,"height":200,"srcset":"https:\/\/i0.wp.com\/blogdoprosperi.com\/wp-content\/uploads\/2016\/08\/joao-havelange-esq-e-ricardo-teixeira-olham-para-copa-do-mundo-1319639845195_615x300.jpg?fit=615%2C300&ssl=1&resize=350%2C200 1x, https:\/\/i0.wp.com\/blogdoprosperi.com\/wp-content\/uploads\/2016\/08\/joao-havelange-esq-e-ricardo-teixeira-olham-para-copa-do-mundo-1319639845195_615x300.jpg?fit=615%2C300&ssl=1&resize=525%2C300 1.5x"},"classes":[]},{"id":8315,"url":"https:\/\/blogdoprosperi.com\/?p=8315","url_meta":{"origin":36840,"position":4},"title":"Come\u00e7a a Copa Am\u00e9rica dos craques e das propinas","author":"Luiz Ant\u00f4nio Pr\u00f3speri","date":"3 de junho de 2016","format":false,"excerpt":"\u00a0 Estados Unidos e Col\u00f4mbia abrem nesta sexta-feira, \u00e0s 23h (de Bras\u00edlia), a Copa Am\u00e9rica Centen\u00e1rio, torneio marcado por um fabuloso esc\u00e2ndalo de corrup\u00e7\u00e3o que levou \u00e0 pris\u00e3o a maioria dos dirigentes sul-americanos e agentes de marketing. Entre eles, Jos\u00e9 Maria Marin, ex-presidente da CBF (2012 a 2015), preso em\u2026","rel":"","context":"Em &quot;futebol&quot;","block_context":{"text":"futebol","link":"https:\/\/blogdoprosperi.com\/?cat=53870"},"img":{"alt_text":"","src":"https:\/\/i0.wp.com\/blogdoprosperi.com\/wp-content\/uploads\/2016\/06\/3f6u5e5j5u_8y18v5vbzg_file.jpg?resize=350%2C200&ssl=1","width":350,"height":200,"srcset":"https:\/\/i0.wp.com\/blogdoprosperi.com\/wp-content\/uploads\/2016\/06\/3f6u5e5j5u_8y18v5vbzg_file.jpg?resize=350%2C200&ssl=1 1x, https:\/\/i0.wp.com\/blogdoprosperi.com\/wp-content\/uploads\/2016\/06\/3f6u5e5j5u_8y18v5vbzg_file.jpg?resize=525%2C300&ssl=1 1.5x, https:\/\/i0.wp.com\/blogdoprosperi.com\/wp-content\/uploads\/2016\/06\/3f6u5e5j5u_8y18v5vbzg_file.jpg?resize=700%2C400&ssl=1 2x"},"classes":[]},{"id":40354,"url":"https:\/\/blogdoprosperi.com\/?p=40354","url_meta":{"origin":36840,"position":5},"title":"Presidente da CBF, homenageado pela Fifa, promete transpar\u00eancia e luta contra racismo","author":"Luiz Ant\u00f4nio Pr\u00f3speri","date":"8 de dezembro de 2022","format":false,"excerpt":"Ednaldo Rodrigues est\u00e1 disposto a mudar imagem da CBF. Promete transpar\u00eancia total e luta contra racismo no futebol brasileiro.","rel":"","context":"Em &quot;copa do mundo catar 2022&quot;","block_context":{"text":"copa do mundo catar 2022","link":"https:\/\/blogdoprosperi.com\/?cat=301049609"},"img":{"alt_text":"","src":"https:\/\/i0.wp.com\/blogdoprosperi.com\/wp-content\/uploads\/2022\/12\/52550499746_3895611725_c.jpg?fit=800%2C543&ssl=1&resize=350%2C200","width":350,"height":200,"srcset":"https:\/\/i0.wp.com\/blogdoprosperi.com\/wp-content\/uploads\/2022\/12\/52550499746_3895611725_c.jpg?fit=800%2C543&ssl=1&resize=350%2C200 1x, https:\/\/i0.wp.com\/blogdoprosperi.com\/wp-content\/uploads\/2022\/12\/52550499746_3895611725_c.jpg?fit=800%2C543&ssl=1&resize=525%2C300 1.5x, https:\/\/i0.wp.com\/blogdoprosperi.com\/wp-content\/uploads\/2022\/12\/52550499746_3895611725_c.jpg?fit=800%2C543&ssl=1&resize=700%2C400 2x"},"classes":[]}],"jetpack_featured_media_url":"","_links":{"self":[{"href":"https:\/\/blogdoprosperi.com\/index.php?rest_route=\/wp\/v2\/posts\/36840","targetHints":{"allow":["GET"]}}],"collection":[{"href":"https:\/\/blogdoprosperi.com\/index.php?rest_route=\/wp\/v2\/posts"}],"about":[{"href":"https:\/\/blogdoprosperi.com\/index.php?rest_route=\/wp\/v2\/types\/post"}],"author":[{"embeddable":true,"href":"https:\/\/blogdoprosperi.com\/index.php?rest_route=\/wp\/v2\/users\/102107496"}],"replies":[{"embeddable":true,"href":"https:\/\/blogdoprosperi.com\/index.php?rest_route=%2Fwp%2Fv2%2Fcomments&post=36840"}],"version-history":[{"count":1,"href":"https:\/\/blogdoprosperi.com\/index.php?rest_route=\/wp\/v2\/posts\/36840\/revisions"}],"predecessor-version":[{"id":36841,"href":"https:\/\/blogdoprosperi.com\/index.php?rest_route=\/wp\/v2\/posts\/36840\/revisions\/36841"}],"wp:attachment":[{"href":"https:\/\/blogdoprosperi.com\/index.php?rest_route=%2Fwp%2Fv2%2Fmedia&parent=36840"}],"wp:term":[{"taxonomy":"category","embeddable":true,"href":"https:\/\/blogdoprosperi.com\/index.php?rest_route=%2Fwp%2Fv2%2Fcategories&post=36840"},{"taxonomy":"post_tag","embeddable":true,"href":"https:\/\/blogdoprosperi.com\/index.php?rest_route=%2Fwp%2Fv2%2Ftags&post=36840"}],"curies":[{"name":"wp","href":"https:\/\/api.w.org\/{rel}","templated":true}]}}