{"id":36842,"date":"2017-10-05T15:38:37","date_gmt":"2017-10-05T18:38:37","guid":{"rendered":"http:\/\/blogdoprosperi.com\/?p=36842"},"modified":"2017-10-05T15:38:37","modified_gmt":"2017-10-05T18:38:37","slug":"cuca-diz-que-nao-sai-do-palmeiras-mano-nao-sabe-se-fica-no-cruzeiro-mercado-de-treinadores-em-ebulicao","status":"publish","type":"post","link":"https:\/\/blogdoprosperi.com\/?p=36842","title":{"rendered":"Cuca diz que n\u00e3o sai do Palmeiras, Mano n\u00e3o sabe se fica no Cruzeiro, mercado de treinadores em ebuli\u00e7\u00e3o"},"content":{"rendered":"<p>Cuca disse em entrevista coletiva nesta quarta-feira (04\/10) que sua sa\u00edda do Palmeiras no fim do ano \u00e9 especula\u00e7\u00e3o. Alexandre Kalil, ex-presidente do Atl\u00e9tico-MG e atual prefeito de Belo Horizonte, n\u00e3o se furta a elogiar Cuca, com quem trabalhou na conquista da Libertadores de 2013. Refor\u00e7ou sua admira\u00e7\u00e3o ao t\u00e9cnico na entrevista \u00e0 ESPN nesta ter\u00e7a-feira.<\/p>\n<p><!--more--><\/p>\n<p>Mano Menezes, campe\u00e3o da Copa do Brasil semana passada no Cruzeiro, tem futuro incerto no clube mineiro com a elei\u00e7\u00e3o do presidente Wagner Pires de S\u00e1 na segunda-feira (02\/10). Contrato do t\u00e9cnico vence em dezembro. E a sa\u00edda do vice-presidente de futebol Bruno Vicintin, anunciada na ter\u00e7a-feira, pode abreviar a passagem de Mano no clube mineiro. Vicintin foi o\u00a0respons\u00e1vel pela contrata\u00e7\u00e3o de Mano ano passado.<\/p>\n<p>A situa\u00e7\u00e3o de Cuca e de Mano Menezes faz parte do movimento que toma conta do futebol brasileiro neste m\u00eas de outubro, quando os clubes come\u00e7am a projetar a pr\u00f3xima temporada e a especular com mais intensidade. Como o mercado de treinadores \u00e9 vol\u00e1til, n\u00e3o se pode bancar a perman\u00eancia de nenhum dos t\u00e9cnicos para 2018. Nem mesmo aqueles est\u00e1veis, como Fabio Carille, que acaba de renovar contrato com o<strong> <a href=\"http:\/\/chuteirafc.cartacapital.com.br\/brasileirao-2017-aumenta-pressao-na-arbitragem-acusada-de-favorecer-o-corinthians\/\">Corinthians.<\/a><\/strong><\/p>\n<p>A maioria dos clubes da S\u00e9rie A passa por elei\u00e7\u00f5es at\u00e9 o fim dessa temporada. E mudan\u00e7as no poder costumam provocar trocas no comando do futebol. No BrasileirNao 2017, em 26 rodadas, tivemos 20 trocas de treinadores. A \u00faltima foi a demiss\u00e3o de Preto Casagrande, do Bahia.<\/p>\n<p><em>Veja a posi\u00e7\u00e3o dos t\u00e9cnicos nos clubes hoje e o que se pode esperar para o in\u00edcio da temporada 2018, segundo levantamento do\u00a0<strong>Chuteira FC<\/strong>:<\/em><\/p>\n<p><strong>Cuca-Palmeiras<\/strong><\/p>\n<p>\u201cMe perguntaram l\u00e1 porque o Levir (<em>Culpi, t\u00e9cnico do Santos<\/em>) falou que n\u00e3o tem como planejar 2018 antes de acabar 2017. Eu respondi que futebol \u00e9 movido a resultado e que, no final do ano, como qualquer treinador, voc\u00ea senta e conversa com o presidente. Assim \u00e9 o que eu penso do futebol. Atl\u00e9tico-MG ?\u00a0\u00c9 boato, nada que n\u00e3o seja especula\u00e7\u00e3o. Pretendo cumprir meu contrato e fazer o melhor que eu posso no Palmeiras. N\u00e3o preciso ficar falando o que sinto pelo Palmeiras, todos sabem. <strong><a href=\"http:\/\/chuteirafc.cartacapital.com.br\/palmeiras-lista-reforcos-mattos\/\">Quero montar meu time<\/a><\/strong>\u201c, disse Cuca nesta ter\u00e7a-feira (04\/10).<\/p>\n<p>Cuca fala em dar continuidade ao seu trabalho. Tem respaldo do presidente Mauricio Galiotte e da patrocinadora Crefisa. No clube h\u00e1 muitos partid\u00e1rios da contrata\u00e7\u00e3o de Mano Menezes e at\u00e9 da volta de Vanderlei Luxemburgo, vitorioso no Palestra no in\u00edcio dos anos de 1990. Futuro de Cuca tamb\u00e9m passa pela classifica\u00e7\u00e3o do Palmeiras \u00e0 Libertadores 2018.<\/p>\n<p><img data-recalc-dims=\"1\" loading=\"lazy\" decoding=\"async\" class=\" wp-image-15025     lazyloaded\" src=\"https:\/\/i0.wp.com\/cdn01.chuteirafc.cartacapital.com.br\/wp-content\/uploads\/2017\/09\/07142900\/dorival-junior.jpg?resize=940%2C539\" alt=\"Dorival J\u00fanior no comando do S\u00e3o Paulo\" width=\"940\" height=\"539\" \/><\/p>\n<p><strong>Dorival J\u00fanior-S\u00e3o Paulo<\/strong><\/p>\n<p>Se o time escapar do rebaixamento, a perman\u00eancia de Dorival \u00e9 certa. A palavra \u00e9 do<strong> <a href=\"http:\/\/chuteirafc.cartacapital.com.br\/leco-sao-paulo-nao-vai-cair-clube-sem-dividas\/\">presidente Carlos Augusto de Barros e Silva, o Leco, em entrevista exclusiva <\/a><\/strong>a esse <strong>Chuteira FC<\/strong> antes do cl\u00e1ssico contra o Corinthians. No caso de o S\u00e3o Paulo cair para a S\u00e9rie B, Dorival n\u00e3o deve renovar contrato. Dirigente argumenta que o planejamento ap\u00f3s uma eventual queda poder\u00e1 sofrer mudan\u00e7as radicais no clube.<\/p>\n<p><strong>Fabio Carille-Corinthians<\/strong><\/p>\n<p>Carille renovou contrato com o Corinthians at\u00e9 o fim de 2019, com op\u00e7\u00e3o de estender por mais um ano (2020). Surfando na excelente campanha no Brasileir\u00e3o 2017 e mais a conquista do Paulist\u00e3o, o treinador pode ter vida longa no clube. A decis\u00e3o de renovar o acordo com Carille partiu do presidente Roberto Andrade, que tem mandato at\u00e9 fevereiro de 2018. Um novo presidente eleito, em oposi\u00e7\u00e3o a Andrade, pode rever o contrato do t\u00e9cnico e trocar por um de sua prefer\u00eancia.<\/p>\n<p><strong>Levir Culpi-Santos<\/strong><\/p>\n<p>Levir tem contrato at\u00e9 o final do ano (<em>de 201<\/em>7). Vamos ver, conversar se vamos continuar ou n\u00e3o. Existe um planejamento como todos os anos fazemos. <strong><a href=\"http:\/\/chuteirafc.cartacapital.com.br\/libertadores-analise-o-santos-caiu-por-falta-de-futebol-na-vila-e-o-gremio-acabou-com-aventura-do-botafogo\/\">Independentemente de o Santos n\u00e3o ter sido campe\u00e3o da Libertadores <\/a><\/strong>(<em>eliminado nas quartas de final pelo Barcelona de Guayaquil<\/em>), o planejamento para 2018 precisa existir. N\u00e3o d\u00e1 para esperar a defini\u00e7\u00e3o do dia 9 de dezembro para fazer o planejamento\u201d, disse o presidente do Santos, Modesto Roma Jr.<\/p>\n<p>A data 9 de dezembro a que Modesto se referiu \u00e9 o dia previsto para as elei\u00e7\u00f5es no clube. Ele tenta a reelei\u00e7\u00e3o e deve disputar com mais dois candidatos, os empres\u00e1rios Jos\u00e9 Carlos Peres e Andres Rueda. Se Levir renovar contrato antes do pleito e se depois Modesto Roma for derrotado nas urnas, futuro do treinador passa a ser incerto na Vila.<\/p>\n<p><img data-recalc-dims=\"1\" loading=\"lazy\" decoding=\"async\" class=\" wp-image-10171     lazyloaded\" src=\"https:\/\/i0.wp.com\/cdn01.chuteirafc.cartacapital.com.br\/wp-content\/uploads\/2017\/06\/24170436\/4198776130-cruzeiro-de-mano-menezes-ocupa-17-posicao-do-brasileirao-com-30-pontos.jpg?resize=940%2C627\" alt=\"\" width=\"940\" height=\"627\" \/><\/p>\n<p><strong>Mano Menezes-Cruzeiro<\/strong><\/p>\n<p>T\u00edtulo da Copa do Brasil fortaleceu Mano no Cruzeiro. O problema \u00e9 que menos de uma semana depois da conquista, aconteceu a elei\u00e7\u00e3o no clube com a vit\u00f3ria do candidato da situa\u00e7\u00e3o, Wagner Pires de S\u00e1, apoiado pelo atual presidente Gilvan de Pinho Tavares. No dia seguinte \u00e0 vit\u00f3ria de Wagner, Bruno Vicintin, vice-presidente de futebol, deixou o clube, assim como o ex-jogador Tinga, gerente de futebol, e outros assessores. A sa\u00edda desses dirigentes, que foram<strong> <a href=\"http:\/\/chuteirafc.cartacapital.com.br\/copa-do-brasil-2017-diego-erra-penalti-e-cruzeiro-e-pentacampeao\/\">fundamentais na perman\u00eancia de Mano<\/a><\/strong>, deixa futuro do treinador em aberto. Contrato de Mano Menezes vence no fim dessa temporada de 2017.<\/p>\n<p><strong>Oswaldo-Oliveira-Atl\u00e9tico-MG<\/strong><\/p>\n<p>Contratado h\u00e1 pouco mais de dez dias, Oswaldo assinou com o Atl\u00e9tico at\u00e9 junho de 2018. Sua continuidade no comando depende dos resultados que conseguir no Brasileir\u00e3o 2017. A seu favor, a troca de presidentes. Saiu Daniel Nepomuceno e entrou\u00a0S\u00e9rgio Sette C\u00e2mara. Nepomuceno desistiu de concorrer \u00e0 reelei\u00e7\u00e3o e abriu espa\u00e7o para Sette C\u00e2mara vencer o pleito. O novo presidente \u00e9 do grupo de Alexandre Kalil, que est\u00e1 no poder no Galo h\u00e1 quase uma d\u00e9cada. No seu mandato, Nepomuceno trocou sete treinadores: Paulo Autuori, Levir Culpi, Diego Aguirre, Marcelo Oliveira, Roger Machado, Rogerio Micale e agora contratou Oswaldo Oliveira. Se n\u00e3o levar o Atl\u00e9tico \u00e0 Libertadores 2018, Oswaldo pode deixar o Galo. E cresce a especula\u00e7\u00e3o para o retorno de Cuca, com aval de Kalil.<\/p>\n<p><strong>Reinaldo Rueda-Flamengo<\/strong><\/p>\n<p>Treinador colombiano substituiu Z\u00e9 Ricardo h\u00e1 dois meses no<strong> <a href=\"http:\/\/chuteirafc.cartacapital.com.br\/flamengo-bandeira-diretor-comediante-monopolio-piadas\/\">Flamengo. <\/a><\/strong>Sua miss\u00e3o era conquistar a Copa do Brasil e garantir vaga na Libertadores 2018. A primeira tarefa furou. Sua perman\u00eancia no clube vai depender da classifica\u00e7\u00e3o final no Brasileir\u00e3o e tamb\u00e9m do eventual t\u00edtulo da Copa Sul-Americana. Se fracassar nessas duas competi\u00e7\u00f5es, Rueda corre risco de n\u00e3o emplacar na pr\u00f3xima temporada.<\/p>\n<p><img data-recalc-dims=\"1\" loading=\"lazy\" decoding=\"async\" class=\" wp-image-13585     lazyloaded\" src=\"https:\/\/i0.wp.com\/cdn01.chuteirafc.cartacapital.com.br\/wp-content\/uploads\/2017\/08\/14165400\/reinaldo-rueda-flamengo_manchete.jpg?resize=940%2C489\" alt=\"Rueda no Flamengo\" width=\"940\" height=\"489\" \/><\/p>\n<p><strong>Jair Ventura-Botafogo<\/strong><\/p>\n<p>\u00c9 outro que aguarda as elei\u00e7\u00f5es \u2013 dia 25 de novembro \u2013 no clube para saber de seu destino. Jair Ventura tem contrato com o Botafogo at\u00e9 o fim de 2018. Eleito t\u00e9cnico-revela\u00e7\u00e3o em 2016, se consolidou no comando do time carioca com excelente campanha na Libertadores 2017 e Copa do Brasil. Tem a prefer\u00eancia do atual presidente Carlos Eduardo Pereira, que est\u00e1 de sa\u00edda, mas \u00e9 candidato a vice na chapa de Nelson Mufarrej, candidato da situa\u00e7\u00e3o. A oposi\u00e7\u00e3o ter\u00e1 Marcelo Guimar\u00e3es, presidente do Conselho Deliberativo, e Mauro Sodr\u00e9. Se a oposi\u00e7\u00e3o vencer, Ventura pode perder apoio. A favor de Jair Ventura \u00e9 sua alta cota\u00e7\u00e3o no mercado. N\u00e3o ser\u00e1 surpresa se receber proposta para deixar o Botafogo em 2018.<\/p>\n<p><strong>Abel Braga-Fluminense<\/strong><\/p>\n<p>Sem dinheiro e em vi\u00e9s de baixa no Brasileir\u00e3o, Fluminense n\u00e3o sustenta ningu\u00e9m no clube. Abel Braga goza de prest\u00edgio no comando do clube, que j\u00e1 passou por elei\u00e7\u00f5es neste ano. Treinador vai ganhar ainda um refor\u00e7o de peso: Carlos Alberto Parreira, na fun\u00e7\u00e3o de gerente de futebol do Fluminense. Abel Braga s\u00f3 deixa o Fluminense se quiser.<\/p>\n<p><strong>Z\u00e9 Ricardo-Vasco<\/strong><\/p>\n<p>Mais um clube com processo eleitoral em andamento. Novo presidente ser\u00e1 conhecido dia 7 de novembro. Eurico Miranda \u00e9 candidato \u00e0 reelei\u00e7\u00e3o e a chapa de oposi\u00e7\u00e3o ter\u00e1 dois de seus aliados: Fernando Horta, presidente da escola de samba Unidos da Tijuca, e Otto Carvalho. Os dois t\u00eam cargos importantes no clube e, nos bastidores, seriam a continuidade da pol\u00edtica de Eurico Miranda. Z\u00e9 Ricardo, contratado h\u00e1 pouco mais de um m\u00eas, tem contrato at\u00e9 o fim de 2018. Se o Vasco se sustentar pelo menos numa posi\u00e7\u00e3o intermedi\u00e1ria no Brasileir\u00e3o 2017, sem risco de rebaixamento, Z\u00e9 Ricardo poder\u00e1 planejar a temporada 2018 sem problemas. O que falta \u00e9 dinheiro no Vasco para pensar grande.<\/p>\n<p><img data-recalc-dims=\"1\" loading=\"lazy\" decoding=\"async\" class=\" wp-image-12483     lazyloaded\" src=\"https:\/\/i0.wp.com\/cdn01.chuteirafc.cartacapital.com.br\/wp-content\/uploads\/2017\/07\/26145352\/flamengo-sport-andur-6.jpg?resize=565%2C357\" alt=\"Luxemburgo no Sport\" width=\"565\" height=\"357\" \/><\/p>\n<p><strong>Vanderlei Luxemburgo-Sport<\/strong><\/p>\n<p>Depois da crise com a goleada por 5 a 0 para o Gr\u00eamio, Sport renovou contrato com Luxemburgo at\u00e9 o fim de 2018 e deu carta branca ao treinador para planejar o time para a pr\u00f3xima temporada. O problema \u00e9 que o time come\u00e7ou a despencar no Brasileir\u00e3o 2017 e j\u00e1 est\u00e1 na zona de rebaixamento. Se Luxemburgo n\u00e3o tirar o Sport dessa encrenca, n\u00e3o h\u00e1 m\u00ednima certeza de sua perman\u00eancia no clube at\u00e9 mesmo neste campeonato.<\/p>\n<p><strong>Renato Ga\u00facho-Gr\u00eamio<\/strong><\/p>\n<p>N\u00e3o corre nenhum risco, mesmo se o <strong><a href=\"http:\/\/chuteirafc.cartacapital.com.br\/brasileirao-2017-analise-26a-rodada-sao-paulo-salvo-nas-maos-de-sidao-santos-e-gremio-obrigam-corinthians-a-se-cocar\/\">Gr\u00eamio n\u00e3o conquistar a Copa Libertadores 2017<\/a><\/strong>. Treinador tem prest\u00edgio no clube. Na sua volta, ano passado, levantou a Copa do Brasil. Agora est\u00e1 nas semifinais da Libertadores e na terceira coloca\u00e7\u00e3o do Brasileir\u00e3o. Renato Ga\u00facho s\u00f3 sai se quiser.<\/p>\n<p><strong>Guto Ferreira-Internacional<\/strong><\/p>\n<p>Na longa travessia da S\u00e9rie B, Guto Ferreira teve sua cabe\u00e7a servida na bandeja. Conseguiu se sobreviver quando o time engatou boa sequ\u00eancia de vit\u00f3rias e assumiu a lideran\u00e7a do campeonato. Mesmo assim, seu trabalho n\u00e3o \u00e9 uma unanimidade no clube. Sua presen\u00e7a no comando do Inter na S\u00e9rie A em 2018 \u00e9 uma incerteza.<\/p>\n<figure id=\"attachment_35616\" aria-describedby=\"caption-attachment-35616\" style=\"width: 690px\" class=\"wp-caption alignnone\"><img data-recalc-dims=\"1\" loading=\"lazy\" decoding=\"async\" data-attachment-id=\"35616\" data-permalink=\"https:\/\/blogdoprosperi.com\/?attachment_id=35616\" data-orig-file=\"https:\/\/i0.wp.com\/blogdoprosperi.com\/wp-content\/uploads\/2017\/04\/a3363f115083_8numj4t.jpg?fit=690%2C370&amp;ssl=1\" data-orig-size=\"690,370\" data-comments-opened=\"1\" data-image-meta=\"{&quot;aperture&quot;:&quot;0&quot;,&quot;credit&quot;:&quot;&quot;,&quot;camera&quot;:&quot;&quot;,&quot;caption&quot;:&quot;&quot;,&quot;created_timestamp&quot;:&quot;0&quot;,&quot;copyright&quot;:&quot;&quot;,&quot;focal_length&quot;:&quot;0&quot;,&quot;iso&quot;:&quot;0&quot;,&quot;shutter_speed&quot;:&quot;0&quot;,&quot;title&quot;:&quot;&quot;,&quot;orientation&quot;:&quot;0&quot;}\" data-image-title=\"Fabio Carille tranquilo no Corinthians\" data-image-description=\"&lt;p&gt;Fabio Carille n\u00e3o corre riscos no Corinthians&lt;\/p&gt;\n\" data-image-caption=\"&lt;p&gt;Treinador mais seguro na S\u00e9rie A \u00e9 Fabio Carille, do Corinthians&lt;\/p&gt;\n\" data-large-file=\"https:\/\/i0.wp.com\/blogdoprosperi.com\/wp-content\/uploads\/2017\/04\/a3363f115083_8numj4t.jpg?fit=690%2C370&amp;ssl=1\" class=\"alignnone size-full wp-image-35616\" src=\"https:\/\/i0.wp.com\/blogdoprosperi.com\/wp-content\/uploads\/2017\/04\/a3363f115083_8numj4t.jpg?resize=690%2C370&#038;ssl=1\" alt=\"Carille sem problemas no Corinthians\" width=\"690\" height=\"370\" \/><figcaption id=\"caption-attachment-35616\" class=\"wp-caption-text\">Treinador mais seguro na S\u00e9rie A \u00e9 Fabio Carille do Corinthians<\/figcaption><\/figure>\n<p><strong>Vagner Mancini-Vit\u00f3ria<\/strong><\/p>\n<p>Ao ser despedido da Chapecoense de forma surpreendente, Vagner Mancini foi resgatado pelo Vit\u00f3ria. Em pouco tempo, o treinador deu vida nova no time e com boas vit\u00f3rias fora de casa, deu sinais de que pode salvar o clube do rebaixamento. Se o Vit\u00f3ria sobreviver na S\u00e9rie A, Mancini deve ficar para a temporada 2018.<\/p>\n<p><strong>Marcelo Oliveira-Coritiba<\/strong><\/p>\n<p>\u00c9 o mais amea\u00e7ado entre os 20 treinadores na S\u00e9rie do Brasileir\u00e3o 2017. Marcelo assumiu o Coritiba em julho, substituindo Pachequinho, com a miss\u00e3o de tirar o time do buraco. Ainda n\u00e3o conseguiu. Coxa est\u00e1 na zona de rebaixamento e n\u00e3o vence h\u00e1 mais de seis rodadas. Contrato do treinador vai at\u00e9 dezembro de 2017. Sua situa\u00e7\u00e3o, por\u00e9m, \u00e9 cr\u00edtica a ponto de Conselho Deliberativo do clube divulgar uma carta na \u00faltima semana setembro garantindo a perman\u00eancia de Marcelo Oliveira no comando. A conferir.<\/p>\n<p><strong>Fabiano Soares-Atl\u00e9tico-PR<\/strong><\/p>\n<p>Treinador chegou do Estoril de Portugal em junho para ocupar vaga de Eduardo Baptista, que havia substitu\u00eddo Paulo Autuori. Com perfil de treinador europeu, Fabiano, naturalizado espanhol, tem forma\u00e7\u00e3o no futebol da Europa e fez cursos ao lado de Pep Guardiola, entre outros. Tempo de contrato n\u00e3o foi divulgado pelo Atl\u00e9tico-PR, que costuma bailar ao ritmo de Mario Celso Petraglia, presidente do Conselho Deliberativo, homem forte do futebol e que d\u00e1 as cartas no clube. A estabilidade de Fabiano Soares depende dos resultados em campo, a cartilha de todos treinadores no futebol brasileiro.<\/p>\n<p><strong><a href=\"http:\/\/chuteirafc.cartacapital.com.br\">(texto publicado no CHUTERIA FC \u2013 leia mais not\u00edcias exclusivas e an\u00e1lises de futebol)<\/a><\/strong><\/p>\n","protected":false},"excerpt":{"rendered":"<p>Cuca disse em entrevista coletiva nesta quarta-feira (04\/10) que sua sa\u00edda do Palmeiras no fim do ano \u00e9 [&hellip;]<\/p>\n","protected":false},"author":102107496,"featured_media":36445,"comment_status":"open","ping_status":"open","sticky":false,"template":"","format":"standard","meta":{"_coblocks_attr":"","_coblocks_dimensions":"","_coblocks_responsive_height":"","_coblocks_accordion_ie_support":"","_jetpack_newsletter_access":"","_jetpack_dont_email_post_to_subs":false,"_jetpack_newsletter_tier_id":0,"_jetpack_memberships_contains_paywalled_content":false,"_wpcom_ai_launchpad_first_post":false,"_jetpack_feature_clip_id":0,"_jetpack_memberships_contains_paid_content":false,"footnotes":"","jetpack_publicize_message":"","jetpack_publicize_feature_enabled":true,"jetpack_social_post_already_shared":false,"jetpack_social_options":{"image_generator_settings":{"template":"highway","default_image_id":0,"font":"","enabled":false},"version":2},"jetpack_post_was_ever_published":false},"categories":[53870],"tags":[471152978,177066,471113831,44145107,789560560,1058715,4558380,1114917,1216163],"class_list":["post-36842","post","type-post","status-publish","format-standard","has-post-thumbnail","hentry","category-futebol","tag-brasileirao-2017","tag-corinthians","tag-cuca-palmeiras","tag-fabio-carille","tag-futebol","tag-mano-menezes","tag-se-palmeiras","tag-spfc","tag-vanderlei-luxemburgo"],"yoast_head":"<!-- This site is optimized with the Yoast SEO plugin v28.3 - https:\/\/yoast.com\/product\/yoast-seo-wordpress\/ -->\n<title>Cuca diz que n\u00e3o sai do Palmeiras, Mano n\u00e3o sabe se fica no Cruzeiro, mercado de treinadores em ebuli\u00e7\u00e3o - PR\u00d3SPERI NEWS<\/title>\n<meta name=\"robots\" content=\"index, follow, max-snippet:-1, max-image-preview:large, max-video-preview:-1\" \/>\n<link rel=\"canonical\" href=\"https:\/\/blogdoprosperi.com\/?p=36842\" \/>\n<meta property=\"og:locale\" content=\"pt_BR\" \/>\n<meta property=\"og:type\" content=\"article\" \/>\n<meta property=\"og:title\" content=\"Cuca diz que n\u00e3o sai do Palmeiras, Mano n\u00e3o sabe se fica no Cruzeiro, mercado de treinadores em ebuli\u00e7\u00e3o - PR\u00d3SPERI NEWS\" \/>\n<meta property=\"og:description\" content=\"Cuca disse em entrevista coletiva nesta quarta-feira (04\/10) que sua sa\u00edda do Palmeiras no fim do ano \u00e9 [&hellip;]\" \/>\n<meta property=\"og:url\" content=\"https:\/\/blogdoprosperi.com\/?p=36842\" \/>\n<meta property=\"og:site_name\" content=\"PR\u00d3SPERI NEWS\" \/>\n<meta property=\"article:publisher\" content=\"Luiz Pr\u00f3speri\" \/>\n<meta property=\"article:author\" content=\"Luiz Pr\u00f3speri\" \/>\n<meta property=\"article:published_time\" content=\"2017-10-05T18:38:37+00:00\" \/>\n<meta property=\"og:image\" content=\"https:\/\/i0.wp.com\/blogdoprosperi.com\/wp-content\/uploads\/2017\/07\/35849784906_fa75c7f2eb_z.jpg?fit=640%2C379&ssl=1\" \/>\n\t<meta property=\"og:image:width\" content=\"640\" \/>\n\t<meta property=\"og:image:height\" content=\"379\" \/>\n\t<meta property=\"og:image:type\" content=\"image\/jpeg\" \/>\n<meta name=\"author\" content=\"Luiz Ant\u00f4nio Pr\u00f3speri\" \/>\n<meta name=\"twitter:card\" content=\"summary_large_image\" \/>\n<meta name=\"twitter:creator\" content=\"@Luizprosperi\" \/>\n<meta name=\"twitter:site\" content=\"@Luizprosperi\" \/>\n<meta name=\"twitter:label1\" content=\"Escrito por\" \/>\n\t<meta name=\"twitter:data1\" content=\"Luiz Ant\u00f4nio Pr\u00f3speri\" \/>\n\t<meta name=\"twitter:label2\" content=\"Est. tempo de leitura\" \/>\n\t<meta name=\"twitter:data2\" content=\"9 minutos\" \/>\n<script type=\"application\/ld+json\" class=\"yoast-schema-graph\">{\"@context\":\"https:\\\/\\\/schema.org\",\"@graph\":[{\"@type\":\"Article\",\"@id\":\"https:\\\/\\\/blogdoprosperi.com\\\/?p=36842#article\",\"isPartOf\":{\"@id\":\"https:\\\/\\\/blogdoprosperi.com\\\/?p=36842\"},\"author\":{\"name\":\"Luiz Ant\u00f4nio Pr\u00f3speri\",\"@id\":\"https:\\\/\\\/blogdoprosperi.com\\\/#\\\/schema\\\/person\\\/38100755ce3601861ee4fab9b5aa78e9\"},\"headline\":\"Cuca diz que n\u00e3o sai do Palmeiras, Mano n\u00e3o sabe se fica no Cruzeiro, mercado de treinadores em ebuli\u00e7\u00e3o\",\"datePublished\":\"2017-10-05T18:38:37+00:00\",\"mainEntityOfPage\":{\"@id\":\"https:\\\/\\\/blogdoprosperi.com\\\/?p=36842\"},\"wordCount\":1874,\"commentCount\":0,\"publisher\":{\"@id\":\"https:\\\/\\\/blogdoprosperi.com\\\/#\\\/schema\\\/person\\\/38100755ce3601861ee4fab9b5aa78e9\"},\"image\":{\"@id\":\"https:\\\/\\\/blogdoprosperi.com\\\/?p=36842#primaryimage\"},\"thumbnailUrl\":\"https:\\\/\\\/i0.wp.com\\\/blogdoprosperi.com\\\/wp-content\\\/uploads\\\/2017\\\/07\\\/35849784906_fa75c7f2eb_z.jpg?fit=640%2C379&ssl=1\",\"keywords\":[\"Brasileir\u00e3o 2017\",\"Corinthians\",\"Cuca Palmeiras\",\"Fabio Carille\",\"futebol\",\"Mano Menezes\",\"SE Palmeiras\",\"SPFC\",\"Vanderlei Luxemburgo\"],\"articleSection\":[\"futebol\"],\"inLanguage\":\"pt-BR\",\"potentialAction\":[{\"@type\":\"CommentAction\",\"name\":\"Comment\",\"target\":[\"https:\\\/\\\/blogdoprosperi.com\\\/?p=36842#respond\"]}]},{\"@type\":\"WebPage\",\"@id\":\"https:\\\/\\\/blogdoprosperi.com\\\/?p=36842\",\"url\":\"https:\\\/\\\/blogdoprosperi.com\\\/?p=36842\",\"name\":\"Cuca diz que n\u00e3o sai do Palmeiras, Mano n\u00e3o sabe se fica no Cruzeiro, mercado de treinadores em ebuli\u00e7\u00e3o - PR\u00d3SPERI NEWS\",\"isPartOf\":{\"@id\":\"https:\\\/\\\/blogdoprosperi.com\\\/#website\"},\"primaryImageOfPage\":{\"@id\":\"https:\\\/\\\/blogdoprosperi.com\\\/?p=36842#primaryimage\"},\"image\":{\"@id\":\"https:\\\/\\\/blogdoprosperi.com\\\/?p=36842#primaryimage\"},\"thumbnailUrl\":\"https:\\\/\\\/i0.wp.com\\\/blogdoprosperi.com\\\/wp-content\\\/uploads\\\/2017\\\/07\\\/35849784906_fa75c7f2eb_z.jpg?fit=640%2C379&ssl=1\",\"datePublished\":\"2017-10-05T18:38:37+00:00\",\"breadcrumb\":{\"@id\":\"https:\\\/\\\/blogdoprosperi.com\\\/?p=36842#breadcrumb\"},\"inLanguage\":\"pt-BR\",\"potentialAction\":[{\"@type\":\"ReadAction\",\"target\":[\"https:\\\/\\\/blogdoprosperi.com\\\/?p=36842\"]}]},{\"@type\":\"ImageObject\",\"inLanguage\":\"pt-BR\",\"@id\":\"https:\\\/\\\/blogdoprosperi.com\\\/?p=36842#primaryimage\",\"url\":\"https:\\\/\\\/i0.wp.com\\\/blogdoprosperi.com\\\/wp-content\\\/uploads\\\/2017\\\/07\\\/35849784906_fa75c7f2eb_z.jpg?fit=640%2C379&ssl=1\",\"contentUrl\":\"https:\\\/\\\/i0.wp.com\\\/blogdoprosperi.com\\\/wp-content\\\/uploads\\\/2017\\\/07\\\/35849784906_fa75c7f2eb_z.jpg?fit=640%2C379&ssl=1\",\"width\":640,\"height\":379},{\"@type\":\"BreadcrumbList\",\"@id\":\"https:\\\/\\\/blogdoprosperi.com\\\/?p=36842#breadcrumb\",\"itemListElement\":[{\"@type\":\"ListItem\",\"position\":1,\"name\":\"In\u00edcio\",\"item\":\"https:\\\/\\\/blogdoprosperi.com\\\/\"},{\"@type\":\"ListItem\",\"position\":2,\"name\":\"Cuca diz que n\u00e3o sai do Palmeiras, Mano n\u00e3o sabe se fica no Cruzeiro, mercado de treinadores em ebuli\u00e7\u00e3o\"}]},{\"@type\":\"WebSite\",\"@id\":\"https:\\\/\\\/blogdoprosperi.com\\\/#website\",\"url\":\"https:\\\/\\\/blogdoprosperi.com\\\/\",\"name\":\"PR\u00d3SPERI NEWS\",\"description\":\"TUDO \u00c9  FUTEBOL\",\"publisher\":{\"@id\":\"https:\\\/\\\/blogdoprosperi.com\\\/#\\\/schema\\\/person\\\/38100755ce3601861ee4fab9b5aa78e9\"},\"alternateName\":\"blogdoprosperi.com\",\"potentialAction\":[{\"@type\":\"SearchAction\",\"target\":{\"@type\":\"EntryPoint\",\"urlTemplate\":\"https:\\\/\\\/blogdoprosperi.com\\\/?s={search_term_string}\"},\"query-input\":{\"@type\":\"PropertyValueSpecification\",\"valueRequired\":true,\"valueName\":\"search_term_string\"}}],\"inLanguage\":\"pt-BR\"},{\"@type\":[\"Person\",\"Organization\"],\"@id\":\"https:\\\/\\\/blogdoprosperi.com\\\/#\\\/schema\\\/person\\\/38100755ce3601861ee4fab9b5aa78e9\",\"name\":\"Luiz Ant\u00f4nio Pr\u00f3speri\",\"pronouns\":\"ele\",\"image\":{\"@type\":\"ImageObject\",\"inLanguage\":\"pt-BR\",\"@id\":\"https:\\\/\\\/i0.wp.com\\\/blogdoprosperi.com\\\/wp-content\\\/uploads\\\/2026\\\/05\\\/cropped-8059e613-6002-42fa-961e-8e275f575d71-2-5.jpg?fit=1360%2C931&ssl=1\",\"url\":\"https:\\\/\\\/i0.wp.com\\\/blogdoprosperi.com\\\/wp-content\\\/uploads\\\/2026\\\/05\\\/cropped-8059e613-6002-42fa-961e-8e275f575d71-2-5.jpg?fit=1360%2C931&ssl=1\",\"contentUrl\":\"https:\\\/\\\/i0.wp.com\\\/blogdoprosperi.com\\\/wp-content\\\/uploads\\\/2026\\\/05\\\/cropped-8059e613-6002-42fa-961e-8e275f575d71-2-5.jpg?fit=1360%2C931&ssl=1\",\"width\":1360,\"height\":931,\"caption\":\"Luiz Ant\u00f4nio Pr\u00f3speri\"},\"logo\":{\"@id\":\"https:\\\/\\\/i0.wp.com\\\/blogdoprosperi.com\\\/wp-content\\\/uploads\\\/2026\\\/05\\\/cropped-8059e613-6002-42fa-961e-8e275f575d71-2-5.jpg?fit=1360%2C931&ssl=1\"},\"description\":\"Jornalista com carreira dedicada ao esporte. Cobriu 9 Copas do Mundo in loco, 1990 na It\u00e1lia, 1994 nos EUA, 1998 na Fran\u00e7a, 2002 na Coreia do Sul e Jap\u00e3o, 2006 na Alemanha, 2010 na \u00c1frica do Sul, 2014 no Brasil, 2018 na R\u00fassia e 2022 no Qatar. Eurocopas, 1992 na Su\u00e9cia e 1996 na Inglaterra. Copa das Confedera\u00e7\u00f5es de 2005 na Alemanha e 2009 na \u00c1frica do Sul. Rep\u00f3rter e Editor, trabalhou no Jornal da Tarde e Estad\u00e3o, de 1984 a fevereiro de 2016. Colunista, blogueiro. E comentarista de futebol na R\u00e1dio Estad\u00e3o, de 2013 a fevereiro de 2016. Jornalista respons\u00e1vel do \\\"Pr\u00f3speri News\\\" (blogdoprosperi.com).\",\"sameAs\":[\"http:\\\/\\\/blogdoprosperi.com\",\"Luiz Pr\u00f3speri\",\"@luiz_prosperi\",\"https:\\\/\\\/x.com\\\/Luizprosperi\",\"@prosperinacopa\",\"luiz.prosperi@icloud.com\"],\"url\":\"https:\\\/\\\/blogdoprosperi.com\\\/?author=102107496\"}]}<\/script>\n<!-- \/ Yoast SEO plugin. -->","yoast_head_json":{"title":"Cuca diz que n\u00e3o sai do Palmeiras, Mano n\u00e3o sabe se fica no Cruzeiro, mercado de treinadores em ebuli\u00e7\u00e3o - PR\u00d3SPERI NEWS","robots":{"index":"index","follow":"follow","max-snippet":"max-snippet:-1","max-image-preview":"max-image-preview:large","max-video-preview":"max-video-preview:-1"},"canonical":"https:\/\/blogdoprosperi.com\/?p=36842","og_locale":"pt_BR","og_type":"article","og_title":"Cuca diz que n\u00e3o sai do Palmeiras, Mano n\u00e3o sabe se fica no Cruzeiro, mercado de treinadores em ebuli\u00e7\u00e3o - PR\u00d3SPERI NEWS","og_description":"Cuca disse em entrevista coletiva nesta quarta-feira (04\/10) que sua sa\u00edda do Palmeiras no fim do ano \u00e9 [&hellip;]","og_url":"https:\/\/blogdoprosperi.com\/?p=36842","og_site_name":"PR\u00d3SPERI NEWS","article_publisher":"Luiz Pr\u00f3speri","article_author":"Luiz Pr\u00f3speri","article_published_time":"2017-10-05T18:38:37+00:00","og_image":[{"width":640,"height":379,"url":"https:\/\/i0.wp.com\/blogdoprosperi.com\/wp-content\/uploads\/2017\/07\/35849784906_fa75c7f2eb_z.jpg?fit=640%2C379&ssl=1","type":"image\/jpeg"}],"author":"Luiz Ant\u00f4nio Pr\u00f3speri","twitter_card":"summary_large_image","twitter_creator":"@Luizprosperi","twitter_site":"@Luizprosperi","twitter_misc":{"Escrito por":"Luiz Ant\u00f4nio Pr\u00f3speri","Est. tempo de leitura":"9 minutos"},"schema":{"@context":"https:\/\/schema.org","@graph":[{"@type":"Article","@id":"https:\/\/blogdoprosperi.com\/?p=36842#article","isPartOf":{"@id":"https:\/\/blogdoprosperi.com\/?p=36842"},"author":{"name":"Luiz Ant\u00f4nio Pr\u00f3speri","@id":"https:\/\/blogdoprosperi.com\/#\/schema\/person\/38100755ce3601861ee4fab9b5aa78e9"},"headline":"Cuca diz que n\u00e3o sai do Palmeiras, Mano n\u00e3o sabe se fica no Cruzeiro, mercado de treinadores em ebuli\u00e7\u00e3o","datePublished":"2017-10-05T18:38:37+00:00","mainEntityOfPage":{"@id":"https:\/\/blogdoprosperi.com\/?p=36842"},"wordCount":1874,"commentCount":0,"publisher":{"@id":"https:\/\/blogdoprosperi.com\/#\/schema\/person\/38100755ce3601861ee4fab9b5aa78e9"},"image":{"@id":"https:\/\/blogdoprosperi.com\/?p=36842#primaryimage"},"thumbnailUrl":"https:\/\/i0.wp.com\/blogdoprosperi.com\/wp-content\/uploads\/2017\/07\/35849784906_fa75c7f2eb_z.jpg?fit=640%2C379&ssl=1","keywords":["Brasileir\u00e3o 2017","Corinthians","Cuca Palmeiras","Fabio Carille","futebol","Mano Menezes","SE Palmeiras","SPFC","Vanderlei Luxemburgo"],"articleSection":["futebol"],"inLanguage":"pt-BR","potentialAction":[{"@type":"CommentAction","name":"Comment","target":["https:\/\/blogdoprosperi.com\/?p=36842#respond"]}]},{"@type":"WebPage","@id":"https:\/\/blogdoprosperi.com\/?p=36842","url":"https:\/\/blogdoprosperi.com\/?p=36842","name":"Cuca diz que n\u00e3o sai do Palmeiras, Mano n\u00e3o sabe se fica no Cruzeiro, mercado de treinadores em ebuli\u00e7\u00e3o - PR\u00d3SPERI NEWS","isPartOf":{"@id":"https:\/\/blogdoprosperi.com\/#website"},"primaryImageOfPage":{"@id":"https:\/\/blogdoprosperi.com\/?p=36842#primaryimage"},"image":{"@id":"https:\/\/blogdoprosperi.com\/?p=36842#primaryimage"},"thumbnailUrl":"https:\/\/i0.wp.com\/blogdoprosperi.com\/wp-content\/uploads\/2017\/07\/35849784906_fa75c7f2eb_z.jpg?fit=640%2C379&ssl=1","datePublished":"2017-10-05T18:38:37+00:00","breadcrumb":{"@id":"https:\/\/blogdoprosperi.com\/?p=36842#breadcrumb"},"inLanguage":"pt-BR","potentialAction":[{"@type":"ReadAction","target":["https:\/\/blogdoprosperi.com\/?p=36842"]}]},{"@type":"ImageObject","inLanguage":"pt-BR","@id":"https:\/\/blogdoprosperi.com\/?p=36842#primaryimage","url":"https:\/\/i0.wp.com\/blogdoprosperi.com\/wp-content\/uploads\/2017\/07\/35849784906_fa75c7f2eb_z.jpg?fit=640%2C379&ssl=1","contentUrl":"https:\/\/i0.wp.com\/blogdoprosperi.com\/wp-content\/uploads\/2017\/07\/35849784906_fa75c7f2eb_z.jpg?fit=640%2C379&ssl=1","width":640,"height":379},{"@type":"BreadcrumbList","@id":"https:\/\/blogdoprosperi.com\/?p=36842#breadcrumb","itemListElement":[{"@type":"ListItem","position":1,"name":"In\u00edcio","item":"https:\/\/blogdoprosperi.com\/"},{"@type":"ListItem","position":2,"name":"Cuca diz que n\u00e3o sai do Palmeiras, Mano n\u00e3o sabe se fica no Cruzeiro, mercado de treinadores em ebuli\u00e7\u00e3o"}]},{"@type":"WebSite","@id":"https:\/\/blogdoprosperi.com\/#website","url":"https:\/\/blogdoprosperi.com\/","name":"PR\u00d3SPERI NEWS","description":"TUDO \u00c9  FUTEBOL","publisher":{"@id":"https:\/\/blogdoprosperi.com\/#\/schema\/person\/38100755ce3601861ee4fab9b5aa78e9"},"alternateName":"blogdoprosperi.com","potentialAction":[{"@type":"SearchAction","target":{"@type":"EntryPoint","urlTemplate":"https:\/\/blogdoprosperi.com\/?s={search_term_string}"},"query-input":{"@type":"PropertyValueSpecification","valueRequired":true,"valueName":"search_term_string"}}],"inLanguage":"pt-BR"},{"@type":["Person","Organization"],"@id":"https:\/\/blogdoprosperi.com\/#\/schema\/person\/38100755ce3601861ee4fab9b5aa78e9","name":"Luiz Ant\u00f4nio Pr\u00f3speri","pronouns":"ele","image":{"@type":"ImageObject","inLanguage":"pt-BR","@id":"https:\/\/i0.wp.com\/blogdoprosperi.com\/wp-content\/uploads\/2026\/05\/cropped-8059e613-6002-42fa-961e-8e275f575d71-2-5.jpg?fit=1360%2C931&ssl=1","url":"https:\/\/i0.wp.com\/blogdoprosperi.com\/wp-content\/uploads\/2026\/05\/cropped-8059e613-6002-42fa-961e-8e275f575d71-2-5.jpg?fit=1360%2C931&ssl=1","contentUrl":"https:\/\/i0.wp.com\/blogdoprosperi.com\/wp-content\/uploads\/2026\/05\/cropped-8059e613-6002-42fa-961e-8e275f575d71-2-5.jpg?fit=1360%2C931&ssl=1","width":1360,"height":931,"caption":"Luiz Ant\u00f4nio Pr\u00f3speri"},"logo":{"@id":"https:\/\/i0.wp.com\/blogdoprosperi.com\/wp-content\/uploads\/2026\/05\/cropped-8059e613-6002-42fa-961e-8e275f575d71-2-5.jpg?fit=1360%2C931&ssl=1"},"description":"Jornalista com carreira dedicada ao esporte. Cobriu 9 Copas do Mundo in loco, 1990 na It\u00e1lia, 1994 nos EUA, 1998 na Fran\u00e7a, 2002 na Coreia do Sul e Jap\u00e3o, 2006 na Alemanha, 2010 na \u00c1frica do Sul, 2014 no Brasil, 2018 na R\u00fassia e 2022 no Qatar. Eurocopas, 1992 na Su\u00e9cia e 1996 na Inglaterra. Copa das Confedera\u00e7\u00f5es de 2005 na Alemanha e 2009 na \u00c1frica do Sul. Rep\u00f3rter e Editor, trabalhou no Jornal da Tarde e Estad\u00e3o, de 1984 a fevereiro de 2016. Colunista, blogueiro. E comentarista de futebol na R\u00e1dio Estad\u00e3o, de 2013 a fevereiro de 2016. Jornalista respons\u00e1vel do \"Pr\u00f3speri News\" (blogdoprosperi.com).","sameAs":["http:\/\/blogdoprosperi.com","Luiz Pr\u00f3speri","@luiz_prosperi","https:\/\/x.com\/Luizprosperi","@prosperinacopa","luiz.prosperi@icloud.com"],"url":"https:\/\/blogdoprosperi.com\/?author=102107496"}]}},"jetpack_publicize_connections":[],"jetpack_likes_enabled":false,"jetpack_sharing_enabled":true,"jetpack_shortlink":"https:\/\/wp.me\/p7jvdk-9Ae","jetpack-related-posts":[{"id":26425,"url":"https:\/\/blogdoprosperi.com\/?p=26425","url_meta":{"origin":36842,"position":0},"title":"Palmeiras, Cruzeiro, Santos e Atl\u00e9tico-MG partem como favoritos na Copa do Brasil","author":"Luiz Ant\u00f4nio Pr\u00f3speri","date":"23 de setembro de 2016","format":false,"excerpt":"Palmeiras, Cruzeiro,\u00a0Juventude e Internacional decidem em casa os confrontos das quartas de final da Copa do Brasil, como mostrou o sorteio dos jogos na CBF nesta sexta-feira (23\/9). Trata-se de uma vantagem consider\u00e1vel em uma competi\u00e7\u00e3o que leva o campe\u00e3o \u00e0 Copa Libertadores de 2017 e ainda paga ao vencedor\u2026","rel":"","context":"Em &quot;futebol&quot;","block_context":{"text":"futebol","link":"https:\/\/blogdoprosperi.com\/?cat=53870"},"img":{"alt_text":"","src":"https:\/\/i0.wp.com\/blogdoprosperi.com\/wp-content\/uploads\/2016\/09\/20160725124331694215a.jpg?resize=350%2C200","width":350,"height":200,"srcset":"https:\/\/i0.wp.com\/blogdoprosperi.com\/wp-content\/uploads\/2016\/09\/20160725124331694215a.jpg?resize=350%2C200 1x, https:\/\/i0.wp.com\/blogdoprosperi.com\/wp-content\/uploads\/2016\/09\/20160725124331694215a.jpg?resize=525%2C300 1.5x, https:\/\/i0.wp.com\/blogdoprosperi.com\/wp-content\/uploads\/2016\/09\/20160725124331694215a.jpg?resize=700%2C400 2x"},"classes":[]},{"id":9196,"url":"https:\/\/blogdoprosperi.com\/?p=9196","url_meta":{"origin":36842,"position":1},"title":"A vergonha escancarada do futebol brasileiro no mundo","author":"Luiz Ant\u00f4nio Pr\u00f3speri","date":"7 de junho de 2016","format":false,"excerpt":"Imagem de um pai carregando seu filho no colo em fuga da batalha entre fac\u00e7\u00f5es organizadas de Palmeiras e Flamengo; as quedas de Mano Menezes e Luxemburgo na China; o processo aberto contra Neymar por fraude financeira na Espanha; e o futebolzinho da Sele\u00e7\u00e3o ... Precisa mais? A situa\u00e7\u00e3o do\u2026","rel":"","context":"Em &quot;futebol&quot;","block_context":{"text":"futebol","link":"https:\/\/blogdoprosperi.com\/?cat=53870"},"img":{"alt_text":"","src":"https:\/\/i0.wp.com\/blogdoprosperi.com\/wp-content\/uploads\/2016\/06\/20160606215542_0.jpeg?resize=350%2C200&ssl=1","width":350,"height":200,"srcset":"https:\/\/i0.wp.com\/blogdoprosperi.com\/wp-content\/uploads\/2016\/06\/20160606215542_0.jpeg?resize=350%2C200&ssl=1 1x, https:\/\/i0.wp.com\/blogdoprosperi.com\/wp-content\/uploads\/2016\/06\/20160606215542_0.jpeg?resize=525%2C300&ssl=1 1.5x, https:\/\/i0.wp.com\/blogdoprosperi.com\/wp-content\/uploads\/2016\/06\/20160606215542_0.jpeg?resize=700%2C400&ssl=1 2x"},"classes":[]},{"id":46873,"url":"https:\/\/blogdoprosperi.com\/?p=46873","url_meta":{"origin":36842,"position":2},"title":"Mercado Futebol | Santos Contrata Z\u00e9 Rafael e Ver\u00f3n, Cruzeiro Rifa Diniz e Fecha com Renato Ga\u00facho","author":"Luiz Ant\u00f4nio Pr\u00f3speri","date":"27 de janeiro de 2025","format":false,"excerpt":"Luiz Ant\u00f4nio Pr\u00f3speri \u2013 27 janeiro (20h25) \u2013 Confira aqui principais negocia\u00e7\u00f5es no mercado do futebol brasileiro temporada 2025. P\u00e1gina ser\u00e1 atualizada com novas transfer\u00eancias de jogadores e treinadores. E mais: an\u00e1lise de cada transa\u00e7\u00e3o. Segunda-feira \u2013 27 janeiro \u2013 20h15 SANTOS FILIAL DO PALMEIRAS? Santos anuncia contrata\u00e7\u00e3o do volante\u2026","rel":"","context":"Em &quot;futebol&quot;","block_context":{"text":"futebol","link":"https:\/\/blogdoprosperi.com\/?cat=53870"},"img":{"alt_text":"","src":"https:\/\/i0.wp.com\/blogdoprosperi.com\/wp-content\/uploads\/2024\/11\/54160663755_bfe3e8aaca_c.jpg?fit=800%2C450&ssl=1&resize=350%2C200","width":350,"height":200,"srcset":"https:\/\/i0.wp.com\/blogdoprosperi.com\/wp-content\/uploads\/2024\/11\/54160663755_bfe3e8aaca_c.jpg?fit=800%2C450&ssl=1&resize=350%2C200 1x, https:\/\/i0.wp.com\/blogdoprosperi.com\/wp-content\/uploads\/2024\/11\/54160663755_bfe3e8aaca_c.jpg?fit=800%2C450&ssl=1&resize=525%2C300 1.5x, https:\/\/i0.wp.com\/blogdoprosperi.com\/wp-content\/uploads\/2024\/11\/54160663755_bfe3e8aaca_c.jpg?fit=800%2C450&ssl=1&resize=700%2C400 2x"},"classes":[]},{"id":33314,"url":"https:\/\/blogdoprosperi.com\/?p=33314","url_meta":{"origin":36842,"position":3},"title":"Roger Machado, ex-t\u00e9cnico do Gr\u00eamio e sem curr\u00edculo, vira objeto do desejo no Atl\u00e9tico-MG, Fluminense e Palmeiras","author":"Luiz Ant\u00f4nio Pr\u00f3speri","date":"28 de novembro de 2016","format":false,"excerpt":"Roger Machado apareceu como t\u00e9cnico de time grande no ano passado, ao substituir Felip\u00e3o no Gr\u00eamio na primeira rodada do Brasileir\u00e3o de 2015. Fez um bom campeonato e levou o clube ga\u00facho \u00e0 Copa Libertadores. Na temporada de 2016, n\u00e3o foi campe\u00e3o estadual, vacilou na metade do campeonato nacional e\u2026","rel":"","context":"Em &quot;Campeonato Brasileiro&quot;","block_context":{"text":"Campeonato Brasileiro","link":"https:\/\/blogdoprosperi.com\/?cat=355071"},"img":{"alt_text":"","src":"https:\/\/i0.wp.com\/blogdoprosperi.com\/wp-content\/uploads\/2016\/11\/17424185.jpg?resize=350%2C200&ssl=1","width":350,"height":200,"srcset":"https:\/\/i0.wp.com\/blogdoprosperi.com\/wp-content\/uploads\/2016\/11\/17424185.jpg?resize=350%2C200&ssl=1 1x, https:\/\/i0.wp.com\/blogdoprosperi.com\/wp-content\/uploads\/2016\/11\/17424185.jpg?resize=525%2C300&ssl=1 1.5x"},"classes":[]},{"id":28390,"url":"https:\/\/blogdoprosperi.com\/?p=28390","url_meta":{"origin":36842,"position":4},"title":"Palmeiras deve acender uma vela a Z\u00e9 Roberto e agradecer todos dias","author":"Luiz Ant\u00f4nio Pr\u00f3speri","date":"13 de outubro de 2016","format":false,"excerpt":"Z\u00e9 Roberto, aos 42 anos, garantiu o empate sem gols com o Cruzeiro em Araraquara. N\u00e3o fosse o velho lateral se jogar de barriga na bola tocada por Robinho e o Palmeiras sairia derrotado da Fonte Luminosa. N\u00e3o perdeu, somou um ponto e deixou uma ponta de desconfian\u00e7a na corrida\u2026","rel":"","context":"Em &quot;futebol&quot;","block_context":{"text":"futebol","link":"https:\/\/blogdoprosperi.com\/?cat=53870"},"img":{"alt_text":"","src":"https:\/\/i0.wp.com\/blogdoprosperi.com\/wp-content\/uploads\/2016\/10\/gabriel-jesus-palmeiras-sao-paulo-brasileirao-07092016_1v0jmltr960th11pmx97kwvm6n.jpg?resize=350%2C200&ssl=1","width":350,"height":200},"classes":[]},{"id":5227,"url":"https:\/\/blogdoprosperi.com\/?p=5227","url_meta":{"origin":36842,"position":5},"title":"Cinco an\u00e1lises de futebol para voc\u00ea ler nesta quinta-feira (12\/5) antes de dormir","author":"Luiz Ant\u00f4nio Pr\u00f3speri","date":"13 de maio de 2016","format":false,"excerpt":"Acidente no Morumbi exp\u00f5e problemas do est\u00e1dio e pode dar preju\u00edzos ao S\u00e3o Paulo. O Cruzeiro copia o Atl\u00e9tico-MG e acerta com um treinador estrangeiro. No Palmeiras, Cuca bebe na fonte do Audax e promete time ousado no Brasileir\u00e3o-2016. Novo desmanche e falta de refor\u00e7os preocupam Tite no Corinthians. E,\u2026","rel":"","context":"Em &quot;futebol&quot;","block_context":{"text":"futebol","link":"https:\/\/blogdoprosperi.com\/?cat=53870"},"img":{"alt_text":"","src":"https:\/\/i0.wp.com\/blogdoprosperi.com\/wp-content\/uploads\/2016\/05\/1463004907346.jpg?resize=350%2C200&ssl=1","width":350,"height":200,"srcset":"https:\/\/i0.wp.com\/blogdoprosperi.com\/wp-content\/uploads\/2016\/05\/1463004907346.jpg?resize=350%2C200&ssl=1 1x, https:\/\/i0.wp.com\/blogdoprosperi.com\/wp-content\/uploads\/2016\/05\/1463004907346.jpg?resize=525%2C300&ssl=1 1.5x"},"classes":[]}],"jetpack_featured_media_url":"https:\/\/i0.wp.com\/blogdoprosperi.com\/wp-content\/uploads\/2017\/07\/35849784906_fa75c7f2eb_z.jpg?fit=640%2C379&ssl=1","_links":{"self":[{"href":"https:\/\/blogdoprosperi.com\/index.php?rest_route=\/wp\/v2\/posts\/36842","targetHints":{"allow":["GET"]}}],"collection":[{"href":"https:\/\/blogdoprosperi.com\/index.php?rest_route=\/wp\/v2\/posts"}],"about":[{"href":"https:\/\/blogdoprosperi.com\/index.php?rest_route=\/wp\/v2\/types\/post"}],"author":[{"embeddable":true,"href":"https:\/\/blogdoprosperi.com\/index.php?rest_route=\/wp\/v2\/users\/102107496"}],"replies":[{"embeddable":true,"href":"https:\/\/blogdoprosperi.com\/index.php?rest_route=%2Fwp%2Fv2%2Fcomments&post=36842"}],"version-history":[{"count":17,"href":"https:\/\/blogdoprosperi.com\/index.php?rest_route=\/wp\/v2\/posts\/36842\/revisions"}],"predecessor-version":[{"id":36859,"href":"https:\/\/blogdoprosperi.com\/index.php?rest_route=\/wp\/v2\/posts\/36842\/revisions\/36859"}],"wp:featuredmedia":[{"embeddable":true,"href":"https:\/\/blogdoprosperi.com\/index.php?rest_route=\/wp\/v2\/media\/36445"}],"wp:attachment":[{"href":"https:\/\/blogdoprosperi.com\/index.php?rest_route=%2Fwp%2Fv2%2Fmedia&parent=36842"}],"wp:term":[{"taxonomy":"category","embeddable":true,"href":"https:\/\/blogdoprosperi.com\/index.php?rest_route=%2Fwp%2Fv2%2Fcategories&post=36842"},{"taxonomy":"post_tag","embeddable":true,"href":"https:\/\/blogdoprosperi.com\/index.php?rest_route=%2Fwp%2Fv2%2Ftags&post=36842"}],"curies":[{"name":"wp","href":"https:\/\/api.w.org\/{rel}","templated":true}]}}