{"id":36860,"date":"2017-10-06T00:51:11","date_gmt":"2017-10-06T03:51:11","guid":{"rendered":"http:\/\/blogdoprosperi.com\/?p=36860"},"modified":"2017-10-06T00:51:11","modified_gmt":"2017-10-06T03:51:11","slug":"selecao-brasileira-precisa-descer-do-pedestal","status":"publish","type":"post","link":"https:\/\/blogdoprosperi.com\/?p=36860","title":{"rendered":"Sele\u00e7\u00e3o Brasileira precisa descer do pedestal"},"content":{"rendered":"<p>Soberba do Brasil nas Eliminat\u00f3rias da Copa 2018 incomoda. Desde mar\u00e7o a Sele\u00e7\u00e3o navega em \u00e1guas calmas. Bem diferente do estado ag\u00f4nico da Argentina, por exemplo, ainda \u00e0s turras para comprar a passagem para Moscou. Exemplos do passado atestam e comprovam esse inc\u00f4modo ao torcedor brasileiro desavisado.<\/p>\n<p>\u00c9 s\u00f3 conferir a hist\u00f3ria, mesmo a contragosto com as compara\u00e7\u00f5es.<\/p>\n<p>Nas Eliminat\u00f3rias da Copa 1994, Sele\u00e7\u00e3o chegou pendurada at\u00e9 a \u00faltima rodada. Foi preciso um Rom\u00e1rio \u00e9pico contra o Uruguai no Maracan\u00e3 para carimbar o visto de entrada nos Estados Unidos.<\/p>\n<p>Do sofrimento se fez um time campe\u00e3o um ano depois na conquista do tetra nas terras americanas.<\/p>\n<p>Antes de levantar a ta\u00e7a em 2002 na Coreia e Jap\u00e3o, mais agonia com a troca de treinadores nas Eliminat\u00f3rias at\u00e9 Felip\u00e3o no comando garantir a vaga ao Mundial que acabou com a conquista do penta. Mais uma vez, do sofrimento se fez um time campe\u00e3o.<\/p>\n<figure id=\"attachment_36890\" aria-describedby=\"caption-attachment-36890\" style=\"width: 1280px\" class=\"wp-caption alignnone\"><img data-recalc-dims=\"1\" loading=\"lazy\" decoding=\"async\" data-attachment-id=\"36890\" data-permalink=\"https:\/\/blogdoprosperi.com\/?attachment_id=36890\" data-orig-file=\"https:\/\/i0.wp.com\/blogdoprosperi.com\/wp-content\/uploads\/2017\/10\/20171005192339_59d6b0eb95841.jpg?fit=1280%2C720&amp;ssl=1\" data-orig-size=\"1280,720\" data-comments-opened=\"1\" data-image-meta=\"{&quot;aperture&quot;:&quot;0&quot;,&quot;credit&quot;:&quot;&quot;,&quot;camera&quot;:&quot;&quot;,&quot;caption&quot;:&quot;&quot;,&quot;created_timestamp&quot;:&quot;0&quot;,&quot;copyright&quot;:&quot;&quot;,&quot;focal_length&quot;:&quot;0&quot;,&quot;iso&quot;:&quot;0&quot;,&quot;shutter_speed&quot;:&quot;0&quot;,&quot;title&quot;:&quot;&quot;,&quot;orientation&quot;:&quot;0&quot;}\" data-image-title=\"Tite sem medo de ser feliz na R\u00fassia 2018\" data-image-description=\"&lt;p&gt;Tite garante vaga para Copa 2018 em mar\u00e7o, sem sobressaltos nas Eliminat\u00f3rias &amp;#8211; foto: Mowa Press&lt;\/p&gt;\n\" data-image-caption=\"&lt;p&gt;Tite surfa em \u00e1guas calmas nas Eliminat\u00f3rias 2018 &amp;#8211; foto: Mowa Press&lt;\/p&gt;\n\" data-large-file=\"https:\/\/i0.wp.com\/blogdoprosperi.com\/wp-content\/uploads\/2017\/10\/20171005192339_59d6b0eb95841.jpg?fit=940%2C529&amp;ssl=1\" class=\"alignnone size-full wp-image-36890\" src=\"https:\/\/i0.wp.com\/blogdoprosperi.com\/wp-content\/uploads\/2017\/10\/20171005192339_59d6b0eb95841.jpg?resize=940%2C529&#038;ssl=1\" alt=\"Tite sem problemas na Sele\u00e7\u00e3o Brasileira\" width=\"940\" height=\"529\" \/><figcaption id=\"caption-attachment-36890\" class=\"wp-caption-text\">Tite surfa em \u00e1guas calmas nas Eliminat\u00f3rias 2018 &#8211; foto: Mowa Press<\/figcaption><\/figure>\n<p>Nas seletivas de 2010, Brasil nadou de bra\u00e7ada. Assim como a Sele\u00e7\u00e3o de Tite agora, o time de Dunga garantiu a vaga como extrema tranq\u00fcilidade. Ganhou da Argentina na casa deles. N\u00e3o tomou conhecimento do Uruguai, Paraguai, Col\u00f4mbia, Chile&#8230;<\/p>\n<p>Chegou na Copa da \u00c1frica do Sul no alto da soberania e voltou para casa com o rabo entre as pernas.<\/p>\n<p>A situa\u00e7\u00e3o se repete nas Eliminat\u00f3rias 2018. Enquanto os advers\u00e1rios tiram peda\u00e7os de carne com os dentes em busca da vaga \u00e0 Copa da R\u00fassia, Sele\u00e7\u00e3o Brasileira de Tite se esbalda na autoconfian\u00e7a, classificada com muita anteced\u00eancia.<\/p>\n<p>\u00c9 bom para m\u00eddia, TV Globo, CBF, torcida gourmet dos jogos da Sele\u00e7\u00e3o, patrocinadores, interesseiros e o torcedor inebriado.<\/p>\n<p>Cabe a Tite e seus auxiliares prestarem aten\u00e7\u00e3o e fincar os p\u00e9s no ch\u00e3o. De nada adianta vibrar com a desgra\u00e7a da Argentina agora e fazer um papel\u00e3o na R\u00fassia em 2018.<\/p>\n<p>&nbsp;<\/p>\n","protected":false},"excerpt":{"rendered":"<p>Soberba do Brasil nas Eliminat\u00f3rias da Copa 2018 incomoda. Desde mar\u00e7o a Sele\u00e7\u00e3o navega em \u00e1guas calmas. Bem [&hellip;]<\/p>\n","protected":false},"author":102107496,"featured_media":36889,"comment_status":"open","ping_status":"open","sticky":false,"template":"","format":"standard","meta":{"_coblocks_attr":"","_coblocks_dimensions":"","_coblocks_responsive_height":"","_coblocks_accordion_ie_support":"","_jetpack_newsletter_access":"","_jetpack_dont_email_post_to_subs":false,"_jetpack_newsletter_tier_id":0,"_jetpack_memberships_contains_paywalled_content":false,"_wpcom_ai_launchpad_first_post":false,"_jetpack_feature_clip_id":0,"_jetpack_memberships_contains_paid_content":false,"footnotes":"","jetpack_publicize_message":"","jetpack_publicize_feature_enabled":true,"jetpack_social_post_already_shared":false,"jetpack_social_options":{"image_generator_settings":{"template":"highway","default_image_id":0,"font":"","enabled":false},"version":2},"jetpack_post_was_ever_published":false},"categories":[43723753,53870],"tags":[2661056,35545863,2844800,865952,334242531,104071,789560560,1814220],"class_list":["post-36860","post","type-post","status-publish","format-standard","has-post-thumbnail","hentry","category-copa-do-mundo-2018","category-futebol","tag-copa-2002","tag-copa-2018","tag-copa-94","tag-dunga","tag-eliminatorias-2018","tag-felipao","tag-futebol","tag-tite"],"yoast_head":"<!-- This site is optimized with the Yoast SEO plugin v28.3 - https:\/\/yoast.com\/product\/yoast-seo-wordpress\/ -->\n<title>Sele\u00e7\u00e3o Brasileira precisa descer do pedestal - PR\u00d3SPERI NEWS<\/title>\n<meta name=\"robots\" content=\"index, follow, max-snippet:-1, max-image-preview:large, max-video-preview:-1\" \/>\n<link rel=\"canonical\" href=\"https:\/\/blogdoprosperi.com\/?p=36860\" \/>\n<meta property=\"og:locale\" content=\"pt_BR\" \/>\n<meta property=\"og:type\" content=\"article\" \/>\n<meta property=\"og:title\" content=\"Sele\u00e7\u00e3o Brasileira precisa descer do pedestal - PR\u00d3SPERI NEWS\" \/>\n<meta property=\"og:description\" content=\"Soberba do Brasil nas Eliminat\u00f3rias da Copa 2018 incomoda. Desde mar\u00e7o a Sele\u00e7\u00e3o navega em \u00e1guas calmas. Bem [&hellip;]\" \/>\n<meta property=\"og:url\" content=\"https:\/\/blogdoprosperi.com\/?p=36860\" \/>\n<meta property=\"og:site_name\" content=\"PR\u00d3SPERI NEWS\" \/>\n<meta property=\"article:publisher\" content=\"Luiz Pr\u00f3speri\" \/>\n<meta property=\"article:author\" content=\"Luiz Pr\u00f3speri\" \/>\n<meta property=\"article:published_time\" content=\"2017-10-06T03:51:11+00:00\" \/>\n<meta property=\"og:image\" content=\"https:\/\/i0.wp.com\/blogdoprosperi.com\/wp-content\/uploads\/2017\/10\/20171005193515_59d6b3a32fb41.jpg?fit=3200%2C2130&ssl=1\" \/>\n\t<meta property=\"og:image:width\" content=\"3200\" \/>\n\t<meta property=\"og:image:height\" content=\"2130\" \/>\n\t<meta property=\"og:image:type\" content=\"image\/jpeg\" \/>\n<meta name=\"author\" content=\"Luiz Ant\u00f4nio Pr\u00f3speri\" \/>\n<meta name=\"twitter:card\" content=\"summary_large_image\" \/>\n<meta name=\"twitter:creator\" content=\"@Luizprosperi\" \/>\n<meta name=\"twitter:site\" content=\"@Luizprosperi\" \/>\n<meta name=\"twitter:label1\" content=\"Escrito por\" \/>\n\t<meta name=\"twitter:data1\" content=\"Luiz Ant\u00f4nio Pr\u00f3speri\" \/>\n\t<meta name=\"twitter:label2\" content=\"Est. tempo de leitura\" \/>\n\t<meta name=\"twitter:data2\" content=\"2 minutos\" \/>\n<script type=\"application\/ld+json\" class=\"yoast-schema-graph\">{\"@context\":\"https:\\\/\\\/schema.org\",\"@graph\":[{\"@type\":\"Article\",\"@id\":\"https:\\\/\\\/blogdoprosperi.com\\\/?p=36860#article\",\"isPartOf\":{\"@id\":\"https:\\\/\\\/blogdoprosperi.com\\\/?p=36860\"},\"author\":{\"name\":\"Luiz Ant\u00f4nio Pr\u00f3speri\",\"@id\":\"https:\\\/\\\/blogdoprosperi.com\\\/#\\\/schema\\\/person\\\/38100755ce3601861ee4fab9b5aa78e9\"},\"headline\":\"Sele\u00e7\u00e3o Brasileira precisa descer do pedestal\",\"datePublished\":\"2017-10-06T03:51:11+00:00\",\"mainEntityOfPage\":{\"@id\":\"https:\\\/\\\/blogdoprosperi.com\\\/?p=36860\"},\"wordCount\":355,\"commentCount\":1,\"publisher\":{\"@id\":\"https:\\\/\\\/blogdoprosperi.com\\\/#\\\/schema\\\/person\\\/38100755ce3601861ee4fab9b5aa78e9\"},\"image\":{\"@id\":\"https:\\\/\\\/blogdoprosperi.com\\\/?p=36860#primaryimage\"},\"thumbnailUrl\":\"https:\\\/\\\/i0.wp.com\\\/blogdoprosperi.com\\\/wp-content\\\/uploads\\\/2017\\\/10\\\/20171005193515_59d6b3a32fb41.jpg?fit=3200%2C2130&ssl=1\",\"keywords\":[\"Copa 2002\",\"Copa 2018\",\"Copa 94\",\"Dunga\",\"Eliminat\u00f3rias 2018\",\"Felip\u00e3o\",\"futebol\",\"Tite\"],\"articleSection\":[\"Copa do Mundo 2018\",\"futebol\"],\"inLanguage\":\"pt-BR\",\"potentialAction\":[{\"@type\":\"CommentAction\",\"name\":\"Comment\",\"target\":[\"https:\\\/\\\/blogdoprosperi.com\\\/?p=36860#respond\"]}]},{\"@type\":\"WebPage\",\"@id\":\"https:\\\/\\\/blogdoprosperi.com\\\/?p=36860\",\"url\":\"https:\\\/\\\/blogdoprosperi.com\\\/?p=36860\",\"name\":\"Sele\u00e7\u00e3o Brasileira precisa descer do pedestal - PR\u00d3SPERI NEWS\",\"isPartOf\":{\"@id\":\"https:\\\/\\\/blogdoprosperi.com\\\/#website\"},\"primaryImageOfPage\":{\"@id\":\"https:\\\/\\\/blogdoprosperi.com\\\/?p=36860#primaryimage\"},\"image\":{\"@id\":\"https:\\\/\\\/blogdoprosperi.com\\\/?p=36860#primaryimage\"},\"thumbnailUrl\":\"https:\\\/\\\/i0.wp.com\\\/blogdoprosperi.com\\\/wp-content\\\/uploads\\\/2017\\\/10\\\/20171005193515_59d6b3a32fb41.jpg?fit=3200%2C2130&ssl=1\",\"datePublished\":\"2017-10-06T03:51:11+00:00\",\"breadcrumb\":{\"@id\":\"https:\\\/\\\/blogdoprosperi.com\\\/?p=36860#breadcrumb\"},\"inLanguage\":\"pt-BR\",\"potentialAction\":[{\"@type\":\"ReadAction\",\"target\":[\"https:\\\/\\\/blogdoprosperi.com\\\/?p=36860\"]}]},{\"@type\":\"ImageObject\",\"inLanguage\":\"pt-BR\",\"@id\":\"https:\\\/\\\/blogdoprosperi.com\\\/?p=36860#primaryimage\",\"url\":\"https:\\\/\\\/i0.wp.com\\\/blogdoprosperi.com\\\/wp-content\\\/uploads\\\/2017\\\/10\\\/20171005193515_59d6b3a32fb41.jpg?fit=3200%2C2130&ssl=1\",\"contentUrl\":\"https:\\\/\\\/i0.wp.com\\\/blogdoprosperi.com\\\/wp-content\\\/uploads\\\/2017\\\/10\\\/20171005193515_59d6b3a32fb41.jpg?fit=3200%2C2130&ssl=1\",\"width\":3200,\"height\":2130,\"caption\":\"Sele\u00e7\u00e3o Brasileira vive dias de soberba com classifica\u00e7\u00e3o garantida para Copa 2018 - foto: Mowa Press\"},{\"@type\":\"BreadcrumbList\",\"@id\":\"https:\\\/\\\/blogdoprosperi.com\\\/?p=36860#breadcrumb\",\"itemListElement\":[{\"@type\":\"ListItem\",\"position\":1,\"name\":\"In\u00edcio\",\"item\":\"https:\\\/\\\/blogdoprosperi.com\\\/\"},{\"@type\":\"ListItem\",\"position\":2,\"name\":\"Sele\u00e7\u00e3o Brasileira precisa descer do pedestal\"}]},{\"@type\":\"WebSite\",\"@id\":\"https:\\\/\\\/blogdoprosperi.com\\\/#website\",\"url\":\"https:\\\/\\\/blogdoprosperi.com\\\/\",\"name\":\"PR\u00d3SPERI NEWS\",\"description\":\"TUDO \u00c9  FUTEBOL\",\"publisher\":{\"@id\":\"https:\\\/\\\/blogdoprosperi.com\\\/#\\\/schema\\\/person\\\/38100755ce3601861ee4fab9b5aa78e9\"},\"alternateName\":\"blogdoprosperi.com\",\"potentialAction\":[{\"@type\":\"SearchAction\",\"target\":{\"@type\":\"EntryPoint\",\"urlTemplate\":\"https:\\\/\\\/blogdoprosperi.com\\\/?s={search_term_string}\"},\"query-input\":{\"@type\":\"PropertyValueSpecification\",\"valueRequired\":true,\"valueName\":\"search_term_string\"}}],\"inLanguage\":\"pt-BR\"},{\"@type\":[\"Person\",\"Organization\"],\"@id\":\"https:\\\/\\\/blogdoprosperi.com\\\/#\\\/schema\\\/person\\\/38100755ce3601861ee4fab9b5aa78e9\",\"name\":\"Luiz Ant\u00f4nio Pr\u00f3speri\",\"pronouns\":\"ele\",\"image\":{\"@type\":\"ImageObject\",\"inLanguage\":\"pt-BR\",\"@id\":\"https:\\\/\\\/i0.wp.com\\\/blogdoprosperi.com\\\/wp-content\\\/uploads\\\/2026\\\/05\\\/cropped-8059e613-6002-42fa-961e-8e275f575d71-2-5.jpg?fit=1360%2C931&ssl=1\",\"url\":\"https:\\\/\\\/i0.wp.com\\\/blogdoprosperi.com\\\/wp-content\\\/uploads\\\/2026\\\/05\\\/cropped-8059e613-6002-42fa-961e-8e275f575d71-2-5.jpg?fit=1360%2C931&ssl=1\",\"contentUrl\":\"https:\\\/\\\/i0.wp.com\\\/blogdoprosperi.com\\\/wp-content\\\/uploads\\\/2026\\\/05\\\/cropped-8059e613-6002-42fa-961e-8e275f575d71-2-5.jpg?fit=1360%2C931&ssl=1\",\"width\":1360,\"height\":931,\"caption\":\"Luiz Ant\u00f4nio Pr\u00f3speri\"},\"logo\":{\"@id\":\"https:\\\/\\\/i0.wp.com\\\/blogdoprosperi.com\\\/wp-content\\\/uploads\\\/2026\\\/05\\\/cropped-8059e613-6002-42fa-961e-8e275f575d71-2-5.jpg?fit=1360%2C931&ssl=1\"},\"description\":\"Jornalista com carreira dedicada ao esporte. Cobriu 9 Copas do Mundo in loco, 1990 na It\u00e1lia, 1994 nos EUA, 1998 na Fran\u00e7a, 2002 na Coreia do Sul e Jap\u00e3o, 2006 na Alemanha, 2010 na \u00c1frica do Sul, 2014 no Brasil, 2018 na R\u00fassia e 2022 no Qatar. Eurocopas, 1992 na Su\u00e9cia e 1996 na Inglaterra. Copa das Confedera\u00e7\u00f5es de 2005 na Alemanha e 2009 na \u00c1frica do Sul. Rep\u00f3rter e Editor, trabalhou no Jornal da Tarde e Estad\u00e3o, de 1984 a fevereiro de 2016. Colunista, blogueiro. E comentarista de futebol na R\u00e1dio Estad\u00e3o, de 2013 a fevereiro de 2016. Jornalista respons\u00e1vel do \\\"Pr\u00f3speri News\\\" (blogdoprosperi.com).\",\"sameAs\":[\"http:\\\/\\\/blogdoprosperi.com\",\"Luiz Pr\u00f3speri\",\"@luiz_prosperi\",\"https:\\\/\\\/x.com\\\/Luizprosperi\",\"@prosperinacopa\",\"luiz.prosperi@icloud.com\"],\"url\":\"https:\\\/\\\/blogdoprosperi.com\\\/?author=102107496\"}]}<\/script>\n<!-- \/ Yoast SEO plugin. -->","yoast_head_json":{"title":"Sele\u00e7\u00e3o Brasileira precisa descer do pedestal - PR\u00d3SPERI NEWS","robots":{"index":"index","follow":"follow","max-snippet":"max-snippet:-1","max-image-preview":"max-image-preview:large","max-video-preview":"max-video-preview:-1"},"canonical":"https:\/\/blogdoprosperi.com\/?p=36860","og_locale":"pt_BR","og_type":"article","og_title":"Sele\u00e7\u00e3o Brasileira precisa descer do pedestal - PR\u00d3SPERI NEWS","og_description":"Soberba do Brasil nas Eliminat\u00f3rias da Copa 2018 incomoda. Desde mar\u00e7o a Sele\u00e7\u00e3o navega em \u00e1guas calmas. Bem [&hellip;]","og_url":"https:\/\/blogdoprosperi.com\/?p=36860","og_site_name":"PR\u00d3SPERI NEWS","article_publisher":"Luiz Pr\u00f3speri","article_author":"Luiz Pr\u00f3speri","article_published_time":"2017-10-06T03:51:11+00:00","og_image":[{"width":3200,"height":2130,"url":"https:\/\/i0.wp.com\/blogdoprosperi.com\/wp-content\/uploads\/2017\/10\/20171005193515_59d6b3a32fb41.jpg?fit=3200%2C2130&ssl=1","type":"image\/jpeg"}],"author":"Luiz Ant\u00f4nio Pr\u00f3speri","twitter_card":"summary_large_image","twitter_creator":"@Luizprosperi","twitter_site":"@Luizprosperi","twitter_misc":{"Escrito por":"Luiz Ant\u00f4nio Pr\u00f3speri","Est. tempo de leitura":"2 minutos"},"schema":{"@context":"https:\/\/schema.org","@graph":[{"@type":"Article","@id":"https:\/\/blogdoprosperi.com\/?p=36860#article","isPartOf":{"@id":"https:\/\/blogdoprosperi.com\/?p=36860"},"author":{"name":"Luiz Ant\u00f4nio Pr\u00f3speri","@id":"https:\/\/blogdoprosperi.com\/#\/schema\/person\/38100755ce3601861ee4fab9b5aa78e9"},"headline":"Sele\u00e7\u00e3o Brasileira precisa descer do pedestal","datePublished":"2017-10-06T03:51:11+00:00","mainEntityOfPage":{"@id":"https:\/\/blogdoprosperi.com\/?p=36860"},"wordCount":355,"commentCount":1,"publisher":{"@id":"https:\/\/blogdoprosperi.com\/#\/schema\/person\/38100755ce3601861ee4fab9b5aa78e9"},"image":{"@id":"https:\/\/blogdoprosperi.com\/?p=36860#primaryimage"},"thumbnailUrl":"https:\/\/i0.wp.com\/blogdoprosperi.com\/wp-content\/uploads\/2017\/10\/20171005193515_59d6b3a32fb41.jpg?fit=3200%2C2130&ssl=1","keywords":["Copa 2002","Copa 2018","Copa 94","Dunga","Eliminat\u00f3rias 2018","Felip\u00e3o","futebol","Tite"],"articleSection":["Copa do Mundo 2018","futebol"],"inLanguage":"pt-BR","potentialAction":[{"@type":"CommentAction","name":"Comment","target":["https:\/\/blogdoprosperi.com\/?p=36860#respond"]}]},{"@type":"WebPage","@id":"https:\/\/blogdoprosperi.com\/?p=36860","url":"https:\/\/blogdoprosperi.com\/?p=36860","name":"Sele\u00e7\u00e3o Brasileira precisa descer do pedestal - PR\u00d3SPERI NEWS","isPartOf":{"@id":"https:\/\/blogdoprosperi.com\/#website"},"primaryImageOfPage":{"@id":"https:\/\/blogdoprosperi.com\/?p=36860#primaryimage"},"image":{"@id":"https:\/\/blogdoprosperi.com\/?p=36860#primaryimage"},"thumbnailUrl":"https:\/\/i0.wp.com\/blogdoprosperi.com\/wp-content\/uploads\/2017\/10\/20171005193515_59d6b3a32fb41.jpg?fit=3200%2C2130&ssl=1","datePublished":"2017-10-06T03:51:11+00:00","breadcrumb":{"@id":"https:\/\/blogdoprosperi.com\/?p=36860#breadcrumb"},"inLanguage":"pt-BR","potentialAction":[{"@type":"ReadAction","target":["https:\/\/blogdoprosperi.com\/?p=36860"]}]},{"@type":"ImageObject","inLanguage":"pt-BR","@id":"https:\/\/blogdoprosperi.com\/?p=36860#primaryimage","url":"https:\/\/i0.wp.com\/blogdoprosperi.com\/wp-content\/uploads\/2017\/10\/20171005193515_59d6b3a32fb41.jpg?fit=3200%2C2130&ssl=1","contentUrl":"https:\/\/i0.wp.com\/blogdoprosperi.com\/wp-content\/uploads\/2017\/10\/20171005193515_59d6b3a32fb41.jpg?fit=3200%2C2130&ssl=1","width":3200,"height":2130,"caption":"Sele\u00e7\u00e3o Brasileira vive dias de soberba com classifica\u00e7\u00e3o garantida para Copa 2018 - foto: Mowa Press"},{"@type":"BreadcrumbList","@id":"https:\/\/blogdoprosperi.com\/?p=36860#breadcrumb","itemListElement":[{"@type":"ListItem","position":1,"name":"In\u00edcio","item":"https:\/\/blogdoprosperi.com\/"},{"@type":"ListItem","position":2,"name":"Sele\u00e7\u00e3o Brasileira precisa descer do pedestal"}]},{"@type":"WebSite","@id":"https:\/\/blogdoprosperi.com\/#website","url":"https:\/\/blogdoprosperi.com\/","name":"PR\u00d3SPERI NEWS","description":"TUDO \u00c9  FUTEBOL","publisher":{"@id":"https:\/\/blogdoprosperi.com\/#\/schema\/person\/38100755ce3601861ee4fab9b5aa78e9"},"alternateName":"blogdoprosperi.com","potentialAction":[{"@type":"SearchAction","target":{"@type":"EntryPoint","urlTemplate":"https:\/\/blogdoprosperi.com\/?s={search_term_string}"},"query-input":{"@type":"PropertyValueSpecification","valueRequired":true,"valueName":"search_term_string"}}],"inLanguage":"pt-BR"},{"@type":["Person","Organization"],"@id":"https:\/\/blogdoprosperi.com\/#\/schema\/person\/38100755ce3601861ee4fab9b5aa78e9","name":"Luiz Ant\u00f4nio Pr\u00f3speri","pronouns":"ele","image":{"@type":"ImageObject","inLanguage":"pt-BR","@id":"https:\/\/i0.wp.com\/blogdoprosperi.com\/wp-content\/uploads\/2026\/05\/cropped-8059e613-6002-42fa-961e-8e275f575d71-2-5.jpg?fit=1360%2C931&ssl=1","url":"https:\/\/i0.wp.com\/blogdoprosperi.com\/wp-content\/uploads\/2026\/05\/cropped-8059e613-6002-42fa-961e-8e275f575d71-2-5.jpg?fit=1360%2C931&ssl=1","contentUrl":"https:\/\/i0.wp.com\/blogdoprosperi.com\/wp-content\/uploads\/2026\/05\/cropped-8059e613-6002-42fa-961e-8e275f575d71-2-5.jpg?fit=1360%2C931&ssl=1","width":1360,"height":931,"caption":"Luiz Ant\u00f4nio Pr\u00f3speri"},"logo":{"@id":"https:\/\/i0.wp.com\/blogdoprosperi.com\/wp-content\/uploads\/2026\/05\/cropped-8059e613-6002-42fa-961e-8e275f575d71-2-5.jpg?fit=1360%2C931&ssl=1"},"description":"Jornalista com carreira dedicada ao esporte. Cobriu 9 Copas do Mundo in loco, 1990 na It\u00e1lia, 1994 nos EUA, 1998 na Fran\u00e7a, 2002 na Coreia do Sul e Jap\u00e3o, 2006 na Alemanha, 2010 na \u00c1frica do Sul, 2014 no Brasil, 2018 na R\u00fassia e 2022 no Qatar. Eurocopas, 1992 na Su\u00e9cia e 1996 na Inglaterra. Copa das Confedera\u00e7\u00f5es de 2005 na Alemanha e 2009 na \u00c1frica do Sul. Rep\u00f3rter e Editor, trabalhou no Jornal da Tarde e Estad\u00e3o, de 1984 a fevereiro de 2016. Colunista, blogueiro. E comentarista de futebol na R\u00e1dio Estad\u00e3o, de 2013 a fevereiro de 2016. Jornalista respons\u00e1vel do \"Pr\u00f3speri News\" (blogdoprosperi.com).","sameAs":["http:\/\/blogdoprosperi.com","Luiz Pr\u00f3speri","@luiz_prosperi","https:\/\/x.com\/Luizprosperi","@prosperinacopa","luiz.prosperi@icloud.com"],"url":"https:\/\/blogdoprosperi.com\/?author=102107496"}]}},"jetpack_publicize_connections":[],"jetpack_likes_enabled":false,"jetpack_sharing_enabled":true,"jetpack_shortlink":"https:\/\/wp.me\/p7jvdk-9Aw","jetpack-related-posts":[{"id":38636,"url":"https:\/\/blogdoprosperi.com\/?p=38636","url_meta":{"origin":36860,"position":0},"title":"Neymar reaparece na hora mais in\u00fatil","author":"Luiz Ant\u00f4nio Pr\u00f3speri","date":"15 de junho de 2021","format":false,"excerpt":"Neymar aumenta sua cole\u00e7\u00e3o de gols e se amea\u00e7a Pel\u00e9. Reaparece na hora mais in\u00fatil.","rel":"","context":"Em &quot;copa do mundo catar 2022&quot;","block_context":{"text":"copa do mundo catar 2022","link":"https:\/\/blogdoprosperi.com\/?cat=301049609"},"img":{"alt_text":"Neymar nas pegadas de Pel\u00e9","src":"https:\/\/i0.wp.com\/blogdoprosperi.com\/wp-content\/uploads\/2021\/06\/51245390873_a8c7734b13_c.jpg?fit=799%2C533&ssl=1&resize=350%2C200","width":350,"height":200,"srcset":"https:\/\/i0.wp.com\/blogdoprosperi.com\/wp-content\/uploads\/2021\/06\/51245390873_a8c7734b13_c.jpg?fit=799%2C533&ssl=1&resize=350%2C200 1x, https:\/\/i0.wp.com\/blogdoprosperi.com\/wp-content\/uploads\/2021\/06\/51245390873_a8c7734b13_c.jpg?fit=799%2C533&ssl=1&resize=525%2C300 1.5x, https:\/\/i0.wp.com\/blogdoprosperi.com\/wp-content\/uploads\/2021\/06\/51245390873_a8c7734b13_c.jpg?fit=799%2C533&ssl=1&resize=700%2C400 2x"},"classes":[]},{"id":45764,"url":"https:\/\/blogdoprosperi.com\/?p=45764","url_meta":{"origin":36860,"position":1},"title":"Chile x Brasil | Tramas e Dramas no Bord\u00e3o de Galv\u00e3o Bueno","author":"Luiz Ant\u00f4nio Pr\u00f3speri","date":"10 de outubro de 2024","format":false,"excerpt":"Galv\u00e3o Bueno costumava exaltar nas transmiss\u00f5es da Globo: \"Sele\u00e7\u00e3o Brasileira, est\u00e1 com problema? Chama o Chile\". Narrador criou esse bord\u00e3o em cima de um advers\u00e1rio f\u00e1cil de ser vencido quando as coisas n\u00e3o andavam bem na Sele\u00e7\u00e3o. \u00c0s v\u00e9speras de um Chile x Brasil l\u00e1 vinha Galv\u00e3o com a mesma\u2026","rel":"","context":"Em &quot;futebol&quot;","block_context":{"text":"futebol","link":"https:\/\/blogdoprosperi.com\/?cat=53870"},"img":{"alt_text":"Dorival Junior escala Paquet\u00e1 de segundo volante","src":"https:\/\/i0.wp.com\/blogdoprosperi.com\/wp-content\/uploads\/2024\/10\/54055166924_b83db61304_c.jpg?fit=800%2C530&ssl=1&resize=350%2C200","width":350,"height":200,"srcset":"https:\/\/i0.wp.com\/blogdoprosperi.com\/wp-content\/uploads\/2024\/10\/54055166924_b83db61304_c.jpg?fit=800%2C530&ssl=1&resize=350%2C200 1x, https:\/\/i0.wp.com\/blogdoprosperi.com\/wp-content\/uploads\/2024\/10\/54055166924_b83db61304_c.jpg?fit=800%2C530&ssl=1&resize=525%2C300 1.5x, https:\/\/i0.wp.com\/blogdoprosperi.com\/wp-content\/uploads\/2024\/10\/54055166924_b83db61304_c.jpg?fit=800%2C530&ssl=1&resize=700%2C400 2x"},"classes":[]},{"id":45016,"url":"https:\/\/blogdoprosperi.com\/?p=45016","url_meta":{"origin":36860,"position":2},"title":"Dorival Junior: &#8220;Vai Ser um Jogo Complicado Contra o Equador&#8221;","author":"Luiz Ant\u00f4nio Pr\u00f3speri","date":"5 de setembro de 2024","format":false,"excerpt":"Confira entrevistas coletivas de Bruno Guimar\u00e3es e Dorival Junior na v\u00e9spera de o Brasil enfrentar o Equador nas Eliminat\u00f3rias da Copa do Mundo 2024: \u201cQuero um time com troca veloz de passes e muita mobilidade dos homens de frente. Vai ser um jogo complicado. Vamos enfrentar uma grande equipe, de\u2026","rel":"","context":"Em &quot;futebol&quot;","block_context":{"text":"futebol","link":"https:\/\/blogdoprosperi.com\/?cat=53870"},"img":{"alt_text":"Dorival Junior projeta jogos complicados nas Eliminat\u00f3rias e v\u00ea Brasil na final da Copa 2026","src":"https:\/\/i0.wp.com\/blogdoprosperi.com\/wp-content\/uploads\/2024\/09\/53973746148_74c17689a1_k.jpg?fit=1200%2C794&ssl=1&resize=350%2C200","width":350,"height":200,"srcset":"https:\/\/i0.wp.com\/blogdoprosperi.com\/wp-content\/uploads\/2024\/09\/53973746148_74c17689a1_k.jpg?fit=1200%2C794&ssl=1&resize=350%2C200 1x, https:\/\/i0.wp.com\/blogdoprosperi.com\/wp-content\/uploads\/2024\/09\/53973746148_74c17689a1_k.jpg?fit=1200%2C794&ssl=1&resize=525%2C300 1.5x, https:\/\/i0.wp.com\/blogdoprosperi.com\/wp-content\/uploads\/2024\/09\/53973746148_74c17689a1_k.jpg?fit=1200%2C794&ssl=1&resize=700%2C400 2x, https:\/\/i0.wp.com\/blogdoprosperi.com\/wp-content\/uploads\/2024\/09\/53973746148_74c17689a1_k.jpg?fit=1200%2C794&ssl=1&resize=1050%2C600 3x"},"classes":[]},{"id":45707,"url":"https:\/\/blogdoprosperi.com\/?p=45707","url_meta":{"origin":36860,"position":3},"title":"Sele\u00e7\u00e3o Brasileira | Dorival Junior Cai na Cilada da CBF e Presidente Aguarda Julgamento do STF","author":"Luiz Ant\u00f4nio Pr\u00f3speri","date":"9 de outubro de 2024","format":false,"excerpt":"Luiz Ant\u00f4nio Pr\u00f3speri \u2013 9 outubro (00h10) Dorival Junior est\u00e1 por um fio no comando da Sele\u00e7\u00e3o Brasileira. Ednaldo Rodrigues tamb\u00e9m vive mesma situa\u00e7\u00e3o na presid\u00eancia da CBF. Dorival, o t\u00e9cnico, depende de uma vit\u00f3ria contra o Chile, jogo das Eliminat\u00f3rias da Copa 2026, quinta-feira (10\/10), em Santiago. Ednaldo, o\u2026","rel":"","context":"Em &quot;futebol&quot;","block_context":{"text":"futebol","link":"https:\/\/blogdoprosperi.com\/?cat=53870"},"img":{"alt_text":"Dorival por um fio na Sele\u00e7\u00e3o Brasileira","src":"https:\/\/i0.wp.com\/blogdoprosperi.com\/wp-content\/uploads\/2024\/10\/54052520387_3484cb21ae_k.jpg?fit=1200%2C776&ssl=1&resize=350%2C200","width":350,"height":200,"srcset":"https:\/\/i0.wp.com\/blogdoprosperi.com\/wp-content\/uploads\/2024\/10\/54052520387_3484cb21ae_k.jpg?fit=1200%2C776&ssl=1&resize=350%2C200 1x, https:\/\/i0.wp.com\/blogdoprosperi.com\/wp-content\/uploads\/2024\/10\/54052520387_3484cb21ae_k.jpg?fit=1200%2C776&ssl=1&resize=525%2C300 1.5x, https:\/\/i0.wp.com\/blogdoprosperi.com\/wp-content\/uploads\/2024\/10\/54052520387_3484cb21ae_k.jpg?fit=1200%2C776&ssl=1&resize=700%2C400 2x, https:\/\/i0.wp.com\/blogdoprosperi.com\/wp-content\/uploads\/2024\/10\/54052520387_3484cb21ae_k.jpg?fit=1200%2C776&ssl=1&resize=1050%2C600 3x"},"classes":[]},{"id":41758,"url":"https:\/\/blogdoprosperi.com\/?p=41758","url_meta":{"origin":36860,"position":4},"title":"Guru de Tite chega em 2024 e renova\u00e7\u00e3o da Sele\u00e7\u00e3o corre risco","author":"Luiz Ant\u00f4nio Pr\u00f3speri","date":"20 de junho de 2023","format":false,"excerpt":"Chegada de Carlo Ancelotti em 2024 lan\u00e7a uma quest\u00e3o fundamental: como \u00e9 que fica o processo de remontagem da Sele\u00e7\u00e3o Brasileira?","rel":"","context":"Em &quot;catar 2022&quot;","block_context":{"text":"catar 2022","link":"https:\/\/blogdoprosperi.com\/?cat=47094043"},"img":{"alt_text":"","src":"https:\/\/i0.wp.com\/blogdoprosperi.com\/wp-content\/uploads\/2023\/06\/52989781650_5ca2b0913b_c.jpg?fit=800%2C477&ssl=1&resize=350%2C200","width":350,"height":200,"srcset":"https:\/\/i0.wp.com\/blogdoprosperi.com\/wp-content\/uploads\/2023\/06\/52989781650_5ca2b0913b_c.jpg?fit=800%2C477&ssl=1&resize=350%2C200 1x, https:\/\/i0.wp.com\/blogdoprosperi.com\/wp-content\/uploads\/2023\/06\/52989781650_5ca2b0913b_c.jpg?fit=800%2C477&ssl=1&resize=525%2C300 1.5x, https:\/\/i0.wp.com\/blogdoprosperi.com\/wp-content\/uploads\/2023\/06\/52989781650_5ca2b0913b_c.jpg?fit=800%2C477&ssl=1&resize=700%2C400 2x"},"classes":[]},{"id":45140,"url":"https:\/\/blogdoprosperi.com\/?p=45140","url_meta":{"origin":36860,"position":5},"title":"Sele\u00e7\u00e3o Brasileira Perde do Paraguai: Culpa do Presidente da CBF. Camisas Amarelas ao Vento","author":"Luiz Ant\u00f4nio Pr\u00f3speri","date":"11 de setembro de 2024","format":false,"excerpt":"Luiz Antonio Pr\u00f3speri \u2013 11 setembro (atualizado 10h30) CBF est\u00e1 sem sa\u00edda diante de mais um fracasso rotundo da Sele\u00e7\u00e3o Brasileira - derrota constrangedora para o Paraguai nas Eliminat\u00f3rias da Copa 2026. Presidente Ednaldo Rodrigues, centralizador como ele s\u00f3, n\u00e3o tem um colegiado a ouvir ou ajud\u00e1-lo a tomar decis\u00f5es\u2026","rel":"","context":"Em &quot;futebol&quot;","block_context":{"text":"futebol","link":"https:\/\/blogdoprosperi.com\/?cat=53870"},"img":{"alt_text":"Sele\u00e7\u00e3o Brasileira \u00e0 espera de um time","src":"https:\/\/i0.wp.com\/blogdoprosperi.com\/wp-content\/uploads\/2024\/09\/53987038463_1c33dba7d8_k.jpg?fit=1200%2C800&ssl=1&resize=350%2C200","width":350,"height":200,"srcset":"https:\/\/i0.wp.com\/blogdoprosperi.com\/wp-content\/uploads\/2024\/09\/53987038463_1c33dba7d8_k.jpg?fit=1200%2C800&ssl=1&resize=350%2C200 1x, https:\/\/i0.wp.com\/blogdoprosperi.com\/wp-content\/uploads\/2024\/09\/53987038463_1c33dba7d8_k.jpg?fit=1200%2C800&ssl=1&resize=525%2C300 1.5x, https:\/\/i0.wp.com\/blogdoprosperi.com\/wp-content\/uploads\/2024\/09\/53987038463_1c33dba7d8_k.jpg?fit=1200%2C800&ssl=1&resize=700%2C400 2x, https:\/\/i0.wp.com\/blogdoprosperi.com\/wp-content\/uploads\/2024\/09\/53987038463_1c33dba7d8_k.jpg?fit=1200%2C800&ssl=1&resize=1050%2C600 3x"},"classes":[]}],"jetpack_featured_media_url":"https:\/\/i0.wp.com\/blogdoprosperi.com\/wp-content\/uploads\/2017\/10\/20171005193515_59d6b3a32fb41.jpg?fit=3200%2C2130&ssl=1","_links":{"self":[{"href":"https:\/\/blogdoprosperi.com\/index.php?rest_route=\/wp\/v2\/posts\/36860","targetHints":{"allow":["GET"]}}],"collection":[{"href":"https:\/\/blogdoprosperi.com\/index.php?rest_route=\/wp\/v2\/posts"}],"about":[{"href":"https:\/\/blogdoprosperi.com\/index.php?rest_route=\/wp\/v2\/types\/post"}],"author":[{"embeddable":true,"href":"https:\/\/blogdoprosperi.com\/index.php?rest_route=\/wp\/v2\/users\/102107496"}],"replies":[{"embeddable":true,"href":"https:\/\/blogdoprosperi.com\/index.php?rest_route=%2Fwp%2Fv2%2Fcomments&post=36860"}],"version-history":[{"count":25,"href":"https:\/\/blogdoprosperi.com\/index.php?rest_route=\/wp\/v2\/posts\/36860\/revisions"}],"predecessor-version":[{"id":36893,"href":"https:\/\/blogdoprosperi.com\/index.php?rest_route=\/wp\/v2\/posts\/36860\/revisions\/36893"}],"wp:featuredmedia":[{"embeddable":true,"href":"https:\/\/blogdoprosperi.com\/index.php?rest_route=\/wp\/v2\/media\/36889"}],"wp:attachment":[{"href":"https:\/\/blogdoprosperi.com\/index.php?rest_route=%2Fwp%2Fv2%2Fmedia&parent=36860"}],"wp:term":[{"taxonomy":"category","embeddable":true,"href":"https:\/\/blogdoprosperi.com\/index.php?rest_route=%2Fwp%2Fv2%2Fcategories&post=36860"},{"taxonomy":"post_tag","embeddable":true,"href":"https:\/\/blogdoprosperi.com\/index.php?rest_route=%2Fwp%2Fv2%2Ftags&post=36860"}],"curies":[{"name":"wp","href":"https:\/\/api.w.org\/{rel}","templated":true}]}}