{"id":36894,"date":"2017-10-09T15:25:00","date_gmt":"2017-10-09T18:25:00","guid":{"rendered":"http:\/\/blogdoprosperi.com\/?p=36894"},"modified":"2017-10-09T15:26:35","modified_gmt":"2017-10-09T18:26:35","slug":"gabriel-jesus-espera-convencer-o-palmeirense-neymar-a-um-dia-jogar-no-palmeiras","status":"publish","type":"post","link":"https:\/\/blogdoprosperi.com\/?p=36894","title":{"rendered":"Gabriel Jesus espera convencer &#8216;palmeirense&#8217; Neymar a um dia jogar no Palmeiras"},"content":{"rendered":"<p>Brasil x Chile, jogo da despedida das Eliminat\u00f3rias da Copa 2018, passa por Gabriel Jesus. H\u00e1 ingredientes de sobra a envolver o atacante e a partida desta ter\u00e7a-feira (10\/10) no Allianz Parque.<\/p>\n<p><!--more--><\/p>\n<p>Primeiro, vai atuar na sua casa, o est\u00e1dio onde se projetou para Sele\u00e7\u00e3o Brasileira e o mundo. Segundo, seu \u00faltimo jogo no Palmeiras, quando j\u00e1 havia assinado com o Manchester City, se deu na arena. Terceiro, vai ficar frente a frente com Valdivia, um dos \u00faltimos \u00eddolos do clube, hoje pe\u00e7a importante na sele\u00e7\u00e3o chilena. Quarto, pode fechar as Eliminat\u00f3rias como artilheiro do time de Tite \u2013 tem cinco gols, ao lado de Paulinho, e um a menos que Neymar, o goleador m\u00e1ximo at\u00e9 aqui. Ali\u00e1s, Neymar, evidente, ganha destaque na partida ao anunciar que na inf\u00e2ncia era palmeirense e tinha muitos \u00eddolos como Marcos, Evair, Rivaldo e Alex.<\/p>\n<p>Por tudo isso, Gabriel Jesus era um dos mais empolgados do grupo de jogadores da Sele\u00e7\u00e3o no treino desta tarde de domingo (8\/10) na Academia de Futebol, CT do Palmeiras. Desde a chegada do \u00f4nibus da Sele\u00e7\u00e3o at\u00e9 a sa\u00edda foi o mais ovacionado pelos torcedores aglomerados no port\u00e3o de acesso do centro de treinamentos. Ali, o garoto comeu grama at\u00e9 conquistar seu espa\u00e7o. Dos 23 selecionados de Tite, era o \u00fanico a conhecer todas as depend\u00eancias do complexo esportivo e se sentir \u00e0 vontade.<\/p>\n<figure id=\"attachment_36902\" aria-describedby=\"caption-attachment-36902\" style=\"width: 3200px\" class=\"wp-caption alignnone\"><img data-recalc-dims=\"1\" loading=\"lazy\" decoding=\"async\" data-attachment-id=\"36902\" data-permalink=\"https:\/\/blogdoprosperi.com\/?attachment_id=36902\" data-orig-file=\"https:\/\/i0.wp.com\/blogdoprosperi.com\/wp-content\/uploads\/2017\/10\/20171008184208_59da9bb092513.jpg?fit=3200%2C2130&amp;ssl=1\" data-orig-size=\"3200,2130\" data-comments-opened=\"1\" data-image-meta=\"{&quot;aperture&quot;:&quot;2.8&quot;,&quot;credit&quot;:&quot;Pedro Martins\/ MoWa Press&quot;,&quot;camera&quot;:&quot;NIKON D4&quot;,&quot;caption&quot;:&quot;durante o segundo treino da Selecao Brasileira realizado no CT do Palmeiras  em Sao Paulo, antes do jogo contra o Chile pela decima oitava rodada das eliminatorias sul-americanas para a Copa da Russia de 2018.&quot;,&quot;created_timestamp&quot;:&quot;1507487794&quot;,&quot;copyright&quot;:&quot;Pedro Martins\/ MoWa Press&quot;,&quot;focal_length&quot;:&quot;120&quot;,&quot;iso&quot;:&quot;1000&quot;,&quot;shutter_speed&quot;:&quot;0.004&quot;,&quot;title&quot;:&quot;&quot;,&quot;orientation&quot;:&quot;0&quot;}\" data-image-title=\"Gabriel Jesus com a Sele\u00e7\u00e3o na casa do Palmeiras\" data-image-description=\"\" data-image-caption=\"&lt;p&gt;Jesus espera convencer a um dia jogar no Palmeiras &amp;#8211; foto: site Palmeiras&lt;\/p&gt;\n\" data-large-file=\"https:\/\/i0.wp.com\/blogdoprosperi.com\/wp-content\/uploads\/2017\/10\/20171008184208_59da9bb092513.jpg?fit=940%2C626&amp;ssl=1\" class=\"alignnone size-full wp-image-36902\" src=\"https:\/\/i0.wp.com\/blogdoprosperi.com\/wp-content\/uploads\/2017\/10\/20171008184208_59da9bb092513.jpg?resize=940%2C626&#038;ssl=1\" alt=\"Gabriel Jesus com a Sele\u00e7\u00e3o na casa do Palmeiras\" width=\"940\" height=\"626\" \/><figcaption id=\"caption-attachment-36902\" class=\"wp-caption-text\">Jesus espera convencer a um dia jogar no Palmeiras &#8211; foto: site Palmeiras<\/figcaption><\/figure>\n<p>\u201c\u00c9 uma felicidade imensa poder retornar onde tudo come\u00e7ou, onde realizei meu sonho e criei uma hist\u00f3ria r\u00e1pida com a ajuda dos companheiros que tive aqui. Eu sempre tive a felicidade de ter o carinho da torcida do Palmeiras, e isso nunca mudou. Sempre que encontro torcedores eles me tratam com carinho, fico feliz.\u201d<\/p>\n<p>Jesus n\u00e3o sabe, mas foi no Allianz Parque que Tite, ainda treinador do Corinthians, disse que o garoto estava pronto para ser um grande jogador. A revela\u00e7\u00e3o se deu ap\u00f3s a vit\u00f3ria do Palmeiras por 1 a 0 no Brasileir\u00e3o de 2016. Meses depois, Tite virou chefe da Sele\u00e7\u00e3o e na primeira convoca\u00e7\u00e3o deu a camisa 9 a Gabriel Jesus, em prova de fogo contra o Equador, ent\u00e3o l\u00edder das Eliminat\u00f3rias, em Quito. O garoto, de 19 anos na \u00e9poca, entrou e meteu dois gols. Dava raz\u00e3o a Tite.<\/p>\n<p>Em pouco tempo, o atacante bateu asas e se transferiu para o Manchester City a pedido do respeitado Pep Guardiola.<\/p>\n<p>\u201cEstou muito feliz com o que venho mostrando, mas sei que tenho que continuar trabalhando, correndo, mostrando que posso ser convocado. Vou continuar fazendo o que sempre fiz, seja no Manchester, seja na Sele\u00e7\u00e3o. Estou evoluindo n\u00e3o s\u00f3 como profissional, mas tamb\u00e9m a cabe\u00e7a, a mente. Estou evoluindo mais do que no ano passado, com muitas experi\u00eancias na Sele\u00e7\u00e3o e na Europa, isso est\u00e1 me fazendo bem\u201d.<\/p>\n<p><img data-recalc-dims=\"1\" loading=\"lazy\" decoding=\"async\" data-attachment-id=\"11126\" data-permalink=\"https:\/\/blogdoprosperi.com\/?attachment_id=11126\" data-orig-file=\"https:\/\/i0.wp.com\/blogdoprosperi.com\/wp-content\/uploads\/2016\/06\/tite-corinthians-rib.jpg?fit=2000%2C1264&amp;ssl=1\" data-orig-size=\"2000,1264\" data-comments-opened=\"1\" data-image-meta=\"{&quot;aperture&quot;:&quot;0&quot;,&quot;credit&quot;:&quot;&quot;,&quot;camera&quot;:&quot;&quot;,&quot;caption&quot;:&quot;&quot;,&quot;created_timestamp&quot;:&quot;0&quot;,&quot;copyright&quot;:&quot;&quot;,&quot;focal_length&quot;:&quot;0&quot;,&quot;iso&quot;:&quot;0&quot;,&quot;shutter_speed&quot;:&quot;0&quot;,&quot;title&quot;:&quot;&quot;,&quot;orientation&quot;:&quot;0&quot;}\" data-image-title=\"tite-corinthians-rib\" data-image-description=\"\" data-image-caption=\"\" data-large-file=\"https:\/\/i0.wp.com\/blogdoprosperi.com\/wp-content\/uploads\/2016\/06\/tite-corinthians-rib.jpg?fit=940%2C594&amp;ssl=1\" class=\" wp-image-11126     lazyloaded\" src=\"https:\/\/i0.wp.com\/cdn01.chuteirafc.cartacapital.com.br\/wp-content\/uploads\/2017\/06\/24165915\/fernando-prass_gabriel-jesus.jpg?resize=452%2C571\" alt=\"Gabriel Jesus se despede do Palmeiras\" width=\"452\" height=\"571\" \/><\/p>\n<p>Na ter\u00e7a-feira, vai ter uma nova chance de escrever mais um cap\u00edtulo dessa hist\u00f3ria ao pisar no gramado do Allianz Parque com a camisa da Sele\u00e7\u00e3o.<\/p>\n<p>\u201c\u00c9 muito especial voltar ao Allianz. Foi pouco tempo, mas pareceu que foi muito, por tudo que vivi aqui no Palmeiras, felicidades e tamb\u00e9m tristezas que vieram como aprendizado. Aprendi muito aqui. Sempre falo do meu carinho, tenho gratid\u00e3o por tudo que o Palmeiras me proporcionou. Quando eu pisar l\u00e1, vou lembrar daquele dia (despedida contra a Chapecoense, em 2016, quando deixou o campo chorando nos ombros de Fernando Prass ap\u00f3s a conquista do Brasileir\u00e3o)\u201d.<\/p>\n<p>E no jogo contra o Chile vai ter pela frente outro \u00eddolo do Palmeiras, o chileno Valdivia, de pouca hist\u00f3ria na arena, mas de muita identidade com o clube. Antes de Jesus ser o xod\u00f3 da torcida, o chileno era o mais badalado pelos palmeirenses.<\/p>\n<p>\u201cJoguei uma vez ao lado do Valdivia. O tempo que passei aqui com ele, me mostrou ser uma pessoa bacana, tranquila, um craque de bola. No jogo de ter\u00e7a, \u00e9 ele defendendo o dele, e eu o meu\u201d. O meia chileno disputou\u00a0seis partidas na arena antes de deixar o Palmeiras em meados de 2015. N\u00e3o fez nenhum gol e coleciona duas vit\u00f3rias, tr\u00eas empates e uma derrota.<\/p>\n<p>Seja qual for o resultado desse duelo particular entre os dois, Jesus vive a expectativa de fazer um grande jogo nesta despedida da Sele\u00e7\u00e3o em campos do Brasil \u2013 os pr\u00f3ximos compromissos ser\u00e3o fora do Pa\u00eds at\u00e9 o in\u00edcio do Mundial da R\u00fassia \u2013 e consolidar de vez um lugar no grupo de Tite.<\/p>\n<p>\u201cA Copa do Mundo podia come\u00e7ar amanh\u00e3, a ansiedade \u00e9 enorme. Eu sonho com a Copa do Mundo desde que coloquei na minha cabe\u00e7a que gostaria de ser jogador de futebol. Vou brigar com lealdade para conseguir estar dentro do grupo da Sele\u00e7\u00e3o. \u00c9 fazer por merecer e realizar um bom trabalho. A partir do momento que sair daqui, \u00e9 focar no City para voltar a sele\u00e7\u00e3o\u201d.<\/p>\n<p><a href=\"http:\/\/chuteirafc.cartacapital.com.br\">(texto publicado no CHUTEIRA FC &#8211; leia mais not\u00edcias e an\u00e1lises de futebol)<\/a><\/p>\n<blockquote><p><strong>NEYMAR: \u201cSERIA UM PRAZER JOGAR NO PALMEIRAS\u201d<\/strong><\/p>\n<p>Gabriel Jesus tamb\u00e9m \u201capresentou\u201d a Academia a Neymar, que desde sexta-feira tem usado as redes sociais para relembrar de sua inf\u00e2ncia de torcedor do Palmeiras.<\/p>\n<p>\u201cNunca toquei no assunto com ele, mas eu sei, todos n\u00f3s sabemos, que o Neymar j\u00e1 foi palmeirense. Qualquer dia vou conversar com ele sobre isso.\u00a0N\u00e3o sei se o Neymar estava com a camisa do Palmeiras, n\u00e3o vi. Se estava, fico muito feliz\u201d, disse Gabriel Jesus.<\/p>\n<p>Nem foi preciso conversar com o craque, Neymar mesmo abriu o jogo em entrevista \u00e0 TV Palmeiras. Veja o que ele disse:<\/p>\n<p>\u201cEu era palmeirense, desde pequeno gostava sempre de ver o Palmeiras. N\u00e3o tenho muita\u00a0hist\u00f3ria\u00a0de torcedor com o\u00a0Palmeiras porque\u00a0eu\u00a0era muito pequeno, mas meus\u00a0\u00eddolos eram Evair, Marcos, Rivaldo e Alex. Eu me espelhava e acabei virando palmeirense por causa deles. Olha, n\u00e3o sei (se vai jogar um dia pelo Palmeiras), ningu\u00e9m sabe o dia de amanh\u00e3. Mas seria um grande prazer. Espero que sim (ter apoio dos palmeirenses no jogo contra o Chile), n\u00e3o s\u00f3 comigo, mas com todos os jogadores, porque a gente est\u00e1 representando a Sele\u00e7\u00e3o Brasileira, e n\u00e3o o clube. O clube fica do lado de fora, e espero que todo mundo tor\u00e7a muito pela Sele\u00e7\u00e3o.\u201d<\/p><\/blockquote>\n<div class=\"jetpack-video-wrapper\"><span class=\"embed-youtube\" style=\"text-align:center; display: block;\"><iframe loading=\"lazy\" class=\"youtube-player\" width=\"940\" height=\"529\" src=\"https:\/\/www.youtube.com\/embed\/h0JgLCQAXXw?version=3&#038;rel=1&#038;showsearch=0&#038;showinfo=1&#038;iv_load_policy=1&#038;fs=1&#038;hl=pt-BR&#038;autohide=2&#038;wmode=transparent\" allowfullscreen=\"true\" style=\"border:0;\" sandbox=\"allow-scripts allow-same-origin allow-popups allow-presentation allow-popups-to-escape-sandbox\"><\/iframe><\/span><\/div>\n","protected":false},"excerpt":{"rendered":"<p>Brasil x Chile, jogo da despedida das Eliminat\u00f3rias da Copa 2018, passa por Gabriel Jesus. H\u00e1 ingredientes de [&hellip;]<\/p>\n","protected":false},"author":102107496,"featured_media":36900,"comment_status":"open","ping_status":"open","sticky":false,"template":"","format":"standard","meta":{"_coblocks_attr":"","_coblocks_dimensions":"","_coblocks_responsive_height":"","_coblocks_accordion_ie_support":"","_jetpack_newsletter_access":"","_jetpack_dont_email_post_to_subs":false,"_jetpack_newsletter_tier_id":0,"_jetpack_memberships_contains_paywalled_content":false,"_wpcom_ai_launchpad_first_post":false,"_jetpack_feature_clip_id":0,"_jetpack_memberships_contains_paid_content":false,"footnotes":"","jetpack_publicize_message":"","jetpack_publicize_feature_enabled":true,"jetpack_social_post_already_shared":false,"jetpack_social_options":{"image_generator_settings":{"template":"highway","default_image_id":0,"font":"","enabled":false},"version":2},"jetpack_post_was_ever_published":false},"categories":[53870],"tags":[789560560],"class_list":["post-36894","post","type-post","status-publish","format-standard","has-post-thumbnail","hentry","category-futebol","tag-futebol"],"yoast_head":"<!-- This site is optimized with the Yoast SEO plugin v28.3 - https:\/\/yoast.com\/product\/yoast-seo-wordpress\/ -->\n<title>Gabriel Jesus espera convencer &#039;palmeirense&#039; Neymar a um dia jogar no Palmeiras - PR\u00d3SPERI NEWS<\/title>\n<meta name=\"robots\" content=\"index, follow, max-snippet:-1, max-image-preview:large, max-video-preview:-1\" \/>\n<link rel=\"canonical\" href=\"https:\/\/blogdoprosperi.com\/?p=36894\" \/>\n<meta property=\"og:locale\" content=\"pt_BR\" \/>\n<meta property=\"og:type\" content=\"article\" \/>\n<meta property=\"og:title\" content=\"Gabriel Jesus espera convencer &#039;palmeirense&#039; Neymar a um dia jogar no Palmeiras - PR\u00d3SPERI NEWS\" \/>\n<meta property=\"og:description\" content=\"Brasil x Chile, jogo da despedida das Eliminat\u00f3rias da Copa 2018, passa por Gabriel Jesus. H\u00e1 ingredientes de [&hellip;]\" \/>\n<meta property=\"og:url\" content=\"https:\/\/blogdoprosperi.com\/?p=36894\" \/>\n<meta property=\"og:site_name\" content=\"PR\u00d3SPERI NEWS\" \/>\n<meta property=\"article:publisher\" content=\"Luiz Pr\u00f3speri\" \/>\n<meta property=\"article:author\" content=\"Luiz Pr\u00f3speri\" \/>\n<meta property=\"article:published_time\" content=\"2017-10-09T18:25:00+00:00\" \/>\n<meta property=\"article:modified_time\" content=\"2017-10-09T18:26:35+00:00\" \/>\n<meta property=\"og:image\" content=\"https:\/\/i0.wp.com\/blogdoprosperi.com\/wp-content\/uploads\/2017\/10\/37581662711_298389d878_b.jpg?fit=1024%2C659&ssl=1\" \/>\n\t<meta property=\"og:image:width\" content=\"1024\" \/>\n\t<meta property=\"og:image:height\" content=\"659\" \/>\n\t<meta property=\"og:image:type\" content=\"image\/jpeg\" \/>\n<meta name=\"author\" content=\"Luiz Ant\u00f4nio Pr\u00f3speri\" \/>\n<meta name=\"twitter:card\" content=\"summary_large_image\" \/>\n<meta name=\"twitter:creator\" content=\"@Luizprosperi\" \/>\n<meta name=\"twitter:site\" content=\"@Luizprosperi\" \/>\n<meta name=\"twitter:label1\" content=\"Escrito por\" \/>\n\t<meta name=\"twitter:data1\" content=\"Luiz Ant\u00f4nio Pr\u00f3speri\" \/>\n\t<meta name=\"twitter:label2\" content=\"Est. tempo de leitura\" \/>\n\t<meta name=\"twitter:data2\" content=\"6 minutos\" \/>\n<script type=\"application\/ld+json\" class=\"yoast-schema-graph\">{\"@context\":\"https:\\\/\\\/schema.org\",\"@graph\":[{\"@type\":\"Article\",\"@id\":\"https:\\\/\\\/blogdoprosperi.com\\\/?p=36894#article\",\"isPartOf\":{\"@id\":\"https:\\\/\\\/blogdoprosperi.com\\\/?p=36894\"},\"author\":{\"name\":\"Luiz Ant\u00f4nio Pr\u00f3speri\",\"@id\":\"https:\\\/\\\/blogdoprosperi.com\\\/#\\\/schema\\\/person\\\/38100755ce3601861ee4fab9b5aa78e9\"},\"headline\":\"Gabriel Jesus espera convencer &#8216;palmeirense&#8217; Neymar a um dia jogar no Palmeiras\",\"datePublished\":\"2017-10-09T18:25:00+00:00\",\"dateModified\":\"2017-10-09T18:26:35+00:00\",\"mainEntityOfPage\":{\"@id\":\"https:\\\/\\\/blogdoprosperi.com\\\/?p=36894\"},\"wordCount\":1114,\"commentCount\":0,\"publisher\":{\"@id\":\"https:\\\/\\\/blogdoprosperi.com\\\/#\\\/schema\\\/person\\\/38100755ce3601861ee4fab9b5aa78e9\"},\"image\":{\"@id\":\"https:\\\/\\\/blogdoprosperi.com\\\/?p=36894#primaryimage\"},\"thumbnailUrl\":\"https:\\\/\\\/i0.wp.com\\\/blogdoprosperi.com\\\/wp-content\\\/uploads\\\/2017\\\/10\\\/37581662711_298389d878_b.jpg?fit=1024%2C659&ssl=1\",\"keywords\":[\"futebol\"],\"articleSection\":[\"futebol\"],\"inLanguage\":\"pt-BR\",\"potentialAction\":[{\"@type\":\"CommentAction\",\"name\":\"Comment\",\"target\":[\"https:\\\/\\\/blogdoprosperi.com\\\/?p=36894#respond\"]}]},{\"@type\":\"WebPage\",\"@id\":\"https:\\\/\\\/blogdoprosperi.com\\\/?p=36894\",\"url\":\"https:\\\/\\\/blogdoprosperi.com\\\/?p=36894\",\"name\":\"Gabriel Jesus espera convencer 'palmeirense' Neymar a um dia jogar no Palmeiras - PR\u00d3SPERI NEWS\",\"isPartOf\":{\"@id\":\"https:\\\/\\\/blogdoprosperi.com\\\/#website\"},\"primaryImageOfPage\":{\"@id\":\"https:\\\/\\\/blogdoprosperi.com\\\/?p=36894#primaryimage\"},\"image\":{\"@id\":\"https:\\\/\\\/blogdoprosperi.com\\\/?p=36894#primaryimage\"},\"thumbnailUrl\":\"https:\\\/\\\/i0.wp.com\\\/blogdoprosperi.com\\\/wp-content\\\/uploads\\\/2017\\\/10\\\/37581662711_298389d878_b.jpg?fit=1024%2C659&ssl=1\",\"datePublished\":\"2017-10-09T18:25:00+00:00\",\"dateModified\":\"2017-10-09T18:26:35+00:00\",\"breadcrumb\":{\"@id\":\"https:\\\/\\\/blogdoprosperi.com\\\/?p=36894#breadcrumb\"},\"inLanguage\":\"pt-BR\",\"potentialAction\":[{\"@type\":\"ReadAction\",\"target\":[\"https:\\\/\\\/blogdoprosperi.com\\\/?p=36894\"]}]},{\"@type\":\"ImageObject\",\"inLanguage\":\"pt-BR\",\"@id\":\"https:\\\/\\\/blogdoprosperi.com\\\/?p=36894#primaryimage\",\"url\":\"https:\\\/\\\/i0.wp.com\\\/blogdoprosperi.com\\\/wp-content\\\/uploads\\\/2017\\\/10\\\/37581662711_298389d878_b.jpg?fit=1024%2C659&ssl=1\",\"contentUrl\":\"https:\\\/\\\/i0.wp.com\\\/blogdoprosperi.com\\\/wp-content\\\/uploads\\\/2017\\\/10\\\/37581662711_298389d878_b.jpg?fit=1024%2C659&ssl=1\",\"width\":1024,\"height\":659,\"caption\":\"Neymar relembra a inf\u00e2ncia de palmeirense na Academia de Futebol e tem conversa com Galiotte e Mattos - foto: site Palmeiras\"},{\"@type\":\"BreadcrumbList\",\"@id\":\"https:\\\/\\\/blogdoprosperi.com\\\/?p=36894#breadcrumb\",\"itemListElement\":[{\"@type\":\"ListItem\",\"position\":1,\"name\":\"In\u00edcio\",\"item\":\"https:\\\/\\\/blogdoprosperi.com\\\/\"},{\"@type\":\"ListItem\",\"position\":2,\"name\":\"Gabriel Jesus espera convencer &#8216;palmeirense&#8217; Neymar a um dia jogar no Palmeiras\"}]},{\"@type\":\"WebSite\",\"@id\":\"https:\\\/\\\/blogdoprosperi.com\\\/#website\",\"url\":\"https:\\\/\\\/blogdoprosperi.com\\\/\",\"name\":\"PR\u00d3SPERI NEWS\",\"description\":\"TUDO \u00c9  FUTEBOL\",\"publisher\":{\"@id\":\"https:\\\/\\\/blogdoprosperi.com\\\/#\\\/schema\\\/person\\\/38100755ce3601861ee4fab9b5aa78e9\"},\"alternateName\":\"blogdoprosperi.com\",\"potentialAction\":[{\"@type\":\"SearchAction\",\"target\":{\"@type\":\"EntryPoint\",\"urlTemplate\":\"https:\\\/\\\/blogdoprosperi.com\\\/?s={search_term_string}\"},\"query-input\":{\"@type\":\"PropertyValueSpecification\",\"valueRequired\":true,\"valueName\":\"search_term_string\"}}],\"inLanguage\":\"pt-BR\"},{\"@type\":[\"Person\",\"Organization\"],\"@id\":\"https:\\\/\\\/blogdoprosperi.com\\\/#\\\/schema\\\/person\\\/38100755ce3601861ee4fab9b5aa78e9\",\"name\":\"Luiz Ant\u00f4nio Pr\u00f3speri\",\"pronouns\":\"ele\",\"image\":{\"@type\":\"ImageObject\",\"inLanguage\":\"pt-BR\",\"@id\":\"https:\\\/\\\/i0.wp.com\\\/blogdoprosperi.com\\\/wp-content\\\/uploads\\\/2026\\\/05\\\/cropped-8059e613-6002-42fa-961e-8e275f575d71-2-5.jpg?fit=1360%2C931&ssl=1\",\"url\":\"https:\\\/\\\/i0.wp.com\\\/blogdoprosperi.com\\\/wp-content\\\/uploads\\\/2026\\\/05\\\/cropped-8059e613-6002-42fa-961e-8e275f575d71-2-5.jpg?fit=1360%2C931&ssl=1\",\"contentUrl\":\"https:\\\/\\\/i0.wp.com\\\/blogdoprosperi.com\\\/wp-content\\\/uploads\\\/2026\\\/05\\\/cropped-8059e613-6002-42fa-961e-8e275f575d71-2-5.jpg?fit=1360%2C931&ssl=1\",\"width\":1360,\"height\":931,\"caption\":\"Luiz Ant\u00f4nio Pr\u00f3speri\"},\"logo\":{\"@id\":\"https:\\\/\\\/i0.wp.com\\\/blogdoprosperi.com\\\/wp-content\\\/uploads\\\/2026\\\/05\\\/cropped-8059e613-6002-42fa-961e-8e275f575d71-2-5.jpg?fit=1360%2C931&ssl=1\"},\"description\":\"Jornalista com carreira dedicada ao esporte. Cobriu 9 Copas do Mundo in loco, 1990 na It\u00e1lia, 1994 nos EUA, 1998 na Fran\u00e7a, 2002 na Coreia do Sul e Jap\u00e3o, 2006 na Alemanha, 2010 na \u00c1frica do Sul, 2014 no Brasil, 2018 na R\u00fassia e 2022 no Qatar. Eurocopas, 1992 na Su\u00e9cia e 1996 na Inglaterra. Copa das Confedera\u00e7\u00f5es de 2005 na Alemanha e 2009 na \u00c1frica do Sul. Rep\u00f3rter e Editor, trabalhou no Jornal da Tarde e Estad\u00e3o, de 1984 a fevereiro de 2016. Colunista, blogueiro. E comentarista de futebol na R\u00e1dio Estad\u00e3o, de 2013 a fevereiro de 2016. Jornalista respons\u00e1vel do \\\"Pr\u00f3speri News\\\" (blogdoprosperi.com).\",\"sameAs\":[\"http:\\\/\\\/blogdoprosperi.com\",\"Luiz Pr\u00f3speri\",\"@luiz_prosperi\",\"https:\\\/\\\/x.com\\\/Luizprosperi\",\"@prosperinacopa\",\"luiz.prosperi@icloud.com\"],\"url\":\"https:\\\/\\\/blogdoprosperi.com\\\/?author=102107496\"}]}<\/script>\n<!-- \/ Yoast SEO plugin. -->","yoast_head_json":{"title":"Gabriel Jesus espera convencer 'palmeirense' Neymar a um dia jogar no Palmeiras - PR\u00d3SPERI NEWS","robots":{"index":"index","follow":"follow","max-snippet":"max-snippet:-1","max-image-preview":"max-image-preview:large","max-video-preview":"max-video-preview:-1"},"canonical":"https:\/\/blogdoprosperi.com\/?p=36894","og_locale":"pt_BR","og_type":"article","og_title":"Gabriel Jesus espera convencer 'palmeirense' Neymar a um dia jogar no Palmeiras - PR\u00d3SPERI NEWS","og_description":"Brasil x Chile, jogo da despedida das Eliminat\u00f3rias da Copa 2018, passa por Gabriel Jesus. H\u00e1 ingredientes de [&hellip;]","og_url":"https:\/\/blogdoprosperi.com\/?p=36894","og_site_name":"PR\u00d3SPERI NEWS","article_publisher":"Luiz Pr\u00f3speri","article_author":"Luiz Pr\u00f3speri","article_published_time":"2017-10-09T18:25:00+00:00","article_modified_time":"2017-10-09T18:26:35+00:00","og_image":[{"width":1024,"height":659,"url":"https:\/\/i0.wp.com\/blogdoprosperi.com\/wp-content\/uploads\/2017\/10\/37581662711_298389d878_b.jpg?fit=1024%2C659&ssl=1","type":"image\/jpeg"}],"author":"Luiz Ant\u00f4nio Pr\u00f3speri","twitter_card":"summary_large_image","twitter_creator":"@Luizprosperi","twitter_site":"@Luizprosperi","twitter_misc":{"Escrito por":"Luiz Ant\u00f4nio Pr\u00f3speri","Est. tempo de leitura":"6 minutos"},"schema":{"@context":"https:\/\/schema.org","@graph":[{"@type":"Article","@id":"https:\/\/blogdoprosperi.com\/?p=36894#article","isPartOf":{"@id":"https:\/\/blogdoprosperi.com\/?p=36894"},"author":{"name":"Luiz Ant\u00f4nio Pr\u00f3speri","@id":"https:\/\/blogdoprosperi.com\/#\/schema\/person\/38100755ce3601861ee4fab9b5aa78e9"},"headline":"Gabriel Jesus espera convencer &#8216;palmeirense&#8217; Neymar a um dia jogar no Palmeiras","datePublished":"2017-10-09T18:25:00+00:00","dateModified":"2017-10-09T18:26:35+00:00","mainEntityOfPage":{"@id":"https:\/\/blogdoprosperi.com\/?p=36894"},"wordCount":1114,"commentCount":0,"publisher":{"@id":"https:\/\/blogdoprosperi.com\/#\/schema\/person\/38100755ce3601861ee4fab9b5aa78e9"},"image":{"@id":"https:\/\/blogdoprosperi.com\/?p=36894#primaryimage"},"thumbnailUrl":"https:\/\/i0.wp.com\/blogdoprosperi.com\/wp-content\/uploads\/2017\/10\/37581662711_298389d878_b.jpg?fit=1024%2C659&ssl=1","keywords":["futebol"],"articleSection":["futebol"],"inLanguage":"pt-BR","potentialAction":[{"@type":"CommentAction","name":"Comment","target":["https:\/\/blogdoprosperi.com\/?p=36894#respond"]}]},{"@type":"WebPage","@id":"https:\/\/blogdoprosperi.com\/?p=36894","url":"https:\/\/blogdoprosperi.com\/?p=36894","name":"Gabriel Jesus espera convencer 'palmeirense' Neymar a um dia jogar no Palmeiras - PR\u00d3SPERI NEWS","isPartOf":{"@id":"https:\/\/blogdoprosperi.com\/#website"},"primaryImageOfPage":{"@id":"https:\/\/blogdoprosperi.com\/?p=36894#primaryimage"},"image":{"@id":"https:\/\/blogdoprosperi.com\/?p=36894#primaryimage"},"thumbnailUrl":"https:\/\/i0.wp.com\/blogdoprosperi.com\/wp-content\/uploads\/2017\/10\/37581662711_298389d878_b.jpg?fit=1024%2C659&ssl=1","datePublished":"2017-10-09T18:25:00+00:00","dateModified":"2017-10-09T18:26:35+00:00","breadcrumb":{"@id":"https:\/\/blogdoprosperi.com\/?p=36894#breadcrumb"},"inLanguage":"pt-BR","potentialAction":[{"@type":"ReadAction","target":["https:\/\/blogdoprosperi.com\/?p=36894"]}]},{"@type":"ImageObject","inLanguage":"pt-BR","@id":"https:\/\/blogdoprosperi.com\/?p=36894#primaryimage","url":"https:\/\/i0.wp.com\/blogdoprosperi.com\/wp-content\/uploads\/2017\/10\/37581662711_298389d878_b.jpg?fit=1024%2C659&ssl=1","contentUrl":"https:\/\/i0.wp.com\/blogdoprosperi.com\/wp-content\/uploads\/2017\/10\/37581662711_298389d878_b.jpg?fit=1024%2C659&ssl=1","width":1024,"height":659,"caption":"Neymar relembra a inf\u00e2ncia de palmeirense na Academia de Futebol e tem conversa com Galiotte e Mattos - foto: site Palmeiras"},{"@type":"BreadcrumbList","@id":"https:\/\/blogdoprosperi.com\/?p=36894#breadcrumb","itemListElement":[{"@type":"ListItem","position":1,"name":"In\u00edcio","item":"https:\/\/blogdoprosperi.com\/"},{"@type":"ListItem","position":2,"name":"Gabriel Jesus espera convencer &#8216;palmeirense&#8217; Neymar a um dia jogar no Palmeiras"}]},{"@type":"WebSite","@id":"https:\/\/blogdoprosperi.com\/#website","url":"https:\/\/blogdoprosperi.com\/","name":"PR\u00d3SPERI NEWS","description":"TUDO \u00c9  FUTEBOL","publisher":{"@id":"https:\/\/blogdoprosperi.com\/#\/schema\/person\/38100755ce3601861ee4fab9b5aa78e9"},"alternateName":"blogdoprosperi.com","potentialAction":[{"@type":"SearchAction","target":{"@type":"EntryPoint","urlTemplate":"https:\/\/blogdoprosperi.com\/?s={search_term_string}"},"query-input":{"@type":"PropertyValueSpecification","valueRequired":true,"valueName":"search_term_string"}}],"inLanguage":"pt-BR"},{"@type":["Person","Organization"],"@id":"https:\/\/blogdoprosperi.com\/#\/schema\/person\/38100755ce3601861ee4fab9b5aa78e9","name":"Luiz Ant\u00f4nio Pr\u00f3speri","pronouns":"ele","image":{"@type":"ImageObject","inLanguage":"pt-BR","@id":"https:\/\/i0.wp.com\/blogdoprosperi.com\/wp-content\/uploads\/2026\/05\/cropped-8059e613-6002-42fa-961e-8e275f575d71-2-5.jpg?fit=1360%2C931&ssl=1","url":"https:\/\/i0.wp.com\/blogdoprosperi.com\/wp-content\/uploads\/2026\/05\/cropped-8059e613-6002-42fa-961e-8e275f575d71-2-5.jpg?fit=1360%2C931&ssl=1","contentUrl":"https:\/\/i0.wp.com\/blogdoprosperi.com\/wp-content\/uploads\/2026\/05\/cropped-8059e613-6002-42fa-961e-8e275f575d71-2-5.jpg?fit=1360%2C931&ssl=1","width":1360,"height":931,"caption":"Luiz Ant\u00f4nio Pr\u00f3speri"},"logo":{"@id":"https:\/\/i0.wp.com\/blogdoprosperi.com\/wp-content\/uploads\/2026\/05\/cropped-8059e613-6002-42fa-961e-8e275f575d71-2-5.jpg?fit=1360%2C931&ssl=1"},"description":"Jornalista com carreira dedicada ao esporte. Cobriu 9 Copas do Mundo in loco, 1990 na It\u00e1lia, 1994 nos EUA, 1998 na Fran\u00e7a, 2002 na Coreia do Sul e Jap\u00e3o, 2006 na Alemanha, 2010 na \u00c1frica do Sul, 2014 no Brasil, 2018 na R\u00fassia e 2022 no Qatar. Eurocopas, 1992 na Su\u00e9cia e 1996 na Inglaterra. Copa das Confedera\u00e7\u00f5es de 2005 na Alemanha e 2009 na \u00c1frica do Sul. Rep\u00f3rter e Editor, trabalhou no Jornal da Tarde e Estad\u00e3o, de 1984 a fevereiro de 2016. Colunista, blogueiro. E comentarista de futebol na R\u00e1dio Estad\u00e3o, de 2013 a fevereiro de 2016. Jornalista respons\u00e1vel do \"Pr\u00f3speri News\" (blogdoprosperi.com).","sameAs":["http:\/\/blogdoprosperi.com","Luiz Pr\u00f3speri","@luiz_prosperi","https:\/\/x.com\/Luizprosperi","@prosperinacopa","luiz.prosperi@icloud.com"],"url":"https:\/\/blogdoprosperi.com\/?author=102107496"}]}},"jetpack_publicize_connections":[],"jetpack_likes_enabled":false,"jetpack_sharing_enabled":true,"jetpack_shortlink":"https:\/\/wp.me\/p7jvdk-9B4","jetpack-related-posts":[{"id":32379,"url":"https:\/\/blogdoprosperi.com\/?p=32379","url_meta":{"origin":36894,"position":0},"title":"Gabriel Jesus retribui a Tite a confian\u00e7a da camisa 9 e leva Brasil \u00e0 sexta vit\u00f3ria consecutiva nas Eliminat\u00f3rias 2018","author":"Luiz Ant\u00f4nio Pr\u00f3speri","date":"16 de novembro de 2016","format":false,"excerpt":"Gabriel Jesus retribui a Tite a confian\u00e7a de receber do treinador da Sele\u00e7\u00e3o Brasileira a emblem\u00e1tica camisa 9, vestida por alguns mitos do nosso futebol. De seus p\u00e9s nasceu a sexta vit\u00f3ria consecutiva do escrete sob nova dire\u00e7\u00e3o.\u00a0Dessa vez a v\u00edtima foi a Sele\u00e7\u00e3o Peruana, derrotada por 2 a 0\u2026","rel":"","context":"Em &quot;futebol&quot;","block_context":{"text":"futebol","link":"https:\/\/blogdoprosperi.com\/?cat=53870"},"img":{"alt_text":"","src":"https:\/\/i0.wp.com\/blogdoprosperi.com\/wp-content\/uploads\/2016\/11\/636148696124246394.jpg?resize=350%2C200","width":350,"height":200,"srcset":"https:\/\/i0.wp.com\/blogdoprosperi.com\/wp-content\/uploads\/2016\/11\/636148696124246394.jpg?resize=350%2C200 1x, https:\/\/i0.wp.com\/blogdoprosperi.com\/wp-content\/uploads\/2016\/11\/636148696124246394.jpg?resize=525%2C300 1.5x"},"classes":[]},{"id":23972,"url":"https:\/\/blogdoprosperi.com\/?p=23972","url_meta":{"origin":36894,"position":1},"title":"Tite estreia com vit\u00f3ria na Sele\u00e7\u00e3o e lan\u00e7a ao mundo um novo fen\u00f4meno do futebol brasileiro: Gabriel Jesus","author":"Luiz Ant\u00f4nio Pr\u00f3speri","date":"1 de setembro de 2016","format":false,"excerpt":"Quando dirigia o Corinthians Tite se impressionou com Gabriel Jesus, ainda na temporada de 2015. Em conversas reservadas repetia que o garoto do Palmeiras estava pronto, era diferente. Pep Guardiola, depois de sacramentada a contrata\u00e7\u00e3o do atacante pelo Manchester City, disse assim: \"Compramos gols, Jesus \u00e9 fazedor de gols\".\u00a0Na sua\u2026","rel":"","context":"Em &quot;futebol&quot;","block_context":{"text":"futebol","link":"https:\/\/blogdoprosperi.com\/?cat=53870"},"img":{"alt_text":"","src":"https:\/\/i0.wp.com\/blogdoprosperi.com\/wp-content\/uploads\/2016\/09\/brasil-x-equador-20160901-0017.jpg?resize=350%2C200&ssl=1","width":350,"height":200,"srcset":"https:\/\/i0.wp.com\/blogdoprosperi.com\/wp-content\/uploads\/2016\/09\/brasil-x-equador-20160901-0017.jpg?resize=350%2C200&ssl=1 1x, https:\/\/i0.wp.com\/blogdoprosperi.com\/wp-content\/uploads\/2016\/09\/brasil-x-equador-20160901-0017.jpg?resize=525%2C300&ssl=1 1.5x, https:\/\/i0.wp.com\/blogdoprosperi.com\/wp-content\/uploads\/2016\/09\/brasil-x-equador-20160901-0017.jpg?resize=700%2C400&ssl=1 2x, https:\/\/i0.wp.com\/blogdoprosperi.com\/wp-content\/uploads\/2016\/09\/brasil-x-equador-20160901-0017.jpg?resize=1050%2C600&ssl=1 3x, https:\/\/i0.wp.com\/blogdoprosperi.com\/wp-content\/uploads\/2016\/09\/brasil-x-equador-20160901-0017.jpg?resize=1400%2C800&ssl=1 4x"},"classes":[]},{"id":27890,"url":"https:\/\/blogdoprosperi.com\/?p=27890","url_meta":{"origin":36894,"position":2},"title":"Sele\u00e7\u00e3o Brasileira encanta e restabelece sua pr\u00f3pria hierarquia","author":"Luiz Ant\u00f4nio Pr\u00f3speri","date":"6 de outubro de 2016","format":false,"excerpt":"\u00a0 Sele\u00e7\u00e3o Brasileira restabelece sua pr\u00f3pria hierarquia. Depois de muito tempo de ang\u00fastia, t\u00e9dio, tens\u00e3o e futebol crispado dos tempos de Dunga, voltou \u00e0 temperatura normal sob o comando de Tite. Trocou o jogo pesado por um mais leve, afeito \u00e0 troca de passes, dribles, jogo coletivo e, o melhor\u2026","rel":"","context":"Em &quot;futebol&quot;","block_context":{"text":"futebol","link":"https:\/\/blogdoprosperi.com\/?cat=53870"},"img":{"alt_text":"","src":"https:\/\/i0.wp.com\/blogdoprosperi.com\/wp-content\/uploads\/2016\/10\/b_560_292_16777215_00_images_stories_2016_jogos_brasil_bolivia_cbf.jpg?resize=350%2C200","width":350,"height":200},"classes":[]},{"id":23834,"url":"https:\/\/blogdoprosperi.com\/?p=23834","url_meta":{"origin":36894,"position":3},"title":"Tite recebe aplausos antes da estreia e promete Sele\u00e7\u00e3o arrojada contra Equador","author":"Luiz Ant\u00f4nio Pr\u00f3speri","date":"1 de setembro de 2016","format":false,"excerpt":"Tite n\u00e3o escondeu o time muito menos o que pensa do jogo contra o Equador na sua estreia no comando da Sele\u00e7\u00e3o Brasileira. Para espanto de jornalistas acostumados aos mist\u00e9rios dos treinadores na cobertura do escrete, o novo chefe deu a escala\u00e7\u00e3o sem nenhuma cerim\u00f4nia. Arrancou aplausos do s\u00e9quito de\u2026","rel":"","context":"Em &quot;futebol&quot;","block_context":{"text":"futebol","link":"https:\/\/blogdoprosperi.com\/?cat=53870"},"img":{"alt_text":"","src":"https:\/\/i0.wp.com\/blogdoprosperi.com\/wp-content\/uploads\/2016\/09\/15585658d7e225dfa6aa688516068a1de6824a20-1.jpg?resize=350%2C200&ssl=1","width":350,"height":200},"classes":[]},{"id":31793,"url":"https:\/\/blogdoprosperi.com\/?p=31793","url_meta":{"origin":36894,"position":4},"title":"Neymar desafia seu parceiro Messi","author":"Luiz Ant\u00f4nio Pr\u00f3speri","date":"10 de novembro de 2016","format":false,"excerpt":"Sele\u00e7\u00e3o Brasileira volta ao Mineir\u00e3o do 7 a 1 com outra cara no duelo contra rival Argentina. Craque brasileiro vive expectativa de enquadrar na bola seu companheiro de Barcelona Neymar recebe Messi no Mineir\u00e3o de amarga lembran\u00e7a. Leais companheiros de Barcelona e letais aos advers\u00e1rios, s\u00e3o chamados ao duelo neste\u2026","rel":"","context":"Em &quot;Campeonato Brasileiro&quot;","block_context":{"text":"Campeonato Brasileiro","link":"https:\/\/blogdoprosperi.com\/?cat=355071"},"img":{"alt_text":"","src":"https:\/\/i0.wp.com\/blogdoprosperi.com\/wp-content\/uploads\/2016\/11\/neymessi.jpg?resize=350%2C200&ssl=1","width":350,"height":200,"srcset":"https:\/\/i0.wp.com\/blogdoprosperi.com\/wp-content\/uploads\/2016\/11\/neymessi.jpg?resize=350%2C200&ssl=1 1x, https:\/\/i0.wp.com\/blogdoprosperi.com\/wp-content\/uploads\/2016\/11\/neymessi.jpg?resize=525%2C300&ssl=1 1.5x"},"classes":[]},{"id":28148,"url":"https:\/\/blogdoprosperi.com\/?p=28148","url_meta":{"origin":36894,"position":5},"title":"Al\u00f4 Neymar, Sele\u00e7\u00e3o Brasileira sabe vencer sem voc\u00ea","author":"Luiz Ant\u00f4nio Pr\u00f3speri","date":"11 de outubro de 2016","format":false,"excerpt":"Sele\u00e7\u00e3o Brasileira n\u00e3o sentiu a falta de Neymar para assumir a lideran\u00e7a das Eliminat\u00f3rias da Copa de 2018. Sem grandes sustos, derrotou a fraca Venezuela por 2 a 0 em M\u00e9rida. Sem o craque, o time fez tudo certo. Tudo bem que sem muito lustro, sem nada de muito especial,\u2026","rel":"","context":"Em &quot;futebol&quot;","block_context":{"text":"futebol","link":"https:\/\/blogdoprosperi.com\/?cat=53870"},"img":{"alt_text":"","src":"https:\/\/i0.wp.com\/blogdoprosperi.com\/wp-content\/uploads\/2016\/10\/soccer-worldcup-ven-bra_-ghf2v00n7-1.jpg?resize=350%2C200&ssl=1","width":350,"height":200,"srcset":"https:\/\/i0.wp.com\/blogdoprosperi.com\/wp-content\/uploads\/2016\/10\/soccer-worldcup-ven-bra_-ghf2v00n7-1.jpg?resize=350%2C200&ssl=1 1x, https:\/\/i0.wp.com\/blogdoprosperi.com\/wp-content\/uploads\/2016\/10\/soccer-worldcup-ven-bra_-ghf2v00n7-1.jpg?resize=525%2C300&ssl=1 1.5x, https:\/\/i0.wp.com\/blogdoprosperi.com\/wp-content\/uploads\/2016\/10\/soccer-worldcup-ven-bra_-ghf2v00n7-1.jpg?resize=700%2C400&ssl=1 2x, https:\/\/i0.wp.com\/blogdoprosperi.com\/wp-content\/uploads\/2016\/10\/soccer-worldcup-ven-bra_-ghf2v00n7-1.jpg?resize=1050%2C600&ssl=1 3x"},"classes":[]}],"jetpack_featured_media_url":"https:\/\/i0.wp.com\/blogdoprosperi.com\/wp-content\/uploads\/2017\/10\/37581662711_298389d878_b.jpg?fit=1024%2C659&ssl=1","_links":{"self":[{"href":"https:\/\/blogdoprosperi.com\/index.php?rest_route=\/wp\/v2\/posts\/36894","targetHints":{"allow":["GET"]}}],"collection":[{"href":"https:\/\/blogdoprosperi.com\/index.php?rest_route=\/wp\/v2\/posts"}],"about":[{"href":"https:\/\/blogdoprosperi.com\/index.php?rest_route=\/wp\/v2\/types\/post"}],"author":[{"embeddable":true,"href":"https:\/\/blogdoprosperi.com\/index.php?rest_route=\/wp\/v2\/users\/102107496"}],"replies":[{"embeddable":true,"href":"https:\/\/blogdoprosperi.com\/index.php?rest_route=%2Fwp%2Fv2%2Fcomments&post=36894"}],"version-history":[{"count":14,"href":"https:\/\/blogdoprosperi.com\/index.php?rest_route=\/wp\/v2\/posts\/36894\/revisions"}],"predecessor-version":[{"id":36910,"href":"https:\/\/blogdoprosperi.com\/index.php?rest_route=\/wp\/v2\/posts\/36894\/revisions\/36910"}],"wp:featuredmedia":[{"embeddable":true,"href":"https:\/\/blogdoprosperi.com\/index.php?rest_route=\/wp\/v2\/media\/36900"}],"wp:attachment":[{"href":"https:\/\/blogdoprosperi.com\/index.php?rest_route=%2Fwp%2Fv2%2Fmedia&parent=36894"}],"wp:term":[{"taxonomy":"category","embeddable":true,"href":"https:\/\/blogdoprosperi.com\/index.php?rest_route=%2Fwp%2Fv2%2Fcategories&post=36894"},{"taxonomy":"post_tag","embeddable":true,"href":"https:\/\/blogdoprosperi.com\/index.php?rest_route=%2Fwp%2Fv2%2Ftags&post=36894"}],"curies":[{"name":"wp","href":"https:\/\/api.w.org\/{rel}","templated":true}]}}