{"id":37001,"date":"2017-10-23T15:40:11","date_gmt":"2017-10-23T17:40:11","guid":{"rendered":"http:\/\/blogdoprosperi.com\/?p=37001"},"modified":"2017-10-23T15:40:11","modified_gmt":"2017-10-23T17:40:11","slug":"imagem-do-dia-2310","status":"publish","type":"post","link":"https:\/\/blogdoprosperi.com\/?p=37001","title":{"rendered":"Imagem do dia &#8211; 23\/10"},"content":{"rendered":"<p>Pel\u00e9 chega aos 77 anos neste 23 de outubro de 2017<\/p>\n<p><span class=\"alignnone\"><img data-recalc-dims=\"1\" loading=\"lazy\" decoding=\"async\" data-attachment-id=\"37006\" data-permalink=\"https:\/\/blogdoprosperi.com\/?attachment_id=37006\" data-orig-file=\"https:\/\/i0.wp.com\/blogdoprosperi.com\/wp-content\/uploads\/2017\/10\/dmyrhdixkairllj.jpg?fit=1200%2C800&amp;ssl=1\" data-orig-size=\"1200,800\" data-comments-opened=\"1\" data-image-meta=\"{&quot;aperture&quot;:&quot;0&quot;,&quot;credit&quot;:&quot;&quot;,&quot;camera&quot;:&quot;&quot;,&quot;caption&quot;:&quot;&quot;,&quot;created_timestamp&quot;:&quot;0&quot;,&quot;copyright&quot;:&quot;&quot;,&quot;focal_length&quot;:&quot;0&quot;,&quot;iso&quot;:&quot;0&quot;,&quot;shutter_speed&quot;:&quot;0&quot;,&quot;title&quot;:&quot;&quot;,&quot;orientation&quot;:&quot;0&quot;}\" data-image-title=\"DMyrhDiXkAIRLLJ\" data-image-description=\"\" data-image-caption=\"\" data-large-file=\"https:\/\/i0.wp.com\/blogdoprosperi.com\/wp-content\/uploads\/2017\/10\/dmyrhdixkairllj.jpg?fit=940%2C627&amp;ssl=1\" class=\"alignnone size-full wp-image-37006\" src=\"https:\/\/i0.wp.com\/blogdoprosperi.com\/wp-content\/uploads\/2017\/10\/dmyrhdixkairllj.jpg?resize=940%2C627&#038;ssl=1\" alt=\"DMyrhDiXkAIRLLJ\" width=\"940\" height=\"627\" \/><\/span><\/p>\n<div class=\"embed-twitter\">\n<blockquote class=\"twitter-tweet\" data-width=\"550\">\n<p lang=\"pt\" dir=\"ltr\">23 de outubro, um dia nobre para o futebol. Anivers\u00e1rio do Rei Pel\u00e9, que completa 77 anos.<a href=\"https:\/\/t.co\/T6acHfoVJY\">pic.twitter.com\/T6acHfoVJY<\/a><\/p>\n<p>&mdash; chuteirafc (@chuteirafc10) <a href=\"https:\/\/twitter.com\/chuteirafc10\/status\/922437845297614849?ref_src=twsrc%5Etfw\">October 23, 2017<\/a><\/p><\/blockquote>\n<p><script async src=\"\/\/platform.twitter.com\/widgets.js\" charset=\"utf-8\"><\/script><\/div>\n","protected":false},"excerpt":{"rendered":"<p>Pel\u00e9 chega aos 77 anos neste 23 de outubro de 2017 23 de outubro, um dia nobre para [&hellip;]<\/p>\n","protected":false},"author":102107496,"featured_media":37002,"comment_status":"open","ping_status":"open","sticky":false,"template":"","format":"image","meta":{"_coblocks_attr":"","_coblocks_dimensions":"","_coblocks_responsive_height":"","_coblocks_accordion_ie_support":"","_jetpack_newsletter_access":"","_jetpack_dont_email_post_to_subs":false,"_jetpack_newsletter_tier_id":0,"_jetpack_memberships_contains_paywalled_content":false,"_wpcom_ai_launchpad_first_post":false,"_jetpack_feature_clip_id":0,"_jetpack_memberships_contains_paid_content":false,"footnotes":"","jetpack_publicize_message":"","jetpack_publicize_feature_enabled":true,"jetpack_social_post_already_shared":false,"jetpack_social_options":{"image_generator_settings":{"template":"highway","default_image_id":0,"font":"","enabled":false},"version":2},"jetpack_post_was_ever_published":false},"categories":[53870],"tags":[789560560],"class_list":["post-37001","post","type-post","status-publish","format-image","has-post-thumbnail","hentry","category-futebol","tag-futebol","post_format-post-format-image"],"yoast_head":"<!-- This site is optimized with the Yoast SEO plugin v28.3 - https:\/\/yoast.com\/product\/yoast-seo-wordpress\/ -->\n<title>Imagem do dia - 23\/10 - PR\u00d3SPERI NEWS<\/title>\n<meta name=\"robots\" content=\"index, follow, max-snippet:-1, max-image-preview:large, max-video-preview:-1\" \/>\n<link rel=\"canonical\" href=\"https:\/\/blogdoprosperi.com\/?p=37001\" \/>\n<meta property=\"og:locale\" content=\"pt_BR\" \/>\n<meta property=\"og:type\" content=\"article\" \/>\n<meta property=\"og:title\" content=\"Imagem do dia - 23\/10 - PR\u00d3SPERI NEWS\" \/>\n<meta property=\"og:description\" content=\"Pel\u00e9 chega aos 77 anos neste 23 de outubro de 2017 23 de outubro, um dia nobre para [&hellip;]\" \/>\n<meta property=\"og:url\" content=\"https:\/\/blogdoprosperi.com\/?p=37001\" \/>\n<meta property=\"og:site_name\" content=\"PR\u00d3SPERI NEWS\" \/>\n<meta property=\"article:publisher\" content=\"Luiz Pr\u00f3speri\" \/>\n<meta property=\"article:author\" content=\"Luiz Pr\u00f3speri\" \/>\n<meta property=\"article:published_time\" content=\"2017-10-23T17:40:11+00:00\" \/>\n<meta property=\"og:image\" content=\"https:\/\/i0.wp.com\/blogdoprosperi.com\/wp-content\/uploads\/2017\/10\/a25ad24b02b64346b3d1b13a692505a1.jpg?fit=2674%2C3982&ssl=1\" \/>\n\t<meta property=\"og:image:width\" content=\"2674\" \/>\n\t<meta property=\"og:image:height\" content=\"3982\" \/>\n\t<meta property=\"og:image:type\" content=\"image\/jpeg\" \/>\n<meta name=\"author\" content=\"Luiz Ant\u00f4nio Pr\u00f3speri\" \/>\n<meta name=\"twitter:card\" content=\"summary_large_image\" \/>\n<meta name=\"twitter:creator\" content=\"@Luizprosperi\" \/>\n<meta name=\"twitter:site\" content=\"@Luizprosperi\" \/>\n<meta name=\"twitter:label1\" content=\"Escrito por\" \/>\n\t<meta name=\"twitter:data1\" content=\"Luiz Ant\u00f4nio Pr\u00f3speri\" \/>\n<script type=\"application\/ld+json\" class=\"yoast-schema-graph\">{\"@context\":\"https:\\\/\\\/schema.org\",\"@graph\":[{\"@type\":\"Article\",\"@id\":\"https:\\\/\\\/blogdoprosperi.com\\\/?p=37001#article\",\"isPartOf\":{\"@id\":\"https:\\\/\\\/blogdoprosperi.com\\\/?p=37001\"},\"author\":{\"name\":\"Luiz Ant\u00f4nio Pr\u00f3speri\",\"@id\":\"https:\\\/\\\/blogdoprosperi.com\\\/#\\\/schema\\\/person\\\/38100755ce3601861ee4fab9b5aa78e9\"},\"headline\":\"Imagem do dia &#8211; 23\\\/10\",\"datePublished\":\"2017-10-23T17:40:11+00:00\",\"mainEntityOfPage\":{\"@id\":\"https:\\\/\\\/blogdoprosperi.com\\\/?p=37001\"},\"wordCount\":17,\"commentCount\":0,\"publisher\":{\"@id\":\"https:\\\/\\\/blogdoprosperi.com\\\/#\\\/schema\\\/person\\\/38100755ce3601861ee4fab9b5aa78e9\"},\"image\":{\"@id\":\"https:\\\/\\\/blogdoprosperi.com\\\/?p=37001#primaryimage\"},\"thumbnailUrl\":\"https:\\\/\\\/i0.wp.com\\\/blogdoprosperi.com\\\/wp-content\\\/uploads\\\/2017\\\/10\\\/a25ad24b02b64346b3d1b13a692505a1.jpg?fit=2674%2C3982&ssl=1\",\"keywords\":[\"futebol\"],\"articleSection\":[\"futebol\"],\"inLanguage\":\"pt-BR\",\"potentialAction\":[{\"@type\":\"CommentAction\",\"name\":\"Comment\",\"target\":[\"https:\\\/\\\/blogdoprosperi.com\\\/?p=37001#respond\"]}]},{\"@type\":\"WebPage\",\"@id\":\"https:\\\/\\\/blogdoprosperi.com\\\/?p=37001\",\"url\":\"https:\\\/\\\/blogdoprosperi.com\\\/?p=37001\",\"name\":\"Imagem do dia - 23\\\/10 - PR\u00d3SPERI NEWS\",\"isPartOf\":{\"@id\":\"https:\\\/\\\/blogdoprosperi.com\\\/#website\"},\"primaryImageOfPage\":{\"@id\":\"https:\\\/\\\/blogdoprosperi.com\\\/?p=37001#primaryimage\"},\"image\":{\"@id\":\"https:\\\/\\\/blogdoprosperi.com\\\/?p=37001#primaryimage\"},\"thumbnailUrl\":\"https:\\\/\\\/i0.wp.com\\\/blogdoprosperi.com\\\/wp-content\\\/uploads\\\/2017\\\/10\\\/a25ad24b02b64346b3d1b13a692505a1.jpg?fit=2674%2C3982&ssl=1\",\"datePublished\":\"2017-10-23T17:40:11+00:00\",\"breadcrumb\":{\"@id\":\"https:\\\/\\\/blogdoprosperi.com\\\/?p=37001#breadcrumb\"},\"inLanguage\":\"pt-BR\",\"potentialAction\":[{\"@type\":\"ReadAction\",\"target\":[\"https:\\\/\\\/blogdoprosperi.com\\\/?p=37001\"]}]},{\"@type\":\"ImageObject\",\"inLanguage\":\"pt-BR\",\"@id\":\"https:\\\/\\\/blogdoprosperi.com\\\/?p=37001#primaryimage\",\"url\":\"https:\\\/\\\/i0.wp.com\\\/blogdoprosperi.com\\\/wp-content\\\/uploads\\\/2017\\\/10\\\/a25ad24b02b64346b3d1b13a692505a1.jpg?fit=2674%2C3982&ssl=1\",\"contentUrl\":\"https:\\\/\\\/i0.wp.com\\\/blogdoprosperi.com\\\/wp-content\\\/uploads\\\/2017\\\/10\\\/a25ad24b02b64346b3d1b13a692505a1.jpg?fit=2674%2C3982&ssl=1\",\"width\":2674,\"height\":3982,\"caption\":\"Selo comemorativo dos 1000 gols de Pel\u00e9\"},{\"@type\":\"BreadcrumbList\",\"@id\":\"https:\\\/\\\/blogdoprosperi.com\\\/?p=37001#breadcrumb\",\"itemListElement\":[{\"@type\":\"ListItem\",\"position\":1,\"name\":\"In\u00edcio\",\"item\":\"https:\\\/\\\/blogdoprosperi.com\\\/\"},{\"@type\":\"ListItem\",\"position\":2,\"name\":\"Imagem do dia &#8211; 23\\\/10\"}]},{\"@type\":\"WebSite\",\"@id\":\"https:\\\/\\\/blogdoprosperi.com\\\/#website\",\"url\":\"https:\\\/\\\/blogdoprosperi.com\\\/\",\"name\":\"PR\u00d3SPERI NEWS\",\"description\":\"TUDO \u00c9  FUTEBOL\",\"publisher\":{\"@id\":\"https:\\\/\\\/blogdoprosperi.com\\\/#\\\/schema\\\/person\\\/38100755ce3601861ee4fab9b5aa78e9\"},\"alternateName\":\"blogdoprosperi.com\",\"potentialAction\":[{\"@type\":\"SearchAction\",\"target\":{\"@type\":\"EntryPoint\",\"urlTemplate\":\"https:\\\/\\\/blogdoprosperi.com\\\/?s={search_term_string}\"},\"query-input\":{\"@type\":\"PropertyValueSpecification\",\"valueRequired\":true,\"valueName\":\"search_term_string\"}}],\"inLanguage\":\"pt-BR\"},{\"@type\":[\"Person\",\"Organization\"],\"@id\":\"https:\\\/\\\/blogdoprosperi.com\\\/#\\\/schema\\\/person\\\/38100755ce3601861ee4fab9b5aa78e9\",\"name\":\"Luiz Ant\u00f4nio Pr\u00f3speri\",\"pronouns\":\"ele\",\"image\":{\"@type\":\"ImageObject\",\"inLanguage\":\"pt-BR\",\"@id\":\"https:\\\/\\\/i0.wp.com\\\/blogdoprosperi.com\\\/wp-content\\\/uploads\\\/2026\\\/05\\\/cropped-8059e613-6002-42fa-961e-8e275f575d71-2-5.jpg?fit=1360%2C931&ssl=1\",\"url\":\"https:\\\/\\\/i0.wp.com\\\/blogdoprosperi.com\\\/wp-content\\\/uploads\\\/2026\\\/05\\\/cropped-8059e613-6002-42fa-961e-8e275f575d71-2-5.jpg?fit=1360%2C931&ssl=1\",\"contentUrl\":\"https:\\\/\\\/i0.wp.com\\\/blogdoprosperi.com\\\/wp-content\\\/uploads\\\/2026\\\/05\\\/cropped-8059e613-6002-42fa-961e-8e275f575d71-2-5.jpg?fit=1360%2C931&ssl=1\",\"width\":1360,\"height\":931,\"caption\":\"Luiz Ant\u00f4nio Pr\u00f3speri\"},\"logo\":{\"@id\":\"https:\\\/\\\/i0.wp.com\\\/blogdoprosperi.com\\\/wp-content\\\/uploads\\\/2026\\\/05\\\/cropped-8059e613-6002-42fa-961e-8e275f575d71-2-5.jpg?fit=1360%2C931&ssl=1\"},\"description\":\"Jornalista com carreira dedicada ao esporte. Cobriu 9 Copas do Mundo in loco, 1990 na It\u00e1lia, 1994 nos EUA, 1998 na Fran\u00e7a, 2002 na Coreia do Sul e Jap\u00e3o, 2006 na Alemanha, 2010 na \u00c1frica do Sul, 2014 no Brasil, 2018 na R\u00fassia e 2022 no Qatar. Eurocopas, 1992 na Su\u00e9cia e 1996 na Inglaterra. Copa das Confedera\u00e7\u00f5es de 2005 na Alemanha e 2009 na \u00c1frica do Sul. Rep\u00f3rter e Editor, trabalhou no Jornal da Tarde e Estad\u00e3o, de 1984 a fevereiro de 2016. Colunista, blogueiro. E comentarista de futebol na R\u00e1dio Estad\u00e3o, de 2013 a fevereiro de 2016. Jornalista respons\u00e1vel do \\\"Pr\u00f3speri News\\\" (blogdoprosperi.com).\",\"sameAs\":[\"http:\\\/\\\/blogdoprosperi.com\",\"Luiz Pr\u00f3speri\",\"@luiz_prosperi\",\"https:\\\/\\\/x.com\\\/Luizprosperi\",\"@prosperinacopa\",\"luiz.prosperi@icloud.com\"],\"url\":\"https:\\\/\\\/blogdoprosperi.com\\\/?author=102107496\"}]}<\/script>\n<!-- \/ Yoast SEO plugin. -->","yoast_head_json":{"title":"Imagem do dia - 23\/10 - PR\u00d3SPERI NEWS","robots":{"index":"index","follow":"follow","max-snippet":"max-snippet:-1","max-image-preview":"max-image-preview:large","max-video-preview":"max-video-preview:-1"},"canonical":"https:\/\/blogdoprosperi.com\/?p=37001","og_locale":"pt_BR","og_type":"article","og_title":"Imagem do dia - 23\/10 - PR\u00d3SPERI NEWS","og_description":"Pel\u00e9 chega aos 77 anos neste 23 de outubro de 2017 23 de outubro, um dia nobre para [&hellip;]","og_url":"https:\/\/blogdoprosperi.com\/?p=37001","og_site_name":"PR\u00d3SPERI NEWS","article_publisher":"Luiz Pr\u00f3speri","article_author":"Luiz Pr\u00f3speri","article_published_time":"2017-10-23T17:40:11+00:00","og_image":[{"width":2674,"height":3982,"url":"https:\/\/i0.wp.com\/blogdoprosperi.com\/wp-content\/uploads\/2017\/10\/a25ad24b02b64346b3d1b13a692505a1.jpg?fit=2674%2C3982&ssl=1","type":"image\/jpeg"}],"author":"Luiz Ant\u00f4nio Pr\u00f3speri","twitter_card":"summary_large_image","twitter_creator":"@Luizprosperi","twitter_site":"@Luizprosperi","twitter_misc":{"Escrito por":"Luiz Ant\u00f4nio Pr\u00f3speri"},"schema":{"@context":"https:\/\/schema.org","@graph":[{"@type":"Article","@id":"https:\/\/blogdoprosperi.com\/?p=37001#article","isPartOf":{"@id":"https:\/\/blogdoprosperi.com\/?p=37001"},"author":{"name":"Luiz Ant\u00f4nio Pr\u00f3speri","@id":"https:\/\/blogdoprosperi.com\/#\/schema\/person\/38100755ce3601861ee4fab9b5aa78e9"},"headline":"Imagem do dia &#8211; 23\/10","datePublished":"2017-10-23T17:40:11+00:00","mainEntityOfPage":{"@id":"https:\/\/blogdoprosperi.com\/?p=37001"},"wordCount":17,"commentCount":0,"publisher":{"@id":"https:\/\/blogdoprosperi.com\/#\/schema\/person\/38100755ce3601861ee4fab9b5aa78e9"},"image":{"@id":"https:\/\/blogdoprosperi.com\/?p=37001#primaryimage"},"thumbnailUrl":"https:\/\/i0.wp.com\/blogdoprosperi.com\/wp-content\/uploads\/2017\/10\/a25ad24b02b64346b3d1b13a692505a1.jpg?fit=2674%2C3982&ssl=1","keywords":["futebol"],"articleSection":["futebol"],"inLanguage":"pt-BR","potentialAction":[{"@type":"CommentAction","name":"Comment","target":["https:\/\/blogdoprosperi.com\/?p=37001#respond"]}]},{"@type":"WebPage","@id":"https:\/\/blogdoprosperi.com\/?p=37001","url":"https:\/\/blogdoprosperi.com\/?p=37001","name":"Imagem do dia - 23\/10 - PR\u00d3SPERI NEWS","isPartOf":{"@id":"https:\/\/blogdoprosperi.com\/#website"},"primaryImageOfPage":{"@id":"https:\/\/blogdoprosperi.com\/?p=37001#primaryimage"},"image":{"@id":"https:\/\/blogdoprosperi.com\/?p=37001#primaryimage"},"thumbnailUrl":"https:\/\/i0.wp.com\/blogdoprosperi.com\/wp-content\/uploads\/2017\/10\/a25ad24b02b64346b3d1b13a692505a1.jpg?fit=2674%2C3982&ssl=1","datePublished":"2017-10-23T17:40:11+00:00","breadcrumb":{"@id":"https:\/\/blogdoprosperi.com\/?p=37001#breadcrumb"},"inLanguage":"pt-BR","potentialAction":[{"@type":"ReadAction","target":["https:\/\/blogdoprosperi.com\/?p=37001"]}]},{"@type":"ImageObject","inLanguage":"pt-BR","@id":"https:\/\/blogdoprosperi.com\/?p=37001#primaryimage","url":"https:\/\/i0.wp.com\/blogdoprosperi.com\/wp-content\/uploads\/2017\/10\/a25ad24b02b64346b3d1b13a692505a1.jpg?fit=2674%2C3982&ssl=1","contentUrl":"https:\/\/i0.wp.com\/blogdoprosperi.com\/wp-content\/uploads\/2017\/10\/a25ad24b02b64346b3d1b13a692505a1.jpg?fit=2674%2C3982&ssl=1","width":2674,"height":3982,"caption":"Selo comemorativo dos 1000 gols de Pel\u00e9"},{"@type":"BreadcrumbList","@id":"https:\/\/blogdoprosperi.com\/?p=37001#breadcrumb","itemListElement":[{"@type":"ListItem","position":1,"name":"In\u00edcio","item":"https:\/\/blogdoprosperi.com\/"},{"@type":"ListItem","position":2,"name":"Imagem do dia &#8211; 23\/10"}]},{"@type":"WebSite","@id":"https:\/\/blogdoprosperi.com\/#website","url":"https:\/\/blogdoprosperi.com\/","name":"PR\u00d3SPERI NEWS","description":"TUDO \u00c9  FUTEBOL","publisher":{"@id":"https:\/\/blogdoprosperi.com\/#\/schema\/person\/38100755ce3601861ee4fab9b5aa78e9"},"alternateName":"blogdoprosperi.com","potentialAction":[{"@type":"SearchAction","target":{"@type":"EntryPoint","urlTemplate":"https:\/\/blogdoprosperi.com\/?s={search_term_string}"},"query-input":{"@type":"PropertyValueSpecification","valueRequired":true,"valueName":"search_term_string"}}],"inLanguage":"pt-BR"},{"@type":["Person","Organization"],"@id":"https:\/\/blogdoprosperi.com\/#\/schema\/person\/38100755ce3601861ee4fab9b5aa78e9","name":"Luiz Ant\u00f4nio Pr\u00f3speri","pronouns":"ele","image":{"@type":"ImageObject","inLanguage":"pt-BR","@id":"https:\/\/i0.wp.com\/blogdoprosperi.com\/wp-content\/uploads\/2026\/05\/cropped-8059e613-6002-42fa-961e-8e275f575d71-2-5.jpg?fit=1360%2C931&ssl=1","url":"https:\/\/i0.wp.com\/blogdoprosperi.com\/wp-content\/uploads\/2026\/05\/cropped-8059e613-6002-42fa-961e-8e275f575d71-2-5.jpg?fit=1360%2C931&ssl=1","contentUrl":"https:\/\/i0.wp.com\/blogdoprosperi.com\/wp-content\/uploads\/2026\/05\/cropped-8059e613-6002-42fa-961e-8e275f575d71-2-5.jpg?fit=1360%2C931&ssl=1","width":1360,"height":931,"caption":"Luiz Ant\u00f4nio Pr\u00f3speri"},"logo":{"@id":"https:\/\/i0.wp.com\/blogdoprosperi.com\/wp-content\/uploads\/2026\/05\/cropped-8059e613-6002-42fa-961e-8e275f575d71-2-5.jpg?fit=1360%2C931&ssl=1"},"description":"Jornalista com carreira dedicada ao esporte. Cobriu 9 Copas do Mundo in loco, 1990 na It\u00e1lia, 1994 nos EUA, 1998 na Fran\u00e7a, 2002 na Coreia do Sul e Jap\u00e3o, 2006 na Alemanha, 2010 na \u00c1frica do Sul, 2014 no Brasil, 2018 na R\u00fassia e 2022 no Qatar. Eurocopas, 1992 na Su\u00e9cia e 1996 na Inglaterra. Copa das Confedera\u00e7\u00f5es de 2005 na Alemanha e 2009 na \u00c1frica do Sul. Rep\u00f3rter e Editor, trabalhou no Jornal da Tarde e Estad\u00e3o, de 1984 a fevereiro de 2016. Colunista, blogueiro. E comentarista de futebol na R\u00e1dio Estad\u00e3o, de 2013 a fevereiro de 2016. Jornalista respons\u00e1vel do \"Pr\u00f3speri News\" (blogdoprosperi.com).","sameAs":["http:\/\/blogdoprosperi.com","Luiz Pr\u00f3speri","@luiz_prosperi","https:\/\/x.com\/Luizprosperi","@prosperinacopa","luiz.prosperi@icloud.com"],"url":"https:\/\/blogdoprosperi.com\/?author=102107496"}]}},"jetpack_publicize_connections":[],"jetpack_likes_enabled":false,"jetpack_sharing_enabled":true,"jetpack_shortlink":"https:\/\/wp.me\/p7jvdk-9CN","jetpack-related-posts":[{"id":38941,"url":"https:\/\/blogdoprosperi.com\/?p=38941","url_meta":{"origin":37001,"position":0},"title":"Endrick do Palmeiras e a travessia da Copa Catar 2022","author":"Luiz Ant\u00f4nio Pr\u00f3speri","date":"13 de julho de 2022","format":false,"excerpt":"Sele\u00e7\u00e3o Brasileira tem pressa. O futebol brasileiro \u00e9 apressado por natureza. Chega a Copa do Mundo e come\u00e7a a busca nos confins por um novo fen\u00f4meno \u2013 \u00e9 da cultura do pa\u00eds metido a ter os mais talentosos jogadores da Terra. Por isso, anotem a\u00ed, Endrick, do Palmeiras, ser\u00e1 o\u2026","rel":"","context":"Em &quot;futebol&quot;","block_context":{"text":"futebol","link":"https:\/\/blogdoprosperi.com\/?cat=53870"},"img":{"alt_text":"","src":"https:\/\/i0.wp.com\/blogdoprosperi.com\/wp-content\/uploads\/2022\/07\/endrick-20042022110424799.jpg?fit=771%2C420&ssl=1&resize=350%2C200","width":350,"height":200,"srcset":"https:\/\/i0.wp.com\/blogdoprosperi.com\/wp-content\/uploads\/2022\/07\/endrick-20042022110424799.jpg?fit=771%2C420&ssl=1&resize=350%2C200 1x, https:\/\/i0.wp.com\/blogdoprosperi.com\/wp-content\/uploads\/2022\/07\/endrick-20042022110424799.jpg?fit=771%2C420&ssl=1&resize=525%2C300 1.5x, https:\/\/i0.wp.com\/blogdoprosperi.com\/wp-content\/uploads\/2022\/07\/endrick-20042022110424799.jpg?fit=771%2C420&ssl=1&resize=700%2C400 2x"},"classes":[]},{"id":40928,"url":"https:\/\/blogdoprosperi.com\/?p=40928","url_meta":{"origin":37001,"position":1},"title":"Vini Jr sofre racismo dois dias ap\u00f3s morte de Pel\u00e9","author":"Luiz Ant\u00f4nio Pr\u00f3speri","date":"31 de dezembro de 2022","format":false,"excerpt":"Vini Jr sofre racismo de torcedores espanh\u00f3is, dois dias ap\u00f3s a morte de Pel\u00e9, no jogo Valladolid x Real Madrid. Antes de o jogo come\u00e7ar, torcedores respeitaram um minuto de sil\u00eancio e aplausos ao Rei.","rel":"","context":"Em &quot;futebol&quot;","block_context":{"text":"futebol","link":"https:\/\/blogdoprosperi.com\/?cat=53870"},"img":{"alt_text":"","src":"https:\/\/i0.wp.com\/blogdoprosperi.com\/wp-content\/uploads\/2022\/12\/images-4.jpg?fit=238%2C212&ssl=1&resize=350%2C200","width":350,"height":200},"classes":[]},{"id":37515,"url":"https:\/\/blogdoprosperi.com\/?p=37515","url_meta":{"origin":37001,"position":2},"title":"Neymar volta ao PSG com obriga\u00e7\u00e3o de reinventar a carreira","author":"Luiz Ant\u00f4nio Pr\u00f3speri","date":"2 de agosto de 2018","format":false,"excerpt":"Neymar volta ao PSG nesta quinta-feira depois de mais quatro meses longe das atividades do time franc\u00eas. N\u00e3o se trata de uma simples reapresenta\u00e7\u00e3o ao clube que desembolsou R$ 821,4 milh\u00f5es, em agosto de 2017, para ter seu futebol e explorar a imagem do craque. \u00c9 como se fosse um\u2026","rel":"","context":"Em &quot;futebol&quot;","block_context":{"text":"futebol","link":"https:\/\/blogdoprosperi.com\/?cat=53870"},"img":{"alt_text":"","src":"https:\/\/i0.wp.com\/blogdoprosperi.com\/wp-content\/uploads\/2018\/08\/neymar.png?fit=689%2C464&ssl=1&resize=350%2C200","width":350,"height":200,"srcset":"https:\/\/i0.wp.com\/blogdoprosperi.com\/wp-content\/uploads\/2018\/08\/neymar.png?fit=689%2C464&ssl=1&resize=350%2C200 1x, https:\/\/i0.wp.com\/blogdoprosperi.com\/wp-content\/uploads\/2018\/08\/neymar.png?fit=689%2C464&ssl=1&resize=525%2C300 1.5x"},"classes":[]},{"id":55419,"url":"https:\/\/blogdoprosperi.com\/?p=55419","url_meta":{"origin":37001,"position":3},"title":"#Cr\u00f4nicaSab\u00e1tica #34 | Ninho do Urubu, Manthiqueira, Endrick e Pel\u00e9, a Semana dos Meninos do Brasil","author":"Luiz Ant\u00f4nio Pr\u00f3speri","date":"25 de outubro de 2025","format":false,"excerpt":"\"\u00c0s vezes o pego chorando. Ele tenta demonstrar for\u00e7a, do tipo 'est\u00e1 tudo bem', mas percebo o quanto est\u00e1 sofrendo. Meu filho n\u00e3o quer mais ir aos treinos. Voltou \u00e0 escola ter\u00e7a-feira (21\/10), com medo. E eu o entendo, o esporte n\u00e3o \u00e9 para machucar assim. N\u00e3o preciso que se\u2026","rel":"","context":"Em &quot;cr\u00f4nica&quot;","block_context":{"text":"cr\u00f4nica","link":"https:\/\/blogdoprosperi.com\/?cat=23339"},"img":{"alt_text":"Homenagem aos 10 meninos mortos no Ninho do Urubu","src":"https:\/\/i0.wp.com\/blogdoprosperi.com\/wp-content\/uploads\/2025\/10\/captura-de-tela-2025-10-25-as-14.26.13.png?fit=1200%2C645&ssl=1&resize=350%2C200","width":350,"height":200,"srcset":"https:\/\/i0.wp.com\/blogdoprosperi.com\/wp-content\/uploads\/2025\/10\/captura-de-tela-2025-10-25-as-14.26.13.png?fit=1200%2C645&ssl=1&resize=350%2C200 1x, https:\/\/i0.wp.com\/blogdoprosperi.com\/wp-content\/uploads\/2025\/10\/captura-de-tela-2025-10-25-as-14.26.13.png?fit=1200%2C645&ssl=1&resize=525%2C300 1.5x, https:\/\/i0.wp.com\/blogdoprosperi.com\/wp-content\/uploads\/2025\/10\/captura-de-tela-2025-10-25-as-14.26.13.png?fit=1200%2C645&ssl=1&resize=700%2C400 2x, https:\/\/i0.wp.com\/blogdoprosperi.com\/wp-content\/uploads\/2025\/10\/captura-de-tela-2025-10-25-as-14.26.13.png?fit=1200%2C645&ssl=1&resize=1050%2C600 3x"},"classes":[]},{"id":9481,"url":"https:\/\/blogdoprosperi.com\/?p=9481","url_meta":{"origin":37001,"position":4},"title":"Cinco an\u00e1lises de futebol para voc\u00ea fechar a noite desta quinta (09\/6)","author":"Luiz Ant\u00f4nio Pr\u00f3speri","date":"9 de junho de 2016","format":false,"excerpt":"O dia foi de recorda\u00e7\u00f5es no futebol e uma volta ao passado. Logo de manh\u00e3, fomos despertados com o encontro de Pel\u00e9 e Maradona em um evento de um patrocinador da Eurocopa na Fran\u00e7a. No Brasil, o veterano Fred disse adeus ao Fluminense, depois de acertar sua transfer\u00eancia ao Atl\u00e9tico-MG.\u2026","rel":"","context":"Em &quot;futebol&quot;","block_context":{"text":"futebol","link":"https:\/\/blogdoprosperi.com\/?cat=53870"},"img":{"alt_text":"","src":"https:\/\/i0.wp.com\/blogdoprosperi.com\/wp-content\/uploads\/2016\/06\/images-41.jpeg?resize=350%2C200","width":350,"height":200},"classes":[]},{"id":41004,"url":"https:\/\/blogdoprosperi.com\/?p=41004","url_meta":{"origin":37001,"position":5},"title":"Sucessor de Pel\u00e9: come\u00e7a eterna ca\u00e7a ao tesouro","author":"Luiz Ant\u00f4nio Pr\u00f3speri","date":"5 de janeiro de 2023","format":false,"excerpt":"Quem ser\u00e1 o sucessor do Rei, se \u00e9 que teremos um herdeiro no futebol brasileiro? Endrick (Palmeiras) trilha caminho que j\u00e1 foi de Neymar, Ronaldinho Ga\u00facho, Messi...","rel":"","context":"Em &quot;futebol&quot;","block_context":{"text":"futebol","link":"https:\/\/blogdoprosperi.com\/?cat=53870"},"img":{"alt_text":"","src":"https:\/\/i0.wp.com\/blogdoprosperi.com\/wp-content\/uploads\/2023\/01\/52473311817_c3cc3a00e3_c.jpg?fit=800%2C450&ssl=1&resize=350%2C200","width":350,"height":200,"srcset":"https:\/\/i0.wp.com\/blogdoprosperi.com\/wp-content\/uploads\/2023\/01\/52473311817_c3cc3a00e3_c.jpg?fit=800%2C450&ssl=1&resize=350%2C200 1x, https:\/\/i0.wp.com\/blogdoprosperi.com\/wp-content\/uploads\/2023\/01\/52473311817_c3cc3a00e3_c.jpg?fit=800%2C450&ssl=1&resize=525%2C300 1.5x, https:\/\/i0.wp.com\/blogdoprosperi.com\/wp-content\/uploads\/2023\/01\/52473311817_c3cc3a00e3_c.jpg?fit=800%2C450&ssl=1&resize=700%2C400 2x"},"classes":[]}],"jetpack_featured_media_url":"https:\/\/i0.wp.com\/blogdoprosperi.com\/wp-content\/uploads\/2017\/10\/a25ad24b02b64346b3d1b13a692505a1.jpg?fit=2674%2C3982&ssl=1","_links":{"self":[{"href":"https:\/\/blogdoprosperi.com\/index.php?rest_route=\/wp\/v2\/posts\/37001","targetHints":{"allow":["GET"]}}],"collection":[{"href":"https:\/\/blogdoprosperi.com\/index.php?rest_route=\/wp\/v2\/posts"}],"about":[{"href":"https:\/\/blogdoprosperi.com\/index.php?rest_route=\/wp\/v2\/types\/post"}],"author":[{"embeddable":true,"href":"https:\/\/blogdoprosperi.com\/index.php?rest_route=\/wp\/v2\/users\/102107496"}],"replies":[{"embeddable":true,"href":"https:\/\/blogdoprosperi.com\/index.php?rest_route=%2Fwp%2Fv2%2Fcomments&post=37001"}],"version-history":[{"count":4,"href":"https:\/\/blogdoprosperi.com\/index.php?rest_route=\/wp\/v2\/posts\/37001\/revisions"}],"predecessor-version":[{"id":37007,"href":"https:\/\/blogdoprosperi.com\/index.php?rest_route=\/wp\/v2\/posts\/37001\/revisions\/37007"}],"wp:featuredmedia":[{"embeddable":true,"href":"https:\/\/blogdoprosperi.com\/index.php?rest_route=\/wp\/v2\/media\/37002"}],"wp:attachment":[{"href":"https:\/\/blogdoprosperi.com\/index.php?rest_route=%2Fwp%2Fv2%2Fmedia&parent=37001"}],"wp:term":[{"taxonomy":"category","embeddable":true,"href":"https:\/\/blogdoprosperi.com\/index.php?rest_route=%2Fwp%2Fv2%2Fcategories&post=37001"},{"taxonomy":"post_tag","embeddable":true,"href":"https:\/\/blogdoprosperi.com\/index.php?rest_route=%2Fwp%2Fv2%2Ftags&post=37001"}],"curies":[{"name":"wp","href":"https:\/\/api.w.org\/{rel}","templated":true}]}}