{"id":37100,"date":"2017-11-09T12:20:05","date_gmt":"2017-11-09T14:20:05","guid":{"rendered":"http:\/\/blogdoprosperi.com\/?p=37100"},"modified":"2017-11-09T12:21:19","modified_gmt":"2017-11-09T14:21:19","slug":"imagem-do-dia-09-11","status":"publish","type":"post","link":"https:\/\/blogdoprosperi.com\/?p=37100","title":{"rendered":"Imagem do dia \u2013 09\/11"},"content":{"rendered":"<p>Palmeiras reencontra seus fantasmas na temporada 2017 depois de ser campe\u00e3o brasileiro em 2016.<\/p>\n","protected":false},"excerpt":{"rendered":"<p>Palmeiras reencontra seus fantasmas na temporada 2017 depois de ser campe\u00e3o brasileiro em 2016.<\/p>\n","protected":false},"author":102107496,"featured_media":37099,"comment_status":"open","ping_status":"open","sticky":false,"template":"","format":"image","meta":{"_coblocks_attr":"","_coblocks_dimensions":"","_coblocks_responsive_height":"","_coblocks_accordion_ie_support":"","_jetpack_newsletter_access":"","_jetpack_dont_email_post_to_subs":false,"_jetpack_newsletter_tier_id":0,"_jetpack_memberships_contains_paywalled_content":false,"_wpcom_ai_launchpad_first_post":false,"_jetpack_feature_clip_id":0,"_jetpack_memberships_contains_paid_content":false,"footnotes":"","jetpack_publicize_message":"","jetpack_publicize_feature_enabled":true,"jetpack_social_post_already_shared":false,"jetpack_social_options":{"image_generator_settings":{"template":"highway","default_image_id":0,"font":"","enabled":false},"version":2},"jetpack_post_was_ever_published":false},"categories":[355071,53870],"tags":[165442385,595939199,5430725,789560560,4558380],"class_list":["post-37100","post","type-post","status-publish","format-image","has-post-thumbnail","hentry","category-campeonato-brasileiro","category-futebol","tag-allianz-parque","tag-brasileirao-2017-33a-rodada","tag-felipe-melo","tag-futebol","tag-se-palmeiras","post_format-post-format-image"],"yoast_head":"<!-- This site is optimized with the Yoast SEO plugin v28.4 - https:\/\/yoast.com\/product\/yoast-seo-wordpress\/ -->\n<title>Imagem do dia \u2013 09\/11 - PR\u00d3SPERI NEWS<\/title>\n<meta name=\"robots\" content=\"index, follow, max-snippet:-1, max-image-preview:large, max-video-preview:-1\" \/>\n<link rel=\"canonical\" href=\"https:\/\/blogdoprosperi.com\/?p=37100\" \/>\n<meta property=\"og:locale\" content=\"pt_BR\" \/>\n<meta property=\"og:type\" content=\"article\" \/>\n<meta property=\"og:title\" content=\"Imagem do dia \u2013 09\/11 - PR\u00d3SPERI NEWS\" \/>\n<meta property=\"og:description\" content=\"Palmeiras reencontra seus fantasmas na temporada 2017 depois de ser campe\u00e3o brasileiro em 2016.\" \/>\n<meta property=\"og:url\" content=\"https:\/\/blogdoprosperi.com\/?p=37100\" \/>\n<meta property=\"og:site_name\" content=\"PR\u00d3SPERI NEWS\" \/>\n<meta property=\"article:publisher\" content=\"Luiz Pr\u00f3speri\" \/>\n<meta property=\"article:author\" content=\"Luiz Pr\u00f3speri\" \/>\n<meta property=\"article:published_time\" content=\"2017-11-09T14:20:05+00:00\" \/>\n<meta property=\"article:modified_time\" content=\"2017-11-09T14:21:19+00:00\" \/>\n<meta property=\"og:image\" content=\"https:\/\/i0.wp.com\/blogdoprosperi.com\/wp-content\/uploads\/2017\/11\/palmeiras_muro_tossiro_neto.jpg?fit=3200%2C2400&ssl=1\" \/>\n\t<meta property=\"og:image:width\" content=\"3200\" \/>\n\t<meta property=\"og:image:height\" content=\"2400\" \/>\n\t<meta property=\"og:image:type\" content=\"image\/jpeg\" \/>\n<meta name=\"author\" content=\"Luiz Ant\u00f4nio Pr\u00f3speri\" \/>\n<meta name=\"twitter:card\" content=\"summary_large_image\" \/>\n<meta name=\"twitter:creator\" content=\"@Luizprosperi\" \/>\n<meta name=\"twitter:site\" content=\"@Luizprosperi\" \/>\n<meta name=\"twitter:label1\" content=\"Escrito por\" \/>\n\t<meta name=\"twitter:data1\" content=\"Luiz Ant\u00f4nio Pr\u00f3speri\" \/>\n<script type=\"application\/ld+json\" class=\"yoast-schema-graph\">{\"@context\":\"https:\\\/\\\/schema.org\",\"@graph\":[{\"@type\":\"Article\",\"@id\":\"https:\\\/\\\/blogdoprosperi.com\\\/?p=37100#article\",\"isPartOf\":{\"@id\":\"https:\\\/\\\/blogdoprosperi.com\\\/?p=37100\"},\"author\":{\"name\":\"Luiz Ant\u00f4nio Pr\u00f3speri\",\"@id\":\"https:\\\/\\\/blogdoprosperi.com\\\/#\\\/schema\\\/person\\\/38100755ce3601861ee4fab9b5aa78e9\"},\"headline\":\"Imagem do dia \u2013 09\\\/11\",\"datePublished\":\"2017-11-09T14:20:05+00:00\",\"dateModified\":\"2017-11-09T14:21:19+00:00\",\"mainEntityOfPage\":{\"@id\":\"https:\\\/\\\/blogdoprosperi.com\\\/?p=37100\"},\"wordCount\":16,\"commentCount\":0,\"publisher\":{\"@id\":\"https:\\\/\\\/blogdoprosperi.com\\\/#\\\/schema\\\/person\\\/38100755ce3601861ee4fab9b5aa78e9\"},\"image\":{\"@id\":\"https:\\\/\\\/blogdoprosperi.com\\\/?p=37100#primaryimage\"},\"thumbnailUrl\":\"https:\\\/\\\/i0.wp.com\\\/blogdoprosperi.com\\\/wp-content\\\/uploads\\\/2017\\\/11\\\/palmeiras_muro_tossiro_neto.jpg?fit=3200%2C2400&ssl=1\",\"keywords\":[\"Allianz Parque\",\"Brasileir\u00e3o 2017 33\u00aa rodada\",\"Felipe Melo\",\"futebol\",\"SE Palmeiras\"],\"articleSection\":[\"Campeonato Brasileiro\",\"futebol\"],\"inLanguage\":\"pt-BR\",\"potentialAction\":[{\"@type\":\"CommentAction\",\"name\":\"Comment\",\"target\":[\"https:\\\/\\\/blogdoprosperi.com\\\/?p=37100#respond\"]}]},{\"@type\":\"WebPage\",\"@id\":\"https:\\\/\\\/blogdoprosperi.com\\\/?p=37100\",\"url\":\"https:\\\/\\\/blogdoprosperi.com\\\/?p=37100\",\"name\":\"Imagem do dia \u2013 09\\\/11 - PR\u00d3SPERI NEWS\",\"isPartOf\":{\"@id\":\"https:\\\/\\\/blogdoprosperi.com\\\/#website\"},\"primaryImageOfPage\":{\"@id\":\"https:\\\/\\\/blogdoprosperi.com\\\/?p=37100#primaryimage\"},\"image\":{\"@id\":\"https:\\\/\\\/blogdoprosperi.com\\\/?p=37100#primaryimage\"},\"thumbnailUrl\":\"https:\\\/\\\/i0.wp.com\\\/blogdoprosperi.com\\\/wp-content\\\/uploads\\\/2017\\\/11\\\/palmeiras_muro_tossiro_neto.jpg?fit=3200%2C2400&ssl=1\",\"datePublished\":\"2017-11-09T14:20:05+00:00\",\"dateModified\":\"2017-11-09T14:21:19+00:00\",\"breadcrumb\":{\"@id\":\"https:\\\/\\\/blogdoprosperi.com\\\/?p=37100#breadcrumb\"},\"inLanguage\":\"pt-BR\",\"potentialAction\":[{\"@type\":\"ReadAction\",\"target\":[\"https:\\\/\\\/blogdoprosperi.com\\\/?p=37100\"]}]},{\"@type\":\"ImageObject\",\"inLanguage\":\"pt-BR\",\"@id\":\"https:\\\/\\\/blogdoprosperi.com\\\/?p=37100#primaryimage\",\"url\":\"https:\\\/\\\/i0.wp.com\\\/blogdoprosperi.com\\\/wp-content\\\/uploads\\\/2017\\\/11\\\/palmeiras_muro_tossiro_neto.jpg?fit=3200%2C2400&ssl=1\",\"contentUrl\":\"https:\\\/\\\/i0.wp.com\\\/blogdoprosperi.com\\\/wp-content\\\/uploads\\\/2017\\\/11\\\/palmeiras_muro_tossiro_neto.jpg?fit=3200%2C2400&ssl=1\",\"width\":3200,\"height\":2400,\"caption\":\"Bilheterias do Allianz Parque na madrugada desta quinta-feira ap\u00f3s derrota do Palmeiras\"},{\"@type\":\"BreadcrumbList\",\"@id\":\"https:\\\/\\\/blogdoprosperi.com\\\/?p=37100#breadcrumb\",\"itemListElement\":[{\"@type\":\"ListItem\",\"position\":1,\"name\":\"In\u00edcio\",\"item\":\"https:\\\/\\\/blogdoprosperi.com\\\/\"},{\"@type\":\"ListItem\",\"position\":2,\"name\":\"Imagem do dia \u2013 09\\\/11\"}]},{\"@type\":\"WebSite\",\"@id\":\"https:\\\/\\\/blogdoprosperi.com\\\/#website\",\"url\":\"https:\\\/\\\/blogdoprosperi.com\\\/\",\"name\":\"PR\u00d3SPERI NEWS\",\"description\":\"TUDO \u00c9  FUTEBOL\",\"publisher\":{\"@id\":\"https:\\\/\\\/blogdoprosperi.com\\\/#\\\/schema\\\/person\\\/38100755ce3601861ee4fab9b5aa78e9\"},\"alternateName\":\"blogdoprosperi.com\",\"potentialAction\":[{\"@type\":\"SearchAction\",\"target\":{\"@type\":\"EntryPoint\",\"urlTemplate\":\"https:\\\/\\\/blogdoprosperi.com\\\/?s={search_term_string}\"},\"query-input\":{\"@type\":\"PropertyValueSpecification\",\"valueRequired\":true,\"valueName\":\"search_term_string\"}}],\"inLanguage\":\"pt-BR\"},{\"@type\":[\"Person\",\"Organization\"],\"@id\":\"https:\\\/\\\/blogdoprosperi.com\\\/#\\\/schema\\\/person\\\/38100755ce3601861ee4fab9b5aa78e9\",\"name\":\"Luiz Ant\u00f4nio Pr\u00f3speri\",\"pronouns\":\"ele\",\"image\":{\"@type\":\"ImageObject\",\"inLanguage\":\"pt-BR\",\"@id\":\"https:\\\/\\\/i0.wp.com\\\/blogdoprosperi.com\\\/wp-content\\\/uploads\\\/2026\\\/05\\\/cropped-8059e613-6002-42fa-961e-8e275f575d71-2-5.jpg?fit=1360%2C931&ssl=1\",\"url\":\"https:\\\/\\\/i0.wp.com\\\/blogdoprosperi.com\\\/wp-content\\\/uploads\\\/2026\\\/05\\\/cropped-8059e613-6002-42fa-961e-8e275f575d71-2-5.jpg?fit=1360%2C931&ssl=1\",\"contentUrl\":\"https:\\\/\\\/i0.wp.com\\\/blogdoprosperi.com\\\/wp-content\\\/uploads\\\/2026\\\/05\\\/cropped-8059e613-6002-42fa-961e-8e275f575d71-2-5.jpg?fit=1360%2C931&ssl=1\",\"width\":1360,\"height\":931,\"caption\":\"Luiz Ant\u00f4nio Pr\u00f3speri\"},\"logo\":{\"@id\":\"https:\\\/\\\/i0.wp.com\\\/blogdoprosperi.com\\\/wp-content\\\/uploads\\\/2026\\\/05\\\/cropped-8059e613-6002-42fa-961e-8e275f575d71-2-5.jpg?fit=1360%2C931&ssl=1\"},\"description\":\"Jornalista com carreira dedicada ao esporte. Cobriu 9 Copas do Mundo in loco, 1990 na It\u00e1lia, 1994 nos EUA, 1998 na Fran\u00e7a, 2002 na Coreia do Sul e Jap\u00e3o, 2006 na Alemanha, 2010 na \u00c1frica do Sul, 2014 no Brasil, 2018 na R\u00fassia e 2022 no Qatar. Eurocopas, 1992 na Su\u00e9cia e 1996 na Inglaterra. Copa das Confedera\u00e7\u00f5es de 2005 na Alemanha e 2009 na \u00c1frica do Sul. Rep\u00f3rter e Editor, trabalhou no Jornal da Tarde e Estad\u00e3o, de 1984 a fevereiro de 2016. Colunista, blogueiro. E comentarista de futebol na R\u00e1dio Estad\u00e3o, de 2013 a fevereiro de 2016. Jornalista respons\u00e1vel do \\\"Pr\u00f3speri News\\\" (blogdoprosperi.com).\",\"sameAs\":[\"http:\\\/\\\/blogdoprosperi.com\",\"Luiz Pr\u00f3speri\",\"@luiz_prosperi\",\"https:\\\/\\\/x.com\\\/Luizprosperi\",\"@prosperinacopa\",\"luiz.prosperi@icloud.com\"],\"url\":\"https:\\\/\\\/blogdoprosperi.com\\\/?author=102107496\"}]}<\/script>\n<!-- \/ Yoast SEO plugin. -->","yoast_head_json":{"title":"Imagem do dia \u2013 09\/11 - PR\u00d3SPERI NEWS","robots":{"index":"index","follow":"follow","max-snippet":"max-snippet:-1","max-image-preview":"max-image-preview:large","max-video-preview":"max-video-preview:-1"},"canonical":"https:\/\/blogdoprosperi.com\/?p=37100","og_locale":"pt_BR","og_type":"article","og_title":"Imagem do dia \u2013 09\/11 - PR\u00d3SPERI NEWS","og_description":"Palmeiras reencontra seus fantasmas na temporada 2017 depois de ser campe\u00e3o brasileiro em 2016.","og_url":"https:\/\/blogdoprosperi.com\/?p=37100","og_site_name":"PR\u00d3SPERI NEWS","article_publisher":"Luiz Pr\u00f3speri","article_author":"Luiz Pr\u00f3speri","article_published_time":"2017-11-09T14:20:05+00:00","article_modified_time":"2017-11-09T14:21:19+00:00","og_image":[{"width":3200,"height":2400,"url":"https:\/\/i0.wp.com\/blogdoprosperi.com\/wp-content\/uploads\/2017\/11\/palmeiras_muro_tossiro_neto.jpg?fit=3200%2C2400&ssl=1","type":"image\/jpeg"}],"author":"Luiz Ant\u00f4nio Pr\u00f3speri","twitter_card":"summary_large_image","twitter_creator":"@Luizprosperi","twitter_site":"@Luizprosperi","twitter_misc":{"Escrito por":"Luiz Ant\u00f4nio Pr\u00f3speri"},"schema":{"@context":"https:\/\/schema.org","@graph":[{"@type":"Article","@id":"https:\/\/blogdoprosperi.com\/?p=37100#article","isPartOf":{"@id":"https:\/\/blogdoprosperi.com\/?p=37100"},"author":{"name":"Luiz Ant\u00f4nio Pr\u00f3speri","@id":"https:\/\/blogdoprosperi.com\/#\/schema\/person\/38100755ce3601861ee4fab9b5aa78e9"},"headline":"Imagem do dia \u2013 09\/11","datePublished":"2017-11-09T14:20:05+00:00","dateModified":"2017-11-09T14:21:19+00:00","mainEntityOfPage":{"@id":"https:\/\/blogdoprosperi.com\/?p=37100"},"wordCount":16,"commentCount":0,"publisher":{"@id":"https:\/\/blogdoprosperi.com\/#\/schema\/person\/38100755ce3601861ee4fab9b5aa78e9"},"image":{"@id":"https:\/\/blogdoprosperi.com\/?p=37100#primaryimage"},"thumbnailUrl":"https:\/\/i0.wp.com\/blogdoprosperi.com\/wp-content\/uploads\/2017\/11\/palmeiras_muro_tossiro_neto.jpg?fit=3200%2C2400&ssl=1","keywords":["Allianz Parque","Brasileir\u00e3o 2017 33\u00aa rodada","Felipe Melo","futebol","SE Palmeiras"],"articleSection":["Campeonato Brasileiro","futebol"],"inLanguage":"pt-BR","potentialAction":[{"@type":"CommentAction","name":"Comment","target":["https:\/\/blogdoprosperi.com\/?p=37100#respond"]}]},{"@type":"WebPage","@id":"https:\/\/blogdoprosperi.com\/?p=37100","url":"https:\/\/blogdoprosperi.com\/?p=37100","name":"Imagem do dia \u2013 09\/11 - PR\u00d3SPERI NEWS","isPartOf":{"@id":"https:\/\/blogdoprosperi.com\/#website"},"primaryImageOfPage":{"@id":"https:\/\/blogdoprosperi.com\/?p=37100#primaryimage"},"image":{"@id":"https:\/\/blogdoprosperi.com\/?p=37100#primaryimage"},"thumbnailUrl":"https:\/\/i0.wp.com\/blogdoprosperi.com\/wp-content\/uploads\/2017\/11\/palmeiras_muro_tossiro_neto.jpg?fit=3200%2C2400&ssl=1","datePublished":"2017-11-09T14:20:05+00:00","dateModified":"2017-11-09T14:21:19+00:00","breadcrumb":{"@id":"https:\/\/blogdoprosperi.com\/?p=37100#breadcrumb"},"inLanguage":"pt-BR","potentialAction":[{"@type":"ReadAction","target":["https:\/\/blogdoprosperi.com\/?p=37100"]}]},{"@type":"ImageObject","inLanguage":"pt-BR","@id":"https:\/\/blogdoprosperi.com\/?p=37100#primaryimage","url":"https:\/\/i0.wp.com\/blogdoprosperi.com\/wp-content\/uploads\/2017\/11\/palmeiras_muro_tossiro_neto.jpg?fit=3200%2C2400&ssl=1","contentUrl":"https:\/\/i0.wp.com\/blogdoprosperi.com\/wp-content\/uploads\/2017\/11\/palmeiras_muro_tossiro_neto.jpg?fit=3200%2C2400&ssl=1","width":3200,"height":2400,"caption":"Bilheterias do Allianz Parque na madrugada desta quinta-feira ap\u00f3s derrota do Palmeiras"},{"@type":"BreadcrumbList","@id":"https:\/\/blogdoprosperi.com\/?p=37100#breadcrumb","itemListElement":[{"@type":"ListItem","position":1,"name":"In\u00edcio","item":"https:\/\/blogdoprosperi.com\/"},{"@type":"ListItem","position":2,"name":"Imagem do dia \u2013 09\/11"}]},{"@type":"WebSite","@id":"https:\/\/blogdoprosperi.com\/#website","url":"https:\/\/blogdoprosperi.com\/","name":"PR\u00d3SPERI NEWS","description":"TUDO \u00c9  FUTEBOL","publisher":{"@id":"https:\/\/blogdoprosperi.com\/#\/schema\/person\/38100755ce3601861ee4fab9b5aa78e9"},"alternateName":"blogdoprosperi.com","potentialAction":[{"@type":"SearchAction","target":{"@type":"EntryPoint","urlTemplate":"https:\/\/blogdoprosperi.com\/?s={search_term_string}"},"query-input":{"@type":"PropertyValueSpecification","valueRequired":true,"valueName":"search_term_string"}}],"inLanguage":"pt-BR"},{"@type":["Person","Organization"],"@id":"https:\/\/blogdoprosperi.com\/#\/schema\/person\/38100755ce3601861ee4fab9b5aa78e9","name":"Luiz Ant\u00f4nio Pr\u00f3speri","pronouns":"ele","image":{"@type":"ImageObject","inLanguage":"pt-BR","@id":"https:\/\/i0.wp.com\/blogdoprosperi.com\/wp-content\/uploads\/2026\/05\/cropped-8059e613-6002-42fa-961e-8e275f575d71-2-5.jpg?fit=1360%2C931&ssl=1","url":"https:\/\/i0.wp.com\/blogdoprosperi.com\/wp-content\/uploads\/2026\/05\/cropped-8059e613-6002-42fa-961e-8e275f575d71-2-5.jpg?fit=1360%2C931&ssl=1","contentUrl":"https:\/\/i0.wp.com\/blogdoprosperi.com\/wp-content\/uploads\/2026\/05\/cropped-8059e613-6002-42fa-961e-8e275f575d71-2-5.jpg?fit=1360%2C931&ssl=1","width":1360,"height":931,"caption":"Luiz Ant\u00f4nio Pr\u00f3speri"},"logo":{"@id":"https:\/\/i0.wp.com\/blogdoprosperi.com\/wp-content\/uploads\/2026\/05\/cropped-8059e613-6002-42fa-961e-8e275f575d71-2-5.jpg?fit=1360%2C931&ssl=1"},"description":"Jornalista com carreira dedicada ao esporte. Cobriu 9 Copas do Mundo in loco, 1990 na It\u00e1lia, 1994 nos EUA, 1998 na Fran\u00e7a, 2002 na Coreia do Sul e Jap\u00e3o, 2006 na Alemanha, 2010 na \u00c1frica do Sul, 2014 no Brasil, 2018 na R\u00fassia e 2022 no Qatar. Eurocopas, 1992 na Su\u00e9cia e 1996 na Inglaterra. Copa das Confedera\u00e7\u00f5es de 2005 na Alemanha e 2009 na \u00c1frica do Sul. Rep\u00f3rter e Editor, trabalhou no Jornal da Tarde e Estad\u00e3o, de 1984 a fevereiro de 2016. Colunista, blogueiro. E comentarista de futebol na R\u00e1dio Estad\u00e3o, de 2013 a fevereiro de 2016. Jornalista respons\u00e1vel do \"Pr\u00f3speri News\" (blogdoprosperi.com).","sameAs":["http:\/\/blogdoprosperi.com","Luiz Pr\u00f3speri","@luiz_prosperi","https:\/\/x.com\/Luizprosperi","@prosperinacopa","luiz.prosperi@icloud.com"],"url":"https:\/\/blogdoprosperi.com\/?author=102107496"}]}},"jetpack_publicize_connections":[],"jetpack_likes_enabled":false,"jetpack_sharing_enabled":true,"jetpack_shortlink":"https:\/\/wp.me\/p7jvdk-9Eo","jetpack-related-posts":[{"id":54288,"url":"https:\/\/blogdoprosperi.com\/?p=54288","url_meta":{"origin":37100,"position":0},"title":"Voc\u00ea Sabe O Que \u00c9 um Palmeiras x Corinthians?","author":"Luiz Ant\u00f4nio Pr\u00f3speri","date":"6 de agosto de 2025","format":false,"excerpt":"Luiz Ant\u00f4nio Pr\u00f3speri \u2013 6 agosto 2025 (13h05) \u2013 Palmeiras e Corinthians \u00e9 mais que um jogo de futebol. A frase do personagem de Lima Duarte, no filme \"Boleiros\" de Ugo Giorgetti de 1998, explica bem o que significa o cl\u00e1ssico paulista. \"Minha Senhora, a senhora sabe o que \u00e9\u2026","rel":"","context":"Em &quot;Copa do Brasil&quot;","block_context":{"text":"Copa do Brasil","link":"https:\/\/blogdoprosperi.com\/?cat=821950"},"img":{"alt_text":"Voc\u00ea sabe o que \u00e9 um Palmeiras x Corinthians","src":"https:\/\/i0.wp.com\/blogdoprosperi.com\/wp-content\/uploads\/2025\/08\/palmeiras-x-corinthians-1920x1080-1.jpg?fit=1200%2C675&ssl=1&resize=350%2C200","width":350,"height":200,"srcset":"https:\/\/i0.wp.com\/blogdoprosperi.com\/wp-content\/uploads\/2025\/08\/palmeiras-x-corinthians-1920x1080-1.jpg?fit=1200%2C675&ssl=1&resize=350%2C200 1x, https:\/\/i0.wp.com\/blogdoprosperi.com\/wp-content\/uploads\/2025\/08\/palmeiras-x-corinthians-1920x1080-1.jpg?fit=1200%2C675&ssl=1&resize=525%2C300 1.5x, https:\/\/i0.wp.com\/blogdoprosperi.com\/wp-content\/uploads\/2025\/08\/palmeiras-x-corinthians-1920x1080-1.jpg?fit=1200%2C675&ssl=1&resize=700%2C400 2x, https:\/\/i0.wp.com\/blogdoprosperi.com\/wp-content\/uploads\/2025\/08\/palmeiras-x-corinthians-1920x1080-1.jpg?fit=1200%2C675&ssl=1&resize=1050%2C600 3x"},"classes":[]},{"id":41788,"url":"https:\/\/blogdoprosperi.com\/?p=41788","url_meta":{"origin":37100,"position":1},"title":"Morte de torcedora n\u00e3o vai abalar estruturas do futebol e seguran\u00e7a p\u00fablica","author":"Luiz Ant\u00f4nio Pr\u00f3speri","date":"10 de julho de 2023","format":false,"excerpt":"Morre torcedora do Palmeiras em confronto de torcidas. Faz tempo, futebol brasileiro decretou fal\u00eancia e incompet\u00eancia total contra viol\u00eancia.","rel":"","context":"Em &quot;CBF&quot;","block_context":{"text":"CBF","link":"https:\/\/blogdoprosperi.com\/?cat=570700"},"img":{"alt_text":"","src":"https:\/\/i0.wp.com\/blogdoprosperi.com\/wp-content\/uploads\/2023\/07\/gabriela-anelli-torcedora-atingida-em-confusao-entre-torcedores-do-palmeiras-e-flamengo-1688995552899_v2_1920x1080.jpg?fit=1200%2C675&ssl=1&resize=350%2C200","width":350,"height":200,"srcset":"https:\/\/i0.wp.com\/blogdoprosperi.com\/wp-content\/uploads\/2023\/07\/gabriela-anelli-torcedora-atingida-em-confusao-entre-torcedores-do-palmeiras-e-flamengo-1688995552899_v2_1920x1080.jpg?fit=1200%2C675&ssl=1&resize=350%2C200 1x, https:\/\/i0.wp.com\/blogdoprosperi.com\/wp-content\/uploads\/2023\/07\/gabriela-anelli-torcedora-atingida-em-confusao-entre-torcedores-do-palmeiras-e-flamengo-1688995552899_v2_1920x1080.jpg?fit=1200%2C675&ssl=1&resize=525%2C300 1.5x, https:\/\/i0.wp.com\/blogdoprosperi.com\/wp-content\/uploads\/2023\/07\/gabriela-anelli-torcedora-atingida-em-confusao-entre-torcedores-do-palmeiras-e-flamengo-1688995552899_v2_1920x1080.jpg?fit=1200%2C675&ssl=1&resize=700%2C400 2x, https:\/\/i0.wp.com\/blogdoprosperi.com\/wp-content\/uploads\/2023\/07\/gabriela-anelli-torcedora-atingida-em-confusao-entre-torcedores-do-palmeiras-e-flamengo-1688995552899_v2_1920x1080.jpg?fit=1200%2C675&ssl=1&resize=1050%2C600 3x"},"classes":[]},{"id":48050,"url":"https:\/\/blogdoprosperi.com\/?p=48050","url_meta":{"origin":37100,"position":2},"title":"Agora Futebol | Destaques do Dia 13 fevereiro","author":"Luiz Ant\u00f4nio Pr\u00f3speri","date":"13 de fevereiro de 2025","format":false,"excerpt":"Acompanhe as Mais Procuradas da Quinta-Feira (13\/2); Atl\u00e9tico Se Olha no Espelho e a Imagem \u00e9 do Palmeiras Vini Jr | N\u00e3o Caia nas Provoca\u00e7\u00f5es dos Comuns Futebol Brasileiro Tem Pressa, Nem Neymar Escapa Leila Pereira | Palmeiras Vem Mais Agressivo no Mercado CanalVerdejante","rel":"","context":"Em &quot;futebol&quot;","block_context":{"text":"futebol","link":"https:\/\/blogdoprosperi.com\/?cat=53870"},"img":{"alt_text":"","src":"https:\/\/i0.wp.com\/blogdoprosperi.com\/wp-content\/uploads\/2025\/01\/img_2567.jpg?fit=1200%2C572&ssl=1&resize=350%2C200","width":350,"height":200,"srcset":"https:\/\/i0.wp.com\/blogdoprosperi.com\/wp-content\/uploads\/2025\/01\/img_2567.jpg?fit=1200%2C572&ssl=1&resize=350%2C200 1x, https:\/\/i0.wp.com\/blogdoprosperi.com\/wp-content\/uploads\/2025\/01\/img_2567.jpg?fit=1200%2C572&ssl=1&resize=525%2C300 1.5x, https:\/\/i0.wp.com\/blogdoprosperi.com\/wp-content\/uploads\/2025\/01\/img_2567.jpg?fit=1200%2C572&ssl=1&resize=700%2C400 2x, https:\/\/i0.wp.com\/blogdoprosperi.com\/wp-content\/uploads\/2025\/01\/img_2567.jpg?fit=1200%2C572&ssl=1&resize=1050%2C600 3x"},"classes":[]},{"id":32107,"url":"https:\/\/blogdoprosperi.com\/?p=32107","url_meta":{"origin":37100,"position":3},"title":"Tch\u00ea Tch\u00ea, aquele gigante pequenininho","author":"Luiz Ant\u00f4nio Pr\u00f3speri","date":"15 de novembro de 2016","format":false,"excerpt":"Personagens do Brasileir\u00e3o 2016 - perfil (3) Meio-campista pulou do Audax ao Palmeiras, n\u00e3o se intimidou e n\u00e3o chama aten\u00e7\u00e3o dos catedr\u00e1ticos do futebol. Azar deles Tch\u00ea Tch\u00ea chama-se Danilo. Nesse neg\u00f3cio de futebol globalizado, em que jogadores t\u00eam de ter nome e sobrenome ou dois nomes, esse sujeitinho, com\u2026","rel":"","context":"Em &quot;Campeonato Brasileiro&quot;","block_context":{"text":"Campeonato Brasileiro","link":"https:\/\/blogdoprosperi.com\/?cat=355071"},"img":{"alt_text":"S\u00c3O PAULO 23\/10\/2016 PALMEIRAS X SPORT RECIFE CAMPEONATO BRASILEIRO  2016","src":"https:\/\/i0.wp.com\/blogdoprosperi.com\/wp-content\/uploads\/2016\/10\/pro1-171.jpg?resize=350%2C200&ssl=1","width":350,"height":200,"srcset":"https:\/\/i0.wp.com\/blogdoprosperi.com\/wp-content\/uploads\/2016\/10\/pro1-171.jpg?resize=350%2C200&ssl=1 1x, https:\/\/i0.wp.com\/blogdoprosperi.com\/wp-content\/uploads\/2016\/10\/pro1-171.jpg?resize=525%2C300&ssl=1 1.5x, https:\/\/i0.wp.com\/blogdoprosperi.com\/wp-content\/uploads\/2016\/10\/pro1-171.jpg?resize=700%2C400&ssl=1 2x, https:\/\/i0.wp.com\/blogdoprosperi.com\/wp-content\/uploads\/2016\/10\/pro1-171.jpg?resize=1050%2C600&ssl=1 3x, https:\/\/i0.wp.com\/blogdoprosperi.com\/wp-content\/uploads\/2016\/10\/pro1-171.jpg?resize=1400%2C800&ssl=1 4x"},"classes":[]},{"id":61145,"url":"https:\/\/blogdoprosperi.com\/?p=61145","url_meta":{"origin":37100,"position":4},"title":"O que acontece? Botafogo rejeita R$ 148 milh\u00f5es do Palmeiras por Danilo","author":"Luiz Ant\u00f4nio Pr\u00f3speri","date":"24 de julho de 2026","format":false,"excerpt":"Luiz Ant\u00f4nio Pr\u00f3speri \u2013 24 julho 2026 (08h30)\u00a0 Botafogo rejeita R$ 148 milh\u00f5es oferecidos pelo Palmeiras para contratar o voltante Danilo. At\u00e9 pouco menos de um m\u00eas, o clube carioca estava atolado em d\u00edvidas de sua SAF do caloteiro americano John Textor. N\u00e3o honrava seus compromissos atrasando sal\u00e1rios de jogadores\u2026","rel":"","context":"Em &quot;\u00daltimas&quot;","block_context":{"text":"\u00daltimas","link":"https:\/\/blogdoprosperi.com\/?cat=283656"},"img":{"alt_text":"","src":"https:\/\/i0.wp.com\/blogdoprosperi.com\/wp-content\/uploads\/2026\/03\/hdjzlkqxkaaqii_.jpeg?fit=900%2C601&ssl=1&resize=350%2C200","width":350,"height":200,"srcset":"https:\/\/i0.wp.com\/blogdoprosperi.com\/wp-content\/uploads\/2026\/03\/hdjzlkqxkaaqii_.jpeg?fit=900%2C601&ssl=1&resize=350%2C200 1x, https:\/\/i0.wp.com\/blogdoprosperi.com\/wp-content\/uploads\/2026\/03\/hdjzlkqxkaaqii_.jpeg?fit=900%2C601&ssl=1&resize=525%2C300 1.5x, https:\/\/i0.wp.com\/blogdoprosperi.com\/wp-content\/uploads\/2026\/03\/hdjzlkqxkaaqii_.jpeg?fit=900%2C601&ssl=1&resize=700%2C400 2x"},"classes":[]},{"id":42824,"url":"https:\/\/blogdoprosperi.com\/?p=42824","url_meta":{"origin":37100,"position":5},"title":"Dudu fica no Palmeiras","author":"Luiz Ant\u00f4nio Pr\u00f3speri","date":"16 de junho de 2024","format":false,"excerpt":"Dudu desiste da transfer\u00eancia ao Cruzeiro. Veja comunicado oficial do Palmeiras divulgado as 12h30 desse domingo (16\/6): \u201cO atacante Dudu se apresentou para o treino deste domingo (16) na Academia de Futebol e teve uma conversa com o t\u00e9cnico Abel Ferreira. A pedido do Departamento de Futebol, o atleta n\u00e3o\u2026","rel":"","context":"Em &quot;futebol&quot;","block_context":{"text":"futebol","link":"https:\/\/blogdoprosperi.com\/?cat=53870"},"img":{"alt_text":"","src":"https:\/\/i0.wp.com\/blogdoprosperi.com\/wp-content\/uploads\/2024\/06\/53793151873_f0988b3ac3_w.jpg?fit=400%2C400&ssl=1&resize=350%2C200","width":350,"height":200},"classes":[]}],"jetpack_featured_media_url":"https:\/\/i0.wp.com\/blogdoprosperi.com\/wp-content\/uploads\/2017\/11\/palmeiras_muro_tossiro_neto.jpg?fit=3200%2C2400&ssl=1","_links":{"self":[{"href":"https:\/\/blogdoprosperi.com\/index.php?rest_route=\/wp\/v2\/posts\/37100","targetHints":{"allow":["GET"]}}],"collection":[{"href":"https:\/\/blogdoprosperi.com\/index.php?rest_route=\/wp\/v2\/posts"}],"about":[{"href":"https:\/\/blogdoprosperi.com\/index.php?rest_route=\/wp\/v2\/types\/post"}],"author":[{"embeddable":true,"href":"https:\/\/blogdoprosperi.com\/index.php?rest_route=\/wp\/v2\/users\/102107496"}],"replies":[{"embeddable":true,"href":"https:\/\/blogdoprosperi.com\/index.php?rest_route=%2Fwp%2Fv2%2Fcomments&post=37100"}],"version-history":[{"count":4,"href":"https:\/\/blogdoprosperi.com\/index.php?rest_route=\/wp\/v2\/posts\/37100\/revisions"}],"predecessor-version":[{"id":37104,"href":"https:\/\/blogdoprosperi.com\/index.php?rest_route=\/wp\/v2\/posts\/37100\/revisions\/37104"}],"wp:featuredmedia":[{"embeddable":true,"href":"https:\/\/blogdoprosperi.com\/index.php?rest_route=\/wp\/v2\/media\/37099"}],"wp:attachment":[{"href":"https:\/\/blogdoprosperi.com\/index.php?rest_route=%2Fwp%2Fv2%2Fmedia&parent=37100"}],"wp:term":[{"taxonomy":"category","embeddable":true,"href":"https:\/\/blogdoprosperi.com\/index.php?rest_route=%2Fwp%2Fv2%2Fcategories&post=37100"},{"taxonomy":"post_tag","embeddable":true,"href":"https:\/\/blogdoprosperi.com\/index.php?rest_route=%2Fwp%2Fv2%2Ftags&post=37100"}],"curies":[{"name":"wp","href":"https:\/\/api.w.org\/{rel}","templated":true}]}}