{"id":37216,"date":"2017-11-13T20:21:13","date_gmt":"2017-11-13T22:21:13","guid":{"rendered":"http:\/\/blogdoprosperi.com\/?p=37216"},"modified":"2017-11-13T20:21:13","modified_gmt":"2017-11-13T22:21:13","slug":"imagem-do-dia-13-11","status":"publish","type":"post","link":"https:\/\/blogdoprosperi.com\/?p=37216","title":{"rendered":"Imagem do dia \u2013 13\/11"},"content":{"rendered":"<p>It\u00e1lia empata sem gols com a Su\u00e9cia e est\u00e1 fora da Copa do Mundo de 2018 na R\u00fassia. Buffon, o mito, se derrama em l\u00e1grimas<\/p>\n<div class=\"embed-twitter\">\n<blockquote class=\"twitter-tweet\" data-width=\"550\" data-dnt=\"true\">\n<p lang=\"es\" dir=\"ltr\">Buffon: &quot;Lo siento&quot;.<br \/>Las l\u00e1grimas de un mito.<a href=\"https:\/\/twitter.com\/hashtag\/DestinoRusia?src=hash&amp;ref_src=twsrc%5Etfw\">#DestinoRusia<\/a> <a href=\"https:\/\/t.co\/zLDaPUhfbS\">pic.twitter.com\/zLDaPUhfbS<\/a><\/p>\n<p>&mdash; Casa del F\u00fatbol M+ (@casadelfutbol) <a href=\"https:\/\/twitter.com\/casadelfutbol\/status\/930194167300542464?ref_src=twsrc%5Etfw\">November 13, 2017<\/a><\/p><\/blockquote>\n<p><script async src=\"https:\/\/platform.twitter.com\/widgets.js\" charset=\"utf-8\"><\/script><\/div>\n","protected":false},"excerpt":{"rendered":"<p>It\u00e1lia empata sem gols com a Su\u00e9cia e est\u00e1 fora da Copa do Mundo de 2018 na R\u00fassia. [&hellip;]<\/p>\n","protected":false},"author":102107496,"featured_media":37218,"comment_status":"open","ping_status":"open","sticky":false,"template":"","format":"image","meta":{"_coblocks_attr":"","_coblocks_dimensions":"","_coblocks_responsive_height":"","_coblocks_accordion_ie_support":"","_jetpack_newsletter_access":"","_jetpack_dont_email_post_to_subs":false,"_jetpack_newsletter_tier_id":0,"_jetpack_memberships_contains_paywalled_content":false,"_wpcom_ai_launchpad_first_post":false,"_jetpack_feature_clip_id":0,"_jetpack_memberships_contains_paid_content":false,"footnotes":"","jetpack_publicize_message":"","jetpack_publicize_feature_enabled":true,"jetpack_social_post_already_shared":false,"jetpack_social_options":{"image_generator_settings":{"template":"highway","default_image_id":0,"font":"","enabled":false},"version":2},"jetpack_post_was_ever_published":false},"categories":[43723753,53870],"tags":[1953884,56324,789560574,789560560,21862,37369608,54385],"class_list":["post-37216","post","type-post","status-publish","format-image","has-post-thumbnail","hentry","category-copa-do-mundo-2018","category-futebol","tag-azzurra","tag-buffon","tag-copa-do-mundo-2018","tag-futebol","tag-italia","tag-russia-2018","tag-suecia","post_format-post-format-image"],"yoast_head":"<!-- This site is optimized with the Yoast SEO plugin v28.3 - https:\/\/yoast.com\/product\/yoast-seo-wordpress\/ -->\n<title>Imagem do dia \u2013 13\/11 - PR\u00d3SPERI NEWS<\/title>\n<meta name=\"robots\" content=\"index, follow, max-snippet:-1, max-image-preview:large, max-video-preview:-1\" \/>\n<link rel=\"canonical\" href=\"https:\/\/blogdoprosperi.com\/?p=37216\" \/>\n<meta property=\"og:locale\" content=\"pt_BR\" \/>\n<meta property=\"og:type\" content=\"article\" \/>\n<meta property=\"og:title\" content=\"Imagem do dia \u2013 13\/11 - PR\u00d3SPERI NEWS\" \/>\n<meta property=\"og:description\" content=\"It\u00e1lia empata sem gols com a Su\u00e9cia e est\u00e1 fora da Copa do Mundo de 2018 na R\u00fassia. [&hellip;]\" \/>\n<meta property=\"og:url\" content=\"https:\/\/blogdoprosperi.com\/?p=37216\" \/>\n<meta property=\"og:site_name\" content=\"PR\u00d3SPERI NEWS\" \/>\n<meta property=\"article:publisher\" content=\"Luiz Pr\u00f3speri\" \/>\n<meta property=\"article:author\" content=\"Luiz Pr\u00f3speri\" \/>\n<meta property=\"article:published_time\" content=\"2017-11-13T22:21:13+00:00\" \/>\n<meta property=\"og:image\" content=\"https:\/\/i0.wp.com\/blogdoprosperi.com\/wp-content\/uploads\/2017\/11\/doizbclwsaebb6i.jpg?fit=1200%2C675&ssl=1\" \/>\n\t<meta property=\"og:image:width\" content=\"1200\" \/>\n\t<meta property=\"og:image:height\" content=\"675\" \/>\n\t<meta property=\"og:image:type\" content=\"image\/jpeg\" \/>\n<meta name=\"author\" content=\"Luiz Ant\u00f4nio Pr\u00f3speri\" \/>\n<meta name=\"twitter:card\" content=\"summary_large_image\" \/>\n<meta name=\"twitter:creator\" content=\"@Luizprosperi\" \/>\n<meta name=\"twitter:site\" content=\"@Luizprosperi\" \/>\n<meta name=\"twitter:label1\" content=\"Escrito por\" \/>\n\t<meta name=\"twitter:data1\" content=\"Luiz Ant\u00f4nio Pr\u00f3speri\" \/>\n<script type=\"application\/ld+json\" class=\"yoast-schema-graph\">{\"@context\":\"https:\\\/\\\/schema.org\",\"@graph\":[{\"@type\":\"Article\",\"@id\":\"https:\\\/\\\/blogdoprosperi.com\\\/?p=37216#article\",\"isPartOf\":{\"@id\":\"https:\\\/\\\/blogdoprosperi.com\\\/?p=37216\"},\"author\":{\"name\":\"Luiz Ant\u00f4nio Pr\u00f3speri\",\"@id\":\"https:\\\/\\\/blogdoprosperi.com\\\/#\\\/schema\\\/person\\\/38100755ce3601861ee4fab9b5aa78e9\"},\"headline\":\"Imagem do dia \u2013 13\\\/11\",\"datePublished\":\"2017-11-13T22:21:13+00:00\",\"mainEntityOfPage\":{\"@id\":\"https:\\\/\\\/blogdoprosperi.com\\\/?p=37216\"},\"wordCount\":36,\"commentCount\":0,\"publisher\":{\"@id\":\"https:\\\/\\\/blogdoprosperi.com\\\/#\\\/schema\\\/person\\\/38100755ce3601861ee4fab9b5aa78e9\"},\"image\":{\"@id\":\"https:\\\/\\\/blogdoprosperi.com\\\/?p=37216#primaryimage\"},\"thumbnailUrl\":\"https:\\\/\\\/i0.wp.com\\\/blogdoprosperi.com\\\/wp-content\\\/uploads\\\/2017\\\/11\\\/doizbclwsaebb6i.jpg?fit=1200%2C675&ssl=1\",\"keywords\":[\"Azzurra\",\"Buffon\",\"Copa do Mundo 2018\",\"futebol\",\"It\u00e1lia\",\"R\u00fassia 2018\",\"Su\u00e9cia\"],\"articleSection\":[\"Copa do Mundo 2018\",\"futebol\"],\"inLanguage\":\"pt-BR\",\"potentialAction\":[{\"@type\":\"CommentAction\",\"name\":\"Comment\",\"target\":[\"https:\\\/\\\/blogdoprosperi.com\\\/?p=37216#respond\"]}]},{\"@type\":\"WebPage\",\"@id\":\"https:\\\/\\\/blogdoprosperi.com\\\/?p=37216\",\"url\":\"https:\\\/\\\/blogdoprosperi.com\\\/?p=37216\",\"name\":\"Imagem do dia \u2013 13\\\/11 - PR\u00d3SPERI NEWS\",\"isPartOf\":{\"@id\":\"https:\\\/\\\/blogdoprosperi.com\\\/#website\"},\"primaryImageOfPage\":{\"@id\":\"https:\\\/\\\/blogdoprosperi.com\\\/?p=37216#primaryimage\"},\"image\":{\"@id\":\"https:\\\/\\\/blogdoprosperi.com\\\/?p=37216#primaryimage\"},\"thumbnailUrl\":\"https:\\\/\\\/i0.wp.com\\\/blogdoprosperi.com\\\/wp-content\\\/uploads\\\/2017\\\/11\\\/doizbclwsaebb6i.jpg?fit=1200%2C675&ssl=1\",\"datePublished\":\"2017-11-13T22:21:13+00:00\",\"breadcrumb\":{\"@id\":\"https:\\\/\\\/blogdoprosperi.com\\\/?p=37216#breadcrumb\"},\"inLanguage\":\"pt-BR\",\"potentialAction\":[{\"@type\":\"ReadAction\",\"target\":[\"https:\\\/\\\/blogdoprosperi.com\\\/?p=37216\"]}]},{\"@type\":\"ImageObject\",\"inLanguage\":\"pt-BR\",\"@id\":\"https:\\\/\\\/blogdoprosperi.com\\\/?p=37216#primaryimage\",\"url\":\"https:\\\/\\\/i0.wp.com\\\/blogdoprosperi.com\\\/wp-content\\\/uploads\\\/2017\\\/11\\\/doizbclwsaebb6i.jpg?fit=1200%2C675&ssl=1\",\"contentUrl\":\"https:\\\/\\\/i0.wp.com\\\/blogdoprosperi.com\\\/wp-content\\\/uploads\\\/2017\\\/11\\\/doizbclwsaebb6i.jpg?fit=1200%2C675&ssl=1\",\"width\":1200,\"height\":675,\"caption\":\"It\u00e1lia fora da Copa do Mundo de 2018. Buffon perde a chance de disputar sua sexta Copa\"},{\"@type\":\"BreadcrumbList\",\"@id\":\"https:\\\/\\\/blogdoprosperi.com\\\/?p=37216#breadcrumb\",\"itemListElement\":[{\"@type\":\"ListItem\",\"position\":1,\"name\":\"In\u00edcio\",\"item\":\"https:\\\/\\\/blogdoprosperi.com\\\/\"},{\"@type\":\"ListItem\",\"position\":2,\"name\":\"Imagem do dia \u2013 13\\\/11\"}]},{\"@type\":\"WebSite\",\"@id\":\"https:\\\/\\\/blogdoprosperi.com\\\/#website\",\"url\":\"https:\\\/\\\/blogdoprosperi.com\\\/\",\"name\":\"PR\u00d3SPERI NEWS\",\"description\":\"TUDO \u00c9  FUTEBOL\",\"publisher\":{\"@id\":\"https:\\\/\\\/blogdoprosperi.com\\\/#\\\/schema\\\/person\\\/38100755ce3601861ee4fab9b5aa78e9\"},\"alternateName\":\"blogdoprosperi.com\",\"potentialAction\":[{\"@type\":\"SearchAction\",\"target\":{\"@type\":\"EntryPoint\",\"urlTemplate\":\"https:\\\/\\\/blogdoprosperi.com\\\/?s={search_term_string}\"},\"query-input\":{\"@type\":\"PropertyValueSpecification\",\"valueRequired\":true,\"valueName\":\"search_term_string\"}}],\"inLanguage\":\"pt-BR\"},{\"@type\":[\"Person\",\"Organization\"],\"@id\":\"https:\\\/\\\/blogdoprosperi.com\\\/#\\\/schema\\\/person\\\/38100755ce3601861ee4fab9b5aa78e9\",\"name\":\"Luiz Ant\u00f4nio Pr\u00f3speri\",\"pronouns\":\"ele\",\"image\":{\"@type\":\"ImageObject\",\"inLanguage\":\"pt-BR\",\"@id\":\"https:\\\/\\\/i0.wp.com\\\/blogdoprosperi.com\\\/wp-content\\\/uploads\\\/2026\\\/05\\\/cropped-8059e613-6002-42fa-961e-8e275f575d71-2-5.jpg?fit=1360%2C931&ssl=1\",\"url\":\"https:\\\/\\\/i0.wp.com\\\/blogdoprosperi.com\\\/wp-content\\\/uploads\\\/2026\\\/05\\\/cropped-8059e613-6002-42fa-961e-8e275f575d71-2-5.jpg?fit=1360%2C931&ssl=1\",\"contentUrl\":\"https:\\\/\\\/i0.wp.com\\\/blogdoprosperi.com\\\/wp-content\\\/uploads\\\/2026\\\/05\\\/cropped-8059e613-6002-42fa-961e-8e275f575d71-2-5.jpg?fit=1360%2C931&ssl=1\",\"width\":1360,\"height\":931,\"caption\":\"Luiz Ant\u00f4nio Pr\u00f3speri\"},\"logo\":{\"@id\":\"https:\\\/\\\/i0.wp.com\\\/blogdoprosperi.com\\\/wp-content\\\/uploads\\\/2026\\\/05\\\/cropped-8059e613-6002-42fa-961e-8e275f575d71-2-5.jpg?fit=1360%2C931&ssl=1\"},\"description\":\"Jornalista com carreira dedicada ao esporte. Cobriu 9 Copas do Mundo in loco, 1990 na It\u00e1lia, 1994 nos EUA, 1998 na Fran\u00e7a, 2002 na Coreia do Sul e Jap\u00e3o, 2006 na Alemanha, 2010 na \u00c1frica do Sul, 2014 no Brasil, 2018 na R\u00fassia e 2022 no Qatar. Eurocopas, 1992 na Su\u00e9cia e 1996 na Inglaterra. Copa das Confedera\u00e7\u00f5es de 2005 na Alemanha e 2009 na \u00c1frica do Sul. Rep\u00f3rter e Editor, trabalhou no Jornal da Tarde e Estad\u00e3o, de 1984 a fevereiro de 2016. Colunista, blogueiro. E comentarista de futebol na R\u00e1dio Estad\u00e3o, de 2013 a fevereiro de 2016. Jornalista respons\u00e1vel do \\\"Pr\u00f3speri News\\\" (blogdoprosperi.com).\",\"sameAs\":[\"http:\\\/\\\/blogdoprosperi.com\",\"Luiz Pr\u00f3speri\",\"@luiz_prosperi\",\"https:\\\/\\\/x.com\\\/Luizprosperi\",\"@prosperinacopa\",\"luiz.prosperi@icloud.com\"],\"url\":\"https:\\\/\\\/blogdoprosperi.com\\\/?author=102107496\"}]}<\/script>\n<!-- \/ Yoast SEO plugin. -->","yoast_head_json":{"title":"Imagem do dia \u2013 13\/11 - PR\u00d3SPERI NEWS","robots":{"index":"index","follow":"follow","max-snippet":"max-snippet:-1","max-image-preview":"max-image-preview:large","max-video-preview":"max-video-preview:-1"},"canonical":"https:\/\/blogdoprosperi.com\/?p=37216","og_locale":"pt_BR","og_type":"article","og_title":"Imagem do dia \u2013 13\/11 - PR\u00d3SPERI NEWS","og_description":"It\u00e1lia empata sem gols com a Su\u00e9cia e est\u00e1 fora da Copa do Mundo de 2018 na R\u00fassia. [&hellip;]","og_url":"https:\/\/blogdoprosperi.com\/?p=37216","og_site_name":"PR\u00d3SPERI NEWS","article_publisher":"Luiz Pr\u00f3speri","article_author":"Luiz Pr\u00f3speri","article_published_time":"2017-11-13T22:21:13+00:00","og_image":[{"width":1200,"height":675,"url":"https:\/\/i0.wp.com\/blogdoprosperi.com\/wp-content\/uploads\/2017\/11\/doizbclwsaebb6i.jpg?fit=1200%2C675&ssl=1","type":"image\/jpeg"}],"author":"Luiz Ant\u00f4nio Pr\u00f3speri","twitter_card":"summary_large_image","twitter_creator":"@Luizprosperi","twitter_site":"@Luizprosperi","twitter_misc":{"Escrito por":"Luiz Ant\u00f4nio Pr\u00f3speri"},"schema":{"@context":"https:\/\/schema.org","@graph":[{"@type":"Article","@id":"https:\/\/blogdoprosperi.com\/?p=37216#article","isPartOf":{"@id":"https:\/\/blogdoprosperi.com\/?p=37216"},"author":{"name":"Luiz Ant\u00f4nio Pr\u00f3speri","@id":"https:\/\/blogdoprosperi.com\/#\/schema\/person\/38100755ce3601861ee4fab9b5aa78e9"},"headline":"Imagem do dia \u2013 13\/11","datePublished":"2017-11-13T22:21:13+00:00","mainEntityOfPage":{"@id":"https:\/\/blogdoprosperi.com\/?p=37216"},"wordCount":36,"commentCount":0,"publisher":{"@id":"https:\/\/blogdoprosperi.com\/#\/schema\/person\/38100755ce3601861ee4fab9b5aa78e9"},"image":{"@id":"https:\/\/blogdoprosperi.com\/?p=37216#primaryimage"},"thumbnailUrl":"https:\/\/i0.wp.com\/blogdoprosperi.com\/wp-content\/uploads\/2017\/11\/doizbclwsaebb6i.jpg?fit=1200%2C675&ssl=1","keywords":["Azzurra","Buffon","Copa do Mundo 2018","futebol","It\u00e1lia","R\u00fassia 2018","Su\u00e9cia"],"articleSection":["Copa do Mundo 2018","futebol"],"inLanguage":"pt-BR","potentialAction":[{"@type":"CommentAction","name":"Comment","target":["https:\/\/blogdoprosperi.com\/?p=37216#respond"]}]},{"@type":"WebPage","@id":"https:\/\/blogdoprosperi.com\/?p=37216","url":"https:\/\/blogdoprosperi.com\/?p=37216","name":"Imagem do dia \u2013 13\/11 - PR\u00d3SPERI NEWS","isPartOf":{"@id":"https:\/\/blogdoprosperi.com\/#website"},"primaryImageOfPage":{"@id":"https:\/\/blogdoprosperi.com\/?p=37216#primaryimage"},"image":{"@id":"https:\/\/blogdoprosperi.com\/?p=37216#primaryimage"},"thumbnailUrl":"https:\/\/i0.wp.com\/blogdoprosperi.com\/wp-content\/uploads\/2017\/11\/doizbclwsaebb6i.jpg?fit=1200%2C675&ssl=1","datePublished":"2017-11-13T22:21:13+00:00","breadcrumb":{"@id":"https:\/\/blogdoprosperi.com\/?p=37216#breadcrumb"},"inLanguage":"pt-BR","potentialAction":[{"@type":"ReadAction","target":["https:\/\/blogdoprosperi.com\/?p=37216"]}]},{"@type":"ImageObject","inLanguage":"pt-BR","@id":"https:\/\/blogdoprosperi.com\/?p=37216#primaryimage","url":"https:\/\/i0.wp.com\/blogdoprosperi.com\/wp-content\/uploads\/2017\/11\/doizbclwsaebb6i.jpg?fit=1200%2C675&ssl=1","contentUrl":"https:\/\/i0.wp.com\/blogdoprosperi.com\/wp-content\/uploads\/2017\/11\/doizbclwsaebb6i.jpg?fit=1200%2C675&ssl=1","width":1200,"height":675,"caption":"It\u00e1lia fora da Copa do Mundo de 2018. Buffon perde a chance de disputar sua sexta Copa"},{"@type":"BreadcrumbList","@id":"https:\/\/blogdoprosperi.com\/?p=37216#breadcrumb","itemListElement":[{"@type":"ListItem","position":1,"name":"In\u00edcio","item":"https:\/\/blogdoprosperi.com\/"},{"@type":"ListItem","position":2,"name":"Imagem do dia \u2013 13\/11"}]},{"@type":"WebSite","@id":"https:\/\/blogdoprosperi.com\/#website","url":"https:\/\/blogdoprosperi.com\/","name":"PR\u00d3SPERI NEWS","description":"TUDO \u00c9  FUTEBOL","publisher":{"@id":"https:\/\/blogdoprosperi.com\/#\/schema\/person\/38100755ce3601861ee4fab9b5aa78e9"},"alternateName":"blogdoprosperi.com","potentialAction":[{"@type":"SearchAction","target":{"@type":"EntryPoint","urlTemplate":"https:\/\/blogdoprosperi.com\/?s={search_term_string}"},"query-input":{"@type":"PropertyValueSpecification","valueRequired":true,"valueName":"search_term_string"}}],"inLanguage":"pt-BR"},{"@type":["Person","Organization"],"@id":"https:\/\/blogdoprosperi.com\/#\/schema\/person\/38100755ce3601861ee4fab9b5aa78e9","name":"Luiz Ant\u00f4nio Pr\u00f3speri","pronouns":"ele","image":{"@type":"ImageObject","inLanguage":"pt-BR","@id":"https:\/\/i0.wp.com\/blogdoprosperi.com\/wp-content\/uploads\/2026\/05\/cropped-8059e613-6002-42fa-961e-8e275f575d71-2-5.jpg?fit=1360%2C931&ssl=1","url":"https:\/\/i0.wp.com\/blogdoprosperi.com\/wp-content\/uploads\/2026\/05\/cropped-8059e613-6002-42fa-961e-8e275f575d71-2-5.jpg?fit=1360%2C931&ssl=1","contentUrl":"https:\/\/i0.wp.com\/blogdoprosperi.com\/wp-content\/uploads\/2026\/05\/cropped-8059e613-6002-42fa-961e-8e275f575d71-2-5.jpg?fit=1360%2C931&ssl=1","width":1360,"height":931,"caption":"Luiz Ant\u00f4nio Pr\u00f3speri"},"logo":{"@id":"https:\/\/i0.wp.com\/blogdoprosperi.com\/wp-content\/uploads\/2026\/05\/cropped-8059e613-6002-42fa-961e-8e275f575d71-2-5.jpg?fit=1360%2C931&ssl=1"},"description":"Jornalista com carreira dedicada ao esporte. Cobriu 9 Copas do Mundo in loco, 1990 na It\u00e1lia, 1994 nos EUA, 1998 na Fran\u00e7a, 2002 na Coreia do Sul e Jap\u00e3o, 2006 na Alemanha, 2010 na \u00c1frica do Sul, 2014 no Brasil, 2018 na R\u00fassia e 2022 no Qatar. Eurocopas, 1992 na Su\u00e9cia e 1996 na Inglaterra. Copa das Confedera\u00e7\u00f5es de 2005 na Alemanha e 2009 na \u00c1frica do Sul. Rep\u00f3rter e Editor, trabalhou no Jornal da Tarde e Estad\u00e3o, de 1984 a fevereiro de 2016. Colunista, blogueiro. E comentarista de futebol na R\u00e1dio Estad\u00e3o, de 2013 a fevereiro de 2016. Jornalista respons\u00e1vel do \"Pr\u00f3speri News\" (blogdoprosperi.com).","sameAs":["http:\/\/blogdoprosperi.com","Luiz Pr\u00f3speri","@luiz_prosperi","https:\/\/x.com\/Luizprosperi","@prosperinacopa","luiz.prosperi@icloud.com"],"url":"https:\/\/blogdoprosperi.com\/?author=102107496"}]}},"jetpack_publicize_connections":[],"jetpack_likes_enabled":false,"jetpack_sharing_enabled":true,"jetpack_shortlink":"https:\/\/wp.me\/p7jvdk-9Gg","jetpack-related-posts":[{"id":37160,"url":"https:\/\/blogdoprosperi.com\/?p=37160","url_meta":{"origin":37216,"position":0},"title":"\u00abAgora est\u00e1 dif\u00edcil. O apocalipse\u2026","author":"Luiz Ant\u00f4nio Pr\u00f3speri","date":"10 de novembro de 2017","format":"quote","excerpt":"\u00abAgora est\u00e1 dif\u00edcil. O apocalipse ainda n\u00e3o se tornou realidade, mas faltam 90 minutos para evitar o inconfund\u00edvel, uma It\u00e1lia fora da Copa do Mundo\u00bb \u2013 do jornal Corriere della Sera, sobre derrota da sele\u00e7\u00e3o italiana para Su\u00e9cia no primeiro jogo da repescagem da Copa 2018","rel":"","context":"Em &quot;Copa do Mundo 2018&quot;","block_context":{"text":"Copa do Mundo 2018","link":"https:\/\/blogdoprosperi.com\/?cat=43723753"},"img":{"alt_text":"","src":"","width":0,"height":0},"classes":[]},{"id":57349,"url":"https:\/\/blogdoprosperi.com\/?p=57349","url_meta":{"origin":37216,"position":1},"title":"Crise no Futebol Italiano | &#8216;A Infraestrutura da It\u00e1lia Est\u00e1 Entre as Piores da Europa&#8217;, diz presidente da Uefa","author":"Luiz Ant\u00f4nio Pr\u00f3speri","date":"2 de abril de 2026","format":false,"excerpt":"O futebol italiano est\u00e1 em crise ap\u00f3s a ren\u00fancia do presidente da Federa\u00e7\u00e3o Italiana de Futebol. Alerta do presidente da Uefa escancara a decad\u00eancia do c\u00e1lcio, fora da Copa do Mundo pela terceira vez consecutiva. Nick Ames, The Guardian \u2013 2 abril 2026 \u2013 (15h45) \u2013 A crise que assola\u2026","rel":"","context":"Em &quot;copa 2026&quot;","block_context":{"text":"copa 2026","link":"https:\/\/blogdoprosperi.com\/?cat=36820279"},"img":{"alt_text":"","src":"https:\/\/i0.wp.com\/blogdoprosperi.com\/wp-content\/uploads\/2026\/04\/captura-de-tela-2026-04-02-as-16.14.05.png?fit=1200%2C900&ssl=1&resize=350%2C200","width":350,"height":200,"srcset":"https:\/\/i0.wp.com\/blogdoprosperi.com\/wp-content\/uploads\/2026\/04\/captura-de-tela-2026-04-02-as-16.14.05.png?fit=1200%2C900&ssl=1&resize=350%2C200 1x, https:\/\/i0.wp.com\/blogdoprosperi.com\/wp-content\/uploads\/2026\/04\/captura-de-tela-2026-04-02-as-16.14.05.png?fit=1200%2C900&ssl=1&resize=525%2C300 1.5x, https:\/\/i0.wp.com\/blogdoprosperi.com\/wp-content\/uploads\/2026\/04\/captura-de-tela-2026-04-02-as-16.14.05.png?fit=1200%2C900&ssl=1&resize=700%2C400 2x, https:\/\/i0.wp.com\/blogdoprosperi.com\/wp-content\/uploads\/2026\/04\/captura-de-tela-2026-04-02-as-16.14.05.png?fit=1200%2C900&ssl=1&resize=1050%2C600 3x"},"classes":[]},{"id":14675,"url":"https:\/\/blogdoprosperi.com\/?p=14675","url_meta":{"origin":37216,"position":2},"title":"Vikings da Isl\u00e2ndia voltam para casa com a hist\u00f3ria debaixo dos bra\u00e7os","author":"Luiz Ant\u00f4nio Pr\u00f3speri","date":"4 de julho de 2016","format":false,"excerpt":"Isl\u00e2ndia tinha consci\u00eancia de que derrotar a Fran\u00e7a no est\u00e1dio da conquista da Copa do Mundo de 1998 estava muito al\u00e9m de suas for\u00e7as. Chegar at\u00e9 ali, nas quartas de final da Eurocopa, havia sido uma fa\u00e7anha e tanto. Ainda mais depois de despachar a Inglaterra. A hist\u00f3ria estava feita\u2026","rel":"","context":"Em &quot;futebol&quot;","block_context":{"text":"futebol","link":"https:\/\/blogdoprosperi.com\/?cat=53870"},"img":{"alt_text":"","src":"https:\/\/i0.wp.com\/blogdoprosperi.com\/wp-content\/uploads\/2016\/07\/607136797_mh_6192_10e6acca983c116bf598e7b3c1c1f888_3530.jpg?resize=350%2C200","width":350,"height":200,"srcset":"https:\/\/i0.wp.com\/blogdoprosperi.com\/wp-content\/uploads\/2016\/07\/607136797_mh_6192_10e6acca983c116bf598e7b3c1c1f888_3530.jpg?resize=350%2C200 1x, https:\/\/i0.wp.com\/blogdoprosperi.com\/wp-content\/uploads\/2016\/07\/607136797_mh_6192_10e6acca983c116bf598e7b3c1c1f888_3530.jpg?resize=525%2C300 1.5x, https:\/\/i0.wp.com\/blogdoprosperi.com\/wp-content\/uploads\/2016\/07\/607136797_mh_6192_10e6acca983c116bf598e7b3c1c1f888_3530.jpg?resize=700%2C400 2x"},"classes":[]},{"id":10464,"url":"https:\/\/blogdoprosperi.com\/?p=10464","url_meta":{"origin":37216,"position":3},"title":"It\u00e1lia, Espanha e Alemanha n\u00e3o decepcionam na estreia na Euro e d\u00e3o uma li\u00e7\u00e3o ao Brasil","author":"Luiz Ant\u00f4nio Pr\u00f3speri","date":"13 de junho de 2016","format":false,"excerpt":"Gigantes d\u00e3o a largada na Eurocopa com vit\u00f3rias de impacto e car\u00e1ter. Fi\u00e9is aos seus estilos, mesmo sem brilho, derrotaram B\u00e9lgica, Rep\u00fablica Tcheca e Ucr\u00e2nia. Resultados que indicam alguns ensinamentos \u00e0 Sele\u00e7\u00e3o Brasileira Andr\u00e9s Iniesta deu um recital na estreia da Espanha na Euro-2016. Requintado com a bola nos p\u00e9s,\u2026","rel":"","context":"Em &quot;futebol&quot;","block_context":{"text":"futebol","link":"https:\/\/blogdoprosperi.com\/?cat=53870"},"img":{"alt_text":"","src":"https:\/\/i0.wp.com\/blogdoprosperi.com\/wp-content\/uploads\/2016\/06\/1536.jpg?resize=350%2C200","width":350,"height":200,"srcset":"https:\/\/i0.wp.com\/blogdoprosperi.com\/wp-content\/uploads\/2016\/06\/1536.jpg?resize=350%2C200 1x, https:\/\/i0.wp.com\/blogdoprosperi.com\/wp-content\/uploads\/2016\/06\/1536.jpg?resize=525%2C300 1.5x"},"classes":[]},{"id":13467,"url":"https:\/\/blogdoprosperi.com\/?p=13467","url_meta":{"origin":37216,"position":4},"title":"It\u00e1lia acaba com reinado da Espanha na Eurocopa","author":"Luiz Ant\u00f4nio Pr\u00f3speri","date":"27 de junho de 2016","format":false,"excerpt":"It\u00e1lia esperou quatro anos para se vingar da humilhante derrota para a Espanha na final da Eurocopa de 2012, quando saiu destro\u00e7ada por 4 a 0. Sem um minuto de tr\u00e9gua, os italianos se impuseram diante dos espanh\u00f3is e venceram por 2 a 0 em Saint-Denis. Uma conquista a ser\u2026","rel":"","context":"Em &quot;futebol&quot;","block_context":{"text":"futebol","link":"https:\/\/blogdoprosperi.com\/?cat=53870"},"img":{"alt_text":"","src":"https:\/\/i0.wp.com\/blogdoprosperi.com\/wp-content\/uploads\/2016\/06\/36001.jpg?resize=350%2C200","width":350,"height":200,"srcset":"https:\/\/i0.wp.com\/blogdoprosperi.com\/wp-content\/uploads\/2016\/06\/36001.jpg?resize=350%2C200 1x, https:\/\/i0.wp.com\/blogdoprosperi.com\/wp-content\/uploads\/2016\/06\/36001.jpg?resize=525%2C300 1.5x"},"classes":[]},{"id":37166,"url":"https:\/\/blogdoprosperi.com\/?p=37166","url_meta":{"origin":37216,"position":5},"title":"Imagem do dia &#8211; 11\/11","author":"Luiz Ant\u00f4nio Pr\u00f3speri","date":"11 de novembro de 2017","format":"image","excerpt":"Marrocos volta \u00e0 Copa do Mundo depois de uma aus\u00eancia de 20 anos. Conquistou a vaga ao derrotar Costa do Marfim por 2 a 0 neste s\u00e1bado (11\/11). Sele\u00e7\u00f5es africanas nas Copas do Mundo: It\u00e1lia \u2013 1934: Egito M\u00e9xico \u2013 1970: Marrocos Alemanha \u2013 1974: Zaire Argentina \u2013 1978: Tun\u00edsia\u2026","rel":"","context":"Em &quot;Copa do Mundo 2018&quot;","block_context":{"text":"Copa do Mundo 2018","link":"https:\/\/blogdoprosperi.com\/?cat=43723753"},"img":{"alt_text":"Marrocos na FIFA World Cup 2018","src":"https:\/\/i0.wp.com\/blogdoprosperi.com\/wp-content\/uploads\/2017\/11\/000_u7132.jpg?fit=1200%2C799&ssl=1&resize=350%2C200","width":350,"height":200,"srcset":"https:\/\/i0.wp.com\/blogdoprosperi.com\/wp-content\/uploads\/2017\/11\/000_u7132.jpg?fit=1200%2C799&ssl=1&resize=350%2C200 1x, https:\/\/i0.wp.com\/blogdoprosperi.com\/wp-content\/uploads\/2017\/11\/000_u7132.jpg?fit=1200%2C799&ssl=1&resize=525%2C300 1.5x, https:\/\/i0.wp.com\/blogdoprosperi.com\/wp-content\/uploads\/2017\/11\/000_u7132.jpg?fit=1200%2C799&ssl=1&resize=700%2C400 2x, https:\/\/i0.wp.com\/blogdoprosperi.com\/wp-content\/uploads\/2017\/11\/000_u7132.jpg?fit=1200%2C799&ssl=1&resize=1050%2C600 3x"},"classes":[]}],"jetpack_featured_media_url":"https:\/\/i0.wp.com\/blogdoprosperi.com\/wp-content\/uploads\/2017\/11\/doizbclwsaebb6i.jpg?fit=1200%2C675&ssl=1","_links":{"self":[{"href":"https:\/\/blogdoprosperi.com\/index.php?rest_route=\/wp\/v2\/posts\/37216","targetHints":{"allow":["GET"]}}],"collection":[{"href":"https:\/\/blogdoprosperi.com\/index.php?rest_route=\/wp\/v2\/posts"}],"about":[{"href":"https:\/\/blogdoprosperi.com\/index.php?rest_route=\/wp\/v2\/types\/post"}],"author":[{"embeddable":true,"href":"https:\/\/blogdoprosperi.com\/index.php?rest_route=\/wp\/v2\/users\/102107496"}],"replies":[{"embeddable":true,"href":"https:\/\/blogdoprosperi.com\/index.php?rest_route=%2Fwp%2Fv2%2Fcomments&post=37216"}],"version-history":[{"count":4,"href":"https:\/\/blogdoprosperi.com\/index.php?rest_route=\/wp\/v2\/posts\/37216\/revisions"}],"predecessor-version":[{"id":37221,"href":"https:\/\/blogdoprosperi.com\/index.php?rest_route=\/wp\/v2\/posts\/37216\/revisions\/37221"}],"wp:featuredmedia":[{"embeddable":true,"href":"https:\/\/blogdoprosperi.com\/index.php?rest_route=\/wp\/v2\/media\/37218"}],"wp:attachment":[{"href":"https:\/\/blogdoprosperi.com\/index.php?rest_route=%2Fwp%2Fv2%2Fmedia&parent=37216"}],"wp:term":[{"taxonomy":"category","embeddable":true,"href":"https:\/\/blogdoprosperi.com\/index.php?rest_route=%2Fwp%2Fv2%2Fcategories&post=37216"},{"taxonomy":"post_tag","embeddable":true,"href":"https:\/\/blogdoprosperi.com\/index.php?rest_route=%2Fwp%2Fv2%2Ftags&post=37216"}],"curies":[{"name":"wp","href":"https:\/\/api.w.org\/{rel}","templated":true}]}}