{"id":37280,"date":"2017-11-23T18:20:57","date_gmt":"2017-11-23T20:20:57","guid":{"rendered":"http:\/\/blogdoprosperi.com\/?p=37280"},"modified":"2017-11-23T18:20:57","modified_gmt":"2017-11-23T20:20:57","slug":"roger-machado-no-palmeiras-nao-deve-dar-ouvidos-a-felipe-melo","status":"publish","type":"post","link":"https:\/\/blogdoprosperi.com\/?p=37280","title":{"rendered":"Roger Machado no Palmeiras n\u00e3o deve dar ouvidos a Felipe Melo"},"content":{"rendered":"<p>Roger Machado j\u00e1 sabe com quem n\u00e3o tem de conversar no Palmeiras. Felipe Melo, \u00e9 claro. De poucos servi\u00e7os prestados ao clube at\u00e9 aqui, depois de pouco mais de oito meses na Academia de Futebol, volante continua a falar em nome da comunidade como se fosse o \u00faltimo \u00eddolo do Palestra. J\u00e1 deu boas-vindas a Roger, ao ser questionado a respeito do novo treinador, e disse que \u00e9 favor da renova\u00e7\u00e3o.<\/p>\n<p>&#8220;Esse tempo de treinador ser maior que o jogador, \u00a0estrela, de falar muito, j\u00e1 passou. Hoje todo mundo tem de estar junto, ter a mesma ideia&#8221;.<\/p>\n<p>N\u00e3o \u00e9 um bom sinal. Roger que se cuide. Quem falou n\u00e3o foi o jogador Felipe Melo, e sim um dos donos, sen\u00e3o o dono, do vesti\u00e1rio.<\/p>\n<p>Entre os que atacam e os que defendem a chegada do novo treinador, Felipe Melo deveria ser o \u00faltimo a se manifestar. Ele ainda \u00e9 muito pequeno dentro do Palmeiras para dar opini\u00e3o quase definitiva a respeito de um chefe.<\/p>\n<p>Roger n\u00e3o precisa do aval de Melo, muito menos do grupo de jogadores. Quem o contratou foi o comando do clube por entender que seu curr\u00edculo e norma de conduta se alinham com o que os dirigentes esperam para a pr\u00f3xima temporada.<\/p>\n<p>Ali\u00e1s, o novo t\u00e9cnico nem deveria se preocupar em agradar aos ditos l\u00edderes dos atletas e muito menos bajular os dirigentes.<\/p>\n<p><span class=\"alignnone\"><img data-recalc-dims=\"1\" loading=\"lazy\" decoding=\"async\" data-attachment-id=\"36591\" data-permalink=\"https:\/\/blogdoprosperi.com\/?attachment_id=36591\" data-orig-file=\"https:\/\/i0.wp.com\/blogdoprosperi.com\/wp-content\/uploads\/2017\/08\/34637391310_c47717dd3c_o.jpg?fit=1000%2C611&amp;ssl=1\" data-orig-size=\"1000,611\" data-comments-opened=\"1\" data-image-meta=\"{&quot;aperture&quot;:&quot;0&quot;,&quot;credit&quot;:&quot;&quot;,&quot;camera&quot;:&quot;&quot;,&quot;caption&quot;:&quot;&quot;,&quot;created_timestamp&quot;:&quot;0&quot;,&quot;copyright&quot;:&quot;&quot;,&quot;focal_length&quot;:&quot;0&quot;,&quot;iso&quot;:&quot;0&quot;,&quot;shutter_speed&quot;:&quot;0&quot;,&quot;title&quot;:&quot;&quot;,&quot;orientation&quot;:&quot;0&quot;}\" data-image-title=\"34637391310_c47717dd3c_o\" data-image-description=\"\" data-image-caption=\"\" data-large-file=\"https:\/\/i0.wp.com\/blogdoprosperi.com\/wp-content\/uploads\/2017\/08\/34637391310_c47717dd3c_o.jpg?fit=940%2C574&amp;ssl=1\" class=\"alignnone size-large wp-image-36591\" src=\"https:\/\/i0.wp.com\/blogdoprosperi.com\/wp-content\/uploads\/2017\/08\/34637391310_c47717dd3c_o.jpg?resize=940%2C574&#038;ssl=1\" alt=\"\" width=\"940\" height=\"574\" \/><\/span><\/p>\n<p>A maior conquista de Roger Machado, talvez a definitiva, \u00e9 trazer a torcida para sua trincheira. Se n\u00e3o convencer os torcedores, adeus viola. N\u00e3o vai ser o boquirroto Felipe Melo seu guardi\u00e3o a dar guarida.<\/p>\n<p>Miss\u00e3o de Roger tamb\u00e9m n\u00e3o \u00e9 acomodar egos, ser parte da fam\u00edlia. Seu desafio \u00e9 reunir um punhado de bons e \u00f3timos jogadores e fazer o time jogar bola. Conquistar campeonatos.<\/p>\n<p>Ao olhar seu trabalho no Gr\u00eamio e Atl\u00e9tico-MG, a torcida pode esperar por um Palmeiras requintado. A conferir.<\/p>\n<p style=\"text-align:center;\"><a name=\"pd_a_9882156\"><\/a>\n<div class=\"CSS_Poll PDS_Poll\" id=\"PDI_container9882156\" style=\"display:inline-block;\"><\/div>\n<div id=\"PD_superContainer\"><\/div>\n<script type=\"text\/javascript\" charset=\"UTF-8\" src=\"https:\/\/static.polldaddy.com\/p\/9882156.js\"><\/script>\n<noscript><a href=\"https:\/\/poll.fm\/9882156\">Take Our Poll<\/a><\/noscript><\/p>\n","protected":false},"excerpt":{"rendered":"<p>Roger Machado j\u00e1 sabe com quem n\u00e3o tem de conversar no Palmeiras. Felipe Melo, \u00e9 claro. De poucos [&hellip;]<\/p>\n","protected":false},"author":102107496,"featured_media":37283,"comment_status":"open","ping_status":"open","sticky":false,"template":"","format":"standard","meta":{"_coblocks_attr":"","_coblocks_dimensions":"","_coblocks_responsive_height":"","_coblocks_accordion_ie_support":"","_jetpack_newsletter_access":"","_jetpack_dont_email_post_to_subs":false,"_jetpack_newsletter_tier_id":0,"_jetpack_memberships_contains_paywalled_content":false,"_wpcom_ai_launchpad_first_post":false,"_jetpack_feature_clip_id":0,"_jetpack_memberships_contains_paid_content":false,"footnotes":"","jetpack_publicize_message":"","jetpack_publicize_feature_enabled":true,"jetpack_social_post_already_shared":false,"jetpack_social_options":{"image_generator_settings":{"template":"highway","default_image_id":0,"font":"","enabled":false},"version":2},"jetpack_post_was_ever_published":false},"categories":[355071,53870],"tags":[5430725,789560560,47073054,26172795,4558380],"class_list":["post-37280","post","type-post","status-publish","format-standard","has-post-thumbnail","hentry","category-campeonato-brasileiro","category-futebol","tag-felipe-melo","tag-futebol","tag-futebol-2018","tag-roger-machado","tag-se-palmeiras"],"yoast_head":"<!-- This site is optimized with the Yoast SEO plugin v28.3 - https:\/\/yoast.com\/product\/yoast-seo-wordpress\/ -->\n<title>Roger Machado no Palmeiras n\u00e3o deve dar ouvidos a Felipe Melo - PR\u00d3SPERI NEWS<\/title>\n<meta name=\"robots\" content=\"index, follow, max-snippet:-1, max-image-preview:large, max-video-preview:-1\" \/>\n<link rel=\"canonical\" href=\"https:\/\/blogdoprosperi.com\/?p=37280\" \/>\n<meta property=\"og:locale\" content=\"pt_BR\" \/>\n<meta property=\"og:type\" content=\"article\" \/>\n<meta property=\"og:title\" content=\"Roger Machado no Palmeiras n\u00e3o deve dar ouvidos a Felipe Melo - PR\u00d3SPERI NEWS\" \/>\n<meta property=\"og:description\" content=\"Roger Machado j\u00e1 sabe com quem n\u00e3o tem de conversar no Palmeiras. Felipe Melo, \u00e9 claro. De poucos [&hellip;]\" \/>\n<meta property=\"og:url\" content=\"https:\/\/blogdoprosperi.com\/?p=37280\" \/>\n<meta property=\"og:site_name\" content=\"PR\u00d3SPERI NEWS\" \/>\n<meta property=\"article:publisher\" content=\"Luiz Pr\u00f3speri\" \/>\n<meta property=\"article:author\" content=\"Luiz Pr\u00f3speri\" \/>\n<meta property=\"article:published_time\" content=\"2017-11-23T20:20:57+00:00\" \/>\n<meta property=\"og:image\" content=\"https:\/\/i0.wp.com\/blogdoprosperi.com\/wp-content\/uploads\/2017\/11\/roger-machado-gremio-fluminense-getty-images.jpg?fit=950%2C715&ssl=1\" \/>\n\t<meta property=\"og:image:width\" content=\"950\" \/>\n\t<meta property=\"og:image:height\" content=\"715\" \/>\n\t<meta property=\"og:image:type\" content=\"image\/jpeg\" \/>\n<meta name=\"author\" content=\"Luiz Ant\u00f4nio Pr\u00f3speri\" \/>\n<meta name=\"twitter:card\" content=\"summary_large_image\" \/>\n<meta name=\"twitter:creator\" content=\"@Luizprosperi\" \/>\n<meta name=\"twitter:site\" content=\"@Luizprosperi\" \/>\n<meta name=\"twitter:label1\" content=\"Escrito por\" \/>\n\t<meta name=\"twitter:data1\" content=\"Luiz Ant\u00f4nio Pr\u00f3speri\" \/>\n\t<meta name=\"twitter:label2\" content=\"Est. tempo de leitura\" \/>\n\t<meta name=\"twitter:data2\" content=\"2 minutos\" \/>\n<script type=\"application\/ld+json\" class=\"yoast-schema-graph\">{\"@context\":\"https:\\\/\\\/schema.org\",\"@graph\":[{\"@type\":\"Article\",\"@id\":\"https:\\\/\\\/blogdoprosperi.com\\\/?p=37280#article\",\"isPartOf\":{\"@id\":\"https:\\\/\\\/blogdoprosperi.com\\\/?p=37280\"},\"author\":{\"name\":\"Luiz Ant\u00f4nio Pr\u00f3speri\",\"@id\":\"https:\\\/\\\/blogdoprosperi.com\\\/#\\\/schema\\\/person\\\/38100755ce3601861ee4fab9b5aa78e9\"},\"headline\":\"Roger Machado no Palmeiras n\u00e3o deve dar ouvidos a Felipe Melo\",\"datePublished\":\"2017-11-23T20:20:57+00:00\",\"mainEntityOfPage\":{\"@id\":\"https:\\\/\\\/blogdoprosperi.com\\\/?p=37280\"},\"wordCount\":341,\"commentCount\":0,\"publisher\":{\"@id\":\"https:\\\/\\\/blogdoprosperi.com\\\/#\\\/schema\\\/person\\\/38100755ce3601861ee4fab9b5aa78e9\"},\"image\":{\"@id\":\"https:\\\/\\\/blogdoprosperi.com\\\/?p=37280#primaryimage\"},\"thumbnailUrl\":\"https:\\\/\\\/i0.wp.com\\\/blogdoprosperi.com\\\/wp-content\\\/uploads\\\/2017\\\/11\\\/roger-machado-gremio-fluminense-getty-images.jpg?fit=950%2C715&ssl=1\",\"keywords\":[\"Felipe Melo\",\"futebol\",\"futebol 2018\",\"Roger Machado\",\"SE Palmeiras\"],\"articleSection\":[\"Campeonato Brasileiro\",\"futebol\"],\"inLanguage\":\"pt-BR\",\"potentialAction\":[{\"@type\":\"CommentAction\",\"name\":\"Comment\",\"target\":[\"https:\\\/\\\/blogdoprosperi.com\\\/?p=37280#respond\"]}]},{\"@type\":\"WebPage\",\"@id\":\"https:\\\/\\\/blogdoprosperi.com\\\/?p=37280\",\"url\":\"https:\\\/\\\/blogdoprosperi.com\\\/?p=37280\",\"name\":\"Roger Machado no Palmeiras n\u00e3o deve dar ouvidos a Felipe Melo - PR\u00d3SPERI NEWS\",\"isPartOf\":{\"@id\":\"https:\\\/\\\/blogdoprosperi.com\\\/#website\"},\"primaryImageOfPage\":{\"@id\":\"https:\\\/\\\/blogdoprosperi.com\\\/?p=37280#primaryimage\"},\"image\":{\"@id\":\"https:\\\/\\\/blogdoprosperi.com\\\/?p=37280#primaryimage\"},\"thumbnailUrl\":\"https:\\\/\\\/i0.wp.com\\\/blogdoprosperi.com\\\/wp-content\\\/uploads\\\/2017\\\/11\\\/roger-machado-gremio-fluminense-getty-images.jpg?fit=950%2C715&ssl=1\",\"datePublished\":\"2017-11-23T20:20:57+00:00\",\"breadcrumb\":{\"@id\":\"https:\\\/\\\/blogdoprosperi.com\\\/?p=37280#breadcrumb\"},\"inLanguage\":\"pt-BR\",\"potentialAction\":[{\"@type\":\"ReadAction\",\"target\":[\"https:\\\/\\\/blogdoprosperi.com\\\/?p=37280\"]}]},{\"@type\":\"ImageObject\",\"inLanguage\":\"pt-BR\",\"@id\":\"https:\\\/\\\/blogdoprosperi.com\\\/?p=37280#primaryimage\",\"url\":\"https:\\\/\\\/i0.wp.com\\\/blogdoprosperi.com\\\/wp-content\\\/uploads\\\/2017\\\/11\\\/roger-machado-gremio-fluminense-getty-images.jpg?fit=950%2C715&ssl=1\",\"contentUrl\":\"https:\\\/\\\/i0.wp.com\\\/blogdoprosperi.com\\\/wp-content\\\/uploads\\\/2017\\\/11\\\/roger-machado-gremio-fluminense-getty-images.jpg?fit=950%2C715&ssl=1\",\"width\":950,\"height\":715,\"caption\":\"Roger Machado chega ao Palmeiras\"},{\"@type\":\"BreadcrumbList\",\"@id\":\"https:\\\/\\\/blogdoprosperi.com\\\/?p=37280#breadcrumb\",\"itemListElement\":[{\"@type\":\"ListItem\",\"position\":1,\"name\":\"In\u00edcio\",\"item\":\"https:\\\/\\\/blogdoprosperi.com\\\/\"},{\"@type\":\"ListItem\",\"position\":2,\"name\":\"Roger Machado no Palmeiras n\u00e3o deve dar ouvidos a Felipe Melo\"}]},{\"@type\":\"WebSite\",\"@id\":\"https:\\\/\\\/blogdoprosperi.com\\\/#website\",\"url\":\"https:\\\/\\\/blogdoprosperi.com\\\/\",\"name\":\"PR\u00d3SPERI NEWS\",\"description\":\"TUDO \u00c9  FUTEBOL\",\"publisher\":{\"@id\":\"https:\\\/\\\/blogdoprosperi.com\\\/#\\\/schema\\\/person\\\/38100755ce3601861ee4fab9b5aa78e9\"},\"alternateName\":\"blogdoprosperi.com\",\"potentialAction\":[{\"@type\":\"SearchAction\",\"target\":{\"@type\":\"EntryPoint\",\"urlTemplate\":\"https:\\\/\\\/blogdoprosperi.com\\\/?s={search_term_string}\"},\"query-input\":{\"@type\":\"PropertyValueSpecification\",\"valueRequired\":true,\"valueName\":\"search_term_string\"}}],\"inLanguage\":\"pt-BR\"},{\"@type\":[\"Person\",\"Organization\"],\"@id\":\"https:\\\/\\\/blogdoprosperi.com\\\/#\\\/schema\\\/person\\\/38100755ce3601861ee4fab9b5aa78e9\",\"name\":\"Luiz Ant\u00f4nio Pr\u00f3speri\",\"pronouns\":\"ele\",\"image\":{\"@type\":\"ImageObject\",\"inLanguage\":\"pt-BR\",\"@id\":\"https:\\\/\\\/i0.wp.com\\\/blogdoprosperi.com\\\/wp-content\\\/uploads\\\/2026\\\/05\\\/cropped-8059e613-6002-42fa-961e-8e275f575d71-2-5.jpg?fit=1360%2C931&ssl=1\",\"url\":\"https:\\\/\\\/i0.wp.com\\\/blogdoprosperi.com\\\/wp-content\\\/uploads\\\/2026\\\/05\\\/cropped-8059e613-6002-42fa-961e-8e275f575d71-2-5.jpg?fit=1360%2C931&ssl=1\",\"contentUrl\":\"https:\\\/\\\/i0.wp.com\\\/blogdoprosperi.com\\\/wp-content\\\/uploads\\\/2026\\\/05\\\/cropped-8059e613-6002-42fa-961e-8e275f575d71-2-5.jpg?fit=1360%2C931&ssl=1\",\"width\":1360,\"height\":931,\"caption\":\"Luiz Ant\u00f4nio Pr\u00f3speri\"},\"logo\":{\"@id\":\"https:\\\/\\\/i0.wp.com\\\/blogdoprosperi.com\\\/wp-content\\\/uploads\\\/2026\\\/05\\\/cropped-8059e613-6002-42fa-961e-8e275f575d71-2-5.jpg?fit=1360%2C931&ssl=1\"},\"description\":\"Jornalista com carreira dedicada ao esporte. Cobriu 9 Copas do Mundo in loco, 1990 na It\u00e1lia, 1994 nos EUA, 1998 na Fran\u00e7a, 2002 na Coreia do Sul e Jap\u00e3o, 2006 na Alemanha, 2010 na \u00c1frica do Sul, 2014 no Brasil, 2018 na R\u00fassia e 2022 no Qatar. Eurocopas, 1992 na Su\u00e9cia e 1996 na Inglaterra. Copa das Confedera\u00e7\u00f5es de 2005 na Alemanha e 2009 na \u00c1frica do Sul. Rep\u00f3rter e Editor, trabalhou no Jornal da Tarde e Estad\u00e3o, de 1984 a fevereiro de 2016. Colunista, blogueiro. E comentarista de futebol na R\u00e1dio Estad\u00e3o, de 2013 a fevereiro de 2016. Jornalista respons\u00e1vel do \\\"Pr\u00f3speri News\\\" (blogdoprosperi.com).\",\"sameAs\":[\"http:\\\/\\\/blogdoprosperi.com\",\"Luiz Pr\u00f3speri\",\"@luiz_prosperi\",\"https:\\\/\\\/x.com\\\/Luizprosperi\",\"@prosperinacopa\",\"luiz.prosperi@icloud.com\"],\"url\":\"https:\\\/\\\/blogdoprosperi.com\\\/?author=102107496\"}]}<\/script>\n<!-- \/ Yoast SEO plugin. -->","yoast_head_json":{"title":"Roger Machado no Palmeiras n\u00e3o deve dar ouvidos a Felipe Melo - PR\u00d3SPERI NEWS","robots":{"index":"index","follow":"follow","max-snippet":"max-snippet:-1","max-image-preview":"max-image-preview:large","max-video-preview":"max-video-preview:-1"},"canonical":"https:\/\/blogdoprosperi.com\/?p=37280","og_locale":"pt_BR","og_type":"article","og_title":"Roger Machado no Palmeiras n\u00e3o deve dar ouvidos a Felipe Melo - PR\u00d3SPERI NEWS","og_description":"Roger Machado j\u00e1 sabe com quem n\u00e3o tem de conversar no Palmeiras. Felipe Melo, \u00e9 claro. De poucos [&hellip;]","og_url":"https:\/\/blogdoprosperi.com\/?p=37280","og_site_name":"PR\u00d3SPERI NEWS","article_publisher":"Luiz Pr\u00f3speri","article_author":"Luiz Pr\u00f3speri","article_published_time":"2017-11-23T20:20:57+00:00","og_image":[{"width":950,"height":715,"url":"https:\/\/i0.wp.com\/blogdoprosperi.com\/wp-content\/uploads\/2017\/11\/roger-machado-gremio-fluminense-getty-images.jpg?fit=950%2C715&ssl=1","type":"image\/jpeg"}],"author":"Luiz Ant\u00f4nio Pr\u00f3speri","twitter_card":"summary_large_image","twitter_creator":"@Luizprosperi","twitter_site":"@Luizprosperi","twitter_misc":{"Escrito por":"Luiz Ant\u00f4nio Pr\u00f3speri","Est. tempo de leitura":"2 minutos"},"schema":{"@context":"https:\/\/schema.org","@graph":[{"@type":"Article","@id":"https:\/\/blogdoprosperi.com\/?p=37280#article","isPartOf":{"@id":"https:\/\/blogdoprosperi.com\/?p=37280"},"author":{"name":"Luiz Ant\u00f4nio Pr\u00f3speri","@id":"https:\/\/blogdoprosperi.com\/#\/schema\/person\/38100755ce3601861ee4fab9b5aa78e9"},"headline":"Roger Machado no Palmeiras n\u00e3o deve dar ouvidos a Felipe Melo","datePublished":"2017-11-23T20:20:57+00:00","mainEntityOfPage":{"@id":"https:\/\/blogdoprosperi.com\/?p=37280"},"wordCount":341,"commentCount":0,"publisher":{"@id":"https:\/\/blogdoprosperi.com\/#\/schema\/person\/38100755ce3601861ee4fab9b5aa78e9"},"image":{"@id":"https:\/\/blogdoprosperi.com\/?p=37280#primaryimage"},"thumbnailUrl":"https:\/\/i0.wp.com\/blogdoprosperi.com\/wp-content\/uploads\/2017\/11\/roger-machado-gremio-fluminense-getty-images.jpg?fit=950%2C715&ssl=1","keywords":["Felipe Melo","futebol","futebol 2018","Roger Machado","SE Palmeiras"],"articleSection":["Campeonato Brasileiro","futebol"],"inLanguage":"pt-BR","potentialAction":[{"@type":"CommentAction","name":"Comment","target":["https:\/\/blogdoprosperi.com\/?p=37280#respond"]}]},{"@type":"WebPage","@id":"https:\/\/blogdoprosperi.com\/?p=37280","url":"https:\/\/blogdoprosperi.com\/?p=37280","name":"Roger Machado no Palmeiras n\u00e3o deve dar ouvidos a Felipe Melo - PR\u00d3SPERI NEWS","isPartOf":{"@id":"https:\/\/blogdoprosperi.com\/#website"},"primaryImageOfPage":{"@id":"https:\/\/blogdoprosperi.com\/?p=37280#primaryimage"},"image":{"@id":"https:\/\/blogdoprosperi.com\/?p=37280#primaryimage"},"thumbnailUrl":"https:\/\/i0.wp.com\/blogdoprosperi.com\/wp-content\/uploads\/2017\/11\/roger-machado-gremio-fluminense-getty-images.jpg?fit=950%2C715&ssl=1","datePublished":"2017-11-23T20:20:57+00:00","breadcrumb":{"@id":"https:\/\/blogdoprosperi.com\/?p=37280#breadcrumb"},"inLanguage":"pt-BR","potentialAction":[{"@type":"ReadAction","target":["https:\/\/blogdoprosperi.com\/?p=37280"]}]},{"@type":"ImageObject","inLanguage":"pt-BR","@id":"https:\/\/blogdoprosperi.com\/?p=37280#primaryimage","url":"https:\/\/i0.wp.com\/blogdoprosperi.com\/wp-content\/uploads\/2017\/11\/roger-machado-gremio-fluminense-getty-images.jpg?fit=950%2C715&ssl=1","contentUrl":"https:\/\/i0.wp.com\/blogdoprosperi.com\/wp-content\/uploads\/2017\/11\/roger-machado-gremio-fluminense-getty-images.jpg?fit=950%2C715&ssl=1","width":950,"height":715,"caption":"Roger Machado chega ao Palmeiras"},{"@type":"BreadcrumbList","@id":"https:\/\/blogdoprosperi.com\/?p=37280#breadcrumb","itemListElement":[{"@type":"ListItem","position":1,"name":"In\u00edcio","item":"https:\/\/blogdoprosperi.com\/"},{"@type":"ListItem","position":2,"name":"Roger Machado no Palmeiras n\u00e3o deve dar ouvidos a Felipe Melo"}]},{"@type":"WebSite","@id":"https:\/\/blogdoprosperi.com\/#website","url":"https:\/\/blogdoprosperi.com\/","name":"PR\u00d3SPERI NEWS","description":"TUDO \u00c9  FUTEBOL","publisher":{"@id":"https:\/\/blogdoprosperi.com\/#\/schema\/person\/38100755ce3601861ee4fab9b5aa78e9"},"alternateName":"blogdoprosperi.com","potentialAction":[{"@type":"SearchAction","target":{"@type":"EntryPoint","urlTemplate":"https:\/\/blogdoprosperi.com\/?s={search_term_string}"},"query-input":{"@type":"PropertyValueSpecification","valueRequired":true,"valueName":"search_term_string"}}],"inLanguage":"pt-BR"},{"@type":["Person","Organization"],"@id":"https:\/\/blogdoprosperi.com\/#\/schema\/person\/38100755ce3601861ee4fab9b5aa78e9","name":"Luiz Ant\u00f4nio Pr\u00f3speri","pronouns":"ele","image":{"@type":"ImageObject","inLanguage":"pt-BR","@id":"https:\/\/i0.wp.com\/blogdoprosperi.com\/wp-content\/uploads\/2026\/05\/cropped-8059e613-6002-42fa-961e-8e275f575d71-2-5.jpg?fit=1360%2C931&ssl=1","url":"https:\/\/i0.wp.com\/blogdoprosperi.com\/wp-content\/uploads\/2026\/05\/cropped-8059e613-6002-42fa-961e-8e275f575d71-2-5.jpg?fit=1360%2C931&ssl=1","contentUrl":"https:\/\/i0.wp.com\/blogdoprosperi.com\/wp-content\/uploads\/2026\/05\/cropped-8059e613-6002-42fa-961e-8e275f575d71-2-5.jpg?fit=1360%2C931&ssl=1","width":1360,"height":931,"caption":"Luiz Ant\u00f4nio Pr\u00f3speri"},"logo":{"@id":"https:\/\/i0.wp.com\/blogdoprosperi.com\/wp-content\/uploads\/2026\/05\/cropped-8059e613-6002-42fa-961e-8e275f575d71-2-5.jpg?fit=1360%2C931&ssl=1"},"description":"Jornalista com carreira dedicada ao esporte. Cobriu 9 Copas do Mundo in loco, 1990 na It\u00e1lia, 1994 nos EUA, 1998 na Fran\u00e7a, 2002 na Coreia do Sul e Jap\u00e3o, 2006 na Alemanha, 2010 na \u00c1frica do Sul, 2014 no Brasil, 2018 na R\u00fassia e 2022 no Qatar. Eurocopas, 1992 na Su\u00e9cia e 1996 na Inglaterra. Copa das Confedera\u00e7\u00f5es de 2005 na Alemanha e 2009 na \u00c1frica do Sul. Rep\u00f3rter e Editor, trabalhou no Jornal da Tarde e Estad\u00e3o, de 1984 a fevereiro de 2016. Colunista, blogueiro. E comentarista de futebol na R\u00e1dio Estad\u00e3o, de 2013 a fevereiro de 2016. Jornalista respons\u00e1vel do \"Pr\u00f3speri News\" (blogdoprosperi.com).","sameAs":["http:\/\/blogdoprosperi.com","Luiz Pr\u00f3speri","@luiz_prosperi","https:\/\/x.com\/Luizprosperi","@prosperinacopa","luiz.prosperi@icloud.com"],"url":"https:\/\/blogdoprosperi.com\/?author=102107496"}]}},"jetpack_publicize_connections":[],"jetpack_likes_enabled":false,"jetpack_sharing_enabled":true,"jetpack_shortlink":"https:\/\/wp.me\/p7jvdk-9Hi","jetpack-related-posts":[{"id":35703,"url":"https:\/\/blogdoprosperi.com\/?p=35703","url_meta":{"origin":37280,"position":0},"title":"Quem tem Felipe Melo corre risco de colher tempestades","author":"Luiz Ant\u00f4nio Pr\u00f3speri","date":"27 de abril de 2017","format":false,"excerpt":"Quem tem um jogador da estirpe de Felipe Melo sabe que n\u00e3o vai navegar a vida inteira em \u00e1guas calmas. \u00c9 preciso acompanhar seus movimentos com o cuidado que se anda em uma loja de cristais. Um leve esbarr\u00e3o pode provocar um enorme preju\u00edzo. Depois, nem tem como recolher os\u2026","rel":"","context":"Em &quot;Copa Libertadores&quot;","block_context":{"text":"Copa Libertadores","link":"https:\/\/blogdoprosperi.com\/?cat=270704"},"img":{"alt_text":"","src":"https:\/\/i0.wp.com\/blogdoprosperi.com\/wp-content\/uploads\/2017\/04\/58c9ff88d056c.jpeg?fit=622%2C350&ssl=1&resize=350%2C200","width":350,"height":200,"srcset":"https:\/\/i0.wp.com\/blogdoprosperi.com\/wp-content\/uploads\/2017\/04\/58c9ff88d056c.jpeg?fit=622%2C350&ssl=1&resize=350%2C200 1x, https:\/\/i0.wp.com\/blogdoprosperi.com\/wp-content\/uploads\/2017\/04\/58c9ff88d056c.jpeg?fit=622%2C350&ssl=1&resize=525%2C300 1.5x"},"classes":[]},{"id":34371,"url":"https:\/\/blogdoprosperi.com\/?p=34371","url_meta":{"origin":37280,"position":1},"title":"Palmeiras muda de perfil em busca da Libertadores 2017","author":"Luiz Ant\u00f4nio Pr\u00f3speri","date":"27 de dezembro de 2016","format":false,"excerpt":"Palmeiras vai mudar seu perfil na pr\u00f3xima temporada. Aquele time campe\u00e3o brasileiro, moldado a trocar passes e fazer do ataque uma avalanche, deve ser mais conservador. Vai perder leveza. A mudan\u00e7a \u00e9 em fun\u00e7\u00e3o da Copa Libertadores, principal meta do clube em 2017. Contrata\u00e7\u00f5es do porte de Felipe Melo, Guerra\u2026","rel":"","context":"Em &quot;futebol&quot;","block_context":{"text":"futebol","link":"https:\/\/blogdoprosperi.com\/?cat=53870"},"img":{"alt_text":"","src":"https:\/\/i0.wp.com\/blogdoprosperi.com\/wp-content\/uploads\/2016\/12\/qw28opg.jpg?resize=350%2C200","width":350,"height":200,"srcset":"https:\/\/i0.wp.com\/blogdoprosperi.com\/wp-content\/uploads\/2016\/12\/qw28opg.jpg?resize=350%2C200 1x, https:\/\/i0.wp.com\/blogdoprosperi.com\/wp-content\/uploads\/2016\/12\/qw28opg.jpg?resize=525%2C300 1.5x"},"classes":[]},{"id":36914,"url":"https:\/\/blogdoprosperi.com\/?p=36914","url_meta":{"origin":37280,"position":2},"title":"Felipe Melo vence Cuca","author":"Luiz Ant\u00f4nio Pr\u00f3speri","date":"13 de outubro de 2017","format":false,"excerpt":"Felipe Melo \u00e9 um jogador de palavras fortes e de imagens sempre com alguma mensagem. N\u00e3o dissimula. Quando entrou no campo no CT do Palmeiras carregando a pilha de coletes a serem distribu\u00eddos aos companheiros no primeiro treinamento, h\u00e1 poucas horas da demiss\u00e3o de Cuca nesta sexta-feira, o recado era\u2026","rel":"","context":"Em &quot;Campeonato Brasileiro&quot;","block_context":{"text":"Campeonato Brasileiro","link":"https:\/\/blogdoprosperi.com\/?cat=355071"},"img":{"alt_text":"Felipe Melo vence Cuca no Palmeiras","src":"https:\/\/i0.wp.com\/blogdoprosperi.com\/wp-content\/uploads\/2017\/10\/34215194990_206eea1c85_b.jpg?fit=1000%2C757&ssl=1&resize=350%2C200","width":350,"height":200,"srcset":"https:\/\/i0.wp.com\/blogdoprosperi.com\/wp-content\/uploads\/2017\/10\/34215194990_206eea1c85_b.jpg?fit=1000%2C757&ssl=1&resize=350%2C200 1x, https:\/\/i0.wp.com\/blogdoprosperi.com\/wp-content\/uploads\/2017\/10\/34215194990_206eea1c85_b.jpg?fit=1000%2C757&ssl=1&resize=525%2C300 1.5x, https:\/\/i0.wp.com\/blogdoprosperi.com\/wp-content\/uploads\/2017\/10\/34215194990_206eea1c85_b.jpg?fit=1000%2C757&ssl=1&resize=700%2C400 2x"},"classes":[]},{"id":35054,"url":"https:\/\/blogdoprosperi.com\/?p=35054","url_meta":{"origin":37280,"position":3},"title":"Eduardo Baptista sacode cr\u00edticos e ganha apoio de Felipe Melo e Dudu no Palmeiras","author":"Luiz Ant\u00f4nio Pr\u00f3speri","date":"16 de fevereiro de 2017","format":false,"excerpt":"Vida de treinador do Palmeiras n\u00e3o \u00e9 nada f\u00e1cil. \u00c9 dura. Se n\u00e3o tiver estofo e confian\u00e7a, sai pulverizado. Neste in\u00edcio de temporada, Eduardo Baptista percebeu que muitas pedras v\u00e3o aparecer no seu caminho. \u00c0s vezes, rochas dif\u00edceis de serem removidas. Em apenas dois jogos no comando do time, levou\u2026","rel":"","context":"Em &quot;futebol&quot;","block_context":{"text":"futebol","link":"https:\/\/blogdoprosperi.com\/?cat=53870"},"img":{"alt_text":"Dudu: quem perde e quem ganha na sa\u00edda do Palmeiras","src":"https:\/\/i0.wp.com\/blogdoprosperi.com\/wp-content\/uploads\/2017\/02\/dudu4.jpg?resize=350%2C200&ssl=1","width":350,"height":200,"srcset":"https:\/\/i0.wp.com\/blogdoprosperi.com\/wp-content\/uploads\/2017\/02\/dudu4.jpg?resize=350%2C200&ssl=1 1x, https:\/\/i0.wp.com\/blogdoprosperi.com\/wp-content\/uploads\/2017\/02\/dudu4.jpg?resize=525%2C300&ssl=1 1.5x, https:\/\/i0.wp.com\/blogdoprosperi.com\/wp-content\/uploads\/2017\/02\/dudu4.jpg?resize=700%2C400&ssl=1 2x"},"classes":[]},{"id":36584,"url":"https:\/\/blogdoprosperi.com\/?p=36584","url_meta":{"origin":37280,"position":4},"title":"Felipe Melo fora da curva","author":"Luiz Ant\u00f4nio Pr\u00f3speri","date":"11 de agosto de 2017","format":false,"excerpt":"Palmeiras e patrocinadora torraram R$ 115 milh\u00f5es em contrata\u00e7\u00f5es de jogadores porque tinham dinheiro para gastar. Cuca, desde seu in\u00edcio de carreira de treinador, carrega suas mandingas e cren\u00e7as por onde passa. Ajoelhado ou n\u00e3o. De cal\u00e7a vinho ou n\u00e3o.\u00a0Borja e Guerra, apontados como os principais destaques da Libertadores de\u2026","rel":"","context":"Em &quot;Copa Libertadores&quot;","block_context":{"text":"Copa Libertadores","link":"https:\/\/blogdoprosperi.com\/?cat=270704"},"img":{"alt_text":"","src":"https:\/\/i0.wp.com\/blogdoprosperi.com\/wp-content\/uploads\/2017\/08\/34637391310_c47717dd3c_o.jpg?fit=1000%2C611&ssl=1&resize=350%2C200","width":350,"height":200,"srcset":"https:\/\/i0.wp.com\/blogdoprosperi.com\/wp-content\/uploads\/2017\/08\/34637391310_c47717dd3c_o.jpg?fit=1000%2C611&ssl=1&resize=350%2C200 1x, https:\/\/i0.wp.com\/blogdoprosperi.com\/wp-content\/uploads\/2017\/08\/34637391310_c47717dd3c_o.jpg?fit=1000%2C611&ssl=1&resize=525%2C300 1.5x, https:\/\/i0.wp.com\/blogdoprosperi.com\/wp-content\/uploads\/2017\/08\/34637391310_c47717dd3c_o.jpg?fit=1000%2C611&ssl=1&resize=700%2C400 2x"},"classes":[]},{"id":33314,"url":"https:\/\/blogdoprosperi.com\/?p=33314","url_meta":{"origin":37280,"position":5},"title":"Roger Machado, ex-t\u00e9cnico do Gr\u00eamio e sem curr\u00edculo, vira objeto do desejo no Atl\u00e9tico-MG, Fluminense e Palmeiras","author":"Luiz Ant\u00f4nio Pr\u00f3speri","date":"28 de novembro de 2016","format":false,"excerpt":"Roger Machado apareceu como t\u00e9cnico de time grande no ano passado, ao substituir Felip\u00e3o no Gr\u00eamio na primeira rodada do Brasileir\u00e3o de 2015. Fez um bom campeonato e levou o clube ga\u00facho \u00e0 Copa Libertadores. Na temporada de 2016, n\u00e3o foi campe\u00e3o estadual, vacilou na metade do campeonato nacional e\u2026","rel":"","context":"Em &quot;Campeonato Brasileiro&quot;","block_context":{"text":"Campeonato Brasileiro","link":"https:\/\/blogdoprosperi.com\/?cat=355071"},"img":{"alt_text":"","src":"https:\/\/i0.wp.com\/blogdoprosperi.com\/wp-content\/uploads\/2016\/11\/17424185.jpg?resize=350%2C200&ssl=1","width":350,"height":200,"srcset":"https:\/\/i0.wp.com\/blogdoprosperi.com\/wp-content\/uploads\/2016\/11\/17424185.jpg?resize=350%2C200&ssl=1 1x, https:\/\/i0.wp.com\/blogdoprosperi.com\/wp-content\/uploads\/2016\/11\/17424185.jpg?resize=525%2C300&ssl=1 1.5x"},"classes":[]}],"jetpack_featured_media_url":"https:\/\/i0.wp.com\/blogdoprosperi.com\/wp-content\/uploads\/2017\/11\/roger-machado-gremio-fluminense-getty-images.jpg?fit=950%2C715&ssl=1","_links":{"self":[{"href":"https:\/\/blogdoprosperi.com\/index.php?rest_route=\/wp\/v2\/posts\/37280","targetHints":{"allow":["GET"]}}],"collection":[{"href":"https:\/\/blogdoprosperi.com\/index.php?rest_route=\/wp\/v2\/posts"}],"about":[{"href":"https:\/\/blogdoprosperi.com\/index.php?rest_route=\/wp\/v2\/types\/post"}],"author":[{"embeddable":true,"href":"https:\/\/blogdoprosperi.com\/index.php?rest_route=\/wp\/v2\/users\/102107496"}],"replies":[{"embeddable":true,"href":"https:\/\/blogdoprosperi.com\/index.php?rest_route=%2Fwp%2Fv2%2Fcomments&post=37280"}],"version-history":[{"count":4,"href":"https:\/\/blogdoprosperi.com\/index.php?rest_route=\/wp\/v2\/posts\/37280\/revisions"}],"predecessor-version":[{"id":37285,"href":"https:\/\/blogdoprosperi.com\/index.php?rest_route=\/wp\/v2\/posts\/37280\/revisions\/37285"}],"wp:featuredmedia":[{"embeddable":true,"href":"https:\/\/blogdoprosperi.com\/index.php?rest_route=\/wp\/v2\/media\/37283"}],"wp:attachment":[{"href":"https:\/\/blogdoprosperi.com\/index.php?rest_route=%2Fwp%2Fv2%2Fmedia&parent=37280"}],"wp:term":[{"taxonomy":"category","embeddable":true,"href":"https:\/\/blogdoprosperi.com\/index.php?rest_route=%2Fwp%2Fv2%2Fcategories&post=37280"},{"taxonomy":"post_tag","embeddable":true,"href":"https:\/\/blogdoprosperi.com\/index.php?rest_route=%2Fwp%2Fv2%2Ftags&post=37280"}],"curies":[{"name":"wp","href":"https:\/\/api.w.org\/{rel}","templated":true}]}}