{"id":37286,"date":"2017-11-23T18:29:03","date_gmt":"2017-11-23T20:29:03","guid":{"rendered":"http:\/\/blogdoprosperi.com\/?p=37286"},"modified":"2017-11-23T18:31:51","modified_gmt":"2017-11-23T20:31:51","slug":"bronca-do-renato","status":"publish","type":"post","link":"https:\/\/blogdoprosperi.com\/?p=37286","title":{"rendered":""},"content":{"rendered":"<p>\u201cVoc\u00eas viram ali, s\u00f3 vou perguntar para a Conmebol do tal do v\u00eddeo. \u00c9 inadmiss\u00edvel o \u00e1rbitro estar a tr\u00eas metros do lance e ter que usar v\u00eddeo. O Stevie Wonder n\u00e3o precisaria do v\u00eddeo para dar p\u00eanalti. Por que n\u00e3o foi usado o v\u00eddeo? \u00c9 isso que quero saber da Conmebol. Foi p\u00eanalti leg\u00edtimo. Ali a gente poderia ter ampliado nossa vantagem\u201d \u2013 Renato Ga\u00facho, t\u00e9cnico do Gr\u00eamio, ao comentar o jogo Gr\u00eamio 1 x 0 Lan\u00fas.<\/p>\n","protected":false},"excerpt":{"rendered":"<p>\u201cVoc\u00eas viram ali, s\u00f3 vou perguntar para a Conmebol do tal do v\u00eddeo. \u00c9 inadmiss\u00edvel o \u00e1rbitro estar [&hellip;]<\/p>\n","protected":false},"author":102107496,"featured_media":37288,"comment_status":"open","ping_status":"open","sticky":false,"template":"","format":"quote","meta":{"_coblocks_attr":"","_coblocks_dimensions":"","_coblocks_responsive_height":"","_coblocks_accordion_ie_support":"","_jetpack_newsletter_access":"","_jetpack_dont_email_post_to_subs":false,"_jetpack_newsletter_tier_id":0,"_jetpack_memberships_contains_paywalled_content":false,"_wpcom_ai_launchpad_first_post":false,"_jetpack_feature_clip_id":0,"_jetpack_memberships_contains_paid_content":false,"footnotes":"","jetpack_publicize_message":"","jetpack_publicize_feature_enabled":true,"jetpack_social_post_already_shared":false,"jetpack_social_options":{"image_generator_settings":{"template":"highway","default_image_id":0,"font":"","enabled":false},"version":2},"jetpack_post_was_ever_published":false},"categories":[270704,53870],"tags":[464797861,535722,789560560,205210,718411,439603619,597766],"class_list":["post-37286","post","type-post","status-publish","format-quote","has-post-thumbnail","hentry","category-copa-libertadores","category-futebol","tag-arbitro-de-video","tag-conmebol","tag-futebol","tag-gremio","tag-lanus","tag-libertadores-2017","tag-renato-gaucho","post_format-post-format-quote"],"yoast_head":"<!-- This site is optimized with the Yoast SEO plugin v28.3 - https:\/\/yoast.com\/product\/yoast-seo-wordpress\/ -->\n<title>- PR\u00d3SPERI NEWS<\/title>\n<meta name=\"robots\" content=\"index, follow, max-snippet:-1, max-image-preview:large, max-video-preview:-1\" \/>\n<link rel=\"canonical\" href=\"https:\/\/blogdoprosperi.com\/?p=37286\" \/>\n<meta property=\"og:locale\" content=\"pt_BR\" \/>\n<meta property=\"og:type\" content=\"article\" \/>\n<meta property=\"og:title\" content=\"- PR\u00d3SPERI NEWS\" \/>\n<meta property=\"og:description\" content=\"\u201cVoc\u00eas viram ali, s\u00f3 vou perguntar para a Conmebol do tal do v\u00eddeo. \u00c9 inadmiss\u00edvel o \u00e1rbitro estar [&hellip;]\" \/>\n<meta property=\"og:url\" content=\"https:\/\/blogdoprosperi.com\/?p=37286\" \/>\n<meta property=\"og:site_name\" content=\"PR\u00d3SPERI NEWS\" \/>\n<meta property=\"article:publisher\" content=\"Luiz Pr\u00f3speri\" \/>\n<meta property=\"article:author\" content=\"Luiz Pr\u00f3speri\" \/>\n<meta property=\"article:published_time\" content=\"2017-11-23T20:29:03+00:00\" \/>\n<meta property=\"article:modified_time\" content=\"2017-11-23T20:31:51+00:00\" \/>\n<meta property=\"og:image\" content=\"https:\/\/i0.wp.com\/blogdoprosperi.com\/wp-content\/uploads\/2017\/11\/renato1.jpg?fit=1920%2C1080&ssl=1\" \/>\n\t<meta property=\"og:image:width\" content=\"1920\" \/>\n\t<meta property=\"og:image:height\" content=\"1080\" \/>\n\t<meta property=\"og:image:type\" content=\"image\/jpeg\" \/>\n<meta name=\"author\" content=\"Luiz Ant\u00f4nio Pr\u00f3speri\" \/>\n<meta name=\"twitter:card\" content=\"summary_large_image\" \/>\n<meta name=\"twitter:creator\" content=\"@Luizprosperi\" \/>\n<meta name=\"twitter:site\" content=\"@Luizprosperi\" \/>\n<meta name=\"twitter:label1\" content=\"Escrito por\" \/>\n\t<meta name=\"twitter:data1\" content=\"Luiz Ant\u00f4nio Pr\u00f3speri\" \/>\n<script type=\"application\/ld+json\" class=\"yoast-schema-graph\">{\"@context\":\"https:\\\/\\\/schema.org\",\"@graph\":[{\"@type\":\"Article\",\"@id\":\"https:\\\/\\\/blogdoprosperi.com\\\/?p=37286#article\",\"isPartOf\":{\"@id\":\"https:\\\/\\\/blogdoprosperi.com\\\/?p=37286\"},\"author\":{\"name\":\"Luiz Ant\u00f4nio Pr\u00f3speri\",\"@id\":\"https:\\\/\\\/blogdoprosperi.com\\\/#\\\/schema\\\/person\\\/38100755ce3601861ee4fab9b5aa78e9\"},\"headline\":\"Sem t\u00edtulo\",\"datePublished\":\"2017-11-23T20:29:03+00:00\",\"dateModified\":\"2017-11-23T20:31:51+00:00\",\"mainEntityOfPage\":{\"@id\":\"https:\\\/\\\/blogdoprosperi.com\\\/?p=37286\"},\"wordCount\":90,\"commentCount\":0,\"publisher\":{\"@id\":\"https:\\\/\\\/blogdoprosperi.com\\\/#\\\/schema\\\/person\\\/38100755ce3601861ee4fab9b5aa78e9\"},\"image\":{\"@id\":\"https:\\\/\\\/blogdoprosperi.com\\\/?p=37286#primaryimage\"},\"thumbnailUrl\":\"https:\\\/\\\/i0.wp.com\\\/blogdoprosperi.com\\\/wp-content\\\/uploads\\\/2017\\\/11\\\/renato1.jpg?fit=1920%2C1080&ssl=1\",\"keywords\":[\"\u00e1rbitro de v\u00eddeo\",\"Conmebol\",\"futebol\",\"Gr\u00eamio\",\"Lan\u00fas\",\"Libertadores 2017\",\"Renato Ga\u00facho\"],\"articleSection\":[\"Copa Libertadores\",\"futebol\"],\"inLanguage\":\"pt-BR\",\"potentialAction\":[{\"@type\":\"CommentAction\",\"name\":\"Comment\",\"target\":[\"https:\\\/\\\/blogdoprosperi.com\\\/?p=37286#respond\"]}]},{\"@type\":\"WebPage\",\"@id\":\"https:\\\/\\\/blogdoprosperi.com\\\/?p=37286\",\"url\":\"https:\\\/\\\/blogdoprosperi.com\\\/?p=37286\",\"name\":\"- PR\u00d3SPERI NEWS\",\"isPartOf\":{\"@id\":\"https:\\\/\\\/blogdoprosperi.com\\\/#website\"},\"primaryImageOfPage\":{\"@id\":\"https:\\\/\\\/blogdoprosperi.com\\\/?p=37286#primaryimage\"},\"image\":{\"@id\":\"https:\\\/\\\/blogdoprosperi.com\\\/?p=37286#primaryimage\"},\"thumbnailUrl\":\"https:\\\/\\\/i0.wp.com\\\/blogdoprosperi.com\\\/wp-content\\\/uploads\\\/2017\\\/11\\\/renato1.jpg?fit=1920%2C1080&ssl=1\",\"datePublished\":\"2017-11-23T20:29:03+00:00\",\"dateModified\":\"2017-11-23T20:31:51+00:00\",\"inLanguage\":\"pt-BR\",\"potentialAction\":[{\"@type\":\"ReadAction\",\"target\":[\"https:\\\/\\\/blogdoprosperi.com\\\/?p=37286\"]}]},{\"@type\":\"ImageObject\",\"inLanguage\":\"pt-BR\",\"@id\":\"https:\\\/\\\/blogdoprosperi.com\\\/?p=37286#primaryimage\",\"url\":\"https:\\\/\\\/i0.wp.com\\\/blogdoprosperi.com\\\/wp-content\\\/uploads\\\/2017\\\/11\\\/renato1.jpg?fit=1920%2C1080&ssl=1\",\"contentUrl\":\"https:\\\/\\\/i0.wp.com\\\/blogdoprosperi.com\\\/wp-content\\\/uploads\\\/2017\\\/11\\\/renato1.jpg?fit=1920%2C1080&ssl=1\",\"width\":1920,\"height\":1080,\"caption\":\"Renato Ga\u00facho cobra Conmebol por \u00e1rbitro de v\u00eddeo na final da Libertadores contra Lan\u00fas\"},{\"@type\":\"WebSite\",\"@id\":\"https:\\\/\\\/blogdoprosperi.com\\\/#website\",\"url\":\"https:\\\/\\\/blogdoprosperi.com\\\/\",\"name\":\"PR\u00d3SPERI NEWS\",\"description\":\"TUDO \u00c9  FUTEBOL\",\"publisher\":{\"@id\":\"https:\\\/\\\/blogdoprosperi.com\\\/#\\\/schema\\\/person\\\/38100755ce3601861ee4fab9b5aa78e9\"},\"alternateName\":\"blogdoprosperi.com\",\"potentialAction\":[{\"@type\":\"SearchAction\",\"target\":{\"@type\":\"EntryPoint\",\"urlTemplate\":\"https:\\\/\\\/blogdoprosperi.com\\\/?s={search_term_string}\"},\"query-input\":{\"@type\":\"PropertyValueSpecification\",\"valueRequired\":true,\"valueName\":\"search_term_string\"}}],\"inLanguage\":\"pt-BR\"},{\"@type\":[\"Person\",\"Organization\"],\"@id\":\"https:\\\/\\\/blogdoprosperi.com\\\/#\\\/schema\\\/person\\\/38100755ce3601861ee4fab9b5aa78e9\",\"name\":\"Luiz Ant\u00f4nio Pr\u00f3speri\",\"pronouns\":\"ele\",\"image\":{\"@type\":\"ImageObject\",\"inLanguage\":\"pt-BR\",\"@id\":\"https:\\\/\\\/i0.wp.com\\\/blogdoprosperi.com\\\/wp-content\\\/uploads\\\/2026\\\/05\\\/cropped-8059e613-6002-42fa-961e-8e275f575d71-2-5.jpg?fit=1360%2C931&ssl=1\",\"url\":\"https:\\\/\\\/i0.wp.com\\\/blogdoprosperi.com\\\/wp-content\\\/uploads\\\/2026\\\/05\\\/cropped-8059e613-6002-42fa-961e-8e275f575d71-2-5.jpg?fit=1360%2C931&ssl=1\",\"contentUrl\":\"https:\\\/\\\/i0.wp.com\\\/blogdoprosperi.com\\\/wp-content\\\/uploads\\\/2026\\\/05\\\/cropped-8059e613-6002-42fa-961e-8e275f575d71-2-5.jpg?fit=1360%2C931&ssl=1\",\"width\":1360,\"height\":931,\"caption\":\"Luiz Ant\u00f4nio Pr\u00f3speri\"},\"logo\":{\"@id\":\"https:\\\/\\\/i0.wp.com\\\/blogdoprosperi.com\\\/wp-content\\\/uploads\\\/2026\\\/05\\\/cropped-8059e613-6002-42fa-961e-8e275f575d71-2-5.jpg?fit=1360%2C931&ssl=1\"},\"description\":\"Jornalista com carreira dedicada ao esporte. Cobriu 9 Copas do Mundo in loco, 1990 na It\u00e1lia, 1994 nos EUA, 1998 na Fran\u00e7a, 2002 na Coreia do Sul e Jap\u00e3o, 2006 na Alemanha, 2010 na \u00c1frica do Sul, 2014 no Brasil, 2018 na R\u00fassia e 2022 no Qatar. Eurocopas, 1992 na Su\u00e9cia e 1996 na Inglaterra. Copa das Confedera\u00e7\u00f5es de 2005 na Alemanha e 2009 na \u00c1frica do Sul. Rep\u00f3rter e Editor, trabalhou no Jornal da Tarde e Estad\u00e3o, de 1984 a fevereiro de 2016. Colunista, blogueiro. E comentarista de futebol na R\u00e1dio Estad\u00e3o, de 2013 a fevereiro de 2016. Jornalista respons\u00e1vel do \\\"Pr\u00f3speri News\\\" (blogdoprosperi.com).\",\"sameAs\":[\"http:\\\/\\\/blogdoprosperi.com\",\"Luiz Pr\u00f3speri\",\"@luiz_prosperi\",\"https:\\\/\\\/x.com\\\/Luizprosperi\",\"@prosperinacopa\",\"luiz.prosperi@icloud.com\"],\"url\":\"https:\\\/\\\/blogdoprosperi.com\\\/?author=102107496\"}]}<\/script>\n<!-- \/ Yoast SEO plugin. -->","yoast_head_json":{"title":"- PR\u00d3SPERI NEWS","robots":{"index":"index","follow":"follow","max-snippet":"max-snippet:-1","max-image-preview":"max-image-preview:large","max-video-preview":"max-video-preview:-1"},"canonical":"https:\/\/blogdoprosperi.com\/?p=37286","og_locale":"pt_BR","og_type":"article","og_title":"- PR\u00d3SPERI NEWS","og_description":"\u201cVoc\u00eas viram ali, s\u00f3 vou perguntar para a Conmebol do tal do v\u00eddeo. \u00c9 inadmiss\u00edvel o \u00e1rbitro estar [&hellip;]","og_url":"https:\/\/blogdoprosperi.com\/?p=37286","og_site_name":"PR\u00d3SPERI NEWS","article_publisher":"Luiz Pr\u00f3speri","article_author":"Luiz Pr\u00f3speri","article_published_time":"2017-11-23T20:29:03+00:00","article_modified_time":"2017-11-23T20:31:51+00:00","og_image":[{"width":1920,"height":1080,"url":"https:\/\/i0.wp.com\/blogdoprosperi.com\/wp-content\/uploads\/2017\/11\/renato1.jpg?fit=1920%2C1080&ssl=1","type":"image\/jpeg"}],"author":"Luiz Ant\u00f4nio Pr\u00f3speri","twitter_card":"summary_large_image","twitter_creator":"@Luizprosperi","twitter_site":"@Luizprosperi","twitter_misc":{"Escrito por":"Luiz Ant\u00f4nio Pr\u00f3speri"},"schema":{"@context":"https:\/\/schema.org","@graph":[{"@type":"Article","@id":"https:\/\/blogdoprosperi.com\/?p=37286#article","isPartOf":{"@id":"https:\/\/blogdoprosperi.com\/?p=37286"},"author":{"name":"Luiz Ant\u00f4nio Pr\u00f3speri","@id":"https:\/\/blogdoprosperi.com\/#\/schema\/person\/38100755ce3601861ee4fab9b5aa78e9"},"headline":"Sem t\u00edtulo","datePublished":"2017-11-23T20:29:03+00:00","dateModified":"2017-11-23T20:31:51+00:00","mainEntityOfPage":{"@id":"https:\/\/blogdoprosperi.com\/?p=37286"},"wordCount":90,"commentCount":0,"publisher":{"@id":"https:\/\/blogdoprosperi.com\/#\/schema\/person\/38100755ce3601861ee4fab9b5aa78e9"},"image":{"@id":"https:\/\/blogdoprosperi.com\/?p=37286#primaryimage"},"thumbnailUrl":"https:\/\/i0.wp.com\/blogdoprosperi.com\/wp-content\/uploads\/2017\/11\/renato1.jpg?fit=1920%2C1080&ssl=1","keywords":["\u00e1rbitro de v\u00eddeo","Conmebol","futebol","Gr\u00eamio","Lan\u00fas","Libertadores 2017","Renato Ga\u00facho"],"articleSection":["Copa Libertadores","futebol"],"inLanguage":"pt-BR","potentialAction":[{"@type":"CommentAction","name":"Comment","target":["https:\/\/blogdoprosperi.com\/?p=37286#respond"]}]},{"@type":"WebPage","@id":"https:\/\/blogdoprosperi.com\/?p=37286","url":"https:\/\/blogdoprosperi.com\/?p=37286","name":"- PR\u00d3SPERI NEWS","isPartOf":{"@id":"https:\/\/blogdoprosperi.com\/#website"},"primaryImageOfPage":{"@id":"https:\/\/blogdoprosperi.com\/?p=37286#primaryimage"},"image":{"@id":"https:\/\/blogdoprosperi.com\/?p=37286#primaryimage"},"thumbnailUrl":"https:\/\/i0.wp.com\/blogdoprosperi.com\/wp-content\/uploads\/2017\/11\/renato1.jpg?fit=1920%2C1080&ssl=1","datePublished":"2017-11-23T20:29:03+00:00","dateModified":"2017-11-23T20:31:51+00:00","inLanguage":"pt-BR","potentialAction":[{"@type":"ReadAction","target":["https:\/\/blogdoprosperi.com\/?p=37286"]}]},{"@type":"ImageObject","inLanguage":"pt-BR","@id":"https:\/\/blogdoprosperi.com\/?p=37286#primaryimage","url":"https:\/\/i0.wp.com\/blogdoprosperi.com\/wp-content\/uploads\/2017\/11\/renato1.jpg?fit=1920%2C1080&ssl=1","contentUrl":"https:\/\/i0.wp.com\/blogdoprosperi.com\/wp-content\/uploads\/2017\/11\/renato1.jpg?fit=1920%2C1080&ssl=1","width":1920,"height":1080,"caption":"Renato Ga\u00facho cobra Conmebol por \u00e1rbitro de v\u00eddeo na final da Libertadores contra Lan\u00fas"},{"@type":"WebSite","@id":"https:\/\/blogdoprosperi.com\/#website","url":"https:\/\/blogdoprosperi.com\/","name":"PR\u00d3SPERI NEWS","description":"TUDO \u00c9  FUTEBOL","publisher":{"@id":"https:\/\/blogdoprosperi.com\/#\/schema\/person\/38100755ce3601861ee4fab9b5aa78e9"},"alternateName":"blogdoprosperi.com","potentialAction":[{"@type":"SearchAction","target":{"@type":"EntryPoint","urlTemplate":"https:\/\/blogdoprosperi.com\/?s={search_term_string}"},"query-input":{"@type":"PropertyValueSpecification","valueRequired":true,"valueName":"search_term_string"}}],"inLanguage":"pt-BR"},{"@type":["Person","Organization"],"@id":"https:\/\/blogdoprosperi.com\/#\/schema\/person\/38100755ce3601861ee4fab9b5aa78e9","name":"Luiz Ant\u00f4nio Pr\u00f3speri","pronouns":"ele","image":{"@type":"ImageObject","inLanguage":"pt-BR","@id":"https:\/\/i0.wp.com\/blogdoprosperi.com\/wp-content\/uploads\/2026\/05\/cropped-8059e613-6002-42fa-961e-8e275f575d71-2-5.jpg?fit=1360%2C931&ssl=1","url":"https:\/\/i0.wp.com\/blogdoprosperi.com\/wp-content\/uploads\/2026\/05\/cropped-8059e613-6002-42fa-961e-8e275f575d71-2-5.jpg?fit=1360%2C931&ssl=1","contentUrl":"https:\/\/i0.wp.com\/blogdoprosperi.com\/wp-content\/uploads\/2026\/05\/cropped-8059e613-6002-42fa-961e-8e275f575d71-2-5.jpg?fit=1360%2C931&ssl=1","width":1360,"height":931,"caption":"Luiz Ant\u00f4nio Pr\u00f3speri"},"logo":{"@id":"https:\/\/i0.wp.com\/blogdoprosperi.com\/wp-content\/uploads\/2026\/05\/cropped-8059e613-6002-42fa-961e-8e275f575d71-2-5.jpg?fit=1360%2C931&ssl=1"},"description":"Jornalista com carreira dedicada ao esporte. Cobriu 9 Copas do Mundo in loco, 1990 na It\u00e1lia, 1994 nos EUA, 1998 na Fran\u00e7a, 2002 na Coreia do Sul e Jap\u00e3o, 2006 na Alemanha, 2010 na \u00c1frica do Sul, 2014 no Brasil, 2018 na R\u00fassia e 2022 no Qatar. Eurocopas, 1992 na Su\u00e9cia e 1996 na Inglaterra. Copa das Confedera\u00e7\u00f5es de 2005 na Alemanha e 2009 na \u00c1frica do Sul. Rep\u00f3rter e Editor, trabalhou no Jornal da Tarde e Estad\u00e3o, de 1984 a fevereiro de 2016. Colunista, blogueiro. E comentarista de futebol na R\u00e1dio Estad\u00e3o, de 2013 a fevereiro de 2016. Jornalista respons\u00e1vel do \"Pr\u00f3speri News\" (blogdoprosperi.com).","sameAs":["http:\/\/blogdoprosperi.com","Luiz Pr\u00f3speri","@luiz_prosperi","https:\/\/x.com\/Luizprosperi","@prosperinacopa","luiz.prosperi@icloud.com"],"url":"https:\/\/blogdoprosperi.com\/?author=102107496"}]}},"jetpack_publicize_connections":[],"jetpack_likes_enabled":false,"jetpack_sharing_enabled":true,"jetpack_shortlink":"https:\/\/wp.me\/p7jvdk-9Ho","jetpack-related-posts":[{"id":37311,"url":"https:\/\/blogdoprosperi.com\/?p=37311","url_meta":{"origin":37286,"position":0},"title":"Gr\u00eamio \u00e9 tricampe\u00e3o da Libertadores e celebra o \u00eddolo Renato Ga\u00facho","author":"Luiz Ant\u00f4nio Pr\u00f3speri","date":"30 de novembro de 2017","format":false,"excerpt":"Gr\u00eamio se junta a Santos e S\u00e3o Paulo na consagra\u00e7\u00e3o de tricampe\u00e3o da Copa Libertadores. Conquistou seu terceiro t\u00edtulo ao vencer o Lan\u00fas na Argentina por 2 a 1. Celebra tamb\u00e9m Renato Ga\u00facho, campe\u00e3o como jogador (em 1983) e treinador (em 2017), o \u00fanico a conseguir esse feito no futebol\u2026","rel":"","context":"Em &quot;Copa Libertadores&quot;","block_context":{"text":"Copa Libertadores","link":"https:\/\/blogdoprosperi.com\/?cat=270704"},"img":{"alt_text":"Gr\u00eamio \u00e9 campe\u00e3o da Libertadores 2017","src":"https:\/\/i0.wp.com\/blogdoprosperi.com\/wp-content\/uploads\/2017\/11\/000_uq1an.jpg?fit=1200%2C914&ssl=1&resize=350%2C200","width":350,"height":200,"srcset":"https:\/\/i0.wp.com\/blogdoprosperi.com\/wp-content\/uploads\/2017\/11\/000_uq1an.jpg?fit=1200%2C914&ssl=1&resize=350%2C200 1x, https:\/\/i0.wp.com\/blogdoprosperi.com\/wp-content\/uploads\/2017\/11\/000_uq1an.jpg?fit=1200%2C914&ssl=1&resize=525%2C300 1.5x, https:\/\/i0.wp.com\/blogdoprosperi.com\/wp-content\/uploads\/2017\/11\/000_uq1an.jpg?fit=1200%2C914&ssl=1&resize=700%2C400 2x, https:\/\/i0.wp.com\/blogdoprosperi.com\/wp-content\/uploads\/2017\/11\/000_uq1an.jpg?fit=1200%2C914&ssl=1&resize=1050%2C600 3x"},"classes":[]},{"id":3260,"url":"https:\/\/blogdoprosperi.com\/?p=3260","url_meta":{"origin":37286,"position":1},"title":"Argentinos n\u00e3o t\u00eam medo de puni\u00e7\u00e3o na Libertadores","author":"Luiz Ant\u00f4nio Pr\u00f3speri","date":"4 de maio de 2016","format":false,"excerpt":"Clubes argentinos podem quase tudo na Copa Libertadores. Quando vencem seus jogos s\u00e3o exaltados como deuses do continente. Quando perdem, \u00e9 confus\u00e3o na certa. Veja o que aconteceu ap\u00f3s a derrota por 4 a 2 do Hurac\u00e1n diante do Atl\u00e9tico Nacional, da Col\u00f4mbia, nesta ter\u00e7a-feira, em Medell\u00edn, valendo vaga nas\u2026","rel":"","context":"Em &quot;futebol&quot;","block_context":{"text":"futebol","link":"https:\/\/blogdoprosperi.com\/?cat=53870"},"img":{"alt_text":"","src":"https:\/\/i0.wp.com\/blogdoprosperi.com\/wp-content\/uploads\/2016\/05\/bbedd5a5196cc4725e1e30b0b2e44781.jpg?resize=350%2C200&ssl=1","width":350,"height":200,"srcset":"https:\/\/i0.wp.com\/blogdoprosperi.com\/wp-content\/uploads\/2016\/05\/bbedd5a5196cc4725e1e30b0b2e44781.jpg?resize=350%2C200&ssl=1 1x, https:\/\/i0.wp.com\/blogdoprosperi.com\/wp-content\/uploads\/2016\/05\/bbedd5a5196cc4725e1e30b0b2e44781.jpg?resize=525%2C300&ssl=1 1.5x, https:\/\/i0.wp.com\/blogdoprosperi.com\/wp-content\/uploads\/2016\/05\/bbedd5a5196cc4725e1e30b0b2e44781.jpg?resize=700%2C400&ssl=1 2x"},"classes":[]},{"id":32547,"url":"https:\/\/blogdoprosperi.com\/?p=32547","url_meta":{"origin":37286,"position":2},"title":"STJD, humilhado, concede efeito suspensivo ao Gr\u00eamio na puni\u00e7\u00e3o por causa de Carol, a invasora","author":"Luiz Ant\u00f4nio Pr\u00f3speri","date":"17 de novembro de 2016","format":false,"excerpt":"STJD pune Gr\u00eamio por invas\u00e3o de campo de Carol, a filha de Renato Ga\u00facho. Seria c\u00f4mico n\u00e3o fosse o tamanho do absurdo","rel":"","context":"Em &quot;futebol&quot;","block_context":{"text":"futebol","link":"https:\/\/blogdoprosperi.com\/?cat=53870"},"img":{"alt_text":"","src":"https:\/\/i0.wp.com\/blogdoprosperi.com\/wp-content\/uploads\/2016\/11\/carol.jpg?resize=350%2C200","width":350,"height":200,"srcset":"https:\/\/i0.wp.com\/blogdoprosperi.com\/wp-content\/uploads\/2016\/11\/carol.jpg?resize=350%2C200 1x, https:\/\/i0.wp.com\/blogdoprosperi.com\/wp-content\/uploads\/2016\/11\/carol.jpg?resize=525%2C300 1.5x"},"classes":[]},{"id":35897,"url":"https:\/\/blogdoprosperi.com\/?p=35897","url_meta":{"origin":37286,"position":3},"title":"Brasileir\u00e3o 2017 \/ an\u00e1lise da rodada: Fluminense e Gr\u00eamio al\u00e7am voo","author":"Luiz Ant\u00f4nio Pr\u00f3speri","date":"21 de maio de 2017","format":false,"excerpt":"Segunda rodada do Brasileir\u00e3o 2017 aponta o restabelecimento de algumas hierarquias. Corinthians, por exemplo, volta a se impor com aquele estilo de vit\u00f3rias econ\u00f4micas e muita seguran\u00e7a. Gr\u00eamio contundente, como aprecia Renato Ga\u00facho. Santos, mesmo nos bra\u00e7os do goleiro Vanderlei, forte na Vila Belmiro. Fluminense sem medo de ser feliz.\u2026","rel":"","context":"Em &quot;Campeonato Brasileiro&quot;","block_context":{"text":"Campeonato Brasileiro","link":"https:\/\/blogdoprosperi.com\/?cat=355071"},"img":{"alt_text":"","src":"https:\/\/i0.wp.com\/blogdoprosperi.com\/wp-content\/uploads\/2017\/05\/atleticoxflumi05.jpg?fit=1200%2C704&ssl=1&resize=350%2C200","width":350,"height":200,"srcset":"https:\/\/i0.wp.com\/blogdoprosperi.com\/wp-content\/uploads\/2017\/05\/atleticoxflumi05.jpg?fit=1200%2C704&ssl=1&resize=350%2C200 1x, https:\/\/i0.wp.com\/blogdoprosperi.com\/wp-content\/uploads\/2017\/05\/atleticoxflumi05.jpg?fit=1200%2C704&ssl=1&resize=525%2C300 1.5x, https:\/\/i0.wp.com\/blogdoprosperi.com\/wp-content\/uploads\/2017\/05\/atleticoxflumi05.jpg?fit=1200%2C704&ssl=1&resize=700%2C400 2x, https:\/\/i0.wp.com\/blogdoprosperi.com\/wp-content\/uploads\/2017\/05\/atleticoxflumi05.jpg?fit=1200%2C704&ssl=1&resize=1050%2C600 3x"},"classes":[]},{"id":6550,"url":"https:\/\/blogdoprosperi.com\/?p=6550","url_meta":{"origin":37286,"position":4},"title":"Atacante do Atl\u00e9tico Nacional acusa goleiro argentino de racismo","author":"Luiz Ant\u00f4nio Pr\u00f3speri","date":"20 de maio de 2016","format":false,"excerpt":"\u00a0 A Conmebol ainda n\u00e3o se manifestou sobre os incidentes na vit\u00f3ria por 3 a 1 do Atl\u00e9tico Nacional contra o Ros\u00e1rio Central, em Medell\u00edn, ap\u00f3s mais de 15 horas do jogo, valendo vaga na semifinal da Copa Libertadores. O caso mais grave \u00e9 acusa\u00e7\u00e3o do atacante Berr\u00edo, de 21\u2026","rel":"","context":"Em &quot;futebol&quot;","block_context":{"text":"futebol","link":"https:\/\/blogdoprosperi.com\/?cat=53870"},"img":{"alt_text":"","src":"https:\/\/i0.wp.com\/blogdoprosperi.com\/wp-content\/uploads\/2016\/05\/orlando-berrio-y-alejandro-guerra-atletico-nacional-liga.jpg?resize=350%2C200&ssl=1","width":350,"height":200,"srcset":"https:\/\/i0.wp.com\/blogdoprosperi.com\/wp-content\/uploads\/2016\/05\/orlando-berrio-y-alejandro-guerra-atletico-nacional-liga.jpg?resize=350%2C200&ssl=1 1x, https:\/\/i0.wp.com\/blogdoprosperi.com\/wp-content\/uploads\/2016\/05\/orlando-berrio-y-alejandro-guerra-atletico-nacional-liga.jpg?resize=525%2C300&ssl=1 1.5x, https:\/\/i0.wp.com\/blogdoprosperi.com\/wp-content\/uploads\/2016\/05\/orlando-berrio-y-alejandro-guerra-atletico-nacional-liga.jpg?resize=700%2C400&ssl=1 2x"},"classes":[]},{"id":28992,"url":"https:\/\/blogdoprosperi.com\/?p=28992","url_meta":{"origin":37286,"position":5},"title":"Brasileir\u00e3o 2016 da &#8216;m\u00e3o grande&#8217; e vergonha","author":"Luiz Ant\u00f4nio Pr\u00f3speri","date":"17 de outubro de 2016","format":false,"excerpt":"An\u00e1lise da 32.\u00aa rodada em cinco temas n\u00e3o pode fugir da pol\u00eamica da arbitragem. Cr\u00edticas de todos os lados e o que mais se ouviu neste domingo foi \"juiz ladr\u00e3o\" Palmeiras teve a rodada perfeita. Venceu o Figueirense e viu seus concorrentes ca\u00edrem um a um com as derrotas do\u2026","rel":"","context":"Em &quot;Campeonato Brasileiro&quot;","block_context":{"text":"Campeonato Brasileiro","link":"https:\/\/blogdoprosperi.com\/?cat=355071"},"img":{"alt_text":"","src":"https:\/\/i0.wp.com\/blogdoprosperi.com\/wp-content\/uploads\/2016\/10\/g_p17r7het2i100g1iv717mo1o9qnfl4.jpg?resize=350%2C200","width":350,"height":200,"srcset":"https:\/\/i0.wp.com\/blogdoprosperi.com\/wp-content\/uploads\/2016\/10\/g_p17r7het2i100g1iv717mo1o9qnfl4.jpg?resize=350%2C200 1x, https:\/\/i0.wp.com\/blogdoprosperi.com\/wp-content\/uploads\/2016\/10\/g_p17r7het2i100g1iv717mo1o9qnfl4.jpg?resize=525%2C300 1.5x, https:\/\/i0.wp.com\/blogdoprosperi.com\/wp-content\/uploads\/2016\/10\/g_p17r7het2i100g1iv717mo1o9qnfl4.jpg?resize=700%2C400 2x, https:\/\/i0.wp.com\/blogdoprosperi.com\/wp-content\/uploads\/2016\/10\/g_p17r7het2i100g1iv717mo1o9qnfl4.jpg?resize=1050%2C600 3x, https:\/\/i0.wp.com\/blogdoprosperi.com\/wp-content\/uploads\/2016\/10\/g_p17r7het2i100g1iv717mo1o9qnfl4.jpg?resize=1400%2C800 4x"},"classes":[]}],"jetpack_featured_media_url":"https:\/\/i0.wp.com\/blogdoprosperi.com\/wp-content\/uploads\/2017\/11\/renato1.jpg?fit=1920%2C1080&ssl=1","_links":{"self":[{"href":"https:\/\/blogdoprosperi.com\/index.php?rest_route=\/wp\/v2\/posts\/37286","targetHints":{"allow":["GET"]}}],"collection":[{"href":"https:\/\/blogdoprosperi.com\/index.php?rest_route=\/wp\/v2\/posts"}],"about":[{"href":"https:\/\/blogdoprosperi.com\/index.php?rest_route=\/wp\/v2\/types\/post"}],"author":[{"embeddable":true,"href":"https:\/\/blogdoprosperi.com\/index.php?rest_route=\/wp\/v2\/users\/102107496"}],"replies":[{"embeddable":true,"href":"https:\/\/blogdoprosperi.com\/index.php?rest_route=%2Fwp%2Fv2%2Fcomments&post=37286"}],"version-history":[{"count":6,"href":"https:\/\/blogdoprosperi.com\/index.php?rest_route=\/wp\/v2\/posts\/37286\/revisions"}],"predecessor-version":[{"id":37293,"href":"https:\/\/blogdoprosperi.com\/index.php?rest_route=\/wp\/v2\/posts\/37286\/revisions\/37293"}],"wp:featuredmedia":[{"embeddable":true,"href":"https:\/\/blogdoprosperi.com\/index.php?rest_route=\/wp\/v2\/media\/37288"}],"wp:attachment":[{"href":"https:\/\/blogdoprosperi.com\/index.php?rest_route=%2Fwp%2Fv2%2Fmedia&parent=37286"}],"wp:term":[{"taxonomy":"category","embeddable":true,"href":"https:\/\/blogdoprosperi.com\/index.php?rest_route=%2Fwp%2Fv2%2Fcategories&post=37286"},{"taxonomy":"post_tag","embeddable":true,"href":"https:\/\/blogdoprosperi.com\/index.php?rest_route=%2Fwp%2Fv2%2Ftags&post=37286"}],"curies":[{"name":"wp","href":"https:\/\/api.w.org\/{rel}","templated":true}]}}