{"id":37329,"date":"2017-12-15T00:42:08","date_gmt":"2017-12-15T02:42:08","guid":{"rendered":"http:\/\/blogdoprosperi.com\/?p=37329"},"modified":"2017-12-15T00:46:41","modified_gmt":"2017-12-15T02:46:41","slug":"coluna-do-biquera-vida-e-obra-de-chico-canhao","status":"publish","type":"post","link":"https:\/\/blogdoprosperi.com\/?p=37329","title":{"rendered":"Coluna do Biquera: vida e obra de Chico Canh\u00e3o"},"content":{"rendered":"<p>quem? jogou aonde? chupou laranja azeda nos vestu\u00e1rios? vesti\u00e1rios? sabe nada. nunca viu um gol batido de tr\u00eas dedos? sabe que \u00e9 bater de tr\u00eas dedos? sabe nada. pel\u00e9? o neg\u00e3o? bati de frente com ELE. dif\u00edcil segurar. s\u00f3 da medalhinha pracima. assim mesmo se acertasse. ligeiro. falava assim pra quem pensava em parar nos pontap\u00e9s: &#8216;calma, garoto&#8217;, uma bordoada e outra.. &#8216;calma garoto&#8217;. a\u00ed ELE vinha. uma pantera bem negra, escura quase azul, dentes afiados, olhos esbugalhados, bola colada nos p\u00e9s. se voc\u00ea batesse, ELE batia dobrado, trai\u00e7oeiro. machucava sem d\u00f3. pel\u00e9. quem ia parar? quem ia acabar com aquele inferno? melhor deixar passar como majestade. tapete vermelho estendido. o gol \u00e9 seu, meu rei.<\/p>\n<p>eu n\u00e3o tinha nada com isso. era bom pra chutar pro gol. batia na bola como um tiro, acho que de fuzil. ela sa\u00eda zunindo. dos p\u00e9s, chuteiras 40. fuzil? canh\u00e3o, melhor dizendo. quem segurava aquele chute? um dia, me alembro agora, divertia num jogo de fazenda. f\u00e9rias \u00e9 pra isso. futebol profissional n\u00e3o era hora de falar. sei da minha fama. um bando de puxa-saco a tirar fotografia, a crian\u00e7ada puxando a camisa, Chico, Chico&#8230; gente ilustre a me puxar pra l\u00e1 e pra c\u00e1. eu queria me divertir com a maldita nos p\u00e9s e a outra maldita na garganta, ardendo como travas de alum\u00ednio rasgando canela.<\/p>\n<p>era Chico Canh\u00e3o, um doce de pessoa, um le\u00e3o faminto na grama. perfilei por campos e campos. carlos alberto torres, o capit\u00e3o. cansei de entortar. se bem que meu forte n\u00e3o era deitar lateral, bec\u00e3o, meu forte era bater duro progol. Chico Canh\u00e3o, meu nome.<\/p>\n<p>ent\u00e3o nesse dia, jogo de fazenda, f\u00e9rias, cheio de gaiatos, metidos a profissionais, molecada esparramada \u00e0 beira-campo, me chega um senhor, bigodinho fino, canelinhas mais finas que palito de dente. cortez. disse que um dia chamaram pra apitar um jogo de fazenda. peleja come solta, bicos afiados, e n\u00e3o \u00e9 que me passa uma leitoinha correndo no gramado ralo e vem o Chiquinho Espingarda, um menino na \u00e9poca, voc\u00ea mesmo, Chic\u00e3o, mete aquele chuta\u00e7o na leitoinha e&#8230;. gol.<\/p>\n<p>o que fazer? a bola entrou. quer dizer a leitoinha estufou as redes. n\u00e3o tive d\u00favidas, autoridade m\u00e1xima, apito na boca, decretei: leitoa no centro do campo. gol leg\u00edtimo.<\/p>\n<p>f\u00e9rias tem disso. no profissional, n\u00e3o. nem pensar. tudo \u00e9 controlado. nada de tias. nada de marias. nada de nada. oc\u00ea n\u00e3o \u00e9 dono d&#8217;oc\u00ea. te levam pra l\u00e1 e pra c\u00e1, te arrancam os dentes cariados, deixam teclado na boca zunindo de branco, te enchem de tatuagem&#8230; tatuagem, \u00e9 isso? te trocam de nome. arrumam uma mulher nova, te enfiam uns trecos nos ouvidos, te d\u00e3o esse tro\u00e7o de falar um com&#8217;outro, tal de celular, dizem pra todo mundo que \u00e9 craque. e todo mundo acredita, pior \u00e9 isso.<\/p>\n<p>eu, n\u00e3o. n\u00e3o sou dessas modernidades. joguei contra pel\u00e9, sabe quem?, pel\u00e9, o neg\u00e3o. ELE. chupei d\u00fazias de laranjas azedas nos vestu\u00e1rios. vesti\u00e1rios? \u00a0sou Chico Canh\u00e3o ningu\u00e9m segurava meu chute. chute? coice de mula, isso sim. ningu\u00e9m se alembra. naquela \u00e9poca n\u00e3o tinha televis\u00e3o.<\/p>\n<p>seu quim p\u00f5e mais um trago&#8230; o \u00faltimo&#8230; sou Chico Canh\u00e3o&#8230;sabe nada, bando de vagabundo.<\/p>\n<p><i>* Biquera \u00e9 um ex-jogador ou um colunista ou um daqueles apaixonados por futebol, de vez em\u00a0quando vai aparecer nesse blog do pr\u00f3speri<\/i><\/p>\n","protected":false},"excerpt":{"rendered":"<p>quem? jogou aonde? chupou laranja azeda nos vestu\u00e1rios? vesti\u00e1rios? sabe nada. nunca viu um gol batido de tr\u00eas [&hellip;]<\/p>\n","protected":false},"author":102107496,"featured_media":30031,"comment_status":"open","ping_status":"open","sticky":false,"template":"","format":"standard","meta":{"_coblocks_attr":"","_coblocks_dimensions":"","_coblocks_responsive_height":"","_coblocks_accordion_ie_support":"","_jetpack_newsletter_access":"","_jetpack_dont_email_post_to_subs":false,"_jetpack_newsletter_tier_id":0,"_jetpack_memberships_contains_paywalled_content":false,"_wpcom_ai_launchpad_first_post":false,"_jetpack_feature_clip_id":0,"_jetpack_memberships_contains_paid_content":false,"footnotes":"","jetpack_publicize_message":"","jetpack_publicize_feature_enabled":true,"jetpack_social_post_already_shared":false,"jetpack_social_options":{"image_generator_settings":{"template":"highway","default_image_id":0,"font":"","enabled":false},"version":2},"jetpack_post_was_ever_published":false},"categories":[53870],"tags":[292117542,7340711,599736929,789560560,789560564],"class_list":["post-37329","post","type-post","status-publish","format-standard","has-post-thumbnail","hentry","category-futebol","tag-biquera","tag-carlos-alberto-torres","tag-chico-canhao","tag-futebol","tag-pele"],"yoast_head":"<!-- This site is optimized with the Yoast SEO plugin v28.3 - https:\/\/yoast.com\/product\/yoast-seo-wordpress\/ -->\n<title>Coluna do Biquera: vida e obra de Chico Canh\u00e3o - PR\u00d3SPERI NEWS<\/title>\n<meta name=\"robots\" content=\"index, follow, max-snippet:-1, max-image-preview:large, max-video-preview:-1\" \/>\n<link rel=\"canonical\" href=\"https:\/\/blogdoprosperi.com\/?p=37329\" \/>\n<meta property=\"og:locale\" content=\"pt_BR\" \/>\n<meta property=\"og:type\" content=\"article\" \/>\n<meta property=\"og:title\" content=\"Coluna do Biquera: vida e obra de Chico Canh\u00e3o - PR\u00d3SPERI NEWS\" \/>\n<meta property=\"og:description\" content=\"quem? jogou aonde? chupou laranja azeda nos vestu\u00e1rios? vesti\u00e1rios? sabe nada. nunca viu um gol batido de tr\u00eas [&hellip;]\" \/>\n<meta property=\"og:url\" content=\"https:\/\/blogdoprosperi.com\/?p=37329\" \/>\n<meta property=\"og:site_name\" content=\"PR\u00d3SPERI NEWS\" \/>\n<meta property=\"article:publisher\" content=\"Luiz Pr\u00f3speri\" \/>\n<meta property=\"article:author\" content=\"Luiz Pr\u00f3speri\" \/>\n<meta property=\"article:published_time\" content=\"2017-12-15T02:42:08+00:00\" \/>\n<meta property=\"article:modified_time\" content=\"2017-12-15T02:46:41+00:00\" \/>\n<meta property=\"og:image\" content=\"https:\/\/i0.wp.com\/blogdoprosperi.com\/wp-content\/uploads\/2016\/06\/cropped-cropped-cropped-cropped-12461085455_596fbe535c_z11.jpg?fit=1000%2C288&ssl=1\" \/>\n\t<meta property=\"og:image:width\" content=\"1000\" \/>\n\t<meta property=\"og:image:height\" content=\"288\" \/>\n\t<meta property=\"og:image:type\" content=\"image\/jpeg\" \/>\n<meta name=\"author\" content=\"Luiz Ant\u00f4nio Pr\u00f3speri\" \/>\n<meta name=\"twitter:card\" content=\"summary_large_image\" \/>\n<meta name=\"twitter:creator\" content=\"@Luizprosperi\" \/>\n<meta name=\"twitter:site\" content=\"@Luizprosperi\" \/>\n<meta name=\"twitter:label1\" content=\"Escrito por\" \/>\n\t<meta name=\"twitter:data1\" content=\"Luiz Ant\u00f4nio Pr\u00f3speri\" \/>\n\t<meta name=\"twitter:label2\" content=\"Est. tempo de leitura\" \/>\n\t<meta name=\"twitter:data2\" content=\"3 minutos\" \/>\n<script type=\"application\/ld+json\" class=\"yoast-schema-graph\">{\"@context\":\"https:\\\/\\\/schema.org\",\"@graph\":[{\"@type\":\"Article\",\"@id\":\"https:\\\/\\\/blogdoprosperi.com\\\/?p=37329#article\",\"isPartOf\":{\"@id\":\"https:\\\/\\\/blogdoprosperi.com\\\/?p=37329\"},\"author\":{\"name\":\"Luiz Ant\u00f4nio Pr\u00f3speri\",\"@id\":\"https:\\\/\\\/blogdoprosperi.com\\\/#\\\/schema\\\/person\\\/38100755ce3601861ee4fab9b5aa78e9\"},\"headline\":\"Coluna do Biquera: vida e obra de Chico Canh\u00e3o\",\"datePublished\":\"2017-12-15T02:42:08+00:00\",\"dateModified\":\"2017-12-15T02:46:41+00:00\",\"mainEntityOfPage\":{\"@id\":\"https:\\\/\\\/blogdoprosperi.com\\\/?p=37329\"},\"wordCount\":601,\"commentCount\":0,\"publisher\":{\"@id\":\"https:\\\/\\\/blogdoprosperi.com\\\/#\\\/schema\\\/person\\\/38100755ce3601861ee4fab9b5aa78e9\"},\"image\":{\"@id\":\"https:\\\/\\\/blogdoprosperi.com\\\/?p=37329#primaryimage\"},\"thumbnailUrl\":\"https:\\\/\\\/i0.wp.com\\\/blogdoprosperi.com\\\/wp-content\\\/uploads\\\/2016\\\/06\\\/cropped-cropped-cropped-cropped-12461085455_596fbe535c_z11.jpg?fit=1000%2C288&ssl=1\",\"keywords\":[\"biquera\",\"Carlos Alberto torres\",\"chico canh\u00e3o\",\"futebol\",\"Pel\u00e9\"],\"articleSection\":[\"futebol\"],\"inLanguage\":\"pt-BR\",\"potentialAction\":[{\"@type\":\"CommentAction\",\"name\":\"Comment\",\"target\":[\"https:\\\/\\\/blogdoprosperi.com\\\/?p=37329#respond\"]}]},{\"@type\":\"WebPage\",\"@id\":\"https:\\\/\\\/blogdoprosperi.com\\\/?p=37329\",\"url\":\"https:\\\/\\\/blogdoprosperi.com\\\/?p=37329\",\"name\":\"Coluna do Biquera: vida e obra de Chico Canh\u00e3o - PR\u00d3SPERI NEWS\",\"isPartOf\":{\"@id\":\"https:\\\/\\\/blogdoprosperi.com\\\/#website\"},\"primaryImageOfPage\":{\"@id\":\"https:\\\/\\\/blogdoprosperi.com\\\/?p=37329#primaryimage\"},\"image\":{\"@id\":\"https:\\\/\\\/blogdoprosperi.com\\\/?p=37329#primaryimage\"},\"thumbnailUrl\":\"https:\\\/\\\/i0.wp.com\\\/blogdoprosperi.com\\\/wp-content\\\/uploads\\\/2016\\\/06\\\/cropped-cropped-cropped-cropped-12461085455_596fbe535c_z11.jpg?fit=1000%2C288&ssl=1\",\"datePublished\":\"2017-12-15T02:42:08+00:00\",\"dateModified\":\"2017-12-15T02:46:41+00:00\",\"breadcrumb\":{\"@id\":\"https:\\\/\\\/blogdoprosperi.com\\\/?p=37329#breadcrumb\"},\"inLanguage\":\"pt-BR\",\"potentialAction\":[{\"@type\":\"ReadAction\",\"target\":[\"https:\\\/\\\/blogdoprosperi.com\\\/?p=37329\"]}]},{\"@type\":\"ImageObject\",\"inLanguage\":\"pt-BR\",\"@id\":\"https:\\\/\\\/blogdoprosperi.com\\\/?p=37329#primaryimage\",\"url\":\"https:\\\/\\\/i0.wp.com\\\/blogdoprosperi.com\\\/wp-content\\\/uploads\\\/2016\\\/06\\\/cropped-cropped-cropped-cropped-12461085455_596fbe535c_z11.jpg?fit=1000%2C288&ssl=1\",\"contentUrl\":\"https:\\\/\\\/i0.wp.com\\\/blogdoprosperi.com\\\/wp-content\\\/uploads\\\/2016\\\/06\\\/cropped-cropped-cropped-cropped-12461085455_596fbe535c_z11.jpg?fit=1000%2C288&ssl=1\",\"width\":1000,\"height\":288},{\"@type\":\"BreadcrumbList\",\"@id\":\"https:\\\/\\\/blogdoprosperi.com\\\/?p=37329#breadcrumb\",\"itemListElement\":[{\"@type\":\"ListItem\",\"position\":1,\"name\":\"In\u00edcio\",\"item\":\"https:\\\/\\\/blogdoprosperi.com\\\/\"},{\"@type\":\"ListItem\",\"position\":2,\"name\":\"Coluna do Biquera: vida e obra de Chico Canh\u00e3o\"}]},{\"@type\":\"WebSite\",\"@id\":\"https:\\\/\\\/blogdoprosperi.com\\\/#website\",\"url\":\"https:\\\/\\\/blogdoprosperi.com\\\/\",\"name\":\"PR\u00d3SPERI NEWS\",\"description\":\"TUDO \u00c9  FUTEBOL\",\"publisher\":{\"@id\":\"https:\\\/\\\/blogdoprosperi.com\\\/#\\\/schema\\\/person\\\/38100755ce3601861ee4fab9b5aa78e9\"},\"alternateName\":\"blogdoprosperi.com\",\"potentialAction\":[{\"@type\":\"SearchAction\",\"target\":{\"@type\":\"EntryPoint\",\"urlTemplate\":\"https:\\\/\\\/blogdoprosperi.com\\\/?s={search_term_string}\"},\"query-input\":{\"@type\":\"PropertyValueSpecification\",\"valueRequired\":true,\"valueName\":\"search_term_string\"}}],\"inLanguage\":\"pt-BR\"},{\"@type\":[\"Person\",\"Organization\"],\"@id\":\"https:\\\/\\\/blogdoprosperi.com\\\/#\\\/schema\\\/person\\\/38100755ce3601861ee4fab9b5aa78e9\",\"name\":\"Luiz Ant\u00f4nio Pr\u00f3speri\",\"pronouns\":\"ele\",\"image\":{\"@type\":\"ImageObject\",\"inLanguage\":\"pt-BR\",\"@id\":\"https:\\\/\\\/i0.wp.com\\\/blogdoprosperi.com\\\/wp-content\\\/uploads\\\/2026\\\/05\\\/cropped-8059e613-6002-42fa-961e-8e275f575d71-2-5.jpg?fit=1360%2C931&ssl=1\",\"url\":\"https:\\\/\\\/i0.wp.com\\\/blogdoprosperi.com\\\/wp-content\\\/uploads\\\/2026\\\/05\\\/cropped-8059e613-6002-42fa-961e-8e275f575d71-2-5.jpg?fit=1360%2C931&ssl=1\",\"contentUrl\":\"https:\\\/\\\/i0.wp.com\\\/blogdoprosperi.com\\\/wp-content\\\/uploads\\\/2026\\\/05\\\/cropped-8059e613-6002-42fa-961e-8e275f575d71-2-5.jpg?fit=1360%2C931&ssl=1\",\"width\":1360,\"height\":931,\"caption\":\"Luiz Ant\u00f4nio Pr\u00f3speri\"},\"logo\":{\"@id\":\"https:\\\/\\\/i0.wp.com\\\/blogdoprosperi.com\\\/wp-content\\\/uploads\\\/2026\\\/05\\\/cropped-8059e613-6002-42fa-961e-8e275f575d71-2-5.jpg?fit=1360%2C931&ssl=1\"},\"description\":\"Jornalista com carreira dedicada ao esporte. Cobriu 9 Copas do Mundo in loco, 1990 na It\u00e1lia, 1994 nos EUA, 1998 na Fran\u00e7a, 2002 na Coreia do Sul e Jap\u00e3o, 2006 na Alemanha, 2010 na \u00c1frica do Sul, 2014 no Brasil, 2018 na R\u00fassia e 2022 no Qatar. Eurocopas, 1992 na Su\u00e9cia e 1996 na Inglaterra. Copa das Confedera\u00e7\u00f5es de 2005 na Alemanha e 2009 na \u00c1frica do Sul. Rep\u00f3rter e Editor, trabalhou no Jornal da Tarde e Estad\u00e3o, de 1984 a fevereiro de 2016. Colunista, blogueiro. E comentarista de futebol na R\u00e1dio Estad\u00e3o, de 2013 a fevereiro de 2016. Jornalista respons\u00e1vel do \\\"Pr\u00f3speri News\\\" (blogdoprosperi.com).\",\"sameAs\":[\"http:\\\/\\\/blogdoprosperi.com\",\"Luiz Pr\u00f3speri\",\"@luiz_prosperi\",\"https:\\\/\\\/x.com\\\/Luizprosperi\",\"@prosperinacopa\",\"luiz.prosperi@icloud.com\"],\"url\":\"https:\\\/\\\/blogdoprosperi.com\\\/?author=102107496\"}]}<\/script>\n<!-- \/ Yoast SEO plugin. -->","yoast_head_json":{"title":"Coluna do Biquera: vida e obra de Chico Canh\u00e3o - PR\u00d3SPERI NEWS","robots":{"index":"index","follow":"follow","max-snippet":"max-snippet:-1","max-image-preview":"max-image-preview:large","max-video-preview":"max-video-preview:-1"},"canonical":"https:\/\/blogdoprosperi.com\/?p=37329","og_locale":"pt_BR","og_type":"article","og_title":"Coluna do Biquera: vida e obra de Chico Canh\u00e3o - PR\u00d3SPERI NEWS","og_description":"quem? jogou aonde? chupou laranja azeda nos vestu\u00e1rios? vesti\u00e1rios? sabe nada. nunca viu um gol batido de tr\u00eas [&hellip;]","og_url":"https:\/\/blogdoprosperi.com\/?p=37329","og_site_name":"PR\u00d3SPERI NEWS","article_publisher":"Luiz Pr\u00f3speri","article_author":"Luiz Pr\u00f3speri","article_published_time":"2017-12-15T02:42:08+00:00","article_modified_time":"2017-12-15T02:46:41+00:00","og_image":[{"width":1000,"height":288,"url":"https:\/\/i0.wp.com\/blogdoprosperi.com\/wp-content\/uploads\/2016\/06\/cropped-cropped-cropped-cropped-12461085455_596fbe535c_z11.jpg?fit=1000%2C288&ssl=1","type":"image\/jpeg"}],"author":"Luiz Ant\u00f4nio Pr\u00f3speri","twitter_card":"summary_large_image","twitter_creator":"@Luizprosperi","twitter_site":"@Luizprosperi","twitter_misc":{"Escrito por":"Luiz Ant\u00f4nio Pr\u00f3speri","Est. tempo de leitura":"3 minutos"},"schema":{"@context":"https:\/\/schema.org","@graph":[{"@type":"Article","@id":"https:\/\/blogdoprosperi.com\/?p=37329#article","isPartOf":{"@id":"https:\/\/blogdoprosperi.com\/?p=37329"},"author":{"name":"Luiz Ant\u00f4nio Pr\u00f3speri","@id":"https:\/\/blogdoprosperi.com\/#\/schema\/person\/38100755ce3601861ee4fab9b5aa78e9"},"headline":"Coluna do Biquera: vida e obra de Chico Canh\u00e3o","datePublished":"2017-12-15T02:42:08+00:00","dateModified":"2017-12-15T02:46:41+00:00","mainEntityOfPage":{"@id":"https:\/\/blogdoprosperi.com\/?p=37329"},"wordCount":601,"commentCount":0,"publisher":{"@id":"https:\/\/blogdoprosperi.com\/#\/schema\/person\/38100755ce3601861ee4fab9b5aa78e9"},"image":{"@id":"https:\/\/blogdoprosperi.com\/?p=37329#primaryimage"},"thumbnailUrl":"https:\/\/i0.wp.com\/blogdoprosperi.com\/wp-content\/uploads\/2016\/06\/cropped-cropped-cropped-cropped-12461085455_596fbe535c_z11.jpg?fit=1000%2C288&ssl=1","keywords":["biquera","Carlos Alberto torres","chico canh\u00e3o","futebol","Pel\u00e9"],"articleSection":["futebol"],"inLanguage":"pt-BR","potentialAction":[{"@type":"CommentAction","name":"Comment","target":["https:\/\/blogdoprosperi.com\/?p=37329#respond"]}]},{"@type":"WebPage","@id":"https:\/\/blogdoprosperi.com\/?p=37329","url":"https:\/\/blogdoprosperi.com\/?p=37329","name":"Coluna do Biquera: vida e obra de Chico Canh\u00e3o - PR\u00d3SPERI NEWS","isPartOf":{"@id":"https:\/\/blogdoprosperi.com\/#website"},"primaryImageOfPage":{"@id":"https:\/\/blogdoprosperi.com\/?p=37329#primaryimage"},"image":{"@id":"https:\/\/blogdoprosperi.com\/?p=37329#primaryimage"},"thumbnailUrl":"https:\/\/i0.wp.com\/blogdoprosperi.com\/wp-content\/uploads\/2016\/06\/cropped-cropped-cropped-cropped-12461085455_596fbe535c_z11.jpg?fit=1000%2C288&ssl=1","datePublished":"2017-12-15T02:42:08+00:00","dateModified":"2017-12-15T02:46:41+00:00","breadcrumb":{"@id":"https:\/\/blogdoprosperi.com\/?p=37329#breadcrumb"},"inLanguage":"pt-BR","potentialAction":[{"@type":"ReadAction","target":["https:\/\/blogdoprosperi.com\/?p=37329"]}]},{"@type":"ImageObject","inLanguage":"pt-BR","@id":"https:\/\/blogdoprosperi.com\/?p=37329#primaryimage","url":"https:\/\/i0.wp.com\/blogdoprosperi.com\/wp-content\/uploads\/2016\/06\/cropped-cropped-cropped-cropped-12461085455_596fbe535c_z11.jpg?fit=1000%2C288&ssl=1","contentUrl":"https:\/\/i0.wp.com\/blogdoprosperi.com\/wp-content\/uploads\/2016\/06\/cropped-cropped-cropped-cropped-12461085455_596fbe535c_z11.jpg?fit=1000%2C288&ssl=1","width":1000,"height":288},{"@type":"BreadcrumbList","@id":"https:\/\/blogdoprosperi.com\/?p=37329#breadcrumb","itemListElement":[{"@type":"ListItem","position":1,"name":"In\u00edcio","item":"https:\/\/blogdoprosperi.com\/"},{"@type":"ListItem","position":2,"name":"Coluna do Biquera: vida e obra de Chico Canh\u00e3o"}]},{"@type":"WebSite","@id":"https:\/\/blogdoprosperi.com\/#website","url":"https:\/\/blogdoprosperi.com\/","name":"PR\u00d3SPERI NEWS","description":"TUDO \u00c9  FUTEBOL","publisher":{"@id":"https:\/\/blogdoprosperi.com\/#\/schema\/person\/38100755ce3601861ee4fab9b5aa78e9"},"alternateName":"blogdoprosperi.com","potentialAction":[{"@type":"SearchAction","target":{"@type":"EntryPoint","urlTemplate":"https:\/\/blogdoprosperi.com\/?s={search_term_string}"},"query-input":{"@type":"PropertyValueSpecification","valueRequired":true,"valueName":"search_term_string"}}],"inLanguage":"pt-BR"},{"@type":["Person","Organization"],"@id":"https:\/\/blogdoprosperi.com\/#\/schema\/person\/38100755ce3601861ee4fab9b5aa78e9","name":"Luiz Ant\u00f4nio Pr\u00f3speri","pronouns":"ele","image":{"@type":"ImageObject","inLanguage":"pt-BR","@id":"https:\/\/i0.wp.com\/blogdoprosperi.com\/wp-content\/uploads\/2026\/05\/cropped-8059e613-6002-42fa-961e-8e275f575d71-2-5.jpg?fit=1360%2C931&ssl=1","url":"https:\/\/i0.wp.com\/blogdoprosperi.com\/wp-content\/uploads\/2026\/05\/cropped-8059e613-6002-42fa-961e-8e275f575d71-2-5.jpg?fit=1360%2C931&ssl=1","contentUrl":"https:\/\/i0.wp.com\/blogdoprosperi.com\/wp-content\/uploads\/2026\/05\/cropped-8059e613-6002-42fa-961e-8e275f575d71-2-5.jpg?fit=1360%2C931&ssl=1","width":1360,"height":931,"caption":"Luiz Ant\u00f4nio Pr\u00f3speri"},"logo":{"@id":"https:\/\/i0.wp.com\/blogdoprosperi.com\/wp-content\/uploads\/2026\/05\/cropped-8059e613-6002-42fa-961e-8e275f575d71-2-5.jpg?fit=1360%2C931&ssl=1"},"description":"Jornalista com carreira dedicada ao esporte. Cobriu 9 Copas do Mundo in loco, 1990 na It\u00e1lia, 1994 nos EUA, 1998 na Fran\u00e7a, 2002 na Coreia do Sul e Jap\u00e3o, 2006 na Alemanha, 2010 na \u00c1frica do Sul, 2014 no Brasil, 2018 na R\u00fassia e 2022 no Qatar. Eurocopas, 1992 na Su\u00e9cia e 1996 na Inglaterra. Copa das Confedera\u00e7\u00f5es de 2005 na Alemanha e 2009 na \u00c1frica do Sul. Rep\u00f3rter e Editor, trabalhou no Jornal da Tarde e Estad\u00e3o, de 1984 a fevereiro de 2016. Colunista, blogueiro. E comentarista de futebol na R\u00e1dio Estad\u00e3o, de 2013 a fevereiro de 2016. Jornalista respons\u00e1vel do \"Pr\u00f3speri News\" (blogdoprosperi.com).","sameAs":["http:\/\/blogdoprosperi.com","Luiz Pr\u00f3speri","@luiz_prosperi","https:\/\/x.com\/Luizprosperi","@prosperinacopa","luiz.prosperi@icloud.com"],"url":"https:\/\/blogdoprosperi.com\/?author=102107496"}]}},"jetpack_publicize_connections":[],"jetpack_likes_enabled":false,"jetpack_sharing_enabled":true,"jetpack_shortlink":"https:\/\/wp.me\/p7jvdk-9I5","jetpack-related-posts":[{"id":2054,"url":"https:\/\/blogdoprosperi.com\/?p=2054","url_meta":{"origin":37329,"position":0},"title":"Como Tel\u00ea Santana me ensinou a entender o futebol arte","author":"Luiz Ant\u00f4nio Pr\u00f3speri","date":"21 de abril de 2016","format":false,"excerpt":"\u00a0 S\u00e3o muitos os ensinamentos do mestre Tel\u00ea Santana. Um dos mais perp\u00e9tuos \u00e9 o futebol limpo, bem jogado, mesmo \u00e0s custas de derrotas marcantes como a da Sele\u00e7\u00e3o Brasileira diante da It\u00e1lia na Copa do Mundo de 1982, quando saiu aplaudido de p\u00e9 no est\u00e1dio Sarri\u00e1 no dia 5\u2026","rel":"","context":"Em &quot;futebol&quot;","block_context":{"text":"futebol","link":"https:\/\/blogdoprosperi.com\/?cat=53870"},"img":{"alt_text":"","src":"https:\/\/i0.wp.com\/blogdoprosperi.com\/wp-content\/uploads\/2016\/04\/10162013_falcao_italia_400.jpg?resize=350%2C200&ssl=1","width":350,"height":200},"classes":[]},{"id":60169,"url":"https:\/\/blogdoprosperi.com\/?p=60169","url_meta":{"origin":37329,"position":1},"title":"New Jersey 5 de julho 2026","author":"Luiz Ant\u00f4nio Pr\u00f3speri","date":"5 de julho de 2026","format":false,"excerpt":"Luiz Ant\u00f4nio Pr\u00f3speri, de New Jersey, 5 julho 2026 Estamos condenados a sofrer no dia 5 de julho. Em 1982, quando encantamos o mundo com Falc\u00e3o, Cerezzo, S\u00f3crates e Zico e Tel\u00ea no comando, tamb\u00e9m ca\u00edmos no 5 de julho diante da It\u00e1lia. A diferen\u00e7a agora \u00e9 que n\u00e3o encantamos\u2026","rel":"","context":"Em &quot;copa 2026&quot;","block_context":{"text":"copa 2026","link":"https:\/\/blogdoprosperi.com\/?cat=36820279"},"img":{"alt_text":"","src":"https:\/\/i0.wp.com\/blogdoprosperi.com\/wp-content\/uploads\/2026\/07\/Captura-de-Tela-2026-07-05-as-18.13.01.png?fit=694%2C688&ssl=1&resize=350%2C200","width":350,"height":200,"srcset":"https:\/\/i0.wp.com\/blogdoprosperi.com\/wp-content\/uploads\/2026\/07\/Captura-de-Tela-2026-07-05-as-18.13.01.png?fit=694%2C688&ssl=1&resize=350%2C200 1x, https:\/\/i0.wp.com\/blogdoprosperi.com\/wp-content\/uploads\/2026\/07\/Captura-de-Tela-2026-07-05-as-18.13.01.png?fit=694%2C688&ssl=1&resize=525%2C300 1.5x"},"classes":[]},{"id":12465,"url":"https:\/\/blogdoprosperi.com\/?p=12465","url_meta":{"origin":37329,"position":2},"title":"Corinthians n\u00e3o pode culpar garoto por derrota em Minas","author":"Luiz Ant\u00f4nio Pr\u00f3speri","date":"23 de junho de 2016","format":false,"excerpt":"Corinthians precisa entender que perder jogadores importantes na defesa \u00e9 t\u00e3o cruel como ficar sem atacantes de ponta. Quando Gil foi embora, disseram tudo bem. Felipe e Yago dariam conta. Felipe saiu. O garoto Pedro Henrique e Balbuena e Vilson seriam suficiente. N\u00e3o \u00e9 bem assim. Pedro Henrique pagou pelo\u2026","rel":"","context":"Em &quot;Campeonato Brasileiro&quot;","block_context":{"text":"Campeonato Brasileiro","link":"https:\/\/blogdoprosperi.com\/?cat=355071"},"img":{"alt_text":"","src":"https:\/\/i0.wp.com\/blogdoprosperi.com\/wp-content\/uploads\/2016\/06\/1c6e20365262060f0d93231ffa126323.jpg?resize=350%2C200&ssl=1","width":350,"height":200,"srcset":"https:\/\/i0.wp.com\/blogdoprosperi.com\/wp-content\/uploads\/2016\/06\/1c6e20365262060f0d93231ffa126323.jpg?resize=350%2C200&ssl=1 1x, https:\/\/i0.wp.com\/blogdoprosperi.com\/wp-content\/uploads\/2016\/06\/1c6e20365262060f0d93231ffa126323.jpg?resize=525%2C300&ssl=1 1.5x"},"classes":[]},{"id":60675,"url":"https:\/\/blogdoprosperi.com\/?p=60675","url_meta":{"origin":37329,"position":3},"title":"Messi ainda n\u00e3o \u00e9 Pel\u00e9, n\u00e3o precisa ser, nem vai ser","author":"Luiz Ant\u00f4nio Pr\u00f3speri","date":"17 de julho de 2026","format":false,"excerpt":"Luiz Ant\u00f4nio Pr\u00f3speri \u2013 17 julho 2026 (16h39)\u00a0 Os ingleses est\u00e3o inebriados e enfezados com Messi p\u00f3s-queda da Inglaterra nas semifinais contra Argentina na Copa 2026. N\u00e3o se conformam do jeito que perderam e, ao mesmo tempo, elevam Messi ao c\u00e9u. E dimensionam ainda mais o debate mundial ca\u00e7a audi\u00eancia\u2026","rel":"","context":"Em &quot;copa 2026&quot;","block_context":{"text":"copa 2026","link":"https:\/\/blogdoprosperi.com\/?cat=36820279"},"img":{"alt_text":"","src":"https:\/\/i0.wp.com\/blogdoprosperi.com\/wp-content\/uploads\/2026\/07\/image_485edb17.png?fit=1200%2C655&ssl=1&resize=350%2C200","width":350,"height":200,"srcset":"https:\/\/i0.wp.com\/blogdoprosperi.com\/wp-content\/uploads\/2026\/07\/image_485edb17.png?fit=1200%2C655&ssl=1&resize=350%2C200 1x, https:\/\/i0.wp.com\/blogdoprosperi.com\/wp-content\/uploads\/2026\/07\/image_485edb17.png?fit=1200%2C655&ssl=1&resize=525%2C300 1.5x, https:\/\/i0.wp.com\/blogdoprosperi.com\/wp-content\/uploads\/2026\/07\/image_485edb17.png?fit=1200%2C655&ssl=1&resize=700%2C400 2x, https:\/\/i0.wp.com\/blogdoprosperi.com\/wp-content\/uploads\/2026\/07\/image_485edb17.png?fit=1200%2C655&ssl=1&resize=1050%2C600 3x"},"classes":[]},{"id":60869,"url":"https:\/\/blogdoprosperi.com\/?p=60869","url_meta":{"origin":37329,"position":4},"title":"Espanha vence Argentina, levanta a ta\u00e7a da Copa do Mundo e abre novo caminho ao futebol","author":"Luiz Ant\u00f4nio Pr\u00f3speri","date":"19 de julho de 2026","format":false,"excerpt":"Luiz Ant\u00f4nio Pr\u00f3speri \u2013 19 julho 2026 (19h31) \u2013 Espanha vence Argentina por 1 a 0 na prorroga\u00e7\u00e3o, ap\u00f3s empate sem gols no tempo regulamentar, e levanta a ta\u00e7a de campe\u00e3 da Copa do Mundo 2026. Segundo t\u00edtulo de sua hist\u00f3ria contando a conquista de 2010. Uma vit\u00f3ria completa. Um\u2026","rel":"","context":"Em &quot;copa 2026&quot;","block_context":{"text":"copa 2026","link":"https:\/\/blogdoprosperi.com\/?cat=36820279"},"img":{"alt_text":"","src":"https:\/\/i0.wp.com\/blogdoprosperi.com\/wp-content\/uploads\/2026\/07\/Captura-de-Tela-2026-07-19-as-20.40.53.png?fit=1200%2C815&ssl=1&resize=350%2C200","width":350,"height":200,"srcset":"https:\/\/i0.wp.com\/blogdoprosperi.com\/wp-content\/uploads\/2026\/07\/Captura-de-Tela-2026-07-19-as-20.40.53.png?fit=1200%2C815&ssl=1&resize=350%2C200 1x, https:\/\/i0.wp.com\/blogdoprosperi.com\/wp-content\/uploads\/2026\/07\/Captura-de-Tela-2026-07-19-as-20.40.53.png?fit=1200%2C815&ssl=1&resize=525%2C300 1.5x, https:\/\/i0.wp.com\/blogdoprosperi.com\/wp-content\/uploads\/2026\/07\/Captura-de-Tela-2026-07-19-as-20.40.53.png?fit=1200%2C815&ssl=1&resize=700%2C400 2x, https:\/\/i0.wp.com\/blogdoprosperi.com\/wp-content\/uploads\/2026\/07\/Captura-de-Tela-2026-07-19-as-20.40.53.png?fit=1200%2C815&ssl=1&resize=1050%2C600 3x"},"classes":[]},{"id":40761,"url":"https:\/\/blogdoprosperi.com\/?p=40761","url_meta":{"origin":37329,"position":5},"title":"Final das finais eleva Messi ao c\u00e9u e consagra Argentina","author":"Luiz Ant\u00f4nio Pr\u00f3speri","date":"18 de dezembro de 2022","format":false,"excerpt":"Argentina pinta o mundo de azul e branco. Aben\u00e7oada por seus \u00edcones, de Diego Maradona ao Papa Francisco, 86 anos completados na v\u00e9spera da gl\u00f3ria eterna dos argentinos, time de Lionel Messi chega ao c\u00e9u.","rel":"","context":"Em &quot;futebol&quot;","block_context":{"text":"futebol","link":"https:\/\/blogdoprosperi.com\/?cat=53870"},"img":{"alt_text":"","src":"https:\/\/i0.wp.com\/blogdoprosperi.com\/wp-content\/uploads\/2022\/12\/fkswpmpxwammyn3.jpeg?fit=1200%2C800&ssl=1&resize=350%2C200","width":350,"height":200,"srcset":"https:\/\/i0.wp.com\/blogdoprosperi.com\/wp-content\/uploads\/2022\/12\/fkswpmpxwammyn3.jpeg?fit=1200%2C800&ssl=1&resize=350%2C200 1x, https:\/\/i0.wp.com\/blogdoprosperi.com\/wp-content\/uploads\/2022\/12\/fkswpmpxwammyn3.jpeg?fit=1200%2C800&ssl=1&resize=525%2C300 1.5x, https:\/\/i0.wp.com\/blogdoprosperi.com\/wp-content\/uploads\/2022\/12\/fkswpmpxwammyn3.jpeg?fit=1200%2C800&ssl=1&resize=700%2C400 2x, https:\/\/i0.wp.com\/blogdoprosperi.com\/wp-content\/uploads\/2022\/12\/fkswpmpxwammyn3.jpeg?fit=1200%2C800&ssl=1&resize=1050%2C600 3x"},"classes":[]}],"jetpack_featured_media_url":"https:\/\/i0.wp.com\/blogdoprosperi.com\/wp-content\/uploads\/2016\/06\/cropped-cropped-cropped-cropped-12461085455_596fbe535c_z11.jpg?fit=1000%2C288&ssl=1","_links":{"self":[{"href":"https:\/\/blogdoprosperi.com\/index.php?rest_route=\/wp\/v2\/posts\/37329","targetHints":{"allow":["GET"]}}],"collection":[{"href":"https:\/\/blogdoprosperi.com\/index.php?rest_route=\/wp\/v2\/posts"}],"about":[{"href":"https:\/\/blogdoprosperi.com\/index.php?rest_route=\/wp\/v2\/types\/post"}],"author":[{"embeddable":true,"href":"https:\/\/blogdoprosperi.com\/index.php?rest_route=\/wp\/v2\/users\/102107496"}],"replies":[{"embeddable":true,"href":"https:\/\/blogdoprosperi.com\/index.php?rest_route=%2Fwp%2Fv2%2Fcomments&post=37329"}],"version-history":[{"count":5,"href":"https:\/\/blogdoprosperi.com\/index.php?rest_route=\/wp\/v2\/posts\/37329\/revisions"}],"predecessor-version":[{"id":37337,"href":"https:\/\/blogdoprosperi.com\/index.php?rest_route=\/wp\/v2\/posts\/37329\/revisions\/37337"}],"wp:featuredmedia":[{"embeddable":true,"href":"https:\/\/blogdoprosperi.com\/index.php?rest_route=\/wp\/v2\/media\/30031"}],"wp:attachment":[{"href":"https:\/\/blogdoprosperi.com\/index.php?rest_route=%2Fwp%2Fv2%2Fmedia&parent=37329"}],"wp:term":[{"taxonomy":"category","embeddable":true,"href":"https:\/\/blogdoprosperi.com\/index.php?rest_route=%2Fwp%2Fv2%2Fcategories&post=37329"},{"taxonomy":"post_tag","embeddable":true,"href":"https:\/\/blogdoprosperi.com\/index.php?rest_route=%2Fwp%2Fv2%2Ftags&post=37329"}],"curies":[{"name":"wp","href":"https:\/\/api.w.org\/{rel}","templated":true}]}}