{"id":37356,"date":"2018-02-27T19:17:42","date_gmt":"2018-02-27T22:17:42","guid":{"rendered":"http:\/\/blogdoprosperi.com\/?p=37356"},"modified":"2018-02-27T21:05:29","modified_gmt":"2018-02-28T00:05:29","slug":"deixem-minha-mae-em-paz","status":"publish","type":"post","link":"https:\/\/blogdoprosperi.com\/?p=37356","title":{"rendered":"Deixem minha m\u00e3e em paz"},"content":{"rendered":"<p>Jailson \u00e9 palmeirense desde menino. Sua m\u00e3e \u00e9 corintiana. Av\u00f3, santista. Em comum, o universo do futebol. Tudo t\u00e3o simples e importante como um copo d&#8217;\u00e1gua. Deveria ser assim por gera\u00e7\u00f5es e gera\u00e7\u00f5es da fam\u00edlia do goleiro. Sem ningu\u00e9m se intrometer, nem fazer valer a intoler\u00e2ncia. N\u00e3o h\u00e1 maldade em nenhum deles, a n\u00e3o ser a paix\u00e3o por um time seja l\u00e1 qual for a cor do uniforme.<\/p>\n<p>Frequentar os est\u00e1dios. Torcer, mesmo com o cora\u00e7\u00e3o partido, tamb\u00e9m est\u00e1 dentro da ordem natural do futebol. Nada est\u00e1 fora do lugar.<\/p>\n<p>O que espanta, estarrece, \u00e9 essa mania de se cuidar da vida dos outros. Que culpa tem a m\u00e3e se seu time \u00e9 o Corinthians e o do filho, o Palmeiras? O que se pode fazer se mais que torcedor o filho \u00e9 o goleiro do rival? Onde est\u00e1 o pecado? Qual o delito?<\/p>\n<p>Quem conhece a hist\u00f3ria de Jailson deveria pedir desculpas. Sua m\u00e3e, tema central de uma mat\u00e9ria da TV Globo no cl\u00e1ssico Corinthians 2 x 0 Palmeiras, \u00e9 uma simples torcedora de futebol como milhares e milhares de outros cidad\u00e3os comuns.<\/p>\n<p>Maria Antonia, m\u00e3e de Jailson, conhece muito bem o cap\u00edtulo abaixo.<\/p>\n<h2 class=\"entry-title\">JAILSON, SENHOR DO DESTINO<\/h2>\n<div class=\"nav-links\">\n<div class=\"nav-previous\"><a href=\"https:\/\/prosperi56.pressbooks.com\/chapter\/moises-mas-pode-me-chamar-de-de-bruyne\/\">Previous<\/a><\/div>\n<div class=\"nav-next\"><a href=\"https:\/\/prosperi56.pressbooks.com\/chapter\/dudu-sangue-quente-sangue-bom\/\">Next<\/a><\/div>\n<\/div>\n<div id=\"post-273\" class=\"standard post-273 chapter type-chapter status-publish hentry\">\n<div class=\"entry-content\">\n<p>Jailson tem 36 anos, \u00e9 goleiro e negro. Joga no Palmeiras. Goleiros negros n\u00e3o costumam vencer no futebol brasileiro. Maldi\u00e7\u00e3o vem da Copa do Mundo de 1950 quando Barbosa, o goleiro da Sele\u00e7\u00e3o, foi crucificado pela derrota para o Uruguai no Maracan\u00e3 e sua mem\u00f3ria esquartejada por anos a fio at\u00e9 hoje.<\/p>\n<p>Jailson nunca viu Barbosa jogar. Nem precisava. Chegar ao Palmeiras, quase ao fim de sua carreira, sem jamais ter jogado um minutinho na S\u00e9rie A do Brasileir\u00e3o, j\u00e1 era um milagre. O clube criado pelos italianos nunca teve tradi\u00e7\u00e3o de abrigar goleiros negros. Tem, sim, hist\u00f3ria como um academia de goleiros, nenhum deles preto, nem menos preto. Todos brancos. Mas essa hist\u00f3ria n\u00e3o tem import\u00e2ncia agora.<\/p>\n<p><span class=\"alignnone\"><img data-recalc-dims=\"1\" loading=\"lazy\" decoding=\"async\" data-attachment-id=\"37354\" data-permalink=\"https:\/\/blogdoprosperi.com\/?attachment_id=37354\" data-orig-file=\"https:\/\/i0.wp.com\/blogdoprosperi.com\/wp-content\/uploads\/2018\/02\/25536650797_932675ebf1_z.jpg?fit=640%2C386&amp;ssl=1\" data-orig-size=\"640,386\" data-comments-opened=\"1\" data-image-meta=\"{&quot;aperture&quot;:&quot;0&quot;,&quot;credit&quot;:&quot;&quot;,&quot;camera&quot;:&quot;&quot;,&quot;caption&quot;:&quot;&quot;,&quot;created_timestamp&quot;:&quot;0&quot;,&quot;copyright&quot;:&quot;&quot;,&quot;focal_length&quot;:&quot;0&quot;,&quot;iso&quot;:&quot;0&quot;,&quot;shutter_speed&quot;:&quot;0&quot;,&quot;title&quot;:&quot;&quot;,&quot;orientation&quot;:&quot;0&quot;}\" data-image-title=\"25536650797_932675ebf1_z\" data-image-description=\"\" data-image-caption=\"\" data-large-file=\"https:\/\/i0.wp.com\/blogdoprosperi.com\/wp-content\/uploads\/2018\/02\/25536650797_932675ebf1_z.jpg?fit=640%2C386&amp;ssl=1\" class=\"alignnone size-full wp-image-37354\" src=\"https:\/\/i0.wp.com\/blogdoprosperi.com\/wp-content\/uploads\/2018\/02\/25536650797_932675ebf1_z.jpg?resize=640%2C386&#038;ssl=1\" alt=\"25536650797_932675ebf1_z\" width=\"640\" height=\"386\" \/><\/span><\/p>\n<p>O que vale dizer \u00e9 que Jailson Marcelino dos Santos, ainda um garoto apaixonado por futebol a chutar bolas rasgadas na rua em frente sua casa, prometeu a sua av\u00f3, que um dia seria goleiro do Palmeiras. Nascido em S\u00e3o Jos\u00e9 dos Campos, interior paulista, em 1981, cumpriu a promessa j\u00e1 como veterano. Ainda com um cap\u00edtulo inimagin\u00e1vel. Como um jogador, aos 35 anos de idade, sem ter jogado nem sequer uma partida na S\u00e9rie A, chegaria ao Palmeiras em honra a av\u00f3? E ainda mais, goleiro?<\/p>\n<p>Mais dram\u00e1tico imposs\u00edvel. Contratado para ser reserva de Fernando Prass, outro quase veterano vindo do Vasco, Jailson teria poucas chances de cumprir o prometido \u00e0 av\u00f3 Dona Nacife Marcelino, beirando os 80 anos. Tudo isso cabe em um libelo do futebol brasileiro, repleto de hist\u00f3rias de desvalidos coroados pela fartura da elite.<\/p>\n<p>Pois bem. Jailson saiu em busca do seu lugar. Pagou caro com uma contus\u00e3o em 2015 quando Prass era soberano. Entrou na temporada de 2016 na condi\u00e7\u00e3o de terceiro goleiro. Na hierarquia, primeiro Prass, depois Vagner, contratado do Ava\u00ed, e depois Jailson.<\/p>\n<p>Prass quebra o cotovelo a servi\u00e7o da Sele\u00e7\u00e3o Ol\u00edmpica. Se afasta dos jogos e abre chance a Vagner no Palmeiras. Tr\u00eas jogos, tr\u00eas falhas e inseguran\u00e7a. Cuca chama Jailson, o goleir\u00e3o negro, meio rechonchudo, que nunca na vida havia jogado na S\u00e9rie A do Brasileir\u00e3o.<\/p>\n<p>Jailson estreia na 19.\u00aa rodada do Brasileir\u00e3o 2016 e n\u00e3o sai mais do time. Fecha o campeonato, eleito o melhor goleiro pela CBF naquela temporada, sem ter perdido um m\u00edsero jogo em 19 rodadas. Chora quando cede seu posto a Prass na partida de consagra\u00e7\u00e3o do t\u00edtulo contra a Chapecoense. Reverenciado de alto a baixo por seus companheiros e, mais importante, pelos s\u00faditos das arquibancadas.<\/p>\n<p>Jailson chora. Ao retirar as luvas, chora de novo. Ao ser abra\u00e7ado por todos companheiros naquela tarde de domingo, dia 27 de novembro, no Allianz Parque, mistura sorriso de alegria \u00e0s lagrimas de sentimento profundo. Jailson, um negro e goleiro do Palmeiras, se transformou na grande hist\u00f3ria do Brasileir\u00e3o de 2016. N\u00e3o perdeu nenhum dos 19 jogos que atuou no campeonato.<\/p>\n<p>Vai ser adorado como um gigante do t\u00edtulo. Vai ter sua import\u00e2ncia, como muitos conquistadores. Depois, relegado a um canto da hist\u00f3ria do Palmeiras como muitos outros. Simplesmente Jailson, o senhor do destino.<\/p>\n<p>E poderia muito bem colocar ponto final com esse pedido: Deixem minha m\u00e3e em paz!<\/p>\n<\/div>\n<\/div>\n<p>&nbsp;<\/p>\n","protected":false},"excerpt":{"rendered":"<p>Jailson \u00e9 palmeirense desde menino. Sua m\u00e3e \u00e9 corintiana. Av\u00f3, santista. Em comum, o universo do futebol. Tudo [&hellip;]<\/p>\n","protected":false},"author":102107496,"featured_media":37355,"comment_status":"open","ping_status":"open","sticky":false,"template":"","format":"standard","meta":{"_coblocks_attr":"","_coblocks_dimensions":"","_coblocks_responsive_height":"","_coblocks_accordion_ie_support":"","_jetpack_newsletter_access":"","_jetpack_dont_email_post_to_subs":false,"_jetpack_newsletter_tier_id":0,"_jetpack_memberships_contains_paywalled_content":false,"_wpcom_ai_launchpad_first_post":false,"_jetpack_feature_clip_id":0,"_jetpack_memberships_contains_paid_content":false,"footnotes":"","jetpack_publicize_message":"","jetpack_publicize_feature_enabled":true,"jetpack_social_post_already_shared":false,"jetpack_social_options":{"image_generator_settings":{"template":"highway","default_image_id":0,"font":"","enabled":false},"version":2},"jetpack_post_was_ever_published":false},"categories":[53870],"tags":[113490729,789560560,2777948,606668209,570622364,4558380],"class_list":["post-37356","post","type-post","status-publish","format-standard","has-post-thumbnail","hentry","category-futebol","tag-corinthians-2-x-0-palmeiras","tag-futebol","tag-jailson","tag-mae-de-jailson","tag-paulistao-2018","tag-se-palmeiras"],"yoast_head":"<!-- This site is optimized with the Yoast SEO plugin v28.3 - https:\/\/yoast.com\/product\/yoast-seo-wordpress\/ -->\n<title>Deixem minha m\u00e3e em paz - PR\u00d3SPERI NEWS<\/title>\n<meta name=\"robots\" content=\"index, follow, max-snippet:-1, max-image-preview:large, max-video-preview:-1\" \/>\n<link rel=\"canonical\" href=\"https:\/\/blogdoprosperi.com\/?p=37356\" \/>\n<meta property=\"og:locale\" content=\"pt_BR\" \/>\n<meta property=\"og:type\" content=\"article\" \/>\n<meta property=\"og:title\" content=\"Deixem minha m\u00e3e em paz - PR\u00d3SPERI NEWS\" \/>\n<meta property=\"og:description\" content=\"Jailson \u00e9 palmeirense desde menino. Sua m\u00e3e \u00e9 corintiana. Av\u00f3, santista. Em comum, o universo do futebol. Tudo [&hellip;]\" \/>\n<meta property=\"og:url\" content=\"https:\/\/blogdoprosperi.com\/?p=37356\" \/>\n<meta property=\"og:site_name\" content=\"PR\u00d3SPERI NEWS\" \/>\n<meta property=\"article:publisher\" content=\"Luiz Pr\u00f3speri\" \/>\n<meta property=\"article:author\" content=\"Luiz Pr\u00f3speri\" \/>\n<meta property=\"article:published_time\" content=\"2018-02-27T22:17:42+00:00\" \/>\n<meta property=\"article:modified_time\" content=\"2018-02-28T00:05:29+00:00\" \/>\n<meta property=\"og:image\" content=\"https:\/\/i0.wp.com\/blogdoprosperi.com\/wp-content\/uploads\/2018\/02\/26594671318_e55e1071f2_b.jpg?fit=698%2C1024&ssl=1\" \/>\n\t<meta property=\"og:image:width\" content=\"698\" \/>\n\t<meta property=\"og:image:height\" content=\"1024\" \/>\n\t<meta property=\"og:image:type\" content=\"image\/jpeg\" \/>\n<meta name=\"author\" content=\"Luiz Ant\u00f4nio Pr\u00f3speri\" \/>\n<meta name=\"twitter:card\" content=\"summary_large_image\" \/>\n<meta name=\"twitter:creator\" content=\"@Luizprosperi\" \/>\n<meta name=\"twitter:site\" content=\"@Luizprosperi\" \/>\n<meta name=\"twitter:label1\" content=\"Escrito por\" \/>\n\t<meta name=\"twitter:data1\" content=\"Luiz Ant\u00f4nio Pr\u00f3speri\" \/>\n\t<meta name=\"twitter:label2\" content=\"Est. tempo de leitura\" \/>\n\t<meta name=\"twitter:data2\" content=\"4 minutos\" \/>\n<script type=\"application\/ld+json\" class=\"yoast-schema-graph\">{\"@context\":\"https:\\\/\\\/schema.org\",\"@graph\":[{\"@type\":\"Article\",\"@id\":\"https:\\\/\\\/blogdoprosperi.com\\\/?p=37356#article\",\"isPartOf\":{\"@id\":\"https:\\\/\\\/blogdoprosperi.com\\\/?p=37356\"},\"author\":{\"name\":\"Luiz Ant\u00f4nio Pr\u00f3speri\",\"@id\":\"https:\\\/\\\/blogdoprosperi.com\\\/#\\\/schema\\\/person\\\/38100755ce3601861ee4fab9b5aa78e9\"},\"headline\":\"Deixem minha m\u00e3e em paz\",\"datePublished\":\"2018-02-27T22:17:42+00:00\",\"dateModified\":\"2018-02-28T00:05:29+00:00\",\"mainEntityOfPage\":{\"@id\":\"https:\\\/\\\/blogdoprosperi.com\\\/?p=37356\"},\"wordCount\":767,\"commentCount\":0,\"publisher\":{\"@id\":\"https:\\\/\\\/blogdoprosperi.com\\\/#\\\/schema\\\/person\\\/38100755ce3601861ee4fab9b5aa78e9\"},\"image\":{\"@id\":\"https:\\\/\\\/blogdoprosperi.com\\\/?p=37356#primaryimage\"},\"thumbnailUrl\":\"https:\\\/\\\/i0.wp.com\\\/blogdoprosperi.com\\\/wp-content\\\/uploads\\\/2018\\\/02\\\/26594671318_e55e1071f2_b.jpg?fit=698%2C1024&ssl=1\",\"keywords\":[\"Corinthians 2 x 0 Palmeiras\",\"futebol\",\"Ja\u00edlson\",\"m\u00e3e de Jailson\",\"Paulist\u00e3o 2018\",\"SE Palmeiras\"],\"articleSection\":[\"futebol\"],\"inLanguage\":\"pt-BR\",\"potentialAction\":[{\"@type\":\"CommentAction\",\"name\":\"Comment\",\"target\":[\"https:\\\/\\\/blogdoprosperi.com\\\/?p=37356#respond\"]}]},{\"@type\":\"WebPage\",\"@id\":\"https:\\\/\\\/blogdoprosperi.com\\\/?p=37356\",\"url\":\"https:\\\/\\\/blogdoprosperi.com\\\/?p=37356\",\"name\":\"Deixem minha m\u00e3e em paz - PR\u00d3SPERI NEWS\",\"isPartOf\":{\"@id\":\"https:\\\/\\\/blogdoprosperi.com\\\/#website\"},\"primaryImageOfPage\":{\"@id\":\"https:\\\/\\\/blogdoprosperi.com\\\/?p=37356#primaryimage\"},\"image\":{\"@id\":\"https:\\\/\\\/blogdoprosperi.com\\\/?p=37356#primaryimage\"},\"thumbnailUrl\":\"https:\\\/\\\/i0.wp.com\\\/blogdoprosperi.com\\\/wp-content\\\/uploads\\\/2018\\\/02\\\/26594671318_e55e1071f2_b.jpg?fit=698%2C1024&ssl=1\",\"datePublished\":\"2018-02-27T22:17:42+00:00\",\"dateModified\":\"2018-02-28T00:05:29+00:00\",\"breadcrumb\":{\"@id\":\"https:\\\/\\\/blogdoprosperi.com\\\/?p=37356#breadcrumb\"},\"inLanguage\":\"pt-BR\",\"potentialAction\":[{\"@type\":\"ReadAction\",\"target\":[\"https:\\\/\\\/blogdoprosperi.com\\\/?p=37356\"]}]},{\"@type\":\"ImageObject\",\"inLanguage\":\"pt-BR\",\"@id\":\"https:\\\/\\\/blogdoprosperi.com\\\/?p=37356#primaryimage\",\"url\":\"https:\\\/\\\/i0.wp.com\\\/blogdoprosperi.com\\\/wp-content\\\/uploads\\\/2018\\\/02\\\/26594671318_e55e1071f2_b.jpg?fit=698%2C1024&ssl=1\",\"contentUrl\":\"https:\\\/\\\/i0.wp.com\\\/blogdoprosperi.com\\\/wp-content\\\/uploads\\\/2018\\\/02\\\/26594671318_e55e1071f2_b.jpg?fit=698%2C1024&ssl=1\",\"width\":698,\"height\":1024},{\"@type\":\"BreadcrumbList\",\"@id\":\"https:\\\/\\\/blogdoprosperi.com\\\/?p=37356#breadcrumb\",\"itemListElement\":[{\"@type\":\"ListItem\",\"position\":1,\"name\":\"In\u00edcio\",\"item\":\"https:\\\/\\\/blogdoprosperi.com\\\/\"},{\"@type\":\"ListItem\",\"position\":2,\"name\":\"Deixem minha m\u00e3e em paz\"}]},{\"@type\":\"WebSite\",\"@id\":\"https:\\\/\\\/blogdoprosperi.com\\\/#website\",\"url\":\"https:\\\/\\\/blogdoprosperi.com\\\/\",\"name\":\"PR\u00d3SPERI NEWS\",\"description\":\"TUDO \u00c9  FUTEBOL\",\"publisher\":{\"@id\":\"https:\\\/\\\/blogdoprosperi.com\\\/#\\\/schema\\\/person\\\/38100755ce3601861ee4fab9b5aa78e9\"},\"alternateName\":\"blogdoprosperi.com\",\"potentialAction\":[{\"@type\":\"SearchAction\",\"target\":{\"@type\":\"EntryPoint\",\"urlTemplate\":\"https:\\\/\\\/blogdoprosperi.com\\\/?s={search_term_string}\"},\"query-input\":{\"@type\":\"PropertyValueSpecification\",\"valueRequired\":true,\"valueName\":\"search_term_string\"}}],\"inLanguage\":\"pt-BR\"},{\"@type\":[\"Person\",\"Organization\"],\"@id\":\"https:\\\/\\\/blogdoprosperi.com\\\/#\\\/schema\\\/person\\\/38100755ce3601861ee4fab9b5aa78e9\",\"name\":\"Luiz Ant\u00f4nio Pr\u00f3speri\",\"pronouns\":\"ele\",\"image\":{\"@type\":\"ImageObject\",\"inLanguage\":\"pt-BR\",\"@id\":\"https:\\\/\\\/i0.wp.com\\\/blogdoprosperi.com\\\/wp-content\\\/uploads\\\/2026\\\/05\\\/cropped-8059e613-6002-42fa-961e-8e275f575d71-2-5.jpg?fit=1360%2C931&ssl=1\",\"url\":\"https:\\\/\\\/i0.wp.com\\\/blogdoprosperi.com\\\/wp-content\\\/uploads\\\/2026\\\/05\\\/cropped-8059e613-6002-42fa-961e-8e275f575d71-2-5.jpg?fit=1360%2C931&ssl=1\",\"contentUrl\":\"https:\\\/\\\/i0.wp.com\\\/blogdoprosperi.com\\\/wp-content\\\/uploads\\\/2026\\\/05\\\/cropped-8059e613-6002-42fa-961e-8e275f575d71-2-5.jpg?fit=1360%2C931&ssl=1\",\"width\":1360,\"height\":931,\"caption\":\"Luiz Ant\u00f4nio Pr\u00f3speri\"},\"logo\":{\"@id\":\"https:\\\/\\\/i0.wp.com\\\/blogdoprosperi.com\\\/wp-content\\\/uploads\\\/2026\\\/05\\\/cropped-8059e613-6002-42fa-961e-8e275f575d71-2-5.jpg?fit=1360%2C931&ssl=1\"},\"description\":\"Jornalista com carreira dedicada ao esporte. Cobriu 9 Copas do Mundo in loco, 1990 na It\u00e1lia, 1994 nos EUA, 1998 na Fran\u00e7a, 2002 na Coreia do Sul e Jap\u00e3o, 2006 na Alemanha, 2010 na \u00c1frica do Sul, 2014 no Brasil, 2018 na R\u00fassia e 2022 no Qatar. Eurocopas, 1992 na Su\u00e9cia e 1996 na Inglaterra. Copa das Confedera\u00e7\u00f5es de 2005 na Alemanha e 2009 na \u00c1frica do Sul. Rep\u00f3rter e Editor, trabalhou no Jornal da Tarde e Estad\u00e3o, de 1984 a fevereiro de 2016. Colunista, blogueiro. E comentarista de futebol na R\u00e1dio Estad\u00e3o, de 2013 a fevereiro de 2016. Jornalista respons\u00e1vel do \\\"Pr\u00f3speri News\\\" (blogdoprosperi.com).\",\"sameAs\":[\"http:\\\/\\\/blogdoprosperi.com\",\"Luiz Pr\u00f3speri\",\"@luiz_prosperi\",\"https:\\\/\\\/x.com\\\/Luizprosperi\",\"@prosperinacopa\",\"luiz.prosperi@icloud.com\"],\"url\":\"https:\\\/\\\/blogdoprosperi.com\\\/?author=102107496\"}]}<\/script>\n<!-- \/ Yoast SEO plugin. -->","yoast_head_json":{"title":"Deixem minha m\u00e3e em paz - PR\u00d3SPERI NEWS","robots":{"index":"index","follow":"follow","max-snippet":"max-snippet:-1","max-image-preview":"max-image-preview:large","max-video-preview":"max-video-preview:-1"},"canonical":"https:\/\/blogdoprosperi.com\/?p=37356","og_locale":"pt_BR","og_type":"article","og_title":"Deixem minha m\u00e3e em paz - PR\u00d3SPERI NEWS","og_description":"Jailson \u00e9 palmeirense desde menino. Sua m\u00e3e \u00e9 corintiana. Av\u00f3, santista. Em comum, o universo do futebol. Tudo [&hellip;]","og_url":"https:\/\/blogdoprosperi.com\/?p=37356","og_site_name":"PR\u00d3SPERI NEWS","article_publisher":"Luiz Pr\u00f3speri","article_author":"Luiz Pr\u00f3speri","article_published_time":"2018-02-27T22:17:42+00:00","article_modified_time":"2018-02-28T00:05:29+00:00","og_image":[{"width":698,"height":1024,"url":"https:\/\/i0.wp.com\/blogdoprosperi.com\/wp-content\/uploads\/2018\/02\/26594671318_e55e1071f2_b.jpg?fit=698%2C1024&ssl=1","type":"image\/jpeg"}],"author":"Luiz Ant\u00f4nio Pr\u00f3speri","twitter_card":"summary_large_image","twitter_creator":"@Luizprosperi","twitter_site":"@Luizprosperi","twitter_misc":{"Escrito por":"Luiz Ant\u00f4nio Pr\u00f3speri","Est. tempo de leitura":"4 minutos"},"schema":{"@context":"https:\/\/schema.org","@graph":[{"@type":"Article","@id":"https:\/\/blogdoprosperi.com\/?p=37356#article","isPartOf":{"@id":"https:\/\/blogdoprosperi.com\/?p=37356"},"author":{"name":"Luiz Ant\u00f4nio Pr\u00f3speri","@id":"https:\/\/blogdoprosperi.com\/#\/schema\/person\/38100755ce3601861ee4fab9b5aa78e9"},"headline":"Deixem minha m\u00e3e em paz","datePublished":"2018-02-27T22:17:42+00:00","dateModified":"2018-02-28T00:05:29+00:00","mainEntityOfPage":{"@id":"https:\/\/blogdoprosperi.com\/?p=37356"},"wordCount":767,"commentCount":0,"publisher":{"@id":"https:\/\/blogdoprosperi.com\/#\/schema\/person\/38100755ce3601861ee4fab9b5aa78e9"},"image":{"@id":"https:\/\/blogdoprosperi.com\/?p=37356#primaryimage"},"thumbnailUrl":"https:\/\/i0.wp.com\/blogdoprosperi.com\/wp-content\/uploads\/2018\/02\/26594671318_e55e1071f2_b.jpg?fit=698%2C1024&ssl=1","keywords":["Corinthians 2 x 0 Palmeiras","futebol","Ja\u00edlson","m\u00e3e de Jailson","Paulist\u00e3o 2018","SE Palmeiras"],"articleSection":["futebol"],"inLanguage":"pt-BR","potentialAction":[{"@type":"CommentAction","name":"Comment","target":["https:\/\/blogdoprosperi.com\/?p=37356#respond"]}]},{"@type":"WebPage","@id":"https:\/\/blogdoprosperi.com\/?p=37356","url":"https:\/\/blogdoprosperi.com\/?p=37356","name":"Deixem minha m\u00e3e em paz - PR\u00d3SPERI NEWS","isPartOf":{"@id":"https:\/\/blogdoprosperi.com\/#website"},"primaryImageOfPage":{"@id":"https:\/\/blogdoprosperi.com\/?p=37356#primaryimage"},"image":{"@id":"https:\/\/blogdoprosperi.com\/?p=37356#primaryimage"},"thumbnailUrl":"https:\/\/i0.wp.com\/blogdoprosperi.com\/wp-content\/uploads\/2018\/02\/26594671318_e55e1071f2_b.jpg?fit=698%2C1024&ssl=1","datePublished":"2018-02-27T22:17:42+00:00","dateModified":"2018-02-28T00:05:29+00:00","breadcrumb":{"@id":"https:\/\/blogdoprosperi.com\/?p=37356#breadcrumb"},"inLanguage":"pt-BR","potentialAction":[{"@type":"ReadAction","target":["https:\/\/blogdoprosperi.com\/?p=37356"]}]},{"@type":"ImageObject","inLanguage":"pt-BR","@id":"https:\/\/blogdoprosperi.com\/?p=37356#primaryimage","url":"https:\/\/i0.wp.com\/blogdoprosperi.com\/wp-content\/uploads\/2018\/02\/26594671318_e55e1071f2_b.jpg?fit=698%2C1024&ssl=1","contentUrl":"https:\/\/i0.wp.com\/blogdoprosperi.com\/wp-content\/uploads\/2018\/02\/26594671318_e55e1071f2_b.jpg?fit=698%2C1024&ssl=1","width":698,"height":1024},{"@type":"BreadcrumbList","@id":"https:\/\/blogdoprosperi.com\/?p=37356#breadcrumb","itemListElement":[{"@type":"ListItem","position":1,"name":"In\u00edcio","item":"https:\/\/blogdoprosperi.com\/"},{"@type":"ListItem","position":2,"name":"Deixem minha m\u00e3e em paz"}]},{"@type":"WebSite","@id":"https:\/\/blogdoprosperi.com\/#website","url":"https:\/\/blogdoprosperi.com\/","name":"PR\u00d3SPERI NEWS","description":"TUDO \u00c9  FUTEBOL","publisher":{"@id":"https:\/\/blogdoprosperi.com\/#\/schema\/person\/38100755ce3601861ee4fab9b5aa78e9"},"alternateName":"blogdoprosperi.com","potentialAction":[{"@type":"SearchAction","target":{"@type":"EntryPoint","urlTemplate":"https:\/\/blogdoprosperi.com\/?s={search_term_string}"},"query-input":{"@type":"PropertyValueSpecification","valueRequired":true,"valueName":"search_term_string"}}],"inLanguage":"pt-BR"},{"@type":["Person","Organization"],"@id":"https:\/\/blogdoprosperi.com\/#\/schema\/person\/38100755ce3601861ee4fab9b5aa78e9","name":"Luiz Ant\u00f4nio Pr\u00f3speri","pronouns":"ele","image":{"@type":"ImageObject","inLanguage":"pt-BR","@id":"https:\/\/i0.wp.com\/blogdoprosperi.com\/wp-content\/uploads\/2026\/05\/cropped-8059e613-6002-42fa-961e-8e275f575d71-2-5.jpg?fit=1360%2C931&ssl=1","url":"https:\/\/i0.wp.com\/blogdoprosperi.com\/wp-content\/uploads\/2026\/05\/cropped-8059e613-6002-42fa-961e-8e275f575d71-2-5.jpg?fit=1360%2C931&ssl=1","contentUrl":"https:\/\/i0.wp.com\/blogdoprosperi.com\/wp-content\/uploads\/2026\/05\/cropped-8059e613-6002-42fa-961e-8e275f575d71-2-5.jpg?fit=1360%2C931&ssl=1","width":1360,"height":931,"caption":"Luiz Ant\u00f4nio Pr\u00f3speri"},"logo":{"@id":"https:\/\/i0.wp.com\/blogdoprosperi.com\/wp-content\/uploads\/2026\/05\/cropped-8059e613-6002-42fa-961e-8e275f575d71-2-5.jpg?fit=1360%2C931&ssl=1"},"description":"Jornalista com carreira dedicada ao esporte. Cobriu 9 Copas do Mundo in loco, 1990 na It\u00e1lia, 1994 nos EUA, 1998 na Fran\u00e7a, 2002 na Coreia do Sul e Jap\u00e3o, 2006 na Alemanha, 2010 na \u00c1frica do Sul, 2014 no Brasil, 2018 na R\u00fassia e 2022 no Qatar. Eurocopas, 1992 na Su\u00e9cia e 1996 na Inglaterra. Copa das Confedera\u00e7\u00f5es de 2005 na Alemanha e 2009 na \u00c1frica do Sul. Rep\u00f3rter e Editor, trabalhou no Jornal da Tarde e Estad\u00e3o, de 1984 a fevereiro de 2016. Colunista, blogueiro. E comentarista de futebol na R\u00e1dio Estad\u00e3o, de 2013 a fevereiro de 2016. Jornalista respons\u00e1vel do \"Pr\u00f3speri News\" (blogdoprosperi.com).","sameAs":["http:\/\/blogdoprosperi.com","Luiz Pr\u00f3speri","@luiz_prosperi","https:\/\/x.com\/Luizprosperi","@prosperinacopa","luiz.prosperi@icloud.com"],"url":"https:\/\/blogdoprosperi.com\/?author=102107496"}]}},"jetpack_publicize_connections":[],"jetpack_likes_enabled":false,"jetpack_sharing_enabled":true,"jetpack_shortlink":"https:\/\/wp.me\/p7jvdk-9Iw","jetpack-related-posts":[{"id":19221,"url":"https:\/\/blogdoprosperi.com\/?p=19221","url_meta":{"origin":37356,"position":0},"title":"Palmeiras esquece Academia de Goleiros e procura sucessor de Fernando Prass","author":"Luiz Ant\u00f4nio Pr\u00f3speri","date":"5 de agosto de 2016","format":false,"excerpt":"Palmeiras tinha uma Academia de Goleiros at\u00e9 Marcos se aposentar em 2012. Revelava como ningu\u00e9m. Quando 'S\u00e3o Marcos' saiu de cena, o clube n\u00e3o conseguiu emplacar mais nenhum goleiro, mesmo com muitos garotos convocados com regularidade pelas sele\u00e7\u00f5es de base da CBF. Sem Fernando Prass e com as primeiras pixotadas\u2026","rel":"","context":"Em &quot;futebol&quot;","block_context":{"text":"futebol","link":"https:\/\/blogdoprosperi.com\/?cat=53870"},"img":{"alt_text":"","src":"https:\/\/i0.wp.com\/blogdoprosperi.com\/wp-content\/uploads\/2016\/08\/zetti-palmeiras.jpg?resize=350%2C200","width":350,"height":200,"srcset":"https:\/\/i0.wp.com\/blogdoprosperi.com\/wp-content\/uploads\/2016\/08\/zetti-palmeiras.jpg?resize=350%2C200 1x, https:\/\/i0.wp.com\/blogdoprosperi.com\/wp-content\/uploads\/2016\/08\/zetti-palmeiras.jpg?resize=525%2C300 1.5x, https:\/\/i0.wp.com\/blogdoprosperi.com\/wp-content\/uploads\/2016\/08\/zetti-palmeiras.jpg?resize=700%2C400 2x"},"classes":[]},{"id":29743,"url":"https:\/\/blogdoprosperi.com\/?p=29743","url_meta":{"origin":37356,"position":1},"title":"Palmeiras faz sua parte e, com ajuda do Corinthians, abre seis pontos do Flamengo","author":"Luiz Ant\u00f4nio Pr\u00f3speri","date":"23 de outubro de 2016","format":false,"excerpt":"Palmeiras superou seu fraco futebol, o p\u00e9ssimo gramado do Allianz Parque, aus\u00eancia de Gabriel Jesus e a gana do Sport neste domingo (23\/10). Sem brilho e lustro, venceu por 2 a 1 e, com ajuda do Corinthians, abriu seis pontos do vice-l\u00edder Flamengo, a seis rodadas do fim do Campeonato\u2026","rel":"","context":"Em &quot;Campeonato Brasileiro&quot;","block_context":{"text":"Campeonato Brasileiro","link":"https:\/\/blogdoprosperi.com\/?cat=355071"},"img":{"alt_text":"","src":"https:\/\/i0.wp.com\/blogdoprosperi.com\/wp-content\/uploads\/2016\/10\/pro5-242.jpg?resize=350%2C200&ssl=1","width":350,"height":200,"srcset":"https:\/\/i0.wp.com\/blogdoprosperi.com\/wp-content\/uploads\/2016\/10\/pro5-242.jpg?resize=350%2C200&ssl=1 1x, https:\/\/i0.wp.com\/blogdoprosperi.com\/wp-content\/uploads\/2016\/10\/pro5-242.jpg?resize=525%2C300&ssl=1 1.5x, https:\/\/i0.wp.com\/blogdoprosperi.com\/wp-content\/uploads\/2016\/10\/pro5-242.jpg?resize=700%2C400&ssl=1 2x, https:\/\/i0.wp.com\/blogdoprosperi.com\/wp-content\/uploads\/2016\/10\/pro5-242.jpg?resize=1050%2C600&ssl=1 3x, https:\/\/i0.wp.com\/blogdoprosperi.com\/wp-content\/uploads\/2016\/10\/pro5-242.jpg?resize=1400%2C800&ssl=1 4x"},"classes":[]},{"id":19599,"url":"https:\/\/blogdoprosperi.com\/?p=19599","url_meta":{"origin":37356,"position":2},"title":"Palmeiras reassume lideran\u00e7a e descobre goleiro Ja\u00edlson","author":"Luiz Ant\u00f4nio Pr\u00f3speri","date":"7 de agosto de 2016","format":false,"excerpt":"Palmeiras reassume a ponta do Campeonato Brasileiro ao derrotar o Vit\u00f3ria por 2 a 1 no Allianz Parque. Mais que devolver o time ao primeiro posto, o jogo apresentou Ja\u00edlson, novo sucessor de Fernando Prass. Esquecido como terceiro goleiro, ap\u00f3s quase um ano sem jogar por causa de uma grave\u2026","rel":"","context":"Em &quot;Campeonato Brasileiro&quot;","block_context":{"text":"Campeonato Brasileiro","link":"https:\/\/blogdoprosperi.com\/?cat=355071"},"img":{"alt_text":"","src":"https:\/\/i0.wp.com\/blogdoprosperi.com\/wp-content\/uploads\/2016\/08\/622_b19712f7-d62d-38a0-bb16-237abc262000.jpg?resize=350%2C200&ssl=1","width":350,"height":200,"srcset":"https:\/\/i0.wp.com\/blogdoprosperi.com\/wp-content\/uploads\/2016\/08\/622_b19712f7-d62d-38a0-bb16-237abc262000.jpg?resize=350%2C200&ssl=1 1x, https:\/\/i0.wp.com\/blogdoprosperi.com\/wp-content\/uploads\/2016\/08\/622_b19712f7-d62d-38a0-bb16-237abc262000.jpg?resize=525%2C300&ssl=1 1.5x"},"classes":[]},{"id":21069,"url":"https:\/\/blogdoprosperi.com\/?p=21069","url_meta":{"origin":37356,"position":3},"title":"Palmeiras mostra autoridade de l\u00edder do Campeonato Brasileiro","author":"Luiz Ant\u00f4nio Pr\u00f3speri","date":"14 de agosto de 2016","format":false,"excerpt":"Palmeiras precisava de uma boa vit\u00f3ria, daquelas com autoridade, fora de casa para alertar aos concorrentes quem, de fato, manda no Brasileir\u00e3o neste in\u00edcio de segundo turno. Os tr\u00eas pontos conquistados diante do Atl\u00e9tico-PR, at\u00e9 ent\u00e3o invicto na sua fortaleza, t\u00eam esse peso. O time de Cuca venceu por 1\u2026","rel":"","context":"Em &quot;Campeonato Brasileiro&quot;","block_context":{"text":"Campeonato Brasileiro","link":"https:\/\/blogdoprosperi.com\/?cat=355071"},"img":{"alt_text":"","src":"https:\/\/i0.wp.com\/blogdoprosperi.com\/wp-content\/uploads\/2016\/08\/ae34225f105e3080ab4e51758e8ae99e.jpg?resize=350%2C200&ssl=1","width":350,"height":200,"srcset":"https:\/\/i0.wp.com\/blogdoprosperi.com\/wp-content\/uploads\/2016\/08\/ae34225f105e3080ab4e51758e8ae99e.jpg?resize=350%2C200&ssl=1 1x, https:\/\/i0.wp.com\/blogdoprosperi.com\/wp-content\/uploads\/2016\/08\/ae34225f105e3080ab4e51758e8ae99e.jpg?resize=525%2C300&ssl=1 1.5x, https:\/\/i0.wp.com\/blogdoprosperi.com\/wp-content\/uploads\/2016\/08\/ae34225f105e3080ab4e51758e8ae99e.jpg?resize=700%2C400&ssl=1 2x, https:\/\/i0.wp.com\/blogdoprosperi.com\/wp-content\/uploads\/2016\/08\/ae34225f105e3080ab4e51758e8ae99e.jpg?resize=1050%2C600&ssl=1 3x, https:\/\/i0.wp.com\/blogdoprosperi.com\/wp-content\/uploads\/2016\/08\/ae34225f105e3080ab4e51758e8ae99e.jpg?resize=1400%2C800&ssl=1 4x"},"classes":[]},{"id":33179,"url":"https:\/\/blogdoprosperi.com\/?p=33179","url_meta":{"origin":37356,"position":4},"title":"Palmeiras maior campe\u00e3o","author":"Luiz Ant\u00f4nio Pr\u00f3speri","date":"27 de novembro de 2016","format":false,"excerpt":"\u00a0 Palmeiras nove vezes campe\u00e3o do Brasil. A consagra\u00e7\u00e3o come\u00e7ou em maio, quando venceu o Atl\u00e9tico-PR por 4 a 0 na estreia, e acabou neste domingo (27\/11) ao derrotar a Chapecoense por 1 a 0 no Allianz Parque. Uma conquista irrepar\u00e1vel, repleta de her\u00f3is improv\u00e1veis como Jailson, uma comunh\u00e3o inesquec\u00edvel\u2026","rel":"","context":"Em &quot;Campeonato Brasileiro&quot;","block_context":{"text":"Campeonato Brasileiro","link":"https:\/\/blogdoprosperi.com\/?cat=355071"},"img":{"alt_text":"","src":"https:\/\/i0.wp.com\/blogdoprosperi.com\/wp-content\/uploads\/2016\/11\/imagem_2609_original.jpg?resize=350%2C200&ssl=1","width":350,"height":200,"srcset":"https:\/\/i0.wp.com\/blogdoprosperi.com\/wp-content\/uploads\/2016\/11\/imagem_2609_original.jpg?resize=350%2C200&ssl=1 1x, https:\/\/i0.wp.com\/blogdoprosperi.com\/wp-content\/uploads\/2016\/11\/imagem_2609_original.jpg?resize=525%2C300&ssl=1 1.5x, https:\/\/i0.wp.com\/blogdoprosperi.com\/wp-content\/uploads\/2016\/11\/imagem_2609_original.jpg?resize=700%2C400&ssl=1 2x"},"classes":[]},{"id":22024,"url":"https:\/\/blogdoprosperi.com\/?p=22024","url_meta":{"origin":37356,"position":5},"title":"Palmeiras precisa rever urgente sua estrat\u00e9gia nos jogos no Allianz","author":"Luiz Ant\u00f4nio Pr\u00f3speri","date":"21 de agosto de 2016","format":false,"excerpt":"Palmeiras patina mais uma vez diante da Ponte Preta. Em dois jogos, fez apenas um ponto no Brasileir\u00e3o.\u00a0Ruim a um time que briga para ser campe\u00e3o. Empatar em casa contra advers\u00e1rios do escal\u00e3o intermedi\u00e1rio \u00e9 preju\u00edzo dif\u00edcil de ser recuperado. E obriga Cuca a repensar algumas estrat\u00e9gias quando voltar a\u2026","rel":"","context":"Em &quot;Campeonato Brasileiro&quot;","block_context":{"text":"Campeonato Brasileiro","link":"https:\/\/blogdoprosperi.com\/?cat=355071"},"img":{"alt_text":"","src":"https:\/\/i0.wp.com\/blogdoprosperi.com\/wp-content\/uploads\/2016\/08\/gabriel_jesus_medalha_ouro.jpg?resize=350%2C200&ssl=1","width":350,"height":200,"srcset":"https:\/\/i0.wp.com\/blogdoprosperi.com\/wp-content\/uploads\/2016\/08\/gabriel_jesus_medalha_ouro.jpg?resize=350%2C200&ssl=1 1x, https:\/\/i0.wp.com\/blogdoprosperi.com\/wp-content\/uploads\/2016\/08\/gabriel_jesus_medalha_ouro.jpg?resize=525%2C300&ssl=1 1.5x"},"classes":[]}],"jetpack_featured_media_url":"https:\/\/i0.wp.com\/blogdoprosperi.com\/wp-content\/uploads\/2018\/02\/26594671318_e55e1071f2_b.jpg?fit=698%2C1024&ssl=1","_links":{"self":[{"href":"https:\/\/blogdoprosperi.com\/index.php?rest_route=\/wp\/v2\/posts\/37356","targetHints":{"allow":["GET"]}}],"collection":[{"href":"https:\/\/blogdoprosperi.com\/index.php?rest_route=\/wp\/v2\/posts"}],"about":[{"href":"https:\/\/blogdoprosperi.com\/index.php?rest_route=\/wp\/v2\/types\/post"}],"author":[{"embeddable":true,"href":"https:\/\/blogdoprosperi.com\/index.php?rest_route=\/wp\/v2\/users\/102107496"}],"replies":[{"embeddable":true,"href":"https:\/\/blogdoprosperi.com\/index.php?rest_route=%2Fwp%2Fv2%2Fcomments&post=37356"}],"version-history":[{"count":8,"href":"https:\/\/blogdoprosperi.com\/index.php?rest_route=\/wp\/v2\/posts\/37356\/revisions"}],"predecessor-version":[{"id":37364,"href":"https:\/\/blogdoprosperi.com\/index.php?rest_route=\/wp\/v2\/posts\/37356\/revisions\/37364"}],"wp:featuredmedia":[{"embeddable":true,"href":"https:\/\/blogdoprosperi.com\/index.php?rest_route=\/wp\/v2\/media\/37355"}],"wp:attachment":[{"href":"https:\/\/blogdoprosperi.com\/index.php?rest_route=%2Fwp%2Fv2%2Fmedia&parent=37356"}],"wp:term":[{"taxonomy":"category","embeddable":true,"href":"https:\/\/blogdoprosperi.com\/index.php?rest_route=%2Fwp%2Fv2%2Fcategories&post=37356"},{"taxonomy":"post_tag","embeddable":true,"href":"https:\/\/blogdoprosperi.com\/index.php?rest_route=%2Fwp%2Fv2%2Ftags&post=37356"}],"curies":[{"name":"wp","href":"https:\/\/api.w.org\/{rel}","templated":true}]}}