{"id":37365,"date":"2018-03-05T19:41:36","date_gmt":"2018-03-05T22:41:36","guid":{"rendered":"http:\/\/blogdoprosperi.com\/?p=37365"},"modified":"2018-03-05T23:14:37","modified_gmt":"2018-03-06T02:14:37","slug":"futebol-brasileiro-agoniza-neste-inicio-de-2018","status":"publish","type":"post","link":"https:\/\/blogdoprosperi.com\/?p=37365","title":{"rendered":"Futebol brasileiro agoniza neste in\u00edcio de 2018"},"content":{"rendered":"<div class=\"fusion-flexslider flexslider post-slideshow fusion-post-slideshow\">\n<p>Danilo da Silva dos Santos, 31 anos, identificado como torcedor do Corinthians, foi levado em estado grave para o Hospital Santa Marcelina, em S\u00e3o Paulo, na tarde deste domingo (04\/3). N\u00e3o resistiu aos ferimentos e morreu. Casado, deixa duas filhas.<\/p>\n<\/div>\n<div class=\"post-content\">\n<div id=\"Chuteira_Post_Bottom2\"><\/div>\n<p>Danilo foi espancado por integrantes da Torcida Jovem do Santos, segundo informa a Pol\u00edcia Civil, na regi\u00e3o de Itaquaquecetuba. Do grupo acusado de agress\u00e3o, 12 foram detidos \u2013 um deles adolescente.<\/p>\n<p>A pancadaria que levou \u00e0 morte de Danilo aconteceu a 45 quil\u00f4metros do Pacaembu, onde Santos e Corinthians jogaram cl\u00e1ssico que terminou empatado por 1 a 1.<\/p>\n<p>\u00c9 a terceira morte de um torcedor desde que foi implanta a torcida \u00fanica nos cl\u00e1ssicos paulistas, em abril de 2016, por ordem do Minist\u00e9rio P\u00fablico e Secretaria de Seguran\u00e7a P\u00fablica do Estado, com concord\u00e2ncia dos clubes.<\/p>\n<p>Em Belo Horizonte, neste mesmo domingo de morte em S\u00e3o Paulo, 17 torcedores foram detidos depois de se envolverem em brigas ap\u00f3s o cl\u00e1ssico entre Cruzeiro 1 x 0 Atl\u00e9tico no Horto, regi\u00e3o Leste da capital mineira. A batalha aconteceu no bairro Prado, regi\u00e3o Oeste de BH.<\/p>\n<p>De acordo com relatos de policiais e imagens divulgadas no YouTube, torcedores do Atl\u00e9tico espancaram um cruzeirense, de 30 anos. Socorrido ao Hospital de Pronto Socorro Jo\u00e3o XXIII, estava internado consciente em estado grave at\u00e9 o in\u00edcio da noite desta segunda-feira (05\/3).<\/p>\n<p><em><strong>Veja as imagens da selvageria:<\/strong><\/em><\/p>\n<div class=\"fluid-width-video-wrapper\"><div class=\"jetpack-video-wrapper\"><span class=\"embed-youtube\" style=\"text-align:center; display: block;\"><iframe loading=\"lazy\" class=\"youtube-player\" width=\"940\" height=\"529\" src=\"https:\/\/www.youtube.com\/embed\/f5ttgxttkBY?version=3&#038;rel=1&#038;showsearch=0&#038;showinfo=1&#038;iv_load_policy=1&#038;fs=1&#038;hl=pt-BR&#038;autohide=2&#038;wmode=transparent\" allowfullscreen=\"true\" style=\"border:0;\" sandbox=\"allow-scripts allow-same-origin allow-popups allow-presentation allow-popups-to-escape-sandbox\"><\/iframe><\/span><\/div><\/div>\n<p><strong>Apag\u00e3o no Pacaembu<\/strong><\/p>\n<p>Se fora dos est\u00e1dios a selvageria e viol\u00eancia impera, um retrato fiel desses dias de obscurantismo no Brasil, dentro de campo a decad\u00eancia \u00e9 latente.<\/p>\n<p>Veja o que aconteceu no Pacaembu no cl\u00e1ssico Santos 1 x 1 Corinthians. Um apag\u00e3o no segundo tempo levou \u00e0 paralisa\u00e7\u00e3o do jogo por 49 minutos. Jo\u00e3o Doria, prefeito de S\u00e3o Paulo e torcedor do Santos, estava no est\u00e1dio. Assim que os holofotes se apagaram, Doria saiu de fininho do Pacaembu.<\/p>\n<p>Nesta segunda-feira (05\/3), o prefeito demitiu o administrador do Pacaembu, Jos\u00e9 Eduardo Gomes, e exigiu provid\u00eancias da Eletropaulo, companhia \u00a0de energia do Estado, para analisar o problema dos apag\u00f5es. \u00c9 o terceiro apag\u00e3o do Pacaembu entre janeiro e fevereiro de 2018.<\/p>\n<p>Doria j\u00e1 havia encaminhado a privatiza\u00e7\u00e3o do Pacaembu, entre outros bens p\u00fablicos de S\u00e3o Paulo.<\/p>\n<p>Ao final do jogo, Romero, atacante do Corinthians, disse que o Santos era time pequeno ao comemorar o empate no cl\u00e1ssico. David Braz, zagueiro do Santos, disse que seu time nunca foi rebaixado \u00e0 Segunda Divis\u00e3o.<\/p>\n<p><img data-recalc-dims=\"1\" loading=\"lazy\" decoding=\"async\" class=\"wp-image-23626 lazyloaded\" src=\"https:\/\/i0.wp.com\/cdn01.chuteirafc.cartacapital.com.br\/wp-content\/uploads\/2018\/03\/05184835\/40580396262_ee3ea4ef40_z.jpg?resize=869%2C580\" alt=\"\" width=\"869\" height=\"580\" \/><\/p>\n<p><strong>Bronca contra Juiz<\/strong><\/p>\n<p>Em Belo Horizonte, o\u00a0vice-presidente do Atl\u00e9tico-MG, L\u00e1saro Cunha, disse que seu clube n\u00e3o quer mais o trio de arbitragem do cl\u00e1ssico contra o Cruzeiro \u2013 vit\u00f3ria do Cruzeiro por 1 a 0 neste domingo (04\/3) \u2013 em jogos do Galo. E n\u00e3o poupou at\u00e9 mesmo o t\u00e9cnico do rival, Mano Menezes:<\/p>\n<p>\u201cO Atl\u00e9tico vai pedir o afastamento dos integrantes da arbitragem do cl\u00e1ssico, especialmente do \u00e1rbitro Cleisson Veloso Pereira. Ele foi omisso e cometeu erros que denunciam a sua incapacidade t\u00e9cnica e a falta de preparo para apitar, seja para coibir a viol\u00eancia, no fato espec\u00edfico da agress\u00e3o ao Ricardo Oliveira, seja pelas perturba\u00e7\u00f5es e outros atos praticados pelo t\u00e9cnico do Cruzeiro\u201d<\/p>\n<p>\u201cOs jogadores do rival impediram at\u00e9 que a gente batesse escanteio. O trio foi omisso, al\u00e9m de cometer\u00a0 v\u00e1rios erros b\u00e1sicos. Vamos enviar todas as imagens. Isso \u00e9 de praxe. Estamos pedindo tamb\u00e9m instaura\u00e7\u00e3o de procedimentos disciplinares contra o zagueiro L\u00e9o e contra o t\u00e9cnico Mano Menezes\u201d.<\/p>\n<p><img data-recalc-dims=\"1\" loading=\"lazy\" decoding=\"async\" class=\"wp-image-23628 lazyloaded\" src=\"https:\/\/i0.wp.com\/cdn01.chuteirafc.cartacapital.com.br\/wp-content\/uploads\/2018\/03\/05185204\/40575627742_4fcb1c539c_z.jpg?resize=898%2C599\" alt=\"\" width=\"898\" height=\"599\" \/><\/p>\n<p><strong>Sem arbitragem<\/strong><\/p>\n<p>Na capital cearense, mais pol\u00eamica. Sindicato dos \u00c1rbitros do Cear\u00e1 disse nesta segunda-feira (05\/3) que seus filiados n\u00e3o mais apitar\u00e3o jogos do Fortaleza, time comandado pelo t\u00e9cnico Rogerio Ceni. A decis\u00e3o foi tomada depois de duras cr\u00edticas do presidente do Fortaleza, Marcelo Paz, ap\u00f3s empate por 1 a 1 no cl\u00e1ssico contra o Cear\u00e1, neste domingo, no Castel\u00e3o.<\/p>\n<p>Fortaleza defende a escala\u00e7\u00e3o de \u00e1rbitros fora do quadro da Federa\u00e7\u00e3o Cearense de Futebol nos cl\u00e1ssicos estaduais, um argumento usado pelo clube contra supostos benef\u00edcios da arbitragem local a favor do rival Cear\u00e1.<\/p>\n<p>No Rio, no cl\u00e1ssico Botafogo 0 x 1 Flamengo, neste domingo, pela Ta\u00e7a Rio, o garoto Vinicius Junior foi expulso por jogada violenta no segundo tempo. Vinicius tem 17 anos e foi vendido ao Real Madrid na temporada passada por 40 milh\u00f5es de euros.<\/p>\n<p>Completamos neste fim de semana 40 dias da temporada 2018 do futebol brasileiro. J\u00e1 temos uma morte contabilizada por brigas de torcedores, apag\u00e3o no est\u00e1dio s\u00edmbolo de S\u00e3o Paulo e suspeitas graves de favorecimento de arbitragem a alguns clubes.<\/p>\n<p>Em seis jogos envolvendo clubes brasileiros na primeira rodada da Copa Libertadores, apenas o Palmeiras venceu. Campanha dos times do Brasil registra uma vit\u00f3ria, tr\u00eas empates e duas derrotas \u2013 8 gols marcados, 9 sofridos.<\/p>\n<p>E o presidente da CBF, Marco Polo Delo Nero, ainda cumpre afastamento por 90 dias ao ser banido por corrup\u00e7\u00e3o em dezembro de 2017 de todas atividades no futebol por ordem da Fifa. Bola em jogo.<\/p>\n<p><em><strong><a href=\"http:\/\/chuteirafc.cartacapital.com.br\">(publicado no Chuteira FC \u2013 leia mais not\u00edcias e opini\u00e3o de futebol)<\/a><\/strong><\/em><\/p>\n<\/div>\n","protected":false},"excerpt":{"rendered":"<p>Danilo da Silva dos Santos, 31 anos, identificado como torcedor do Corinthians, foi levado em estado grave para [&hellip;]<\/p>\n","protected":false},"author":102107496,"featured_media":37366,"comment_status":"open","ping_status":"open","sticky":false,"template":"","format":"standard","meta":{"_coblocks_attr":"","_coblocks_dimensions":"","_coblocks_responsive_height":"","_coblocks_accordion_ie_support":"","_jetpack_newsletter_access":"","_jetpack_dont_email_post_to_subs":false,"_jetpack_newsletter_tier_id":0,"_jetpack_memberships_contains_paywalled_content":false,"_wpcom_ai_launchpad_first_post":false,"_jetpack_feature_clip_id":0,"_jetpack_memberships_contains_paid_content":false,"footnotes":"","jetpack_publicize_message":"","jetpack_publicize_feature_enabled":true,"jetpack_social_post_already_shared":false,"jetpack_social_options":{"image_generator_settings":{"template":"highway","default_image_id":0,"font":"","enabled":false},"version":2},"jetpack_post_was_ever_published":false},"categories":[53870],"tags":[607186893,789560560,6217,12294818,148052117,189793070],"class_list":["post-37365","post","type-post","status-publish","format-standard","has-post-thumbnail","hentry","category-futebol","tag-apagao-pacaembu","tag-futebol","tag-futebol-brasileiro","tag-joao-doria","tag-morte-de-torcedor","tag-santos-1-x-1-corinthians"],"yoast_head":"<!-- This site is optimized with the Yoast SEO plugin v28.4 - https:\/\/yoast.com\/product\/yoast-seo-wordpress\/ -->\n<title>Futebol brasileiro agoniza neste in\u00edcio de 2018 - PR\u00d3SPERI NEWS<\/title>\n<meta name=\"robots\" content=\"index, follow, max-snippet:-1, max-image-preview:large, max-video-preview:-1\" \/>\n<link rel=\"canonical\" href=\"https:\/\/blogdoprosperi.com\/?p=37365\" \/>\n<meta property=\"og:locale\" content=\"pt_BR\" \/>\n<meta property=\"og:type\" content=\"article\" \/>\n<meta property=\"og:title\" content=\"Futebol brasileiro agoniza neste in\u00edcio de 2018 - PR\u00d3SPERI NEWS\" \/>\n<meta property=\"og:description\" content=\"Danilo da Silva dos Santos, 31 anos, identificado como torcedor do Corinthians, foi levado em estado grave para [&hellip;]\" \/>\n<meta property=\"og:url\" content=\"https:\/\/blogdoprosperi.com\/?p=37365\" \/>\n<meta property=\"og:site_name\" content=\"PR\u00d3SPERI NEWS\" \/>\n<meta property=\"article:publisher\" content=\"Luiz Pr\u00f3speri\" \/>\n<meta property=\"article:author\" content=\"Luiz Pr\u00f3speri\" \/>\n<meta property=\"article:published_time\" content=\"2018-03-05T22:41:36+00:00\" \/>\n<meta property=\"article:modified_time\" content=\"2018-03-06T02:14:37+00:00\" \/>\n<meta property=\"og:image\" content=\"https:\/\/i0.wp.com\/blogdoprosperi.com\/wp-content\/uploads\/2018\/03\/age20180304130.jpg?fit=2000%2C1334&ssl=1\" \/>\n\t<meta property=\"og:image:width\" content=\"2000\" \/>\n\t<meta property=\"og:image:height\" content=\"1334\" \/>\n\t<meta property=\"og:image:type\" content=\"image\/jpeg\" \/>\n<meta name=\"author\" content=\"Luiz Ant\u00f4nio Pr\u00f3speri\" \/>\n<meta name=\"twitter:card\" content=\"summary_large_image\" \/>\n<meta name=\"twitter:creator\" content=\"@Luizprosperi\" \/>\n<meta name=\"twitter:site\" content=\"@Luizprosperi\" \/>\n<meta name=\"twitter:label1\" content=\"Escrito por\" \/>\n\t<meta name=\"twitter:data1\" content=\"Luiz Ant\u00f4nio Pr\u00f3speri\" \/>\n\t<meta name=\"twitter:label2\" content=\"Est. tempo de leitura\" \/>\n\t<meta name=\"twitter:data2\" content=\"4 minutos\" \/>\n<script type=\"application\/ld+json\" class=\"yoast-schema-graph\">{\"@context\":\"https:\\\/\\\/schema.org\",\"@graph\":[{\"@type\":\"Article\",\"@id\":\"https:\\\/\\\/blogdoprosperi.com\\\/?p=37365#article\",\"isPartOf\":{\"@id\":\"https:\\\/\\\/blogdoprosperi.com\\\/?p=37365\"},\"author\":{\"name\":\"Luiz Ant\u00f4nio Pr\u00f3speri\",\"@id\":\"https:\\\/\\\/blogdoprosperi.com\\\/#\\\/schema\\\/person\\\/38100755ce3601861ee4fab9b5aa78e9\"},\"headline\":\"Futebol brasileiro agoniza neste in\u00edcio de 2018\",\"datePublished\":\"2018-03-05T22:41:36+00:00\",\"dateModified\":\"2018-03-06T02:14:37+00:00\",\"mainEntityOfPage\":{\"@id\":\"https:\\\/\\\/blogdoprosperi.com\\\/?p=37365\"},\"wordCount\":882,\"commentCount\":1,\"publisher\":{\"@id\":\"https:\\\/\\\/blogdoprosperi.com\\\/#\\\/schema\\\/person\\\/38100755ce3601861ee4fab9b5aa78e9\"},\"image\":{\"@id\":\"https:\\\/\\\/blogdoprosperi.com\\\/?p=37365#primaryimage\"},\"thumbnailUrl\":\"https:\\\/\\\/i0.wp.com\\\/blogdoprosperi.com\\\/wp-content\\\/uploads\\\/2018\\\/03\\\/age20180304130.jpg?fit=2000%2C1334&ssl=1\",\"keywords\":[\"apag\u00e3o Pacaembu\",\"futebol\",\"Futebol brasileiro\",\"Jo\u00e3o Doria\",\"morte de torcedor\",\"Santos 1 x 1 Corinthians\"],\"articleSection\":[\"futebol\"],\"inLanguage\":\"pt-BR\",\"potentialAction\":[{\"@type\":\"CommentAction\",\"name\":\"Comment\",\"target\":[\"https:\\\/\\\/blogdoprosperi.com\\\/?p=37365#respond\"]}]},{\"@type\":\"WebPage\",\"@id\":\"https:\\\/\\\/blogdoprosperi.com\\\/?p=37365\",\"url\":\"https:\\\/\\\/blogdoprosperi.com\\\/?p=37365\",\"name\":\"Futebol brasileiro agoniza neste in\u00edcio de 2018 - PR\u00d3SPERI NEWS\",\"isPartOf\":{\"@id\":\"https:\\\/\\\/blogdoprosperi.com\\\/#website\"},\"primaryImageOfPage\":{\"@id\":\"https:\\\/\\\/blogdoprosperi.com\\\/?p=37365#primaryimage\"},\"image\":{\"@id\":\"https:\\\/\\\/blogdoprosperi.com\\\/?p=37365#primaryimage\"},\"thumbnailUrl\":\"https:\\\/\\\/i0.wp.com\\\/blogdoprosperi.com\\\/wp-content\\\/uploads\\\/2018\\\/03\\\/age20180304130.jpg?fit=2000%2C1334&ssl=1\",\"datePublished\":\"2018-03-05T22:41:36+00:00\",\"dateModified\":\"2018-03-06T02:14:37+00:00\",\"breadcrumb\":{\"@id\":\"https:\\\/\\\/blogdoprosperi.com\\\/?p=37365#breadcrumb\"},\"inLanguage\":\"pt-BR\",\"potentialAction\":[{\"@type\":\"ReadAction\",\"target\":[\"https:\\\/\\\/blogdoprosperi.com\\\/?p=37365\"]}]},{\"@type\":\"ImageObject\",\"inLanguage\":\"pt-BR\",\"@id\":\"https:\\\/\\\/blogdoprosperi.com\\\/?p=37365#primaryimage\",\"url\":\"https:\\\/\\\/i0.wp.com\\\/blogdoprosperi.com\\\/wp-content\\\/uploads\\\/2018\\\/03\\\/age20180304130.jpg?fit=2000%2C1334&ssl=1\",\"contentUrl\":\"https:\\\/\\\/i0.wp.com\\\/blogdoprosperi.com\\\/wp-content\\\/uploads\\\/2018\\\/03\\\/age20180304130.jpg?fit=2000%2C1334&ssl=1\",\"width\":2000,\"height\":1334,\"caption\":\"Pacaembu sofre terceiro apag\u00e3o em 2018. Dessa vez, foram 49 minutos no cl\u00e1ssico Santos 1 x 1 Corinthians - foto: reprodu\u00e7\u00e3o TV\"},{\"@type\":\"BreadcrumbList\",\"@id\":\"https:\\\/\\\/blogdoprosperi.com\\\/?p=37365#breadcrumb\",\"itemListElement\":[{\"@type\":\"ListItem\",\"position\":1,\"name\":\"In\u00edcio\",\"item\":\"https:\\\/\\\/blogdoprosperi.com\\\/\"},{\"@type\":\"ListItem\",\"position\":2,\"name\":\"Futebol brasileiro agoniza neste in\u00edcio de 2018\"}]},{\"@type\":\"WebSite\",\"@id\":\"https:\\\/\\\/blogdoprosperi.com\\\/#website\",\"url\":\"https:\\\/\\\/blogdoprosperi.com\\\/\",\"name\":\"PR\u00d3SPERI NEWS\",\"description\":\"TUDO \u00c9  FUTEBOL\",\"publisher\":{\"@id\":\"https:\\\/\\\/blogdoprosperi.com\\\/#\\\/schema\\\/person\\\/38100755ce3601861ee4fab9b5aa78e9\"},\"alternateName\":\"blogdoprosperi.com\",\"potentialAction\":[{\"@type\":\"SearchAction\",\"target\":{\"@type\":\"EntryPoint\",\"urlTemplate\":\"https:\\\/\\\/blogdoprosperi.com\\\/?s={search_term_string}\"},\"query-input\":{\"@type\":\"PropertyValueSpecification\",\"valueRequired\":true,\"valueName\":\"search_term_string\"}}],\"inLanguage\":\"pt-BR\"},{\"@type\":[\"Person\",\"Organization\"],\"@id\":\"https:\\\/\\\/blogdoprosperi.com\\\/#\\\/schema\\\/person\\\/38100755ce3601861ee4fab9b5aa78e9\",\"name\":\"Luiz Ant\u00f4nio Pr\u00f3speri\",\"pronouns\":\"ele\",\"image\":{\"@type\":\"ImageObject\",\"inLanguage\":\"pt-BR\",\"@id\":\"https:\\\/\\\/i0.wp.com\\\/blogdoprosperi.com\\\/wp-content\\\/uploads\\\/2026\\\/05\\\/cropped-8059e613-6002-42fa-961e-8e275f575d71-2-5.jpg?fit=1360%2C931&ssl=1\",\"url\":\"https:\\\/\\\/i0.wp.com\\\/blogdoprosperi.com\\\/wp-content\\\/uploads\\\/2026\\\/05\\\/cropped-8059e613-6002-42fa-961e-8e275f575d71-2-5.jpg?fit=1360%2C931&ssl=1\",\"contentUrl\":\"https:\\\/\\\/i0.wp.com\\\/blogdoprosperi.com\\\/wp-content\\\/uploads\\\/2026\\\/05\\\/cropped-8059e613-6002-42fa-961e-8e275f575d71-2-5.jpg?fit=1360%2C931&ssl=1\",\"width\":1360,\"height\":931,\"caption\":\"Luiz Ant\u00f4nio Pr\u00f3speri\"},\"logo\":{\"@id\":\"https:\\\/\\\/i0.wp.com\\\/blogdoprosperi.com\\\/wp-content\\\/uploads\\\/2026\\\/05\\\/cropped-8059e613-6002-42fa-961e-8e275f575d71-2-5.jpg?fit=1360%2C931&ssl=1\"},\"description\":\"Jornalista com carreira dedicada ao esporte. Cobriu 9 Copas do Mundo in loco, 1990 na It\u00e1lia, 1994 nos EUA, 1998 na Fran\u00e7a, 2002 na Coreia do Sul e Jap\u00e3o, 2006 na Alemanha, 2010 na \u00c1frica do Sul, 2014 no Brasil, 2018 na R\u00fassia e 2022 no Qatar. Eurocopas, 1992 na Su\u00e9cia e 1996 na Inglaterra. Copa das Confedera\u00e7\u00f5es de 2005 na Alemanha e 2009 na \u00c1frica do Sul. Rep\u00f3rter e Editor, trabalhou no Jornal da Tarde e Estad\u00e3o, de 1984 a fevereiro de 2016. Colunista, blogueiro. E comentarista de futebol na R\u00e1dio Estad\u00e3o, de 2013 a fevereiro de 2016. Jornalista respons\u00e1vel do \\\"Pr\u00f3speri News\\\" (blogdoprosperi.com).\",\"sameAs\":[\"http:\\\/\\\/blogdoprosperi.com\",\"Luiz Pr\u00f3speri\",\"@luiz_prosperi\",\"https:\\\/\\\/x.com\\\/Luizprosperi\",\"@prosperinacopa\",\"luiz.prosperi@icloud.com\"],\"url\":\"https:\\\/\\\/blogdoprosperi.com\\\/?author=102107496\"}]}<\/script>\n<!-- \/ Yoast SEO plugin. -->","yoast_head_json":{"title":"Futebol brasileiro agoniza neste in\u00edcio de 2018 - PR\u00d3SPERI NEWS","robots":{"index":"index","follow":"follow","max-snippet":"max-snippet:-1","max-image-preview":"max-image-preview:large","max-video-preview":"max-video-preview:-1"},"canonical":"https:\/\/blogdoprosperi.com\/?p=37365","og_locale":"pt_BR","og_type":"article","og_title":"Futebol brasileiro agoniza neste in\u00edcio de 2018 - PR\u00d3SPERI NEWS","og_description":"Danilo da Silva dos Santos, 31 anos, identificado como torcedor do Corinthians, foi levado em estado grave para [&hellip;]","og_url":"https:\/\/blogdoprosperi.com\/?p=37365","og_site_name":"PR\u00d3SPERI NEWS","article_publisher":"Luiz Pr\u00f3speri","article_author":"Luiz Pr\u00f3speri","article_published_time":"2018-03-05T22:41:36+00:00","article_modified_time":"2018-03-06T02:14:37+00:00","og_image":[{"width":2000,"height":1334,"url":"https:\/\/i0.wp.com\/blogdoprosperi.com\/wp-content\/uploads\/2018\/03\/age20180304130.jpg?fit=2000%2C1334&ssl=1","type":"image\/jpeg"}],"author":"Luiz Ant\u00f4nio Pr\u00f3speri","twitter_card":"summary_large_image","twitter_creator":"@Luizprosperi","twitter_site":"@Luizprosperi","twitter_misc":{"Escrito por":"Luiz Ant\u00f4nio Pr\u00f3speri","Est. tempo de leitura":"4 minutos"},"schema":{"@context":"https:\/\/schema.org","@graph":[{"@type":"Article","@id":"https:\/\/blogdoprosperi.com\/?p=37365#article","isPartOf":{"@id":"https:\/\/blogdoprosperi.com\/?p=37365"},"author":{"name":"Luiz Ant\u00f4nio Pr\u00f3speri","@id":"https:\/\/blogdoprosperi.com\/#\/schema\/person\/38100755ce3601861ee4fab9b5aa78e9"},"headline":"Futebol brasileiro agoniza neste in\u00edcio de 2018","datePublished":"2018-03-05T22:41:36+00:00","dateModified":"2018-03-06T02:14:37+00:00","mainEntityOfPage":{"@id":"https:\/\/blogdoprosperi.com\/?p=37365"},"wordCount":882,"commentCount":1,"publisher":{"@id":"https:\/\/blogdoprosperi.com\/#\/schema\/person\/38100755ce3601861ee4fab9b5aa78e9"},"image":{"@id":"https:\/\/blogdoprosperi.com\/?p=37365#primaryimage"},"thumbnailUrl":"https:\/\/i0.wp.com\/blogdoprosperi.com\/wp-content\/uploads\/2018\/03\/age20180304130.jpg?fit=2000%2C1334&ssl=1","keywords":["apag\u00e3o Pacaembu","futebol","Futebol brasileiro","Jo\u00e3o Doria","morte de torcedor","Santos 1 x 1 Corinthians"],"articleSection":["futebol"],"inLanguage":"pt-BR","potentialAction":[{"@type":"CommentAction","name":"Comment","target":["https:\/\/blogdoprosperi.com\/?p=37365#respond"]}]},{"@type":"WebPage","@id":"https:\/\/blogdoprosperi.com\/?p=37365","url":"https:\/\/blogdoprosperi.com\/?p=37365","name":"Futebol brasileiro agoniza neste in\u00edcio de 2018 - PR\u00d3SPERI NEWS","isPartOf":{"@id":"https:\/\/blogdoprosperi.com\/#website"},"primaryImageOfPage":{"@id":"https:\/\/blogdoprosperi.com\/?p=37365#primaryimage"},"image":{"@id":"https:\/\/blogdoprosperi.com\/?p=37365#primaryimage"},"thumbnailUrl":"https:\/\/i0.wp.com\/blogdoprosperi.com\/wp-content\/uploads\/2018\/03\/age20180304130.jpg?fit=2000%2C1334&ssl=1","datePublished":"2018-03-05T22:41:36+00:00","dateModified":"2018-03-06T02:14:37+00:00","breadcrumb":{"@id":"https:\/\/blogdoprosperi.com\/?p=37365#breadcrumb"},"inLanguage":"pt-BR","potentialAction":[{"@type":"ReadAction","target":["https:\/\/blogdoprosperi.com\/?p=37365"]}]},{"@type":"ImageObject","inLanguage":"pt-BR","@id":"https:\/\/blogdoprosperi.com\/?p=37365#primaryimage","url":"https:\/\/i0.wp.com\/blogdoprosperi.com\/wp-content\/uploads\/2018\/03\/age20180304130.jpg?fit=2000%2C1334&ssl=1","contentUrl":"https:\/\/i0.wp.com\/blogdoprosperi.com\/wp-content\/uploads\/2018\/03\/age20180304130.jpg?fit=2000%2C1334&ssl=1","width":2000,"height":1334,"caption":"Pacaembu sofre terceiro apag\u00e3o em 2018. Dessa vez, foram 49 minutos no cl\u00e1ssico Santos 1 x 1 Corinthians - foto: reprodu\u00e7\u00e3o TV"},{"@type":"BreadcrumbList","@id":"https:\/\/blogdoprosperi.com\/?p=37365#breadcrumb","itemListElement":[{"@type":"ListItem","position":1,"name":"In\u00edcio","item":"https:\/\/blogdoprosperi.com\/"},{"@type":"ListItem","position":2,"name":"Futebol brasileiro agoniza neste in\u00edcio de 2018"}]},{"@type":"WebSite","@id":"https:\/\/blogdoprosperi.com\/#website","url":"https:\/\/blogdoprosperi.com\/","name":"PR\u00d3SPERI NEWS","description":"TUDO \u00c9  FUTEBOL","publisher":{"@id":"https:\/\/blogdoprosperi.com\/#\/schema\/person\/38100755ce3601861ee4fab9b5aa78e9"},"alternateName":"blogdoprosperi.com","potentialAction":[{"@type":"SearchAction","target":{"@type":"EntryPoint","urlTemplate":"https:\/\/blogdoprosperi.com\/?s={search_term_string}"},"query-input":{"@type":"PropertyValueSpecification","valueRequired":true,"valueName":"search_term_string"}}],"inLanguage":"pt-BR"},{"@type":["Person","Organization"],"@id":"https:\/\/blogdoprosperi.com\/#\/schema\/person\/38100755ce3601861ee4fab9b5aa78e9","name":"Luiz Ant\u00f4nio Pr\u00f3speri","pronouns":"ele","image":{"@type":"ImageObject","inLanguage":"pt-BR","@id":"https:\/\/i0.wp.com\/blogdoprosperi.com\/wp-content\/uploads\/2026\/05\/cropped-8059e613-6002-42fa-961e-8e275f575d71-2-5.jpg?fit=1360%2C931&ssl=1","url":"https:\/\/i0.wp.com\/blogdoprosperi.com\/wp-content\/uploads\/2026\/05\/cropped-8059e613-6002-42fa-961e-8e275f575d71-2-5.jpg?fit=1360%2C931&ssl=1","contentUrl":"https:\/\/i0.wp.com\/blogdoprosperi.com\/wp-content\/uploads\/2026\/05\/cropped-8059e613-6002-42fa-961e-8e275f575d71-2-5.jpg?fit=1360%2C931&ssl=1","width":1360,"height":931,"caption":"Luiz Ant\u00f4nio Pr\u00f3speri"},"logo":{"@id":"https:\/\/i0.wp.com\/blogdoprosperi.com\/wp-content\/uploads\/2026\/05\/cropped-8059e613-6002-42fa-961e-8e275f575d71-2-5.jpg?fit=1360%2C931&ssl=1"},"description":"Jornalista com carreira dedicada ao esporte. Cobriu 9 Copas do Mundo in loco, 1990 na It\u00e1lia, 1994 nos EUA, 1998 na Fran\u00e7a, 2002 na Coreia do Sul e Jap\u00e3o, 2006 na Alemanha, 2010 na \u00c1frica do Sul, 2014 no Brasil, 2018 na R\u00fassia e 2022 no Qatar. Eurocopas, 1992 na Su\u00e9cia e 1996 na Inglaterra. Copa das Confedera\u00e7\u00f5es de 2005 na Alemanha e 2009 na \u00c1frica do Sul. Rep\u00f3rter e Editor, trabalhou no Jornal da Tarde e Estad\u00e3o, de 1984 a fevereiro de 2016. Colunista, blogueiro. E comentarista de futebol na R\u00e1dio Estad\u00e3o, de 2013 a fevereiro de 2016. Jornalista respons\u00e1vel do \"Pr\u00f3speri News\" (blogdoprosperi.com).","sameAs":["http:\/\/blogdoprosperi.com","Luiz Pr\u00f3speri","@luiz_prosperi","https:\/\/x.com\/Luizprosperi","@prosperinacopa","luiz.prosperi@icloud.com"],"url":"https:\/\/blogdoprosperi.com\/?author=102107496"}]}},"jetpack_publicize_connections":[],"jetpack_likes_enabled":false,"jetpack_sharing_enabled":true,"jetpack_shortlink":"https:\/\/wp.me\/p7jvdk-9IF","jetpack-related-posts":[{"id":366,"url":"https:\/\/blogdoprosperi.com\/?p=366","url_meta":{"origin":37365,"position":0},"title":"Torcida \u00fanica nos cl\u00e1ssicos \u00e9 derrota do futebol","author":"Luiz Ant\u00f4nio Pr\u00f3speri","date":"5 de abril de 2016","format":false,"excerpt":"\u00a0 A Secretaria de Seguran\u00e7a P\u00fablica do Estado de S\u00e3o Paulo, sem consultar ningu\u00e9m do futebol, determinou com uma canetada a presen\u00e7a de torcida \u00fanica em cl\u00e1ssicos paulistas em todos os campeonatos at\u00e9 31 de dezembro. A ordem partiu do governo do estado ap\u00f3s a s\u00e9rie de confrontos de fac\u00e7\u00f5es\u2026","rel":"","context":"Em &quot;futebol&quot;","block_context":{"text":"futebol","link":"https:\/\/blogdoprosperi.com\/?cat=53870"},"img":{"alt_text":"","src":"https:\/\/i0.wp.com\/blogdoprosperi.com\/wp-content\/uploads\/2016\/04\/v-php.jpeg?resize=350%2C200&ssl=1","width":350,"height":200,"srcset":"https:\/\/i0.wp.com\/blogdoprosperi.com\/wp-content\/uploads\/2016\/04\/v-php.jpeg?resize=350%2C200&ssl=1 1x, https:\/\/i0.wp.com\/blogdoprosperi.com\/wp-content\/uploads\/2016\/04\/v-php.jpeg?resize=525%2C300&ssl=1 1.5x, https:\/\/i0.wp.com\/blogdoprosperi.com\/wp-content\/uploads\/2016\/04\/v-php.jpeg?resize=700%2C400&ssl=1 2x"},"classes":[]},{"id":29720,"url":"https:\/\/blogdoprosperi.com\/?p=29720","url_meta":{"origin":37365,"position":1},"title":"Minist\u00e9rio P\u00fablico de S\u00e3o Paulo confirma amea\u00e7a e fecha rua Turiassu, reduto de palmeirenses, com a\u00e7\u00e3o da Pol\u00edcia Militar","author":"Luiz Ant\u00f4nio Pr\u00f3speri","date":"23 de outubro de 2016","format":false,"excerpt":"A\u00e7\u00e3o da Pol\u00edcia Militar neste in\u00edcio de tarde nos arredores do Allianz Parque n\u00e3o \u00e9 uma surpresa a este Blog do Pr\u00f3speri. Em junho, a informa\u00e7\u00e3o estava em um post deste blog, quando o promotor Paulo Castilho, do Minist\u00e9rio P\u00fablico de SP, amea\u00e7ava uma interven\u00e7\u00e3o nas ruas que circundam o\u2026","rel":"","context":"Em &quot;Campeonato Brasileiro&quot;","block_context":{"text":"Campeonato Brasileiro","link":"https:\/\/blogdoprosperi.com\/?cat=355071"},"img":{"alt_text":"","src":"https:\/\/i0.wp.com\/blogdoprosperi.com\/wp-content\/uploads\/2016\/10\/0000030946_0001.jpg?resize=350%2C200","width":350,"height":200,"srcset":"https:\/\/i0.wp.com\/blogdoprosperi.com\/wp-content\/uploads\/2016\/10\/0000030946_0001.jpg?resize=350%2C200 1x, https:\/\/i0.wp.com\/blogdoprosperi.com\/wp-content\/uploads\/2016\/10\/0000030946_0001.jpg?resize=525%2C300 1.5x"},"classes":[]},{"id":30078,"url":"https:\/\/blogdoprosperi.com\/?p=30078","url_meta":{"origin":37365,"position":2},"title":"CBF tapa nariz no caso da morte no Mineir\u00e3o e batalha no Maracan\u00e3","author":"Luiz Ant\u00f4nio Pr\u00f3speri","date":"27 de outubro de 2016","format":false,"excerpt":"De domingo (23\/10) a esta quinta-feira (27\/10), dois acontecimentos dentro do Maracan\u00e3 e do Mineir\u00e3o alcan\u00e7am enorme repercuss\u00e3o em todo o Brasil. No Rio, 31 corintianos est\u00e3o detidos aguardando julgamento por se envolverem em confrontos com a Pol\u00edcia Militar no est\u00e1dio s\u00edmbolo do futebol brasileiro antes do jogo Flamengo x\u2026","rel":"","context":"Em &quot;Campeonato Brasileiro&quot;","block_context":{"text":"Campeonato Brasileiro","link":"https:\/\/blogdoprosperi.com\/?cat=355071"},"img":{"alt_text":"","src":"https:\/\/i0.wp.com\/blogdoprosperi.com\/wp-content\/uploads\/2016\/10\/622_6335fbb3-9ed2-3912-9626-4fdcfa03acd2.jpg?resize=350%2C200&ssl=1","width":350,"height":200,"srcset":"https:\/\/i0.wp.com\/blogdoprosperi.com\/wp-content\/uploads\/2016\/10\/622_6335fbb3-9ed2-3912-9626-4fdcfa03acd2.jpg?resize=350%2C200&ssl=1 1x, https:\/\/i0.wp.com\/blogdoprosperi.com\/wp-content\/uploads\/2016\/10\/622_6335fbb3-9ed2-3912-9626-4fdcfa03acd2.jpg?resize=525%2C300&ssl=1 1.5x"},"classes":[]},{"id":14102,"url":"https:\/\/blogdoprosperi.com\/?p=14102","url_meta":{"origin":37365,"position":3},"title":"Minist\u00e9rio P\u00fablico amea\u00e7a vetar reduto de palmeirenses ao arredor do Allianz Parque","author":"Luiz Ant\u00f4nio Pr\u00f3speri","date":"30 de junho de 2016","format":false,"excerpt":"Ref\u00e9ns da viol\u00eancia no futebol, governo, pol\u00edcia, Minist\u00e9rio P\u00fablico, gestores de clubes, federa\u00e7\u00f5es e CBF est\u00e3o perdidos. Desde 1995, quando um torcedor foi morto a pauladas no Pacaembu no confronto entre fac\u00e7\u00f5es de S\u00e3o Paulo e Palmeiras, uma s\u00e9rie de provid\u00eancias, leis e repress\u00e3o n\u00e3o tem evitado batalhas e execu\u00e7\u00f5es\u2026","rel":"","context":"Em &quot;futebol&quot;","block_context":{"text":"futebol","link":"https:\/\/blogdoprosperi.com\/?cat=53870"},"img":{"alt_text":"","src":"https:\/\/i0.wp.com\/blogdoprosperi.com\/wp-content\/uploads\/2016\/06\/2k994wjy69_3gkhkru6mx_file.jpeg?resize=350%2C200","width":350,"height":200},"classes":[]},{"id":1705,"url":"https:\/\/blogdoprosperi.com\/?p=1705","url_meta":{"origin":37365,"position":4},"title":"Jogos decisivos do Paulist\u00e3o 2016 ter\u00e3o torcida \u00fanica","author":"Luiz Ant\u00f4nio Pr\u00f3speri","date":"19 de abril de 2016","format":false,"excerpt":"\u00a0 Paulo Nobre, presidente do Palmeiras, foi um dos primeiros a defender a ordem autorit\u00e1ria da Secretaria de Seguran\u00e7a P\u00fablica de S\u00e3o Paulo (SSPSP) de estabelecer a presen\u00e7a torcida \u00fanica nos cl\u00e1ssicos em S\u00e3o Paulo. Cuca n\u00e3o concorda. O treinador sabe que se o seu time avan\u00e7ar \u00e0 final contra\u2026","rel":"","context":"Em &quot;futebol&quot;","block_context":{"text":"futebol","link":"https:\/\/blogdoprosperi.com\/?cat=53870"},"img":{"alt_text":"","src":"https:\/\/i0.wp.com\/blogdoprosperi.com\/wp-content\/uploads\/2016\/04\/rib3898.jpg?resize=350%2C200&ssl=1","width":350,"height":200,"srcset":"https:\/\/i0.wp.com\/blogdoprosperi.com\/wp-content\/uploads\/2016\/04\/rib3898.jpg?resize=350%2C200&ssl=1 1x, https:\/\/i0.wp.com\/blogdoprosperi.com\/wp-content\/uploads\/2016\/04\/rib3898.jpg?resize=525%2C300&ssl=1 1.5x"},"classes":[]},{"id":35166,"url":"https:\/\/blogdoprosperi.com\/?p=35166","url_meta":{"origin":37365,"position":5},"title":"Mancha Verde em guerra e a crua realidade dos assassinatos de l\u00edderes de torcidas em todo o Brasil","author":"Luiz Ant\u00f4nio Pr\u00f3speri","date":"4 de mar\u00e7o de 2017","format":false,"excerpt":"O corpo de Moacir Bianchi foi sepultado em um jazigo da Mancha Alviverde no Cemit\u00e9rio do Jaragu\u00e1 na tarde de sexta-feira (3\/3). Moa, como era conhecido, tombou abatido por 22 disparos na madrugada de quinta-feira (2\/3) em uma avenida do bairro Ipiranga, na capital paulista. Fundador da Mancha e um\u2026","rel":"","context":"Em &quot;futebol&quot;","block_context":{"text":"futebol","link":"https:\/\/blogdoprosperi.com\/?cat=53870"},"img":{"alt_text":"","src":"https:\/\/i0.wp.com\/blogdoprosperi.com\/wp-content\/uploads\/2017\/03\/600027-970x600-1.jpeg?resize=350%2C200&ssl=1","width":350,"height":200,"srcset":"https:\/\/i0.wp.com\/blogdoprosperi.com\/wp-content\/uploads\/2017\/03\/600027-970x600-1.jpeg?resize=350%2C200&ssl=1 1x, https:\/\/i0.wp.com\/blogdoprosperi.com\/wp-content\/uploads\/2017\/03\/600027-970x600-1.jpeg?resize=525%2C300&ssl=1 1.5x, https:\/\/i0.wp.com\/blogdoprosperi.com\/wp-content\/uploads\/2017\/03\/600027-970x600-1.jpeg?resize=700%2C400&ssl=1 2x"},"classes":[]}],"jetpack_featured_media_url":"https:\/\/i0.wp.com\/blogdoprosperi.com\/wp-content\/uploads\/2018\/03\/age20180304130.jpg?fit=2000%2C1334&ssl=1","_links":{"self":[{"href":"https:\/\/blogdoprosperi.com\/index.php?rest_route=\/wp\/v2\/posts\/37365","targetHints":{"allow":["GET"]}}],"collection":[{"href":"https:\/\/blogdoprosperi.com\/index.php?rest_route=\/wp\/v2\/posts"}],"about":[{"href":"https:\/\/blogdoprosperi.com\/index.php?rest_route=\/wp\/v2\/types\/post"}],"author":[{"embeddable":true,"href":"https:\/\/blogdoprosperi.com\/index.php?rest_route=\/wp\/v2\/users\/102107496"}],"replies":[{"embeddable":true,"href":"https:\/\/blogdoprosperi.com\/index.php?rest_route=%2Fwp%2Fv2%2Fcomments&post=37365"}],"version-history":[{"count":5,"href":"https:\/\/blogdoprosperi.com\/index.php?rest_route=\/wp\/v2\/posts\/37365\/revisions"}],"predecessor-version":[{"id":37371,"href":"https:\/\/blogdoprosperi.com\/index.php?rest_route=\/wp\/v2\/posts\/37365\/revisions\/37371"}],"wp:featuredmedia":[{"embeddable":true,"href":"https:\/\/blogdoprosperi.com\/index.php?rest_route=\/wp\/v2\/media\/37366"}],"wp:attachment":[{"href":"https:\/\/blogdoprosperi.com\/index.php?rest_route=%2Fwp%2Fv2%2Fmedia&parent=37365"}],"wp:term":[{"taxonomy":"category","embeddable":true,"href":"https:\/\/blogdoprosperi.com\/index.php?rest_route=%2Fwp%2Fv2%2Fcategories&post=37365"},{"taxonomy":"post_tag","embeddable":true,"href":"https:\/\/blogdoprosperi.com\/index.php?rest_route=%2Fwp%2Fv2%2Ftags&post=37365"}],"curies":[{"name":"wp","href":"https:\/\/api.w.org\/{rel}","templated":true}]}}