{"id":37373,"date":"2018-03-05T23:41:58","date_gmt":"2018-03-06T02:41:58","guid":{"rendered":"http:\/\/blogdoprosperi.com\/?p=37373"},"modified":"2018-03-05T23:44:57","modified_gmt":"2018-03-06T02:44:57","slug":"palmeiras-reserva-sofre-com-vaias","status":"publish","type":"post","link":"https:\/\/blogdoprosperi.com\/?p=37373","title":{"rendered":"Palmeiras reserva sofre com vaias"},"content":{"rendered":"<p>Palmeiras sofre derrota na primeira experi\u00eancia com time reserva no Paulist\u00e3o 2018. Nada funcionou diante do Santo Caetano no Allianz Parque. Resultado: 1 a 0 para o inimigo. Scarpa, Guerra, Keno e Bruno Henrique decepcionaram. Nem entra a\u00ed o fato do desentrosamento. Ningu\u00e9m se imp\u00f4s. Mois\u00e9s, ainda sem ginga, pouco produziu.<\/p>\n<p>&nbsp;<\/p>\n<p class=\"jetpack-slideshow-noscript robots-nocontent\">Este slideshow necessita de JavaScript.<\/p><div id=\"gallery-37373-1-slideshow\" class=\"jetpack-slideshow-window jetpack-slideshow jetpack-slideshow-black\" data-trans=\"fade\" data-autostart=\"1\" data-gallery=\"[{&quot;src&quot;:&quot;https:\\\/\\\/i0.wp.com\\\/blogdoprosperi.com\\\/wp-content\\\/uploads\\\/2018\\\/03\\\/pro3-12.jpg?fit=1940%2C1294\\u0026ssl=1&quot;,&quot;id&quot;:&quot;37372&quot;,&quot;title&quot;:&quot;Keno sofre&quot;,&quot;alt&quot;:&quot;Keno sofre no Palmeiras&quot;,&quot;caption&quot;:&quot;Palmeiras sofre segunda derrota consecutiva no Paulist\\u00e3o 2018 \\u0026#8211; foto: Alex Silva&quot;,&quot;itemprop&quot;:&quot;image&quot;},{&quot;src&quot;:&quot;https:\\\/\\\/i0.wp.com\\\/blogdoprosperi.com\\\/wp-content\\\/uploads\\\/2018\\\/03\\\/pro7-12.jpg?fit=2300%2C1533\\u0026ssl=1&quot;,&quot;id&quot;:&quot;37375&quot;,&quot;title&quot;:&quot;pro7 (12)&quot;,&quot;alt&quot;:&quot;&quot;,&quot;caption&quot;:&quot;&quot;,&quot;itemprop&quot;:&quot;image&quot;},{&quot;src&quot;:&quot;https:\\\/\\\/i0.wp.com\\\/blogdoprosperi.com\\\/wp-content\\\/uploads\\\/2018\\\/03\\\/pro4-9.jpg?fit=2710%2C1807\\u0026ssl=1&quot;,&quot;id&quot;:&quot;37376&quot;,&quot;title&quot;:&quot;pro4 (9)&quot;,&quot;alt&quot;:&quot;&quot;,&quot;caption&quot;:&quot;&quot;,&quot;itemprop&quot;:&quot;image&quot;},{&quot;src&quot;:&quot;https:\\\/\\\/i0.wp.com\\\/blogdoprosperi.com\\\/wp-content\\\/uploads\\\/2018\\\/03\\\/pro1-16.jpg?fit=2834%2C1889\\u0026ssl=1&quot;,&quot;id&quot;:&quot;37377&quot;,&quot;title&quot;:&quot;pro1 (16)&quot;,&quot;alt&quot;:&quot;&quot;,&quot;caption&quot;:&quot;&quot;,&quot;itemprop&quot;:&quot;image&quot;},{&quot;src&quot;:&quot;https:\\\/\\\/i0.wp.com\\\/blogdoprosperi.com\\\/wp-content\\\/uploads\\\/2018\\\/03\\\/pro2-9.jpg?fit=4585%2C3057\\u0026ssl=1&quot;,&quot;id&quot;:&quot;37378&quot;,&quot;title&quot;:&quot;pro2 (9)&quot;,&quot;alt&quot;:&quot;&quot;,&quot;caption&quot;:&quot;&quot;,&quot;itemprop&quot;:&quot;image&quot;}]\" itemscope itemtype=\"https:\/\/schema.org\/ImageGallery\"><\/div>\n<p>T\u00e9cnico Roger Machado percebeu que n\u00e3o vai ser f\u00e1cil fazer de um punhado de reservas um time exemplar. Nem tirar da derrota conclus\u00f5es a respeito da capacidade dos suplentes. A maioria ganhou zero no primeiro teste.<\/p>\n<p>Por isso, as vaias ao final da partida foram o atestado apresentado pelos torcedores ao desempenho geral e de alguns jogadores, em especial lateral Fabiano, respons\u00e1vel pelo gol do Santo Andr\u00e9 \u2013 Chiquinho, aos seis minutos do primeiro tempo.<\/p>\n<p>&#8220;Naturalmente o jogador que n\u00e3o recebe o carinho do torcedor vai fazer um jogo mais inseguro, ou pelo menos n\u00e3o vai ter tanta confian\u00e7a para arriscar. O torcedor se comporta da forma que ele bem entende, \u00e9 a paix\u00e3o do torcedor. Ter a tua torcida te vaiando, n\u00e3o desejando que voc\u00ea esteja em campo, s\u00f3 nos d\u00e1 preju\u00edzo. Eu preferia estar em campo com 100 mil advers\u00e1rios me vaiando do que com 2 mil do meu time desejando que eu n\u00e3o estivesse l\u00e1. Mas o jogador tem que se recuperar dentro de campo, fazendo jogos seguros, mostrando que a confian\u00e7a est\u00e1 de volta. Eu tenho confian\u00e7a, sen\u00e3o n\u00e3o teria colocado em campo.&#8221;<\/p>\n<p>Vai precisar de muita confian\u00e7a, Roger.<\/p>\n","protected":false},"excerpt":{"rendered":"<p>Palmeiras sofre derrota na primeira experi\u00eancia com time reserva no Paulist\u00e3o 2018. Nada funcionou diante do Santo Caetano [&hellip;]<\/p>\n","protected":false},"author":102107496,"featured_media":37372,"comment_status":"open","ping_status":"open","sticky":false,"template":"","format":"standard","meta":{"_coblocks_attr":"","_coblocks_dimensions":"","_coblocks_responsive_height":"","_coblocks_accordion_ie_support":"","_jetpack_newsletter_access":"","_jetpack_dont_email_post_to_subs":false,"_jetpack_newsletter_tier_id":0,"_jetpack_memberships_contains_paywalled_content":false,"_wpcom_ai_launchpad_first_post":false,"_jetpack_feature_clip_id":0,"_jetpack_memberships_contains_paid_content":false,"footnotes":"","jetpack_publicize_message":"","jetpack_publicize_feature_enabled":true,"jetpack_social_post_already_shared":false,"jetpack_social_options":{"image_generator_settings":{"template":"highway","default_image_id":0,"font":"","enabled":false},"version":2},"jetpack_post_was_ever_published":false},"categories":[53870],"tags":[789560560,387074,607196300,570622364,4558380],"class_list":["post-37373","post","type-post","status-publish","format-standard","has-post-thumbnail","hentry","category-futebol","tag-futebol","tag-keno","tag-palmeiras-0-x-1-santo-andre","tag-paulistao-2018","tag-se-palmeiras"],"yoast_head":"<!-- This site is optimized with the Yoast SEO plugin v28.4 - https:\/\/yoast.com\/product\/yoast-seo-wordpress\/ -->\n<title>Palmeiras reserva sofre com vaias - PR\u00d3SPERI NEWS<\/title>\n<meta name=\"robots\" content=\"index, follow, max-snippet:-1, max-image-preview:large, max-video-preview:-1\" \/>\n<link rel=\"canonical\" href=\"https:\/\/blogdoprosperi.com\/?p=37373\" \/>\n<meta property=\"og:locale\" content=\"pt_BR\" \/>\n<meta property=\"og:type\" content=\"article\" \/>\n<meta property=\"og:title\" content=\"Palmeiras reserva sofre com vaias - PR\u00d3SPERI NEWS\" \/>\n<meta property=\"og:description\" content=\"Palmeiras sofre derrota na primeira experi\u00eancia com time reserva no Paulist\u00e3o 2018. Nada funcionou diante do Santo Caetano [&hellip;]\" \/>\n<meta property=\"og:url\" content=\"https:\/\/blogdoprosperi.com\/?p=37373\" \/>\n<meta property=\"og:site_name\" content=\"PR\u00d3SPERI NEWS\" \/>\n<meta property=\"article:publisher\" content=\"Luiz Pr\u00f3speri\" \/>\n<meta property=\"article:author\" content=\"Luiz Pr\u00f3speri\" \/>\n<meta property=\"article:published_time\" content=\"2018-03-06T02:41:58+00:00\" \/>\n<meta property=\"article:modified_time\" content=\"2018-03-06T02:44:57+00:00\" \/>\n<meta property=\"og:image\" content=\"https:\/\/i0.wp.com\/blogdoprosperi.com\/wp-content\/uploads\/2018\/03\/pro3-12.jpg?fit=1940%2C1294&ssl=1\" \/>\n\t<meta property=\"og:image:width\" content=\"1940\" \/>\n\t<meta property=\"og:image:height\" content=\"1294\" \/>\n\t<meta property=\"og:image:type\" content=\"image\/jpeg\" \/>\n<meta name=\"author\" content=\"Luiz Ant\u00f4nio Pr\u00f3speri\" \/>\n<meta name=\"twitter:card\" content=\"summary_large_image\" \/>\n<meta name=\"twitter:creator\" content=\"@Luizprosperi\" \/>\n<meta name=\"twitter:site\" content=\"@Luizprosperi\" \/>\n<meta name=\"twitter:label1\" content=\"Escrito por\" \/>\n\t<meta name=\"twitter:data1\" content=\"Luiz Ant\u00f4nio Pr\u00f3speri\" \/>\n\t<meta name=\"twitter:label2\" content=\"Est. tempo de leitura\" \/>\n\t<meta name=\"twitter:data2\" content=\"1 minuto\" \/>\n<script type=\"application\/ld+json\" class=\"yoast-schema-graph\">{\"@context\":\"https:\\\/\\\/schema.org\",\"@graph\":[{\"@type\":\"Article\",\"@id\":\"https:\\\/\\\/blogdoprosperi.com\\\/?p=37373#article\",\"isPartOf\":{\"@id\":\"https:\\\/\\\/blogdoprosperi.com\\\/?p=37373\"},\"author\":{\"name\":\"Luiz Ant\u00f4nio Pr\u00f3speri\",\"@id\":\"https:\\\/\\\/blogdoprosperi.com\\\/#\\\/schema\\\/person\\\/38100755ce3601861ee4fab9b5aa78e9\"},\"headline\":\"Palmeiras reserva sofre com vaias\",\"datePublished\":\"2018-03-06T02:41:58+00:00\",\"dateModified\":\"2018-03-06T02:44:57+00:00\",\"mainEntityOfPage\":{\"@id\":\"https:\\\/\\\/blogdoprosperi.com\\\/?p=37373\"},\"wordCount\":270,\"commentCount\":0,\"publisher\":{\"@id\":\"https:\\\/\\\/blogdoprosperi.com\\\/#\\\/schema\\\/person\\\/38100755ce3601861ee4fab9b5aa78e9\"},\"image\":{\"@id\":\"https:\\\/\\\/blogdoprosperi.com\\\/?p=37373#primaryimage\"},\"thumbnailUrl\":\"https:\\\/\\\/i0.wp.com\\\/blogdoprosperi.com\\\/wp-content\\\/uploads\\\/2018\\\/03\\\/pro3-12.jpg?fit=1940%2C1294&ssl=1\",\"keywords\":[\"futebol\",\"Keno\",\"Palmeiras 0 x 1 Santo Andr\u00e9\",\"Paulist\u00e3o 2018\",\"SE Palmeiras\"],\"articleSection\":[\"futebol\"],\"inLanguage\":\"pt-BR\",\"potentialAction\":[{\"@type\":\"CommentAction\",\"name\":\"Comment\",\"target\":[\"https:\\\/\\\/blogdoprosperi.com\\\/?p=37373#respond\"]}]},{\"@type\":\"WebPage\",\"@id\":\"https:\\\/\\\/blogdoprosperi.com\\\/?p=37373\",\"url\":\"https:\\\/\\\/blogdoprosperi.com\\\/?p=37373\",\"name\":\"Palmeiras reserva sofre com vaias - PR\u00d3SPERI NEWS\",\"isPartOf\":{\"@id\":\"https:\\\/\\\/blogdoprosperi.com\\\/#website\"},\"primaryImageOfPage\":{\"@id\":\"https:\\\/\\\/blogdoprosperi.com\\\/?p=37373#primaryimage\"},\"image\":{\"@id\":\"https:\\\/\\\/blogdoprosperi.com\\\/?p=37373#primaryimage\"},\"thumbnailUrl\":\"https:\\\/\\\/i0.wp.com\\\/blogdoprosperi.com\\\/wp-content\\\/uploads\\\/2018\\\/03\\\/pro3-12.jpg?fit=1940%2C1294&ssl=1\",\"datePublished\":\"2018-03-06T02:41:58+00:00\",\"dateModified\":\"2018-03-06T02:44:57+00:00\",\"breadcrumb\":{\"@id\":\"https:\\\/\\\/blogdoprosperi.com\\\/?p=37373#breadcrumb\"},\"inLanguage\":\"pt-BR\",\"potentialAction\":[{\"@type\":\"ReadAction\",\"target\":[\"https:\\\/\\\/blogdoprosperi.com\\\/?p=37373\"]}]},{\"@type\":\"ImageObject\",\"inLanguage\":\"pt-BR\",\"@id\":\"https:\\\/\\\/blogdoprosperi.com\\\/?p=37373#primaryimage\",\"url\":\"https:\\\/\\\/i0.wp.com\\\/blogdoprosperi.com\\\/wp-content\\\/uploads\\\/2018\\\/03\\\/pro3-12.jpg?fit=1940%2C1294&ssl=1\",\"contentUrl\":\"https:\\\/\\\/i0.wp.com\\\/blogdoprosperi.com\\\/wp-content\\\/uploads\\\/2018\\\/03\\\/pro3-12.jpg?fit=1940%2C1294&ssl=1\",\"width\":1940,\"height\":1294,\"caption\":\"Palmeiras sofre segunda derrota consecutiva no Paulist\u00e3o 2018 - foto: Alex Silva\"},{\"@type\":\"BreadcrumbList\",\"@id\":\"https:\\\/\\\/blogdoprosperi.com\\\/?p=37373#breadcrumb\",\"itemListElement\":[{\"@type\":\"ListItem\",\"position\":1,\"name\":\"In\u00edcio\",\"item\":\"https:\\\/\\\/blogdoprosperi.com\\\/\"},{\"@type\":\"ListItem\",\"position\":2,\"name\":\"Palmeiras reserva sofre com vaias\"}]},{\"@type\":\"WebSite\",\"@id\":\"https:\\\/\\\/blogdoprosperi.com\\\/#website\",\"url\":\"https:\\\/\\\/blogdoprosperi.com\\\/\",\"name\":\"PR\u00d3SPERI NEWS\",\"description\":\"TUDO \u00c9  FUTEBOL\",\"publisher\":{\"@id\":\"https:\\\/\\\/blogdoprosperi.com\\\/#\\\/schema\\\/person\\\/38100755ce3601861ee4fab9b5aa78e9\"},\"alternateName\":\"blogdoprosperi.com\",\"potentialAction\":[{\"@type\":\"SearchAction\",\"target\":{\"@type\":\"EntryPoint\",\"urlTemplate\":\"https:\\\/\\\/blogdoprosperi.com\\\/?s={search_term_string}\"},\"query-input\":{\"@type\":\"PropertyValueSpecification\",\"valueRequired\":true,\"valueName\":\"search_term_string\"}}],\"inLanguage\":\"pt-BR\"},{\"@type\":[\"Person\",\"Organization\"],\"@id\":\"https:\\\/\\\/blogdoprosperi.com\\\/#\\\/schema\\\/person\\\/38100755ce3601861ee4fab9b5aa78e9\",\"name\":\"Luiz Ant\u00f4nio Pr\u00f3speri\",\"pronouns\":\"ele\",\"image\":{\"@type\":\"ImageObject\",\"inLanguage\":\"pt-BR\",\"@id\":\"https:\\\/\\\/i0.wp.com\\\/blogdoprosperi.com\\\/wp-content\\\/uploads\\\/2026\\\/05\\\/cropped-8059e613-6002-42fa-961e-8e275f575d71-2-5.jpg?fit=1360%2C931&ssl=1\",\"url\":\"https:\\\/\\\/i0.wp.com\\\/blogdoprosperi.com\\\/wp-content\\\/uploads\\\/2026\\\/05\\\/cropped-8059e613-6002-42fa-961e-8e275f575d71-2-5.jpg?fit=1360%2C931&ssl=1\",\"contentUrl\":\"https:\\\/\\\/i0.wp.com\\\/blogdoprosperi.com\\\/wp-content\\\/uploads\\\/2026\\\/05\\\/cropped-8059e613-6002-42fa-961e-8e275f575d71-2-5.jpg?fit=1360%2C931&ssl=1\",\"width\":1360,\"height\":931,\"caption\":\"Luiz Ant\u00f4nio Pr\u00f3speri\"},\"logo\":{\"@id\":\"https:\\\/\\\/i0.wp.com\\\/blogdoprosperi.com\\\/wp-content\\\/uploads\\\/2026\\\/05\\\/cropped-8059e613-6002-42fa-961e-8e275f575d71-2-5.jpg?fit=1360%2C931&ssl=1\"},\"description\":\"Jornalista com carreira dedicada ao esporte. Cobriu 9 Copas do Mundo in loco, 1990 na It\u00e1lia, 1994 nos EUA, 1998 na Fran\u00e7a, 2002 na Coreia do Sul e Jap\u00e3o, 2006 na Alemanha, 2010 na \u00c1frica do Sul, 2014 no Brasil, 2018 na R\u00fassia e 2022 no Qatar. Eurocopas, 1992 na Su\u00e9cia e 1996 na Inglaterra. Copa das Confedera\u00e7\u00f5es de 2005 na Alemanha e 2009 na \u00c1frica do Sul. Rep\u00f3rter e Editor, trabalhou no Jornal da Tarde e Estad\u00e3o, de 1984 a fevereiro de 2016. Colunista, blogueiro. E comentarista de futebol na R\u00e1dio Estad\u00e3o, de 2013 a fevereiro de 2016. Jornalista respons\u00e1vel do \\\"Pr\u00f3speri News\\\" (blogdoprosperi.com).\",\"sameAs\":[\"http:\\\/\\\/blogdoprosperi.com\",\"Luiz Pr\u00f3speri\",\"@luiz_prosperi\",\"https:\\\/\\\/x.com\\\/Luizprosperi\",\"@prosperinacopa\",\"luiz.prosperi@icloud.com\"],\"url\":\"https:\\\/\\\/blogdoprosperi.com\\\/?author=102107496\"}]}<\/script>\n<!-- \/ Yoast SEO plugin. -->","yoast_head_json":{"title":"Palmeiras reserva sofre com vaias - PR\u00d3SPERI NEWS","robots":{"index":"index","follow":"follow","max-snippet":"max-snippet:-1","max-image-preview":"max-image-preview:large","max-video-preview":"max-video-preview:-1"},"canonical":"https:\/\/blogdoprosperi.com\/?p=37373","og_locale":"pt_BR","og_type":"article","og_title":"Palmeiras reserva sofre com vaias - PR\u00d3SPERI NEWS","og_description":"Palmeiras sofre derrota na primeira experi\u00eancia com time reserva no Paulist\u00e3o 2018. Nada funcionou diante do Santo Caetano [&hellip;]","og_url":"https:\/\/blogdoprosperi.com\/?p=37373","og_site_name":"PR\u00d3SPERI NEWS","article_publisher":"Luiz Pr\u00f3speri","article_author":"Luiz Pr\u00f3speri","article_published_time":"2018-03-06T02:41:58+00:00","article_modified_time":"2018-03-06T02:44:57+00:00","og_image":[{"width":1940,"height":1294,"url":"https:\/\/i0.wp.com\/blogdoprosperi.com\/wp-content\/uploads\/2018\/03\/pro3-12.jpg?fit=1940%2C1294&ssl=1","type":"image\/jpeg"}],"author":"Luiz Ant\u00f4nio Pr\u00f3speri","twitter_card":"summary_large_image","twitter_creator":"@Luizprosperi","twitter_site":"@Luizprosperi","twitter_misc":{"Escrito por":"Luiz Ant\u00f4nio Pr\u00f3speri","Est. tempo de leitura":"1 minuto"},"schema":{"@context":"https:\/\/schema.org","@graph":[{"@type":"Article","@id":"https:\/\/blogdoprosperi.com\/?p=37373#article","isPartOf":{"@id":"https:\/\/blogdoprosperi.com\/?p=37373"},"author":{"name":"Luiz Ant\u00f4nio Pr\u00f3speri","@id":"https:\/\/blogdoprosperi.com\/#\/schema\/person\/38100755ce3601861ee4fab9b5aa78e9"},"headline":"Palmeiras reserva sofre com vaias","datePublished":"2018-03-06T02:41:58+00:00","dateModified":"2018-03-06T02:44:57+00:00","mainEntityOfPage":{"@id":"https:\/\/blogdoprosperi.com\/?p=37373"},"wordCount":270,"commentCount":0,"publisher":{"@id":"https:\/\/blogdoprosperi.com\/#\/schema\/person\/38100755ce3601861ee4fab9b5aa78e9"},"image":{"@id":"https:\/\/blogdoprosperi.com\/?p=37373#primaryimage"},"thumbnailUrl":"https:\/\/i0.wp.com\/blogdoprosperi.com\/wp-content\/uploads\/2018\/03\/pro3-12.jpg?fit=1940%2C1294&ssl=1","keywords":["futebol","Keno","Palmeiras 0 x 1 Santo Andr\u00e9","Paulist\u00e3o 2018","SE Palmeiras"],"articleSection":["futebol"],"inLanguage":"pt-BR","potentialAction":[{"@type":"CommentAction","name":"Comment","target":["https:\/\/blogdoprosperi.com\/?p=37373#respond"]}]},{"@type":"WebPage","@id":"https:\/\/blogdoprosperi.com\/?p=37373","url":"https:\/\/blogdoprosperi.com\/?p=37373","name":"Palmeiras reserva sofre com vaias - PR\u00d3SPERI NEWS","isPartOf":{"@id":"https:\/\/blogdoprosperi.com\/#website"},"primaryImageOfPage":{"@id":"https:\/\/blogdoprosperi.com\/?p=37373#primaryimage"},"image":{"@id":"https:\/\/blogdoprosperi.com\/?p=37373#primaryimage"},"thumbnailUrl":"https:\/\/i0.wp.com\/blogdoprosperi.com\/wp-content\/uploads\/2018\/03\/pro3-12.jpg?fit=1940%2C1294&ssl=1","datePublished":"2018-03-06T02:41:58+00:00","dateModified":"2018-03-06T02:44:57+00:00","breadcrumb":{"@id":"https:\/\/blogdoprosperi.com\/?p=37373#breadcrumb"},"inLanguage":"pt-BR","potentialAction":[{"@type":"ReadAction","target":["https:\/\/blogdoprosperi.com\/?p=37373"]}]},{"@type":"ImageObject","inLanguage":"pt-BR","@id":"https:\/\/blogdoprosperi.com\/?p=37373#primaryimage","url":"https:\/\/i0.wp.com\/blogdoprosperi.com\/wp-content\/uploads\/2018\/03\/pro3-12.jpg?fit=1940%2C1294&ssl=1","contentUrl":"https:\/\/i0.wp.com\/blogdoprosperi.com\/wp-content\/uploads\/2018\/03\/pro3-12.jpg?fit=1940%2C1294&ssl=1","width":1940,"height":1294,"caption":"Palmeiras sofre segunda derrota consecutiva no Paulist\u00e3o 2018 - foto: Alex Silva"},{"@type":"BreadcrumbList","@id":"https:\/\/blogdoprosperi.com\/?p=37373#breadcrumb","itemListElement":[{"@type":"ListItem","position":1,"name":"In\u00edcio","item":"https:\/\/blogdoprosperi.com\/"},{"@type":"ListItem","position":2,"name":"Palmeiras reserva sofre com vaias"}]},{"@type":"WebSite","@id":"https:\/\/blogdoprosperi.com\/#website","url":"https:\/\/blogdoprosperi.com\/","name":"PR\u00d3SPERI NEWS","description":"TUDO \u00c9  FUTEBOL","publisher":{"@id":"https:\/\/blogdoprosperi.com\/#\/schema\/person\/38100755ce3601861ee4fab9b5aa78e9"},"alternateName":"blogdoprosperi.com","potentialAction":[{"@type":"SearchAction","target":{"@type":"EntryPoint","urlTemplate":"https:\/\/blogdoprosperi.com\/?s={search_term_string}"},"query-input":{"@type":"PropertyValueSpecification","valueRequired":true,"valueName":"search_term_string"}}],"inLanguage":"pt-BR"},{"@type":["Person","Organization"],"@id":"https:\/\/blogdoprosperi.com\/#\/schema\/person\/38100755ce3601861ee4fab9b5aa78e9","name":"Luiz Ant\u00f4nio Pr\u00f3speri","pronouns":"ele","image":{"@type":"ImageObject","inLanguage":"pt-BR","@id":"https:\/\/i0.wp.com\/blogdoprosperi.com\/wp-content\/uploads\/2026\/05\/cropped-8059e613-6002-42fa-961e-8e275f575d71-2-5.jpg?fit=1360%2C931&ssl=1","url":"https:\/\/i0.wp.com\/blogdoprosperi.com\/wp-content\/uploads\/2026\/05\/cropped-8059e613-6002-42fa-961e-8e275f575d71-2-5.jpg?fit=1360%2C931&ssl=1","contentUrl":"https:\/\/i0.wp.com\/blogdoprosperi.com\/wp-content\/uploads\/2026\/05\/cropped-8059e613-6002-42fa-961e-8e275f575d71-2-5.jpg?fit=1360%2C931&ssl=1","width":1360,"height":931,"caption":"Luiz Ant\u00f4nio Pr\u00f3speri"},"logo":{"@id":"https:\/\/i0.wp.com\/blogdoprosperi.com\/wp-content\/uploads\/2026\/05\/cropped-8059e613-6002-42fa-961e-8e275f575d71-2-5.jpg?fit=1360%2C931&ssl=1"},"description":"Jornalista com carreira dedicada ao esporte. Cobriu 9 Copas do Mundo in loco, 1990 na It\u00e1lia, 1994 nos EUA, 1998 na Fran\u00e7a, 2002 na Coreia do Sul e Jap\u00e3o, 2006 na Alemanha, 2010 na \u00c1frica do Sul, 2014 no Brasil, 2018 na R\u00fassia e 2022 no Qatar. Eurocopas, 1992 na Su\u00e9cia e 1996 na Inglaterra. Copa das Confedera\u00e7\u00f5es de 2005 na Alemanha e 2009 na \u00c1frica do Sul. Rep\u00f3rter e Editor, trabalhou no Jornal da Tarde e Estad\u00e3o, de 1984 a fevereiro de 2016. Colunista, blogueiro. E comentarista de futebol na R\u00e1dio Estad\u00e3o, de 2013 a fevereiro de 2016. Jornalista respons\u00e1vel do \"Pr\u00f3speri News\" (blogdoprosperi.com).","sameAs":["http:\/\/blogdoprosperi.com","Luiz Pr\u00f3speri","@luiz_prosperi","https:\/\/x.com\/Luizprosperi","@prosperinacopa","luiz.prosperi@icloud.com"],"url":"https:\/\/blogdoprosperi.com\/?author=102107496"}]}},"jetpack_publicize_connections":[],"jetpack_likes_enabled":false,"jetpack_sharing_enabled":true,"jetpack_shortlink":"https:\/\/wp.me\/p7jvdk-9IN","jetpack-related-posts":[{"id":56164,"url":"https:\/\/blogdoprosperi.com\/?p=56164","url_meta":{"origin":37373,"position":0},"title":"Carnaval Antecipado no Futebol | Na Avenida: Gastos Exorbitantes, Treinadores na Forca, Arbitragem Profissional e Outros Adere\u00e7os","author":"Luiz Ant\u00f4nio Pr\u00f3speri","date":"6 de fevereiro de 2026","format":false,"excerpt":"Luiz Ant\u00f4nio Pr\u00f3speri \u2013 6 fevereiro 2026 (17h55) \u2013 Futebol brasileiro n\u00e3o tem tempo a perder. Nem entra naquela hist\u00f3ria de que o ano come\u00e7a s\u00f3 depois do carnaval. Ali\u00e1s, o nosso mundo da bola vive o seu pr\u00f3prio carnaval de emo\u00e7\u00f5es, destemperos, gastos exorbitantes, cabe\u00e7as de treinadores servidas na\u2026","rel":"","context":"Em &quot;futebol&quot;","block_context":{"text":"futebol","link":"https:\/\/blogdoprosperi.com\/?cat=53870"},"img":{"alt_text":"Tite sofre vaias na derrota do Cruzeiro contra Coritiba","src":"https:\/\/i0.wp.com\/blogdoprosperi.com\/wp-content\/uploads\/2026\/02\/captura-de-tela-2026-02-06-as-17.57.36.png?fit=1200%2C703&ssl=1&resize=350%2C200","width":350,"height":200,"srcset":"https:\/\/i0.wp.com\/blogdoprosperi.com\/wp-content\/uploads\/2026\/02\/captura-de-tela-2026-02-06-as-17.57.36.png?fit=1200%2C703&ssl=1&resize=350%2C200 1x, https:\/\/i0.wp.com\/blogdoprosperi.com\/wp-content\/uploads\/2026\/02\/captura-de-tela-2026-02-06-as-17.57.36.png?fit=1200%2C703&ssl=1&resize=525%2C300 1.5x, https:\/\/i0.wp.com\/blogdoprosperi.com\/wp-content\/uploads\/2026\/02\/captura-de-tela-2026-02-06-as-17.57.36.png?fit=1200%2C703&ssl=1&resize=700%2C400 2x, https:\/\/i0.wp.com\/blogdoprosperi.com\/wp-content\/uploads\/2026\/02\/captura-de-tela-2026-02-06-as-17.57.36.png?fit=1200%2C703&ssl=1&resize=1050%2C600 3x"},"classes":[]},{"id":48114,"url":"https:\/\/blogdoprosperi.com\/?p=48114","url_meta":{"origin":37373,"position":1},"title":"Sete Toques do Fim de Semana | Flamengo Voa, Neymar Aparece, Palmeiras Vaiado e S\u00e3o Paulo Medroso","author":"Luiz Ant\u00f4nio Pr\u00f3speri","date":"17 de fevereiro de 2025","format":false,"excerpt":"Luiz Ant\u00f4nio Pr\u00f3speri \u2013 17 fevereiro (13h45) \u2013 Flamengo voa nas asas de Filipe Lu\u00eds inspirado em Jorge Jesus. Neymar n\u00e3o perdoa, faz primeiro gol na volta ao Santos e seu pai assume parte da gest\u00e3o do clube. Palmeiras curto e grosso leva vaias no Allianz. S\u00e3o Paulo engata quatro\u2026","rel":"","context":"Em &quot;futebol&quot;","block_context":{"text":"futebol","link":"https:\/\/blogdoprosperi.com\/?cat=53870"},"img":{"alt_text":"Flamengo voa","src":"https:\/\/i0.wp.com\/blogdoprosperi.com\/wp-content\/uploads\/2025\/02\/54329315982_77fe863e74_c.jpg?fit=799%2C534&ssl=1&resize=350%2C200","width":350,"height":200,"srcset":"https:\/\/i0.wp.com\/blogdoprosperi.com\/wp-content\/uploads\/2025\/02\/54329315982_77fe863e74_c.jpg?fit=799%2C534&ssl=1&resize=350%2C200 1x, https:\/\/i0.wp.com\/blogdoprosperi.com\/wp-content\/uploads\/2025\/02\/54329315982_77fe863e74_c.jpg?fit=799%2C534&ssl=1&resize=525%2C300 1.5x, https:\/\/i0.wp.com\/blogdoprosperi.com\/wp-content\/uploads\/2025\/02\/54329315982_77fe863e74_c.jpg?fit=799%2C534&ssl=1&resize=700%2C400 2x"},"classes":[]},{"id":48936,"url":"https:\/\/blogdoprosperi.com\/?p=48936","url_meta":{"origin":37373,"position":2},"title":"Paulist\u00e3o | Corinthians Responde com Patente de sua Hist\u00f3ria, Palmeiras Precisa Acelerar as Obras","author":"Luiz Ant\u00f4nio Pr\u00f3speri","date":"17 de mar\u00e7o de 2025","format":false,"excerpt":"A ta\u00e7a na m\u00e3o do Corinthians. Em casa, com mais de 45 mil torcedores \u00e1vidos por um t\u00edtulo que n\u00e3o vem desde 2019, a hora \u00e9 de gritar campe\u00e3o Do lado do Palmeiras, a derrota mostra problemas pontuais de um time em reconstru\u00e7\u00e3o Luiz Ant\u00f4nio Pr\u00f3speri \u2013 17 mar\u00e7o (14h15)\u2026","rel":"","context":"Em &quot;futebol&quot;","block_context":{"text":"futebol","link":"https:\/\/blogdoprosperi.com\/?cat=53870"},"img":{"alt_text":"Yuri Alberto e Memphis, Arco e Flecha do Corinthians","src":"https:\/\/i0.wp.com\/blogdoprosperi.com\/wp-content\/uploads\/2025\/03\/484088853_1228045492018146_9134755333483632067_n-1.jpg?fit=1080%2C1181&ssl=1&resize=350%2C200","width":350,"height":200,"srcset":"https:\/\/i0.wp.com\/blogdoprosperi.com\/wp-content\/uploads\/2025\/03\/484088853_1228045492018146_9134755333483632067_n-1.jpg?fit=1080%2C1181&ssl=1&resize=350%2C200 1x, https:\/\/i0.wp.com\/blogdoprosperi.com\/wp-content\/uploads\/2025\/03\/484088853_1228045492018146_9134755333483632067_n-1.jpg?fit=1080%2C1181&ssl=1&resize=525%2C300 1.5x, https:\/\/i0.wp.com\/blogdoprosperi.com\/wp-content\/uploads\/2025\/03\/484088853_1228045492018146_9134755333483632067_n-1.jpg?fit=1080%2C1181&ssl=1&resize=700%2C400 2x, https:\/\/i0.wp.com\/blogdoprosperi.com\/wp-content\/uploads\/2025\/03\/484088853_1228045492018146_9134755333483632067_n-1.jpg?fit=1080%2C1181&ssl=1&resize=1050%2C600 3x"},"classes":[]},{"id":37403,"url":"https:\/\/blogdoprosperi.com\/?p=37403","url_meta":{"origin":37373,"position":3},"title":"Palmeiras imp\u00f5e seu poder e joga S\u00e3o Paulo no atoleiro","author":"Luiz Ant\u00f4nio Pr\u00f3speri","date":"8 de mar\u00e7o de 2018","format":false,"excerpt":"Palmeiras virou a p\u00e1gina da derrota para o Corinthians ao enquadrar o S\u00e3o Paulo sem nenhum constrangimento. Venceu por 2 a 0, com folga, nesta quinta-feira (08\/3) no Allianz Parque, exibindo patente de quem pretende fazer da temporada 2018 algo marcante. Asfixiou o advers\u00e1rio do come\u00e7o ao fim, tamanha superioridade\u2026","rel":"","context":"Em &quot;futebol&quot;","block_context":{"text":"futebol","link":"https:\/\/blogdoprosperi.com\/?cat=53870"},"img":{"alt_text":"","src":"https:\/\/i0.wp.com\/blogdoprosperi.com\/wp-content\/uploads\/2018\/03\/39804970675_4091efb85e_z.jpg?fit=640%2C396&ssl=1&resize=350%2C200","width":350,"height":200,"srcset":"https:\/\/i0.wp.com\/blogdoprosperi.com\/wp-content\/uploads\/2018\/03\/39804970675_4091efb85e_z.jpg?fit=640%2C396&ssl=1&resize=350%2C200 1x, https:\/\/i0.wp.com\/blogdoprosperi.com\/wp-content\/uploads\/2018\/03\/39804970675_4091efb85e_z.jpg?fit=640%2C396&ssl=1&resize=525%2C300 1.5x"},"classes":[]},{"id":48344,"url":"https:\/\/blogdoprosperi.com\/?p=48344","url_meta":{"origin":37373,"position":4},"title":"Cinco Toques do Fim de Semana | Gol Ol\u00edmpico de Neymar, Palmeiras Calmo e Botafogo Espera o Caub\u00f3i","author":"Luiz Ant\u00f4nio Pr\u00f3speri","date":"24 de fevereiro de 2025","format":false,"excerpt":"Luiz Ant\u00f4nio Pr\u00f3speri \u2013 24 fevereiro (14h15) \u2013 1 NEYMAR, QUEM VAIA TAMB\u00c9M APLAUDE Neymar aparece no est\u00e1dio Major Levy Sobrinho em Limeira \u2013 capacidade para 18 mil torcedores \u2013, gramado razo\u00e1vel e ilumina\u00e7\u00e3o fraca. Joga como se estivesse no Camp Nou do Barcelona ou em Paris no Parque dos\u2026","rel":"","context":"Em &quot;futebol&quot;","block_context":{"text":"futebol","link":"https:\/\/blogdoprosperi.com\/?cat=53870"},"img":{"alt_text":"Neymar, quem vai tamb\u00e9m aplaude","src":"https:\/\/i0.wp.com\/blogdoprosperi.com\/wp-content\/uploads\/2025\/02\/neymar-santos-4-scaled-aspect-ratio-512-320.webp?fit=1200%2C750&ssl=1&resize=350%2C200","width":350,"height":200,"srcset":"https:\/\/i0.wp.com\/blogdoprosperi.com\/wp-content\/uploads\/2025\/02\/neymar-santos-4-scaled-aspect-ratio-512-320.webp?fit=1200%2C750&ssl=1&resize=350%2C200 1x, https:\/\/i0.wp.com\/blogdoprosperi.com\/wp-content\/uploads\/2025\/02\/neymar-santos-4-scaled-aspect-ratio-512-320.webp?fit=1200%2C750&ssl=1&resize=525%2C300 1.5x, https:\/\/i0.wp.com\/blogdoprosperi.com\/wp-content\/uploads\/2025\/02\/neymar-santos-4-scaled-aspect-ratio-512-320.webp?fit=1200%2C750&ssl=1&resize=700%2C400 2x, https:\/\/i0.wp.com\/blogdoprosperi.com\/wp-content\/uploads\/2025\/02\/neymar-santos-4-scaled-aspect-ratio-512-320.webp?fit=1200%2C750&ssl=1&resize=1050%2C600 3x"},"classes":[]},{"id":37356,"url":"https:\/\/blogdoprosperi.com\/?p=37356","url_meta":{"origin":37373,"position":5},"title":"Deixem minha m\u00e3e em paz","author":"Luiz Ant\u00f4nio Pr\u00f3speri","date":"27 de fevereiro de 2018","format":false,"excerpt":"Jailson \u00e9 palmeirense desde menino. Sua m\u00e3e \u00e9 corintiana. Av\u00f3, santista. Em comum, o universo do futebol. Tudo t\u00e3o simples e importante como um copo d'\u00e1gua. Deveria ser assim por gera\u00e7\u00f5es e gera\u00e7\u00f5es da fam\u00edlia do goleiro. Sem ningu\u00e9m se intrometer, nem fazer valer a intoler\u00e2ncia. N\u00e3o h\u00e1 maldade em\u2026","rel":"","context":"Em &quot;futebol&quot;","block_context":{"text":"futebol","link":"https:\/\/blogdoprosperi.com\/?cat=53870"},"img":{"alt_text":"","src":"https:\/\/i0.wp.com\/blogdoprosperi.com\/wp-content\/uploads\/2018\/02\/26594671318_e55e1071f2_b.jpg?fit=698%2C1024&ssl=1&resize=350%2C200","width":350,"height":200,"srcset":"https:\/\/i0.wp.com\/blogdoprosperi.com\/wp-content\/uploads\/2018\/02\/26594671318_e55e1071f2_b.jpg?fit=698%2C1024&ssl=1&resize=350%2C200 1x, https:\/\/i0.wp.com\/blogdoprosperi.com\/wp-content\/uploads\/2018\/02\/26594671318_e55e1071f2_b.jpg?fit=698%2C1024&ssl=1&resize=525%2C300 1.5x"},"classes":[]}],"jetpack_featured_media_url":"https:\/\/i0.wp.com\/blogdoprosperi.com\/wp-content\/uploads\/2018\/03\/pro3-12.jpg?fit=1940%2C1294&ssl=1","_links":{"self":[{"href":"https:\/\/blogdoprosperi.com\/index.php?rest_route=\/wp\/v2\/posts\/37373","targetHints":{"allow":["GET"]}}],"collection":[{"href":"https:\/\/blogdoprosperi.com\/index.php?rest_route=\/wp\/v2\/posts"}],"about":[{"href":"https:\/\/blogdoprosperi.com\/index.php?rest_route=\/wp\/v2\/types\/post"}],"author":[{"embeddable":true,"href":"https:\/\/blogdoprosperi.com\/index.php?rest_route=\/wp\/v2\/users\/102107496"}],"replies":[{"embeddable":true,"href":"https:\/\/blogdoprosperi.com\/index.php?rest_route=%2Fwp%2Fv2%2Fcomments&post=37373"}],"version-history":[{"count":7,"href":"https:\/\/blogdoprosperi.com\/index.php?rest_route=\/wp\/v2\/posts\/37373\/revisions"}],"predecessor-version":[{"id":37384,"href":"https:\/\/blogdoprosperi.com\/index.php?rest_route=\/wp\/v2\/posts\/37373\/revisions\/37384"}],"wp:featuredmedia":[{"embeddable":true,"href":"https:\/\/blogdoprosperi.com\/index.php?rest_route=\/wp\/v2\/media\/37372"}],"wp:attachment":[{"href":"https:\/\/blogdoprosperi.com\/index.php?rest_route=%2Fwp%2Fv2%2Fmedia&parent=37373"}],"wp:term":[{"taxonomy":"category","embeddable":true,"href":"https:\/\/blogdoprosperi.com\/index.php?rest_route=%2Fwp%2Fv2%2Fcategories&post=37373"},{"taxonomy":"post_tag","embeddable":true,"href":"https:\/\/blogdoprosperi.com\/index.php?rest_route=%2Fwp%2Fv2%2Ftags&post=37373"}],"curies":[{"name":"wp","href":"https:\/\/api.w.org\/{rel}","templated":true}]}}