{"id":37418,"date":"2018-04-12T00:43:12","date_gmt":"2018-04-12T03:43:12","guid":{"rendered":"http:\/\/blogdoprosperi.com\/?p=37418"},"modified":"2018-04-12T11:10:57","modified_gmt":"2018-04-12T14:10:57","slug":"palmeiras-e-seu-labirinto","status":"publish","type":"post","link":"https:\/\/blogdoprosperi.com\/?p=37418","title":{"rendered":"Palmeiras e seu labirinto"},"content":{"rendered":"<p>Palmeiras perde a embocadura. N\u00e3o sabe como vencer. Quando parece ter resolvida a quest\u00e3o, apaga a resposta e escolhe outra op\u00e7\u00e3o para marcar o x.<\/p>\n<p>Contra o Boca Juniors, ainda com a ferida ardendo da derrota para o Corinthians na final do Paulist\u00e3o&#8230; Paulistinha&#8230;, n\u00e3o gabaritou nesta quarta-feira. Teve medo. N\u00e3o se imp\u00f4s. Nem mostrou ao tradicional rival argentino quem era o dono do terreiro.<\/p>\n<p>Palmeiras precisa urgente mostrar vitalidade em jogos grandes.<\/p>\n<p>Diante do gigante argentino apresentou uma s\u00e9rie de problemas. Desde a organiza\u00e7\u00e3o defensiva, quando tudo tem de ser resolvido por Felipe Melo e seus arroubos, at\u00e9 na cria\u00e7\u00e3o com o, muitas vezes, lun\u00e1tico Lucas Lima.<\/p>\n<p>A\u00ed cabe um par\u00eantese. Por que Lucas Lima se faz de le\u00e3o num jogo e de gazela no outro? Por que Dudu, sempre conectado com as boas solu\u00e7\u00f5es, se derrete com a ansiedade e se perde no meio do caminho at\u00e9 o gol?<\/p>\n<p>Sem Dudu e Lucas Lima a escrever as leis do time, nada anda. Eles pouco se entendem, se procuram. E isso \u00e9 muito grave. Os diferentes t\u00eam de se entender para o bem do coletivo.<\/p>\n<p>Outra dificuldade, essa sem uma explica\u00e7\u00e3o l\u00f3gica, \u00e9 insistir em dois zagueiros jovens \u2013 Antonio Carlos e Thiago Martins beirando os 20 anos e pouco \u2013 em cen\u00e1rios \u00e1ridos, duros de ser limpos.<\/p>\n<p>Vigorosos e valentes, pensam mais com o f\u00edsico do que com a cabe\u00e7a. Vacilam na hora do bote e esgar\u00e7am nervos de gente que poderia proteg\u00ea-los, como, por exemplo, Felipe Melo.<\/p>\n<p>Palmeiras, mesmo com essas dificuldades, n\u00e3o \u00e9 um po\u00e7o, um alagado. Tem propostas, tem organiza\u00e7\u00e3o, falta ser mais dono de si. De fazer o advers\u00e1rio sentir medo.<\/p>\n<p>\u00c9 a\u00ed que a chave precisa ser virada. N\u00e3o se vence s\u00f3 com a ideia de que vai resolver a parada na hora que bem entender. Um time que pensa assim tem de ser superior ao advers\u00e1rio os 90 minutos. E o Palmeiras n\u00e3o tem seguido esse caminho.<\/p>\n<p>O labirinto \u00e9 logo ali.<\/p>\n","protected":false},"excerpt":{"rendered":"<p>Palmeiras perde a embocadura. N\u00e3o sabe como vencer. Quando parece ter resolvida a quest\u00e3o, apaga a resposta e [&hellip;]<\/p>\n","protected":false},"author":102107496,"featured_media":37421,"comment_status":"open","ping_status":"open","sticky":false,"template":"","format":"standard","meta":{"_coblocks_attr":"","_coblocks_dimensions":"","_coblocks_responsive_height":"","_coblocks_accordion_ie_support":"","_jetpack_newsletter_access":"","_jetpack_dont_email_post_to_subs":false,"_jetpack_newsletter_tier_id":0,"_jetpack_memberships_contains_paywalled_content":false,"_wpcom_ai_launchpad_first_post":false,"_jetpack_feature_clip_id":0,"_jetpack_memberships_contains_paid_content":false,"footnotes":"","jetpack_publicize_message":"","jetpack_publicize_feature_enabled":true,"jetpack_social_post_already_shared":false,"jetpack_social_options":{"image_generator_settings":{"template":"highway","default_image_id":0,"font":"","enabled":false},"version":2},"jetpack_post_was_ever_published":false},"categories":[53870,549702574],"tags":[1058742,237195,1249177,789560560,7202411,4558380],"class_list":["post-37418","post","type-post","status-publish","format-standard","has-post-thumbnail","hentry","category-futebol","category-libertadores-2018","tag-antonio-carlos","tag-boca-juniors","tag-dudu","tag-futebol","tag-lucas-lima","tag-se-palmeiras"],"yoast_head":"<!-- This site is optimized with the Yoast SEO plugin v28.3 - https:\/\/yoast.com\/product\/yoast-seo-wordpress\/ -->\n<title>Palmeiras e seu labirinto - PR\u00d3SPERI NEWS<\/title>\n<meta name=\"robots\" content=\"index, follow, max-snippet:-1, max-image-preview:large, max-video-preview:-1\" \/>\n<link rel=\"canonical\" href=\"https:\/\/blogdoprosperi.com\/?p=37418\" \/>\n<meta property=\"og:locale\" content=\"pt_BR\" \/>\n<meta property=\"og:type\" content=\"article\" \/>\n<meta property=\"og:title\" content=\"Palmeiras e seu labirinto - PR\u00d3SPERI NEWS\" \/>\n<meta property=\"og:description\" content=\"Palmeiras perde a embocadura. N\u00e3o sabe como vencer. Quando parece ter resolvida a quest\u00e3o, apaga a resposta e [&hellip;]\" \/>\n<meta property=\"og:url\" content=\"https:\/\/blogdoprosperi.com\/?p=37418\" \/>\n<meta property=\"og:site_name\" content=\"PR\u00d3SPERI NEWS\" \/>\n<meta property=\"article:publisher\" content=\"Luiz Pr\u00f3speri\" \/>\n<meta property=\"article:author\" content=\"Luiz Pr\u00f3speri\" \/>\n<meta property=\"article:published_time\" content=\"2018-04-12T03:43:12+00:00\" \/>\n<meta property=\"article:modified_time\" content=\"2018-04-12T14:10:57+00:00\" \/>\n<meta property=\"og:image\" content=\"https:\/\/i0.wp.com\/blogdoprosperi.com\/wp-content\/uploads\/2018\/04\/39591669480_b50781fe04_z.jpg?fit=640%2C412&ssl=1\" \/>\n\t<meta property=\"og:image:width\" content=\"640\" \/>\n\t<meta property=\"og:image:height\" content=\"412\" \/>\n\t<meta property=\"og:image:type\" content=\"image\/jpeg\" \/>\n<meta name=\"author\" content=\"Luiz Ant\u00f4nio Pr\u00f3speri\" \/>\n<meta name=\"twitter:card\" content=\"summary_large_image\" \/>\n<meta name=\"twitter:creator\" content=\"@Luizprosperi\" \/>\n<meta name=\"twitter:site\" content=\"@Luizprosperi\" \/>\n<meta name=\"twitter:label1\" content=\"Escrito por\" \/>\n\t<meta name=\"twitter:data1\" content=\"Luiz Ant\u00f4nio Pr\u00f3speri\" \/>\n\t<meta name=\"twitter:label2\" content=\"Est. tempo de leitura\" \/>\n\t<meta name=\"twitter:data2\" content=\"2 minutos\" \/>\n<script type=\"application\/ld+json\" class=\"yoast-schema-graph\">{\"@context\":\"https:\\\/\\\/schema.org\",\"@graph\":[{\"@type\":\"Article\",\"@id\":\"https:\\\/\\\/blogdoprosperi.com\\\/?p=37418#article\",\"isPartOf\":{\"@id\":\"https:\\\/\\\/blogdoprosperi.com\\\/?p=37418\"},\"author\":{\"name\":\"Luiz Ant\u00f4nio Pr\u00f3speri\",\"@id\":\"https:\\\/\\\/blogdoprosperi.com\\\/#\\\/schema\\\/person\\\/38100755ce3601861ee4fab9b5aa78e9\"},\"headline\":\"Palmeiras e seu labirinto\",\"datePublished\":\"2018-04-12T03:43:12+00:00\",\"dateModified\":\"2018-04-12T14:10:57+00:00\",\"mainEntityOfPage\":{\"@id\":\"https:\\\/\\\/blogdoprosperi.com\\\/?p=37418\"},\"wordCount\":354,\"commentCount\":0,\"publisher\":{\"@id\":\"https:\\\/\\\/blogdoprosperi.com\\\/#\\\/schema\\\/person\\\/38100755ce3601861ee4fab9b5aa78e9\"},\"image\":{\"@id\":\"https:\\\/\\\/blogdoprosperi.com\\\/?p=37418#primaryimage\"},\"thumbnailUrl\":\"https:\\\/\\\/i0.wp.com\\\/blogdoprosperi.com\\\/wp-content\\\/uploads\\\/2018\\\/04\\\/39591669480_b50781fe04_z.jpg?fit=640%2C412&ssl=1\",\"keywords\":[\"Antonio Carlos\",\"Boca Juniors\",\"Dudu\",\"futebol\",\"Lucas Lima\",\"SE Palmeiras\"],\"articleSection\":[\"futebol\",\"Libertadores 2018\"],\"inLanguage\":\"pt-BR\",\"potentialAction\":[{\"@type\":\"CommentAction\",\"name\":\"Comment\",\"target\":[\"https:\\\/\\\/blogdoprosperi.com\\\/?p=37418#respond\"]}]},{\"@type\":\"WebPage\",\"@id\":\"https:\\\/\\\/blogdoprosperi.com\\\/?p=37418\",\"url\":\"https:\\\/\\\/blogdoprosperi.com\\\/?p=37418\",\"name\":\"Palmeiras e seu labirinto - PR\u00d3SPERI NEWS\",\"isPartOf\":{\"@id\":\"https:\\\/\\\/blogdoprosperi.com\\\/#website\"},\"primaryImageOfPage\":{\"@id\":\"https:\\\/\\\/blogdoprosperi.com\\\/?p=37418#primaryimage\"},\"image\":{\"@id\":\"https:\\\/\\\/blogdoprosperi.com\\\/?p=37418#primaryimage\"},\"thumbnailUrl\":\"https:\\\/\\\/i0.wp.com\\\/blogdoprosperi.com\\\/wp-content\\\/uploads\\\/2018\\\/04\\\/39591669480_b50781fe04_z.jpg?fit=640%2C412&ssl=1\",\"datePublished\":\"2018-04-12T03:43:12+00:00\",\"dateModified\":\"2018-04-12T14:10:57+00:00\",\"breadcrumb\":{\"@id\":\"https:\\\/\\\/blogdoprosperi.com\\\/?p=37418#breadcrumb\"},\"inLanguage\":\"pt-BR\",\"potentialAction\":[{\"@type\":\"ReadAction\",\"target\":[\"https:\\\/\\\/blogdoprosperi.com\\\/?p=37418\"]}]},{\"@type\":\"ImageObject\",\"inLanguage\":\"pt-BR\",\"@id\":\"https:\\\/\\\/blogdoprosperi.com\\\/?p=37418#primaryimage\",\"url\":\"https:\\\/\\\/i0.wp.com\\\/blogdoprosperi.com\\\/wp-content\\\/uploads\\\/2018\\\/04\\\/39591669480_b50781fe04_z.jpg?fit=640%2C412&ssl=1\",\"contentUrl\":\"https:\\\/\\\/i0.wp.com\\\/blogdoprosperi.com\\\/wp-content\\\/uploads\\\/2018\\\/04\\\/39591669480_b50781fe04_z.jpg?fit=640%2C412&ssl=1\",\"width\":640,\"height\":412,\"caption\":\"Lucas Lima pouco aparece no empate do Palmeiras contra Boca - foto: Ag Palmeiras\"},{\"@type\":\"BreadcrumbList\",\"@id\":\"https:\\\/\\\/blogdoprosperi.com\\\/?p=37418#breadcrumb\",\"itemListElement\":[{\"@type\":\"ListItem\",\"position\":1,\"name\":\"In\u00edcio\",\"item\":\"https:\\\/\\\/blogdoprosperi.com\\\/\"},{\"@type\":\"ListItem\",\"position\":2,\"name\":\"Palmeiras e seu labirinto\"}]},{\"@type\":\"WebSite\",\"@id\":\"https:\\\/\\\/blogdoprosperi.com\\\/#website\",\"url\":\"https:\\\/\\\/blogdoprosperi.com\\\/\",\"name\":\"PR\u00d3SPERI NEWS\",\"description\":\"TUDO \u00c9  FUTEBOL\",\"publisher\":{\"@id\":\"https:\\\/\\\/blogdoprosperi.com\\\/#\\\/schema\\\/person\\\/38100755ce3601861ee4fab9b5aa78e9\"},\"alternateName\":\"blogdoprosperi.com\",\"potentialAction\":[{\"@type\":\"SearchAction\",\"target\":{\"@type\":\"EntryPoint\",\"urlTemplate\":\"https:\\\/\\\/blogdoprosperi.com\\\/?s={search_term_string}\"},\"query-input\":{\"@type\":\"PropertyValueSpecification\",\"valueRequired\":true,\"valueName\":\"search_term_string\"}}],\"inLanguage\":\"pt-BR\"},{\"@type\":[\"Person\",\"Organization\"],\"@id\":\"https:\\\/\\\/blogdoprosperi.com\\\/#\\\/schema\\\/person\\\/38100755ce3601861ee4fab9b5aa78e9\",\"name\":\"Luiz Ant\u00f4nio Pr\u00f3speri\",\"pronouns\":\"ele\",\"image\":{\"@type\":\"ImageObject\",\"inLanguage\":\"pt-BR\",\"@id\":\"https:\\\/\\\/i0.wp.com\\\/blogdoprosperi.com\\\/wp-content\\\/uploads\\\/2026\\\/05\\\/cropped-8059e613-6002-42fa-961e-8e275f575d71-2-5.jpg?fit=1360%2C931&ssl=1\",\"url\":\"https:\\\/\\\/i0.wp.com\\\/blogdoprosperi.com\\\/wp-content\\\/uploads\\\/2026\\\/05\\\/cropped-8059e613-6002-42fa-961e-8e275f575d71-2-5.jpg?fit=1360%2C931&ssl=1\",\"contentUrl\":\"https:\\\/\\\/i0.wp.com\\\/blogdoprosperi.com\\\/wp-content\\\/uploads\\\/2026\\\/05\\\/cropped-8059e613-6002-42fa-961e-8e275f575d71-2-5.jpg?fit=1360%2C931&ssl=1\",\"width\":1360,\"height\":931,\"caption\":\"Luiz Ant\u00f4nio Pr\u00f3speri\"},\"logo\":{\"@id\":\"https:\\\/\\\/i0.wp.com\\\/blogdoprosperi.com\\\/wp-content\\\/uploads\\\/2026\\\/05\\\/cropped-8059e613-6002-42fa-961e-8e275f575d71-2-5.jpg?fit=1360%2C931&ssl=1\"},\"description\":\"Jornalista com carreira dedicada ao esporte. Cobriu 9 Copas do Mundo in loco, 1990 na It\u00e1lia, 1994 nos EUA, 1998 na Fran\u00e7a, 2002 na Coreia do Sul e Jap\u00e3o, 2006 na Alemanha, 2010 na \u00c1frica do Sul, 2014 no Brasil, 2018 na R\u00fassia e 2022 no Qatar. Eurocopas, 1992 na Su\u00e9cia e 1996 na Inglaterra. Copa das Confedera\u00e7\u00f5es de 2005 na Alemanha e 2009 na \u00c1frica do Sul. Rep\u00f3rter e Editor, trabalhou no Jornal da Tarde e Estad\u00e3o, de 1984 a fevereiro de 2016. Colunista, blogueiro. E comentarista de futebol na R\u00e1dio Estad\u00e3o, de 2013 a fevereiro de 2016. Jornalista respons\u00e1vel do \\\"Pr\u00f3speri News\\\" (blogdoprosperi.com).\",\"sameAs\":[\"http:\\\/\\\/blogdoprosperi.com\",\"Luiz Pr\u00f3speri\",\"@luiz_prosperi\",\"https:\\\/\\\/x.com\\\/Luizprosperi\",\"@prosperinacopa\",\"luiz.prosperi@icloud.com\"],\"url\":\"https:\\\/\\\/blogdoprosperi.com\\\/?author=102107496\"}]}<\/script>\n<!-- \/ Yoast SEO plugin. -->","yoast_head_json":{"title":"Palmeiras e seu labirinto - PR\u00d3SPERI NEWS","robots":{"index":"index","follow":"follow","max-snippet":"max-snippet:-1","max-image-preview":"max-image-preview:large","max-video-preview":"max-video-preview:-1"},"canonical":"https:\/\/blogdoprosperi.com\/?p=37418","og_locale":"pt_BR","og_type":"article","og_title":"Palmeiras e seu labirinto - PR\u00d3SPERI NEWS","og_description":"Palmeiras perde a embocadura. N\u00e3o sabe como vencer. Quando parece ter resolvida a quest\u00e3o, apaga a resposta e [&hellip;]","og_url":"https:\/\/blogdoprosperi.com\/?p=37418","og_site_name":"PR\u00d3SPERI NEWS","article_publisher":"Luiz Pr\u00f3speri","article_author":"Luiz Pr\u00f3speri","article_published_time":"2018-04-12T03:43:12+00:00","article_modified_time":"2018-04-12T14:10:57+00:00","og_image":[{"width":640,"height":412,"url":"https:\/\/i0.wp.com\/blogdoprosperi.com\/wp-content\/uploads\/2018\/04\/39591669480_b50781fe04_z.jpg?fit=640%2C412&ssl=1","type":"image\/jpeg"}],"author":"Luiz Ant\u00f4nio Pr\u00f3speri","twitter_card":"summary_large_image","twitter_creator":"@Luizprosperi","twitter_site":"@Luizprosperi","twitter_misc":{"Escrito por":"Luiz Ant\u00f4nio Pr\u00f3speri","Est. tempo de leitura":"2 minutos"},"schema":{"@context":"https:\/\/schema.org","@graph":[{"@type":"Article","@id":"https:\/\/blogdoprosperi.com\/?p=37418#article","isPartOf":{"@id":"https:\/\/blogdoprosperi.com\/?p=37418"},"author":{"name":"Luiz Ant\u00f4nio Pr\u00f3speri","@id":"https:\/\/blogdoprosperi.com\/#\/schema\/person\/38100755ce3601861ee4fab9b5aa78e9"},"headline":"Palmeiras e seu labirinto","datePublished":"2018-04-12T03:43:12+00:00","dateModified":"2018-04-12T14:10:57+00:00","mainEntityOfPage":{"@id":"https:\/\/blogdoprosperi.com\/?p=37418"},"wordCount":354,"commentCount":0,"publisher":{"@id":"https:\/\/blogdoprosperi.com\/#\/schema\/person\/38100755ce3601861ee4fab9b5aa78e9"},"image":{"@id":"https:\/\/blogdoprosperi.com\/?p=37418#primaryimage"},"thumbnailUrl":"https:\/\/i0.wp.com\/blogdoprosperi.com\/wp-content\/uploads\/2018\/04\/39591669480_b50781fe04_z.jpg?fit=640%2C412&ssl=1","keywords":["Antonio Carlos","Boca Juniors","Dudu","futebol","Lucas Lima","SE Palmeiras"],"articleSection":["futebol","Libertadores 2018"],"inLanguage":"pt-BR","potentialAction":[{"@type":"CommentAction","name":"Comment","target":["https:\/\/blogdoprosperi.com\/?p=37418#respond"]}]},{"@type":"WebPage","@id":"https:\/\/blogdoprosperi.com\/?p=37418","url":"https:\/\/blogdoprosperi.com\/?p=37418","name":"Palmeiras e seu labirinto - PR\u00d3SPERI NEWS","isPartOf":{"@id":"https:\/\/blogdoprosperi.com\/#website"},"primaryImageOfPage":{"@id":"https:\/\/blogdoprosperi.com\/?p=37418#primaryimage"},"image":{"@id":"https:\/\/blogdoprosperi.com\/?p=37418#primaryimage"},"thumbnailUrl":"https:\/\/i0.wp.com\/blogdoprosperi.com\/wp-content\/uploads\/2018\/04\/39591669480_b50781fe04_z.jpg?fit=640%2C412&ssl=1","datePublished":"2018-04-12T03:43:12+00:00","dateModified":"2018-04-12T14:10:57+00:00","breadcrumb":{"@id":"https:\/\/blogdoprosperi.com\/?p=37418#breadcrumb"},"inLanguage":"pt-BR","potentialAction":[{"@type":"ReadAction","target":["https:\/\/blogdoprosperi.com\/?p=37418"]}]},{"@type":"ImageObject","inLanguage":"pt-BR","@id":"https:\/\/blogdoprosperi.com\/?p=37418#primaryimage","url":"https:\/\/i0.wp.com\/blogdoprosperi.com\/wp-content\/uploads\/2018\/04\/39591669480_b50781fe04_z.jpg?fit=640%2C412&ssl=1","contentUrl":"https:\/\/i0.wp.com\/blogdoprosperi.com\/wp-content\/uploads\/2018\/04\/39591669480_b50781fe04_z.jpg?fit=640%2C412&ssl=1","width":640,"height":412,"caption":"Lucas Lima pouco aparece no empate do Palmeiras contra Boca - foto: Ag Palmeiras"},{"@type":"BreadcrumbList","@id":"https:\/\/blogdoprosperi.com\/?p=37418#breadcrumb","itemListElement":[{"@type":"ListItem","position":1,"name":"In\u00edcio","item":"https:\/\/blogdoprosperi.com\/"},{"@type":"ListItem","position":2,"name":"Palmeiras e seu labirinto"}]},{"@type":"WebSite","@id":"https:\/\/blogdoprosperi.com\/#website","url":"https:\/\/blogdoprosperi.com\/","name":"PR\u00d3SPERI NEWS","description":"TUDO \u00c9  FUTEBOL","publisher":{"@id":"https:\/\/blogdoprosperi.com\/#\/schema\/person\/38100755ce3601861ee4fab9b5aa78e9"},"alternateName":"blogdoprosperi.com","potentialAction":[{"@type":"SearchAction","target":{"@type":"EntryPoint","urlTemplate":"https:\/\/blogdoprosperi.com\/?s={search_term_string}"},"query-input":{"@type":"PropertyValueSpecification","valueRequired":true,"valueName":"search_term_string"}}],"inLanguage":"pt-BR"},{"@type":["Person","Organization"],"@id":"https:\/\/blogdoprosperi.com\/#\/schema\/person\/38100755ce3601861ee4fab9b5aa78e9","name":"Luiz Ant\u00f4nio Pr\u00f3speri","pronouns":"ele","image":{"@type":"ImageObject","inLanguage":"pt-BR","@id":"https:\/\/i0.wp.com\/blogdoprosperi.com\/wp-content\/uploads\/2026\/05\/cropped-8059e613-6002-42fa-961e-8e275f575d71-2-5.jpg?fit=1360%2C931&ssl=1","url":"https:\/\/i0.wp.com\/blogdoprosperi.com\/wp-content\/uploads\/2026\/05\/cropped-8059e613-6002-42fa-961e-8e275f575d71-2-5.jpg?fit=1360%2C931&ssl=1","contentUrl":"https:\/\/i0.wp.com\/blogdoprosperi.com\/wp-content\/uploads\/2026\/05\/cropped-8059e613-6002-42fa-961e-8e275f575d71-2-5.jpg?fit=1360%2C931&ssl=1","width":1360,"height":931,"caption":"Luiz Ant\u00f4nio Pr\u00f3speri"},"logo":{"@id":"https:\/\/i0.wp.com\/blogdoprosperi.com\/wp-content\/uploads\/2026\/05\/cropped-8059e613-6002-42fa-961e-8e275f575d71-2-5.jpg?fit=1360%2C931&ssl=1"},"description":"Jornalista com carreira dedicada ao esporte. Cobriu 9 Copas do Mundo in loco, 1990 na It\u00e1lia, 1994 nos EUA, 1998 na Fran\u00e7a, 2002 na Coreia do Sul e Jap\u00e3o, 2006 na Alemanha, 2010 na \u00c1frica do Sul, 2014 no Brasil, 2018 na R\u00fassia e 2022 no Qatar. Eurocopas, 1992 na Su\u00e9cia e 1996 na Inglaterra. Copa das Confedera\u00e7\u00f5es de 2005 na Alemanha e 2009 na \u00c1frica do Sul. Rep\u00f3rter e Editor, trabalhou no Jornal da Tarde e Estad\u00e3o, de 1984 a fevereiro de 2016. Colunista, blogueiro. E comentarista de futebol na R\u00e1dio Estad\u00e3o, de 2013 a fevereiro de 2016. Jornalista respons\u00e1vel do \"Pr\u00f3speri News\" (blogdoprosperi.com).","sameAs":["http:\/\/blogdoprosperi.com","Luiz Pr\u00f3speri","@luiz_prosperi","https:\/\/x.com\/Luizprosperi","@prosperinacopa","luiz.prosperi@icloud.com"],"url":"https:\/\/blogdoprosperi.com\/?author=102107496"}]}},"jetpack_publicize_connections":[],"jetpack_likes_enabled":false,"jetpack_sharing_enabled":true,"jetpack_shortlink":"https:\/\/wp.me\/p7jvdk-9Jw","jetpack-related-posts":[{"id":30191,"url":"https:\/\/blogdoprosperi.com\/?p=30191","url_meta":{"origin":37418,"position":0},"title":"Palmeiras joga de olho no empate e paga caro com derrota na Vila Belmiro","author":"Luiz Ant\u00f4nio Pr\u00f3speri","date":"29 de outubro de 2016","format":false,"excerpt":"Palmeiras perdeu uma grande chance de abrir oito pontos de frente ao segundo colocado Flamengo. Diante de um Santos pouco inspirado, mas eficiente, o l\u00edder sofreu a derrota por 1 a 0 na Vila Belmiro. A diferen\u00e7a, que era de seis pontos, caiu para cinco, agora a cinco rodadas do\u2026","rel":"","context":"Em &quot;Campeonato Brasileiro&quot;","block_context":{"text":"Campeonato Brasileiro","link":"https:\/\/blogdoprosperi.com\/?cat=355071"},"img":{"alt_text":"","src":"https:\/\/i0.wp.com\/blogdoprosperi.com\/wp-content\/uploads\/2016\/10\/pro3-22.jpg?resize=350%2C200","width":350,"height":200,"srcset":"https:\/\/i0.wp.com\/blogdoprosperi.com\/wp-content\/uploads\/2016\/10\/pro3-22.jpg?resize=350%2C200 1x, https:\/\/i0.wp.com\/blogdoprosperi.com\/wp-content\/uploads\/2016\/10\/pro3-22.jpg?resize=525%2C300 1.5x, https:\/\/i0.wp.com\/blogdoprosperi.com\/wp-content\/uploads\/2016\/10\/pro3-22.jpg?resize=700%2C400 2x, https:\/\/i0.wp.com\/blogdoprosperi.com\/wp-content\/uploads\/2016\/10\/pro3-22.jpg?resize=1050%2C600 3x, https:\/\/i0.wp.com\/blogdoprosperi.com\/wp-content\/uploads\/2016\/10\/pro3-22.jpg?resize=1400%2C800 4x"},"classes":[]},{"id":15892,"url":"https:\/\/blogdoprosperi.com\/?p=15892","url_meta":{"origin":37418,"position":1},"title":"Palmeiras e Santos, sem ousadia, iludiram mais de 40 mil torcedores no Allianz Parque","author":"Luiz Ant\u00f4nio Pr\u00f3speri","date":"13 de julho de 2016","format":false,"excerpt":"Palmeiras e Santos fecharam a 14.\u00aa rodada do Brasileir\u00e3o com um empate inodoro por 1 a 1. Nenhum dos times arriscou, muito menos explorou todas suas virtudes. Entre os t\u00e9cnicos, Cuca perdeu dois jogadores por les\u00e3o ainda no primeiro tempo e ficou sem a\u00e7\u00e3o quando sofreu o empate e n\u00e3o\u2026","rel":"","context":"Em &quot;Campeonato Brasileiro&quot;","block_context":{"text":"Campeonato Brasileiro","link":"https:\/\/blogdoprosperi.com\/?cat=355071"},"img":{"alt_text":"","src":"https:\/\/i0.wp.com\/blogdoprosperi.com\/wp-content\/uploads\/2016\/07\/pro4-10.jpg?resize=350%2C200","width":350,"height":200,"srcset":"https:\/\/i0.wp.com\/blogdoprosperi.com\/wp-content\/uploads\/2016\/07\/pro4-10.jpg?resize=350%2C200 1x, https:\/\/i0.wp.com\/blogdoprosperi.com\/wp-content\/uploads\/2016\/07\/pro4-10.jpg?resize=525%2C300 1.5x, https:\/\/i0.wp.com\/blogdoprosperi.com\/wp-content\/uploads\/2016\/07\/pro4-10.jpg?resize=700%2C400 2x, https:\/\/i0.wp.com\/blogdoprosperi.com\/wp-content\/uploads\/2016\/07\/pro4-10.jpg?resize=1050%2C600 3x, https:\/\/i0.wp.com\/blogdoprosperi.com\/wp-content\/uploads\/2016\/07\/pro4-10.jpg?resize=1400%2C800 4x"},"classes":[]},{"id":17544,"url":"https:\/\/blogdoprosperi.com\/?p=17544","url_meta":{"origin":37418,"position":2},"title":"Palmeiras se rende \u00e0 for\u00e7a do Atl\u00e9tico-MG e sente falta de Gabriel Jesus","author":"Luiz Ant\u00f4nio Pr\u00f3speri","date":"24 de julho de 2016","format":false,"excerpt":"Palmeiras conheceu um rival de quilate na sua corrida em busca do t\u00edtulo do Campeonato Brasileiro. Pragm\u00e1tico, o Atl\u00e9tico-MG soube se defender a dar uma \u00fanica e mortal ferroada no at\u00e9 ent\u00e3o imbat\u00edvel time de Cuca em sua casa. Venceu por 1 a 0 neste domingo (24\/7) no Allianz Parque\u2026","rel":"","context":"Em &quot;Campeonato Brasileiro&quot;","block_context":{"text":"Campeonato Brasileiro","link":"https:\/\/blogdoprosperi.com\/?cat=355071"},"img":{"alt_text":"","src":"https:\/\/i0.wp.com\/blogdoprosperi.com\/wp-content\/uploads\/2016\/07\/622_847c1ecc-d8b6-320b-8d2b-25e2fed659df.jpg?resize=350%2C200&ssl=1","width":350,"height":200,"srcset":"https:\/\/i0.wp.com\/blogdoprosperi.com\/wp-content\/uploads\/2016\/07\/622_847c1ecc-d8b6-320b-8d2b-25e2fed659df.jpg?resize=350%2C200&ssl=1 1x, https:\/\/i0.wp.com\/blogdoprosperi.com\/wp-content\/uploads\/2016\/07\/622_847c1ecc-d8b6-320b-8d2b-25e2fed659df.jpg?resize=525%2C300&ssl=1 1.5x"},"classes":[]},{"id":32695,"url":"https:\/\/blogdoprosperi.com\/?p=32695","url_meta":{"origin":37418,"position":3},"title":"Palmeiras se imp\u00f5e como l\u00edder, sua sangue em Minas e pode ser campe\u00e3o domingo na sua casa","author":"Luiz Ant\u00f4nio Pr\u00f3speri","date":"17 de novembro de 2016","format":false,"excerpt":"Palmeiras entortou mais um advers\u00e1rio na contagem regressiva rumo ao t\u00edtulo do Brasileir\u00e3o que n\u00e3o conquista h\u00e1 22 anos. Ao empatar por 1 a 1 com o Atl\u00e9tico-MG fora de casa, consolidou a chance de ser campe\u00e3o com duas vit\u00f3rias na sua morada, contra Botafogo e Chapecoense. Ser campe\u00e3o no\u2026","rel":"","context":"Em &quot;Campeonato Brasileiro&quot;","block_context":{"text":"Campeonato Brasileiro","link":"https:\/\/blogdoprosperi.com\/?cat=355071"},"img":{"alt_text":"","src":"https:\/\/i0.wp.com\/blogdoprosperi.com\/wp-content\/uploads\/2016\/11\/gabriel-jesus-palmeiras-asa-copa-do-brasil-07-10-16_1pxg036ccfz4u1holxfxaxs37d.jpg?resize=350%2C200&ssl=1","width":350,"height":200},"classes":[]},{"id":21069,"url":"https:\/\/blogdoprosperi.com\/?p=21069","url_meta":{"origin":37418,"position":4},"title":"Palmeiras mostra autoridade de l\u00edder do Campeonato Brasileiro","author":"Luiz Ant\u00f4nio Pr\u00f3speri","date":"14 de agosto de 2016","format":false,"excerpt":"Palmeiras precisava de uma boa vit\u00f3ria, daquelas com autoridade, fora de casa para alertar aos concorrentes quem, de fato, manda no Brasileir\u00e3o neste in\u00edcio de segundo turno. Os tr\u00eas pontos conquistados diante do Atl\u00e9tico-PR, at\u00e9 ent\u00e3o invicto na sua fortaleza, t\u00eam esse peso. O time de Cuca venceu por 1\u2026","rel":"","context":"Em &quot;Campeonato Brasileiro&quot;","block_context":{"text":"Campeonato Brasileiro","link":"https:\/\/blogdoprosperi.com\/?cat=355071"},"img":{"alt_text":"","src":"https:\/\/i0.wp.com\/blogdoprosperi.com\/wp-content\/uploads\/2016\/08\/ae34225f105e3080ab4e51758e8ae99e.jpg?resize=350%2C200&ssl=1","width":350,"height":200,"srcset":"https:\/\/i0.wp.com\/blogdoprosperi.com\/wp-content\/uploads\/2016\/08\/ae34225f105e3080ab4e51758e8ae99e.jpg?resize=350%2C200&ssl=1 1x, https:\/\/i0.wp.com\/blogdoprosperi.com\/wp-content\/uploads\/2016\/08\/ae34225f105e3080ab4e51758e8ae99e.jpg?resize=525%2C300&ssl=1 1.5x, https:\/\/i0.wp.com\/blogdoprosperi.com\/wp-content\/uploads\/2016\/08\/ae34225f105e3080ab4e51758e8ae99e.jpg?resize=700%2C400&ssl=1 2x, https:\/\/i0.wp.com\/blogdoprosperi.com\/wp-content\/uploads\/2016\/08\/ae34225f105e3080ab4e51758e8ae99e.jpg?resize=1050%2C600&ssl=1 3x, https:\/\/i0.wp.com\/blogdoprosperi.com\/wp-content\/uploads\/2016\/08\/ae34225f105e3080ab4e51758e8ae99e.jpg?resize=1400%2C800&ssl=1 4x"},"classes":[]},{"id":36178,"url":"https:\/\/blogdoprosperi.com\/?p=36178","url_meta":{"origin":37418,"position":5},"title":"Palmeiras perde e Cuca gosta do que viu, Santos ganha e Levir n\u00e3o gosta do que viu","author":"Luiz Ant\u00f4nio Pr\u00f3speri","date":"15 de junho de 2017","format":false,"excerpt":"Santos e Palmeiras mostraram suas contradi\u00e7\u00f5es no cl\u00e1ssico desta quarta-feira (14\/5) na Vila Belmiro. Vitorioso, o dono da casa se acovardou no segundo tempo, sem virtudes t\u00e9cnicas e sem for\u00e7a f\u00edsica. Derrotado, o visitante e atual campe\u00e3o brasileiro se agigantou nos \u00faltimos 45 minutos com bom repert\u00f3rio. An\u00e1lise pode ser\u2026","rel":"","context":"Em &quot;Campeonato Brasileiro&quot;","block_context":{"text":"Campeonato Brasileiro","link":"https:\/\/blogdoprosperi.com\/?cat=355071"},"img":{"alt_text":"","src":"https:\/\/i0.wp.com\/blogdoprosperi.com\/wp-content\/uploads\/2017\/06\/pro11-5.jpg?fit=868%2C1200&ssl=1&resize=350%2C200","width":350,"height":200,"srcset":"https:\/\/i0.wp.com\/blogdoprosperi.com\/wp-content\/uploads\/2017\/06\/pro11-5.jpg?fit=868%2C1200&ssl=1&resize=350%2C200 1x, https:\/\/i0.wp.com\/blogdoprosperi.com\/wp-content\/uploads\/2017\/06\/pro11-5.jpg?fit=868%2C1200&ssl=1&resize=525%2C300 1.5x, https:\/\/i0.wp.com\/blogdoprosperi.com\/wp-content\/uploads\/2017\/06\/pro11-5.jpg?fit=868%2C1200&ssl=1&resize=700%2C400 2x"},"classes":[]}],"jetpack_featured_media_url":"https:\/\/i0.wp.com\/blogdoprosperi.com\/wp-content\/uploads\/2018\/04\/39591669480_b50781fe04_z.jpg?fit=640%2C412&ssl=1","_links":{"self":[{"href":"https:\/\/blogdoprosperi.com\/index.php?rest_route=\/wp\/v2\/posts\/37418","targetHints":{"allow":["GET"]}}],"collection":[{"href":"https:\/\/blogdoprosperi.com\/index.php?rest_route=\/wp\/v2\/posts"}],"about":[{"href":"https:\/\/blogdoprosperi.com\/index.php?rest_route=\/wp\/v2\/types\/post"}],"author":[{"embeddable":true,"href":"https:\/\/blogdoprosperi.com\/index.php?rest_route=\/wp\/v2\/users\/102107496"}],"replies":[{"embeddable":true,"href":"https:\/\/blogdoprosperi.com\/index.php?rest_route=%2Fwp%2Fv2%2Fcomments&post=37418"}],"version-history":[{"count":8,"href":"https:\/\/blogdoprosperi.com\/index.php?rest_route=\/wp\/v2\/posts\/37418\/revisions"}],"predecessor-version":[{"id":37428,"href":"https:\/\/blogdoprosperi.com\/index.php?rest_route=\/wp\/v2\/posts\/37418\/revisions\/37428"}],"wp:featuredmedia":[{"embeddable":true,"href":"https:\/\/blogdoprosperi.com\/index.php?rest_route=\/wp\/v2\/media\/37421"}],"wp:attachment":[{"href":"https:\/\/blogdoprosperi.com\/index.php?rest_route=%2Fwp%2Fv2%2Fmedia&parent=37418"}],"wp:term":[{"taxonomy":"category","embeddable":true,"href":"https:\/\/blogdoprosperi.com\/index.php?rest_route=%2Fwp%2Fv2%2Fcategories&post=37418"},{"taxonomy":"post_tag","embeddable":true,"href":"https:\/\/blogdoprosperi.com\/index.php?rest_route=%2Fwp%2Fv2%2Ftags&post=37418"}],"curies":[{"name":"wp","href":"https:\/\/api.w.org\/{rel}","templated":true}]}}