{"id":37444,"date":"2018-06-23T10:11:57","date_gmt":"2018-06-23T13:11:57","guid":{"rendered":"http:\/\/blogdoprosperi.com\/?p=37444"},"modified":"2018-06-25T07:34:18","modified_gmt":"2018-06-25T10:34:18","slug":"a-foto-da-copa-e-do-brasileiro-rodrigo-villalba","status":"publish","type":"post","link":"https:\/\/blogdoprosperi.com\/?p=37444","title":{"rendered":"A foto da Copa \u00e9 do brasileiro Rodrigo Villalba"},"content":{"rendered":"<div class=\"fusion-page-title-bar fusion-page-title-bar-breadcrumbs fusion-page-title-bar-left\"><\/div>\n<div id=\"main\" class=\"clearfix \">\n<div class=\"fusion-row\">\n<div id=\"content\" class=\"portfolio-one-sidebar\">\n<div id=\"post-29241\" class=\"post post-29241 type-post status-publish format-standard has-post-thumbnail hentry category-destaque2 category-reportagens tag-a-foto-da-copa tag-cionek tag-copa-do-mundo-da-russia tag-fifa tag-mane tag-rodrigo-villalba\">\n<div class=\"fusion-flexslider flexslider post-slideshow fusion-post-slideshow\">\n<ul class=\"slides\">\n<li class=\"flex-active-slide\"><a title=\"Rodrigo Villalba conta como fez a foto da Copa no jogo Senegal e Pol\u00f4nia - foto: Rodrigo Villalba\" href=\"https:\/\/i0.wp.com\/cdn01.chuteirafc.cartacapital.com.br\/wp-content\/uploads\/2018\/06\/22055936\/DgGXdnFX0AUS8pr.jpg\" rel=\"prettyPhoto[gallery29241]\"><img data-recalc-dims=\"1\" decoding=\"async\" class=\"initial lazyloading\" src=\"https:\/\/i0.wp.com\/cdn01.chuteirafc.cartacapital.com.br\/wp-content\/uploads\/2018\/06\/22055936\/DgGXdnFX0AUS8pr.jpg?w=940\" alt=\"\" \/><\/a><\/li>\n<\/ul>\n<\/div>\n<div class=\"post-content\">\n<p><span class=\"alignnone\"><img data-recalc-dims=\"1\" loading=\"lazy\" decoding=\"async\" data-attachment-id=\"14664\" data-permalink=\"https:\/\/blogdoprosperi.com\/?attachment_id=14664\" data-orig-file=\"https:\/\/i0.wp.com\/blogdoprosperi.com\/wp-content\/uploads\/2016\/07\/pro3-81.jpg?fit=2406%2C1536&amp;ssl=1\" data-orig-size=\"2406,1536\" data-comments-opened=\"1\" data-image-meta=\"{&quot;aperture&quot;:&quot;4&quot;,&quot;credit&quot;:&quot;ALEX SILVA&quot;,&quot;camera&quot;:&quot;Canon EOS-1D X&quot;,&quot;caption&quot;:&quot;&quot;,&quot;created_timestamp&quot;:&quot;1467563984&quot;,&quot;copyright&quot;:&quot;ALEX SILVA\/ESTADAO&quot;,&quot;focal_length&quot;:&quot;400&quot;,&quot;iso&quot;:&quot;1000&quot;,&quot;shutter_speed&quot;:&quot;0.00125&quot;,&quot;title&quot;:&quot;&quot;,&quot;orientation&quot;:&quot;1&quot;}\" data-image-title=\"pro3-8\" data-image-description=\"\" data-image-caption=\"\" data-large-file=\"https:\/\/i0.wp.com\/blogdoprosperi.com\/wp-content\/uploads\/2016\/07\/pro3-81.jpg?fit=940%2C600&amp;ssl=1\" class=\"alignnone size-thumbnail wp-image-14664 alignleft lazyloaded\" src=\"https:\/\/i0.wp.com\/cdn01.chuteirafc.cartacapital.com.br\/wp-content\/uploads\/2017\/09\/01115941\/selo_chuteira_russia18-150x150.png?resize=150%2C150\" alt=\"Chuteira FC na Copa do Mundo 2018\" width=\"150\" height=\"150\" \/><\/span><strong>Luiz Ant\u00f4nio Pr\u00f3speri, de S\u00e3o Petersburgo \/ R\u00fassia<\/strong><\/p>\n<p>Rodrigo Villalba, 40 anos, fez a foto da Copa da R\u00fassia. Imagem flagrada na sua lente de 400 mm durante o jogo Senegal 2 x 0 Pol\u00f4nia, dia 19\/6, em Moscou, ganhou o mundo. A Fifa se apoderou da foto e n\u00e3o deu cr\u00e9dito ao autor. S\u00f3 depois da interven\u00e7\u00e3o de uma funcion\u00e1ria brasileira da entidade \u00e9 que o nome de Rodrigo apareceu. Em menos de uma semana alcan\u00e7ou mais de 650 mil de visualiza\u00e7\u00f5es apenas no Instagram da Fifa.<\/p>\n<p>O fot\u00f3grafo \u00e9 brasileiro e h\u00e1 10 anos exerce a profiss\u00e3o no futebol brasileiro e jornalismo. J\u00e1 levou calote do Guarani ao n\u00e3o receber por um projeto de m\u00eddia implantado no clube. Villalba est\u00e1 na R\u00fassia a trabalho pelo site Futebol Interior de Campinas.<\/p>\n<p>Poucas horas antes de o Brasil enfrentar a Costa Rica, em S\u00e3o Petersburgo, Villalba conversou com o <strong>Chuteira FC<\/strong> e contou como fez a foto emblem\u00e1tica.<\/p>\n<p>\u201cEu estava no est\u00e1dio credenciado para fazer o jogo. Quando as duas sele\u00e7\u00f5es (<em>Pol\u00f4nia e Senegal<\/em>) entraram no campo, fiquei impressionado. Muito contraste. Senegal muito negro, negro. Pol\u00f4nia, branca. Fiquei com essa ideia na cabe\u00e7a esperando por um momento.\u201d<\/p>\n<p>Villalba conta que n\u00e3o pensou em fazer a imagem com conota\u00e7\u00e3o de racismo, de, den\u00fancia.<\/p>\n<p>\u201cEu segui o que a Fifa prega, confraterniza\u00e7\u00e3o dos povos. N\u00e3o era o negro e o branco. N\u00e3o pensei nisso, nessa conota\u00e7\u00e3o de racismo. Fiquei esperando por um gesto entre os jogadores.\u201d<\/p>\n<p>Fot\u00f3grafo estava atento. De repente cai um senegal\u00eas e vem um polon\u00eas em socorro para o levantar do gramado. \u201cJogador de Senegal estendeu o bra\u00e7o e eu fiz a foto. Problema que ele vestia uma segunda pele verde. Pensei, assim n\u00e3o. Bra\u00e7o verde, n\u00e3o d\u00e1. \u201d<\/p>\n<p>Jogo rola ainda no primeiro tempo e Villalba aponta a lente. Man\u00e9, o jogador mais famoso de Senegal, cai. Um polon\u00eas, o brasileiro naturalizado polon\u00eas Thiago Cionek, vem em sua dire\u00e7\u00e3o, estende o bra\u00e7o e Man\u00e9 aperta suas m\u00e3os como apoio para sair do ch\u00e3o. Pronto. Villalba dispara o bot\u00e3o e j\u00e1 tem a foto.<\/p>\n<p>Um bra\u00e7o negro, outro branco. Um aperto de m\u00e3os solid\u00e1rias, forte, a esmagar o mundo.<\/p>\n<p><img data-recalc-dims=\"1\" loading=\"lazy\" decoding=\"async\" class=\" wp-image-29247 lazyloaded\" src=\"https:\/\/i0.wp.com\/cdn01.chuteirafc.cartacapital.com.br\/wp-content\/uploads\/2018\/06\/22055944\/20180622_045644-2.jpg?resize=785%2C589\" alt=\"\" width=\"785\" height=\"589\" \/><\/p>\n<p>Satisfeito com o flagrante, \u201cpubliquei no meu Instagram\u201d, disse o fot\u00f3grafo. Viralizou de imediato. A foto ganhou o mundo.<\/p>\n<p>Colegas fot\u00f3grafos de Rodrigo Villalba se renderam \u00e0 imagem. Jarg\u00e3o entre eles, fotojornalistas, a todo o momento que encontram autor da imagem hist\u00f3rica nos est\u00e1dios, disparam: \u201cRodrigo, voc\u00ea j\u00e1 pode ir embora, voltar para o Brasil. A foto da Copa \u00e9 sua\u201d.<\/p>\n<\/div>\n<\/div>\n<\/div>\n<\/div>\n<\/div>\n","protected":false},"excerpt":{"rendered":"<p>Luiz Ant\u00f4nio Pr\u00f3speri, de S\u00e3o Petersburgo \/ R\u00fassia Rodrigo Villalba, 40 anos, fez a foto da Copa da [&hellip;]<\/p>\n","protected":false},"author":102107496,"featured_media":37437,"comment_status":"open","ping_status":"open","sticky":false,"template":"","format":"standard","meta":{"_coblocks_attr":"","_coblocks_dimensions":"","_coblocks_responsive_height":"","_coblocks_accordion_ie_support":"","_jetpack_newsletter_access":"","_jetpack_dont_email_post_to_subs":false,"_jetpack_newsletter_tier_id":0,"_jetpack_memberships_contains_paywalled_content":false,"_wpcom_ai_launchpad_first_post":false,"_jetpack_feature_clip_id":0,"_jetpack_memberships_contains_paid_content":false,"footnotes":"","jetpack_publicize_message":"","jetpack_publicize_feature_enabled":true,"jetpack_social_post_already_shared":false,"jetpack_social_options":{"image_generator_settings":{"template":"highway","default_image_id":0,"font":"","enabled":false},"version":2},"jetpack_post_was_ever_published":false},"categories":[53870],"tags":[789560560],"class_list":["post-37444","post","type-post","status-publish","format-standard","has-post-thumbnail","hentry","category-futebol","tag-futebol"],"yoast_head":"<!-- This site is optimized with the Yoast SEO plugin v28.4 - https:\/\/yoast.com\/product\/yoast-seo-wordpress\/ -->\n<title>A foto da Copa \u00e9 do brasileiro Rodrigo Villalba - PR\u00d3SPERI NEWS<\/title>\n<meta name=\"robots\" content=\"index, follow, max-snippet:-1, max-image-preview:large, max-video-preview:-1\" \/>\n<link rel=\"canonical\" href=\"https:\/\/blogdoprosperi.com\/?p=37444\" \/>\n<meta property=\"og:locale\" content=\"pt_BR\" \/>\n<meta property=\"og:type\" content=\"article\" \/>\n<meta property=\"og:title\" content=\"A foto da Copa \u00e9 do brasileiro Rodrigo Villalba - PR\u00d3SPERI NEWS\" \/>\n<meta property=\"og:description\" content=\"Luiz Ant\u00f4nio Pr\u00f3speri, de S\u00e3o Petersburgo \/ R\u00fassia Rodrigo Villalba, 40 anos, fez a foto da Copa da [&hellip;]\" \/>\n<meta property=\"og:url\" content=\"https:\/\/blogdoprosperi.com\/?p=37444\" \/>\n<meta property=\"og:site_name\" content=\"PR\u00d3SPERI NEWS\" \/>\n<meta property=\"article:publisher\" content=\"Luiz Pr\u00f3speri\" \/>\n<meta property=\"article:author\" content=\"Luiz Pr\u00f3speri\" \/>\n<meta property=\"article:published_time\" content=\"2018-06-23T13:11:57+00:00\" \/>\n<meta property=\"article:modified_time\" content=\"2018-06-25T10:34:18+00:00\" \/>\n<meta property=\"og:image\" content=\"https:\/\/i0.wp.com\/blogdoprosperi.com\/wp-content\/uploads\/2018\/06\/dggxdnfx0aus8pr.jpg?fit=945%2C945&ssl=1\" \/>\n\t<meta property=\"og:image:width\" content=\"945\" \/>\n\t<meta property=\"og:image:height\" content=\"945\" \/>\n\t<meta property=\"og:image:type\" content=\"image\/jpeg\" \/>\n<meta name=\"author\" content=\"Luiz Ant\u00f4nio Pr\u00f3speri\" \/>\n<meta name=\"twitter:card\" content=\"summary_large_image\" \/>\n<meta name=\"twitter:creator\" content=\"@Luizprosperi\" \/>\n<meta name=\"twitter:site\" content=\"@Luizprosperi\" \/>\n<meta name=\"twitter:label1\" content=\"Escrito por\" \/>\n\t<meta name=\"twitter:data1\" content=\"Luiz Ant\u00f4nio Pr\u00f3speri\" \/>\n\t<meta name=\"twitter:label2\" content=\"Est. tempo de leitura\" \/>\n\t<meta name=\"twitter:data2\" content=\"2 minutos\" \/>\n<script type=\"application\/ld+json\" class=\"yoast-schema-graph\">{\"@context\":\"https:\\\/\\\/schema.org\",\"@graph\":[{\"@type\":\"Article\",\"@id\":\"https:\\\/\\\/blogdoprosperi.com\\\/?p=37444#article\",\"isPartOf\":{\"@id\":\"https:\\\/\\\/blogdoprosperi.com\\\/?p=37444\"},\"author\":{\"name\":\"Luiz Ant\u00f4nio Pr\u00f3speri\",\"@id\":\"https:\\\/\\\/blogdoprosperi.com\\\/#\\\/schema\\\/person\\\/38100755ce3601861ee4fab9b5aa78e9\"},\"headline\":\"A foto da Copa \u00e9 do brasileiro Rodrigo Villalba\",\"datePublished\":\"2018-06-23T13:11:57+00:00\",\"dateModified\":\"2018-06-25T10:34:18+00:00\",\"mainEntityOfPage\":{\"@id\":\"https:\\\/\\\/blogdoprosperi.com\\\/?p=37444\"},\"wordCount\":469,\"commentCount\":0,\"publisher\":{\"@id\":\"https:\\\/\\\/blogdoprosperi.com\\\/#\\\/schema\\\/person\\\/38100755ce3601861ee4fab9b5aa78e9\"},\"image\":{\"@id\":\"https:\\\/\\\/blogdoprosperi.com\\\/?p=37444#primaryimage\"},\"thumbnailUrl\":\"https:\\\/\\\/i0.wp.com\\\/blogdoprosperi.com\\\/wp-content\\\/uploads\\\/2018\\\/06\\\/dggxdnfx0aus8pr.jpg?fit=945%2C945&ssl=1\",\"keywords\":[\"futebol\"],\"articleSection\":[\"futebol\"],\"inLanguage\":\"pt-BR\",\"potentialAction\":[{\"@type\":\"CommentAction\",\"name\":\"Comment\",\"target\":[\"https:\\\/\\\/blogdoprosperi.com\\\/?p=37444#respond\"]}]},{\"@type\":\"WebPage\",\"@id\":\"https:\\\/\\\/blogdoprosperi.com\\\/?p=37444\",\"url\":\"https:\\\/\\\/blogdoprosperi.com\\\/?p=37444\",\"name\":\"A foto da Copa \u00e9 do brasileiro Rodrigo Villalba - PR\u00d3SPERI NEWS\",\"isPartOf\":{\"@id\":\"https:\\\/\\\/blogdoprosperi.com\\\/#website\"},\"primaryImageOfPage\":{\"@id\":\"https:\\\/\\\/blogdoprosperi.com\\\/?p=37444#primaryimage\"},\"image\":{\"@id\":\"https:\\\/\\\/blogdoprosperi.com\\\/?p=37444#primaryimage\"},\"thumbnailUrl\":\"https:\\\/\\\/i0.wp.com\\\/blogdoprosperi.com\\\/wp-content\\\/uploads\\\/2018\\\/06\\\/dggxdnfx0aus8pr.jpg?fit=945%2C945&ssl=1\",\"datePublished\":\"2018-06-23T13:11:57+00:00\",\"dateModified\":\"2018-06-25T10:34:18+00:00\",\"breadcrumb\":{\"@id\":\"https:\\\/\\\/blogdoprosperi.com\\\/?p=37444#breadcrumb\"},\"inLanguage\":\"pt-BR\",\"potentialAction\":[{\"@type\":\"ReadAction\",\"target\":[\"https:\\\/\\\/blogdoprosperi.com\\\/?p=37444\"]}]},{\"@type\":\"ImageObject\",\"inLanguage\":\"pt-BR\",\"@id\":\"https:\\\/\\\/blogdoprosperi.com\\\/?p=37444#primaryimage\",\"url\":\"https:\\\/\\\/i0.wp.com\\\/blogdoprosperi.com\\\/wp-content\\\/uploads\\\/2018\\\/06\\\/dggxdnfx0aus8pr.jpg?fit=945%2C945&ssl=1\",\"contentUrl\":\"https:\\\/\\\/i0.wp.com\\\/blogdoprosperi.com\\\/wp-content\\\/uploads\\\/2018\\\/06\\\/dggxdnfx0aus8pr.jpg?fit=945%2C945&ssl=1\",\"width\":945,\"height\":945,\"caption\":\"Pol\u00f4nia 0 x 2 Senegal - 19 de junho, Moscou\"},{\"@type\":\"BreadcrumbList\",\"@id\":\"https:\\\/\\\/blogdoprosperi.com\\\/?p=37444#breadcrumb\",\"itemListElement\":[{\"@type\":\"ListItem\",\"position\":1,\"name\":\"In\u00edcio\",\"item\":\"https:\\\/\\\/blogdoprosperi.com\\\/\"},{\"@type\":\"ListItem\",\"position\":2,\"name\":\"A foto da Copa \u00e9 do brasileiro Rodrigo Villalba\"}]},{\"@type\":\"WebSite\",\"@id\":\"https:\\\/\\\/blogdoprosperi.com\\\/#website\",\"url\":\"https:\\\/\\\/blogdoprosperi.com\\\/\",\"name\":\"PR\u00d3SPERI NEWS\",\"description\":\"TUDO \u00c9  FUTEBOL\",\"publisher\":{\"@id\":\"https:\\\/\\\/blogdoprosperi.com\\\/#\\\/schema\\\/person\\\/38100755ce3601861ee4fab9b5aa78e9\"},\"alternateName\":\"blogdoprosperi.com\",\"potentialAction\":[{\"@type\":\"SearchAction\",\"target\":{\"@type\":\"EntryPoint\",\"urlTemplate\":\"https:\\\/\\\/blogdoprosperi.com\\\/?s={search_term_string}\"},\"query-input\":{\"@type\":\"PropertyValueSpecification\",\"valueRequired\":true,\"valueName\":\"search_term_string\"}}],\"inLanguage\":\"pt-BR\"},{\"@type\":[\"Person\",\"Organization\"],\"@id\":\"https:\\\/\\\/blogdoprosperi.com\\\/#\\\/schema\\\/person\\\/38100755ce3601861ee4fab9b5aa78e9\",\"name\":\"Luiz Ant\u00f4nio Pr\u00f3speri\",\"pronouns\":\"ele\",\"image\":{\"@type\":\"ImageObject\",\"inLanguage\":\"pt-BR\",\"@id\":\"https:\\\/\\\/i0.wp.com\\\/blogdoprosperi.com\\\/wp-content\\\/uploads\\\/2026\\\/05\\\/cropped-8059e613-6002-42fa-961e-8e275f575d71-2-5.jpg?fit=1360%2C931&ssl=1\",\"url\":\"https:\\\/\\\/i0.wp.com\\\/blogdoprosperi.com\\\/wp-content\\\/uploads\\\/2026\\\/05\\\/cropped-8059e613-6002-42fa-961e-8e275f575d71-2-5.jpg?fit=1360%2C931&ssl=1\",\"contentUrl\":\"https:\\\/\\\/i0.wp.com\\\/blogdoprosperi.com\\\/wp-content\\\/uploads\\\/2026\\\/05\\\/cropped-8059e613-6002-42fa-961e-8e275f575d71-2-5.jpg?fit=1360%2C931&ssl=1\",\"width\":1360,\"height\":931,\"caption\":\"Luiz Ant\u00f4nio Pr\u00f3speri\"},\"logo\":{\"@id\":\"https:\\\/\\\/i0.wp.com\\\/blogdoprosperi.com\\\/wp-content\\\/uploads\\\/2026\\\/05\\\/cropped-8059e613-6002-42fa-961e-8e275f575d71-2-5.jpg?fit=1360%2C931&ssl=1\"},\"description\":\"Jornalista com carreira dedicada ao esporte. Cobriu 9 Copas do Mundo in loco, 1990 na It\u00e1lia, 1994 nos EUA, 1998 na Fran\u00e7a, 2002 na Coreia do Sul e Jap\u00e3o, 2006 na Alemanha, 2010 na \u00c1frica do Sul, 2014 no Brasil, 2018 na R\u00fassia e 2022 no Qatar. Eurocopas, 1992 na Su\u00e9cia e 1996 na Inglaterra. Copa das Confedera\u00e7\u00f5es de 2005 na Alemanha e 2009 na \u00c1frica do Sul. Rep\u00f3rter e Editor, trabalhou no Jornal da Tarde e Estad\u00e3o, de 1984 a fevereiro de 2016. Colunista, blogueiro. E comentarista de futebol na R\u00e1dio Estad\u00e3o, de 2013 a fevereiro de 2016. Jornalista respons\u00e1vel do \\\"Pr\u00f3speri News\\\" (blogdoprosperi.com).\",\"sameAs\":[\"http:\\\/\\\/blogdoprosperi.com\",\"Luiz Pr\u00f3speri\",\"@luiz_prosperi\",\"https:\\\/\\\/x.com\\\/Luizprosperi\",\"@prosperinacopa\",\"luiz.prosperi@icloud.com\"],\"url\":\"https:\\\/\\\/blogdoprosperi.com\\\/?author=102107496\"}]}<\/script>\n<!-- \/ Yoast SEO plugin. -->","yoast_head_json":{"title":"A foto da Copa \u00e9 do brasileiro Rodrigo Villalba - PR\u00d3SPERI NEWS","robots":{"index":"index","follow":"follow","max-snippet":"max-snippet:-1","max-image-preview":"max-image-preview:large","max-video-preview":"max-video-preview:-1"},"canonical":"https:\/\/blogdoprosperi.com\/?p=37444","og_locale":"pt_BR","og_type":"article","og_title":"A foto da Copa \u00e9 do brasileiro Rodrigo Villalba - PR\u00d3SPERI NEWS","og_description":"Luiz Ant\u00f4nio Pr\u00f3speri, de S\u00e3o Petersburgo \/ R\u00fassia Rodrigo Villalba, 40 anos, fez a foto da Copa da [&hellip;]","og_url":"https:\/\/blogdoprosperi.com\/?p=37444","og_site_name":"PR\u00d3SPERI NEWS","article_publisher":"Luiz Pr\u00f3speri","article_author":"Luiz Pr\u00f3speri","article_published_time":"2018-06-23T13:11:57+00:00","article_modified_time":"2018-06-25T10:34:18+00:00","og_image":[{"width":945,"height":945,"url":"https:\/\/i0.wp.com\/blogdoprosperi.com\/wp-content\/uploads\/2018\/06\/dggxdnfx0aus8pr.jpg?fit=945%2C945&ssl=1","type":"image\/jpeg"}],"author":"Luiz Ant\u00f4nio Pr\u00f3speri","twitter_card":"summary_large_image","twitter_creator":"@Luizprosperi","twitter_site":"@Luizprosperi","twitter_misc":{"Escrito por":"Luiz Ant\u00f4nio Pr\u00f3speri","Est. tempo de leitura":"2 minutos"},"schema":{"@context":"https:\/\/schema.org","@graph":[{"@type":"Article","@id":"https:\/\/blogdoprosperi.com\/?p=37444#article","isPartOf":{"@id":"https:\/\/blogdoprosperi.com\/?p=37444"},"author":{"name":"Luiz Ant\u00f4nio Pr\u00f3speri","@id":"https:\/\/blogdoprosperi.com\/#\/schema\/person\/38100755ce3601861ee4fab9b5aa78e9"},"headline":"A foto da Copa \u00e9 do brasileiro Rodrigo Villalba","datePublished":"2018-06-23T13:11:57+00:00","dateModified":"2018-06-25T10:34:18+00:00","mainEntityOfPage":{"@id":"https:\/\/blogdoprosperi.com\/?p=37444"},"wordCount":469,"commentCount":0,"publisher":{"@id":"https:\/\/blogdoprosperi.com\/#\/schema\/person\/38100755ce3601861ee4fab9b5aa78e9"},"image":{"@id":"https:\/\/blogdoprosperi.com\/?p=37444#primaryimage"},"thumbnailUrl":"https:\/\/i0.wp.com\/blogdoprosperi.com\/wp-content\/uploads\/2018\/06\/dggxdnfx0aus8pr.jpg?fit=945%2C945&ssl=1","keywords":["futebol"],"articleSection":["futebol"],"inLanguage":"pt-BR","potentialAction":[{"@type":"CommentAction","name":"Comment","target":["https:\/\/blogdoprosperi.com\/?p=37444#respond"]}]},{"@type":"WebPage","@id":"https:\/\/blogdoprosperi.com\/?p=37444","url":"https:\/\/blogdoprosperi.com\/?p=37444","name":"A foto da Copa \u00e9 do brasileiro Rodrigo Villalba - PR\u00d3SPERI NEWS","isPartOf":{"@id":"https:\/\/blogdoprosperi.com\/#website"},"primaryImageOfPage":{"@id":"https:\/\/blogdoprosperi.com\/?p=37444#primaryimage"},"image":{"@id":"https:\/\/blogdoprosperi.com\/?p=37444#primaryimage"},"thumbnailUrl":"https:\/\/i0.wp.com\/blogdoprosperi.com\/wp-content\/uploads\/2018\/06\/dggxdnfx0aus8pr.jpg?fit=945%2C945&ssl=1","datePublished":"2018-06-23T13:11:57+00:00","dateModified":"2018-06-25T10:34:18+00:00","breadcrumb":{"@id":"https:\/\/blogdoprosperi.com\/?p=37444#breadcrumb"},"inLanguage":"pt-BR","potentialAction":[{"@type":"ReadAction","target":["https:\/\/blogdoprosperi.com\/?p=37444"]}]},{"@type":"ImageObject","inLanguage":"pt-BR","@id":"https:\/\/blogdoprosperi.com\/?p=37444#primaryimage","url":"https:\/\/i0.wp.com\/blogdoprosperi.com\/wp-content\/uploads\/2018\/06\/dggxdnfx0aus8pr.jpg?fit=945%2C945&ssl=1","contentUrl":"https:\/\/i0.wp.com\/blogdoprosperi.com\/wp-content\/uploads\/2018\/06\/dggxdnfx0aus8pr.jpg?fit=945%2C945&ssl=1","width":945,"height":945,"caption":"Pol\u00f4nia 0 x 2 Senegal - 19 de junho, Moscou"},{"@type":"BreadcrumbList","@id":"https:\/\/blogdoprosperi.com\/?p=37444#breadcrumb","itemListElement":[{"@type":"ListItem","position":1,"name":"In\u00edcio","item":"https:\/\/blogdoprosperi.com\/"},{"@type":"ListItem","position":2,"name":"A foto da Copa \u00e9 do brasileiro Rodrigo Villalba"}]},{"@type":"WebSite","@id":"https:\/\/blogdoprosperi.com\/#website","url":"https:\/\/blogdoprosperi.com\/","name":"PR\u00d3SPERI NEWS","description":"TUDO \u00c9  FUTEBOL","publisher":{"@id":"https:\/\/blogdoprosperi.com\/#\/schema\/person\/38100755ce3601861ee4fab9b5aa78e9"},"alternateName":"blogdoprosperi.com","potentialAction":[{"@type":"SearchAction","target":{"@type":"EntryPoint","urlTemplate":"https:\/\/blogdoprosperi.com\/?s={search_term_string}"},"query-input":{"@type":"PropertyValueSpecification","valueRequired":true,"valueName":"search_term_string"}}],"inLanguage":"pt-BR"},{"@type":["Person","Organization"],"@id":"https:\/\/blogdoprosperi.com\/#\/schema\/person\/38100755ce3601861ee4fab9b5aa78e9","name":"Luiz Ant\u00f4nio Pr\u00f3speri","pronouns":"ele","image":{"@type":"ImageObject","inLanguage":"pt-BR","@id":"https:\/\/i0.wp.com\/blogdoprosperi.com\/wp-content\/uploads\/2026\/05\/cropped-8059e613-6002-42fa-961e-8e275f575d71-2-5.jpg?fit=1360%2C931&ssl=1","url":"https:\/\/i0.wp.com\/blogdoprosperi.com\/wp-content\/uploads\/2026\/05\/cropped-8059e613-6002-42fa-961e-8e275f575d71-2-5.jpg?fit=1360%2C931&ssl=1","contentUrl":"https:\/\/i0.wp.com\/blogdoprosperi.com\/wp-content\/uploads\/2026\/05\/cropped-8059e613-6002-42fa-961e-8e275f575d71-2-5.jpg?fit=1360%2C931&ssl=1","width":1360,"height":931,"caption":"Luiz Ant\u00f4nio Pr\u00f3speri"},"logo":{"@id":"https:\/\/i0.wp.com\/blogdoprosperi.com\/wp-content\/uploads\/2026\/05\/cropped-8059e613-6002-42fa-961e-8e275f575d71-2-5.jpg?fit=1360%2C931&ssl=1"},"description":"Jornalista com carreira dedicada ao esporte. Cobriu 9 Copas do Mundo in loco, 1990 na It\u00e1lia, 1994 nos EUA, 1998 na Fran\u00e7a, 2002 na Coreia do Sul e Jap\u00e3o, 2006 na Alemanha, 2010 na \u00c1frica do Sul, 2014 no Brasil, 2018 na R\u00fassia e 2022 no Qatar. Eurocopas, 1992 na Su\u00e9cia e 1996 na Inglaterra. Copa das Confedera\u00e7\u00f5es de 2005 na Alemanha e 2009 na \u00c1frica do Sul. Rep\u00f3rter e Editor, trabalhou no Jornal da Tarde e Estad\u00e3o, de 1984 a fevereiro de 2016. Colunista, blogueiro. E comentarista de futebol na R\u00e1dio Estad\u00e3o, de 2013 a fevereiro de 2016. Jornalista respons\u00e1vel do \"Pr\u00f3speri News\" (blogdoprosperi.com).","sameAs":["http:\/\/blogdoprosperi.com","Luiz Pr\u00f3speri","@luiz_prosperi","https:\/\/x.com\/Luizprosperi","@prosperinacopa","luiz.prosperi@icloud.com"],"url":"https:\/\/blogdoprosperi.com\/?author=102107496"}]}},"jetpack_publicize_connections":[],"jetpack_likes_enabled":false,"jetpack_sharing_enabled":true,"jetpack_shortlink":"https:\/\/wp.me\/p7jvdk-9JW","jetpack-related-posts":[{"id":43590,"url":"https:\/\/blogdoprosperi.com\/?p=43590","url_meta":{"origin":37444,"position":0},"title":"Um 5 de Julho triste do futebol brasileiro","author":"Luiz Ant\u00f4nio Pr\u00f3speri","date":"5 de julho de 2024","format":"image","excerpt":"Livros \u2013 refer\u00eancias da Copa de 82","rel":"","context":"Em &quot;futebol&quot;","block_context":{"text":"futebol","link":"https:\/\/blogdoprosperi.com\/?cat=53870"},"img":{"alt_text":"","src":"https:\/\/i0.wp.com\/blogdoprosperi.com\/wp-content\/uploads\/2024\/07\/images-2.jpg?resize=350%2C200","width":350,"height":200},"classes":[]},{"id":45707,"url":"https:\/\/blogdoprosperi.com\/?p=45707","url_meta":{"origin":37444,"position":1},"title":"Sele\u00e7\u00e3o Brasileira | Dorival Junior Cai na Cilada da CBF e Presidente Aguarda Julgamento do STF","author":"Luiz Ant\u00f4nio Pr\u00f3speri","date":"9 de outubro de 2024","format":false,"excerpt":"Luiz Ant\u00f4nio Pr\u00f3speri \u2013 9 outubro (00h10) Dorival Junior est\u00e1 por um fio no comando da Sele\u00e7\u00e3o Brasileira. Ednaldo Rodrigues tamb\u00e9m vive mesma situa\u00e7\u00e3o na presid\u00eancia da CBF. Dorival, o t\u00e9cnico, depende de uma vit\u00f3ria contra o Chile, jogo das Eliminat\u00f3rias da Copa 2026, quinta-feira (10\/10), em Santiago. Ednaldo, o\u2026","rel":"","context":"Em &quot;futebol&quot;","block_context":{"text":"futebol","link":"https:\/\/blogdoprosperi.com\/?cat=53870"},"img":{"alt_text":"Dorival por um fio na Sele\u00e7\u00e3o Brasileira","src":"https:\/\/i0.wp.com\/blogdoprosperi.com\/wp-content\/uploads\/2024\/10\/54052520387_3484cb21ae_k.jpg?fit=1200%2C776&ssl=1&resize=350%2C200","width":350,"height":200,"srcset":"https:\/\/i0.wp.com\/blogdoprosperi.com\/wp-content\/uploads\/2024\/10\/54052520387_3484cb21ae_k.jpg?fit=1200%2C776&ssl=1&resize=350%2C200 1x, https:\/\/i0.wp.com\/blogdoprosperi.com\/wp-content\/uploads\/2024\/10\/54052520387_3484cb21ae_k.jpg?fit=1200%2C776&ssl=1&resize=525%2C300 1.5x, https:\/\/i0.wp.com\/blogdoprosperi.com\/wp-content\/uploads\/2024\/10\/54052520387_3484cb21ae_k.jpg?fit=1200%2C776&ssl=1&resize=700%2C400 2x, https:\/\/i0.wp.com\/blogdoprosperi.com\/wp-content\/uploads\/2024\/10\/54052520387_3484cb21ae_k.jpg?fit=1200%2C776&ssl=1&resize=1050%2C600 3x"},"classes":[]},{"id":15343,"url":"https:\/\/blogdoprosperi.com\/?p=15343","url_meta":{"origin":37444,"position":2},"title":"S\u00e3o Paulo pode perder Ganso, Rodrigo Caio, Calleri e Bauza","author":"Luiz Ant\u00f4nio Pr\u00f3speri","date":"7 de julho de 2016","format":false,"excerpt":"S\u00e3o Paulo vive um momento delicado ap\u00f3s a derrota ao Atl\u00e9tico Nacional nesta quarta-feira (06\/7). A pr\u00f3ximas semana ser\u00e1 decisiva ao futuro do clube paulista na temporada com a quase inevit\u00e1vel queda nas semifinais da Copa Libertadores. Pode ter perdas consider\u00e1veis. Paulo Henrique Ganso e Rodrigo Caio est\u00e3o de sa\u00edda.\u2026","rel":"","context":"Em &quot;futebol&quot;","block_context":{"text":"futebol","link":"https:\/\/blogdoprosperi.com\/?cat=53870"},"img":{"alt_text":"","src":"https:\/\/i0.wp.com\/blogdoprosperi.com\/wp-content\/uploads\/2016\/07\/85adb960-0246-11e6-8a5c-a362efbf840e_20160401111809396_3.jpg?resize=350%2C200&ssl=1","width":350,"height":200,"srcset":"https:\/\/i0.wp.com\/blogdoprosperi.com\/wp-content\/uploads\/2016\/07\/85adb960-0246-11e6-8a5c-a362efbf840e_20160401111809396_3.jpg?resize=350%2C200&ssl=1 1x, https:\/\/i0.wp.com\/blogdoprosperi.com\/wp-content\/uploads\/2016\/07\/85adb960-0246-11e6-8a5c-a362efbf840e_20160401111809396_3.jpg?resize=525%2C300&ssl=1 1.5x"},"classes":[]},{"id":38941,"url":"https:\/\/blogdoprosperi.com\/?p=38941","url_meta":{"origin":37444,"position":3},"title":"Endrick do Palmeiras e a travessia da Copa Catar 2022","author":"Luiz Ant\u00f4nio Pr\u00f3speri","date":"13 de julho de 2022","format":false,"excerpt":"Sele\u00e7\u00e3o Brasileira tem pressa. O futebol brasileiro \u00e9 apressado por natureza. Chega a Copa do Mundo e come\u00e7a a busca nos confins por um novo fen\u00f4meno \u2013 \u00e9 da cultura do pa\u00eds metido a ter os mais talentosos jogadores da Terra. Por isso, anotem a\u00ed, Endrick, do Palmeiras, ser\u00e1 o\u2026","rel":"","context":"Em &quot;futebol&quot;","block_context":{"text":"futebol","link":"https:\/\/blogdoprosperi.com\/?cat=53870"},"img":{"alt_text":"","src":"https:\/\/i0.wp.com\/blogdoprosperi.com\/wp-content\/uploads\/2022\/07\/endrick-20042022110424799.jpg?fit=771%2C420&ssl=1&resize=350%2C200","width":350,"height":200,"srcset":"https:\/\/i0.wp.com\/blogdoprosperi.com\/wp-content\/uploads\/2022\/07\/endrick-20042022110424799.jpg?fit=771%2C420&ssl=1&resize=350%2C200 1x, https:\/\/i0.wp.com\/blogdoprosperi.com\/wp-content\/uploads\/2022\/07\/endrick-20042022110424799.jpg?fit=771%2C420&ssl=1&resize=525%2C300 1.5x, https:\/\/i0.wp.com\/blogdoprosperi.com\/wp-content\/uploads\/2022\/07\/endrick-20042022110424799.jpg?fit=771%2C420&ssl=1&resize=700%2C400 2x"},"classes":[]},{"id":45879,"url":"https:\/\/blogdoprosperi.com\/?p=45879","url_meta":{"origin":37444,"position":4},"title":"Brasil x Peru | Sele\u00e7\u00e3o Joga, um Convite ao Div\u00e3 do Nosso Futebol","author":"Luiz Ant\u00f4nio Pr\u00f3speri","date":"15 de outubro de 2024","format":false,"excerpt":"Luiz Ant\u00f4nio Pr\u00f3speri \u2013 15 outubro (11h30) J\u00e1 disse mais de uma vez e n\u00e3o custa repetir: Sele\u00e7\u00e3o Brasileira entra em campo, ent\u00e3o vamos ao div\u00e3. Nos \u00faltimos dois anos, todos os jogos do escrete tem sido assim. Por um momento, coisa de 90 minutos e pouco mais, somos obrigados\u2026","rel":"","context":"Em &quot;futebol&quot;","block_context":{"text":"futebol","link":"https:\/\/blogdoprosperi.com\/?cat=53870"},"img":{"alt_text":"Futebol Brasileiro no div\u00e3 com a Sele\u00e7\u00e3o","src":"https:\/\/i0.wp.com\/blogdoprosperi.com\/wp-content\/uploads\/2024\/10\/54068283154_2fdf0339b4_c.jpg?fit=800%2C531&ssl=1&resize=350%2C200","width":350,"height":200,"srcset":"https:\/\/i0.wp.com\/blogdoprosperi.com\/wp-content\/uploads\/2024\/10\/54068283154_2fdf0339b4_c.jpg?fit=800%2C531&ssl=1&resize=350%2C200 1x, https:\/\/i0.wp.com\/blogdoprosperi.com\/wp-content\/uploads\/2024\/10\/54068283154_2fdf0339b4_c.jpg?fit=800%2C531&ssl=1&resize=525%2C300 1.5x, https:\/\/i0.wp.com\/blogdoprosperi.com\/wp-content\/uploads\/2024\/10\/54068283154_2fdf0339b4_c.jpg?fit=800%2C531&ssl=1&resize=700%2C400 2x"},"classes":[]},{"id":61965,"url":"https:\/\/blogdoprosperi.com\/?p=61965","url_meta":{"origin":37444,"position":5},"title":"CBF e clubes aprovam ado\u00e7\u00e3o das novas regras no futebol brasileiro","author":"Luiz Ant\u00f4nio Pr\u00f3speri","date":"10 de agosto de 2026","format":false,"excerpt":"CBF e clubes aprovam ado\u00e7\u00e3o de imediato novas regras do futebol usadas na Copa do Mundo 2026. A maioria delas \u00e9 para coibir a \"cera\" e ganhar mais tempo de bola rolando.","rel":"","context":"Em &quot;futebol&quot;","block_context":{"text":"futebol","link":"https:\/\/blogdoprosperi.com\/?cat=53870"},"img":{"alt_text":"","src":"https:\/\/i0.wp.com\/blogdoprosperi.com\/wp-content\/uploads\/2026\/08\/CBF_e_clubes_novas_regras_29_c7cd13e366.webp?fit=1200%2C800&ssl=1&resize=350%2C200","width":350,"height":200,"srcset":"https:\/\/i0.wp.com\/blogdoprosperi.com\/wp-content\/uploads\/2026\/08\/CBF_e_clubes_novas_regras_29_c7cd13e366.webp?fit=1200%2C800&ssl=1&resize=350%2C200 1x, https:\/\/i0.wp.com\/blogdoprosperi.com\/wp-content\/uploads\/2026\/08\/CBF_e_clubes_novas_regras_29_c7cd13e366.webp?fit=1200%2C800&ssl=1&resize=525%2C300 1.5x, https:\/\/i0.wp.com\/blogdoprosperi.com\/wp-content\/uploads\/2026\/08\/CBF_e_clubes_novas_regras_29_c7cd13e366.webp?fit=1200%2C800&ssl=1&resize=700%2C400 2x, https:\/\/i0.wp.com\/blogdoprosperi.com\/wp-content\/uploads\/2026\/08\/CBF_e_clubes_novas_regras_29_c7cd13e366.webp?fit=1200%2C800&ssl=1&resize=1050%2C600 3x"},"classes":[]}],"jetpack_featured_media_url":"https:\/\/i0.wp.com\/blogdoprosperi.com\/wp-content\/uploads\/2018\/06\/dggxdnfx0aus8pr.jpg?fit=945%2C945&ssl=1","_links":{"self":[{"href":"https:\/\/blogdoprosperi.com\/index.php?rest_route=\/wp\/v2\/posts\/37444","targetHints":{"allow":["GET"]}}],"collection":[{"href":"https:\/\/blogdoprosperi.com\/index.php?rest_route=\/wp\/v2\/posts"}],"about":[{"href":"https:\/\/blogdoprosperi.com\/index.php?rest_route=\/wp\/v2\/types\/post"}],"author":[{"embeddable":true,"href":"https:\/\/blogdoprosperi.com\/index.php?rest_route=\/wp\/v2\/users\/102107496"}],"replies":[{"embeddable":true,"href":"https:\/\/blogdoprosperi.com\/index.php?rest_route=%2Fwp%2Fv2%2Fcomments&post=37444"}],"version-history":[{"count":1,"href":"https:\/\/blogdoprosperi.com\/index.php?rest_route=\/wp\/v2\/posts\/37444\/revisions"}],"predecessor-version":[{"id":37445,"href":"https:\/\/blogdoprosperi.com\/index.php?rest_route=\/wp\/v2\/posts\/37444\/revisions\/37445"}],"wp:featuredmedia":[{"embeddable":true,"href":"https:\/\/blogdoprosperi.com\/index.php?rest_route=\/wp\/v2\/media\/37437"}],"wp:attachment":[{"href":"https:\/\/blogdoprosperi.com\/index.php?rest_route=%2Fwp%2Fv2%2Fmedia&parent=37444"}],"wp:term":[{"taxonomy":"category","embeddable":true,"href":"https:\/\/blogdoprosperi.com\/index.php?rest_route=%2Fwp%2Fv2%2Fcategories&post=37444"},{"taxonomy":"post_tag","embeddable":true,"href":"https:\/\/blogdoprosperi.com\/index.php?rest_route=%2Fwp%2Fv2%2Ftags&post=37444"}],"curies":[{"name":"wp","href":"https:\/\/api.w.org\/{rel}","templated":true}]}}