{"id":37446,"date":"2018-06-25T07:31:56","date_gmt":"2018-06-25T10:31:56","guid":{"rendered":"http:\/\/blogdoprosperi.com\/?p=37446"},"modified":"2018-06-25T07:31:56","modified_gmt":"2018-06-25T10:31:56","slug":"pai-de-neymar-pede-tregua-na-guerra-aos-desafetos-do-filho","status":"publish","type":"post","link":"https:\/\/blogdoprosperi.com\/?p=37446","title":{"rendered":"Pai de Neymar pede tr\u00e9gua na guerra aos desafetos do filho"},"content":{"rendered":"<p><strong>Luiz Antonio Pr\u00f3speri, de Moscou \/ R\u00fassia<\/strong><\/p>\n<p>Tite tem problemas de sobra na gest\u00e3o da Sele\u00e7\u00e3o Brasileira na Copa do Mundo da R\u00fassia. Douglas Costa e Danilo, op\u00e7\u00f5es no setor direito da defesa e ataque, est\u00e3o machucados e fora do jogo decisivo contra a S\u00e9rvia na quarta-feira (27\/6). Paulinho n\u00e3o rende o de costume. Por fim, o mais complicado, Neymar, atormentado com cr\u00edticas e em guerra contra os chamados \u201cantis\u201d, nova nomenclatura para apontar os desafetos do craque.<\/p>\n<p>O caso de Neymar parece ser at\u00e9 aqui o mais grave. Incomodado, jogador guarda sil\u00eancio e evita a imprensa como o diabo da cruz. N\u00e3o deu uma palavra em p\u00fablico ainda desde que a Sele\u00e7\u00e3o desembarcou na R\u00fassia, em 10 de junho.<\/p>\n<p>Em contrapartida, todos seus gestos est\u00e3o na mira do canh\u00e3o. Corte de cabelo, choro compulsivo ap\u00f3s a vit\u00f3ria ag\u00f4nica contra Costa Rica, quando fez um gol, batalhas e mais batalhas nas redes sociais, e eventuais privil\u00e9gios na concentra\u00e7\u00e3o da Sele\u00e7\u00e3o, o Swisshotel Resort no balne\u00e1rio de Sochi.<\/p>\n<p>A situa\u00e7\u00e3o chegou ao extremo de seu pai pedir uma tr\u00e9gua aos amigos, chamados de \u201cpar\u00e7as\u201d, na guerra contra os \u201cantis\u201d. Por meio das redes sociais, Neymar pai fez a s\u00faplica neste domingo (24\/6):<\/p>\n<p>\u201cPessoal, Neymar pai falando. Gente, segura as redes sociais com xingamentos direcionados a quem quer que seja. Se quiserem apoiar o Juninho (<em>Neymar<\/em>), que seja de uma forma positiva de apoio e amizade. Vamos esquecer os antis e seja l\u00e1 quem for. Vamos vencer essa Copa com a torcida e a premissa de Deus. Sei o quanto voc\u00eas amam meu filho e querem proteg\u00ea-lo, mas essas atitudes s\u00f3 ir\u00e3o contamin\u00e1-lo com a mesma revolta, por ele tamb\u00e9m am\u00e1-los. Vamos usar as armas e escudos certos, com ora\u00e7\u00e3o e f\u00e9 de que no final tudo dar\u00e1 certo, se Deus quiser. Aos amigos, meu pedido. Abra\u00e7os, Ney pai\u201d.<\/p>\n<p>Entre os \u201cantis\u201d mencionados pelo pai sobra at\u00e9 para TV Globo e sua equipe. Os chamados \u201cpar\u00e7as\u201d j\u00e1 bateram duro nos profissionais da emissora que, na opini\u00e3o deles, joga contra Neymar na Copa.<\/p>\n<p>Tite n\u00e3o queria nem de perto enfrentar essa encrenca. Por enquanto administra no que ele chama de parte interna do grupo da Sele\u00e7\u00e3o. Trata do caso entre seus in\u00fameros assessores de comiss\u00e3o t\u00e9cnica e l\u00edderes dos atletas. Inclusive j\u00e1 teve conversa particular com Neymar. Na chamada parte externa, Tite minimiza o poder de estrago dessa bomba.<\/p>\n<p><img data-recalc-dims=\"1\" loading=\"lazy\" decoding=\"async\" class=\"wp-image-29447 lazyloaded\" src=\"https:\/\/i0.wp.com\/cdn01.chuteirafc.cartacapital.com.br\/wp-content\/uploads\/2018\/06\/24154422\/20180624130747_5b2fc1d3c6041-1024x683.jpg?resize=732%2C488\" alt=\"\" width=\"732\" height=\"488\" \/><\/p>\n<p>Por sorte do treinador, a maioria dos jogadores, para n\u00e3o dizer todos, est\u00e1 com Neymar. Thiago Silva se diz irm\u00e3o mais velho do craque e n\u00e3o deixa ningu\u00e9m chegar perto. Outros como Fagner tamb\u00e9m adulam o astro da companhia.<\/p>\n<p>\u201cImagino por tudo o que o Neymar passou. Cada um reage de uma forma. A dele ali (<em>choro depois do jogo contra Costa Rica<\/em>) foi de extravasar. Sabemos o que cada atleta passou para poder estar naquele momento. Acho que passou um filme na cabe\u00e7a dele, fazer o gol, disputar mais uma Copa.\u00a0Todo atleta tem seu sentimento, \u00e9 ser humano. Mas o grupo todo est\u00e1 com o Neymar, vai dar o apoio, o suporte\u201d, disse o lateral do Corinthians em Sochi.<\/p>\n<p>Neymar \u00e0 dist\u00e2ncia procura passar tranq\u00fcilidade e personalidade. No pouco tempo que a imprensa tem de acesso aos jogadores nos treinamentos foi poss\u00edvel perceber o bom estado de \u00e2nimo do jogador neste domingo \u2013 lembrando que os atletas tiveram folga no s\u00e1bado \u00e0 noite.<\/p>\n<p>Seja qual for o desfecho dessa guerra entre Neymar e os antis, Tite tem mesmo \u00e9 de quebrar a cabe\u00e7a para devolver o bom futebol \u00e0 Sele\u00e7\u00e3o. Ele j\u00e1 n\u00e3o conta com Danilo e Douglas Costa na partida decisiva contra S\u00e9rvia. E corre risco de ficar sem os dois no resto da Copa.<\/p>\n<p>\u201cEstamos otimistas com a participa\u00e7\u00e3o de Douglas Costa ainda dentro da competi\u00e7\u00e3o, dependendo claro do nosso desempenho dentro da Copa. N\u00e3o estamos poupando esfor\u00e7os para que ele possa ainda nos ajudar nessa trajet\u00f3ria\u201d, disse o m\u00e9dico Rodrigo Lasmar. \u201cN\u00e3o podemos dar dia de retorno para casos de les\u00e3o muscular. Estamos otimistas sobre a participa\u00e7\u00e3o deles \u00a0(<em>Danilo e Douglas<\/em>) ainda na competi\u00e7\u00e3o.<\/p>\n<p>Tite ainda tem de pensar em Paulinho, de cabe\u00e7a boa, mas longe de produzir o que pode. A corda aperta.<\/p>\n<p><a href=\"http:\/\/chuteirafc.cartacapital.com.br\">(publicado no CHUTEIRA FC)<\/a><\/p>\n","protected":false},"excerpt":{"rendered":"<p>Luiz Antonio Pr\u00f3speri, de Moscou \/ R\u00fassia Tite tem problemas de sobra na gest\u00e3o da Sele\u00e7\u00e3o Brasileira na [&hellip;]<\/p>\n","protected":false},"author":102107496,"featured_media":37450,"comment_status":"open","ping_status":"open","sticky":false,"template":"","format":"standard","meta":{"_coblocks_attr":"","_coblocks_dimensions":"","_coblocks_responsive_height":"","_coblocks_accordion_ie_support":"","_jetpack_newsletter_access":"","_jetpack_dont_email_post_to_subs":false,"_jetpack_newsletter_tier_id":0,"_jetpack_memberships_contains_paywalled_content":false,"_wpcom_ai_launchpad_first_post":false,"_jetpack_feature_clip_id":0,"_jetpack_memberships_contains_paid_content":false,"footnotes":"","jetpack_publicize_message":"","jetpack_publicize_feature_enabled":true,"jetpack_social_post_already_shared":false,"jetpack_social_options":{"image_generator_settings":{"template":"highway","default_image_id":0,"font":"","enabled":false},"version":2},"jetpack_post_was_ever_published":false},"categories":[43723753,53870],"tags":[4095524,32968729,789560560,4112146,40921371,1937007,789560562,1814220],"class_list":["post-37446","post","type-post","status-publish","format-standard","has-post-thumbnail","hentry","category-copa-do-mundo-2018","category-futebol","tag-antis","tag-copa-do-mundo-da-fifa","tag-futebol","tag-neymar","tag-neymar-pai","tag-parcas","tag-selecao-brasileira","tag-tite"],"yoast_head":"<!-- This site is optimized with the Yoast SEO plugin v28.3 - https:\/\/yoast.com\/product\/yoast-seo-wordpress\/ -->\n<title>Pai de Neymar pede tr\u00e9gua na guerra aos desafetos do filho - PR\u00d3SPERI NEWS<\/title>\n<meta name=\"robots\" content=\"index, follow, max-snippet:-1, max-image-preview:large, max-video-preview:-1\" \/>\n<link rel=\"canonical\" href=\"https:\/\/blogdoprosperi.com\/?p=37446\" \/>\n<meta property=\"og:locale\" content=\"pt_BR\" \/>\n<meta property=\"og:type\" content=\"article\" \/>\n<meta property=\"og:title\" content=\"Pai de Neymar pede tr\u00e9gua na guerra aos desafetos do filho - PR\u00d3SPERI NEWS\" \/>\n<meta property=\"og:description\" content=\"Luiz Antonio Pr\u00f3speri, de Moscou \/ R\u00fassia Tite tem problemas de sobra na gest\u00e3o da Sele\u00e7\u00e3o Brasileira na [&hellip;]\" \/>\n<meta property=\"og:url\" content=\"https:\/\/blogdoprosperi.com\/?p=37446\" \/>\n<meta property=\"og:site_name\" content=\"PR\u00d3SPERI NEWS\" \/>\n<meta property=\"article:publisher\" content=\"Luiz Pr\u00f3speri\" \/>\n<meta property=\"article:author\" content=\"Luiz Pr\u00f3speri\" \/>\n<meta property=\"article:published_time\" content=\"2018-06-25T10:31:56+00:00\" \/>\n<meta property=\"og:image\" content=\"https:\/\/i0.wp.com\/blogdoprosperi.com\/wp-content\/uploads\/2018\/06\/20180624114950_5b2faf8ed7c5e-3.jpg?fit=650%2C419&ssl=1\" \/>\n\t<meta property=\"og:image:width\" content=\"650\" \/>\n\t<meta property=\"og:image:height\" content=\"419\" \/>\n\t<meta property=\"og:image:type\" content=\"image\/jpeg\" \/>\n<meta name=\"author\" content=\"Luiz Ant\u00f4nio Pr\u00f3speri\" \/>\n<meta name=\"twitter:card\" content=\"summary_large_image\" \/>\n<meta name=\"twitter:creator\" content=\"@Luizprosperi\" \/>\n<meta name=\"twitter:site\" content=\"@Luizprosperi\" \/>\n<meta name=\"twitter:label1\" content=\"Escrito por\" \/>\n\t<meta name=\"twitter:data1\" content=\"Luiz Ant\u00f4nio Pr\u00f3speri\" \/>\n\t<meta name=\"twitter:label2\" content=\"Est. tempo de leitura\" \/>\n\t<meta name=\"twitter:data2\" content=\"4 minutos\" \/>\n<script type=\"application\/ld+json\" class=\"yoast-schema-graph\">{\"@context\":\"https:\\\/\\\/schema.org\",\"@graph\":[{\"@type\":\"Article\",\"@id\":\"https:\\\/\\\/blogdoprosperi.com\\\/?p=37446#article\",\"isPartOf\":{\"@id\":\"https:\\\/\\\/blogdoprosperi.com\\\/?p=37446\"},\"author\":{\"name\":\"Luiz Ant\u00f4nio Pr\u00f3speri\",\"@id\":\"https:\\\/\\\/blogdoprosperi.com\\\/#\\\/schema\\\/person\\\/38100755ce3601861ee4fab9b5aa78e9\"},\"headline\":\"Pai de Neymar pede tr\u00e9gua na guerra aos desafetos do filho\",\"datePublished\":\"2018-06-25T10:31:56+00:00\",\"mainEntityOfPage\":{\"@id\":\"https:\\\/\\\/blogdoprosperi.com\\\/?p=37446\"},\"wordCount\":770,\"commentCount\":1,\"publisher\":{\"@id\":\"https:\\\/\\\/blogdoprosperi.com\\\/#\\\/schema\\\/person\\\/38100755ce3601861ee4fab9b5aa78e9\"},\"image\":{\"@id\":\"https:\\\/\\\/blogdoprosperi.com\\\/?p=37446#primaryimage\"},\"thumbnailUrl\":\"https:\\\/\\\/i0.wp.com\\\/blogdoprosperi.com\\\/wp-content\\\/uploads\\\/2018\\\/06\\\/20180624114950_5b2faf8ed7c5e-3.jpg?fit=650%2C419&ssl=1\",\"keywords\":[\"antis\",\"copa do mundo da fifa\",\"futebol\",\"Neymar\",\"Neymar pai\",\"par\u00e7as\",\"Sele\u00e7\u00e3o Brasileira\",\"Tite\"],\"articleSection\":[\"Copa do Mundo 2018\",\"futebol\"],\"inLanguage\":\"pt-BR\",\"potentialAction\":[{\"@type\":\"CommentAction\",\"name\":\"Comment\",\"target\":[\"https:\\\/\\\/blogdoprosperi.com\\\/?p=37446#respond\"]}]},{\"@type\":\"WebPage\",\"@id\":\"https:\\\/\\\/blogdoprosperi.com\\\/?p=37446\",\"url\":\"https:\\\/\\\/blogdoprosperi.com\\\/?p=37446\",\"name\":\"Pai de Neymar pede tr\u00e9gua na guerra aos desafetos do filho - PR\u00d3SPERI NEWS\",\"isPartOf\":{\"@id\":\"https:\\\/\\\/blogdoprosperi.com\\\/#website\"},\"primaryImageOfPage\":{\"@id\":\"https:\\\/\\\/blogdoprosperi.com\\\/?p=37446#primaryimage\"},\"image\":{\"@id\":\"https:\\\/\\\/blogdoprosperi.com\\\/?p=37446#primaryimage\"},\"thumbnailUrl\":\"https:\\\/\\\/i0.wp.com\\\/blogdoprosperi.com\\\/wp-content\\\/uploads\\\/2018\\\/06\\\/20180624114950_5b2faf8ed7c5e-3.jpg?fit=650%2C419&ssl=1\",\"datePublished\":\"2018-06-25T10:31:56+00:00\",\"breadcrumb\":{\"@id\":\"https:\\\/\\\/blogdoprosperi.com\\\/?p=37446#breadcrumb\"},\"inLanguage\":\"pt-BR\",\"potentialAction\":[{\"@type\":\"ReadAction\",\"target\":[\"https:\\\/\\\/blogdoprosperi.com\\\/?p=37446\"]}]},{\"@type\":\"ImageObject\",\"inLanguage\":\"pt-BR\",\"@id\":\"https:\\\/\\\/blogdoprosperi.com\\\/?p=37446#primaryimage\",\"url\":\"https:\\\/\\\/i0.wp.com\\\/blogdoprosperi.com\\\/wp-content\\\/uploads\\\/2018\\\/06\\\/20180624114950_5b2faf8ed7c5e-3.jpg?fit=650%2C419&ssl=1\",\"contentUrl\":\"https:\\\/\\\/i0.wp.com\\\/blogdoprosperi.com\\\/wp-content\\\/uploads\\\/2018\\\/06\\\/20180624114950_5b2faf8ed7c5e-3.jpg?fit=650%2C419&ssl=1\",\"width\":650,\"height\":419,\"caption\":\"Pai de Neymar pede tr\u00e9gua na guerra contra desafetos do filho e craque se diverte no treino\"},{\"@type\":\"BreadcrumbList\",\"@id\":\"https:\\\/\\\/blogdoprosperi.com\\\/?p=37446#breadcrumb\",\"itemListElement\":[{\"@type\":\"ListItem\",\"position\":1,\"name\":\"In\u00edcio\",\"item\":\"https:\\\/\\\/blogdoprosperi.com\\\/\"},{\"@type\":\"ListItem\",\"position\":2,\"name\":\"Pai de Neymar pede tr\u00e9gua na guerra aos desafetos do filho\"}]},{\"@type\":\"WebSite\",\"@id\":\"https:\\\/\\\/blogdoprosperi.com\\\/#website\",\"url\":\"https:\\\/\\\/blogdoprosperi.com\\\/\",\"name\":\"PR\u00d3SPERI NEWS\",\"description\":\"TUDO \u00c9  FUTEBOL\",\"publisher\":{\"@id\":\"https:\\\/\\\/blogdoprosperi.com\\\/#\\\/schema\\\/person\\\/38100755ce3601861ee4fab9b5aa78e9\"},\"alternateName\":\"blogdoprosperi.com\",\"potentialAction\":[{\"@type\":\"SearchAction\",\"target\":{\"@type\":\"EntryPoint\",\"urlTemplate\":\"https:\\\/\\\/blogdoprosperi.com\\\/?s={search_term_string}\"},\"query-input\":{\"@type\":\"PropertyValueSpecification\",\"valueRequired\":true,\"valueName\":\"search_term_string\"}}],\"inLanguage\":\"pt-BR\"},{\"@type\":[\"Person\",\"Organization\"],\"@id\":\"https:\\\/\\\/blogdoprosperi.com\\\/#\\\/schema\\\/person\\\/38100755ce3601861ee4fab9b5aa78e9\",\"name\":\"Luiz Ant\u00f4nio Pr\u00f3speri\",\"pronouns\":\"ele\",\"image\":{\"@type\":\"ImageObject\",\"inLanguage\":\"pt-BR\",\"@id\":\"https:\\\/\\\/i0.wp.com\\\/blogdoprosperi.com\\\/wp-content\\\/uploads\\\/2026\\\/05\\\/cropped-8059e613-6002-42fa-961e-8e275f575d71-2-5.jpg?fit=1360%2C931&ssl=1\",\"url\":\"https:\\\/\\\/i0.wp.com\\\/blogdoprosperi.com\\\/wp-content\\\/uploads\\\/2026\\\/05\\\/cropped-8059e613-6002-42fa-961e-8e275f575d71-2-5.jpg?fit=1360%2C931&ssl=1\",\"contentUrl\":\"https:\\\/\\\/i0.wp.com\\\/blogdoprosperi.com\\\/wp-content\\\/uploads\\\/2026\\\/05\\\/cropped-8059e613-6002-42fa-961e-8e275f575d71-2-5.jpg?fit=1360%2C931&ssl=1\",\"width\":1360,\"height\":931,\"caption\":\"Luiz Ant\u00f4nio Pr\u00f3speri\"},\"logo\":{\"@id\":\"https:\\\/\\\/i0.wp.com\\\/blogdoprosperi.com\\\/wp-content\\\/uploads\\\/2026\\\/05\\\/cropped-8059e613-6002-42fa-961e-8e275f575d71-2-5.jpg?fit=1360%2C931&ssl=1\"},\"description\":\"Jornalista com carreira dedicada ao esporte. Cobriu 9 Copas do Mundo in loco, 1990 na It\u00e1lia, 1994 nos EUA, 1998 na Fran\u00e7a, 2002 na Coreia do Sul e Jap\u00e3o, 2006 na Alemanha, 2010 na \u00c1frica do Sul, 2014 no Brasil, 2018 na R\u00fassia e 2022 no Qatar. Eurocopas, 1992 na Su\u00e9cia e 1996 na Inglaterra. Copa das Confedera\u00e7\u00f5es de 2005 na Alemanha e 2009 na \u00c1frica do Sul. Rep\u00f3rter e Editor, trabalhou no Jornal da Tarde e Estad\u00e3o, de 1984 a fevereiro de 2016. Colunista, blogueiro. E comentarista de futebol na R\u00e1dio Estad\u00e3o, de 2013 a fevereiro de 2016. Jornalista respons\u00e1vel do \\\"Pr\u00f3speri News\\\" (blogdoprosperi.com).\",\"sameAs\":[\"http:\\\/\\\/blogdoprosperi.com\",\"Luiz Pr\u00f3speri\",\"@luiz_prosperi\",\"https:\\\/\\\/x.com\\\/Luizprosperi\",\"@prosperinacopa\",\"luiz.prosperi@icloud.com\"],\"url\":\"https:\\\/\\\/blogdoprosperi.com\\\/?author=102107496\"}]}<\/script>\n<!-- \/ Yoast SEO plugin. -->","yoast_head_json":{"title":"Pai de Neymar pede tr\u00e9gua na guerra aos desafetos do filho - PR\u00d3SPERI NEWS","robots":{"index":"index","follow":"follow","max-snippet":"max-snippet:-1","max-image-preview":"max-image-preview:large","max-video-preview":"max-video-preview:-1"},"canonical":"https:\/\/blogdoprosperi.com\/?p=37446","og_locale":"pt_BR","og_type":"article","og_title":"Pai de Neymar pede tr\u00e9gua na guerra aos desafetos do filho - PR\u00d3SPERI NEWS","og_description":"Luiz Antonio Pr\u00f3speri, de Moscou \/ R\u00fassia Tite tem problemas de sobra na gest\u00e3o da Sele\u00e7\u00e3o Brasileira na [&hellip;]","og_url":"https:\/\/blogdoprosperi.com\/?p=37446","og_site_name":"PR\u00d3SPERI NEWS","article_publisher":"Luiz Pr\u00f3speri","article_author":"Luiz Pr\u00f3speri","article_published_time":"2018-06-25T10:31:56+00:00","og_image":[{"width":650,"height":419,"url":"https:\/\/i0.wp.com\/blogdoprosperi.com\/wp-content\/uploads\/2018\/06\/20180624114950_5b2faf8ed7c5e-3.jpg?fit=650%2C419&ssl=1","type":"image\/jpeg"}],"author":"Luiz Ant\u00f4nio Pr\u00f3speri","twitter_card":"summary_large_image","twitter_creator":"@Luizprosperi","twitter_site":"@Luizprosperi","twitter_misc":{"Escrito por":"Luiz Ant\u00f4nio Pr\u00f3speri","Est. tempo de leitura":"4 minutos"},"schema":{"@context":"https:\/\/schema.org","@graph":[{"@type":"Article","@id":"https:\/\/blogdoprosperi.com\/?p=37446#article","isPartOf":{"@id":"https:\/\/blogdoprosperi.com\/?p=37446"},"author":{"name":"Luiz Ant\u00f4nio Pr\u00f3speri","@id":"https:\/\/blogdoprosperi.com\/#\/schema\/person\/38100755ce3601861ee4fab9b5aa78e9"},"headline":"Pai de Neymar pede tr\u00e9gua na guerra aos desafetos do filho","datePublished":"2018-06-25T10:31:56+00:00","mainEntityOfPage":{"@id":"https:\/\/blogdoprosperi.com\/?p=37446"},"wordCount":770,"commentCount":1,"publisher":{"@id":"https:\/\/blogdoprosperi.com\/#\/schema\/person\/38100755ce3601861ee4fab9b5aa78e9"},"image":{"@id":"https:\/\/blogdoprosperi.com\/?p=37446#primaryimage"},"thumbnailUrl":"https:\/\/i0.wp.com\/blogdoprosperi.com\/wp-content\/uploads\/2018\/06\/20180624114950_5b2faf8ed7c5e-3.jpg?fit=650%2C419&ssl=1","keywords":["antis","copa do mundo da fifa","futebol","Neymar","Neymar pai","par\u00e7as","Sele\u00e7\u00e3o Brasileira","Tite"],"articleSection":["Copa do Mundo 2018","futebol"],"inLanguage":"pt-BR","potentialAction":[{"@type":"CommentAction","name":"Comment","target":["https:\/\/blogdoprosperi.com\/?p=37446#respond"]}]},{"@type":"WebPage","@id":"https:\/\/blogdoprosperi.com\/?p=37446","url":"https:\/\/blogdoprosperi.com\/?p=37446","name":"Pai de Neymar pede tr\u00e9gua na guerra aos desafetos do filho - PR\u00d3SPERI NEWS","isPartOf":{"@id":"https:\/\/blogdoprosperi.com\/#website"},"primaryImageOfPage":{"@id":"https:\/\/blogdoprosperi.com\/?p=37446#primaryimage"},"image":{"@id":"https:\/\/blogdoprosperi.com\/?p=37446#primaryimage"},"thumbnailUrl":"https:\/\/i0.wp.com\/blogdoprosperi.com\/wp-content\/uploads\/2018\/06\/20180624114950_5b2faf8ed7c5e-3.jpg?fit=650%2C419&ssl=1","datePublished":"2018-06-25T10:31:56+00:00","breadcrumb":{"@id":"https:\/\/blogdoprosperi.com\/?p=37446#breadcrumb"},"inLanguage":"pt-BR","potentialAction":[{"@type":"ReadAction","target":["https:\/\/blogdoprosperi.com\/?p=37446"]}]},{"@type":"ImageObject","inLanguage":"pt-BR","@id":"https:\/\/blogdoprosperi.com\/?p=37446#primaryimage","url":"https:\/\/i0.wp.com\/blogdoprosperi.com\/wp-content\/uploads\/2018\/06\/20180624114950_5b2faf8ed7c5e-3.jpg?fit=650%2C419&ssl=1","contentUrl":"https:\/\/i0.wp.com\/blogdoprosperi.com\/wp-content\/uploads\/2018\/06\/20180624114950_5b2faf8ed7c5e-3.jpg?fit=650%2C419&ssl=1","width":650,"height":419,"caption":"Pai de Neymar pede tr\u00e9gua na guerra contra desafetos do filho e craque se diverte no treino"},{"@type":"BreadcrumbList","@id":"https:\/\/blogdoprosperi.com\/?p=37446#breadcrumb","itemListElement":[{"@type":"ListItem","position":1,"name":"In\u00edcio","item":"https:\/\/blogdoprosperi.com\/"},{"@type":"ListItem","position":2,"name":"Pai de Neymar pede tr\u00e9gua na guerra aos desafetos do filho"}]},{"@type":"WebSite","@id":"https:\/\/blogdoprosperi.com\/#website","url":"https:\/\/blogdoprosperi.com\/","name":"PR\u00d3SPERI NEWS","description":"TUDO \u00c9  FUTEBOL","publisher":{"@id":"https:\/\/blogdoprosperi.com\/#\/schema\/person\/38100755ce3601861ee4fab9b5aa78e9"},"alternateName":"blogdoprosperi.com","potentialAction":[{"@type":"SearchAction","target":{"@type":"EntryPoint","urlTemplate":"https:\/\/blogdoprosperi.com\/?s={search_term_string}"},"query-input":{"@type":"PropertyValueSpecification","valueRequired":true,"valueName":"search_term_string"}}],"inLanguage":"pt-BR"},{"@type":["Person","Organization"],"@id":"https:\/\/blogdoprosperi.com\/#\/schema\/person\/38100755ce3601861ee4fab9b5aa78e9","name":"Luiz Ant\u00f4nio Pr\u00f3speri","pronouns":"ele","image":{"@type":"ImageObject","inLanguage":"pt-BR","@id":"https:\/\/i0.wp.com\/blogdoprosperi.com\/wp-content\/uploads\/2026\/05\/cropped-8059e613-6002-42fa-961e-8e275f575d71-2-5.jpg?fit=1360%2C931&ssl=1","url":"https:\/\/i0.wp.com\/blogdoprosperi.com\/wp-content\/uploads\/2026\/05\/cropped-8059e613-6002-42fa-961e-8e275f575d71-2-5.jpg?fit=1360%2C931&ssl=1","contentUrl":"https:\/\/i0.wp.com\/blogdoprosperi.com\/wp-content\/uploads\/2026\/05\/cropped-8059e613-6002-42fa-961e-8e275f575d71-2-5.jpg?fit=1360%2C931&ssl=1","width":1360,"height":931,"caption":"Luiz Ant\u00f4nio Pr\u00f3speri"},"logo":{"@id":"https:\/\/i0.wp.com\/blogdoprosperi.com\/wp-content\/uploads\/2026\/05\/cropped-8059e613-6002-42fa-961e-8e275f575d71-2-5.jpg?fit=1360%2C931&ssl=1"},"description":"Jornalista com carreira dedicada ao esporte. Cobriu 9 Copas do Mundo in loco, 1990 na It\u00e1lia, 1994 nos EUA, 1998 na Fran\u00e7a, 2002 na Coreia do Sul e Jap\u00e3o, 2006 na Alemanha, 2010 na \u00c1frica do Sul, 2014 no Brasil, 2018 na R\u00fassia e 2022 no Qatar. Eurocopas, 1992 na Su\u00e9cia e 1996 na Inglaterra. Copa das Confedera\u00e7\u00f5es de 2005 na Alemanha e 2009 na \u00c1frica do Sul. Rep\u00f3rter e Editor, trabalhou no Jornal da Tarde e Estad\u00e3o, de 1984 a fevereiro de 2016. Colunista, blogueiro. E comentarista de futebol na R\u00e1dio Estad\u00e3o, de 2013 a fevereiro de 2016. Jornalista respons\u00e1vel do \"Pr\u00f3speri News\" (blogdoprosperi.com).","sameAs":["http:\/\/blogdoprosperi.com","Luiz Pr\u00f3speri","@luiz_prosperi","https:\/\/x.com\/Luizprosperi","@prosperinacopa","luiz.prosperi@icloud.com"],"url":"https:\/\/blogdoprosperi.com\/?author=102107496"}]}},"jetpack_publicize_connections":[],"jetpack_likes_enabled":false,"jetpack_sharing_enabled":true,"jetpack_shortlink":"https:\/\/wp.me\/p7jvdk-9JY","jetpack-related-posts":[{"id":37483,"url":"https:\/\/blogdoprosperi.com\/?p=37483","url_meta":{"origin":37446,"position":0},"title":"Invent\u00e1rio da derrota (1): A Copa perdida do menino Ney","author":"Luiz Ant\u00f4nio Pr\u00f3speri","date":"13 de julho de 2018","format":false,"excerpt":"\u00a0 Luiz Ant\u00f4nio Pr\u00f3speri, de Moscou \/ R\u00fassia Uma semana depois de o Brasil ser eliminado na Copa da R\u00fassia, Blog do Pr\u00f3speri apresenta invent\u00e1rio da derrota em cinco epis\u00f3dios. Acompanhe: Neymar esperava deixar a R\u00fassia dia 15 de julho glorificado. Beijaria a ta\u00e7a e diria ao s\u00faditos que um\u2026","rel":"","context":"Em &quot;Copa do Mundo 2018&quot;","block_context":{"text":"Copa do Mundo 2018","link":"https:\/\/blogdoprosperi.com\/?cat=43723753"},"img":{"alt_text":"","src":"https:\/\/i0.wp.com\/blogdoprosperi.com\/wp-content\/uploads\/2018\/07\/000_17a9mg.jpg?fit=768%2C511&ssl=1&resize=350%2C200","width":350,"height":200,"srcset":"https:\/\/i0.wp.com\/blogdoprosperi.com\/wp-content\/uploads\/2018\/07\/000_17a9mg.jpg?fit=768%2C511&ssl=1&resize=350%2C200 1x, https:\/\/i0.wp.com\/blogdoprosperi.com\/wp-content\/uploads\/2018\/07\/000_17a9mg.jpg?fit=768%2C511&ssl=1&resize=525%2C300 1.5x, https:\/\/i0.wp.com\/blogdoprosperi.com\/wp-content\/uploads\/2018\/07\/000_17a9mg.jpg?fit=768%2C511&ssl=1&resize=700%2C400 2x"},"classes":[]},{"id":37655,"url":"https:\/\/blogdoprosperi.com\/?p=37655","url_meta":{"origin":37446,"position":1},"title":"Deixem Neymar em paz","author":"Luiz Ant\u00f4nio Pr\u00f3speri","date":"30 de abril de 2019","format":false,"excerpt":"Neymar deu um leve soco em um torcedor na cerim\u00f4nia de entrega de medalhas na Copa da Fran\u00e7a e, desde s\u00e1bado, tem sofrido uma saraivada de golpes no queixo, f\u00edgado e c\u00e9rebro. Ataques ao jogador partem de todos os lados. De analistas nas intermin\u00e1veis mesas-redondas nas TVs, redes sociais de\u2026","rel":"","context":"Em &quot;futebol&quot;","block_context":{"text":"futebol","link":"https:\/\/blogdoprosperi.com\/?cat=53870"},"img":{"alt_text":"","src":"https:\/\/i0.wp.com\/blogdoprosperi.com\/wp-content\/uploads\/2019\/04\/neymar-agride-torcedor.jpg?fit=1200%2C676&ssl=1&resize=350%2C200","width":350,"height":200,"srcset":"https:\/\/i0.wp.com\/blogdoprosperi.com\/wp-content\/uploads\/2019\/04\/neymar-agride-torcedor.jpg?fit=1200%2C676&ssl=1&resize=350%2C200 1x, https:\/\/i0.wp.com\/blogdoprosperi.com\/wp-content\/uploads\/2019\/04\/neymar-agride-torcedor.jpg?fit=1200%2C676&ssl=1&resize=525%2C300 1.5x, https:\/\/i0.wp.com\/blogdoprosperi.com\/wp-content\/uploads\/2019\/04\/neymar-agride-torcedor.jpg?fit=1200%2C676&ssl=1&resize=700%2C400 2x, https:\/\/i0.wp.com\/blogdoprosperi.com\/wp-content\/uploads\/2019\/04\/neymar-agride-torcedor.jpg?fit=1200%2C676&ssl=1&resize=1050%2C600 3x"},"classes":[]},{"id":37743,"url":"https:\/\/blogdoprosperi.com\/?p=37743","url_meta":{"origin":37446,"position":2},"title":"Tite n\u00e3o pode nem deve cortar Neymar da Sele\u00e7\u00e3o na Copa Am\u00e9rica","author":"Luiz Ant\u00f4nio Pr\u00f3speri","date":"3 de junho de 2019","format":false,"excerpt":"Tite n\u00e3o pode ser carrasco, nem julgador dos atos de Neymar. Sua miss\u00e3o \u00e9 conduzir a Sele\u00e7\u00e3o Brasileira, para isso \u00e9 pago, e bem, pela CBF. Neste momento quem deve responder por Neymar \u00e9 o pr\u00f3prio jogador, seus pares, a pol\u00edcia, a Justi\u00e7a. N\u00e3o cabe ao treinador da Sele\u00e7\u00e3o punir\u2026","rel":"","context":"Em &quot;futebol&quot;","block_context":{"text":"futebol","link":"https:\/\/blogdoprosperi.com\/?cat=53870"},"img":{"alt_text":"","src":"https:\/\/i0.wp.com\/blogdoprosperi.com\/wp-content\/uploads\/2019\/06\/62b83033fd43a943ad8fd24d4cd460f13268a003.jpg?fit=768%2C512&ssl=1&resize=350%2C200","width":350,"height":200,"srcset":"https:\/\/i0.wp.com\/blogdoprosperi.com\/wp-content\/uploads\/2019\/06\/62b83033fd43a943ad8fd24d4cd460f13268a003.jpg?fit=768%2C512&ssl=1&resize=350%2C200 1x, https:\/\/i0.wp.com\/blogdoprosperi.com\/wp-content\/uploads\/2019\/06\/62b83033fd43a943ad8fd24d4cd460f13268a003.jpg?fit=768%2C512&ssl=1&resize=525%2C300 1.5x, https:\/\/i0.wp.com\/blogdoprosperi.com\/wp-content\/uploads\/2019\/06\/62b83033fd43a943ad8fd24d4cd460f13268a003.jpg?fit=768%2C512&ssl=1&resize=700%2C400 2x"},"classes":[]},{"id":39716,"url":"https:\/\/blogdoprosperi.com\/?p=39716","url_meta":{"origin":37446,"position":3},"title":"Neymar, alvo e bomba ao mesmo tempo","author":"Luiz Ant\u00f4nio Pr\u00f3speri","date":"27 de setembro de 2022","format":false,"excerpt":"Neymar \u00e9 o alvo e a bomba ao mesmo tempo. Tite tem consci\u00eancia do que pode acontecer na Copa do Mundo. A encrenca \u00e9 como preservar o craque no Qatar para livrar a Sele\u00e7\u00e3o de graves consequ\u00eancias. E n\u00e3o estender o tapete ao \u00eddolo. Os amistosos contra Gana e Tun\u00edsia\u2026","rel":"","context":"Em &quot;catar 2022&quot;","block_context":{"text":"catar 2022","link":"https:\/\/blogdoprosperi.com\/?cat=47094043"},"img":{"alt_text":"","src":"https:\/\/i0.wp.com\/blogdoprosperi.com\/wp-content\/uploads\/2022\/09\/52389391025_1456898aed_c.jpg?fit=799%2C533&ssl=1&resize=350%2C200","width":350,"height":200,"srcset":"https:\/\/i0.wp.com\/blogdoprosperi.com\/wp-content\/uploads\/2022\/09\/52389391025_1456898aed_c.jpg?fit=799%2C533&ssl=1&resize=350%2C200 1x, https:\/\/i0.wp.com\/blogdoprosperi.com\/wp-content\/uploads\/2022\/09\/52389391025_1456898aed_c.jpg?fit=799%2C533&ssl=1&resize=525%2C300 1.5x, https:\/\/i0.wp.com\/blogdoprosperi.com\/wp-content\/uploads\/2022\/09\/52389391025_1456898aed_c.jpg?fit=799%2C533&ssl=1&resize=700%2C400 2x"},"classes":[]},{"id":38849,"url":"https:\/\/blogdoprosperi.com\/?p=38849","url_meta":{"origin":37446,"position":4},"title":"Messi levanta a ta\u00e7a, Neymar derruba l\u00e1grimas. Tite pode pagar a conta","author":"Luiz Ant\u00f4nio Pr\u00f3speri","date":"11 de julho de 2021","format":false,"excerpt":"Se a CBF estivesse navegando em \u00e1guas calmas, uma hora dessa Tite n\u00e3o seria mais t\u00e9cnico da Sele\u00e7\u00e3o Brasileira.","rel":"","context":"Em &quot;copa do mundo catar 2022&quot;","block_context":{"text":"copa do mundo catar 2022","link":"https:\/\/blogdoprosperi.com\/?cat=301049609"},"img":{"alt_text":"Argentina campe\u00e3 Copa Am\u00e9rica 2021","src":"https:\/\/i0.wp.com\/blogdoprosperi.com\/wp-content\/uploads\/2021\/07\/kcefarf2inn6vmg6o6qxr72bdi.jpg?fit=1200%2C787&ssl=1&resize=350%2C200","width":350,"height":200,"srcset":"https:\/\/i0.wp.com\/blogdoprosperi.com\/wp-content\/uploads\/2021\/07\/kcefarf2inn6vmg6o6qxr72bdi.jpg?fit=1200%2C787&ssl=1&resize=350%2C200 1x, https:\/\/i0.wp.com\/blogdoprosperi.com\/wp-content\/uploads\/2021\/07\/kcefarf2inn6vmg6o6qxr72bdi.jpg?fit=1200%2C787&ssl=1&resize=525%2C300 1.5x, https:\/\/i0.wp.com\/blogdoprosperi.com\/wp-content\/uploads\/2021\/07\/kcefarf2inn6vmg6o6qxr72bdi.jpg?fit=1200%2C787&ssl=1&resize=700%2C400 2x, https:\/\/i0.wp.com\/blogdoprosperi.com\/wp-content\/uploads\/2021\/07\/kcefarf2inn6vmg6o6qxr72bdi.jpg?fit=1200%2C787&ssl=1&resize=1050%2C600 3x"},"classes":[]},{"id":41758,"url":"https:\/\/blogdoprosperi.com\/?p=41758","url_meta":{"origin":37446,"position":5},"title":"Guru de Tite chega em 2024 e renova\u00e7\u00e3o da Sele\u00e7\u00e3o corre risco","author":"Luiz Ant\u00f4nio Pr\u00f3speri","date":"20 de junho de 2023","format":false,"excerpt":"Chegada de Carlo Ancelotti em 2024 lan\u00e7a uma quest\u00e3o fundamental: como \u00e9 que fica o processo de remontagem da Sele\u00e7\u00e3o Brasileira?","rel":"","context":"Em &quot;catar 2022&quot;","block_context":{"text":"catar 2022","link":"https:\/\/blogdoprosperi.com\/?cat=47094043"},"img":{"alt_text":"","src":"https:\/\/i0.wp.com\/blogdoprosperi.com\/wp-content\/uploads\/2023\/06\/52989781650_5ca2b0913b_c.jpg?fit=800%2C477&ssl=1&resize=350%2C200","width":350,"height":200,"srcset":"https:\/\/i0.wp.com\/blogdoprosperi.com\/wp-content\/uploads\/2023\/06\/52989781650_5ca2b0913b_c.jpg?fit=800%2C477&ssl=1&resize=350%2C200 1x, https:\/\/i0.wp.com\/blogdoprosperi.com\/wp-content\/uploads\/2023\/06\/52989781650_5ca2b0913b_c.jpg?fit=800%2C477&ssl=1&resize=525%2C300 1.5x, https:\/\/i0.wp.com\/blogdoprosperi.com\/wp-content\/uploads\/2023\/06\/52989781650_5ca2b0913b_c.jpg?fit=800%2C477&ssl=1&resize=700%2C400 2x"},"classes":[]}],"jetpack_featured_media_url":"https:\/\/i0.wp.com\/blogdoprosperi.com\/wp-content\/uploads\/2018\/06\/20180624114950_5b2faf8ed7c5e-3.jpg?fit=650%2C419&ssl=1","_links":{"self":[{"href":"https:\/\/blogdoprosperi.com\/index.php?rest_route=\/wp\/v2\/posts\/37446","targetHints":{"allow":["GET"]}}],"collection":[{"href":"https:\/\/blogdoprosperi.com\/index.php?rest_route=\/wp\/v2\/posts"}],"about":[{"href":"https:\/\/blogdoprosperi.com\/index.php?rest_route=\/wp\/v2\/types\/post"}],"author":[{"embeddable":true,"href":"https:\/\/blogdoprosperi.com\/index.php?rest_route=\/wp\/v2\/users\/102107496"}],"replies":[{"embeddable":true,"href":"https:\/\/blogdoprosperi.com\/index.php?rest_route=%2Fwp%2Fv2%2Fcomments&post=37446"}],"version-history":[{"count":4,"href":"https:\/\/blogdoprosperi.com\/index.php?rest_route=\/wp\/v2\/posts\/37446\/revisions"}],"predecessor-version":[{"id":37451,"href":"https:\/\/blogdoprosperi.com\/index.php?rest_route=\/wp\/v2\/posts\/37446\/revisions\/37451"}],"wp:featuredmedia":[{"embeddable":true,"href":"https:\/\/blogdoprosperi.com\/index.php?rest_route=\/wp\/v2\/media\/37450"}],"wp:attachment":[{"href":"https:\/\/blogdoprosperi.com\/index.php?rest_route=%2Fwp%2Fv2%2Fmedia&parent=37446"}],"wp:term":[{"taxonomy":"category","embeddable":true,"href":"https:\/\/blogdoprosperi.com\/index.php?rest_route=%2Fwp%2Fv2%2Fcategories&post=37446"},{"taxonomy":"post_tag","embeddable":true,"href":"https:\/\/blogdoprosperi.com\/index.php?rest_route=%2Fwp%2Fv2%2Ftags&post=37446"}],"curies":[{"name":"wp","href":"https:\/\/api.w.org\/{rel}","templated":true}]}}