{"id":37483,"date":"2018-07-13T05:02:59","date_gmt":"2018-07-13T08:02:59","guid":{"rendered":"http:\/\/blogdoprosperi.com\/?p=37483"},"modified":"2018-07-13T05:02:59","modified_gmt":"2018-07-13T08:02:59","slug":"inventario-da-derrota-1-a-copa-perdida-do-menino-ney","status":"publish","type":"post","link":"https:\/\/blogdoprosperi.com\/?p=37483","title":{"rendered":"Invent\u00e1rio da derrota (1): A Copa perdida do menino Ney"},"content":{"rendered":"<div class=\"fusion-page-title-bar fusion-page-title-bar-breadcrumbs fusion-page-title-bar-left\"><\/div>\n<div id=\"main\" class=\"clearfix \">\n<div class=\"fusion-row\">\n<div id=\"content\" class=\"portfolio-one-sidebar\">\n<div id=\"post-30128\" class=\"post post-30128 type-post status-publish format-standard has-post-thumbnail hentry category-destaque2 category-reportagens tag-copa-do-mundo-da-russia tag-menino-ney tag-neymar tag-selecao-brasileira tag-tite\">\n<div class=\"fusion-flexslider flexslider post-slideshow fusion-post-slideshow\">\n<p>&nbsp;<\/p>\n<\/div>\n<div class=\"post-content\">\n<p><strong><span class=\"alignnone\"><img data-recalc-dims=\"1\" loading=\"lazy\" decoding=\"async\" data-attachment-id=\"14664\" data-permalink=\"https:\/\/blogdoprosperi.com\/?attachment_id=14664\" data-orig-file=\"https:\/\/i0.wp.com\/blogdoprosperi.com\/wp-content\/uploads\/2016\/07\/pro3-81.jpg?fit=2406%2C1536&amp;ssl=1\" data-orig-size=\"2406,1536\" data-comments-opened=\"1\" data-image-meta=\"{&quot;aperture&quot;:&quot;4&quot;,&quot;credit&quot;:&quot;ALEX SILVA&quot;,&quot;camera&quot;:&quot;Canon EOS-1D X&quot;,&quot;caption&quot;:&quot;&quot;,&quot;created_timestamp&quot;:&quot;1467563984&quot;,&quot;copyright&quot;:&quot;ALEX SILVA\/ESTADAO&quot;,&quot;focal_length&quot;:&quot;400&quot;,&quot;iso&quot;:&quot;1000&quot;,&quot;shutter_speed&quot;:&quot;0.00125&quot;,&quot;title&quot;:&quot;&quot;,&quot;orientation&quot;:&quot;1&quot;}\" data-image-title=\"pro3-8\" data-image-description=\"\" data-image-caption=\"\" data-large-file=\"https:\/\/i0.wp.com\/blogdoprosperi.com\/wp-content\/uploads\/2016\/07\/pro3-81.jpg?fit=940%2C600&amp;ssl=1\" class=\"alignnone size-thumbnail wp-image-14664 alignleft initial lazyloaded\" src=\"https:\/\/i0.wp.com\/chuteirafc.cartacapital.com.br\/wp-content\/uploads\/2017\/09\/selo_chuteira_russia18-150x150.png?resize=150%2C150\" alt=\"Chuteira FC na Copa do Mundo 2018\" width=\"150\" height=\"150\" \/><\/span>Luiz Ant\u00f4nio Pr\u00f3speri, de Moscou \/ R\u00fassia<\/strong><\/p>\n<div id=\"Chuteira_Post_Bottom2\"><\/div>\n<p><em>Uma semana depois de o Brasil ser eliminado na Copa da R\u00fassia, Blog do Pr\u00f3speri apresenta invent\u00e1rio da derrota em cinco epis\u00f3dios. Acompanhe:<\/em><\/p>\n<p>Neymar esperava deixar a R\u00fassia dia 15 de julho glorificado. Beijaria a ta\u00e7a e diria ao s\u00faditos que um novo monarca assumia a reg\u00eancia do futebol. Embarcou antes, neste 7 julho de 2018, derrotado e motivo de chacota mundo afora. Tema de v\u00eddeos de cai-cai, desaforos nas redes sociais, excomungado, e nada idolatrado em seu pr\u00f3prio pa\u00eds. A prova cabal do fracasso de seu projeto. O jogador de 26 anos quis o mundo nas m\u00e3os, a Copa do menino Ney. N\u00e3o vingou. Volta para casa de m\u00e3os vazias.<\/p>\n<p>Passadas 24 horas da queda em Kazan, publicou seu testemunho no Instagram, como um testamento.<\/p>\n<p>\u201cDif\u00edcil encontrar for\u00e7as pra querer voltar a jogar futebol, mas tenho certeza que Deus me dar\u00e1 for\u00e7a suficiente pra enfrentar qualquer coisa.\u00a0Posso dizer que \u00e9 o momento mais triste da minha carreira. A dor \u00e9 muito grande porque sab\u00edamos que poder\u00edamos chegar, sab\u00edamos que t\u00ednhamos condi\u00e7\u00f5es de irmos mais al\u00e9m, de fazer hist\u00f3ria\u2026 mas n\u00e3o foi dessa vez\u201d.<\/p>\n<p>Esta \u00e9 a segunda Copa na carreira der Neymar. Na primeira, em casa, saiu de cena v\u00edtima de uma pancada nas costas do colombiano Zu\u00f1iga nas quartas de final. Na segunda, n\u00e3o teve for\u00e7a para conduzir a caravana at\u00e9 Moscou. Parou tamb\u00e9m nas quartas.<\/p>\n<p>At\u00e9 o dia 6 de julho em Kazan, o astro da Sele\u00e7\u00e3o Brasileira havia convivido com dissabores, cr\u00edticas e salvo-conduto do comando da Sele\u00e7\u00e3o. Era alvo da f\u00faria de treinadores, como Juan Carlos Os\u00f3rio e o aposentado Fabio Capelo, do ex-goleiro dinamarqu\u00eas Schmeichel e de ve\u00edculos de respeito da imprensa internacional. Todos o acusando de simulador. Desafetos no Brasil diziam que era o maior sonegador de impostos da p\u00e1tria. Poucos elogios, a maioria deles de aduladores.<\/p>\n<p>No momento mais cr\u00edtico, <strong><a href=\"http:\/\/chuteirafc.cartacapital.com.br\/selecao-pai-de-neymar-pede-tregua-na-guerra-contra-desafetos-do-craque\/\">Neymar pai interviu<\/a><\/strong> pedindo tr\u00e9gua na guerra entre os \u201cantis\u201d e os \u201cpar\u00e7as\u201d \u2013 o Brasil acabava de passar da primeira fase da Copa.<\/p>\n<p>O <strong><a href=\"http:\/\/chuteirafc.cartacapital.com.br\/choro-de-neymar-comove-thiago-silva-irmao-mais-velho-do-craque\/\">choro ap\u00f3s dura vit\u00f3ria por 2 a 0 contra a Costa Rica<\/a><\/strong>, quando fez seu primeiro gol no Mundial da R\u00fassia, era a senha de que muita m\u00e1goa e luta estavam represadas.<\/p>\n<p>Derramadas as l\u00e1grimas e enquanto a Sele\u00e7\u00e3o estava viva, Neymar ainda era o \u201cmenino Ney\u201d nas celebra\u00e7\u00f5es e manifestos no Instagram, sua janela para o mundo.<\/p>\n<p>Eleito melhor jogador na vit\u00f3ria (2 a 0) contra o M\u00e9xico nas oitavas de final, disse, ao ser questionado na confer\u00eancia de imprensa, que as cr\u00edticas de simulador e cai-cai tinham como objetivo minar seu lado emocional e seu futebol. N\u00e3o dava a m\u00ednima ao que diziam. \u201cN\u00e3o me incomoda. Estou aqui para ganhar (<em>a Copa<\/em>), n\u00e3o para fazer outras coisas\u201d. respondeu.<\/p>\n<p>N\u00e3o por acaso<strong><a href=\"http:\/\/chuteirafc.cartacapital.com.br\/brasil-vence-mexico-com-drible-e-forca-de-campeao\/\">, naquela noite vitoriosa em Samara<\/a><\/strong> passou todo feliz depois do jogo na zona mista \u2013 um trajeto entre os vesti\u00e1rios e \u00f4nibus nos subterr\u00e2neos dos est\u00e1dios da Copa em que os jogadores d\u00e3o entrevistas rel\u00e2mpago a centenas de jornalistas. Tamburilava seu trof\u00e9u de \u201cjogador Fifa da partida\u201d. Sorria como um menino com presente novo nas m\u00e3os.<\/p>\n<p>No \u00edntimo, Neymar tinha absoluta certeza de que nos momentos f\u00e1ceis e nos mais complicados resolveria com seu talento e dote de jogar bola. O \u201cmenino Ney\u201d no estado puro. Da\u00ed dizer que \u201cn\u00e3o me incomoda\u201d.<\/p>\n<p>N\u00e3o era verdade que n\u00e3o se sentia incomodado. Tite e comiss\u00e3o t\u00e9cnica trataram de abra\u00e7ar e proteger o astro. Blindaram-no a ponto de Tite responder direto aos cr\u00edticos mais gra\u00fados. Neymar podia ser Neymar a hora que fosse na Sele\u00e7\u00e3o.<\/p>\n<p>Mas a\u00ed a <strong><a href=\"http:\/\/chuteirafc.cartacapital.com.br\/brasil-paga-conta-alta-na-russia-por-demorar-a-reagir-ao-7-a-1-de-2014\/\">B\u00e9lgica apareceu<\/a><\/strong>. Deu um n\u00f3 em Tite e em seus in\u00fameros assessores. E Neymar n\u00e3o conseguiu com seu talento resolver a quest\u00e3o mais dif\u00edcil do Brasil na Copa.<\/p>\n<p>Ao final do jogo se viu sozinho no gramado em penit\u00eancia. Tite n\u00e3o correu at\u00e9 l\u00e1 para o proteger debaixo de seu palet\u00f3 preto.<\/p>\n<p>Na sa\u00edda da Arena Kazan, tr\u00eas horas ap\u00f3s a derrota, puxou o cord\u00e3o dos derrotados na zona mista. M\u00e3os no bolso, cabe\u00e7a baixa e negando entrevistas a uma centena de jornalistas brasileiros e de outros pa\u00edses.<\/p>\n<p>Um dia depois da queda na Copa, na melanc\u00f3lica despedida da Sele\u00e7\u00e3o em Kazan neste s\u00e1bado (07\/7), Edu Gaspar, gerente da trupe, defendeu o astro:<\/p>\n<p>\u201cSempre falei, desde que comecei a conviver com o Neymar, que n\u00e3o \u00e9 f\u00e1cil ser Neymar. \u00c9 dif\u00edcil. \u00c9 um atleta, deixou de ser menino. Ele merece todo meu elogio, esquecem o tempo que ele ficou parado antes da Copa. Ficou tr\u00eas meses parado, s\u00f3 treinou tr\u00eas semanas. Fez s\u00f3 dois amistosos para estrear. Se n\u00e3o fosse Neymar, n\u00e3o sei se outro atleta conseguiria. \u00c9 um atleta que \u00e9 criticado e elogiado se d\u00e1 sorriso, se chora, se d\u00e1 entrevista\u2026\u201d<\/p>\n<p>\u201cEu estou sempre ao lado dele, para ajud\u00e1-lo. Neymar foi o atleta que menos reivindicou alguma coisa. Cumpriu todas as normas, n\u00e3o fez pedidos. Chega a dar pena o que esse menino sofre. O contr\u00e1rio tamb\u00e9m \u00e9 verdade, porque se enobrece tamb\u00e9m. Meu dia a dia com o Neymar \u00e9 espetacular. S\u00f3 tenho de elogiar\u201d.<\/p>\n<p>Poucas horas depois das declara\u00e7\u00f5es de Edu Gaspar, Neymar relatava no Instagram que est\u00e1 \u201cdif\u00edcil encontrar for\u00e7as pra querer voltar a jogar futebol\u201d.<\/p>\n<p>Era a mais pura tradu\u00e7\u00e3o de seu sentimento diante do projeto fracassado de virar o novo rei p\u00f3s-Cristiano Ronaldo e Messi. Embarcou no voo fretado pela CBF e voltou para casa. A Copa que seria sua n\u00e3o \u00e9 mais do menino Ney.<\/p>\n<h3><em>Pr\u00f3ximo epis\u00f3dio:\u00a0A Copa deslumbrada de Tite\u00a0<\/em><\/h3>\n<p><em>(material publicado no chuteirafc)<\/em><\/p>\n<\/div>\n<\/div>\n<\/div>\n<\/div>\n<\/div>\n","protected":false},"excerpt":{"rendered":"<p>&nbsp; Luiz Ant\u00f4nio Pr\u00f3speri, de Moscou \/ R\u00fassia Uma semana depois de o Brasil ser eliminado na Copa [&hellip;]<\/p>\n","protected":false},"author":102107496,"featured_media":37485,"comment_status":"open","ping_status":"open","sticky":false,"template":"","format":"standard","meta":{"_coblocks_attr":"","_coblocks_dimensions":"","_coblocks_responsive_height":"","_coblocks_accordion_ie_support":"","_jetpack_newsletter_access":"","_jetpack_dont_email_post_to_subs":false,"_jetpack_newsletter_tier_id":0,"_jetpack_memberships_contains_paywalled_content":false,"_wpcom_ai_launchpad_first_post":false,"_jetpack_feature_clip_id":0,"_jetpack_memberships_contains_paid_content":false,"footnotes":"","jetpack_publicize_message":"","jetpack_publicize_feature_enabled":true,"jetpack_social_post_already_shared":false,"jetpack_social_options":{"image_generator_settings":{"template":"highway","default_image_id":0,"font":"","enabled":false},"version":2},"jetpack_post_was_ever_published":false},"categories":[43723753,53870],"tags":[82047493,789560560,4112146,789560562],"class_list":["post-37483","post","type-post","status-publish","format-standard","has-post-thumbnail","hentry","category-copa-do-mundo-2018","category-futebol","tag-copa-da-russia","tag-futebol","tag-neymar","tag-selecao-brasileira"],"yoast_head":"<!-- This site is optimized with the Yoast SEO plugin v28.3 - https:\/\/yoast.com\/product\/yoast-seo-wordpress\/ -->\n<title>Invent\u00e1rio da derrota (1): A Copa perdida do menino Ney - PR\u00d3SPERI NEWS<\/title>\n<meta name=\"robots\" content=\"index, follow, max-snippet:-1, max-image-preview:large, max-video-preview:-1\" \/>\n<link rel=\"canonical\" href=\"https:\/\/blogdoprosperi.com\/?p=37483\" \/>\n<meta property=\"og:locale\" content=\"pt_BR\" \/>\n<meta property=\"og:type\" content=\"article\" \/>\n<meta property=\"og:title\" content=\"Invent\u00e1rio da derrota (1): A Copa perdida do menino Ney - PR\u00d3SPERI NEWS\" \/>\n<meta property=\"og:description\" content=\"&nbsp; Luiz Ant\u00f4nio Pr\u00f3speri, de Moscou \/ R\u00fassia Uma semana depois de o Brasil ser eliminado na Copa [&hellip;]\" \/>\n<meta property=\"og:url\" content=\"https:\/\/blogdoprosperi.com\/?p=37483\" \/>\n<meta property=\"og:site_name\" content=\"PR\u00d3SPERI NEWS\" \/>\n<meta property=\"article:publisher\" content=\"Luiz Pr\u00f3speri\" \/>\n<meta property=\"article:author\" content=\"Luiz Pr\u00f3speri\" \/>\n<meta property=\"article:published_time\" content=\"2018-07-13T08:02:59+00:00\" \/>\n<meta property=\"og:image\" content=\"https:\/\/i0.wp.com\/blogdoprosperi.com\/wp-content\/uploads\/2018\/07\/000_17a9mg.jpg?fit=768%2C511&ssl=1\" \/>\n\t<meta property=\"og:image:width\" content=\"768\" \/>\n\t<meta property=\"og:image:height\" content=\"511\" \/>\n\t<meta property=\"og:image:type\" content=\"image\/jpeg\" \/>\n<meta name=\"author\" content=\"Luiz Ant\u00f4nio Pr\u00f3speri\" \/>\n<meta name=\"twitter:card\" content=\"summary_large_image\" \/>\n<meta name=\"twitter:creator\" content=\"@Luizprosperi\" \/>\n<meta name=\"twitter:site\" content=\"@Luizprosperi\" \/>\n<meta name=\"twitter:label1\" content=\"Escrito por\" \/>\n\t<meta name=\"twitter:data1\" content=\"Luiz Ant\u00f4nio Pr\u00f3speri\" \/>\n\t<meta name=\"twitter:label2\" content=\"Est. tempo de leitura\" \/>\n\t<meta name=\"twitter:data2\" content=\"5 minutos\" \/>\n<script type=\"application\/ld+json\" class=\"yoast-schema-graph\">{\"@context\":\"https:\\\/\\\/schema.org\",\"@graph\":[{\"@type\":\"Article\",\"@id\":\"https:\\\/\\\/blogdoprosperi.com\\\/?p=37483#article\",\"isPartOf\":{\"@id\":\"https:\\\/\\\/blogdoprosperi.com\\\/?p=37483\"},\"author\":{\"name\":\"Luiz Ant\u00f4nio Pr\u00f3speri\",\"@id\":\"https:\\\/\\\/blogdoprosperi.com\\\/#\\\/schema\\\/person\\\/38100755ce3601861ee4fab9b5aa78e9\"},\"headline\":\"Invent\u00e1rio da derrota (1): A Copa perdida do menino Ney\",\"datePublished\":\"2018-07-13T08:02:59+00:00\",\"mainEntityOfPage\":{\"@id\":\"https:\\\/\\\/blogdoprosperi.com\\\/?p=37483\"},\"wordCount\":1023,\"commentCount\":3,\"publisher\":{\"@id\":\"https:\\\/\\\/blogdoprosperi.com\\\/#\\\/schema\\\/person\\\/38100755ce3601861ee4fab9b5aa78e9\"},\"image\":{\"@id\":\"https:\\\/\\\/blogdoprosperi.com\\\/?p=37483#primaryimage\"},\"thumbnailUrl\":\"https:\\\/\\\/i0.wp.com\\\/blogdoprosperi.com\\\/wp-content\\\/uploads\\\/2018\\\/07\\\/000_17a9mg.jpg?fit=768%2C511&ssl=1\",\"keywords\":[\"Copa da R\u00fassia\",\"futebol\",\"Neymar\",\"Sele\u00e7\u00e3o Brasileira\"],\"articleSection\":[\"Copa do Mundo 2018\",\"futebol\"],\"inLanguage\":\"pt-BR\",\"potentialAction\":[{\"@type\":\"CommentAction\",\"name\":\"Comment\",\"target\":[\"https:\\\/\\\/blogdoprosperi.com\\\/?p=37483#respond\"]}]},{\"@type\":\"WebPage\",\"@id\":\"https:\\\/\\\/blogdoprosperi.com\\\/?p=37483\",\"url\":\"https:\\\/\\\/blogdoprosperi.com\\\/?p=37483\",\"name\":\"Invent\u00e1rio da derrota (1): A Copa perdida do menino Ney - PR\u00d3SPERI NEWS\",\"isPartOf\":{\"@id\":\"https:\\\/\\\/blogdoprosperi.com\\\/#website\"},\"primaryImageOfPage\":{\"@id\":\"https:\\\/\\\/blogdoprosperi.com\\\/?p=37483#primaryimage\"},\"image\":{\"@id\":\"https:\\\/\\\/blogdoprosperi.com\\\/?p=37483#primaryimage\"},\"thumbnailUrl\":\"https:\\\/\\\/i0.wp.com\\\/blogdoprosperi.com\\\/wp-content\\\/uploads\\\/2018\\\/07\\\/000_17a9mg.jpg?fit=768%2C511&ssl=1\",\"datePublished\":\"2018-07-13T08:02:59+00:00\",\"breadcrumb\":{\"@id\":\"https:\\\/\\\/blogdoprosperi.com\\\/?p=37483#breadcrumb\"},\"inLanguage\":\"pt-BR\",\"potentialAction\":[{\"@type\":\"ReadAction\",\"target\":[\"https:\\\/\\\/blogdoprosperi.com\\\/?p=37483\"]}]},{\"@type\":\"ImageObject\",\"inLanguage\":\"pt-BR\",\"@id\":\"https:\\\/\\\/blogdoprosperi.com\\\/?p=37483#primaryimage\",\"url\":\"https:\\\/\\\/i0.wp.com\\\/blogdoprosperi.com\\\/wp-content\\\/uploads\\\/2018\\\/07\\\/000_17a9mg.jpg?fit=768%2C511&ssl=1\",\"contentUrl\":\"https:\\\/\\\/i0.wp.com\\\/blogdoprosperi.com\\\/wp-content\\\/uploads\\\/2018\\\/07\\\/000_17a9mg.jpg?fit=768%2C511&ssl=1\",\"width\":768,\"height\":511},{\"@type\":\"BreadcrumbList\",\"@id\":\"https:\\\/\\\/blogdoprosperi.com\\\/?p=37483#breadcrumb\",\"itemListElement\":[{\"@type\":\"ListItem\",\"position\":1,\"name\":\"In\u00edcio\",\"item\":\"https:\\\/\\\/blogdoprosperi.com\\\/\"},{\"@type\":\"ListItem\",\"position\":2,\"name\":\"Invent\u00e1rio da derrota (1): A Copa perdida do menino Ney\"}]},{\"@type\":\"WebSite\",\"@id\":\"https:\\\/\\\/blogdoprosperi.com\\\/#website\",\"url\":\"https:\\\/\\\/blogdoprosperi.com\\\/\",\"name\":\"PR\u00d3SPERI NEWS\",\"description\":\"TUDO \u00c9  FUTEBOL\",\"publisher\":{\"@id\":\"https:\\\/\\\/blogdoprosperi.com\\\/#\\\/schema\\\/person\\\/38100755ce3601861ee4fab9b5aa78e9\"},\"alternateName\":\"blogdoprosperi.com\",\"potentialAction\":[{\"@type\":\"SearchAction\",\"target\":{\"@type\":\"EntryPoint\",\"urlTemplate\":\"https:\\\/\\\/blogdoprosperi.com\\\/?s={search_term_string}\"},\"query-input\":{\"@type\":\"PropertyValueSpecification\",\"valueRequired\":true,\"valueName\":\"search_term_string\"}}],\"inLanguage\":\"pt-BR\"},{\"@type\":[\"Person\",\"Organization\"],\"@id\":\"https:\\\/\\\/blogdoprosperi.com\\\/#\\\/schema\\\/person\\\/38100755ce3601861ee4fab9b5aa78e9\",\"name\":\"Luiz Ant\u00f4nio Pr\u00f3speri\",\"pronouns\":\"ele\",\"image\":{\"@type\":\"ImageObject\",\"inLanguage\":\"pt-BR\",\"@id\":\"https:\\\/\\\/i0.wp.com\\\/blogdoprosperi.com\\\/wp-content\\\/uploads\\\/2026\\\/05\\\/cropped-8059e613-6002-42fa-961e-8e275f575d71-2-5.jpg?fit=1360%2C931&ssl=1\",\"url\":\"https:\\\/\\\/i0.wp.com\\\/blogdoprosperi.com\\\/wp-content\\\/uploads\\\/2026\\\/05\\\/cropped-8059e613-6002-42fa-961e-8e275f575d71-2-5.jpg?fit=1360%2C931&ssl=1\",\"contentUrl\":\"https:\\\/\\\/i0.wp.com\\\/blogdoprosperi.com\\\/wp-content\\\/uploads\\\/2026\\\/05\\\/cropped-8059e613-6002-42fa-961e-8e275f575d71-2-5.jpg?fit=1360%2C931&ssl=1\",\"width\":1360,\"height\":931,\"caption\":\"Luiz Ant\u00f4nio Pr\u00f3speri\"},\"logo\":{\"@id\":\"https:\\\/\\\/i0.wp.com\\\/blogdoprosperi.com\\\/wp-content\\\/uploads\\\/2026\\\/05\\\/cropped-8059e613-6002-42fa-961e-8e275f575d71-2-5.jpg?fit=1360%2C931&ssl=1\"},\"description\":\"Jornalista com carreira dedicada ao esporte. Cobriu 9 Copas do Mundo in loco, 1990 na It\u00e1lia, 1994 nos EUA, 1998 na Fran\u00e7a, 2002 na Coreia do Sul e Jap\u00e3o, 2006 na Alemanha, 2010 na \u00c1frica do Sul, 2014 no Brasil, 2018 na R\u00fassia e 2022 no Qatar. Eurocopas, 1992 na Su\u00e9cia e 1996 na Inglaterra. Copa das Confedera\u00e7\u00f5es de 2005 na Alemanha e 2009 na \u00c1frica do Sul. Rep\u00f3rter e Editor, trabalhou no Jornal da Tarde e Estad\u00e3o, de 1984 a fevereiro de 2016. Colunista, blogueiro. E comentarista de futebol na R\u00e1dio Estad\u00e3o, de 2013 a fevereiro de 2016. Jornalista respons\u00e1vel do \\\"Pr\u00f3speri News\\\" (blogdoprosperi.com).\",\"sameAs\":[\"http:\\\/\\\/blogdoprosperi.com\",\"Luiz Pr\u00f3speri\",\"@luiz_prosperi\",\"https:\\\/\\\/x.com\\\/Luizprosperi\",\"@prosperinacopa\",\"luiz.prosperi@icloud.com\"],\"url\":\"https:\\\/\\\/blogdoprosperi.com\\\/?author=102107496\"}]}<\/script>\n<!-- \/ Yoast SEO plugin. -->","yoast_head_json":{"title":"Invent\u00e1rio da derrota (1): A Copa perdida do menino Ney - PR\u00d3SPERI NEWS","robots":{"index":"index","follow":"follow","max-snippet":"max-snippet:-1","max-image-preview":"max-image-preview:large","max-video-preview":"max-video-preview:-1"},"canonical":"https:\/\/blogdoprosperi.com\/?p=37483","og_locale":"pt_BR","og_type":"article","og_title":"Invent\u00e1rio da derrota (1): A Copa perdida do menino Ney - PR\u00d3SPERI NEWS","og_description":"&nbsp; Luiz Ant\u00f4nio Pr\u00f3speri, de Moscou \/ R\u00fassia Uma semana depois de o Brasil ser eliminado na Copa [&hellip;]","og_url":"https:\/\/blogdoprosperi.com\/?p=37483","og_site_name":"PR\u00d3SPERI NEWS","article_publisher":"Luiz Pr\u00f3speri","article_author":"Luiz Pr\u00f3speri","article_published_time":"2018-07-13T08:02:59+00:00","og_image":[{"width":768,"height":511,"url":"https:\/\/i0.wp.com\/blogdoprosperi.com\/wp-content\/uploads\/2018\/07\/000_17a9mg.jpg?fit=768%2C511&ssl=1","type":"image\/jpeg"}],"author":"Luiz Ant\u00f4nio Pr\u00f3speri","twitter_card":"summary_large_image","twitter_creator":"@Luizprosperi","twitter_site":"@Luizprosperi","twitter_misc":{"Escrito por":"Luiz Ant\u00f4nio Pr\u00f3speri","Est. tempo de leitura":"5 minutos"},"schema":{"@context":"https:\/\/schema.org","@graph":[{"@type":"Article","@id":"https:\/\/blogdoprosperi.com\/?p=37483#article","isPartOf":{"@id":"https:\/\/blogdoprosperi.com\/?p=37483"},"author":{"name":"Luiz Ant\u00f4nio Pr\u00f3speri","@id":"https:\/\/blogdoprosperi.com\/#\/schema\/person\/38100755ce3601861ee4fab9b5aa78e9"},"headline":"Invent\u00e1rio da derrota (1): A Copa perdida do menino Ney","datePublished":"2018-07-13T08:02:59+00:00","mainEntityOfPage":{"@id":"https:\/\/blogdoprosperi.com\/?p=37483"},"wordCount":1023,"commentCount":3,"publisher":{"@id":"https:\/\/blogdoprosperi.com\/#\/schema\/person\/38100755ce3601861ee4fab9b5aa78e9"},"image":{"@id":"https:\/\/blogdoprosperi.com\/?p=37483#primaryimage"},"thumbnailUrl":"https:\/\/i0.wp.com\/blogdoprosperi.com\/wp-content\/uploads\/2018\/07\/000_17a9mg.jpg?fit=768%2C511&ssl=1","keywords":["Copa da R\u00fassia","futebol","Neymar","Sele\u00e7\u00e3o Brasileira"],"articleSection":["Copa do Mundo 2018","futebol"],"inLanguage":"pt-BR","potentialAction":[{"@type":"CommentAction","name":"Comment","target":["https:\/\/blogdoprosperi.com\/?p=37483#respond"]}]},{"@type":"WebPage","@id":"https:\/\/blogdoprosperi.com\/?p=37483","url":"https:\/\/blogdoprosperi.com\/?p=37483","name":"Invent\u00e1rio da derrota (1): A Copa perdida do menino Ney - PR\u00d3SPERI NEWS","isPartOf":{"@id":"https:\/\/blogdoprosperi.com\/#website"},"primaryImageOfPage":{"@id":"https:\/\/blogdoprosperi.com\/?p=37483#primaryimage"},"image":{"@id":"https:\/\/blogdoprosperi.com\/?p=37483#primaryimage"},"thumbnailUrl":"https:\/\/i0.wp.com\/blogdoprosperi.com\/wp-content\/uploads\/2018\/07\/000_17a9mg.jpg?fit=768%2C511&ssl=1","datePublished":"2018-07-13T08:02:59+00:00","breadcrumb":{"@id":"https:\/\/blogdoprosperi.com\/?p=37483#breadcrumb"},"inLanguage":"pt-BR","potentialAction":[{"@type":"ReadAction","target":["https:\/\/blogdoprosperi.com\/?p=37483"]}]},{"@type":"ImageObject","inLanguage":"pt-BR","@id":"https:\/\/blogdoprosperi.com\/?p=37483#primaryimage","url":"https:\/\/i0.wp.com\/blogdoprosperi.com\/wp-content\/uploads\/2018\/07\/000_17a9mg.jpg?fit=768%2C511&ssl=1","contentUrl":"https:\/\/i0.wp.com\/blogdoprosperi.com\/wp-content\/uploads\/2018\/07\/000_17a9mg.jpg?fit=768%2C511&ssl=1","width":768,"height":511},{"@type":"BreadcrumbList","@id":"https:\/\/blogdoprosperi.com\/?p=37483#breadcrumb","itemListElement":[{"@type":"ListItem","position":1,"name":"In\u00edcio","item":"https:\/\/blogdoprosperi.com\/"},{"@type":"ListItem","position":2,"name":"Invent\u00e1rio da derrota (1): A Copa perdida do menino Ney"}]},{"@type":"WebSite","@id":"https:\/\/blogdoprosperi.com\/#website","url":"https:\/\/blogdoprosperi.com\/","name":"PR\u00d3SPERI NEWS","description":"TUDO \u00c9  FUTEBOL","publisher":{"@id":"https:\/\/blogdoprosperi.com\/#\/schema\/person\/38100755ce3601861ee4fab9b5aa78e9"},"alternateName":"blogdoprosperi.com","potentialAction":[{"@type":"SearchAction","target":{"@type":"EntryPoint","urlTemplate":"https:\/\/blogdoprosperi.com\/?s={search_term_string}"},"query-input":{"@type":"PropertyValueSpecification","valueRequired":true,"valueName":"search_term_string"}}],"inLanguage":"pt-BR"},{"@type":["Person","Organization"],"@id":"https:\/\/blogdoprosperi.com\/#\/schema\/person\/38100755ce3601861ee4fab9b5aa78e9","name":"Luiz Ant\u00f4nio Pr\u00f3speri","pronouns":"ele","image":{"@type":"ImageObject","inLanguage":"pt-BR","@id":"https:\/\/i0.wp.com\/blogdoprosperi.com\/wp-content\/uploads\/2026\/05\/cropped-8059e613-6002-42fa-961e-8e275f575d71-2-5.jpg?fit=1360%2C931&ssl=1","url":"https:\/\/i0.wp.com\/blogdoprosperi.com\/wp-content\/uploads\/2026\/05\/cropped-8059e613-6002-42fa-961e-8e275f575d71-2-5.jpg?fit=1360%2C931&ssl=1","contentUrl":"https:\/\/i0.wp.com\/blogdoprosperi.com\/wp-content\/uploads\/2026\/05\/cropped-8059e613-6002-42fa-961e-8e275f575d71-2-5.jpg?fit=1360%2C931&ssl=1","width":1360,"height":931,"caption":"Luiz Ant\u00f4nio Pr\u00f3speri"},"logo":{"@id":"https:\/\/i0.wp.com\/blogdoprosperi.com\/wp-content\/uploads\/2026\/05\/cropped-8059e613-6002-42fa-961e-8e275f575d71-2-5.jpg?fit=1360%2C931&ssl=1"},"description":"Jornalista com carreira dedicada ao esporte. Cobriu 9 Copas do Mundo in loco, 1990 na It\u00e1lia, 1994 nos EUA, 1998 na Fran\u00e7a, 2002 na Coreia do Sul e Jap\u00e3o, 2006 na Alemanha, 2010 na \u00c1frica do Sul, 2014 no Brasil, 2018 na R\u00fassia e 2022 no Qatar. Eurocopas, 1992 na Su\u00e9cia e 1996 na Inglaterra. Copa das Confedera\u00e7\u00f5es de 2005 na Alemanha e 2009 na \u00c1frica do Sul. Rep\u00f3rter e Editor, trabalhou no Jornal da Tarde e Estad\u00e3o, de 1984 a fevereiro de 2016. Colunista, blogueiro. E comentarista de futebol na R\u00e1dio Estad\u00e3o, de 2013 a fevereiro de 2016. Jornalista respons\u00e1vel do \"Pr\u00f3speri News\" (blogdoprosperi.com).","sameAs":["http:\/\/blogdoprosperi.com","Luiz Pr\u00f3speri","@luiz_prosperi","https:\/\/x.com\/Luizprosperi","@prosperinacopa","luiz.prosperi@icloud.com"],"url":"https:\/\/blogdoprosperi.com\/?author=102107496"}]}},"jetpack_publicize_connections":[],"jetpack_likes_enabled":false,"jetpack_sharing_enabled":true,"jetpack_shortlink":"https:\/\/wp.me\/p7jvdk-9Kz","jetpack-related-posts":[{"id":60603,"url":"https:\/\/blogdoprosperi.com\/?p=60603","url_meta":{"origin":37483,"position":0},"title":"V\u00eddeo | Invent\u00e1rio da Derrota (#epis\u00f3dio3): Capatosta e err\u00e1tico, as culpas de Ancelotti","author":"Luiz Ant\u00f4nio Pr\u00f3speri","date":"15 de julho de 2026","format":false,"excerpt":"Acompanhe o terceiro epis\u00f3dio da s\u00e9rie Invent\u00e1rio da Derrota do Brasil na Copa do Mundo 2026: https:\/\/youtu.be\/rc6n5XbNTHo?si=vjLwFhlCLO1Gehog #epis\u00f3dio2 https:\/\/blogdoprosperi.com\/2026\/07\/14\/video-selecao-brasileira-nao-bate-no-peito\/ #epis\u00f3dio3 https:\/\/blogdoprosperi.com\/2026\/07\/14\/video-inventario-da-derrota-episodio1-do-caos-aos-vacilos-de-ancelotti\/","rel":"","context":"Em &quot;copa 2026&quot;","block_context":{"text":"copa 2026","link":"https:\/\/blogdoprosperi.com\/?cat=36820279"},"img":{"alt_text":"","src":"https:\/\/i0.wp.com\/blogdoprosperi.com\/wp-content\/uploads\/2026\/07\/10oKQYQR.jpg?fit=1200%2C675&ssl=1&resize=350%2C200","width":350,"height":200,"srcset":"https:\/\/i0.wp.com\/blogdoprosperi.com\/wp-content\/uploads\/2026\/07\/10oKQYQR.jpg?fit=1200%2C675&ssl=1&resize=350%2C200 1x, https:\/\/i0.wp.com\/blogdoprosperi.com\/wp-content\/uploads\/2026\/07\/10oKQYQR.jpg?fit=1200%2C675&ssl=1&resize=525%2C300 1.5x, https:\/\/i0.wp.com\/blogdoprosperi.com\/wp-content\/uploads\/2026\/07\/10oKQYQR.jpg?fit=1200%2C675&ssl=1&resize=700%2C400 2x, https:\/\/i0.wp.com\/blogdoprosperi.com\/wp-content\/uploads\/2026\/07\/10oKQYQR.jpg?fit=1200%2C675&ssl=1&resize=1050%2C600 3x"},"classes":[]},{"id":60543,"url":"https:\/\/blogdoprosperi.com\/?p=60543","url_meta":{"origin":37483,"position":1},"title":"V\u00eddeo: Invent\u00e1rio da Derrota #epis\u00f3dio1 | Do caos aos vacilos de Ancelotti","author":"Luiz Ant\u00f4nio Pr\u00f3speri","date":"14 de julho de 2026","format":false,"excerpt":"Acompanhe v\u00eddeo do #epis\u00f3dio1 do Invent\u00e1rio da Derrota do Brasil na Copa do Mundo 2026 #copadomundo: https:\/\/youtu.be\/CdI6C8etYQ4?si=c5VCBcfXEckGhEpl","rel":"","context":"Em &quot;copa 2026&quot;","block_context":{"text":"copa 2026","link":"https:\/\/blogdoprosperi.com\/?cat=36820279"},"img":{"alt_text":"","src":"https:\/\/i0.wp.com\/blogdoprosperi.com\/wp-content\/uploads\/2026\/07\/hqdefault.jpg?fit=480%2C360&ssl=1&resize=350%2C200","width":350,"height":200},"classes":[]},{"id":60734,"url":"https:\/\/blogdoprosperi.com\/?p=60734","url_meta":{"origin":37483,"position":2},"title":"V\u00eddeo: Invent\u00e1rio da Derrota (#epis\u00f3dio4) | O antigo futuro da Sele\u00e7\u00e3o Brasileira","author":"Luiz Ant\u00f4nio Pr\u00f3speri","date":"17 de julho de 2026","format":false,"excerpt":"Acompanhe o epis\u00f3dio 4 e \u00faltimo da s\u00e9rie Invent\u00e1rio da Derrota do Brasil na Copa do Mundo 2026: \"O antigo futuro da Sele\u00e7\u00e3o Brasileira\": https:\/\/youtu.be\/_ej_NIX6FoY?si=dqkKhRc_1nPPlXza","rel":"","context":"Em &quot;copa 2026&quot;","block_context":{"text":"copa 2026","link":"https:\/\/blogdoprosperi.com\/?cat=36820279"},"img":{"alt_text":"","src":"https:\/\/i0.wp.com\/blogdoprosperi.com\/wp-content\/uploads\/2026\/07\/maxresdefault.jpg?fit=1200%2C675&ssl=1&resize=350%2C200","width":350,"height":200,"srcset":"https:\/\/i0.wp.com\/blogdoprosperi.com\/wp-content\/uploads\/2026\/07\/maxresdefault.jpg?fit=1200%2C675&ssl=1&resize=350%2C200 1x, https:\/\/i0.wp.com\/blogdoprosperi.com\/wp-content\/uploads\/2026\/07\/maxresdefault.jpg?fit=1200%2C675&ssl=1&resize=525%2C300 1.5x, https:\/\/i0.wp.com\/blogdoprosperi.com\/wp-content\/uploads\/2026\/07\/maxresdefault.jpg?fit=1200%2C675&ssl=1&resize=700%2C400 2x, https:\/\/i0.wp.com\/blogdoprosperi.com\/wp-content\/uploads\/2026\/07\/maxresdefault.jpg?fit=1200%2C675&ssl=1&resize=1050%2C600 3x"},"classes":[]},{"id":60537,"url":"https:\/\/blogdoprosperi.com\/?p=60537","url_meta":{"origin":37483,"position":3},"title":"V\u00eddeo: Invent\u00e1rio da Derrota #epis\u00f3dio2 | Sele\u00e7\u00e3o Brasileira n\u00e3o bate no peito","author":"Luiz Ant\u00f4nio Pr\u00f3speri","date":"14 de julho de 2026","format":false,"excerpt":"Acompanhe o #epis\u00f3dio2 da s\u00e9rie Invent\u00e1rio da Derrota do Brasil na Copa do Mundo 2026: https:\/\/youtu.be\/0hp99v8fk3w?si=ySRcNoXJ0rGxizFK","rel":"","context":"Em &quot;copa 2026&quot;","block_context":{"text":"copa 2026","link":"https:\/\/blogdoprosperi.com\/?cat=36820279"},"img":{"alt_text":"","src":"https:\/\/i0.wp.com\/blogdoprosperi.com\/wp-content\/uploads\/2026\/07\/Captura-de-Tela-2026-07-13-as-19.12.54.png?fit=1200%2C677&ssl=1&resize=350%2C200","width":350,"height":200,"srcset":"https:\/\/i0.wp.com\/blogdoprosperi.com\/wp-content\/uploads\/2026\/07\/Captura-de-Tela-2026-07-13-as-19.12.54.png?fit=1200%2C677&ssl=1&resize=350%2C200 1x, https:\/\/i0.wp.com\/blogdoprosperi.com\/wp-content\/uploads\/2026\/07\/Captura-de-Tela-2026-07-13-as-19.12.54.png?fit=1200%2C677&ssl=1&resize=525%2C300 1.5x, https:\/\/i0.wp.com\/blogdoprosperi.com\/wp-content\/uploads\/2026\/07\/Captura-de-Tela-2026-07-13-as-19.12.54.png?fit=1200%2C677&ssl=1&resize=700%2C400 2x, https:\/\/i0.wp.com\/blogdoprosperi.com\/wp-content\/uploads\/2026\/07\/Captura-de-Tela-2026-07-13-as-19.12.54.png?fit=1200%2C677&ssl=1&resize=1050%2C600 3x"},"classes":[]},{"id":60690,"url":"https:\/\/blogdoprosperi.com\/?p=60690","url_meta":{"origin":37483,"position":4},"title":"Invent\u00e1rio da Derrota (epis\u00f3dio 4): O antigo futuro da Sele\u00e7\u00e3o Brasileira","author":"Luiz Ant\u00f4nio Pr\u00f3speri","date":"16 de julho de 2026","format":false,"excerpt":"Luiz Ant\u00f4nio Pr\u00f3speri \u2013 16 julho 2026 (15h35) \u2013 S\u00e9rie Invent\u00e1rio da Derrota do Brasil na Copa do Mundo 2026 chega a seu quarto e \u00faltimo epis\u00f3dio com Ancelotti e jogadores fugindo da torcida brasileira p\u00f3s-derrota para Noruega. Conta tamb\u00e9m a falta de rumo da CBF e falhas da entidade\u2026","rel":"","context":"Em &quot;copa 2026&quot;","block_context":{"text":"copa 2026","link":"https:\/\/blogdoprosperi.com\/?cat=36820279"},"img":{"alt_text":"","src":"https:\/\/i0.wp.com\/blogdoprosperi.com\/wp-content\/uploads\/2026\/07\/0.jpg?fit=1000%2C769&ssl=1&resize=350%2C200","width":350,"height":200,"srcset":"https:\/\/i0.wp.com\/blogdoprosperi.com\/wp-content\/uploads\/2026\/07\/0.jpg?fit=1000%2C769&ssl=1&resize=350%2C200 1x, https:\/\/i0.wp.com\/blogdoprosperi.com\/wp-content\/uploads\/2026\/07\/0.jpg?fit=1000%2C769&ssl=1&resize=525%2C300 1.5x, https:\/\/i0.wp.com\/blogdoprosperi.com\/wp-content\/uploads\/2026\/07\/0.jpg?fit=1000%2C769&ssl=1&resize=700%2C400 2x"},"classes":[]},{"id":37496,"url":"https:\/\/blogdoprosperi.com\/?p=37496","url_meta":{"origin":37483,"position":5},"title":"Invent\u00e1rio da derrota (4): A Copa imperfeita de duas gera\u00e7\u00f5es do Brasil","author":"Luiz Ant\u00f4nio Pr\u00f3speri","date":"14 de julho de 2018","format":false,"excerpt":"Luiz Antonio Pr\u00f3speri, de Moscou \/ R\u00fassia Brasil fecha Copa da R\u00fassia com duas gera\u00e7\u00f5es em xeque depois da queda nas quartas de final diante da B\u00e9lgica. \u00c9 o fim de linha a jogadores acima dos 32 anos, interroga\u00e7\u00e3o aos que t\u00eam idade para mais duas Copas e aos que\u2026","rel":"","context":"Em &quot;Copa do Mundo 2018&quot;","block_context":{"text":"Copa do Mundo 2018","link":"https:\/\/blogdoprosperi.com\/?cat=43723753"},"img":{"alt_text":"","src":"https:\/\/i0.wp.com\/blogdoprosperi.com\/wp-content\/uploads\/2018\/07\/000_17a48j.jpg?fit=512%2C341&ssl=1&resize=350%2C200","width":350,"height":200},"classes":[]}],"jetpack_featured_media_url":"https:\/\/i0.wp.com\/blogdoprosperi.com\/wp-content\/uploads\/2018\/07\/000_17a9mg.jpg?fit=768%2C511&ssl=1","_links":{"self":[{"href":"https:\/\/blogdoprosperi.com\/index.php?rest_route=\/wp\/v2\/posts\/37483","targetHints":{"allow":["GET"]}}],"collection":[{"href":"https:\/\/blogdoprosperi.com\/index.php?rest_route=\/wp\/v2\/posts"}],"about":[{"href":"https:\/\/blogdoprosperi.com\/index.php?rest_route=\/wp\/v2\/types\/post"}],"author":[{"embeddable":true,"href":"https:\/\/blogdoprosperi.com\/index.php?rest_route=\/wp\/v2\/users\/102107496"}],"replies":[{"embeddable":true,"href":"https:\/\/blogdoprosperi.com\/index.php?rest_route=%2Fwp%2Fv2%2Fcomments&post=37483"}],"version-history":[{"count":3,"href":"https:\/\/blogdoprosperi.com\/index.php?rest_route=\/wp\/v2\/posts\/37483\/revisions"}],"predecessor-version":[{"id":37487,"href":"https:\/\/blogdoprosperi.com\/index.php?rest_route=\/wp\/v2\/posts\/37483\/revisions\/37487"}],"wp:featuredmedia":[{"embeddable":true,"href":"https:\/\/blogdoprosperi.com\/index.php?rest_route=\/wp\/v2\/media\/37485"}],"wp:attachment":[{"href":"https:\/\/blogdoprosperi.com\/index.php?rest_route=%2Fwp%2Fv2%2Fmedia&parent=37483"}],"wp:term":[{"taxonomy":"category","embeddable":true,"href":"https:\/\/blogdoprosperi.com\/index.php?rest_route=%2Fwp%2Fv2%2Fcategories&post=37483"},{"taxonomy":"post_tag","embeddable":true,"href":"https:\/\/blogdoprosperi.com\/index.php?rest_route=%2Fwp%2Fv2%2Ftags&post=37483"}],"curies":[{"name":"wp","href":"https:\/\/api.w.org\/{rel}","templated":true}]}}