{"id":37492,"date":"2018-07-14T08:29:24","date_gmt":"2018-07-14T11:29:24","guid":{"rendered":"http:\/\/blogdoprosperi.com\/?p=37492"},"modified":"2018-07-14T05:29:50","modified_gmt":"2018-07-14T08:29:50","slug":"inventario-da-derrota-3-a-copa-desastrada-da-cbf","status":"publish","type":"post","link":"https:\/\/blogdoprosperi.com\/?p=37492","title":{"rendered":"Invent\u00e1rio da derrota (3): A Copa desastrada da CBF"},"content":{"rendered":"<div class=\"fusion-page-title-bar fusion-page-title-bar-breadcrumbs fusion-page-title-bar-left\">\n<div class=\"fusion-page-title-row\">\n<div class=\"fusion-page-title-wrapper\">\n<div class=\"fusion-page-title-captions\"><\/div>\n<\/div>\n<\/div>\n<\/div>\n<div id=\"main\" class=\"clearfix \">\n<div class=\"fusion-row\">\n<div id=\"content\" class=\"portfolio-one-sidebar\">\n<div id=\"post-30223\" class=\"post post-30223 type-post status-publish format-standard has-post-thumbnail hentry category-destaque category-reportagens tag-cbe tag-copa-do-mundo-da-russia tag-coronel-nunes tag-edu-gaspar tag-fifa tag-marco-polo-del-nero tag-rogerio-caboclo tag-var\">\n<div class=\"post-content\">\n<p><span class=\"alignnone\"><img data-recalc-dims=\"1\" loading=\"lazy\" decoding=\"async\" data-attachment-id=\"14664\" data-permalink=\"https:\/\/blogdoprosperi.com\/?attachment_id=14664\" data-orig-file=\"https:\/\/i0.wp.com\/blogdoprosperi.com\/wp-content\/uploads\/2016\/07\/pro3-81.jpg?fit=2406%2C1536&amp;ssl=1\" data-orig-size=\"2406,1536\" data-comments-opened=\"1\" data-image-meta=\"{&quot;aperture&quot;:&quot;4&quot;,&quot;credit&quot;:&quot;ALEX SILVA&quot;,&quot;camera&quot;:&quot;Canon EOS-1D X&quot;,&quot;caption&quot;:&quot;&quot;,&quot;created_timestamp&quot;:&quot;1467563984&quot;,&quot;copyright&quot;:&quot;ALEX SILVA\/ESTADAO&quot;,&quot;focal_length&quot;:&quot;400&quot;,&quot;iso&quot;:&quot;1000&quot;,&quot;shutter_speed&quot;:&quot;0.00125&quot;,&quot;title&quot;:&quot;&quot;,&quot;orientation&quot;:&quot;1&quot;}\" data-image-title=\"pro3-8\" data-image-description=\"\" data-image-caption=\"\" data-large-file=\"https:\/\/i0.wp.com\/blogdoprosperi.com\/wp-content\/uploads\/2016\/07\/pro3-81.jpg?fit=940%2C600&amp;ssl=1\" class=\"alignnone size-thumbnail wp-image-14664 alignleft initial lazyloaded\" src=\"https:\/\/i0.wp.com\/chuteirafc.cartacapital.com.br\/wp-content\/uploads\/2017\/09\/selo_chuteira_russia18-150x150.png?resize=150%2C150\" alt=\"Chuteira FC na Copa do Mundo 2018\" width=\"150\" height=\"150\" \/><\/span><strong>Luiz Ant\u00f4nio Pr\u00f3speri, de Moscou \/ R\u00fassia<\/strong><\/p>\n<div id=\"Chuteira_Post_Bottom2\">\n<div id=\"google_ads_iframe_\/21625579252\/Chuteira_Post_Bottom2_0__container__\">Duas semanas depois de o Brasil conhecer seus advers\u00e1rios no sorteio dos grupos da Copa da R\u00fassia, em dezembro de 2017, a Fifa bania do futebol o senhor Marco Polo Del Nero, ent\u00e3o presidente da CBF, por 90 dias. Decis\u00e3o da Comiss\u00e3o de \u00c9tica da entidade com base em investiga\u00e7\u00e3o e den\u00fancias de recebimento de propinas por parte do cartola brasileiro. Del Nero n\u00e3o arredava p\u00e9 do Brasil desde 2015 quando Jos\u00e9 Maria Marin, ex-presidente da CBF, e uma penca de dirigentes foram detidos em Zurique e, mais tarde, transferidos para os Estados Unidos. Brasil come\u00e7ava sua prepara\u00e7\u00e3o do Mundial, a seis meses de a bola rolar, sem presidente na CBF.<\/div>\n<div><\/div>\n<div>Por quest\u00e3o regimental, o coronel Carlos Nunes assumiu o posto de Del Nero por ser o vice-presidente mais velho da CBF. E seria o presidente da confedera\u00e7\u00e3o brasileira na Copa da R\u00fassia.<\/div>\n<div><\/div>\n<\/div>\n<p><strong><a href=\"http:\/\/chuteirafc.cartacapital.com.br\/del-nero-banido-do-futebol-por-90-dias-manobra-e-lanca-seu-candidato-a-presidente-da-cbf\/\">Del Nero logo manobrou para fazer seu sucessor<\/a> <\/strong>tendo em vista que n\u00e3o se livraria de ser banido para sempre do futebol. Entre janeiro e mar\u00e7o, mesmo sem poder pisar na sede da CBF, encaminhou com seus aliados a elei\u00e7\u00e3o de Rog\u00e9rio Caboclo, obscuro e burocrata dirigente que estava nos quadros da entidade desde 2013. A elei\u00e7\u00e3o se deu em abril, mas Caboclo s\u00f3 poderia assumir a CBF de fato em abril de 2019. At\u00e9 l\u00e1 o coronel Nunes seria o presidente.<\/p>\n<p>Os 27 presidentes da federa\u00e7\u00f5es estaduais \u2013 maioria do col\u00e9gio eleitoral da CBF \u2013 foram agraciados com uma viagem \u00e0 R\u00fassia, tudo pago pela CBF, para acompanhar a primeira fase da Copa.<\/p>\n<p>Toda a trama pol\u00edtica transcorreu no mesmo momento em que Tite dava as \u00faltimas pinceladas na estrutura da Sele\u00e7\u00e3o Brasileira que seria levada ao Mundial da R\u00fassia. E, por quest\u00f5es \u00f3bvias, o<strong><a href=\"http:\/\/chuteirafc.cartacapital.com.br\/fifa-marco-polo-del-nero-presidente-da-cbf-e-banido-do-futebol-pelo-resto-da-vida\/\"> chefe da delega\u00e7\u00e3o seria Rogerio Caboclo<\/a><\/strong>, sem a menor experi\u00eancia na condi\u00e7\u00e3o de cartola em uma Copa do Mundo.<\/p>\n<p>Evidente que o Brasil seria representado pelo coronel Nunes nas tratativas oficiais, reuni\u00f5es e decis\u00f5es colegiadas da Fifa nas duas semanas pr\u00e9-Copa. Uma delas, de muita import\u00e2ncia, a escolha da sede da Copa de 2026 no pleito entre Estados Unidos, M\u00e9xico e Canad\u00e1 contra Marrocos.<\/p>\n<p>Por acordo fechado, as dez confedera\u00e7\u00f5es sul-americanas sob o guarda-chuva da Conmebol (Confedera\u00e7\u00e3o Sul-Americana de Futebol) votariam na candidatura conjunta EUA-M\u00e9xico-Canad\u00e1. Nunes, representando a CBF, descumpriu o trato sem consultar ningu\u00e9m e <strong><a href=\"http:\/\/chuteirafc.cartacapital.com.br\/cbf-tenta-apagar-incendio-marrocos\/\">votou no Marrocos<\/a><\/strong>. \u201cPensei que o voto era secreto\u201d, alegou o coronel, mesmo avisado que os votos seriam revelados.<\/p>\n<p>Sua trapalhada causou mal-estar na Fifa e na Conmebol, que ficaram de tomar uma provid\u00eancia contra o coronel ap\u00f3s a Copa do Mundo.<\/p>\n<p>Para complicar, um seguran\u00e7a do coronel Nunes atingiu um manifestante quebrando um copo na cabe\u00e7a do cidad\u00e3o que havia desacatado o presidente da CBF em um restaurante em Moscou.<\/p>\n<p>Nos bastidores pol\u00edticos da Fifa t\u00e3o efervescentes nesses dias de Copa se tinha como certo o enfraquecimento da CBF.<\/p>\n<p>E n\u00e3o parou por a\u00ed. Se dizendo v\u00edtima de erros da arbitragem, a <strong><a href=\"http:\/\/chuteirafc.cartacapital.com.br\/copa-var-teve-acerto-de-99-das-decisoes-diz-chefe-de-arbitragem-da-fifa\/\">CBF protocolou na Fifa um pedido de revis\u00e3o e acesso ao \u00e1udio do VAR (arbitragem de v\u00eddeo)<\/a><\/strong> logo no jogo da estreia do Brasil na Copa contra Su\u00ed\u00e7a. Alegava que a arbitragem n\u00e3o agiu corretamente no gol dos su\u00ed\u00e7os por um suposto empurr\u00e3o no zagueiro Miranda.<\/p>\n<p>A Fifa s\u00f3 se manifestou ap\u00f3s o t\u00e9rmino da primeira fase quando Pierluigi Collina, chefe de arbitragem na Copa, revelou o \u00e1udio e imagens do VAR naquela partida. Em entrevista coletiva em Moscou, Collina repudiou o ato da CBF.<\/p>\n<p>N\u00e3os se tem not\u00edcia de que outras confedera\u00e7\u00f5es tenham cobrado a Fifa, de forma oficial, pedindo revis\u00e3o do VAR em lances prejudiciais as suas sele\u00e7\u00f5es.<\/p>\n<p>CBF nem mediu as consequ\u00eancias que a a\u00e7\u00e3o poderia provocar um mal-estar entre os \u00e1rbitros. E essa indisposi\u00e7\u00e3o cresceu quando <strong><a href=\"http:\/\/chuteirafc.cartacapital.com.br\/selecao-pai-de-neymar-pede-tregua-na-guerra-contra-desafetos-do-craque\/\">Neymar virou alvo de cr\u00edticas<\/a><\/strong>, acusado de simular faltas e jogar a arbitragem contra os advers\u00e1rios da Sele\u00e7\u00e3o.<\/p>\n<p>Diante de tudo isso, a comiss\u00e3o t\u00e9cnica de Tite n\u00e3o se manifestou. O chefe da delega\u00e7\u00e3o brasileira na R\u00fassia, Rogerio Caboclo \u2013 presidente eleito da CBF para mandato de 2019 a 2022 \u2013, tamb\u00e9m n\u00e3o deu um pio. E o coronel Nunes ningu\u00e9m mais viu.<\/p>\n<p>Na despedida da Sele\u00e7\u00e3o em Kazan, poucas horas antes do embarque para o Rio neste s\u00e1bado (07\/7), apenas Edu Gaspar, gerente de sele\u00e7\u00f5es, deu uma entrevista coletiva. N\u00e3o falou nada de relevante da CBF na Copa e saiu em defesa de Neymar. \u201cN\u00e3o \u00e9 f\u00e1cil Neymar ser Neymar\u201d.<\/p>\n<p><em><strong>Leia mais:<\/strong><\/em><\/p>\n<p><strong><a href=\"http:\/\/blogdoprosperi.com\/2018\/07\/13\/inventario-da-derrota-1-a-copa-perdida-do-menino-ney\/\">A Copa do menino Ney<\/a><\/strong><\/p>\n<p><strong><a href=\"http:\/\/blogdoprosperi.com\/2018\/07\/13\/inventario-da-derrota-2-a-copa-deslumbrada-de-tite\/\">A Copa deslumbrada de Tite<\/a><\/strong><\/p>\n<p><em><strong>\u00daltimo cap\u00edtulo:<\/strong><\/em><\/p>\n<p><strong>A Copa imperfeita de duas gera\u00e7\u00f5es<\/strong><\/p>\n<h3><\/h3>\n<\/div>\n<\/div>\n<\/div>\n<\/div>\n<\/div>\n","protected":false},"excerpt":{"rendered":"<p>Luiz Ant\u00f4nio Pr\u00f3speri, de Moscou \/ R\u00fassia Duas semanas depois de o Brasil conhecer seus advers\u00e1rios no sorteio [&hellip;]<\/p>\n","protected":false},"author":102107496,"featured_media":37494,"comment_status":"open","ping_status":"open","sticky":false,"template":"","format":"standard","meta":{"_coblocks_attr":"","_coblocks_dimensions":"","_coblocks_responsive_height":"","_coblocks_accordion_ie_support":"","_jetpack_newsletter_access":"","_jetpack_dont_email_post_to_subs":false,"_jetpack_newsletter_tier_id":0,"_jetpack_memberships_contains_paywalled_content":false,"_wpcom_ai_launchpad_first_post":false,"_jetpack_feature_clip_id":0,"_jetpack_memberships_contains_paid_content":false,"footnotes":"","jetpack_publicize_message":"","jetpack_publicize_feature_enabled":true,"jetpack_social_post_already_shared":false,"jetpack_social_options":{"image_generator_settings":{"template":"highway","default_image_id":0,"font":"","enabled":false},"version":2},"jetpack_post_was_ever_published":false},"categories":[43723753,53870],"tags":[789560569,535722,789560577,253295418,129234062,789560563,789560560,4029902,550814090],"class_list":["post-37492","post","type-post","status-publish","format-standard","has-post-thumbnail","hentry","category-copa-do-mundo-2018","category-futebol","tag-cbf","tag-conmebol","tag-copa-do-mundo-2026","tag-copa-do-mundo-da-russia","tag-coronel-nunes","tag-fifa","tag-futebol","tag-marco-polo-del-nero","tag-rogerio-caboclo"],"yoast_head":"<!-- This site is optimized with the Yoast SEO plugin v28.4 - https:\/\/yoast.com\/product\/yoast-seo-wordpress\/ -->\n<title>Invent\u00e1rio da derrota (3): A Copa desastrada da CBF - PR\u00d3SPERI NEWS<\/title>\n<meta name=\"robots\" content=\"index, follow, max-snippet:-1, max-image-preview:large, max-video-preview:-1\" \/>\n<link rel=\"canonical\" href=\"https:\/\/blogdoprosperi.com\/?p=37492\" \/>\n<meta property=\"og:locale\" content=\"pt_BR\" \/>\n<meta property=\"og:type\" content=\"article\" \/>\n<meta property=\"og:title\" content=\"Invent\u00e1rio da derrota (3): A Copa desastrada da CBF - PR\u00d3SPERI NEWS\" \/>\n<meta property=\"og:description\" content=\"Luiz Ant\u00f4nio Pr\u00f3speri, de Moscou \/ R\u00fassia Duas semanas depois de o Brasil conhecer seus advers\u00e1rios no sorteio [&hellip;]\" \/>\n<meta property=\"og:url\" content=\"https:\/\/blogdoprosperi.com\/?p=37492\" \/>\n<meta property=\"og:site_name\" content=\"PR\u00d3SPERI NEWS\" \/>\n<meta property=\"article:publisher\" content=\"Luiz Pr\u00f3speri\" \/>\n<meta property=\"article:author\" content=\"Luiz Pr\u00f3speri\" \/>\n<meta property=\"article:published_time\" content=\"2018-07-14T11:29:24+00:00\" \/>\n<meta property=\"og:image\" content=\"https:\/\/i0.wp.com\/blogdoprosperi.com\/wp-content\/uploads\/2018\/07\/unknown.jpeg?fit=275%2C183&ssl=1\" \/>\n\t<meta property=\"og:image:width\" content=\"275\" \/>\n\t<meta property=\"og:image:height\" content=\"183\" \/>\n\t<meta property=\"og:image:type\" content=\"image\/jpeg\" \/>\n<meta name=\"author\" content=\"Luiz Ant\u00f4nio Pr\u00f3speri\" \/>\n<meta name=\"twitter:card\" content=\"summary_large_image\" \/>\n<meta name=\"twitter:creator\" content=\"@Luizprosperi\" \/>\n<meta name=\"twitter:site\" content=\"@Luizprosperi\" \/>\n<meta name=\"twitter:label1\" content=\"Escrito por\" \/>\n\t<meta name=\"twitter:data1\" content=\"Luiz Ant\u00f4nio Pr\u00f3speri\" \/>\n\t<meta name=\"twitter:label2\" content=\"Est. tempo de leitura\" \/>\n\t<meta name=\"twitter:data2\" content=\"4 minutos\" \/>\n<script type=\"application\/ld+json\" class=\"yoast-schema-graph\">{\"@context\":\"https:\\\/\\\/schema.org\",\"@graph\":[{\"@type\":\"Article\",\"@id\":\"https:\\\/\\\/blogdoprosperi.com\\\/?p=37492#article\",\"isPartOf\":{\"@id\":\"https:\\\/\\\/blogdoprosperi.com\\\/?p=37492\"},\"author\":{\"name\":\"Luiz Ant\u00f4nio Pr\u00f3speri\",\"@id\":\"https:\\\/\\\/blogdoprosperi.com\\\/#\\\/schema\\\/person\\\/38100755ce3601861ee4fab9b5aa78e9\"},\"headline\":\"Invent\u00e1rio da derrota (3): A Copa desastrada da CBF\",\"datePublished\":\"2018-07-14T11:29:24+00:00\",\"mainEntityOfPage\":{\"@id\":\"https:\\\/\\\/blogdoprosperi.com\\\/?p=37492\"},\"wordCount\":832,\"commentCount\":0,\"publisher\":{\"@id\":\"https:\\\/\\\/blogdoprosperi.com\\\/#\\\/schema\\\/person\\\/38100755ce3601861ee4fab9b5aa78e9\"},\"image\":{\"@id\":\"https:\\\/\\\/blogdoprosperi.com\\\/?p=37492#primaryimage\"},\"thumbnailUrl\":\"https:\\\/\\\/i0.wp.com\\\/blogdoprosperi.com\\\/wp-content\\\/uploads\\\/2018\\\/07\\\/unknown.jpeg?fit=275%2C183&ssl=1\",\"keywords\":[\"CBF\",\"Conmebol\",\"copa do mundo 2026\",\"Copa do Mundo da R\u00fassia\",\"coronel Nunes\",\"Fifa\",\"futebol\",\"Marco Polo Del Nero\",\"Rogerio Caboclo\"],\"articleSection\":[\"Copa do Mundo 2018\",\"futebol\"],\"inLanguage\":\"pt-BR\",\"potentialAction\":[{\"@type\":\"CommentAction\",\"name\":\"Comment\",\"target\":[\"https:\\\/\\\/blogdoprosperi.com\\\/?p=37492#respond\"]}]},{\"@type\":\"WebPage\",\"@id\":\"https:\\\/\\\/blogdoprosperi.com\\\/?p=37492\",\"url\":\"https:\\\/\\\/blogdoprosperi.com\\\/?p=37492\",\"name\":\"Invent\u00e1rio da derrota (3): A Copa desastrada da CBF - PR\u00d3SPERI NEWS\",\"isPartOf\":{\"@id\":\"https:\\\/\\\/blogdoprosperi.com\\\/#website\"},\"primaryImageOfPage\":{\"@id\":\"https:\\\/\\\/blogdoprosperi.com\\\/?p=37492#primaryimage\"},\"image\":{\"@id\":\"https:\\\/\\\/blogdoprosperi.com\\\/?p=37492#primaryimage\"},\"thumbnailUrl\":\"https:\\\/\\\/i0.wp.com\\\/blogdoprosperi.com\\\/wp-content\\\/uploads\\\/2018\\\/07\\\/unknown.jpeg?fit=275%2C183&ssl=1\",\"datePublished\":\"2018-07-14T11:29:24+00:00\",\"breadcrumb\":{\"@id\":\"https:\\\/\\\/blogdoprosperi.com\\\/?p=37492#breadcrumb\"},\"inLanguage\":\"pt-BR\",\"potentialAction\":[{\"@type\":\"ReadAction\",\"target\":[\"https:\\\/\\\/blogdoprosperi.com\\\/?p=37492\"]}]},{\"@type\":\"ImageObject\",\"inLanguage\":\"pt-BR\",\"@id\":\"https:\\\/\\\/blogdoprosperi.com\\\/?p=37492#primaryimage\",\"url\":\"https:\\\/\\\/i0.wp.com\\\/blogdoprosperi.com\\\/wp-content\\\/uploads\\\/2018\\\/07\\\/unknown.jpeg?fit=275%2C183&ssl=1\",\"contentUrl\":\"https:\\\/\\\/i0.wp.com\\\/blogdoprosperi.com\\\/wp-content\\\/uploads\\\/2018\\\/07\\\/unknown.jpeg?fit=275%2C183&ssl=1\",\"width\":275,\"height\":183},{\"@type\":\"BreadcrumbList\",\"@id\":\"https:\\\/\\\/blogdoprosperi.com\\\/?p=37492#breadcrumb\",\"itemListElement\":[{\"@type\":\"ListItem\",\"position\":1,\"name\":\"In\u00edcio\",\"item\":\"https:\\\/\\\/blogdoprosperi.com\\\/\"},{\"@type\":\"ListItem\",\"position\":2,\"name\":\"Invent\u00e1rio da derrota (3): A Copa desastrada da CBF\"}]},{\"@type\":\"WebSite\",\"@id\":\"https:\\\/\\\/blogdoprosperi.com\\\/#website\",\"url\":\"https:\\\/\\\/blogdoprosperi.com\\\/\",\"name\":\"PR\u00d3SPERI NEWS\",\"description\":\"TUDO \u00c9  FUTEBOL\",\"publisher\":{\"@id\":\"https:\\\/\\\/blogdoprosperi.com\\\/#\\\/schema\\\/person\\\/38100755ce3601861ee4fab9b5aa78e9\"},\"alternateName\":\"blogdoprosperi.com\",\"potentialAction\":[{\"@type\":\"SearchAction\",\"target\":{\"@type\":\"EntryPoint\",\"urlTemplate\":\"https:\\\/\\\/blogdoprosperi.com\\\/?s={search_term_string}\"},\"query-input\":{\"@type\":\"PropertyValueSpecification\",\"valueRequired\":true,\"valueName\":\"search_term_string\"}}],\"inLanguage\":\"pt-BR\"},{\"@type\":[\"Person\",\"Organization\"],\"@id\":\"https:\\\/\\\/blogdoprosperi.com\\\/#\\\/schema\\\/person\\\/38100755ce3601861ee4fab9b5aa78e9\",\"name\":\"Luiz Ant\u00f4nio Pr\u00f3speri\",\"pronouns\":\"ele\",\"image\":{\"@type\":\"ImageObject\",\"inLanguage\":\"pt-BR\",\"@id\":\"https:\\\/\\\/i0.wp.com\\\/blogdoprosperi.com\\\/wp-content\\\/uploads\\\/2026\\\/05\\\/cropped-8059e613-6002-42fa-961e-8e275f575d71-2-5.jpg?fit=1360%2C931&ssl=1\",\"url\":\"https:\\\/\\\/i0.wp.com\\\/blogdoprosperi.com\\\/wp-content\\\/uploads\\\/2026\\\/05\\\/cropped-8059e613-6002-42fa-961e-8e275f575d71-2-5.jpg?fit=1360%2C931&ssl=1\",\"contentUrl\":\"https:\\\/\\\/i0.wp.com\\\/blogdoprosperi.com\\\/wp-content\\\/uploads\\\/2026\\\/05\\\/cropped-8059e613-6002-42fa-961e-8e275f575d71-2-5.jpg?fit=1360%2C931&ssl=1\",\"width\":1360,\"height\":931,\"caption\":\"Luiz Ant\u00f4nio Pr\u00f3speri\"},\"logo\":{\"@id\":\"https:\\\/\\\/i0.wp.com\\\/blogdoprosperi.com\\\/wp-content\\\/uploads\\\/2026\\\/05\\\/cropped-8059e613-6002-42fa-961e-8e275f575d71-2-5.jpg?fit=1360%2C931&ssl=1\"},\"description\":\"Jornalista com carreira dedicada ao esporte. Cobriu 9 Copas do Mundo in loco, 1990 na It\u00e1lia, 1994 nos EUA, 1998 na Fran\u00e7a, 2002 na Coreia do Sul e Jap\u00e3o, 2006 na Alemanha, 2010 na \u00c1frica do Sul, 2014 no Brasil, 2018 na R\u00fassia e 2022 no Qatar. Eurocopas, 1992 na Su\u00e9cia e 1996 na Inglaterra. Copa das Confedera\u00e7\u00f5es de 2005 na Alemanha e 2009 na \u00c1frica do Sul. Rep\u00f3rter e Editor, trabalhou no Jornal da Tarde e Estad\u00e3o, de 1984 a fevereiro de 2016. Colunista, blogueiro. E comentarista de futebol na R\u00e1dio Estad\u00e3o, de 2013 a fevereiro de 2016. Jornalista respons\u00e1vel do \\\"Pr\u00f3speri News\\\" (blogdoprosperi.com).\",\"sameAs\":[\"http:\\\/\\\/blogdoprosperi.com\",\"Luiz Pr\u00f3speri\",\"@luiz_prosperi\",\"https:\\\/\\\/x.com\\\/Luizprosperi\",\"@prosperinacopa\",\"luiz.prosperi@icloud.com\"],\"url\":\"https:\\\/\\\/blogdoprosperi.com\\\/?author=102107496\"}]}<\/script>\n<!-- \/ Yoast SEO plugin. -->","yoast_head_json":{"title":"Invent\u00e1rio da derrota (3): A Copa desastrada da CBF - PR\u00d3SPERI NEWS","robots":{"index":"index","follow":"follow","max-snippet":"max-snippet:-1","max-image-preview":"max-image-preview:large","max-video-preview":"max-video-preview:-1"},"canonical":"https:\/\/blogdoprosperi.com\/?p=37492","og_locale":"pt_BR","og_type":"article","og_title":"Invent\u00e1rio da derrota (3): A Copa desastrada da CBF - PR\u00d3SPERI NEWS","og_description":"Luiz Ant\u00f4nio Pr\u00f3speri, de Moscou \/ R\u00fassia Duas semanas depois de o Brasil conhecer seus advers\u00e1rios no sorteio [&hellip;]","og_url":"https:\/\/blogdoprosperi.com\/?p=37492","og_site_name":"PR\u00d3SPERI NEWS","article_publisher":"Luiz Pr\u00f3speri","article_author":"Luiz Pr\u00f3speri","article_published_time":"2018-07-14T11:29:24+00:00","og_image":[{"width":275,"height":183,"url":"https:\/\/i0.wp.com\/blogdoprosperi.com\/wp-content\/uploads\/2018\/07\/unknown.jpeg?fit=275%2C183&ssl=1","type":"image\/jpeg"}],"author":"Luiz Ant\u00f4nio Pr\u00f3speri","twitter_card":"summary_large_image","twitter_creator":"@Luizprosperi","twitter_site":"@Luizprosperi","twitter_misc":{"Escrito por":"Luiz Ant\u00f4nio Pr\u00f3speri","Est. tempo de leitura":"4 minutos"},"schema":{"@context":"https:\/\/schema.org","@graph":[{"@type":"Article","@id":"https:\/\/blogdoprosperi.com\/?p=37492#article","isPartOf":{"@id":"https:\/\/blogdoprosperi.com\/?p=37492"},"author":{"name":"Luiz Ant\u00f4nio Pr\u00f3speri","@id":"https:\/\/blogdoprosperi.com\/#\/schema\/person\/38100755ce3601861ee4fab9b5aa78e9"},"headline":"Invent\u00e1rio da derrota (3): A Copa desastrada da CBF","datePublished":"2018-07-14T11:29:24+00:00","mainEntityOfPage":{"@id":"https:\/\/blogdoprosperi.com\/?p=37492"},"wordCount":832,"commentCount":0,"publisher":{"@id":"https:\/\/blogdoprosperi.com\/#\/schema\/person\/38100755ce3601861ee4fab9b5aa78e9"},"image":{"@id":"https:\/\/blogdoprosperi.com\/?p=37492#primaryimage"},"thumbnailUrl":"https:\/\/i0.wp.com\/blogdoprosperi.com\/wp-content\/uploads\/2018\/07\/unknown.jpeg?fit=275%2C183&ssl=1","keywords":["CBF","Conmebol","copa do mundo 2026","Copa do Mundo da R\u00fassia","coronel Nunes","Fifa","futebol","Marco Polo Del Nero","Rogerio Caboclo"],"articleSection":["Copa do Mundo 2018","futebol"],"inLanguage":"pt-BR","potentialAction":[{"@type":"CommentAction","name":"Comment","target":["https:\/\/blogdoprosperi.com\/?p=37492#respond"]}]},{"@type":"WebPage","@id":"https:\/\/blogdoprosperi.com\/?p=37492","url":"https:\/\/blogdoprosperi.com\/?p=37492","name":"Invent\u00e1rio da derrota (3): A Copa desastrada da CBF - PR\u00d3SPERI NEWS","isPartOf":{"@id":"https:\/\/blogdoprosperi.com\/#website"},"primaryImageOfPage":{"@id":"https:\/\/blogdoprosperi.com\/?p=37492#primaryimage"},"image":{"@id":"https:\/\/blogdoprosperi.com\/?p=37492#primaryimage"},"thumbnailUrl":"https:\/\/i0.wp.com\/blogdoprosperi.com\/wp-content\/uploads\/2018\/07\/unknown.jpeg?fit=275%2C183&ssl=1","datePublished":"2018-07-14T11:29:24+00:00","breadcrumb":{"@id":"https:\/\/blogdoprosperi.com\/?p=37492#breadcrumb"},"inLanguage":"pt-BR","potentialAction":[{"@type":"ReadAction","target":["https:\/\/blogdoprosperi.com\/?p=37492"]}]},{"@type":"ImageObject","inLanguage":"pt-BR","@id":"https:\/\/blogdoprosperi.com\/?p=37492#primaryimage","url":"https:\/\/i0.wp.com\/blogdoprosperi.com\/wp-content\/uploads\/2018\/07\/unknown.jpeg?fit=275%2C183&ssl=1","contentUrl":"https:\/\/i0.wp.com\/blogdoprosperi.com\/wp-content\/uploads\/2018\/07\/unknown.jpeg?fit=275%2C183&ssl=1","width":275,"height":183},{"@type":"BreadcrumbList","@id":"https:\/\/blogdoprosperi.com\/?p=37492#breadcrumb","itemListElement":[{"@type":"ListItem","position":1,"name":"In\u00edcio","item":"https:\/\/blogdoprosperi.com\/"},{"@type":"ListItem","position":2,"name":"Invent\u00e1rio da derrota (3): A Copa desastrada da CBF"}]},{"@type":"WebSite","@id":"https:\/\/blogdoprosperi.com\/#website","url":"https:\/\/blogdoprosperi.com\/","name":"PR\u00d3SPERI NEWS","description":"TUDO \u00c9  FUTEBOL","publisher":{"@id":"https:\/\/blogdoprosperi.com\/#\/schema\/person\/38100755ce3601861ee4fab9b5aa78e9"},"alternateName":"blogdoprosperi.com","potentialAction":[{"@type":"SearchAction","target":{"@type":"EntryPoint","urlTemplate":"https:\/\/blogdoprosperi.com\/?s={search_term_string}"},"query-input":{"@type":"PropertyValueSpecification","valueRequired":true,"valueName":"search_term_string"}}],"inLanguage":"pt-BR"},{"@type":["Person","Organization"],"@id":"https:\/\/blogdoprosperi.com\/#\/schema\/person\/38100755ce3601861ee4fab9b5aa78e9","name":"Luiz Ant\u00f4nio Pr\u00f3speri","pronouns":"ele","image":{"@type":"ImageObject","inLanguage":"pt-BR","@id":"https:\/\/i0.wp.com\/blogdoprosperi.com\/wp-content\/uploads\/2026\/05\/cropped-8059e613-6002-42fa-961e-8e275f575d71-2-5.jpg?fit=1360%2C931&ssl=1","url":"https:\/\/i0.wp.com\/blogdoprosperi.com\/wp-content\/uploads\/2026\/05\/cropped-8059e613-6002-42fa-961e-8e275f575d71-2-5.jpg?fit=1360%2C931&ssl=1","contentUrl":"https:\/\/i0.wp.com\/blogdoprosperi.com\/wp-content\/uploads\/2026\/05\/cropped-8059e613-6002-42fa-961e-8e275f575d71-2-5.jpg?fit=1360%2C931&ssl=1","width":1360,"height":931,"caption":"Luiz Ant\u00f4nio Pr\u00f3speri"},"logo":{"@id":"https:\/\/i0.wp.com\/blogdoprosperi.com\/wp-content\/uploads\/2026\/05\/cropped-8059e613-6002-42fa-961e-8e275f575d71-2-5.jpg?fit=1360%2C931&ssl=1"},"description":"Jornalista com carreira dedicada ao esporte. Cobriu 9 Copas do Mundo in loco, 1990 na It\u00e1lia, 1994 nos EUA, 1998 na Fran\u00e7a, 2002 na Coreia do Sul e Jap\u00e3o, 2006 na Alemanha, 2010 na \u00c1frica do Sul, 2014 no Brasil, 2018 na R\u00fassia e 2022 no Qatar. Eurocopas, 1992 na Su\u00e9cia e 1996 na Inglaterra. Copa das Confedera\u00e7\u00f5es de 2005 na Alemanha e 2009 na \u00c1frica do Sul. Rep\u00f3rter e Editor, trabalhou no Jornal da Tarde e Estad\u00e3o, de 1984 a fevereiro de 2016. Colunista, blogueiro. E comentarista de futebol na R\u00e1dio Estad\u00e3o, de 2013 a fevereiro de 2016. Jornalista respons\u00e1vel do \"Pr\u00f3speri News\" (blogdoprosperi.com).","sameAs":["http:\/\/blogdoprosperi.com","Luiz Pr\u00f3speri","@luiz_prosperi","https:\/\/x.com\/Luizprosperi","@prosperinacopa","luiz.prosperi@icloud.com"],"url":"https:\/\/blogdoprosperi.com\/?author=102107496"}]}},"jetpack_publicize_connections":[],"jetpack_likes_enabled":false,"jetpack_sharing_enabled":true,"jetpack_shortlink":"https:\/\/wp.me\/p7jvdk-9KI","jetpack-related-posts":[{"id":37724,"url":"https:\/\/blogdoprosperi.com\/?p=37724","url_meta":{"origin":37492,"position":0},"title":"Tite cada vez mais sozinho","author":"Luiz Ant\u00f4nio Pr\u00f3speri","date":"17 de maio de 2019","format":false,"excerpt":"Tite perde mais um assessor importante na comiss\u00e3o t\u00e9cnica da Sele\u00e7\u00e3o Brasileira. Sylvinho, seu homem de confian\u00e7a e auxiliar com direito a participar at\u00e9 de coletivas de imprensa ao seu lado, como fez na Copa da R\u00fassia, vai assumir o comando do Lyon da Fran\u00e7a. J\u00e1. Antes mesmo da Copa\u2026","rel":"","context":"Em &quot;Copa do Mundo 2018&quot;","block_context":{"text":"Copa do Mundo 2018","link":"https:\/\/blogdoprosperi.com\/?cat=43723753"},"img":{"alt_text":"","src":"https:\/\/i0.wp.com\/blogdoprosperi.com\/wp-content\/uploads\/2019\/05\/x82709690_soccer-footballcopa-america-2019-brazilian-team-announcedrio-de-janeiro-brazilmay.jpg.pagespeed.ic_.5szevbmi7z.jpg?fit=1086%2C652&ssl=1&resize=350%2C200","width":350,"height":200,"srcset":"https:\/\/i0.wp.com\/blogdoprosperi.com\/wp-content\/uploads\/2019\/05\/x82709690_soccer-footballcopa-america-2019-brazilian-team-announcedrio-de-janeiro-brazilmay.jpg.pagespeed.ic_.5szevbmi7z.jpg?fit=1086%2C652&ssl=1&resize=350%2C200 1x, https:\/\/i0.wp.com\/blogdoprosperi.com\/wp-content\/uploads\/2019\/05\/x82709690_soccer-footballcopa-america-2019-brazilian-team-announcedrio-de-janeiro-brazilmay.jpg.pagespeed.ic_.5szevbmi7z.jpg?fit=1086%2C652&ssl=1&resize=525%2C300 1.5x, https:\/\/i0.wp.com\/blogdoprosperi.com\/wp-content\/uploads\/2019\/05\/x82709690_soccer-footballcopa-america-2019-brazilian-team-announcedrio-de-janeiro-brazilmay.jpg.pagespeed.ic_.5szevbmi7z.jpg?fit=1086%2C652&ssl=1&resize=700%2C400 2x, https:\/\/i0.wp.com\/blogdoprosperi.com\/wp-content\/uploads\/2019\/05\/x82709690_soccer-footballcopa-america-2019-brazilian-team-announcedrio-de-janeiro-brazilmay.jpg.pagespeed.ic_.5szevbmi7z.jpg?fit=1086%2C652&ssl=1&resize=1050%2C600 3x"},"classes":[]},{"id":49864,"url":"https:\/\/blogdoprosperi.com\/?p=49864","url_meta":{"origin":37492,"position":1},"title":"CBF Desiste de Ancelotti | Sele\u00e7\u00e3o Brasileira Deveria  Pensar na Copa do Mundo de 2030","author":"Luiz Ant\u00f4nio Pr\u00f3speri","date":"29 de abril de 2025","format":false,"excerpt":"\u2666 CBF se exp\u00f5e ao rid\u00edculo de n\u00e3o conduzir uma negocia\u00e7\u00e3o com Ancelotti t\u00e3o comum no futebol internacional \u2666 Jorge Jesus tem lobby forte na CBF. E caminha para outro furo n'\u00e1gua na Sele\u00e7\u00e3o Luiz Ant\u00f4nio Pr\u00f3speri \u2013 29 abril (22h25) \u2013 CBF desiste de Carlo Ancelotti. T\u00e9cnico italiano tem\u2026","rel":"","context":"Em &quot;futebol&quot;","block_context":{"text":"futebol","link":"https:\/\/blogdoprosperi.com\/?cat=53870"},"img":{"alt_text":"Jesus e Filipe, juntos na Sele\u00e7\u00e3o ?","src":"https:\/\/i0.wp.com\/blogdoprosperi.com\/wp-content\/uploads\/2025\/03\/captura-de-tela-2025-03-28-as-18.57.54.png?fit=1200%2C642&ssl=1&resize=350%2C200","width":350,"height":200,"srcset":"https:\/\/i0.wp.com\/blogdoprosperi.com\/wp-content\/uploads\/2025\/03\/captura-de-tela-2025-03-28-as-18.57.54.png?fit=1200%2C642&ssl=1&resize=350%2C200 1x, https:\/\/i0.wp.com\/blogdoprosperi.com\/wp-content\/uploads\/2025\/03\/captura-de-tela-2025-03-28-as-18.57.54.png?fit=1200%2C642&ssl=1&resize=525%2C300 1.5x, https:\/\/i0.wp.com\/blogdoprosperi.com\/wp-content\/uploads\/2025\/03\/captura-de-tela-2025-03-28-as-18.57.54.png?fit=1200%2C642&ssl=1&resize=700%2C400 2x, https:\/\/i0.wp.com\/blogdoprosperi.com\/wp-content\/uploads\/2025\/03\/captura-de-tela-2025-03-28-as-18.57.54.png?fit=1200%2C642&ssl=1&resize=1050%2C600 3x"},"classes":[]},{"id":37506,"url":"https:\/\/blogdoprosperi.com\/?p=37506","url_meta":{"origin":37492,"position":2},"title":"CBF erra ao renovar com Tite. Por que n\u00e3o Guardiola?","author":"Luiz Ant\u00f4nio Pr\u00f3speri","date":"26 de julho de 2018","format":false,"excerpt":"CBF comete erro grave ao renovar contrato com Tite por mais quatro anos, at\u00e9 a Copa do Mundo de 2022 no Catar. E com adendo de avalia\u00e7\u00e3o mais precisa ap\u00f3s Copa Am\u00e9rica de 2019 no Brasil. Se n\u00e3o for campe\u00e3o do torneio sul-americano no ano que vem no seu pr\u00f3prio\u2026","rel":"","context":"Em &quot;Copa do Mundo 2018&quot;","block_context":{"text":"Copa do Mundo 2018","link":"https:\/\/blogdoprosperi.com\/?cat=43723753"},"img":{"alt_text":"","src":"https:\/\/i0.wp.com\/blogdoprosperi.com\/wp-content\/uploads\/2017\/10\/stoke-pep-joy.jpg?fit=1024%2C576&ssl=1&resize=350%2C200","width":350,"height":200,"srcset":"https:\/\/i0.wp.com\/blogdoprosperi.com\/wp-content\/uploads\/2017\/10\/stoke-pep-joy.jpg?fit=1024%2C576&ssl=1&resize=350%2C200 1x, https:\/\/i0.wp.com\/blogdoprosperi.com\/wp-content\/uploads\/2017\/10\/stoke-pep-joy.jpg?fit=1024%2C576&ssl=1&resize=525%2C300 1.5x, https:\/\/i0.wp.com\/blogdoprosperi.com\/wp-content\/uploads\/2017\/10\/stoke-pep-joy.jpg?fit=1024%2C576&ssl=1&resize=700%2C400 2x"},"classes":[]},{"id":61389,"url":"https:\/\/blogdoprosperi.com\/?p=61389","url_meta":{"origin":37492,"position":3},"title":"Copa do Mundo \u00e0 venda: CBF e Conmebol se calam diante da proposta da Fifa","author":"Luiz Ant\u00f4nio Pr\u00f3speri","date":"29 de julho de 2026","format":false,"excerpt":"CBF e Conmebol n\u00e3o se manifestam diante do plano de a Fifa repassar os direitos comerciais da Copa do Mundo a investidores do mercado financeiro. Europeus est\u00e3o contra a Fifa.","rel":"","context":"Em &quot;CBF&quot;","block_context":{"text":"CBF","link":"https:\/\/blogdoprosperi.com\/?cat=570700"},"img":{"alt_text":"","src":"https:\/\/i0.wp.com\/blogdoprosperi.com\/wp-content\/uploads\/2026\/07\/Captura-de-Tela-2026-07-29-as-16.35.22.png?fit=1200%2C813&ssl=1&resize=350%2C200","width":350,"height":200,"srcset":"https:\/\/i0.wp.com\/blogdoprosperi.com\/wp-content\/uploads\/2026\/07\/Captura-de-Tela-2026-07-29-as-16.35.22.png?fit=1200%2C813&ssl=1&resize=350%2C200 1x, https:\/\/i0.wp.com\/blogdoprosperi.com\/wp-content\/uploads\/2026\/07\/Captura-de-Tela-2026-07-29-as-16.35.22.png?fit=1200%2C813&ssl=1&resize=525%2C300 1.5x, https:\/\/i0.wp.com\/blogdoprosperi.com\/wp-content\/uploads\/2026\/07\/Captura-de-Tela-2026-07-29-as-16.35.22.png?fit=1200%2C813&ssl=1&resize=700%2C400 2x, https:\/\/i0.wp.com\/blogdoprosperi.com\/wp-content\/uploads\/2026\/07\/Captura-de-Tela-2026-07-29-as-16.35.22.png?fit=1200%2C813&ssl=1&resize=1050%2C600 3x"},"classes":[]},{"id":40442,"url":"https:\/\/blogdoprosperi.com\/?p=40442","url_meta":{"origin":37492,"position":4},"title":"CBF escolhe sucessor de Tite s\u00f3 em janeiro","author":"Luiz Ant\u00f4nio Pr\u00f3speri","date":"9 de dezembro de 2022","format":false,"excerpt":"Ednaldo Rodrigues, presidente da CBF, aguarda at\u00e9 janeiro para definir sucessor de Tite na Sele\u00e7\u00e3o Brasileira","rel":"","context":"Em &quot;copa do mundo catar 2022&quot;","block_context":{"text":"copa do mundo catar 2022","link":"https:\/\/blogdoprosperi.com\/?cat=301049609"},"img":{"alt_text":"","src":"https:\/\/i0.wp.com\/blogdoprosperi.com\/wp-content\/uploads\/2022\/12\/pbpuyf_e.jpeg?fit=1200%2C800&ssl=1&resize=350%2C200","width":350,"height":200,"srcset":"https:\/\/i0.wp.com\/blogdoprosperi.com\/wp-content\/uploads\/2022\/12\/pbpuyf_e.jpeg?fit=1200%2C800&ssl=1&resize=350%2C200 1x, https:\/\/i0.wp.com\/blogdoprosperi.com\/wp-content\/uploads\/2022\/12\/pbpuyf_e.jpeg?fit=1200%2C800&ssl=1&resize=525%2C300 1.5x, https:\/\/i0.wp.com\/blogdoprosperi.com\/wp-content\/uploads\/2022\/12\/pbpuyf_e.jpeg?fit=1200%2C800&ssl=1&resize=700%2C400 2x, https:\/\/i0.wp.com\/blogdoprosperi.com\/wp-content\/uploads\/2022\/12\/pbpuyf_e.jpeg?fit=1200%2C800&ssl=1&resize=1050%2C600 3x"},"classes":[]},{"id":40354,"url":"https:\/\/blogdoprosperi.com\/?p=40354","url_meta":{"origin":37492,"position":5},"title":"Presidente da CBF, homenageado pela Fifa, promete transpar\u00eancia e luta contra racismo","author":"Luiz Ant\u00f4nio Pr\u00f3speri","date":"8 de dezembro de 2022","format":false,"excerpt":"Ednaldo Rodrigues est\u00e1 disposto a mudar imagem da CBF. Promete transpar\u00eancia total e luta contra racismo no futebol brasileiro.","rel":"","context":"Em &quot;copa do mundo catar 2022&quot;","block_context":{"text":"copa do mundo catar 2022","link":"https:\/\/blogdoprosperi.com\/?cat=301049609"},"img":{"alt_text":"","src":"https:\/\/i0.wp.com\/blogdoprosperi.com\/wp-content\/uploads\/2022\/12\/52550499746_3895611725_c.jpg?fit=800%2C543&ssl=1&resize=350%2C200","width":350,"height":200,"srcset":"https:\/\/i0.wp.com\/blogdoprosperi.com\/wp-content\/uploads\/2022\/12\/52550499746_3895611725_c.jpg?fit=800%2C543&ssl=1&resize=350%2C200 1x, https:\/\/i0.wp.com\/blogdoprosperi.com\/wp-content\/uploads\/2022\/12\/52550499746_3895611725_c.jpg?fit=800%2C543&ssl=1&resize=525%2C300 1.5x, https:\/\/i0.wp.com\/blogdoprosperi.com\/wp-content\/uploads\/2022\/12\/52550499746_3895611725_c.jpg?fit=800%2C543&ssl=1&resize=700%2C400 2x"},"classes":[]}],"jetpack_featured_media_url":"https:\/\/i0.wp.com\/blogdoprosperi.com\/wp-content\/uploads\/2018\/07\/unknown.jpeg?fit=275%2C183&ssl=1","_links":{"self":[{"href":"https:\/\/blogdoprosperi.com\/index.php?rest_route=\/wp\/v2\/posts\/37492","targetHints":{"allow":["GET"]}}],"collection":[{"href":"https:\/\/blogdoprosperi.com\/index.php?rest_route=\/wp\/v2\/posts"}],"about":[{"href":"https:\/\/blogdoprosperi.com\/index.php?rest_route=\/wp\/v2\/types\/post"}],"author":[{"embeddable":true,"href":"https:\/\/blogdoprosperi.com\/index.php?rest_route=\/wp\/v2\/users\/102107496"}],"replies":[{"embeddable":true,"href":"https:\/\/blogdoprosperi.com\/index.php?rest_route=%2Fwp%2Fv2%2Fcomments&post=37492"}],"version-history":[{"count":2,"href":"https:\/\/blogdoprosperi.com\/index.php?rest_route=\/wp\/v2\/posts\/37492\/revisions"}],"predecessor-version":[{"id":37495,"href":"https:\/\/blogdoprosperi.com\/index.php?rest_route=\/wp\/v2\/posts\/37492\/revisions\/37495"}],"wp:featuredmedia":[{"embeddable":true,"href":"https:\/\/blogdoprosperi.com\/index.php?rest_route=\/wp\/v2\/media\/37494"}],"wp:attachment":[{"href":"https:\/\/blogdoprosperi.com\/index.php?rest_route=%2Fwp%2Fv2%2Fmedia&parent=37492"}],"wp:term":[{"taxonomy":"category","embeddable":true,"href":"https:\/\/blogdoprosperi.com\/index.php?rest_route=%2Fwp%2Fv2%2Fcategories&post=37492"},{"taxonomy":"post_tag","embeddable":true,"href":"https:\/\/blogdoprosperi.com\/index.php?rest_route=%2Fwp%2Fv2%2Ftags&post=37492"}],"curies":[{"name":"wp","href":"https:\/\/api.w.org\/{rel}","templated":true}]}}