{"id":37496,"date":"2018-07-14T12:15:58","date_gmt":"2018-07-14T15:15:58","guid":{"rendered":"http:\/\/blogdoprosperi.com\/?p=37496"},"modified":"2018-07-14T05:29:16","modified_gmt":"2018-07-14T08:29:16","slug":"inventario-da-derrota-4-a-copa-imperfeita-de-duas-geracoes-do-brasil","status":"publish","type":"post","link":"https:\/\/blogdoprosperi.com\/?p=37496","title":{"rendered":"Invent\u00e1rio da derrota (4): A Copa imperfeita de duas gera\u00e7\u00f5es do Brasil"},"content":{"rendered":"<div class=\"fusion-page-title-bar fusion-page-title-bar-breadcrumbs fusion-page-title-bar-left\">\n<div class=\"fusion-page-title-row\">\n<div class=\"fusion-page-title-wrapper\">\n<div class=\"fusion-page-title-captions\"><\/div>\n<div class=\"fusion-page-title-secondary\">\n<div class=\"fusion-breadcrumbs\"><\/div>\n<\/div>\n<\/div>\n<\/div>\n<\/div>\n<div id=\"main\" class=\"clearfix \">\n<div class=\"fusion-row\">\n<div id=\"content\" class=\"portfolio-one-sidebar\">\n<div id=\"post-30088\" class=\"post post-30088 type-post status-publish format-standard has-post-thumbnail hentry category-opiniao tag-copa-do-catar-2022 tag-copa-do-mundo-da-russia tag-fernandinho tag-geracoes-de-jogadores tag-neymar tag-selecao-brasileira tag-tite\">\n<div class=\"post-content\">\n<p><strong><span class=\"alignnone\"><img data-recalc-dims=\"1\" loading=\"lazy\" decoding=\"async\" data-attachment-id=\"14664\" data-permalink=\"https:\/\/blogdoprosperi.com\/?attachment_id=14664\" data-orig-file=\"https:\/\/i0.wp.com\/blogdoprosperi.com\/wp-content\/uploads\/2016\/07\/pro3-81.jpg?fit=2406%2C1536&amp;ssl=1\" data-orig-size=\"2406,1536\" data-comments-opened=\"1\" data-image-meta=\"{&quot;aperture&quot;:&quot;4&quot;,&quot;credit&quot;:&quot;ALEX SILVA&quot;,&quot;camera&quot;:&quot;Canon EOS-1D X&quot;,&quot;caption&quot;:&quot;&quot;,&quot;created_timestamp&quot;:&quot;1467563984&quot;,&quot;copyright&quot;:&quot;ALEX SILVA\/ESTADAO&quot;,&quot;focal_length&quot;:&quot;400&quot;,&quot;iso&quot;:&quot;1000&quot;,&quot;shutter_speed&quot;:&quot;0.00125&quot;,&quot;title&quot;:&quot;&quot;,&quot;orientation&quot;:&quot;1&quot;}\" data-image-title=\"pro3-8\" data-image-description=\"\" data-image-caption=\"\" data-large-file=\"https:\/\/i0.wp.com\/blogdoprosperi.com\/wp-content\/uploads\/2016\/07\/pro3-81.jpg?fit=940%2C600&amp;ssl=1\" class=\"alignnone size-thumbnail wp-image-14664 alignleft initial lazyloaded\" src=\"https:\/\/i0.wp.com\/chuteirafc.cartacapital.com.br\/wp-content\/uploads\/2017\/09\/selo_chuteira_russia18-150x150.png?resize=150%2C150\" alt=\"Chuteira FC na Copa do Mundo 2018\" width=\"150\" height=\"150\" \/><\/span>Luiz Antonio Pr\u00f3speri, de Moscou \/ R\u00fassia<\/strong><\/p>\n<div id=\"Chuteira_Post_Bottom2\">\n<div id=\"google_ads_iframe_\/21625579252\/Chuteira_Post_Bottom2_0__container__\">Brasil fecha Copa da R\u00fassia com duas gera\u00e7\u00f5es em xeque depois da queda nas quartas de final diante da B\u00e9lgica. \u00c9 o fim de linha a jogadores acima dos 32 anos, interroga\u00e7\u00e3o aos que t\u00eam idade para mais duas Copas e aos que s\u00f3 chegaram ao Mundial por op\u00e7\u00e3o de Tite. Futuro desse grupo passa pela renova\u00e7\u00e3o ou n\u00e3o do contrato de <strong><a href=\"http:\/\/chuteirafc.cartacapital.com.br\/cbf-espera-renovar-com-tite-por-mais-quatro-anos\/\">Tite com a CBF<\/a><\/strong> por mais quatro anos no comando da Sele\u00e7\u00e3o.<\/div>\n<\/div>\n<p>Neste \u00faltimo cap\u00edtulo do invent\u00e1rio do Brasil na R\u00fassia,<\/p>\n<p><strong>Blog do Pr\u00f3speri<\/strong>\u00a0faz uma an\u00e1lise do desempenho dos jogadores, a nota de cada um e futuro na Sele\u00e7\u00e3o Brasileira. Acompanhe:<\/p>\n<p><strong><em>Goleiros:<\/em><\/strong><\/p>\n<p><strong>ALLISSON<\/strong><br \/>\nPouco exigido, n\u00e3o fez milagres como alguns goleiros de outras sele\u00e7\u00f5es. Aos<strong> 25 anos,<\/strong> tem idade para pelo menos mais duas Copas e pode ter vida longa desde que passe por testes mais duros \u2013 <strong>Nota: 5<\/strong><\/p>\n<p><strong>EDERSON<\/strong><br \/>\nN\u00e3o jogou nenhum minuto na R\u00fassia, mas passou pelo crivo de Taffarel. Tem apenas <strong>24 anos<\/strong> e se continuar jogando em alto n\u00edvel do Manchester City pode reivindicar algo mais na Sele\u00e7\u00e3o. <strong>Sem nota<\/strong><\/p>\n<p><strong>CASSIO<\/strong><br \/>\nOutro que n\u00e3o jogou nenhum minuto na Copa. Aos <strong>31 anos<\/strong>, tem tempo para jogar mais um Mundial. N\u00e3o tem futebol para se tornar indispens\u00e1vel como Alisson e Ederson.<strong> Sem nota<\/strong><\/p>\n<p><em><strong>Laterais:<\/strong><\/em><\/p>\n<p><strong>FAGNER<\/strong><br \/>\nDisputou a Copa por Tite ser o treinador da Sele\u00e7\u00e3o. N\u00e3o teria chance se fosse outro o t\u00e9cnico. Chegou reserva, virou titular ao Danilo se machucar. Tem <strong>29 anos<\/strong>. Sofreu na maioria dos jogos. \u2013 <strong>Nota: 3<\/strong><\/p>\n<p><strong>DANILO<\/strong><br \/>\nGanhou a vaga quando Daniel Alves se machucou. Seria titular, mas sofreu duas les\u00f5es. N\u00e3o foi testado para valer. Aos<strong>28 anos<\/strong>, seu hist\u00f3rico de les\u00e3o e futebol irregular comprometem futuro na Sele\u00e7\u00e3o<strong> \u2013 Nota: 4<\/strong><\/p>\n<p><strong>MARCELO<\/strong><br \/>\nChegou com muita fama por suas atua\u00e7\u00f5es no Real Madrid. Mas n\u00e3o jogou nem um ter\u00e7o do que pode. Para funcionar, precisa de uma boa cobertura. Aos <strong>31 ano<\/strong>s n\u00e3o tem lenha para mais uma Copa \u2013 <strong>Nota: 6\u00a0<\/strong><\/p>\n<p><strong>FILIPE LU\u00cdS<br \/>\n<\/strong>Cumpriu bem seu papel de coadjuvante quando chamado a substituir Marcelo. Foi bem na marca\u00e7\u00e3o e zero no ataque. Aos<strong> 34 anos<\/strong> n\u00e3o deve emplacar um novo Mundial, mesmo se Tite continuar \u2013 <strong>Nota: 5<\/strong><\/p>\n<p><em><strong>Zagueiros:<\/strong><\/em><\/p>\n<p><strong>THIAGO SILVA<\/strong><br \/>\nUm dos poucos que se salvaram na Copa. Soberano, jogou de fraque e cartola. Mostrou lideran\u00e7a e muita t\u00e9cnica. Aos <strong>34 anos<\/strong> n\u00e3o deve chegar no Mundial de 2022 no Catar. Vai fazer falta \u2013 <strong>Nota: 7<\/strong><\/p>\n<p><strong>MIRANDA<\/strong><br \/>\nAo lado de Thiago Silva, tamb\u00e9m se salvou. Com exce\u00e7\u00e3o no gol da Su\u00ed\u00e7a na estreia, esteve quase perfeito nos outros jogos. Aos <strong>34 anos<\/strong> \u00e9 outro que n\u00e3o deve chegar ao Mundial de 2022 \u2013 <strong>Nota: 7<\/strong><\/p>\n<p><strong>MARQUINHOS<\/strong><br \/>\nHerdeiro natural de Thiago Silva, deve assumir a zaga sem grandes problemas se manter o n\u00edvel t\u00e9cnico no PSG, seu clube. Jogou poucos minutos contra o M\u00e9xico. Aos <strong>24 anos<\/strong> tem muito ch\u00e3o pela frente \u2013 <strong>Nota: 6<\/strong><\/p>\n<p><strong>GEROMEL<\/strong><br \/>\nConvocado de \u00faltima hora, n\u00e3o foi testado na Copa. \u00c9 da turma que n\u00e3o teve uma chance na R\u00fassia, amargando banco de reservas em todos os jogos. Aos <strong>33 anos<\/strong>, n\u00e3o emplaca mais uma Copa \u2013 <strong>Sem nota<\/strong><\/p>\n<p><em><strong>Volantes e Meias:<\/strong><\/em><\/p>\n<p><strong>CASEMIRO<\/strong><br \/>\nTem vida longa na Sele\u00e7\u00e3o. Jogou bem todas as partidas e fez muita falta no jogo contra B\u00e9lgica ao cumprir suspens\u00e3o. Aos<strong> 26 anos<\/strong> tem duas Copas pela frente. Imprescind\u00edvel seja quem for o treinador \u2013 <strong>Nota: 7<\/strong><\/p>\n<p><strong>FERNANDINHO<\/strong><br \/>\nMarcou sua despedida da Sele\u00e7\u00e3o na R\u00fassia. Reserva, quando chamado atuou bem. Destoou na derrota para a B\u00e9lgica quando todo o time caiu. Aos <strong>33 anos<\/strong>, n\u00e3o deve chegar \u00e0 Copa do Catar 2022 \u2013 <strong>Nota: 6<\/strong><\/p>\n<p><strong>PAULINHO<\/strong><br \/>\nSeu tempo na Sele\u00e7\u00e3o tamb\u00e9m passou. Como em 2014, se apagou em 2018. Muito longe daquele jogador que encantou na campanha das Eliminat\u00f3rias. Aos<strong> 30 anos<\/strong> n\u00e3o deve emplacar em 2022 \u2013 <strong>Nota: 4<br \/>\n<\/strong><\/p>\n<p><strong>RENATO AUGUSTO<\/strong><br \/>\nOutra cria de Tite, jogou pouco tempo e fez um gol e pouco contribuiu. Ref\u00e9m de les\u00f5es e estado f\u00edsico sempre \u00a0em baixa, tem prazo de validade vencido. Aos <strong>30 anos<\/strong> dificilmente vai ao Catar 2022 \u2013 <strong>Nota: 4<\/strong><\/p>\n<p><strong>PHILIPPE COUTINHO<\/strong><br \/>\nUm dos que se salvaram na Copa com atua\u00e7\u00f5es acima da m\u00e9dia. Carregou o Brasil na primeira fase. Tem muito ch\u00e3o pela frente e deve crescer na Sele\u00e7\u00e3o. Aos <strong>26 anos<\/strong> tem idade para mais duas Copas \u2013<strong> Nota: 8<\/strong><\/p>\n<p><strong>FRED<\/strong><br \/>\nN\u00e3o foi testado na R\u00fassia. Sofreu les\u00e3o na fase de treinamentos e n\u00e3o se recuperou para valer. Ao trocar o futebol da Ucr\u00e2nia pelo ingl\u00eas, a tend\u00eancia \u00e9 crescer. Aos <strong>25 anos<\/strong> tem duas Copas pela frente \u2013<strong> Sem nota\u00a0<\/strong><\/p>\n<p><em><strong>Atacantes<\/strong><\/em><\/p>\n<p><strong>WILLIAN<\/strong><br \/>\nUma das maiores decep\u00e7\u00f5es da Copa. Chegou com fama por \u00f3timos servi\u00e7os no Chelsea e pr\u00e9-Copa com a Sele\u00e7\u00e3o e caiu de rendimento. Sentiu a press\u00e3o. Aos \u00a0<strong>3o anos<\/strong> n\u00e3o deve emplacar a pr\u00f3xima Copa \u2013<strong> Nota: 4<\/strong><\/p>\n<p><strong>GABRIEL JESUS<\/strong><br \/>\nOutro que n\u00e3o rendeu o que se esperava. Se dedicou mais ao time do que a si pr\u00f3prio. N\u00e3o fez nenhum gol, ele que era artilheiro da era Tite. Aos <strong>21 anos,<\/strong> tem toda chance de se recuperar \u2013<strong> Nota: 5<\/strong><\/p>\n<p><strong>ROBERTO FIRMINO<\/strong><br \/>\nDeveria jogar mais. Entrou na maioria dos jogos no segundo tempo e se deu bem. Fez um gol. Faltou coragem a Tite para usar mais o atacante. Aos <strong>27 anos<\/strong>, pode se firmar na Sele\u00e7\u00e3o e jogar a Copa 2022. <strong>Nota: 7<\/strong><\/p>\n<p><strong>NEYMAR<\/strong><br \/>\nSe deixou levar pelo extra-campo e sentiu a press\u00e3o de carregar o Brasil nas costas. Tempo parado para se recuperar da fratura no p\u00e9 cobrou uma conta alta na Copa. Faltou a Neymar mais concentra\u00e7\u00e3o. Imaginou que com seu talento resolveria todos os problemas. Aos <strong>26 anos<\/strong> tem tempo para ser tornar \u00eddolo e jogador de verdade. Claro, disputar mais duas Copas \u2013<strong> Nota: 7<\/strong><\/p>\n<p><strong>TAISON<\/strong><br \/>\nInven\u00e7\u00e3o de \u00faltima hora de Tite, n\u00e3o jogou um m\u00edsero minuto na R\u00fassia. N\u00e3o foi testado e, se houver troca de comando na Sele\u00e7\u00e3o, dificilmente ser\u00e1 lembrado. Aos <strong>30 anos<\/strong> n\u00e3o tem chance de ir ao Catar \u2013 <strong>Sem nota.<\/strong><\/p>\n<p><strong>DOUGLAS COSTA<\/strong><br \/>\nSeria titular se n\u00e3o fosse as les\u00f5es. Se apresentou machucado \u00e0 Sele\u00e7\u00e3o. Se recuperou e quando foi chamado se machucou de novo. Aos\u00a0<strong>28 anos<\/strong>tem bola para mais uma Copa, mas precisa cuidar do corpo \u2013<strong>Nota 6<\/strong><\/p>\n<p><em><strong>Leia mais:<\/strong><\/em><\/p>\n<p><strong><a href=\"http:\/\/blogdoprosperi.com\/2018\/07\/13\/inventario-da-derrota-1-a-copa-perdida-do-menino-ney\/\">A Copa perdida do menino Ney<\/a><\/strong><\/p>\n<p><strong><a href=\"http:\/\/blogdoprosperi.com\/2018\/07\/13\/inventario-da-derrota-2-a-copa-deslumbrada-de-tite\/\">A Copa deslumbrada de Tite<\/a><\/strong><\/p>\n<p><b>A Copa desastrada da CBF<\/b><\/p>\n<\/div>\n<\/div>\n<\/div>\n<\/div>\n<\/div>\n","protected":false},"excerpt":{"rendered":"<p>Luiz Antonio Pr\u00f3speri, de Moscou \/ R\u00fassia Brasil fecha Copa da R\u00fassia com duas gera\u00e7\u00f5es em xeque depois [&hellip;]<\/p>\n","protected":false},"author":102107496,"featured_media":37498,"comment_status":"open","ping_status":"open","sticky":false,"template":"","format":"standard","meta":{"_coblocks_attr":"","_coblocks_dimensions":"","_coblocks_responsive_height":"","_coblocks_accordion_ie_support":"","_jetpack_newsletter_access":"","_jetpack_dont_email_post_to_subs":false,"_jetpack_newsletter_tier_id":0,"_jetpack_memberships_contains_paywalled_content":false,"_wpcom_ai_launchpad_first_post":false,"_jetpack_feature_clip_id":0,"_jetpack_memberships_contains_paid_content":false,"footnotes":"","jetpack_publicize_message":"","jetpack_publicize_feature_enabled":true,"jetpack_social_post_already_shared":false,"jetpack_social_options":{"image_generator_settings":{"template":"highway","default_image_id":0,"font":"","enabled":false},"version":2},"jetpack_post_was_ever_published":false},"categories":[43723753,53870],"tags":[253295418,2867683,789560560,232826435,4112146,789560562],"class_list":["post-37496","post","type-post","status-publish","format-standard","has-post-thumbnail","hentry","category-copa-do-mundo-2018","category-futebol","tag-copa-do-mundo-da-russia","tag-fernandinho","tag-futebol","tag-gabriel-jesus","tag-neymar","tag-selecao-brasileira"],"yoast_head":"<!-- This site is optimized with the Yoast SEO plugin v28.3 - https:\/\/yoast.com\/product\/yoast-seo-wordpress\/ -->\n<title>Invent\u00e1rio da derrota (4): A Copa imperfeita de duas gera\u00e7\u00f5es do Brasil - PR\u00d3SPERI NEWS<\/title>\n<meta name=\"robots\" content=\"index, follow, max-snippet:-1, max-image-preview:large, max-video-preview:-1\" \/>\n<link rel=\"canonical\" href=\"https:\/\/blogdoprosperi.com\/?p=37496\" \/>\n<meta property=\"og:locale\" content=\"pt_BR\" \/>\n<meta property=\"og:type\" content=\"article\" \/>\n<meta property=\"og:title\" content=\"Invent\u00e1rio da derrota (4): A Copa imperfeita de duas gera\u00e7\u00f5es do Brasil - PR\u00d3SPERI NEWS\" \/>\n<meta property=\"og:description\" content=\"Luiz Antonio Pr\u00f3speri, de Moscou \/ R\u00fassia Brasil fecha Copa da R\u00fassia com duas gera\u00e7\u00f5es em xeque depois [&hellip;]\" \/>\n<meta property=\"og:url\" content=\"https:\/\/blogdoprosperi.com\/?p=37496\" \/>\n<meta property=\"og:site_name\" content=\"PR\u00d3SPERI NEWS\" \/>\n<meta property=\"article:publisher\" content=\"Luiz Pr\u00f3speri\" \/>\n<meta property=\"article:author\" content=\"Luiz Pr\u00f3speri\" \/>\n<meta property=\"article:published_time\" content=\"2018-07-14T15:15:58+00:00\" \/>\n<meta property=\"og:image\" content=\"https:\/\/i0.wp.com\/blogdoprosperi.com\/wp-content\/uploads\/2018\/07\/000_17a48j.jpg?fit=512%2C341&ssl=1\" \/>\n\t<meta property=\"og:image:width\" content=\"512\" \/>\n\t<meta property=\"og:image:height\" content=\"341\" \/>\n\t<meta property=\"og:image:type\" content=\"image\/jpeg\" \/>\n<meta name=\"author\" content=\"Luiz Ant\u00f4nio Pr\u00f3speri\" \/>\n<meta name=\"twitter:card\" content=\"summary_large_image\" \/>\n<meta name=\"twitter:creator\" content=\"@Luizprosperi\" \/>\n<meta name=\"twitter:site\" content=\"@Luizprosperi\" \/>\n<meta name=\"twitter:label1\" content=\"Escrito por\" \/>\n\t<meta name=\"twitter:data1\" content=\"Luiz Ant\u00f4nio Pr\u00f3speri\" \/>\n\t<meta name=\"twitter:label2\" content=\"Est. tempo de leitura\" \/>\n\t<meta name=\"twitter:data2\" content=\"5 minutos\" \/>\n<script type=\"application\/ld+json\" class=\"yoast-schema-graph\">{\"@context\":\"https:\\\/\\\/schema.org\",\"@graph\":[{\"@type\":\"Article\",\"@id\":\"https:\\\/\\\/blogdoprosperi.com\\\/?p=37496#article\",\"isPartOf\":{\"@id\":\"https:\\\/\\\/blogdoprosperi.com\\\/?p=37496\"},\"author\":{\"name\":\"Luiz Ant\u00f4nio Pr\u00f3speri\",\"@id\":\"https:\\\/\\\/blogdoprosperi.com\\\/#\\\/schema\\\/person\\\/38100755ce3601861ee4fab9b5aa78e9\"},\"headline\":\"Invent\u00e1rio da derrota (4): A Copa imperfeita de duas gera\u00e7\u00f5es do Brasil\",\"datePublished\":\"2018-07-14T15:15:58+00:00\",\"mainEntityOfPage\":{\"@id\":\"https:\\\/\\\/blogdoprosperi.com\\\/?p=37496\"},\"wordCount\":1100,\"commentCount\":1,\"publisher\":{\"@id\":\"https:\\\/\\\/blogdoprosperi.com\\\/#\\\/schema\\\/person\\\/38100755ce3601861ee4fab9b5aa78e9\"},\"image\":{\"@id\":\"https:\\\/\\\/blogdoprosperi.com\\\/?p=37496#primaryimage\"},\"thumbnailUrl\":\"https:\\\/\\\/i0.wp.com\\\/blogdoprosperi.com\\\/wp-content\\\/uploads\\\/2018\\\/07\\\/000_17a48j.jpg?fit=512%2C341&ssl=1\",\"keywords\":[\"Copa do Mundo da R\u00fassia\",\"Fernandinho\",\"futebol\",\"Gabriel Jesus\",\"Neymar\",\"Sele\u00e7\u00e3o Brasileira\"],\"articleSection\":[\"Copa do Mundo 2018\",\"futebol\"],\"inLanguage\":\"pt-BR\",\"potentialAction\":[{\"@type\":\"CommentAction\",\"name\":\"Comment\",\"target\":[\"https:\\\/\\\/blogdoprosperi.com\\\/?p=37496#respond\"]}]},{\"@type\":\"WebPage\",\"@id\":\"https:\\\/\\\/blogdoprosperi.com\\\/?p=37496\",\"url\":\"https:\\\/\\\/blogdoprosperi.com\\\/?p=37496\",\"name\":\"Invent\u00e1rio da derrota (4): A Copa imperfeita de duas gera\u00e7\u00f5es do Brasil - PR\u00d3SPERI NEWS\",\"isPartOf\":{\"@id\":\"https:\\\/\\\/blogdoprosperi.com\\\/#website\"},\"primaryImageOfPage\":{\"@id\":\"https:\\\/\\\/blogdoprosperi.com\\\/?p=37496#primaryimage\"},\"image\":{\"@id\":\"https:\\\/\\\/blogdoprosperi.com\\\/?p=37496#primaryimage\"},\"thumbnailUrl\":\"https:\\\/\\\/i0.wp.com\\\/blogdoprosperi.com\\\/wp-content\\\/uploads\\\/2018\\\/07\\\/000_17a48j.jpg?fit=512%2C341&ssl=1\",\"datePublished\":\"2018-07-14T15:15:58+00:00\",\"breadcrumb\":{\"@id\":\"https:\\\/\\\/blogdoprosperi.com\\\/?p=37496#breadcrumb\"},\"inLanguage\":\"pt-BR\",\"potentialAction\":[{\"@type\":\"ReadAction\",\"target\":[\"https:\\\/\\\/blogdoprosperi.com\\\/?p=37496\"]}]},{\"@type\":\"ImageObject\",\"inLanguage\":\"pt-BR\",\"@id\":\"https:\\\/\\\/blogdoprosperi.com\\\/?p=37496#primaryimage\",\"url\":\"https:\\\/\\\/i0.wp.com\\\/blogdoprosperi.com\\\/wp-content\\\/uploads\\\/2018\\\/07\\\/000_17a48j.jpg?fit=512%2C341&ssl=1\",\"contentUrl\":\"https:\\\/\\\/i0.wp.com\\\/blogdoprosperi.com\\\/wp-content\\\/uploads\\\/2018\\\/07\\\/000_17a48j.jpg?fit=512%2C341&ssl=1\",\"width\":512,\"height\":341},{\"@type\":\"BreadcrumbList\",\"@id\":\"https:\\\/\\\/blogdoprosperi.com\\\/?p=37496#breadcrumb\",\"itemListElement\":[{\"@type\":\"ListItem\",\"position\":1,\"name\":\"In\u00edcio\",\"item\":\"https:\\\/\\\/blogdoprosperi.com\\\/\"},{\"@type\":\"ListItem\",\"position\":2,\"name\":\"Invent\u00e1rio da derrota (4): A Copa imperfeita de duas gera\u00e7\u00f5es do Brasil\"}]},{\"@type\":\"WebSite\",\"@id\":\"https:\\\/\\\/blogdoprosperi.com\\\/#website\",\"url\":\"https:\\\/\\\/blogdoprosperi.com\\\/\",\"name\":\"PR\u00d3SPERI NEWS\",\"description\":\"TUDO \u00c9  FUTEBOL\",\"publisher\":{\"@id\":\"https:\\\/\\\/blogdoprosperi.com\\\/#\\\/schema\\\/person\\\/38100755ce3601861ee4fab9b5aa78e9\"},\"alternateName\":\"blogdoprosperi.com\",\"potentialAction\":[{\"@type\":\"SearchAction\",\"target\":{\"@type\":\"EntryPoint\",\"urlTemplate\":\"https:\\\/\\\/blogdoprosperi.com\\\/?s={search_term_string}\"},\"query-input\":{\"@type\":\"PropertyValueSpecification\",\"valueRequired\":true,\"valueName\":\"search_term_string\"}}],\"inLanguage\":\"pt-BR\"},{\"@type\":[\"Person\",\"Organization\"],\"@id\":\"https:\\\/\\\/blogdoprosperi.com\\\/#\\\/schema\\\/person\\\/38100755ce3601861ee4fab9b5aa78e9\",\"name\":\"Luiz Ant\u00f4nio Pr\u00f3speri\",\"pronouns\":\"ele\",\"image\":{\"@type\":\"ImageObject\",\"inLanguage\":\"pt-BR\",\"@id\":\"https:\\\/\\\/i0.wp.com\\\/blogdoprosperi.com\\\/wp-content\\\/uploads\\\/2026\\\/05\\\/cropped-8059e613-6002-42fa-961e-8e275f575d71-2-5.jpg?fit=1360%2C931&ssl=1\",\"url\":\"https:\\\/\\\/i0.wp.com\\\/blogdoprosperi.com\\\/wp-content\\\/uploads\\\/2026\\\/05\\\/cropped-8059e613-6002-42fa-961e-8e275f575d71-2-5.jpg?fit=1360%2C931&ssl=1\",\"contentUrl\":\"https:\\\/\\\/i0.wp.com\\\/blogdoprosperi.com\\\/wp-content\\\/uploads\\\/2026\\\/05\\\/cropped-8059e613-6002-42fa-961e-8e275f575d71-2-5.jpg?fit=1360%2C931&ssl=1\",\"width\":1360,\"height\":931,\"caption\":\"Luiz Ant\u00f4nio Pr\u00f3speri\"},\"logo\":{\"@id\":\"https:\\\/\\\/i0.wp.com\\\/blogdoprosperi.com\\\/wp-content\\\/uploads\\\/2026\\\/05\\\/cropped-8059e613-6002-42fa-961e-8e275f575d71-2-5.jpg?fit=1360%2C931&ssl=1\"},\"description\":\"Jornalista com carreira dedicada ao esporte. Cobriu 9 Copas do Mundo in loco, 1990 na It\u00e1lia, 1994 nos EUA, 1998 na Fran\u00e7a, 2002 na Coreia do Sul e Jap\u00e3o, 2006 na Alemanha, 2010 na \u00c1frica do Sul, 2014 no Brasil, 2018 na R\u00fassia e 2022 no Qatar. Eurocopas, 1992 na Su\u00e9cia e 1996 na Inglaterra. Copa das Confedera\u00e7\u00f5es de 2005 na Alemanha e 2009 na \u00c1frica do Sul. Rep\u00f3rter e Editor, trabalhou no Jornal da Tarde e Estad\u00e3o, de 1984 a fevereiro de 2016. Colunista, blogueiro. E comentarista de futebol na R\u00e1dio Estad\u00e3o, de 2013 a fevereiro de 2016. Jornalista respons\u00e1vel do \\\"Pr\u00f3speri News\\\" (blogdoprosperi.com).\",\"sameAs\":[\"http:\\\/\\\/blogdoprosperi.com\",\"Luiz Pr\u00f3speri\",\"@luiz_prosperi\",\"https:\\\/\\\/x.com\\\/Luizprosperi\",\"@prosperinacopa\",\"luiz.prosperi@icloud.com\"],\"url\":\"https:\\\/\\\/blogdoprosperi.com\\\/?author=102107496\"}]}<\/script>\n<!-- \/ Yoast SEO plugin. -->","yoast_head_json":{"title":"Invent\u00e1rio da derrota (4): A Copa imperfeita de duas gera\u00e7\u00f5es do Brasil - PR\u00d3SPERI NEWS","robots":{"index":"index","follow":"follow","max-snippet":"max-snippet:-1","max-image-preview":"max-image-preview:large","max-video-preview":"max-video-preview:-1"},"canonical":"https:\/\/blogdoprosperi.com\/?p=37496","og_locale":"pt_BR","og_type":"article","og_title":"Invent\u00e1rio da derrota (4): A Copa imperfeita de duas gera\u00e7\u00f5es do Brasil - PR\u00d3SPERI NEWS","og_description":"Luiz Antonio Pr\u00f3speri, de Moscou \/ R\u00fassia Brasil fecha Copa da R\u00fassia com duas gera\u00e7\u00f5es em xeque depois [&hellip;]","og_url":"https:\/\/blogdoprosperi.com\/?p=37496","og_site_name":"PR\u00d3SPERI NEWS","article_publisher":"Luiz Pr\u00f3speri","article_author":"Luiz Pr\u00f3speri","article_published_time":"2018-07-14T15:15:58+00:00","og_image":[{"width":512,"height":341,"url":"https:\/\/i0.wp.com\/blogdoprosperi.com\/wp-content\/uploads\/2018\/07\/000_17a48j.jpg?fit=512%2C341&ssl=1","type":"image\/jpeg"}],"author":"Luiz Ant\u00f4nio Pr\u00f3speri","twitter_card":"summary_large_image","twitter_creator":"@Luizprosperi","twitter_site":"@Luizprosperi","twitter_misc":{"Escrito por":"Luiz Ant\u00f4nio Pr\u00f3speri","Est. tempo de leitura":"5 minutos"},"schema":{"@context":"https:\/\/schema.org","@graph":[{"@type":"Article","@id":"https:\/\/blogdoprosperi.com\/?p=37496#article","isPartOf":{"@id":"https:\/\/blogdoprosperi.com\/?p=37496"},"author":{"name":"Luiz Ant\u00f4nio Pr\u00f3speri","@id":"https:\/\/blogdoprosperi.com\/#\/schema\/person\/38100755ce3601861ee4fab9b5aa78e9"},"headline":"Invent\u00e1rio da derrota (4): A Copa imperfeita de duas gera\u00e7\u00f5es do Brasil","datePublished":"2018-07-14T15:15:58+00:00","mainEntityOfPage":{"@id":"https:\/\/blogdoprosperi.com\/?p=37496"},"wordCount":1100,"commentCount":1,"publisher":{"@id":"https:\/\/blogdoprosperi.com\/#\/schema\/person\/38100755ce3601861ee4fab9b5aa78e9"},"image":{"@id":"https:\/\/blogdoprosperi.com\/?p=37496#primaryimage"},"thumbnailUrl":"https:\/\/i0.wp.com\/blogdoprosperi.com\/wp-content\/uploads\/2018\/07\/000_17a48j.jpg?fit=512%2C341&ssl=1","keywords":["Copa do Mundo da R\u00fassia","Fernandinho","futebol","Gabriel Jesus","Neymar","Sele\u00e7\u00e3o Brasileira"],"articleSection":["Copa do Mundo 2018","futebol"],"inLanguage":"pt-BR","potentialAction":[{"@type":"CommentAction","name":"Comment","target":["https:\/\/blogdoprosperi.com\/?p=37496#respond"]}]},{"@type":"WebPage","@id":"https:\/\/blogdoprosperi.com\/?p=37496","url":"https:\/\/blogdoprosperi.com\/?p=37496","name":"Invent\u00e1rio da derrota (4): A Copa imperfeita de duas gera\u00e7\u00f5es do Brasil - PR\u00d3SPERI NEWS","isPartOf":{"@id":"https:\/\/blogdoprosperi.com\/#website"},"primaryImageOfPage":{"@id":"https:\/\/blogdoprosperi.com\/?p=37496#primaryimage"},"image":{"@id":"https:\/\/blogdoprosperi.com\/?p=37496#primaryimage"},"thumbnailUrl":"https:\/\/i0.wp.com\/blogdoprosperi.com\/wp-content\/uploads\/2018\/07\/000_17a48j.jpg?fit=512%2C341&ssl=1","datePublished":"2018-07-14T15:15:58+00:00","breadcrumb":{"@id":"https:\/\/blogdoprosperi.com\/?p=37496#breadcrumb"},"inLanguage":"pt-BR","potentialAction":[{"@type":"ReadAction","target":["https:\/\/blogdoprosperi.com\/?p=37496"]}]},{"@type":"ImageObject","inLanguage":"pt-BR","@id":"https:\/\/blogdoprosperi.com\/?p=37496#primaryimage","url":"https:\/\/i0.wp.com\/blogdoprosperi.com\/wp-content\/uploads\/2018\/07\/000_17a48j.jpg?fit=512%2C341&ssl=1","contentUrl":"https:\/\/i0.wp.com\/blogdoprosperi.com\/wp-content\/uploads\/2018\/07\/000_17a48j.jpg?fit=512%2C341&ssl=1","width":512,"height":341},{"@type":"BreadcrumbList","@id":"https:\/\/blogdoprosperi.com\/?p=37496#breadcrumb","itemListElement":[{"@type":"ListItem","position":1,"name":"In\u00edcio","item":"https:\/\/blogdoprosperi.com\/"},{"@type":"ListItem","position":2,"name":"Invent\u00e1rio da derrota (4): A Copa imperfeita de duas gera\u00e7\u00f5es do Brasil"}]},{"@type":"WebSite","@id":"https:\/\/blogdoprosperi.com\/#website","url":"https:\/\/blogdoprosperi.com\/","name":"PR\u00d3SPERI NEWS","description":"TUDO \u00c9  FUTEBOL","publisher":{"@id":"https:\/\/blogdoprosperi.com\/#\/schema\/person\/38100755ce3601861ee4fab9b5aa78e9"},"alternateName":"blogdoprosperi.com","potentialAction":[{"@type":"SearchAction","target":{"@type":"EntryPoint","urlTemplate":"https:\/\/blogdoprosperi.com\/?s={search_term_string}"},"query-input":{"@type":"PropertyValueSpecification","valueRequired":true,"valueName":"search_term_string"}}],"inLanguage":"pt-BR"},{"@type":["Person","Organization"],"@id":"https:\/\/blogdoprosperi.com\/#\/schema\/person\/38100755ce3601861ee4fab9b5aa78e9","name":"Luiz Ant\u00f4nio Pr\u00f3speri","pronouns":"ele","image":{"@type":"ImageObject","inLanguage":"pt-BR","@id":"https:\/\/i0.wp.com\/blogdoprosperi.com\/wp-content\/uploads\/2026\/05\/cropped-8059e613-6002-42fa-961e-8e275f575d71-2-5.jpg?fit=1360%2C931&ssl=1","url":"https:\/\/i0.wp.com\/blogdoprosperi.com\/wp-content\/uploads\/2026\/05\/cropped-8059e613-6002-42fa-961e-8e275f575d71-2-5.jpg?fit=1360%2C931&ssl=1","contentUrl":"https:\/\/i0.wp.com\/blogdoprosperi.com\/wp-content\/uploads\/2026\/05\/cropped-8059e613-6002-42fa-961e-8e275f575d71-2-5.jpg?fit=1360%2C931&ssl=1","width":1360,"height":931,"caption":"Luiz Ant\u00f4nio Pr\u00f3speri"},"logo":{"@id":"https:\/\/i0.wp.com\/blogdoprosperi.com\/wp-content\/uploads\/2026\/05\/cropped-8059e613-6002-42fa-961e-8e275f575d71-2-5.jpg?fit=1360%2C931&ssl=1"},"description":"Jornalista com carreira dedicada ao esporte. Cobriu 9 Copas do Mundo in loco, 1990 na It\u00e1lia, 1994 nos EUA, 1998 na Fran\u00e7a, 2002 na Coreia do Sul e Jap\u00e3o, 2006 na Alemanha, 2010 na \u00c1frica do Sul, 2014 no Brasil, 2018 na R\u00fassia e 2022 no Qatar. Eurocopas, 1992 na Su\u00e9cia e 1996 na Inglaterra. Copa das Confedera\u00e7\u00f5es de 2005 na Alemanha e 2009 na \u00c1frica do Sul. Rep\u00f3rter e Editor, trabalhou no Jornal da Tarde e Estad\u00e3o, de 1984 a fevereiro de 2016. Colunista, blogueiro. E comentarista de futebol na R\u00e1dio Estad\u00e3o, de 2013 a fevereiro de 2016. Jornalista respons\u00e1vel do \"Pr\u00f3speri News\" (blogdoprosperi.com).","sameAs":["http:\/\/blogdoprosperi.com","Luiz Pr\u00f3speri","@luiz_prosperi","https:\/\/x.com\/Luizprosperi","@prosperinacopa","luiz.prosperi@icloud.com"],"url":"https:\/\/blogdoprosperi.com\/?author=102107496"}]}},"jetpack_publicize_connections":[],"jetpack_likes_enabled":false,"jetpack_sharing_enabled":true,"jetpack_shortlink":"https:\/\/wp.me\/p7jvdk-9KM","jetpack-related-posts":[{"id":37216,"url":"https:\/\/blogdoprosperi.com\/?p=37216","url_meta":{"origin":37496,"position":0},"title":"Imagem do dia \u2013 13\/11","author":"Luiz Ant\u00f4nio Pr\u00f3speri","date":"13 de novembro de 2017","format":"image","excerpt":"It\u00e1lia empata sem gols com a Su\u00e9cia e est\u00e1 fora da Copa do Mundo de 2018 na R\u00fassia. Buffon, o mito, se derrama em l\u00e1grimas https:\/\/twitter.com\/casadelfutbol\/status\/930194167300542464","rel":"","context":"Em &quot;Copa do Mundo 2018&quot;","block_context":{"text":"Copa do Mundo 2018","link":"https:\/\/blogdoprosperi.com\/?cat=43723753"},"img":{"alt_text":"","src":"https:\/\/i0.wp.com\/blogdoprosperi.com\/wp-content\/uploads\/2017\/11\/doizbclwsaebb6i.jpg?fit=1200%2C675&ssl=1&resize=350%2C200","width":350,"height":200,"srcset":"https:\/\/i0.wp.com\/blogdoprosperi.com\/wp-content\/uploads\/2017\/11\/doizbclwsaebb6i.jpg?fit=1200%2C675&ssl=1&resize=350%2C200 1x, https:\/\/i0.wp.com\/blogdoprosperi.com\/wp-content\/uploads\/2017\/11\/doizbclwsaebb6i.jpg?fit=1200%2C675&ssl=1&resize=525%2C300 1.5x, https:\/\/i0.wp.com\/blogdoprosperi.com\/wp-content\/uploads\/2017\/11\/doizbclwsaebb6i.jpg?fit=1200%2C675&ssl=1&resize=700%2C400 2x, https:\/\/i0.wp.com\/blogdoprosperi.com\/wp-content\/uploads\/2017\/11\/doizbclwsaebb6i.jpg?fit=1200%2C675&ssl=1&resize=1050%2C600 3x"},"classes":[]},{"id":37438,"url":"https:\/\/blogdoprosperi.com\/?p=37438","url_meta":{"origin":37496,"position":1},"title":"Futebol est\u00e1 aqui","author":"Luiz Ant\u00f4nio Pr\u00f3speri","date":"21 de junho de 2018","format":false,"excerpt":"","rel":"","context":"Em &quot;Copa do Mundo 2018&quot;","block_context":{"text":"Copa do Mundo 2018","link":"https:\/\/blogdoprosperi.com\/?cat=43723753"},"img":{"alt_text":"","src":"https:\/\/i0.wp.com\/blogdoprosperi.com\/wp-content\/uploads\/2018\/06\/dggxdnfx0aus8pr.jpg?fit=945%2C945&ssl=1&resize=350%2C200","width":350,"height":200,"srcset":"https:\/\/i0.wp.com\/blogdoprosperi.com\/wp-content\/uploads\/2018\/06\/dggxdnfx0aus8pr.jpg?fit=945%2C945&ssl=1&resize=350%2C200 1x, https:\/\/i0.wp.com\/blogdoprosperi.com\/wp-content\/uploads\/2018\/06\/dggxdnfx0aus8pr.jpg?fit=945%2C945&ssl=1&resize=525%2C300 1.5x, https:\/\/i0.wp.com\/blogdoprosperi.com\/wp-content\/uploads\/2018\/06\/dggxdnfx0aus8pr.jpg?fit=945%2C945&ssl=1&resize=700%2C400 2x"},"classes":[]},{"id":37492,"url":"https:\/\/blogdoprosperi.com\/?p=37492","url_meta":{"origin":37496,"position":2},"title":"Invent\u00e1rio da derrota (3): A Copa desastrada da CBF","author":"Luiz Ant\u00f4nio Pr\u00f3speri","date":"14 de julho de 2018","format":false,"excerpt":"Luiz Ant\u00f4nio Pr\u00f3speri, de Moscou \/ R\u00fassia Duas semanas depois de o Brasil conhecer seus advers\u00e1rios no sorteio dos grupos da Copa da R\u00fassia, em dezembro de 2017, a Fifa bania do futebol o senhor Marco Polo Del Nero, ent\u00e3o presidente da CBF, por 90 dias. Decis\u00e3o da Comiss\u00e3o de\u2026","rel":"","context":"Em &quot;Copa do Mundo 2018&quot;","block_context":{"text":"Copa do Mundo 2018","link":"https:\/\/blogdoprosperi.com\/?cat=43723753"},"img":{"alt_text":"Chuteira FC na Copa do Mundo 2018","src":"https:\/\/i0.wp.com\/chuteirafc.cartacapital.com.br\/wp-content\/uploads\/2017\/09\/selo_chuteira_russia18-150x150.png?resize=350%2C200","width":350,"height":200},"classes":[]},{"id":36911,"url":"https:\/\/blogdoprosperi.com\/?p=36911","url_meta":{"origin":37496,"position":3},"title":"Imagem do dia \u2013 11\/10","author":"Luiz Ant\u00f4nio Pr\u00f3speri","date":"11 de outubro de 2017","format":"image","excerpt":"","rel":"","context":"Em &quot;Copa do Mundo 2018&quot;","block_context":{"text":"Copa do Mundo 2018","link":"https:\/\/blogdoprosperi.com\/?cat=43723753"},"img":{"alt_text":"Messi \u00e9 a Argentina","src":"https:\/\/i0.wp.com\/blogdoprosperi.com\/wp-content\/uploads\/2017\/10\/59de08c62ffdf.jpeg?resize=350%2C200&ssl=1","width":350,"height":200,"srcset":"https:\/\/i0.wp.com\/blogdoprosperi.com\/wp-content\/uploads\/2017\/10\/59de08c62ffdf.jpeg?resize=350%2C200&ssl=1 1x, https:\/\/i0.wp.com\/blogdoprosperi.com\/wp-content\/uploads\/2017\/10\/59de08c62ffdf.jpeg?resize=525%2C300&ssl=1 1.5x, https:\/\/i0.wp.com\/blogdoprosperi.com\/wp-content\/uploads\/2017\/10\/59de08c62ffdf.jpeg?resize=700%2C400&ssl=1 2x, https:\/\/i0.wp.com\/blogdoprosperi.com\/wp-content\/uploads\/2017\/10\/59de08c62ffdf.jpeg?resize=1050%2C600&ssl=1 3x"},"classes":[]},{"id":37724,"url":"https:\/\/blogdoprosperi.com\/?p=37724","url_meta":{"origin":37496,"position":4},"title":"Tite cada vez mais sozinho","author":"Luiz Ant\u00f4nio Pr\u00f3speri","date":"17 de maio de 2019","format":false,"excerpt":"Tite perde mais um assessor importante na comiss\u00e3o t\u00e9cnica da Sele\u00e7\u00e3o Brasileira. Sylvinho, seu homem de confian\u00e7a e auxiliar com direito a participar at\u00e9 de coletivas de imprensa ao seu lado, como fez na Copa da R\u00fassia, vai assumir o comando do Lyon da Fran\u00e7a. J\u00e1. Antes mesmo da Copa\u2026","rel":"","context":"Em &quot;Copa do Mundo 2018&quot;","block_context":{"text":"Copa do Mundo 2018","link":"https:\/\/blogdoprosperi.com\/?cat=43723753"},"img":{"alt_text":"","src":"https:\/\/i0.wp.com\/blogdoprosperi.com\/wp-content\/uploads\/2019\/05\/x82709690_soccer-footballcopa-america-2019-brazilian-team-announcedrio-de-janeiro-brazilmay.jpg.pagespeed.ic_.5szevbmi7z.jpg?fit=1086%2C652&ssl=1&resize=350%2C200","width":350,"height":200,"srcset":"https:\/\/i0.wp.com\/blogdoprosperi.com\/wp-content\/uploads\/2019\/05\/x82709690_soccer-footballcopa-america-2019-brazilian-team-announcedrio-de-janeiro-brazilmay.jpg.pagespeed.ic_.5szevbmi7z.jpg?fit=1086%2C652&ssl=1&resize=350%2C200 1x, https:\/\/i0.wp.com\/blogdoprosperi.com\/wp-content\/uploads\/2019\/05\/x82709690_soccer-footballcopa-america-2019-brazilian-team-announcedrio-de-janeiro-brazilmay.jpg.pagespeed.ic_.5szevbmi7z.jpg?fit=1086%2C652&ssl=1&resize=525%2C300 1.5x, https:\/\/i0.wp.com\/blogdoprosperi.com\/wp-content\/uploads\/2019\/05\/x82709690_soccer-footballcopa-america-2019-brazilian-team-announcedrio-de-janeiro-brazilmay.jpg.pagespeed.ic_.5szevbmi7z.jpg?fit=1086%2C652&ssl=1&resize=700%2C400 2x, https:\/\/i0.wp.com\/blogdoprosperi.com\/wp-content\/uploads\/2019\/05\/x82709690_soccer-footballcopa-america-2019-brazilian-team-announcedrio-de-janeiro-brazilmay.jpg.pagespeed.ic_.5szevbmi7z.jpg?fit=1086%2C652&ssl=1&resize=1050%2C600 3x"},"classes":[]},{"id":37460,"url":"https:\/\/blogdoprosperi.com\/?p=37460","url_meta":{"origin":37496,"position":5},"title":"Tributo a Messi","author":"Luiz Ant\u00f4nio Pr\u00f3speri","date":"27 de junho de 2018","format":false,"excerpt":"Messi n\u00e3o vai descal\u00e7ar as chuteiras e virar um comentarista de TV. Messi n\u00e3o vai sair da hist\u00f3ria por nunca (ser\u00e1?) ter conquistado uma Copa do Mundo. N\u00e3o precisa de agrados, muito menos de prote\u00e7\u00e3o das pedradas. Messi n\u00e3o pede nada a ningu\u00e9m. Parece um punhado de estrelas e uma\u2026","rel":"","context":"Em &quot;Copa do Mundo 2018&quot;","block_context":{"text":"Copa do Mundo 2018","link":"https:\/\/blogdoprosperi.com\/?cat=43723753"},"img":{"alt_text":"","src":"https:\/\/i0.wp.com\/blogdoprosperi.com\/wp-content\/uploads\/2018\/06\/img_770x4332018_06_26_21_20_20_1415214.jpg?fit=770%2C433&ssl=1&resize=350%2C200","width":350,"height":200,"srcset":"https:\/\/i0.wp.com\/blogdoprosperi.com\/wp-content\/uploads\/2018\/06\/img_770x4332018_06_26_21_20_20_1415214.jpg?fit=770%2C433&ssl=1&resize=350%2C200 1x, https:\/\/i0.wp.com\/blogdoprosperi.com\/wp-content\/uploads\/2018\/06\/img_770x4332018_06_26_21_20_20_1415214.jpg?fit=770%2C433&ssl=1&resize=525%2C300 1.5x, https:\/\/i0.wp.com\/blogdoprosperi.com\/wp-content\/uploads\/2018\/06\/img_770x4332018_06_26_21_20_20_1415214.jpg?fit=770%2C433&ssl=1&resize=700%2C400 2x"},"classes":[]}],"jetpack_featured_media_url":"https:\/\/i0.wp.com\/blogdoprosperi.com\/wp-content\/uploads\/2018\/07\/000_17a48j.jpg?fit=512%2C341&ssl=1","_links":{"self":[{"href":"https:\/\/blogdoprosperi.com\/index.php?rest_route=\/wp\/v2\/posts\/37496","targetHints":{"allow":["GET"]}}],"collection":[{"href":"https:\/\/blogdoprosperi.com\/index.php?rest_route=\/wp\/v2\/posts"}],"about":[{"href":"https:\/\/blogdoprosperi.com\/index.php?rest_route=\/wp\/v2\/types\/post"}],"author":[{"embeddable":true,"href":"https:\/\/blogdoprosperi.com\/index.php?rest_route=\/wp\/v2\/users\/102107496"}],"replies":[{"embeddable":true,"href":"https:\/\/blogdoprosperi.com\/index.php?rest_route=%2Fwp%2Fv2%2Fcomments&post=37496"}],"version-history":[{"count":3,"href":"https:\/\/blogdoprosperi.com\/index.php?rest_route=\/wp\/v2\/posts\/37496\/revisions"}],"predecessor-version":[{"id":37500,"href":"https:\/\/blogdoprosperi.com\/index.php?rest_route=\/wp\/v2\/posts\/37496\/revisions\/37500"}],"wp:featuredmedia":[{"embeddable":true,"href":"https:\/\/blogdoprosperi.com\/index.php?rest_route=\/wp\/v2\/media\/37498"}],"wp:attachment":[{"href":"https:\/\/blogdoprosperi.com\/index.php?rest_route=%2Fwp%2Fv2%2Fmedia&parent=37496"}],"wp:term":[{"taxonomy":"category","embeddable":true,"href":"https:\/\/blogdoprosperi.com\/index.php?rest_route=%2Fwp%2Fv2%2Fcategories&post=37496"},{"taxonomy":"post_tag","embeddable":true,"href":"https:\/\/blogdoprosperi.com\/index.php?rest_route=%2Fwp%2Fv2%2Ftags&post=37496"}],"curies":[{"name":"wp","href":"https:\/\/api.w.org\/{rel}","templated":true}]}}