{"id":37525,"date":"2018-08-27T16:41:28","date_gmt":"2018-08-27T19:41:28","guid":{"rendered":"http:\/\/blogdoprosperi.com\/?p=37525"},"modified":"2018-08-27T16:41:28","modified_gmt":"2018-08-27T19:41:28","slug":"sombrero-de-alisson-encanta-ingleses","status":"publish","type":"post","link":"https:\/\/blogdoprosperi.com\/?p=37525","title":{"rendered":"Sombrero de Alisson encanta ingleses"},"content":{"rendered":"<div class=\"jetpack-video-wrapper\"><span class=\"embed-youtube\" style=\"text-align:center; display: block;\"><iframe loading=\"lazy\" class=\"youtube-player\" width=\"940\" height=\"529\" src=\"https:\/\/www.youtube.com\/embed\/ILf0XnFXYZM?version=3&#038;rel=1&#038;showsearch=0&#038;showinfo=1&#038;iv_load_policy=1&#038;fs=1&#038;hl=pt-BR&#038;autohide=2&#038;wmode=transparent\" allowfullscreen=\"true\" style=\"border:0;\" sandbox=\"allow-scripts allow-same-origin allow-popups allow-presentation allow-popups-to-escape-sandbox\"><\/iframe><\/span><\/div>\n","protected":false},"excerpt":{"rendered":"","protected":false},"author":102107496,"featured_media":0,"comment_status":"open","ping_status":"open","sticky":false,"template":"","format":"video","meta":{"_coblocks_attr":"","_coblocks_dimensions":"","_coblocks_responsive_height":"","_coblocks_accordion_ie_support":"","_jetpack_newsletter_access":"","_jetpack_dont_email_post_to_subs":false,"_jetpack_newsletter_tier_id":0,"_jetpack_memberships_contains_paywalled_content":false,"_wpcom_ai_launchpad_first_post":false,"_jetpack_feature_clip_id":0,"_jetpack_memberships_contains_paid_content":false,"footnotes":"","jetpack_publicize_message":"","jetpack_publicize_feature_enabled":true,"jetpack_social_post_already_shared":false,"jetpack_social_options":{"image_generator_settings":{"template":"highway","default_image_id":0,"font":"","enabled":false},"version":2},"jetpack_post_was_ever_published":false},"categories":[53870],"tags":[3026153,647484191,789560560,724255,13015,13057],"class_list":["post-37525","post","type-post","status-publish","format-video","hentry","category-futebol","tag-alisson","tag-chapeu-de-alisson","tag-futebol","tag-klopp","tag-liverpool","tag-premier-league","post_format-post-format-video"],"yoast_head":"<!-- This site is optimized with the Yoast SEO plugin v28.3 - https:\/\/yoast.com\/product\/yoast-seo-wordpress\/ -->\n<title>Sombrero de Alisson encanta ingleses - PR\u00d3SPERI NEWS<\/title>\n<meta name=\"robots\" content=\"index, follow, max-snippet:-1, max-image-preview:large, max-video-preview:-1\" \/>\n<link rel=\"canonical\" href=\"https:\/\/blogdoprosperi.com\/?p=37525\" \/>\n<meta property=\"og:locale\" content=\"pt_BR\" \/>\n<meta property=\"og:type\" content=\"article\" \/>\n<meta property=\"og:title\" content=\"Sombrero de Alisson encanta ingleses - PR\u00d3SPERI NEWS\" \/>\n<meta property=\"og:url\" content=\"https:\/\/blogdoprosperi.com\/?p=37525\" \/>\n<meta property=\"og:site_name\" content=\"PR\u00d3SPERI NEWS\" \/>\n<meta property=\"article:publisher\" content=\"Luiz Pr\u00f3speri\" \/>\n<meta property=\"article:author\" content=\"Luiz Pr\u00f3speri\" \/>\n<meta property=\"article:published_time\" content=\"2018-08-27T19:41:28+00:00\" \/>\n<meta name=\"author\" content=\"Luiz Ant\u00f4nio Pr\u00f3speri\" \/>\n<meta name=\"twitter:card\" content=\"summary_large_image\" \/>\n<meta name=\"twitter:creator\" content=\"@Luizprosperi\" \/>\n<meta name=\"twitter:site\" content=\"@Luizprosperi\" \/>\n<meta name=\"twitter:label1\" content=\"Escrito por\" \/>\n\t<meta name=\"twitter:data1\" content=\"Luiz Ant\u00f4nio Pr\u00f3speri\" \/>\n<script type=\"application\/ld+json\" class=\"yoast-schema-graph\">{\"@context\":\"https:\\\/\\\/schema.org\",\"@graph\":[{\"@type\":\"Article\",\"@id\":\"https:\\\/\\\/blogdoprosperi.com\\\/?p=37525#article\",\"isPartOf\":{\"@id\":\"https:\\\/\\\/blogdoprosperi.com\\\/?p=37525\"},\"author\":{\"name\":\"Luiz Ant\u00f4nio Pr\u00f3speri\",\"@id\":\"https:\\\/\\\/blogdoprosperi.com\\\/#\\\/schema\\\/person\\\/38100755ce3601861ee4fab9b5aa78e9\"},\"headline\":\"Sombrero de Alisson encanta ingleses\",\"datePublished\":\"2018-08-27T19:41:28+00:00\",\"mainEntityOfPage\":{\"@id\":\"https:\\\/\\\/blogdoprosperi.com\\\/?p=37525\"},\"wordCount\":10,\"commentCount\":2,\"publisher\":{\"@id\":\"https:\\\/\\\/blogdoprosperi.com\\\/#\\\/schema\\\/person\\\/38100755ce3601861ee4fab9b5aa78e9\"},\"keywords\":[\"Alisson\",\"chap\u00e9u de alisson\",\"futebol\",\"Klopp\",\"Liverpool\",\"Premier League\"],\"articleSection\":[\"futebol\"],\"inLanguage\":\"pt-BR\",\"potentialAction\":[{\"@type\":\"CommentAction\",\"name\":\"Comment\",\"target\":[\"https:\\\/\\\/blogdoprosperi.com\\\/?p=37525#respond\"]}]},{\"@type\":\"WebPage\",\"@id\":\"https:\\\/\\\/blogdoprosperi.com\\\/?p=37525\",\"url\":\"https:\\\/\\\/blogdoprosperi.com\\\/?p=37525\",\"name\":\"Sombrero de Alisson encanta ingleses - PR\u00d3SPERI NEWS\",\"isPartOf\":{\"@id\":\"https:\\\/\\\/blogdoprosperi.com\\\/#website\"},\"datePublished\":\"2018-08-27T19:41:28+00:00\",\"breadcrumb\":{\"@id\":\"https:\\\/\\\/blogdoprosperi.com\\\/?p=37525#breadcrumb\"},\"inLanguage\":\"pt-BR\",\"potentialAction\":[{\"@type\":\"ReadAction\",\"target\":[\"https:\\\/\\\/blogdoprosperi.com\\\/?p=37525\"]}]},{\"@type\":\"BreadcrumbList\",\"@id\":\"https:\\\/\\\/blogdoprosperi.com\\\/?p=37525#breadcrumb\",\"itemListElement\":[{\"@type\":\"ListItem\",\"position\":1,\"name\":\"In\u00edcio\",\"item\":\"https:\\\/\\\/blogdoprosperi.com\\\/\"},{\"@type\":\"ListItem\",\"position\":2,\"name\":\"Sombrero de Alisson encanta ingleses\"}]},{\"@type\":\"WebSite\",\"@id\":\"https:\\\/\\\/blogdoprosperi.com\\\/#website\",\"url\":\"https:\\\/\\\/blogdoprosperi.com\\\/\",\"name\":\"PR\u00d3SPERI NEWS\",\"description\":\"TUDO \u00c9  FUTEBOL\",\"publisher\":{\"@id\":\"https:\\\/\\\/blogdoprosperi.com\\\/#\\\/schema\\\/person\\\/38100755ce3601861ee4fab9b5aa78e9\"},\"alternateName\":\"blogdoprosperi.com\",\"potentialAction\":[{\"@type\":\"SearchAction\",\"target\":{\"@type\":\"EntryPoint\",\"urlTemplate\":\"https:\\\/\\\/blogdoprosperi.com\\\/?s={search_term_string}\"},\"query-input\":{\"@type\":\"PropertyValueSpecification\",\"valueRequired\":true,\"valueName\":\"search_term_string\"}}],\"inLanguage\":\"pt-BR\"},{\"@type\":[\"Person\",\"Organization\"],\"@id\":\"https:\\\/\\\/blogdoprosperi.com\\\/#\\\/schema\\\/person\\\/38100755ce3601861ee4fab9b5aa78e9\",\"name\":\"Luiz Ant\u00f4nio Pr\u00f3speri\",\"pronouns\":\"ele\",\"image\":{\"@type\":\"ImageObject\",\"inLanguage\":\"pt-BR\",\"@id\":\"https:\\\/\\\/i0.wp.com\\\/blogdoprosperi.com\\\/wp-content\\\/uploads\\\/2026\\\/05\\\/cropped-8059e613-6002-42fa-961e-8e275f575d71-2-5.jpg?fit=1360%2C931&ssl=1\",\"url\":\"https:\\\/\\\/i0.wp.com\\\/blogdoprosperi.com\\\/wp-content\\\/uploads\\\/2026\\\/05\\\/cropped-8059e613-6002-42fa-961e-8e275f575d71-2-5.jpg?fit=1360%2C931&ssl=1\",\"contentUrl\":\"https:\\\/\\\/i0.wp.com\\\/blogdoprosperi.com\\\/wp-content\\\/uploads\\\/2026\\\/05\\\/cropped-8059e613-6002-42fa-961e-8e275f575d71-2-5.jpg?fit=1360%2C931&ssl=1\",\"width\":1360,\"height\":931,\"caption\":\"Luiz Ant\u00f4nio Pr\u00f3speri\"},\"logo\":{\"@id\":\"https:\\\/\\\/i0.wp.com\\\/blogdoprosperi.com\\\/wp-content\\\/uploads\\\/2026\\\/05\\\/cropped-8059e613-6002-42fa-961e-8e275f575d71-2-5.jpg?fit=1360%2C931&ssl=1\"},\"description\":\"Jornalista com carreira dedicada ao esporte. Cobriu 9 Copas do Mundo in loco, 1990 na It\u00e1lia, 1994 nos EUA, 1998 na Fran\u00e7a, 2002 na Coreia do Sul e Jap\u00e3o, 2006 na Alemanha, 2010 na \u00c1frica do Sul, 2014 no Brasil, 2018 na R\u00fassia e 2022 no Qatar. Eurocopas, 1992 na Su\u00e9cia e 1996 na Inglaterra. Copa das Confedera\u00e7\u00f5es de 2005 na Alemanha e 2009 na \u00c1frica do Sul. Rep\u00f3rter e Editor, trabalhou no Jornal da Tarde e Estad\u00e3o, de 1984 a fevereiro de 2016. Colunista, blogueiro. E comentarista de futebol na R\u00e1dio Estad\u00e3o, de 2013 a fevereiro de 2016. Jornalista respons\u00e1vel do \\\"Pr\u00f3speri News\\\" (blogdoprosperi.com).\",\"sameAs\":[\"http:\\\/\\\/blogdoprosperi.com\",\"Luiz Pr\u00f3speri\",\"@luiz_prosperi\",\"https:\\\/\\\/x.com\\\/Luizprosperi\",\"@prosperinacopa\",\"luiz.prosperi@icloud.com\"],\"url\":\"https:\\\/\\\/blogdoprosperi.com\\\/?author=102107496\"}]}<\/script>\n<!-- \/ Yoast SEO plugin. -->","yoast_head_json":{"title":"Sombrero de Alisson encanta ingleses - PR\u00d3SPERI NEWS","robots":{"index":"index","follow":"follow","max-snippet":"max-snippet:-1","max-image-preview":"max-image-preview:large","max-video-preview":"max-video-preview:-1"},"canonical":"https:\/\/blogdoprosperi.com\/?p=37525","og_locale":"pt_BR","og_type":"article","og_title":"Sombrero de Alisson encanta ingleses - PR\u00d3SPERI NEWS","og_url":"https:\/\/blogdoprosperi.com\/?p=37525","og_site_name":"PR\u00d3SPERI NEWS","article_publisher":"Luiz Pr\u00f3speri","article_author":"Luiz Pr\u00f3speri","article_published_time":"2018-08-27T19:41:28+00:00","author":"Luiz Ant\u00f4nio Pr\u00f3speri","twitter_card":"summary_large_image","twitter_creator":"@Luizprosperi","twitter_site":"@Luizprosperi","twitter_misc":{"Escrito por":"Luiz Ant\u00f4nio Pr\u00f3speri"},"schema":{"@context":"https:\/\/schema.org","@graph":[{"@type":"Article","@id":"https:\/\/blogdoprosperi.com\/?p=37525#article","isPartOf":{"@id":"https:\/\/blogdoprosperi.com\/?p=37525"},"author":{"name":"Luiz Ant\u00f4nio Pr\u00f3speri","@id":"https:\/\/blogdoprosperi.com\/#\/schema\/person\/38100755ce3601861ee4fab9b5aa78e9"},"headline":"Sombrero de Alisson encanta ingleses","datePublished":"2018-08-27T19:41:28+00:00","mainEntityOfPage":{"@id":"https:\/\/blogdoprosperi.com\/?p=37525"},"wordCount":10,"commentCount":2,"publisher":{"@id":"https:\/\/blogdoprosperi.com\/#\/schema\/person\/38100755ce3601861ee4fab9b5aa78e9"},"keywords":["Alisson","chap\u00e9u de alisson","futebol","Klopp","Liverpool","Premier League"],"articleSection":["futebol"],"inLanguage":"pt-BR","potentialAction":[{"@type":"CommentAction","name":"Comment","target":["https:\/\/blogdoprosperi.com\/?p=37525#respond"]}]},{"@type":"WebPage","@id":"https:\/\/blogdoprosperi.com\/?p=37525","url":"https:\/\/blogdoprosperi.com\/?p=37525","name":"Sombrero de Alisson encanta ingleses - PR\u00d3SPERI NEWS","isPartOf":{"@id":"https:\/\/blogdoprosperi.com\/#website"},"datePublished":"2018-08-27T19:41:28+00:00","breadcrumb":{"@id":"https:\/\/blogdoprosperi.com\/?p=37525#breadcrumb"},"inLanguage":"pt-BR","potentialAction":[{"@type":"ReadAction","target":["https:\/\/blogdoprosperi.com\/?p=37525"]}]},{"@type":"BreadcrumbList","@id":"https:\/\/blogdoprosperi.com\/?p=37525#breadcrumb","itemListElement":[{"@type":"ListItem","position":1,"name":"In\u00edcio","item":"https:\/\/blogdoprosperi.com\/"},{"@type":"ListItem","position":2,"name":"Sombrero de Alisson encanta ingleses"}]},{"@type":"WebSite","@id":"https:\/\/blogdoprosperi.com\/#website","url":"https:\/\/blogdoprosperi.com\/","name":"PR\u00d3SPERI NEWS","description":"TUDO \u00c9  FUTEBOL","publisher":{"@id":"https:\/\/blogdoprosperi.com\/#\/schema\/person\/38100755ce3601861ee4fab9b5aa78e9"},"alternateName":"blogdoprosperi.com","potentialAction":[{"@type":"SearchAction","target":{"@type":"EntryPoint","urlTemplate":"https:\/\/blogdoprosperi.com\/?s={search_term_string}"},"query-input":{"@type":"PropertyValueSpecification","valueRequired":true,"valueName":"search_term_string"}}],"inLanguage":"pt-BR"},{"@type":["Person","Organization"],"@id":"https:\/\/blogdoprosperi.com\/#\/schema\/person\/38100755ce3601861ee4fab9b5aa78e9","name":"Luiz Ant\u00f4nio Pr\u00f3speri","pronouns":"ele","image":{"@type":"ImageObject","inLanguage":"pt-BR","@id":"https:\/\/i0.wp.com\/blogdoprosperi.com\/wp-content\/uploads\/2026\/05\/cropped-8059e613-6002-42fa-961e-8e275f575d71-2-5.jpg?fit=1360%2C931&ssl=1","url":"https:\/\/i0.wp.com\/blogdoprosperi.com\/wp-content\/uploads\/2026\/05\/cropped-8059e613-6002-42fa-961e-8e275f575d71-2-5.jpg?fit=1360%2C931&ssl=1","contentUrl":"https:\/\/i0.wp.com\/blogdoprosperi.com\/wp-content\/uploads\/2026\/05\/cropped-8059e613-6002-42fa-961e-8e275f575d71-2-5.jpg?fit=1360%2C931&ssl=1","width":1360,"height":931,"caption":"Luiz Ant\u00f4nio Pr\u00f3speri"},"logo":{"@id":"https:\/\/i0.wp.com\/blogdoprosperi.com\/wp-content\/uploads\/2026\/05\/cropped-8059e613-6002-42fa-961e-8e275f575d71-2-5.jpg?fit=1360%2C931&ssl=1"},"description":"Jornalista com carreira dedicada ao esporte. Cobriu 9 Copas do Mundo in loco, 1990 na It\u00e1lia, 1994 nos EUA, 1998 na Fran\u00e7a, 2002 na Coreia do Sul e Jap\u00e3o, 2006 na Alemanha, 2010 na \u00c1frica do Sul, 2014 no Brasil, 2018 na R\u00fassia e 2022 no Qatar. Eurocopas, 1992 na Su\u00e9cia e 1996 na Inglaterra. Copa das Confedera\u00e7\u00f5es de 2005 na Alemanha e 2009 na \u00c1frica do Sul. Rep\u00f3rter e Editor, trabalhou no Jornal da Tarde e Estad\u00e3o, de 1984 a fevereiro de 2016. Colunista, blogueiro. E comentarista de futebol na R\u00e1dio Estad\u00e3o, de 2013 a fevereiro de 2016. Jornalista respons\u00e1vel do \"Pr\u00f3speri News\" (blogdoprosperi.com).","sameAs":["http:\/\/blogdoprosperi.com","Luiz Pr\u00f3speri","@luiz_prosperi","https:\/\/x.com\/Luizprosperi","@prosperinacopa","luiz.prosperi@icloud.com"],"url":"https:\/\/blogdoprosperi.com\/?author=102107496"}]}},"jetpack_publicize_connections":[],"jetpack_likes_enabled":false,"jetpack_sharing_enabled":true,"jetpack_shortlink":"https:\/\/wp.me\/p7jvdk-9Lf","jetpack-related-posts":[{"id":45314,"url":"https:\/\/blogdoprosperi.com\/?p=45314","url_meta":{"origin":37525,"position":0},"title":"Champions League 2024-2025: Jogadores Amea\u00e7am Greve e Clubes Contam Grana da Premia\u00e7\u00e3o","author":"Luiz Ant\u00f4nio Pr\u00f3speri","date":"17 de setembro de 2024","format":false,"excerpt":"Champions League, a Liga dos Campe\u00f5es da Europa, vers\u00e3o 2024-2025 come\u00e7a hoje (17\/9) com premia\u00e7\u00e3o estimada em 2.467 bilh\u00f5es de euros (R$ 15.073 bilh\u00f5es) aos clubes. E amea\u00e7a de greve dos jogadores. Dinheiro a rodo vem do aumento expressivo na quantidade de jogos, efeito do novo formato de disputa da\u2026","rel":"","context":"Em &quot;futebol&quot;","block_context":{"text":"futebol","link":"https:\/\/blogdoprosperi.com\/?cat=53870"},"img":{"alt_text":"Champions League 2024-2025 apresenta novo formato","src":"https:\/\/i0.wp.com\/blogdoprosperi.com\/wp-content\/uploads\/2024\/09\/borussia_dortmund_training_session_and_press_conference_-_uefa_champions_league_final_2024.jpg?fit=988%2C556&ssl=1&resize=350%2C200","width":350,"height":200,"srcset":"https:\/\/i0.wp.com\/blogdoprosperi.com\/wp-content\/uploads\/2024\/09\/borussia_dortmund_training_session_and_press_conference_-_uefa_champions_league_final_2024.jpg?fit=988%2C556&ssl=1&resize=350%2C200 1x, https:\/\/i0.wp.com\/blogdoprosperi.com\/wp-content\/uploads\/2024\/09\/borussia_dortmund_training_session_and_press_conference_-_uefa_champions_league_final_2024.jpg?fit=988%2C556&ssl=1&resize=525%2C300 1.5x, https:\/\/i0.wp.com\/blogdoprosperi.com\/wp-content\/uploads\/2024\/09\/borussia_dortmund_training_session_and_press_conference_-_uefa_champions_league_final_2024.jpg?fit=988%2C556&ssl=1&resize=700%2C400 2x"},"classes":[]},{"id":6194,"url":"https:\/\/blogdoprosperi.com\/?p=6194","url_meta":{"origin":37525,"position":1},"title":"Sevilla pulveriza o Liverpool e ingleses se derretem em l\u00e1grimas","author":"Luiz Ant\u00f4nio Pr\u00f3speri","date":"18 de maio de 2016","format":false,"excerpt":"L\u00e1grimas nos olhos dos ingleses marcaram a queda do Liverpool na final da Uefa Europa League diante do Sevilla nesta quarta-feira na Su\u00ed\u00e7a. Era o fim de uma temporada especial ao time ao t\u00e9cnico alem\u00e3o Jurgen Klopp, embalado por jornadas memor\u00e1veis e empurrado por uma torcida \u00edmpar. Sem o t\u00edtulo,\u2026","rel":"","context":"Em &quot;Champions League&quot;","block_context":{"text":"Champions League","link":"https:\/\/blogdoprosperi.com\/?cat=9107"},"img":{"alt_text":"","src":"https:\/\/i0.wp.com\/blogdoprosperi.com\/wp-content\/uploads\/2016\/05\/cixdxi5weaegziq.jpg?resize=350%2C200&ssl=1","width":350,"height":200,"srcset":"https:\/\/i0.wp.com\/blogdoprosperi.com\/wp-content\/uploads\/2016\/05\/cixdxi5weaegziq.jpg?resize=350%2C200&ssl=1 1x, https:\/\/i0.wp.com\/blogdoprosperi.com\/wp-content\/uploads\/2016\/05\/cixdxi5weaegziq.jpg?resize=525%2C300&ssl=1 1.5x"},"classes":[]},{"id":42352,"url":"https:\/\/blogdoprosperi.com\/?p=42352","url_meta":{"origin":37525,"position":2},"title":"Endrick e Vini Jr, resgate da Sele\u00e7\u00e3o aos p\u00e9s dos meninos","author":"Luiz Ant\u00f4nio Pr\u00f3speri","date":"10 de maio de 2024","format":false,"excerpt":"Endrick e Vini Jr, dupla de ataque da Sele\u00e7\u00e3o Brasileira a provocar calafrios nos advers\u00e1rios na Copa Am\u00e9rica \u2013 em junho\/julho nos EUA. Isso se Dorival Junior escalar os dois em um novo formato do time, sem as amarras de usar pontas em busca da tal \"profundidade\" acalentada por analistas\u2026","rel":"","context":"Em &quot;informa\u00e7\u00e3o&quot;","block_context":{"text":"informa\u00e7\u00e3o","link":"https:\/\/blogdoprosperi.com\/?cat=20384"},"img":{"alt_text":"","src":"https:\/\/i0.wp.com\/blogdoprosperi.com\/wp-content\/uploads\/2024\/05\/gjy2t66xqaicdid.jpg?fit=1200%2C951&ssl=1&resize=350%2C200","width":350,"height":200,"srcset":"https:\/\/i0.wp.com\/blogdoprosperi.com\/wp-content\/uploads\/2024\/05\/gjy2t66xqaicdid.jpg?fit=1200%2C951&ssl=1&resize=350%2C200 1x, https:\/\/i0.wp.com\/blogdoprosperi.com\/wp-content\/uploads\/2024\/05\/gjy2t66xqaicdid.jpg?fit=1200%2C951&ssl=1&resize=525%2C300 1.5x, https:\/\/i0.wp.com\/blogdoprosperi.com\/wp-content\/uploads\/2024\/05\/gjy2t66xqaicdid.jpg?fit=1200%2C951&ssl=1&resize=700%2C400 2x, https:\/\/i0.wp.com\/blogdoprosperi.com\/wp-content\/uploads\/2024\/05\/gjy2t66xqaicdid.jpg?fit=1200%2C951&ssl=1&resize=1050%2C600 3x"},"classes":[]},{"id":37917,"url":"https:\/\/blogdoprosperi.com\/?p=37917","url_meta":{"origin":37525,"position":3},"title":"Jogadores pagam conta da insanidade dos cartolas em tempos de Covid","author":"Luiz Ant\u00f4nio Pr\u00f3speri","date":"14 de novembro de 2020","format":false,"excerpt":"Cresce n\u00famero de jogadores lesionados e infectados com ac\u00famulo de jogos desde a volta do futebol em plena pandemia da Covid mundo afora. No Brasil e na Europa, em especial. A culpa, neste momento, passa pela gan\u00e2ncia e sobreviv\u00eancia de clubes e de federa\u00e7\u00f5es comandados por dirigentes acuados e, porque\u2026","rel":"","context":"Em &quot;futebol&quot;","block_context":{"text":"futebol","link":"https:\/\/blogdoprosperi.com\/?cat=53870"},"img":{"alt_text":"","src":"https:\/\/i0.wp.com\/blogdoprosperi.com\/wp-content\/uploads\/2020\/11\/cuca-santos-1.jpg?fit=1200%2C800&ssl=1&resize=350%2C200","width":350,"height":200,"srcset":"https:\/\/i0.wp.com\/blogdoprosperi.com\/wp-content\/uploads\/2020\/11\/cuca-santos-1.jpg?fit=1200%2C800&ssl=1&resize=350%2C200 1x, https:\/\/i0.wp.com\/blogdoprosperi.com\/wp-content\/uploads\/2020\/11\/cuca-santos-1.jpg?fit=1200%2C800&ssl=1&resize=525%2C300 1.5x, https:\/\/i0.wp.com\/blogdoprosperi.com\/wp-content\/uploads\/2020\/11\/cuca-santos-1.jpg?fit=1200%2C800&ssl=1&resize=700%2C400 2x, https:\/\/i0.wp.com\/blogdoprosperi.com\/wp-content\/uploads\/2020\/11\/cuca-santos-1.jpg?fit=1200%2C800&ssl=1&resize=1050%2C600 3x"},"classes":[]},{"id":42555,"url":"https:\/\/blogdoprosperi.com\/?p=42555","url_meta":{"origin":37525,"position":4},"title":"An\u00e1lise: Empate do Brasil contra os EUA exp\u00f5e fragilidades antes da Copa Am\u00e9rica","author":"Luiz Ant\u00f4nio Pr\u00f3speri","date":"12 de junho de 2024","format":false,"excerpt":"Sele\u00e7\u00e3o Brasileira baixa guarda contra os Estados Unidos no \u00faltimo amistoso antes da estreia na Copa Am\u00e9rica. Empate por 1 a 1 na Fl\u00f3rida resume a exibi\u00e7\u00e3o esqu\u00e1lida do time de Dorival J\u00fanior. E dessa vez nem o precoce Endrick nem o endiabrado Vini Jr iluminaram o Brasil. Fraco \u00e9\u2026","rel":"","context":"Em &quot;CBF&quot;","block_context":{"text":"CBF","link":"https:\/\/blogdoprosperi.com\/?cat=570700"},"img":{"alt_text":"Brasil baixa guarda diante dos EUA","src":"https:\/\/i0.wp.com\/blogdoprosperi.com\/wp-content\/uploads\/2024\/06\/53788106335_4bd94fb2d5_c.jpg?fit=800%2C543&ssl=1&resize=350%2C200","width":350,"height":200,"srcset":"https:\/\/i0.wp.com\/blogdoprosperi.com\/wp-content\/uploads\/2024\/06\/53788106335_4bd94fb2d5_c.jpg?fit=800%2C543&ssl=1&resize=350%2C200 1x, https:\/\/i0.wp.com\/blogdoprosperi.com\/wp-content\/uploads\/2024\/06\/53788106335_4bd94fb2d5_c.jpg?fit=800%2C543&ssl=1&resize=525%2C300 1.5x, https:\/\/i0.wp.com\/blogdoprosperi.com\/wp-content\/uploads\/2024\/06\/53788106335_4bd94fb2d5_c.jpg?fit=800%2C543&ssl=1&resize=700%2C400 2x"},"classes":[]},{"id":52499,"url":"https:\/\/blogdoprosperi.com\/?p=52499","url_meta":{"origin":37525,"position":5},"title":"&#8216;Estou com o Cora\u00e7\u00e3o Partido&#8217;: J\u00fcrgen Klopp Lidera Homenagens ap\u00f3s Morte de Diogo Jota aos 28 anos","author":"Luiz Ant\u00f4nio Pr\u00f3speri","date":"3 de julho de 2025","format":false,"excerpt":"Cristiano Ronaldo diz que morte de companheiro de equipe \"n\u00e3o faz sentido\" Os Wolves dizem que 'as mem\u00f3rias que ele criou nunca ser\u00e3o esquecidas' V\u00eddeo mostra local do acidente de Diogo Costa e seu irm\u00e3o Andr\u00e9 Ben Fischer \u2013 The Guardian, de Londres \u2013 3 julho (14h05) \u2013 J\u00fcrgen Klopp\u2026","rel":"","context":"Em &quot;futebol&quot;","block_context":{"text":"futebol","link":"https:\/\/blogdoprosperi.com\/?cat=53870"},"img":{"alt_text":"Diogo Jota e seu irm\u00e3o Andr\u00e9 morrem em acidente de carro na Espanha","src":"https:\/\/i0.wp.com\/blogdoprosperi.com\/wp-content\/uploads\/2025\/07\/1305928-diogo-jota-do-liverpool-morre-em-acidente-de-transito-na-esp-1.jpg?fit=1200%2C800&ssl=1&resize=350%2C200","width":350,"height":200,"srcset":"https:\/\/i0.wp.com\/blogdoprosperi.com\/wp-content\/uploads\/2025\/07\/1305928-diogo-jota-do-liverpool-morre-em-acidente-de-transito-na-esp-1.jpg?fit=1200%2C800&ssl=1&resize=350%2C200 1x, https:\/\/i0.wp.com\/blogdoprosperi.com\/wp-content\/uploads\/2025\/07\/1305928-diogo-jota-do-liverpool-morre-em-acidente-de-transito-na-esp-1.jpg?fit=1200%2C800&ssl=1&resize=525%2C300 1.5x, https:\/\/i0.wp.com\/blogdoprosperi.com\/wp-content\/uploads\/2025\/07\/1305928-diogo-jota-do-liverpool-morre-em-acidente-de-transito-na-esp-1.jpg?fit=1200%2C800&ssl=1&resize=700%2C400 2x, https:\/\/i0.wp.com\/blogdoprosperi.com\/wp-content\/uploads\/2025\/07\/1305928-diogo-jota-do-liverpool-morre-em-acidente-de-transito-na-esp-1.jpg?fit=1200%2C800&ssl=1&resize=1050%2C600 3x"},"classes":[]}],"jetpack_featured_media_url":"","_links":{"self":[{"href":"https:\/\/blogdoprosperi.com\/index.php?rest_route=\/wp\/v2\/posts\/37525","targetHints":{"allow":["GET"]}}],"collection":[{"href":"https:\/\/blogdoprosperi.com\/index.php?rest_route=\/wp\/v2\/posts"}],"about":[{"href":"https:\/\/blogdoprosperi.com\/index.php?rest_route=\/wp\/v2\/types\/post"}],"author":[{"embeddable":true,"href":"https:\/\/blogdoprosperi.com\/index.php?rest_route=\/wp\/v2\/users\/102107496"}],"replies":[{"embeddable":true,"href":"https:\/\/blogdoprosperi.com\/index.php?rest_route=%2Fwp%2Fv2%2Fcomments&post=37525"}],"version-history":[{"count":1,"href":"https:\/\/blogdoprosperi.com\/index.php?rest_route=\/wp\/v2\/posts\/37525\/revisions"}],"predecessor-version":[{"id":37526,"href":"https:\/\/blogdoprosperi.com\/index.php?rest_route=\/wp\/v2\/posts\/37525\/revisions\/37526"}],"wp:attachment":[{"href":"https:\/\/blogdoprosperi.com\/index.php?rest_route=%2Fwp%2Fv2%2Fmedia&parent=37525"}],"wp:term":[{"taxonomy":"category","embeddable":true,"href":"https:\/\/blogdoprosperi.com\/index.php?rest_route=%2Fwp%2Fv2%2Fcategories&post=37525"},{"taxonomy":"post_tag","embeddable":true,"href":"https:\/\/blogdoprosperi.com\/index.php?rest_route=%2Fwp%2Fv2%2Ftags&post=37525"}],"curies":[{"name":"wp","href":"https:\/\/api.w.org\/{rel}","templated":true}]}}