{"id":37529,"date":"2018-08-30T00:49:32","date_gmt":"2018-08-30T03:49:32","guid":{"rendered":"http:\/\/blogdoprosperi.com\/?p=37529"},"modified":"2018-08-30T00:49:32","modified_gmt":"2018-08-30T03:49:32","slug":"corinthians-flamengo-e-santos-erram-sem-saber-como-se-escreve-a-historia-na-libertadores-da-conmebol","status":"publish","type":"post","link":"https:\/\/blogdoprosperi.com\/?p=37529","title":{"rendered":"Corinthians, Flamengo e Santos erram sem saber como se escreve a hist\u00f3ria na Libertadores da Conmebol"},"content":{"rendered":"<p>Futebol \u00e9 um desafio permanente. Muita gente, junta a\u00ed imprensa, torcida e cartolas, imagina que tudo se resolve dentro do campo, naquelas linhas fixas pintadas com cal na grama, e enchendo a cabe\u00e7a do torcedor de ilus\u00e3o.<\/p>\n<p>Veja por exemplo Corinthians, Santos e Flamengo, ca\u00eddos na Libertadores nesta \u00faltima semana de agosto.<\/p>\n<p>\u00c9 uma grande mentira quem acredita que tudo se decide dentro de campo.<\/p>\n<p>O que acontece na relva verde tem liga\u00e7\u00e3o direta com o que se passa nos gabinetes, na montagem dos times, na organiza\u00e7\u00e3o, gest\u00e3o, no dia a dia e nas propostas de cada um dos clubes diante da empreitada que a competi\u00e7\u00e3o imp\u00f5e.<\/p>\n<p>De nada adianta insistir que a prioridade \u00e9 a Libertadores, depois Copa do Brasil e, por \u00faltimo, Brasileir\u00e3o, se os organismos internos n\u00e3o se conectam, n\u00e3o se entendem.<\/p>\n<p>Comando do Corinthians destruiu o time e n\u00e3o encorpou a comiss\u00e3o t\u00e9cnica quando Fabio Carille se mandou para Ar\u00e1bia com sua turma. Errou ainda ao efetivar Osmar Loss, um noviciado, para administrar uma crise de identidade. Culpado disso tudo \u00e9 o presidente Andr\u00e9s Sanchez, com isonomia da torcida.<\/p>\n<p>Flamengo tamb\u00e9m paga caro por sustentar o imberbe Mauricio Barbieri, t\u00e3o experiente como um pintinho saindo da casca do ovo, em uma temporada de desafios enormes como a de 2018 com Libertadores, Copa do Brasil e Brasileir\u00e3o. Clube carioca erra ao imaginar que o poder da Na\u00e7\u00e3o est\u00e1 acima de tudo. N\u00e3o se ganha com nome. E se vence com gente gabaritada e n\u00e3o com esfor\u00e7ados da estirpe de Barbieri.<\/p>\n<p>E a conta se fecha com o amadorismo do comando do Santos, golpeado por um burocrata na burocracia da Conmebol. O Santos imenso de Pel\u00e9 se mostrou t\u00e3o provinciano como uma igreja matriz instalada acima do bem e do mal no lugarejo a domar fi\u00e9is com badalar dos sinos seculares.<\/p>\n<p>Para encerrar a conversa, Corinthians, Flamengo e Santos pagaram por n\u00e3o entender como o futebol funciona neste momento de transforma\u00e7\u00e3o. Med\u00edocres. Falamos de 2018, n\u00e3o da hist\u00f3ria centen\u00e1ria de cada um deles. Hist\u00f3ria n\u00e3o se discute. Quem erra ao escrever um cap\u00edtulo ser\u00e1 desprezado para sempre na hora de por um ponto final.<\/p>\n","protected":false},"excerpt":{"rendered":"<p>Futebol \u00e9 um desafio permanente. Muita gente, junta a\u00ed imprensa, torcida e cartolas, imagina que tudo se resolve [&hellip;]<\/p>\n","protected":false},"author":102107496,"featured_media":37533,"comment_status":"open","ping_status":"open","sticky":false,"template":"","format":"standard","meta":{"_coblocks_attr":"","_coblocks_dimensions":"","_coblocks_responsive_height":"","_coblocks_accordion_ie_support":"","_jetpack_newsletter_access":"","_jetpack_dont_email_post_to_subs":false,"_jetpack_newsletter_tier_id":0,"_jetpack_memberships_contains_paywalled_content":false,"_wpcom_ai_launchpad_first_post":false,"_jetpack_feature_clip_id":0,"_jetpack_memberships_contains_paid_content":false,"footnotes":"","jetpack_publicize_message":"","jetpack_publicize_feature_enabled":true,"jetpack_social_post_already_shared":false,"jetpack_social_options":{"image_generator_settings":{"template":"highway","default_image_id":0,"font":"","enabled":false},"version":2},"jetpack_post_was_ever_published":false},"categories":[53870,549702574],"tags":[535722,177066,449299,789560560,117496,72665],"class_list":["post-37529","post","type-post","status-publish","format-standard","has-post-thumbnail","hentry","category-futebol","category-libertadores-2018","tag-conmebol","tag-corinthians","tag-flamengo","tag-futebol","tag-libertadores","tag-santos"],"yoast_head":"<!-- This site is optimized with the Yoast SEO plugin v28.3 - https:\/\/yoast.com\/product\/yoast-seo-wordpress\/ -->\n<title>Corinthians, Flamengo e Santos erram sem saber como se escreve a hist\u00f3ria na Libertadores da Conmebol - PR\u00d3SPERI NEWS<\/title>\n<meta name=\"robots\" content=\"index, follow, max-snippet:-1, max-image-preview:large, max-video-preview:-1\" \/>\n<link rel=\"canonical\" href=\"https:\/\/blogdoprosperi.com\/?p=37529\" \/>\n<meta property=\"og:locale\" content=\"pt_BR\" \/>\n<meta property=\"og:type\" content=\"article\" \/>\n<meta property=\"og:title\" content=\"Corinthians, Flamengo e Santos erram sem saber como se escreve a hist\u00f3ria na Libertadores da Conmebol - PR\u00d3SPERI NEWS\" \/>\n<meta property=\"og:description\" content=\"Futebol \u00e9 um desafio permanente. Muita gente, junta a\u00ed imprensa, torcida e cartolas, imagina que tudo se resolve [&hellip;]\" \/>\n<meta property=\"og:url\" content=\"https:\/\/blogdoprosperi.com\/?p=37529\" \/>\n<meta property=\"og:site_name\" content=\"PR\u00d3SPERI NEWS\" \/>\n<meta property=\"article:publisher\" content=\"Luiz Pr\u00f3speri\" \/>\n<meta property=\"article:author\" content=\"Luiz Pr\u00f3speri\" \/>\n<meta property=\"article:published_time\" content=\"2018-08-30T03:49:32+00:00\" \/>\n<meta property=\"og:image\" content=\"https:\/\/i0.wp.com\/blogdoprosperi.com\/wp-content\/uploads\/2018\/08\/pro6-7.jpg?fit=5472%2C3648&ssl=1\" \/>\n\t<meta property=\"og:image:width\" content=\"5472\" \/>\n\t<meta property=\"og:image:height\" content=\"3648\" \/>\n\t<meta property=\"og:image:type\" content=\"image\/jpeg\" \/>\n<meta name=\"author\" content=\"Luiz Ant\u00f4nio Pr\u00f3speri\" \/>\n<meta name=\"twitter:card\" content=\"summary_large_image\" \/>\n<meta name=\"twitter:creator\" content=\"@Luizprosperi\" \/>\n<meta name=\"twitter:site\" content=\"@Luizprosperi\" \/>\n<meta name=\"twitter:label1\" content=\"Escrito por\" \/>\n\t<meta name=\"twitter:data1\" content=\"Luiz Ant\u00f4nio Pr\u00f3speri\" \/>\n\t<meta name=\"twitter:label2\" content=\"Est. tempo de leitura\" \/>\n\t<meta name=\"twitter:data2\" content=\"2 minutos\" \/>\n<script type=\"application\/ld+json\" class=\"yoast-schema-graph\">{\"@context\":\"https:\\\/\\\/schema.org\",\"@graph\":[{\"@type\":\"Article\",\"@id\":\"https:\\\/\\\/blogdoprosperi.com\\\/?p=37529#article\",\"isPartOf\":{\"@id\":\"https:\\\/\\\/blogdoprosperi.com\\\/?p=37529\"},\"author\":{\"name\":\"Luiz Ant\u00f4nio Pr\u00f3speri\",\"@id\":\"https:\\\/\\\/blogdoprosperi.com\\\/#\\\/schema\\\/person\\\/38100755ce3601861ee4fab9b5aa78e9\"},\"headline\":\"Corinthians, Flamengo e Santos erram sem saber como se escreve a hist\u00f3ria na Libertadores da Conmebol\",\"datePublished\":\"2018-08-30T03:49:32+00:00\",\"mainEntityOfPage\":{\"@id\":\"https:\\\/\\\/blogdoprosperi.com\\\/?p=37529\"},\"wordCount\":401,\"commentCount\":0,\"publisher\":{\"@id\":\"https:\\\/\\\/blogdoprosperi.com\\\/#\\\/schema\\\/person\\\/38100755ce3601861ee4fab9b5aa78e9\"},\"image\":{\"@id\":\"https:\\\/\\\/blogdoprosperi.com\\\/?p=37529#primaryimage\"},\"thumbnailUrl\":\"https:\\\/\\\/i0.wp.com\\\/blogdoprosperi.com\\\/wp-content\\\/uploads\\\/2018\\\/08\\\/pro6-7.jpg?fit=5472%2C3648&ssl=1\",\"keywords\":[\"Conmebol\",\"Corinthians\",\"Flamengo\",\"futebol\",\"Libertadores\",\"santos\"],\"articleSection\":[\"futebol\",\"Libertadores 2018\"],\"inLanguage\":\"pt-BR\",\"potentialAction\":[{\"@type\":\"CommentAction\",\"name\":\"Comment\",\"target\":[\"https:\\\/\\\/blogdoprosperi.com\\\/?p=37529#respond\"]}]},{\"@type\":\"WebPage\",\"@id\":\"https:\\\/\\\/blogdoprosperi.com\\\/?p=37529\",\"url\":\"https:\\\/\\\/blogdoprosperi.com\\\/?p=37529\",\"name\":\"Corinthians, Flamengo e Santos erram sem saber como se escreve a hist\u00f3ria na Libertadores da Conmebol - PR\u00d3SPERI NEWS\",\"isPartOf\":{\"@id\":\"https:\\\/\\\/blogdoprosperi.com\\\/#website\"},\"primaryImageOfPage\":{\"@id\":\"https:\\\/\\\/blogdoprosperi.com\\\/?p=37529#primaryimage\"},\"image\":{\"@id\":\"https:\\\/\\\/blogdoprosperi.com\\\/?p=37529#primaryimage\"},\"thumbnailUrl\":\"https:\\\/\\\/i0.wp.com\\\/blogdoprosperi.com\\\/wp-content\\\/uploads\\\/2018\\\/08\\\/pro6-7.jpg?fit=5472%2C3648&ssl=1\",\"datePublished\":\"2018-08-30T03:49:32+00:00\",\"breadcrumb\":{\"@id\":\"https:\\\/\\\/blogdoprosperi.com\\\/?p=37529#breadcrumb\"},\"inLanguage\":\"pt-BR\",\"potentialAction\":[{\"@type\":\"ReadAction\",\"target\":[\"https:\\\/\\\/blogdoprosperi.com\\\/?p=37529\"]}]},{\"@type\":\"ImageObject\",\"inLanguage\":\"pt-BR\",\"@id\":\"https:\\\/\\\/blogdoprosperi.com\\\/?p=37529#primaryimage\",\"url\":\"https:\\\/\\\/i0.wp.com\\\/blogdoprosperi.com\\\/wp-content\\\/uploads\\\/2018\\\/08\\\/pro6-7.jpg?fit=5472%2C3648&ssl=1\",\"contentUrl\":\"https:\\\/\\\/i0.wp.com\\\/blogdoprosperi.com\\\/wp-content\\\/uploads\\\/2018\\\/08\\\/pro6-7.jpg?fit=5472%2C3648&ssl=1\",\"width\":5472,\"height\":3648,\"caption\":\"Romero desolado com queda do Corinthians na Libertadores - fotro: Alex Silva\"},{\"@type\":\"BreadcrumbList\",\"@id\":\"https:\\\/\\\/blogdoprosperi.com\\\/?p=37529#breadcrumb\",\"itemListElement\":[{\"@type\":\"ListItem\",\"position\":1,\"name\":\"In\u00edcio\",\"item\":\"https:\\\/\\\/blogdoprosperi.com\\\/\"},{\"@type\":\"ListItem\",\"position\":2,\"name\":\"Corinthians, Flamengo e Santos erram sem saber como se escreve a hist\u00f3ria na Libertadores da Conmebol\"}]},{\"@type\":\"WebSite\",\"@id\":\"https:\\\/\\\/blogdoprosperi.com\\\/#website\",\"url\":\"https:\\\/\\\/blogdoprosperi.com\\\/\",\"name\":\"PR\u00d3SPERI NEWS\",\"description\":\"TUDO \u00c9  FUTEBOL\",\"publisher\":{\"@id\":\"https:\\\/\\\/blogdoprosperi.com\\\/#\\\/schema\\\/person\\\/38100755ce3601861ee4fab9b5aa78e9\"},\"alternateName\":\"blogdoprosperi.com\",\"potentialAction\":[{\"@type\":\"SearchAction\",\"target\":{\"@type\":\"EntryPoint\",\"urlTemplate\":\"https:\\\/\\\/blogdoprosperi.com\\\/?s={search_term_string}\"},\"query-input\":{\"@type\":\"PropertyValueSpecification\",\"valueRequired\":true,\"valueName\":\"search_term_string\"}}],\"inLanguage\":\"pt-BR\"},{\"@type\":[\"Person\",\"Organization\"],\"@id\":\"https:\\\/\\\/blogdoprosperi.com\\\/#\\\/schema\\\/person\\\/38100755ce3601861ee4fab9b5aa78e9\",\"name\":\"Luiz Ant\u00f4nio Pr\u00f3speri\",\"pronouns\":\"ele\",\"image\":{\"@type\":\"ImageObject\",\"inLanguage\":\"pt-BR\",\"@id\":\"https:\\\/\\\/i0.wp.com\\\/blogdoprosperi.com\\\/wp-content\\\/uploads\\\/2026\\\/05\\\/cropped-8059e613-6002-42fa-961e-8e275f575d71-2-5.jpg?fit=1360%2C931&ssl=1\",\"url\":\"https:\\\/\\\/i0.wp.com\\\/blogdoprosperi.com\\\/wp-content\\\/uploads\\\/2026\\\/05\\\/cropped-8059e613-6002-42fa-961e-8e275f575d71-2-5.jpg?fit=1360%2C931&ssl=1\",\"contentUrl\":\"https:\\\/\\\/i0.wp.com\\\/blogdoprosperi.com\\\/wp-content\\\/uploads\\\/2026\\\/05\\\/cropped-8059e613-6002-42fa-961e-8e275f575d71-2-5.jpg?fit=1360%2C931&ssl=1\",\"width\":1360,\"height\":931,\"caption\":\"Luiz Ant\u00f4nio Pr\u00f3speri\"},\"logo\":{\"@id\":\"https:\\\/\\\/i0.wp.com\\\/blogdoprosperi.com\\\/wp-content\\\/uploads\\\/2026\\\/05\\\/cropped-8059e613-6002-42fa-961e-8e275f575d71-2-5.jpg?fit=1360%2C931&ssl=1\"},\"description\":\"Jornalista com carreira dedicada ao esporte. Cobriu 9 Copas do Mundo in loco, 1990 na It\u00e1lia, 1994 nos EUA, 1998 na Fran\u00e7a, 2002 na Coreia do Sul e Jap\u00e3o, 2006 na Alemanha, 2010 na \u00c1frica do Sul, 2014 no Brasil, 2018 na R\u00fassia e 2022 no Qatar. Eurocopas, 1992 na Su\u00e9cia e 1996 na Inglaterra. Copa das Confedera\u00e7\u00f5es de 2005 na Alemanha e 2009 na \u00c1frica do Sul. Rep\u00f3rter e Editor, trabalhou no Jornal da Tarde e Estad\u00e3o, de 1984 a fevereiro de 2016. Colunista, blogueiro. E comentarista de futebol na R\u00e1dio Estad\u00e3o, de 2013 a fevereiro de 2016. Jornalista respons\u00e1vel do \\\"Pr\u00f3speri News\\\" (blogdoprosperi.com).\",\"sameAs\":[\"http:\\\/\\\/blogdoprosperi.com\",\"Luiz Pr\u00f3speri\",\"@luiz_prosperi\",\"https:\\\/\\\/x.com\\\/Luizprosperi\",\"@prosperinacopa\",\"luiz.prosperi@icloud.com\"],\"url\":\"https:\\\/\\\/blogdoprosperi.com\\\/?author=102107496\"}]}<\/script>\n<!-- \/ Yoast SEO plugin. -->","yoast_head_json":{"title":"Corinthians, Flamengo e Santos erram sem saber como se escreve a hist\u00f3ria na Libertadores da Conmebol - PR\u00d3SPERI NEWS","robots":{"index":"index","follow":"follow","max-snippet":"max-snippet:-1","max-image-preview":"max-image-preview:large","max-video-preview":"max-video-preview:-1"},"canonical":"https:\/\/blogdoprosperi.com\/?p=37529","og_locale":"pt_BR","og_type":"article","og_title":"Corinthians, Flamengo e Santos erram sem saber como se escreve a hist\u00f3ria na Libertadores da Conmebol - PR\u00d3SPERI NEWS","og_description":"Futebol \u00e9 um desafio permanente. Muita gente, junta a\u00ed imprensa, torcida e cartolas, imagina que tudo se resolve [&hellip;]","og_url":"https:\/\/blogdoprosperi.com\/?p=37529","og_site_name":"PR\u00d3SPERI NEWS","article_publisher":"Luiz Pr\u00f3speri","article_author":"Luiz Pr\u00f3speri","article_published_time":"2018-08-30T03:49:32+00:00","og_image":[{"width":5472,"height":3648,"url":"https:\/\/i0.wp.com\/blogdoprosperi.com\/wp-content\/uploads\/2018\/08\/pro6-7.jpg?fit=5472%2C3648&ssl=1","type":"image\/jpeg"}],"author":"Luiz Ant\u00f4nio Pr\u00f3speri","twitter_card":"summary_large_image","twitter_creator":"@Luizprosperi","twitter_site":"@Luizprosperi","twitter_misc":{"Escrito por":"Luiz Ant\u00f4nio Pr\u00f3speri","Est. tempo de leitura":"2 minutos"},"schema":{"@context":"https:\/\/schema.org","@graph":[{"@type":"Article","@id":"https:\/\/blogdoprosperi.com\/?p=37529#article","isPartOf":{"@id":"https:\/\/blogdoprosperi.com\/?p=37529"},"author":{"name":"Luiz Ant\u00f4nio Pr\u00f3speri","@id":"https:\/\/blogdoprosperi.com\/#\/schema\/person\/38100755ce3601861ee4fab9b5aa78e9"},"headline":"Corinthians, Flamengo e Santos erram sem saber como se escreve a hist\u00f3ria na Libertadores da Conmebol","datePublished":"2018-08-30T03:49:32+00:00","mainEntityOfPage":{"@id":"https:\/\/blogdoprosperi.com\/?p=37529"},"wordCount":401,"commentCount":0,"publisher":{"@id":"https:\/\/blogdoprosperi.com\/#\/schema\/person\/38100755ce3601861ee4fab9b5aa78e9"},"image":{"@id":"https:\/\/blogdoprosperi.com\/?p=37529#primaryimage"},"thumbnailUrl":"https:\/\/i0.wp.com\/blogdoprosperi.com\/wp-content\/uploads\/2018\/08\/pro6-7.jpg?fit=5472%2C3648&ssl=1","keywords":["Conmebol","Corinthians","Flamengo","futebol","Libertadores","santos"],"articleSection":["futebol","Libertadores 2018"],"inLanguage":"pt-BR","potentialAction":[{"@type":"CommentAction","name":"Comment","target":["https:\/\/blogdoprosperi.com\/?p=37529#respond"]}]},{"@type":"WebPage","@id":"https:\/\/blogdoprosperi.com\/?p=37529","url":"https:\/\/blogdoprosperi.com\/?p=37529","name":"Corinthians, Flamengo e Santos erram sem saber como se escreve a hist\u00f3ria na Libertadores da Conmebol - PR\u00d3SPERI NEWS","isPartOf":{"@id":"https:\/\/blogdoprosperi.com\/#website"},"primaryImageOfPage":{"@id":"https:\/\/blogdoprosperi.com\/?p=37529#primaryimage"},"image":{"@id":"https:\/\/blogdoprosperi.com\/?p=37529#primaryimage"},"thumbnailUrl":"https:\/\/i0.wp.com\/blogdoprosperi.com\/wp-content\/uploads\/2018\/08\/pro6-7.jpg?fit=5472%2C3648&ssl=1","datePublished":"2018-08-30T03:49:32+00:00","breadcrumb":{"@id":"https:\/\/blogdoprosperi.com\/?p=37529#breadcrumb"},"inLanguage":"pt-BR","potentialAction":[{"@type":"ReadAction","target":["https:\/\/blogdoprosperi.com\/?p=37529"]}]},{"@type":"ImageObject","inLanguage":"pt-BR","@id":"https:\/\/blogdoprosperi.com\/?p=37529#primaryimage","url":"https:\/\/i0.wp.com\/blogdoprosperi.com\/wp-content\/uploads\/2018\/08\/pro6-7.jpg?fit=5472%2C3648&ssl=1","contentUrl":"https:\/\/i0.wp.com\/blogdoprosperi.com\/wp-content\/uploads\/2018\/08\/pro6-7.jpg?fit=5472%2C3648&ssl=1","width":5472,"height":3648,"caption":"Romero desolado com queda do Corinthians na Libertadores - fotro: Alex Silva"},{"@type":"BreadcrumbList","@id":"https:\/\/blogdoprosperi.com\/?p=37529#breadcrumb","itemListElement":[{"@type":"ListItem","position":1,"name":"In\u00edcio","item":"https:\/\/blogdoprosperi.com\/"},{"@type":"ListItem","position":2,"name":"Corinthians, Flamengo e Santos erram sem saber como se escreve a hist\u00f3ria na Libertadores da Conmebol"}]},{"@type":"WebSite","@id":"https:\/\/blogdoprosperi.com\/#website","url":"https:\/\/blogdoprosperi.com\/","name":"PR\u00d3SPERI NEWS","description":"TUDO \u00c9  FUTEBOL","publisher":{"@id":"https:\/\/blogdoprosperi.com\/#\/schema\/person\/38100755ce3601861ee4fab9b5aa78e9"},"alternateName":"blogdoprosperi.com","potentialAction":[{"@type":"SearchAction","target":{"@type":"EntryPoint","urlTemplate":"https:\/\/blogdoprosperi.com\/?s={search_term_string}"},"query-input":{"@type":"PropertyValueSpecification","valueRequired":true,"valueName":"search_term_string"}}],"inLanguage":"pt-BR"},{"@type":["Person","Organization"],"@id":"https:\/\/blogdoprosperi.com\/#\/schema\/person\/38100755ce3601861ee4fab9b5aa78e9","name":"Luiz Ant\u00f4nio Pr\u00f3speri","pronouns":"ele","image":{"@type":"ImageObject","inLanguage":"pt-BR","@id":"https:\/\/i0.wp.com\/blogdoprosperi.com\/wp-content\/uploads\/2026\/05\/cropped-8059e613-6002-42fa-961e-8e275f575d71-2-5.jpg?fit=1360%2C931&ssl=1","url":"https:\/\/i0.wp.com\/blogdoprosperi.com\/wp-content\/uploads\/2026\/05\/cropped-8059e613-6002-42fa-961e-8e275f575d71-2-5.jpg?fit=1360%2C931&ssl=1","contentUrl":"https:\/\/i0.wp.com\/blogdoprosperi.com\/wp-content\/uploads\/2026\/05\/cropped-8059e613-6002-42fa-961e-8e275f575d71-2-5.jpg?fit=1360%2C931&ssl=1","width":1360,"height":931,"caption":"Luiz Ant\u00f4nio Pr\u00f3speri"},"logo":{"@id":"https:\/\/i0.wp.com\/blogdoprosperi.com\/wp-content\/uploads\/2026\/05\/cropped-8059e613-6002-42fa-961e-8e275f575d71-2-5.jpg?fit=1360%2C931&ssl=1"},"description":"Jornalista com carreira dedicada ao esporte. Cobriu 9 Copas do Mundo in loco, 1990 na It\u00e1lia, 1994 nos EUA, 1998 na Fran\u00e7a, 2002 na Coreia do Sul e Jap\u00e3o, 2006 na Alemanha, 2010 na \u00c1frica do Sul, 2014 no Brasil, 2018 na R\u00fassia e 2022 no Qatar. Eurocopas, 1992 na Su\u00e9cia e 1996 na Inglaterra. Copa das Confedera\u00e7\u00f5es de 2005 na Alemanha e 2009 na \u00c1frica do Sul. Rep\u00f3rter e Editor, trabalhou no Jornal da Tarde e Estad\u00e3o, de 1984 a fevereiro de 2016. Colunista, blogueiro. E comentarista de futebol na R\u00e1dio Estad\u00e3o, de 2013 a fevereiro de 2016. Jornalista respons\u00e1vel do \"Pr\u00f3speri News\" (blogdoprosperi.com).","sameAs":["http:\/\/blogdoprosperi.com","Luiz Pr\u00f3speri","@luiz_prosperi","https:\/\/x.com\/Luizprosperi","@prosperinacopa","luiz.prosperi@icloud.com"],"url":"https:\/\/blogdoprosperi.com\/?author=102107496"}]}},"jetpack_publicize_connections":[],"jetpack_likes_enabled":false,"jetpack_sharing_enabled":true,"jetpack_shortlink":"https:\/\/wp.me\/p7jvdk-9Lj","jetpack-related-posts":[{"id":48779,"url":"https:\/\/blogdoprosperi.com\/?p=48779","url_meta":{"origin":37529,"position":0},"title":"Libertadores e Copa do Brasil | Confira Potes dos Sorteios dos Grupos","author":"Luiz Ant\u00f4nio Pr\u00f3speri","date":"14 de mar\u00e7o de 2025","format":false,"excerpt":"Luiz Ant\u00f4nio Pr\u00f3speri \u2013 14 mar\u00e7o (13h50) \u2013 Conmebol faz sorteio da fase de grupos da Libertadores na segunda-feira (17\/3). Brasil ter\u00e1 sete clubes: Palmeiras, Flamengo, Botafogo, S\u00e3o Paulo, Internacional, Fortaleza e Bahia. Corinthians estaria nos potes, mas caiu eliminado nas seletivas contra o Barcelona do Equador. De acordo com\u2026","rel":"","context":"Em &quot;futebol&quot;","block_context":{"text":"futebol","link":"https:\/\/blogdoprosperi.com\/?cat=53870"},"img":{"alt_text":"Libertadores 2026","src":"https:\/\/i0.wp.com\/blogdoprosperi.com\/wp-content\/uploads\/2023\/03\/fsrk8i2waaabn_f.jpeg?fit=678%2C452&ssl=1&resize=350%2C200","width":350,"height":200,"srcset":"https:\/\/i0.wp.com\/blogdoprosperi.com\/wp-content\/uploads\/2023\/03\/fsrk8i2waaabn_f.jpeg?fit=678%2C452&ssl=1&resize=350%2C200 1x, https:\/\/i0.wp.com\/blogdoprosperi.com\/wp-content\/uploads\/2023\/03\/fsrk8i2waaabn_f.jpeg?fit=678%2C452&ssl=1&resize=525%2C300 1.5x"},"classes":[]},{"id":59008,"url":"https:\/\/blogdoprosperi.com\/?p=59008","url_meta":{"origin":37529,"position":1},"title":"Onde Assistir Ao Vivo sorteio dos confrontos das oitavas de final da Libertadores","author":"Luiz Ant\u00f4nio Pr\u00f3speri","date":"29 de maio de 2026","format":false,"excerpt":"A Copa Libertadores 2026 conhece hoje (29\/5) os confrontos das oitavas de final em sorteio na sede da Confedera\u00e7\u00e3o Sul-Americana de Futebol (Conmebol), em Luque, Paraguai. Flamengo e Corinthians est\u00e3o no Pote 1 por ter melhor campanha na fase de grupos. Palmeiras, Cruzeiro, Fluminense e Mirassol entram no Pote 2\u2026","rel":"","context":"Em &quot;futebol&quot;","block_context":{"text":"futebol","link":"https:\/\/blogdoprosperi.com\/?cat=53870"},"img":{"alt_text":"Libertadores 2026","src":"https:\/\/i0.wp.com\/blogdoprosperi.com\/wp-content\/uploads\/2023\/03\/fsrk8i2waaabn_f.jpeg?fit=678%2C452&ssl=1&resize=350%2C200","width":350,"height":200,"srcset":"https:\/\/i0.wp.com\/blogdoprosperi.com\/wp-content\/uploads\/2023\/03\/fsrk8i2waaabn_f.jpeg?fit=678%2C452&ssl=1&resize=350%2C200 1x, https:\/\/i0.wp.com\/blogdoprosperi.com\/wp-content\/uploads\/2023\/03\/fsrk8i2waaabn_f.jpeg?fit=678%2C452&ssl=1&resize=525%2C300 1.5x"},"classes":[]},{"id":27229,"url":"https:\/\/blogdoprosperi.com\/?p=27229","url_meta":{"origin":37529,"position":2},"title":"Copa Libertadores muda e vira Brasileir\u00e3o do avesso","author":"Luiz Ant\u00f4nio Pr\u00f3speri","date":"3 de outubro de 2016","format":false,"excerpt":"Decis\u00e3o da Confedera\u00e7\u00e3o Sul-Americana de Futebol (Conmebol) de aumentar o n\u00fameros de clubes brasileiros na\u00a0Copa Libertadores de 2017,\u00a0de 5 para 7, interfere diretamente no atual Brasileir\u00e3o. O G-4 passa a ser G-6 e vira do avesso o campeonato nacional. Clubes que lutavam para n\u00e3o cair t\u00eam agora chance de conquistar\u2026","rel":"","context":"Em &quot;Campeonato Brasileiro&quot;","block_context":{"text":"Campeonato Brasileiro","link":"https:\/\/blogdoprosperi.com\/?cat=355071"},"img":{"alt_text":"","src":"https:\/\/i0.wp.com\/blogdoprosperi.com\/wp-content\/uploads\/2016\/10\/medellin1.jpg?resize=350%2C200&ssl=1","width":350,"height":200,"srcset":"https:\/\/i0.wp.com\/blogdoprosperi.com\/wp-content\/uploads\/2016\/10\/medellin1.jpg?resize=350%2C200&ssl=1 1x, https:\/\/i0.wp.com\/blogdoprosperi.com\/wp-content\/uploads\/2016\/10\/medellin1.jpg?resize=525%2C300&ssl=1 1.5x, https:\/\/i0.wp.com\/blogdoprosperi.com\/wp-content\/uploads\/2016\/10\/medellin1.jpg?resize=700%2C400&ssl=1 2x"},"classes":[]},{"id":44770,"url":"https:\/\/blogdoprosperi.com\/?p=44770","url_meta":{"origin":37529,"position":3},"title":"Libertadores 2024: Futebol Carioca Mostra For\u00e7a com Flamengo, Botafogo e Fluminense Classificados","author":"Luiz Ant\u00f4nio Pr\u00f3speri","date":"23 de agosto de 2024","format":false,"excerpt":"Luiz Ant\u00f4nio Pr\u00f3speri \u2013 23 agosto (00h42) Libertadores 2024 conhece os oito classificados \u00e0s quartas de final. Dos cinco brasileiros que avan\u00e7am, futebol carioca ter\u00e1 tr\u00eas representantes (Flamengo, Botafogo e Fluminense). Primeira vez na hist\u00f3ria da Libertadores que uma cidade, no caso Rio de Janeiro, tem tr\u00eas clubes na fase\u2026","rel":"","context":"Em &quot;futebol&quot;","block_context":{"text":"futebol","link":"https:\/\/blogdoprosperi.com\/?cat=53870"},"img":{"alt_text":"Botafogo lidera janela de transfer\u00eancia Brasileir\u00e3o","src":"https:\/\/i0.wp.com\/blogdoprosperi.com\/wp-content\/uploads\/2024\/08\/53939474383_d4131fa0d5_k.jpg?fit=1200%2C800&ssl=1&resize=350%2C200","width":350,"height":200,"srcset":"https:\/\/i0.wp.com\/blogdoprosperi.com\/wp-content\/uploads\/2024\/08\/53939474383_d4131fa0d5_k.jpg?fit=1200%2C800&ssl=1&resize=350%2C200 1x, https:\/\/i0.wp.com\/blogdoprosperi.com\/wp-content\/uploads\/2024\/08\/53939474383_d4131fa0d5_k.jpg?fit=1200%2C800&ssl=1&resize=525%2C300 1.5x, https:\/\/i0.wp.com\/blogdoprosperi.com\/wp-content\/uploads\/2024\/08\/53939474383_d4131fa0d5_k.jpg?fit=1200%2C800&ssl=1&resize=700%2C400 2x, https:\/\/i0.wp.com\/blogdoprosperi.com\/wp-content\/uploads\/2024\/08\/53939474383_d4131fa0d5_k.jpg?fit=1200%2C800&ssl=1&resize=1050%2C600 3x"},"classes":[]},{"id":55774,"url":"https:\/\/blogdoprosperi.com\/?p=55774","url_meta":{"origin":37529,"position":4},"title":"Flamengo Tetra, Palmeiras vice | Pr\u00f3ximo Epis\u00f3dio: O Imp\u00e9rio Contra-Ataca","author":"Luiz Ant\u00f4nio Pr\u00f3speri","date":"30 de novembro de 2025","format":false,"excerpt":"Luiz Ant\u00f4nio Pr\u00f3speri \u2013 30 novembro 2025 (14h09) \u2013 Flamengo \u00e9 tetra da Libertadores. Palmeiras vice. Se a ordem fosse invertida, Palmeiras campe\u00e3o e Flamengo vice, em nada mudaria a proje\u00e7\u00e3o do futebol brasileiro pelo menos para os pr\u00f3ximos cinco anos. Os dois clubes t\u00eam tudo a continuar e at\u00e9\u2026","rel":"","context":"Em &quot;futebol&quot;","block_context":{"text":"futebol","link":"https:\/\/blogdoprosperi.com\/?cat=53870"},"img":{"alt_text":"Flamengo tetra da Libertadores, Palmeiras vice","src":"https:\/\/i0.wp.com\/blogdoprosperi.com\/wp-content\/uploads\/2025\/11\/captura-de-tela-2025-11-30-as-14.15.24.png?fit=1200%2C836&ssl=1&resize=350%2C200","width":350,"height":200,"srcset":"https:\/\/i0.wp.com\/blogdoprosperi.com\/wp-content\/uploads\/2025\/11\/captura-de-tela-2025-11-30-as-14.15.24.png?fit=1200%2C836&ssl=1&resize=350%2C200 1x, https:\/\/i0.wp.com\/blogdoprosperi.com\/wp-content\/uploads\/2025\/11\/captura-de-tela-2025-11-30-as-14.15.24.png?fit=1200%2C836&ssl=1&resize=525%2C300 1.5x, https:\/\/i0.wp.com\/blogdoprosperi.com\/wp-content\/uploads\/2025\/11\/captura-de-tela-2025-11-30-as-14.15.24.png?fit=1200%2C836&ssl=1&resize=700%2C400 2x, https:\/\/i0.wp.com\/blogdoprosperi.com\/wp-content\/uploads\/2025\/11\/captura-de-tela-2025-11-30-as-14.15.24.png?fit=1200%2C836&ssl=1&resize=1050%2C600 3x"},"classes":[]},{"id":2450,"url":"https:\/\/blogdoprosperi.com\/?p=2450","url_meta":{"origin":37529,"position":5},"title":"Estaduais mais atrapalham do que ajudam o futebol","author":"Luiz Ant\u00f4nio Pr\u00f3speri","date":"26 de abril de 2016","format":false,"excerpt":"Clubes brasileiros se matam nos campeonatos regionais em busca da grana da televis\u00e3o Marca registrada do futebol brasileiro, os Estaduais ocupam pelo menos tr\u00eas meses do calend\u00e1rio nacional sem levar a lugar nenhum.Valem mais pelo dinheiro das cotas de transmiss\u00e3o dos jogos do que o aspecto t\u00e9cnico na forma\u00e7\u00e3o dos\u2026","rel":"","context":"Em &quot;futebol&quot;","block_context":{"text":"futebol","link":"https:\/\/blogdoprosperi.com\/?cat=53870"},"img":{"alt_text":"","src":"https:\/\/i0.wp.com\/blogdoprosperi.com\/wp-content\/uploads\/2016\/04\/19182044-1.jpg?resize=350%2C200&ssl=1","width":350,"height":200,"srcset":"https:\/\/i0.wp.com\/blogdoprosperi.com\/wp-content\/uploads\/2016\/04\/19182044-1.jpg?resize=350%2C200&ssl=1 1x, https:\/\/i0.wp.com\/blogdoprosperi.com\/wp-content\/uploads\/2016\/04\/19182044-1.jpg?resize=525%2C300&ssl=1 1.5x"},"classes":[]}],"jetpack_featured_media_url":"https:\/\/i0.wp.com\/blogdoprosperi.com\/wp-content\/uploads\/2018\/08\/pro6-7.jpg?fit=5472%2C3648&ssl=1","_links":{"self":[{"href":"https:\/\/blogdoprosperi.com\/index.php?rest_route=\/wp\/v2\/posts\/37529","targetHints":{"allow":["GET"]}}],"collection":[{"href":"https:\/\/blogdoprosperi.com\/index.php?rest_route=\/wp\/v2\/posts"}],"about":[{"href":"https:\/\/blogdoprosperi.com\/index.php?rest_route=\/wp\/v2\/types\/post"}],"author":[{"embeddable":true,"href":"https:\/\/blogdoprosperi.com\/index.php?rest_route=\/wp\/v2\/users\/102107496"}],"replies":[{"embeddable":true,"href":"https:\/\/blogdoprosperi.com\/index.php?rest_route=%2Fwp%2Fv2%2Fcomments&post=37529"}],"version-history":[{"count":3,"href":"https:\/\/blogdoprosperi.com\/index.php?rest_route=\/wp\/v2\/posts\/37529\/revisions"}],"predecessor-version":[{"id":37536,"href":"https:\/\/blogdoprosperi.com\/index.php?rest_route=\/wp\/v2\/posts\/37529\/revisions\/37536"}],"wp:featuredmedia":[{"embeddable":true,"href":"https:\/\/blogdoprosperi.com\/index.php?rest_route=\/wp\/v2\/media\/37533"}],"wp:attachment":[{"href":"https:\/\/blogdoprosperi.com\/index.php?rest_route=%2Fwp%2Fv2%2Fmedia&parent=37529"}],"wp:term":[{"taxonomy":"category","embeddable":true,"href":"https:\/\/blogdoprosperi.com\/index.php?rest_route=%2Fwp%2Fv2%2Fcategories&post=37529"},{"taxonomy":"post_tag","embeddable":true,"href":"https:\/\/blogdoprosperi.com\/index.php?rest_route=%2Fwp%2Fv2%2Ftags&post=37529"}],"curies":[{"name":"wp","href":"https:\/\/api.w.org\/{rel}","templated":true}]}}