{"id":37553,"date":"2018-10-27T01:06:56","date_gmt":"2018-10-27T04:06:56","guid":{"rendered":"http:\/\/blogdoprosperi.com\/?p=37553"},"modified":"2018-10-27T07:11:27","modified_gmt":"2018-10-27T10:11:27","slug":"nada-sera-como-antes-amanha","status":"publish","type":"post","link":"https:\/\/blogdoprosperi.com\/?p=37553","title":{"rendered":"Nada ser\u00e1 como antes, amanh\u00e3"},"content":{"rendered":"<p>Meu filho est\u00e1 numa grande universidade do Brasil neste 2018. Tem 18 anos. Quando eu tinha a idade dele, tamb\u00e9m estava em uma universidade. Tinha sonhos a cumprir e lutas a resolver.<\/p>\n<p>Era um inconformado com os rumos do pa\u00eds. N\u00e3o queria viver amarrado. Brigava por liberdades, o ir e vir. Contra as desigualdades, entre abastados e desvalidos. N\u00e3o me conformava com a ditadura. Est\u00e1vamos em 1975, 11 anos sob regime militar opressor.<\/p>\n<p>Lembro que na morte de Vladimir Herzog, assassinado no DOI-CODI em outubro daquele ano de 1975, escrevi um artigo condenando o ato e afixei com alfinete no jornal mural da PUC-Campinas, onde cursava primeiro ano de jornalismo, na parede de entrada de nossa sala de aula.<\/p>\n<p>Meus colegas de classe, morrendo de medo, retiraram o artigo do mural. Voc\u00ea est\u00e1 louco, disseram. O artigo vinha acompanhado da primeira p\u00e1gina do jornal alternativo <em>EX<\/em>, com Herzog pendurado num fiapo de corda em montagem dos militares e seus bajuladores, em um por\u00e3o do DOI-CODI na rua Tut\u00f3ia em S\u00e3o Paulo.<\/p>\n<p>Aquela censura ao meu artigo me levou a sair de Campinas deixando para tr\u00e1s um est\u00e1gio no <em>Di\u00e1rio do Povo<\/em>, ent\u00e3o um dos grandes jornais de cidade, e a partir rumo ao Rio de Janeiro.<\/p>\n<p>Pedi transfer\u00eancia para PUC-Rio. Consegui a transfer\u00eancia. E passei a viver um dos grandes momentos de minha vida. Ali, entre os pilotis da PUC na G\u00e1vea, eu n\u00e3o era censurado, nem tinha medos. Engajei no movimento estudantil, participei de passeatas, assembleias, atos de resist\u00eancia, e vi de perto que resistir era preciso.<\/p>\n<p>O Rio me dava asas em um momento f\u00e9rtil de ideias. Artistas maravilhosos no auge de sua criatividade, como Caetano, Milton, Chico, Gil, Gismonti, Jobim, Jo\u00e3o Gilberto e outros tantos da constela\u00e7\u00e3o infinita. Sem falar de jornalistas imortais e escritores al\u00e9m do meu pequeno horizonte e ativistas nos cant\u00f5es e favelas.<\/p>\n<p>Aprendizado de luta e de ideias levei tudo aquilo para minha aldeia, no Sul de Minas, sempre escorado com amigos fraternos e \u00edntimos do meu cora\u00e7\u00e3o pequeno. Queria atuar mais perto dos esquecidos de Minas. Nunca me conformei com desigualdades.<\/p>\n<p>Ao lado de um padre, um mission\u00e1rio das Comunidades Eclesiais de Base da Igreja Cat\u00f3lica a revolver o ch\u00e3o na prov\u00edncia, companheiros de luta de Belo Horizonte e da terrinha, fundamos um partido na terrinha no in\u00edcio dos anos de 1980.<\/p>\n<p>Era um jeito de lutar contra ditadura e a oligarquia rural dominante na pequena e buc\u00f3lica cidade mineira. Passei por muitos aborrecimentos, sofrimentos e ang\u00fastias at\u00e9 mesmo dentro da fam\u00edlia, por causa da fraterna amizade com filhos dos oligarcas e paix\u00f5es com filha do senhorio. Segui em frente.<\/p>\n<p>Em outubro de 1984, jornalista formado, entrei no<em> Estad\u00e3o<\/em> para trabalhar na reda\u00e7\u00e3o do <em>Jornal da Tarde<\/em>, um libelo da liberdade e do jornalismo moderno.<\/p>\n<p>No<em> JT<\/em> me formei rep\u00f3rter. Conheci o mundo. Entendi todas as raz\u00f5es de um grande jornal brasileiro ser ref\u00e9m da elite dominante. Como se derruba uma p\u00e1gina impressa na gr\u00e1fica que contrariava interesses mais altos e n\u00e3o poderia estar no corpo do jornal no dia seguinte. Como se trata a cabe\u00e7a dos pensantes e dos ignorantes.<\/p>\n<p>Passei 31 anos l\u00e1 dentro do <em>JT<\/em> e <em>Estad\u00e3o<\/em>. Vi tudo de muito perto. Conheci gente maravilhosa, digna, e alguns poucos pulhas. Aprendi com todos eles. Nunca entendi que um grande jornal n\u00e3o fosse defensor das liberdades democr\u00e1ticas.<\/p>\n<p>Estamos em 2018. Volto ao in\u00edcio da nossa conversa. N\u00e3o quero falar de futebol neste 27 de outubro. Quero apenas expor meu sentimento como cidad\u00e3o comum.<\/p>\n<p>N\u00e3o queria ver meu filho, 40 anos depois do que eu passei, lutando contra as mesmas ang\u00fastias e retrocessos de minhas lutas. Queria que ele estivesse em outra trincheira, de novas ideias e luminosidade. Que o obscuro n\u00e3o existisse.<\/p>\n<p>Tenho esperan\u00e7a, mangas arrega\u00e7adas e punhos erguidos de que tudo isso vai ser derrotado. Meu universo n\u00e3o \u00e9 maior que o dele. E o dele \u00e9 igual ao de todos. Pense nisso tudo. Depois a gente conversa. Nada ser\u00e1 como antes. Amanh\u00e3.<\/p>\n<p>&nbsp;<\/p>\n","protected":false},"excerpt":{"rendered":"<p>Meu filho est\u00e1 numa grande universidade do Brasil neste 2018. Tem 18 anos. Quando eu tinha a idade [&hellip;]<\/p>\n","protected":false},"author":102107496,"featured_media":37554,"comment_status":"open","ping_status":"open","sticky":false,"template":"","format":"standard","meta":{"_coblocks_attr":"","_coblocks_dimensions":"","_coblocks_responsive_height":"","_coblocks_accordion_ie_support":"","_jetpack_newsletter_access":"","_jetpack_dont_email_post_to_subs":false,"_jetpack_newsletter_tier_id":0,"_jetpack_memberships_contains_paywalled_content":false,"_wpcom_ai_launchpad_first_post":false,"_jetpack_feature_clip_id":0,"_jetpack_memberships_contains_paid_content":false,"footnotes":"","jetpack_publicize_message":"","jetpack_publicize_feature_enabled":true,"jetpack_social_post_already_shared":false,"jetpack_social_options":{"image_generator_settings":{"template":"highway","default_image_id":0,"font":"","enabled":false},"version":2},"jetpack_post_was_ever_published":false},"categories":[53870],"tags":[789560560],"class_list":["post-37553","post","type-post","status-publish","format-standard","has-post-thumbnail","hentry","category-futebol","tag-futebol"],"yoast_head":"<!-- This site is optimized with the Yoast SEO plugin v28.3 - https:\/\/yoast.com\/product\/yoast-seo-wordpress\/ -->\n<title>Nada ser\u00e1 como antes, amanh\u00e3 - PR\u00d3SPERI NEWS<\/title>\n<meta name=\"robots\" content=\"index, follow, max-snippet:-1, max-image-preview:large, max-video-preview:-1\" \/>\n<link rel=\"canonical\" href=\"https:\/\/blogdoprosperi.com\/?p=37553\" \/>\n<meta property=\"og:locale\" content=\"pt_BR\" \/>\n<meta property=\"og:type\" content=\"article\" \/>\n<meta property=\"og:title\" content=\"Nada ser\u00e1 como antes, amanh\u00e3 - PR\u00d3SPERI NEWS\" \/>\n<meta property=\"og:description\" content=\"Meu filho est\u00e1 numa grande universidade do Brasil neste 2018. Tem 18 anos. Quando eu tinha a idade [&hellip;]\" \/>\n<meta property=\"og:url\" content=\"https:\/\/blogdoprosperi.com\/?p=37553\" \/>\n<meta property=\"og:site_name\" content=\"PR\u00d3SPERI NEWS\" \/>\n<meta property=\"article:publisher\" content=\"Luiz Pr\u00f3speri\" \/>\n<meta property=\"article:author\" content=\"Luiz Pr\u00f3speri\" \/>\n<meta property=\"article:published_time\" content=\"2018-10-27T04:06:56+00:00\" \/>\n<meta property=\"article:modified_time\" content=\"2018-10-27T10:11:27+00:00\" \/>\n<meta property=\"og:image\" content=\"https:\/\/i0.wp.com\/blogdoprosperi.com\/wp-content\/uploads\/2018\/10\/images.jpeg?fit=273%2C185&ssl=1\" \/>\n\t<meta property=\"og:image:width\" content=\"273\" \/>\n\t<meta property=\"og:image:height\" content=\"185\" \/>\n\t<meta property=\"og:image:type\" content=\"image\/jpeg\" \/>\n<meta name=\"author\" content=\"Luiz Ant\u00f4nio Pr\u00f3speri\" \/>\n<meta name=\"twitter:card\" content=\"summary_large_image\" \/>\n<meta name=\"twitter:creator\" content=\"@Luizprosperi\" \/>\n<meta name=\"twitter:site\" content=\"@Luizprosperi\" \/>\n<meta name=\"twitter:label1\" content=\"Escrito por\" \/>\n\t<meta name=\"twitter:data1\" content=\"Luiz Ant\u00f4nio Pr\u00f3speri\" \/>\n\t<meta name=\"twitter:label2\" content=\"Est. tempo de leitura\" \/>\n\t<meta name=\"twitter:data2\" content=\"4 minutos\" \/>\n<script type=\"application\/ld+json\" class=\"yoast-schema-graph\">{\"@context\":\"https:\\\/\\\/schema.org\",\"@graph\":[{\"@type\":\"Article\",\"@id\":\"https:\\\/\\\/blogdoprosperi.com\\\/?p=37553#article\",\"isPartOf\":{\"@id\":\"https:\\\/\\\/blogdoprosperi.com\\\/?p=37553\"},\"author\":{\"name\":\"Luiz Ant\u00f4nio Pr\u00f3speri\",\"@id\":\"https:\\\/\\\/blogdoprosperi.com\\\/#\\\/schema\\\/person\\\/38100755ce3601861ee4fab9b5aa78e9\"},\"headline\":\"Nada ser\u00e1 como antes, amanh\u00e3\",\"datePublished\":\"2018-10-27T04:06:56+00:00\",\"dateModified\":\"2018-10-27T10:11:27+00:00\",\"mainEntityOfPage\":{\"@id\":\"https:\\\/\\\/blogdoprosperi.com\\\/?p=37553\"},\"wordCount\":711,\"commentCount\":3,\"publisher\":{\"@id\":\"https:\\\/\\\/blogdoprosperi.com\\\/#\\\/schema\\\/person\\\/38100755ce3601861ee4fab9b5aa78e9\"},\"image\":{\"@id\":\"https:\\\/\\\/blogdoprosperi.com\\\/?p=37553#primaryimage\"},\"thumbnailUrl\":\"https:\\\/\\\/i0.wp.com\\\/blogdoprosperi.com\\\/wp-content\\\/uploads\\\/2018\\\/10\\\/images.jpeg?fit=273%2C185&ssl=1\",\"keywords\":[\"futebol\"],\"articleSection\":[\"futebol\"],\"inLanguage\":\"pt-BR\",\"potentialAction\":[{\"@type\":\"CommentAction\",\"name\":\"Comment\",\"target\":[\"https:\\\/\\\/blogdoprosperi.com\\\/?p=37553#respond\"]}]},{\"@type\":\"WebPage\",\"@id\":\"https:\\\/\\\/blogdoprosperi.com\\\/?p=37553\",\"url\":\"https:\\\/\\\/blogdoprosperi.com\\\/?p=37553\",\"name\":\"Nada ser\u00e1 como antes, amanh\u00e3 - PR\u00d3SPERI NEWS\",\"isPartOf\":{\"@id\":\"https:\\\/\\\/blogdoprosperi.com\\\/#website\"},\"primaryImageOfPage\":{\"@id\":\"https:\\\/\\\/blogdoprosperi.com\\\/?p=37553#primaryimage\"},\"image\":{\"@id\":\"https:\\\/\\\/blogdoprosperi.com\\\/?p=37553#primaryimage\"},\"thumbnailUrl\":\"https:\\\/\\\/i0.wp.com\\\/blogdoprosperi.com\\\/wp-content\\\/uploads\\\/2018\\\/10\\\/images.jpeg?fit=273%2C185&ssl=1\",\"datePublished\":\"2018-10-27T04:06:56+00:00\",\"dateModified\":\"2018-10-27T10:11:27+00:00\",\"breadcrumb\":{\"@id\":\"https:\\\/\\\/blogdoprosperi.com\\\/?p=37553#breadcrumb\"},\"inLanguage\":\"pt-BR\",\"potentialAction\":[{\"@type\":\"ReadAction\",\"target\":[\"https:\\\/\\\/blogdoprosperi.com\\\/?p=37553\"]}]},{\"@type\":\"ImageObject\",\"inLanguage\":\"pt-BR\",\"@id\":\"https:\\\/\\\/blogdoprosperi.com\\\/?p=37553#primaryimage\",\"url\":\"https:\\\/\\\/i0.wp.com\\\/blogdoprosperi.com\\\/wp-content\\\/uploads\\\/2018\\\/10\\\/images.jpeg?fit=273%2C185&ssl=1\",\"contentUrl\":\"https:\\\/\\\/i0.wp.com\\\/blogdoprosperi.com\\\/wp-content\\\/uploads\\\/2018\\\/10\\\/images.jpeg?fit=273%2C185&ssl=1\",\"width\":273,\"height\":185},{\"@type\":\"BreadcrumbList\",\"@id\":\"https:\\\/\\\/blogdoprosperi.com\\\/?p=37553#breadcrumb\",\"itemListElement\":[{\"@type\":\"ListItem\",\"position\":1,\"name\":\"In\u00edcio\",\"item\":\"https:\\\/\\\/blogdoprosperi.com\\\/\"},{\"@type\":\"ListItem\",\"position\":2,\"name\":\"Nada ser\u00e1 como antes, amanh\u00e3\"}]},{\"@type\":\"WebSite\",\"@id\":\"https:\\\/\\\/blogdoprosperi.com\\\/#website\",\"url\":\"https:\\\/\\\/blogdoprosperi.com\\\/\",\"name\":\"PR\u00d3SPERI NEWS\",\"description\":\"TUDO \u00c9  FUTEBOL\",\"publisher\":{\"@id\":\"https:\\\/\\\/blogdoprosperi.com\\\/#\\\/schema\\\/person\\\/38100755ce3601861ee4fab9b5aa78e9\"},\"alternateName\":\"blogdoprosperi.com\",\"potentialAction\":[{\"@type\":\"SearchAction\",\"target\":{\"@type\":\"EntryPoint\",\"urlTemplate\":\"https:\\\/\\\/blogdoprosperi.com\\\/?s={search_term_string}\"},\"query-input\":{\"@type\":\"PropertyValueSpecification\",\"valueRequired\":true,\"valueName\":\"search_term_string\"}}],\"inLanguage\":\"pt-BR\"},{\"@type\":[\"Person\",\"Organization\"],\"@id\":\"https:\\\/\\\/blogdoprosperi.com\\\/#\\\/schema\\\/person\\\/38100755ce3601861ee4fab9b5aa78e9\",\"name\":\"Luiz Ant\u00f4nio Pr\u00f3speri\",\"pronouns\":\"ele\",\"image\":{\"@type\":\"ImageObject\",\"inLanguage\":\"pt-BR\",\"@id\":\"https:\\\/\\\/i0.wp.com\\\/blogdoprosperi.com\\\/wp-content\\\/uploads\\\/2026\\\/05\\\/cropped-8059e613-6002-42fa-961e-8e275f575d71-2-5.jpg?fit=1360%2C931&ssl=1\",\"url\":\"https:\\\/\\\/i0.wp.com\\\/blogdoprosperi.com\\\/wp-content\\\/uploads\\\/2026\\\/05\\\/cropped-8059e613-6002-42fa-961e-8e275f575d71-2-5.jpg?fit=1360%2C931&ssl=1\",\"contentUrl\":\"https:\\\/\\\/i0.wp.com\\\/blogdoprosperi.com\\\/wp-content\\\/uploads\\\/2026\\\/05\\\/cropped-8059e613-6002-42fa-961e-8e275f575d71-2-5.jpg?fit=1360%2C931&ssl=1\",\"width\":1360,\"height\":931,\"caption\":\"Luiz Ant\u00f4nio Pr\u00f3speri\"},\"logo\":{\"@id\":\"https:\\\/\\\/i0.wp.com\\\/blogdoprosperi.com\\\/wp-content\\\/uploads\\\/2026\\\/05\\\/cropped-8059e613-6002-42fa-961e-8e275f575d71-2-5.jpg?fit=1360%2C931&ssl=1\"},\"description\":\"Jornalista com carreira dedicada ao esporte. Cobriu 9 Copas do Mundo in loco, 1990 na It\u00e1lia, 1994 nos EUA, 1998 na Fran\u00e7a, 2002 na Coreia do Sul e Jap\u00e3o, 2006 na Alemanha, 2010 na \u00c1frica do Sul, 2014 no Brasil, 2018 na R\u00fassia e 2022 no Qatar. Eurocopas, 1992 na Su\u00e9cia e 1996 na Inglaterra. Copa das Confedera\u00e7\u00f5es de 2005 na Alemanha e 2009 na \u00c1frica do Sul. Rep\u00f3rter e Editor, trabalhou no Jornal da Tarde e Estad\u00e3o, de 1984 a fevereiro de 2016. Colunista, blogueiro. E comentarista de futebol na R\u00e1dio Estad\u00e3o, de 2013 a fevereiro de 2016. Jornalista respons\u00e1vel do \\\"Pr\u00f3speri News\\\" (blogdoprosperi.com).\",\"sameAs\":[\"http:\\\/\\\/blogdoprosperi.com\",\"Luiz Pr\u00f3speri\",\"@luiz_prosperi\",\"https:\\\/\\\/x.com\\\/Luizprosperi\",\"@prosperinacopa\",\"luiz.prosperi@icloud.com\"],\"url\":\"https:\\\/\\\/blogdoprosperi.com\\\/?author=102107496\"}]}<\/script>\n<!-- \/ Yoast SEO plugin. -->","yoast_head_json":{"title":"Nada ser\u00e1 como antes, amanh\u00e3 - PR\u00d3SPERI NEWS","robots":{"index":"index","follow":"follow","max-snippet":"max-snippet:-1","max-image-preview":"max-image-preview:large","max-video-preview":"max-video-preview:-1"},"canonical":"https:\/\/blogdoprosperi.com\/?p=37553","og_locale":"pt_BR","og_type":"article","og_title":"Nada ser\u00e1 como antes, amanh\u00e3 - PR\u00d3SPERI NEWS","og_description":"Meu filho est\u00e1 numa grande universidade do Brasil neste 2018. Tem 18 anos. Quando eu tinha a idade [&hellip;]","og_url":"https:\/\/blogdoprosperi.com\/?p=37553","og_site_name":"PR\u00d3SPERI NEWS","article_publisher":"Luiz Pr\u00f3speri","article_author":"Luiz Pr\u00f3speri","article_published_time":"2018-10-27T04:06:56+00:00","article_modified_time":"2018-10-27T10:11:27+00:00","og_image":[{"width":273,"height":185,"url":"https:\/\/i0.wp.com\/blogdoprosperi.com\/wp-content\/uploads\/2018\/10\/images.jpeg?fit=273%2C185&ssl=1","type":"image\/jpeg"}],"author":"Luiz Ant\u00f4nio Pr\u00f3speri","twitter_card":"summary_large_image","twitter_creator":"@Luizprosperi","twitter_site":"@Luizprosperi","twitter_misc":{"Escrito por":"Luiz Ant\u00f4nio Pr\u00f3speri","Est. tempo de leitura":"4 minutos"},"schema":{"@context":"https:\/\/schema.org","@graph":[{"@type":"Article","@id":"https:\/\/blogdoprosperi.com\/?p=37553#article","isPartOf":{"@id":"https:\/\/blogdoprosperi.com\/?p=37553"},"author":{"name":"Luiz Ant\u00f4nio Pr\u00f3speri","@id":"https:\/\/blogdoprosperi.com\/#\/schema\/person\/38100755ce3601861ee4fab9b5aa78e9"},"headline":"Nada ser\u00e1 como antes, amanh\u00e3","datePublished":"2018-10-27T04:06:56+00:00","dateModified":"2018-10-27T10:11:27+00:00","mainEntityOfPage":{"@id":"https:\/\/blogdoprosperi.com\/?p=37553"},"wordCount":711,"commentCount":3,"publisher":{"@id":"https:\/\/blogdoprosperi.com\/#\/schema\/person\/38100755ce3601861ee4fab9b5aa78e9"},"image":{"@id":"https:\/\/blogdoprosperi.com\/?p=37553#primaryimage"},"thumbnailUrl":"https:\/\/i0.wp.com\/blogdoprosperi.com\/wp-content\/uploads\/2018\/10\/images.jpeg?fit=273%2C185&ssl=1","keywords":["futebol"],"articleSection":["futebol"],"inLanguage":"pt-BR","potentialAction":[{"@type":"CommentAction","name":"Comment","target":["https:\/\/blogdoprosperi.com\/?p=37553#respond"]}]},{"@type":"WebPage","@id":"https:\/\/blogdoprosperi.com\/?p=37553","url":"https:\/\/blogdoprosperi.com\/?p=37553","name":"Nada ser\u00e1 como antes, amanh\u00e3 - PR\u00d3SPERI NEWS","isPartOf":{"@id":"https:\/\/blogdoprosperi.com\/#website"},"primaryImageOfPage":{"@id":"https:\/\/blogdoprosperi.com\/?p=37553#primaryimage"},"image":{"@id":"https:\/\/blogdoprosperi.com\/?p=37553#primaryimage"},"thumbnailUrl":"https:\/\/i0.wp.com\/blogdoprosperi.com\/wp-content\/uploads\/2018\/10\/images.jpeg?fit=273%2C185&ssl=1","datePublished":"2018-10-27T04:06:56+00:00","dateModified":"2018-10-27T10:11:27+00:00","breadcrumb":{"@id":"https:\/\/blogdoprosperi.com\/?p=37553#breadcrumb"},"inLanguage":"pt-BR","potentialAction":[{"@type":"ReadAction","target":["https:\/\/blogdoprosperi.com\/?p=37553"]}]},{"@type":"ImageObject","inLanguage":"pt-BR","@id":"https:\/\/blogdoprosperi.com\/?p=37553#primaryimage","url":"https:\/\/i0.wp.com\/blogdoprosperi.com\/wp-content\/uploads\/2018\/10\/images.jpeg?fit=273%2C185&ssl=1","contentUrl":"https:\/\/i0.wp.com\/blogdoprosperi.com\/wp-content\/uploads\/2018\/10\/images.jpeg?fit=273%2C185&ssl=1","width":273,"height":185},{"@type":"BreadcrumbList","@id":"https:\/\/blogdoprosperi.com\/?p=37553#breadcrumb","itemListElement":[{"@type":"ListItem","position":1,"name":"In\u00edcio","item":"https:\/\/blogdoprosperi.com\/"},{"@type":"ListItem","position":2,"name":"Nada ser\u00e1 como antes, amanh\u00e3"}]},{"@type":"WebSite","@id":"https:\/\/blogdoprosperi.com\/#website","url":"https:\/\/blogdoprosperi.com\/","name":"PR\u00d3SPERI NEWS","description":"TUDO \u00c9  FUTEBOL","publisher":{"@id":"https:\/\/blogdoprosperi.com\/#\/schema\/person\/38100755ce3601861ee4fab9b5aa78e9"},"alternateName":"blogdoprosperi.com","potentialAction":[{"@type":"SearchAction","target":{"@type":"EntryPoint","urlTemplate":"https:\/\/blogdoprosperi.com\/?s={search_term_string}"},"query-input":{"@type":"PropertyValueSpecification","valueRequired":true,"valueName":"search_term_string"}}],"inLanguage":"pt-BR"},{"@type":["Person","Organization"],"@id":"https:\/\/blogdoprosperi.com\/#\/schema\/person\/38100755ce3601861ee4fab9b5aa78e9","name":"Luiz Ant\u00f4nio Pr\u00f3speri","pronouns":"ele","image":{"@type":"ImageObject","inLanguage":"pt-BR","@id":"https:\/\/i0.wp.com\/blogdoprosperi.com\/wp-content\/uploads\/2026\/05\/cropped-8059e613-6002-42fa-961e-8e275f575d71-2-5.jpg?fit=1360%2C931&ssl=1","url":"https:\/\/i0.wp.com\/blogdoprosperi.com\/wp-content\/uploads\/2026\/05\/cropped-8059e613-6002-42fa-961e-8e275f575d71-2-5.jpg?fit=1360%2C931&ssl=1","contentUrl":"https:\/\/i0.wp.com\/blogdoprosperi.com\/wp-content\/uploads\/2026\/05\/cropped-8059e613-6002-42fa-961e-8e275f575d71-2-5.jpg?fit=1360%2C931&ssl=1","width":1360,"height":931,"caption":"Luiz Ant\u00f4nio Pr\u00f3speri"},"logo":{"@id":"https:\/\/i0.wp.com\/blogdoprosperi.com\/wp-content\/uploads\/2026\/05\/cropped-8059e613-6002-42fa-961e-8e275f575d71-2-5.jpg?fit=1360%2C931&ssl=1"},"description":"Jornalista com carreira dedicada ao esporte. Cobriu 9 Copas do Mundo in loco, 1990 na It\u00e1lia, 1994 nos EUA, 1998 na Fran\u00e7a, 2002 na Coreia do Sul e Jap\u00e3o, 2006 na Alemanha, 2010 na \u00c1frica do Sul, 2014 no Brasil, 2018 na R\u00fassia e 2022 no Qatar. Eurocopas, 1992 na Su\u00e9cia e 1996 na Inglaterra. Copa das Confedera\u00e7\u00f5es de 2005 na Alemanha e 2009 na \u00c1frica do Sul. Rep\u00f3rter e Editor, trabalhou no Jornal da Tarde e Estad\u00e3o, de 1984 a fevereiro de 2016. Colunista, blogueiro. E comentarista de futebol na R\u00e1dio Estad\u00e3o, de 2013 a fevereiro de 2016. Jornalista respons\u00e1vel do \"Pr\u00f3speri News\" (blogdoprosperi.com).","sameAs":["http:\/\/blogdoprosperi.com","Luiz Pr\u00f3speri","@luiz_prosperi","https:\/\/x.com\/Luizprosperi","@prosperinacopa","luiz.prosperi@icloud.com"],"url":"https:\/\/blogdoprosperi.com\/?author=102107496"}]}},"jetpack_publicize_connections":[],"jetpack_likes_enabled":false,"jetpack_sharing_enabled":true,"jetpack_shortlink":"https:\/\/wp.me\/p7jvdk-9LH","jetpack-related-posts":[{"id":40523,"url":"https:\/\/blogdoprosperi.com\/?p=40523","url_meta":{"origin":37553,"position":0},"title":"Argentina \u00e9 branca na Copa do Qatar","author":"Luiz Ant\u00f4nio Pr\u00f3speri","date":"12 de dezembro de 2022","format":false,"excerpt":"Argentina \u00e9 branca na Copa do Mundo Qatar 2022. Sele\u00e7\u00e3o de Lionel Messi n\u00e3o tem nenhum jogador negro sem suas fileiras","rel":"","context":"Em &quot;copa do mundo catar 2022&quot;","block_context":{"text":"copa do mundo catar 2022","link":"https:\/\/blogdoprosperi.com\/?cat=301049609"},"img":{"alt_text":"","src":"https:\/\/i0.wp.com\/blogdoprosperi.com\/wp-content\/uploads\/2022\/12\/fjx6coiwiae9mgq.jpeg?fit=680%2C422&ssl=1&resize=350%2C200","width":350,"height":200,"srcset":"https:\/\/i0.wp.com\/blogdoprosperi.com\/wp-content\/uploads\/2022\/12\/fjx6coiwiae9mgq.jpeg?fit=680%2C422&ssl=1&resize=350%2C200 1x, https:\/\/i0.wp.com\/blogdoprosperi.com\/wp-content\/uploads\/2022\/12\/fjx6coiwiae9mgq.jpeg?fit=680%2C422&ssl=1&resize=525%2C300 1.5x"},"classes":[]},{"id":41469,"url":"https:\/\/blogdoprosperi.com\/?p=41469","url_meta":{"origin":37553,"position":1},"title":"Messi vira a s\u00e9tima maravilha","author":"Luiz Ant\u00f4nio Pr\u00f3speri","date":"27 de fevereiro de 2023","format":false,"excerpt":"Lionel Messi vence Mpabb\u00e9 e Benzema e sai da noite de Paris eleito o melhor jogador do mundo pela s\u00e9tima vez no pr\u00eamio The Best Fifa. Nenhum craque tem essa honraria. Dom\u00ednio absoluto com os trof\u00e9us conquistados em 2009, 2010, 2011, 2012, 2015, 2019 e 2022. Quem \u00e9 Lionel Messi?\u2026","rel":"","context":"Em &quot;catar 2022&quot;","block_context":{"text":"catar 2022","link":"https:\/\/blogdoprosperi.com\/?cat=47094043"},"img":{"alt_text":"","src":"https:\/\/i0.wp.com\/blogdoprosperi.com\/wp-content\/uploads\/2023\/02\/fqauw8qxwaaomvo.jpeg?fit=800%2C800&ssl=1&resize=350%2C200","width":350,"height":200,"srcset":"https:\/\/i0.wp.com\/blogdoprosperi.com\/wp-content\/uploads\/2023\/02\/fqauw8qxwaaomvo.jpeg?fit=800%2C800&ssl=1&resize=350%2C200 1x, https:\/\/i0.wp.com\/blogdoprosperi.com\/wp-content\/uploads\/2023\/02\/fqauw8qxwaaomvo.jpeg?fit=800%2C800&ssl=1&resize=525%2C300 1.5x, https:\/\/i0.wp.com\/blogdoprosperi.com\/wp-content\/uploads\/2023\/02\/fqauw8qxwaaomvo.jpeg?fit=800%2C800&ssl=1&resize=700%2C400 2x"},"classes":[]},{"id":60151,"url":"https:\/\/blogdoprosperi.com\/?p=60151","url_meta":{"origin":37553,"position":2},"title":"Estados Unidos revertem expuls\u00e3o de jogador e abre precedente na Copa da exce\u00e7\u00e3o","author":"Luiz Ant\u00f4nio Pr\u00f3speri","date":"5 de julho de 2026","format":false,"excerpt":"Luiz Ant\u00f4nio Pr\u00f3speri, de New Jersey, 5 julho 2026 (15h28) Fifa reverte expuls\u00e3o de Folarin Balogun, atacante da Sele\u00e7\u00e3o dos Estados Unidos. De imediato, Donald Trump agradece. O atacante est\u00e1 liberado para enfrentar a B\u00e9lgica valendo vaga \u00e0s quartas de final. A not\u00edcia foi dada com exclusividade pelo jornal New\u2026","rel":"","context":"Em &quot;copa 2026&quot;","block_context":{"text":"copa 2026","link":"https:\/\/blogdoprosperi.com\/?cat=36820279"},"img":{"alt_text":"","src":"https:\/\/i0.wp.com\/blogdoprosperi.com\/wp-content\/uploads\/2026\/07\/images.jpg?fit=657%2C467&ssl=1&resize=350%2C200","width":350,"height":200,"srcset":"https:\/\/i0.wp.com\/blogdoprosperi.com\/wp-content\/uploads\/2026\/07\/images.jpg?fit=657%2C467&ssl=1&resize=350%2C200 1x, https:\/\/i0.wp.com\/blogdoprosperi.com\/wp-content\/uploads\/2026\/07\/images.jpg?fit=657%2C467&ssl=1&resize=525%2C300 1.5x"},"classes":[]},{"id":61895,"url":"https:\/\/blogdoprosperi.com\/?p=61895","url_meta":{"origin":37553,"position":3},"title":"Incurs\u00e3o do Super Furry Animals no futebol n\u00e3o faz parte da estrat\u00e9gia da Big Music para ganhar dinheiro f\u00e1cil","author":"Luiz Ant\u00f4nio Pr\u00f3speri","date":"10 de agosto de 2026","format":false,"excerpt":"O acordo de patroc\u00ednio entre o Cwmbran Celtic e a banda indie galesa \u00e9 uma viagem nost\u00e1lgica, e n\u00e3o uma tentativa c\u00ednica de monetizar \"p\u00fablicos adjacentes\". Entenda um pouco mais da parceria m\u00fasica e futebol.","rel":"","context":"Em &quot;futebol&quot;","block_context":{"text":"futebol","link":"https:\/\/blogdoprosperi.com\/?cat=53870"},"img":{"alt_text":"","src":"https:\/\/i0.wp.com\/blogdoprosperi.com\/wp-content\/uploads\/2026\/08\/Captura-de-Tela-2026-08-10-as-09.18.28.png?fit=1200%2C1051&ssl=1&resize=350%2C200","width":350,"height":200,"srcset":"https:\/\/i0.wp.com\/blogdoprosperi.com\/wp-content\/uploads\/2026\/08\/Captura-de-Tela-2026-08-10-as-09.18.28.png?fit=1200%2C1051&ssl=1&resize=350%2C200 1x, https:\/\/i0.wp.com\/blogdoprosperi.com\/wp-content\/uploads\/2026\/08\/Captura-de-Tela-2026-08-10-as-09.18.28.png?fit=1200%2C1051&ssl=1&resize=525%2C300 1.5x, https:\/\/i0.wp.com\/blogdoprosperi.com\/wp-content\/uploads\/2026\/08\/Captura-de-Tela-2026-08-10-as-09.18.28.png?fit=1200%2C1051&ssl=1&resize=700%2C400 2x, https:\/\/i0.wp.com\/blogdoprosperi.com\/wp-content\/uploads\/2026\/08\/Captura-de-Tela-2026-08-10-as-09.18.28.png?fit=1200%2C1051&ssl=1&resize=1050%2C600 3x"},"classes":[]},{"id":38332,"url":"https:\/\/blogdoprosperi.com\/?p=38332","url_meta":{"origin":37553,"position":4},"title":"Maracan\u00e3 tem nome e sobrenome","author":"Luiz Ant\u00f4nio Pr\u00f3speri","date":"12 de mar\u00e7o de 2021","format":false,"excerpt":"Maracan\u00e3 n\u00e3o pode nem deve mudar de nome. Leiam artigo do historiador Luiz Antonio Simas publicado na Folha de S\u00e3o Paulo quinta-feira (11\/3): Em 1931, o jornalista M\u00e1rio Filho, jovem de 22 anos, criou o Mundo Sportivo, um jornal dedicado de cabo a rabo ao esporte. De curta dura\u00e7\u00e3o, o\u2026","rel":"","context":"Em &quot;futebol&quot;","block_context":{"text":"futebol","link":"https:\/\/blogdoprosperi.com\/?cat=53870"},"img":{"alt_text":"Geral do Maracan\u00e3 nos anos 60 e 70","src":"https:\/\/i0.wp.com\/blogdoprosperi.com\/wp-content\/uploads\/2021\/03\/image_processing20200201-29235-1i8mjrp.jpg?fit=600%2C404&ssl=1&resize=350%2C200","width":350,"height":200,"srcset":"https:\/\/i0.wp.com\/blogdoprosperi.com\/wp-content\/uploads\/2021\/03\/image_processing20200201-29235-1i8mjrp.jpg?fit=600%2C404&ssl=1&resize=350%2C200 1x, https:\/\/i0.wp.com\/blogdoprosperi.com\/wp-content\/uploads\/2021\/03\/image_processing20200201-29235-1i8mjrp.jpg?fit=600%2C404&ssl=1&resize=525%2C300 1.5x"},"classes":[]},{"id":38818,"url":"https:\/\/blogdoprosperi.com\/?p=38818","url_meta":{"origin":37553,"position":5},"title":"RedBulliza\u00e7\u00e3o do futebol (epis\u00f3dio 2): A origem do imp\u00e9rio","author":"Luiz Ant\u00f4nio Pr\u00f3speri","date":"7 de julho de 2021","format":false,"excerpt":"O RB j\u00e1 havia se tornado o time mais odiado da Alemanha. Todas as visitas dos \u201cRed Bulls\u201d aos diferentes est\u00e1dios da Bundesliga\u00a0se tornaram um ped\u00e1gio natural com faixas, gritos e gestos desagrad\u00e1veis","rel":"","context":"Em &quot;futebol&quot;","block_context":{"text":"futebol","link":"https:\/\/blogdoprosperi.com\/?cat=53870"},"img":{"alt_text":"Red Bull Bragantino domina Brasileir\u00e3o 2021","src":"https:\/\/i0.wp.com\/blogdoprosperi.com\/wp-content\/uploads\/2021\/07\/1625440885_arturgol.jpg?fit=1200%2C853&ssl=1&resize=350%2C200","width":350,"height":200,"srcset":"https:\/\/i0.wp.com\/blogdoprosperi.com\/wp-content\/uploads\/2021\/07\/1625440885_arturgol.jpg?fit=1200%2C853&ssl=1&resize=350%2C200 1x, https:\/\/i0.wp.com\/blogdoprosperi.com\/wp-content\/uploads\/2021\/07\/1625440885_arturgol.jpg?fit=1200%2C853&ssl=1&resize=525%2C300 1.5x, https:\/\/i0.wp.com\/blogdoprosperi.com\/wp-content\/uploads\/2021\/07\/1625440885_arturgol.jpg?fit=1200%2C853&ssl=1&resize=700%2C400 2x, https:\/\/i0.wp.com\/blogdoprosperi.com\/wp-content\/uploads\/2021\/07\/1625440885_arturgol.jpg?fit=1200%2C853&ssl=1&resize=1050%2C600 3x"},"classes":[]}],"jetpack_featured_media_url":"https:\/\/i0.wp.com\/blogdoprosperi.com\/wp-content\/uploads\/2018\/10\/images.jpeg?fit=273%2C185&ssl=1","_links":{"self":[{"href":"https:\/\/blogdoprosperi.com\/index.php?rest_route=\/wp\/v2\/posts\/37553","targetHints":{"allow":["GET"]}}],"collection":[{"href":"https:\/\/blogdoprosperi.com\/index.php?rest_route=\/wp\/v2\/posts"}],"about":[{"href":"https:\/\/blogdoprosperi.com\/index.php?rest_route=\/wp\/v2\/types\/post"}],"author":[{"embeddable":true,"href":"https:\/\/blogdoprosperi.com\/index.php?rest_route=\/wp\/v2\/users\/102107496"}],"replies":[{"embeddable":true,"href":"https:\/\/blogdoprosperi.com\/index.php?rest_route=%2Fwp%2Fv2%2Fcomments&post=37553"}],"version-history":[{"count":6,"href":"https:\/\/blogdoprosperi.com\/index.php?rest_route=\/wp\/v2\/posts\/37553\/revisions"}],"predecessor-version":[{"id":37560,"href":"https:\/\/blogdoprosperi.com\/index.php?rest_route=\/wp\/v2\/posts\/37553\/revisions\/37560"}],"wp:featuredmedia":[{"embeddable":true,"href":"https:\/\/blogdoprosperi.com\/index.php?rest_route=\/wp\/v2\/media\/37554"}],"wp:attachment":[{"href":"https:\/\/blogdoprosperi.com\/index.php?rest_route=%2Fwp%2Fv2%2Fmedia&parent=37553"}],"wp:term":[{"taxonomy":"category","embeddable":true,"href":"https:\/\/blogdoprosperi.com\/index.php?rest_route=%2Fwp%2Fv2%2Fcategories&post=37553"},{"taxonomy":"post_tag","embeddable":true,"href":"https:\/\/blogdoprosperi.com\/index.php?rest_route=%2Fwp%2Fv2%2Ftags&post=37553"}],"curies":[{"name":"wp","href":"https:\/\/api.w.org\/{rel}","templated":true}]}}