{"id":37628,"date":"2019-04-11T18:25:20","date_gmt":"2019-04-11T21:25:20","guid":{"rendered":"http:\/\/blogdoprosperi.com\/?p=37628"},"modified":"2019-04-11T18:25:20","modified_gmt":"2019-04-11T21:25:20","slug":"libertadores-veja-videos-dos-gols-da-quarta-rodada","status":"publish","type":"post","link":"https:\/\/blogdoprosperi.com\/?p=37628","title":{"rendered":"Libertadores: veja v\u00eddeos dos gols da quarta rodada"},"content":{"rendered":"<div class=\"embed-twitter\">\n<blockquote class=\"twitter-tweet\" data-width=\"550\" data-dnt=\"true\">\n<p lang=\"pt\" dir=\"ltr\">\ud83c\udde6\ud83c\uddf7\u26bd\ufe0f Forte na Bombonera! Os melhores lances da goleada do <a href=\"https:\/\/twitter.com\/BocaJrsOficial?ref_src=twsrc%5Etfw\">@BocaJrsOficial<\/a> sobre o <a href=\"https:\/\/twitter.com\/WilstermannCD?ref_src=twsrc%5Etfw\">@WilstermannCD<\/a>: 4-0! Com direito a gola\u00e7o! <a href=\"https:\/\/t.co\/NxWOvVyH8b\">pic.twitter.com\/NxWOvVyH8b<\/a><\/p>\n<p>&mdash; CONMEBOL Libertadores (@LibertadoresBR) <a href=\"https:\/\/twitter.com\/LibertadoresBR\/status\/1116386866587160578?ref_src=twsrc%5Etfw\">April 11, 2019<\/a><\/p><\/blockquote>\n<p><script async src=\"https:\/\/platform.twitter.com\/widgets.js\" charset=\"utf-8\"><\/script><\/div>\n<div class=\"embed-twitter\">\n<blockquote class=\"twitter-tweet\" data-width=\"550\" data-dnt=\"true\">\n<p lang=\"pt\" dir=\"ltr\">\ud83d\udc37\ud83d\udcaa Perdeu algum lance? Os gols e melhores momentos da vit\u00f3ria do <a href=\"https:\/\/twitter.com\/Palmeiras?ref_src=twsrc%5Etfw\">@Palmeiras<\/a> por 3-0 sobre o <a href=\"https:\/\/twitter.com\/JuniorClubSA?ref_src=twsrc%5Etfw\">@JuniorClubSA<\/a> no <a href=\"https:\/\/twitter.com\/AllianzParque?ref_src=twsrc%5Etfw\">@AllianzParque<\/a>.<\/p>\n<p>\u26bd\ufe0f Rea\u00e7\u00e3o alviverde na <a href=\"https:\/\/twitter.com\/hashtag\/CONMEBOLLibertadores?src=hash&amp;ref_src=twsrc%5Etfw\">#CONMEBOLLibertadores<\/a>! <a href=\"https:\/\/t.co\/7sVhCtdTQ6\">pic.twitter.com\/7sVhCtdTQ6<\/a><\/p>\n<p>&mdash; CONMEBOL Libertadores (@LibertadoresBR) <a href=\"https:\/\/twitter.com\/LibertadoresBR\/status\/1116386344270540800?ref_src=twsrc%5Etfw\">April 11, 2019<\/a><\/p><\/blockquote>\n<p><script async src=\"https:\/\/platform.twitter.com\/widgets.js\" charset=\"utf-8\"><\/script><\/div>\n<div class=\"embed-twitter\">\n<blockquote class=\"twitter-tweet\" data-width=\"550\" data-dnt=\"true\">\n<p lang=\"pt\" dir=\"ltr\">\ud83c\uddf5\ud83c\uddfe\u26bd\ud83c\udde7\ud83c\uddf7 Os melhores lances do jogo que classificou o <a href=\"https:\/\/twitter.com\/CCP1912oficial?ref_src=twsrc%5Etfw\">@CCP1912oficial<\/a> \u00e0s oitavas de final e deixou o <a href=\"https:\/\/twitter.com\/Atletico?ref_src=twsrc%5Etfw\">@Atletico<\/a> em situa\u00e7\u00e3o delicada na <a href=\"https:\/\/twitter.com\/hashtag\/CONMEBOLLibertadores?src=hash&amp;ref_src=twsrc%5Etfw\">#CONMEBOLLibertadores<\/a>. <a href=\"https:\/\/t.co\/yLHhgqganE\">pic.twitter.com\/yLHhgqganE<\/a><\/p>\n<p>&mdash; CONMEBOL Libertadores (@LibertadoresBR) <a href=\"https:\/\/twitter.com\/LibertadoresBR\/status\/1116349970716737536?ref_src=twsrc%5Etfw\">April 11, 2019<\/a><\/p><\/blockquote>\n<p><script async src=\"https:\/\/platform.twitter.com\/widgets.js\" charset=\"utf-8\"><\/script><\/div>\n<div class=\"embed-twitter\">\n<blockquote class=\"twitter-tweet\" data-width=\"550\" data-dnt=\"true\">\n<p lang=\"pt\" dir=\"ltr\">\ud83c\udde7\ud83c\uddf7\u26bd\ud83c\udde6\ud83c\uddf7 Imortal! Reveja os melhores lances da vit\u00f3ria do <a href=\"https:\/\/twitter.com\/Gremio?ref_src=twsrc%5Etfw\">@Gremio<\/a> sobre o <a href=\"https:\/\/twitter.com\/CARCoficial?ref_src=twsrc%5Etfw\">@CARCoficial<\/a>, essencial para seguir na briga por classifica\u00e7\u00e3o na <a href=\"https:\/\/twitter.com\/hashtag\/CONMEBOLLibertadores?src=hash&amp;ref_src=twsrc%5Etfw\">#CONMEBOLLibertadores<\/a>. <a href=\"https:\/\/t.co\/tbWhhY1pO0\">pic.twitter.com\/tbWhhY1pO0<\/a><\/p>\n<p>&mdash; CONMEBOL Libertadores (@LibertadoresBR) <a href=\"https:\/\/twitter.com\/LibertadoresBR\/status\/1116346683338756098?ref_src=twsrc%5Etfw\">April 11, 2019<\/a><\/p><\/blockquote>\n<p><script async src=\"https:\/\/platform.twitter.com\/widgets.js\" charset=\"utf-8\"><\/script><\/div>\n<div class=\"embed-twitter\">\n<blockquote class=\"twitter-tweet\" data-width=\"550\" data-dnt=\"true\">\n<p lang=\"pt\" dir=\"ltr\">\ud83c\uddfa\ud83c\uddfe\u26bd\ud83c\uddfb\ud83c\uddea Os melhores momentos da vit\u00f3ria do <a href=\"https:\/\/twitter.com\/Nacional?ref_src=twsrc%5Etfw\">@Nacional<\/a> sobre o <a href=\"https:\/\/twitter.com\/ZamoraFutbolC?ref_src=twsrc%5Etfw\">@ZamoraFutbolC<\/a>, pelo Grupo E da <a href=\"https:\/\/twitter.com\/hashtag\/CONMEBOLLibertadores?src=hash&amp;ref_src=twsrc%5Etfw\">#CONMEBOLLibertadores<\/a>! <a href=\"https:\/\/t.co\/Jk2h90SKJk\">pic.twitter.com\/Jk2h90SKJk<\/a><\/p>\n<p>&mdash; CONMEBOL Libertadores (@LibertadoresBR) <a href=\"https:\/\/twitter.com\/LibertadoresBR\/status\/1116197437658542080?ref_src=twsrc%5Etfw\">April 11, 2019<\/a><\/p><\/blockquote>\n<p><script async src=\"https:\/\/platform.twitter.com\/widgets.js\" charset=\"utf-8\"><\/script><\/div>\n<div class=\"embed-twitter\">\n<blockquote class=\"twitter-tweet\" data-width=\"550\" data-dnt=\"true\">\n<p lang=\"pt\" dir=\"ltr\">\ud83c\udde8\ud83c\uddf1\u26bd\ud83c\uddf5\ud83c\uddfe O <a href=\"https:\/\/twitter.com\/Libertad_Guma?ref_src=twsrc%5Etfw\">@Libertad_Guma<\/a> venceu o <a href=\"https:\/\/twitter.com\/CruzadosSADP?ref_src=twsrc%5Etfw\">@CruzadosSADP<\/a> fora de casa e se classificou aos mata-matas da <a href=\"https:\/\/twitter.com\/hashtag\/CONMEBOLLibertadores?src=hash&amp;ref_src=twsrc%5Etfw\">#CONMEBOLLibertadores<\/a>. Assista aos melhores momentos da partida! <a href=\"https:\/\/t.co\/fifNEk9nKM\">pic.twitter.com\/fifNEk9nKM<\/a><\/p>\n<p>&mdash; CONMEBOL Libertadores (@LibertadoresBR) <a href=\"https:\/\/twitter.com\/LibertadoresBR\/status\/1116193348933619715?ref_src=twsrc%5Etfw\">April 11, 2019<\/a><\/p><\/blockquote>\n<p><script async src=\"https:\/\/platform.twitter.com\/widgets.js\" charset=\"utf-8\"><\/script><\/div>\n<div class=\"embed-twitter\">\n<blockquote class=\"twitter-tweet\" data-width=\"550\" data-dnt=\"true\">\n<p lang=\"pt\" dir=\"ltr\">\ud83c\uddf5\ud83c\uddea\u26bd\ud83c\udde8\ud83c\uddf1 Assista aos melhores momentos da primeira vit\u00f3ria do <a href=\"https:\/\/twitter.com\/ClubSCristal?ref_src=twsrc%5Etfw\">@ClubSCristal<\/a> na fase de grupos da <a href=\"https:\/\/twitter.com\/hashtag\/CONMEBOLLibertadores?src=hash&amp;ref_src=twsrc%5Etfw\">#CONMEBOLLibertadores<\/a>, diante do <a href=\"https:\/\/twitter.com\/FutbolUdeC?ref_src=twsrc%5Etfw\">@FutbolUdeC<\/a>. <a href=\"https:\/\/t.co\/ThXCja2QN2\">pic.twitter.com\/ThXCja2QN2<\/a><\/p>\n<p>&mdash; CONMEBOL Libertadores (@LibertadoresBR) <a href=\"https:\/\/twitter.com\/LibertadoresBR\/status\/1116183287742062592?ref_src=twsrc%5Etfw\">April 11, 2019<\/a><\/p><\/blockquote>\n<p><script async src=\"https:\/\/platform.twitter.com\/widgets.js\" charset=\"utf-8\"><\/script><\/div>\n<div class=\"embed-twitter\">\n<blockquote class=\"twitter-tweet\" data-width=\"550\" data-dnt=\"true\">\n<p lang=\"pt\" dir=\"ltr\">\ud83d\ude32\ud83d\udcaa\ud83c\udffb La Bombonera abaixo! O <a href=\"https:\/\/twitter.com\/BocaJrsOficial?ref_src=twsrc%5Etfw\">@BocaJrsOficial<\/a> ampliou de p\u00eanalti com Benedetto. Ele bateu nela com raiva e levou o est\u00e1dio \u00e0 loucura. <a href=\"https:\/\/twitter.com\/hashtag\/CONMEBOLLibertadores?src=hash&amp;ref_src=twsrc%5Etfw\">#CONMEBOLLibertadores<\/a> <a href=\"https:\/\/t.co\/1XhjosQCYf\">pic.twitter.com\/1XhjosQCYf<\/a><\/p>\n<p>&mdash; CONMEBOL Libertadores (@LibertadoresBR) <a href=\"https:\/\/twitter.com\/LibertadoresBR\/status\/1116181792514617344?ref_src=twsrc%5Etfw\">April 11, 2019<\/a><\/p><\/blockquote>\n<p><script async src=\"https:\/\/platform.twitter.com\/widgets.js\" charset=\"utf-8\"><\/script><\/div>\n<div class=\"embed-twitter\">\n<blockquote class=\"twitter-tweet\" data-width=\"550\" data-dnt=\"true\">\n<p lang=\"pt\" dir=\"ltr\">\ud83c\udde7\ud83c\uddf7\u26bd\ud83c\udde6\ud83c\uddf7 Que noite! \u00c9 hora de rever os melhores momentos da goleada do <a href=\"https:\/\/twitter.com\/Cruzeiro?ref_src=twsrc%5Etfw\">@Cruzeiro<\/a> sobre o <a href=\"https:\/\/twitter.com\/CAHuracan?ref_src=twsrc%5Etfw\">@CAHuracan<\/a>, que colocou a Raposa nas oitavas de final da <a href=\"https:\/\/twitter.com\/hashtag\/CONMEBOLLibertadores?src=hash&amp;ref_src=twsrc%5Etfw\">#CONMEBOLLibertadores<\/a>! <a href=\"https:\/\/t.co\/hsNrcA5SS3\">pic.twitter.com\/hsNrcA5SS3<\/a><\/p>\n<p>&mdash; CONMEBOL Libertadores (@LibertadoresBR) <a href=\"https:\/\/twitter.com\/LibertadoresBR\/status\/1116180197890502657?ref_src=twsrc%5Etfw\">April 11, 2019<\/a><\/p><\/blockquote>\n<p><script async src=\"https:\/\/platform.twitter.com\/widgets.js\" charset=\"utf-8\"><\/script><\/div>\n<div class=\"embed-twitter\">\n<blockquote class=\"twitter-tweet\" data-width=\"550\" data-dnt=\"true\">\n<p lang=\"pt\" dir=\"ltr\">\u26bd\ud83d\udc37\ud83c\udde7\ud83c\uddf7 Um GOLA\u00c7O! Passe de calcanhar de Dudu e Hyoran fecha a conta: 3-0 para o <a href=\"https:\/\/twitter.com\/Palmeiras?ref_src=twsrc%5Etfw\">@Palmeiras<\/a>! <a href=\"https:\/\/twitter.com\/hashtag\/CONMEBOLLibertadores?src=hash&amp;ref_src=twsrc%5Etfw\">#CONMEBOLLibertadores<\/a> <a href=\"https:\/\/t.co\/fwouhnBTmh\">pic.twitter.com\/fwouhnBTmh<\/a><\/p>\n<p>&mdash; CONMEBOL Libertadores (@LibertadoresBR) <a href=\"https:\/\/twitter.com\/LibertadoresBR\/status\/1116176688302391296?ref_src=twsrc%5Etfw\">April 11, 2019<\/a><\/p><\/blockquote>\n<p><script async src=\"https:\/\/platform.twitter.com\/widgets.js\" charset=\"utf-8\"><\/script><\/div>\n<div class=\"embed-twitter\">\n<blockquote class=\"twitter-tweet\" data-width=\"550\" data-dnt=\"true\">\n<p lang=\"pt\" dir=\"ltr\">\u26bd\ud83d\udc37\ud83c\udde7\ud83c\uddf7 Para cantar e vibrar! Com Dudu, o <a href=\"https:\/\/twitter.com\/Palmeiras?ref_src=twsrc%5Etfw\">@Palmeiras<\/a> marcou pela segunda vez contra o <a href=\"https:\/\/twitter.com\/JuniorClubSA?ref_src=twsrc%5Etfw\">@JuniorClubSA<\/a> para se aproximar das oitavas de final da <a href=\"https:\/\/twitter.com\/hashtag\/CONMEBOLLibertadores?src=hash&amp;ref_src=twsrc%5Etfw\">#CONMEBOLLibertadores<\/a>. <a href=\"https:\/\/t.co\/405xmN1Sqe\">pic.twitter.com\/405xmN1Sqe<\/a><\/p>\n<p>&mdash; CONMEBOL Libertadores (@LibertadoresBR) <a href=\"https:\/\/twitter.com\/LibertadoresBR\/status\/1116165221037428736?ref_src=twsrc%5Etfw\">April 11, 2019<\/a><\/p><\/blockquote>\n<p><script async src=\"https:\/\/platform.twitter.com\/widgets.js\" charset=\"utf-8\"><\/script><\/div>\n<div class=\"embed-twitter\">\n<blockquote class=\"twitter-tweet\" data-width=\"550\" data-dnt=\"true\">\n<p lang=\"pt\" dir=\"ltr\">\ud83e\udd45\u274c F\u00e1bio! O <a href=\"https:\/\/twitter.com\/Cruzeiro?ref_src=twsrc%5Etfw\">@Cruzeiro<\/a> goleou, mas o goleiro tamb\u00e9m brilhou com essas duas defesas em s\u00e9rie! \ud83d\udc4f <a href=\"https:\/\/t.co\/m79oNpw8co\">pic.twitter.com\/m79oNpw8co<\/a><\/p>\n<p>&mdash; CONMEBOL Libertadores (@LibertadoresBR) <a href=\"https:\/\/twitter.com\/LibertadoresBR\/status\/1116156637667000320?ref_src=twsrc%5Etfw\">April 11, 2019<\/a><\/p><\/blockquote>\n<p><script async src=\"https:\/\/platform.twitter.com\/widgets.js\" charset=\"utf-8\"><\/script><\/div>\n<div class=\"embed-twitter\">\n<blockquote class=\"twitter-tweet\" data-width=\"550\" data-dnt=\"true\">\n<p lang=\"pt\" dir=\"ltr\">\u26bd\ufe0f\ud83d\udcf9 Com este gol de Bergessio, o <a href=\"https:\/\/twitter.com\/Nacional?ref_src=twsrc%5Etfw\">@Nacional<\/a> venceu o <a href=\"https:\/\/twitter.com\/ZamoraFutbolC?ref_src=twsrc%5Etfw\">@ZamoraFutbolC<\/a> por 1-0 na noite desta quarta-feira. <a href=\"https:\/\/t.co\/zrRaRORHWk\">pic.twitter.com\/zrRaRORHWk<\/a><\/p>\n<p>&mdash; CONMEBOL Libertadores (@LibertadoresBR) <a href=\"https:\/\/twitter.com\/LibertadoresBR\/status\/1116139203820179456?ref_src=twsrc%5Etfw\">April 11, 2019<\/a><\/p><\/blockquote>\n<p><script async src=\"https:\/\/platform.twitter.com\/widgets.js\" charset=\"utf-8\"><\/script><\/div>\n<div class=\"embed-twitter\">\n<blockquote class=\"twitter-tweet\" data-width=\"550\" data-dnt=\"true\">\n<p lang=\"pt\" dir=\"ltr\">\u26bd\ufe0f\ud83d\udd34\u26bd\ufe0f Com voc\u00eas, Guerrero! No clima do Beira-Rio lotado, os dois gols vistos de dentro do campo na vit\u00f3ria do <a href=\"https:\/\/twitter.com\/SCInternacional?ref_src=twsrc%5Etfw\">@SCInternacional<\/a>! <a href=\"https:\/\/t.co\/jNeRItlfx3\">pic.twitter.com\/jNeRItlfx3<\/a><\/p>\n<p>&mdash; CONMEBOL Libertadores (@LibertadoresBR) <a href=\"https:\/\/twitter.com\/LibertadoresBR\/status\/1115977483063631872?ref_src=twsrc%5Etfw\">April 10, 2019<\/a><\/p><\/blockquote>\n<p><script async src=\"https:\/\/platform.twitter.com\/widgets.js\" charset=\"utf-8\"><\/script><\/div>\n","protected":false},"excerpt":{"rendered":"<p>Gols do Palmeiras, Gr\u00eamio, Internacional, Cruzeiro e outros na quarta rodada da Libertadores<\/p>\n","protected":false},"author":102107496,"featured_media":26730,"comment_status":"open","ping_status":"open","sticky":false,"template":"","format":"standard","meta":{"_coblocks_attr":"","_coblocks_dimensions":"","_coblocks_responsive_height":"","_coblocks_accordion_ie_support":"","wpai_generated_summary":"","_jetpack_newsletter_access":"","_jetpack_dont_email_post_to_subs":false,"_jetpack_newsletter_tier_id":0,"_jetpack_memberships_contains_paywalled_content":false,"_wpcom_ai_launchpad_first_post":false,"_jetpack_feature_clip_id":0,"_jetpack_memberships_contains_paid_content":false,"footnotes":"","jetpack_publicize_message":"","jetpack_publicize_feature_enabled":true,"jetpack_social_post_already_shared":false,"jetpack_social_options":{"image_generator_settings":{"template":"highway","default_image_id":0,"font":"","enabled":false},"version":2},"jetpack_post_was_ever_published":false},"categories":[53870],"tags":[6602831,521771,789560560,676687125,205210,8732,287104],"class_list":["post-37628","post","type-post","status-publish","format-standard","has-post-thumbnail","hentry","category-futebol","tag-boa-juniors","tag-cruzeiro","tag-futebol","tag-gols-libertadores-2019","tag-gremio","tag-internacional","tag-palmeiras"],"yoast_head":"<!-- This site is optimized with the Yoast SEO plugin v28.4 - https:\/\/yoast.com\/product\/yoast-seo-wordpress\/ -->\n<title>Libertadores: veja v\u00eddeos dos gols da quarta rodada - PR\u00d3SPERI NEWS<\/title>\n<meta name=\"robots\" content=\"index, follow, max-snippet:-1, max-image-preview:large, max-video-preview:-1\" \/>\n<link rel=\"canonical\" href=\"https:\/\/blogdoprosperi.com\/?p=37628\" \/>\n<meta property=\"og:locale\" content=\"pt_BR\" \/>\n<meta property=\"og:type\" content=\"article\" \/>\n<meta property=\"og:title\" content=\"Libertadores: veja v\u00eddeos dos gols da quarta rodada - PR\u00d3SPERI NEWS\" \/>\n<meta property=\"og:description\" content=\"Gols do Palmeiras, Gr\u00eamio, Internacional, Cruzeiro e outros na quarta rodada da Libertadores\" \/>\n<meta property=\"og:url\" content=\"https:\/\/blogdoprosperi.com\/?p=37628\" \/>\n<meta property=\"og:site_name\" content=\"PR\u00d3SPERI NEWS\" \/>\n<meta property=\"article:publisher\" content=\"Luiz Pr\u00f3speri\" \/>\n<meta property=\"article:author\" content=\"Luiz Pr\u00f3speri\" \/>\n<meta property=\"article:published_time\" content=\"2019-04-11T21:25:20+00:00\" \/>\n<meta property=\"og:image\" content=\"https:\/\/i0.wp.com\/blogdoprosperi.com\/wp-content\/uploads\/2016\/09\/libertadores-trofeu-480-getty-images.jpg?fit=620%2C465&ssl=1\" \/>\n\t<meta property=\"og:image:width\" content=\"620\" \/>\n\t<meta property=\"og:image:height\" content=\"465\" \/>\n\t<meta property=\"og:image:type\" content=\"image\/jpeg\" \/>\n<meta name=\"author\" content=\"Luiz Ant\u00f4nio Pr\u00f3speri\" \/>\n<meta name=\"twitter:card\" content=\"summary_large_image\" \/>\n<meta name=\"twitter:creator\" content=\"@Luizprosperi\" \/>\n<meta name=\"twitter:site\" content=\"@Luizprosperi\" \/>\n<meta name=\"twitter:label1\" content=\"Escrito por\" \/>\n\t<meta name=\"twitter:data1\" content=\"Luiz Ant\u00f4nio Pr\u00f3speri\" \/>\n<script type=\"application\/ld+json\" class=\"yoast-schema-graph\">{\"@context\":\"https:\\\/\\\/schema.org\",\"@graph\":[{\"@type\":\"Article\",\"@id\":\"https:\\\/\\\/blogdoprosperi.com\\\/?p=37628#article\",\"isPartOf\":{\"@id\":\"https:\\\/\\\/blogdoprosperi.com\\\/?p=37628\"},\"author\":{\"name\":\"Luiz Ant\u00f4nio Pr\u00f3speri\",\"@id\":\"https:\\\/\\\/blogdoprosperi.com\\\/#\\\/schema\\\/person\\\/38100755ce3601861ee4fab9b5aa78e9\"},\"headline\":\"Libertadores: veja v\u00eddeos dos gols da quarta rodada\",\"datePublished\":\"2019-04-11T21:25:20+00:00\",\"mainEntityOfPage\":{\"@id\":\"https:\\\/\\\/blogdoprosperi.com\\\/?p=37628\"},\"wordCount\":79,\"commentCount\":0,\"publisher\":{\"@id\":\"https:\\\/\\\/blogdoprosperi.com\\\/#\\\/schema\\\/person\\\/38100755ce3601861ee4fab9b5aa78e9\"},\"image\":{\"@id\":\"https:\\\/\\\/blogdoprosperi.com\\\/?p=37628#primaryimage\"},\"thumbnailUrl\":\"https:\\\/\\\/i0.wp.com\\\/blogdoprosperi.com\\\/wp-content\\\/uploads\\\/2016\\\/09\\\/libertadores-trofeu-480-getty-images.jpg?fit=620%2C465&ssl=1\",\"keywords\":[\"boa juniors\",\"Cruzeiro\",\"futebol\",\"gols libertadores 2019\",\"Gr\u00eamio\",\"Internacional\",\"Palmeiras\"],\"articleSection\":[\"futebol\"],\"inLanguage\":\"pt-BR\",\"potentialAction\":[{\"@type\":\"CommentAction\",\"name\":\"Comment\",\"target\":[\"https:\\\/\\\/blogdoprosperi.com\\\/?p=37628#respond\"]}]},{\"@type\":\"WebPage\",\"@id\":\"https:\\\/\\\/blogdoprosperi.com\\\/?p=37628\",\"url\":\"https:\\\/\\\/blogdoprosperi.com\\\/?p=37628\",\"name\":\"Libertadores: veja v\u00eddeos dos gols da quarta rodada - PR\u00d3SPERI NEWS\",\"isPartOf\":{\"@id\":\"https:\\\/\\\/blogdoprosperi.com\\\/#website\"},\"primaryImageOfPage\":{\"@id\":\"https:\\\/\\\/blogdoprosperi.com\\\/?p=37628#primaryimage\"},\"image\":{\"@id\":\"https:\\\/\\\/blogdoprosperi.com\\\/?p=37628#primaryimage\"},\"thumbnailUrl\":\"https:\\\/\\\/i0.wp.com\\\/blogdoprosperi.com\\\/wp-content\\\/uploads\\\/2016\\\/09\\\/libertadores-trofeu-480-getty-images.jpg?fit=620%2C465&ssl=1\",\"datePublished\":\"2019-04-11T21:25:20+00:00\",\"breadcrumb\":{\"@id\":\"https:\\\/\\\/blogdoprosperi.com\\\/?p=37628#breadcrumb\"},\"inLanguage\":\"pt-BR\",\"potentialAction\":[{\"@type\":\"ReadAction\",\"target\":[\"https:\\\/\\\/blogdoprosperi.com\\\/?p=37628\"]}]},{\"@type\":\"ImageObject\",\"inLanguage\":\"pt-BR\",\"@id\":\"https:\\\/\\\/blogdoprosperi.com\\\/?p=37628#primaryimage\",\"url\":\"https:\\\/\\\/i0.wp.com\\\/blogdoprosperi.com\\\/wp-content\\\/uploads\\\/2016\\\/09\\\/libertadores-trofeu-480-getty-images.jpg?fit=620%2C465&ssl=1\",\"contentUrl\":\"https:\\\/\\\/i0.wp.com\\\/blogdoprosperi.com\\\/wp-content\\\/uploads\\\/2016\\\/09\\\/libertadores-trofeu-480-getty-images.jpg?fit=620%2C465&ssl=1\",\"width\":620,\"height\":465,\"caption\":\"ta\u00e7a libertadores \u2013 foto: Conmebol oficial\"},{\"@type\":\"BreadcrumbList\",\"@id\":\"https:\\\/\\\/blogdoprosperi.com\\\/?p=37628#breadcrumb\",\"itemListElement\":[{\"@type\":\"ListItem\",\"position\":1,\"name\":\"In\u00edcio\",\"item\":\"https:\\\/\\\/blogdoprosperi.com\\\/\"},{\"@type\":\"ListItem\",\"position\":2,\"name\":\"Libertadores: veja v\u00eddeos dos gols da quarta rodada\"}]},{\"@type\":\"WebSite\",\"@id\":\"https:\\\/\\\/blogdoprosperi.com\\\/#website\",\"url\":\"https:\\\/\\\/blogdoprosperi.com\\\/\",\"name\":\"PR\u00d3SPERI NEWS\",\"description\":\"TUDO \u00c9  FUTEBOL\",\"publisher\":{\"@id\":\"https:\\\/\\\/blogdoprosperi.com\\\/#\\\/schema\\\/person\\\/38100755ce3601861ee4fab9b5aa78e9\"},\"alternateName\":\"blogdoprosperi.com\",\"potentialAction\":[{\"@type\":\"SearchAction\",\"target\":{\"@type\":\"EntryPoint\",\"urlTemplate\":\"https:\\\/\\\/blogdoprosperi.com\\\/?s={search_term_string}\"},\"query-input\":{\"@type\":\"PropertyValueSpecification\",\"valueRequired\":true,\"valueName\":\"search_term_string\"}}],\"inLanguage\":\"pt-BR\"},{\"@type\":[\"Person\",\"Organization\"],\"@id\":\"https:\\\/\\\/blogdoprosperi.com\\\/#\\\/schema\\\/person\\\/38100755ce3601861ee4fab9b5aa78e9\",\"name\":\"Luiz Ant\u00f4nio Pr\u00f3speri\",\"pronouns\":\"ele\",\"image\":{\"@type\":\"ImageObject\",\"inLanguage\":\"pt-BR\",\"@id\":\"https:\\\/\\\/i0.wp.com\\\/blogdoprosperi.com\\\/wp-content\\\/uploads\\\/2026\\\/05\\\/cropped-8059e613-6002-42fa-961e-8e275f575d71-2-5.jpg?fit=1360%2C931&ssl=1\",\"url\":\"https:\\\/\\\/i0.wp.com\\\/blogdoprosperi.com\\\/wp-content\\\/uploads\\\/2026\\\/05\\\/cropped-8059e613-6002-42fa-961e-8e275f575d71-2-5.jpg?fit=1360%2C931&ssl=1\",\"contentUrl\":\"https:\\\/\\\/i0.wp.com\\\/blogdoprosperi.com\\\/wp-content\\\/uploads\\\/2026\\\/05\\\/cropped-8059e613-6002-42fa-961e-8e275f575d71-2-5.jpg?fit=1360%2C931&ssl=1\",\"width\":1360,\"height\":931,\"caption\":\"Luiz Ant\u00f4nio Pr\u00f3speri\"},\"logo\":{\"@id\":\"https:\\\/\\\/i0.wp.com\\\/blogdoprosperi.com\\\/wp-content\\\/uploads\\\/2026\\\/05\\\/cropped-8059e613-6002-42fa-961e-8e275f575d71-2-5.jpg?fit=1360%2C931&ssl=1\"},\"description\":\"Jornalista com carreira dedicada ao esporte. Cobriu 9 Copas do Mundo in loco, 1990 na It\u00e1lia, 1994 nos EUA, 1998 na Fran\u00e7a, 2002 na Coreia do Sul e Jap\u00e3o, 2006 na Alemanha, 2010 na \u00c1frica do Sul, 2014 no Brasil, 2018 na R\u00fassia e 2022 no Qatar. Eurocopas, 1992 na Su\u00e9cia e 1996 na Inglaterra. Copa das Confedera\u00e7\u00f5es de 2005 na Alemanha e 2009 na \u00c1frica do Sul. Rep\u00f3rter e Editor, trabalhou no Jornal da Tarde e Estad\u00e3o, de 1984 a fevereiro de 2016. Colunista, blogueiro. E comentarista de futebol na R\u00e1dio Estad\u00e3o, de 2013 a fevereiro de 2016. Jornalista respons\u00e1vel do \\\"Pr\u00f3speri News\\\" (blogdoprosperi.com).\",\"sameAs\":[\"http:\\\/\\\/blogdoprosperi.com\",\"Luiz Pr\u00f3speri\",\"@luiz_prosperi\",\"https:\\\/\\\/x.com\\\/Luizprosperi\",\"@prosperinacopa\",\"luiz.prosperi@icloud.com\"],\"url\":\"https:\\\/\\\/blogdoprosperi.com\\\/?author=102107496\"}]}<\/script>\n<!-- \/ Yoast SEO plugin. -->","yoast_head_json":{"title":"Libertadores: veja v\u00eddeos dos gols da quarta rodada - PR\u00d3SPERI NEWS","robots":{"index":"index","follow":"follow","max-snippet":"max-snippet:-1","max-image-preview":"max-image-preview:large","max-video-preview":"max-video-preview:-1"},"canonical":"https:\/\/blogdoprosperi.com\/?p=37628","og_locale":"pt_BR","og_type":"article","og_title":"Libertadores: veja v\u00eddeos dos gols da quarta rodada - PR\u00d3SPERI NEWS","og_description":"Gols do Palmeiras, Gr\u00eamio, Internacional, Cruzeiro e outros na quarta rodada da Libertadores","og_url":"https:\/\/blogdoprosperi.com\/?p=37628","og_site_name":"PR\u00d3SPERI NEWS","article_publisher":"Luiz Pr\u00f3speri","article_author":"Luiz Pr\u00f3speri","article_published_time":"2019-04-11T21:25:20+00:00","og_image":[{"width":620,"height":465,"url":"https:\/\/i0.wp.com\/blogdoprosperi.com\/wp-content\/uploads\/2016\/09\/libertadores-trofeu-480-getty-images.jpg?fit=620%2C465&ssl=1","type":"image\/jpeg"}],"author":"Luiz Ant\u00f4nio Pr\u00f3speri","twitter_card":"summary_large_image","twitter_creator":"@Luizprosperi","twitter_site":"@Luizprosperi","twitter_misc":{"Escrito por":"Luiz Ant\u00f4nio Pr\u00f3speri"},"schema":{"@context":"https:\/\/schema.org","@graph":[{"@type":"Article","@id":"https:\/\/blogdoprosperi.com\/?p=37628#article","isPartOf":{"@id":"https:\/\/blogdoprosperi.com\/?p=37628"},"author":{"name":"Luiz Ant\u00f4nio Pr\u00f3speri","@id":"https:\/\/blogdoprosperi.com\/#\/schema\/person\/38100755ce3601861ee4fab9b5aa78e9"},"headline":"Libertadores: veja v\u00eddeos dos gols da quarta rodada","datePublished":"2019-04-11T21:25:20+00:00","mainEntityOfPage":{"@id":"https:\/\/blogdoprosperi.com\/?p=37628"},"wordCount":79,"commentCount":0,"publisher":{"@id":"https:\/\/blogdoprosperi.com\/#\/schema\/person\/38100755ce3601861ee4fab9b5aa78e9"},"image":{"@id":"https:\/\/blogdoprosperi.com\/?p=37628#primaryimage"},"thumbnailUrl":"https:\/\/i0.wp.com\/blogdoprosperi.com\/wp-content\/uploads\/2016\/09\/libertadores-trofeu-480-getty-images.jpg?fit=620%2C465&ssl=1","keywords":["boa juniors","Cruzeiro","futebol","gols libertadores 2019","Gr\u00eamio","Internacional","Palmeiras"],"articleSection":["futebol"],"inLanguage":"pt-BR","potentialAction":[{"@type":"CommentAction","name":"Comment","target":["https:\/\/blogdoprosperi.com\/?p=37628#respond"]}]},{"@type":"WebPage","@id":"https:\/\/blogdoprosperi.com\/?p=37628","url":"https:\/\/blogdoprosperi.com\/?p=37628","name":"Libertadores: veja v\u00eddeos dos gols da quarta rodada - PR\u00d3SPERI NEWS","isPartOf":{"@id":"https:\/\/blogdoprosperi.com\/#website"},"primaryImageOfPage":{"@id":"https:\/\/blogdoprosperi.com\/?p=37628#primaryimage"},"image":{"@id":"https:\/\/blogdoprosperi.com\/?p=37628#primaryimage"},"thumbnailUrl":"https:\/\/i0.wp.com\/blogdoprosperi.com\/wp-content\/uploads\/2016\/09\/libertadores-trofeu-480-getty-images.jpg?fit=620%2C465&ssl=1","datePublished":"2019-04-11T21:25:20+00:00","breadcrumb":{"@id":"https:\/\/blogdoprosperi.com\/?p=37628#breadcrumb"},"inLanguage":"pt-BR","potentialAction":[{"@type":"ReadAction","target":["https:\/\/blogdoprosperi.com\/?p=37628"]}]},{"@type":"ImageObject","inLanguage":"pt-BR","@id":"https:\/\/blogdoprosperi.com\/?p=37628#primaryimage","url":"https:\/\/i0.wp.com\/blogdoprosperi.com\/wp-content\/uploads\/2016\/09\/libertadores-trofeu-480-getty-images.jpg?fit=620%2C465&ssl=1","contentUrl":"https:\/\/i0.wp.com\/blogdoprosperi.com\/wp-content\/uploads\/2016\/09\/libertadores-trofeu-480-getty-images.jpg?fit=620%2C465&ssl=1","width":620,"height":465,"caption":"ta\u00e7a libertadores \u2013 foto: Conmebol oficial"},{"@type":"BreadcrumbList","@id":"https:\/\/blogdoprosperi.com\/?p=37628#breadcrumb","itemListElement":[{"@type":"ListItem","position":1,"name":"In\u00edcio","item":"https:\/\/blogdoprosperi.com\/"},{"@type":"ListItem","position":2,"name":"Libertadores: veja v\u00eddeos dos gols da quarta rodada"}]},{"@type":"WebSite","@id":"https:\/\/blogdoprosperi.com\/#website","url":"https:\/\/blogdoprosperi.com\/","name":"PR\u00d3SPERI NEWS","description":"TUDO \u00c9  FUTEBOL","publisher":{"@id":"https:\/\/blogdoprosperi.com\/#\/schema\/person\/38100755ce3601861ee4fab9b5aa78e9"},"alternateName":"blogdoprosperi.com","potentialAction":[{"@type":"SearchAction","target":{"@type":"EntryPoint","urlTemplate":"https:\/\/blogdoprosperi.com\/?s={search_term_string}"},"query-input":{"@type":"PropertyValueSpecification","valueRequired":true,"valueName":"search_term_string"}}],"inLanguage":"pt-BR"},{"@type":["Person","Organization"],"@id":"https:\/\/blogdoprosperi.com\/#\/schema\/person\/38100755ce3601861ee4fab9b5aa78e9","name":"Luiz Ant\u00f4nio Pr\u00f3speri","pronouns":"ele","image":{"@type":"ImageObject","inLanguage":"pt-BR","@id":"https:\/\/i0.wp.com\/blogdoprosperi.com\/wp-content\/uploads\/2026\/05\/cropped-8059e613-6002-42fa-961e-8e275f575d71-2-5.jpg?fit=1360%2C931&ssl=1","url":"https:\/\/i0.wp.com\/blogdoprosperi.com\/wp-content\/uploads\/2026\/05\/cropped-8059e613-6002-42fa-961e-8e275f575d71-2-5.jpg?fit=1360%2C931&ssl=1","contentUrl":"https:\/\/i0.wp.com\/blogdoprosperi.com\/wp-content\/uploads\/2026\/05\/cropped-8059e613-6002-42fa-961e-8e275f575d71-2-5.jpg?fit=1360%2C931&ssl=1","width":1360,"height":931,"caption":"Luiz Ant\u00f4nio Pr\u00f3speri"},"logo":{"@id":"https:\/\/i0.wp.com\/blogdoprosperi.com\/wp-content\/uploads\/2026\/05\/cropped-8059e613-6002-42fa-961e-8e275f575d71-2-5.jpg?fit=1360%2C931&ssl=1"},"description":"Jornalista com carreira dedicada ao esporte. Cobriu 9 Copas do Mundo in loco, 1990 na It\u00e1lia, 1994 nos EUA, 1998 na Fran\u00e7a, 2002 na Coreia do Sul e Jap\u00e3o, 2006 na Alemanha, 2010 na \u00c1frica do Sul, 2014 no Brasil, 2018 na R\u00fassia e 2022 no Qatar. Eurocopas, 1992 na Su\u00e9cia e 1996 na Inglaterra. Copa das Confedera\u00e7\u00f5es de 2005 na Alemanha e 2009 na \u00c1frica do Sul. Rep\u00f3rter e Editor, trabalhou no Jornal da Tarde e Estad\u00e3o, de 1984 a fevereiro de 2016. Colunista, blogueiro. E comentarista de futebol na R\u00e1dio Estad\u00e3o, de 2013 a fevereiro de 2016. Jornalista respons\u00e1vel do \"Pr\u00f3speri News\" (blogdoprosperi.com).","sameAs":["http:\/\/blogdoprosperi.com","Luiz Pr\u00f3speri","@luiz_prosperi","https:\/\/x.com\/Luizprosperi","@prosperinacopa","luiz.prosperi@icloud.com"],"url":"https:\/\/blogdoprosperi.com\/?author=102107496"}]}},"jetpack_publicize_connections":[],"jetpack_likes_enabled":false,"jetpack_sharing_enabled":true,"jetpack_shortlink":"https:\/\/wp.me\/p7jvdk-9MU","jetpack-related-posts":[{"id":46962,"url":"https:\/\/blogdoprosperi.com\/?p=46962","url_meta":{"origin":37628,"position":0},"title":"Palmeiras Abandona Dudu e \u00cddolo Fecha com Cruzeiro","author":"Luiz Ant\u00f4nio Pr\u00f3speri","date":"12 de dezembro de 2024","format":false,"excerpt":"Luiz Ant\u00f4nio Pr\u00f3speri \u2013 12 dezembro (17h05) \u2013 Dudu fecha com o Cruzeiro ao se sentir abandonado pelo Palmeiras. Troca dez anos e 12 ta\u00e7as a servi\u00e7o do Alviverde por um contrato de quatro anos no clube mineiro. \u00cddolo eterno de uma torcida que o chama de Guerreiro, encerra seu\u2026","rel":"","context":"Em &quot;futebol&quot;","block_context":{"text":"futebol","link":"https:\/\/blogdoprosperi.com\/?cat=53870"},"img":{"alt_text":"Dudu deixa Palmeiras","src":"https:\/\/i0.wp.com\/blogdoprosperi.com\/wp-content\/uploads\/2024\/12\/captura-de-tela-2024-12-12-as-16.48.45.png?fit=956%2C744&ssl=1&resize=350%2C200","width":350,"height":200,"srcset":"https:\/\/i0.wp.com\/blogdoprosperi.com\/wp-content\/uploads\/2024\/12\/captura-de-tela-2024-12-12-as-16.48.45.png?fit=956%2C744&ssl=1&resize=350%2C200 1x, https:\/\/i0.wp.com\/blogdoprosperi.com\/wp-content\/uploads\/2024\/12\/captura-de-tela-2024-12-12-as-16.48.45.png?fit=956%2C744&ssl=1&resize=525%2C300 1.5x, https:\/\/i0.wp.com\/blogdoprosperi.com\/wp-content\/uploads\/2024\/12\/captura-de-tela-2024-12-12-as-16.48.45.png?fit=956%2C744&ssl=1&resize=700%2C400 2x"},"classes":[]},{"id":62109,"url":"https:\/\/blogdoprosperi.com\/?p=62109","url_meta":{"origin":37628,"position":1},"title":"Libertadores 2026 |  An\u00e1lise: Entre o frango de Carlos Miguel, demiss\u00e3o de Zubeld\u00eda e o gola\u00e7o de Arroyo","author":"Luiz Ant\u00f4nio Pr\u00f3speri","date":"13 de agosto de 2026","format":false,"excerpt":"A fase mata-mata da Libertadores, quando se separa os coadjuvantes dos protagonistas, exige futebol. Por isso o festival de cinco empates nos jogos de ida. Com direito a frango de goleiro, queda de treinador e um gola\u00e7o","rel":"","context":"Em &quot;futebol&quot;","block_context":{"text":"futebol","link":"https:\/\/blogdoprosperi.com\/?cat=53870"},"img":{"alt_text":"","src":"https:\/\/i0.wp.com\/blogdoprosperi.com\/wp-content\/uploads\/2026\/08\/Captura-de-Tela-2026-08-13-as-10.15.21.png?fit=1200%2C770&ssl=1&resize=350%2C200","width":350,"height":200,"srcset":"https:\/\/i0.wp.com\/blogdoprosperi.com\/wp-content\/uploads\/2026\/08\/Captura-de-Tela-2026-08-13-as-10.15.21.png?fit=1200%2C770&ssl=1&resize=350%2C200 1x, https:\/\/i0.wp.com\/blogdoprosperi.com\/wp-content\/uploads\/2026\/08\/Captura-de-Tela-2026-08-13-as-10.15.21.png?fit=1200%2C770&ssl=1&resize=525%2C300 1.5x, https:\/\/i0.wp.com\/blogdoprosperi.com\/wp-content\/uploads\/2026\/08\/Captura-de-Tela-2026-08-13-as-10.15.21.png?fit=1200%2C770&ssl=1&resize=700%2C400 2x, https:\/\/i0.wp.com\/blogdoprosperi.com\/wp-content\/uploads\/2026\/08\/Captura-de-Tela-2026-08-13-as-10.15.21.png?fit=1200%2C770&ssl=1&resize=1050%2C600 3x"},"classes":[]},{"id":37660,"url":"https:\/\/blogdoprosperi.com\/?p=37660","url_meta":{"origin":37628,"position":2},"title":"Senhoras e Senhores, Lionel Messi","author":"Luiz Ant\u00f4nio Pr\u00f3speri","date":"1 de maio de 2019","format":false,"excerpt":"Messi pulveriza Liverpool no primeiro jogo das semifinais da Liga dos Campe\u00f5es. Faz dois gols na vit\u00f3ria por 3 a 0 e chega a 600 gols com a camisa do Barcelona. \u00a0 https:\/\/twitter.com\/ChampionsLeague\/status\/1123690137253289984 https:\/\/twitter.com\/ChampionsLeague\/status\/1123572252589592576 https:\/\/twitter.com\/FCBarcelona_es\/status\/1123707717862985728","rel":"","context":"Em &quot;futebol&quot;","block_context":{"text":"futebol","link":"https:\/\/blogdoprosperi.com\/?cat=53870"},"img":{"alt_text":"","src":"https:\/\/i0.wp.com\/blogdoprosperi.com\/wp-content\/uploads\/2019\/05\/d5gplunx4acuhuw.jpg?fit=1200%2C800&ssl=1&resize=350%2C200","width":350,"height":200,"srcset":"https:\/\/i0.wp.com\/blogdoprosperi.com\/wp-content\/uploads\/2019\/05\/d5gplunx4acuhuw.jpg?fit=1200%2C800&ssl=1&resize=350%2C200 1x, https:\/\/i0.wp.com\/blogdoprosperi.com\/wp-content\/uploads\/2019\/05\/d5gplunx4acuhuw.jpg?fit=1200%2C800&ssl=1&resize=525%2C300 1.5x, https:\/\/i0.wp.com\/blogdoprosperi.com\/wp-content\/uploads\/2019\/05\/d5gplunx4acuhuw.jpg?fit=1200%2C800&ssl=1&resize=700%2C400 2x, https:\/\/i0.wp.com\/blogdoprosperi.com\/wp-content\/uploads\/2019\/05\/d5gplunx4acuhuw.jpg?fit=1200%2C800&ssl=1&resize=1050%2C600 3x"},"classes":[]},{"id":39203,"url":"https:\/\/blogdoprosperi.com\/?p=39203","url_meta":{"origin":37628,"position":3},"title":"Jorginho ataca Abel","author":"Luiz Ant\u00f4nio Pr\u00f3speri","date":"16 de agosto de 2022","format":"video","excerpt":"https:\/\/twitter.com\/Infos_palestra\/status\/1559603790919208966?s=20&t=UOhJYGuZiHg2jISREQpZWQ","rel":"","context":"Em &quot;Campeonato Brasileiro&quot;","block_context":{"text":"Campeonato Brasileiro","link":"https:\/\/blogdoprosperi.com\/?cat=355071"},"img":{"alt_text":"","src":"","width":0,"height":0},"classes":[]},{"id":37216,"url":"https:\/\/blogdoprosperi.com\/?p=37216","url_meta":{"origin":37628,"position":4},"title":"Imagem do dia \u2013 13\/11","author":"Luiz Ant\u00f4nio Pr\u00f3speri","date":"13 de novembro de 2017","format":"image","excerpt":"It\u00e1lia empata sem gols com a Su\u00e9cia e est\u00e1 fora da Copa do Mundo de 2018 na R\u00fassia. Buffon, o mito, se derrama em l\u00e1grimas https:\/\/twitter.com\/casadelfutbol\/status\/930194167300542464","rel":"","context":"Em &quot;Copa do Mundo 2018&quot;","block_context":{"text":"Copa do Mundo 2018","link":"https:\/\/blogdoprosperi.com\/?cat=43723753"},"img":{"alt_text":"","src":"https:\/\/i0.wp.com\/blogdoprosperi.com\/wp-content\/uploads\/2017\/11\/doizbclwsaebb6i.jpg?fit=1200%2C675&ssl=1&resize=350%2C200","width":350,"height":200,"srcset":"https:\/\/i0.wp.com\/blogdoprosperi.com\/wp-content\/uploads\/2017\/11\/doizbclwsaebb6i.jpg?fit=1200%2C675&ssl=1&resize=350%2C200 1x, https:\/\/i0.wp.com\/blogdoprosperi.com\/wp-content\/uploads\/2017\/11\/doizbclwsaebb6i.jpg?fit=1200%2C675&ssl=1&resize=525%2C300 1.5x, https:\/\/i0.wp.com\/blogdoprosperi.com\/wp-content\/uploads\/2017\/11\/doizbclwsaebb6i.jpg?fit=1200%2C675&ssl=1&resize=700%2C400 2x, https:\/\/i0.wp.com\/blogdoprosperi.com\/wp-content\/uploads\/2017\/11\/doizbclwsaebb6i.jpg?fit=1200%2C675&ssl=1&resize=1050%2C600 3x"},"classes":[]},{"id":39705,"url":"https:\/\/blogdoprosperi.com\/?p=39705","url_meta":{"origin":37628,"position":5},"title":"Banana atirada contra Sele\u00e7\u00e3o Brasileira","author":"Luiz Ant\u00f4nio Pr\u00f3speri","date":"27 de setembro de 2022","format":"video","excerpt":"https:\/\/twitter.com\/oocbrsao\/status\/1574835965209841680?s=20&t=8XsIrVpdDkKEdKXibjN-1w https:\/\/twitter.com\/CBF_Futebol\/status\/1574872085469470723?s=20&t=Aett00wyTOWBK6PH3817AQ","rel":"","context":"Em &quot;futebol&quot;","block_context":{"text":"futebol","link":"https:\/\/blogdoprosperi.com\/?cat=53870"},"img":{"alt_text":"","src":"","width":0,"height":0},"classes":[]}],"jetpack_featured_media_url":"https:\/\/i0.wp.com\/blogdoprosperi.com\/wp-content\/uploads\/2016\/09\/libertadores-trofeu-480-getty-images.jpg?fit=620%2C465&ssl=1","_links":{"self":[{"href":"https:\/\/blogdoprosperi.com\/index.php?rest_route=\/wp\/v2\/posts\/37628","targetHints":{"allow":["GET"]}}],"collection":[{"href":"https:\/\/blogdoprosperi.com\/index.php?rest_route=\/wp\/v2\/posts"}],"about":[{"href":"https:\/\/blogdoprosperi.com\/index.php?rest_route=\/wp\/v2\/types\/post"}],"author":[{"embeddable":true,"href":"https:\/\/blogdoprosperi.com\/index.php?rest_route=\/wp\/v2\/users\/102107496"}],"replies":[{"embeddable":true,"href":"https:\/\/blogdoprosperi.com\/index.php?rest_route=%2Fwp%2Fv2%2Fcomments&post=37628"}],"version-history":[{"count":3,"href":"https:\/\/blogdoprosperi.com\/index.php?rest_route=\/wp\/v2\/posts\/37628\/revisions"}],"predecessor-version":[{"id":37631,"href":"https:\/\/blogdoprosperi.com\/index.php?rest_route=\/wp\/v2\/posts\/37628\/revisions\/37631"}],"wp:featuredmedia":[{"embeddable":true,"href":"https:\/\/blogdoprosperi.com\/index.php?rest_route=\/wp\/v2\/media\/26730"}],"wp:attachment":[{"href":"https:\/\/blogdoprosperi.com\/index.php?rest_route=%2Fwp%2Fv2%2Fmedia&parent=37628"}],"wp:term":[{"taxonomy":"category","embeddable":true,"href":"https:\/\/blogdoprosperi.com\/index.php?rest_route=%2Fwp%2Fv2%2Fcategories&post=37628"},{"taxonomy":"post_tag","embeddable":true,"href":"https:\/\/blogdoprosperi.com\/index.php?rest_route=%2Fwp%2Fv2%2Ftags&post=37628"}],"curies":[{"name":"wp","href":"https:\/\/api.w.org\/{rel}","templated":true}]}}