{"id":37673,"date":"2019-05-03T10:50:04","date_gmt":"2019-05-03T13:50:04","guid":{"rendered":"http:\/\/blogdoprosperi.com\/?p=37673"},"modified":"2019-05-03T10:50:04","modified_gmt":"2019-05-03T13:50:04","slug":"brasileirao-analise-2a-rodada-sao-paulo-apresenta-suas-credenciais-santos-pede-passagem-e-flamengo-afunda","status":"publish","type":"post","link":"https:\/\/blogdoprosperi.com\/?p=37673","title":{"rendered":"Brasileir\u00e3o \/ an\u00e1lise 2\u00aa rodada: S\u00e3o Paulo apresenta suas credenciais, Santos pede passagem e Flamengo afunda"},"content":{"rendered":"<p>S\u00e3o Paulo manda um recado aos concorrentes e vira destaque nesta segunda rodada do Brasileir\u00e3o 2019. A vit\u00f3ria por 2 a 1 diante do Goi\u00e1s no Serra Dourada, longe de ser uma maravilha, deu sinais de que o time pode se cacifar em busca de algo valioso no campeonato. Santos tamb\u00e9m se mete nesse espa\u00e7o ao vencer Fluminense, segundo triunfo do time de Sampaoli. Em contrapartida, o Flamengo volta a colocar um ponto de interroga\u00e7\u00e3o no seu futuro \u2013 recolher as fichas da mesa \u00e9 prudente nesse momento.<\/p>\n<p>Anes de entrar na an\u00e1lise do feito do S\u00e3o Paulo, a segunda rodada teve at\u00e9 aqui 18 gols em 8 jogos \u2013 m\u00e9dia de 2,2 \u2013 <strong><a href=\"http:\/\/chuteirafc.cartacapital.com.br\/brasileirao-2019-analise-1a-rodada-flamengo-palmeiras-e-santos-mostram-forca-corinthians-e-cruzeiro-decepcionam\/\">contra 33 gols na primeira rodada.<\/a> <\/strong>Cabe a ressalva que ainda teremos mais dois jogos nesta quinta-feira \u2013 Santos x Fluminense, Botafogo x Bahia.<\/p>\n<p>Voltando a falar do time de Cuca, l\u00edder do Brasileir\u00e3o com seis pontos em dois jogos, \u00e9 preciso prestar aten\u00e7\u00e3o na op\u00e7\u00e3o do treinador por Pato como um articulador do ataque e n\u00e3o um camisa 9 pregado na grande \u00e1rea. Pato \u00e9 quem chama os garotos Antony e Tor\u00f3 para dialogar e dali dar in\u00edcio \u00e0 constru\u00e7\u00e3o das vit\u00f3rias. Funcionou no segundo tempo contra o Botafogo e domingo diante do Goi\u00e1s com 2 a 1 (Pato e Tor\u00f3 marcaram para o Tricolor). Dois jogos sob o signo do garoto Tor\u00f3, 19 anos, que marcou seu primeiro gol como jogador profissional.<\/p>\n<p>Seria Tor\u00f3 o novo <strong><a href=\"http:\/\/chuteirafc.cartacapital.com.br\/gabriel-jesus-minha-carreira-deu-uma-parada-acho-que-e-normal\/\">Gabriel Jesus<\/a><\/strong> moldado por Cuca no Palmeiras campe\u00e3o do Brasileiro 2016? A conferir.<\/p>\n<p><strong>Sampaoli x Diniz<\/strong><\/p>\n<p>Treinador argentino superou o brasileiro no confronto Santos 2 x 1 Fluminense, fechando a segunda rodada do Brasileir\u00e3o. A diferen\u00e7a entre os dois times \u00e9 que o Santos tem mais apetite pela vit\u00f3ria. N\u00e3o perde tempo quando tem a bola, mesmo nos momentos de paci\u00eancia quando tem o controle do jogo. Os 2 a 1 \u00a0\u2013 gols de Sacha e Sanchez, Pedro fez para o time carioca \u2013 retratam bem a diferen\u00e7a de estilos. Fluminense de Diniz parece mais comedido, trabalha o tempo todo em ritmo mais lento. \u00c9 uma f\u00f3rmula de risco. N\u00e3o por acaso tem duas derrotas em dois jogos do campeonato.<\/p>\n<p><strong>Entre le\u00f5es e gatinhos<\/strong><\/p>\n<p>Ir\u00f4nica e criativa desde os prim\u00f3rdios, a cr\u00f4nica esportiva carioca criou l\u00e1 pelos anos de 1980 o jarg\u00e3o: jogando em casa \u00e9 um le\u00e3o, fora de casa, um gatinho.<\/p>\n<p><strong><a href=\"http:\/\/chuteirafc.cartacapital.com.br\/corinthians-e-tricampeao-paulista-e-leva-r-22-milhoes-de-premiacao-flamengo-levanta-taca-e-vasco-demite-treinador\/\">Flamengo de Abel Braga<\/a> <\/strong>se encaixa nessa teoria. No Maracan\u00e3, engoliu o Cruzeiro na vit\u00f3ria (3 a 1) de virada na primeira rodada. Um le\u00e3o faminto que cravou as garras no lombo do time mineiro at\u00e9 abater a presa. No Beira-Rio, saiu na frente do Internacional e levou a virada, como um gatinho que pisa no pires e derrama o leite.<\/p>\n<p>Falta a este Flamengo o controle do jogo. Falta equil\u00edbrio no momento de acelerar e depois se acalmar. Se impor, dentro e fora de casa.<\/p>\n<p>Quanto ao Inter, nada de novo. A receita do t\u00e9cnico Odair Helmann \u00e9 marcar territ\u00f3rio com os escudeiros Rodrigo Dourado, Eden\u00edlson e Patrick \u2013 tr\u00eas gladiadores no meio-campo \u2013, e dar suporte a Nico Lopez e Guerrero l\u00e1 na frente.<\/p>\n<p><span class=\"alignnone\"><img data-recalc-dims=\"1\" loading=\"lazy\" decoding=\"async\" class=\"alignnone size-large wp-image-42529 lazyloaded\" src=\"https:\/\/i0.wp.com\/chuteirafc.cartacapital.com.br\/wp-content\/uploads\/2019\/05\/pro4-16-667x1024.jpg?resize=667%2C1024\" alt=\"\" width=\"667\" height=\"1024\" \/><\/span><\/p>\n<p><strong>Crise de identidade<\/strong><\/p>\n<p>Corinthians est\u00e1 diante de uma encruzilhada, sem saber que rumo tomar. A estrat\u00e9gia de se defender sempre, n\u00e3o levar sustos e beliscar no vacilo do advers\u00e1rio, parece fora de prop\u00f3sito neste momento. Contra a Chapecoense \u2013 terceiro jogo entre os dois, contando os confrontos da Copa do Brasil \u2013, time de Carille venceu \u2013 1 a 0, gol de Carlos Augusto (<em>foto<\/em>) \u2013 mesmo travado mais uma vez. Treinador alegou cansa\u00e7o da maioria de seus jogadores, efeito das exig\u00eancias do Paulist\u00e3o e fases de classifica\u00e7\u00e3o da Copa do Brasil. Mais que cansa\u00e7o, Corinthians parece sem identidade em busca de um novo modelo.<\/p>\n<p>A pergunta: Carille tem capacidade para reinventar o time sem os dogmas de seu passado recente no clube?<\/p>\n<p><strong>M\u00e3o errada<\/strong><\/p>\n<p>Felip\u00e3o deve ter l\u00e1 sua raz\u00f5es para trocar 11 jogadores de uma rodada a outra no Brasileir\u00e3o. Na primeira, com os titulares, asfixiou o Fortaleza sem desapertar o n\u00f3. Na segunda, mesmo com reservas qualificados, n\u00e3o se imp\u00f4s diante do modest\u00edssimo CSA em Macei\u00f3 \u2013 empate 1 a 1, Raphael Veiga (<em>foto<\/em>) fez gol dos verdes. Este segundo time do Palmeiras tinha peso suficiente para derrotar um advers\u00e1rio que vem da S\u00e9rie B e t\u00e3o s\u00f3lido como um castelo de areia. <strong><a href=\"http:\/\/chuteirafc.cartacapital.com.br\/var-anula-penalti-do-palmeiras\/\">Uma li\u00e7\u00e3o a Felip\u00e3o<\/a> <\/strong>que se apoia no modelo vitorioso de 2018 quando estabeleceu rod\u00edzio de jogadores e vestiu a faixa de campe\u00e3o ao final da brincadeira.<\/p>\n<p><span class=\"alignnone\"><img data-recalc-dims=\"1\" loading=\"lazy\" decoding=\"async\" class=\"alignnone size-large wp-image-42527 lazyloaded\" src=\"https:\/\/i0.wp.com\/chuteirafc.cartacapital.com.br\/wp-content\/uploads\/2019\/05\/D5hiS51X4AAmB__-952x1024.jpg?resize=669%2C720\" alt=\"\" width=\"669\" height=\"720\" \/><\/span><\/p>\n<p><strong>Gr\u00eamio e Vasco afundam<\/strong><\/p>\n<p>Renato Ga\u00facho est\u00e1 preocupado, e com raz\u00e3o. Seu <strong><a href=\"http:\/\/chuteirafc.cartacapital.com.br\/libertadores-gremio-despenca-e-contribui-com-fracassos-do-futebol-brasileiro\/\">Gr\u00eamio perde poder de fogo<\/a><\/strong> e n\u00e3o consegue liquidar os advers\u00e1rios. Contra o Santos na primeira rodada, martelou pedras e n\u00e3o desmanchou a pedreira. Na segunda rodada, repetiu a dose diante do Ava\u00ed fora de casa. A f\u00f3rmula do futebol bem jogado, vertical, n\u00e3o tem sido suficiente para vencer. Renato precisa, urgente, repensar sua linha de ataque e obrigar a turma a chutar mais a gol. Em dois jogos, soma apenas um ponto.<\/p>\n<p>E o que dizer do Vasco? Duas rodadas, duas derrotas. Nau \u00e0 deriva, sem trocadilho. Sem treinador efetivo, sem grupo definido. Sem nada. Vasco entra na zona perigosa da areia movedi\u00e7a. Ou pega logo na corda da salva\u00e7\u00e3o ou a cada movimento marcado por desespero se afunda ainda mais.<\/p>\n<p>Atl\u00e9tico-MG tamb\u00e9m est\u00e1 sem t\u00e9cnico efetivo. Mas, diferente do Vasco, vem com um interino desde a decis\u00e3o do Campeonato Mineiro. Interino acostumado com os profissionais e at\u00e9 por isso encontra mais facilidade na gest\u00e3o dos jogadores. Dois jogos, duas vit\u00f3rias. \u00c9 um bom come\u00e7o, simples assim.<\/p>\n<p>S\u00f3 para lembrar: o interino do Vasco vem das categorias de base do clube carioca.<\/p>\n<blockquote><p><em><strong>Confira resultados da segunda rodada do Brasileir\u00e3o 2019:<\/strong><\/em><\/p>\n<p><strong>Quarta-feira (01\/5)<\/strong><\/p>\n<p>Internacional <strong>2 x 1<\/strong> Flamengo<\/p>\n<p>CSA <strong>1 x 1<\/strong> Palmeiras<\/p>\n<p>Goi\u00e1s <strong>1 x 2<\/strong> S\u00e3o Paulo<\/p>\n<p>Vasco <strong>1 x 2<\/strong> Atl\u00e9tico-MG<\/p>\n<p>Cruzeiro <strong>1 x 0<\/strong> Cear\u00e1<\/p>\n<p>Fortaleza <strong>2 x 1<\/strong> Athletico-PR<\/p>\n<p>Ava\u00ed <strong>1 x 1<\/strong> Gr\u00eamio<\/p>\n<p>Corinthians <strong>1 x 0<\/strong> Chapecoense<\/p>\n<p><strong>Quinta-feira (02\/5)<\/strong><\/p>\n<p>Santos <strong>2 x 1<\/strong> Fluminense<\/p>\n<p>Botafogo <strong>3 x 2<\/strong> Bahia<\/p><\/blockquote>\n<p><em><strong>Confira classifica\u00e7\u00e3o do Brasileir\u00e3o 2019 com duas rodadas<\/strong><\/em><\/p>\n<p><span class=\"alignnone\"><img data-recalc-dims=\"1\" loading=\"lazy\" decoding=\"async\" data-attachment-id=\"42568\" data-permalink=\"https:\/\/blogdoprosperi.com\/?attachment_id=42568\" data-orig-file=\"https:\/\/i0.wp.com\/blogdoprosperi.com\/wp-content\/uploads\/2024\/06\/53786746972_62251411b4_c.jpg?fit=799%2C532&amp;ssl=1\" data-orig-size=\"799,532\" data-comments-opened=\"1\" data-image-meta=\"{&quot;aperture&quot;:&quot;0&quot;,&quot;credit&quot;:&quot;RAFAEL RIBEIRO\/CBF&quot;,&quot;camera&quot;:&quot;&quot;,&quot;caption&quot;:&quot;&quot;,&quot;created_timestamp&quot;:&quot;0&quot;,&quot;copyright&quot;:&quot;RAFAEL RIBEIRO\/CBF&quot;,&quot;focal_length&quot;:&quot;0&quot;,&quot;iso&quot;:&quot;0&quot;,&quot;shutter_speed&quot;:&quot;0&quot;,&quot;title&quot;:&quot;&quot;,&quot;orientation&quot;:&quot;0&quot;}\" data-image-title=\"Vini Jr n\u00e3o brilha contra EUA\" data-image-description=\"\" data-image-caption=\"&lt;p&gt;Vini Jr tem atua\u00e7\u00e3o discreta contra EUA &amp;#8211; foto: CBF&lt;\/p&gt;\n\" data-large-file=\"https:\/\/i0.wp.com\/blogdoprosperi.com\/wp-content\/uploads\/2024\/06\/53786746972_62251411b4_c.jpg?fit=799%2C532&amp;ssl=1\" class=\"alignnone size-large wp-image-42568 lazyloaded\" src=\"https:\/\/i0.wp.com\/chuteirafc.cartacapital.com.br\/wp-content\/uploads\/2019\/05\/Captura-de-Tela-2019-05-03-%C3%A0s-10.22.41-808x1024.png?resize=669%2C848\" alt=\"\" width=\"669\" height=\"848\" \/><\/span><\/p>\n<div id=\"Chuteira_Post_Bottom\"><em><strong>(<a href=\"http:\/\/chuteirafc.cartacapital.com.br\">post publicado no Chuteira FC \u2013 leia mais informa\u00e7\u00f5es do futebol)<\/a><\/strong><\/em><\/div>\n","protected":false},"excerpt":{"rendered":"<p>S\u00e3o Paulo manda um recado aos concorrentes e vira destaque nesta segunda rodada do Brasileir\u00e3o 2019. A vit\u00f3ria [&hellip;]<\/p>\n","protected":false},"author":102107496,"featured_media":37674,"comment_status":"open","ping_status":"open","sticky":false,"template":"","format":"standard","meta":{"_coblocks_attr":"","_coblocks_dimensions":"","_coblocks_responsive_height":"","_coblocks_accordion_ie_support":"","_jetpack_newsletter_access":"","_jetpack_dont_email_post_to_subs":false,"_jetpack_newsletter_tier_id":0,"_jetpack_memberships_contains_paywalled_content":false,"_wpcom_ai_launchpad_first_post":false,"_jetpack_feature_clip_id":0,"_jetpack_memberships_contains_paid_content":false,"footnotes":"","jetpack_publicize_message":"Brasileir\u00e3o \/ an\u00e1lise 2\u00aa rodada: S\u00e3o Paulo apresenta suas credenciais, Santos pede passagem e Flamengo afunda.","jetpack_publicize_feature_enabled":true,"jetpack_social_post_already_shared":false,"jetpack_social_options":{"image_generator_settings":{"template":"highway","default_image_id":0,"font":"","enabled":false},"version":2},"jetpack_post_was_ever_published":false},"categories":[53870],"tags":[444908994,449299,789560560,678475488,678475489,541767992,972018,187836],"class_list":["post-37673","post","type-post","status-publish","format-standard","has-post-thumbnail","hentry","category-futebol","tag-brasileirao-2019","tag-flamengo","tag-futebol","tag-goias-1-x-2-sao-paulo-fc","tag-sampaoli-x-diniz","tag-santos-2-x-1-fluminense","tag-sao-paulo-fc","tag-toro"],"yoast_head":"<!-- This site is optimized with the Yoast SEO plugin v28.3 - https:\/\/yoast.com\/product\/yoast-seo-wordpress\/ -->\n<title>Brasileir\u00e3o \/ an\u00e1lise 2\u00aa rodada: S\u00e3o Paulo apresenta suas credenciais, Santos pede passagem e Flamengo afunda - PR\u00d3SPERI NEWS<\/title>\n<meta name=\"robots\" content=\"index, follow, max-snippet:-1, max-image-preview:large, max-video-preview:-1\" \/>\n<link rel=\"canonical\" href=\"https:\/\/blogdoprosperi.com\/?p=37673\" \/>\n<meta property=\"og:locale\" content=\"pt_BR\" \/>\n<meta property=\"og:type\" content=\"article\" \/>\n<meta property=\"og:title\" content=\"Brasileir\u00e3o \/ an\u00e1lise 2\u00aa rodada: S\u00e3o Paulo apresenta suas credenciais, Santos pede passagem e Flamengo afunda - PR\u00d3SPERI NEWS\" \/>\n<meta property=\"og:description\" content=\"S\u00e3o Paulo manda um recado aos concorrentes e vira destaque nesta segunda rodada do Brasileir\u00e3o 2019. A vit\u00f3ria [&hellip;]\" \/>\n<meta property=\"og:url\" content=\"https:\/\/blogdoprosperi.com\/?p=37673\" \/>\n<meta property=\"og:site_name\" content=\"PR\u00d3SPERI NEWS\" \/>\n<meta property=\"article:publisher\" content=\"Luiz Pr\u00f3speri\" \/>\n<meta property=\"article:author\" content=\"Luiz Pr\u00f3speri\" \/>\n<meta property=\"article:published_time\" content=\"2019-05-03T13:50:04+00:00\" \/>\n<meta property=\"og:image\" content=\"https:\/\/i0.wp.com\/blogdoprosperi.com\/wp-content\/uploads\/2019\/05\/5cca5dcc72dd1.jpeg?fit=1080%2C680&ssl=1\" \/>\n\t<meta property=\"og:image:width\" content=\"1080\" \/>\n\t<meta property=\"og:image:height\" content=\"680\" \/>\n\t<meta property=\"og:image:type\" content=\"image\/jpeg\" \/>\n<meta name=\"author\" content=\"Luiz Ant\u00f4nio Pr\u00f3speri\" \/>\n<meta name=\"twitter:card\" content=\"summary_large_image\" \/>\n<meta name=\"twitter:creator\" content=\"@Luizprosperi\" \/>\n<meta name=\"twitter:site\" content=\"@Luizprosperi\" \/>\n<meta name=\"twitter:label1\" content=\"Escrito por\" \/>\n\t<meta name=\"twitter:data1\" content=\"Luiz Ant\u00f4nio Pr\u00f3speri\" \/>\n\t<meta name=\"twitter:label2\" content=\"Est. tempo de leitura\" \/>\n\t<meta name=\"twitter:data2\" content=\"5 minutos\" \/>\n<script type=\"application\/ld+json\" class=\"yoast-schema-graph\">{\"@context\":\"https:\\\/\\\/schema.org\",\"@graph\":[{\"@type\":\"Article\",\"@id\":\"https:\\\/\\\/blogdoprosperi.com\\\/?p=37673#article\",\"isPartOf\":{\"@id\":\"https:\\\/\\\/blogdoprosperi.com\\\/?p=37673\"},\"author\":{\"name\":\"Luiz Ant\u00f4nio Pr\u00f3speri\",\"@id\":\"https:\\\/\\\/blogdoprosperi.com\\\/#\\\/schema\\\/person\\\/38100755ce3601861ee4fab9b5aa78e9\"},\"headline\":\"Brasileir\u00e3o \\\/ an\u00e1lise 2\u00aa rodada: S\u00e3o Paulo apresenta suas credenciais, Santos pede passagem e Flamengo afunda\",\"datePublished\":\"2019-05-03T13:50:04+00:00\",\"mainEntityOfPage\":{\"@id\":\"https:\\\/\\\/blogdoprosperi.com\\\/?p=37673\"},\"wordCount\":1066,\"commentCount\":0,\"publisher\":{\"@id\":\"https:\\\/\\\/blogdoprosperi.com\\\/#\\\/schema\\\/person\\\/38100755ce3601861ee4fab9b5aa78e9\"},\"image\":{\"@id\":\"https:\\\/\\\/blogdoprosperi.com\\\/?p=37673#primaryimage\"},\"thumbnailUrl\":\"https:\\\/\\\/i0.wp.com\\\/blogdoprosperi.com\\\/wp-content\\\/uploads\\\/2019\\\/05\\\/5cca5dcc72dd1.jpeg?fit=1080%2C680&ssl=1\",\"keywords\":[\"brasileir\u00e3o 2019\",\"Flamengo\",\"futebol\",\"goi\u00e1s 1 x 2 s\u00e3o paulo fc\",\"Sampaoli x diniz\",\"santos 2 x 1 fluminense\",\"S\u00e3o Paulo FC\",\"tor\u00f3\"],\"articleSection\":[\"futebol\"],\"inLanguage\":\"pt-BR\",\"potentialAction\":[{\"@type\":\"CommentAction\",\"name\":\"Comment\",\"target\":[\"https:\\\/\\\/blogdoprosperi.com\\\/?p=37673#respond\"]}]},{\"@type\":\"WebPage\",\"@id\":\"https:\\\/\\\/blogdoprosperi.com\\\/?p=37673\",\"url\":\"https:\\\/\\\/blogdoprosperi.com\\\/?p=37673\",\"name\":\"Brasileir\u00e3o \\\/ an\u00e1lise 2\u00aa rodada: S\u00e3o Paulo apresenta suas credenciais, Santos pede passagem e Flamengo afunda - PR\u00d3SPERI NEWS\",\"isPartOf\":{\"@id\":\"https:\\\/\\\/blogdoprosperi.com\\\/#website\"},\"primaryImageOfPage\":{\"@id\":\"https:\\\/\\\/blogdoprosperi.com\\\/?p=37673#primaryimage\"},\"image\":{\"@id\":\"https:\\\/\\\/blogdoprosperi.com\\\/?p=37673#primaryimage\"},\"thumbnailUrl\":\"https:\\\/\\\/i0.wp.com\\\/blogdoprosperi.com\\\/wp-content\\\/uploads\\\/2019\\\/05\\\/5cca5dcc72dd1.jpeg?fit=1080%2C680&ssl=1\",\"datePublished\":\"2019-05-03T13:50:04+00:00\",\"breadcrumb\":{\"@id\":\"https:\\\/\\\/blogdoprosperi.com\\\/?p=37673#breadcrumb\"},\"inLanguage\":\"pt-BR\",\"potentialAction\":[{\"@type\":\"ReadAction\",\"target\":[\"https:\\\/\\\/blogdoprosperi.com\\\/?p=37673\"]}]},{\"@type\":\"ImageObject\",\"inLanguage\":\"pt-BR\",\"@id\":\"https:\\\/\\\/blogdoprosperi.com\\\/?p=37673#primaryimage\",\"url\":\"https:\\\/\\\/i0.wp.com\\\/blogdoprosperi.com\\\/wp-content\\\/uploads\\\/2019\\\/05\\\/5cca5dcc72dd1.jpeg?fit=1080%2C680&ssl=1\",\"contentUrl\":\"https:\\\/\\\/i0.wp.com\\\/blogdoprosperi.com\\\/wp-content\\\/uploads\\\/2019\\\/05\\\/5cca5dcc72dd1.jpeg?fit=1080%2C680&ssl=1\",\"width\":1080,\"height\":680,\"caption\":\"Tor\u00f3 deixa sua marca na vit\u00f3ria do S\u00e3o Paulo contra Goi\u00e1s \u2013 foto: s\u00e3o paulo fc\"},{\"@type\":\"BreadcrumbList\",\"@id\":\"https:\\\/\\\/blogdoprosperi.com\\\/?p=37673#breadcrumb\",\"itemListElement\":[{\"@type\":\"ListItem\",\"position\":1,\"name\":\"In\u00edcio\",\"item\":\"https:\\\/\\\/blogdoprosperi.com\\\/\"},{\"@type\":\"ListItem\",\"position\":2,\"name\":\"Brasileir\u00e3o \\\/ an\u00e1lise 2\u00aa rodada: S\u00e3o Paulo apresenta suas credenciais, Santos pede passagem e Flamengo afunda\"}]},{\"@type\":\"WebSite\",\"@id\":\"https:\\\/\\\/blogdoprosperi.com\\\/#website\",\"url\":\"https:\\\/\\\/blogdoprosperi.com\\\/\",\"name\":\"PR\u00d3SPERI NEWS\",\"description\":\"TUDO \u00c9  FUTEBOL\",\"publisher\":{\"@id\":\"https:\\\/\\\/blogdoprosperi.com\\\/#\\\/schema\\\/person\\\/38100755ce3601861ee4fab9b5aa78e9\"},\"alternateName\":\"blogdoprosperi.com\",\"potentialAction\":[{\"@type\":\"SearchAction\",\"target\":{\"@type\":\"EntryPoint\",\"urlTemplate\":\"https:\\\/\\\/blogdoprosperi.com\\\/?s={search_term_string}\"},\"query-input\":{\"@type\":\"PropertyValueSpecification\",\"valueRequired\":true,\"valueName\":\"search_term_string\"}}],\"inLanguage\":\"pt-BR\"},{\"@type\":[\"Person\",\"Organization\"],\"@id\":\"https:\\\/\\\/blogdoprosperi.com\\\/#\\\/schema\\\/person\\\/38100755ce3601861ee4fab9b5aa78e9\",\"name\":\"Luiz Ant\u00f4nio Pr\u00f3speri\",\"pronouns\":\"ele\",\"image\":{\"@type\":\"ImageObject\",\"inLanguage\":\"pt-BR\",\"@id\":\"https:\\\/\\\/i0.wp.com\\\/blogdoprosperi.com\\\/wp-content\\\/uploads\\\/2026\\\/05\\\/cropped-8059e613-6002-42fa-961e-8e275f575d71-2-5.jpg?fit=1360%2C931&ssl=1\",\"url\":\"https:\\\/\\\/i0.wp.com\\\/blogdoprosperi.com\\\/wp-content\\\/uploads\\\/2026\\\/05\\\/cropped-8059e613-6002-42fa-961e-8e275f575d71-2-5.jpg?fit=1360%2C931&ssl=1\",\"contentUrl\":\"https:\\\/\\\/i0.wp.com\\\/blogdoprosperi.com\\\/wp-content\\\/uploads\\\/2026\\\/05\\\/cropped-8059e613-6002-42fa-961e-8e275f575d71-2-5.jpg?fit=1360%2C931&ssl=1\",\"width\":1360,\"height\":931,\"caption\":\"Luiz Ant\u00f4nio Pr\u00f3speri\"},\"logo\":{\"@id\":\"https:\\\/\\\/i0.wp.com\\\/blogdoprosperi.com\\\/wp-content\\\/uploads\\\/2026\\\/05\\\/cropped-8059e613-6002-42fa-961e-8e275f575d71-2-5.jpg?fit=1360%2C931&ssl=1\"},\"description\":\"Jornalista com carreira dedicada ao esporte. Cobriu 9 Copas do Mundo in loco, 1990 na It\u00e1lia, 1994 nos EUA, 1998 na Fran\u00e7a, 2002 na Coreia do Sul e Jap\u00e3o, 2006 na Alemanha, 2010 na \u00c1frica do Sul, 2014 no Brasil, 2018 na R\u00fassia e 2022 no Qatar. Eurocopas, 1992 na Su\u00e9cia e 1996 na Inglaterra. Copa das Confedera\u00e7\u00f5es de 2005 na Alemanha e 2009 na \u00c1frica do Sul. Rep\u00f3rter e Editor, trabalhou no Jornal da Tarde e Estad\u00e3o, de 1984 a fevereiro de 2016. Colunista, blogueiro. E comentarista de futebol na R\u00e1dio Estad\u00e3o, de 2013 a fevereiro de 2016. Jornalista respons\u00e1vel do \\\"Pr\u00f3speri News\\\" (blogdoprosperi.com).\",\"sameAs\":[\"http:\\\/\\\/blogdoprosperi.com\",\"Luiz Pr\u00f3speri\",\"@luiz_prosperi\",\"https:\\\/\\\/x.com\\\/Luizprosperi\",\"@prosperinacopa\",\"luiz.prosperi@icloud.com\"],\"url\":\"https:\\\/\\\/blogdoprosperi.com\\\/?author=102107496\"}]}<\/script>\n<!-- \/ Yoast SEO plugin. -->","yoast_head_json":{"title":"Brasileir\u00e3o \/ an\u00e1lise 2\u00aa rodada: S\u00e3o Paulo apresenta suas credenciais, Santos pede passagem e Flamengo afunda - PR\u00d3SPERI NEWS","robots":{"index":"index","follow":"follow","max-snippet":"max-snippet:-1","max-image-preview":"max-image-preview:large","max-video-preview":"max-video-preview:-1"},"canonical":"https:\/\/blogdoprosperi.com\/?p=37673","og_locale":"pt_BR","og_type":"article","og_title":"Brasileir\u00e3o \/ an\u00e1lise 2\u00aa rodada: S\u00e3o Paulo apresenta suas credenciais, Santos pede passagem e Flamengo afunda - PR\u00d3SPERI NEWS","og_description":"S\u00e3o Paulo manda um recado aos concorrentes e vira destaque nesta segunda rodada do Brasileir\u00e3o 2019. A vit\u00f3ria [&hellip;]","og_url":"https:\/\/blogdoprosperi.com\/?p=37673","og_site_name":"PR\u00d3SPERI NEWS","article_publisher":"Luiz Pr\u00f3speri","article_author":"Luiz Pr\u00f3speri","article_published_time":"2019-05-03T13:50:04+00:00","og_image":[{"width":1080,"height":680,"url":"https:\/\/i0.wp.com\/blogdoprosperi.com\/wp-content\/uploads\/2019\/05\/5cca5dcc72dd1.jpeg?fit=1080%2C680&ssl=1","type":"image\/jpeg"}],"author":"Luiz Ant\u00f4nio Pr\u00f3speri","twitter_card":"summary_large_image","twitter_creator":"@Luizprosperi","twitter_site":"@Luizprosperi","twitter_misc":{"Escrito por":"Luiz Ant\u00f4nio Pr\u00f3speri","Est. tempo de leitura":"5 minutos"},"schema":{"@context":"https:\/\/schema.org","@graph":[{"@type":"Article","@id":"https:\/\/blogdoprosperi.com\/?p=37673#article","isPartOf":{"@id":"https:\/\/blogdoprosperi.com\/?p=37673"},"author":{"name":"Luiz Ant\u00f4nio Pr\u00f3speri","@id":"https:\/\/blogdoprosperi.com\/#\/schema\/person\/38100755ce3601861ee4fab9b5aa78e9"},"headline":"Brasileir\u00e3o \/ an\u00e1lise 2\u00aa rodada: S\u00e3o Paulo apresenta suas credenciais, Santos pede passagem e Flamengo afunda","datePublished":"2019-05-03T13:50:04+00:00","mainEntityOfPage":{"@id":"https:\/\/blogdoprosperi.com\/?p=37673"},"wordCount":1066,"commentCount":0,"publisher":{"@id":"https:\/\/blogdoprosperi.com\/#\/schema\/person\/38100755ce3601861ee4fab9b5aa78e9"},"image":{"@id":"https:\/\/blogdoprosperi.com\/?p=37673#primaryimage"},"thumbnailUrl":"https:\/\/i0.wp.com\/blogdoprosperi.com\/wp-content\/uploads\/2019\/05\/5cca5dcc72dd1.jpeg?fit=1080%2C680&ssl=1","keywords":["brasileir\u00e3o 2019","Flamengo","futebol","goi\u00e1s 1 x 2 s\u00e3o paulo fc","Sampaoli x diniz","santos 2 x 1 fluminense","S\u00e3o Paulo FC","tor\u00f3"],"articleSection":["futebol"],"inLanguage":"pt-BR","potentialAction":[{"@type":"CommentAction","name":"Comment","target":["https:\/\/blogdoprosperi.com\/?p=37673#respond"]}]},{"@type":"WebPage","@id":"https:\/\/blogdoprosperi.com\/?p=37673","url":"https:\/\/blogdoprosperi.com\/?p=37673","name":"Brasileir\u00e3o \/ an\u00e1lise 2\u00aa rodada: S\u00e3o Paulo apresenta suas credenciais, Santos pede passagem e Flamengo afunda - PR\u00d3SPERI NEWS","isPartOf":{"@id":"https:\/\/blogdoprosperi.com\/#website"},"primaryImageOfPage":{"@id":"https:\/\/blogdoprosperi.com\/?p=37673#primaryimage"},"image":{"@id":"https:\/\/blogdoprosperi.com\/?p=37673#primaryimage"},"thumbnailUrl":"https:\/\/i0.wp.com\/blogdoprosperi.com\/wp-content\/uploads\/2019\/05\/5cca5dcc72dd1.jpeg?fit=1080%2C680&ssl=1","datePublished":"2019-05-03T13:50:04+00:00","breadcrumb":{"@id":"https:\/\/blogdoprosperi.com\/?p=37673#breadcrumb"},"inLanguage":"pt-BR","potentialAction":[{"@type":"ReadAction","target":["https:\/\/blogdoprosperi.com\/?p=37673"]}]},{"@type":"ImageObject","inLanguage":"pt-BR","@id":"https:\/\/blogdoprosperi.com\/?p=37673#primaryimage","url":"https:\/\/i0.wp.com\/blogdoprosperi.com\/wp-content\/uploads\/2019\/05\/5cca5dcc72dd1.jpeg?fit=1080%2C680&ssl=1","contentUrl":"https:\/\/i0.wp.com\/blogdoprosperi.com\/wp-content\/uploads\/2019\/05\/5cca5dcc72dd1.jpeg?fit=1080%2C680&ssl=1","width":1080,"height":680,"caption":"Tor\u00f3 deixa sua marca na vit\u00f3ria do S\u00e3o Paulo contra Goi\u00e1s \u2013 foto: s\u00e3o paulo fc"},{"@type":"BreadcrumbList","@id":"https:\/\/blogdoprosperi.com\/?p=37673#breadcrumb","itemListElement":[{"@type":"ListItem","position":1,"name":"In\u00edcio","item":"https:\/\/blogdoprosperi.com\/"},{"@type":"ListItem","position":2,"name":"Brasileir\u00e3o \/ an\u00e1lise 2\u00aa rodada: S\u00e3o Paulo apresenta suas credenciais, Santos pede passagem e Flamengo afunda"}]},{"@type":"WebSite","@id":"https:\/\/blogdoprosperi.com\/#website","url":"https:\/\/blogdoprosperi.com\/","name":"PR\u00d3SPERI NEWS","description":"TUDO \u00c9  FUTEBOL","publisher":{"@id":"https:\/\/blogdoprosperi.com\/#\/schema\/person\/38100755ce3601861ee4fab9b5aa78e9"},"alternateName":"blogdoprosperi.com","potentialAction":[{"@type":"SearchAction","target":{"@type":"EntryPoint","urlTemplate":"https:\/\/blogdoprosperi.com\/?s={search_term_string}"},"query-input":{"@type":"PropertyValueSpecification","valueRequired":true,"valueName":"search_term_string"}}],"inLanguage":"pt-BR"},{"@type":["Person","Organization"],"@id":"https:\/\/blogdoprosperi.com\/#\/schema\/person\/38100755ce3601861ee4fab9b5aa78e9","name":"Luiz Ant\u00f4nio Pr\u00f3speri","pronouns":"ele","image":{"@type":"ImageObject","inLanguage":"pt-BR","@id":"https:\/\/i0.wp.com\/blogdoprosperi.com\/wp-content\/uploads\/2026\/05\/cropped-8059e613-6002-42fa-961e-8e275f575d71-2-5.jpg?fit=1360%2C931&ssl=1","url":"https:\/\/i0.wp.com\/blogdoprosperi.com\/wp-content\/uploads\/2026\/05\/cropped-8059e613-6002-42fa-961e-8e275f575d71-2-5.jpg?fit=1360%2C931&ssl=1","contentUrl":"https:\/\/i0.wp.com\/blogdoprosperi.com\/wp-content\/uploads\/2026\/05\/cropped-8059e613-6002-42fa-961e-8e275f575d71-2-5.jpg?fit=1360%2C931&ssl=1","width":1360,"height":931,"caption":"Luiz Ant\u00f4nio Pr\u00f3speri"},"logo":{"@id":"https:\/\/i0.wp.com\/blogdoprosperi.com\/wp-content\/uploads\/2026\/05\/cropped-8059e613-6002-42fa-961e-8e275f575d71-2-5.jpg?fit=1360%2C931&ssl=1"},"description":"Jornalista com carreira dedicada ao esporte. Cobriu 9 Copas do Mundo in loco, 1990 na It\u00e1lia, 1994 nos EUA, 1998 na Fran\u00e7a, 2002 na Coreia do Sul e Jap\u00e3o, 2006 na Alemanha, 2010 na \u00c1frica do Sul, 2014 no Brasil, 2018 na R\u00fassia e 2022 no Qatar. Eurocopas, 1992 na Su\u00e9cia e 1996 na Inglaterra. Copa das Confedera\u00e7\u00f5es de 2005 na Alemanha e 2009 na \u00c1frica do Sul. Rep\u00f3rter e Editor, trabalhou no Jornal da Tarde e Estad\u00e3o, de 1984 a fevereiro de 2016. Colunista, blogueiro. E comentarista de futebol na R\u00e1dio Estad\u00e3o, de 2013 a fevereiro de 2016. Jornalista respons\u00e1vel do \"Pr\u00f3speri News\" (blogdoprosperi.com).","sameAs":["http:\/\/blogdoprosperi.com","Luiz Pr\u00f3speri","@luiz_prosperi","https:\/\/x.com\/Luizprosperi","@prosperinacopa","luiz.prosperi@icloud.com"],"url":"https:\/\/blogdoprosperi.com\/?author=102107496"}]}},"jetpack_publicize_connections":[],"jetpack_likes_enabled":false,"jetpack_sharing_enabled":true,"jetpack_shortlink":"https:\/\/wp.me\/p7jvdk-9ND","jetpack-related-posts":[{"id":37688,"url":"https:\/\/blogdoprosperi.com\/?p=37688","url_meta":{"origin":37673,"position":0},"title":"Brasileir\u00e3o 2019 \/ an\u00e1lise 3\u00aa rodada: Fernando Diniz renova debate do futebol com virada do Fluminense. Atl\u00e9tico Mineiro vira l\u00edder improv\u00e1vel","author":"Luiz Ant\u00f4nio Pr\u00f3speri","date":"6 de maio de 2019","format":false,"excerpt":"Brasileir\u00e3o 2019 \/ an\u00e1lise 3\u00aa rodada: Fernando Diniz renova debate do futebol brasileiro com virada do Fluminense em cima do Gr\u00eamio.","rel":"","context":"Em &quot;futebol&quot;","block_context":{"text":"futebol","link":"https:\/\/blogdoprosperi.com\/?cat=53870"},"img":{"alt_text":"","src":"https:\/\/i0.wp.com\/blogdoprosperi.com\/wp-content\/uploads\/2019\/05\/33505743718_645f3db8b3_b.jpg?fit=1024%2C576&ssl=1&resize=350%2C200","width":350,"height":200,"srcset":"https:\/\/i0.wp.com\/blogdoprosperi.com\/wp-content\/uploads\/2019\/05\/33505743718_645f3db8b3_b.jpg?fit=1024%2C576&ssl=1&resize=350%2C200 1x, https:\/\/i0.wp.com\/blogdoprosperi.com\/wp-content\/uploads\/2019\/05\/33505743718_645f3db8b3_b.jpg?fit=1024%2C576&ssl=1&resize=525%2C300 1.5x, https:\/\/i0.wp.com\/blogdoprosperi.com\/wp-content\/uploads\/2019\/05\/33505743718_645f3db8b3_b.jpg?fit=1024%2C576&ssl=1&resize=700%2C400 2x"},"classes":[]},{"id":37650,"url":"https:\/\/blogdoprosperi.com\/?p=37650","url_meta":{"origin":37673,"position":1},"title":"Brasileir\u00e3o 2019 \/ an\u00e1lise 1\u00aa rodada: Flamengo, Palmeiras e Santos mostram for\u00e7a, Corinthians e Cruzeiro decepcionam","author":"Luiz Ant\u00f4nio Pr\u00f3speri","date":"29 de abril de 2019","format":false,"excerpt":"Brasileir\u00e3o 2019 come\u00e7a com boas not\u00edcias nesta primeira rodada. De imediato a surpreendente m\u00e9dia de 3,3 gols \u2013 total de 33 gols em dez jogos \u2013 contra m\u00e9dia de 2,7 em 2018. Nenhuma partida acabou em 0 a 0. Palmeiras, Flamengo, Athletico-PR, Santos e S\u00e3o Paulo mostraram bons argumentos na\u2026","rel":"","context":"Em &quot;Campeonato Brasileiro&quot;","block_context":{"text":"Campeonato Brasileiro","link":"https:\/\/blogdoprosperi.com\/?cat=355071"},"img":{"alt_text":"Bruno Henrique suspeito no caso de apostas esportivas","src":"https:\/\/i0.wp.com\/blogdoprosperi.com\/wp-content\/uploads\/2019\/04\/20190427222732_406.jpeg?fit=974%2C546&ssl=1&resize=350%2C200","width":350,"height":200,"srcset":"https:\/\/i0.wp.com\/blogdoprosperi.com\/wp-content\/uploads\/2019\/04\/20190427222732_406.jpeg?fit=974%2C546&ssl=1&resize=350%2C200 1x, https:\/\/i0.wp.com\/blogdoprosperi.com\/wp-content\/uploads\/2019\/04\/20190427222732_406.jpeg?fit=974%2C546&ssl=1&resize=525%2C300 1.5x, https:\/\/i0.wp.com\/blogdoprosperi.com\/wp-content\/uploads\/2019\/04\/20190427222732_406.jpeg?fit=974%2C546&ssl=1&resize=700%2C400 2x"},"classes":[]},{"id":62139,"url":"https:\/\/blogdoprosperi.com\/?p=62139","url_meta":{"origin":37673,"position":2},"title":"An\u00e1lise | Brasileir\u00e3o 23\u00aa rodada: Sova nos paulistas e Flamengo encosta no Palmeiras","author":"Luiz Ant\u00f4nio Pr\u00f3speri","date":"17 de agosto de 2026","format":false,"excerpt":"Luiz Ant\u00f4nio Pr\u00f3speri \u2013 17 agosto 2026 (12h04) Times paulistas levam uma sova na 23\u00aa rodada do Brasileir\u00e3o 2026. Tr\u00eas derrotas, dois empates, um dentro e outro fora de casa, e apenas uma vit\u00f3ria de peso. As lavadas: Palmeiras cai (3 a 2) no Maracan\u00e3 diante do Fluminense. Corinthians sofre\u2026","rel":"","context":"Em &quot;\u00daltimas&quot;","block_context":{"text":"\u00daltimas","link":"https:\/\/blogdoprosperi.com\/?cat=283656"},"img":{"alt_text":"","src":"https:\/\/i0.wp.com\/blogdoprosperi.com\/wp-content\/uploads\/2026\/08\/midia_6a8250f27ae1d.webp?fit=1200%2C800&ssl=1&resize=350%2C200","width":350,"height":200,"srcset":"https:\/\/i0.wp.com\/blogdoprosperi.com\/wp-content\/uploads\/2026\/08\/midia_6a8250f27ae1d.webp?fit=1200%2C800&ssl=1&resize=350%2C200 1x, https:\/\/i0.wp.com\/blogdoprosperi.com\/wp-content\/uploads\/2026\/08\/midia_6a8250f27ae1d.webp?fit=1200%2C800&ssl=1&resize=525%2C300 1.5x, https:\/\/i0.wp.com\/blogdoprosperi.com\/wp-content\/uploads\/2026\/08\/midia_6a8250f27ae1d.webp?fit=1200%2C800&ssl=1&resize=700%2C400 2x, https:\/\/i0.wp.com\/blogdoprosperi.com\/wp-content\/uploads\/2026\/08\/midia_6a8250f27ae1d.webp?fit=1200%2C800&ssl=1&resize=1050%2C600 3x"},"classes":[]},{"id":37677,"url":"https:\/\/blogdoprosperi.com\/?p=37677","url_meta":{"origin":37673,"position":3},"title":"Copa do Brasil \/ sorteio: Corinthians e Flamengo abrem oitavas de final, campe\u00e3o pode levar R$ 70 milh\u00f5es","author":"Luiz Ant\u00f4nio Pr\u00f3speri","date":"3 de maio de 2019","format":false,"excerpt":"Copa do Brasil 2019 ter\u00e1 confronto Corinthians x Flamengo nas oitavas de final e mais dois cl\u00e1ssicos nacionais entre Atl\u00e9tico-MG x Santos, e Cruzeiro x Fluminense, de acordo com sorteio realizado nesta quinta-feira (02\/5) na CBF. Esta fase vale R$ 2,5 milh\u00f5es ao clube que se classificar. E a cota\u2026","rel":"","context":"Em &quot;futebol&quot;","block_context":{"text":"futebol","link":"https:\/\/blogdoprosperi.com\/?cat=53870"},"img":{"alt_text":"","src":"https:\/\/i0.wp.com\/blogdoprosperi.com\/wp-content\/uploads\/2019\/05\/d5lpl7tw4autxlf.jpg?fit=1200%2C799&ssl=1&resize=350%2C200","width":350,"height":200,"srcset":"https:\/\/i0.wp.com\/blogdoprosperi.com\/wp-content\/uploads\/2019\/05\/d5lpl7tw4autxlf.jpg?fit=1200%2C799&ssl=1&resize=350%2C200 1x, https:\/\/i0.wp.com\/blogdoprosperi.com\/wp-content\/uploads\/2019\/05\/d5lpl7tw4autxlf.jpg?fit=1200%2C799&ssl=1&resize=525%2C300 1.5x, https:\/\/i0.wp.com\/blogdoprosperi.com\/wp-content\/uploads\/2019\/05\/d5lpl7tw4autxlf.jpg?fit=1200%2C799&ssl=1&resize=700%2C400 2x, https:\/\/i0.wp.com\/blogdoprosperi.com\/wp-content\/uploads\/2019\/05\/d5lpl7tw4autxlf.jpg?fit=1200%2C799&ssl=1&resize=1050%2C600 3x"},"classes":[]},{"id":49407,"url":"https:\/\/blogdoprosperi.com\/?p=49407","url_meta":{"origin":37673,"position":4},"title":"Vaias, Cobran\u00e7as, Abel, Zubeld\u00eda, Queda de T\u00e9cnico e Favoritos| Cinco Temas de Discuss\u00e3o da Primeira Rodada do Brasileir\u00e3o","author":"Luiz Ant\u00f4nio Pr\u00f3speri","date":"31 de mar\u00e7o de 2025","format":false,"excerpt":"Palmeiras e S\u00e3o Paulo, vaias na estreia. Presidente do Santos: \"Inadmiss\u00edvel deixar tr\u00eas pontos aqui, com todo respeito ao Vasco\". Demiss\u00e3o de Mano Menezes no Fluminense. Favoritos \u00a0mornos. Acompanhe 5 pontos de discuss\u00e3o da primeira rodada do Brasileir\u00e3o 2025: Luiz Ant\u00f4nio Pr\u00f3speri \u2013 31 mar\u00e7o (11h35) \u2013 1 VAIAS, CRESCE\u2026","rel":"","context":"Em &quot;futebol&quot;","block_context":{"text":"futebol","link":"https:\/\/blogdoprosperi.com\/?cat=53870"},"img":{"alt_text":"","src":"https:\/\/i0.wp.com\/blogdoprosperi.com\/wp-content\/uploads\/2025\/03\/54420450616_4d050c002a_c.jpg?fit=800%2C450&ssl=1&resize=350%2C200","width":350,"height":200,"srcset":"https:\/\/i0.wp.com\/blogdoprosperi.com\/wp-content\/uploads\/2025\/03\/54420450616_4d050c002a_c.jpg?fit=800%2C450&ssl=1&resize=350%2C200 1x, https:\/\/i0.wp.com\/blogdoprosperi.com\/wp-content\/uploads\/2025\/03\/54420450616_4d050c002a_c.jpg?fit=800%2C450&ssl=1&resize=525%2C300 1.5x, https:\/\/i0.wp.com\/blogdoprosperi.com\/wp-content\/uploads\/2025\/03\/54420450616_4d050c002a_c.jpg?fit=800%2C450&ssl=1&resize=700%2C400 2x"},"classes":[]},{"id":46777,"url":"https:\/\/blogdoprosperi.com\/?p=46777","url_meta":{"origin":37673,"position":5},"title":"Brasileir\u00e3o 2024 | Ta\u00e7a, Dramas, Rebaixamento e Despedidas na \u00daltima Rodada","author":"Luiz Ant\u00f4nio Pr\u00f3speri","date":"7 de dezembro de 2024","format":false,"excerpt":"Luiz Ant\u00f4nio Pr\u00f3speri \u2013 7 dezembro (11h05) \u2013 Brasileir\u00e3o 2024 chega \u00e0 \u00faltima rodada (38.\u00aa) com disputa de t\u00edtulo, pavor do rebaixamento, dramas, despedidas, derrota do futebol para a viol\u00eancia, sucessos e fracassos da SAF e graves problemas de gest\u00e3o da CBF. Muitas hist\u00f3rias ser\u00e3o contadas nesse domingo (08\/12) a\u2026","rel":"","context":"Em &quot;futebol&quot;","block_context":{"text":"futebol","link":"https:\/\/blogdoprosperi.com\/?cat=53870"},"img":{"alt_text":"","src":"https:\/\/i0.wp.com\/blogdoprosperi.com\/wp-content\/uploads\/2024\/12\/trofeu-brasileirao-trivela-scaled-1.jpg?fit=1200%2C675&ssl=1&resize=350%2C200","width":350,"height":200,"srcset":"https:\/\/i0.wp.com\/blogdoprosperi.com\/wp-content\/uploads\/2024\/12\/trofeu-brasileirao-trivela-scaled-1.jpg?fit=1200%2C675&ssl=1&resize=350%2C200 1x, https:\/\/i0.wp.com\/blogdoprosperi.com\/wp-content\/uploads\/2024\/12\/trofeu-brasileirao-trivela-scaled-1.jpg?fit=1200%2C675&ssl=1&resize=525%2C300 1.5x, https:\/\/i0.wp.com\/blogdoprosperi.com\/wp-content\/uploads\/2024\/12\/trofeu-brasileirao-trivela-scaled-1.jpg?fit=1200%2C675&ssl=1&resize=700%2C400 2x, https:\/\/i0.wp.com\/blogdoprosperi.com\/wp-content\/uploads\/2024\/12\/trofeu-brasileirao-trivela-scaled-1.jpg?fit=1200%2C675&ssl=1&resize=1050%2C600 3x"},"classes":[]}],"jetpack_featured_media_url":"https:\/\/i0.wp.com\/blogdoprosperi.com\/wp-content\/uploads\/2019\/05\/5cca5dcc72dd1.jpeg?fit=1080%2C680&ssl=1","_links":{"self":[{"href":"https:\/\/blogdoprosperi.com\/index.php?rest_route=\/wp\/v2\/posts\/37673","targetHints":{"allow":["GET"]}}],"collection":[{"href":"https:\/\/blogdoprosperi.com\/index.php?rest_route=\/wp\/v2\/posts"}],"about":[{"href":"https:\/\/blogdoprosperi.com\/index.php?rest_route=\/wp\/v2\/types\/post"}],"author":[{"embeddable":true,"href":"https:\/\/blogdoprosperi.com\/index.php?rest_route=\/wp\/v2\/users\/102107496"}],"replies":[{"embeddable":true,"href":"https:\/\/blogdoprosperi.com\/index.php?rest_route=%2Fwp%2Fv2%2Fcomments&post=37673"}],"version-history":[{"count":2,"href":"https:\/\/blogdoprosperi.com\/index.php?rest_route=\/wp\/v2\/posts\/37673\/revisions"}],"predecessor-version":[{"id":37676,"href":"https:\/\/blogdoprosperi.com\/index.php?rest_route=\/wp\/v2\/posts\/37673\/revisions\/37676"}],"wp:featuredmedia":[{"embeddable":true,"href":"https:\/\/blogdoprosperi.com\/index.php?rest_route=\/wp\/v2\/media\/37674"}],"wp:attachment":[{"href":"https:\/\/blogdoprosperi.com\/index.php?rest_route=%2Fwp%2Fv2%2Fmedia&parent=37673"}],"wp:term":[{"taxonomy":"category","embeddable":true,"href":"https:\/\/blogdoprosperi.com\/index.php?rest_route=%2Fwp%2Fv2%2Fcategories&post=37673"},{"taxonomy":"post_tag","embeddable":true,"href":"https:\/\/blogdoprosperi.com\/index.php?rest_route=%2Fwp%2Fv2%2Ftags&post=37673"}],"curies":[{"name":"wp","href":"https:\/\/api.w.org\/{rel}","templated":true}]}}