{"id":37688,"date":"2019-05-06T19:36:33","date_gmt":"2019-05-06T22:36:33","guid":{"rendered":"http:\/\/blogdoprosperi.com\/?p=37688"},"modified":"2019-05-06T19:39:05","modified_gmt":"2019-05-06T22:39:05","slug":"brasileirao-2019-analise-3a-rodada-fernando-diniz-renova-debate-do-futebol-com-virada-do-fluminense-atletico-mineiro-vira-lider-improvavel","status":"publish","type":"post","link":"https:\/\/blogdoprosperi.com\/?p=37688","title":{"rendered":"Brasileir\u00e3o 2019 \/ an\u00e1lise 3\u00aa rodada: Fernando Diniz renova debate do futebol com virada do Fluminense. Atl\u00e9tico Mineiro vira l\u00edder improv\u00e1vel"},"content":{"rendered":"<div class=\"fusion-page-title-bar fusion-page-title-bar-breadcrumbs fusion-page-title-bar-left\">\n<div class=\"fusion-page-title-row\">\n<div class=\"fusion-page-title-wrapper\">\n<div class=\"fusion-page-title-captions\"><\/div>\n<\/div>\n<\/div>\n<\/div>\n<div id=\"main\" class=\"clearfix \">\n<div class=\"fusion-row\">\n<div id=\"content\" class=\"portfolio-one-sidebar\">\n<div id=\"post-42698\" class=\"post post-42698 type-post status-publish format-standard has-post-thumbnail hentry category-destaque category-reportagens tag-brasileirao-2019-analise-3a-rodada tag-carille tag-felipao tag-fernando-diniz tag-gremio-4-x-5-fluminense tag-palmeiras-forte tag-sampaoli tag-sao-paulo-1-x-1-flamengo\">\n<div class=\"post-content\">\n<p>Fluminense distribui as cartas nesta terceira rodada do Brasileir\u00e3o 2019 ao vencer o Gr\u00eamio por 5 a 4, com uma virada improv\u00e1vel. Um recado de Fernando Diniz aos incautos de plant\u00e3o. Atl\u00e9tico-MG tamb\u00e9m banca a mesa com a lideran\u00e7a isolada \u2013 tr\u00eas jogos, tr\u00eas vit\u00f3rias, duas delas fora de casa. Reca\u00eddas de S\u00e3o Paulo e Santos entram no card\u00e1pio. E o Palmeiras refor\u00e7a seu poder.<\/p>\n<p>Antes de entrar na an\u00e1lise dos destaques dessa rodada, vamos aos gols: 24 em 10 partidas \u2013 <strong><a href=\"http:\/\/chuteirafc.cartacapital.com.br\/brasileirao-analise-2a-rodada-sao-paulo-apresenta-suas-credenciais-flamengo-afunda\/\">m\u00e9dia de 2,4 por jogo, contra 3,3 (33 gols) na primeira rodada e 2,6 (26 gols) na segunda.<\/a><\/strong><\/p>\n<p><strong>Diniz e o jogo de nove gols<\/strong><\/p>\n<p>\u00c9 ing\u00eanuo quem acredita que Fernando Diniz \u00e9 maluco ou um inconsequente no futebol. Tem pouco tempo de carreira como treinador e, gostem ou n\u00e3o, j\u00e1 tem algo a falar. N\u00e3o \u00e9 um novo g\u00eanio, muito menos criador de uma f\u00f3rmula m\u00e1gica. Mais elogi\u00e1vel de suas ideias \u00e9 o prazer de ver o time jogar de uma forma simples. Se \u00e9 adequada aos dias de hoje ou \u00e0 qualidade dos jogadores, \u00e9 uma outra hist\u00f3ria.<\/p>\n<p>Diniz joga como pensa e v\u00ea o futebol, diferente de Fabio Carille e Felip\u00e3o, por exemplo, resultadistas de sempre. E n\u00e3o se penitencia. Toca a vida enquanto os catedr\u00e1ticos da hora primeira excomungam seu pensamento. Pouco importa. A virada por 5 a 4, \u00e9pica diriam os cronistas, em cima do Gr\u00eamio, quando perdia por 3 a 0 com 20 minutos de jogo, \u00e9 uma s\u00edntese do jeito Diniz de ver o futebol. Deu certo no Sul. Pode dar errado no pr\u00f3ximo jogo no Maracan\u00e3. E da\u00ed?<\/p>\n<p>Evoquem <strong><a href=\"http:\/\/chuteirafc.cartacapital.com.br\/legado-cruyff-semifinais-liga-campeoes\/\">Joan Cruyff:<\/a><\/strong> \u201c<em>Jogar futebol \u00e9 simples, mas jogar futebol de maneira simples \u00e9 dif\u00edcil.\u201d<\/em><\/p>\n<p><span class=\"alignnone\"><img data-recalc-dims=\"1\" loading=\"lazy\" decoding=\"async\" class=\"alignnone wp-image-42720 lazyloaded\" src=\"https:\/\/i0.wp.com\/chuteirafc.cartacapital.com.br\/wp-content\/uploads\/2019\/05\/46867550045_9ed5a3dc69_z.jpg?resize=853%2C480\" alt=\"\" width=\"853\" height=\"480\" \/><\/span><\/p>\n<p><strong>L\u00edder improv\u00e1vel<\/strong><\/p>\n<p>Tr\u00eas jogos, tr\u00eas vit\u00f3rias \u2013 duas fora de casa. Quem diria? Mas o Atl\u00e9tico-MG est\u00e1 a\u00ed para contrariar a l\u00f3gica neste in\u00edcio de campeonato. De t\u00e9cnico interino, escorra\u00e7ado na fase de grupos da Libertadores, sem saber que rumo tomar, o Galo abre o Brasileir\u00e3o 2019 vencendo as tr\u00eas primeiras rodadas. Triunfos no limite, como o de s\u00e1bado diante do Cear\u00e1 no Castel\u00e3o. Levou um gol aos 24, empatou dois minutos depois e nos acr\u00e9scimos do segundo tempo confirmou a vit\u00f3ria por 2 a 1, no \u00faltimo lance do jogo com o gol de cabe\u00e7a do volante Jair. Atl\u00e9tico-MG \u00e9 o famoso l\u00edder improv\u00e1vel. Entra de cabe\u00e7a pra baixo na competi\u00e7\u00e3o e tr\u00eas rodadas depois vira o campeonato do avesso.<\/p>\n<p><strong>S\u00e3o Paulo recolhe os punhos<\/strong><\/p>\n<p>Euf\u00f3rico com as duas primeiras vit\u00f3rias no Brasileir\u00e3o e ainda sob os efeitos positivos da reta final do Paulist\u00e3o, S\u00e3o Paulo baixou a guarda diante dos reservas \u2013 a maioria garotos \u2013 do Flamengo. Uma jornada do Tricolor sem impacto, nada contundente como havia feito nas duas rodadas anteriores quando bateu duro e nocauteou Botafogo e Goi\u00e1s. Sem saber como lidar contra um advers\u00e1rio desconhecido na maioria da escala\u00e7\u00e3o, time de Cuca n\u00e3o teve nada de original. Sofreu com jogo truncado e, em alguns lances, bruto dos cariocas. A entrada do zagueiro Thuler em Alexandre Pato representa bem como o Flamengo pensou o jogo e como o S\u00e3o Paulo aceitou. Pato foi parar no hospital. N\u00e3o por acaso, seis jogadores do Rubro-Negro foram advertidos por cart\u00f5es amarelos, contra apenas um do time paulista. E o gol de empate (Tch\u00ea Tch\u00ea) s\u00f3 saiu quase ao fim da partida. S\u00e3o Paulo recolheu os punhos e por pouco n\u00e3o beijou a lona.<\/p>\n<p><strong>Sampaoli conhece o Nordeste<\/strong><\/p>\n<p>\u201cMesclar jogadores \u00e9 p\u00f4r em jogo os que est\u00e3o mais frescos e l\u00facidos em jogo de um gramado lento, com muito calor. Jogamos h\u00e1 menos de 72 horas e com longa viagem. Ser\u00e1 assim em todo o ano, depende da forma dos que terminam os jogos\u2026\u00a0Calor n\u00e3o \u00e9 desculpa por n\u00e3o termos ganhado. N\u00e3o ganhamos pois n\u00e3o concretizamos as chances. Buscamos a vit\u00f3ria. Calor e gramado n\u00e3o s\u00e3o justificativas\u201d, disse <strong><a href=\"http:\/\/chuteirafc.cartacapital.com.br\/sampaoli-torcida-do-santos-gritar-meu-nome-e-otimo-gritam-pele-neymar-e-agora-gritam-a-mim\/\">Jorge Sampaoli<\/a><\/strong>, ap\u00f3s empate (0 a 0) contra CSA em Macei\u00f3. Treinador argentino sabia que o clima e ambiente n\u00e3o seriam favor\u00e1veis ao seu time. Assim como Felip\u00e3o havia feito na semana passada, quando escalou reservas no est\u00e1dio Rei Pel\u00e9 e reclamou um pouco do gramado, Sampaoli repetiu a dose e voltou do Nordeste de m\u00e3os abanando.<\/p>\n<p><span class=\"alignnone\"><img data-recalc-dims=\"1\" loading=\"lazy\" decoding=\"async\" class=\"alignnone wp-image-42722 lazyloaded\" src=\"https:\/\/i0.wp.com\/chuteirafc.cartacapital.com.br\/wp-content\/uploads\/2019\/05\/pro-24-1024x683.jpg?resize=867%2C578\" alt=\"\" width=\"867\" height=\"578\" \/><\/span><\/p>\n<p><strong>Palmeiras mais e mais robusto<\/strong><\/p>\n<p>\u00c9 louv\u00e1vel questionar Felip\u00e3o quanto ao modelo de jogo do Palmeiras, mas \u00e9 imprescind\u00edvel reconhecer que esse time \u00e9 duro na queda. Tem uma estrutura defensiva s\u00f3lida como uma rocha. Por mais que os advers\u00e1rios rondam a muralha em busca de uma fissura, a casa nunca cai. Tradu\u00e7\u00e3o fiel desse sistema se tornou evidente na vit\u00f3ria por 1 a 0 contra o Internacional, s\u00e1bado, no Allianz Parque. Fez 1 a 0 \u2013 Deyverosn de cabe\u00e7a \u2013 no in\u00edcio da partida e n\u00e3o deu a m\u00ednima brecha ao advers\u00e1rio ga\u00facho. Goleiro Weverton fez apenas uma defesa dif\u00edcil e quase n\u00e3o teve trabalho. Falta ao <strong><a href=\"http:\/\/chuteirafc.cartacapital.com.br\/gustavo-scarpa-segredos-do-cerebro-do-palmeiras-leitor-de-kafka-e-machado-de-assis\/\">Palmeiras de Felip\u00e3o<\/a> <\/strong>maior poder de fogo no ataque. Neste jogo contra o Colorado, desperdi\u00e7ou dois gols mais do que feitos com Hyoran e parou em Marcelo Lomba em cabe\u00e7ada de Bruno Henrique.<\/p>\n<p><strong>Insossos<\/strong><\/p>\n<p>Tr\u00eas rodadas e nada a acrescentar a respeito de Corinthians e Cruzeiro. No empate com o Vasco em Manaus, time reserva de Carille \u00a0repetiu futebol inodoro dos titulares. A vit\u00f3ria suada do time de Mano Menezes contra o Goi\u00e1s no Mineir\u00e3o tamb\u00e9m entra naquele patamar dos insossos.<\/p>\n<p><em><strong>Confira resultados da terceira rodada do Brasileir\u00e3o 2019:<\/strong><\/em><\/p>\n<p>Gr\u00eamio <strong>4 x 5<\/strong> Fluminense<\/p>\n<p>Palmeiras <strong>1 x 0<\/strong> Internacional<\/p>\n<p>S\u00e3o Paulo <strong>1 x 1<\/strong> Flamengo<\/p>\n<p>Vasco <strong>1 x 1<\/strong> Corinthians<\/p>\n<p>Cear\u00e1<strong> 1 x 2<\/strong> Atl\u00e9tico-MG<\/p>\n<p>Botafogo <strong>1 x 0<\/strong> Fortaleza<\/p>\n<p>Santos <strong>0 x 0<\/strong> CSA<\/p>\n<p>Cruzeiro <strong>2 x 1<\/strong> Goi\u00e1s<\/p>\n<p>Bahia <strong>1 x 0<\/strong> Ava\u00ed<\/p>\n<p>Chapecoense <strong>1 x 1<\/strong> Athletico-PR<\/p>\n<p>&nbsp;<\/p>\n<p><em><strong>Confira classifica\u00e7\u00e3o do Brasileir\u00e3o 2019 com tr\u00eas rodadas:<\/strong><\/em><\/p>\n<p><span class=\"alignnone\"><img data-recalc-dims=\"1\" loading=\"lazy\" decoding=\"async\" class=\"alignnone size-large wp-image-42715 lazyloaded\" src=\"https:\/\/i0.wp.com\/chuteirafc.cartacapital.com.br\/wp-content\/uploads\/2019\/05\/Captura-de-Tela-2019-05-06-%C3%A0s-13.33.49-816x1024.png?resize=669%2C840\" alt=\"\" width=\"669\" height=\"840\" \/><\/span><\/p>\n<p><strong><a href=\"http:\/\/chuteirafc.cartacapital.com.br\/\">(post publicado no Chuteira FC \u2013 receba mais informa\u00e7\u00f5es de futebol)<\/a><\/strong><\/p>\n<div id=\"Chuteira_Post_Bottom\"><\/div>\n<\/div>\n<\/div>\n<\/div>\n<\/div>\n<\/div>\n","protected":false},"excerpt":{"rendered":"<p>Brasileir\u00e3o 2019 \/ an\u00e1lise 3\u00aa rodada: Fernando Diniz renova debate do futebol brasileiro com virada do Fluminense em cima do Gr\u00eamio.<\/p>\n","protected":false},"author":102107496,"featured_media":37689,"comment_status":"open","ping_status":"open","sticky":false,"template":"","format":"standard","meta":{"_coblocks_attr":"","_coblocks_dimensions":"","_coblocks_responsive_height":"","_coblocks_accordion_ie_support":"","_jetpack_newsletter_access":"","_jetpack_dont_email_post_to_subs":false,"_jetpack_newsletter_tier_id":0,"_jetpack_memberships_contains_paywalled_content":false,"_wpcom_ai_launchpad_first_post":false,"_jetpack_feature_clip_id":0,"_jetpack_memberships_contains_paid_content":false,"footnotes":"","jetpack_publicize_message":"","jetpack_publicize_feature_enabled":true,"jetpack_social_post_already_shared":false,"jetpack_social_options":{"image_generator_settings":{"template":"highway","default_image_id":0,"font":"","enabled":false},"version":2},"jetpack_post_was_ever_published":false},"categories":[53870],"tags":[678654230,366291,444908994,14166513,789560560,678654231,287104],"class_list":["post-37688","post","type-post","status-publish","format-standard","has-post-thumbnail","hentry","category-futebol","tag-analise-3a-rodada","tag-atletico-mg","tag-brasileirao-2019","tag-fernando-diniz","tag-futebol","tag-gremio-4-x-5-fluminense","tag-palmeiras"],"yoast_head":"<!-- This site is optimized with the Yoast SEO plugin v28.3 - https:\/\/yoast.com\/product\/yoast-seo-wordpress\/ -->\n<title>Brasileir\u00e3o 2019 \/ an\u00e1lise 3\u00aa rodada: Fernando Diniz renova debate do futebol com virada do Fluminense. Atl\u00e9tico Mineiro vira l\u00edder improv\u00e1vel - PR\u00d3SPERI NEWS<\/title>\n<meta name=\"robots\" content=\"index, follow, max-snippet:-1, max-image-preview:large, max-video-preview:-1\" \/>\n<link rel=\"canonical\" href=\"https:\/\/blogdoprosperi.com\/?p=37688\" \/>\n<meta property=\"og:locale\" content=\"pt_BR\" \/>\n<meta property=\"og:type\" content=\"article\" \/>\n<meta property=\"og:title\" content=\"Brasileir\u00e3o 2019 \/ an\u00e1lise 3\u00aa rodada: Fernando Diniz renova debate do futebol com virada do Fluminense. Atl\u00e9tico Mineiro vira l\u00edder improv\u00e1vel - PR\u00d3SPERI NEWS\" \/>\n<meta property=\"og:description\" content=\"Brasileir\u00e3o 2019 \/ an\u00e1lise 3\u00aa rodada: Fernando Diniz renova debate do futebol brasileiro com virada do Fluminense em cima do Gr\u00eamio.\" \/>\n<meta property=\"og:url\" content=\"https:\/\/blogdoprosperi.com\/?p=37688\" \/>\n<meta property=\"og:site_name\" content=\"PR\u00d3SPERI NEWS\" \/>\n<meta property=\"article:publisher\" content=\"Luiz Pr\u00f3speri\" \/>\n<meta property=\"article:author\" content=\"Luiz Pr\u00f3speri\" \/>\n<meta property=\"article:published_time\" content=\"2019-05-06T22:36:33+00:00\" \/>\n<meta property=\"article:modified_time\" content=\"2019-05-06T22:39:05+00:00\" \/>\n<meta property=\"og:image\" content=\"https:\/\/i0.wp.com\/blogdoprosperi.com\/wp-content\/uploads\/2019\/05\/33505743718_645f3db8b3_b.jpg?fit=1024%2C576&ssl=1\" \/>\n\t<meta property=\"og:image:width\" content=\"1024\" \/>\n\t<meta property=\"og:image:height\" content=\"576\" \/>\n\t<meta property=\"og:image:type\" content=\"image\/jpeg\" \/>\n<meta name=\"author\" content=\"Luiz Ant\u00f4nio Pr\u00f3speri\" \/>\n<meta name=\"twitter:card\" content=\"summary_large_image\" \/>\n<meta name=\"twitter:creator\" content=\"@Luizprosperi\" \/>\n<meta name=\"twitter:site\" content=\"@Luizprosperi\" \/>\n<meta name=\"twitter:label1\" content=\"Escrito por\" \/>\n\t<meta name=\"twitter:data1\" content=\"Luiz Ant\u00f4nio Pr\u00f3speri\" \/>\n\t<meta name=\"twitter:label2\" content=\"Est. tempo de leitura\" \/>\n\t<meta name=\"twitter:data2\" content=\"5 minutos\" \/>\n<script type=\"application\/ld+json\" class=\"yoast-schema-graph\">{\"@context\":\"https:\\\/\\\/schema.org\",\"@graph\":[{\"@type\":\"Article\",\"@id\":\"https:\\\/\\\/blogdoprosperi.com\\\/?p=37688#article\",\"isPartOf\":{\"@id\":\"https:\\\/\\\/blogdoprosperi.com\\\/?p=37688\"},\"author\":{\"name\":\"Luiz Ant\u00f4nio Pr\u00f3speri\",\"@id\":\"https:\\\/\\\/blogdoprosperi.com\\\/#\\\/schema\\\/person\\\/38100755ce3601861ee4fab9b5aa78e9\"},\"headline\":\"Brasileir\u00e3o 2019 \\\/ an\u00e1lise 3\u00aa rodada: Fernando Diniz renova debate do futebol com virada do Fluminense. Atl\u00e9tico Mineiro vira l\u00edder improv\u00e1vel\",\"datePublished\":\"2019-05-06T22:36:33+00:00\",\"dateModified\":\"2019-05-06T22:39:05+00:00\",\"mainEntityOfPage\":{\"@id\":\"https:\\\/\\\/blogdoprosperi.com\\\/?p=37688\"},\"wordCount\":1037,\"commentCount\":1,\"publisher\":{\"@id\":\"https:\\\/\\\/blogdoprosperi.com\\\/#\\\/schema\\\/person\\\/38100755ce3601861ee4fab9b5aa78e9\"},\"image\":{\"@id\":\"https:\\\/\\\/blogdoprosperi.com\\\/?p=37688#primaryimage\"},\"thumbnailUrl\":\"https:\\\/\\\/i0.wp.com\\\/blogdoprosperi.com\\\/wp-content\\\/uploads\\\/2019\\\/05\\\/33505743718_645f3db8b3_b.jpg?fit=1024%2C576&ssl=1\",\"keywords\":[\"an\u00e1lise 3\u00aa rodada\",\"Atl\u00e9tico-MG\",\"brasileir\u00e3o 2019\",\"Fernando Diniz\",\"futebol\",\"gr\u00eamio 4 x 5 fluminense\",\"Palmeiras\"],\"articleSection\":[\"futebol\"],\"inLanguage\":\"pt-BR\",\"potentialAction\":[{\"@type\":\"CommentAction\",\"name\":\"Comment\",\"target\":[\"https:\\\/\\\/blogdoprosperi.com\\\/?p=37688#respond\"]}]},{\"@type\":\"WebPage\",\"@id\":\"https:\\\/\\\/blogdoprosperi.com\\\/?p=37688\",\"url\":\"https:\\\/\\\/blogdoprosperi.com\\\/?p=37688\",\"name\":\"Brasileir\u00e3o 2019 \\\/ an\u00e1lise 3\u00aa rodada: Fernando Diniz renova debate do futebol com virada do Fluminense. Atl\u00e9tico Mineiro vira l\u00edder improv\u00e1vel - PR\u00d3SPERI NEWS\",\"isPartOf\":{\"@id\":\"https:\\\/\\\/blogdoprosperi.com\\\/#website\"},\"primaryImageOfPage\":{\"@id\":\"https:\\\/\\\/blogdoprosperi.com\\\/?p=37688#primaryimage\"},\"image\":{\"@id\":\"https:\\\/\\\/blogdoprosperi.com\\\/?p=37688#primaryimage\"},\"thumbnailUrl\":\"https:\\\/\\\/i0.wp.com\\\/blogdoprosperi.com\\\/wp-content\\\/uploads\\\/2019\\\/05\\\/33505743718_645f3db8b3_b.jpg?fit=1024%2C576&ssl=1\",\"datePublished\":\"2019-05-06T22:36:33+00:00\",\"dateModified\":\"2019-05-06T22:39:05+00:00\",\"breadcrumb\":{\"@id\":\"https:\\\/\\\/blogdoprosperi.com\\\/?p=37688#breadcrumb\"},\"inLanguage\":\"pt-BR\",\"potentialAction\":[{\"@type\":\"ReadAction\",\"target\":[\"https:\\\/\\\/blogdoprosperi.com\\\/?p=37688\"]}]},{\"@type\":\"ImageObject\",\"inLanguage\":\"pt-BR\",\"@id\":\"https:\\\/\\\/blogdoprosperi.com\\\/?p=37688#primaryimage\",\"url\":\"https:\\\/\\\/i0.wp.com\\\/blogdoprosperi.com\\\/wp-content\\\/uploads\\\/2019\\\/05\\\/33505743718_645f3db8b3_b.jpg?fit=1024%2C576&ssl=1\",\"contentUrl\":\"https:\\\/\\\/i0.wp.com\\\/blogdoprosperi.com\\\/wp-content\\\/uploads\\\/2019\\\/05\\\/33505743718_645f3db8b3_b.jpg?fit=1024%2C576&ssl=1\",\"width\":1024,\"height\":576,\"caption\":\"Fernando Diniz \u2013 foto: Fluminense\"},{\"@type\":\"BreadcrumbList\",\"@id\":\"https:\\\/\\\/blogdoprosperi.com\\\/?p=37688#breadcrumb\",\"itemListElement\":[{\"@type\":\"ListItem\",\"position\":1,\"name\":\"In\u00edcio\",\"item\":\"https:\\\/\\\/blogdoprosperi.com\\\/\"},{\"@type\":\"ListItem\",\"position\":2,\"name\":\"Brasileir\u00e3o 2019 \\\/ an\u00e1lise 3\u00aa rodada: Fernando Diniz renova debate do futebol com virada do Fluminense. Atl\u00e9tico Mineiro vira l\u00edder improv\u00e1vel\"}]},{\"@type\":\"WebSite\",\"@id\":\"https:\\\/\\\/blogdoprosperi.com\\\/#website\",\"url\":\"https:\\\/\\\/blogdoprosperi.com\\\/\",\"name\":\"PR\u00d3SPERI NEWS\",\"description\":\"TUDO \u00c9  FUTEBOL\",\"publisher\":{\"@id\":\"https:\\\/\\\/blogdoprosperi.com\\\/#\\\/schema\\\/person\\\/38100755ce3601861ee4fab9b5aa78e9\"},\"alternateName\":\"blogdoprosperi.com\",\"potentialAction\":[{\"@type\":\"SearchAction\",\"target\":{\"@type\":\"EntryPoint\",\"urlTemplate\":\"https:\\\/\\\/blogdoprosperi.com\\\/?s={search_term_string}\"},\"query-input\":{\"@type\":\"PropertyValueSpecification\",\"valueRequired\":true,\"valueName\":\"search_term_string\"}}],\"inLanguage\":\"pt-BR\"},{\"@type\":[\"Person\",\"Organization\"],\"@id\":\"https:\\\/\\\/blogdoprosperi.com\\\/#\\\/schema\\\/person\\\/38100755ce3601861ee4fab9b5aa78e9\",\"name\":\"Luiz Ant\u00f4nio Pr\u00f3speri\",\"pronouns\":\"ele\",\"image\":{\"@type\":\"ImageObject\",\"inLanguage\":\"pt-BR\",\"@id\":\"https:\\\/\\\/i0.wp.com\\\/blogdoprosperi.com\\\/wp-content\\\/uploads\\\/2026\\\/05\\\/cropped-8059e613-6002-42fa-961e-8e275f575d71-2-5.jpg?fit=1360%2C931&ssl=1\",\"url\":\"https:\\\/\\\/i0.wp.com\\\/blogdoprosperi.com\\\/wp-content\\\/uploads\\\/2026\\\/05\\\/cropped-8059e613-6002-42fa-961e-8e275f575d71-2-5.jpg?fit=1360%2C931&ssl=1\",\"contentUrl\":\"https:\\\/\\\/i0.wp.com\\\/blogdoprosperi.com\\\/wp-content\\\/uploads\\\/2026\\\/05\\\/cropped-8059e613-6002-42fa-961e-8e275f575d71-2-5.jpg?fit=1360%2C931&ssl=1\",\"width\":1360,\"height\":931,\"caption\":\"Luiz Ant\u00f4nio Pr\u00f3speri\"},\"logo\":{\"@id\":\"https:\\\/\\\/i0.wp.com\\\/blogdoprosperi.com\\\/wp-content\\\/uploads\\\/2026\\\/05\\\/cropped-8059e613-6002-42fa-961e-8e275f575d71-2-5.jpg?fit=1360%2C931&ssl=1\"},\"description\":\"Jornalista com carreira dedicada ao esporte. Cobriu 9 Copas do Mundo in loco, 1990 na It\u00e1lia, 1994 nos EUA, 1998 na Fran\u00e7a, 2002 na Coreia do Sul e Jap\u00e3o, 2006 na Alemanha, 2010 na \u00c1frica do Sul, 2014 no Brasil, 2018 na R\u00fassia e 2022 no Qatar. Eurocopas, 1992 na Su\u00e9cia e 1996 na Inglaterra. Copa das Confedera\u00e7\u00f5es de 2005 na Alemanha e 2009 na \u00c1frica do Sul. Rep\u00f3rter e Editor, trabalhou no Jornal da Tarde e Estad\u00e3o, de 1984 a fevereiro de 2016. Colunista, blogueiro. E comentarista de futebol na R\u00e1dio Estad\u00e3o, de 2013 a fevereiro de 2016. Jornalista respons\u00e1vel do \\\"Pr\u00f3speri News\\\" (blogdoprosperi.com).\",\"sameAs\":[\"http:\\\/\\\/blogdoprosperi.com\",\"Luiz Pr\u00f3speri\",\"@luiz_prosperi\",\"https:\\\/\\\/x.com\\\/Luizprosperi\",\"@prosperinacopa\",\"luiz.prosperi@icloud.com\"],\"url\":\"https:\\\/\\\/blogdoprosperi.com\\\/?author=102107496\"}]}<\/script>\n<!-- \/ Yoast SEO plugin. -->","yoast_head_json":{"title":"Brasileir\u00e3o 2019 \/ an\u00e1lise 3\u00aa rodada: Fernando Diniz renova debate do futebol com virada do Fluminense. Atl\u00e9tico Mineiro vira l\u00edder improv\u00e1vel - PR\u00d3SPERI NEWS","robots":{"index":"index","follow":"follow","max-snippet":"max-snippet:-1","max-image-preview":"max-image-preview:large","max-video-preview":"max-video-preview:-1"},"canonical":"https:\/\/blogdoprosperi.com\/?p=37688","og_locale":"pt_BR","og_type":"article","og_title":"Brasileir\u00e3o 2019 \/ an\u00e1lise 3\u00aa rodada: Fernando Diniz renova debate do futebol com virada do Fluminense. Atl\u00e9tico Mineiro vira l\u00edder improv\u00e1vel - PR\u00d3SPERI NEWS","og_description":"Brasileir\u00e3o 2019 \/ an\u00e1lise 3\u00aa rodada: Fernando Diniz renova debate do futebol brasileiro com virada do Fluminense em cima do Gr\u00eamio.","og_url":"https:\/\/blogdoprosperi.com\/?p=37688","og_site_name":"PR\u00d3SPERI NEWS","article_publisher":"Luiz Pr\u00f3speri","article_author":"Luiz Pr\u00f3speri","article_published_time":"2019-05-06T22:36:33+00:00","article_modified_time":"2019-05-06T22:39:05+00:00","og_image":[{"width":1024,"height":576,"url":"https:\/\/i0.wp.com\/blogdoprosperi.com\/wp-content\/uploads\/2019\/05\/33505743718_645f3db8b3_b.jpg?fit=1024%2C576&ssl=1","type":"image\/jpeg"}],"author":"Luiz Ant\u00f4nio Pr\u00f3speri","twitter_card":"summary_large_image","twitter_creator":"@Luizprosperi","twitter_site":"@Luizprosperi","twitter_misc":{"Escrito por":"Luiz Ant\u00f4nio Pr\u00f3speri","Est. tempo de leitura":"5 minutos"},"schema":{"@context":"https:\/\/schema.org","@graph":[{"@type":"Article","@id":"https:\/\/blogdoprosperi.com\/?p=37688#article","isPartOf":{"@id":"https:\/\/blogdoprosperi.com\/?p=37688"},"author":{"name":"Luiz Ant\u00f4nio Pr\u00f3speri","@id":"https:\/\/blogdoprosperi.com\/#\/schema\/person\/38100755ce3601861ee4fab9b5aa78e9"},"headline":"Brasileir\u00e3o 2019 \/ an\u00e1lise 3\u00aa rodada: Fernando Diniz renova debate do futebol com virada do Fluminense. Atl\u00e9tico Mineiro vira l\u00edder improv\u00e1vel","datePublished":"2019-05-06T22:36:33+00:00","dateModified":"2019-05-06T22:39:05+00:00","mainEntityOfPage":{"@id":"https:\/\/blogdoprosperi.com\/?p=37688"},"wordCount":1037,"commentCount":1,"publisher":{"@id":"https:\/\/blogdoprosperi.com\/#\/schema\/person\/38100755ce3601861ee4fab9b5aa78e9"},"image":{"@id":"https:\/\/blogdoprosperi.com\/?p=37688#primaryimage"},"thumbnailUrl":"https:\/\/i0.wp.com\/blogdoprosperi.com\/wp-content\/uploads\/2019\/05\/33505743718_645f3db8b3_b.jpg?fit=1024%2C576&ssl=1","keywords":["an\u00e1lise 3\u00aa rodada","Atl\u00e9tico-MG","brasileir\u00e3o 2019","Fernando Diniz","futebol","gr\u00eamio 4 x 5 fluminense","Palmeiras"],"articleSection":["futebol"],"inLanguage":"pt-BR","potentialAction":[{"@type":"CommentAction","name":"Comment","target":["https:\/\/blogdoprosperi.com\/?p=37688#respond"]}]},{"@type":"WebPage","@id":"https:\/\/blogdoprosperi.com\/?p=37688","url":"https:\/\/blogdoprosperi.com\/?p=37688","name":"Brasileir\u00e3o 2019 \/ an\u00e1lise 3\u00aa rodada: Fernando Diniz renova debate do futebol com virada do Fluminense. Atl\u00e9tico Mineiro vira l\u00edder improv\u00e1vel - PR\u00d3SPERI NEWS","isPartOf":{"@id":"https:\/\/blogdoprosperi.com\/#website"},"primaryImageOfPage":{"@id":"https:\/\/blogdoprosperi.com\/?p=37688#primaryimage"},"image":{"@id":"https:\/\/blogdoprosperi.com\/?p=37688#primaryimage"},"thumbnailUrl":"https:\/\/i0.wp.com\/blogdoprosperi.com\/wp-content\/uploads\/2019\/05\/33505743718_645f3db8b3_b.jpg?fit=1024%2C576&ssl=1","datePublished":"2019-05-06T22:36:33+00:00","dateModified":"2019-05-06T22:39:05+00:00","breadcrumb":{"@id":"https:\/\/blogdoprosperi.com\/?p=37688#breadcrumb"},"inLanguage":"pt-BR","potentialAction":[{"@type":"ReadAction","target":["https:\/\/blogdoprosperi.com\/?p=37688"]}]},{"@type":"ImageObject","inLanguage":"pt-BR","@id":"https:\/\/blogdoprosperi.com\/?p=37688#primaryimage","url":"https:\/\/i0.wp.com\/blogdoprosperi.com\/wp-content\/uploads\/2019\/05\/33505743718_645f3db8b3_b.jpg?fit=1024%2C576&ssl=1","contentUrl":"https:\/\/i0.wp.com\/blogdoprosperi.com\/wp-content\/uploads\/2019\/05\/33505743718_645f3db8b3_b.jpg?fit=1024%2C576&ssl=1","width":1024,"height":576,"caption":"Fernando Diniz \u2013 foto: Fluminense"},{"@type":"BreadcrumbList","@id":"https:\/\/blogdoprosperi.com\/?p=37688#breadcrumb","itemListElement":[{"@type":"ListItem","position":1,"name":"In\u00edcio","item":"https:\/\/blogdoprosperi.com\/"},{"@type":"ListItem","position":2,"name":"Brasileir\u00e3o 2019 \/ an\u00e1lise 3\u00aa rodada: Fernando Diniz renova debate do futebol com virada do Fluminense. Atl\u00e9tico Mineiro vira l\u00edder improv\u00e1vel"}]},{"@type":"WebSite","@id":"https:\/\/blogdoprosperi.com\/#website","url":"https:\/\/blogdoprosperi.com\/","name":"PR\u00d3SPERI NEWS","description":"TUDO \u00c9  FUTEBOL","publisher":{"@id":"https:\/\/blogdoprosperi.com\/#\/schema\/person\/38100755ce3601861ee4fab9b5aa78e9"},"alternateName":"blogdoprosperi.com","potentialAction":[{"@type":"SearchAction","target":{"@type":"EntryPoint","urlTemplate":"https:\/\/blogdoprosperi.com\/?s={search_term_string}"},"query-input":{"@type":"PropertyValueSpecification","valueRequired":true,"valueName":"search_term_string"}}],"inLanguage":"pt-BR"},{"@type":["Person","Organization"],"@id":"https:\/\/blogdoprosperi.com\/#\/schema\/person\/38100755ce3601861ee4fab9b5aa78e9","name":"Luiz Ant\u00f4nio Pr\u00f3speri","pronouns":"ele","image":{"@type":"ImageObject","inLanguage":"pt-BR","@id":"https:\/\/i0.wp.com\/blogdoprosperi.com\/wp-content\/uploads\/2026\/05\/cropped-8059e613-6002-42fa-961e-8e275f575d71-2-5.jpg?fit=1360%2C931&ssl=1","url":"https:\/\/i0.wp.com\/blogdoprosperi.com\/wp-content\/uploads\/2026\/05\/cropped-8059e613-6002-42fa-961e-8e275f575d71-2-5.jpg?fit=1360%2C931&ssl=1","contentUrl":"https:\/\/i0.wp.com\/blogdoprosperi.com\/wp-content\/uploads\/2026\/05\/cropped-8059e613-6002-42fa-961e-8e275f575d71-2-5.jpg?fit=1360%2C931&ssl=1","width":1360,"height":931,"caption":"Luiz Ant\u00f4nio Pr\u00f3speri"},"logo":{"@id":"https:\/\/i0.wp.com\/blogdoprosperi.com\/wp-content\/uploads\/2026\/05\/cropped-8059e613-6002-42fa-961e-8e275f575d71-2-5.jpg?fit=1360%2C931&ssl=1"},"description":"Jornalista com carreira dedicada ao esporte. Cobriu 9 Copas do Mundo in loco, 1990 na It\u00e1lia, 1994 nos EUA, 1998 na Fran\u00e7a, 2002 na Coreia do Sul e Jap\u00e3o, 2006 na Alemanha, 2010 na \u00c1frica do Sul, 2014 no Brasil, 2018 na R\u00fassia e 2022 no Qatar. Eurocopas, 1992 na Su\u00e9cia e 1996 na Inglaterra. Copa das Confedera\u00e7\u00f5es de 2005 na Alemanha e 2009 na \u00c1frica do Sul. Rep\u00f3rter e Editor, trabalhou no Jornal da Tarde e Estad\u00e3o, de 1984 a fevereiro de 2016. Colunista, blogueiro. E comentarista de futebol na R\u00e1dio Estad\u00e3o, de 2013 a fevereiro de 2016. Jornalista respons\u00e1vel do \"Pr\u00f3speri News\" (blogdoprosperi.com).","sameAs":["http:\/\/blogdoprosperi.com","Luiz Pr\u00f3speri","@luiz_prosperi","https:\/\/x.com\/Luizprosperi","@prosperinacopa","luiz.prosperi@icloud.com"],"url":"https:\/\/blogdoprosperi.com\/?author=102107496"}]}},"jetpack_publicize_connections":[],"jetpack_likes_enabled":false,"jetpack_sharing_enabled":true,"jetpack_shortlink":"https:\/\/wp.me\/p7jvdk-9NS","jetpack-related-posts":[{"id":45452,"url":"https:\/\/blogdoprosperi.com\/?p=45452","url_meta":{"origin":37688,"position":0},"title":"Brasileir\u00e3o | An\u00e1lise: 5 Temas da 27.\u00aa Rodada com Palmeiras \u00e0 Ca\u00e7a do Botafogo e a Volta de Fernando Diniz","author":"Luiz Ant\u00f4nio Pr\u00f3speri","date":"23 de setembro de 2024","format":false,"excerpt":"Luiz Ant\u00f4nio Pr\u00f3speri \u2013 23 setembro (13h05) Palmeiras vence Vasco e n\u00e3o desgruda do Botafogo. Cruzeiro troca t\u00e9cnico Fernando Seabra por Fernando Diniz, de volta ao futebol ap\u00f3s demiss\u00e3o no Fluminense e Sele\u00e7\u00e3o Brasileira. Flamengo, por decreto, e S\u00e3o Paulo, por fraqueza, desistem do Brasileir\u00e3o. Confira 5 pontos de discuss\u00e3o\u2026","rel":"","context":"Em &quot;futebol&quot;","block_context":{"text":"futebol","link":"https:\/\/blogdoprosperi.com\/?cat=53870"},"img":{"alt_text":"Brasileir\u00e3o: Palmeiras ca\u00e7a Botafogo","src":"https:\/\/i0.wp.com\/blogdoprosperi.com\/wp-content\/uploads\/2024\/09\/54014048711_628f7cda8c_c.jpg?fit=710%2C800&ssl=1&resize=350%2C200","width":350,"height":200,"srcset":"https:\/\/i0.wp.com\/blogdoprosperi.com\/wp-content\/uploads\/2024\/09\/54014048711_628f7cda8c_c.jpg?fit=710%2C800&ssl=1&resize=350%2C200 1x, https:\/\/i0.wp.com\/blogdoprosperi.com\/wp-content\/uploads\/2024\/09\/54014048711_628f7cda8c_c.jpg?fit=710%2C800&ssl=1&resize=525%2C300 1.5x, https:\/\/i0.wp.com\/blogdoprosperi.com\/wp-content\/uploads\/2024\/09\/54014048711_628f7cda8c_c.jpg?fit=710%2C800&ssl=1&resize=700%2C400 2x"},"classes":[]},{"id":37673,"url":"https:\/\/blogdoprosperi.com\/?p=37673","url_meta":{"origin":37688,"position":1},"title":"Brasileir\u00e3o \/ an\u00e1lise 2\u00aa rodada: S\u00e3o Paulo apresenta suas credenciais, Santos pede passagem e Flamengo afunda","author":"Luiz Ant\u00f4nio Pr\u00f3speri","date":"3 de maio de 2019","format":false,"excerpt":"S\u00e3o Paulo manda um recado aos concorrentes e vira destaque nesta segunda rodada do Brasileir\u00e3o 2019. A vit\u00f3ria por 2 a 1 diante do Goi\u00e1s no Serra Dourada, longe de ser uma maravilha, deu sinais de que o time pode se cacifar em busca de algo valioso no campeonato. Santos\u2026","rel":"","context":"Em &quot;futebol&quot;","block_context":{"text":"futebol","link":"https:\/\/blogdoprosperi.com\/?cat=53870"},"img":{"alt_text":"","src":"https:\/\/i0.wp.com\/blogdoprosperi.com\/wp-content\/uploads\/2019\/05\/5cca5dcc72dd1.jpeg?fit=1080%2C680&ssl=1&resize=350%2C200","width":350,"height":200,"srcset":"https:\/\/i0.wp.com\/blogdoprosperi.com\/wp-content\/uploads\/2019\/05\/5cca5dcc72dd1.jpeg?fit=1080%2C680&ssl=1&resize=350%2C200 1x, https:\/\/i0.wp.com\/blogdoprosperi.com\/wp-content\/uploads\/2019\/05\/5cca5dcc72dd1.jpeg?fit=1080%2C680&ssl=1&resize=525%2C300 1.5x, https:\/\/i0.wp.com\/blogdoprosperi.com\/wp-content\/uploads\/2019\/05\/5cca5dcc72dd1.jpeg?fit=1080%2C680&ssl=1&resize=700%2C400 2x, https:\/\/i0.wp.com\/blogdoprosperi.com\/wp-content\/uploads\/2019\/05\/5cca5dcc72dd1.jpeg?fit=1080%2C680&ssl=1&resize=1050%2C600 3x"},"classes":[]},{"id":37677,"url":"https:\/\/blogdoprosperi.com\/?p=37677","url_meta":{"origin":37688,"position":2},"title":"Copa do Brasil \/ sorteio: Corinthians e Flamengo abrem oitavas de final, campe\u00e3o pode levar R$ 70 milh\u00f5es","author":"Luiz Ant\u00f4nio Pr\u00f3speri","date":"3 de maio de 2019","format":false,"excerpt":"Copa do Brasil 2019 ter\u00e1 confronto Corinthians x Flamengo nas oitavas de final e mais dois cl\u00e1ssicos nacionais entre Atl\u00e9tico-MG x Santos, e Cruzeiro x Fluminense, de acordo com sorteio realizado nesta quinta-feira (02\/5) na CBF. Esta fase vale R$ 2,5 milh\u00f5es ao clube que se classificar. E a cota\u2026","rel":"","context":"Em &quot;futebol&quot;","block_context":{"text":"futebol","link":"https:\/\/blogdoprosperi.com\/?cat=53870"},"img":{"alt_text":"","src":"https:\/\/i0.wp.com\/blogdoprosperi.com\/wp-content\/uploads\/2019\/05\/d5lpl7tw4autxlf.jpg?fit=1200%2C799&ssl=1&resize=350%2C200","width":350,"height":200,"srcset":"https:\/\/i0.wp.com\/blogdoprosperi.com\/wp-content\/uploads\/2019\/05\/d5lpl7tw4autxlf.jpg?fit=1200%2C799&ssl=1&resize=350%2C200 1x, https:\/\/i0.wp.com\/blogdoprosperi.com\/wp-content\/uploads\/2019\/05\/d5lpl7tw4autxlf.jpg?fit=1200%2C799&ssl=1&resize=525%2C300 1.5x, https:\/\/i0.wp.com\/blogdoprosperi.com\/wp-content\/uploads\/2019\/05\/d5lpl7tw4autxlf.jpg?fit=1200%2C799&ssl=1&resize=700%2C400 2x, https:\/\/i0.wp.com\/blogdoprosperi.com\/wp-content\/uploads\/2019\/05\/d5lpl7tw4autxlf.jpg?fit=1200%2C799&ssl=1&resize=1050%2C600 3x"},"classes":[]},{"id":44190,"url":"https:\/\/blogdoprosperi.com\/?p=44190","url_meta":{"origin":37688,"position":3},"title":"Brasileir\u00e3o 2024: refor\u00e7os e retornos da Copa Am\u00e9rica mudam rumo do campeonato","author":"Luiz Ant\u00f4nio Pr\u00f3speri","date":"15 de julho de 2024","format":false,"excerpt":"Brasileir\u00e3o 2024 come\u00e7a para valer a partir de ter\u00e7a-feira (16\/7), mesmo j\u00e1 avan\u00e7ando na sua 17.a rodada. Enfim, entram em campo os refor\u00e7os liberados na abertura da janela de transfer\u00eancia, dia 10 \u00faltimo, e os que retornam da Copa Am\u00e9rica. Nos tablets, t\u00e9cnicos rabiscam estrat\u00e9gias diversas diante da proximidade das\u2026","rel":"","context":"Em &quot;futebol&quot;","block_context":{"text":"futebol","link":"https:\/\/blogdoprosperi.com\/?cat=53870"},"img":{"alt_text":"Felipe Anderson refor\u00e7a Palmeiras","src":"https:\/\/i0.wp.com\/blogdoprosperi.com\/wp-content\/uploads\/2024\/07\/53859015863_7ac9fcb0ba_h.jpg?fit=1200%2C675&ssl=1&resize=350%2C200","width":350,"height":200,"srcset":"https:\/\/i0.wp.com\/blogdoprosperi.com\/wp-content\/uploads\/2024\/07\/53859015863_7ac9fcb0ba_h.jpg?fit=1200%2C675&ssl=1&resize=350%2C200 1x, https:\/\/i0.wp.com\/blogdoprosperi.com\/wp-content\/uploads\/2024\/07\/53859015863_7ac9fcb0ba_h.jpg?fit=1200%2C675&ssl=1&resize=525%2C300 1.5x, https:\/\/i0.wp.com\/blogdoprosperi.com\/wp-content\/uploads\/2024\/07\/53859015863_7ac9fcb0ba_h.jpg?fit=1200%2C675&ssl=1&resize=700%2C400 2x, https:\/\/i0.wp.com\/blogdoprosperi.com\/wp-content\/uploads\/2024\/07\/53859015863_7ac9fcb0ba_h.jpg?fit=1200%2C675&ssl=1&resize=1050%2C600 3x"},"classes":[]},{"id":62139,"url":"https:\/\/blogdoprosperi.com\/?p=62139","url_meta":{"origin":37688,"position":4},"title":"An\u00e1lise | Brasileir\u00e3o 23\u00aa rodada: Sova nos paulistas e Flamengo encosta no Palmeiras","author":"Luiz Ant\u00f4nio Pr\u00f3speri","date":"17 de agosto de 2026","format":false,"excerpt":"Luiz Ant\u00f4nio Pr\u00f3speri \u2013 17 agosto 2026 (12h04) Times paulistas levam uma sova na 23\u00aa rodada do Brasileir\u00e3o 2026. Tr\u00eas derrotas, dois empates, um dentro e outro fora de casa, e apenas uma vit\u00f3ria de peso. As lavadas: Palmeiras cai (3 a 2) no Maracan\u00e3 diante do Fluminense. Corinthians sofre\u2026","rel":"","context":"Em &quot;\u00daltimas&quot;","block_context":{"text":"\u00daltimas","link":"https:\/\/blogdoprosperi.com\/?cat=283656"},"img":{"alt_text":"","src":"https:\/\/i0.wp.com\/blogdoprosperi.com\/wp-content\/uploads\/2026\/08\/midia_6a8250f27ae1d.webp?fit=1200%2C800&ssl=1&resize=350%2C200","width":350,"height":200,"srcset":"https:\/\/i0.wp.com\/blogdoprosperi.com\/wp-content\/uploads\/2026\/08\/midia_6a8250f27ae1d.webp?fit=1200%2C800&ssl=1&resize=350%2C200 1x, https:\/\/i0.wp.com\/blogdoprosperi.com\/wp-content\/uploads\/2026\/08\/midia_6a8250f27ae1d.webp?fit=1200%2C800&ssl=1&resize=525%2C300 1.5x, https:\/\/i0.wp.com\/blogdoprosperi.com\/wp-content\/uploads\/2026\/08\/midia_6a8250f27ae1d.webp?fit=1200%2C800&ssl=1&resize=700%2C400 2x, https:\/\/i0.wp.com\/blogdoprosperi.com\/wp-content\/uploads\/2026\/08\/midia_6a8250f27ae1d.webp?fit=1200%2C800&ssl=1&resize=1050%2C600 3x"},"classes":[]},{"id":53130,"url":"https:\/\/blogdoprosperi.com\/?p=53130","url_meta":{"origin":37688,"position":5},"title":"Brasileir\u00e3o | Onde Assistir e Hor\u00e1rios do Jogos de S\u00e1bado (12\/7) e Domingo (13\/7) + Palpites da 13.\u00aa Rodada","author":"Luiz Ant\u00f4nio Pr\u00f3speri","date":"12 de julho de 2025","format":false,"excerpt":"Onde assistir e hor\u00e1rios dos jogos da 13.\u00aa rodada do Brasileir\u00e3o, s\u00e1bado (12\/7) e domingo (13\/7), \u00a0na retomada do campeonato nacional. Confira o PALPITANTE do fim de semana. Na TV - S\u00c1BADO \u2013 12\/7 16h30 \u2013 Flamengo x S\u00e3o Paulo \u2013 Globo e Premiere 16h30 \u2013 Internacional x Vit\u00f3ria \u2013\u2026","rel":"","context":"Em &quot;brasileir\u00e3o 2025&quot;","block_context":{"text":"brasileir\u00e3o 2025","link":"https:\/\/blogdoprosperi.com\/?cat=775970846"},"img":{"alt_text":"Flamengo lidera Brasileir\u00e3o que entra no segundo turno","src":"https:\/\/i0.wp.com\/blogdoprosperi.com\/wp-content\/uploads\/2025\/06\/filipe-luis-flamengo-lafc-mundial-aspect-ratio-512-320.webp?fit=950%2C593&ssl=1&resize=350%2C200","width":350,"height":200,"srcset":"https:\/\/i0.wp.com\/blogdoprosperi.com\/wp-content\/uploads\/2025\/06\/filipe-luis-flamengo-lafc-mundial-aspect-ratio-512-320.webp?fit=950%2C593&ssl=1&resize=350%2C200 1x, https:\/\/i0.wp.com\/blogdoprosperi.com\/wp-content\/uploads\/2025\/06\/filipe-luis-flamengo-lafc-mundial-aspect-ratio-512-320.webp?fit=950%2C593&ssl=1&resize=525%2C300 1.5x, https:\/\/i0.wp.com\/blogdoprosperi.com\/wp-content\/uploads\/2025\/06\/filipe-luis-flamengo-lafc-mundial-aspect-ratio-512-320.webp?fit=950%2C593&ssl=1&resize=700%2C400 2x"},"classes":[]}],"jetpack_featured_media_url":"https:\/\/i0.wp.com\/blogdoprosperi.com\/wp-content\/uploads\/2019\/05\/33505743718_645f3db8b3_b.jpg?fit=1024%2C576&ssl=1","_links":{"self":[{"href":"https:\/\/blogdoprosperi.com\/index.php?rest_route=\/wp\/v2\/posts\/37688","targetHints":{"allow":["GET"]}}],"collection":[{"href":"https:\/\/blogdoprosperi.com\/index.php?rest_route=\/wp\/v2\/posts"}],"about":[{"href":"https:\/\/blogdoprosperi.com\/index.php?rest_route=\/wp\/v2\/types\/post"}],"author":[{"embeddable":true,"href":"https:\/\/blogdoprosperi.com\/index.php?rest_route=\/wp\/v2\/users\/102107496"}],"replies":[{"embeddable":true,"href":"https:\/\/blogdoprosperi.com\/index.php?rest_route=%2Fwp%2Fv2%2Fcomments&post=37688"}],"version-history":[{"count":4,"href":"https:\/\/blogdoprosperi.com\/index.php?rest_route=\/wp\/v2\/posts\/37688\/revisions"}],"predecessor-version":[{"id":37693,"href":"https:\/\/blogdoprosperi.com\/index.php?rest_route=\/wp\/v2\/posts\/37688\/revisions\/37693"}],"wp:featuredmedia":[{"embeddable":true,"href":"https:\/\/blogdoprosperi.com\/index.php?rest_route=\/wp\/v2\/media\/37689"}],"wp:attachment":[{"href":"https:\/\/blogdoprosperi.com\/index.php?rest_route=%2Fwp%2Fv2%2Fmedia&parent=37688"}],"wp:term":[{"taxonomy":"category","embeddable":true,"href":"https:\/\/blogdoprosperi.com\/index.php?rest_route=%2Fwp%2Fv2%2Fcategories&post=37688"},{"taxonomy":"post_tag","embeddable":true,"href":"https:\/\/blogdoprosperi.com\/index.php?rest_route=%2Fwp%2Fv2%2Ftags&post=37688"}],"curies":[{"name":"wp","href":"https:\/\/api.w.org\/{rel}","templated":true}]}}