{"id":37708,"date":"2019-05-13T20:00:40","date_gmt":"2019-05-13T23:00:40","guid":{"rendered":"http:\/\/blogdoprosperi.com\/?p=37708"},"modified":"2019-05-13T20:08:50","modified_gmt":"2019-05-13T23:08:50","slug":"nao-se-brinca-com-jornalismo-muito-menos-com-futebol","status":"publish","type":"post","link":"https:\/\/blogdoprosperi.com\/?p=37708","title":{"rendered":"Sid\u00e3o humilhado: N\u00e3o se brinca com jornalismo, muito menos com futebol"},"content":{"rendered":"<p>Brasileir\u00e3o 2019 fecha a quarta rodada com um epis\u00f3dio dos mais constrangedores do futebol brasileiro neste domingo de Dia das M\u00e3es. Ao final de Santos 3 x 0 Vasco, no Pacaembu, a Globo obrigou a rep\u00f3rter que trabalhava na partida a entregar ao goleiro Cid\u00e3o, do Vasco, o trof\u00e9u de \u201cCraque do Jogo\u201d, agraciado ao jogador eleito em vota\u00e7\u00e3o na internet. Sid\u00e3o venceu a disputa por expressiva maioria (90% dos votos), depois de uma campanha ir\u00f4nica ao goleiro que havia cometido falhas na derrota vasca\u00edna. Constrangido, Sid\u00e3o recebeu o trof\u00e9u e saiu calado do campo.<\/p>\n<p>A estrondosa repercuss\u00e3o negativa do caso inundou as redes sociais e mesas redondas sobre a rodada nos canais de TV. Diante do constrangimento geral, a TV Globo resolveu pedir desculpas a Sid\u00e3o por meio de nota publicada no site globoesporte por volta das 21h, quase tr\u00eas horas depois do jogo no Pacaembu.<\/p>\n<div class=\"mc-column content-text active-extra-styles active-capital-letter\">\n<p><em><strong>Confira a nota oficial da Globo:<\/strong><\/em><\/p>\n<p><em>A partir da pr\u00f3xima quarta-feira (15\/5), quando come\u00e7am as oitavas de final da Copa do Brasil, a vota\u00e7\u00e3o do Craque do Jogo ter\u00e1 um novo formato. O p\u00fablico seguir\u00e1 tendo voz atrav\u00e9s das enquetes na p\u00e1gina globoesporte.com\/craque, agora em companhia dos comentaristas da TV Globo, que ter\u00e3o direito a voto.<\/em><\/p>\n<p><span class=\"alignnone\"><img data-recalc-dims=\"1\" loading=\"lazy\" decoding=\"async\" data-attachment-id=\"37713\" data-permalink=\"https:\/\/blogdoprosperi.com\/?attachment_id=37713\" data-orig-file=\"https:\/\/i0.wp.com\/blogdoprosperi.com\/wp-content\/uploads\/2019\/05\/sidao.jpg?fit=930%2C620&amp;ssl=1\" data-orig-size=\"930,620\" data-comments-opened=\"1\" data-image-meta=\"{&quot;aperture&quot;:&quot;0&quot;,&quot;credit&quot;:&quot;&quot;,&quot;camera&quot;:&quot;&quot;,&quot;caption&quot;:&quot;&quot;,&quot;created_timestamp&quot;:&quot;0&quot;,&quot;copyright&quot;:&quot;&quot;,&quot;focal_length&quot;:&quot;0&quot;,&quot;iso&quot;:&quot;0&quot;,&quot;shutter_speed&quot;:&quot;0&quot;,&quot;title&quot;:&quot;&quot;,&quot;orientation&quot;:&quot;0&quot;}\" data-image-title=\"sidao\" data-image-description=\"\" data-image-caption=\"\" data-large-file=\"https:\/\/i0.wp.com\/blogdoprosperi.com\/wp-content\/uploads\/2019\/05\/sidao.jpg?fit=930%2C620&amp;ssl=1\" class=\"alignnone size-full wp-image-37713\" src=\"https:\/\/i0.wp.com\/blogdoprosperi.com\/wp-content\/uploads\/2019\/05\/sidao.jpg?resize=930%2C620&#038;ssl=1\" alt=\"sidao\" width=\"930\" height=\"620\" \/><\/span><\/p>\n<p><em>Neste domingo, houve movimento na internet para vota\u00e7\u00e3o em massa em Sid\u00e3o na enquete do jogo entre Santos e Vasco, que acabou com vit\u00f3ria do Peixe por 3 a 0. A zoeira come\u00e7ou depois do erro do goleiro vasca\u00edno no primeiro gol santista. Na sa\u00edda do campo, Sid\u00e3o, abatido mas educado, reconheceu a falha e recebeu o trof\u00e9u de Craque do Jogo.<\/em><\/p>\n<p><em>Sem deixar de reconhecer a opini\u00e3o do p\u00fablico, a mudan\u00e7a no formato tem o objetivo de premiar os jogadores que tiveram atua\u00e7\u00e3o de destaque em cada partida.<\/em><\/p>\n<p><em>Grupo Globo aproveita para pedir desculpas a Sid\u00e3o pela situa\u00e7\u00e3o de constrangimento ao fim do jogo no Pacaembu. O goleiro \u00e9 um profissional de alto n\u00edvel no futebol brasileiro que estava em seu ambiente de trabalho depois de uma jornada dif\u00edcil. Reconhecemos que a entrega do trof\u00e9u n\u00e3o foi adequada na ocasi\u00e3o e agradecemos a educa\u00e7\u00e3o de Sid\u00e3o no momento de tens\u00e3o.<\/em><\/p>\n<p>Nesta segunda-feira, Sid\u00e3o usou o Instagram para revelar seu sentimento com o epis\u00f3dio. Confira:<\/p>\n<p><span class=\"alignnone\"><img data-recalc-dims=\"1\" loading=\"lazy\" decoding=\"async\" class=\"alignnone  wp-image-43146 lazyloaded\" src=\"https:\/\/i0.wp.com\/chuteirafc.cartacapital.com.br\/wp-content\/uploads\/2019\/05\/Captura-de-Tela-2019-05-13-%C3%A0s-16.43.32-657x1024.png?resize=803%2C1252\" alt=\"\" width=\"803\" height=\"1252\" \/><\/span><\/p>\n<p>O caso Sid\u00e3o continuou repercutindo nesta segunda-feira (13\/5). Programas nos canais do <strong>Grupo Globo<\/strong> se penitenciaram. Se discutiu conflito entre redes sociais e jornalismo, sem conclus\u00e3o alguma.<\/p>\n<p><strong>Canais rivais do Globo<\/strong> debateram a pol\u00eamica e constrangimento do jogador. Tamb\u00e9m sem nenhum resultado pr\u00e1tico ou com poder de convencer o p\u00fablico telespectador.<\/p>\n<p><strong>Blogueiros, Twitteiros, adeptos do Instagram, Facebook<\/strong> e de outras ferramentas da web foram do c\u00e9u ao inferno, aben\u00e7oando o goleiro, excomungando a Globo e vice versa.<\/p>\n<p><strong>Rogerio Ceni<\/strong> ligou de Fortaleza para Sid\u00e3o em solidariedade, dizendo que tamb\u00e9m j\u00e1 foi xingado e humilhado por torcedores.<\/p>\n<p><strong>Vanderlei Luxemburgo<\/strong>, novo treinador do Vasco, lamentou o epis\u00f3dio e deu parab\u00e9ns \u00e0 Globo por ter reconhecido o erro e pedido perd\u00e3o ao goleiro.<\/p>\n<p><strong>Clubes e mais clubes<\/strong> brasileiros declararam apoio a Sid\u00e3o.<\/p>\n<p><strong>Os Desimpedidos,<\/strong> canal respons\u00e1vel pela campanha avassaladora pelos votos na internet para eleger Sid\u00e3o o &#8220;Craque do Jogo&#8221;, fez um pedido p\u00fablico de desculpas ao goleiro do Vasco.<\/p>\n<p>A indigna\u00e7\u00e3o geral soou forte no futebol brasileiro.<\/p>\n<p>\u00c9 bem prov\u00e1vel que daqui para frente nenhum jogador vai se prestar a receber o trof\u00e9u &#8220;Craque do Jogo&#8221;, institu\u00eddo pela Globo. Nem mesmo depois de a emissora anunciar mudan\u00e7as nos crit\u00e9rios de vota\u00e7\u00e3o. Perdeu a credibilidade.<\/p>\n<p>Quem for eleito certamente vai deixar esse trof\u00e9u mofando numa caixa de papel\u00e3o, num canto remoto de sua casa.<\/p>\n<p>Respons\u00e1veis pelo &#8220;Craque do Jogo&#8221; n\u00e3o perceberam que n\u00e3o h\u00e1 o menor rigor nas redes sociais, nem isen\u00e7\u00e3o, muito menos respeito ao cidad\u00e3o comum, seja ele um goleiro ou um gandula.<\/p>\n<p>N\u00e3o se brinca com jornalismo, muito menos com futebol.<\/p>\n<\/div>\n","protected":false},"excerpt":{"rendered":"<p>Brasileir\u00e3o 2019 fecha a quarta rodada com um epis\u00f3dio dos mais constrangedores do futebol brasileiro neste domingo de [&hellip;]<\/p>\n","protected":false},"author":102107496,"featured_media":37712,"comment_status":"open","ping_status":"open","sticky":false,"template":"","format":"standard","meta":{"_coblocks_attr":"","_coblocks_dimensions":"","_coblocks_responsive_height":"","_coblocks_accordion_ie_support":"","_jetpack_newsletter_access":"","_jetpack_dont_email_post_to_subs":false,"_jetpack_newsletter_tier_id":0,"_jetpack_memberships_contains_paywalled_content":false,"_wpcom_ai_launchpad_first_post":false,"_jetpack_feature_clip_id":0,"_jetpack_memberships_contains_paid_content":false,"footnotes":"","jetpack_publicize_message":"N\u00e3o se brinca com jornalismo, muito menos com futebol. Caso do goleiro Sid\u00e3o escancara conflito entre credibilidade e desrespeito.","jetpack_publicize_feature_enabled":true,"jetpack_social_post_already_shared":false,"jetpack_social_options":{"image_generator_settings":{"template":"highway","default_image_id":0,"font":"","enabled":false},"version":2},"jetpack_post_was_ever_published":false},"categories":[355071,53870],"tags":[444908994,679418219,789560560,5460088,1181872,20744974,679439720,593539],"class_list":["post-37708","post","type-post","status-publish","format-standard","has-post-thumbnail","hentry","category-campeonato-brasileiro","category-futebol","tag-brasileirao-2019","tag-craque-do-jogo","tag-futebol","tag-goleiro-do-vasco","tag-rogerio-ceni","tag-sidao","tag-trofeu-craque-do-jogo","tag-tv-globo"],"yoast_head":"<!-- This site is optimized with the Yoast SEO plugin v28.3 - https:\/\/yoast.com\/product\/yoast-seo-wordpress\/ -->\n<title>Sid\u00e3o humilhado: N\u00e3o se brinca com jornalismo, muito menos com futebol - PR\u00d3SPERI NEWS<\/title>\n<meta name=\"robots\" content=\"index, follow, max-snippet:-1, max-image-preview:large, max-video-preview:-1\" \/>\n<link rel=\"canonical\" href=\"https:\/\/blogdoprosperi.com\/?p=37708\" \/>\n<meta property=\"og:locale\" content=\"pt_BR\" \/>\n<meta property=\"og:type\" content=\"article\" \/>\n<meta property=\"og:title\" content=\"Sid\u00e3o humilhado: N\u00e3o se brinca com jornalismo, muito menos com futebol - PR\u00d3SPERI NEWS\" \/>\n<meta property=\"og:description\" content=\"Brasileir\u00e3o 2019 fecha a quarta rodada com um epis\u00f3dio dos mais constrangedores do futebol brasileiro neste domingo de [&hellip;]\" \/>\n<meta property=\"og:url\" content=\"https:\/\/blogdoprosperi.com\/?p=37708\" \/>\n<meta property=\"og:site_name\" content=\"PR\u00d3SPERI NEWS\" \/>\n<meta property=\"article:publisher\" content=\"Luiz Pr\u00f3speri\" \/>\n<meta property=\"article:author\" content=\"Luiz Pr\u00f3speri\" \/>\n<meta property=\"article:published_time\" content=\"2019-05-13T23:00:40+00:00\" \/>\n<meta property=\"article:modified_time\" content=\"2019-05-13T23:08:50+00:00\" \/>\n<meta property=\"og:image\" content=\"https:\/\/i0.wp.com\/blogdoprosperi.com\/wp-content\/uploads\/2019\/05\/x13633686-high-1024x683.jpeg.pagespeed.ic_.74lnvefepo.jpg?fit=1024%2C683&ssl=1\" \/>\n\t<meta property=\"og:image:width\" content=\"1024\" \/>\n\t<meta property=\"og:image:height\" content=\"683\" \/>\n\t<meta property=\"og:image:type\" content=\"image\/jpeg\" \/>\n<meta name=\"author\" content=\"Luiz Ant\u00f4nio Pr\u00f3speri\" \/>\n<meta name=\"twitter:card\" content=\"summary_large_image\" \/>\n<meta name=\"twitter:creator\" content=\"@Luizprosperi\" \/>\n<meta name=\"twitter:site\" content=\"@Luizprosperi\" \/>\n<meta name=\"twitter:label1\" content=\"Escrito por\" \/>\n\t<meta name=\"twitter:data1\" content=\"Luiz Ant\u00f4nio Pr\u00f3speri\" \/>\n\t<meta name=\"twitter:label2\" content=\"Est. tempo de leitura\" \/>\n\t<meta name=\"twitter:data2\" content=\"3 minutos\" \/>\n<script type=\"application\/ld+json\" class=\"yoast-schema-graph\">{\"@context\":\"https:\\\/\\\/schema.org\",\"@graph\":[{\"@type\":\"Article\",\"@id\":\"https:\\\/\\\/blogdoprosperi.com\\\/?p=37708#article\",\"isPartOf\":{\"@id\":\"https:\\\/\\\/blogdoprosperi.com\\\/?p=37708\"},\"author\":{\"name\":\"Luiz Ant\u00f4nio Pr\u00f3speri\",\"@id\":\"https:\\\/\\\/blogdoprosperi.com\\\/#\\\/schema\\\/person\\\/38100755ce3601861ee4fab9b5aa78e9\"},\"headline\":\"Sid\u00e3o humilhado: N\u00e3o se brinca com jornalismo, muito menos com futebol\",\"datePublished\":\"2019-05-13T23:00:40+00:00\",\"dateModified\":\"2019-05-13T23:08:50+00:00\",\"mainEntityOfPage\":{\"@id\":\"https:\\\/\\\/blogdoprosperi.com\\\/?p=37708\"},\"wordCount\":711,\"commentCount\":0,\"publisher\":{\"@id\":\"https:\\\/\\\/blogdoprosperi.com\\\/#\\\/schema\\\/person\\\/38100755ce3601861ee4fab9b5aa78e9\"},\"image\":{\"@id\":\"https:\\\/\\\/blogdoprosperi.com\\\/?p=37708#primaryimage\"},\"thumbnailUrl\":\"https:\\\/\\\/i0.wp.com\\\/blogdoprosperi.com\\\/wp-content\\\/uploads\\\/2019\\\/05\\\/x13633686-high-1024x683.jpeg.pagespeed.ic_.74lnvefepo.jpg?fit=1024%2C683&ssl=1\",\"keywords\":[\"brasileir\u00e3o 2019\",\"craque do jogo\",\"futebol\",\"goleiro do vasco\",\"Rog\u00e9rio Ceni\",\"Sid\u00e3o\",\"trof\u00e9u craque do jogo\",\"TV Globo\"],\"articleSection\":[\"Campeonato Brasileiro\",\"futebol\"],\"inLanguage\":\"pt-BR\",\"potentialAction\":[{\"@type\":\"CommentAction\",\"name\":\"Comment\",\"target\":[\"https:\\\/\\\/blogdoprosperi.com\\\/?p=37708#respond\"]}]},{\"@type\":\"WebPage\",\"@id\":\"https:\\\/\\\/blogdoprosperi.com\\\/?p=37708\",\"url\":\"https:\\\/\\\/blogdoprosperi.com\\\/?p=37708\",\"name\":\"Sid\u00e3o humilhado: N\u00e3o se brinca com jornalismo, muito menos com futebol - PR\u00d3SPERI NEWS\",\"isPartOf\":{\"@id\":\"https:\\\/\\\/blogdoprosperi.com\\\/#website\"},\"primaryImageOfPage\":{\"@id\":\"https:\\\/\\\/blogdoprosperi.com\\\/?p=37708#primaryimage\"},\"image\":{\"@id\":\"https:\\\/\\\/blogdoprosperi.com\\\/?p=37708#primaryimage\"},\"thumbnailUrl\":\"https:\\\/\\\/i0.wp.com\\\/blogdoprosperi.com\\\/wp-content\\\/uploads\\\/2019\\\/05\\\/x13633686-high-1024x683.jpeg.pagespeed.ic_.74lnvefepo.jpg?fit=1024%2C683&ssl=1\",\"datePublished\":\"2019-05-13T23:00:40+00:00\",\"dateModified\":\"2019-05-13T23:08:50+00:00\",\"breadcrumb\":{\"@id\":\"https:\\\/\\\/blogdoprosperi.com\\\/?p=37708#breadcrumb\"},\"inLanguage\":\"pt-BR\",\"potentialAction\":[{\"@type\":\"ReadAction\",\"target\":[\"https:\\\/\\\/blogdoprosperi.com\\\/?p=37708\"]}]},{\"@type\":\"ImageObject\",\"inLanguage\":\"pt-BR\",\"@id\":\"https:\\\/\\\/blogdoprosperi.com\\\/?p=37708#primaryimage\",\"url\":\"https:\\\/\\\/i0.wp.com\\\/blogdoprosperi.com\\\/wp-content\\\/uploads\\\/2019\\\/05\\\/x13633686-high-1024x683.jpeg.pagespeed.ic_.74lnvefepo.jpg?fit=1024%2C683&ssl=1\",\"contentUrl\":\"https:\\\/\\\/i0.wp.com\\\/blogdoprosperi.com\\\/wp-content\\\/uploads\\\/2019\\\/05\\\/x13633686-high-1024x683.jpeg.pagespeed.ic_.74lnvefepo.jpg?fit=1024%2C683&ssl=1\",\"width\":1024,\"height\":683},{\"@type\":\"BreadcrumbList\",\"@id\":\"https:\\\/\\\/blogdoprosperi.com\\\/?p=37708#breadcrumb\",\"itemListElement\":[{\"@type\":\"ListItem\",\"position\":1,\"name\":\"In\u00edcio\",\"item\":\"https:\\\/\\\/blogdoprosperi.com\\\/\"},{\"@type\":\"ListItem\",\"position\":2,\"name\":\"Sid\u00e3o humilhado: N\u00e3o se brinca com jornalismo, muito menos com futebol\"}]},{\"@type\":\"WebSite\",\"@id\":\"https:\\\/\\\/blogdoprosperi.com\\\/#website\",\"url\":\"https:\\\/\\\/blogdoprosperi.com\\\/\",\"name\":\"PR\u00d3SPERI NEWS\",\"description\":\"TUDO \u00c9  FUTEBOL\",\"publisher\":{\"@id\":\"https:\\\/\\\/blogdoprosperi.com\\\/#\\\/schema\\\/person\\\/38100755ce3601861ee4fab9b5aa78e9\"},\"alternateName\":\"blogdoprosperi.com\",\"potentialAction\":[{\"@type\":\"SearchAction\",\"target\":{\"@type\":\"EntryPoint\",\"urlTemplate\":\"https:\\\/\\\/blogdoprosperi.com\\\/?s={search_term_string}\"},\"query-input\":{\"@type\":\"PropertyValueSpecification\",\"valueRequired\":true,\"valueName\":\"search_term_string\"}}],\"inLanguage\":\"pt-BR\"},{\"@type\":[\"Person\",\"Organization\"],\"@id\":\"https:\\\/\\\/blogdoprosperi.com\\\/#\\\/schema\\\/person\\\/38100755ce3601861ee4fab9b5aa78e9\",\"name\":\"Luiz Ant\u00f4nio Pr\u00f3speri\",\"pronouns\":\"ele\",\"image\":{\"@type\":\"ImageObject\",\"inLanguage\":\"pt-BR\",\"@id\":\"https:\\\/\\\/i0.wp.com\\\/blogdoprosperi.com\\\/wp-content\\\/uploads\\\/2026\\\/05\\\/cropped-8059e613-6002-42fa-961e-8e275f575d71-2-5.jpg?fit=1360%2C931&ssl=1\",\"url\":\"https:\\\/\\\/i0.wp.com\\\/blogdoprosperi.com\\\/wp-content\\\/uploads\\\/2026\\\/05\\\/cropped-8059e613-6002-42fa-961e-8e275f575d71-2-5.jpg?fit=1360%2C931&ssl=1\",\"contentUrl\":\"https:\\\/\\\/i0.wp.com\\\/blogdoprosperi.com\\\/wp-content\\\/uploads\\\/2026\\\/05\\\/cropped-8059e613-6002-42fa-961e-8e275f575d71-2-5.jpg?fit=1360%2C931&ssl=1\",\"width\":1360,\"height\":931,\"caption\":\"Luiz Ant\u00f4nio Pr\u00f3speri\"},\"logo\":{\"@id\":\"https:\\\/\\\/i0.wp.com\\\/blogdoprosperi.com\\\/wp-content\\\/uploads\\\/2026\\\/05\\\/cropped-8059e613-6002-42fa-961e-8e275f575d71-2-5.jpg?fit=1360%2C931&ssl=1\"},\"description\":\"Jornalista com carreira dedicada ao esporte. Cobriu 9 Copas do Mundo in loco, 1990 na It\u00e1lia, 1994 nos EUA, 1998 na Fran\u00e7a, 2002 na Coreia do Sul e Jap\u00e3o, 2006 na Alemanha, 2010 na \u00c1frica do Sul, 2014 no Brasil, 2018 na R\u00fassia e 2022 no Qatar. Eurocopas, 1992 na Su\u00e9cia e 1996 na Inglaterra. Copa das Confedera\u00e7\u00f5es de 2005 na Alemanha e 2009 na \u00c1frica do Sul. Rep\u00f3rter e Editor, trabalhou no Jornal da Tarde e Estad\u00e3o, de 1984 a fevereiro de 2016. Colunista, blogueiro. E comentarista de futebol na R\u00e1dio Estad\u00e3o, de 2013 a fevereiro de 2016. Jornalista respons\u00e1vel do \\\"Pr\u00f3speri News\\\" (blogdoprosperi.com).\",\"sameAs\":[\"http:\\\/\\\/blogdoprosperi.com\",\"Luiz Pr\u00f3speri\",\"@luiz_prosperi\",\"https:\\\/\\\/x.com\\\/Luizprosperi\",\"@prosperinacopa\",\"luiz.prosperi@icloud.com\"],\"url\":\"https:\\\/\\\/blogdoprosperi.com\\\/?author=102107496\"}]}<\/script>\n<!-- \/ Yoast SEO plugin. -->","yoast_head_json":{"title":"Sid\u00e3o humilhado: N\u00e3o se brinca com jornalismo, muito menos com futebol - PR\u00d3SPERI NEWS","robots":{"index":"index","follow":"follow","max-snippet":"max-snippet:-1","max-image-preview":"max-image-preview:large","max-video-preview":"max-video-preview:-1"},"canonical":"https:\/\/blogdoprosperi.com\/?p=37708","og_locale":"pt_BR","og_type":"article","og_title":"Sid\u00e3o humilhado: N\u00e3o se brinca com jornalismo, muito menos com futebol - PR\u00d3SPERI NEWS","og_description":"Brasileir\u00e3o 2019 fecha a quarta rodada com um epis\u00f3dio dos mais constrangedores do futebol brasileiro neste domingo de [&hellip;]","og_url":"https:\/\/blogdoprosperi.com\/?p=37708","og_site_name":"PR\u00d3SPERI NEWS","article_publisher":"Luiz Pr\u00f3speri","article_author":"Luiz Pr\u00f3speri","article_published_time":"2019-05-13T23:00:40+00:00","article_modified_time":"2019-05-13T23:08:50+00:00","og_image":[{"width":1024,"height":683,"url":"https:\/\/i0.wp.com\/blogdoprosperi.com\/wp-content\/uploads\/2019\/05\/x13633686-high-1024x683.jpeg.pagespeed.ic_.74lnvefepo.jpg?fit=1024%2C683&ssl=1","type":"image\/jpeg"}],"author":"Luiz Ant\u00f4nio Pr\u00f3speri","twitter_card":"summary_large_image","twitter_creator":"@Luizprosperi","twitter_site":"@Luizprosperi","twitter_misc":{"Escrito por":"Luiz Ant\u00f4nio Pr\u00f3speri","Est. tempo de leitura":"3 minutos"},"schema":{"@context":"https:\/\/schema.org","@graph":[{"@type":"Article","@id":"https:\/\/blogdoprosperi.com\/?p=37708#article","isPartOf":{"@id":"https:\/\/blogdoprosperi.com\/?p=37708"},"author":{"name":"Luiz Ant\u00f4nio Pr\u00f3speri","@id":"https:\/\/blogdoprosperi.com\/#\/schema\/person\/38100755ce3601861ee4fab9b5aa78e9"},"headline":"Sid\u00e3o humilhado: N\u00e3o se brinca com jornalismo, muito menos com futebol","datePublished":"2019-05-13T23:00:40+00:00","dateModified":"2019-05-13T23:08:50+00:00","mainEntityOfPage":{"@id":"https:\/\/blogdoprosperi.com\/?p=37708"},"wordCount":711,"commentCount":0,"publisher":{"@id":"https:\/\/blogdoprosperi.com\/#\/schema\/person\/38100755ce3601861ee4fab9b5aa78e9"},"image":{"@id":"https:\/\/blogdoprosperi.com\/?p=37708#primaryimage"},"thumbnailUrl":"https:\/\/i0.wp.com\/blogdoprosperi.com\/wp-content\/uploads\/2019\/05\/x13633686-high-1024x683.jpeg.pagespeed.ic_.74lnvefepo.jpg?fit=1024%2C683&ssl=1","keywords":["brasileir\u00e3o 2019","craque do jogo","futebol","goleiro do vasco","Rog\u00e9rio Ceni","Sid\u00e3o","trof\u00e9u craque do jogo","TV Globo"],"articleSection":["Campeonato Brasileiro","futebol"],"inLanguage":"pt-BR","potentialAction":[{"@type":"CommentAction","name":"Comment","target":["https:\/\/blogdoprosperi.com\/?p=37708#respond"]}]},{"@type":"WebPage","@id":"https:\/\/blogdoprosperi.com\/?p=37708","url":"https:\/\/blogdoprosperi.com\/?p=37708","name":"Sid\u00e3o humilhado: N\u00e3o se brinca com jornalismo, muito menos com futebol - PR\u00d3SPERI NEWS","isPartOf":{"@id":"https:\/\/blogdoprosperi.com\/#website"},"primaryImageOfPage":{"@id":"https:\/\/blogdoprosperi.com\/?p=37708#primaryimage"},"image":{"@id":"https:\/\/blogdoprosperi.com\/?p=37708#primaryimage"},"thumbnailUrl":"https:\/\/i0.wp.com\/blogdoprosperi.com\/wp-content\/uploads\/2019\/05\/x13633686-high-1024x683.jpeg.pagespeed.ic_.74lnvefepo.jpg?fit=1024%2C683&ssl=1","datePublished":"2019-05-13T23:00:40+00:00","dateModified":"2019-05-13T23:08:50+00:00","breadcrumb":{"@id":"https:\/\/blogdoprosperi.com\/?p=37708#breadcrumb"},"inLanguage":"pt-BR","potentialAction":[{"@type":"ReadAction","target":["https:\/\/blogdoprosperi.com\/?p=37708"]}]},{"@type":"ImageObject","inLanguage":"pt-BR","@id":"https:\/\/blogdoprosperi.com\/?p=37708#primaryimage","url":"https:\/\/i0.wp.com\/blogdoprosperi.com\/wp-content\/uploads\/2019\/05\/x13633686-high-1024x683.jpeg.pagespeed.ic_.74lnvefepo.jpg?fit=1024%2C683&ssl=1","contentUrl":"https:\/\/i0.wp.com\/blogdoprosperi.com\/wp-content\/uploads\/2019\/05\/x13633686-high-1024x683.jpeg.pagespeed.ic_.74lnvefepo.jpg?fit=1024%2C683&ssl=1","width":1024,"height":683},{"@type":"BreadcrumbList","@id":"https:\/\/blogdoprosperi.com\/?p=37708#breadcrumb","itemListElement":[{"@type":"ListItem","position":1,"name":"In\u00edcio","item":"https:\/\/blogdoprosperi.com\/"},{"@type":"ListItem","position":2,"name":"Sid\u00e3o humilhado: N\u00e3o se brinca com jornalismo, muito menos com futebol"}]},{"@type":"WebSite","@id":"https:\/\/blogdoprosperi.com\/#website","url":"https:\/\/blogdoprosperi.com\/","name":"PR\u00d3SPERI NEWS","description":"TUDO \u00c9  FUTEBOL","publisher":{"@id":"https:\/\/blogdoprosperi.com\/#\/schema\/person\/38100755ce3601861ee4fab9b5aa78e9"},"alternateName":"blogdoprosperi.com","potentialAction":[{"@type":"SearchAction","target":{"@type":"EntryPoint","urlTemplate":"https:\/\/blogdoprosperi.com\/?s={search_term_string}"},"query-input":{"@type":"PropertyValueSpecification","valueRequired":true,"valueName":"search_term_string"}}],"inLanguage":"pt-BR"},{"@type":["Person","Organization"],"@id":"https:\/\/blogdoprosperi.com\/#\/schema\/person\/38100755ce3601861ee4fab9b5aa78e9","name":"Luiz Ant\u00f4nio Pr\u00f3speri","pronouns":"ele","image":{"@type":"ImageObject","inLanguage":"pt-BR","@id":"https:\/\/i0.wp.com\/blogdoprosperi.com\/wp-content\/uploads\/2026\/05\/cropped-8059e613-6002-42fa-961e-8e275f575d71-2-5.jpg?fit=1360%2C931&ssl=1","url":"https:\/\/i0.wp.com\/blogdoprosperi.com\/wp-content\/uploads\/2026\/05\/cropped-8059e613-6002-42fa-961e-8e275f575d71-2-5.jpg?fit=1360%2C931&ssl=1","contentUrl":"https:\/\/i0.wp.com\/blogdoprosperi.com\/wp-content\/uploads\/2026\/05\/cropped-8059e613-6002-42fa-961e-8e275f575d71-2-5.jpg?fit=1360%2C931&ssl=1","width":1360,"height":931,"caption":"Luiz Ant\u00f4nio Pr\u00f3speri"},"logo":{"@id":"https:\/\/i0.wp.com\/blogdoprosperi.com\/wp-content\/uploads\/2026\/05\/cropped-8059e613-6002-42fa-961e-8e275f575d71-2-5.jpg?fit=1360%2C931&ssl=1"},"description":"Jornalista com carreira dedicada ao esporte. Cobriu 9 Copas do Mundo in loco, 1990 na It\u00e1lia, 1994 nos EUA, 1998 na Fran\u00e7a, 2002 na Coreia do Sul e Jap\u00e3o, 2006 na Alemanha, 2010 na \u00c1frica do Sul, 2014 no Brasil, 2018 na R\u00fassia e 2022 no Qatar. Eurocopas, 1992 na Su\u00e9cia e 1996 na Inglaterra. Copa das Confedera\u00e7\u00f5es de 2005 na Alemanha e 2009 na \u00c1frica do Sul. Rep\u00f3rter e Editor, trabalhou no Jornal da Tarde e Estad\u00e3o, de 1984 a fevereiro de 2016. Colunista, blogueiro. E comentarista de futebol na R\u00e1dio Estad\u00e3o, de 2013 a fevereiro de 2016. Jornalista respons\u00e1vel do \"Pr\u00f3speri News\" (blogdoprosperi.com).","sameAs":["http:\/\/blogdoprosperi.com","Luiz Pr\u00f3speri","@luiz_prosperi","https:\/\/x.com\/Luizprosperi","@prosperinacopa","luiz.prosperi@icloud.com"],"url":"https:\/\/blogdoprosperi.com\/?author=102107496"}]}},"jetpack_publicize_connections":[],"jetpack_likes_enabled":false,"jetpack_sharing_enabled":true,"jetpack_shortlink":"https:\/\/wp.me\/p7jvdk-9Oc","jetpack-related-posts":[{"id":54112,"url":"https:\/\/blogdoprosperi.com\/?p=54112","url_meta":{"origin":37708,"position":0},"title":"Classifica\u00e7\u00e3o do Brasileir\u00e3o | 17\u00aa Rodada \u2013 Flamengo Assume Lideran\u00e7a","author":"Luiz Ant\u00f4nio Pr\u00f3speri","date":"28 de julho de 2025","format":false,"excerpt":"Luiz Ant\u00f4nio Pr\u00f3speri \u2013 28 julho 2025 (11h30) \u2013 Flamengo \u00e9 novo l\u00edder do Brasileir\u00e3o 2025. Vence o Atl\u00e9tico-MG no Maracan\u00e3 e ultrapassa o Cruzeiro derrotado pelo Cear\u00e1 no Mineir\u00e3o. Time mineiro cai para o segundo lugar, dois pontos a mais que o Palmeiras, terceiro colocado com dois jogos a\u2026","rel":"","context":"Em &quot;brasileir\u00e3o 2025&quot;","block_context":{"text":"brasileir\u00e3o 2025","link":"https:\/\/blogdoprosperi.com\/?cat=775970846"},"img":{"alt_text":"Novo calend\u00e1rio do futebol brasileiro","src":"https:\/\/i0.wp.com\/blogdoprosperi.com\/wp-content\/uploads\/2024\/11\/20240222142247_268-2.jpeg?fit=1200%2C791&ssl=1&resize=350%2C200","width":350,"height":200,"srcset":"https:\/\/i0.wp.com\/blogdoprosperi.com\/wp-content\/uploads\/2024\/11\/20240222142247_268-2.jpeg?fit=1200%2C791&ssl=1&resize=350%2C200 1x, https:\/\/i0.wp.com\/blogdoprosperi.com\/wp-content\/uploads\/2024\/11\/20240222142247_268-2.jpeg?fit=1200%2C791&ssl=1&resize=525%2C300 1.5x, https:\/\/i0.wp.com\/blogdoprosperi.com\/wp-content\/uploads\/2024\/11\/20240222142247_268-2.jpeg?fit=1200%2C791&ssl=1&resize=700%2C400 2x, https:\/\/i0.wp.com\/blogdoprosperi.com\/wp-content\/uploads\/2024\/11\/20240222142247_268-2.jpeg?fit=1200%2C791&ssl=1&resize=1050%2C600 3x"},"classes":[]},{"id":54089,"url":"https:\/\/blogdoprosperi.com\/?p=54089","url_meta":{"origin":37708,"position":1},"title":"Coletiva Fernando Diniz | V\u00eddeo P\u00f3s-Jogo Internacional 1 x 1 Vasco","author":"Luiz Ant\u00f4nio Pr\u00f3speri","date":"27 de julho de 2025","format":false,"excerpt":"Acompanhe entrevista coletiva do t\u00e9cnico Fernando Diniz p\u00f3s-jogo Internacional 1 x 1 Vasco, 17\u00aa rodada do Brasileir\u00e3o 2025. Diniz cobra crit\u00e9rio da arbitragem no caso da explos\u00e3o do goleiro Leo Jardim. V\u00eddeo oficial TV Vasco:","rel":"","context":"Em &quot;brasileir\u00e3o 2025&quot;","block_context":{"text":"brasileir\u00e3o 2025","link":"https:\/\/blogdoprosperi.com\/?cat=775970846"},"img":{"alt_text":"Leo Jardim expulso Inter 1 x 1 Vasco","src":"https:\/\/i0.wp.com\/blogdoprosperi.com\/wp-content\/uploads\/2025\/07\/13792733_640x360.jpg?fit=640%2C360&ssl=1&resize=350%2C200","width":350,"height":200,"srcset":"https:\/\/i0.wp.com\/blogdoprosperi.com\/wp-content\/uploads\/2025\/07\/13792733_640x360.jpg?fit=640%2C360&ssl=1&resize=350%2C200 1x, https:\/\/i0.wp.com\/blogdoprosperi.com\/wp-content\/uploads\/2025\/07\/13792733_640x360.jpg?fit=640%2C360&ssl=1&resize=525%2C300 1.5x"},"classes":[]},{"id":32979,"url":"https:\/\/blogdoprosperi.com\/?p=32979","url_meta":{"origin":37708,"position":2},"title":"Entenda como dirigentes t\u00eam mais a ganhar do que Rogerio Ceni no comando do S\u00e3o Paulo","author":"Luiz Ant\u00f4nio Pr\u00f3speri","date":"24 de novembro de 2016","format":false,"excerpt":"S\u00e3o Paulo tem mais a ganhar do que Rogerio Ceni ao anunciar o ex-goleiro como novo t\u00e9cnico do time. Com o \u00eddolo no comando, dirigentes lavam as m\u00e3os e entregam a Ceni, aos 43 anos, a dura miss\u00e3o de reconstruir o futebol do clube, esfarelado h\u00e1 quase uma d\u00e9cada sem\u2026","rel":"","context":"Em &quot;Campeonato Brasileiro&quot;","block_context":{"text":"Campeonato Brasileiro","link":"https:\/\/blogdoprosperi.com\/?cat=355071"},"img":{"alt_text":"bac640c96c6t0005","src":"https:\/\/i0.wp.com\/blogdoprosperi.com\/wp-content\/uploads\/2016\/10\/bac640c96c6t0005.jpg?resize=350%2C200&ssl=1","width":350,"height":200,"srcset":"https:\/\/i0.wp.com\/blogdoprosperi.com\/wp-content\/uploads\/2016\/10\/bac640c96c6t0005.jpg?resize=350%2C200&ssl=1 1x, https:\/\/i0.wp.com\/blogdoprosperi.com\/wp-content\/uploads\/2016\/10\/bac640c96c6t0005.jpg?resize=525%2C300&ssl=1 1.5x, https:\/\/i0.wp.com\/blogdoprosperi.com\/wp-content\/uploads\/2016\/10\/bac640c96c6t0005.jpg?resize=700%2C400&ssl=1 2x"},"classes":[]},{"id":37356,"url":"https:\/\/blogdoprosperi.com\/?p=37356","url_meta":{"origin":37708,"position":3},"title":"Deixem minha m\u00e3e em paz","author":"Luiz Ant\u00f4nio Pr\u00f3speri","date":"27 de fevereiro de 2018","format":false,"excerpt":"Jailson \u00e9 palmeirense desde menino. Sua m\u00e3e \u00e9 corintiana. Av\u00f3, santista. Em comum, o universo do futebol. Tudo t\u00e3o simples e importante como um copo d'\u00e1gua. Deveria ser assim por gera\u00e7\u00f5es e gera\u00e7\u00f5es da fam\u00edlia do goleiro. Sem ningu\u00e9m se intrometer, nem fazer valer a intoler\u00e2ncia. N\u00e3o h\u00e1 maldade em\u2026","rel":"","context":"Em &quot;futebol&quot;","block_context":{"text":"futebol","link":"https:\/\/blogdoprosperi.com\/?cat=53870"},"img":{"alt_text":"","src":"https:\/\/i0.wp.com\/blogdoprosperi.com\/wp-content\/uploads\/2018\/02\/26594671318_e55e1071f2_b.jpg?fit=698%2C1024&ssl=1&resize=350%2C200","width":350,"height":200,"srcset":"https:\/\/i0.wp.com\/blogdoprosperi.com\/wp-content\/uploads\/2018\/02\/26594671318_e55e1071f2_b.jpg?fit=698%2C1024&ssl=1&resize=350%2C200 1x, https:\/\/i0.wp.com\/blogdoprosperi.com\/wp-content\/uploads\/2018\/02\/26594671318_e55e1071f2_b.jpg?fit=698%2C1024&ssl=1&resize=525%2C300 1.5x"},"classes":[]},{"id":36963,"url":"https:\/\/blogdoprosperi.com\/?p=36963","url_meta":{"origin":37708,"position":4},"title":"Os &#8220;Sombras&#8221; do Brasileir\u00e3o","author":"Luiz Ant\u00f4nio Pr\u00f3speri","date":"23 de outubro de 2017","format":false,"excerpt":"Estranhos apareceram nas \u00faltimas rodadas do Campeonato Brasileiro. Quer dizer, n\u00e3o t\u00e3o estranhos assim. A maioria dos torcedores conhece cada um deles. O problema \u00e9 que estavam desaparecidos, um paradeiro aflitivo. Seus times vivendo da agonia a cada rodada, e nada deles darem as caras. Por exemplo, Robinho. Adormecido h\u00e1\u2026","rel":"","context":"Em &quot;Campeonato Brasileiro&quot;","block_context":{"text":"Campeonato Brasileiro","link":"https:\/\/blogdoprosperi.com\/?cat=355071"},"img":{"alt_text":"Robinho e Cia comemoram gol do Galo","src":"https:\/\/i0.wp.com\/blogdoprosperi.com\/wp-content\/uploads\/2017\/10\/24012310548_621444ca96_z.jpg?fit=640%2C427&ssl=1&resize=350%2C200","width":350,"height":200,"srcset":"https:\/\/i0.wp.com\/blogdoprosperi.com\/wp-content\/uploads\/2017\/10\/24012310548_621444ca96_z.jpg?fit=640%2C427&ssl=1&resize=350%2C200 1x, https:\/\/i0.wp.com\/blogdoprosperi.com\/wp-content\/uploads\/2017\/10\/24012310548_621444ca96_z.jpg?fit=640%2C427&ssl=1&resize=525%2C300 1.5x"},"classes":[]},{"id":4492,"url":"https:\/\/blogdoprosperi.com\/?p=4492","url_meta":{"origin":37708,"position":5},"title":"Santos estende seu reinado no futebol paulista e o corajoso Audax vai virar p\u00f3","author":"Luiz Ant\u00f4nio Pr\u00f3speri","date":"8 de maio de 2016","format":false,"excerpt":"O Santos chegou ao seu 22.\u00ba t\u00edtulo paulista jogando como um time pequeno contra o modesto, mas corajoso, Osasco Audax ao vencer por 1 a 0 na Vila Belmiro neste domingo. Diante de um advers\u00e1rio que gosta de grudar a bola no p\u00e9, jogou na retranca desde os 25 minutos\u2026","rel":"","context":"Em &quot;futebol&quot;","block_context":{"text":"futebol","link":"https:\/\/blogdoprosperi.com\/?cat=53870"},"img":{"alt_text":"","src":"https:\/\/i0.wp.com\/blogdoprosperi.com\/wp-content\/uploads\/2016\/05\/gol_ricardo_oliveira_santos_audax.jpg?resize=350%2C200&ssl=1","width":350,"height":200,"srcset":"https:\/\/i0.wp.com\/blogdoprosperi.com\/wp-content\/uploads\/2016\/05\/gol_ricardo_oliveira_santos_audax.jpg?resize=350%2C200&ssl=1 1x, https:\/\/i0.wp.com\/blogdoprosperi.com\/wp-content\/uploads\/2016\/05\/gol_ricardo_oliveira_santos_audax.jpg?resize=525%2C300&ssl=1 1.5x"},"classes":[]}],"jetpack_featured_media_url":"https:\/\/i0.wp.com\/blogdoprosperi.com\/wp-content\/uploads\/2019\/05\/x13633686-high-1024x683.jpeg.pagespeed.ic_.74lnvefepo.jpg?fit=1024%2C683&ssl=1","_links":{"self":[{"href":"https:\/\/blogdoprosperi.com\/index.php?rest_route=\/wp\/v2\/posts\/37708","targetHints":{"allow":["GET"]}}],"collection":[{"href":"https:\/\/blogdoprosperi.com\/index.php?rest_route=\/wp\/v2\/posts"}],"about":[{"href":"https:\/\/blogdoprosperi.com\/index.php?rest_route=\/wp\/v2\/types\/post"}],"author":[{"embeddable":true,"href":"https:\/\/blogdoprosperi.com\/index.php?rest_route=\/wp\/v2\/users\/102107496"}],"replies":[{"embeddable":true,"href":"https:\/\/blogdoprosperi.com\/index.php?rest_route=%2Fwp%2Fv2%2Fcomments&post=37708"}],"version-history":[{"count":9,"href":"https:\/\/blogdoprosperi.com\/index.php?rest_route=\/wp\/v2\/posts\/37708\/revisions"}],"predecessor-version":[{"id":37720,"href":"https:\/\/blogdoprosperi.com\/index.php?rest_route=\/wp\/v2\/posts\/37708\/revisions\/37720"}],"wp:featuredmedia":[{"embeddable":true,"href":"https:\/\/blogdoprosperi.com\/index.php?rest_route=\/wp\/v2\/media\/37712"}],"wp:attachment":[{"href":"https:\/\/blogdoprosperi.com\/index.php?rest_route=%2Fwp%2Fv2%2Fmedia&parent=37708"}],"wp:term":[{"taxonomy":"category","embeddable":true,"href":"https:\/\/blogdoprosperi.com\/index.php?rest_route=%2Fwp%2Fv2%2Fcategories&post=37708"},{"taxonomy":"post_tag","embeddable":true,"href":"https:\/\/blogdoprosperi.com\/index.php?rest_route=%2Fwp%2Fv2%2Ftags&post=37708"}],"curies":[{"name":"wp","href":"https:\/\/api.w.org\/{rel}","templated":true}]}}