{"id":37724,"date":"2019-05-17T21:32:53","date_gmt":"2019-05-18T00:32:53","guid":{"rendered":"http:\/\/blogdoprosperi.com\/?p=37724"},"modified":"2019-05-18T09:33:06","modified_gmt":"2019-05-18T12:33:06","slug":"tite-cada-vez-mais-sozinho","status":"publish","type":"post","link":"https:\/\/blogdoprosperi.com\/?p=37724","title":{"rendered":"Tite cada vez mais sozinho"},"content":{"rendered":"<p>Tite perde mais um assessor importante na comiss\u00e3o t\u00e9cnica da Sele\u00e7\u00e3o Brasileira. Sylvinho, seu homem de confian\u00e7a e auxiliar com direito a participar at\u00e9 de coletivas de imprensa ao seu lado, como fez na Copa da R\u00fassia, vai assumir o comando do Lyon da Fran\u00e7a. J\u00e1. Antes mesmo da Copa Am\u00e9rica.<\/p>\n<p>\u00c9 n\u00edtido e cristalino o isolamento de Tite na CBF.<\/p>\n<p>Sylvinho sai agora. Edu Gaspar, gerente de Sele\u00e7\u00f5es por exig\u00eancia de Tite quando assumiu a Sele\u00e7\u00e3o em 2016, pega o bon\u00e9 ap\u00f3s a Copa Am\u00e9rica. Vai assumir o cargo de diretor de futebol do rico Arsenal da Inglaterra.<\/p>\n<p>Sem Gaspar a dar guarida, sem a muleta de Sylvinho, os dois ex-jogadores do Corinthians com boa passagem pelo futebol europeu no in\u00edcio dos anos 2000, Tite perde for\u00e7a. Auxiliares que permanecem com ele t\u00eam um curr\u00edculo modesto, apenas no futebol brasileiro, sem lastro internacional.<\/p>\n<p>A situa\u00e7\u00e3o \u00e9 t\u00e3o constrangedora que nenhum dirigente gra\u00fado da CBF e muito menos <strong><a href=\"http:\/\/blogdoprosperi.com\/2019\/04\/09\/cbf-rogerio-caboclo-assume-presidencia-e-prepara-mudancas-radicais-no-futebol-brasileiro\/\">o presidente rec\u00e9m-empossado Rogerio Caboclo,<\/a><\/strong> sentaram \u00e0 mesa com Tite no an\u00fancio da convoca\u00e7\u00e3o dos 23 jogadores do Brasil para Copa Am\u00e9rica nesta sexta-feira (17\/5) na sede da CBF.<\/p>\n<p>Chama aten\u00e7\u00e3o ainda Cabloco n\u00e3o ter dado uma declara\u00e7\u00e3o mais enf\u00e1tica e de p\u00fablico pela perman\u00eancia de Tite no comando da Sele\u00e7\u00e3o diante de uma eventual derrota na Copa Am\u00e9rica \u2013 de 14 de junho a 7 de julho no Brasil.<\/p>\n<p>Caboclo nem mesmo assinou um documento bancando Tite at\u00e9 a Copa do Mundo de 2022 no Catar, apesar de o t\u00e9cnico ter renovado contrato ap\u00f3s fracasso na Copa da R\u00fassia 2018.<\/p>\n<p>A hora \u00e9 agora. Mas o presidente da CBF n\u00e3o coloca as m\u00e3os no fogo por Tite.<\/p>\n<p>Bastidores na CBF e nos burburinhos do futebol brasileiro atestam que ganhando ou perdendo a Copa Am\u00e9rica, Tite ser\u00e1 demitido. Renato Ga\u00facho, atual comandante do Gr\u00eamio, \u00e9 o preferido da cartolagem para assumir o escrete.<\/p>\n<p>Tite tem alta quilometragem no futebol. Sabe que est\u00e1 t\u00e3o firme na chefia da Sele\u00e7\u00e3o como um prego fincado na areia. At\u00e9 por isso deu uma entrevista para l\u00e1 de burocr\u00e1tica, sem entusiasmo, ao<strong> <\/strong><a href=\"http:\/\/blogdoprosperi.com\/2019\/05\/10\/a-insensatez-de-tite\/\"><strong>anunciar a convoca\u00e7\u00e3o dos 23 jogadores para Copa Am\u00e9rica.<\/strong><\/a><strong> <\/strong>E ainda se esquivou de responder sobre a crise Neymar. Enrolou.<\/p>\n<p><span class=\"alignnone\"><img data-recalc-dims=\"1\" loading=\"lazy\" decoding=\"async\" data-attachment-id=\"37729\" data-permalink=\"https:\/\/blogdoprosperi.com\/?attachment_id=37729\" data-orig-file=\"https:\/\/i0.wp.com\/blogdoprosperi.com\/wp-content\/uploads\/2019\/05\/d6xt8clwsaewm1q.jpg?fit=1080%2C1080&amp;ssl=1\" data-orig-size=\"1080,1080\" data-comments-opened=\"1\" data-image-meta=\"{&quot;aperture&quot;:&quot;0&quot;,&quot;credit&quot;:&quot;&quot;,&quot;camera&quot;:&quot;&quot;,&quot;caption&quot;:&quot;&quot;,&quot;created_timestamp&quot;:&quot;0&quot;,&quot;copyright&quot;:&quot;&quot;,&quot;focal_length&quot;:&quot;0&quot;,&quot;iso&quot;:&quot;0&quot;,&quot;shutter_speed&quot;:&quot;0&quot;,&quot;title&quot;:&quot;&quot;,&quot;orientation&quot;:&quot;0&quot;}\" data-image-title=\"D6xt8cLWsAEWM1Q\" data-image-description=\"\" data-image-caption=\"\" data-large-file=\"https:\/\/i0.wp.com\/blogdoprosperi.com\/wp-content\/uploads\/2019\/05\/d6xt8clwsaewm1q.jpg?fit=940%2C940&amp;ssl=1\" class=\"alignnone wp-image-37729\" src=\"https:\/\/i0.wp.com\/blogdoprosperi.com\/wp-content\/uploads\/2019\/05\/d6xt8clwsaewm1q.jpg?resize=510%2C510&#038;ssl=1\" alt=\"D6xt8cLWsAEWM1Q\" width=\"510\" height=\"510\"><\/span><\/p>\n<p>Nem mesmo o apelo de Edu Gaspar, dizendo que todos da comiss\u00e3o t\u00e9cnica encaram a Copa Am\u00e9rica no Brasil com um grande prazer, alegria, e n\u00e3o como um instrumento de press\u00e3o, levantaram astral de Tite.<\/p>\n<p>&#8220;Desde que assumi o Guarani de Garibaldi l\u00e1 no in\u00edcio (<em>de carreira de treinador<\/em>), a press\u00e3o tem sido di\u00e1ria&#8221;, disse Tite ao ser questionado a respeito da press\u00e3o por ganhar a Copa Am\u00e9rica e garantir o emprego.<\/p>\n<p>Diante desse cen\u00e1rio \u00e1rido, Tite n\u00e3o se sentiu encorajado a fazer uma renova\u00e7\u00e3o mais aguda na Sele\u00e7\u00e3o Brasileira. <strong><a href=\"http:\/\/blogdoprosperi.com\/2019\/04\/30\/deixem-neymar-em-paz\/\">Optou pela maioria de jogadores que est\u00e1 com ele desde 2016.<\/a><\/strong><strong> <\/strong><\/p>\n<p>Dos 23 convocados para esta Copa Am\u00e9rica, 14 estiveram com Tite na Copa do Mundo da R\u00fassia. Daniel Alves, cortado \u00e0s v\u00e9speras do Mundial por les\u00e3o, volta agora. Seria o 15.\u00ba do grupo do Mundial de 2018. E Renato Augusto, o 16.\u00ba. Renato Augusto s\u00f3 n\u00e3o foi chamado porque Tite queria gente jovem, de pulm\u00e3o cheio, entre os meias no setor vital do time.<\/p>\n<p>Com essa turma de velhos conhecidos, ganhando ou n\u00e3o a Copa Am\u00e9rica, o t\u00e9cnico sabe que vai precisar de muito mais para se sustentar no comando do escrete. Acabou a unanimidade, a bajula\u00e7\u00e3o da m\u00eddia evaporou e o apoio popular \u00e9 finito. Tite est\u00e1 cada vez mais sozinho.<\/p>\n<p><span class=\"alignnone\"><img data-recalc-dims=\"1\" loading=\"lazy\" decoding=\"async\" data-attachment-id=\"37726\" data-permalink=\"https:\/\/blogdoprosperi.com\/?attachment_id=37726\" data-orig-file=\"https:\/\/i0.wp.com\/blogdoprosperi.com\/wp-content\/uploads\/2019\/05\/24347652.jpg?fit=660%2C439&amp;ssl=1\" data-orig-size=\"660,439\" data-comments-opened=\"1\" data-image-meta=\"{&quot;aperture&quot;:&quot;0&quot;,&quot;credit&quot;:&quot;&quot;,&quot;camera&quot;:&quot;&quot;,&quot;caption&quot;:&quot;&quot;,&quot;created_timestamp&quot;:&quot;0&quot;,&quot;copyright&quot;:&quot;&quot;,&quot;focal_length&quot;:&quot;0&quot;,&quot;iso&quot;:&quot;0&quot;,&quot;shutter_speed&quot;:&quot;0&quot;,&quot;title&quot;:&quot;&quot;,&quot;orientation&quot;:&quot;0&quot;}\" data-image-title=\"Tite convoca os 23 da Copa Am\u00e9rica 2021\" data-image-description=\"\" data-image-caption=\"&lt;p&gt;foto: CBF&lt;\/p&gt;\n\" data-large-file=\"https:\/\/i0.wp.com\/blogdoprosperi.com\/wp-content\/uploads\/2019\/05\/24347652.jpg?fit=660%2C439&amp;ssl=1\" class=\"alignnone size-full wp-image-37726\" src=\"https:\/\/i0.wp.com\/blogdoprosperi.com\/wp-content\/uploads\/2019\/05\/24347652.jpg?resize=660%2C439&#038;ssl=1\" alt=\"Tite convoca os 23 da Copa Am\u00e9rica\" width=\"660\" height=\"439\"><\/span><\/p>\n","protected":false},"excerpt":{"rendered":"<p>Tite perde mais um assessor importante na comiss\u00e3o t\u00e9cnica da Sele\u00e7\u00e3o Brasileira. Sylvinho, seu homem de confian\u00e7a e [&hellip;]<\/p>\n","protected":false},"author":102107496,"featured_media":37725,"comment_status":"open","ping_status":"open","sticky":false,"template":"","format":"standard","meta":{"_coblocks_attr":"","_coblocks_dimensions":"","_coblocks_responsive_height":"","_coblocks_accordion_ie_support":"","_jetpack_newsletter_access":"","_jetpack_dont_email_post_to_subs":false,"_jetpack_newsletter_tier_id":0,"_jetpack_memberships_contains_paywalled_content":false,"_wpcom_ai_launchpad_first_post":false,"_jetpack_feature_clip_id":0,"_jetpack_memberships_contains_paid_content":false,"footnotes":"","jetpack_publicize_message":"Tite cada vez mais sozinho no comando da Sele\u00e7\u00e3o. Seu semblante na convoca\u00e7\u00e3o dos 23 da Copa Am\u00e9rica diz tudo.","jetpack_publicize_feature_enabled":true,"jetpack_social_post_already_shared":false,"jetpack_social_options":{"image_generator_settings":{"template":"highway","default_image_id":0,"font":"","enabled":false},"version":2},"jetpack_post_was_ever_published":false},"categories":[43723753,53870,174694],"tags":[789560569,13179283,84264909,23862547,789560560,550814090,789560562,1432792,1814220],"class_list":["post-37724","post","type-post","status-publish","format-standard","has-post-thumbnail","hentry","category-copa-do-mundo-2018","category-futebol","category-selecao-brasileira","tag-cbf","tag-convocacao-da-selecao-brasileira","tag-copa-america-2019","tag-edu-gaspar","tag-futebol","tag-rogerio-caboclo","tag-selecao-brasileira","tag-sylvinho","tag-tite"],"yoast_head":"<!-- This site is optimized with the Yoast SEO plugin v28.3 - https:\/\/yoast.com\/product\/yoast-seo-wordpress\/ -->\n<title>Tite cada vez mais sozinho - PR\u00d3SPERI NEWS<\/title>\n<meta name=\"robots\" content=\"index, follow, max-snippet:-1, max-image-preview:large, max-video-preview:-1\" \/>\n<link rel=\"canonical\" href=\"https:\/\/blogdoprosperi.com\/?p=37724\" \/>\n<meta property=\"og:locale\" content=\"pt_BR\" \/>\n<meta property=\"og:type\" content=\"article\" \/>\n<meta property=\"og:title\" content=\"Tite cada vez mais sozinho - PR\u00d3SPERI NEWS\" \/>\n<meta property=\"og:description\" content=\"Tite perde mais um assessor importante na comiss\u00e3o t\u00e9cnica da Sele\u00e7\u00e3o Brasileira. Sylvinho, seu homem de confian\u00e7a e [&hellip;]\" \/>\n<meta property=\"og:url\" content=\"https:\/\/blogdoprosperi.com\/?p=37724\" \/>\n<meta property=\"og:site_name\" content=\"PR\u00d3SPERI NEWS\" \/>\n<meta property=\"article:publisher\" content=\"Luiz Pr\u00f3speri\" \/>\n<meta property=\"article:author\" content=\"Luiz Pr\u00f3speri\" \/>\n<meta property=\"article:published_time\" content=\"2019-05-18T00:32:53+00:00\" \/>\n<meta property=\"article:modified_time\" content=\"2019-05-18T12:33:06+00:00\" \/>\n<meta property=\"og:image\" content=\"https:\/\/i0.wp.com\/blogdoprosperi.com\/wp-content\/uploads\/2019\/05\/x82709690_soccer-footballcopa-america-2019-brazilian-team-announcedrio-de-janeiro-brazilmay.jpg.pagespeed.ic_.5szevbmi7z.jpg?fit=1086%2C652&ssl=1\" \/>\n\t<meta property=\"og:image:width\" content=\"1086\" \/>\n\t<meta property=\"og:image:height\" content=\"652\" \/>\n\t<meta property=\"og:image:type\" content=\"image\/jpeg\" \/>\n<meta name=\"author\" content=\"Luiz Ant\u00f4nio Pr\u00f3speri\" \/>\n<meta name=\"twitter:card\" content=\"summary_large_image\" \/>\n<meta name=\"twitter:creator\" content=\"@Luizprosperi\" \/>\n<meta name=\"twitter:site\" content=\"@Luizprosperi\" \/>\n<meta name=\"twitter:label1\" content=\"Escrito por\" \/>\n\t<meta name=\"twitter:data1\" content=\"Luiz Ant\u00f4nio Pr\u00f3speri\" \/>\n\t<meta name=\"twitter:label2\" content=\"Est. tempo de leitura\" \/>\n\t<meta name=\"twitter:data2\" content=\"3 minutos\" \/>\n<script type=\"application\/ld+json\" class=\"yoast-schema-graph\">{\"@context\":\"https:\\\/\\\/schema.org\",\"@graph\":[{\"@type\":\"Article\",\"@id\":\"https:\\\/\\\/blogdoprosperi.com\\\/?p=37724#article\",\"isPartOf\":{\"@id\":\"https:\\\/\\\/blogdoprosperi.com\\\/?p=37724\"},\"author\":{\"name\":\"Luiz Ant\u00f4nio Pr\u00f3speri\",\"@id\":\"https:\\\/\\\/blogdoprosperi.com\\\/#\\\/schema\\\/person\\\/38100755ce3601861ee4fab9b5aa78e9\"},\"headline\":\"Tite cada vez mais sozinho\",\"datePublished\":\"2019-05-18T00:32:53+00:00\",\"dateModified\":\"2019-05-18T12:33:06+00:00\",\"mainEntityOfPage\":{\"@id\":\"https:\\\/\\\/blogdoprosperi.com\\\/?p=37724\"},\"wordCount\":631,\"commentCount\":0,\"publisher\":{\"@id\":\"https:\\\/\\\/blogdoprosperi.com\\\/#\\\/schema\\\/person\\\/38100755ce3601861ee4fab9b5aa78e9\"},\"image\":{\"@id\":\"https:\\\/\\\/blogdoprosperi.com\\\/?p=37724#primaryimage\"},\"thumbnailUrl\":\"https:\\\/\\\/i0.wp.com\\\/blogdoprosperi.com\\\/wp-content\\\/uploads\\\/2019\\\/05\\\/x82709690_soccer-footballcopa-america-2019-brazilian-team-announcedrio-de-janeiro-brazilmay.jpg.pagespeed.ic_.5szevbmi7z.jpg?fit=1086%2C652&ssl=1\",\"keywords\":[\"CBF\",\"convoca\u00e7\u00e3o da sele\u00e7\u00e3o brasileira\",\"copa Am\u00e9rica 2019\",\"edu gaspar\",\"futebol\",\"Rogerio Caboclo\",\"Sele\u00e7\u00e3o Brasileira\",\"Sylvinho\",\"Tite\"],\"articleSection\":[\"Copa do Mundo 2018\",\"futebol\",\"Sele\u00e7\u00e3o Brasileira\"],\"inLanguage\":\"pt-BR\",\"potentialAction\":[{\"@type\":\"CommentAction\",\"name\":\"Comment\",\"target\":[\"https:\\\/\\\/blogdoprosperi.com\\\/?p=37724#respond\"]}]},{\"@type\":\"WebPage\",\"@id\":\"https:\\\/\\\/blogdoprosperi.com\\\/?p=37724\",\"url\":\"https:\\\/\\\/blogdoprosperi.com\\\/?p=37724\",\"name\":\"Tite cada vez mais sozinho - PR\u00d3SPERI NEWS\",\"isPartOf\":{\"@id\":\"https:\\\/\\\/blogdoprosperi.com\\\/#website\"},\"primaryImageOfPage\":{\"@id\":\"https:\\\/\\\/blogdoprosperi.com\\\/?p=37724#primaryimage\"},\"image\":{\"@id\":\"https:\\\/\\\/blogdoprosperi.com\\\/?p=37724#primaryimage\"},\"thumbnailUrl\":\"https:\\\/\\\/i0.wp.com\\\/blogdoprosperi.com\\\/wp-content\\\/uploads\\\/2019\\\/05\\\/x82709690_soccer-footballcopa-america-2019-brazilian-team-announcedrio-de-janeiro-brazilmay.jpg.pagespeed.ic_.5szevbmi7z.jpg?fit=1086%2C652&ssl=1\",\"datePublished\":\"2019-05-18T00:32:53+00:00\",\"dateModified\":\"2019-05-18T12:33:06+00:00\",\"breadcrumb\":{\"@id\":\"https:\\\/\\\/blogdoprosperi.com\\\/?p=37724#breadcrumb\"},\"inLanguage\":\"pt-BR\",\"potentialAction\":[{\"@type\":\"ReadAction\",\"target\":[\"https:\\\/\\\/blogdoprosperi.com\\\/?p=37724\"]}]},{\"@type\":\"ImageObject\",\"inLanguage\":\"pt-BR\",\"@id\":\"https:\\\/\\\/blogdoprosperi.com\\\/?p=37724#primaryimage\",\"url\":\"https:\\\/\\\/i0.wp.com\\\/blogdoprosperi.com\\\/wp-content\\\/uploads\\\/2019\\\/05\\\/x82709690_soccer-footballcopa-america-2019-brazilian-team-announcedrio-de-janeiro-brazilmay.jpg.pagespeed.ic_.5szevbmi7z.jpg?fit=1086%2C652&ssl=1\",\"contentUrl\":\"https:\\\/\\\/i0.wp.com\\\/blogdoprosperi.com\\\/wp-content\\\/uploads\\\/2019\\\/05\\\/x82709690_soccer-footballcopa-america-2019-brazilian-team-announcedrio-de-janeiro-brazilmay.jpg.pagespeed.ic_.5szevbmi7z.jpg?fit=1086%2C652&ssl=1\",\"width\":1086,\"height\":652},{\"@type\":\"BreadcrumbList\",\"@id\":\"https:\\\/\\\/blogdoprosperi.com\\\/?p=37724#breadcrumb\",\"itemListElement\":[{\"@type\":\"ListItem\",\"position\":1,\"name\":\"In\u00edcio\",\"item\":\"https:\\\/\\\/blogdoprosperi.com\\\/\"},{\"@type\":\"ListItem\",\"position\":2,\"name\":\"Tite cada vez mais sozinho\"}]},{\"@type\":\"WebSite\",\"@id\":\"https:\\\/\\\/blogdoprosperi.com\\\/#website\",\"url\":\"https:\\\/\\\/blogdoprosperi.com\\\/\",\"name\":\"PR\u00d3SPERI NEWS\",\"description\":\"TUDO \u00c9  FUTEBOL\",\"publisher\":{\"@id\":\"https:\\\/\\\/blogdoprosperi.com\\\/#\\\/schema\\\/person\\\/38100755ce3601861ee4fab9b5aa78e9\"},\"alternateName\":\"blogdoprosperi.com\",\"potentialAction\":[{\"@type\":\"SearchAction\",\"target\":{\"@type\":\"EntryPoint\",\"urlTemplate\":\"https:\\\/\\\/blogdoprosperi.com\\\/?s={search_term_string}\"},\"query-input\":{\"@type\":\"PropertyValueSpecification\",\"valueRequired\":true,\"valueName\":\"search_term_string\"}}],\"inLanguage\":\"pt-BR\"},{\"@type\":[\"Person\",\"Organization\"],\"@id\":\"https:\\\/\\\/blogdoprosperi.com\\\/#\\\/schema\\\/person\\\/38100755ce3601861ee4fab9b5aa78e9\",\"name\":\"Luiz Ant\u00f4nio Pr\u00f3speri\",\"pronouns\":\"ele\",\"image\":{\"@type\":\"ImageObject\",\"inLanguage\":\"pt-BR\",\"@id\":\"https:\\\/\\\/i0.wp.com\\\/blogdoprosperi.com\\\/wp-content\\\/uploads\\\/2026\\\/05\\\/cropped-8059e613-6002-42fa-961e-8e275f575d71-2-5.jpg?fit=1360%2C931&ssl=1\",\"url\":\"https:\\\/\\\/i0.wp.com\\\/blogdoprosperi.com\\\/wp-content\\\/uploads\\\/2026\\\/05\\\/cropped-8059e613-6002-42fa-961e-8e275f575d71-2-5.jpg?fit=1360%2C931&ssl=1\",\"contentUrl\":\"https:\\\/\\\/i0.wp.com\\\/blogdoprosperi.com\\\/wp-content\\\/uploads\\\/2026\\\/05\\\/cropped-8059e613-6002-42fa-961e-8e275f575d71-2-5.jpg?fit=1360%2C931&ssl=1\",\"width\":1360,\"height\":931,\"caption\":\"Luiz Ant\u00f4nio Pr\u00f3speri\"},\"logo\":{\"@id\":\"https:\\\/\\\/i0.wp.com\\\/blogdoprosperi.com\\\/wp-content\\\/uploads\\\/2026\\\/05\\\/cropped-8059e613-6002-42fa-961e-8e275f575d71-2-5.jpg?fit=1360%2C931&ssl=1\"},\"description\":\"Jornalista com carreira dedicada ao esporte. Cobriu 9 Copas do Mundo in loco, 1990 na It\u00e1lia, 1994 nos EUA, 1998 na Fran\u00e7a, 2002 na Coreia do Sul e Jap\u00e3o, 2006 na Alemanha, 2010 na \u00c1frica do Sul, 2014 no Brasil, 2018 na R\u00fassia e 2022 no Qatar. Eurocopas, 1992 na Su\u00e9cia e 1996 na Inglaterra. Copa das Confedera\u00e7\u00f5es de 2005 na Alemanha e 2009 na \u00c1frica do Sul. Rep\u00f3rter e Editor, trabalhou no Jornal da Tarde e Estad\u00e3o, de 1984 a fevereiro de 2016. Colunista, blogueiro. E comentarista de futebol na R\u00e1dio Estad\u00e3o, de 2013 a fevereiro de 2016. Jornalista respons\u00e1vel do \\\"Pr\u00f3speri News\\\" (blogdoprosperi.com).\",\"sameAs\":[\"http:\\\/\\\/blogdoprosperi.com\",\"Luiz Pr\u00f3speri\",\"@luiz_prosperi\",\"https:\\\/\\\/x.com\\\/Luizprosperi\",\"@prosperinacopa\",\"luiz.prosperi@icloud.com\"],\"url\":\"https:\\\/\\\/blogdoprosperi.com\\\/?author=102107496\"}]}<\/script>\n<!-- \/ Yoast SEO plugin. -->","yoast_head_json":{"title":"Tite cada vez mais sozinho - PR\u00d3SPERI NEWS","robots":{"index":"index","follow":"follow","max-snippet":"max-snippet:-1","max-image-preview":"max-image-preview:large","max-video-preview":"max-video-preview:-1"},"canonical":"https:\/\/blogdoprosperi.com\/?p=37724","og_locale":"pt_BR","og_type":"article","og_title":"Tite cada vez mais sozinho - PR\u00d3SPERI NEWS","og_description":"Tite perde mais um assessor importante na comiss\u00e3o t\u00e9cnica da Sele\u00e7\u00e3o Brasileira. Sylvinho, seu homem de confian\u00e7a e [&hellip;]","og_url":"https:\/\/blogdoprosperi.com\/?p=37724","og_site_name":"PR\u00d3SPERI NEWS","article_publisher":"Luiz Pr\u00f3speri","article_author":"Luiz Pr\u00f3speri","article_published_time":"2019-05-18T00:32:53+00:00","article_modified_time":"2019-05-18T12:33:06+00:00","og_image":[{"width":1086,"height":652,"url":"https:\/\/i0.wp.com\/blogdoprosperi.com\/wp-content\/uploads\/2019\/05\/x82709690_soccer-footballcopa-america-2019-brazilian-team-announcedrio-de-janeiro-brazilmay.jpg.pagespeed.ic_.5szevbmi7z.jpg?fit=1086%2C652&ssl=1","type":"image\/jpeg"}],"author":"Luiz Ant\u00f4nio Pr\u00f3speri","twitter_card":"summary_large_image","twitter_creator":"@Luizprosperi","twitter_site":"@Luizprosperi","twitter_misc":{"Escrito por":"Luiz Ant\u00f4nio Pr\u00f3speri","Est. tempo de leitura":"3 minutos"},"schema":{"@context":"https:\/\/schema.org","@graph":[{"@type":"Article","@id":"https:\/\/blogdoprosperi.com\/?p=37724#article","isPartOf":{"@id":"https:\/\/blogdoprosperi.com\/?p=37724"},"author":{"name":"Luiz Ant\u00f4nio Pr\u00f3speri","@id":"https:\/\/blogdoprosperi.com\/#\/schema\/person\/38100755ce3601861ee4fab9b5aa78e9"},"headline":"Tite cada vez mais sozinho","datePublished":"2019-05-18T00:32:53+00:00","dateModified":"2019-05-18T12:33:06+00:00","mainEntityOfPage":{"@id":"https:\/\/blogdoprosperi.com\/?p=37724"},"wordCount":631,"commentCount":0,"publisher":{"@id":"https:\/\/blogdoprosperi.com\/#\/schema\/person\/38100755ce3601861ee4fab9b5aa78e9"},"image":{"@id":"https:\/\/blogdoprosperi.com\/?p=37724#primaryimage"},"thumbnailUrl":"https:\/\/i0.wp.com\/blogdoprosperi.com\/wp-content\/uploads\/2019\/05\/x82709690_soccer-footballcopa-america-2019-brazilian-team-announcedrio-de-janeiro-brazilmay.jpg.pagespeed.ic_.5szevbmi7z.jpg?fit=1086%2C652&ssl=1","keywords":["CBF","convoca\u00e7\u00e3o da sele\u00e7\u00e3o brasileira","copa Am\u00e9rica 2019","edu gaspar","futebol","Rogerio Caboclo","Sele\u00e7\u00e3o Brasileira","Sylvinho","Tite"],"articleSection":["Copa do Mundo 2018","futebol","Sele\u00e7\u00e3o Brasileira"],"inLanguage":"pt-BR","potentialAction":[{"@type":"CommentAction","name":"Comment","target":["https:\/\/blogdoprosperi.com\/?p=37724#respond"]}]},{"@type":"WebPage","@id":"https:\/\/blogdoprosperi.com\/?p=37724","url":"https:\/\/blogdoprosperi.com\/?p=37724","name":"Tite cada vez mais sozinho - PR\u00d3SPERI NEWS","isPartOf":{"@id":"https:\/\/blogdoprosperi.com\/#website"},"primaryImageOfPage":{"@id":"https:\/\/blogdoprosperi.com\/?p=37724#primaryimage"},"image":{"@id":"https:\/\/blogdoprosperi.com\/?p=37724#primaryimage"},"thumbnailUrl":"https:\/\/i0.wp.com\/blogdoprosperi.com\/wp-content\/uploads\/2019\/05\/x82709690_soccer-footballcopa-america-2019-brazilian-team-announcedrio-de-janeiro-brazilmay.jpg.pagespeed.ic_.5szevbmi7z.jpg?fit=1086%2C652&ssl=1","datePublished":"2019-05-18T00:32:53+00:00","dateModified":"2019-05-18T12:33:06+00:00","breadcrumb":{"@id":"https:\/\/blogdoprosperi.com\/?p=37724#breadcrumb"},"inLanguage":"pt-BR","potentialAction":[{"@type":"ReadAction","target":["https:\/\/blogdoprosperi.com\/?p=37724"]}]},{"@type":"ImageObject","inLanguage":"pt-BR","@id":"https:\/\/blogdoprosperi.com\/?p=37724#primaryimage","url":"https:\/\/i0.wp.com\/blogdoprosperi.com\/wp-content\/uploads\/2019\/05\/x82709690_soccer-footballcopa-america-2019-brazilian-team-announcedrio-de-janeiro-brazilmay.jpg.pagespeed.ic_.5szevbmi7z.jpg?fit=1086%2C652&ssl=1","contentUrl":"https:\/\/i0.wp.com\/blogdoprosperi.com\/wp-content\/uploads\/2019\/05\/x82709690_soccer-footballcopa-america-2019-brazilian-team-announcedrio-de-janeiro-brazilmay.jpg.pagespeed.ic_.5szevbmi7z.jpg?fit=1086%2C652&ssl=1","width":1086,"height":652},{"@type":"BreadcrumbList","@id":"https:\/\/blogdoprosperi.com\/?p=37724#breadcrumb","itemListElement":[{"@type":"ListItem","position":1,"name":"In\u00edcio","item":"https:\/\/blogdoprosperi.com\/"},{"@type":"ListItem","position":2,"name":"Tite cada vez mais sozinho"}]},{"@type":"WebSite","@id":"https:\/\/blogdoprosperi.com\/#website","url":"https:\/\/blogdoprosperi.com\/","name":"PR\u00d3SPERI NEWS","description":"TUDO \u00c9  FUTEBOL","publisher":{"@id":"https:\/\/blogdoprosperi.com\/#\/schema\/person\/38100755ce3601861ee4fab9b5aa78e9"},"alternateName":"blogdoprosperi.com","potentialAction":[{"@type":"SearchAction","target":{"@type":"EntryPoint","urlTemplate":"https:\/\/blogdoprosperi.com\/?s={search_term_string}"},"query-input":{"@type":"PropertyValueSpecification","valueRequired":true,"valueName":"search_term_string"}}],"inLanguage":"pt-BR"},{"@type":["Person","Organization"],"@id":"https:\/\/blogdoprosperi.com\/#\/schema\/person\/38100755ce3601861ee4fab9b5aa78e9","name":"Luiz Ant\u00f4nio Pr\u00f3speri","pronouns":"ele","image":{"@type":"ImageObject","inLanguage":"pt-BR","@id":"https:\/\/i0.wp.com\/blogdoprosperi.com\/wp-content\/uploads\/2026\/05\/cropped-8059e613-6002-42fa-961e-8e275f575d71-2-5.jpg?fit=1360%2C931&ssl=1","url":"https:\/\/i0.wp.com\/blogdoprosperi.com\/wp-content\/uploads\/2026\/05\/cropped-8059e613-6002-42fa-961e-8e275f575d71-2-5.jpg?fit=1360%2C931&ssl=1","contentUrl":"https:\/\/i0.wp.com\/blogdoprosperi.com\/wp-content\/uploads\/2026\/05\/cropped-8059e613-6002-42fa-961e-8e275f575d71-2-5.jpg?fit=1360%2C931&ssl=1","width":1360,"height":931,"caption":"Luiz Ant\u00f4nio Pr\u00f3speri"},"logo":{"@id":"https:\/\/i0.wp.com\/blogdoprosperi.com\/wp-content\/uploads\/2026\/05\/cropped-8059e613-6002-42fa-961e-8e275f575d71-2-5.jpg?fit=1360%2C931&ssl=1"},"description":"Jornalista com carreira dedicada ao esporte. Cobriu 9 Copas do Mundo in loco, 1990 na It\u00e1lia, 1994 nos EUA, 1998 na Fran\u00e7a, 2002 na Coreia do Sul e Jap\u00e3o, 2006 na Alemanha, 2010 na \u00c1frica do Sul, 2014 no Brasil, 2018 na R\u00fassia e 2022 no Qatar. Eurocopas, 1992 na Su\u00e9cia e 1996 na Inglaterra. Copa das Confedera\u00e7\u00f5es de 2005 na Alemanha e 2009 na \u00c1frica do Sul. Rep\u00f3rter e Editor, trabalhou no Jornal da Tarde e Estad\u00e3o, de 1984 a fevereiro de 2016. Colunista, blogueiro. E comentarista de futebol na R\u00e1dio Estad\u00e3o, de 2013 a fevereiro de 2016. Jornalista respons\u00e1vel do \"Pr\u00f3speri News\" (blogdoprosperi.com).","sameAs":["http:\/\/blogdoprosperi.com","Luiz Pr\u00f3speri","@luiz_prosperi","https:\/\/x.com\/Luizprosperi","@prosperinacopa","luiz.prosperi@icloud.com"],"url":"https:\/\/blogdoprosperi.com\/?author=102107496"}]}},"jetpack_publicize_connections":[],"jetpack_likes_enabled":false,"jetpack_sharing_enabled":true,"jetpack_shortlink":"https:\/\/wp.me\/p7jvdk-9Os","jetpack-related-posts":[{"id":37759,"url":"https:\/\/blogdoprosperi.com\/?p=37759","url_meta":{"origin":37724,"position":0},"title":"Tite amea\u00e7ado: bastidores da poss\u00edvel queda na Sele\u00e7\u00e3o ap\u00f3s Copa Am\u00e9rica","author":"Luiz Ant\u00f4nio Pr\u00f3speri","date":"22 de junho de 2019","format":false,"excerpt":"Tite perde for\u00e7a no comando da Sele\u00e7\u00e3o com sa\u00edda de auxiliares da comiss\u00e3o t\u00e9cnica e baixa aprova\u00e7\u00e3o popular","rel":"","context":"Em &quot;futebol&quot;","block_context":{"text":"futebol","link":"https:\/\/blogdoprosperi.com\/?cat=53870"},"img":{"alt_text":"Tite volta, Neymar e Fiel sonham","src":"https:\/\/i0.wp.com\/blogdoprosperi.com\/wp-content\/uploads\/2019\/06\/tite-brasil-bolivia-copa-america-14062019_7vayb96nx9dm1s6fvpi6p480l.jpg?fit=1200%2C675&ssl=1&resize=350%2C200","width":350,"height":200,"srcset":"https:\/\/i0.wp.com\/blogdoprosperi.com\/wp-content\/uploads\/2019\/06\/tite-brasil-bolivia-copa-america-14062019_7vayb96nx9dm1s6fvpi6p480l.jpg?fit=1200%2C675&ssl=1&resize=350%2C200 1x, https:\/\/i0.wp.com\/blogdoprosperi.com\/wp-content\/uploads\/2019\/06\/tite-brasil-bolivia-copa-america-14062019_7vayb96nx9dm1s6fvpi6p480l.jpg?fit=1200%2C675&ssl=1&resize=525%2C300 1.5x, https:\/\/i0.wp.com\/blogdoprosperi.com\/wp-content\/uploads\/2019\/06\/tite-brasil-bolivia-copa-america-14062019_7vayb96nx9dm1s6fvpi6p480l.jpg?fit=1200%2C675&ssl=1&resize=700%2C400 2x, https:\/\/i0.wp.com\/blogdoprosperi.com\/wp-content\/uploads\/2019\/06\/tite-brasil-bolivia-copa-america-14062019_7vayb96nx9dm1s6fvpi6p480l.jpg?fit=1200%2C675&ssl=1&resize=1050%2C600 3x"},"classes":[]},{"id":17165,"url":"https:\/\/blogdoprosperi.com\/?p=17165","url_meta":{"origin":37724,"position":1},"title":"Bauza perto da Sele\u00e7\u00e3o Argentina e Tite passa o &#8220;rapa&#8221; no Corinthians","author":"Luiz Ant\u00f4nio Pr\u00f3speri","date":"21 de julho de 2016","format":false,"excerpt":"\u00a0 Edgardo Bauza est\u00e1 perto de sair do S\u00e3o Paulo e assumir o comando da Sele\u00e7\u00e3o Argentina. A informa\u00e7\u00e3o partiu da imprensa de Buenos Aires e d\u00e1 conta que o t\u00e9cnico vai ser convocado por Armando P\u00e9rez, presidente da Comiss\u00e3o Normalizadora da AFA (Associa\u00e7\u00e3o de Futebol Argentino). Bauza seria o\u2026","rel":"","context":"Em &quot;futebol&quot;","block_context":{"text":"futebol","link":"https:\/\/blogdoprosperi.com\/?cat=53870"},"img":{"alt_text":"","src":"https:\/\/i0.wp.com\/blogdoprosperi.com\/wp-content\/uploads\/2016\/06\/622_da4240e4-8436-3676-b75f-a9662a019087.jpg?resize=350%2C200","width":350,"height":200,"srcset":"https:\/\/i0.wp.com\/blogdoprosperi.com\/wp-content\/uploads\/2016\/06\/622_da4240e4-8436-3676-b75f-a9662a019087.jpg?resize=350%2C200 1x, https:\/\/i0.wp.com\/blogdoprosperi.com\/wp-content\/uploads\/2016\/06\/622_da4240e4-8436-3676-b75f-a9662a019087.jpg?resize=525%2C300 1.5x"},"classes":[]},{"id":11401,"url":"https:\/\/blogdoprosperi.com\/?p=11401","url_meta":{"origin":37724,"position":2},"title":"Corinthians n\u00e3o encontra sucessor de Tite no mercado. E o Dunga?","author":"Luiz Ant\u00f4nio Pr\u00f3speri","date":"17 de junho de 2016","format":false,"excerpt":"Corinthians sofre com a sa\u00edda repentina de Tite, convocado a servir a Sele\u00e7\u00e3o Brasileira. Como se um furac\u00e3o varresse o clube em menos de uma semana. Sem o seu mentor, a situa\u00e7\u00e3o se agravou com a falta de op\u00e7\u00f5es no mercado de t\u00e9cnicos. Tudo aconteceu muito r\u00e1pido. O Brasil foi\u2026","rel":"","context":"Em &quot;futebol&quot;","block_context":{"text":"futebol","link":"https:\/\/blogdoprosperi.com\/?cat=53870"},"img":{"alt_text":"","src":"https:\/\/i0.wp.com\/blogdoprosperi.com\/wp-content\/uploads\/2016\/06\/paulo-roberto-falcc3a3o-spt-x-ame-chico-peixoto-14.jpg?resize=350%2C200","width":350,"height":200},"classes":[]},{"id":37743,"url":"https:\/\/blogdoprosperi.com\/?p=37743","url_meta":{"origin":37724,"position":3},"title":"Tite n\u00e3o pode nem deve cortar Neymar da Sele\u00e7\u00e3o na Copa Am\u00e9rica","author":"Luiz Ant\u00f4nio Pr\u00f3speri","date":"3 de junho de 2019","format":false,"excerpt":"Tite n\u00e3o pode ser carrasco, nem julgador dos atos de Neymar. Sua miss\u00e3o \u00e9 conduzir a Sele\u00e7\u00e3o Brasileira, para isso \u00e9 pago, e bem, pela CBF. Neste momento quem deve responder por Neymar \u00e9 o pr\u00f3prio jogador, seus pares, a pol\u00edcia, a Justi\u00e7a. N\u00e3o cabe ao treinador da Sele\u00e7\u00e3o punir\u2026","rel":"","context":"Em &quot;futebol&quot;","block_context":{"text":"futebol","link":"https:\/\/blogdoprosperi.com\/?cat=53870"},"img":{"alt_text":"","src":"https:\/\/i0.wp.com\/blogdoprosperi.com\/wp-content\/uploads\/2019\/06\/62b83033fd43a943ad8fd24d4cd460f13268a003.jpg?fit=768%2C512&ssl=1&resize=350%2C200","width":350,"height":200,"srcset":"https:\/\/i0.wp.com\/blogdoprosperi.com\/wp-content\/uploads\/2019\/06\/62b83033fd43a943ad8fd24d4cd460f13268a003.jpg?fit=768%2C512&ssl=1&resize=350%2C200 1x, https:\/\/i0.wp.com\/blogdoprosperi.com\/wp-content\/uploads\/2019\/06\/62b83033fd43a943ad8fd24d4cd460f13268a003.jpg?fit=768%2C512&ssl=1&resize=525%2C300 1.5x, https:\/\/i0.wp.com\/blogdoprosperi.com\/wp-content\/uploads\/2019\/06\/62b83033fd43a943ad8fd24d4cd460f13268a003.jpg?fit=768%2C512&ssl=1&resize=700%2C400 2x"},"classes":[]},{"id":10867,"url":"https:\/\/blogdoprosperi.com\/?p=10867","url_meta":{"origin":37724,"position":4},"title":"Corinthians se sente tra\u00eddo por Tite e presidente rompe com a CBF","author":"Luiz Ant\u00f4nio Pr\u00f3speri","date":"15 de junho de 2016","format":false,"excerpt":"Roberto Andrade, presidente do \u00a0Corinthians, n\u00e3o explicou na entrevista coletiva desta quarta-feita o motivo de ter ficado surpreso com a decis\u00e3o de Tite assumir a Sele\u00e7\u00e3o Brasileira. \"Fiquei sabendo h\u00e1 duas horas pelo pr\u00f3prio Tite, fui surpreendido\", disse Andrade, muito irritado, por volta das 18h. A pergunta: Tite passou tr\u00eas\u2026","rel":"","context":"Em &quot;futebol&quot;","block_context":{"text":"futebol","link":"https:\/\/blogdoprosperi.com\/?cat=53870"},"img":{"alt_text":"","src":"https:\/\/i0.wp.com\/blogdoprosperi.com\/wp-content\/uploads\/2016\/06\/corinthians-edu-gaspar-tite-fotoarena.jpg?resize=350%2C200&ssl=1","width":350,"height":200,"srcset":"https:\/\/i0.wp.com\/blogdoprosperi.com\/wp-content\/uploads\/2016\/06\/corinthians-edu-gaspar-tite-fotoarena.jpg?resize=350%2C200&ssl=1 1x, https:\/\/i0.wp.com\/blogdoprosperi.com\/wp-content\/uploads\/2016\/06\/corinthians-edu-gaspar-tite-fotoarena.jpg?resize=525%2C300&ssl=1 1.5x, https:\/\/i0.wp.com\/blogdoprosperi.com\/wp-content\/uploads\/2016\/06\/corinthians-edu-gaspar-tite-fotoarena.jpg?resize=700%2C400&ssl=1 2x, https:\/\/i0.wp.com\/blogdoprosperi.com\/wp-content\/uploads\/2016\/06\/corinthians-edu-gaspar-tite-fotoarena.jpg?resize=1050%2C600&ssl=1 3x, https:\/\/i0.wp.com\/blogdoprosperi.com\/wp-content\/uploads\/2016\/06\/corinthians-edu-gaspar-tite-fotoarena.jpg?resize=1400%2C800&ssl=1 4x"},"classes":[]},{"id":38588,"url":"https:\/\/blogdoprosperi.com\/?p=38588","url_meta":{"origin":37724,"position":5},"title":"Sele\u00e7\u00e3o Brasileira amarela e vai disputar Copa Am\u00e9rica, Tite corre risco","author":"Luiz Ant\u00f4nio Pr\u00f3speri","date":"7 de junho de 2021","format":false,"excerpt":"Jogadores da Sele\u00e7\u00e3o Brasileira assumem compromisso de jogar a Copa Am\u00e9rica. Decis\u00e3o oficial ser\u00e1 comunicada ap\u00f3s o jogo contra Paraguai em Assun\u00e7\u00e3o nesta ter\u00e7a-feira (08\/6). No manifesto a ser divulgado, v\u00e3o reafirmar que n\u00e3o gostariam de entrar em campo, mas, em nome da hierarquia, a p\u00e1tria pode contar com cada\u2026","rel":"","context":"Em &quot;copa do mundo catar 2022&quot;","block_context":{"text":"copa do mundo catar 2022","link":"https:\/\/blogdoprosperi.com\/?cat=301049609"},"img":{"alt_text":"Jogadores da Sele\u00e7\u00e3o decidem disputar Copa Am\u00e9rica","src":"https:\/\/i0.wp.com\/blogdoprosperi.com\/wp-content\/uploads\/2021\/06\/51229717421_a0b20053bf_w.jpg?fit=400%2C267&ssl=1&resize=350%2C200","width":350,"height":200},"classes":[]}],"jetpack_featured_media_url":"https:\/\/i0.wp.com\/blogdoprosperi.com\/wp-content\/uploads\/2019\/05\/x82709690_soccer-footballcopa-america-2019-brazilian-team-announcedrio-de-janeiro-brazilmay.jpg.pagespeed.ic_.5szevbmi7z.jpg?fit=1086%2C652&ssl=1","_links":{"self":[{"href":"https:\/\/blogdoprosperi.com\/index.php?rest_route=\/wp\/v2\/posts\/37724","targetHints":{"allow":["GET"]}}],"collection":[{"href":"https:\/\/blogdoprosperi.com\/index.php?rest_route=\/wp\/v2\/posts"}],"about":[{"href":"https:\/\/blogdoprosperi.com\/index.php?rest_route=\/wp\/v2\/types\/post"}],"author":[{"embeddable":true,"href":"https:\/\/blogdoprosperi.com\/index.php?rest_route=\/wp\/v2\/users\/102107496"}],"replies":[{"embeddable":true,"href":"https:\/\/blogdoprosperi.com\/index.php?rest_route=%2Fwp%2Fv2%2Fcomments&post=37724"}],"version-history":[{"count":5,"href":"https:\/\/blogdoprosperi.com\/index.php?rest_route=\/wp\/v2\/posts\/37724\/revisions"}],"predecessor-version":[{"id":37732,"href":"https:\/\/blogdoprosperi.com\/index.php?rest_route=\/wp\/v2\/posts\/37724\/revisions\/37732"}],"wp:featuredmedia":[{"embeddable":true,"href":"https:\/\/blogdoprosperi.com\/index.php?rest_route=\/wp\/v2\/media\/37725"}],"wp:attachment":[{"href":"https:\/\/blogdoprosperi.com\/index.php?rest_route=%2Fwp%2Fv2%2Fmedia&parent=37724"}],"wp:term":[{"taxonomy":"category","embeddable":true,"href":"https:\/\/blogdoprosperi.com\/index.php?rest_route=%2Fwp%2Fv2%2Fcategories&post=37724"},{"taxonomy":"post_tag","embeddable":true,"href":"https:\/\/blogdoprosperi.com\/index.php?rest_route=%2Fwp%2Fv2%2Ftags&post=37724"}],"curies":[{"name":"wp","href":"https:\/\/api.w.org\/{rel}","templated":true}]}}