{"id":37754,"date":"2019-06-19T10:25:37","date_gmt":"2019-06-19T13:25:37","guid":{"rendered":"http:\/\/blogdoprosperi.com\/?p=37754"},"modified":"2019-06-19T10:25:37","modified_gmt":"2019-06-19T13:25:37","slug":"copa-america-brasil-continua-refem-das-teorias-de-tite-e-paga-pecados-no-empate-com-venezuela","status":"publish","type":"post","link":"https:\/\/blogdoprosperi.com\/?p=37754","title":{"rendered":"Copa Am\u00e9rica: Brasil continua ref\u00e9m das teorias de Tite e paga pecados no empate com Venezuela"},"content":{"rendered":"<p>Brasil sai vaiado da Fonte Nova em Salvador depois de um jogo melanc\u00f3lico e erros de Tite no empate por 0 a 0 contra a Venezuela pela segunda rodada da Copa Am\u00e9rica nesta ter\u00e7a-feira (18\/6). Sele\u00e7\u00e3o teve uma atua\u00e7\u00e3o sem repert\u00f3rio, sem ideias claras e com direito a op\u00e7\u00f5es equivocadas de Tite que demorou uma eternidade para mandar Everton Cebolinha ao jogo diante de um advers\u00e1rio moldado para se defender. E n\u00e3o pode culpar o VAR por ter anulado dois gols brasileiros.<\/p>\n<p>Empate sustenta Brasil na lideran\u00e7a do Grupo A, com quatro pontos, a mesma pontua\u00e7\u00e3o do Peru que havia derrotado a Bol\u00edvia por 3 a 1 mais cedo no Maracan\u00e3. Sele\u00e7\u00e3o leva vantagem no saldo de gols: 3 contra 2 dos peruanos, por isso est\u00e1 em primeiro na chave.<\/p>\n<p>Se empatar na terceira e \u00faltima roda diante do Peru, s\u00e1bado, na Arena do Corinthians, Sele\u00e7\u00e3o Brasileira avan\u00e7a \u00e0s quartas de final.<\/p>\n<p>A classifica\u00e7\u00e3o neste momento nem deveria ser discutida. Chama aten\u00e7\u00e3o a insistente teimosia de Tite em jogar com dois volantes lado a lado, como fez no <span style=\"color:#0000ff;\"><strong><a style=\"color:#0000ff;\" href=\"http:\/\/chuteirafc.cartacapital.com.br\/copa-america-brasil-cumpre-protocolo-e-mesmo-sem-entusiasmar-vence-bolivia-na-estreia\/\">primeiro tempo contra a Bol\u00edvia<\/a> <\/strong><\/span>\u2013 com Casemiro e \u00a0Fernandinho \u2013 e agora contra Venezuela com Casemiro e Arthur e depois a entrada de Fernandinho no lugar de Casemiro contra advers\u00e1rios fechados na defesa.<\/p>\n<p>Quando volantes s\u00e3o obrigados a priorizar a arma\u00e7\u00e3o e n\u00e3o o desarme algo est\u00e1 errado. No Brasil de Tite, contra advers\u00e1rios retrancados, volantes atuam como meias. Natural seriam dois meias criando e um volante atento ao desarme. Tite n\u00e3o entendeu assim e pagou caro.<\/p>\n<p>E o Brasil n\u00e3o teve nem do que se queixar no primeiro tempo. Contou com apoio incondicional da torcida baiana, ruidosa. <span style=\"color:#0000ff;\"><strong><a style=\"color:#0000ff;\" href=\"http:\/\/chuteirafc.cartacapital.com.br\/copa-america-silencio-do-morumbi-incomoda-jogadores-da-selecao-brasileira\/\">Nada do sil\u00eancio do Morumbi.<\/a> <\/strong><\/span>Atmosfera perfeita. N\u00e3o havia empecilhos nem m\u00e1 vontade nas arquibancadas da Fonte Nova.<\/p>\n<p>Encrenca mesmo era como resolver problemas de uma Sele\u00e7\u00e3o mec\u00e2nica, presa aos movimentos de seus volantes Casemiro e Arthur. Frente a um advers\u00e1rio fechado, acampado na zona de gol, Brasil n\u00e3o deve ideias, nem sa\u00edda.<\/p>\n<p>Casemiro e Arthur n\u00e3o procuravam Coutinho. Se encarregavam eles mesmos de servir Firmino, e acionar Richarlison e David Neres com passes curtos e sempre onde o tr\u00e2nsito estava congestionado. <span style=\"color:#0000ff;\"><strong><a style=\"color:#0000ff;\" href=\"http:\/\/chuteirafc.cartacapital.com.br\/daniel-alves-sou-do-povo-sempre-vou-prezar-pelo-povo-para-que-esteja-nos-estadios\/\">N\u00e3o havia escape com Daniel Alves<\/a><\/strong><\/span>, art\u00edfice das principais a\u00e7\u00f5es ofensivas contra a Bol\u00edvia, encaixotado pela eficiente marca\u00e7\u00e3o venezuelana.<\/p>\n<p>Sem imagina\u00e7\u00e3o, Brasil rondou \u00e1rea da Venezuela e n\u00e3o obrigou goleiro a uma \u00fanica defesa. E ainda sofreu alguns problemas em espor\u00e1dicos contra-ataques da sele\u00e7\u00e3o Vinotinto. N\u00e3o impactou.<\/p>\n<p>Li\u00e7\u00e3o do primeiro tempo obrigava Sele\u00e7\u00e3o Brasileira ter mais meias de cria\u00e7\u00e3o a volantes com chegada na \u00e1rea de ataque. E Everton Cebolinha j\u00e1.<\/p>\n<p>Tite n\u00e3o pensou nessa hip\u00f3tese. Em vez de sacar Casemiro, advertido com cart\u00e3o amarelo e sem fun\u00e7\u00e3o diante de um advers\u00e1rio fechado, treinador optou por sacar Richarlison e apostar na vivacidade de Gabriel Jesus, com Firmino atuando ao lado de Coutinho para articular o ataque e chutar de fora da \u00e1rea.<\/p>\n<p>Problema que Jesus foi deslocado para jogar na esquerda e n\u00e3o como centroavante.\u00a0N\u00e3o funcionou. Apesar de Jesus ter feito um gol anulado pelo VAR \u2013 Firmino estava impedido.<\/p>\n<p>Cinco minutos depois dessa altera\u00e7\u00e3o, Tite surpreende ainda mais substituindo Casemiro por Fernandinho. Seis por meia-d\u00fazia. O rio continuou no seu curso natural. Sele\u00e7\u00e3o Brasileira travada, sem conex\u00e3o.<\/p>\n<p>Tite aprontou de vez. Tirou David Neres e mandou Everton Cebolinha, pedido pela torcida, aos le\u00f5es. Everton, especialista por entortar advers\u00e1rios na esquerda, foi jogar na ponta-direita e Jesus continuou na ponta-esquerda e o son\u00e2mbulo Firmino de centroavante.<\/p>\n<p>Nada feito. At\u00e9 Everton sair da direita e jogar no seu habitat natural, a ponta-esquerda, e rabiscar uma jogada para Coutinho fazer o gol do Brasil. Mas a\u00ed vem o VAR e anula segundo gol da Sele\u00e7\u00e3o com argumento de que Firmino, mais uma vez, estava impedido e tocou na bola ap\u00f3s chute de Coutinho.<\/p>\n<p>Naquele momento, o ax\u00e9 da Fonte Nova em apoio \u00e0 Sele\u00e7\u00e3o era uma estrondosa vaia ao time de Tite. Enfurecida, a torcida mandava seu recado ao treinador do Brasil.<\/p>\n<p>Incr\u00e9dulo, Tite fechou os olhos ao fim da partida como lamento pelo resultado. Treinador parece perdido. A Sele\u00e7\u00e3o Brasileira \u00e9 a tradu\u00e7\u00e3o perfeita desse momento ruim de seu comandante. E tome mais vaias.<\/p>\n<p><a href=\"https:\/\/bit.ly\/2xhbOUR\"><strong><span style=\"color:#0000ff;\">(post publicado no Chuteira FC)\u00a0<\/span><\/strong><\/a><\/p>\n","protected":false},"excerpt":{"rendered":"<p>Brasil sai vaiado da Fonte Nova em Salvador depois de um jogo melanc\u00f3lico e erros de Tite no [&hellip;]<\/p>\n","protected":false},"author":102107496,"featured_media":37756,"comment_status":"open","ping_status":"open","sticky":false,"template":"","format":"standard","meta":{"_coblocks_attr":"","_coblocks_dimensions":"","_coblocks_responsive_height":"","_coblocks_accordion_ie_support":"","_jetpack_newsletter_access":"","_jetpack_dont_email_post_to_subs":false,"_jetpack_newsletter_tier_id":0,"_jetpack_memberships_contains_paywalled_content":false,"_wpcom_ai_launchpad_first_post":false,"_jetpack_feature_clip_id":0,"_jetpack_memberships_contains_paid_content":false,"footnotes":"","jetpack_publicize_message":"","jetpack_publicize_feature_enabled":true,"jetpack_social_post_already_shared":false,"jetpack_social_options":{"image_generator_settings":{"template":"highway","default_image_id":0,"font":"","enabled":false},"version":2},"jetpack_post_was_ever_published":false},"categories":[53870,174694],"tags":[681856807,84264909,648765340,789560560,789560562,1814220],"class_list":["post-37754","post","type-post","status-publish","format-standard","has-post-thumbnail","hentry","category-futebol","category-selecao-brasileira","tag-brasil-0-x-0-venezuela","tag-copa-america-2019","tag-everton-cebolinha","tag-futebol","tag-selecao-brasileira","tag-tite"],"yoast_head":"<!-- This site is optimized with the Yoast SEO plugin v28.3 - https:\/\/yoast.com\/product\/yoast-seo-wordpress\/ -->\n<title>Copa Am\u00e9rica: Brasil continua ref\u00e9m das teorias de Tite e paga pecados no empate com Venezuela - PR\u00d3SPERI NEWS<\/title>\n<meta name=\"robots\" content=\"index, follow, max-snippet:-1, max-image-preview:large, max-video-preview:-1\" \/>\n<link rel=\"canonical\" href=\"https:\/\/blogdoprosperi.com\/?p=37754\" \/>\n<meta property=\"og:locale\" content=\"pt_BR\" \/>\n<meta property=\"og:type\" content=\"article\" \/>\n<meta property=\"og:title\" content=\"Copa Am\u00e9rica: Brasil continua ref\u00e9m das teorias de Tite e paga pecados no empate com Venezuela - PR\u00d3SPERI NEWS\" \/>\n<meta property=\"og:description\" content=\"Brasil sai vaiado da Fonte Nova em Salvador depois de um jogo melanc\u00f3lico e erros de Tite no [&hellip;]\" \/>\n<meta property=\"og:url\" content=\"https:\/\/blogdoprosperi.com\/?p=37754\" \/>\n<meta property=\"og:site_name\" content=\"PR\u00d3SPERI NEWS\" \/>\n<meta property=\"article:publisher\" content=\"Luiz Pr\u00f3speri\" \/>\n<meta property=\"article:author\" content=\"Luiz Pr\u00f3speri\" \/>\n<meta property=\"article:published_time\" content=\"2019-06-19T13:25:37+00:00\" \/>\n<meta property=\"og:image\" content=\"https:\/\/i0.wp.com\/blogdoprosperi.com\/wp-content\/uploads\/2019\/06\/pro5-15.jpg?fit=4591%2C3061&ssl=1\" \/>\n\t<meta property=\"og:image:width\" content=\"4591\" \/>\n\t<meta property=\"og:image:height\" content=\"3061\" \/>\n\t<meta property=\"og:image:type\" content=\"image\/jpeg\" \/>\n<meta name=\"author\" content=\"Luiz Ant\u00f4nio Pr\u00f3speri\" \/>\n<meta name=\"twitter:card\" content=\"summary_large_image\" \/>\n<meta name=\"twitter:creator\" content=\"@Luizprosperi\" \/>\n<meta name=\"twitter:site\" content=\"@Luizprosperi\" \/>\n<meta name=\"twitter:label1\" content=\"Escrito por\" \/>\n\t<meta name=\"twitter:data1\" content=\"Luiz Ant\u00f4nio Pr\u00f3speri\" \/>\n\t<meta name=\"twitter:label2\" content=\"Est. tempo de leitura\" \/>\n\t<meta name=\"twitter:data2\" content=\"4 minutos\" \/>\n<script type=\"application\/ld+json\" class=\"yoast-schema-graph\">{\"@context\":\"https:\\\/\\\/schema.org\",\"@graph\":[{\"@type\":\"Article\",\"@id\":\"https:\\\/\\\/blogdoprosperi.com\\\/?p=37754#article\",\"isPartOf\":{\"@id\":\"https:\\\/\\\/blogdoprosperi.com\\\/?p=37754\"},\"author\":{\"name\":\"Luiz Ant\u00f4nio Pr\u00f3speri\",\"@id\":\"https:\\\/\\\/blogdoprosperi.com\\\/#\\\/schema\\\/person\\\/38100755ce3601861ee4fab9b5aa78e9\"},\"headline\":\"Copa Am\u00e9rica: Brasil continua ref\u00e9m das teorias de Tite e paga pecados no empate com Venezuela\",\"datePublished\":\"2019-06-19T13:25:37+00:00\",\"mainEntityOfPage\":{\"@id\":\"https:\\\/\\\/blogdoprosperi.com\\\/?p=37754\"},\"wordCount\":772,\"commentCount\":0,\"publisher\":{\"@id\":\"https:\\\/\\\/blogdoprosperi.com\\\/#\\\/schema\\\/person\\\/38100755ce3601861ee4fab9b5aa78e9\"},\"image\":{\"@id\":\"https:\\\/\\\/blogdoprosperi.com\\\/?p=37754#primaryimage\"},\"thumbnailUrl\":\"https:\\\/\\\/i0.wp.com\\\/blogdoprosperi.com\\\/wp-content\\\/uploads\\\/2019\\\/06\\\/pro5-15.jpg?fit=4591%2C3061&ssl=1\",\"keywords\":[\"brasil 0 x 0 venezuela\",\"copa Am\u00e9rica 2019\",\"everton cebolinha\",\"futebol\",\"Sele\u00e7\u00e3o Brasileira\",\"Tite\"],\"articleSection\":[\"futebol\",\"Sele\u00e7\u00e3o Brasileira\"],\"inLanguage\":\"pt-BR\",\"potentialAction\":[{\"@type\":\"CommentAction\",\"name\":\"Comment\",\"target\":[\"https:\\\/\\\/blogdoprosperi.com\\\/?p=37754#respond\"]}]},{\"@type\":\"WebPage\",\"@id\":\"https:\\\/\\\/blogdoprosperi.com\\\/?p=37754\",\"url\":\"https:\\\/\\\/blogdoprosperi.com\\\/?p=37754\",\"name\":\"Copa Am\u00e9rica: Brasil continua ref\u00e9m das teorias de Tite e paga pecados no empate com Venezuela - PR\u00d3SPERI NEWS\",\"isPartOf\":{\"@id\":\"https:\\\/\\\/blogdoprosperi.com\\\/#website\"},\"primaryImageOfPage\":{\"@id\":\"https:\\\/\\\/blogdoprosperi.com\\\/?p=37754#primaryimage\"},\"image\":{\"@id\":\"https:\\\/\\\/blogdoprosperi.com\\\/?p=37754#primaryimage\"},\"thumbnailUrl\":\"https:\\\/\\\/i0.wp.com\\\/blogdoprosperi.com\\\/wp-content\\\/uploads\\\/2019\\\/06\\\/pro5-15.jpg?fit=4591%2C3061&ssl=1\",\"datePublished\":\"2019-06-19T13:25:37+00:00\",\"breadcrumb\":{\"@id\":\"https:\\\/\\\/blogdoprosperi.com\\\/?p=37754#breadcrumb\"},\"inLanguage\":\"pt-BR\",\"potentialAction\":[{\"@type\":\"ReadAction\",\"target\":[\"https:\\\/\\\/blogdoprosperi.com\\\/?p=37754\"]}]},{\"@type\":\"ImageObject\",\"inLanguage\":\"pt-BR\",\"@id\":\"https:\\\/\\\/blogdoprosperi.com\\\/?p=37754#primaryimage\",\"url\":\"https:\\\/\\\/i0.wp.com\\\/blogdoprosperi.com\\\/wp-content\\\/uploads\\\/2019\\\/06\\\/pro5-15.jpg?fit=4591%2C3061&ssl=1\",\"contentUrl\":\"https:\\\/\\\/i0.wp.com\\\/blogdoprosperi.com\\\/wp-content\\\/uploads\\\/2019\\\/06\\\/pro5-15.jpg?fit=4591%2C3061&ssl=1\",\"width\":4591,\"height\":3061},{\"@type\":\"BreadcrumbList\",\"@id\":\"https:\\\/\\\/blogdoprosperi.com\\\/?p=37754#breadcrumb\",\"itemListElement\":[{\"@type\":\"ListItem\",\"position\":1,\"name\":\"In\u00edcio\",\"item\":\"https:\\\/\\\/blogdoprosperi.com\\\/\"},{\"@type\":\"ListItem\",\"position\":2,\"name\":\"Copa Am\u00e9rica: Brasil continua ref\u00e9m das teorias de Tite e paga pecados no empate com Venezuela\"}]},{\"@type\":\"WebSite\",\"@id\":\"https:\\\/\\\/blogdoprosperi.com\\\/#website\",\"url\":\"https:\\\/\\\/blogdoprosperi.com\\\/\",\"name\":\"PR\u00d3SPERI NEWS\",\"description\":\"TUDO \u00c9  FUTEBOL\",\"publisher\":{\"@id\":\"https:\\\/\\\/blogdoprosperi.com\\\/#\\\/schema\\\/person\\\/38100755ce3601861ee4fab9b5aa78e9\"},\"alternateName\":\"blogdoprosperi.com\",\"potentialAction\":[{\"@type\":\"SearchAction\",\"target\":{\"@type\":\"EntryPoint\",\"urlTemplate\":\"https:\\\/\\\/blogdoprosperi.com\\\/?s={search_term_string}\"},\"query-input\":{\"@type\":\"PropertyValueSpecification\",\"valueRequired\":true,\"valueName\":\"search_term_string\"}}],\"inLanguage\":\"pt-BR\"},{\"@type\":[\"Person\",\"Organization\"],\"@id\":\"https:\\\/\\\/blogdoprosperi.com\\\/#\\\/schema\\\/person\\\/38100755ce3601861ee4fab9b5aa78e9\",\"name\":\"Luiz Ant\u00f4nio Pr\u00f3speri\",\"pronouns\":\"ele\",\"image\":{\"@type\":\"ImageObject\",\"inLanguage\":\"pt-BR\",\"@id\":\"https:\\\/\\\/i0.wp.com\\\/blogdoprosperi.com\\\/wp-content\\\/uploads\\\/2026\\\/05\\\/cropped-8059e613-6002-42fa-961e-8e275f575d71-2-5.jpg?fit=1360%2C931&ssl=1\",\"url\":\"https:\\\/\\\/i0.wp.com\\\/blogdoprosperi.com\\\/wp-content\\\/uploads\\\/2026\\\/05\\\/cropped-8059e613-6002-42fa-961e-8e275f575d71-2-5.jpg?fit=1360%2C931&ssl=1\",\"contentUrl\":\"https:\\\/\\\/i0.wp.com\\\/blogdoprosperi.com\\\/wp-content\\\/uploads\\\/2026\\\/05\\\/cropped-8059e613-6002-42fa-961e-8e275f575d71-2-5.jpg?fit=1360%2C931&ssl=1\",\"width\":1360,\"height\":931,\"caption\":\"Luiz Ant\u00f4nio Pr\u00f3speri\"},\"logo\":{\"@id\":\"https:\\\/\\\/i0.wp.com\\\/blogdoprosperi.com\\\/wp-content\\\/uploads\\\/2026\\\/05\\\/cropped-8059e613-6002-42fa-961e-8e275f575d71-2-5.jpg?fit=1360%2C931&ssl=1\"},\"description\":\"Jornalista com carreira dedicada ao esporte. Cobriu 9 Copas do Mundo in loco, 1990 na It\u00e1lia, 1994 nos EUA, 1998 na Fran\u00e7a, 2002 na Coreia do Sul e Jap\u00e3o, 2006 na Alemanha, 2010 na \u00c1frica do Sul, 2014 no Brasil, 2018 na R\u00fassia e 2022 no Qatar. Eurocopas, 1992 na Su\u00e9cia e 1996 na Inglaterra. Copa das Confedera\u00e7\u00f5es de 2005 na Alemanha e 2009 na \u00c1frica do Sul. Rep\u00f3rter e Editor, trabalhou no Jornal da Tarde e Estad\u00e3o, de 1984 a fevereiro de 2016. Colunista, blogueiro. E comentarista de futebol na R\u00e1dio Estad\u00e3o, de 2013 a fevereiro de 2016. Jornalista respons\u00e1vel do \\\"Pr\u00f3speri News\\\" (blogdoprosperi.com).\",\"sameAs\":[\"http:\\\/\\\/blogdoprosperi.com\",\"Luiz Pr\u00f3speri\",\"@luiz_prosperi\",\"https:\\\/\\\/x.com\\\/Luizprosperi\",\"@prosperinacopa\",\"luiz.prosperi@icloud.com\"],\"url\":\"https:\\\/\\\/blogdoprosperi.com\\\/?author=102107496\"}]}<\/script>\n<!-- \/ Yoast SEO plugin. -->","yoast_head_json":{"title":"Copa Am\u00e9rica: Brasil continua ref\u00e9m das teorias de Tite e paga pecados no empate com Venezuela - PR\u00d3SPERI NEWS","robots":{"index":"index","follow":"follow","max-snippet":"max-snippet:-1","max-image-preview":"max-image-preview:large","max-video-preview":"max-video-preview:-1"},"canonical":"https:\/\/blogdoprosperi.com\/?p=37754","og_locale":"pt_BR","og_type":"article","og_title":"Copa Am\u00e9rica: Brasil continua ref\u00e9m das teorias de Tite e paga pecados no empate com Venezuela - PR\u00d3SPERI NEWS","og_description":"Brasil sai vaiado da Fonte Nova em Salvador depois de um jogo melanc\u00f3lico e erros de Tite no [&hellip;]","og_url":"https:\/\/blogdoprosperi.com\/?p=37754","og_site_name":"PR\u00d3SPERI NEWS","article_publisher":"Luiz Pr\u00f3speri","article_author":"Luiz Pr\u00f3speri","article_published_time":"2019-06-19T13:25:37+00:00","og_image":[{"width":4591,"height":3061,"url":"https:\/\/i0.wp.com\/blogdoprosperi.com\/wp-content\/uploads\/2019\/06\/pro5-15.jpg?fit=4591%2C3061&ssl=1","type":"image\/jpeg"}],"author":"Luiz Ant\u00f4nio Pr\u00f3speri","twitter_card":"summary_large_image","twitter_creator":"@Luizprosperi","twitter_site":"@Luizprosperi","twitter_misc":{"Escrito por":"Luiz Ant\u00f4nio Pr\u00f3speri","Est. tempo de leitura":"4 minutos"},"schema":{"@context":"https:\/\/schema.org","@graph":[{"@type":"Article","@id":"https:\/\/blogdoprosperi.com\/?p=37754#article","isPartOf":{"@id":"https:\/\/blogdoprosperi.com\/?p=37754"},"author":{"name":"Luiz Ant\u00f4nio Pr\u00f3speri","@id":"https:\/\/blogdoprosperi.com\/#\/schema\/person\/38100755ce3601861ee4fab9b5aa78e9"},"headline":"Copa Am\u00e9rica: Brasil continua ref\u00e9m das teorias de Tite e paga pecados no empate com Venezuela","datePublished":"2019-06-19T13:25:37+00:00","mainEntityOfPage":{"@id":"https:\/\/blogdoprosperi.com\/?p=37754"},"wordCount":772,"commentCount":0,"publisher":{"@id":"https:\/\/blogdoprosperi.com\/#\/schema\/person\/38100755ce3601861ee4fab9b5aa78e9"},"image":{"@id":"https:\/\/blogdoprosperi.com\/?p=37754#primaryimage"},"thumbnailUrl":"https:\/\/i0.wp.com\/blogdoprosperi.com\/wp-content\/uploads\/2019\/06\/pro5-15.jpg?fit=4591%2C3061&ssl=1","keywords":["brasil 0 x 0 venezuela","copa Am\u00e9rica 2019","everton cebolinha","futebol","Sele\u00e7\u00e3o Brasileira","Tite"],"articleSection":["futebol","Sele\u00e7\u00e3o Brasileira"],"inLanguage":"pt-BR","potentialAction":[{"@type":"CommentAction","name":"Comment","target":["https:\/\/blogdoprosperi.com\/?p=37754#respond"]}]},{"@type":"WebPage","@id":"https:\/\/blogdoprosperi.com\/?p=37754","url":"https:\/\/blogdoprosperi.com\/?p=37754","name":"Copa Am\u00e9rica: Brasil continua ref\u00e9m das teorias de Tite e paga pecados no empate com Venezuela - PR\u00d3SPERI NEWS","isPartOf":{"@id":"https:\/\/blogdoprosperi.com\/#website"},"primaryImageOfPage":{"@id":"https:\/\/blogdoprosperi.com\/?p=37754#primaryimage"},"image":{"@id":"https:\/\/blogdoprosperi.com\/?p=37754#primaryimage"},"thumbnailUrl":"https:\/\/i0.wp.com\/blogdoprosperi.com\/wp-content\/uploads\/2019\/06\/pro5-15.jpg?fit=4591%2C3061&ssl=1","datePublished":"2019-06-19T13:25:37+00:00","breadcrumb":{"@id":"https:\/\/blogdoprosperi.com\/?p=37754#breadcrumb"},"inLanguage":"pt-BR","potentialAction":[{"@type":"ReadAction","target":["https:\/\/blogdoprosperi.com\/?p=37754"]}]},{"@type":"ImageObject","inLanguage":"pt-BR","@id":"https:\/\/blogdoprosperi.com\/?p=37754#primaryimage","url":"https:\/\/i0.wp.com\/blogdoprosperi.com\/wp-content\/uploads\/2019\/06\/pro5-15.jpg?fit=4591%2C3061&ssl=1","contentUrl":"https:\/\/i0.wp.com\/blogdoprosperi.com\/wp-content\/uploads\/2019\/06\/pro5-15.jpg?fit=4591%2C3061&ssl=1","width":4591,"height":3061},{"@type":"BreadcrumbList","@id":"https:\/\/blogdoprosperi.com\/?p=37754#breadcrumb","itemListElement":[{"@type":"ListItem","position":1,"name":"In\u00edcio","item":"https:\/\/blogdoprosperi.com\/"},{"@type":"ListItem","position":2,"name":"Copa Am\u00e9rica: Brasil continua ref\u00e9m das teorias de Tite e paga pecados no empate com Venezuela"}]},{"@type":"WebSite","@id":"https:\/\/blogdoprosperi.com\/#website","url":"https:\/\/blogdoprosperi.com\/","name":"PR\u00d3SPERI NEWS","description":"TUDO \u00c9  FUTEBOL","publisher":{"@id":"https:\/\/blogdoprosperi.com\/#\/schema\/person\/38100755ce3601861ee4fab9b5aa78e9"},"alternateName":"blogdoprosperi.com","potentialAction":[{"@type":"SearchAction","target":{"@type":"EntryPoint","urlTemplate":"https:\/\/blogdoprosperi.com\/?s={search_term_string}"},"query-input":{"@type":"PropertyValueSpecification","valueRequired":true,"valueName":"search_term_string"}}],"inLanguage":"pt-BR"},{"@type":["Person","Organization"],"@id":"https:\/\/blogdoprosperi.com\/#\/schema\/person\/38100755ce3601861ee4fab9b5aa78e9","name":"Luiz Ant\u00f4nio Pr\u00f3speri","pronouns":"ele","image":{"@type":"ImageObject","inLanguage":"pt-BR","@id":"https:\/\/i0.wp.com\/blogdoprosperi.com\/wp-content\/uploads\/2026\/05\/cropped-8059e613-6002-42fa-961e-8e275f575d71-2-5.jpg?fit=1360%2C931&ssl=1","url":"https:\/\/i0.wp.com\/blogdoprosperi.com\/wp-content\/uploads\/2026\/05\/cropped-8059e613-6002-42fa-961e-8e275f575d71-2-5.jpg?fit=1360%2C931&ssl=1","contentUrl":"https:\/\/i0.wp.com\/blogdoprosperi.com\/wp-content\/uploads\/2026\/05\/cropped-8059e613-6002-42fa-961e-8e275f575d71-2-5.jpg?fit=1360%2C931&ssl=1","width":1360,"height":931,"caption":"Luiz Ant\u00f4nio Pr\u00f3speri"},"logo":{"@id":"https:\/\/i0.wp.com\/blogdoprosperi.com\/wp-content\/uploads\/2026\/05\/cropped-8059e613-6002-42fa-961e-8e275f575d71-2-5.jpg?fit=1360%2C931&ssl=1"},"description":"Jornalista com carreira dedicada ao esporte. Cobriu 9 Copas do Mundo in loco, 1990 na It\u00e1lia, 1994 nos EUA, 1998 na Fran\u00e7a, 2002 na Coreia do Sul e Jap\u00e3o, 2006 na Alemanha, 2010 na \u00c1frica do Sul, 2014 no Brasil, 2018 na R\u00fassia e 2022 no Qatar. Eurocopas, 1992 na Su\u00e9cia e 1996 na Inglaterra. Copa das Confedera\u00e7\u00f5es de 2005 na Alemanha e 2009 na \u00c1frica do Sul. Rep\u00f3rter e Editor, trabalhou no Jornal da Tarde e Estad\u00e3o, de 1984 a fevereiro de 2016. Colunista, blogueiro. E comentarista de futebol na R\u00e1dio Estad\u00e3o, de 2013 a fevereiro de 2016. Jornalista respons\u00e1vel do \"Pr\u00f3speri News\" (blogdoprosperi.com).","sameAs":["http:\/\/blogdoprosperi.com","Luiz Pr\u00f3speri","@luiz_prosperi","https:\/\/x.com\/Luizprosperi","@prosperinacopa","luiz.prosperi@icloud.com"],"url":"https:\/\/blogdoprosperi.com\/?author=102107496"}]}},"jetpack_publicize_connections":[],"jetpack_likes_enabled":false,"jetpack_sharing_enabled":true,"jetpack_shortlink":"https:\/\/wp.me\/p7jvdk-9OW","jetpack-related-posts":[{"id":37763,"url":"https:\/\/blogdoprosperi.com\/?p=37763","url_meta":{"origin":37754,"position":0},"title":"Copa Am\u00e9rica: Fernandinho, o vil\u00e3o perfeito dos imbecis","author":"Luiz Ant\u00f4nio Pr\u00f3speri","date":"25 de junho de 2019","format":false,"excerpt":"Fernandinho n\u00e3o combina com dias de calmaria na Sele\u00e7\u00e3o Brasileira. Seja Copa do Mundo ou Copa Am\u00e9rica seu nome sempre vem associado a uma cat\u00e1strofe. Quando n\u00e3o \u00e9 jogado na fogueira, vai ao pared\u00e3o dos condenados. N\u00e3o raro sofre insultos racistas. Mais uma vez o volante est\u00e1 na berlinda. Vai\u2026","rel":"","context":"Em &quot;futebol&quot;","block_context":{"text":"futebol","link":"https:\/\/blogdoprosperi.com\/?cat=53870"},"img":{"alt_text":"","src":"https:\/\/i0.wp.com\/blogdoprosperi.com\/wp-content\/uploads\/2019\/06\/pro4-16.jpg?fit=1200%2C800&ssl=1&resize=350%2C200","width":350,"height":200,"srcset":"https:\/\/i0.wp.com\/blogdoprosperi.com\/wp-content\/uploads\/2019\/06\/pro4-16.jpg?fit=1200%2C800&ssl=1&resize=350%2C200 1x, https:\/\/i0.wp.com\/blogdoprosperi.com\/wp-content\/uploads\/2019\/06\/pro4-16.jpg?fit=1200%2C800&ssl=1&resize=525%2C300 1.5x, https:\/\/i0.wp.com\/blogdoprosperi.com\/wp-content\/uploads\/2019\/06\/pro4-16.jpg?fit=1200%2C800&ssl=1&resize=700%2C400 2x, https:\/\/i0.wp.com\/blogdoprosperi.com\/wp-content\/uploads\/2019\/06\/pro4-16.jpg?fit=1200%2C800&ssl=1&resize=1050%2C600 3x"},"classes":[]},{"id":38604,"url":"https:\/\/blogdoprosperi.com\/?p=38604","url_meta":{"origin":37754,"position":1},"title":"Sele\u00e7\u00e3o Brasileira veste azul, vence Paraguai e divulga manifesto","author":"Luiz Ant\u00f4nio Pr\u00f3speri","date":"8 de junho de 2021","format":false,"excerpt":"De camisa azul, Sele\u00e7\u00e3o Brasileira vence Paraguai por 2 a 0, quebra tabu de 35 anos sem vit\u00f3rias contra este advers\u00e1rio fora de casa em jogos de Eliminat\u00f3rias de Copa do Mundo e, por meio de um manifesto dos jogadores, confirma participa\u00e7\u00e3o na pol\u00eamica Copa Am\u00e9rica 2021. O Jogo Tite\u2026","rel":"","context":"Em &quot;futebol&quot;","block_context":{"text":"futebol","link":"https:\/\/blogdoprosperi.com\/?cat=53870"},"img":{"alt_text":"","src":"https:\/\/i0.wp.com\/blogdoprosperi.com\/wp-content\/uploads\/2021\/06\/e3amt9pxeamstcm.jpeg?fit=1080%2C830&ssl=1&resize=350%2C200","width":350,"height":200,"srcset":"https:\/\/i0.wp.com\/blogdoprosperi.com\/wp-content\/uploads\/2021\/06\/e3amt9pxeamstcm.jpeg?fit=1080%2C830&ssl=1&resize=350%2C200 1x, https:\/\/i0.wp.com\/blogdoprosperi.com\/wp-content\/uploads\/2021\/06\/e3amt9pxeamstcm.jpeg?fit=1080%2C830&ssl=1&resize=525%2C300 1.5x, https:\/\/i0.wp.com\/blogdoprosperi.com\/wp-content\/uploads\/2021\/06\/e3amt9pxeamstcm.jpeg?fit=1080%2C830&ssl=1&resize=700%2C400 2x, https:\/\/i0.wp.com\/blogdoprosperi.com\/wp-content\/uploads\/2021\/06\/e3amt9pxeamstcm.jpeg?fit=1080%2C830&ssl=1&resize=1050%2C600 3x"},"classes":[]},{"id":28148,"url":"https:\/\/blogdoprosperi.com\/?p=28148","url_meta":{"origin":37754,"position":2},"title":"Al\u00f4 Neymar, Sele\u00e7\u00e3o Brasileira sabe vencer sem voc\u00ea","author":"Luiz Ant\u00f4nio Pr\u00f3speri","date":"11 de outubro de 2016","format":false,"excerpt":"Sele\u00e7\u00e3o Brasileira n\u00e3o sentiu a falta de Neymar para assumir a lideran\u00e7a das Eliminat\u00f3rias da Copa de 2018. Sem grandes sustos, derrotou a fraca Venezuela por 2 a 0 em M\u00e9rida. Sem o craque, o time fez tudo certo. Tudo bem que sem muito lustro, sem nada de muito especial,\u2026","rel":"","context":"Em &quot;futebol&quot;","block_context":{"text":"futebol","link":"https:\/\/blogdoprosperi.com\/?cat=53870"},"img":{"alt_text":"","src":"https:\/\/i0.wp.com\/blogdoprosperi.com\/wp-content\/uploads\/2016\/10\/soccer-worldcup-ven-bra_-ghf2v00n7-1.jpg?resize=350%2C200&ssl=1","width":350,"height":200,"srcset":"https:\/\/i0.wp.com\/blogdoprosperi.com\/wp-content\/uploads\/2016\/10\/soccer-worldcup-ven-bra_-ghf2v00n7-1.jpg?resize=350%2C200&ssl=1 1x, https:\/\/i0.wp.com\/blogdoprosperi.com\/wp-content\/uploads\/2016\/10\/soccer-worldcup-ven-bra_-ghf2v00n7-1.jpg?resize=525%2C300&ssl=1 1.5x, https:\/\/i0.wp.com\/blogdoprosperi.com\/wp-content\/uploads\/2016\/10\/soccer-worldcup-ven-bra_-ghf2v00n7-1.jpg?resize=700%2C400&ssl=1 2x, https:\/\/i0.wp.com\/blogdoprosperi.com\/wp-content\/uploads\/2016\/10\/soccer-worldcup-ven-bra_-ghf2v00n7-1.jpg?resize=1050%2C600&ssl=1 3x"},"classes":[]},{"id":39594,"url":"https:\/\/blogdoprosperi.com\/?p=39594","url_meta":{"origin":37754,"position":3},"title":"Brasil passeia no pen\u00faltimo amistoso antes da Copa Qatar 2022","author":"Luiz Ant\u00f4nio Pr\u00f3speri","date":"23 de setembro de 2022","format":false,"excerpt":"Sele\u00e7\u00e3o Brasileira vence Gana sem nenhum constrangimento no pen\u00faltimo amistoso antes da estreia na Copa do Mundo Qatar 2022. A vit\u00f3ria por 3 a 0, constru\u00edda no primeiro tempo, tem participa\u00e7\u00e3o decisiva do atacante Richarlison, autor de dois gols, em Le Havre na Fran\u00e7a. Brasil molda o primeiro tempo do\u2026","rel":"","context":"Em &quot;catar 2022&quot;","block_context":{"text":"catar 2022","link":"https:\/\/blogdoprosperi.com\/?cat=47094043"},"img":{"alt_text":"","src":"https:\/\/i0.wp.com\/blogdoprosperi.com\/wp-content\/uploads\/2022\/09\/52379122781_8ca520c918_c.jpg?fit=799%2C533&ssl=1&resize=350%2C200","width":350,"height":200,"srcset":"https:\/\/i0.wp.com\/blogdoprosperi.com\/wp-content\/uploads\/2022\/09\/52379122781_8ca520c918_c.jpg?fit=799%2C533&ssl=1&resize=350%2C200 1x, https:\/\/i0.wp.com\/blogdoprosperi.com\/wp-content\/uploads\/2022\/09\/52379122781_8ca520c918_c.jpg?fit=799%2C533&ssl=1&resize=525%2C300 1.5x, https:\/\/i0.wp.com\/blogdoprosperi.com\/wp-content\/uploads\/2022\/09\/52379122781_8ca520c918_c.jpg?fit=799%2C533&ssl=1&resize=700%2C400 2x"},"classes":[]},{"id":24298,"url":"https:\/\/blogdoprosperi.com\/?p=24298","url_meta":{"origin":37754,"position":4},"title":"Philipe Coutinho muda o jogo e Tite alcan\u00e7a segunda vit\u00f3ria consecutiva com a Sele\u00e7\u00e3o","author":"Luiz Ant\u00f4nio Pr\u00f3speri","date":"7 de setembro de 2016","format":false,"excerpt":"Se Gabriel Jesus fez a diferen\u00e7a na estreia de Tite no comando da Sele\u00e7\u00e3o Brasileira contra o Equador, Philipe Coutinho mudou o rumo do jogo na vit\u00f3ria diante da Col\u00f4mbia por 2 a 1 nesta ter\u00e7a-feira (06\/9), em Manaus, pelas Eliminat\u00f3rias da Copa de 2018. O meia do Liverpool entrou\u2026","rel":"","context":"Em &quot;futebol&quot;","block_context":{"text":"futebol","link":"https:\/\/blogdoprosperi.com\/?cat=53870"},"img":{"alt_text":"","src":"https:\/\/i0.wp.com\/blogdoprosperi.com\/wp-content\/uploads\/2016\/09\/20160906233731_57cf7d6b04778.jpg?resize=350%2C200&ssl=1","width":350,"height":200,"srcset":"https:\/\/i0.wp.com\/blogdoprosperi.com\/wp-content\/uploads\/2016\/09\/20160906233731_57cf7d6b04778.jpg?resize=350%2C200&ssl=1 1x, https:\/\/i0.wp.com\/blogdoprosperi.com\/wp-content\/uploads\/2016\/09\/20160906233731_57cf7d6b04778.jpg?resize=525%2C300&ssl=1 1.5x, https:\/\/i0.wp.com\/blogdoprosperi.com\/wp-content\/uploads\/2016\/09\/20160906233731_57cf7d6b04778.jpg?resize=700%2C400&ssl=1 2x, https:\/\/i0.wp.com\/blogdoprosperi.com\/wp-content\/uploads\/2016\/09\/20160906233731_57cf7d6b04778.jpg?resize=1050%2C600&ssl=1 3x, https:\/\/i0.wp.com\/blogdoprosperi.com\/wp-content\/uploads\/2016\/09\/20160906233731_57cf7d6b04778.jpg?resize=1400%2C800&ssl=1 4x"},"classes":[]},{"id":37767,"url":"https:\/\/blogdoprosperi.com\/?p=37767","url_meta":{"origin":37754,"position":5},"title":"Copa Am\u00e9rica: Tite preserva Fernandinho e escala Allan contra Paraguai","author":"Luiz Ant\u00f4nio Pr\u00f3speri","date":"27 de junho de 2019","format":false,"excerpt":"Sele\u00e7\u00e3o Brasileira recebe Paraguai no danificado gramado da Arena Gr\u00eamio com expectativa de repetir a condecorada atua\u00e7\u00e3o contra Peru quando se imp\u00f4s por 5 a 0 restabelecendo a hierarquia na Copa Am\u00e9rica 2019. Tite n\u00e3o tem dissabores nessa estreia na fase de mata-mata. Seu plano \u00e9 o mesmo do \u00faltimo\u2026","rel":"","context":"Em &quot;futebol&quot;","block_context":{"text":"futebol","link":"https:\/\/blogdoprosperi.com\/?cat=53870"},"img":{"alt_text":"","src":"https:\/\/i0.wp.com\/blogdoprosperi.com\/wp-content\/uploads\/2019\/06\/000_1hv7z2.jpg?fit=1024%2C682&ssl=1&resize=350%2C200","width":350,"height":200,"srcset":"https:\/\/i0.wp.com\/blogdoprosperi.com\/wp-content\/uploads\/2019\/06\/000_1hv7z2.jpg?fit=1024%2C682&ssl=1&resize=350%2C200 1x, https:\/\/i0.wp.com\/blogdoprosperi.com\/wp-content\/uploads\/2019\/06\/000_1hv7z2.jpg?fit=1024%2C682&ssl=1&resize=525%2C300 1.5x, https:\/\/i0.wp.com\/blogdoprosperi.com\/wp-content\/uploads\/2019\/06\/000_1hv7z2.jpg?fit=1024%2C682&ssl=1&resize=700%2C400 2x"},"classes":[]}],"jetpack_featured_media_url":"https:\/\/i0.wp.com\/blogdoprosperi.com\/wp-content\/uploads\/2019\/06\/pro5-15.jpg?fit=4591%2C3061&ssl=1","_links":{"self":[{"href":"https:\/\/blogdoprosperi.com\/index.php?rest_route=\/wp\/v2\/posts\/37754","targetHints":{"allow":["GET"]}}],"collection":[{"href":"https:\/\/blogdoprosperi.com\/index.php?rest_route=\/wp\/v2\/posts"}],"about":[{"href":"https:\/\/blogdoprosperi.com\/index.php?rest_route=\/wp\/v2\/types\/post"}],"author":[{"embeddable":true,"href":"https:\/\/blogdoprosperi.com\/index.php?rest_route=\/wp\/v2\/users\/102107496"}],"replies":[{"embeddable":true,"href":"https:\/\/blogdoprosperi.com\/index.php?rest_route=%2Fwp%2Fv2%2Fcomments&post=37754"}],"version-history":[{"count":2,"href":"https:\/\/blogdoprosperi.com\/index.php?rest_route=\/wp\/v2\/posts\/37754\/revisions"}],"predecessor-version":[{"id":37758,"href":"https:\/\/blogdoprosperi.com\/index.php?rest_route=\/wp\/v2\/posts\/37754\/revisions\/37758"}],"wp:featuredmedia":[{"embeddable":true,"href":"https:\/\/blogdoprosperi.com\/index.php?rest_route=\/wp\/v2\/media\/37756"}],"wp:attachment":[{"href":"https:\/\/blogdoprosperi.com\/index.php?rest_route=%2Fwp%2Fv2%2Fmedia&parent=37754"}],"wp:term":[{"taxonomy":"category","embeddable":true,"href":"https:\/\/blogdoprosperi.com\/index.php?rest_route=%2Fwp%2Fv2%2Fcategories&post=37754"},{"taxonomy":"post_tag","embeddable":true,"href":"https:\/\/blogdoprosperi.com\/index.php?rest_route=%2Fwp%2Fv2%2Ftags&post=37754"}],"curies":[{"name":"wp","href":"https:\/\/api.w.org\/{rel}","templated":true}]}}