{"id":37763,"date":"2019-06-25T11:48:41","date_gmt":"2019-06-25T14:48:41","guid":{"rendered":"http:\/\/blogdoprosperi.com\/?p=37763"},"modified":"2019-06-25T11:49:11","modified_gmt":"2019-06-25T14:49:11","slug":"copa-america-fernandinho-o-vilao-perfeito-dos-imbecis","status":"publish","type":"post","link":"https:\/\/blogdoprosperi.com\/?p=37763","title":{"rendered":"Copa Am\u00e9rica: Fernandinho, o vil\u00e3o perfeito dos imbecis"},"content":{"rendered":"<p>Fernandinho n\u00e3o combina com dias de calmaria na Sele\u00e7\u00e3o Brasileira. Seja Copa do Mundo ou Copa Am\u00e9rica seu nome sempre vem associado a uma cat\u00e1strofe. Quando n\u00e3o \u00e9 jogado na fogueira, vai ao pared\u00e3o dos condenados. N\u00e3o raro sofre insultos racistas. Mais uma vez o volante est\u00e1 na berlinda. Vai substituir Casemiro, suspenso pelo segundo cart\u00e3o amarelo, no jogo do Brasil nas quartas de final da Copa Am\u00e9rica nesta quinta-feira (27\/6) na Arena Gr\u00eamio. Um eventual fracasso da Sele\u00e7\u00e3o e j\u00e1 se tem um vil\u00e3o: todos dedos apontar\u00e3o a Fernandinho.<\/p>\n<p>Alguma d\u00favida? Na Copa do Mundo de 2014, naquela bomba nucelar dos 7 a 1, Fernandinho foi um dos principais pendurados em carne viva entre os respons\u00e1veis pela derrota.<\/p>\n<p>Quatro anos depois, naquela que poderia ter sido a reden\u00e7\u00e3o na R\u00fassia, mais uma vez o volante foi excomungado. Quando Casemiro levou o segundo cart\u00e3o no jogo contra o M\u00e9xico, nas oitavas de final, Tite olhou para Fernandinho e disse assim: \u201c\u00c9 sua vez\u201d. Mais uma vez jogado aos le\u00f5es.<\/p>\n<p><strong><span style=\"color:#0000ff;\"><a style=\"color:#0000ff;\" href=\"http:\/\/chuteirafc.cartacapital.com.br\/copa-america-tite-convoca-fernandinho-promete-conversa-reservada-com-neymar-e-admite-estar-pressionado\/\">V\u00edtima de um time mal armado por Tite, vulner\u00e1vel at\u00e9 o pesco\u00e7o, sobrou para Fernandinho<\/a><\/span><\/strong> proteger quase que sozinho a defesa do Brasil contra uma impetuosa e eficiente B\u00e9lgica capitaneada por De Bruyne e Hazard. E ainda foi dele o gol contra que abriu caminho da vit\u00f3ria dos belgas Deu no que deu. Brasil eliminado no Mundial.<\/p>\n<p>Culpados? Claro, l\u00e1 estava o nome de Fernandinho puxando a fila dos condenados.<\/p>\n<p>A queda em Kazan, h\u00e1 quase um ano, abriu feridas no volante. Crucificado no mundo do futebol e abatido por insanos racistas nos dias que se sucederam ao <span style=\"color:#0000ff;\"><strong><a style=\"color:#0000ff;\" href=\"http:\/\/chuteirafc.cartacapital.com.br\/brasil-paga-conta-alta-na-russia-por-demorar-a-reagir-ao-7-a-1-de-2014\/\">fracasso na Copa da R\u00fassia<\/a>.<\/strong><\/span><\/p>\n<p>Assim que o jogo se encerrou, as redes sociais registravam a imbecilidade dos racistas:<\/p>\n<p>\u201cParab\u00e9ns, Fernandinho, seu macaco filho da p*** espero que voc\u00ea morra atropelado, seu m***\u201d.<\/p>\n<p>\u201cSeu preto imundo. Vai aprender a jogar bola\u201d.<\/p>\n<p>Rosa Glaucia, mulher de Fernandinho, tamb\u00e9m foi insultada em sua conta do Instagram. \u201cO vagabundo do seu marido botou tudo a perder.\u201d<\/p>\n<p>Insultos racistas levaram Fernandinho, 34 anos, a repensar se valia a pena ou n\u00e3o continuar jogando na Sele\u00e7\u00e3o Brasileira. Pediu um tempo a Tite at\u00e9 retornar ao grupo dos 23 convocados para Copa Am\u00e9rica. Antes de ser chamado teve uma conversa com Tite para acertar os ponteiros e disse que a Sele\u00e7\u00e3o poderia contar com seu futebol vitorioso no Manchester City de Pep Guardiola.<\/p>\n<p>\u201cFernandinho \u00e9 o mesmo que fez o gol do t\u00edtulo da Sub-20 (<em>Mundial em 2003<\/em>). \u00c9 o mesmo Fernandinho. O Fernando \u00e9 um cara muito transparente, muito \u2018clean\u2019. Sabe da expectativa, da sua responsabilidade, do seu futebol, de que tipo de trabalho a comiss\u00e3o t\u00e9cnica tem, do orgulho que ele tem. \u00c9 press\u00e3o estar aqui\u2026 \u2018Ah, mas vai ter o risco de cr\u00edtica?\u2019. \u00c9 da vida, e ele est\u00e1 suficientemente maduro\u201d, disse Tite, ao apresentar a lista dos 23 jogadores convocados para Copa Am\u00e9rica, dia 17 de maio.<\/p>\n<p>F\u00e1bio Mahseredjian, preparador f\u00edsico da Sele\u00e7\u00e3o e homem de confian\u00e7a de Tite, emendou:<\/p>\n<p>\u201cEle est\u00e1 na lista porque tem uma lideran\u00e7a, o quanto ele nos ajuda no dia a dia. Ele tem uma lideran\u00e7a no seu clube tamb\u00e9m, n\u00f3s visitamos o Manchester City e \u00e9 vis\u00edvel. S\u00e3o v\u00e1rias qualidades dentro de um atleta s\u00f3\u201d.<\/p>\n<p>Vem o jogo de estreia do Brasil na <span style=\"color:#0000ff;\"><strong><a style=\"color:#0000ff;\" href=\"http:\/\/chuteirafc.cartacapital.com.br\/copa-america-brasil-cumpre-protocolo-e-mesmo-sem-entusiasmar-vence-bolivia-na-estreia\/\">Copa Am\u00e9rica contra Bol\u00edvia no Morumbi e l\u00e1 est\u00e1 Fernandinho ao lado de Casemiro<\/a><\/strong><\/span> no time titular. Sem fun\u00e7\u00e3o diante de um advers\u00e1rio que pouco atacava, o volante foi criticado, mesmo sem culpa no cart\u00f3rio. Op\u00e7\u00e3o de Tite se mostrou equivocada. Vaias no intervalo da partida coroaram a exibi\u00e7\u00e3o da Sele\u00e7\u00e3o.<\/p>\n<p>Fernandinho volta ao banco de reservas contra a Venezuela. Brasil joga mal, empate sem gols. Na terceira partida, agora contra o Peru, Casemiro leva segundo cart\u00e3o e acaba suspenso. Est\u00e1 fora das quartas de final.<\/p>\n<p>Com dores de joelho direito e a tr\u00eas dias do jogo de mata-mata contra o Paraguai nas quartas de final, Fernandinho j\u00e1 est\u00e1 escalado por Tite. Brasil \u00e9 favorito a vencer os paraguaios e passar \u00e0s semifinais. Um eventual desastre, nem ser\u00e1 necess\u00e1rio procurar um culpado. Todos os dedos v\u00e3o apontar a Fernandinho. \u00c9 um condenado antes mesmo de se conhecer a senten\u00e7a<\/p>\n<p><em><strong><a href=\"http:\/\/chuteirafc.cartacapital.com.br\"><span style=\"color:#0000ff;\">(post publicado no Chuteira FC)<\/span><\/a><\/strong><\/em><\/p>\n","protected":false},"excerpt":{"rendered":"<p>Fernandinho n\u00e3o combina com dias de calmaria na Sele\u00e7\u00e3o Brasileira. Seja Copa do Mundo ou Copa Am\u00e9rica seu [&hellip;]<\/p>\n","protected":false},"author":102107496,"featured_media":37764,"comment_status":"open","ping_status":"open","sticky":false,"template":"","format":"standard","meta":{"_coblocks_attr":"","_coblocks_dimensions":"","_coblocks_responsive_height":"","_coblocks_accordion_ie_support":"","_jetpack_newsletter_access":"","_jetpack_dont_email_post_to_subs":false,"_jetpack_newsletter_tier_id":0,"_jetpack_memberships_contains_paywalled_content":false,"_wpcom_ai_launchpad_first_post":false,"_jetpack_feature_clip_id":0,"_jetpack_memberships_contains_paid_content":false,"footnotes":"","jetpack_publicize_message":"Copa Am\u00e9rica: Fernandinho, o vil\u00e3o perfeito dos imbecis. Jogador \u00e9 alvo preferido dos cr\u00edticos nos \u00faltimos fracassos da Sele\u00e7\u00e3o.","jetpack_publicize_feature_enabled":true,"jetpack_social_post_already_shared":false,"jetpack_social_options":{"image_generator_settings":{"template":"highway","default_image_id":0,"font":"","enabled":false},"version":2},"jetpack_post_was_ever_published":false},"categories":[53870,174694],"tags":[9257682,682211369,7738741,12508493,2352364,84264909,682211370,2867683,789560560,17159065,789560562],"class_list":["post-37763","post","type-post","status-publish","format-standard","has-post-thumbnail","hentry","category-futebol","category-selecao-brasileira","tag-7-x-1","tag-belgica-2-x-1-brasil","tag-brasil-x-paraguai","tag-casemiro","tag-copa-2014","tag-copa-america-2019","tag-copa-da-russia-2019","tag-fernandinho","tag-futebol","tag-insultos-racistas","tag-selecao-brasileira"],"yoast_head":"<!-- This site is optimized with the Yoast SEO plugin v28.3 - https:\/\/yoast.com\/product\/yoast-seo-wordpress\/ -->\n<title>Copa Am\u00e9rica: Fernandinho, o vil\u00e3o perfeito dos imbecis - PR\u00d3SPERI NEWS<\/title>\n<meta name=\"robots\" content=\"index, follow, max-snippet:-1, max-image-preview:large, max-video-preview:-1\" \/>\n<link rel=\"canonical\" href=\"https:\/\/blogdoprosperi.com\/?p=37763\" \/>\n<meta property=\"og:locale\" content=\"pt_BR\" \/>\n<meta property=\"og:type\" content=\"article\" \/>\n<meta property=\"og:title\" content=\"Copa Am\u00e9rica: Fernandinho, o vil\u00e3o perfeito dos imbecis - PR\u00d3SPERI NEWS\" \/>\n<meta property=\"og:description\" content=\"Fernandinho n\u00e3o combina com dias de calmaria na Sele\u00e7\u00e3o Brasileira. Seja Copa do Mundo ou Copa Am\u00e9rica seu [&hellip;]\" \/>\n<meta property=\"og:url\" content=\"https:\/\/blogdoprosperi.com\/?p=37763\" \/>\n<meta property=\"og:site_name\" content=\"PR\u00d3SPERI NEWS\" \/>\n<meta property=\"article:publisher\" content=\"Luiz Pr\u00f3speri\" \/>\n<meta property=\"article:author\" content=\"Luiz Pr\u00f3speri\" \/>\n<meta property=\"article:published_time\" content=\"2019-06-25T14:48:41+00:00\" \/>\n<meta property=\"article:modified_time\" content=\"2019-06-25T14:49:11+00:00\" \/>\n<meta property=\"og:image\" content=\"https:\/\/i0.wp.com\/blogdoprosperi.com\/wp-content\/uploads\/2019\/06\/pro4-16.jpg?fit=2980%2C1986&ssl=1\" \/>\n\t<meta property=\"og:image:width\" content=\"2980\" \/>\n\t<meta property=\"og:image:height\" content=\"1986\" \/>\n\t<meta property=\"og:image:type\" content=\"image\/jpeg\" \/>\n<meta name=\"author\" content=\"Luiz Ant\u00f4nio Pr\u00f3speri\" \/>\n<meta name=\"twitter:card\" content=\"summary_large_image\" \/>\n<meta name=\"twitter:creator\" content=\"@Luizprosperi\" \/>\n<meta name=\"twitter:site\" content=\"@Luizprosperi\" \/>\n<meta name=\"twitter:label1\" content=\"Escrito por\" \/>\n\t<meta name=\"twitter:data1\" content=\"Luiz Ant\u00f4nio Pr\u00f3speri\" \/>\n\t<meta name=\"twitter:label2\" content=\"Est. tempo de leitura\" \/>\n\t<meta name=\"twitter:data2\" content=\"4 minutos\" \/>\n<script type=\"application\/ld+json\" class=\"yoast-schema-graph\">{\"@context\":\"https:\\\/\\\/schema.org\",\"@graph\":[{\"@type\":\"Article\",\"@id\":\"https:\\\/\\\/blogdoprosperi.com\\\/?p=37763#article\",\"isPartOf\":{\"@id\":\"https:\\\/\\\/blogdoprosperi.com\\\/?p=37763\"},\"author\":{\"name\":\"Luiz Ant\u00f4nio Pr\u00f3speri\",\"@id\":\"https:\\\/\\\/blogdoprosperi.com\\\/#\\\/schema\\\/person\\\/38100755ce3601861ee4fab9b5aa78e9\"},\"headline\":\"Copa Am\u00e9rica: Fernandinho, o vil\u00e3o perfeito dos imbecis\",\"datePublished\":\"2019-06-25T14:48:41+00:00\",\"dateModified\":\"2019-06-25T14:49:11+00:00\",\"mainEntityOfPage\":{\"@id\":\"https:\\\/\\\/blogdoprosperi.com\\\/?p=37763\"},\"wordCount\":751,\"commentCount\":0,\"publisher\":{\"@id\":\"https:\\\/\\\/blogdoprosperi.com\\\/#\\\/schema\\\/person\\\/38100755ce3601861ee4fab9b5aa78e9\"},\"image\":{\"@id\":\"https:\\\/\\\/blogdoprosperi.com\\\/?p=37763#primaryimage\"},\"thumbnailUrl\":\"https:\\\/\\\/i0.wp.com\\\/blogdoprosperi.com\\\/wp-content\\\/uploads\\\/2019\\\/06\\\/pro4-16.jpg?fit=2980%2C1986&ssl=1\",\"keywords\":[\"7 x 1\",\"B\u00e9lgica 2 x 1 brasil\",\"brasil x paraguai\",\"Casemiro\",\"Copa 2014\",\"copa Am\u00e9rica 2019\",\"copa da russia 2019\",\"Fernandinho\",\"futebol\",\"insultos racistas\",\"Sele\u00e7\u00e3o Brasileira\"],\"articleSection\":[\"futebol\",\"Sele\u00e7\u00e3o Brasileira\"],\"inLanguage\":\"pt-BR\",\"potentialAction\":[{\"@type\":\"CommentAction\",\"name\":\"Comment\",\"target\":[\"https:\\\/\\\/blogdoprosperi.com\\\/?p=37763#respond\"]}]},{\"@type\":\"WebPage\",\"@id\":\"https:\\\/\\\/blogdoprosperi.com\\\/?p=37763\",\"url\":\"https:\\\/\\\/blogdoprosperi.com\\\/?p=37763\",\"name\":\"Copa Am\u00e9rica: Fernandinho, o vil\u00e3o perfeito dos imbecis - PR\u00d3SPERI NEWS\",\"isPartOf\":{\"@id\":\"https:\\\/\\\/blogdoprosperi.com\\\/#website\"},\"primaryImageOfPage\":{\"@id\":\"https:\\\/\\\/blogdoprosperi.com\\\/?p=37763#primaryimage\"},\"image\":{\"@id\":\"https:\\\/\\\/blogdoprosperi.com\\\/?p=37763#primaryimage\"},\"thumbnailUrl\":\"https:\\\/\\\/i0.wp.com\\\/blogdoprosperi.com\\\/wp-content\\\/uploads\\\/2019\\\/06\\\/pro4-16.jpg?fit=2980%2C1986&ssl=1\",\"datePublished\":\"2019-06-25T14:48:41+00:00\",\"dateModified\":\"2019-06-25T14:49:11+00:00\",\"breadcrumb\":{\"@id\":\"https:\\\/\\\/blogdoprosperi.com\\\/?p=37763#breadcrumb\"},\"inLanguage\":\"pt-BR\",\"potentialAction\":[{\"@type\":\"ReadAction\",\"target\":[\"https:\\\/\\\/blogdoprosperi.com\\\/?p=37763\"]}]},{\"@type\":\"ImageObject\",\"inLanguage\":\"pt-BR\",\"@id\":\"https:\\\/\\\/blogdoprosperi.com\\\/?p=37763#primaryimage\",\"url\":\"https:\\\/\\\/i0.wp.com\\\/blogdoprosperi.com\\\/wp-content\\\/uploads\\\/2019\\\/06\\\/pro4-16.jpg?fit=2980%2C1986&ssl=1\",\"contentUrl\":\"https:\\\/\\\/i0.wp.com\\\/blogdoprosperi.com\\\/wp-content\\\/uploads\\\/2019\\\/06\\\/pro4-16.jpg?fit=2980%2C1986&ssl=1\",\"width\":2980,\"height\":1986,\"caption\":\"Fernandinho vive mais um desafio na Sele\u00e7\u00e3o Brasileira em jogo mata-mata\"},{\"@type\":\"BreadcrumbList\",\"@id\":\"https:\\\/\\\/blogdoprosperi.com\\\/?p=37763#breadcrumb\",\"itemListElement\":[{\"@type\":\"ListItem\",\"position\":1,\"name\":\"In\u00edcio\",\"item\":\"https:\\\/\\\/blogdoprosperi.com\\\/\"},{\"@type\":\"ListItem\",\"position\":2,\"name\":\"Copa Am\u00e9rica: Fernandinho, o vil\u00e3o perfeito dos imbecis\"}]},{\"@type\":\"WebSite\",\"@id\":\"https:\\\/\\\/blogdoprosperi.com\\\/#website\",\"url\":\"https:\\\/\\\/blogdoprosperi.com\\\/\",\"name\":\"PR\u00d3SPERI NEWS\",\"description\":\"TUDO \u00c9  FUTEBOL\",\"publisher\":{\"@id\":\"https:\\\/\\\/blogdoprosperi.com\\\/#\\\/schema\\\/person\\\/38100755ce3601861ee4fab9b5aa78e9\"},\"alternateName\":\"blogdoprosperi.com\",\"potentialAction\":[{\"@type\":\"SearchAction\",\"target\":{\"@type\":\"EntryPoint\",\"urlTemplate\":\"https:\\\/\\\/blogdoprosperi.com\\\/?s={search_term_string}\"},\"query-input\":{\"@type\":\"PropertyValueSpecification\",\"valueRequired\":true,\"valueName\":\"search_term_string\"}}],\"inLanguage\":\"pt-BR\"},{\"@type\":[\"Person\",\"Organization\"],\"@id\":\"https:\\\/\\\/blogdoprosperi.com\\\/#\\\/schema\\\/person\\\/38100755ce3601861ee4fab9b5aa78e9\",\"name\":\"Luiz Ant\u00f4nio Pr\u00f3speri\",\"pronouns\":\"ele\",\"image\":{\"@type\":\"ImageObject\",\"inLanguage\":\"pt-BR\",\"@id\":\"https:\\\/\\\/i0.wp.com\\\/blogdoprosperi.com\\\/wp-content\\\/uploads\\\/2026\\\/05\\\/cropped-8059e613-6002-42fa-961e-8e275f575d71-2-5.jpg?fit=1360%2C931&ssl=1\",\"url\":\"https:\\\/\\\/i0.wp.com\\\/blogdoprosperi.com\\\/wp-content\\\/uploads\\\/2026\\\/05\\\/cropped-8059e613-6002-42fa-961e-8e275f575d71-2-5.jpg?fit=1360%2C931&ssl=1\",\"contentUrl\":\"https:\\\/\\\/i0.wp.com\\\/blogdoprosperi.com\\\/wp-content\\\/uploads\\\/2026\\\/05\\\/cropped-8059e613-6002-42fa-961e-8e275f575d71-2-5.jpg?fit=1360%2C931&ssl=1\",\"width\":1360,\"height\":931,\"caption\":\"Luiz Ant\u00f4nio Pr\u00f3speri\"},\"logo\":{\"@id\":\"https:\\\/\\\/i0.wp.com\\\/blogdoprosperi.com\\\/wp-content\\\/uploads\\\/2026\\\/05\\\/cropped-8059e613-6002-42fa-961e-8e275f575d71-2-5.jpg?fit=1360%2C931&ssl=1\"},\"description\":\"Jornalista com carreira dedicada ao esporte. Cobriu 9 Copas do Mundo in loco, 1990 na It\u00e1lia, 1994 nos EUA, 1998 na Fran\u00e7a, 2002 na Coreia do Sul e Jap\u00e3o, 2006 na Alemanha, 2010 na \u00c1frica do Sul, 2014 no Brasil, 2018 na R\u00fassia e 2022 no Qatar. Eurocopas, 1992 na Su\u00e9cia e 1996 na Inglaterra. Copa das Confedera\u00e7\u00f5es de 2005 na Alemanha e 2009 na \u00c1frica do Sul. Rep\u00f3rter e Editor, trabalhou no Jornal da Tarde e Estad\u00e3o, de 1984 a fevereiro de 2016. Colunista, blogueiro. E comentarista de futebol na R\u00e1dio Estad\u00e3o, de 2013 a fevereiro de 2016. Jornalista respons\u00e1vel do \\\"Pr\u00f3speri News\\\" (blogdoprosperi.com).\",\"sameAs\":[\"http:\\\/\\\/blogdoprosperi.com\",\"Luiz Pr\u00f3speri\",\"@luiz_prosperi\",\"https:\\\/\\\/x.com\\\/Luizprosperi\",\"@prosperinacopa\",\"luiz.prosperi@icloud.com\"],\"url\":\"https:\\\/\\\/blogdoprosperi.com\\\/?author=102107496\"}]}<\/script>\n<!-- \/ Yoast SEO plugin. -->","yoast_head_json":{"title":"Copa Am\u00e9rica: Fernandinho, o vil\u00e3o perfeito dos imbecis - PR\u00d3SPERI NEWS","robots":{"index":"index","follow":"follow","max-snippet":"max-snippet:-1","max-image-preview":"max-image-preview:large","max-video-preview":"max-video-preview:-1"},"canonical":"https:\/\/blogdoprosperi.com\/?p=37763","og_locale":"pt_BR","og_type":"article","og_title":"Copa Am\u00e9rica: Fernandinho, o vil\u00e3o perfeito dos imbecis - PR\u00d3SPERI NEWS","og_description":"Fernandinho n\u00e3o combina com dias de calmaria na Sele\u00e7\u00e3o Brasileira. Seja Copa do Mundo ou Copa Am\u00e9rica seu [&hellip;]","og_url":"https:\/\/blogdoprosperi.com\/?p=37763","og_site_name":"PR\u00d3SPERI NEWS","article_publisher":"Luiz Pr\u00f3speri","article_author":"Luiz Pr\u00f3speri","article_published_time":"2019-06-25T14:48:41+00:00","article_modified_time":"2019-06-25T14:49:11+00:00","og_image":[{"width":2980,"height":1986,"url":"https:\/\/i0.wp.com\/blogdoprosperi.com\/wp-content\/uploads\/2019\/06\/pro4-16.jpg?fit=2980%2C1986&ssl=1","type":"image\/jpeg"}],"author":"Luiz Ant\u00f4nio Pr\u00f3speri","twitter_card":"summary_large_image","twitter_creator":"@Luizprosperi","twitter_site":"@Luizprosperi","twitter_misc":{"Escrito por":"Luiz Ant\u00f4nio Pr\u00f3speri","Est. tempo de leitura":"4 minutos"},"schema":{"@context":"https:\/\/schema.org","@graph":[{"@type":"Article","@id":"https:\/\/blogdoprosperi.com\/?p=37763#article","isPartOf":{"@id":"https:\/\/blogdoprosperi.com\/?p=37763"},"author":{"name":"Luiz Ant\u00f4nio Pr\u00f3speri","@id":"https:\/\/blogdoprosperi.com\/#\/schema\/person\/38100755ce3601861ee4fab9b5aa78e9"},"headline":"Copa Am\u00e9rica: Fernandinho, o vil\u00e3o perfeito dos imbecis","datePublished":"2019-06-25T14:48:41+00:00","dateModified":"2019-06-25T14:49:11+00:00","mainEntityOfPage":{"@id":"https:\/\/blogdoprosperi.com\/?p=37763"},"wordCount":751,"commentCount":0,"publisher":{"@id":"https:\/\/blogdoprosperi.com\/#\/schema\/person\/38100755ce3601861ee4fab9b5aa78e9"},"image":{"@id":"https:\/\/blogdoprosperi.com\/?p=37763#primaryimage"},"thumbnailUrl":"https:\/\/i0.wp.com\/blogdoprosperi.com\/wp-content\/uploads\/2019\/06\/pro4-16.jpg?fit=2980%2C1986&ssl=1","keywords":["7 x 1","B\u00e9lgica 2 x 1 brasil","brasil x paraguai","Casemiro","Copa 2014","copa Am\u00e9rica 2019","copa da russia 2019","Fernandinho","futebol","insultos racistas","Sele\u00e7\u00e3o Brasileira"],"articleSection":["futebol","Sele\u00e7\u00e3o Brasileira"],"inLanguage":"pt-BR","potentialAction":[{"@type":"CommentAction","name":"Comment","target":["https:\/\/blogdoprosperi.com\/?p=37763#respond"]}]},{"@type":"WebPage","@id":"https:\/\/blogdoprosperi.com\/?p=37763","url":"https:\/\/blogdoprosperi.com\/?p=37763","name":"Copa Am\u00e9rica: Fernandinho, o vil\u00e3o perfeito dos imbecis - PR\u00d3SPERI NEWS","isPartOf":{"@id":"https:\/\/blogdoprosperi.com\/#website"},"primaryImageOfPage":{"@id":"https:\/\/blogdoprosperi.com\/?p=37763#primaryimage"},"image":{"@id":"https:\/\/blogdoprosperi.com\/?p=37763#primaryimage"},"thumbnailUrl":"https:\/\/i0.wp.com\/blogdoprosperi.com\/wp-content\/uploads\/2019\/06\/pro4-16.jpg?fit=2980%2C1986&ssl=1","datePublished":"2019-06-25T14:48:41+00:00","dateModified":"2019-06-25T14:49:11+00:00","breadcrumb":{"@id":"https:\/\/blogdoprosperi.com\/?p=37763#breadcrumb"},"inLanguage":"pt-BR","potentialAction":[{"@type":"ReadAction","target":["https:\/\/blogdoprosperi.com\/?p=37763"]}]},{"@type":"ImageObject","inLanguage":"pt-BR","@id":"https:\/\/blogdoprosperi.com\/?p=37763#primaryimage","url":"https:\/\/i0.wp.com\/blogdoprosperi.com\/wp-content\/uploads\/2019\/06\/pro4-16.jpg?fit=2980%2C1986&ssl=1","contentUrl":"https:\/\/i0.wp.com\/blogdoprosperi.com\/wp-content\/uploads\/2019\/06\/pro4-16.jpg?fit=2980%2C1986&ssl=1","width":2980,"height":1986,"caption":"Fernandinho vive mais um desafio na Sele\u00e7\u00e3o Brasileira em jogo mata-mata"},{"@type":"BreadcrumbList","@id":"https:\/\/blogdoprosperi.com\/?p=37763#breadcrumb","itemListElement":[{"@type":"ListItem","position":1,"name":"In\u00edcio","item":"https:\/\/blogdoprosperi.com\/"},{"@type":"ListItem","position":2,"name":"Copa Am\u00e9rica: Fernandinho, o vil\u00e3o perfeito dos imbecis"}]},{"@type":"WebSite","@id":"https:\/\/blogdoprosperi.com\/#website","url":"https:\/\/blogdoprosperi.com\/","name":"PR\u00d3SPERI NEWS","description":"TUDO \u00c9  FUTEBOL","publisher":{"@id":"https:\/\/blogdoprosperi.com\/#\/schema\/person\/38100755ce3601861ee4fab9b5aa78e9"},"alternateName":"blogdoprosperi.com","potentialAction":[{"@type":"SearchAction","target":{"@type":"EntryPoint","urlTemplate":"https:\/\/blogdoprosperi.com\/?s={search_term_string}"},"query-input":{"@type":"PropertyValueSpecification","valueRequired":true,"valueName":"search_term_string"}}],"inLanguage":"pt-BR"},{"@type":["Person","Organization"],"@id":"https:\/\/blogdoprosperi.com\/#\/schema\/person\/38100755ce3601861ee4fab9b5aa78e9","name":"Luiz Ant\u00f4nio Pr\u00f3speri","pronouns":"ele","image":{"@type":"ImageObject","inLanguage":"pt-BR","@id":"https:\/\/i0.wp.com\/blogdoprosperi.com\/wp-content\/uploads\/2026\/05\/cropped-8059e613-6002-42fa-961e-8e275f575d71-2-5.jpg?fit=1360%2C931&ssl=1","url":"https:\/\/i0.wp.com\/blogdoprosperi.com\/wp-content\/uploads\/2026\/05\/cropped-8059e613-6002-42fa-961e-8e275f575d71-2-5.jpg?fit=1360%2C931&ssl=1","contentUrl":"https:\/\/i0.wp.com\/blogdoprosperi.com\/wp-content\/uploads\/2026\/05\/cropped-8059e613-6002-42fa-961e-8e275f575d71-2-5.jpg?fit=1360%2C931&ssl=1","width":1360,"height":931,"caption":"Luiz Ant\u00f4nio Pr\u00f3speri"},"logo":{"@id":"https:\/\/i0.wp.com\/blogdoprosperi.com\/wp-content\/uploads\/2026\/05\/cropped-8059e613-6002-42fa-961e-8e275f575d71-2-5.jpg?fit=1360%2C931&ssl=1"},"description":"Jornalista com carreira dedicada ao esporte. Cobriu 9 Copas do Mundo in loco, 1990 na It\u00e1lia, 1994 nos EUA, 1998 na Fran\u00e7a, 2002 na Coreia do Sul e Jap\u00e3o, 2006 na Alemanha, 2010 na \u00c1frica do Sul, 2014 no Brasil, 2018 na R\u00fassia e 2022 no Qatar. Eurocopas, 1992 na Su\u00e9cia e 1996 na Inglaterra. Copa das Confedera\u00e7\u00f5es de 2005 na Alemanha e 2009 na \u00c1frica do Sul. Rep\u00f3rter e Editor, trabalhou no Jornal da Tarde e Estad\u00e3o, de 1984 a fevereiro de 2016. Colunista, blogueiro. E comentarista de futebol na R\u00e1dio Estad\u00e3o, de 2013 a fevereiro de 2016. Jornalista respons\u00e1vel do \"Pr\u00f3speri News\" (blogdoprosperi.com).","sameAs":["http:\/\/blogdoprosperi.com","Luiz Pr\u00f3speri","@luiz_prosperi","https:\/\/x.com\/Luizprosperi","@prosperinacopa","luiz.prosperi@icloud.com"],"url":"https:\/\/blogdoprosperi.com\/?author=102107496"}]}},"jetpack_publicize_connections":[],"jetpack_likes_enabled":false,"jetpack_sharing_enabled":true,"jetpack_shortlink":"https:\/\/wp.me\/p7jvdk-9P5","jetpack-related-posts":[{"id":37754,"url":"https:\/\/blogdoprosperi.com\/?p=37754","url_meta":{"origin":37763,"position":0},"title":"Copa Am\u00e9rica: Brasil continua ref\u00e9m das teorias de Tite e paga pecados no empate com Venezuela","author":"Luiz Ant\u00f4nio Pr\u00f3speri","date":"19 de junho de 2019","format":false,"excerpt":"Brasil sai vaiado da Fonte Nova em Salvador depois de um jogo melanc\u00f3lico e erros de Tite no empate por 0 a 0 contra a Venezuela pela segunda rodada da Copa Am\u00e9rica nesta ter\u00e7a-feira (18\/6). Sele\u00e7\u00e3o teve uma atua\u00e7\u00e3o sem repert\u00f3rio, sem ideias claras e com direito a op\u00e7\u00f5es equivocadas\u2026","rel":"","context":"Em &quot;futebol&quot;","block_context":{"text":"futebol","link":"https:\/\/blogdoprosperi.com\/?cat=53870"},"img":{"alt_text":"","src":"https:\/\/i0.wp.com\/blogdoprosperi.com\/wp-content\/uploads\/2019\/06\/pro5-15.jpg?fit=1200%2C800&ssl=1&resize=350%2C200","width":350,"height":200,"srcset":"https:\/\/i0.wp.com\/blogdoprosperi.com\/wp-content\/uploads\/2019\/06\/pro5-15.jpg?fit=1200%2C800&ssl=1&resize=350%2C200 1x, https:\/\/i0.wp.com\/blogdoprosperi.com\/wp-content\/uploads\/2019\/06\/pro5-15.jpg?fit=1200%2C800&ssl=1&resize=525%2C300 1.5x, https:\/\/i0.wp.com\/blogdoprosperi.com\/wp-content\/uploads\/2019\/06\/pro5-15.jpg?fit=1200%2C800&ssl=1&resize=700%2C400 2x, https:\/\/i0.wp.com\/blogdoprosperi.com\/wp-content\/uploads\/2019\/06\/pro5-15.jpg?fit=1200%2C800&ssl=1&resize=1050%2C600 3x"},"classes":[]},{"id":25687,"url":"https:\/\/blogdoprosperi.com\/?p=25687","url_meta":{"origin":37763,"position":1},"title":"Tite acerta ao resgatar Thiago Silva, capit\u00e3o de Felip\u00e3o na Copa de 2014","author":"Luiz Ant\u00f4nio Pr\u00f3speri","date":"16 de setembro de 2016","format":false,"excerpt":"Tite resgatou Thiago Silva, capit\u00e3o do Brasil na Copa de 2014, ap\u00f3s um ano longe da Sele\u00e7\u00e3o. O zagueiro do PSG estava afastado desde a Copa Am\u00e9rica de 2015 no Chile por ter cometido um p\u00eanalti. Dunga n\u00e3o quis saber mais de Thiago Silva, apontado pelos europeus como um dos\u2026","rel":"","context":"Em &quot;Campeonato Brasileiro&quot;","block_context":{"text":"Campeonato Brasileiro","link":"https:\/\/blogdoprosperi.com\/?cat=355071"},"img":{"alt_text":"","src":"https:\/\/i0.wp.com\/blogdoprosperi.com\/wp-content\/uploads\/2016\/09\/manchester-city-fernandinho-comemora-aponta-torcida-480-getty.jpg?resize=350%2C200","width":350,"height":200,"srcset":"https:\/\/i0.wp.com\/blogdoprosperi.com\/wp-content\/uploads\/2016\/09\/manchester-city-fernandinho-comemora-aponta-torcida-480-getty.jpg?resize=350%2C200 1x, https:\/\/i0.wp.com\/blogdoprosperi.com\/wp-content\/uploads\/2016\/09\/manchester-city-fernandinho-comemora-aponta-torcida-480-getty.jpg?resize=525%2C300 1.5x"},"classes":[]},{"id":3587,"url":"https:\/\/blogdoprosperi.com\/?p=3587","url_meta":{"origin":37763,"position":2},"title":"Dunga convoca sele\u00e7\u00e3o brasileira de olho na Olimp\u00edada do Rio","author":"Luiz Ant\u00f4nio Pr\u00f3speri","date":"5 de maio de 2016","format":false,"excerpt":"Criticado pela med\u00edocre campanha do Brasil nas Eliminat\u00f3rias da Copa de 2018, treinador prioriza os Jogos Ol\u00edmpicos na convoca\u00e7\u00e3o da Copa Am\u00e9rica Centen\u00e1rio Dunga, com aval da CBF, deu prioridade \u00e0 Olimp\u00edada do Rio na convoca\u00e7\u00e3o dos 23 nomes para disputar a Copa Am\u00e9rica Centen\u00e1rio, em junho, nos Estados Unidos,\u2026","rel":"","context":"Em &quot;futebol&quot;","block_context":{"text":"futebol","link":"https:\/\/blogdoprosperi.com\/?cat=53870"},"img":{"alt_text":"","src":"https:\/\/i0.wp.com\/blogdoprosperi.com\/wp-content\/uploads\/2016\/05\/casemiro03_afp_15.jpg?resize=350%2C200&ssl=1","width":350,"height":200,"srcset":"https:\/\/i0.wp.com\/blogdoprosperi.com\/wp-content\/uploads\/2016\/05\/casemiro03_afp_15.jpg?resize=350%2C200&ssl=1 1x, https:\/\/i0.wp.com\/blogdoprosperi.com\/wp-content\/uploads\/2016\/05\/casemiro03_afp_15.jpg?resize=525%2C300&ssl=1 1.5x, https:\/\/i0.wp.com\/blogdoprosperi.com\/wp-content\/uploads\/2016\/05\/casemiro03_afp_15.jpg?resize=700%2C400&ssl=1 2x, https:\/\/i0.wp.com\/blogdoprosperi.com\/wp-content\/uploads\/2016\/05\/casemiro03_afp_15.jpg?resize=1050%2C600&ssl=1 3x, https:\/\/i0.wp.com\/blogdoprosperi.com\/wp-content\/uploads\/2016\/05\/casemiro03_afp_15.jpg?resize=1400%2C800&ssl=1 4x"},"classes":[]},{"id":37767,"url":"https:\/\/blogdoprosperi.com\/?p=37767","url_meta":{"origin":37763,"position":3},"title":"Copa Am\u00e9rica: Tite preserva Fernandinho e escala Allan contra Paraguai","author":"Luiz Ant\u00f4nio Pr\u00f3speri","date":"27 de junho de 2019","format":false,"excerpt":"Sele\u00e7\u00e3o Brasileira recebe Paraguai no danificado gramado da Arena Gr\u00eamio com expectativa de repetir a condecorada atua\u00e7\u00e3o contra Peru quando se imp\u00f4s por 5 a 0 restabelecendo a hierarquia na Copa Am\u00e9rica 2019. Tite n\u00e3o tem dissabores nessa estreia na fase de mata-mata. Seu plano \u00e9 o mesmo do \u00faltimo\u2026","rel":"","context":"Em &quot;futebol&quot;","block_context":{"text":"futebol","link":"https:\/\/blogdoprosperi.com\/?cat=53870"},"img":{"alt_text":"","src":"https:\/\/i0.wp.com\/blogdoprosperi.com\/wp-content\/uploads\/2019\/06\/000_1hv7z2.jpg?fit=1024%2C682&ssl=1&resize=350%2C200","width":350,"height":200,"srcset":"https:\/\/i0.wp.com\/blogdoprosperi.com\/wp-content\/uploads\/2019\/06\/000_1hv7z2.jpg?fit=1024%2C682&ssl=1&resize=350%2C200 1x, https:\/\/i0.wp.com\/blogdoprosperi.com\/wp-content\/uploads\/2019\/06\/000_1hv7z2.jpg?fit=1024%2C682&ssl=1&resize=525%2C300 1.5x, https:\/\/i0.wp.com\/blogdoprosperi.com\/wp-content\/uploads\/2019\/06\/000_1hv7z2.jpg?fit=1024%2C682&ssl=1&resize=700%2C400 2x"},"classes":[]},{"id":37496,"url":"https:\/\/blogdoprosperi.com\/?p=37496","url_meta":{"origin":37763,"position":4},"title":"Invent\u00e1rio da derrota (4): A Copa imperfeita de duas gera\u00e7\u00f5es do Brasil","author":"Luiz Ant\u00f4nio Pr\u00f3speri","date":"14 de julho de 2018","format":false,"excerpt":"Luiz Antonio Pr\u00f3speri, de Moscou \/ R\u00fassia Brasil fecha Copa da R\u00fassia com duas gera\u00e7\u00f5es em xeque depois da queda nas quartas de final diante da B\u00e9lgica. \u00c9 o fim de linha a jogadores acima dos 32 anos, interroga\u00e7\u00e3o aos que t\u00eam idade para mais duas Copas e aos que\u2026","rel":"","context":"Em &quot;Copa do Mundo 2018&quot;","block_context":{"text":"Copa do Mundo 2018","link":"https:\/\/blogdoprosperi.com\/?cat=43723753"},"img":{"alt_text":"","src":"https:\/\/i0.wp.com\/blogdoprosperi.com\/wp-content\/uploads\/2018\/07\/000_17a48j.jpg?fit=512%2C341&ssl=1&resize=350%2C200","width":350,"height":200},"classes":[]},{"id":31893,"url":"https:\/\/blogdoprosperi.com\/?p=31893","url_meta":{"origin":37763,"position":5},"title":"Sele\u00e7\u00e3o Brasileira mostra sua identidade e deixa Argentina mais longe da R\u00fassia","author":"Luiz Ant\u00f4nio Pr\u00f3speri","date":"11 de novembro de 2016","format":false,"excerpt":"Sele\u00e7\u00e3o Brasileira resgatou sua identidade com uma vit\u00f3ria categ\u00f3rica por 3 a 0 contra Argentina no Mineir\u00e3o. Quando se enquadra um rival de tradi\u00e7\u00e3o, de camisa, \u00e9 sinal de que est\u00e1 no caminho certo. Brasil de Tite se fez presente no momento de dificuldade e se imp\u00f4s com autoridade ao\u2026","rel":"","context":"Em &quot;futebol&quot;","block_context":{"text":"futebol","link":"https:\/\/blogdoprosperi.com\/?cat=53870"},"img":{"alt_text":"","src":"https:\/\/i0.wp.com\/blogdoprosperi.com\/wp-content\/uploads\/2016\/11\/hi-res-4f0f6ac59400c008cabfd17b7340b772_crop_north.jpg?resize=350%2C200&ssl=1","width":350,"height":200,"srcset":"https:\/\/i0.wp.com\/blogdoprosperi.com\/wp-content\/uploads\/2016\/11\/hi-res-4f0f6ac59400c008cabfd17b7340b772_crop_north.jpg?resize=350%2C200&ssl=1 1x, https:\/\/i0.wp.com\/blogdoprosperi.com\/wp-content\/uploads\/2016\/11\/hi-res-4f0f6ac59400c008cabfd17b7340b772_crop_north.jpg?resize=525%2C300&ssl=1 1.5x"},"classes":[]}],"jetpack_featured_media_url":"https:\/\/i0.wp.com\/blogdoprosperi.com\/wp-content\/uploads\/2019\/06\/pro4-16.jpg?fit=2980%2C1986&ssl=1","_links":{"self":[{"href":"https:\/\/blogdoprosperi.com\/index.php?rest_route=\/wp\/v2\/posts\/37763","targetHints":{"allow":["GET"]}}],"collection":[{"href":"https:\/\/blogdoprosperi.com\/index.php?rest_route=\/wp\/v2\/posts"}],"about":[{"href":"https:\/\/blogdoprosperi.com\/index.php?rest_route=\/wp\/v2\/types\/post"}],"author":[{"embeddable":true,"href":"https:\/\/blogdoprosperi.com\/index.php?rest_route=\/wp\/v2\/users\/102107496"}],"replies":[{"embeddable":true,"href":"https:\/\/blogdoprosperi.com\/index.php?rest_route=%2Fwp%2Fv2%2Fcomments&post=37763"}],"version-history":[{"count":2,"href":"https:\/\/blogdoprosperi.com\/index.php?rest_route=\/wp\/v2\/posts\/37763\/revisions"}],"predecessor-version":[{"id":37766,"href":"https:\/\/blogdoprosperi.com\/index.php?rest_route=\/wp\/v2\/posts\/37763\/revisions\/37766"}],"wp:featuredmedia":[{"embeddable":true,"href":"https:\/\/blogdoprosperi.com\/index.php?rest_route=\/wp\/v2\/media\/37764"}],"wp:attachment":[{"href":"https:\/\/blogdoprosperi.com\/index.php?rest_route=%2Fwp%2Fv2%2Fmedia&parent=37763"}],"wp:term":[{"taxonomy":"category","embeddable":true,"href":"https:\/\/blogdoprosperi.com\/index.php?rest_route=%2Fwp%2Fv2%2Fcategories&post=37763"},{"taxonomy":"post_tag","embeddable":true,"href":"https:\/\/blogdoprosperi.com\/index.php?rest_route=%2Fwp%2Fv2%2Ftags&post=37763"}],"curies":[{"name":"wp","href":"https:\/\/api.w.org\/{rel}","templated":true}]}}