{"id":37767,"date":"2019-06-27T09:45:34","date_gmt":"2019-06-27T12:45:34","guid":{"rendered":"http:\/\/blogdoprosperi.com\/?p=37767"},"modified":"2019-06-27T09:45:34","modified_gmt":"2019-06-27T12:45:34","slug":"copa-america-tite-preserva-fernandinho-e-escala-allan-contra-paraguai","status":"publish","type":"post","link":"https:\/\/blogdoprosperi.com\/?p=37767","title":{"rendered":"Copa Am\u00e9rica: Tite preserva Fernandinho e escala Allan contra Paraguai"},"content":{"rendered":"<p>Sele\u00e7\u00e3o Brasileira recebe Paraguai no danificado gramado da Arena Gr\u00eamio com expectativa de repetir a condecorada atua\u00e7\u00e3o contra Peru quando se imp\u00f4s por 5 a 0 restabelecendo a hierarquia na Copa Am\u00e9rica 2019. Tite n\u00e3o tem dissabores nessa estreia na fase de mata-mata. Seu plano \u00e9 o mesmo do \u00faltimo jogo, com apenas a troca de Casemiro, suspenso, por\u00a0Allan, volante do Napoli \u2013 Fernandinho seria escalado, mas n\u00e3o est\u00e1 na plenitude f\u00edsica para jogar, informa o treinador.\u00a0No mais \u00e9 vencer nos 90 minutos sem necessidade de buscar nos p\u00eanaltis a vaga \u00e0s semifinais e esperar pela defini\u00e7\u00e3o do advers\u00e1rio entre Argentina x Venezuela.<\/p>\n<p><strong>Brasil x Paraguai, 21h30, quinta-feira, quartas de final Copa Am\u00e9rica, transmiss\u00e3o Globo e SporTV<\/strong><\/p>\n<p><strong><a href=\"http:\/\/chuteirafc.cartacapital.com.br\/brasil-passa-facil-pelo-peru\/\"><span style=\"color:#0000ff;\">Desde acachapante vit\u00f3ria diante dos peruanos, no s\u00e1bado (22\/6) na Arena Corinthians,<\/span><\/a><\/strong> Tite caminha tranquilo. Aquele punhado de nuvens negras desapareceram de sua cabe\u00e7a. Reverbera a boa exibi\u00e7\u00e3o da Sele\u00e7\u00e3o com todos setores do time em sintonia. Sem falar do ataque mais alegre com Everton Cebolinha na ponta-esquerda e Gabriel Jesus improvisado na direita e a presen\u00e7a de Firmino, Coutinho, Arthur e Daniel Alves na zona de gol.<\/p>\n<p>Ao escolher Allan na fun\u00e7\u00e3o de Casemiro, Tite disse na entrevista coletiva que o jogador tem atuado de primeiro volante no Napoli do t\u00e9cnico Carlo Ancelotti e Hamsik saindo mais como segundo volante. Detalhe: Hamsik deixou o clube italiano h\u00e1 seis meses para jogar na China.<\/p>\n<p>Allan vai atuar como primeiro volante e Arthur, de segundo. Os dois jogaram dessa forma quando Tite trocou <span style=\"color:#0000ff;\"><strong><a style=\"color:#0000ff;\" href=\"http:\/\/chuteirafc.cartacapital.com.br\/allan-deve-ser-chamado-por-tite\/\">Casemiro por Allan<\/a><\/strong><\/span> no segundo tempo da goleada contra Peru.<\/p>\n<p>\u201cFernandinho est\u00e1 fora do jogo. Quem joga \u00e9 o Allan. Se n\u00f3s vencermos, se n\u00f3s nos classificarmos, possivelmente ele vai estar pronto para o jogo. <span style=\"color:#0000ff;\"><strong><a style=\"color:#0000ff;\" href=\"http:\/\/chuteirafc.cartacapital.com.br\/copa-america-2019-fernandinho-esta-no-paredao-mais-uma-vez-na-selecao-brasileira\/\">Fernandinho<\/a><\/strong> <\/span>ia jogar em suas condi\u00e7\u00f5es normais e naturais. N\u00e3o estava nas suas condi\u00e7\u00f5es, inclusive contra a Rep\u00fablica Tcheca jogou Allan e Arthur\u201d, disse Tite.<\/p>\n<p>Nos outros setores dos time, Tite n\u00e3o muda nada. Confirma o trio de ataque com Gabriel Jesus, Firmino e Everton Cebolinha. E alerta para o aspecto emocional do jogo de mata-mata \u2013 quem perde, sai.<\/p>\n<p>\u201cJogo decisivo, margem de acerto tem que ser alta. Caracter\u00edsticas mentais t\u00eam que estar fortes, porque s\u00e3o jogos decisivos. N\u00edvel de concentra\u00e7\u00e3o alt\u00edssimo. Preparar para diferentes situa\u00e7\u00f5es. Evolu\u00e7\u00e3o da equipe, saber absorver. Tem uma s\u00e9rie de componentes\u201d.<\/p>\n<p>Concentra\u00e7\u00e3o l\u00e1 em cima, mas e se o gol demorar a sair?<\/p>\n<p>\u201c\u00c9 preciso ter maturidade. S\u00e3o 90 minutos para acabar o jogo, 95 (<em>com acr\u00e9scimos<\/em>). Tem que saber que esse \u00e9 o tempo. Col\u00f4mbia venceu o Catar com gol no fim. Mas s\u00e3o 95 minutos. Se fizer o gol cedo, tem que reagir da mesma forma\u201d.<\/p>\n<p>E contar com apoio da torcida, mesmo com um jeito diferente de torcer.<\/p>\n<p>\u201cEu aprendi algumas coisas. O<span style=\"color:#0000ff;\"><strong><a style=\"color:#0000ff;\" href=\"http:\/\/chuteirafc.cartacapital.com.br\/a-copa-deslumbrada-de-tite\/\"> p\u00fablico da Copa Am\u00e9rica, do Mundial, \u00e9 muito diferente.<\/a><\/strong><\/span> \u00c9 meio disperso. \u00c9 um cara que compra por internet. Fica muito dilu\u00eddo, dividido. De repente eu olhei e tinha torcida do Peru do meu lado (<em>no jogo de s\u00e1bado na Arena Corinthians)<\/em>. Eu gostaria de ter o carinho que tive quando eu treinei o Gr\u00eamio (2001). Repasso isso aos atletas. Ficaria muito orgulhoso\u201d, pede treinador.<\/p>\n<p>&nbsp;<\/p>\n<p><strong>Gramado em foco<\/strong><\/p>\n<p>Preocupa\u00e7\u00e3o de Tite, quest\u00f5es t\u00e1ticas de lado e comportamento do torcedor, \u00e9 a situa\u00e7\u00e3o do gramado da Arena Gr\u00eamio. Pasto, lama\u00e7al, buracos, tufos de gramas revirados, tudo cabe para definir o campo de jogo. Estado cr\u00edtico da relva fez os organizadores da Copa Am\u00e9rica a vetarem treinos de Brasil e Paraguai nesta v\u00e9spera de jogo, como previa protocolo da competi\u00e7\u00e3o. As duas sele\u00e7\u00f5es s\u00f3 v\u00e3o sentir as condi\u00e7\u00f5es do palco quando subirem para o aquecimento pr\u00e9-jogo de no m\u00e1ximo 15 minutos.<\/p>\n<p>Analistas de plant\u00e3o dizem que este gramado prec\u00e1rio <span style=\"color:#0000ff;\"><strong><a style=\"color:#0000ff;\" href=\"http:\/\/chuteirafc.cartacapital.com.br\/copa-america-penaltis-a-aposta-do-paraguai-para-nocautear-o-brasil\/\">favorece ao Paraguai<\/a><\/strong><\/span>, moldado a se defender a n\u00e3o ser que o t\u00e9cnico Eduardo Berizzo tenha um segredo de estado para surpreender Tite.<\/p>\n<p><strong>Nota oficial da Arena Gr\u00eamio a respeito do gramado<\/strong><\/p>\n<p><em>A Arena do Gr\u00eamio esclarece que as condi\u00e7\u00f5es do gramado dependem de algumas vari\u00e1veis. A combina\u00e7\u00e3o de duas delas em particular tem retardado a recupera\u00e7\u00e3o plena do mesmo.<\/em><\/p>\n<p><em>A primeira e mais importante \u00e9 relacionado ao clima. A Ryegrass (grama utilizada no inverno) se desenvolve melhor em temperaturas mais baixas, o que n\u00e3o est\u00e1 ocorrendo em Porto Alegre neste per\u00edodo. Aliada ao sombreamento do inverno (metade do campo), as temperaturas est\u00e3o mais elevadas, retardando o desenvolvimento da mesma e a sua recupera\u00e7\u00e3o p\u00f3s atividades.<\/em><\/p>\n<p><span class=\"alignnone\"><img data-recalc-dims=\"1\" loading=\"lazy\" decoding=\"async\" class=\"alignnone size-full wp-image-45729 lazyloaded\" src=\"https:\/\/i0.wp.com\/chuteirafc.cartacapital.com.br\/wp-content\/uploads\/2019\/06\/messi-24062019140602658.jpeg?resize=660%2C360\" alt=\"\" width=\"660\" height=\"360\" \/><\/span><\/p>\n<p><em>A segunda refere-se justamente \u00e0 frequ\u00eancia do uso do gramado: Pelas caracter\u00edsticas da competi\u00e7\u00e3o, durante o per\u00edodo de 14 a 23 de junho o gramado foi utilizado em sete ocasi\u00f5es (tr\u00eas partidas, um treino de reconhecimento e tr\u00eas treinos de aquecimento no pr\u00e9-jogo). Os treinos exigem muito do gramado e o afetam de forma heterog\u00eanea, apresentando mais desgastes em algumas \u00e1reas do campo, dependendo das atividades realizadas.<\/em><\/p>\n<p>Estas duas vari\u00e1veis em concomit\u00e2ncia tem contribu\u00eddo para uma recupera\u00e7\u00e3o mais lenta do nosso gramado. Estaremos empenhados e realizando os manejos adequados para alcan\u00e7ar as condi\u00e7\u00f5es necess\u00e1rias para a pratica do melhor futebol em nossa arena\u201d.<\/p>\n<div id=\"Chuteira_Post_Bottom\"><\/div>\n","protected":false},"excerpt":{"rendered":"<p>Sele\u00e7\u00e3o Brasileira recebe Paraguai no danificado gramado da Arena Gr\u00eamio com expectativa de repetir a condecorada atua\u00e7\u00e3o contra [&hellip;]<\/p>\n","protected":false},"author":102107496,"featured_media":37769,"comment_status":"open","ping_status":"open","sticky":false,"template":"","format":"standard","meta":{"_coblocks_attr":"","_coblocks_dimensions":"","_coblocks_responsive_height":"","_coblocks_accordion_ie_support":"","_jetpack_newsletter_access":"","_jetpack_dont_email_post_to_subs":false,"_jetpack_newsletter_tier_id":0,"_jetpack_memberships_contains_paywalled_content":false,"_wpcom_ai_launchpad_first_post":false,"_jetpack_feature_clip_id":0,"_jetpack_memberships_contains_paid_content":false,"footnotes":"","jetpack_publicize_message":"","jetpack_publicize_feature_enabled":true,"jetpack_social_post_already_shared":false,"jetpack_social_options":{"image_generator_settings":{"template":"highway","default_image_id":0,"font":"","enabled":false},"version":2},"jetpack_post_was_ever_published":false},"categories":[53870,174694],"tags":[104745,565398759,84264909,2867683,789560560,682320116,1814220],"class_list":["post-37767","post","type-post","status-publish","format-standard","has-post-thumbnail","hentry","category-futebol","category-selecao-brasileira","tag-allan","tag-brasil-xparaguai","tag-copa-america-2019","tag-fernandinho","tag-futebol","tag-gramado-arena-gremio","tag-tite"],"yoast_head":"<!-- This site is optimized with the Yoast SEO plugin v28.4 - https:\/\/yoast.com\/product\/yoast-seo-wordpress\/ -->\n<title>Copa Am\u00e9rica: Tite preserva Fernandinho e escala Allan contra Paraguai - PR\u00d3SPERI NEWS<\/title>\n<meta name=\"robots\" content=\"index, follow, max-snippet:-1, max-image-preview:large, max-video-preview:-1\" \/>\n<link rel=\"canonical\" href=\"https:\/\/blogdoprosperi.com\/?p=37767\" \/>\n<meta property=\"og:locale\" content=\"pt_BR\" \/>\n<meta property=\"og:type\" content=\"article\" \/>\n<meta property=\"og:title\" content=\"Copa Am\u00e9rica: Tite preserva Fernandinho e escala Allan contra Paraguai - PR\u00d3SPERI NEWS\" \/>\n<meta property=\"og:description\" content=\"Sele\u00e7\u00e3o Brasileira recebe Paraguai no danificado gramado da Arena Gr\u00eamio com expectativa de repetir a condecorada atua\u00e7\u00e3o contra [&hellip;]\" \/>\n<meta property=\"og:url\" content=\"https:\/\/blogdoprosperi.com\/?p=37767\" \/>\n<meta property=\"og:site_name\" content=\"PR\u00d3SPERI NEWS\" \/>\n<meta property=\"article:publisher\" content=\"Luiz Pr\u00f3speri\" \/>\n<meta property=\"article:author\" content=\"Luiz Pr\u00f3speri\" \/>\n<meta property=\"article:published_time\" content=\"2019-06-27T12:45:34+00:00\" \/>\n<meta property=\"og:image\" content=\"https:\/\/i0.wp.com\/blogdoprosperi.com\/wp-content\/uploads\/2019\/06\/000_1hv7z2.jpg?fit=1024%2C682&ssl=1\" \/>\n\t<meta property=\"og:image:width\" content=\"1024\" \/>\n\t<meta property=\"og:image:height\" content=\"682\" \/>\n\t<meta property=\"og:image:type\" content=\"image\/jpeg\" \/>\n<meta name=\"author\" content=\"Luiz Ant\u00f4nio Pr\u00f3speri\" \/>\n<meta name=\"twitter:card\" content=\"summary_large_image\" \/>\n<meta name=\"twitter:creator\" content=\"@Luizprosperi\" \/>\n<meta name=\"twitter:site\" content=\"@Luizprosperi\" \/>\n<meta name=\"twitter:label1\" content=\"Escrito por\" \/>\n\t<meta name=\"twitter:data1\" content=\"Luiz Ant\u00f4nio Pr\u00f3speri\" \/>\n\t<meta name=\"twitter:label2\" content=\"Est. tempo de leitura\" \/>\n\t<meta name=\"twitter:data2\" content=\"5 minutos\" \/>\n<script type=\"application\/ld+json\" class=\"yoast-schema-graph\">{\"@context\":\"https:\\\/\\\/schema.org\",\"@graph\":[{\"@type\":\"Article\",\"@id\":\"https:\\\/\\\/blogdoprosperi.com\\\/?p=37767#article\",\"isPartOf\":{\"@id\":\"https:\\\/\\\/blogdoprosperi.com\\\/?p=37767\"},\"author\":{\"name\":\"Luiz Ant\u00f4nio Pr\u00f3speri\",\"@id\":\"https:\\\/\\\/blogdoprosperi.com\\\/#\\\/schema\\\/person\\\/38100755ce3601861ee4fab9b5aa78e9\"},\"headline\":\"Copa Am\u00e9rica: Tite preserva Fernandinho e escala Allan contra Paraguai\",\"datePublished\":\"2019-06-27T12:45:34+00:00\",\"mainEntityOfPage\":{\"@id\":\"https:\\\/\\\/blogdoprosperi.com\\\/?p=37767\"},\"wordCount\":914,\"commentCount\":0,\"publisher\":{\"@id\":\"https:\\\/\\\/blogdoprosperi.com\\\/#\\\/schema\\\/person\\\/38100755ce3601861ee4fab9b5aa78e9\"},\"image\":{\"@id\":\"https:\\\/\\\/blogdoprosperi.com\\\/?p=37767#primaryimage\"},\"thumbnailUrl\":\"https:\\\/\\\/i0.wp.com\\\/blogdoprosperi.com\\\/wp-content\\\/uploads\\\/2019\\\/06\\\/000_1hv7z2.jpg?fit=1024%2C682&ssl=1\",\"keywords\":[\"allan\",\"brasil xparaguai\",\"copa Am\u00e9rica 2019\",\"Fernandinho\",\"futebol\",\"gramado arena gr\u00eamio\",\"Tite\"],\"articleSection\":[\"futebol\",\"Sele\u00e7\u00e3o Brasileira\"],\"inLanguage\":\"pt-BR\",\"potentialAction\":[{\"@type\":\"CommentAction\",\"name\":\"Comment\",\"target\":[\"https:\\\/\\\/blogdoprosperi.com\\\/?p=37767#respond\"]}]},{\"@type\":\"WebPage\",\"@id\":\"https:\\\/\\\/blogdoprosperi.com\\\/?p=37767\",\"url\":\"https:\\\/\\\/blogdoprosperi.com\\\/?p=37767\",\"name\":\"Copa Am\u00e9rica: Tite preserva Fernandinho e escala Allan contra Paraguai - PR\u00d3SPERI NEWS\",\"isPartOf\":{\"@id\":\"https:\\\/\\\/blogdoprosperi.com\\\/#website\"},\"primaryImageOfPage\":{\"@id\":\"https:\\\/\\\/blogdoprosperi.com\\\/?p=37767#primaryimage\"},\"image\":{\"@id\":\"https:\\\/\\\/blogdoprosperi.com\\\/?p=37767#primaryimage\"},\"thumbnailUrl\":\"https:\\\/\\\/i0.wp.com\\\/blogdoprosperi.com\\\/wp-content\\\/uploads\\\/2019\\\/06\\\/000_1hv7z2.jpg?fit=1024%2C682&ssl=1\",\"datePublished\":\"2019-06-27T12:45:34+00:00\",\"breadcrumb\":{\"@id\":\"https:\\\/\\\/blogdoprosperi.com\\\/?p=37767#breadcrumb\"},\"inLanguage\":\"pt-BR\",\"potentialAction\":[{\"@type\":\"ReadAction\",\"target\":[\"https:\\\/\\\/blogdoprosperi.com\\\/?p=37767\"]}]},{\"@type\":\"ImageObject\",\"inLanguage\":\"pt-BR\",\"@id\":\"https:\\\/\\\/blogdoprosperi.com\\\/?p=37767#primaryimage\",\"url\":\"https:\\\/\\\/i0.wp.com\\\/blogdoprosperi.com\\\/wp-content\\\/uploads\\\/2019\\\/06\\\/000_1hv7z2.jpg?fit=1024%2C682&ssl=1\",\"contentUrl\":\"https:\\\/\\\/i0.wp.com\\\/blogdoprosperi.com\\\/wp-content\\\/uploads\\\/2019\\\/06\\\/000_1hv7z2.jpg?fit=1024%2C682&ssl=1\",\"width\":1024,\"height\":682,\"caption\":\"Brazil's coach Tite walks the field during a practice session in Porto Alegre, Brazil, on June 26, 2019, on the eve of the Copa America quarter final football match against Paraguay. (Photo by Raul ARBOLEDA \\\/ AFP)\"},{\"@type\":\"BreadcrumbList\",\"@id\":\"https:\\\/\\\/blogdoprosperi.com\\\/?p=37767#breadcrumb\",\"itemListElement\":[{\"@type\":\"ListItem\",\"position\":1,\"name\":\"In\u00edcio\",\"item\":\"https:\\\/\\\/blogdoprosperi.com\\\/\"},{\"@type\":\"ListItem\",\"position\":2,\"name\":\"Copa Am\u00e9rica: Tite preserva Fernandinho e escala Allan contra Paraguai\"}]},{\"@type\":\"WebSite\",\"@id\":\"https:\\\/\\\/blogdoprosperi.com\\\/#website\",\"url\":\"https:\\\/\\\/blogdoprosperi.com\\\/\",\"name\":\"PR\u00d3SPERI NEWS\",\"description\":\"TUDO \u00c9  FUTEBOL\",\"publisher\":{\"@id\":\"https:\\\/\\\/blogdoprosperi.com\\\/#\\\/schema\\\/person\\\/38100755ce3601861ee4fab9b5aa78e9\"},\"alternateName\":\"blogdoprosperi.com\",\"potentialAction\":[{\"@type\":\"SearchAction\",\"target\":{\"@type\":\"EntryPoint\",\"urlTemplate\":\"https:\\\/\\\/blogdoprosperi.com\\\/?s={search_term_string}\"},\"query-input\":{\"@type\":\"PropertyValueSpecification\",\"valueRequired\":true,\"valueName\":\"search_term_string\"}}],\"inLanguage\":\"pt-BR\"},{\"@type\":[\"Person\",\"Organization\"],\"@id\":\"https:\\\/\\\/blogdoprosperi.com\\\/#\\\/schema\\\/person\\\/38100755ce3601861ee4fab9b5aa78e9\",\"name\":\"Luiz Ant\u00f4nio Pr\u00f3speri\",\"pronouns\":\"ele\",\"image\":{\"@type\":\"ImageObject\",\"inLanguage\":\"pt-BR\",\"@id\":\"https:\\\/\\\/i0.wp.com\\\/blogdoprosperi.com\\\/wp-content\\\/uploads\\\/2026\\\/05\\\/cropped-8059e613-6002-42fa-961e-8e275f575d71-2-5.jpg?fit=1360%2C931&ssl=1\",\"url\":\"https:\\\/\\\/i0.wp.com\\\/blogdoprosperi.com\\\/wp-content\\\/uploads\\\/2026\\\/05\\\/cropped-8059e613-6002-42fa-961e-8e275f575d71-2-5.jpg?fit=1360%2C931&ssl=1\",\"contentUrl\":\"https:\\\/\\\/i0.wp.com\\\/blogdoprosperi.com\\\/wp-content\\\/uploads\\\/2026\\\/05\\\/cropped-8059e613-6002-42fa-961e-8e275f575d71-2-5.jpg?fit=1360%2C931&ssl=1\",\"width\":1360,\"height\":931,\"caption\":\"Luiz Ant\u00f4nio Pr\u00f3speri\"},\"logo\":{\"@id\":\"https:\\\/\\\/i0.wp.com\\\/blogdoprosperi.com\\\/wp-content\\\/uploads\\\/2026\\\/05\\\/cropped-8059e613-6002-42fa-961e-8e275f575d71-2-5.jpg?fit=1360%2C931&ssl=1\"},\"description\":\"Jornalista com carreira dedicada ao esporte. Cobriu 9 Copas do Mundo in loco, 1990 na It\u00e1lia, 1994 nos EUA, 1998 na Fran\u00e7a, 2002 na Coreia do Sul e Jap\u00e3o, 2006 na Alemanha, 2010 na \u00c1frica do Sul, 2014 no Brasil, 2018 na R\u00fassia e 2022 no Qatar. Eurocopas, 1992 na Su\u00e9cia e 1996 na Inglaterra. Copa das Confedera\u00e7\u00f5es de 2005 na Alemanha e 2009 na \u00c1frica do Sul. Rep\u00f3rter e Editor, trabalhou no Jornal da Tarde e Estad\u00e3o, de 1984 a fevereiro de 2016. Colunista, blogueiro. E comentarista de futebol na R\u00e1dio Estad\u00e3o, de 2013 a fevereiro de 2016. Jornalista respons\u00e1vel do \\\"Pr\u00f3speri News\\\" (blogdoprosperi.com).\",\"sameAs\":[\"http:\\\/\\\/blogdoprosperi.com\",\"Luiz Pr\u00f3speri\",\"@luiz_prosperi\",\"https:\\\/\\\/x.com\\\/Luizprosperi\",\"@prosperinacopa\",\"luiz.prosperi@icloud.com\"],\"url\":\"https:\\\/\\\/blogdoprosperi.com\\\/?author=102107496\"}]}<\/script>\n<!-- \/ Yoast SEO plugin. -->","yoast_head_json":{"title":"Copa Am\u00e9rica: Tite preserva Fernandinho e escala Allan contra Paraguai - PR\u00d3SPERI NEWS","robots":{"index":"index","follow":"follow","max-snippet":"max-snippet:-1","max-image-preview":"max-image-preview:large","max-video-preview":"max-video-preview:-1"},"canonical":"https:\/\/blogdoprosperi.com\/?p=37767","og_locale":"pt_BR","og_type":"article","og_title":"Copa Am\u00e9rica: Tite preserva Fernandinho e escala Allan contra Paraguai - PR\u00d3SPERI NEWS","og_description":"Sele\u00e7\u00e3o Brasileira recebe Paraguai no danificado gramado da Arena Gr\u00eamio com expectativa de repetir a condecorada atua\u00e7\u00e3o contra [&hellip;]","og_url":"https:\/\/blogdoprosperi.com\/?p=37767","og_site_name":"PR\u00d3SPERI NEWS","article_publisher":"Luiz Pr\u00f3speri","article_author":"Luiz Pr\u00f3speri","article_published_time":"2019-06-27T12:45:34+00:00","og_image":[{"width":1024,"height":682,"url":"https:\/\/i0.wp.com\/blogdoprosperi.com\/wp-content\/uploads\/2019\/06\/000_1hv7z2.jpg?fit=1024%2C682&ssl=1","type":"image\/jpeg"}],"author":"Luiz Ant\u00f4nio Pr\u00f3speri","twitter_card":"summary_large_image","twitter_creator":"@Luizprosperi","twitter_site":"@Luizprosperi","twitter_misc":{"Escrito por":"Luiz Ant\u00f4nio Pr\u00f3speri","Est. tempo de leitura":"5 minutos"},"schema":{"@context":"https:\/\/schema.org","@graph":[{"@type":"Article","@id":"https:\/\/blogdoprosperi.com\/?p=37767#article","isPartOf":{"@id":"https:\/\/blogdoprosperi.com\/?p=37767"},"author":{"name":"Luiz Ant\u00f4nio Pr\u00f3speri","@id":"https:\/\/blogdoprosperi.com\/#\/schema\/person\/38100755ce3601861ee4fab9b5aa78e9"},"headline":"Copa Am\u00e9rica: Tite preserva Fernandinho e escala Allan contra Paraguai","datePublished":"2019-06-27T12:45:34+00:00","mainEntityOfPage":{"@id":"https:\/\/blogdoprosperi.com\/?p=37767"},"wordCount":914,"commentCount":0,"publisher":{"@id":"https:\/\/blogdoprosperi.com\/#\/schema\/person\/38100755ce3601861ee4fab9b5aa78e9"},"image":{"@id":"https:\/\/blogdoprosperi.com\/?p=37767#primaryimage"},"thumbnailUrl":"https:\/\/i0.wp.com\/blogdoprosperi.com\/wp-content\/uploads\/2019\/06\/000_1hv7z2.jpg?fit=1024%2C682&ssl=1","keywords":["allan","brasil xparaguai","copa Am\u00e9rica 2019","Fernandinho","futebol","gramado arena gr\u00eamio","Tite"],"articleSection":["futebol","Sele\u00e7\u00e3o Brasileira"],"inLanguage":"pt-BR","potentialAction":[{"@type":"CommentAction","name":"Comment","target":["https:\/\/blogdoprosperi.com\/?p=37767#respond"]}]},{"@type":"WebPage","@id":"https:\/\/blogdoprosperi.com\/?p=37767","url":"https:\/\/blogdoprosperi.com\/?p=37767","name":"Copa Am\u00e9rica: Tite preserva Fernandinho e escala Allan contra Paraguai - PR\u00d3SPERI NEWS","isPartOf":{"@id":"https:\/\/blogdoprosperi.com\/#website"},"primaryImageOfPage":{"@id":"https:\/\/blogdoprosperi.com\/?p=37767#primaryimage"},"image":{"@id":"https:\/\/blogdoprosperi.com\/?p=37767#primaryimage"},"thumbnailUrl":"https:\/\/i0.wp.com\/blogdoprosperi.com\/wp-content\/uploads\/2019\/06\/000_1hv7z2.jpg?fit=1024%2C682&ssl=1","datePublished":"2019-06-27T12:45:34+00:00","breadcrumb":{"@id":"https:\/\/blogdoprosperi.com\/?p=37767#breadcrumb"},"inLanguage":"pt-BR","potentialAction":[{"@type":"ReadAction","target":["https:\/\/blogdoprosperi.com\/?p=37767"]}]},{"@type":"ImageObject","inLanguage":"pt-BR","@id":"https:\/\/blogdoprosperi.com\/?p=37767#primaryimage","url":"https:\/\/i0.wp.com\/blogdoprosperi.com\/wp-content\/uploads\/2019\/06\/000_1hv7z2.jpg?fit=1024%2C682&ssl=1","contentUrl":"https:\/\/i0.wp.com\/blogdoprosperi.com\/wp-content\/uploads\/2019\/06\/000_1hv7z2.jpg?fit=1024%2C682&ssl=1","width":1024,"height":682,"caption":"Brazil's coach Tite walks the field during a practice session in Porto Alegre, Brazil, on June 26, 2019, on the eve of the Copa America quarter final football match against Paraguay. (Photo by Raul ARBOLEDA \/ AFP)"},{"@type":"BreadcrumbList","@id":"https:\/\/blogdoprosperi.com\/?p=37767#breadcrumb","itemListElement":[{"@type":"ListItem","position":1,"name":"In\u00edcio","item":"https:\/\/blogdoprosperi.com\/"},{"@type":"ListItem","position":2,"name":"Copa Am\u00e9rica: Tite preserva Fernandinho e escala Allan contra Paraguai"}]},{"@type":"WebSite","@id":"https:\/\/blogdoprosperi.com\/#website","url":"https:\/\/blogdoprosperi.com\/","name":"PR\u00d3SPERI NEWS","description":"TUDO \u00c9  FUTEBOL","publisher":{"@id":"https:\/\/blogdoprosperi.com\/#\/schema\/person\/38100755ce3601861ee4fab9b5aa78e9"},"alternateName":"blogdoprosperi.com","potentialAction":[{"@type":"SearchAction","target":{"@type":"EntryPoint","urlTemplate":"https:\/\/blogdoprosperi.com\/?s={search_term_string}"},"query-input":{"@type":"PropertyValueSpecification","valueRequired":true,"valueName":"search_term_string"}}],"inLanguage":"pt-BR"},{"@type":["Person","Organization"],"@id":"https:\/\/blogdoprosperi.com\/#\/schema\/person\/38100755ce3601861ee4fab9b5aa78e9","name":"Luiz Ant\u00f4nio Pr\u00f3speri","pronouns":"ele","image":{"@type":"ImageObject","inLanguage":"pt-BR","@id":"https:\/\/i0.wp.com\/blogdoprosperi.com\/wp-content\/uploads\/2026\/05\/cropped-8059e613-6002-42fa-961e-8e275f575d71-2-5.jpg?fit=1360%2C931&ssl=1","url":"https:\/\/i0.wp.com\/blogdoprosperi.com\/wp-content\/uploads\/2026\/05\/cropped-8059e613-6002-42fa-961e-8e275f575d71-2-5.jpg?fit=1360%2C931&ssl=1","contentUrl":"https:\/\/i0.wp.com\/blogdoprosperi.com\/wp-content\/uploads\/2026\/05\/cropped-8059e613-6002-42fa-961e-8e275f575d71-2-5.jpg?fit=1360%2C931&ssl=1","width":1360,"height":931,"caption":"Luiz Ant\u00f4nio Pr\u00f3speri"},"logo":{"@id":"https:\/\/i0.wp.com\/blogdoprosperi.com\/wp-content\/uploads\/2026\/05\/cropped-8059e613-6002-42fa-961e-8e275f575d71-2-5.jpg?fit=1360%2C931&ssl=1"},"description":"Jornalista com carreira dedicada ao esporte. Cobriu 9 Copas do Mundo in loco, 1990 na It\u00e1lia, 1994 nos EUA, 1998 na Fran\u00e7a, 2002 na Coreia do Sul e Jap\u00e3o, 2006 na Alemanha, 2010 na \u00c1frica do Sul, 2014 no Brasil, 2018 na R\u00fassia e 2022 no Qatar. Eurocopas, 1992 na Su\u00e9cia e 1996 na Inglaterra. Copa das Confedera\u00e7\u00f5es de 2005 na Alemanha e 2009 na \u00c1frica do Sul. Rep\u00f3rter e Editor, trabalhou no Jornal da Tarde e Estad\u00e3o, de 1984 a fevereiro de 2016. Colunista, blogueiro. E comentarista de futebol na R\u00e1dio Estad\u00e3o, de 2013 a fevereiro de 2016. Jornalista respons\u00e1vel do \"Pr\u00f3speri News\" (blogdoprosperi.com).","sameAs":["http:\/\/blogdoprosperi.com","Luiz Pr\u00f3speri","@luiz_prosperi","https:\/\/x.com\/Luizprosperi","@prosperinacopa","luiz.prosperi@icloud.com"],"url":"https:\/\/blogdoprosperi.com\/?author=102107496"}]}},"jetpack_publicize_connections":[],"jetpack_likes_enabled":false,"jetpack_sharing_enabled":true,"jetpack_shortlink":"https:\/\/wp.me\/p7jvdk-9P9","jetpack-related-posts":[{"id":37763,"url":"https:\/\/blogdoprosperi.com\/?p=37763","url_meta":{"origin":37767,"position":0},"title":"Copa Am\u00e9rica: Fernandinho, o vil\u00e3o perfeito dos imbecis","author":"Luiz Ant\u00f4nio Pr\u00f3speri","date":"25 de junho de 2019","format":false,"excerpt":"Fernandinho n\u00e3o combina com dias de calmaria na Sele\u00e7\u00e3o Brasileira. Seja Copa do Mundo ou Copa Am\u00e9rica seu nome sempre vem associado a uma cat\u00e1strofe. Quando n\u00e3o \u00e9 jogado na fogueira, vai ao pared\u00e3o dos condenados. N\u00e3o raro sofre insultos racistas. Mais uma vez o volante est\u00e1 na berlinda. Vai\u2026","rel":"","context":"Em &quot;futebol&quot;","block_context":{"text":"futebol","link":"https:\/\/blogdoprosperi.com\/?cat=53870"},"img":{"alt_text":"","src":"https:\/\/i0.wp.com\/blogdoprosperi.com\/wp-content\/uploads\/2019\/06\/pro4-16.jpg?fit=1200%2C800&ssl=1&resize=350%2C200","width":350,"height":200,"srcset":"https:\/\/i0.wp.com\/blogdoprosperi.com\/wp-content\/uploads\/2019\/06\/pro4-16.jpg?fit=1200%2C800&ssl=1&resize=350%2C200 1x, https:\/\/i0.wp.com\/blogdoprosperi.com\/wp-content\/uploads\/2019\/06\/pro4-16.jpg?fit=1200%2C800&ssl=1&resize=525%2C300 1.5x, https:\/\/i0.wp.com\/blogdoprosperi.com\/wp-content\/uploads\/2019\/06\/pro4-16.jpg?fit=1200%2C800&ssl=1&resize=700%2C400 2x, https:\/\/i0.wp.com\/blogdoprosperi.com\/wp-content\/uploads\/2019\/06\/pro4-16.jpg?fit=1200%2C800&ssl=1&resize=1050%2C600 3x"},"classes":[]},{"id":25687,"url":"https:\/\/blogdoprosperi.com\/?p=25687","url_meta":{"origin":37767,"position":1},"title":"Tite acerta ao resgatar Thiago Silva, capit\u00e3o de Felip\u00e3o na Copa de 2014","author":"Luiz Ant\u00f4nio Pr\u00f3speri","date":"16 de setembro de 2016","format":false,"excerpt":"Tite resgatou Thiago Silva, capit\u00e3o do Brasil na Copa de 2014, ap\u00f3s um ano longe da Sele\u00e7\u00e3o. O zagueiro do PSG estava afastado desde a Copa Am\u00e9rica de 2015 no Chile por ter cometido um p\u00eanalti. Dunga n\u00e3o quis saber mais de Thiago Silva, apontado pelos europeus como um dos\u2026","rel":"","context":"Em &quot;Campeonato Brasileiro&quot;","block_context":{"text":"Campeonato Brasileiro","link":"https:\/\/blogdoprosperi.com\/?cat=355071"},"img":{"alt_text":"","src":"https:\/\/i0.wp.com\/blogdoprosperi.com\/wp-content\/uploads\/2016\/09\/manchester-city-fernandinho-comemora-aponta-torcida-480-getty.jpg?resize=350%2C200","width":350,"height":200,"srcset":"https:\/\/i0.wp.com\/blogdoprosperi.com\/wp-content\/uploads\/2016\/09\/manchester-city-fernandinho-comemora-aponta-torcida-480-getty.jpg?resize=350%2C200 1x, https:\/\/i0.wp.com\/blogdoprosperi.com\/wp-content\/uploads\/2016\/09\/manchester-city-fernandinho-comemora-aponta-torcida-480-getty.jpg?resize=525%2C300 1.5x"},"classes":[]},{"id":38588,"url":"https:\/\/blogdoprosperi.com\/?p=38588","url_meta":{"origin":37767,"position":2},"title":"Sele\u00e7\u00e3o Brasileira amarela e vai disputar Copa Am\u00e9rica, Tite corre risco","author":"Luiz Ant\u00f4nio Pr\u00f3speri","date":"7 de junho de 2021","format":false,"excerpt":"Jogadores da Sele\u00e7\u00e3o Brasileira assumem compromisso de jogar a Copa Am\u00e9rica. Decis\u00e3o oficial ser\u00e1 comunicada ap\u00f3s o jogo contra Paraguai em Assun\u00e7\u00e3o nesta ter\u00e7a-feira (08\/6). No manifesto a ser divulgado, v\u00e3o reafirmar que n\u00e3o gostariam de entrar em campo, mas, em nome da hierarquia, a p\u00e1tria pode contar com cada\u2026","rel":"","context":"Em &quot;copa do mundo catar 2022&quot;","block_context":{"text":"copa do mundo catar 2022","link":"https:\/\/blogdoprosperi.com\/?cat=301049609"},"img":{"alt_text":"Jogadores da Sele\u00e7\u00e3o decidem disputar Copa Am\u00e9rica","src":"https:\/\/i0.wp.com\/blogdoprosperi.com\/wp-content\/uploads\/2021\/06\/51229717421_a0b20053bf_w.jpg?fit=400%2C267&ssl=1&resize=350%2C200","width":350,"height":200},"classes":[]},{"id":38604,"url":"https:\/\/blogdoprosperi.com\/?p=38604","url_meta":{"origin":37767,"position":3},"title":"Sele\u00e7\u00e3o Brasileira veste azul, vence Paraguai e divulga manifesto","author":"Luiz Ant\u00f4nio Pr\u00f3speri","date":"8 de junho de 2021","format":false,"excerpt":"De camisa azul, Sele\u00e7\u00e3o Brasileira vence Paraguai por 2 a 0, quebra tabu de 35 anos sem vit\u00f3rias contra este advers\u00e1rio fora de casa em jogos de Eliminat\u00f3rias de Copa do Mundo e, por meio de um manifesto dos jogadores, confirma participa\u00e7\u00e3o na pol\u00eamica Copa Am\u00e9rica 2021. O Jogo Tite\u2026","rel":"","context":"Em &quot;futebol&quot;","block_context":{"text":"futebol","link":"https:\/\/blogdoprosperi.com\/?cat=53870"},"img":{"alt_text":"","src":"https:\/\/i0.wp.com\/blogdoprosperi.com\/wp-content\/uploads\/2021\/06\/e3amt9pxeamstcm.jpeg?fit=1080%2C830&ssl=1&resize=350%2C200","width":350,"height":200,"srcset":"https:\/\/i0.wp.com\/blogdoprosperi.com\/wp-content\/uploads\/2021\/06\/e3amt9pxeamstcm.jpeg?fit=1080%2C830&ssl=1&resize=350%2C200 1x, https:\/\/i0.wp.com\/blogdoprosperi.com\/wp-content\/uploads\/2021\/06\/e3amt9pxeamstcm.jpeg?fit=1080%2C830&ssl=1&resize=525%2C300 1.5x, https:\/\/i0.wp.com\/blogdoprosperi.com\/wp-content\/uploads\/2021\/06\/e3amt9pxeamstcm.jpeg?fit=1080%2C830&ssl=1&resize=700%2C400 2x, https:\/\/i0.wp.com\/blogdoprosperi.com\/wp-content\/uploads\/2021\/06\/e3amt9pxeamstcm.jpeg?fit=1080%2C830&ssl=1&resize=1050%2C600 3x"},"classes":[]},{"id":37754,"url":"https:\/\/blogdoprosperi.com\/?p=37754","url_meta":{"origin":37767,"position":4},"title":"Copa Am\u00e9rica: Brasil continua ref\u00e9m das teorias de Tite e paga pecados no empate com Venezuela","author":"Luiz Ant\u00f4nio Pr\u00f3speri","date":"19 de junho de 2019","format":false,"excerpt":"Brasil sai vaiado da Fonte Nova em Salvador depois de um jogo melanc\u00f3lico e erros de Tite no empate por 0 a 0 contra a Venezuela pela segunda rodada da Copa Am\u00e9rica nesta ter\u00e7a-feira (18\/6). Sele\u00e7\u00e3o teve uma atua\u00e7\u00e3o sem repert\u00f3rio, sem ideias claras e com direito a op\u00e7\u00f5es equivocadas\u2026","rel":"","context":"Em &quot;futebol&quot;","block_context":{"text":"futebol","link":"https:\/\/blogdoprosperi.com\/?cat=53870"},"img":{"alt_text":"","src":"https:\/\/i0.wp.com\/blogdoprosperi.com\/wp-content\/uploads\/2019\/06\/pro5-15.jpg?fit=1200%2C800&ssl=1&resize=350%2C200","width":350,"height":200,"srcset":"https:\/\/i0.wp.com\/blogdoprosperi.com\/wp-content\/uploads\/2019\/06\/pro5-15.jpg?fit=1200%2C800&ssl=1&resize=350%2C200 1x, https:\/\/i0.wp.com\/blogdoprosperi.com\/wp-content\/uploads\/2019\/06\/pro5-15.jpg?fit=1200%2C800&ssl=1&resize=525%2C300 1.5x, https:\/\/i0.wp.com\/blogdoprosperi.com\/wp-content\/uploads\/2019\/06\/pro5-15.jpg?fit=1200%2C800&ssl=1&resize=700%2C400 2x, https:\/\/i0.wp.com\/blogdoprosperi.com\/wp-content\/uploads\/2019\/06\/pro5-15.jpg?fit=1200%2C800&ssl=1&resize=1050%2C600 3x"},"classes":[]},{"id":44190,"url":"https:\/\/blogdoprosperi.com\/?p=44190","url_meta":{"origin":37767,"position":5},"title":"Brasileir\u00e3o 2024: refor\u00e7os e retornos da Copa Am\u00e9rica mudam rumo do campeonato","author":"Luiz Ant\u00f4nio Pr\u00f3speri","date":"15 de julho de 2024","format":false,"excerpt":"Brasileir\u00e3o 2024 come\u00e7a para valer a partir de ter\u00e7a-feira (16\/7), mesmo j\u00e1 avan\u00e7ando na sua 17.a rodada. Enfim, entram em campo os refor\u00e7os liberados na abertura da janela de transfer\u00eancia, dia 10 \u00faltimo, e os que retornam da Copa Am\u00e9rica. Nos tablets, t\u00e9cnicos rabiscam estrat\u00e9gias diversas diante da proximidade das\u2026","rel":"","context":"Em &quot;futebol&quot;","block_context":{"text":"futebol","link":"https:\/\/blogdoprosperi.com\/?cat=53870"},"img":{"alt_text":"Felipe Anderson refor\u00e7a Palmeiras","src":"https:\/\/i0.wp.com\/blogdoprosperi.com\/wp-content\/uploads\/2024\/07\/53859015863_7ac9fcb0ba_h.jpg?fit=1200%2C675&ssl=1&resize=350%2C200","width":350,"height":200,"srcset":"https:\/\/i0.wp.com\/blogdoprosperi.com\/wp-content\/uploads\/2024\/07\/53859015863_7ac9fcb0ba_h.jpg?fit=1200%2C675&ssl=1&resize=350%2C200 1x, https:\/\/i0.wp.com\/blogdoprosperi.com\/wp-content\/uploads\/2024\/07\/53859015863_7ac9fcb0ba_h.jpg?fit=1200%2C675&ssl=1&resize=525%2C300 1.5x, https:\/\/i0.wp.com\/blogdoprosperi.com\/wp-content\/uploads\/2024\/07\/53859015863_7ac9fcb0ba_h.jpg?fit=1200%2C675&ssl=1&resize=700%2C400 2x, https:\/\/i0.wp.com\/blogdoprosperi.com\/wp-content\/uploads\/2024\/07\/53859015863_7ac9fcb0ba_h.jpg?fit=1200%2C675&ssl=1&resize=1050%2C600 3x"},"classes":[]}],"jetpack_featured_media_url":"https:\/\/i0.wp.com\/blogdoprosperi.com\/wp-content\/uploads\/2019\/06\/000_1hv7z2.jpg?fit=1024%2C682&ssl=1","_links":{"self":[{"href":"https:\/\/blogdoprosperi.com\/index.php?rest_route=\/wp\/v2\/posts\/37767","targetHints":{"allow":["GET"]}}],"collection":[{"href":"https:\/\/blogdoprosperi.com\/index.php?rest_route=\/wp\/v2\/posts"}],"about":[{"href":"https:\/\/blogdoprosperi.com\/index.php?rest_route=\/wp\/v2\/types\/post"}],"author":[{"embeddable":true,"href":"https:\/\/blogdoprosperi.com\/index.php?rest_route=\/wp\/v2\/users\/102107496"}],"replies":[{"embeddable":true,"href":"https:\/\/blogdoprosperi.com\/index.php?rest_route=%2Fwp%2Fv2%2Fcomments&post=37767"}],"version-history":[{"count":2,"href":"https:\/\/blogdoprosperi.com\/index.php?rest_route=\/wp\/v2\/posts\/37767\/revisions"}],"predecessor-version":[{"id":37816,"href":"https:\/\/blogdoprosperi.com\/index.php?rest_route=\/wp\/v2\/posts\/37767\/revisions\/37816"}],"wp:featuredmedia":[{"embeddable":true,"href":"https:\/\/blogdoprosperi.com\/index.php?rest_route=\/wp\/v2\/media\/37769"}],"wp:attachment":[{"href":"https:\/\/blogdoprosperi.com\/index.php?rest_route=%2Fwp%2Fv2%2Fmedia&parent=37767"}],"wp:term":[{"taxonomy":"category","embeddable":true,"href":"https:\/\/blogdoprosperi.com\/index.php?rest_route=%2Fwp%2Fv2%2Fcategories&post=37767"},{"taxonomy":"post_tag","embeddable":true,"href":"https:\/\/blogdoprosperi.com\/index.php?rest_route=%2Fwp%2Fv2%2Ftags&post=37767"}],"curies":[{"name":"wp","href":"https:\/\/api.w.org\/{rel}","templated":true}]}}