{"id":37917,"date":"2020-11-14T00:47:26","date_gmt":"2020-11-14T03:47:26","guid":{"rendered":"http:\/\/blogdoprosperi.com\/?p=37917"},"modified":"2020-11-14T00:47:26","modified_gmt":"2020-11-14T03:47:26","slug":"jogadores-pagam-conta-da-insanidade-dos-cartolas-em-tempos-de-covid","status":"publish","type":"post","link":"https:\/\/blogdoprosperi.com\/?p=37917","title":{"rendered":"Jogadores pagam conta da insanidade dos cartolas em tempos de Covid"},"content":{"rendered":"\n<p class=\"wp-block-paragraph\">Cresce n\u00famero de jogadores lesionados e infectados com ac\u00famulo de jogos desde a volta do futebol em plena pandemia da Covid mundo afora. No Brasil e na Europa, em especial.<\/p>\n\n\n\n<p class=\"wp-block-paragraph\">A culpa, neste momento, passa pela gan\u00e2ncia e sobreviv\u00eancia de clubes e de federa\u00e7\u00f5es comandados por dirigentes acuados e, porque n\u00e3o, insanos.<\/p>\n\n\n\n<p class=\"wp-block-paragraph\">Em vez de desinchar os calend\u00e1rios de competi\u00e7\u00f5es, diminuindo n\u00famero de jogos e do per\u00edodo de campeonatos, os ditos cartolas resolveram atravessar o mar em barcos a remo.<\/p>\n\n\n\n<p class=\"wp-block-paragraph\">Veja o caso no futebol brasileiro e sul-americano.<\/p>\n\n\n\n<p class=\"wp-block-paragraph\">Neste m\u00eas de novembro, clubes do Brasil disputam partidas de mata-mata da Copa do Brasil, Libertadores e Sul-Americana, permeados por Datas-Fifa para jogos das Eliminat\u00f3rias da Copa do Mundo 2022 quando s\u00e3o obrigados a ceder jogadores \u00e0s sele\u00e7\u00f5es, sem interrup\u00e7\u00e3o do Brasileir\u00e3o.<\/p>\n\n\n\n<p class=\"wp-block-paragraph\"><strong><a href=\"https:\/\/chuteirafc.com.br\/brasileirao-2020-arranca-sem-favoritos-no-pais-assolado-pela-pandemia\/\">Jogadores s\u00e3o submetidos \u00e0s viagens pelo pa\u00eds e continente se expondo ao risco cada vez mais letal de cont\u00e1gio pela Covid.<\/a><\/strong><\/p>\n\n\n\n<p class=\"wp-block-paragraph\">No campo, mesmo ap\u00f3s quatro meses de inatividade (entre maio e julho) comprometendo o estado atl\u00e9tico, os jogadores mal t\u00eam tempo para recuperar o f\u00edsico. Jogam a cada dois dias.<\/p>\n\n\n\n<p class=\"wp-block-paragraph\">Inevit\u00e1vel amea\u00e7a de se aumentar o n\u00famero de les\u00f5es, n\u00e3o apenas musculares como de articula\u00e7\u00f5es e, pior, fraturas.<\/p>\n\n\n\n<p class=\"wp-block-paragraph\">Olha o que acontece com a Sele\u00e7\u00e3o Brasileira, por exemplo, neste momento. Tite convocou e n\u00e3o pode contar com os titulares Casemiro (Covid), Philippe Coutinho (les\u00e3o muscular), Neymar (les\u00e3o muscular) e os reservas Gabriel Menino (Covid), Rodrigo Caio e Eder Milit\u00e3o. Todos machucados e cortados \u2013&nbsp;<strong><a href=\"https:\/\/chuteirafc.com.br\/neymar-o-breve\/\">apenas Neymar est\u00e1 preservado<\/a>&nbsp;<\/strong>\u2013 dos jogos contra Venezuela (1 a 0 nesta sexta-feira, 13\/11) e Uruguai (17\/11) pelas Eliminat\u00f3rias da Copa do Mundo Catar 2022.<\/p>\n\n\n\n<figure class=\"wp-block-image\"><img data-recalc-dims=\"1\" decoding=\"async\" src=\"https:\/\/i0.wp.com\/chuteirafc.com.br\/wp-content\/uploads\/2020\/11\/imm20201108040-1.jpg?w=940&#038;ssl=1\" alt=\"\" class=\"wp-image-61716\" \/><\/figure>\n\n\n\n<p class=\"wp-block-paragraph\">Tite perde cinco jogadores em pouco menos de dois meses da primeira chamada nos jogos contra Bol\u00edvia e Peru em setembro. Naquela ocasi\u00e3o n\u00e3o p\u00f4de convocar os titulares Alisson e Gabriel Jesus, machucados.<\/p>\n\n\n\n<p class=\"wp-block-paragraph\">Nos clubes, cen\u00e1rio se repete. Na semana passada, Palmeiras perdeu Wesley (les\u00e3o no joelho) e Felipe Melo (tornozelo) \u2013 os dois s\u00f3 voltam a jogar em 2021. Internacional n\u00e3o conta mais com Guerrero, Boschilha e Saraiva, com les\u00f5es graves, em 2020.<\/p>\n\n\n\n<p class=\"wp-block-paragraph\">Flamengo est\u00e1 privado de ter Arrascaeta h\u00e1 bom tempo e s\u00f3 agora vai escalar Gabigol, afastado at\u00e9 ent\u00e3o por les\u00e3o. Sem falar do surto de Covid que assolou o grupo de jogadores e comiss\u00e3o t\u00e9cnica h\u00e1 menos de dois meses.<\/p>\n\n\n\n<p class=\"wp-block-paragraph\">Mesmo surto atinge agora o Santos com 11 jogadores, o t\u00e9cnico Cuca e auxiliares de comiss\u00e3o t\u00e9cnica \u2013 todos infectados. Palmeiras com 5 contaminados. A Covid j\u00e1 mostrou sua cara tamb\u00e9m no Goi\u00e1s, Atl\u00e9tico-GO, Corinthians, Palmeiras, S\u00e3o Paulo, Fluminense, Botafogo, Vasco\u2026 e uma penca de clubes nas S\u00e9ries B, C e D do Campeonato Brasileiro.<\/p>\n\n\n\n<p class=\"wp-block-paragraph\"><strong>At\u00e9 esta sexta-feira (13\/11), v\u00e9spera da 21\u00aa rodadas do Brasileir\u00e3o, eram 39 os jogadores infectados. Confira a lista:<\/strong><\/p>\n\n\n\n<ul class=\"wp-block-list\"><li><strong>Santos: 11&nbsp;<\/strong><em>(\u00c2ngelo, Vladimir, Jo\u00e3o Paulo, Lucas Ver\u00edssimo, Madson, Diego Pituca, Jobson, Jean Mota, Alison, Sandry e Alex);<\/em><\/li><li><strong>Coritiba: 7<\/strong>&nbsp;<em>(Matheus Galdezani, Nathan, Patrick Vieira, Matheus Bueno, Ricardo Oliveira, Nathan e Muralha);<\/em><\/li><li><strong>Palmeiras: 5<\/strong>&nbsp;<em>(Luan, Gabriel Menino, Rony, Danilo e Gabriel Silva);<\/em><\/li><li><strong>Vasco: 4<\/strong>&nbsp;<em>(Leandro Cast\u00e1n, Carlinhos, Miranda e Ribamar);<\/em><\/li><li><strong>Cear\u00e1: 2<\/strong>&nbsp;<em>(Vina e Brock);<\/em><\/li><li><strong>Internacional: 2<\/strong>&nbsp;<em>(Nonato e Patrick);<\/em><\/li><li><strong>Corinthians: 2&nbsp;<\/strong><em>(J\u00f4 e Mateus Vital);<\/em><\/li><li><strong>Fluminense: 2<\/strong>&nbsp;(Fernando Pacheco e Yago);<\/li><li><strong>Atl\u00e9tico-MG:&nbsp;<\/strong>1 (S\u00e1vio);<\/li><li><strong>Botafogo: 1<\/strong>&nbsp;<em>(Walery);<\/em><\/li><li><strong>S\u00e3o Paulo: 1<\/strong>&nbsp;<em>(Tch\u00ea Tch\u00ea);<\/em><\/li><li><strong>Sport: 1<\/strong>&nbsp;<em>(Rafael Thyere);&nbsp;<\/em><\/li><li><strong>Flamengo:<\/strong>&nbsp;<em>ningu\u00e9m;<\/em><\/li><li><strong>Gr\u00eamio:&nbsp;<\/strong><em>ningu\u00e9m;<\/em><\/li><li><strong>Bragantino:<\/strong>&nbsp;<em>ningu\u00e9m;<\/em><\/li><li><strong>Fortaleza:&nbsp;<\/strong><em>ningu\u00e9m;<\/em><\/li><li><strong>Bahia:<\/strong>&nbsp;<em>ningu\u00e9m;<\/em><\/li><li><strong>Goi\u00e1s:&nbsp;<\/strong><em>ningu\u00e9m;<\/em><\/li><li><strong>Athletico:<\/strong>&nbsp;<em>ningu\u00e9m;<\/em><\/li><li><strong>Atl\u00e9tico-GO:&nbsp;<\/strong><em>ningu\u00e9m.<\/em><br><br><strong>T\u00e9cnicos infectados<\/strong>:<\/li><li><strong>Santos:&nbsp;<\/strong>Cuca<\/li><li><strong>Coritiba:<\/strong>&nbsp;Rodrigo Santana<\/li><\/ul>\n\n\n\n<p class=\"wp-block-paragraph\">Na Europa, clubes ingleses perdem jogadores importantes a cada rodada. A maioria por les\u00e3o.&nbsp;<strong><a href=\"https:\/\/www.liverpoolfc.com\/\">Liverpool<\/a><\/strong>&nbsp;ficou sem o zagueiro Van Dijk, lateral Arnold (<em>foto abaixo<\/em>) e o volante Fabinho. City de Guardiola perdeu Gabriel Jesus e Aguero por longos dias.<\/p>\n\n\n\n<figure class=\"wp-block-image\"><img data-recalc-dims=\"1\" decoding=\"async\" src=\"https:\/\/i0.wp.com\/chuteirafc.com.br\/wp-content\/uploads\/2020\/11\/afp_en_2186258afbd27d9aee404cc5cd5d3bb57af4dcd3-1.jpg?w=940&#038;ssl=1\" alt=\"\" class=\"wp-image-61715\" \/><\/figure>\n\n\n\n<p class=\"wp-block-paragraph\">Klopp e Guardiola resmungam contra excesso de jogos e ainda decis\u00e3o da Premier League de n\u00e3o permitir cinco substitui\u00e7\u00f5es de atletas por partida. \u201cNossos jogadores est\u00e3o no limite\u201d, diz Guardiola.<\/p>\n\n\n\n<p class=\"wp-block-paragraph\">Fora as les\u00f5es, temos a Covid Que j\u00e1 tirou Neymar e Mbapp\u00e9, entre outros, do campo. Mais recente, Cristiano Ronaldo.<\/p>\n\n\n\n<p class=\"wp-block-paragraph\">Dos her\u00f3is de agora, apenas&nbsp;<strong><a href=\"https:\/\/chuteirafc.com.br\/messi-treina-descontraido-no-barcelona-apos-tentativa-frustrada-de-sair-do-clube\/\">Lionel Messi<\/a><\/strong>&nbsp;n\u00e3o tombou machucado por ac\u00famulo de jogos ou infectado pela Covid. N\u00e3o se trata de um super-homem, apenas sorte do g\u00eanio.<\/p>\n","protected":false},"excerpt":{"rendered":"<p>Cresce n\u00famero de jogadores lesionados e infectados com ac\u00famulo de jogos desde a volta do futebol em plena [&hellip;]<\/p>\n","protected":false},"author":102107496,"featured_media":37923,"comment_status":"open","ping_status":"open","sticky":false,"template":"","format":"standard","meta":{"_coblocks_attr":"","_coblocks_dimensions":"","_coblocks_responsive_height":"","_coblocks_accordion_ie_support":"","_jetpack_newsletter_access":"","_jetpack_dont_email_post_to_subs":false,"_jetpack_newsletter_tier_id":0,"_jetpack_memberships_contains_paywalled_content":false,"_wpcom_ai_launchpad_first_post":false,"_jetpack_feature_clip_id":0,"_jetpack_memberships_contains_paid_content":false,"footnotes":"","jetpack_publicize_message":"","jetpack_publicize_feature_enabled":true,"jetpack_social_post_already_shared":false,"jetpack_social_options":{"image_generator_settings":{"template":"highway","default_image_id":0,"font":"","enabled":false},"version":2},"jetpack_post_was_ever_published":false},"categories":[53870],"tags":[789560560],"class_list":["post-37917","post","type-post","status-publish","format-standard","has-post-thumbnail","hentry","category-futebol","tag-futebol"],"yoast_head":"<!-- This site is optimized with the Yoast SEO plugin v28.3 - https:\/\/yoast.com\/product\/yoast-seo-wordpress\/ -->\n<title>Jogadores pagam conta da insanidade dos cartolas em tempos de Covid - PR\u00d3SPERI NEWS<\/title>\n<meta name=\"robots\" content=\"index, follow, max-snippet:-1, max-image-preview:large, max-video-preview:-1\" \/>\n<link rel=\"canonical\" href=\"https:\/\/blogdoprosperi.com\/?p=37917\" \/>\n<meta property=\"og:locale\" content=\"pt_BR\" \/>\n<meta property=\"og:type\" content=\"article\" \/>\n<meta property=\"og:title\" content=\"Jogadores pagam conta da insanidade dos cartolas em tempos de Covid - PR\u00d3SPERI NEWS\" \/>\n<meta property=\"og:description\" content=\"Cresce n\u00famero de jogadores lesionados e infectados com ac\u00famulo de jogos desde a volta do futebol em plena [&hellip;]\" \/>\n<meta property=\"og:url\" content=\"https:\/\/blogdoprosperi.com\/?p=37917\" \/>\n<meta property=\"og:site_name\" content=\"PR\u00d3SPERI NEWS\" \/>\n<meta property=\"article:publisher\" content=\"Luiz Pr\u00f3speri\" \/>\n<meta property=\"article:author\" content=\"Luiz Pr\u00f3speri\" \/>\n<meta property=\"article:published_time\" content=\"2020-11-14T03:47:26+00:00\" \/>\n<meta property=\"og:image\" content=\"https:\/\/i0.wp.com\/blogdoprosperi.com\/wp-content\/uploads\/2020\/11\/cuca-santos-1.jpg?fit=1200%2C800&ssl=1\" \/>\n\t<meta property=\"og:image:width\" content=\"1200\" \/>\n\t<meta property=\"og:image:height\" content=\"800\" \/>\n\t<meta property=\"og:image:type\" content=\"image\/jpeg\" \/>\n<meta name=\"author\" content=\"Luiz Ant\u00f4nio Pr\u00f3speri\" \/>\n<meta name=\"twitter:card\" content=\"summary_large_image\" \/>\n<meta name=\"twitter:creator\" content=\"@Luizprosperi\" \/>\n<meta name=\"twitter:site\" content=\"@Luizprosperi\" \/>\n<meta name=\"twitter:label1\" content=\"Escrito por\" \/>\n\t<meta name=\"twitter:data1\" content=\"Luiz Ant\u00f4nio Pr\u00f3speri\" \/>\n\t<meta name=\"twitter:label2\" content=\"Est. tempo de leitura\" \/>\n\t<meta name=\"twitter:data2\" content=\"4 minutos\" \/>\n<script type=\"application\/ld+json\" class=\"yoast-schema-graph\">{\"@context\":\"https:\\\/\\\/schema.org\",\"@graph\":[{\"@type\":\"Article\",\"@id\":\"https:\\\/\\\/blogdoprosperi.com\\\/?p=37917#article\",\"isPartOf\":{\"@id\":\"https:\\\/\\\/blogdoprosperi.com\\\/?p=37917\"},\"author\":{\"name\":\"Luiz Ant\u00f4nio Pr\u00f3speri\",\"@id\":\"https:\\\/\\\/blogdoprosperi.com\\\/#\\\/schema\\\/person\\\/38100755ce3601861ee4fab9b5aa78e9\"},\"headline\":\"Jogadores pagam conta da insanidade dos cartolas em tempos de Covid\",\"datePublished\":\"2020-11-14T03:47:26+00:00\",\"mainEntityOfPage\":{\"@id\":\"https:\\\/\\\/blogdoprosperi.com\\\/?p=37917\"},\"wordCount\":783,\"commentCount\":0,\"publisher\":{\"@id\":\"https:\\\/\\\/blogdoprosperi.com\\\/#\\\/schema\\\/person\\\/38100755ce3601861ee4fab9b5aa78e9\"},\"image\":{\"@id\":\"https:\\\/\\\/blogdoprosperi.com\\\/?p=37917#primaryimage\"},\"thumbnailUrl\":\"https:\\\/\\\/i0.wp.com\\\/blogdoprosperi.com\\\/wp-content\\\/uploads\\\/2020\\\/11\\\/cuca-santos-1.jpg?fit=1200%2C800&ssl=1\",\"keywords\":[\"futebol\"],\"articleSection\":[\"futebol\"],\"inLanguage\":\"pt-BR\",\"potentialAction\":[{\"@type\":\"CommentAction\",\"name\":\"Comment\",\"target\":[\"https:\\\/\\\/blogdoprosperi.com\\\/?p=37917#respond\"]}]},{\"@type\":\"WebPage\",\"@id\":\"https:\\\/\\\/blogdoprosperi.com\\\/?p=37917\",\"url\":\"https:\\\/\\\/blogdoprosperi.com\\\/?p=37917\",\"name\":\"Jogadores pagam conta da insanidade dos cartolas em tempos de Covid - PR\u00d3SPERI NEWS\",\"isPartOf\":{\"@id\":\"https:\\\/\\\/blogdoprosperi.com\\\/#website\"},\"primaryImageOfPage\":{\"@id\":\"https:\\\/\\\/blogdoprosperi.com\\\/?p=37917#primaryimage\"},\"image\":{\"@id\":\"https:\\\/\\\/blogdoprosperi.com\\\/?p=37917#primaryimage\"},\"thumbnailUrl\":\"https:\\\/\\\/i0.wp.com\\\/blogdoprosperi.com\\\/wp-content\\\/uploads\\\/2020\\\/11\\\/cuca-santos-1.jpg?fit=1200%2C800&ssl=1\",\"datePublished\":\"2020-11-14T03:47:26+00:00\",\"breadcrumb\":{\"@id\":\"https:\\\/\\\/blogdoprosperi.com\\\/?p=37917#breadcrumb\"},\"inLanguage\":\"pt-BR\",\"potentialAction\":[{\"@type\":\"ReadAction\",\"target\":[\"https:\\\/\\\/blogdoprosperi.com\\\/?p=37917\"]}]},{\"@type\":\"ImageObject\",\"inLanguage\":\"pt-BR\",\"@id\":\"https:\\\/\\\/blogdoprosperi.com\\\/?p=37917#primaryimage\",\"url\":\"https:\\\/\\\/i0.wp.com\\\/blogdoprosperi.com\\\/wp-content\\\/uploads\\\/2020\\\/11\\\/cuca-santos-1.jpg?fit=1200%2C800&ssl=1\",\"contentUrl\":\"https:\\\/\\\/i0.wp.com\\\/blogdoprosperi.com\\\/wp-content\\\/uploads\\\/2020\\\/11\\\/cuca-santos-1.jpg?fit=1200%2C800&ssl=1\",\"width\":1200,\"height\":800},{\"@type\":\"BreadcrumbList\",\"@id\":\"https:\\\/\\\/blogdoprosperi.com\\\/?p=37917#breadcrumb\",\"itemListElement\":[{\"@type\":\"ListItem\",\"position\":1,\"name\":\"In\u00edcio\",\"item\":\"https:\\\/\\\/blogdoprosperi.com\\\/\"},{\"@type\":\"ListItem\",\"position\":2,\"name\":\"Jogadores pagam conta da insanidade dos cartolas em tempos de Covid\"}]},{\"@type\":\"WebSite\",\"@id\":\"https:\\\/\\\/blogdoprosperi.com\\\/#website\",\"url\":\"https:\\\/\\\/blogdoprosperi.com\\\/\",\"name\":\"PR\u00d3SPERI NEWS\",\"description\":\"TUDO \u00c9  FUTEBOL\",\"publisher\":{\"@id\":\"https:\\\/\\\/blogdoprosperi.com\\\/#\\\/schema\\\/person\\\/38100755ce3601861ee4fab9b5aa78e9\"},\"alternateName\":\"blogdoprosperi.com\",\"potentialAction\":[{\"@type\":\"SearchAction\",\"target\":{\"@type\":\"EntryPoint\",\"urlTemplate\":\"https:\\\/\\\/blogdoprosperi.com\\\/?s={search_term_string}\"},\"query-input\":{\"@type\":\"PropertyValueSpecification\",\"valueRequired\":true,\"valueName\":\"search_term_string\"}}],\"inLanguage\":\"pt-BR\"},{\"@type\":[\"Person\",\"Organization\"],\"@id\":\"https:\\\/\\\/blogdoprosperi.com\\\/#\\\/schema\\\/person\\\/38100755ce3601861ee4fab9b5aa78e9\",\"name\":\"Luiz Ant\u00f4nio Pr\u00f3speri\",\"pronouns\":\"ele\",\"image\":{\"@type\":\"ImageObject\",\"inLanguage\":\"pt-BR\",\"@id\":\"https:\\\/\\\/i0.wp.com\\\/blogdoprosperi.com\\\/wp-content\\\/uploads\\\/2026\\\/05\\\/cropped-8059e613-6002-42fa-961e-8e275f575d71-2-5.jpg?fit=1360%2C931&ssl=1\",\"url\":\"https:\\\/\\\/i0.wp.com\\\/blogdoprosperi.com\\\/wp-content\\\/uploads\\\/2026\\\/05\\\/cropped-8059e613-6002-42fa-961e-8e275f575d71-2-5.jpg?fit=1360%2C931&ssl=1\",\"contentUrl\":\"https:\\\/\\\/i0.wp.com\\\/blogdoprosperi.com\\\/wp-content\\\/uploads\\\/2026\\\/05\\\/cropped-8059e613-6002-42fa-961e-8e275f575d71-2-5.jpg?fit=1360%2C931&ssl=1\",\"width\":1360,\"height\":931,\"caption\":\"Luiz Ant\u00f4nio Pr\u00f3speri\"},\"logo\":{\"@id\":\"https:\\\/\\\/i0.wp.com\\\/blogdoprosperi.com\\\/wp-content\\\/uploads\\\/2026\\\/05\\\/cropped-8059e613-6002-42fa-961e-8e275f575d71-2-5.jpg?fit=1360%2C931&ssl=1\"},\"description\":\"Jornalista com carreira dedicada ao esporte. Cobriu 9 Copas do Mundo in loco, 1990 na It\u00e1lia, 1994 nos EUA, 1998 na Fran\u00e7a, 2002 na Coreia do Sul e Jap\u00e3o, 2006 na Alemanha, 2010 na \u00c1frica do Sul, 2014 no Brasil, 2018 na R\u00fassia e 2022 no Qatar. Eurocopas, 1992 na Su\u00e9cia e 1996 na Inglaterra. Copa das Confedera\u00e7\u00f5es de 2005 na Alemanha e 2009 na \u00c1frica do Sul. Rep\u00f3rter e Editor, trabalhou no Jornal da Tarde e Estad\u00e3o, de 1984 a fevereiro de 2016. Colunista, blogueiro. E comentarista de futebol na R\u00e1dio Estad\u00e3o, de 2013 a fevereiro de 2016. Jornalista respons\u00e1vel do \\\"Pr\u00f3speri News\\\" (blogdoprosperi.com).\",\"sameAs\":[\"http:\\\/\\\/blogdoprosperi.com\",\"Luiz Pr\u00f3speri\",\"@luiz_prosperi\",\"https:\\\/\\\/x.com\\\/Luizprosperi\",\"@prosperinacopa\",\"luiz.prosperi@icloud.com\"],\"url\":\"https:\\\/\\\/blogdoprosperi.com\\\/?author=102107496\"}]}<\/script>\n<!-- \/ Yoast SEO plugin. -->","yoast_head_json":{"title":"Jogadores pagam conta da insanidade dos cartolas em tempos de Covid - PR\u00d3SPERI NEWS","robots":{"index":"index","follow":"follow","max-snippet":"max-snippet:-1","max-image-preview":"max-image-preview:large","max-video-preview":"max-video-preview:-1"},"canonical":"https:\/\/blogdoprosperi.com\/?p=37917","og_locale":"pt_BR","og_type":"article","og_title":"Jogadores pagam conta da insanidade dos cartolas em tempos de Covid - PR\u00d3SPERI NEWS","og_description":"Cresce n\u00famero de jogadores lesionados e infectados com ac\u00famulo de jogos desde a volta do futebol em plena [&hellip;]","og_url":"https:\/\/blogdoprosperi.com\/?p=37917","og_site_name":"PR\u00d3SPERI NEWS","article_publisher":"Luiz Pr\u00f3speri","article_author":"Luiz Pr\u00f3speri","article_published_time":"2020-11-14T03:47:26+00:00","og_image":[{"width":1200,"height":800,"url":"https:\/\/i0.wp.com\/blogdoprosperi.com\/wp-content\/uploads\/2020\/11\/cuca-santos-1.jpg?fit=1200%2C800&ssl=1","type":"image\/jpeg"}],"author":"Luiz Ant\u00f4nio Pr\u00f3speri","twitter_card":"summary_large_image","twitter_creator":"@Luizprosperi","twitter_site":"@Luizprosperi","twitter_misc":{"Escrito por":"Luiz Ant\u00f4nio Pr\u00f3speri","Est. tempo de leitura":"4 minutos"},"schema":{"@context":"https:\/\/schema.org","@graph":[{"@type":"Article","@id":"https:\/\/blogdoprosperi.com\/?p=37917#article","isPartOf":{"@id":"https:\/\/blogdoprosperi.com\/?p=37917"},"author":{"name":"Luiz Ant\u00f4nio Pr\u00f3speri","@id":"https:\/\/blogdoprosperi.com\/#\/schema\/person\/38100755ce3601861ee4fab9b5aa78e9"},"headline":"Jogadores pagam conta da insanidade dos cartolas em tempos de Covid","datePublished":"2020-11-14T03:47:26+00:00","mainEntityOfPage":{"@id":"https:\/\/blogdoprosperi.com\/?p=37917"},"wordCount":783,"commentCount":0,"publisher":{"@id":"https:\/\/blogdoprosperi.com\/#\/schema\/person\/38100755ce3601861ee4fab9b5aa78e9"},"image":{"@id":"https:\/\/blogdoprosperi.com\/?p=37917#primaryimage"},"thumbnailUrl":"https:\/\/i0.wp.com\/blogdoprosperi.com\/wp-content\/uploads\/2020\/11\/cuca-santos-1.jpg?fit=1200%2C800&ssl=1","keywords":["futebol"],"articleSection":["futebol"],"inLanguage":"pt-BR","potentialAction":[{"@type":"CommentAction","name":"Comment","target":["https:\/\/blogdoprosperi.com\/?p=37917#respond"]}]},{"@type":"WebPage","@id":"https:\/\/blogdoprosperi.com\/?p=37917","url":"https:\/\/blogdoprosperi.com\/?p=37917","name":"Jogadores pagam conta da insanidade dos cartolas em tempos de Covid - PR\u00d3SPERI NEWS","isPartOf":{"@id":"https:\/\/blogdoprosperi.com\/#website"},"primaryImageOfPage":{"@id":"https:\/\/blogdoprosperi.com\/?p=37917#primaryimage"},"image":{"@id":"https:\/\/blogdoprosperi.com\/?p=37917#primaryimage"},"thumbnailUrl":"https:\/\/i0.wp.com\/blogdoprosperi.com\/wp-content\/uploads\/2020\/11\/cuca-santos-1.jpg?fit=1200%2C800&ssl=1","datePublished":"2020-11-14T03:47:26+00:00","breadcrumb":{"@id":"https:\/\/blogdoprosperi.com\/?p=37917#breadcrumb"},"inLanguage":"pt-BR","potentialAction":[{"@type":"ReadAction","target":["https:\/\/blogdoprosperi.com\/?p=37917"]}]},{"@type":"ImageObject","inLanguage":"pt-BR","@id":"https:\/\/blogdoprosperi.com\/?p=37917#primaryimage","url":"https:\/\/i0.wp.com\/blogdoprosperi.com\/wp-content\/uploads\/2020\/11\/cuca-santos-1.jpg?fit=1200%2C800&ssl=1","contentUrl":"https:\/\/i0.wp.com\/blogdoprosperi.com\/wp-content\/uploads\/2020\/11\/cuca-santos-1.jpg?fit=1200%2C800&ssl=1","width":1200,"height":800},{"@type":"BreadcrumbList","@id":"https:\/\/blogdoprosperi.com\/?p=37917#breadcrumb","itemListElement":[{"@type":"ListItem","position":1,"name":"In\u00edcio","item":"https:\/\/blogdoprosperi.com\/"},{"@type":"ListItem","position":2,"name":"Jogadores pagam conta da insanidade dos cartolas em tempos de Covid"}]},{"@type":"WebSite","@id":"https:\/\/blogdoprosperi.com\/#website","url":"https:\/\/blogdoprosperi.com\/","name":"PR\u00d3SPERI NEWS","description":"TUDO \u00c9  FUTEBOL","publisher":{"@id":"https:\/\/blogdoprosperi.com\/#\/schema\/person\/38100755ce3601861ee4fab9b5aa78e9"},"alternateName":"blogdoprosperi.com","potentialAction":[{"@type":"SearchAction","target":{"@type":"EntryPoint","urlTemplate":"https:\/\/blogdoprosperi.com\/?s={search_term_string}"},"query-input":{"@type":"PropertyValueSpecification","valueRequired":true,"valueName":"search_term_string"}}],"inLanguage":"pt-BR"},{"@type":["Person","Organization"],"@id":"https:\/\/blogdoprosperi.com\/#\/schema\/person\/38100755ce3601861ee4fab9b5aa78e9","name":"Luiz Ant\u00f4nio Pr\u00f3speri","pronouns":"ele","image":{"@type":"ImageObject","inLanguage":"pt-BR","@id":"https:\/\/i0.wp.com\/blogdoprosperi.com\/wp-content\/uploads\/2026\/05\/cropped-8059e613-6002-42fa-961e-8e275f575d71-2-5.jpg?fit=1360%2C931&ssl=1","url":"https:\/\/i0.wp.com\/blogdoprosperi.com\/wp-content\/uploads\/2026\/05\/cropped-8059e613-6002-42fa-961e-8e275f575d71-2-5.jpg?fit=1360%2C931&ssl=1","contentUrl":"https:\/\/i0.wp.com\/blogdoprosperi.com\/wp-content\/uploads\/2026\/05\/cropped-8059e613-6002-42fa-961e-8e275f575d71-2-5.jpg?fit=1360%2C931&ssl=1","width":1360,"height":931,"caption":"Luiz Ant\u00f4nio Pr\u00f3speri"},"logo":{"@id":"https:\/\/i0.wp.com\/blogdoprosperi.com\/wp-content\/uploads\/2026\/05\/cropped-8059e613-6002-42fa-961e-8e275f575d71-2-5.jpg?fit=1360%2C931&ssl=1"},"description":"Jornalista com carreira dedicada ao esporte. Cobriu 9 Copas do Mundo in loco, 1990 na It\u00e1lia, 1994 nos EUA, 1998 na Fran\u00e7a, 2002 na Coreia do Sul e Jap\u00e3o, 2006 na Alemanha, 2010 na \u00c1frica do Sul, 2014 no Brasil, 2018 na R\u00fassia e 2022 no Qatar. Eurocopas, 1992 na Su\u00e9cia e 1996 na Inglaterra. Copa das Confedera\u00e7\u00f5es de 2005 na Alemanha e 2009 na \u00c1frica do Sul. Rep\u00f3rter e Editor, trabalhou no Jornal da Tarde e Estad\u00e3o, de 1984 a fevereiro de 2016. Colunista, blogueiro. E comentarista de futebol na R\u00e1dio Estad\u00e3o, de 2013 a fevereiro de 2016. Jornalista respons\u00e1vel do \"Pr\u00f3speri News\" (blogdoprosperi.com).","sameAs":["http:\/\/blogdoprosperi.com","Luiz Pr\u00f3speri","@luiz_prosperi","https:\/\/x.com\/Luizprosperi","@prosperinacopa","luiz.prosperi@icloud.com"],"url":"https:\/\/blogdoprosperi.com\/?author=102107496"}]}},"jetpack_publicize_connections":[],"jetpack_likes_enabled":false,"jetpack_sharing_enabled":true,"jetpack_shortlink":"https:\/\/wp.me\/p7jvdk-9Rz","jetpack-related-posts":[{"id":32198,"url":"https:\/\/blogdoprosperi.com\/?p=32198","url_meta":{"origin":37917,"position":0},"title":"Mudan\u00e7a de calend\u00e1rio da CBF favorece torcedor de poltrona e obriga clubes a gastar mais com jogadores","author":"Luiz Ant\u00f4nio Pr\u00f3speri","date":"14 de novembro de 2016","format":false,"excerpt":"Torcedor de poltrona aplaudiu o novo calend\u00e1rio futebol brasileiro, divulgado pela CBF nesta segunda-feira (14\/11). Sem gastar com ingressos, ter\u00e1 na televis\u00e3o na sua sala tr\u00eas competi\u00e7\u00f5es quase simult\u00e2neas, de fevereiro a dezembro de 2017. Jogos que n\u00e3o acabam mais alojados no Campeonato Brasileiro, Copa Libertadores e Copa do Brasil.\u2026","rel":"","context":"Em &quot;Campeonato Brasileiro&quot;","block_context":{"text":"Campeonato Brasileiro","link":"https:\/\/blogdoprosperi.com\/?cat=355071"},"img":{"alt_text":"","src":"https:\/\/i0.wp.com\/blogdoprosperi.com\/wp-content\/uploads\/2016\/11\/cbf_calendario_2017_920.jpg?resize=350%2C200&ssl=1","width":350,"height":200,"srcset":"https:\/\/i0.wp.com\/blogdoprosperi.com\/wp-content\/uploads\/2016\/11\/cbf_calendario_2017_920.jpg?resize=350%2C200&ssl=1 1x, https:\/\/i0.wp.com\/blogdoprosperi.com\/wp-content\/uploads\/2016\/11\/cbf_calendario_2017_920.jpg?resize=525%2C300&ssl=1 1.5x, https:\/\/i0.wp.com\/blogdoprosperi.com\/wp-content\/uploads\/2016\/11\/cbf_calendario_2017_920.jpg?resize=700%2C400&ssl=1 2x"},"classes":[]},{"id":27229,"url":"https:\/\/blogdoprosperi.com\/?p=27229","url_meta":{"origin":37917,"position":1},"title":"Copa Libertadores muda e vira Brasileir\u00e3o do avesso","author":"Luiz Ant\u00f4nio Pr\u00f3speri","date":"3 de outubro de 2016","format":false,"excerpt":"Decis\u00e3o da Confedera\u00e7\u00e3o Sul-Americana de Futebol (Conmebol) de aumentar o n\u00fameros de clubes brasileiros na\u00a0Copa Libertadores de 2017,\u00a0de 5 para 7, interfere diretamente no atual Brasileir\u00e3o. O G-4 passa a ser G-6 e vira do avesso o campeonato nacional. Clubes que lutavam para n\u00e3o cair t\u00eam agora chance de conquistar\u2026","rel":"","context":"Em &quot;Campeonato Brasileiro&quot;","block_context":{"text":"Campeonato Brasileiro","link":"https:\/\/blogdoprosperi.com\/?cat=355071"},"img":{"alt_text":"","src":"https:\/\/i0.wp.com\/blogdoprosperi.com\/wp-content\/uploads\/2016\/10\/medellin1.jpg?resize=350%2C200&ssl=1","width":350,"height":200,"srcset":"https:\/\/i0.wp.com\/blogdoprosperi.com\/wp-content\/uploads\/2016\/10\/medellin1.jpg?resize=350%2C200&ssl=1 1x, https:\/\/i0.wp.com\/blogdoprosperi.com\/wp-content\/uploads\/2016\/10\/medellin1.jpg?resize=525%2C300&ssl=1 1.5x, https:\/\/i0.wp.com\/blogdoprosperi.com\/wp-content\/uploads\/2016\/10\/medellin1.jpg?resize=700%2C400&ssl=1 2x"},"classes":[]},{"id":55904,"url":"https:\/\/blogdoprosperi.com\/?p=55904","url_meta":{"origin":37917,"position":2},"title":"An\u00e1lise dos Advers\u00e1rios do Brasil na Copa 2026 | Marrocos, Haiti e Esc\u00f3cia","author":"Luiz Ant\u00f4nio Pr\u00f3speri","date":"5 de dezembro de 2025","format":false,"excerpt":"Luiz Ant\u00f4nio Pr\u00f3speri \u2013 5 dezembro 2025 (16h05) \u2013 Brasil cai no Grupo C e ter\u00e1 pela frente Marrocos, Haiti e Esc\u00f3cia. As sedes do Grupo do C ficam na Costa Leste dos Estados Unidos com jogos em Boston, Atlanta, Filad\u00e9lfia, Nova York e Miami. Tabela com locais e hor\u00e1rios\u2026","rel":"","context":"Em &quot;copa do mundo 2026&quot;","block_context":{"text":"copa do mundo 2026","link":"https:\/\/blogdoprosperi.com\/?cat=115102077"},"img":{"alt_text":"","src":"https:\/\/i0.wp.com\/blogdoprosperi.com\/wp-content\/uploads\/2025\/12\/g7bwkeqxoaal9ed.jpeg?fit=720%2C900&ssl=1&resize=350%2C200","width":350,"height":200,"srcset":"https:\/\/i0.wp.com\/blogdoprosperi.com\/wp-content\/uploads\/2025\/12\/g7bwkeqxoaal9ed.jpeg?fit=720%2C900&ssl=1&resize=350%2C200 1x, https:\/\/i0.wp.com\/blogdoprosperi.com\/wp-content\/uploads\/2025\/12\/g7bwkeqxoaal9ed.jpeg?fit=720%2C900&ssl=1&resize=525%2C300 1.5x, https:\/\/i0.wp.com\/blogdoprosperi.com\/wp-content\/uploads\/2025\/12\/g7bwkeqxoaal9ed.jpeg?fit=720%2C900&ssl=1&resize=700%2C400 2x"},"classes":[]},{"id":49983,"url":"https:\/\/blogdoprosperi.com\/?p=49983","url_meta":{"origin":37917,"position":3},"title":"Como o Mundial de Clubes Pode Levar a Elite do futebol \u2013 Incluindo Messi \u2013 ao Limite","author":"Luiz Ant\u00f4nio Pr\u00f3speri","date":"9 de maio de 2025","format":false,"excerpt":"\u2666 Calend\u00e1rio demonstra \"uma falta de considera\u00e7\u00e3o pela sa\u00fade mental e f\u00edsica dos jogadores participantes\" \u2666 Messi deve ter\u00e1 quatro jogos em 14 dias, com cerca de 15.200 quil\u00f4metros de viagem inclu\u00eddos para completar a maratona Philip Buckingham \/ Eduardo Tansley \u2013 The Athletic \u2013 8 maio (11h21) \u2013 O\u2026","rel":"","context":"Em &quot;futebol&quot;","block_context":{"text":"futebol","link":"https:\/\/blogdoprosperi.com\/?cat=53870"},"img":{"alt_text":"","src":"https:\/\/i0.wp.com\/blogdoprosperi.com\/wp-content\/uploads\/2025\/05\/captura-de-tela-2025-05-09-as-11.46.35.png?fit=1064%2C820&ssl=1&resize=350%2C200","width":350,"height":200,"srcset":"https:\/\/i0.wp.com\/blogdoprosperi.com\/wp-content\/uploads\/2025\/05\/captura-de-tela-2025-05-09-as-11.46.35.png?fit=1064%2C820&ssl=1&resize=350%2C200 1x, https:\/\/i0.wp.com\/blogdoprosperi.com\/wp-content\/uploads\/2025\/05\/captura-de-tela-2025-05-09-as-11.46.35.png?fit=1064%2C820&ssl=1&resize=525%2C300 1.5x, https:\/\/i0.wp.com\/blogdoprosperi.com\/wp-content\/uploads\/2025\/05\/captura-de-tela-2025-05-09-as-11.46.35.png?fit=1064%2C820&ssl=1&resize=700%2C400 2x, https:\/\/i0.wp.com\/blogdoprosperi.com\/wp-content\/uploads\/2025\/05\/captura-de-tela-2025-05-09-as-11.46.35.png?fit=1064%2C820&ssl=1&resize=1050%2C600 3x"},"classes":[]},{"id":46331,"url":"https:\/\/blogdoprosperi.com\/?p=46331","url_meta":{"origin":37917,"position":4},"title":"Calend\u00e1rio | CBF Poderia Padronizar Estaduais no Formato Copa do Mundo","author":"Luiz Ant\u00f4nio Pr\u00f3speri","date":"25 de fevereiro de 2025","format":false,"excerpt":"Estaduais precisam passar por mudan\u00e7as radicais no sistema de disputa e datas de jogos, sob pena de comprometer ainda mais o calend\u00e1rio nacional do futebol brasileiro.\u00a0 CBF poderia padronizar todos os Estaduais adotando formato obrigat\u00f3rio de disputa da Copa do Mundo. Datas seriam reduzidas, passando de 60 dias (atual) para\u2026","rel":"","context":"Em &quot;futebol&quot;","block_context":{"text":"futebol","link":"https:\/\/blogdoprosperi.com\/?cat=53870"},"img":{"alt_text":"Estaduais no formato Copa do Mundo","src":"https:\/\/i0.wp.com\/blogdoprosperi.com\/wp-content\/uploads\/2025\/02\/captura-de-tela-2025-02-25-as-17.10.05.png?fit=1200%2C565&ssl=1&resize=350%2C200","width":350,"height":200,"srcset":"https:\/\/i0.wp.com\/blogdoprosperi.com\/wp-content\/uploads\/2025\/02\/captura-de-tela-2025-02-25-as-17.10.05.png?fit=1200%2C565&ssl=1&resize=350%2C200 1x, https:\/\/i0.wp.com\/blogdoprosperi.com\/wp-content\/uploads\/2025\/02\/captura-de-tela-2025-02-25-as-17.10.05.png?fit=1200%2C565&ssl=1&resize=525%2C300 1.5x, https:\/\/i0.wp.com\/blogdoprosperi.com\/wp-content\/uploads\/2025\/02\/captura-de-tela-2025-02-25-as-17.10.05.png?fit=1200%2C565&ssl=1&resize=700%2C400 2x, https:\/\/i0.wp.com\/blogdoprosperi.com\/wp-content\/uploads\/2025\/02\/captura-de-tela-2025-02-25-as-17.10.05.png?fit=1200%2C565&ssl=1&resize=1050%2C600 3x"},"classes":[]},{"id":51000,"url":"https:\/\/blogdoprosperi.com\/?p=51000","url_meta":{"origin":37917,"position":5},"title":"Mundial de Clubes | Confira Lista Oficial de Jogadores Inscritos nos 32 Clubes do Torneio","author":"Luiz Ant\u00f4nio Pr\u00f3speri","date":"12 de junho de 2025","format":false,"excerpt":"Fifa divulga lista oficial de jogadores inscritos pelos 32 clubes do Mundial de Clubes. Torneio come\u00e7a neste s\u00e1bado (14\/6), 21h, com jogo de abertura Inter Miami x Al Ahly. Confira Documento Fifa: As listas de elencos do Mundial de Clubes contam com mais campe\u00f5es da Copa do Mundo do que\u2026","rel":"","context":"Em &quot;Fifa&quot;","block_context":{"text":"Fifa","link":"https:\/\/blogdoprosperi.com\/?cat=187969"},"img":{"alt_text":"Confira lista oficial de jogadores inscritos no Mundial de Clubes","src":"https:\/\/i0.wp.com\/blogdoprosperi.com\/wp-content\/uploads\/2025\/06\/snapinsta.app_471437660_9477701628925904_7970938823740314839_n_1080.webp?fit=1080%2C695&ssl=1&resize=350%2C200","width":350,"height":200,"srcset":"https:\/\/i0.wp.com\/blogdoprosperi.com\/wp-content\/uploads\/2025\/06\/snapinsta.app_471437660_9477701628925904_7970938823740314839_n_1080.webp?fit=1080%2C695&ssl=1&resize=350%2C200 1x, https:\/\/i0.wp.com\/blogdoprosperi.com\/wp-content\/uploads\/2025\/06\/snapinsta.app_471437660_9477701628925904_7970938823740314839_n_1080.webp?fit=1080%2C695&ssl=1&resize=525%2C300 1.5x, https:\/\/i0.wp.com\/blogdoprosperi.com\/wp-content\/uploads\/2025\/06\/snapinsta.app_471437660_9477701628925904_7970938823740314839_n_1080.webp?fit=1080%2C695&ssl=1&resize=700%2C400 2x, https:\/\/i0.wp.com\/blogdoprosperi.com\/wp-content\/uploads\/2025\/06\/snapinsta.app_471437660_9477701628925904_7970938823740314839_n_1080.webp?fit=1080%2C695&ssl=1&resize=1050%2C600 3x"},"classes":[]}],"jetpack_featured_media_url":"https:\/\/i0.wp.com\/blogdoprosperi.com\/wp-content\/uploads\/2020\/11\/cuca-santos-1.jpg?fit=1200%2C800&ssl=1","_links":{"self":[{"href":"https:\/\/blogdoprosperi.com\/index.php?rest_route=\/wp\/v2\/posts\/37917","targetHints":{"allow":["GET"]}}],"collection":[{"href":"https:\/\/blogdoprosperi.com\/index.php?rest_route=\/wp\/v2\/posts"}],"about":[{"href":"https:\/\/blogdoprosperi.com\/index.php?rest_route=\/wp\/v2\/types\/post"}],"author":[{"embeddable":true,"href":"https:\/\/blogdoprosperi.com\/index.php?rest_route=\/wp\/v2\/users\/102107496"}],"replies":[{"embeddable":true,"href":"https:\/\/blogdoprosperi.com\/index.php?rest_route=%2Fwp%2Fv2%2Fcomments&post=37917"}],"version-history":[{"count":7,"href":"https:\/\/blogdoprosperi.com\/index.php?rest_route=\/wp\/v2\/posts\/37917\/revisions"}],"predecessor-version":[{"id":37925,"href":"https:\/\/blogdoprosperi.com\/index.php?rest_route=\/wp\/v2\/posts\/37917\/revisions\/37925"}],"wp:featuredmedia":[{"embeddable":true,"href":"https:\/\/blogdoprosperi.com\/index.php?rest_route=\/wp\/v2\/media\/37923"}],"wp:attachment":[{"href":"https:\/\/blogdoprosperi.com\/index.php?rest_route=%2Fwp%2Fv2%2Fmedia&parent=37917"}],"wp:term":[{"taxonomy":"category","embeddable":true,"href":"https:\/\/blogdoprosperi.com\/index.php?rest_route=%2Fwp%2Fv2%2Fcategories&post=37917"},{"taxonomy":"post_tag","embeddable":true,"href":"https:\/\/blogdoprosperi.com\/index.php?rest_route=%2Fwp%2Fv2%2Ftags&post=37917"}],"curies":[{"name":"wp","href":"https:\/\/api.w.org\/{rel}","templated":true}]}}