{"id":3794,"date":"2016-05-06T02:30:10","date_gmt":"2016-05-06T02:30:10","guid":{"rendered":"http:\/\/blogdoprosperi.com\/?p=3794"},"modified":"2016-05-06T03:03:22","modified_gmt":"2016-05-06T03:03:22","slug":"tv-obriga-brasileirao-2016-a-ter-jogos-as-segundas-feiras","status":"publish","type":"post","link":"https:\/\/blogdoprosperi.com\/?p=3794","title":{"rendered":"TV obriga Brasileir\u00e3o 2016 a ter jogos \u00e0s segundas-feiras"},"content":{"rendered":"<p>&nbsp;<\/p>\n<p><span class=\"alignnone\"><img data-recalc-dims=\"1\" loading=\"lazy\" decoding=\"async\" data-attachment-id=\"3824\" data-permalink=\"https:\/\/blogdoprosperi.com\/?attachment_id=3824\" data-orig-file=\"https:\/\/i0.wp.com\/blogdoprosperi.com\/wp-content\/uploads\/2016\/05\/20160505212808_0.jpeg?fit=974%2C634&amp;ssl=1\" data-orig-size=\"974,634\" data-comments-opened=\"1\" data-image-meta=\"{&quot;aperture&quot;:&quot;0&quot;,&quot;credit&quot;:&quot;&quot;,&quot;camera&quot;:&quot;&quot;,&quot;caption&quot;:&quot;&quot;,&quot;created_timestamp&quot;:&quot;0&quot;,&quot;copyright&quot;:&quot;&quot;,&quot;focal_length&quot;:&quot;0&quot;,&quot;iso&quot;:&quot;0&quot;,&quot;shutter_speed&quot;:&quot;0&quot;,&quot;title&quot;:&quot;&quot;,&quot;orientation&quot;:&quot;0&quot;}\" data-image-title=\"20160505212808_0\" data-image-description=\"\" data-image-caption=\"\" data-large-file=\"https:\/\/i0.wp.com\/blogdoprosperi.com\/wp-content\/uploads\/2016\/05\/20160505212808_0.jpeg?fit=940%2C612&amp;ssl=1\" class=\"alignnone size-full wp-image-3824\" src=\"https:\/\/i0.wp.com\/blogdoprosperi.com\/wp-content\/uploads\/2016\/05\/20160505212808_0.jpeg?resize=940%2C612&#038;ssl=1\" alt=\"20160505212808_0\" width=\"940\" height=\"612\" \/><\/span><\/p>\n<p>Anote a\u00ed, voc\u00ea que curte futebol no sof\u00e1 da sua casa de frente para a televis\u00e3o. A partir do dia 14 deste m\u00eas teremos jogos em todos os dias da semana com a inclus\u00e3o da segunda-feira no calend\u00e1rio nacional. A CBF manda avisar que \u00e0s 20h das segundas-feiras vai ter jogo da S\u00e9rie A do Brasileir\u00e3o 2016, como complemento da rodada de s\u00e1bado e domingo.<\/p>\n<p>Assim, os mais fan\u00e1ticos ter\u00e3o partidas de futebol na S\u00e9rie A \u00e0s segundas, quartas, quintas, s\u00e1bados e domingos. Na S\u00e9rie B, os jogos ser\u00e3o \u00e0s ter\u00e7as-feiras, sextas e s\u00e1bados. Entendido? Sim, um leque de jogos em todos os dias da semana.<\/p>\n<p>&#8220;Era um projeto antigo nosso. \u00c9 um hor\u00e1rio de sucesso em outros campeonatos mundo afora. Obviamente, vamos tentar entender como ser\u00e1 recebida essa din\u00e2mica aqui, mas nossa expectativa \u00e9 a melhor poss\u00edvel. Sempre um jogo fechando a rodada \u00e0s segundas. A ideia \u00e9 levar cada vez mais p\u00fablico para os est\u00e1dios e convocamos o torcedor a comparecer nesse novo hor\u00e1rio&#8221;, disse Manoel Pires, diretor de competi\u00e7\u00f5es da CBF.<\/p>\n<p>A novidade atende \u00e0 demanda da rede de televis\u00e3o que det\u00e9m os direitos de transmiss\u00e3o do Campeonato Brasileiro, no caso a TV Globo, em canal aberto, e a SporTV, nos canais a cabo, e mais no sistema pay-per-view (pague para ver) no Premier FC.<\/p>\n<p>Essa nova arruma\u00e7\u00e3o do calend\u00e1rio passa tamb\u00e9m pelo desejo da Globo, que desembolsou cerca de R$ 1,1 bilh\u00e3o nos contratos com os principais clubes do Pa\u00eds, frente ao ass\u00e9dio do Esporte Interativo, do grupo norte-americano Turner, que tamb\u00e9m j\u00e1 arrebanhou alguns clubes e havia oferecido R$ 550 milh\u00f5es para mostrar o Brasileir\u00e3o em canal fechado. O Grupo Turner, parece, est\u00e1 comprando 30% do capital da BAND.<\/p>\n<p>Parceira da Globo na transmiss\u00e3o da S\u00e9rie A do Brasileir\u00e3o e Copa do Brasil, a BAND desfez o longo por falta publicidade para bancar os eventos esportivos, segundo o mercado de marketing de m\u00eddia.<\/p>\n<p>Com o novo hor\u00e1rio das segundas-feiras, a Globo e SporTV estendem sua cobertura em todos os dias da semana inibindo a concorr\u00eancia. Os clubes aprovaram, de olho na grana extra que pode pingar em um dia n\u00e3o comum ao futebol brasileiro.<\/p>\n<p>Outra novidade no lan\u00e7amento do Brasileir\u00e3o 2016, com largada prevista no pr\u00f3ximo dia 14 deste m\u00eas, \u00e9 a institui\u00e7\u00e3o da m\u00fasica-tema &#8211; uma c\u00f3pia do modelo da consagrada m\u00fasica Champions League, o maior torneio de clubes do mundo.<\/p>\n<p>A m\u00fasica-tema vai ser exibida nos est\u00e1dios no momento em que os times entrarem em campo. Em seguida, vem o Hino Nacional, como manda lei federal para eventos esportivos. Veja o v\u00eddeo da m\u00fasica:\u00a0<a href=\"https:\/\/youtu.be\/s0YONyhIIyw\">Brasileir\u00e3o 2016<\/a><\/p>\n","protected":false},"excerpt":{"rendered":"<p>&nbsp; Anote a\u00ed, voc\u00ea que curte futebol no sof\u00e1 da sua casa de frente para a televis\u00e3o. A [&hellip;]<\/p>\n","protected":false},"author":102107496,"featured_media":0,"comment_status":"open","ping_status":"open","sticky":false,"template":"","format":"standard","meta":{"_coblocks_attr":"","_coblocks_dimensions":"","_coblocks_responsive_height":"","_coblocks_accordion_ie_support":"","_jetpack_newsletter_access":"","_jetpack_dont_email_post_to_subs":false,"_jetpack_newsletter_tier_id":0,"_jetpack_memberships_contains_paywalled_content":false,"_wpcom_ai_launchpad_first_post":false,"_jetpack_feature_clip_id":0,"_jetpack_memberships_contains_paid_content":false,"footnotes":"","jetpack_publicize_message":"","jetpack_publicize_feature_enabled":true,"jetpack_social_post_already_shared":false,"jetpack_social_options":{"image_generator_settings":{"template":"highway","default_image_id":0,"font":"","enabled":false},"version":2},"jetpack_post_was_ever_published":false},"categories":[53870],"tags":[5800,362595295,789560569,3047657,789560560,76285,593539],"class_list":["post-3794","post","type-post","status-publish","format-standard","hentry","category-futebol","tag-band","tag-brasileirao-2016","tag-cbf","tag-esporte-interativo","tag-futebol","tag-serie-a","tag-tv-globo"],"yoast_head":"<!-- This site is optimized with the Yoast SEO plugin v28.4 - https:\/\/yoast.com\/product\/yoast-seo-wordpress\/ -->\n<title>TV obriga Brasileir\u00e3o 2016 a ter jogos \u00e0s segundas-feiras - PR\u00d3SPERI NEWS<\/title>\n<meta name=\"robots\" content=\"index, follow, max-snippet:-1, max-image-preview:large, max-video-preview:-1\" \/>\n<link rel=\"canonical\" href=\"https:\/\/blogdoprosperi.com\/?p=3794\" \/>\n<meta property=\"og:locale\" content=\"pt_BR\" \/>\n<meta property=\"og:type\" content=\"article\" \/>\n<meta property=\"og:title\" content=\"TV obriga Brasileir\u00e3o 2016 a ter jogos \u00e0s segundas-feiras - PR\u00d3SPERI NEWS\" \/>\n<meta property=\"og:description\" content=\"&nbsp; Anote a\u00ed, voc\u00ea que curte futebol no sof\u00e1 da sua casa de frente para a televis\u00e3o. A [&hellip;]\" \/>\n<meta property=\"og:url\" content=\"https:\/\/blogdoprosperi.com\/?p=3794\" \/>\n<meta property=\"og:site_name\" content=\"PR\u00d3SPERI NEWS\" \/>\n<meta property=\"article:publisher\" content=\"Luiz Pr\u00f3speri\" \/>\n<meta property=\"article:author\" content=\"Luiz Pr\u00f3speri\" \/>\n<meta property=\"article:published_time\" content=\"2016-05-06T02:30:10+00:00\" \/>\n<meta property=\"article:modified_time\" content=\"2016-05-06T03:03:22+00:00\" \/>\n<meta property=\"og:image\" content=\"https:\/\/blogdoprosperi.com\/wp-content\/uploads\/2016\/05\/20160505212808_0.jpeg\" \/>\n<meta name=\"author\" content=\"Luiz Ant\u00f4nio Pr\u00f3speri\" \/>\n<meta name=\"twitter:card\" content=\"summary_large_image\" \/>\n<meta name=\"twitter:creator\" content=\"@Luizprosperi\" \/>\n<meta name=\"twitter:site\" content=\"@Luizprosperi\" \/>\n<meta name=\"twitter:label1\" content=\"Escrito por\" \/>\n\t<meta name=\"twitter:data1\" content=\"Luiz Ant\u00f4nio Pr\u00f3speri\" \/>\n\t<meta name=\"twitter:label2\" content=\"Est. tempo de leitura\" \/>\n\t<meta name=\"twitter:data2\" content=\"2 minutos\" \/>\n<script type=\"application\/ld+json\" class=\"yoast-schema-graph\">{\"@context\":\"https:\\\/\\\/schema.org\",\"@graph\":[{\"@type\":\"Article\",\"@id\":\"https:\\\/\\\/blogdoprosperi.com\\\/?p=3794#article\",\"isPartOf\":{\"@id\":\"https:\\\/\\\/blogdoprosperi.com\\\/?p=3794\"},\"author\":{\"name\":\"Luiz Ant\u00f4nio Pr\u00f3speri\",\"@id\":\"https:\\\/\\\/blogdoprosperi.com\\\/#\\\/schema\\\/person\\\/38100755ce3601861ee4fab9b5aa78e9\"},\"headline\":\"TV obriga Brasileir\u00e3o 2016 a ter jogos \u00e0s segundas-feiras\",\"datePublished\":\"2016-05-06T02:30:10+00:00\",\"dateModified\":\"2016-05-06T03:03:22+00:00\",\"mainEntityOfPage\":{\"@id\":\"https:\\\/\\\/blogdoprosperi.com\\\/?p=3794\"},\"wordCount\":484,\"commentCount\":1,\"publisher\":{\"@id\":\"https:\\\/\\\/blogdoprosperi.com\\\/#\\\/schema\\\/person\\\/38100755ce3601861ee4fab9b5aa78e9\"},\"image\":{\"@id\":\"https:\\\/\\\/blogdoprosperi.com\\\/?p=3794#primaryimage\"},\"thumbnailUrl\":\"https:\\\/\\\/blogdoprosperi.com\\\/wp-content\\\/uploads\\\/2016\\\/05\\\/20160505212808_0.jpeg\",\"keywords\":[\"BAND\",\"Brasileir\u00e3o-2016\",\"CBF\",\"Esporte Interativo\",\"futebol\",\"S\u00e9rie A\",\"TV Globo\"],\"articleSection\":[\"futebol\"],\"inLanguage\":\"pt-BR\",\"potentialAction\":[{\"@type\":\"CommentAction\",\"name\":\"Comment\",\"target\":[\"https:\\\/\\\/blogdoprosperi.com\\\/?p=3794#respond\"]}]},{\"@type\":\"WebPage\",\"@id\":\"https:\\\/\\\/blogdoprosperi.com\\\/?p=3794\",\"url\":\"https:\\\/\\\/blogdoprosperi.com\\\/?p=3794\",\"name\":\"TV obriga Brasileir\u00e3o 2016 a ter jogos \u00e0s segundas-feiras - PR\u00d3SPERI NEWS\",\"isPartOf\":{\"@id\":\"https:\\\/\\\/blogdoprosperi.com\\\/#website\"},\"primaryImageOfPage\":{\"@id\":\"https:\\\/\\\/blogdoprosperi.com\\\/?p=3794#primaryimage\"},\"image\":{\"@id\":\"https:\\\/\\\/blogdoprosperi.com\\\/?p=3794#primaryimage\"},\"thumbnailUrl\":\"https:\\\/\\\/blogdoprosperi.com\\\/wp-content\\\/uploads\\\/2016\\\/05\\\/20160505212808_0.jpeg\",\"datePublished\":\"2016-05-06T02:30:10+00:00\",\"dateModified\":\"2016-05-06T03:03:22+00:00\",\"breadcrumb\":{\"@id\":\"https:\\\/\\\/blogdoprosperi.com\\\/?p=3794#breadcrumb\"},\"inLanguage\":\"pt-BR\",\"potentialAction\":[{\"@type\":\"ReadAction\",\"target\":[\"https:\\\/\\\/blogdoprosperi.com\\\/?p=3794\"]}]},{\"@type\":\"ImageObject\",\"inLanguage\":\"pt-BR\",\"@id\":\"https:\\\/\\\/blogdoprosperi.com\\\/?p=3794#primaryimage\",\"url\":\"https:\\\/\\\/i0.wp.com\\\/blogdoprosperi.com\\\/wp-content\\\/uploads\\\/2016\\\/05\\\/20160505212808_0.jpeg?fit=974%2C634&ssl=1\",\"contentUrl\":\"https:\\\/\\\/i0.wp.com\\\/blogdoprosperi.com\\\/wp-content\\\/uploads\\\/2016\\\/05\\\/20160505212808_0.jpeg?fit=974%2C634&ssl=1\",\"width\":974,\"height\":634},{\"@type\":\"BreadcrumbList\",\"@id\":\"https:\\\/\\\/blogdoprosperi.com\\\/?p=3794#breadcrumb\",\"itemListElement\":[{\"@type\":\"ListItem\",\"position\":1,\"name\":\"In\u00edcio\",\"item\":\"https:\\\/\\\/blogdoprosperi.com\\\/\"},{\"@type\":\"ListItem\",\"position\":2,\"name\":\"TV obriga Brasileir\u00e3o 2016 a ter jogos \u00e0s segundas-feiras\"}]},{\"@type\":\"WebSite\",\"@id\":\"https:\\\/\\\/blogdoprosperi.com\\\/#website\",\"url\":\"https:\\\/\\\/blogdoprosperi.com\\\/\",\"name\":\"PR\u00d3SPERI NEWS\",\"description\":\"TUDO \u00c9  FUTEBOL\",\"publisher\":{\"@id\":\"https:\\\/\\\/blogdoprosperi.com\\\/#\\\/schema\\\/person\\\/38100755ce3601861ee4fab9b5aa78e9\"},\"alternateName\":\"blogdoprosperi.com\",\"potentialAction\":[{\"@type\":\"SearchAction\",\"target\":{\"@type\":\"EntryPoint\",\"urlTemplate\":\"https:\\\/\\\/blogdoprosperi.com\\\/?s={search_term_string}\"},\"query-input\":{\"@type\":\"PropertyValueSpecification\",\"valueRequired\":true,\"valueName\":\"search_term_string\"}}],\"inLanguage\":\"pt-BR\"},{\"@type\":[\"Person\",\"Organization\"],\"@id\":\"https:\\\/\\\/blogdoprosperi.com\\\/#\\\/schema\\\/person\\\/38100755ce3601861ee4fab9b5aa78e9\",\"name\":\"Luiz Ant\u00f4nio Pr\u00f3speri\",\"pronouns\":\"ele\",\"image\":{\"@type\":\"ImageObject\",\"inLanguage\":\"pt-BR\",\"@id\":\"https:\\\/\\\/i0.wp.com\\\/blogdoprosperi.com\\\/wp-content\\\/uploads\\\/2026\\\/05\\\/cropped-8059e613-6002-42fa-961e-8e275f575d71-2-5.jpg?fit=1360%2C931&ssl=1\",\"url\":\"https:\\\/\\\/i0.wp.com\\\/blogdoprosperi.com\\\/wp-content\\\/uploads\\\/2026\\\/05\\\/cropped-8059e613-6002-42fa-961e-8e275f575d71-2-5.jpg?fit=1360%2C931&ssl=1\",\"contentUrl\":\"https:\\\/\\\/i0.wp.com\\\/blogdoprosperi.com\\\/wp-content\\\/uploads\\\/2026\\\/05\\\/cropped-8059e613-6002-42fa-961e-8e275f575d71-2-5.jpg?fit=1360%2C931&ssl=1\",\"width\":1360,\"height\":931,\"caption\":\"Luiz Ant\u00f4nio Pr\u00f3speri\"},\"logo\":{\"@id\":\"https:\\\/\\\/i0.wp.com\\\/blogdoprosperi.com\\\/wp-content\\\/uploads\\\/2026\\\/05\\\/cropped-8059e613-6002-42fa-961e-8e275f575d71-2-5.jpg?fit=1360%2C931&ssl=1\"},\"description\":\"Jornalista com carreira dedicada ao esporte. Cobriu 9 Copas do Mundo in loco, 1990 na It\u00e1lia, 1994 nos EUA, 1998 na Fran\u00e7a, 2002 na Coreia do Sul e Jap\u00e3o, 2006 na Alemanha, 2010 na \u00c1frica do Sul, 2014 no Brasil, 2018 na R\u00fassia e 2022 no Qatar. Eurocopas, 1992 na Su\u00e9cia e 1996 na Inglaterra. Copa das Confedera\u00e7\u00f5es de 2005 na Alemanha e 2009 na \u00c1frica do Sul. Rep\u00f3rter e Editor, trabalhou no Jornal da Tarde e Estad\u00e3o, de 1984 a fevereiro de 2016. Colunista, blogueiro. E comentarista de futebol na R\u00e1dio Estad\u00e3o, de 2013 a fevereiro de 2016. Jornalista respons\u00e1vel do \\\"Pr\u00f3speri News\\\" (blogdoprosperi.com).\",\"sameAs\":[\"http:\\\/\\\/blogdoprosperi.com\",\"Luiz Pr\u00f3speri\",\"@luiz_prosperi\",\"https:\\\/\\\/x.com\\\/Luizprosperi\",\"@prosperinacopa\",\"luiz.prosperi@icloud.com\"],\"url\":\"https:\\\/\\\/blogdoprosperi.com\\\/?author=102107496\"}]}<\/script>\n<!-- \/ Yoast SEO plugin. -->","yoast_head_json":{"title":"TV obriga Brasileir\u00e3o 2016 a ter jogos \u00e0s segundas-feiras - PR\u00d3SPERI NEWS","robots":{"index":"index","follow":"follow","max-snippet":"max-snippet:-1","max-image-preview":"max-image-preview:large","max-video-preview":"max-video-preview:-1"},"canonical":"https:\/\/blogdoprosperi.com\/?p=3794","og_locale":"pt_BR","og_type":"article","og_title":"TV obriga Brasileir\u00e3o 2016 a ter jogos \u00e0s segundas-feiras - PR\u00d3SPERI NEWS","og_description":"&nbsp; Anote a\u00ed, voc\u00ea que curte futebol no sof\u00e1 da sua casa de frente para a televis\u00e3o. A [&hellip;]","og_url":"https:\/\/blogdoprosperi.com\/?p=3794","og_site_name":"PR\u00d3SPERI NEWS","article_publisher":"Luiz Pr\u00f3speri","article_author":"Luiz Pr\u00f3speri","article_published_time":"2016-05-06T02:30:10+00:00","article_modified_time":"2016-05-06T03:03:22+00:00","og_image":[{"url":"https:\/\/blogdoprosperi.com\/wp-content\/uploads\/2016\/05\/20160505212808_0.jpeg","type":"","width":"","height":""}],"author":"Luiz Ant\u00f4nio Pr\u00f3speri","twitter_card":"summary_large_image","twitter_creator":"@Luizprosperi","twitter_site":"@Luizprosperi","twitter_misc":{"Escrito por":"Luiz Ant\u00f4nio Pr\u00f3speri","Est. tempo de leitura":"2 minutos"},"schema":{"@context":"https:\/\/schema.org","@graph":[{"@type":"Article","@id":"https:\/\/blogdoprosperi.com\/?p=3794#article","isPartOf":{"@id":"https:\/\/blogdoprosperi.com\/?p=3794"},"author":{"name":"Luiz Ant\u00f4nio Pr\u00f3speri","@id":"https:\/\/blogdoprosperi.com\/#\/schema\/person\/38100755ce3601861ee4fab9b5aa78e9"},"headline":"TV obriga Brasileir\u00e3o 2016 a ter jogos \u00e0s segundas-feiras","datePublished":"2016-05-06T02:30:10+00:00","dateModified":"2016-05-06T03:03:22+00:00","mainEntityOfPage":{"@id":"https:\/\/blogdoprosperi.com\/?p=3794"},"wordCount":484,"commentCount":1,"publisher":{"@id":"https:\/\/blogdoprosperi.com\/#\/schema\/person\/38100755ce3601861ee4fab9b5aa78e9"},"image":{"@id":"https:\/\/blogdoprosperi.com\/?p=3794#primaryimage"},"thumbnailUrl":"https:\/\/blogdoprosperi.com\/wp-content\/uploads\/2016\/05\/20160505212808_0.jpeg","keywords":["BAND","Brasileir\u00e3o-2016","CBF","Esporte Interativo","futebol","S\u00e9rie A","TV Globo"],"articleSection":["futebol"],"inLanguage":"pt-BR","potentialAction":[{"@type":"CommentAction","name":"Comment","target":["https:\/\/blogdoprosperi.com\/?p=3794#respond"]}]},{"@type":"WebPage","@id":"https:\/\/blogdoprosperi.com\/?p=3794","url":"https:\/\/blogdoprosperi.com\/?p=3794","name":"TV obriga Brasileir\u00e3o 2016 a ter jogos \u00e0s segundas-feiras - PR\u00d3SPERI NEWS","isPartOf":{"@id":"https:\/\/blogdoprosperi.com\/#website"},"primaryImageOfPage":{"@id":"https:\/\/blogdoprosperi.com\/?p=3794#primaryimage"},"image":{"@id":"https:\/\/blogdoprosperi.com\/?p=3794#primaryimage"},"thumbnailUrl":"https:\/\/blogdoprosperi.com\/wp-content\/uploads\/2016\/05\/20160505212808_0.jpeg","datePublished":"2016-05-06T02:30:10+00:00","dateModified":"2016-05-06T03:03:22+00:00","breadcrumb":{"@id":"https:\/\/blogdoprosperi.com\/?p=3794#breadcrumb"},"inLanguage":"pt-BR","potentialAction":[{"@type":"ReadAction","target":["https:\/\/blogdoprosperi.com\/?p=3794"]}]},{"@type":"ImageObject","inLanguage":"pt-BR","@id":"https:\/\/blogdoprosperi.com\/?p=3794#primaryimage","url":"https:\/\/i0.wp.com\/blogdoprosperi.com\/wp-content\/uploads\/2016\/05\/20160505212808_0.jpeg?fit=974%2C634&ssl=1","contentUrl":"https:\/\/i0.wp.com\/blogdoprosperi.com\/wp-content\/uploads\/2016\/05\/20160505212808_0.jpeg?fit=974%2C634&ssl=1","width":974,"height":634},{"@type":"BreadcrumbList","@id":"https:\/\/blogdoprosperi.com\/?p=3794#breadcrumb","itemListElement":[{"@type":"ListItem","position":1,"name":"In\u00edcio","item":"https:\/\/blogdoprosperi.com\/"},{"@type":"ListItem","position":2,"name":"TV obriga Brasileir\u00e3o 2016 a ter jogos \u00e0s segundas-feiras"}]},{"@type":"WebSite","@id":"https:\/\/blogdoprosperi.com\/#website","url":"https:\/\/blogdoprosperi.com\/","name":"PR\u00d3SPERI NEWS","description":"TUDO \u00c9  FUTEBOL","publisher":{"@id":"https:\/\/blogdoprosperi.com\/#\/schema\/person\/38100755ce3601861ee4fab9b5aa78e9"},"alternateName":"blogdoprosperi.com","potentialAction":[{"@type":"SearchAction","target":{"@type":"EntryPoint","urlTemplate":"https:\/\/blogdoprosperi.com\/?s={search_term_string}"},"query-input":{"@type":"PropertyValueSpecification","valueRequired":true,"valueName":"search_term_string"}}],"inLanguage":"pt-BR"},{"@type":["Person","Organization"],"@id":"https:\/\/blogdoprosperi.com\/#\/schema\/person\/38100755ce3601861ee4fab9b5aa78e9","name":"Luiz Ant\u00f4nio Pr\u00f3speri","pronouns":"ele","image":{"@type":"ImageObject","inLanguage":"pt-BR","@id":"https:\/\/i0.wp.com\/blogdoprosperi.com\/wp-content\/uploads\/2026\/05\/cropped-8059e613-6002-42fa-961e-8e275f575d71-2-5.jpg?fit=1360%2C931&ssl=1","url":"https:\/\/i0.wp.com\/blogdoprosperi.com\/wp-content\/uploads\/2026\/05\/cropped-8059e613-6002-42fa-961e-8e275f575d71-2-5.jpg?fit=1360%2C931&ssl=1","contentUrl":"https:\/\/i0.wp.com\/blogdoprosperi.com\/wp-content\/uploads\/2026\/05\/cropped-8059e613-6002-42fa-961e-8e275f575d71-2-5.jpg?fit=1360%2C931&ssl=1","width":1360,"height":931,"caption":"Luiz Ant\u00f4nio Pr\u00f3speri"},"logo":{"@id":"https:\/\/i0.wp.com\/blogdoprosperi.com\/wp-content\/uploads\/2026\/05\/cropped-8059e613-6002-42fa-961e-8e275f575d71-2-5.jpg?fit=1360%2C931&ssl=1"},"description":"Jornalista com carreira dedicada ao esporte. Cobriu 9 Copas do Mundo in loco, 1990 na It\u00e1lia, 1994 nos EUA, 1998 na Fran\u00e7a, 2002 na Coreia do Sul e Jap\u00e3o, 2006 na Alemanha, 2010 na \u00c1frica do Sul, 2014 no Brasil, 2018 na R\u00fassia e 2022 no Qatar. Eurocopas, 1992 na Su\u00e9cia e 1996 na Inglaterra. Copa das Confedera\u00e7\u00f5es de 2005 na Alemanha e 2009 na \u00c1frica do Sul. Rep\u00f3rter e Editor, trabalhou no Jornal da Tarde e Estad\u00e3o, de 1984 a fevereiro de 2016. Colunista, blogueiro. E comentarista de futebol na R\u00e1dio Estad\u00e3o, de 2013 a fevereiro de 2016. Jornalista respons\u00e1vel do \"Pr\u00f3speri News\" (blogdoprosperi.com).","sameAs":["http:\/\/blogdoprosperi.com","Luiz Pr\u00f3speri","@luiz_prosperi","https:\/\/x.com\/Luizprosperi","@prosperinacopa","luiz.prosperi@icloud.com"],"url":"https:\/\/blogdoprosperi.com\/?author=102107496"}]}},"jetpack_publicize_connections":[],"jetpack_likes_enabled":false,"jetpack_sharing_enabled":true,"jetpack_shortlink":"https:\/\/wp.me\/p7jvdk-Zc","jetpack-related-posts":[{"id":47827,"url":"https:\/\/blogdoprosperi.com\/?p=47827","url_meta":{"origin":3794,"position":0},"title":"Como os Direitos de Transmiss\u00e3o Afetar\u00e3o os Clubes no Brasileir\u00e3o 2025","author":"Luiz Ant\u00f4nio Pr\u00f3speri","date":"4 de fevereiro de 2025","format":false,"excerpt":"Luiz Ant\u00f4nio Pr\u00f3speri \u2013 4 fevereiro (19h29) \u2013 Brasileir\u00e3o 2025 vai render R$ 2,8 bilh\u00f5es aos 20 clubes da S\u00e9rie A com a venda dos direitos de transmiss\u00e3o do campeonato. Nos bastidores das negocia\u00e7\u00f5es, se estima que os clubes poderiam faturar bem mais. Era quest\u00e3o de se unirem e oferecer\u2026","rel":"","context":"Em &quot;futebol&quot;","block_context":{"text":"futebol","link":"https:\/\/blogdoprosperi.com\/?cat=53870"},"img":{"alt_text":"Clubes vendem Brasileir\u00e3o 2025 por R$ 2,8 bi","src":"https:\/\/i0.wp.com\/blogdoprosperi.com\/wp-content\/uploads\/2024\/09\/brasileirao-2024-1-1.webp?fit=930%2C480&ssl=1&resize=350%2C200","width":350,"height":200,"srcset":"https:\/\/i0.wp.com\/blogdoprosperi.com\/wp-content\/uploads\/2024\/09\/brasileirao-2024-1-1.webp?fit=930%2C480&ssl=1&resize=350%2C200 1x, https:\/\/i0.wp.com\/blogdoprosperi.com\/wp-content\/uploads\/2024\/09\/brasileirao-2024-1-1.webp?fit=930%2C480&ssl=1&resize=525%2C300 1.5x, https:\/\/i0.wp.com\/blogdoprosperi.com\/wp-content\/uploads\/2024\/09\/brasileirao-2024-1-1.webp?fit=930%2C480&ssl=1&resize=700%2C400 2x"},"classes":[]},{"id":3710,"url":"https:\/\/blogdoprosperi.com\/?p=3710","url_meta":{"origin":3794,"position":1},"title":"CBF paga uma mixaria aos clubes no Campeonato Brasileiro","author":"Luiz Ant\u00f4nio Pr\u00f3speri","date":"14 de maio de 2016","format":false,"excerpt":"O Campeonato Brasileiro 2016 come\u00e7a neste s\u00e1bado (14\/5) sem uma premia\u00e7\u00e3o definida. Na festa de lan\u00e7amento da competi\u00e7\u00e3o, h\u00e1 duas semanas, a CBF n\u00e3o se manifestou sobre cotas destinadas aos 20 clubes da S\u00e9rie A. Na edi\u00e7\u00e3o de 2015, a entidade s\u00f3 anunciou como seria dividido o dinheiro em novembro,\u2026","rel":"","context":"Em &quot;futebol&quot;","block_context":{"text":"futebol","link":"https:\/\/blogdoprosperi.com\/?cat=53870"},"img":{"alt_text":"","src":"https:\/\/i0.wp.com\/blogdoprosperi.com\/wp-content\/uploads\/2016\/05\/rib6284.jpg?resize=350%2C200&ssl=1","width":350,"height":200,"srcset":"https:\/\/i0.wp.com\/blogdoprosperi.com\/wp-content\/uploads\/2016\/05\/rib6284.jpg?resize=350%2C200&ssl=1 1x, https:\/\/i0.wp.com\/blogdoprosperi.com\/wp-content\/uploads\/2016\/05\/rib6284.jpg?resize=525%2C300&ssl=1 1.5x"},"classes":[]},{"id":4584,"url":"https:\/\/blogdoprosperi.com\/?p=4584","url_meta":{"origin":3794,"position":2},"title":"Cinco an\u00e1lises de futebol para voc\u00ea ler nesta segunda-feira (09\/5) ao despertar","author":"Luiz Ant\u00f4nio Pr\u00f3speri","date":"9 de maio de 2016","format":false,"excerpt":"Entramos na semana do in\u00edcio do Campeonato Brasileiro com o fim dos Estaduais. Nesta segunda-feira, vale ainda um balan\u00e7o dos campe\u00f5es do domingo, os efeitos negativos e positivos nos clubes e como Santos e Audax v\u00e3o se virar ap\u00f3s a decis\u00e3o do Paulist\u00e3o-2016. Gostaria de lembrar o caro e raro\u2026","rel":"","context":"Em &quot;futebol&quot;","block_context":{"text":"futebol","link":"https:\/\/blogdoprosperi.com\/?cat=53870"},"img":{"alt_text":"","src":"https:\/\/i0.wp.com\/blogdoprosperi.com\/wp-content\/uploads\/2016\/05\/santos.jpg?resize=350%2C200&ssl=1","width":350,"height":200,"srcset":"https:\/\/i0.wp.com\/blogdoprosperi.com\/wp-content\/uploads\/2016\/05\/santos.jpg?resize=350%2C200&ssl=1 1x, https:\/\/i0.wp.com\/blogdoprosperi.com\/wp-content\/uploads\/2016\/05\/santos.jpg?resize=525%2C300&ssl=1 1.5x"},"classes":[]},{"id":37617,"url":"https:\/\/blogdoprosperi.com\/?p=37617","url_meta":{"origin":3794,"position":3},"title":"CBF: Rogerio Caboclo assume presid\u00eancia e prepara mudan\u00e7as radicais no futebol brasileiro","author":"Luiz Ant\u00f4nio Pr\u00f3speri","date":"9 de abril de 2019","format":false,"excerpt":"CBF ter\u00e1 um novo comando a partir desta ter\u00e7a-feira (09\/4) com a posse de Rogerio Langanke Caboclo, 46 anos, na presid\u00eancia da entidade para um mandato de 2019 a 2023. Eleito em abril de 2018, beneficiado por mudan\u00e7as no estatuto da CBF conferindo \u00e0s federa\u00e7\u00f5es estaduais mais peso nos votos\u2026","rel":"","context":"Em &quot;futebol&quot;","block_context":{"text":"futebol","link":"https:\/\/blogdoprosperi.com\/?cat=53870"},"img":{"alt_text":"","src":"https:\/\/i0.wp.com\/blogdoprosperi.com\/wp-content\/uploads\/2019\/04\/x40812655734_59086c7d8f_o.jpg.pagespeed.ic_.ufbyn_v5ac.jpg?fit=1086%2C652&ssl=1&resize=350%2C200","width":350,"height":200,"srcset":"https:\/\/i0.wp.com\/blogdoprosperi.com\/wp-content\/uploads\/2019\/04\/x40812655734_59086c7d8f_o.jpg.pagespeed.ic_.ufbyn_v5ac.jpg?fit=1086%2C652&ssl=1&resize=350%2C200 1x, https:\/\/i0.wp.com\/blogdoprosperi.com\/wp-content\/uploads\/2019\/04\/x40812655734_59086c7d8f_o.jpg.pagespeed.ic_.ufbyn_v5ac.jpg?fit=1086%2C652&ssl=1&resize=525%2C300 1.5x, https:\/\/i0.wp.com\/blogdoprosperi.com\/wp-content\/uploads\/2019\/04\/x40812655734_59086c7d8f_o.jpg.pagespeed.ic_.ufbyn_v5ac.jpg?fit=1086%2C652&ssl=1&resize=700%2C400 2x, https:\/\/i0.wp.com\/blogdoprosperi.com\/wp-content\/uploads\/2019\/04\/x40812655734_59086c7d8f_o.jpg.pagespeed.ic_.ufbyn_v5ac.jpg?fit=1086%2C652&ssl=1&resize=1050%2C600 3x"},"classes":[]},{"id":49603,"url":"https:\/\/blogdoprosperi.com\/?p=49603","url_meta":{"origin":3794,"position":4},"title":"Futebol Brasileiro Entra no Labirinto da CBF e N\u00e3o Encontra Rota de Sa\u00edda","author":"Luiz Ant\u00f4nio Pr\u00f3speri","date":"7 de abril de 2025","format":false,"excerpt":"Luiz Ant\u00f4nio Pr\u00f3speri \u2013 7 abril (22h31) \u2013 Futebol brasileiro entra no seu labirinto e n\u00e3o tem a m\u00ednima ideia de como sair dessa enrascada. Estamos em abril, na teoria seria o terceiro m\u00eas da temporada 2025 n\u00e3o fosse entupir m\u00eas de janeiro com jogos e mais jogos. Portanto, quatro\u2026","rel":"","context":"Em &quot;CBF&quot;","block_context":{"text":"CBF","link":"https:\/\/blogdoprosperi.com\/?cat=570700"},"img":{"alt_text":"","src":"https:\/\/i0.wp.com\/blogdoprosperi.com\/wp-content\/uploads\/2025\/04\/image-4.png?fit=1024%2C768&ssl=1&resize=350%2C200","width":350,"height":200,"srcset":"https:\/\/i0.wp.com\/blogdoprosperi.com\/wp-content\/uploads\/2025\/04\/image-4.png?fit=1024%2C768&ssl=1&resize=350%2C200 1x, https:\/\/i0.wp.com\/blogdoprosperi.com\/wp-content\/uploads\/2025\/04\/image-4.png?fit=1024%2C768&ssl=1&resize=525%2C300 1.5x, https:\/\/i0.wp.com\/blogdoprosperi.com\/wp-content\/uploads\/2025\/04\/image-4.png?fit=1024%2C768&ssl=1&resize=700%2C400 2x"},"classes":[]},{"id":48147,"url":"https:\/\/blogdoprosperi.com\/?p=48147","url_meta":{"origin":3794,"position":5},"title":"Fim dos Gramados Sint\u00e9ticos | A Rebeli\u00e3o dos Jogadores Cordeirinhos do Instagram","author":"Luiz Ant\u00f4nio Pr\u00f3speri","date":"18 de fevereiro de 2025","format":false,"excerpt":"Luiz Ant\u00f4nio Pr\u00f3speri \u2013 18 fevereiro (15h35) \u2013 Neymar, Gabigol (Cruzeiro), Lucas Moura (S\u00e3o Paulo), Gerson (Flamengo), C\u00e1ssio (Cruzeiro), Coutinho (Vasco), Bruno Henrique (Inter), Alan Patrick (Internacional) e at\u00e9 Dudu (Cruzeiro), que atuou no Allianz Parque na relva pl\u00e1stica, declaram guerra ao gramado sint\u00e9tico em est\u00e1dios do Brasil. A campanha\u2026","rel":"","context":"Em &quot;futebol&quot;","block_context":{"text":"futebol","link":"https:\/\/blogdoprosperi.com\/?cat=53870"},"img":{"alt_text":"N\u00e3o ao gramado sint\u00e9tico","src":"https:\/\/i0.wp.com\/blogdoprosperi.com\/wp-content\/uploads\/2025\/02\/captura-de-tela-2025-02-18-as-15.35.18.png?fit=1188%2C742&ssl=1&resize=350%2C200","width":350,"height":200,"srcset":"https:\/\/i0.wp.com\/blogdoprosperi.com\/wp-content\/uploads\/2025\/02\/captura-de-tela-2025-02-18-as-15.35.18.png?fit=1188%2C742&ssl=1&resize=350%2C200 1x, https:\/\/i0.wp.com\/blogdoprosperi.com\/wp-content\/uploads\/2025\/02\/captura-de-tela-2025-02-18-as-15.35.18.png?fit=1188%2C742&ssl=1&resize=525%2C300 1.5x, https:\/\/i0.wp.com\/blogdoprosperi.com\/wp-content\/uploads\/2025\/02\/captura-de-tela-2025-02-18-as-15.35.18.png?fit=1188%2C742&ssl=1&resize=700%2C400 2x, https:\/\/i0.wp.com\/blogdoprosperi.com\/wp-content\/uploads\/2025\/02\/captura-de-tela-2025-02-18-as-15.35.18.png?fit=1188%2C742&ssl=1&resize=1050%2C600 3x"},"classes":[]}],"jetpack_featured_media_url":"","_links":{"self":[{"href":"https:\/\/blogdoprosperi.com\/index.php?rest_route=\/wp\/v2\/posts\/3794","targetHints":{"allow":["GET"]}}],"collection":[{"href":"https:\/\/blogdoprosperi.com\/index.php?rest_route=\/wp\/v2\/posts"}],"about":[{"href":"https:\/\/blogdoprosperi.com\/index.php?rest_route=\/wp\/v2\/types\/post"}],"author":[{"embeddable":true,"href":"https:\/\/blogdoprosperi.com\/index.php?rest_route=\/wp\/v2\/users\/102107496"}],"replies":[{"embeddable":true,"href":"https:\/\/blogdoprosperi.com\/index.php?rest_route=%2Fwp%2Fv2%2Fcomments&post=3794"}],"version-history":[{"count":25,"href":"https:\/\/blogdoprosperi.com\/index.php?rest_route=\/wp\/v2\/posts\/3794\/revisions"}],"predecessor-version":[{"id":3835,"href":"https:\/\/blogdoprosperi.com\/index.php?rest_route=\/wp\/v2\/posts\/3794\/revisions\/3835"}],"wp:attachment":[{"href":"https:\/\/blogdoprosperi.com\/index.php?rest_route=%2Fwp%2Fv2%2Fmedia&parent=3794"}],"wp:term":[{"taxonomy":"category","embeddable":true,"href":"https:\/\/blogdoprosperi.com\/index.php?rest_route=%2Fwp%2Fv2%2Fcategories&post=3794"},{"taxonomy":"post_tag","embeddable":true,"href":"https:\/\/blogdoprosperi.com\/index.php?rest_route=%2Fwp%2Fv2%2Ftags&post=3794"}],"curies":[{"name":"wp","href":"https:\/\/api.w.org\/{rel}","templated":true}]}}