{"id":38246,"date":"2021-02-28T15:09:17","date_gmt":"2021-02-28T18:09:17","guid":{"rendered":"https:\/\/blogdoprosperi.com\/?p=38246"},"modified":"2021-03-10T20:31:04","modified_gmt":"2021-03-10T23:31:04","slug":"flamengo-e-campeao-dos-sobreviventes-no-pais-do-futebol-e-covid","status":"publish","type":"post","link":"https:\/\/blogdoprosperi.com\/?p=38246","title":{"rendered":"Flamengo \u00e9 campe\u00e3o dos sobreviventes no pa\u00eds do futebol e Covid"},"content":{"rendered":"<p>Flamengo amplia seu imp\u00e9rio no futebol nativo. Conquista o bi do Brasileir\u00e3o empilhando a ta\u00e7a de 2020 em cima da 2019, na temporada dominada pela Covid. Mais que um campe\u00e3o, clube carioca \u00e9 um sobrevivente nessa travessia de um campeonato com pandemia devastadora.<\/p>\n<p>De mar\u00e7o de 2020 (come\u00e7o da pandemia no Brasil) a 25 fevereiro de 2021 (\u00faltima rodada do Brasileir\u00e3o), 365 jogadores dos 20 clubes da S\u00e9rie A foram infectados pelo coronavirus \u2013 sem contar treinadores e profissionais das comiss\u00f5es t\u00e9cnicas e dirigentes \u2013, segundo levantamento do site <em>Goal<\/em>, com dados at\u00e9 a 37.\u00aa rodada (pen\u00faltima do campeonato).<\/p>\n<p>Ao longo do Brasileir\u00e3o 2020 a maioria das cr\u00edticas de analistas e da m\u00eddia esportiva em geral se debru\u00e7ou no baixo n\u00edvel t\u00e9cnico dos jogos.<\/p>\n<p>Em escassos momentos de lucidez se atentou ao fato de que jogadores s\u00e3o seres humanos.<\/p>\n<p>Disparado, foram os jogadores os mais atingidos pela pandemia quando se leva em conta apenas o universo do futebol.<\/p>\n<p>Quando a peste come\u00e7ou a tomar conta do Brasil, os atletas sa\u00edram de cena encarando mais de 100 dias de inatividade. Perderam massa muscular, condicionamento f\u00edsico e t\u00e9cnico. Sal\u00e1rios reduzidos.<\/p>\n<p>N\u00e3o raro entraram em p\u00e2nico com medo do cont\u00e1gio e, por consequ\u00eancia, levar o v\u00edrus at\u00e9 suas fam\u00edlias e agregados. Um duro golpe emocional.<\/p>\n<p>&#8220;Eu particularmente fiquei muito preocupado, n\u00e3o comigo, mas com a minha esposa, com a minha filha. Para mim, o que afetou mesmo foi a minha cabe\u00e7a, foi o lado psicol\u00f3gico, quest\u00e3o que sou muito preocupado com minha fam\u00edlia. Saber que eu contra\u00ed esse v\u00edrus e que n\u00e3o \u00e9 uma brincadeira. Levar esse v\u00edrus e ela ter sido infectada, me deixou com muito medo, mas Papai do C\u00e9u tem sido bom na nossa vida e cuidou dela mais uma vez&#8221; \u2013 Tadeu, goleiro do Goi\u00e1s, ao site <em>ge.globo<\/em>.<\/p>\n<p>No campo de jogo, teriam de se vestir de super-her\u00f3is com plenos poderes. Inating\u00edveis. Verdadeiros homens de ferro.<\/p>\n<p>A cada chute errado, lance bizarro, jogo travado sem grandes emo\u00e7\u00f5es, diminutos momentos de bom futebol, torrenciais cr\u00edticas se derramavam nos jogadores e com alta dosagem de culpa em cima dos treinadores. E tome uma demiss\u00e3o atr\u00e1s de outra, sem poupar t\u00e9cnicos estrangeiros rec\u00e9m-chegados ao futebol brasileiro.<\/p>\n<p>Como se o horror fora dos est\u00e1dios n\u00e3o fosse o mesmo horror dentro de campo.<\/p>\n<p>No dia 10 de agosto de 2020, abertura do Brasileir\u00e3o, o pa\u00eds alcan\u00e7ava a triste marca de 100 mil mortes por Covid. No dia 25 de fevereiro, no encerramento do campeonato, os mortos eram pouco mais de 250 mil.<\/p>\n<p>Em sete meses de Brasileir\u00e3o, morreram 150 mil brasileiros.<\/p>\n<p>Em meio a tudo isso, est\u00e1dios vazios. Solid\u00e3o das arquibancada ao vento. Como se a multid\u00e3o estivesse em sil\u00eancio profundo.<\/p>\n<p>\u00c9 por tudo isso que o Flamengo aparece mais como um sobrevivente a uma conquista memor\u00e1vel. Dono de um grupo de jogadores mais bem qualificados que a maioria dos concorrentes, o clube carioca engatou vit\u00f3rias imprescind\u00edveis no momento crucial do campeonato. E levantou a ta\u00e7a do Brasileir\u00e3o 2020.<\/p>\n<p>As quest\u00f5es do famigerado VAR, calend\u00e1rio desumano e outras interfer\u00eancias n\u00e3o entram no m\u00e9rito desse debate. A realidade \u00e9 clara: Flamengo \u00e9 campe\u00e3o da sobreviv\u00eancia no pa\u00eds do futebol dominado pela Covid.<\/p>\n<p><strong>Jogadores infectados pela Covid nos 20&nbsp;clubes da S\u00e9rie A Brasileir\u00e3o 2020:<\/strong><\/p>\n<figure id=\"attachment_38240\" aria-describedby=\"caption-attachment-38240\" style=\"width: 866px\" class=\"wp-caption alignnone\"><img data-recalc-dims=\"1\" loading=\"lazy\" decoding=\"async\" data-attachment-id=\"38240\" data-permalink=\"https:\/\/blogdoprosperi.com\/?attachment_id=38240\" data-orig-file=\"https:\/\/i0.wp.com\/blogdoprosperi.com\/wp-content\/uploads\/2021\/02\/captura-de-tela-2021-02-26-as-12.02.07.png?fit=994%2C1176&amp;ssl=1\" data-orig-size=\"994,1176\" data-comments-opened=\"1\" data-image-meta=\"{&quot;aperture&quot;:&quot;0&quot;,&quot;credit&quot;:&quot;&quot;,&quot;camera&quot;:&quot;&quot;,&quot;caption&quot;:&quot;&quot;,&quot;created_timestamp&quot;:&quot;0&quot;,&quot;copyright&quot;:&quot;&quot;,&quot;focal_length&quot;:&quot;0&quot;,&quot;iso&quot;:&quot;0&quot;,&quot;shutter_speed&quot;:&quot;0&quot;,&quot;title&quot;:&quot;&quot;,&quot;orientation&quot;:&quot;0&quot;}\" data-image-title=\"Covid no futebol brasileiro\" data-image-description=\"\" data-image-caption=\"&lt;p&gt;fonte: gr\u00e1fico site Goal&lt;\/p&gt;\n\" data-large-file=\"https:\/\/i0.wp.com\/blogdoprosperi.com\/wp-content\/uploads\/2021\/02\/captura-de-tela-2021-02-26-as-12.02.07.png?fit=866%2C1024&amp;ssl=1\" class=\"size-large wp-image-38240\" src=\"https:\/\/i0.wp.com\/blogdoprosperi.com\/wp-content\/uploads\/2021\/02\/captura-de-tela-2021-02-26-as-12.02.07.png?resize=866%2C1024&#038;ssl=1\" alt=\"\" width=\"866\" height=\"1024\"><figcaption id=\"caption-attachment-38240\" class=\"wp-caption-text\">fonte: gr\u00e1fico site Goal<\/figcaption><\/figure>\n","protected":false},"excerpt":{"rendered":"<p>Flamengo amplia seu imp\u00e9rio no futebol nativo. Conquista o bi do Brasileir\u00e3o empilhando a ta\u00e7a de 2020 em [&hellip;]<\/p>\n","protected":false},"author":102107496,"featured_media":38241,"comment_status":"open","ping_status":"open","sticky":false,"template":"","format":"standard","meta":{"_coblocks_attr":"","_coblocks_dimensions":"","_coblocks_responsive_height":"","_coblocks_accordion_ie_support":"","_jetpack_newsletter_access":"","_jetpack_dont_email_post_to_subs":false,"_jetpack_newsletter_tier_id":0,"_jetpack_memberships_contains_paywalled_content":false,"_wpcom_ai_launchpad_first_post":false,"_jetpack_feature_clip_id":0,"_jetpack_memberships_contains_paid_content":false,"footnotes":"","jetpack_publicize_message":"","jetpack_publicize_feature_enabled":true,"jetpack_social_post_already_shared":false,"jetpack_social_options":{"image_generator_settings":{"template":"highway","default_image_id":0,"font":"","enabled":false},"version":2},"jetpack_post_was_ever_published":false},"categories":[53870,692506567],"tags":[691776635,694479852,449299,789560560],"class_list":["post-38246","post","type-post","status-publish","format-standard","has-post-thumbnail","hentry","category-futebol","category-futebol-2020","tag-brasileirao-2020","tag-covid-19","tag-flamengo","tag-futebol"],"yoast_head":"<!-- This site is optimized with the Yoast SEO plugin v28.4 - https:\/\/yoast.com\/product\/yoast-seo-wordpress\/ -->\n<title>Flamengo \u00e9 campe\u00e3o dos sobreviventes no pa\u00eds do futebol e Covid - PR\u00d3SPERI NEWS<\/title>\n<meta name=\"robots\" content=\"index, follow, max-snippet:-1, max-image-preview:large, max-video-preview:-1\" \/>\n<link rel=\"canonical\" href=\"https:\/\/blogdoprosperi.com\/?p=38246\" \/>\n<meta property=\"og:locale\" content=\"pt_BR\" \/>\n<meta property=\"og:type\" content=\"article\" \/>\n<meta property=\"og:title\" content=\"Flamengo \u00e9 campe\u00e3o dos sobreviventes no pa\u00eds do futebol e Covid - PR\u00d3SPERI NEWS\" \/>\n<meta property=\"og:description\" content=\"Flamengo amplia seu imp\u00e9rio no futebol nativo. Conquista o bi do Brasileir\u00e3o empilhando a ta\u00e7a de 2020 em [&hellip;]\" \/>\n<meta property=\"og:url\" content=\"https:\/\/blogdoprosperi.com\/?p=38246\" \/>\n<meta property=\"og:site_name\" content=\"PR\u00d3SPERI NEWS\" \/>\n<meta property=\"article:publisher\" content=\"Luiz Pr\u00f3speri\" \/>\n<meta property=\"article:author\" content=\"Luiz Pr\u00f3speri\" \/>\n<meta property=\"article:published_time\" content=\"2021-02-28T18:09:17+00:00\" \/>\n<meta property=\"article:modified_time\" content=\"2021-03-10T23:31:04+00:00\" \/>\n<meta property=\"og:image\" content=\"https:\/\/i0.wp.com\/blogdoprosperi.com\/wp-content\/uploads\/2021\/02\/evhzhk2xcaev_sb.jpeg?fit=1200%2C800&ssl=1\" \/>\n\t<meta property=\"og:image:width\" content=\"1200\" \/>\n\t<meta property=\"og:image:height\" content=\"800\" \/>\n\t<meta property=\"og:image:type\" content=\"image\/jpeg\" \/>\n<meta name=\"author\" content=\"Luiz Ant\u00f4nio Pr\u00f3speri\" \/>\n<meta name=\"twitter:card\" content=\"summary_large_image\" \/>\n<meta name=\"twitter:creator\" content=\"@Luizprosperi\" \/>\n<meta name=\"twitter:site\" content=\"@Luizprosperi\" \/>\n<meta name=\"twitter:label1\" content=\"Escrito por\" \/>\n\t<meta name=\"twitter:data1\" content=\"Luiz Ant\u00f4nio Pr\u00f3speri\" \/>\n\t<meta name=\"twitter:label2\" content=\"Est. tempo de leitura\" \/>\n\t<meta name=\"twitter:data2\" content=\"3 minutos\" \/>\n<script type=\"application\/ld+json\" class=\"yoast-schema-graph\">{\"@context\":\"https:\\\/\\\/schema.org\",\"@graph\":[{\"@type\":\"Article\",\"@id\":\"https:\\\/\\\/blogdoprosperi.com\\\/?p=38246#article\",\"isPartOf\":{\"@id\":\"https:\\\/\\\/blogdoprosperi.com\\\/?p=38246\"},\"author\":{\"name\":\"Luiz Ant\u00f4nio Pr\u00f3speri\",\"@id\":\"https:\\\/\\\/blogdoprosperi.com\\\/#\\\/schema\\\/person\\\/38100755ce3601861ee4fab9b5aa78e9\"},\"headline\":\"Flamengo \u00e9 campe\u00e3o dos sobreviventes no pa\u00eds do futebol e Covid\",\"datePublished\":\"2021-02-28T18:09:17+00:00\",\"dateModified\":\"2021-03-10T23:31:04+00:00\",\"mainEntityOfPage\":{\"@id\":\"https:\\\/\\\/blogdoprosperi.com\\\/?p=38246\"},\"wordCount\":610,\"commentCount\":1,\"publisher\":{\"@id\":\"https:\\\/\\\/blogdoprosperi.com\\\/#\\\/schema\\\/person\\\/38100755ce3601861ee4fab9b5aa78e9\"},\"image\":{\"@id\":\"https:\\\/\\\/blogdoprosperi.com\\\/?p=38246#primaryimage\"},\"thumbnailUrl\":\"https:\\\/\\\/i0.wp.com\\\/blogdoprosperi.com\\\/wp-content\\\/uploads\\\/2021\\\/02\\\/evhzhk2xcaev_sb.jpeg?fit=1200%2C800&ssl=1\",\"keywords\":[\"Brasileir\u00e3o 2020\",\"covid-19\",\"Flamengo\",\"futebol\"],\"articleSection\":[\"futebol\",\"futebol 2020\"],\"inLanguage\":\"pt-BR\",\"potentialAction\":[{\"@type\":\"CommentAction\",\"name\":\"Comment\",\"target\":[\"https:\\\/\\\/blogdoprosperi.com\\\/?p=38246#respond\"]}]},{\"@type\":\"WebPage\",\"@id\":\"https:\\\/\\\/blogdoprosperi.com\\\/?p=38246\",\"url\":\"https:\\\/\\\/blogdoprosperi.com\\\/?p=38246\",\"name\":\"Flamengo \u00e9 campe\u00e3o dos sobreviventes no pa\u00eds do futebol e Covid - PR\u00d3SPERI NEWS\",\"isPartOf\":{\"@id\":\"https:\\\/\\\/blogdoprosperi.com\\\/#website\"},\"primaryImageOfPage\":{\"@id\":\"https:\\\/\\\/blogdoprosperi.com\\\/?p=38246#primaryimage\"},\"image\":{\"@id\":\"https:\\\/\\\/blogdoprosperi.com\\\/?p=38246#primaryimage\"},\"thumbnailUrl\":\"https:\\\/\\\/i0.wp.com\\\/blogdoprosperi.com\\\/wp-content\\\/uploads\\\/2021\\\/02\\\/evhzhk2xcaev_sb.jpeg?fit=1200%2C800&ssl=1\",\"datePublished\":\"2021-02-28T18:09:17+00:00\",\"dateModified\":\"2021-03-10T23:31:04+00:00\",\"breadcrumb\":{\"@id\":\"https:\\\/\\\/blogdoprosperi.com\\\/?p=38246#breadcrumb\"},\"inLanguage\":\"pt-BR\",\"potentialAction\":[{\"@type\":\"ReadAction\",\"target\":[\"https:\\\/\\\/blogdoprosperi.com\\\/?p=38246\"]}]},{\"@type\":\"ImageObject\",\"inLanguage\":\"pt-BR\",\"@id\":\"https:\\\/\\\/blogdoprosperi.com\\\/?p=38246#primaryimage\",\"url\":\"https:\\\/\\\/i0.wp.com\\\/blogdoprosperi.com\\\/wp-content\\\/uploads\\\/2021\\\/02\\\/evhzhk2xcaev_sb.jpeg?fit=1200%2C800&ssl=1\",\"contentUrl\":\"https:\\\/\\\/i0.wp.com\\\/blogdoprosperi.com\\\/wp-content\\\/uploads\\\/2021\\\/02\\\/evhzhk2xcaev_sb.jpeg?fit=1200%2C800&ssl=1\",\"width\":1200,\"height\":800,\"caption\":\"Jogadores do Flamengo celebram conquista do Brasileir\u00e3o 2020 - foto: @alexandrevidal1\"},{\"@type\":\"BreadcrumbList\",\"@id\":\"https:\\\/\\\/blogdoprosperi.com\\\/?p=38246#breadcrumb\",\"itemListElement\":[{\"@type\":\"ListItem\",\"position\":1,\"name\":\"In\u00edcio\",\"item\":\"https:\\\/\\\/blogdoprosperi.com\\\/\"},{\"@type\":\"ListItem\",\"position\":2,\"name\":\"Flamengo \u00e9 campe\u00e3o dos sobreviventes no pa\u00eds do futebol e Covid\"}]},{\"@type\":\"WebSite\",\"@id\":\"https:\\\/\\\/blogdoprosperi.com\\\/#website\",\"url\":\"https:\\\/\\\/blogdoprosperi.com\\\/\",\"name\":\"PR\u00d3SPERI NEWS\",\"description\":\"TUDO \u00c9  FUTEBOL\",\"publisher\":{\"@id\":\"https:\\\/\\\/blogdoprosperi.com\\\/#\\\/schema\\\/person\\\/38100755ce3601861ee4fab9b5aa78e9\"},\"alternateName\":\"blogdoprosperi.com\",\"potentialAction\":[{\"@type\":\"SearchAction\",\"target\":{\"@type\":\"EntryPoint\",\"urlTemplate\":\"https:\\\/\\\/blogdoprosperi.com\\\/?s={search_term_string}\"},\"query-input\":{\"@type\":\"PropertyValueSpecification\",\"valueRequired\":true,\"valueName\":\"search_term_string\"}}],\"inLanguage\":\"pt-BR\"},{\"@type\":[\"Person\",\"Organization\"],\"@id\":\"https:\\\/\\\/blogdoprosperi.com\\\/#\\\/schema\\\/person\\\/38100755ce3601861ee4fab9b5aa78e9\",\"name\":\"Luiz Ant\u00f4nio Pr\u00f3speri\",\"pronouns\":\"ele\",\"image\":{\"@type\":\"ImageObject\",\"inLanguage\":\"pt-BR\",\"@id\":\"https:\\\/\\\/i0.wp.com\\\/blogdoprosperi.com\\\/wp-content\\\/uploads\\\/2026\\\/05\\\/cropped-8059e613-6002-42fa-961e-8e275f575d71-2-5.jpg?fit=1360%2C931&ssl=1\",\"url\":\"https:\\\/\\\/i0.wp.com\\\/blogdoprosperi.com\\\/wp-content\\\/uploads\\\/2026\\\/05\\\/cropped-8059e613-6002-42fa-961e-8e275f575d71-2-5.jpg?fit=1360%2C931&ssl=1\",\"contentUrl\":\"https:\\\/\\\/i0.wp.com\\\/blogdoprosperi.com\\\/wp-content\\\/uploads\\\/2026\\\/05\\\/cropped-8059e613-6002-42fa-961e-8e275f575d71-2-5.jpg?fit=1360%2C931&ssl=1\",\"width\":1360,\"height\":931,\"caption\":\"Luiz Ant\u00f4nio Pr\u00f3speri\"},\"logo\":{\"@id\":\"https:\\\/\\\/i0.wp.com\\\/blogdoprosperi.com\\\/wp-content\\\/uploads\\\/2026\\\/05\\\/cropped-8059e613-6002-42fa-961e-8e275f575d71-2-5.jpg?fit=1360%2C931&ssl=1\"},\"description\":\"Jornalista com carreira dedicada ao esporte. Cobriu 9 Copas do Mundo in loco, 1990 na It\u00e1lia, 1994 nos EUA, 1998 na Fran\u00e7a, 2002 na Coreia do Sul e Jap\u00e3o, 2006 na Alemanha, 2010 na \u00c1frica do Sul, 2014 no Brasil, 2018 na R\u00fassia e 2022 no Qatar. Eurocopas, 1992 na Su\u00e9cia e 1996 na Inglaterra. Copa das Confedera\u00e7\u00f5es de 2005 na Alemanha e 2009 na \u00c1frica do Sul. Rep\u00f3rter e Editor, trabalhou no Jornal da Tarde e Estad\u00e3o, de 1984 a fevereiro de 2016. Colunista, blogueiro. E comentarista de futebol na R\u00e1dio Estad\u00e3o, de 2013 a fevereiro de 2016. Jornalista respons\u00e1vel do \\\"Pr\u00f3speri News\\\" (blogdoprosperi.com).\",\"sameAs\":[\"http:\\\/\\\/blogdoprosperi.com\",\"Luiz Pr\u00f3speri\",\"@luiz_prosperi\",\"https:\\\/\\\/x.com\\\/Luizprosperi\",\"@prosperinacopa\",\"luiz.prosperi@icloud.com\"],\"url\":\"https:\\\/\\\/blogdoprosperi.com\\\/?author=102107496\"}]}<\/script>\n<!-- \/ Yoast SEO plugin. -->","yoast_head_json":{"title":"Flamengo \u00e9 campe\u00e3o dos sobreviventes no pa\u00eds do futebol e Covid - PR\u00d3SPERI NEWS","robots":{"index":"index","follow":"follow","max-snippet":"max-snippet:-1","max-image-preview":"max-image-preview:large","max-video-preview":"max-video-preview:-1"},"canonical":"https:\/\/blogdoprosperi.com\/?p=38246","og_locale":"pt_BR","og_type":"article","og_title":"Flamengo \u00e9 campe\u00e3o dos sobreviventes no pa\u00eds do futebol e Covid - PR\u00d3SPERI NEWS","og_description":"Flamengo amplia seu imp\u00e9rio no futebol nativo. Conquista o bi do Brasileir\u00e3o empilhando a ta\u00e7a de 2020 em [&hellip;]","og_url":"https:\/\/blogdoprosperi.com\/?p=38246","og_site_name":"PR\u00d3SPERI NEWS","article_publisher":"Luiz Pr\u00f3speri","article_author":"Luiz Pr\u00f3speri","article_published_time":"2021-02-28T18:09:17+00:00","article_modified_time":"2021-03-10T23:31:04+00:00","og_image":[{"width":1200,"height":800,"url":"https:\/\/i0.wp.com\/blogdoprosperi.com\/wp-content\/uploads\/2021\/02\/evhzhk2xcaev_sb.jpeg?fit=1200%2C800&ssl=1","type":"image\/jpeg"}],"author":"Luiz Ant\u00f4nio Pr\u00f3speri","twitter_card":"summary_large_image","twitter_creator":"@Luizprosperi","twitter_site":"@Luizprosperi","twitter_misc":{"Escrito por":"Luiz Ant\u00f4nio Pr\u00f3speri","Est. tempo de leitura":"3 minutos"},"schema":{"@context":"https:\/\/schema.org","@graph":[{"@type":"Article","@id":"https:\/\/blogdoprosperi.com\/?p=38246#article","isPartOf":{"@id":"https:\/\/blogdoprosperi.com\/?p=38246"},"author":{"name":"Luiz Ant\u00f4nio Pr\u00f3speri","@id":"https:\/\/blogdoprosperi.com\/#\/schema\/person\/38100755ce3601861ee4fab9b5aa78e9"},"headline":"Flamengo \u00e9 campe\u00e3o dos sobreviventes no pa\u00eds do futebol e Covid","datePublished":"2021-02-28T18:09:17+00:00","dateModified":"2021-03-10T23:31:04+00:00","mainEntityOfPage":{"@id":"https:\/\/blogdoprosperi.com\/?p=38246"},"wordCount":610,"commentCount":1,"publisher":{"@id":"https:\/\/blogdoprosperi.com\/#\/schema\/person\/38100755ce3601861ee4fab9b5aa78e9"},"image":{"@id":"https:\/\/blogdoprosperi.com\/?p=38246#primaryimage"},"thumbnailUrl":"https:\/\/i0.wp.com\/blogdoprosperi.com\/wp-content\/uploads\/2021\/02\/evhzhk2xcaev_sb.jpeg?fit=1200%2C800&ssl=1","keywords":["Brasileir\u00e3o 2020","covid-19","Flamengo","futebol"],"articleSection":["futebol","futebol 2020"],"inLanguage":"pt-BR","potentialAction":[{"@type":"CommentAction","name":"Comment","target":["https:\/\/blogdoprosperi.com\/?p=38246#respond"]}]},{"@type":"WebPage","@id":"https:\/\/blogdoprosperi.com\/?p=38246","url":"https:\/\/blogdoprosperi.com\/?p=38246","name":"Flamengo \u00e9 campe\u00e3o dos sobreviventes no pa\u00eds do futebol e Covid - PR\u00d3SPERI NEWS","isPartOf":{"@id":"https:\/\/blogdoprosperi.com\/#website"},"primaryImageOfPage":{"@id":"https:\/\/blogdoprosperi.com\/?p=38246#primaryimage"},"image":{"@id":"https:\/\/blogdoprosperi.com\/?p=38246#primaryimage"},"thumbnailUrl":"https:\/\/i0.wp.com\/blogdoprosperi.com\/wp-content\/uploads\/2021\/02\/evhzhk2xcaev_sb.jpeg?fit=1200%2C800&ssl=1","datePublished":"2021-02-28T18:09:17+00:00","dateModified":"2021-03-10T23:31:04+00:00","breadcrumb":{"@id":"https:\/\/blogdoprosperi.com\/?p=38246#breadcrumb"},"inLanguage":"pt-BR","potentialAction":[{"@type":"ReadAction","target":["https:\/\/blogdoprosperi.com\/?p=38246"]}]},{"@type":"ImageObject","inLanguage":"pt-BR","@id":"https:\/\/blogdoprosperi.com\/?p=38246#primaryimage","url":"https:\/\/i0.wp.com\/blogdoprosperi.com\/wp-content\/uploads\/2021\/02\/evhzhk2xcaev_sb.jpeg?fit=1200%2C800&ssl=1","contentUrl":"https:\/\/i0.wp.com\/blogdoprosperi.com\/wp-content\/uploads\/2021\/02\/evhzhk2xcaev_sb.jpeg?fit=1200%2C800&ssl=1","width":1200,"height":800,"caption":"Jogadores do Flamengo celebram conquista do Brasileir\u00e3o 2020 - foto: @alexandrevidal1"},{"@type":"BreadcrumbList","@id":"https:\/\/blogdoprosperi.com\/?p=38246#breadcrumb","itemListElement":[{"@type":"ListItem","position":1,"name":"In\u00edcio","item":"https:\/\/blogdoprosperi.com\/"},{"@type":"ListItem","position":2,"name":"Flamengo \u00e9 campe\u00e3o dos sobreviventes no pa\u00eds do futebol e Covid"}]},{"@type":"WebSite","@id":"https:\/\/blogdoprosperi.com\/#website","url":"https:\/\/blogdoprosperi.com\/","name":"PR\u00d3SPERI NEWS","description":"TUDO \u00c9  FUTEBOL","publisher":{"@id":"https:\/\/blogdoprosperi.com\/#\/schema\/person\/38100755ce3601861ee4fab9b5aa78e9"},"alternateName":"blogdoprosperi.com","potentialAction":[{"@type":"SearchAction","target":{"@type":"EntryPoint","urlTemplate":"https:\/\/blogdoprosperi.com\/?s={search_term_string}"},"query-input":{"@type":"PropertyValueSpecification","valueRequired":true,"valueName":"search_term_string"}}],"inLanguage":"pt-BR"},{"@type":["Person","Organization"],"@id":"https:\/\/blogdoprosperi.com\/#\/schema\/person\/38100755ce3601861ee4fab9b5aa78e9","name":"Luiz Ant\u00f4nio Pr\u00f3speri","pronouns":"ele","image":{"@type":"ImageObject","inLanguage":"pt-BR","@id":"https:\/\/i0.wp.com\/blogdoprosperi.com\/wp-content\/uploads\/2026\/05\/cropped-8059e613-6002-42fa-961e-8e275f575d71-2-5.jpg?fit=1360%2C931&ssl=1","url":"https:\/\/i0.wp.com\/blogdoprosperi.com\/wp-content\/uploads\/2026\/05\/cropped-8059e613-6002-42fa-961e-8e275f575d71-2-5.jpg?fit=1360%2C931&ssl=1","contentUrl":"https:\/\/i0.wp.com\/blogdoprosperi.com\/wp-content\/uploads\/2026\/05\/cropped-8059e613-6002-42fa-961e-8e275f575d71-2-5.jpg?fit=1360%2C931&ssl=1","width":1360,"height":931,"caption":"Luiz Ant\u00f4nio Pr\u00f3speri"},"logo":{"@id":"https:\/\/i0.wp.com\/blogdoprosperi.com\/wp-content\/uploads\/2026\/05\/cropped-8059e613-6002-42fa-961e-8e275f575d71-2-5.jpg?fit=1360%2C931&ssl=1"},"description":"Jornalista com carreira dedicada ao esporte. Cobriu 9 Copas do Mundo in loco, 1990 na It\u00e1lia, 1994 nos EUA, 1998 na Fran\u00e7a, 2002 na Coreia do Sul e Jap\u00e3o, 2006 na Alemanha, 2010 na \u00c1frica do Sul, 2014 no Brasil, 2018 na R\u00fassia e 2022 no Qatar. Eurocopas, 1992 na Su\u00e9cia e 1996 na Inglaterra. Copa das Confedera\u00e7\u00f5es de 2005 na Alemanha e 2009 na \u00c1frica do Sul. Rep\u00f3rter e Editor, trabalhou no Jornal da Tarde e Estad\u00e3o, de 1984 a fevereiro de 2016. Colunista, blogueiro. E comentarista de futebol na R\u00e1dio Estad\u00e3o, de 2013 a fevereiro de 2016. Jornalista respons\u00e1vel do \"Pr\u00f3speri News\" (blogdoprosperi.com).","sameAs":["http:\/\/blogdoprosperi.com","Luiz Pr\u00f3speri","@luiz_prosperi","https:\/\/x.com\/Luizprosperi","@prosperinacopa","luiz.prosperi@icloud.com"],"url":"https:\/\/blogdoprosperi.com\/?author=102107496"}]}},"jetpack_publicize_connections":[],"jetpack_likes_enabled":false,"jetpack_sharing_enabled":true,"jetpack_shortlink":"https:\/\/wp.me\/p7jvdk-9WS","jetpack-related-posts":[{"id":46777,"url":"https:\/\/blogdoprosperi.com\/?p=46777","url_meta":{"origin":38246,"position":0},"title":"Brasileir\u00e3o 2024 | Ta\u00e7a, Dramas, Rebaixamento e Despedidas na \u00daltima Rodada","author":"Luiz Ant\u00f4nio Pr\u00f3speri","date":"7 de dezembro de 2024","format":false,"excerpt":"Luiz Ant\u00f4nio Pr\u00f3speri \u2013 7 dezembro (11h05) \u2013 Brasileir\u00e3o 2024 chega \u00e0 \u00faltima rodada (38.\u00aa) com disputa de t\u00edtulo, pavor do rebaixamento, dramas, despedidas, derrota do futebol para a viol\u00eancia, sucessos e fracassos da SAF e graves problemas de gest\u00e3o da CBF. Muitas hist\u00f3rias ser\u00e3o contadas nesse domingo (08\/12) a\u2026","rel":"","context":"Em &quot;futebol&quot;","block_context":{"text":"futebol","link":"https:\/\/blogdoprosperi.com\/?cat=53870"},"img":{"alt_text":"","src":"https:\/\/i0.wp.com\/blogdoprosperi.com\/wp-content\/uploads\/2024\/12\/trofeu-brasileirao-trivela-scaled-1.jpg?fit=1200%2C675&ssl=1&resize=350%2C200","width":350,"height":200,"srcset":"https:\/\/i0.wp.com\/blogdoprosperi.com\/wp-content\/uploads\/2024\/12\/trofeu-brasileirao-trivela-scaled-1.jpg?fit=1200%2C675&ssl=1&resize=350%2C200 1x, https:\/\/i0.wp.com\/blogdoprosperi.com\/wp-content\/uploads\/2024\/12\/trofeu-brasileirao-trivela-scaled-1.jpg?fit=1200%2C675&ssl=1&resize=525%2C300 1.5x, https:\/\/i0.wp.com\/blogdoprosperi.com\/wp-content\/uploads\/2024\/12\/trofeu-brasileirao-trivela-scaled-1.jpg?fit=1200%2C675&ssl=1&resize=700%2C400 2x, https:\/\/i0.wp.com\/blogdoprosperi.com\/wp-content\/uploads\/2024\/12\/trofeu-brasileirao-trivela-scaled-1.jpg?fit=1200%2C675&ssl=1&resize=1050%2C600 3x"},"classes":[]},{"id":61468,"url":"https:\/\/blogdoprosperi.com\/?p=61468","url_meta":{"origin":38246,"position":1},"title":"Brasileir\u00e3o 2026 | Palmeiras dispara na lideran\u00e7a e a torcida grita &#8220;ladr\u00e3o&#8221;","author":"Luiz Ant\u00f4nio Pr\u00f3speri","date":"30 de julho de 2026","format":false,"excerpt":"Luiz Ant\u00f4nio Pr\u00f3speri \u2013 30 julho 2026 (11h13)\u00a0 \"Ladr\u00e3o, ladr\u00e3o, ladr\u00e3o\". \"Expulsa, expulsa, expulsa\". \"\u00c9 campe\u00e3o! \u00c9 campe\u00e3o!\". \u00a0Essas foram as manifesta\u00e7\u00f5es da torcida do Vit\u00f3ria ap\u00f3s as expuls\u00f5es de Cac\u00e1 e Luan C\u00e2ndido no primeiro tempo do jogo Vit\u00f3ria 0 x 4 Palmeiras, quarta-feira (29\/7), no est\u00e1dio Barrad\u00e3o, Salvador.\u2026","rel":"","context":"Em &quot;brasileir\u00e3o 2026&quot;","block_context":{"text":"brasileir\u00e3o 2026","link":"https:\/\/blogdoprosperi.com\/?cat=786956679"},"img":{"alt_text":"","src":"https:\/\/i0.wp.com\/blogdoprosperi.com\/wp-content\/uploads\/2026\/07\/Captura-de-Tela-2026-07-30-as-11.29.08.png?fit=1200%2C641&ssl=1&resize=350%2C200","width":350,"height":200,"srcset":"https:\/\/i0.wp.com\/blogdoprosperi.com\/wp-content\/uploads\/2026\/07\/Captura-de-Tela-2026-07-30-as-11.29.08.png?fit=1200%2C641&ssl=1&resize=350%2C200 1x, https:\/\/i0.wp.com\/blogdoprosperi.com\/wp-content\/uploads\/2026\/07\/Captura-de-Tela-2026-07-30-as-11.29.08.png?fit=1200%2C641&ssl=1&resize=525%2C300 1.5x, https:\/\/i0.wp.com\/blogdoprosperi.com\/wp-content\/uploads\/2026\/07\/Captura-de-Tela-2026-07-30-as-11.29.08.png?fit=1200%2C641&ssl=1&resize=700%2C400 2x, https:\/\/i0.wp.com\/blogdoprosperi.com\/wp-content\/uploads\/2026\/07\/Captura-de-Tela-2026-07-30-as-11.29.08.png?fit=1200%2C641&ssl=1&resize=1050%2C600 3x"},"classes":[]},{"id":7713,"url":"https:\/\/blogdoprosperi.com\/?p=7713","url_meta":{"origin":38246,"position":2},"title":"Em quatro rodadas, treinadores ainda n\u00e3o ca\u00edram neste Brasileir\u00e3o","author":"Luiz Ant\u00f4nio Pr\u00f3speri","date":"31 de maio de 2016","format":false,"excerpt":"Incr\u00edvel, chegamos na quinta rodada do Campeonato Brasileiro 2016 sem nenhuma demiss\u00e3o de treinadores. Quadro at\u00edpico se compararmos ao que aconteceu no Brasileir\u00e3o 2015. Naquela temporada, registramos mais de uma queda por rodada nas cinco primeiras. Fechamos na 38.\u00aa com 32 trocas de t\u00e9cnicos envolvendo 19 dos 20 clubes participantes\u2026","rel":"","context":"Em &quot;Campeonato Brasileiro&quot;","block_context":{"text":"Campeonato Brasileiro","link":"https:\/\/blogdoprosperi.com\/?cat=355071"},"img":{"alt_text":"","src":"https:\/\/i0.wp.com\/blogdoprosperi.com\/wp-content\/uploads\/2016\/05\/felipao-scolari-gremio-get.jpg?resize=350%2C200&ssl=1","width":350,"height":200,"srcset":"https:\/\/i0.wp.com\/blogdoprosperi.com\/wp-content\/uploads\/2016\/05\/felipao-scolari-gremio-get.jpg?resize=350%2C200&ssl=1 1x, https:\/\/i0.wp.com\/blogdoprosperi.com\/wp-content\/uploads\/2016\/05\/felipao-scolari-gremio-get.jpg?resize=525%2C300&ssl=1 1.5x, https:\/\/i0.wp.com\/blogdoprosperi.com\/wp-content\/uploads\/2016\/05\/felipao-scolari-gremio-get.jpg?resize=700%2C400&ssl=1 2x, https:\/\/i0.wp.com\/blogdoprosperi.com\/wp-content\/uploads\/2016\/05\/felipao-scolari-gremio-get.jpg?resize=1050%2C600&ssl=1 3x, https:\/\/i0.wp.com\/blogdoprosperi.com\/wp-content\/uploads\/2016\/05\/felipao-scolari-gremio-get.jpg?resize=1400%2C800&ssl=1 4x"},"classes":[]},{"id":37673,"url":"https:\/\/blogdoprosperi.com\/?p=37673","url_meta":{"origin":38246,"position":3},"title":"Brasileir\u00e3o \/ an\u00e1lise 2\u00aa rodada: S\u00e3o Paulo apresenta suas credenciais, Santos pede passagem e Flamengo afunda","author":"Luiz Ant\u00f4nio Pr\u00f3speri","date":"3 de maio de 2019","format":false,"excerpt":"S\u00e3o Paulo manda um recado aos concorrentes e vira destaque nesta segunda rodada do Brasileir\u00e3o 2019. A vit\u00f3ria por 2 a 1 diante do Goi\u00e1s no Serra Dourada, longe de ser uma maravilha, deu sinais de que o time pode se cacifar em busca de algo valioso no campeonato. Santos\u2026","rel":"","context":"Em &quot;futebol&quot;","block_context":{"text":"futebol","link":"https:\/\/blogdoprosperi.com\/?cat=53870"},"img":{"alt_text":"","src":"https:\/\/i0.wp.com\/blogdoprosperi.com\/wp-content\/uploads\/2019\/05\/5cca5dcc72dd1.jpeg?fit=1080%2C680&ssl=1&resize=350%2C200","width":350,"height":200,"srcset":"https:\/\/i0.wp.com\/blogdoprosperi.com\/wp-content\/uploads\/2019\/05\/5cca5dcc72dd1.jpeg?fit=1080%2C680&ssl=1&resize=350%2C200 1x, https:\/\/i0.wp.com\/blogdoprosperi.com\/wp-content\/uploads\/2019\/05\/5cca5dcc72dd1.jpeg?fit=1080%2C680&ssl=1&resize=525%2C300 1.5x, https:\/\/i0.wp.com\/blogdoprosperi.com\/wp-content\/uploads\/2019\/05\/5cca5dcc72dd1.jpeg?fit=1080%2C680&ssl=1&resize=700%2C400 2x, https:\/\/i0.wp.com\/blogdoprosperi.com\/wp-content\/uploads\/2019\/05\/5cca5dcc72dd1.jpeg?fit=1080%2C680&ssl=1&resize=1050%2C600 3x"},"classes":[]},{"id":61281,"url":"https:\/\/blogdoprosperi.com\/?p=61281","url_meta":{"origin":38246,"position":4},"title":"Falha de goleiro do Palmeiras reanima Brasileir\u00e3o 2026","author":"Luiz Ant\u00f4nio Pr\u00f3speri","date":"26 de julho de 2026","format":false,"excerpt":"Luiz Ant\u00f4nio Pr\u00f3speri \u2013 26 julho 2026 (23h11) Palmeiras tem seis pontos de vantagem do Flamengo na classifica\u00e7\u00e3o do Brasileir\u00e3o 2026. A diferen\u00e7a poderia ser dez pontos n\u00e3o fosse a falha bizarra do goleiro Carlos Miguel quando o jogo com o Atl\u00e9tico-MG amargava um empate sem gols no Nubank Parque,\u2026","rel":"","context":"Em &quot;brasileir\u00e3o 2026&quot;","block_context":{"text":"brasileir\u00e3o 2026","link":"https:\/\/blogdoprosperi.com\/?cat=786956679"},"img":{"alt_text":"","src":"https:\/\/i0.wp.com\/blogdoprosperi.com\/wp-content\/uploads\/2026\/07\/Captura-de-Tela-2026-07-26-as-23.08.24.png?fit=1126%2C1010&ssl=1&resize=350%2C200","width":350,"height":200,"srcset":"https:\/\/i0.wp.com\/blogdoprosperi.com\/wp-content\/uploads\/2026\/07\/Captura-de-Tela-2026-07-26-as-23.08.24.png?fit=1126%2C1010&ssl=1&resize=350%2C200 1x, https:\/\/i0.wp.com\/blogdoprosperi.com\/wp-content\/uploads\/2026\/07\/Captura-de-Tela-2026-07-26-as-23.08.24.png?fit=1126%2C1010&ssl=1&resize=525%2C300 1.5x, https:\/\/i0.wp.com\/blogdoprosperi.com\/wp-content\/uploads\/2026\/07\/Captura-de-Tela-2026-07-26-as-23.08.24.png?fit=1126%2C1010&ssl=1&resize=700%2C400 2x, https:\/\/i0.wp.com\/blogdoprosperi.com\/wp-content\/uploads\/2026\/07\/Captura-de-Tela-2026-07-26-as-23.08.24.png?fit=1126%2C1010&ssl=1&resize=1050%2C600 3x"},"classes":[]},{"id":26621,"url":"https:\/\/blogdoprosperi.com\/?p=26621","url_meta":{"origin":38246,"position":5},"title":"Flamengo sai da Sul-Americana e leva vantagem contra Palmeiras no Brasileir\u00e3o","author":"Luiz Ant\u00f4nio Pr\u00f3speri","date":"29 de setembro de 2016","format":false,"excerpt":"Flamengo eliminado em casa diante do modesto Palestino do Chile e Palmeiras com chance de avan\u00e7ar \u00e0 semifinal da Copa do Brasil contra Corinthians ou Cruzeiro. Quem leva vantagem entre os dois mais fortes concorrentes ao t\u00edtulo do Brasileir\u00e3o? Evidente que \u00e9 o Flamengo. O time carioca n\u00e3o ter\u00e1 de\u2026","rel":"","context":"Em &quot;Campeonato Brasileiro&quot;","block_context":{"text":"Campeonato Brasileiro","link":"https:\/\/blogdoprosperi.com\/?cat=355071"},"img":{"alt_text":"","src":"https:\/\/i0.wp.com\/blogdoprosperi.com\/wp-content\/uploads\/2016\/09\/29883808522_ccdcfe1cbd_o.jpg?resize=350%2C200&ssl=1","width":350,"height":200,"srcset":"https:\/\/i0.wp.com\/blogdoprosperi.com\/wp-content\/uploads\/2016\/09\/29883808522_ccdcfe1cbd_o.jpg?resize=350%2C200&ssl=1 1x, https:\/\/i0.wp.com\/blogdoprosperi.com\/wp-content\/uploads\/2016\/09\/29883808522_ccdcfe1cbd_o.jpg?resize=525%2C300&ssl=1 1.5x, https:\/\/i0.wp.com\/blogdoprosperi.com\/wp-content\/uploads\/2016\/09\/29883808522_ccdcfe1cbd_o.jpg?resize=700%2C400&ssl=1 2x"},"classes":[]}],"jetpack_featured_media_url":"https:\/\/i0.wp.com\/blogdoprosperi.com\/wp-content\/uploads\/2021\/02\/evhzhk2xcaev_sb.jpeg?fit=1200%2C800&ssl=1","_links":{"self":[{"href":"https:\/\/blogdoprosperi.com\/index.php?rest_route=\/wp\/v2\/posts\/38246","targetHints":{"allow":["GET"]}}],"collection":[{"href":"https:\/\/blogdoprosperi.com\/index.php?rest_route=\/wp\/v2\/posts"}],"about":[{"href":"https:\/\/blogdoprosperi.com\/index.php?rest_route=\/wp\/v2\/types\/post"}],"author":[{"embeddable":true,"href":"https:\/\/blogdoprosperi.com\/index.php?rest_route=\/wp\/v2\/users\/102107496"}],"replies":[{"embeddable":true,"href":"https:\/\/blogdoprosperi.com\/index.php?rest_route=%2Fwp%2Fv2%2Fcomments&post=38246"}],"version-history":[{"count":14,"href":"https:\/\/blogdoprosperi.com\/index.php?rest_route=\/wp\/v2\/posts\/38246\/revisions"}],"predecessor-version":[{"id":38269,"href":"https:\/\/blogdoprosperi.com\/index.php?rest_route=\/wp\/v2\/posts\/38246\/revisions\/38269"}],"wp:featuredmedia":[{"embeddable":true,"href":"https:\/\/blogdoprosperi.com\/index.php?rest_route=\/wp\/v2\/media\/38241"}],"wp:attachment":[{"href":"https:\/\/blogdoprosperi.com\/index.php?rest_route=%2Fwp%2Fv2%2Fmedia&parent=38246"}],"wp:term":[{"taxonomy":"category","embeddable":true,"href":"https:\/\/blogdoprosperi.com\/index.php?rest_route=%2Fwp%2Fv2%2Fcategories&post=38246"},{"taxonomy":"post_tag","embeddable":true,"href":"https:\/\/blogdoprosperi.com\/index.php?rest_route=%2Fwp%2Fv2%2Ftags&post=38246"}],"curies":[{"name":"wp","href":"https:\/\/api.w.org\/{rel}","templated":true}]}}